{"id":207580,"date":"2014-04-15T21:23:04","date_gmt":"2014-04-15T18:23:04","guid":{"rendered":"https:\/\/analyse.optim.biz\/?p=207580"},"modified":"2014-04-15T21:23:04","modified_gmt":"2014-04-15T18:23:04","slug":"traian-basescu-emil-boc-cel-mai-pregatit-sa-candideze-din-partea-dreptei-la-prezidentiale","status":"publish","type":"post","link":"https:\/\/analyse.optim.biz\/?p=207580","title":{"rendered":"Traian B\u0103sescu: Emil Boc, cel mai preg\u0103tit s\u0103 candideze din partea dreptei la preziden\u0163iale"},"content":{"rendered":"<div class=\"entry data-app-meta data-app-meta-article\" data-embed-base-url-canonical=\"https:\/\/www.digi24.ro\/embed\/stiri\/actualitate\/politica\/traian-basescu-emil-boc-cel-mai-pregatit-sa-candideze-din-partea-dreptei-la-prezidentiale-230085\">\n<p data-index=\"1\">\u201e<span>Cel mai preg\u0103tit s\u0103 fie pre\u0219edinte, \u00een mod categoric, este Emil Boc. Nu \u0219tiu dac\u0103 va vrea\u201d, a spus \u0219eful statului.<\/span><\/p>\n<p data-index=\"2\">\u201e<span>Un premier care a trecut cu o \u021bar\u0103 ca Rom\u00e2nia prin criz\u0103 acumuleaz\u0103 o experien\u021b\u0103 pe care nu mul\u021bi o acumuleaz\u0103\u201d, a apreciat Traian B\u0103sescu.\u00a0<\/span><\/p>\n<p data-index=\"3\">Pre\u0219edintele s-a referit \u0219i la al\u021bi politicieni care ar putea candida la preziden\u0163iale, preciz\u00e2nd c\u0103 nu l-a reevaluat pe fostul s\u0103u contracandidat, Mircea Geoan\u0103. <\/p>\n<p data-index=\"4\"><em><strong><span>\u00cen opinia lui Traian B\u0103sescu, Mircea Geoan\u0103 este \u00een continuare \u201eomul mogulilor\u201d, <\/span>dar m\u0103car prezint\u0103 credibilitate \u00een rela\u021bia cu partenerul strategic, SUA. \u201eEl are \u0219i acum mintea pe care a avut-o atunci, s-ar duce \u0219i acum la V\u00e2ntu, dar are totu\u0219i experien\u021b\u0103 diplomatic\u0103\u201d, a afirmat pre\u0219edintele.<\/strong><\/em><\/p>\n<p data-index=\"5\">Pe de alt\u0103 parte, <em><strong>Traian B\u0103sescu a spus despre Crin Antonescu c\u0103, pe vremea c\u00e2t a fost pre\u0219edinte interimar, a ar\u0103tat \u201eca o maimu\u021b\u0103 pe pupitrul de la Pre\u0219edin\u021bie\u201d<\/strong><\/em> \u0219i c\u0103 nu trebuie s\u0103 uite \u201ec\u0103 a participat la o lovitur\u0103 de stat\u201d.<\/p>\n<p data-index=\"6\">\u0218eful statului a precizat c\u0103, dup\u0103 ce \u00ee\u0219i va \u00eencheia mandatul de pre\u0219edinte, va r\u0103m\u00e2ne un politician activ \u0219i \u00ee\u0219i va pune la dispozi\u021bie experien\u021ba Partidului Mi\u0219carea Popular\u0103. \u00a0<\/p>\n<\/div>\n<p> Source URL: https:\/\/www.digi24.ro\/stiri\/actualitate\/politica\/traian-basescu-emil-boc-cel-mai-pregatit-sa-candideze-din-partea-dreptei-la-prezidentiale-230085<\/p>\n","protected":false},"excerpt":{"rendered":"<p>\u201eCel mai preg\u0103tit s\u0103 fie pre\u0219edinte, \u00een mod categoric, este Emil Boc. Nu \u0219tiu dac\u0103 va vrea\u201d, a spus \u0219eful statului. \u201eUn premier care a trecut cu o \u021bar\u0103 ca Rom\u00e2nia prin criz\u0103 acumuleaz\u0103 o experien\u021b\u0103 pe care nu mul\u021bi o acumuleaz\u0103\u201d, a apreciat Traian B\u0103sescu.\u00a0 Pre\u0219edintele s-a referit \u0219i la al\u021bi politicieni care ar [&hellip;]<\/p>\n","protected":false},"author":1,"featured_media":207581,"comment_status":"open","ping_status":"","sticky":false,"template":"","format":"standard","meta":{"footnotes":""},"categories":[2],"tags":[11],"class_list":["post-207580","post","type-post","status-publish","format-standard","has-post-thumbnail","hentry","category-politics","tag-digi24"],"_links":{"self":[{"href":"https:\/\/analyse.optim.biz\/index.php?rest_route=\/wp\/v2\/posts\/207580","targetHints":{"allow":["GET"]}}],"collection":[{"href":"https:\/\/analyse.optim.biz\/index.php?rest_route=\/wp\/v2\/posts"}],"about":[{"href":"https:\/\/analyse.optim.biz\/index.php?rest_route=\/wp\/v2\/types\/post"}],"author":[{"embeddable":true,"href":"https:\/\/analyse.optim.biz\/index.php?rest_route=\/wp\/v2\/users\/1"}],"replies":[{"embeddable":true,"href":"https:\/\/analyse.optim.biz\/index.php?rest_route=%2Fwp%2Fv2%2Fcomments&post=207580"}],"version-history":[{"count":0,"href":"https:\/\/analyse.optim.biz\/index.php?rest_route=\/wp\/v2\/posts\/207580\/revisions"}],"wp:featuredmedia":[{"embeddable":true,"href":"https:\/\/analyse.optim.biz\/index.php?rest_route=\/wp\/v2\/media\/207581"}],"wp:attachment":[{"href":"https:\/\/analyse.optim.biz\/index.php?rest_route=%2Fwp%2Fv2%2Fmedia&parent=207580"}],"wp:term":[{"taxonomy":"category","embeddable":true,"href":"https:\/\/analyse.optim.biz\/index.php?rest_route=%2Fwp%2Fv2%2Fcategories&post=207580"},{"taxonomy":"post_tag","embeddable":true,"href":"https:\/\/analyse.optim.biz\/index.php?rest_route=%2Fwp%2Fv2%2Ftags&post=207580"}],"curies":[{"name":"wp","href":"https:\/\/api.w.org\/{rel}","templated":true}]}}