{"id":207577,"date":"2014-04-15T22:19:19","date_gmt":"2014-04-15T19:19:19","guid":{"rendered":"https:\/\/analyse.optim.biz\/?p=207577"},"modified":"2014-04-15T22:19:19","modified_gmt":"2014-04-15T19:19:19","slug":"victor-ponta-pe-facebook-asta-e-basescu-un-presedinte-decazut-o-rusine-a-romaniei","status":"publish","type":"post","link":"https:\/\/analyse.optim.biz\/?p=207577","title":{"rendered":"Victor Ponta, pe Facebook: \u201e\u0102sta e B\u0103sescu. Un pre\u0219edinte dec\u0103zut, o ru\u0219ine a Rom\u00e2niei\u201d"},"content":{"rendered":"<div class=\"entry data-app-meta data-app-meta-article\" data-embed-base-url-canonical=\"https:\/\/www.digi24.ro\/embed\/stiri\/actualitate\/politica\/victor-ponta-pe-facebook-asta-e-basescu-un-presedinte-decazut-o-rusine-a-romaniei-230093\">\n<p data-index=\"1\"><img decoding=\"async\" src=\"https:\/\/analyse.optim.biz\/wp-content\/uploads\/2024\/09\/nzy3mja3nwqwnjbkytc1zjuyztizztu5ndhjzte2ng-thumb_.jpg\" data-skip-htmlfix=\"1\" title=\"nzy3mja3nwqwnjbkytc1zjuyztizztu5ndhjzte2ng-thumb_\"><\/p>\n<p data-index=\"2\">\u201e<span>Azi, cet\u0103\u0163enii Rom\u00e2niei au v\u0103zut din nou adev\u0103rat\u0103 fa\u0163\u0103 a lui Traian B\u0103sescu, tot ce a reprezentat el \u00een ace\u015fti 9 ani &#8211; ur\u0103, abuzuri, minciuni, amenin\u0163\u0103ri, lips\u0103 de scrupule!<em><strong> \u0102sta e B\u0103sescu! Un pre\u015fedinte dec\u0103zut, o ru\u015fine a Rom\u00e2niei<\/strong><\/em>\u201d, a spus Victor Ponta, pe Facebook.\u00a0<\/span>\u00a0<\/p>\n<div class=\"fb-post\">\n<div class=\"fb-xfbml-parse-ignore\"><a href=\"https:\/\/www.facebook.com\/photo.php?fbid=733498596690030&amp;set=a.156841647689064.26681.150967671609795&amp;type=1\" data-skip-linkfix=\"1\">Postare<\/a> de <a href=\"https:\/\/www.facebook.com\/victor.ponta\" data-skip-linkfix=\"1\">Victor Ponta<\/a>.<\/div>\n<\/div>\n<p data-index=\"4\">\u201e<span>Este total degradant ce a f\u0103cut B\u0103sescu azi. Nu e posibil s\u0103 se vorbeasc\u0103 a\u015fa de la acest nivel al Statului rom\u00e2n. <em><strong>Rom\u00e2nia \u015fi rom\u00e2nii merit\u0103 mult mai mult. Continu\u0103m lupta, cu \u015fi mai mult\u0103 hot\u0103r\u00e2re! AMR 35 de s\u0103pt\u0103m\u00e2ni!<\/strong><\/em>\u201d, a ad\u0103ugat premierul.<\/span><\/p>\n<p data-index=\"5\">Pre\u015fedintele Traian B\u0103sescu a declarat mar\u021bi, \u00eentr-o declara\u021bie de pres\u0103, c\u0103 este \u201enevoit s\u0103 se coboare \u00een mocirla \u00een care a cobor\u00e2t Victor Viorel Ponta\u201d \u0219i s\u0103 r\u0103spund\u0103 la acuza\u021biile \u0219i ac\u021biunile premierului. Pre\u0219edintele s-a referit la Gabriela Firea spun\u00e2nd c\u0103 este \u201eo \u0219antajist\u0103 de profesie\u201d, iar pe Victor Ponta l-a caracterizat drept <a href=\"https:\/\/www.digi24.ro\/Stiri\/Digi24\/Actualitate\/Politica\/Presedintele+Traian+Basescu+face+declaratii+la+ora+18+00\" target=\"_blank\" data-skip-linkfix=\"1\" rel=\"noopener\"><strong>un \u201eprocuror ratat\u201d.<\/strong><\/a><\/p>\n<\/div>\n<p> Source URL: https:\/\/www.digi24.ro\/stiri\/actualitate\/politica\/victor-ponta-pe-facebook-asta-e-basescu-un-presedinte-decazut-o-rusine-a-romaniei-230093<\/p>\n","protected":false},"excerpt":{"rendered":"<p>\u201eAzi, cet\u0103\u0163enii Rom\u00e2niei au v\u0103zut din nou adev\u0103rat\u0103 fa\u0163\u0103 a lui Traian B\u0103sescu, tot ce a reprezentat el \u00een ace\u015fti 9 ani &#8211; ur\u0103, abuzuri, minciuni, amenin\u0163\u0103ri, lips\u0103 de scrupule! \u0102sta e B\u0103sescu! Un pre\u015fedinte dec\u0103zut, o ru\u015fine a Rom\u00e2niei\u201d, a spus Victor Ponta, pe Facebook.\u00a0\u00a0 Postare de Victor Ponta. \u201eEste total degradant ce a [&hellip;]<\/p>\n","protected":false},"author":1,"featured_media":207578,"comment_status":"open","ping_status":"","sticky":false,"template":"","format":"standard","meta":{"footnotes":""},"categories":[2],"tags":[11],"class_list":["post-207577","post","type-post","status-publish","format-standard","has-post-thumbnail","hentry","category-politics","tag-digi24"],"_links":{"self":[{"href":"https:\/\/analyse.optim.biz\/index.php?rest_route=\/wp\/v2\/posts\/207577","targetHints":{"allow":["GET"]}}],"collection":[{"href":"https:\/\/analyse.optim.biz\/index.php?rest_route=\/wp\/v2\/posts"}],"about":[{"href":"https:\/\/analyse.optim.biz\/index.php?rest_route=\/wp\/v2\/types\/post"}],"author":[{"embeddable":true,"href":"https:\/\/analyse.optim.biz\/index.php?rest_route=\/wp\/v2\/users\/1"}],"replies":[{"embeddable":true,"href":"https:\/\/analyse.optim.biz\/index.php?rest_route=%2Fwp%2Fv2%2Fcomments&post=207577"}],"version-history":[{"count":0,"href":"https:\/\/analyse.optim.biz\/index.php?rest_route=\/wp\/v2\/posts\/207577\/revisions"}],"wp:featuredmedia":[{"embeddable":true,"href":"https:\/\/analyse.optim.biz\/index.php?rest_route=\/wp\/v2\/media\/207578"}],"wp:attachment":[{"href":"https:\/\/analyse.optim.biz\/index.php?rest_route=%2Fwp%2Fv2%2Fmedia&parent=207577"}],"wp:term":[{"taxonomy":"category","embeddable":true,"href":"https:\/\/analyse.optim.biz\/index.php?rest_route=%2Fwp%2Fv2%2Fcategories&post=207577"},{"taxonomy":"post_tag","embeddable":true,"href":"https:\/\/analyse.optim.biz\/index.php?rest_route=%2Fwp%2Fv2%2Ftags&post=207577"}],"curies":[{"name":"wp","href":"https:\/\/api.w.org\/{rel}","templated":true}]}}