{"id":2075651,"date":"2026-08-03T15:41:54","date_gmt":"2026-08-03T12:41:54","guid":{"rendered":"https:\/\/analyse.optim.biz\/?p=2075651"},"modified":"2026-08-03T15:41:54","modified_gmt":"2026-08-03T12:41:54","slug":"o-noua-expozitie-la-muzeul-apei-timisoara-semnata-de-costin-brateanu","status":"publish","type":"post","link":"https:\/\/analyse.optim.biz\/?p=2075651","title":{"rendered":"O nou\u0103 expozi\u021bie la Muzeul Apei Timi\u0219oara, semnat\u0103 de Costin Br\u0103teanu"},"content":{"rendered":"<p>[analyse_image type=&#8221;featured&#8221; src=&#8221;https:\/\/orasul-timisoara.ro\/wp-content\/uploads\/2026\/08\/Sub-semnul-curgerii_01.jpg&#8221;]<\/p>\n<article id=\"post-39997\" class=\"td-post-template-7 post-39997 post type-post status-publish format-standard has-post-thumbnail category-stiri-timisoara td-container-wrap\">\n<div class=\"td-full-screen-header-image-wrap\">\n<div class=\"td-container td-post-header\">\n<div class=\"td-crumb-container\">\n<div class=\"entry-crumbs\"><span><a title=\"Vede\u021bi toate articolele \u00een \u0218tiri Locale\" class=\"entry-crumb\" href=\"https:\/\/orasul-timisoara.ro\/local-category\/stiri-timisoara\/\">\u0218tiri Locale<\/a><\/span><span class=\"td-bred-no-url-last\">O nou\u0103 expozi\u021bie la Muzeul Apei Timi\u0219oara, semnat\u0103 de Costin Br\u0103teanu<\/span><\/div>\n<\/div>\n<div class=\"td-post-header-holder\">\n<div class=\"td-parallax-header\">\n<header class=\"td-post-title\">\n<ul class=\"td-category\">\n<li class=\"entry-category\"><a href=\"https:\/\/orasul-timisoara.ro\/local-category\/stiri-timisoara\/\">\u0218tiri Locale<\/a><\/li>\n<\/ul>\n<h1 class=\"entry-title\">O nou\u0103 expozi\u021bie la Muzeul Apei Timi\u0219oara, semnat\u0103 de Costin Br\u0103teanu<\/h1>\n<div class=\"td-module-meta-info\">\n<div class=\"td-post-author-name\">\n<div class=\"td-author-by\">De c\u0103tre<\/div>\n<p><a href=\"https:\/\/orasul-timisoara.ro\/author\/timisoara\/\">redactia<\/a><\/p>\n<div class=\"td-author-line\"> &#8211; <\/div>\n<\/div>\n<p><span class=\"td-post-date\"><time class=\"entry-date updated td-module-date\" datetime=\"2026-08-03T18:41:54+03:00\">03\/08\/2026<\/time><\/span><\/div>\n<\/header>\n<\/div>\n<\/div>\n<\/div>\n<div id=\"td-full-screen-header-image\" class=\"td-image-gradient-style7\"><img decoding=\"async\" class=\"td-backstretch\" src=\"https:\/\/orasul-timisoara.ro\/wp-content\/uploads\/2026\/08\/Sub-semnul-curgerii_01.jpg\"><\/div>\n<\/div>\n<div class=\"td-container\">\n<div class=\"td-pb-row\">\n<div class=\"td-pb-span8 td-main-content\" role=\"main\">\n<div class=\"td-ss-main-content\">\n<div class=\"td-post-sharing-top\">\n<div class=\"td-post-sharing-classic\"><iframe title=\"topFacebookLike\" frameborder src=\"https:\/\/www.facebook.com\/plugins\/like.php?href=https:\/\/orasul-timisoara.ro\/local-39997\/&amp;layout=button_count&amp;show_faces=false&amp;width=105&amp;action=like&amp;colorscheme=light&amp;height=21\"><\/iframe><\/div>\n<div id=\"td_social_sharing_article_top\" class=\"td-post-sharing td-ps-bg td-ps-notext td-post-sharing-style1 \">\n<div class=\"td-post-sharing-visible\"><a class=\"td-social-sharing-button td-social-sharing-button-js td-social-network td-social-facebook\" href=\"https:\/\/www.facebook.com\/sharer.php?u=https%3A%2F%2Forasul-timisoara.ro%2Flocal-39997%2F\" title=\"Facebook\"><\/p>\n<div class=\"td-social-but-text\">Facebook<\/div>\n<p><\/a><a class=\"td-social-sharing-button td-social-sharing-button-js td-social-network td-social-twitter\" href=\"https:\/\/twitter.com\/intent\/tweet?text=O+nou%C4%83+expozi%C8%9Bie+la+Muzeul+Apei+Timi%C8%99oara%2C+semnat%C4%83+de+Costin+Br%C4%83teanu&amp;url=https%3A%2F%2Forasul-timisoara.ro%2Flocal-39997%2F&amp;via=orasultm\" title=\"Twitter\"><\/p>\n<div class=\"td-social-but-text\">Twitter<\/div>\n<p><\/a><a class=\"td-social-sharing-button td-social-sharing-button-js td-social-network td-social-whatsapp\" href=\"https:\/\/api.whatsapp.com\/send?text=O+nou%C4%83+expozi%C8%9Bie+la+Muzeul+Apei+Timi%C8%99oara%2C+semnat%C4%83+de+Costin+Br%C4%83teanu%20%0A%0A%20https:\/\/orasul-timisoara.ro\/local-39997\/\" title=\"WhatsApp\"><\/p>\n<div class=\"td-social-but-text\">WhatsApp<\/div>\n<p><\/a><a class=\"td-social-sharing-button td-social-sharing-button-js td-social-network td-social-linkedin\" href=\"https:\/\/www.linkedin.com\/shareArticle?mini=true&amp;url=https:\/\/orasul-timisoara.ro\/local-39997\/&amp;title=O+nou%C4%83+expozi%C8%9Bie+la+Muzeul+Apei+Timi%C8%99oara%2C+semnat%C4%83+de+Costin+Br%C4%83teanu\" title=\"Linkedin\"><\/p>\n<div class=\"td-social-but-text\">Linkedin<\/div>\n<p><\/a><a class=\"td-social-sharing-button td-social-sharing-button-js td-social-network td-social-reddit\" href=\"https:\/\/reddit.com\/submit?url=https:\/\/orasul-timisoara.ro\/local-39997\/&amp;title=O+nou%C4%83+expozi%C8%9Bie+la+Muzeul+Apei+Timi%C8%99oara%2C+semnat%C4%83+de+Costin+Br%C4%83teanu\" title=\"ReddIt\"><\/p>\n<div class=\"td-social-but-text\">ReddIt<\/div>\n<p><\/a><a class=\"td-social-sharing-button td-social-sharing-button-js td-social-network td-social-mail\" href=\"mailto:?subject=O%20nou%C4%83%20expozi%C8%9Bie%20la%20Muzeul%20Apei%20Timi%C8%99oara,%20semnat%C4%83%20de%20Costin%20Br%C4%83teanu&amp;body=https:\/\/orasul-timisoara.ro\/local-39997\/\" title=\"Email\"><\/p>\n<div class=\"td-social-but-text\">Email<\/div>\n<p><\/a><a class=\"td-social-sharing-button td-social-sharing-button-js td-social-network td-social-print\" href=\"https:\/\/orasul-timisoara.ro\/local-39997\/\" title=\"Imprimare\"><\/p>\n<div class=\"td-social-but-text\">Imprimare<\/div>\n<p><\/a><\/div>\n<\/div>\n<\/div>\n<div class=\"td-post-content tagdiv-type\">\n<p class=\"wp-block-paragraph\">Muzeul Apei Timi\u0219oara g\u0103zduie\u0219te, \u00een perioada 4 august \u2013 12 septembrie 2026, expozi\u021bia \u201eSub semnul curgerii. \u00centre transparen\u021b\u0103 \u0219i permanen\u021b\u0103\u201d, semnat\u0103 de artistul vizual Costin Br\u0103teanu \u0219i curatoriat\u0103 de scriitorul Robert \u0218erban. Vernisajul va avea loc mar\u021bi, 4 august, de la ora 18:00, la sediul muzeului de pe Calea Urseni nr. 26, \u00een prezen\u021ba artistului \u0219i a curatorului.<\/p>\n<p class=\"wp-block-paragraph\">Realizat\u0103 cu sprijinul Funda\u021biei Aquatim, expozi\u021bia propune o incursiune \u00een universul artistic al lui Costin Br\u0103teanu, \u00een care apa devine element central al discursului vizual \u0219i simbol al timpului, transform\u0103rii, memoriei \u0219i continuit\u0103\u021bii.<\/p>\n<h2 class=\"wp-block-heading\">Apa, element central al expozi\u021biei<\/h2>\n<p class=\"wp-block-paragraph\">\u00cen numeroase lucr\u0103ri expuse, apa este prezent\u0103 ca materie, reflexie, simbol sau surs\u0103 de inspira\u021bie artistic\u0103. Conceptul expozi\u021biei exploreaz\u0103 rela\u021bia dintre efemer \u0219i durabil, dintre transparen\u021b\u0103 \u0219i permanen\u021b\u0103, invit\u00e2nd vizitatorii la o reflec\u021bie asupra transform\u0103rii \u0219i memoriei.<\/p>\n<p class=\"wp-block-paragraph\">Potrivit organizatorilor, curgerea este tratat\u0103 nu doar ca metafor\u0103, ci \u0219i ca principiu de construc\u021bie artistic\u0103, at\u00e2t la nivelul materiei \u0219i al imaginii, c\u00e2t \u0219i al sensurilor transmise de fiecare lucrare.<\/p>\n<h2 class=\"wp-block-heading\">Lucr\u0103ri inspirate din experien\u021be artistice interna\u021bionale<\/h2>\n<p class=\"wp-block-paragraph\">Expozi\u021bia reune\u0219te lucr\u0103ri realizate \u00een tehnic\u0103 mixt\u0103, create \u00een cadrul mai multor simpozioane interna\u021bionale de crea\u021bie desf\u0103\u0219urate \u00een Kusadasi, Vol\u010dji Grad, Beli Kamen, Kostolac, Isverna, Petrinzel, Banja Dvorovi, G\u00e2rnic \u0219i Colibi\u021ba.<\/p>\n<p class=\"wp-block-paragraph\">Aceste experien\u021be au contribuit la diversitatea tematic\u0103 \u0219i stilistic\u0103 a lucr\u0103rilor, fiecare dintre ele reflect\u00e2nd perspective diferite asupra naturii, memoriei \u0219i transform\u0103rii.<\/p>\n<h2 class=\"wp-block-heading\">Vernisaj \u00een prezen\u021ba artistului \u0219i a curatorului<\/h2>\n<p class=\"wp-block-paragraph\">Deschiderea oficial\u0103 a expozi\u021biei este programat\u0103 pentru mar\u021bi, 4 august, la ora 18:00, la Muzeul Apei Timi\u0219oara.<\/p>\n<p class=\"wp-block-paragraph\">Publicul va avea ocazia s\u0103 participe la vernisaj \u00een prezen\u021ba artistului Costin Br\u0103teanu \u0219i a curatorului Robert \u0218erban, care vor prezenta conceptul expozi\u021biei \u0219i parcursul artistic al lucr\u0103rilor expuse.<\/p>\n<h2 class=\"wp-block-heading\">Eveniment special programat \u00een 14 august<\/h2>\n<p class=\"wp-block-paragraph\">Pe l\u00e2ng\u0103 expozi\u021bie, organizatorii au preg\u0103tit \u0219i un eveniment dedicat publicului larg, programat \u00een data de 14 august.<\/p>\n<p class=\"wp-block-paragraph\">De la ora 17:00 va avea loc turul ghidat tematic \u201eMuzeul Apei: memorie \u0219i inspira\u021bie\u201d, sus\u021binut de Loredana Leordean, coordonator de programe educa\u021bionale \u00een cadrul Aquatim. O or\u0103 mai t\u00e2rziu, de la ora 18:00, artistul Costin Br\u0103teanu va coordona un atelier de crea\u021bie folosind pigmen\u021bi indieni solubili \u00een ap\u0103.<\/p>\n<h2 class=\"wp-block-heading\">Participarea este gratuit\u0103, pe baz\u0103 de \u00eenscriere<\/h2>\n<p class=\"wp-block-paragraph\">At\u00e2t turul ghidat, c\u00e2t \u0219i atelierul artistic sunt destinate publicului adult \u0219i se desf\u0103\u0219oar\u0103 cu participare gratuit\u0103.<\/p>\n<p class=\"wp-block-paragraph\">\u00censcrierile se fac telefonic, \u00eencep\u00e2nd cu data de 4 august, la num\u0103rul 0757 087 059, prin recep\u021bia Muzeului Apei. Organizatorii precizeaz\u0103 c\u0103 num\u0103rul de locuri este limitat, iar participarea se face \u00een ordinea \u00eenscrierilor.<\/p>\n<p class=\"wp-block-paragraph\">Expozi\u021bia \u201eSub semnul curgerii. \u00centre transparen\u021b\u0103 \u0219i permanen\u021b\u0103\u201d poate fi vizitat\u0103 p\u00e2n\u0103 \u00een 12 septembrie, \u00een programul obi\u0219nuit de func\u021bionare al Muzeului Apei Timi\u0219oara.<\/p>\n<\/div>\n<footer>\n<div class=\"td-post-sharing-bottom\">\n<div class=\"td-post-sharing-classic\"><iframe title=\"bottomFacebookLike\" frameborder src=\"https:\/\/www.facebook.com\/plugins\/like.php?href=https:\/\/orasul-timisoara.ro\/local-39997\/&amp;layout=button_count&amp;show_faces=false&amp;width=105&amp;action=like&amp;colorscheme=light&amp;height=21\"><\/iframe><\/div>\n<div id=\"td_social_sharing_article_bottom\" class=\"td-post-sharing td-ps-bg td-ps-notext td-post-sharing-style1 \">\n<div class=\"td-post-sharing-visible\"><a class=\"td-social-sharing-button td-social-sharing-button-js td-social-network td-social-facebook\" href=\"https:\/\/www.facebook.com\/sharer.php?u=https%3A%2F%2Forasul-timisoara.ro%2Flocal-39997%2F\" title=\"Facebook\"><\/p>\n<div class=\"td-social-but-text\">Facebook<\/div>\n<p><\/a><a class=\"td-social-sharing-button td-social-sharing-button-js td-social-network td-social-twitter\" href=\"https:\/\/twitter.com\/intent\/tweet?text=O+nou%C4%83+expozi%C8%9Bie+la+Muzeul+Apei+Timi%C8%99oara%2C+semnat%C4%83+de+Costin+Br%C4%83teanu&amp;url=https%3A%2F%2Forasul-timisoara.ro%2Flocal-39997%2F&amp;via=orasultm\" title=\"Twitter\"><\/p>\n<div class=\"td-social-but-text\">Twitter<\/div>\n<p><\/a><a class=\"td-social-sharing-button td-social-sharing-button-js td-social-network td-social-whatsapp\" href=\"https:\/\/api.whatsapp.com\/send?text=O+nou%C4%83+expozi%C8%9Bie+la+Muzeul+Apei+Timi%C8%99oara%2C+semnat%C4%83+de+Costin+Br%C4%83teanu%20%0A%0A%20https:\/\/orasul-timisoara.ro\/local-39997\/\" title=\"WhatsApp\"><\/p>\n<div class=\"td-social-but-text\">WhatsApp<\/div>\n<p><\/a><a class=\"td-social-sharing-button td-social-sharing-button-js td-social-network td-social-linkedin\" href=\"https:\/\/www.linkedin.com\/shareArticle?mini=true&amp;url=https:\/\/orasul-timisoara.ro\/local-39997\/&amp;title=O+nou%C4%83+expozi%C8%9Bie+la+Muzeul+Apei+Timi%C8%99oara%2C+semnat%C4%83+de+Costin+Br%C4%83teanu\" title=\"Linkedin\"><\/p>\n<div class=\"td-social-but-text\">Linkedin<\/div>\n<p><\/a><a class=\"td-social-sharing-button td-social-sharing-button-js td-social-network td-social-reddit\" href=\"https:\/\/reddit.com\/submit?url=https:\/\/orasul-timisoara.ro\/local-39997\/&amp;title=O+nou%C4%83+expozi%C8%9Bie+la+Muzeul+Apei+Timi%C8%99oara%2C+semnat%C4%83+de+Costin+Br%C4%83teanu\" title=\"ReddIt\"><\/p>\n<div class=\"td-social-but-text\">ReddIt<\/div>\n<p><\/a><a class=\"td-social-sharing-button td-social-sharing-button-js td-social-network td-social-mail\" href=\"mailto:?subject=O%20nou%C4%83%20expozi%C8%9Bie%20la%20Muzeul%20Apei%20Timi%C8%99oara,%20semnat%C4%83%20de%20Costin%20Br%C4%83teanu&amp;body=https:\/\/orasul-timisoara.ro\/local-39997\/\" title=\"Email\"><\/p>\n<div class=\"td-social-but-text\">Email<\/div>\n<p><\/a><a class=\"td-social-sharing-button td-social-sharing-button-js td-social-network td-social-print\" href=\"https:\/\/orasul-timisoara.ro\/local-39997\/\" title=\"Imprimare\"><\/p>\n<div class=\"td-social-but-text\">Imprimare<\/div>\n<p><\/a><\/div>\n<\/div>\n<\/div>\n<div class=\"td-block-row td-post-next-prev\">\n<div class=\"td-block-span6 td-post-prev-post\">\n<div class=\"td-post-next-prev-content\"><span>Articolul precedent<\/span><a href=\"https:\/\/orasul-timisoara.ro\/local-39995\/\">Cod ro\u0219u de canicul\u0103 \u00een Timi\u0219. Temperaturi de p\u00e2n\u0103 la 41 de grade \u0219i nop\u021bi tropicale<\/a><\/div>\n<\/div>\n<\/div>\n<div class=\"td-author-name vcard author\"><span class=\"fn\"><a href=\"https:\/\/orasul-timisoara.ro\/author\/timisoara\/\">redactia<\/a><\/span><\/div>\n<p><span class=\"td-page-meta\"><\/span><span class=\"td-page-meta\"><span class=\"td-page-meta\"><\/span><\/span><span class=\"td-page-meta\"><\/span><\/footer>\n<div class=\"comments\" id=\"comments\">\n<div id=\"respond\" class=\"comment-respond\">\n<h3 id=\"reply-title\" class=\"comment-reply-title\">L\u0102SA\u021aI UN MESAJ<\/h3>\n<div class=\"comment-form-input-wrap td-form-comment\">\n<div class=\"td-warning-comment\">V\u0103 rug\u0103m s\u0103 introduce\u021bi comentariul dvs.!<\/div>\n<\/div>\n<div class=\"comment-form-input-wrap td-form-author\">\n<div class=\"td-warning-author\">Introduce\u021bi aici numele dvs.<\/div>\n<\/div>\n<div class=\"comment-form-input-wrap td-form-email\">\n<div class=\"td-warning-email-error\">A\u021bi introdus o adres\u0103 de e-mail incorect\u0103!<\/div>\n<div class=\"td-warning-email\">V\u0103 rug\u0103m s\u0103 introduce\u021bi adresa dvs. de e-mail aici<\/div>\n<\/div>\n<\/div>\n<p class=\"akismet_comment_form_privacy_notice\">Acest site folose\u0219te Akismet pentru a reduce spamul. <a href=\"https:\/\/akismet.com\/privacy\/\" target=\"_blank\" rel=\"nofollow noopener\">Afl\u0103 cum sunt procesate datele comentariilor tale<\/a>.<\/p>\n<\/div>\n<\/div>\n<\/div>\n<div class=\"td-pb-span4 td-main-sidebar\" role=\"complementary\">\n<div class=\"td-ss-main-sidebar\">\n<aside id=\"block-4\" class=\"td_block_template_8 widget block-4 widget_block widget_media_image\">\n<figure class=\"wp-block-image size-full\"><img loading=\"lazy\" decoding=\"async\" width=\"336\" height=\"280\" src=\"https:\/\/orasul-timisoara.ro\/wp-content\/uploads\/2024\/11\/ReTIM-Abonamentul-Verde-Google-Ads-336x280px.gif\" alt class=\"wp-image-29257\"><\/figure>\n<\/aside>\n<div class=\"td_block_wrap td_block_social_counter td_block_widget tdi_3 td-social-style5 td-social-boxed td-pb-border-top td_block_template_8\">\n<div class=\"td-block-title-wrap\">\n<h4 class=\"td-block-title\"><span>Urm\u0103re\u0219te-ne pe Social Media<\/span><\/h4>\n<\/div>\n<div class=\"td-social-list\">\n<div class=\"td_social_type td-pb-margin-side td_social_facebook\">\n<div class=\"td-social-box\"><span class=\"td_social_info td_social_info_counter\">344,595<\/span><span class=\"td_social_info td_social_info_name\">Fani<\/span><span class=\"td_social_button\"><a href=\"https:\/\/www.facebook.com\/247timisoara\" target=\"_blank\" rel=\"nofollow\">\u00cemi place<\/a><\/span><\/div>\n<\/div>\n<div class=\"td_social_type td-pb-margin-side td_social_instagram\">\n<div class=\"td-social-box\"><span class=\"td_social_info td_social_info_counter\">4,416<\/span><span class=\"td_social_info td_social_info_name\">Cititori<\/span><span class=\"td_social_button\"><a href=\"https:\/\/instagram.com\/orasultimisoararo\/\" target=\"_blank\" rel=\"nofollow\">Conecta\u021bi-v\u0103<\/a><\/span><\/div>\n<\/div>\n<div class=\"td_social_type td-pb-margin-side td_social_rss\">\n<div class=\"td-social-box\"><span class=\"td_social_info td_social_info_counter\">12,506<\/span><span class=\"td_social_info td_social_info_name\">Cititori<\/span><span class=\"td_social_button\"><a href=\"https:\/\/orasul-timisoara.ro\/feed\/\" target=\"_blank\" rel=\"nofollow\">Conecta\u021bi-v\u0103<\/a><\/span><\/div>\n<\/div>\n<div class=\"td_social_type td-pb-margin-side td_social_tiktok\">\n<div class=\"td-social-box\"><span class=\"td_social_info td_social_info_counter\">1,500<\/span><span class=\"td_social_info td_social_info_name\">Cititori<\/span><span class=\"td_social_button\"><a href=\"https:\/\/www.tiktok.com\/@orasultimisoara\" target=\"_blank\" rel=\"nofollow\">Conecta\u021bi-v\u0103<\/a><\/span><\/div>\n<\/div>\n<div class=\"td_social_type td-pb-margin-side td_social_twitter\">\n<div class=\"td-social-box\"><span class=\"td_social_info td_social_info_counter\">1,595<\/span><span class=\"td_social_info td_social_info_name\">Cititori<\/span><span class=\"td_social_button\"><a href=\"https:\/\/twitter.com\/orasultm\" target=\"_blank\" rel=\"nofollow\">Conecta\u021bi-v\u0103<\/a><\/span><\/div>\n<\/div>\n<div class=\"td_social_type td-pb-margin-side td_social_youtube\">\n<div class=\"td-social-box\"><span class=\"td_social_info td_social_info_counter\">3,506<\/span><span class=\"td_social_info td_social_info_name\">Abona\u021bi<\/span><span class=\"td_social_button\"><a href=\"https:\/\/www.youtube.com\/channel\/UCQNsQvs2XCSIm1Z-AHRturw?sub_confirmation=1\" target=\"_blank\" rel=\"nofollow\">Abona\u021bi-v\u0103<\/a><\/span><\/div>\n<\/div>\n<\/div>\n<\/div>\n<aside id=\"text-7\" class=\"td_block_template_8 widget text-7 widget_text\">\n<h4 class=\"td-block-title\"><span>C\u0103ut\u0103ri populare pe OTM<\/span><\/h4>\n<div class=\"textwidget\"><a href=\"https:\/\/orasul-timisoara.ro\/?s=timisoara\"><span>Timisoara<\/span><\/a><a href=\"https:\/\/orasul-timisoara.ro\/?s=calin+dobra\"><span>Calin Dobra<\/span><\/a><a href=\"https:\/\/orasul-timisoara.ro\/?s=primaria+timisoara\"><span>Primaria Timisoara<\/span><\/a><a href=\"https:\/\/orasul-timisoara.ro\/?s=dominic+fritz\"><span>Dominic Fritz<\/span><\/a><a href=\"https:\/\/orasul-timisoara.ro\/?s=nicolae+robu\"><span>Nicolae Robu<\/span><\/a><a href=\"https:\/\/orasul-timisoara.ro\/?s=consiliul+local+timisoara\">Consiliul Local Timisoara<\/a><a href=\"https:\/\/orasul-timisoara.ro\/?s=consiliul+judetean+timis\"><span>Consiliul Judetean Timis<\/span><\/a><a href=\"https:\/\/orasul-timisoara.ro\/?s=cjt\"><span>CJT<\/span><\/a><a href=\"https:\/\/orasul-timisoara.ro\/?s=Alfred+Simonis\"><span>Alfred Simonis<\/span><\/a><a href=\"https:\/\/orasul-timisoara.ro\/?s=PNL\"><span>PNL<\/span><\/a><a href=\"https:\/\/orasul-timisoara.ro\/?s=coronavirus\"><span>coronavirus<\/span><\/a><a href=\"https:\/\/orasul-timisoara.ro\/?s=teatru+timisoara\">teatru Timisoara<\/a><a href=\"https:\/\/orasul-timisoara.ro\/?s=restaurante\"><span>restaurante Timisoara<\/span><\/a><a href=\"https:\/\/orasul-timisoara.ro\/?s=diskoteka\"><span>Diskoteka<\/span><\/a><a href=\"https:\/\/orasul-timisoara.ro\/?s=iulius+town\"><span>Iulius Town<\/span><\/a><a href=\"https:\/\/orasul-timisoara.ro\/?s=iulius+mall\"><span>Iulius Mall<\/span><\/a><a href=\"https:\/\/orasul-timisoara.ro\/?s=stpt\"><span>STPT<\/span><\/a><a href=\"https:\/\/orasul-timisoara.ro\/?s=alin+nica\"><span>Alin Nica<\/span><\/a><a href=\"https:\/\/orasul-timisoara.ro\/?s=psd\"><span>PSD<\/span><\/a><a href=\"https:\/\/orasul-timisoara.ro\/?s=aeroport\"><span>Aeroportul International Timisoara<\/span><\/a><a href=\"https:\/\/orasul-timisoara.ro\/?s=babes\"><span>Spitalul Victor Babes Timisoara<\/span><\/a><a href=\"https:\/\/orasul-timisoara.ro\/?s=poli\"><span>Poli Timi\u0219oara<\/span><\/a><a href=\"https:\/\/orasul-timisoara.ro\/?s=carantina\"><span>carantina<\/span><\/a><a href=\"https:\/\/orasul-timisoara.ro\/?s=aquatim\"><span>Aquatim<\/span><\/a><a href=\"https:\/\/orasul-timisoara.ro\/local-category\/stiri-timisoara\/\"><span>Stiri Timisoara<\/span><\/a><a href=\"https:\/\/orasul-timisoara.ro\/local-category\/investitii-in-timisoara\/\"><span>Investi\u021bii in Timi\u0219oara<\/span><\/a><a href=\"https:\/\/orasul-timisoara.ro\/local-9463\/\"><span>shaorma<\/span><\/a><a href=\"https:\/\/orasul-timisoara.ro\/?s=trafic\"><span>trafic rutier<\/span><\/a><a href=\"https:\/\/orasul-timisoara.ro\/?s=politia\"><span>politia locala timisoara<\/span><\/a><a href=\"https:\/\/orasul-timisoara.ro\/?s=roxana\"><span>Roxana Iliescu<\/span><\/a><a href=\"https:\/\/orasul-timisoara.ro\/?s=colterm\"><span>Colterm<\/span><\/a><a href=\"https:\/\/orasul-timisoara.ro\/?s=latcau\"><span>Ruben La\u021bc\u0103u<\/span><\/a><a href=\"https:\/\/orasul-timisoara.ro\/?s=timis\"><span>\u0218tiri din Timi\u0219<\/span><\/a><a href=\"https:\/\/orasul-timisoara.ro\/?s=spital\"><span>Spitale din Timi\u0219oara<\/span><\/a><a href=\"https:\/\/orasul-timisoara.ro\/?s=tabara\"><span>Cosmin Tab\u0103r\u0103<\/span><\/a><\/div>\n<\/aside>\n<aside id=\"rss-2\" class=\"td_block_template_8 widget rss-2 widget_rss\">\n<h4 class=\"td-block-title\"><span><a class=\"rsswidget rss-widget-feed\" href=\"https:\/\/fashionfridays.ro\/feed\"><img decoding=\"async\" class=\"rss-widget-icon\" width=\"14\" height=\"14\" src=\"https:\/\/orasul-timisoara.ro\/wp-includes\/images\/rss.png\" alt=\"RSS\" loading=\"lazy\"><\/a><a class=\"rsswidget rss-widget-title\" href=\"https:\/\/fashionfridays.ro\/\">Fashion Fridays<\/a><\/span><\/h4>\n<ul>\n<li><a class=\"rsswidget\" href=\"https:\/\/fashionfridays.ro\/romania-devine-a-29-a-piata-vogue-o-noua-era-pentru-industria-locala-de-moda\/\">Rom\u00e2nia devine a 29-a pia\u021b\u0103 Vogue: o nou\u0103 er\u0103 pentru industria local\u0103 de mod\u0103<\/a>\n<div class=\"rssSummary\">Revista Vogue \u00ee\u0219i extinde prezen\u021ba global\u0103 \u0219i va fi lansat\u0103 oficial \u00een Rom\u00e2nia \u00een prim\u0103vara anului 2027, marc\u00e2nd intrarea pe cea de-a 29-a pia\u021b\u0103 interna\u021bional\u0103. Proiectul este realizat \u00een parteneriat cu AEMME Publishing, o companie media recent \u00eenfiin\u021bat\u0103, care va publica edi\u021bia local\u0103 sub licen\u021b\u0103. Noua edi\u021bie, Vogue Rom\u00e2nia, \u00ee\u0219i propune s\u0103 combine autoritatea global\u0103 [\u2026]<\/div>\n<\/li>\n<\/ul>\n<\/aside>\n<aside id=\"rss-4\" class=\"td_block_template_8 widget rss-4 widget_rss\">\n<h4 class=\"td-block-title\"><span><a class=\"rsswidget rss-widget-feed\" href=\"https:\/\/emasini.ro\/feed\"><img decoding=\"async\" class=\"rss-widget-icon\" width=\"14\" height=\"14\" src=\"https:\/\/orasul-timisoara.ro\/wp-includes\/images\/rss.png\" alt=\"RSS\" loading=\"lazy\"><\/a><a class=\"rsswidget rss-widget-title\" href=\"https:\/\/emasini.ro\/\">eMasini<\/a><\/span><\/h4>\n<ul>\n<li><a class=\"rsswidget\" href=\"https:\/\/emasini.ro\/bmw-testeaza-noul-i4-convertible-primul-cabrio-electric-accesibil-al-marcii\/\">BMW testeaz\u0103 noul i4 Convertible, primul cabrio electric accesibil al m\u0103rcii<\/a>\n<div class=\"rssSummary\">BMW accelereaz\u0103 dezvoltarea noii genera\u021bii de modele electrice bazate pe platforma Neue Klasse, iar unul dintre cele mai interesante proiecte aflate \u00een teste este viitorul BMW i4 Convertible. Prototipul camuflat a fost surprins pe \u0219osele, confirm\u00e2nd c\u0103 produc\u0103torul german preg\u0103te\u0219te o decapotabil\u0103 electric\u0103 destinat\u0103 unui segment \u00een care oferta este, \u00een prezent, extrem de limitat\u0103. [\u2026]<\/div>\n<\/li>\n<\/ul>\n<\/aside>\n<\/div>\n<\/div>\n<\/div>\n<\/div>\n<\/article>\n<div class=\"td-post-content tagdiv-type\">\n<p class=\"wp-block-paragraph\">Muzeul Apei Timi\u0219oara g\u0103zduie\u0219te, \u00een perioada 4 august \u2013 12 septembrie 2026, expozi\u021bia \u201eSub semnul curgerii. \u00centre transparen\u021b\u0103 \u0219i permanen\u021b\u0103\u201d, semnat\u0103 de artistul vizual Costin Br\u0103teanu \u0219i curatoriat\u0103 de scriitorul Robert \u0218erban. Vernisajul va avea loc mar\u021bi, 4 august, de la ora 18:00, la sediul muzeului de pe Calea Urseni nr. 26, \u00een prezen\u021ba artistului \u0219i a curatorului.<\/p>\n<p class=\"wp-block-paragraph\">Realizat\u0103 cu sprijinul Funda\u021biei Aquatim, expozi\u021bia propune o incursiune \u00een universul artistic al lui Costin Br\u0103teanu, \u00een care apa devine element central al discursului vizual \u0219i simbol al timpului, transform\u0103rii, memoriei \u0219i continuit\u0103\u021bii.<\/p>\n<h2 class=\"wp-block-heading\">Apa, element central al expozi\u021biei<\/h2>\n<p class=\"wp-block-paragraph\">\u00cen numeroase lucr\u0103ri expuse, apa este prezent\u0103 ca materie, reflexie, simbol sau surs\u0103 de inspira\u021bie artistic\u0103. Conceptul expozi\u021biei exploreaz\u0103 rela\u021bia dintre efemer \u0219i durabil, dintre transparen\u021b\u0103 \u0219i permanen\u021b\u0103, invit\u00e2nd vizitatorii la o reflec\u021bie asupra transform\u0103rii \u0219i memoriei.<\/p>\n<p class=\"wp-block-paragraph\">Potrivit organizatorilor, curgerea este tratat\u0103 nu doar ca metafor\u0103, ci \u0219i ca principiu de construc\u021bie artistic\u0103, at\u00e2t la nivelul materiei \u0219i al imaginii, c\u00e2t \u0219i al sensurilor transmise de fiecare lucrare.<\/p>\n<h2 class=\"wp-block-heading\">Lucr\u0103ri inspirate din experien\u021be artistice interna\u021bionale<\/h2>\n<p class=\"wp-block-paragraph\">Expozi\u021bia reune\u0219te lucr\u0103ri realizate \u00een tehnic\u0103 mixt\u0103, create \u00een cadrul mai multor simpozioane interna\u021bionale de crea\u021bie desf\u0103\u0219urate \u00een Kusadasi, Vol\u010dji Grad, Beli Kamen, Kostolac, Isverna, Petrinzel, Banja Dvorovi, G\u00e2rnic \u0219i Colibi\u021ba.<\/p>\n<p class=\"wp-block-paragraph\">Aceste experien\u021be au contribuit la diversitatea tematic\u0103 \u0219i stilistic\u0103 a lucr\u0103rilor, fiecare dintre ele reflect\u00e2nd perspective diferite asupra naturii, memoriei \u0219i transform\u0103rii.<\/p>\n<h2 class=\"wp-block-heading\">Vernisaj \u00een prezen\u021ba artistului \u0219i a curatorului<\/h2>\n<p class=\"wp-block-paragraph\">Deschiderea oficial\u0103 a expozi\u021biei este programat\u0103 pentru mar\u021bi, 4 august, la ora 18:00, la Muzeul Apei Timi\u0219oara.<\/p>\n<p class=\"wp-block-paragraph\">Publicul va avea ocazia s\u0103 participe la vernisaj \u00een prezen\u021ba artistului Costin Br\u0103teanu \u0219i a curatorului Robert \u0218erban, care vor prezenta conceptul expozi\u021biei \u0219i parcursul artistic al lucr\u0103rilor expuse.<\/p>\n<h2 class=\"wp-block-heading\">Eveniment special programat \u00een 14 august<\/h2>\n<p class=\"wp-block-paragraph\">Pe l\u00e2ng\u0103 expozi\u021bie, organizatorii au preg\u0103tit \u0219i un eveniment dedicat publicului larg, programat \u00een data de 14 august.<\/p>\n<p class=\"wp-block-paragraph\">De la ora 17:00 va avea loc turul ghidat tematic \u201eMuzeul Apei: memorie \u0219i inspira\u021bie\u201d, sus\u021binut de Loredana Leordean, coordonator de programe educa\u021bionale \u00een cadrul Aquatim. O or\u0103 mai t\u00e2rziu, de la ora 18:00, artistul Costin Br\u0103teanu va coordona un atelier de crea\u021bie folosind pigmen\u021bi indieni solubili \u00een ap\u0103.<\/p>\n<h2 class=\"wp-block-heading\">Participarea este gratuit\u0103, pe baz\u0103 de \u00eenscriere<\/h2>\n<p class=\"wp-block-paragraph\">At\u00e2t turul ghidat, c\u00e2t \u0219i atelierul artistic sunt destinate publicului adult \u0219i se desf\u0103\u0219oar\u0103 cu participare gratuit\u0103.<\/p>\n<p class=\"wp-block-paragraph\">\u00censcrierile se fac telefonic, \u00eencep\u00e2nd cu data de 4 august, la num\u0103rul 0757 087 059, prin recep\u021bia Muzeului Apei. Organizatorii precizeaz\u0103 c\u0103 num\u0103rul de locuri este limitat, iar participarea se face \u00een ordinea \u00eenscrierilor.<\/p>\n<p class=\"wp-block-paragraph\">Expozi\u021bia \u201eSub semnul curgerii. \u00centre transparen\u021b\u0103 \u0219i permanen\u021b\u0103\u201d poate fi vizitat\u0103 p\u00e2n\u0103 \u00een 12 septembrie, \u00een programul obi\u0219nuit de func\u021bionare al Muzeului Apei Timi\u0219oara.<\/p>\n<\/div>\n<p>[analyse_source url=&#8221;https:\/\/orasul-timisoara.ro\/local-39997\/&#8221;]<\/p>\n","protected":false},"excerpt":{"rendered":"<p>[analyse_image type=&#8221;featured&#8221; src=&#8221;https:\/\/orasul-timisoara.ro\/wp-content\/uploads\/2026\/08\/Sub-semnul-curgerii_01.jpg&#8221;] \u0218tiri LocaleO nou\u0103 expozi\u021bie la Muzeul Apei Timi\u0219oara, semnat\u0103 de Costin Br\u0103teanu \u0218tiri Locale O nou\u0103 expozi\u021bie la Muzeul Apei Timi\u0219oara, semnat\u0103 de Costin Br\u0103teanu De c\u0103tre redactia &#8211; 03\/08\/2026 Facebook Twitter WhatsApp Linkedin ReddIt Email Imprimare Muzeul Apei Timi\u0219oara g\u0103zduie\u0219te, \u00een perioada 4 august \u2013 12 septembrie 2026, expozi\u021bia \u201eSub semnul [&hellip;]<\/p>\n","protected":false},"author":1,"featured_media":0,"comment_status":"open","ping_status":"","sticky":false,"template":"","format":"standard","meta":{"footnotes":""},"categories":[89],"tags":[226,189],"class_list":["post-2075651","post","type-post","status-publish","format-standard","hentry","category-romania","tag-crawlmanager","tag-orasul-timisoara-ro"],"_links":{"self":[{"href":"https:\/\/analyse.optim.biz\/index.php?rest_route=\/wp\/v2\/posts\/2075651","targetHints":{"allow":["GET"]}}],"collection":[{"href":"https:\/\/analyse.optim.biz\/index.php?rest_route=\/wp\/v2\/posts"}],"about":[{"href":"https:\/\/analyse.optim.biz\/index.php?rest_route=\/wp\/v2\/types\/post"}],"author":[{"embeddable":true,"href":"https:\/\/analyse.optim.biz\/index.php?rest_route=\/wp\/v2\/users\/1"}],"replies":[{"embeddable":true,"href":"https:\/\/analyse.optim.biz\/index.php?rest_route=%2Fwp%2Fv2%2Fcomments&post=2075651"}],"version-history":[{"count":0,"href":"https:\/\/analyse.optim.biz\/index.php?rest_route=\/wp\/v2\/posts\/2075651\/revisions"}],"wp:attachment":[{"href":"https:\/\/analyse.optim.biz\/index.php?rest_route=%2Fwp%2Fv2%2Fmedia&parent=2075651"}],"wp:term":[{"taxonomy":"category","embeddable":true,"href":"https:\/\/analyse.optim.biz\/index.php?rest_route=%2Fwp%2Fv2%2Fcategories&post=2075651"},{"taxonomy":"post_tag","embeddable":true,"href":"https:\/\/analyse.optim.biz\/index.php?rest_route=%2Fwp%2Fv2%2Ftags&post=2075651"}],"curies":[{"name":"wp","href":"https:\/\/api.w.org\/{rel}","templated":true}]}}