{"id":2075646,"date":"2026-08-03T14:39:09","date_gmt":"2026-08-03T11:39:09","guid":{"rendered":"https:\/\/analyse.optim.biz\/?p=2075646"},"modified":"2026-08-03T14:39:09","modified_gmt":"2026-08-03T11:39:09","slug":"alfred-simonis-anunta-amplasarea-de-tribune-mobile-pentru-stadionul-electrica-in-urma-cererii-mari-de","status":"publish","type":"post","link":"https:\/\/analyse.optim.biz\/?p=2075646","title":{"rendered":"Alfred Simonis anun\u021b\u0103 amplasarea de tribune mobile pentru Stadionul Electrica, \u00een urma cererii mari de"},"content":{"rendered":"<p>[analyse_image type=&#8221;featured&#8221; src=&#8221;https:\/\/orasul-timisoara.ro\/wp-content\/uploads\/2026\/08\/stadion-electrica.jpg&#8221;]<\/p>\n<article id=\"post-39985\" class=\"td-post-template-7 post-39985 post type-post status-publish format-standard has-post-thumbnail category-featured category-sport-local category-stiri-timisoara tag-alfred-simonis tag-chindia-targoviste tag-consiliul-judetean-timis-2 tag-fotbal tag-liga-a-ii-a tag-poli-timisoara-3 tag-politehnica-timisoara-2 tag-sport tag-stadion-dan-paltinisanu-2 tag-stadionul-electrica tag-suporteri-poli tag-timisoara-2 td-container-wrap\">\n<div class=\"td-full-screen-header-image-wrap\">\n<div class=\"td-container td-post-header\">\n<div class=\"td-crumb-container\">\n<div class=\"entry-crumbs\"><span><a title=\"Vede\u021bi toate articolele \u00een Sport Local\" class=\"entry-crumb\" href=\"https:\/\/orasul-timisoara.ro\/local-category\/sport-local\/\">Sport Local<\/a><\/span><span class=\"td-bred-no-url-last\">Alfred Simonis anun\u021b\u0103 amplasarea de tribune mobile pentru Stadionul Electrica, \u00een urma&#8230;<\/span><\/div>\n<\/div>\n<div class=\"td-post-header-holder\">\n<div class=\"td-parallax-header\">\n<header class=\"td-post-title\">\n<ul class=\"td-category\">\n<li class=\"entry-category\"><a href=\"https:\/\/orasul-timisoara.ro\/local-category\/sport-local\/\">Sport Local<\/a><\/li>\n<li class=\"entry-category\"><a href=\"https:\/\/orasul-timisoara.ro\/local-category\/stiri-timisoara\/\">\u0218tiri Locale<\/a><\/li>\n<\/ul>\n<h1 class=\"entry-title\">Alfred Simonis anun\u021b\u0103 amplasarea de tribune mobile pentru Stadionul Electrica, \u00een urma cererii mari de bilete la meciurile Politehnicii Timi\u0219oara \u00een liga secund\u0103 (video)<\/h1>\n<div class=\"td-module-meta-info\">\n<div class=\"td-post-author-name\">\n<div class=\"td-author-by\">De c\u0103tre<\/div>\n<p><a href=\"https:\/\/orasul-timisoara.ro\/author\/timisoara\/\">redactia<\/a><\/p>\n<div class=\"td-author-line\"> &#8211; <\/div>\n<\/div>\n<p><span class=\"td-post-date\"><time class=\"entry-date updated td-module-date\" datetime=\"2026-08-03T17:39:09+03:00\">03\/08\/2026<\/time><\/span><\/div>\n<\/header>\n<\/div>\n<\/div>\n<\/div>\n<div id=\"td-full-screen-header-image\" class=\"td-image-gradient-style7\"><img decoding=\"async\" class=\"td-backstretch\" src=\"https:\/\/orasul-timisoara.ro\/wp-content\/uploads\/2026\/08\/stadion-electrica.jpg\"><\/div>\n<\/div>\n<div class=\"td-container\">\n<div class=\"td-pb-row\">\n<div class=\"td-pb-span8 td-main-content\" role=\"main\">\n<div class=\"td-ss-main-content\">\n<div class=\"td-post-sharing-top\">\n<div class=\"td-post-sharing-classic\"><iframe title=\"topFacebookLike\" frameborder src=\"https:\/\/www.facebook.com\/plugins\/like.php?href=https:\/\/orasul-timisoara.ro\/local-39985\/&amp;layout=button_count&amp;show_faces=false&amp;width=105&amp;action=like&amp;colorscheme=light&amp;height=21\"><\/iframe><\/div>\n<div id=\"td_social_sharing_article_top\" class=\"td-post-sharing td-ps-bg td-ps-notext td-post-sharing-style1 \">\n<div class=\"td-post-sharing-visible\"><a class=\"td-social-sharing-button td-social-sharing-button-js td-social-network td-social-facebook\" href=\"https:\/\/www.facebook.com\/sharer.php?u=https%3A%2F%2Forasul-timisoara.ro%2Flocal-39985%2F\" title=\"Facebook\"><\/p>\n<div class=\"td-social-but-text\">Facebook<\/div>\n<p><\/a><a class=\"td-social-sharing-button td-social-sharing-button-js td-social-network td-social-twitter\" href=\"https:\/\/twitter.com\/intent\/tweet?text=Alfred+Simonis+anun%C8%9B%C4%83+amplasarea+de+tribune+mobile+pentru+Stadionul+Electrica%2C+%C3%AEn+urma+cererii+mari+de+bilete+la+meciurile+Politehnicii+Timi%C8%99oara+%C3%AEn+liga+secund%C4%83+%28video%29&amp;url=https%3A%2F%2Forasul-timisoara.ro%2Flocal-39985%2F&amp;via=orasultm\" title=\"Twitter\"><\/p>\n<div class=\"td-social-but-text\">Twitter<\/div>\n<p><\/a><a class=\"td-social-sharing-button td-social-sharing-button-js td-social-network td-social-whatsapp\" href=\"https:\/\/api.whatsapp.com\/send?text=Alfred+Simonis+anun%C8%9B%C4%83+amplasarea+de+tribune+mobile+pentru+Stadionul+Electrica%2C+%C3%AEn+urma+cererii+mari+de+bilete+la+meciurile+Politehnicii+Timi%C8%99oara+%C3%AEn+liga+secund%C4%83+%28video%29%20%0A%0A%20https:\/\/orasul-timisoara.ro\/local-39985\/\" title=\"WhatsApp\"><\/p>\n<div class=\"td-social-but-text\">WhatsApp<\/div>\n<p><\/a><a class=\"td-social-sharing-button td-social-sharing-button-js td-social-network td-social-linkedin\" href=\"https:\/\/www.linkedin.com\/shareArticle?mini=true&amp;url=https:\/\/orasul-timisoara.ro\/local-39985\/&amp;title=Alfred+Simonis+anun%C8%9B%C4%83+amplasarea+de+tribune+mobile+pentru+Stadionul+Electrica%2C+%C3%AEn+urma+cererii+mari+de+bilete+la+meciurile+Politehnicii+Timi%C8%99oara+%C3%AEn+liga+secund%C4%83+%28video%29\" title=\"Linkedin\"><\/p>\n<div class=\"td-social-but-text\">Linkedin<\/div>\n<p><\/a><a class=\"td-social-sharing-button td-social-sharing-button-js td-social-network td-social-reddit\" href=\"https:\/\/reddit.com\/submit?url=https:\/\/orasul-timisoara.ro\/local-39985\/&amp;title=Alfred+Simonis+anun%C8%9B%C4%83+amplasarea+de+tribune+mobile+pentru+Stadionul+Electrica%2C+%C3%AEn+urma+cererii+mari+de+bilete+la+meciurile+Politehnicii+Timi%C8%99oara+%C3%AEn+liga+secund%C4%83+%28video%29\" title=\"ReddIt\"><\/p>\n<div class=\"td-social-but-text\">ReddIt<\/div>\n<p><\/a><a class=\"td-social-sharing-button td-social-sharing-button-js td-social-network td-social-mail\" href=\"mailto:?subject=Alfred%20Simonis%20anun%C8%9B%C4%83%20amplasarea%20de%20tribune%20mobile%20pentru%20Stadionul%20Electrica,%20%C3%AEn%20urma%20cererii%20mari%20de%20bilete%20la%20meciurile%20Politehnicii%20Timi%C8%99oara%20%C3%AEn%20liga%20secund%C4%83%20(video)&amp;body=https:\/\/orasul-timisoara.ro\/local-39985\/\" title=\"Email\"><\/p>\n<div class=\"td-social-but-text\">Email<\/div>\n<p><\/a><a class=\"td-social-sharing-button td-social-sharing-button-js td-social-network td-social-print\" href=\"https:\/\/orasul-timisoara.ro\/local-39985\/\" title=\"Imprimare\"><\/p>\n<div class=\"td-social-but-text\">Imprimare<\/div>\n<p><\/a><\/div>\n<\/div>\n<\/div>\n<div class=\"td-post-content tagdiv-type\">\n<p class=\"wp-block-paragraph\">Capacitatea Stadionului Electrica din Timi\u0219oara va fi m\u0103rit\u0103 cu \u00eenc\u0103 600 de locuri \u00eenaintea debutului noului sezon al Ligii a II-a, dup\u0103 ce interesul suporterilor pentru meciurile Politehnicii Timi\u0219oara a dep\u0103\u0219it a\u0219tept\u0103rile. Anun\u021bul a fost f\u0103cut de pre\u0219edintele Consiliului Jude\u021bean Timi\u0219, Alfred Simonis, care a precizat c\u0103 au fost achizi\u021bionate trei tribune mobile pentru a r\u0103spunde cererii ridicate de bilete.<\/p>\n<p class=\"wp-block-paragraph\">Decizia vine \u00een contextul \u00een care abonamentele pentru \u00eentregul sezon \u0219i biletele pentru primul meci oficial, \u00eempotriva forma\u021biei Chindia T\u00e2rgovi\u0219te, s-au epuizat \u00eentr-un timp foarte scurt, pe fondul entuziasmului creat dup\u0103 promovarea echipei \u00een Liga a II-a.<\/p>\n<h2 class=\"wp-block-heading\">Interes tot mai mare pentru Politehnica Timi\u0219oara<\/h2>\n<p class=\"wp-block-paragraph\">Potrivit lui Alfred Simonis, revenirea Politehnicii Timi\u0219oara \u00een Liga a II-a a readus un interes puternic \u00een jurul echipei. Campania de transferuri, rezultatele ob\u021binute \u00een meciurile de preg\u0103tire \u0219i atmosfera din jurul clubului au contribuit la apropierea suporterilor de forma\u021bia alb-violet\u0103.<\/p>\n<p class=\"wp-block-paragraph\">Cererea mare pentru abonamente \u0219i bilete la primul joc oficial al sezonului a determinat autorit\u0103\u021bile s\u0103 caute rapid o solu\u021bie pentru suplimentarea num\u0103rului de locuri disponibile pe Stadionul Electrica.<\/p>\n<h2 class=\"wp-block-heading\">Trei tribune mobile vor suplimenta capacitatea stadionului<\/h2>\n<p class=\"wp-block-paragraph\">Pentru a permite accesul unui num\u0103r mai mare de suporteri, Consiliul Jude\u021bean Timi\u0219 a achizi\u021bionat trei tribune mobile care vor ad\u0103uga aproximativ 600 de locuri pe arena Electrica.<\/p>\n<figure class=\"wp-block-embed is-type-video is-provider-youtube wp-block-embed-youtube wp-embed-aspect-16-9 wp-has-aspect-ratio\">\n<div class=\"wp-block-embed__wrapper\">\n<div class=\"youtube-embed\" data-video_id=\"0-FLB1TVbRQ\"><iframe loading=\"lazy\" title=\"Se monteaz\u0103 noile tribune mobile pe Stadionul Electrica din Timi\u0219oara | +600 de locuri pentru Poli\" width=\"696\" height=\"392\" src=\"https:\/\/www.youtube.com\/embed\/0-FLB1TVbRQ?feature=oembed&amp;enablejsapi=1\" frameborder allow=\"accelerometer; autoplay; clipboard-write; encrypted-media; gyroscope; picture-in-picture; web-share\" referrerpolicy=\"strict-origin-when-cross-origin\" allowfullscreen><\/iframe><\/div>\n<\/div>\n<\/figure>\n<p class=\"wp-block-paragraph\">Noile structuri modulare vor fi montate astfel \u00eenc\u00e2t stadionul s\u0103 poat\u0103 primi mai mul\u021bi spectatori la partidele disputate de Politehnica Timi\u0219oara \u00een noul sezon competi\u021bional.<\/p>\n<h2 class=\"wp-block-heading\">O solu\u021bie temporar\u0103 p\u00e2n\u0103 la finalizarea noului stadion<\/h2>\n<p class=\"wp-block-paragraph\">Pre\u0219edintele Consiliului Jude\u021bean Timi\u0219 a recunoscut c\u0103 suplimentarea capacit\u0103\u021bii prin tribune mobile nu reprezint\u0103 solu\u021bia ideal\u0103, \u00eens\u0103 este cea mai rapid\u0103 variant\u0103 care putea fi pus\u0103 \u00een aplicare \u00eenaintea \u00eenceperii campionatului.<\/p>\n<p class=\"wp-block-paragraph\">Potrivit acestuia, m\u0103sura va fi valabil\u0103 p\u00e2n\u0103 la finalizarea noului stadion de dimensiuni mai mici aflat \u00een construc\u021bie \u00een Timi\u0219oara, unde echipa \u00ee\u0219i va putea disputa meciurile \u00een condi\u021bii mai bune.<\/p>\n<h2 class=\"wp-block-heading\">Obiectivul r\u0103m\u00e2ne revenirea pe stadionul Dan P\u0103ltini\u0219anu<\/h2>\n<p class=\"wp-block-paragraph\">Alfred Simonis a transmis c\u0103 solu\u021bia actual\u0103 este una provizorie, obiectivul fiind ca, dup\u0103 finalizarea viitorului stadion, echipa s\u0103 se mute ulterior pe noua aren\u0103 \u201eDan P\u0103ltini\u0219anu\u201d, aflat\u0103 \u00een proiect.<\/p>\n<p class=\"wp-block-paragraph\">\u00cen mesajul publicat pe Facebook, pre\u0219edintele Consiliului Jude\u021bean \u0219i-a exprimat \u00eencrederea \u00een viitorul clubului \u0219i a \u00eencheiat cu mesajul \u201eFie s\u0103 renasc\u0103!\u201d, subliniind dorin\u021ba ca Politehnica Timi\u0219oara s\u0103 revin\u0103 \u00een prim-planul fotbalului rom\u00e2nesc.<\/p>\n<h2 class=\"wp-block-heading\">Debutul \u00een Liga a II-a se anun\u021b\u0103 cu stadionul aproape de capacitate maxim\u0103<\/h2>\n<p class=\"wp-block-paragraph\">Interesul ridicat pentru primul meci al sezonului confirm\u0103 entuziasmul creat \u00een jurul Politehnicii Timi\u0219oara dup\u0103 promovare. Suplimentarea cu 600 de locuri ofer\u0103 posibilitatea ca mai mul\u021bi suporteri s\u0103 fie prezen\u021bi \u00een tribune la partidele echipei, \u00een a\u0219teptarea unor solu\u021bii permanente privind infrastructura sportiv\u0103 din municipiu.<\/p>\n<\/div>\n<footer>\n<div class=\"td-post-source-tags\">\n<ul class=\"td-tags td-post-small-box clearfix\">\n<li><span>ETICHETE<\/span><\/li>\n<li><a href=\"https:\/\/orasul-timisoara.ro\/local-tag\/alfred-simonis\/\">alfred simonis<\/a><\/li>\n<li><a href=\"https:\/\/orasul-timisoara.ro\/local-tag\/chindia-targoviste\/\">Chindia T\u00e2rgovi\u0219te<\/a><\/li>\n<li><a href=\"https:\/\/orasul-timisoara.ro\/local-tag\/consiliul-judetean-timis-2\/\">Consiliul Jude\u021bean Timi\u0219<\/a><\/li>\n<li><a href=\"https:\/\/orasul-timisoara.ro\/local-tag\/fotbal\/\">fotbal<\/a><\/li>\n<li><a href=\"https:\/\/orasul-timisoara.ro\/local-tag\/liga-a-ii-a\/\">Liga a II-a<\/a><\/li>\n<li><a href=\"https:\/\/orasul-timisoara.ro\/local-tag\/poli-timisoara-3\/\">Poli Timi\u0219oara<\/a><\/li>\n<li><a href=\"https:\/\/orasul-timisoara.ro\/local-tag\/politehnica-timisoara-2\/\">Politehnica Timi\u0219oara<\/a><\/li>\n<li><a href=\"https:\/\/orasul-timisoara.ro\/local-tag\/sport\/\">sport<\/a><\/li>\n<li><a href=\"https:\/\/orasul-timisoara.ro\/local-tag\/stadion-dan-paltinisanu-2\/\">Stadion Dan P\u0103ltini\u0219anu<\/a><\/li>\n<li><a href=\"https:\/\/orasul-timisoara.ro\/local-tag\/stadionul-electrica\/\">Stadionul Electrica<\/a><\/li>\n<li><a href=\"https:\/\/orasul-timisoara.ro\/local-tag\/suporteri-poli\/\">suporteri Poli<\/a><\/li>\n<li><a href=\"https:\/\/orasul-timisoara.ro\/local-tag\/timisoara-2\/\">timi\u0219oara<\/a><\/li>\n<\/ul>\n<\/div>\n<div class=\"td-post-sharing-bottom\">\n<div class=\"td-post-sharing-classic\"><iframe title=\"bottomFacebookLike\" frameborder src=\"https:\/\/www.facebook.com\/plugins\/like.php?href=https:\/\/orasul-timisoara.ro\/local-39985\/&amp;layout=button_count&amp;show_faces=false&amp;width=105&amp;action=like&amp;colorscheme=light&amp;height=21\"><\/iframe><\/div>\n<div id=\"td_social_sharing_article_bottom\" class=\"td-post-sharing td-ps-bg td-ps-notext td-post-sharing-style1 \">\n<div class=\"td-post-sharing-visible\"><a class=\"td-social-sharing-button td-social-sharing-button-js td-social-network td-social-facebook\" href=\"https:\/\/www.facebook.com\/sharer.php?u=https%3A%2F%2Forasul-timisoara.ro%2Flocal-39985%2F\" title=\"Facebook\"><\/p>\n<div class=\"td-social-but-text\">Facebook<\/div>\n<p><\/a><a class=\"td-social-sharing-button td-social-sharing-button-js td-social-network td-social-twitter\" href=\"https:\/\/twitter.com\/intent\/tweet?text=Alfred+Simonis+anun%C8%9B%C4%83+amplasarea+de+tribune+mobile+pentru+Stadionul+Electrica%2C+%C3%AEn+urma+cererii+mari+de+bilete+la+meciurile+Politehnicii+Timi%C8%99oara+%C3%AEn+liga+secund%C4%83+%28video%29&amp;url=https%3A%2F%2Forasul-timisoara.ro%2Flocal-39985%2F&amp;via=orasultm\" title=\"Twitter\"><\/p>\n<div class=\"td-social-but-text\">Twitter<\/div>\n<p><\/a><a class=\"td-social-sharing-button td-social-sharing-button-js td-social-network td-social-whatsapp\" href=\"https:\/\/api.whatsapp.com\/send?text=Alfred+Simonis+anun%C8%9B%C4%83+amplasarea+de+tribune+mobile+pentru+Stadionul+Electrica%2C+%C3%AEn+urma+cererii+mari+de+bilete+la+meciurile+Politehnicii+Timi%C8%99oara+%C3%AEn+liga+secund%C4%83+%28video%29%20%0A%0A%20https:\/\/orasul-timisoara.ro\/local-39985\/\" title=\"WhatsApp\"><\/p>\n<div class=\"td-social-but-text\">WhatsApp<\/div>\n<p><\/a><a class=\"td-social-sharing-button td-social-sharing-button-js td-social-network td-social-linkedin\" href=\"https:\/\/www.linkedin.com\/shareArticle?mini=true&amp;url=https:\/\/orasul-timisoara.ro\/local-39985\/&amp;title=Alfred+Simonis+anun%C8%9B%C4%83+amplasarea+de+tribune+mobile+pentru+Stadionul+Electrica%2C+%C3%AEn+urma+cererii+mari+de+bilete+la+meciurile+Politehnicii+Timi%C8%99oara+%C3%AEn+liga+secund%C4%83+%28video%29\" title=\"Linkedin\"><\/p>\n<div class=\"td-social-but-text\">Linkedin<\/div>\n<p><\/a><a class=\"td-social-sharing-button td-social-sharing-button-js td-social-network td-social-reddit\" href=\"https:\/\/reddit.com\/submit?url=https:\/\/orasul-timisoara.ro\/local-39985\/&amp;title=Alfred+Simonis+anun%C8%9B%C4%83+amplasarea+de+tribune+mobile+pentru+Stadionul+Electrica%2C+%C3%AEn+urma+cererii+mari+de+bilete+la+meciurile+Politehnicii+Timi%C8%99oara+%C3%AEn+liga+secund%C4%83+%28video%29\" title=\"ReddIt\"><\/p>\n<div class=\"td-social-but-text\">ReddIt<\/div>\n<p><\/a><a class=\"td-social-sharing-button td-social-sharing-button-js td-social-network td-social-mail\" href=\"mailto:?subject=Alfred%20Simonis%20anun%C8%9B%C4%83%20amplasarea%20de%20tribune%20mobile%20pentru%20Stadionul%20Electrica,%20%C3%AEn%20urma%20cererii%20mari%20de%20bilete%20la%20meciurile%20Politehnicii%20Timi%C8%99oara%20%C3%AEn%20liga%20secund%C4%83%20(video)&amp;body=https:\/\/orasul-timisoara.ro\/local-39985\/\" title=\"Email\"><\/p>\n<div class=\"td-social-but-text\">Email<\/div>\n<p><\/a><a class=\"td-social-sharing-button td-social-sharing-button-js td-social-network td-social-print\" href=\"https:\/\/orasul-timisoara.ro\/local-39985\/\" title=\"Imprimare\"><\/p>\n<div class=\"td-social-but-text\">Imprimare<\/div>\n<p><\/a><\/div>\n<\/div>\n<\/div>\n<div class=\"td-block-row td-post-next-prev\">\n<div class=\"td-block-span6 td-post-prev-post\">\n<div class=\"td-post-next-prev-content\"><span>Articolul precedent<\/span><a href=\"https:\/\/orasul-timisoara.ro\/local-39983\/\">Aquatim anun\u021b\u0103 lucr\u0103ri la re\u021beaua de ap\u0103 din M\u0103guri \u00eentre 4 \u0219i 7 august<\/a><\/div>\n<\/div>\n<div class=\"td-block-span6 td-post-next-post\">\n<div class=\"td-post-next-prev-content\"><span>Articolul urm\u0103tor<\/span><a href=\"https:\/\/orasul-timisoara.ro\/local-39989\/\">Lucr\u0103ri la Uzina de Tratare a Apei nr. 3 din Lugoj. Furnizarea apei poate fi afectat\u0103<\/a><\/div>\n<\/div>\n<\/div>\n<div class=\"td-author-name vcard author\"><span class=\"fn\"><a href=\"https:\/\/orasul-timisoara.ro\/author\/timisoara\/\">redactia<\/a><\/span><\/div>\n<p><span class=\"td-page-meta\"><\/span><span class=\"td-page-meta\"><span class=\"td-page-meta\"><\/span><\/span><span class=\"td-page-meta\"><\/span><\/footer>\n<div class=\"td_block_wrap td_block_related_posts tdi_3 td_with_ajax_pagination td-pb-border-top td_block_template_8\" data-td-block-uid=\"tdi_3\">\n<h4 class=\"td-related-title td-block-title\"><a id=\"tdi_4\" class=\"td-related-left td-cur-simple-item\" data-td_filter_value data-td_block_id=\"tdi_3\" href=\"https:\/\/orasul-timisoara.ro\/local-39985\/\">ARTICOLE SIMILARE<\/a><a id=\"tdi_5\" class=\"td-related-right\" data-td_filter_value=\"td_related_more_from_author\" data-td_block_id=\"tdi_3\" href=\"https:\/\/orasul-timisoara.ro\/local-39985\/\">DE LA ACELA\u0218I AUTOR<\/a><\/h4>\n<div id=\"tdi_3\" class=\"td_block_inner\">\n<div class=\"td-related-row\">\n<div class=\"td-related-span4\">\n<div class=\"td_module_related_posts td-animation-stack td_mod_related_posts\">\n<div class=\"td-module-image\">\n<div class=\"td-module-thumb\"><a href=\"https:\/\/orasul-timisoara.ro\/local-39891\/\" rel=\"bookmark\" class=\"td-image-wrap \" title=\"CSC Ghiroda \u00eencepe sezonul oficial cu un duel la Caransebe\u0219 \u00een Cupa Rom\u00e2niei\"><img loading=\"lazy\" decoding=\"async\" class=\"entry-thumb\" src=\"https:\/\/orasul-timisoara.ro\/wp-content\/uploads\/2026\/07\/meci-436x300.jpg\" alt title=\"CSC Ghiroda \u00eencepe sezonul oficial cu un duel la Caransebe\u0219 \u00een Cupa Rom\u00e2niei\" width=\"218\" height=\"150\"><\/a><\/div>\n<\/div>\n<div class=\"item-details\">\n<h3 class=\"entry-title td-module-title\"><a href=\"https:\/\/orasul-timisoara.ro\/local-39891\/\" rel=\"bookmark\" title=\"CSC Ghiroda \u00eencepe sezonul oficial cu un duel la Caransebe\u0219 \u00een Cupa Rom\u00e2niei\">CSC Ghiroda \u00eencepe sezonul oficial cu un duel la Caransebe\u0219 \u00een Cupa Rom\u00e2niei<\/a><\/h3>\n<\/div>\n<\/div>\n<\/div>\n<div class=\"td-related-span4\">\n<div class=\"td_module_related_posts td-animation-stack td_mod_related_posts\">\n<div class=\"td-module-image\">\n<div class=\"td-module-thumb\"><a href=\"https:\/\/orasul-timisoara.ro\/local-39888\/\" rel=\"bookmark\" class=\"td-image-wrap \" title=\"Contract de peste 23 milioane de lei pentru modernizarea drumului Mo\u0219ni\u021ba Veche \u2013 Ghiroda\"><img loading=\"lazy\" decoding=\"async\" class=\"entry-thumb\" src=\"https:\/\/orasul-timisoara.ro\/wp-content\/uploads\/2026\/07\/mosnita-veche-ghiroda-436x300.jpg\" alt title=\"Contract de peste 23 milioane de lei pentru modernizarea drumului Mo\u0219ni\u021ba Veche \u2013 Ghiroda\" width=\"218\" height=\"150\"><\/a><\/div>\n<\/div>\n<div class=\"item-details\">\n<h3 class=\"entry-title td-module-title\"><a href=\"https:\/\/orasul-timisoara.ro\/local-39888\/\" rel=\"bookmark\" title=\"Contract de peste 23 milioane de lei pentru modernizarea drumului Mo\u0219ni\u021ba Veche \u2013 Ghiroda\">Contract de peste 23 milioane de lei pentru modernizarea drumului Mo\u0219ni\u021ba Veche \u2013 Ghiroda<\/a><\/h3>\n<\/div>\n<\/div>\n<\/div>\n<div class=\"td-related-span4\">\n<div class=\"td_module_related_posts td-animation-stack td_mod_related_posts\">\n<div class=\"td-module-image\">\n<div class=\"td-module-thumb\"><a href=\"https:\/\/orasul-timisoara.ro\/local-39842\/\" rel=\"bookmark\" class=\"td-image-wrap \" title=\"Alfred Simonis: Prim\u0103ria Timi\u0219oara \u00eent\u00e2rzie r\u0103spunsul pentru parcarea de l\u00e2ng\u0103 Spitalul Jude\u021bean\"><img loading=\"lazy\" decoding=\"async\" class=\"entry-thumb\" src=\"https:\/\/orasul-timisoara.ro\/wp-content\/uploads\/2026\/07\/753231628_3510704022431789_1277640302881157203_n-436x300.jpg\" alt title=\"Alfred Simonis: Prim\u0103ria Timi\u0219oara \u00eent\u00e2rzie r\u0103spunsul pentru parcarea de l\u00e2ng\u0103 Spitalul Jude\u021bean\" width=\"218\" height=\"150\"><\/a><\/div>\n<\/div>\n<div class=\"item-details\">\n<h3 class=\"entry-title td-module-title\"><a href=\"https:\/\/orasul-timisoara.ro\/local-39842\/\" rel=\"bookmark\" title=\"Alfred Simonis: Prim\u0103ria Timi\u0219oara \u00eent\u00e2rzie r\u0103spunsul pentru parcarea de l\u00e2ng\u0103 Spitalul Jude\u021bean\">Alfred Simonis: Prim\u0103ria Timi\u0219oara \u00eent\u00e2rzie r\u0103spunsul pentru parcarea de l\u00e2ng\u0103 Spitalul Jude\u021bean<\/a><\/h3>\n<\/div>\n<\/div>\n<\/div>\n<\/div>\n<\/div>\n<\/div>\n<div class=\"comments\" id=\"comments\">\n<div id=\"respond\" class=\"comment-respond\">\n<h3 id=\"reply-title\" class=\"comment-reply-title\">L\u0102SA\u021aI UN MESAJ<\/h3>\n<div class=\"comment-form-input-wrap td-form-comment\">\n<div class=\"td-warning-comment\">V\u0103 rug\u0103m s\u0103 introduce\u021bi comentariul dvs.!<\/div>\n<\/div>\n<div class=\"comment-form-input-wrap td-form-author\">\n<div class=\"td-warning-author\">Introduce\u021bi aici numele dvs.<\/div>\n<\/div>\n<div class=\"comment-form-input-wrap td-form-email\">\n<div class=\"td-warning-email-error\">A\u021bi introdus o adres\u0103 de e-mail incorect\u0103!<\/div>\n<div class=\"td-warning-email\">V\u0103 rug\u0103m s\u0103 introduce\u021bi adresa dvs. de e-mail aici<\/div>\n<\/div>\n<\/div>\n<p class=\"akismet_comment_form_privacy_notice\">Acest site folose\u0219te Akismet pentru a reduce spamul. <a href=\"https:\/\/akismet.com\/privacy\/\" target=\"_blank\" rel=\"nofollow noopener\">Afl\u0103 cum sunt procesate datele comentariilor tale<\/a>.<\/p>\n<\/div>\n<\/div>\n<\/div>\n<div class=\"td-pb-span4 td-main-sidebar\" role=\"complementary\">\n<div class=\"td-ss-main-sidebar\">\n<aside id=\"block-4\" class=\"td_block_template_8 widget block-4 widget_block widget_media_image\">\n<figure class=\"wp-block-image size-full\"><img loading=\"lazy\" decoding=\"async\" width=\"336\" height=\"280\" src=\"https:\/\/orasul-timisoara.ro\/wp-content\/uploads\/2024\/11\/ReTIM-Abonamentul-Verde-Google-Ads-336x280px.gif\" alt class=\"wp-image-29257\"><\/figure>\n<\/aside>\n<div class=\"td_block_wrap td_block_social_counter td_block_widget tdi_6 td-social-style5 td-social-boxed td-pb-border-top td_block_template_8\">\n<div class=\"td-block-title-wrap\">\n<h4 class=\"td-block-title\"><span>Urm\u0103re\u0219te-ne pe Social Media<\/span><\/h4>\n<\/div>\n<div class=\"td-social-list\">\n<div class=\"td_social_type td-pb-margin-side td_social_facebook\">\n<div class=\"td-social-box\"><span class=\"td_social_info td_social_info_counter\">344,595<\/span><span class=\"td_social_info td_social_info_name\">Fani<\/span><span class=\"td_social_button\"><a href=\"https:\/\/www.facebook.com\/247timisoara\" target=\"_blank\" rel=\"nofollow\">\u00cemi place<\/a><\/span><\/div>\n<\/div>\n<div class=\"td_social_type td-pb-margin-side td_social_instagram\">\n<div class=\"td-social-box\"><span class=\"td_social_info td_social_info_counter\">4,416<\/span><span class=\"td_social_info td_social_info_name\">Cititori<\/span><span class=\"td_social_button\"><a href=\"https:\/\/instagram.com\/orasultimisoararo\/\" target=\"_blank\" rel=\"nofollow\">Conecta\u021bi-v\u0103<\/a><\/span><\/div>\n<\/div>\n<div class=\"td_social_type td-pb-margin-side td_social_rss\">\n<div class=\"td-social-box\"><span class=\"td_social_info td_social_info_counter\">12,506<\/span><span class=\"td_social_info td_social_info_name\">Cititori<\/span><span class=\"td_social_button\"><a href=\"https:\/\/orasul-timisoara.ro\/feed\/\" target=\"_blank\" rel=\"nofollow\">Conecta\u021bi-v\u0103<\/a><\/span><\/div>\n<\/div>\n<div class=\"td_social_type td-pb-margin-side td_social_tiktok\">\n<div class=\"td-social-box\"><span class=\"td_social_info td_social_info_counter\">1,500<\/span><span class=\"td_social_info td_social_info_name\">Cititori<\/span><span class=\"td_social_button\"><a href=\"https:\/\/www.tiktok.com\/@orasultimisoara\" target=\"_blank\" rel=\"nofollow\">Conecta\u021bi-v\u0103<\/a><\/span><\/div>\n<\/div>\n<div class=\"td_social_type td-pb-margin-side td_social_twitter\">\n<div class=\"td-social-box\"><span class=\"td_social_info td_social_info_counter\">1,595<\/span><span class=\"td_social_info td_social_info_name\">Cititori<\/span><span class=\"td_social_button\"><a href=\"https:\/\/twitter.com\/orasultm\" target=\"_blank\" rel=\"nofollow\">Conecta\u021bi-v\u0103<\/a><\/span><\/div>\n<\/div>\n<div class=\"td_social_type td-pb-margin-side td_social_youtube\">\n<div class=\"td-social-box\"><span class=\"td_social_info td_social_info_counter\">3,506<\/span><span class=\"td_social_info td_social_info_name\">Abona\u021bi<\/span><span class=\"td_social_button\"><a href=\"https:\/\/www.youtube.com\/channel\/UCQNsQvs2XCSIm1Z-AHRturw?sub_confirmation=1\" target=\"_blank\" rel=\"nofollow\">Abona\u021bi-v\u0103<\/a><\/span><\/div>\n<\/div>\n<\/div>\n<\/div>\n<aside id=\"text-7\" class=\"td_block_template_8 widget text-7 widget_text\">\n<h4 class=\"td-block-title\"><span>C\u0103ut\u0103ri populare pe OTM<\/span><\/h4>\n<div class=\"textwidget\"><a href=\"https:\/\/orasul-timisoara.ro\/?s=timisoara\"><span>Timisoara<\/span><\/a><a href=\"https:\/\/orasul-timisoara.ro\/?s=calin+dobra\"><span>Calin Dobra<\/span><\/a><a href=\"https:\/\/orasul-timisoara.ro\/?s=primaria+timisoara\"><span>Primaria Timisoara<\/span><\/a><a href=\"https:\/\/orasul-timisoara.ro\/?s=dominic+fritz\"><span>Dominic Fritz<\/span><\/a><a href=\"https:\/\/orasul-timisoara.ro\/?s=nicolae+robu\"><span>Nicolae Robu<\/span><\/a><a href=\"https:\/\/orasul-timisoara.ro\/?s=consiliul+local+timisoara\">Consiliul Local Timisoara<\/a><a href=\"https:\/\/orasul-timisoara.ro\/?s=consiliul+judetean+timis\"><span>Consiliul Judetean Timis<\/span><\/a><a href=\"https:\/\/orasul-timisoara.ro\/?s=cjt\"><span>CJT<\/span><\/a><a href=\"https:\/\/orasul-timisoara.ro\/?s=Alfred+Simonis\"><span>Alfred Simonis<\/span><\/a><a href=\"https:\/\/orasul-timisoara.ro\/?s=PNL\"><span>PNL<\/span><\/a><a href=\"https:\/\/orasul-timisoara.ro\/?s=coronavirus\"><span>coronavirus<\/span><\/a><a href=\"https:\/\/orasul-timisoara.ro\/?s=teatru+timisoara\">teatru Timisoara<\/a><a href=\"https:\/\/orasul-timisoara.ro\/?s=restaurante\"><span>restaurante Timisoara<\/span><\/a><a href=\"https:\/\/orasul-timisoara.ro\/?s=diskoteka\"><span>Diskoteka<\/span><\/a><a href=\"https:\/\/orasul-timisoara.ro\/?s=iulius+town\"><span>Iulius Town<\/span><\/a><a href=\"https:\/\/orasul-timisoara.ro\/?s=iulius+mall\"><span>Iulius Mall<\/span><\/a><a href=\"https:\/\/orasul-timisoara.ro\/?s=stpt\"><span>STPT<\/span><\/a><a href=\"https:\/\/orasul-timisoara.ro\/?s=alin+nica\"><span>Alin Nica<\/span><\/a><a href=\"https:\/\/orasul-timisoara.ro\/?s=psd\"><span>PSD<\/span><\/a><a href=\"https:\/\/orasul-timisoara.ro\/?s=aeroport\"><span>Aeroportul International Timisoara<\/span><\/a><a href=\"https:\/\/orasul-timisoara.ro\/?s=babes\"><span>Spitalul Victor Babes Timisoara<\/span><\/a><a href=\"https:\/\/orasul-timisoara.ro\/?s=poli\"><span>Poli Timi\u0219oara<\/span><\/a><a href=\"https:\/\/orasul-timisoara.ro\/?s=carantina\"><span>carantina<\/span><\/a><a href=\"https:\/\/orasul-timisoara.ro\/?s=aquatim\"><span>Aquatim<\/span><\/a><a href=\"https:\/\/orasul-timisoara.ro\/local-category\/stiri-timisoara\/\"><span>Stiri Timisoara<\/span><\/a><a href=\"https:\/\/orasul-timisoara.ro\/local-category\/investitii-in-timisoara\/\"><span>Investi\u021bii in Timi\u0219oara<\/span><\/a><a href=\"https:\/\/orasul-timisoara.ro\/local-9463\/\"><span>shaorma<\/span><\/a><a href=\"https:\/\/orasul-timisoara.ro\/?s=trafic\"><span>trafic rutier<\/span><\/a><a href=\"https:\/\/orasul-timisoara.ro\/?s=politia\"><span>politia locala timisoara<\/span><\/a><a href=\"https:\/\/orasul-timisoara.ro\/?s=roxana\"><span>Roxana Iliescu<\/span><\/a><a href=\"https:\/\/orasul-timisoara.ro\/?s=colterm\"><span>Colterm<\/span><\/a><a href=\"https:\/\/orasul-timisoara.ro\/?s=latcau\"><span>Ruben La\u021bc\u0103u<\/span><\/a><a href=\"https:\/\/orasul-timisoara.ro\/?s=timis\"><span>\u0218tiri din Timi\u0219<\/span><\/a><a href=\"https:\/\/orasul-timisoara.ro\/?s=spital\"><span>Spitale din Timi\u0219oara<\/span><\/a><a href=\"https:\/\/orasul-timisoara.ro\/?s=tabara\"><span>Cosmin Tab\u0103r\u0103<\/span><\/a><\/div>\n<\/aside>\n<aside id=\"rss-2\" class=\"td_block_template_8 widget rss-2 widget_rss\">\n<h4 class=\"td-block-title\"><span><a class=\"rsswidget rss-widget-feed\" href=\"https:\/\/fashionfridays.ro\/feed\"><img decoding=\"async\" class=\"rss-widget-icon\" width=\"14\" height=\"14\" src=\"https:\/\/orasul-timisoara.ro\/wp-includes\/images\/rss.png\" alt=\"RSS\" loading=\"lazy\"><\/a><a class=\"rsswidget rss-widget-title\" href=\"https:\/\/fashionfridays.ro\/\">Fashion Fridays<\/a><\/span><\/h4>\n<ul>\n<li><a class=\"rsswidget\" href=\"https:\/\/fashionfridays.ro\/romania-devine-a-29-a-piata-vogue-o-noua-era-pentru-industria-locala-de-moda\/\">Rom\u00e2nia devine a 29-a pia\u021b\u0103 Vogue: o nou\u0103 er\u0103 pentru industria local\u0103 de mod\u0103<\/a>\n<div class=\"rssSummary\">Revista Vogue \u00ee\u0219i extinde prezen\u021ba global\u0103 \u0219i va fi lansat\u0103 oficial \u00een Rom\u00e2nia \u00een prim\u0103vara anului 2027, marc\u00e2nd intrarea pe cea de-a 29-a pia\u021b\u0103 interna\u021bional\u0103. Proiectul este realizat \u00een parteneriat cu AEMME Publishing, o companie media recent \u00eenfiin\u021bat\u0103, care va publica edi\u021bia local\u0103 sub licen\u021b\u0103. Noua edi\u021bie, Vogue Rom\u00e2nia, \u00ee\u0219i propune s\u0103 combine autoritatea global\u0103 [\u2026]<\/div>\n<\/li>\n<\/ul>\n<\/aside>\n<aside id=\"rss-4\" class=\"td_block_template_8 widget rss-4 widget_rss\">\n<h4 class=\"td-block-title\"><span><a class=\"rsswidget rss-widget-feed\" href=\"https:\/\/emasini.ro\/feed\"><img decoding=\"async\" class=\"rss-widget-icon\" width=\"14\" height=\"14\" src=\"https:\/\/orasul-timisoara.ro\/wp-includes\/images\/rss.png\" alt=\"RSS\" loading=\"lazy\"><\/a><a class=\"rsswidget rss-widget-title\" href=\"https:\/\/emasini.ro\/\">eMasini<\/a><\/span><\/h4>\n<ul>\n<li><a class=\"rsswidget\" href=\"https:\/\/emasini.ro\/bmw-testeaza-noul-i4-convertible-primul-cabrio-electric-accesibil-al-marcii\/\">BMW testeaz\u0103 noul i4 Convertible, primul cabrio electric accesibil al m\u0103rcii<\/a>\n<div class=\"rssSummary\">BMW accelereaz\u0103 dezvoltarea noii genera\u021bii de modele electrice bazate pe platforma Neue Klasse, iar unul dintre cele mai interesante proiecte aflate \u00een teste este viitorul BMW i4 Convertible. Prototipul camuflat a fost surprins pe \u0219osele, confirm\u00e2nd c\u0103 produc\u0103torul german preg\u0103te\u0219te o decapotabil\u0103 electric\u0103 destinat\u0103 unui segment \u00een care oferta este, \u00een prezent, extrem de limitat\u0103. [\u2026]<\/div>\n<\/li>\n<\/ul>\n<\/aside>\n<\/div>\n<\/div>\n<\/div>\n<\/div>\n<\/article>\n<div class=\"td-post-content tagdiv-type\">\n<p class=\"wp-block-paragraph\">Capacitatea Stadionului Electrica din Timi\u0219oara va fi m\u0103rit\u0103 cu \u00eenc\u0103 600 de locuri \u00eenaintea debutului noului sezon al Ligii a II-a, dup\u0103 ce interesul suporterilor pentru meciurile Politehnicii Timi\u0219oara a dep\u0103\u0219it a\u0219tept\u0103rile. Anun\u021bul a fost f\u0103cut de pre\u0219edintele Consiliului Jude\u021bean Timi\u0219, Alfred Simonis, care a precizat c\u0103 au fost achizi\u021bionate trei tribune mobile pentru a r\u0103spunde cererii ridicate de bilete.<\/p>\n<p class=\"wp-block-paragraph\">Decizia vine \u00een contextul \u00een care abonamentele pentru \u00eentregul sezon \u0219i biletele pentru primul meci oficial, \u00eempotriva forma\u021biei Chindia T\u00e2rgovi\u0219te, s-au epuizat \u00eentr-un timp foarte scurt, pe fondul entuziasmului creat dup\u0103 promovarea echipei \u00een Liga a II-a.<\/p>\n<h2 class=\"wp-block-heading\">Interes tot mai mare pentru Politehnica Timi\u0219oara<\/h2>\n<p class=\"wp-block-paragraph\">Potrivit lui Alfred Simonis, revenirea Politehnicii Timi\u0219oara \u00een Liga a II-a a readus un interes puternic \u00een jurul echipei. Campania de transferuri, rezultatele ob\u021binute \u00een meciurile de preg\u0103tire \u0219i atmosfera din jurul clubului au contribuit la apropierea suporterilor de forma\u021bia alb-violet\u0103.<\/p>\n<p class=\"wp-block-paragraph\">Cererea mare pentru abonamente \u0219i bilete la primul joc oficial al sezonului a determinat autorit\u0103\u021bile s\u0103 caute rapid o solu\u021bie pentru suplimentarea num\u0103rului de locuri disponibile pe Stadionul Electrica.<\/p>\n<h2 class=\"wp-block-heading\">Trei tribune mobile vor suplimenta capacitatea stadionului<\/h2>\n<p class=\"wp-block-paragraph\">Pentru a permite accesul unui num\u0103r mai mare de suporteri, Consiliul Jude\u021bean Timi\u0219 a achizi\u021bionat trei tribune mobile care vor ad\u0103uga aproximativ 600 de locuri pe arena Electrica.<\/p>\n<figure class=\"wp-block-embed is-type-video is-provider-youtube wp-block-embed-youtube wp-embed-aspect-16-9 wp-has-aspect-ratio\">\n<div class=\"wp-block-embed__wrapper\">\n<div class=\"youtube-embed\" data-video_id=\"0-FLB1TVbRQ\"><iframe loading=\"lazy\" title=\"Se monteaz\u0103 noile tribune mobile pe Stadionul Electrica din Timi\u0219oara | +600 de locuri pentru Poli\" width=\"696\" height=\"392\" src=\"https:\/\/www.youtube.com\/embed\/0-FLB1TVbRQ?feature=oembed&amp;enablejsapi=1\" frameborder allow=\"accelerometer; autoplay; clipboard-write; encrypted-media; gyroscope; picture-in-picture; web-share\" referrerpolicy=\"strict-origin-when-cross-origin\" allowfullscreen><\/iframe><\/div>\n<\/div>\n<\/figure>\n<p class=\"wp-block-paragraph\">Noile structuri modulare vor fi montate astfel \u00eenc\u00e2t stadionul s\u0103 poat\u0103 primi mai mul\u021bi spectatori la partidele disputate de Politehnica Timi\u0219oara \u00een noul sezon competi\u021bional.<\/p>\n<h2 class=\"wp-block-heading\">O solu\u021bie temporar\u0103 p\u00e2n\u0103 la finalizarea noului stadion<\/h2>\n<p class=\"wp-block-paragraph\">Pre\u0219edintele Consiliului Jude\u021bean Timi\u0219 a recunoscut c\u0103 suplimentarea capacit\u0103\u021bii prin tribune mobile nu reprezint\u0103 solu\u021bia ideal\u0103, \u00eens\u0103 este cea mai rapid\u0103 variant\u0103 care putea fi pus\u0103 \u00een aplicare \u00eenaintea \u00eenceperii campionatului.<\/p>\n<p class=\"wp-block-paragraph\">Potrivit acestuia, m\u0103sura va fi valabil\u0103 p\u00e2n\u0103 la finalizarea noului stadion de dimensiuni mai mici aflat \u00een construc\u021bie \u00een Timi\u0219oara, unde echipa \u00ee\u0219i va putea disputa meciurile \u00een condi\u021bii mai bune.<\/p>\n<h2 class=\"wp-block-heading\">Obiectivul r\u0103m\u00e2ne revenirea pe stadionul Dan P\u0103ltini\u0219anu<\/h2>\n<p class=\"wp-block-paragraph\">Alfred Simonis a transmis c\u0103 solu\u021bia actual\u0103 este una provizorie, obiectivul fiind ca, dup\u0103 finalizarea viitorului stadion, echipa s\u0103 se mute ulterior pe noua aren\u0103 \u201eDan P\u0103ltini\u0219anu\u201d, aflat\u0103 \u00een proiect.<\/p>\n<p class=\"wp-block-paragraph\">\u00cen mesajul publicat pe Facebook, pre\u0219edintele Consiliului Jude\u021bean \u0219i-a exprimat \u00eencrederea \u00een viitorul clubului \u0219i a \u00eencheiat cu mesajul \u201eFie s\u0103 renasc\u0103!\u201d, subliniind dorin\u021ba ca Politehnica Timi\u0219oara s\u0103 revin\u0103 \u00een prim-planul fotbalului rom\u00e2nesc.<\/p>\n<h2 class=\"wp-block-heading\">Debutul \u00een Liga a II-a se anun\u021b\u0103 cu stadionul aproape de capacitate maxim\u0103<\/h2>\n<p class=\"wp-block-paragraph\">Interesul ridicat pentru primul meci al sezonului confirm\u0103 entuziasmul creat \u00een jurul Politehnicii Timi\u0219oara dup\u0103 promovare. Suplimentarea cu 600 de locuri ofer\u0103 posibilitatea ca mai mul\u021bi suporteri s\u0103 fie prezen\u021bi \u00een tribune la partidele echipei, \u00een a\u0219teptarea unor solu\u021bii permanente privind infrastructura sportiv\u0103 din municipiu.<\/p>\n<\/div>\n<p>[analyse_source url=&#8221;https:\/\/orasul-timisoara.ro\/local-39985\/&#8221;]<\/p>\n","protected":false},"excerpt":{"rendered":"<p>[analyse_image type=&#8221;featured&#8221; src=&#8221;https:\/\/orasul-timisoara.ro\/wp-content\/uploads\/2026\/08\/stadion-electrica.jpg&#8221;] Sport LocalAlfred Simonis anun\u021b\u0103 amplasarea de tribune mobile pentru Stadionul Electrica, \u00een urma&#8230; Sport Local \u0218tiri Locale Alfred Simonis anun\u021b\u0103 amplasarea de tribune mobile pentru Stadionul Electrica, \u00een urma cererii mari de bilete la meciurile Politehnicii Timi\u0219oara \u00een liga secund\u0103 (video) De c\u0103tre redactia &#8211; 03\/08\/2026 Facebook Twitter WhatsApp Linkedin ReddIt Email [&hellip;]<\/p>\n","protected":false},"author":1,"featured_media":0,"comment_status":"open","ping_status":"","sticky":false,"template":"","format":"standard","meta":{"footnotes":""},"categories":[89],"tags":[226,189],"class_list":["post-2075646","post","type-post","status-publish","format-standard","hentry","category-romania","tag-crawlmanager","tag-orasul-timisoara-ro"],"_links":{"self":[{"href":"https:\/\/analyse.optim.biz\/index.php?rest_route=\/wp\/v2\/posts\/2075646","targetHints":{"allow":["GET"]}}],"collection":[{"href":"https:\/\/analyse.optim.biz\/index.php?rest_route=\/wp\/v2\/posts"}],"about":[{"href":"https:\/\/analyse.optim.biz\/index.php?rest_route=\/wp\/v2\/types\/post"}],"author":[{"embeddable":true,"href":"https:\/\/analyse.optim.biz\/index.php?rest_route=\/wp\/v2\/users\/1"}],"replies":[{"embeddable":true,"href":"https:\/\/analyse.optim.biz\/index.php?rest_route=%2Fwp%2Fv2%2Fcomments&post=2075646"}],"version-history":[{"count":0,"href":"https:\/\/analyse.optim.biz\/index.php?rest_route=\/wp\/v2\/posts\/2075646\/revisions"}],"wp:attachment":[{"href":"https:\/\/analyse.optim.biz\/index.php?rest_route=%2Fwp%2Fv2%2Fmedia&parent=2075646"}],"wp:term":[{"taxonomy":"category","embeddable":true,"href":"https:\/\/analyse.optim.biz\/index.php?rest_route=%2Fwp%2Fv2%2Fcategories&post=2075646"},{"taxonomy":"post_tag","embeddable":true,"href":"https:\/\/analyse.optim.biz\/index.php?rest_route=%2Fwp%2Fv2%2Ftags&post=2075646"}],"curies":[{"name":"wp","href":"https:\/\/api.w.org\/{rel}","templated":true}]}}