{"id":2075642,"date":"2026-08-03T14:24:17","date_gmt":"2026-08-03T11:24:17","guid":{"rendered":"https:\/\/analyse.optim.biz\/?p=2075642"},"modified":"2026-08-03T14:24:17","modified_gmt":"2026-08-03T11:24:17","slug":"aquatim-anunta-lucrari-la-reteaua-de-apa-din-maguri-intre-4-si-7-august","status":"publish","type":"post","link":"https:\/\/analyse.optim.biz\/?p=2075642","title":{"rendered":"Aquatim anun\u021b\u0103 lucr\u0103ri la re\u021beaua de ap\u0103 din M\u0103guri \u00eentre 4 \u0219i 7 august"},"content":{"rendered":"<p>[analyse_image type=&#8221;featured&#8221; src=&#8221;https:\/\/orasul-timisoara.ro\/wp-content\/uploads\/2026\/07\/femeie-bea-apa-4-1.jpg&#8221;]<\/p>\n<article id=\"post-39983\" class=\"td-post-template-7 post-39983 post type-post status-publish format-standard has-post-thumbnail category-featured category-investitii-in-timisoara category-stiri-timisoara tag-alimentare-cu-apa-2 tag-apa-potabila-2 tag-aquatim tag-consumatori tag-intrerupere-apa-2 tag-judetul-timis-2 tag-lucrari-aquatim-2 tag-maguri tag-mentenanta-preventiva tag-presiune-scazuta-2 tag-retea-de-distributie-2 tag-spalare-retea-2 td-container-wrap\">\n<div class=\"td-full-screen-header-image-wrap\">\n<div class=\"td-container td-post-header\">\n<div class=\"td-crumb-container\">\n<div class=\"entry-crumbs\"><span><a title=\"Vede\u021bi toate articolele \u00een Investitii in Timisoara\" class=\"entry-crumb\" href=\"https:\/\/orasul-timisoara.ro\/local-category\/investitii-in-timisoara\/\">Investitii in Timisoara<\/a><\/span><span class=\"td-bred-no-url-last\">Aquatim anun\u021b\u0103 lucr\u0103ri la re\u021beaua de ap\u0103 din M\u0103guri \u00eentre 4 \u0219i&#8230;<\/span><\/div>\n<\/div>\n<div class=\"td-post-header-holder\">\n<div class=\"td-parallax-header\">\n<header class=\"td-post-title\">\n<ul class=\"td-category\">\n<li class=\"entry-category\"><a href=\"https:\/\/orasul-timisoara.ro\/local-category\/investitii-in-timisoara\/\">Investitii in Timisoara<\/a><\/li>\n<li class=\"entry-category\"><a href=\"https:\/\/orasul-timisoara.ro\/local-category\/stiri-timisoara\/\">\u0218tiri Locale<\/a><\/li>\n<\/ul>\n<h1 class=\"entry-title\">Aquatim anun\u021b\u0103 lucr\u0103ri la re\u021beaua de ap\u0103 din M\u0103guri \u00eentre 4 \u0219i 7 august<\/h1>\n<div class=\"td-module-meta-info\">\n<div class=\"td-post-author-name\">\n<div class=\"td-author-by\">De c\u0103tre<\/div>\n<p><a href=\"https:\/\/orasul-timisoara.ro\/author\/timisoara\/\">redactia<\/a><\/p>\n<div class=\"td-author-line\"> &#8211; <\/div>\n<\/div>\n<p><span class=\"td-post-date\"><time class=\"entry-date updated td-module-date\" datetime=\"2026-08-03T17:24:17+03:00\">03\/08\/2026<\/time><\/span><\/div>\n<\/header>\n<\/div>\n<\/div>\n<\/div>\n<div id=\"td-full-screen-header-image\" class=\"td-image-gradient-style7\"><img decoding=\"async\" class=\"td-backstretch\" src=\"https:\/\/orasul-timisoara.ro\/wp-content\/uploads\/2026\/07\/femeie-bea-apa-4-1.jpg\"><\/div>\n<\/div>\n<div class=\"td-container\">\n<div class=\"td-pb-row\">\n<div class=\"td-pb-span8 td-main-content\" role=\"main\">\n<div class=\"td-ss-main-content\">\n<div class=\"td-post-sharing-top\">\n<div class=\"td-post-sharing-classic\"><iframe title=\"topFacebookLike\" frameborder src=\"https:\/\/www.facebook.com\/plugins\/like.php?href=https:\/\/orasul-timisoara.ro\/local-39983\/&amp;layout=button_count&amp;show_faces=false&amp;width=105&amp;action=like&amp;colorscheme=light&amp;height=21\"><\/iframe><\/div>\n<div id=\"td_social_sharing_article_top\" class=\"td-post-sharing td-ps-bg td-ps-notext td-post-sharing-style1 \">\n<div class=\"td-post-sharing-visible\"><a class=\"td-social-sharing-button td-social-sharing-button-js td-social-network td-social-facebook\" href=\"https:\/\/www.facebook.com\/sharer.php?u=https%3A%2F%2Forasul-timisoara.ro%2Flocal-39983%2F\" title=\"Facebook\"><\/p>\n<div class=\"td-social-but-text\">Facebook<\/div>\n<p><\/a><a class=\"td-social-sharing-button td-social-sharing-button-js td-social-network td-social-twitter\" href=\"https:\/\/twitter.com\/intent\/tweet?text=Aquatim+anun%C8%9B%C4%83+lucr%C4%83ri+la+re%C8%9Beaua+de+ap%C4%83+din+M%C4%83guri+%C3%AEntre+4+%C8%99i+7+august&amp;url=https%3A%2F%2Forasul-timisoara.ro%2Flocal-39983%2F&amp;via=orasultm\" title=\"Twitter\"><\/p>\n<div class=\"td-social-but-text\">Twitter<\/div>\n<p><\/a><a class=\"td-social-sharing-button td-social-sharing-button-js td-social-network td-social-whatsapp\" href=\"https:\/\/api.whatsapp.com\/send?text=Aquatim+anun%C8%9B%C4%83+lucr%C4%83ri+la+re%C8%9Beaua+de+ap%C4%83+din+M%C4%83guri+%C3%AEntre+4+%C8%99i+7+august%20%0A%0A%20https:\/\/orasul-timisoara.ro\/local-39983\/\" title=\"WhatsApp\"><\/p>\n<div class=\"td-social-but-text\">WhatsApp<\/div>\n<p><\/a><a class=\"td-social-sharing-button td-social-sharing-button-js td-social-network td-social-linkedin\" href=\"https:\/\/www.linkedin.com\/shareArticle?mini=true&amp;url=https:\/\/orasul-timisoara.ro\/local-39983\/&amp;title=Aquatim+anun%C8%9B%C4%83+lucr%C4%83ri+la+re%C8%9Beaua+de+ap%C4%83+din+M%C4%83guri+%C3%AEntre+4+%C8%99i+7+august\" title=\"Linkedin\"><\/p>\n<div class=\"td-social-but-text\">Linkedin<\/div>\n<p><\/a><a class=\"td-social-sharing-button td-social-sharing-button-js td-social-network td-social-reddit\" href=\"https:\/\/reddit.com\/submit?url=https:\/\/orasul-timisoara.ro\/local-39983\/&amp;title=Aquatim+anun%C8%9B%C4%83+lucr%C4%83ri+la+re%C8%9Beaua+de+ap%C4%83+din+M%C4%83guri+%C3%AEntre+4+%C8%99i+7+august\" title=\"ReddIt\"><\/p>\n<div class=\"td-social-but-text\">ReddIt<\/div>\n<p><\/a><a class=\"td-social-sharing-button td-social-sharing-button-js td-social-network td-social-mail\" href=\"mailto:?subject=Aquatim%20anun%C8%9B%C4%83%20lucr%C4%83ri%20la%20re%C8%9Beaua%20de%20ap%C4%83%20din%20M%C4%83guri%20%C3%AEntre%204%20%C8%99i%207%20august&amp;body=https:\/\/orasul-timisoara.ro\/local-39983\/\" title=\"Email\"><\/p>\n<div class=\"td-social-but-text\">Email<\/div>\n<p><\/a><a class=\"td-social-sharing-button td-social-sharing-button-js td-social-network td-social-print\" href=\"https:\/\/orasul-timisoara.ro\/local-39983\/\" title=\"Imprimare\"><\/p>\n<div class=\"td-social-but-text\">Imprimare<\/div>\n<p><\/a><\/div>\n<\/div>\n<\/div>\n<div class=\"td-post-content tagdiv-type\">\n<p class=\"wp-block-paragraph\">Aquatim anun\u021b\u0103 desf\u0103\u0219urarea unor lucr\u0103ri de \u00eentre\u021binere la re\u021beaua de distribu\u021bie a apei potabile din localitatea M\u0103guri, \u00een perioada 4 \u2013 7 august 2026. Pe durata interven\u021biilor, consumatorii pot resim\u021bi presiune sc\u0103zut\u0103 la ap\u0103 sau chiar \u00eentreruperi temporare ale furniz\u0103rii, \u00een anumite intervale orare.<\/p>\n<p class=\"wp-block-paragraph\">Potrivit operatorului regional de ap\u0103 \u0219i canalizare, lucr\u0103rile vor avea loc zilnic \u00eentre orele 08:00 \u0219i 15:00 \u0219i constau \u00een sp\u0103larea re\u021belei de distribu\u021bie, o opera\u021biune inclus\u0103 \u00een programul de mentenan\u021b\u0103 preventiv\u0103 al Aquatim.<\/p>\n<h2 class=\"wp-block-heading\">Lucr\u0103ri programate \u00eentre 4 \u0219i 7 august<\/h2>\n<p class=\"wp-block-paragraph\">\u00cen intervalul 4 \u2013 7 august 2026, echipele Aquatim vor efectua sp\u0103l\u0103ri ale re\u021belei de ap\u0103 din localitatea M\u0103guri pentru \u00eembun\u0103t\u0103\u021birea calit\u0103\u021bii apei distribuite c\u0103tre consumatori.<\/p>\n<p class=\"wp-block-paragraph\">Pe parcursul lucr\u0103rilor, locuitorii pot observa o presiune redus\u0103 la robinete sau chiar \u00eentreruperi temporare ale aliment\u0103rii cu ap\u0103 pentru perioade scurte de timp.<\/p>\n<h2 class=\"wp-block-heading\">Sp\u0103larea conductelor face parte din programul de mentenan\u021b\u0103<\/h2>\n<p class=\"wp-block-paragraph\">Reprezentan\u021bii Aquatim precizeaz\u0103 c\u0103 aceste interven\u021bii sunt efectuate periodic \u0219i au rolul de a men\u021bine re\u021beaua de distribu\u021bie \u00een condi\u021bii optime de func\u021bionare.<\/p>\n<p class=\"wp-block-paragraph\">Prin sp\u0103larea conductelor sunt eliminate depunerile care se pot acumula \u00een timp, contribuind astfel la asigurarea unei calit\u0103\u021bi corespunz\u0103toare a apei potabile livrate consumatorilor.<\/p>\n<h2 class=\"wp-block-heading\">Apa poate fi temporar tulbure dup\u0103 finalizarea lucr\u0103rilor<\/h2>\n<p class=\"wp-block-paragraph\">Dup\u0103 reluarea aliment\u0103rii cu ap\u0103 \u00een regim normal, este posibil ca la robinete s\u0103 curg\u0103 ap\u0103 tulbure pentru o perioad\u0103 scurt\u0103 de timp.<\/p>\n<p class=\"wp-block-paragraph\">Aquatim recomand\u0103 consumatorilor s\u0103 nu utilizeze apa \u00een scopuri menajere p\u00e2n\u0103 c\u00e2nd aceasta se limpeze\u0219te complet, fenomenul fiind unul temporar \u0219i specific unor astfel de lucr\u0103ri de \u00eentre\u021binere.<\/p>\n<h2 class=\"wp-block-heading\">Recomand\u0103ri pentru locuitorii din M\u0103guri<\/h2>\n<p class=\"wp-block-paragraph\">Pentru a reduce disconfortul creat de interven\u021bii, locuitorii sunt sf\u0103tui\u021bi s\u0103 \u00ee\u0219i asigure din timp o rezerv\u0103 de ap\u0103 pentru consum \u0219i uz casnic, \u00een special \u00een intervalul orar 08:00 \u2013 15:00, c\u00e2nd lucr\u0103rile sunt programate.<\/p>\n<p class=\"wp-block-paragraph\">Aquatim transmite c\u0103 aceste opera\u021biuni fac parte din activit\u0103\u021bile de mentenan\u021b\u0103 preventiv\u0103 desf\u0103\u0219urate periodic \u0219i au ca obiectiv men\u021binerea calit\u0103\u021bii apei potabile \u0219i func\u021bionarea \u00een condi\u021bii optime a re\u021belei de distribu\u021bie.<\/p>\n<\/div>\n<footer>\n<div class=\"td-post-source-tags\">\n<ul class=\"td-tags td-post-small-box clearfix\">\n<li><span>ETICHETE<\/span><\/li>\n<li><a href=\"https:\/\/orasul-timisoara.ro\/local-tag\/alimentare-cu-apa-2\/\">alimentare cu ap\u0103<\/a><\/li>\n<li><a href=\"https:\/\/orasul-timisoara.ro\/local-tag\/apa-potabila-2\/\">ap\u0103 potabil\u0103<\/a><\/li>\n<li><a href=\"https:\/\/orasul-timisoara.ro\/local-tag\/aquatim\/\">aquatim<\/a><\/li>\n<li><a href=\"https:\/\/orasul-timisoara.ro\/local-tag\/consumatori\/\">consumatori<\/a><\/li>\n<li><a href=\"https:\/\/orasul-timisoara.ro\/local-tag\/intrerupere-apa-2\/\">\u00eentrerupere ap\u0103<\/a><\/li>\n<li><a href=\"https:\/\/orasul-timisoara.ro\/local-tag\/judetul-timis-2\/\">jude\u021bul Timi\u0219<\/a><\/li>\n<li><a href=\"https:\/\/orasul-timisoara.ro\/local-tag\/lucrari-aquatim-2\/\">lucr\u0103ri Aquatim<\/a><\/li>\n<li><a href=\"https:\/\/orasul-timisoara.ro\/local-tag\/maguri\/\">M\u0103guri<\/a><\/li>\n<li><a href=\"https:\/\/orasul-timisoara.ro\/local-tag\/mentenanta-preventiva\/\">mentenan\u021b\u0103 preventiv\u0103<\/a><\/li>\n<li><a href=\"https:\/\/orasul-timisoara.ro\/local-tag\/presiune-scazuta-2\/\">presiune sc\u0103zut\u0103<\/a><\/li>\n<li><a href=\"https:\/\/orasul-timisoara.ro\/local-tag\/retea-de-distributie-2\/\">re\u021bea de distribu\u021bie<\/a><\/li>\n<li><a href=\"https:\/\/orasul-timisoara.ro\/local-tag\/spalare-retea-2\/\">sp\u0103lare re\u021bea<\/a><\/li>\n<\/ul>\n<\/div>\n<div class=\"td-post-sharing-bottom\">\n<div class=\"td-post-sharing-classic\"><iframe title=\"bottomFacebookLike\" frameborder src=\"https:\/\/www.facebook.com\/plugins\/like.php?href=https:\/\/orasul-timisoara.ro\/local-39983\/&amp;layout=button_count&amp;show_faces=false&amp;width=105&amp;action=like&amp;colorscheme=light&amp;height=21\"><\/iframe><\/div>\n<div id=\"td_social_sharing_article_bottom\" class=\"td-post-sharing td-ps-bg td-ps-notext td-post-sharing-style1 \">\n<div class=\"td-post-sharing-visible\"><a class=\"td-social-sharing-button td-social-sharing-button-js td-social-network td-social-facebook\" href=\"https:\/\/www.facebook.com\/sharer.php?u=https%3A%2F%2Forasul-timisoara.ro%2Flocal-39983%2F\" title=\"Facebook\"><\/p>\n<div class=\"td-social-but-text\">Facebook<\/div>\n<p><\/a><a class=\"td-social-sharing-button td-social-sharing-button-js td-social-network td-social-twitter\" href=\"https:\/\/twitter.com\/intent\/tweet?text=Aquatim+anun%C8%9B%C4%83+lucr%C4%83ri+la+re%C8%9Beaua+de+ap%C4%83+din+M%C4%83guri+%C3%AEntre+4+%C8%99i+7+august&amp;url=https%3A%2F%2Forasul-timisoara.ro%2Flocal-39983%2F&amp;via=orasultm\" title=\"Twitter\"><\/p>\n<div class=\"td-social-but-text\">Twitter<\/div>\n<p><\/a><a class=\"td-social-sharing-button td-social-sharing-button-js td-social-network td-social-whatsapp\" href=\"https:\/\/api.whatsapp.com\/send?text=Aquatim+anun%C8%9B%C4%83+lucr%C4%83ri+la+re%C8%9Beaua+de+ap%C4%83+din+M%C4%83guri+%C3%AEntre+4+%C8%99i+7+august%20%0A%0A%20https:\/\/orasul-timisoara.ro\/local-39983\/\" title=\"WhatsApp\"><\/p>\n<div class=\"td-social-but-text\">WhatsApp<\/div>\n<p><\/a><a class=\"td-social-sharing-button td-social-sharing-button-js td-social-network td-social-linkedin\" href=\"https:\/\/www.linkedin.com\/shareArticle?mini=true&amp;url=https:\/\/orasul-timisoara.ro\/local-39983\/&amp;title=Aquatim+anun%C8%9B%C4%83+lucr%C4%83ri+la+re%C8%9Beaua+de+ap%C4%83+din+M%C4%83guri+%C3%AEntre+4+%C8%99i+7+august\" title=\"Linkedin\"><\/p>\n<div class=\"td-social-but-text\">Linkedin<\/div>\n<p><\/a><a class=\"td-social-sharing-button td-social-sharing-button-js td-social-network td-social-reddit\" href=\"https:\/\/reddit.com\/submit?url=https:\/\/orasul-timisoara.ro\/local-39983\/&amp;title=Aquatim+anun%C8%9B%C4%83+lucr%C4%83ri+la+re%C8%9Beaua+de+ap%C4%83+din+M%C4%83guri+%C3%AEntre+4+%C8%99i+7+august\" title=\"ReddIt\"><\/p>\n<div class=\"td-social-but-text\">ReddIt<\/div>\n<p><\/a><a class=\"td-social-sharing-button td-social-sharing-button-js td-social-network td-social-mail\" href=\"mailto:?subject=Aquatim%20anun%C8%9B%C4%83%20lucr%C4%83ri%20la%20re%C8%9Beaua%20de%20ap%C4%83%20din%20M%C4%83guri%20%C3%AEntre%204%20%C8%99i%207%20august&amp;body=https:\/\/orasul-timisoara.ro\/local-39983\/\" title=\"Email\"><\/p>\n<div class=\"td-social-but-text\">Email<\/div>\n<p><\/a><a class=\"td-social-sharing-button td-social-sharing-button-js td-social-network td-social-print\" href=\"https:\/\/orasul-timisoara.ro\/local-39983\/\" title=\"Imprimare\"><\/p>\n<div class=\"td-social-but-text\">Imprimare<\/div>\n<p><\/a><\/div>\n<\/div>\n<\/div>\n<div class=\"td-block-row td-post-next-prev\">\n<div class=\"td-block-span6 td-post-prev-post\">\n<div class=\"td-post-next-prev-content\"><span>Articolul precedent<\/span><a href=\"https:\/\/orasul-timisoara.ro\/local-39980\/\">Medicii avertizeaz\u0103: Canicula poate agrava bolile respiratorii la copii<\/a><\/div>\n<\/div>\n<div class=\"td-block-span6 td-post-next-post\">\n<div class=\"td-post-next-prev-content\"><span>Articolul urm\u0103tor<\/span><a href=\"https:\/\/orasul-timisoara.ro\/local-39985\/\">Alfred Simonis anun\u021b\u0103 amplasarea de tribune mobile pentru Stadionul Electrica, \u00een urma cererii mari de bilete la meciurile Politehnicii Timi\u0219oara \u00een liga secund\u0103 (video)<\/a><\/div>\n<\/div>\n<\/div>\n<div class=\"td-author-name vcard author\"><span class=\"fn\"><a href=\"https:\/\/orasul-timisoara.ro\/author\/timisoara\/\">redactia<\/a><\/span><\/div>\n<p><span class=\"td-page-meta\"><\/span><span class=\"td-page-meta\"><span class=\"td-page-meta\"><\/span><\/span><span class=\"td-page-meta\"><\/span><\/footer>\n<div class=\"td_block_wrap td_block_related_posts tdi_3 td_with_ajax_pagination td-pb-border-top td_block_template_8\" data-td-block-uid=\"tdi_3\">\n<h4 class=\"td-related-title td-block-title\"><a id=\"tdi_4\" class=\"td-related-left td-cur-simple-item\" data-td_filter_value data-td_block_id=\"tdi_3\" href=\"https:\/\/orasul-timisoara.ro\/local-39983\/\">ARTICOLE SIMILARE<\/a><a id=\"tdi_5\" class=\"td-related-right\" data-td_filter_value=\"td_related_more_from_author\" data-td_block_id=\"tdi_3\" href=\"https:\/\/orasul-timisoara.ro\/local-39983\/\">DE LA ACELA\u0218I AUTOR<\/a><\/h4>\n<div id=\"tdi_3\" class=\"td_block_inner\">\n<div class=\"td-related-row\">\n<div class=\"td-related-span4\">\n<div class=\"td_module_related_posts td-animation-stack td_mod_related_posts\">\n<div class=\"td-module-image\">\n<div class=\"td-module-thumb\"><a href=\"https:\/\/orasul-timisoara.ro\/local-39989\/\" rel=\"bookmark\" class=\"td-image-wrap \" title=\"Lucr\u0103ri la Uzina de Tratare a Apei nr. 3 din Lugoj. Furnizarea apei poate fi afectat\u0103\"><img loading=\"lazy\" decoding=\"async\" class=\"entry-thumb\" src=\"https:\/\/orasul-timisoara.ro\/wp-content\/uploads\/2023\/09\/apa-potabila-02-436x300.jpg\" alt title=\"Lucr\u0103ri la Uzina de Tratare a Apei nr. 3 din Lugoj. Furnizarea apei poate fi afectat\u0103\" width=\"218\" height=\"150\"><\/a><\/div>\n<\/div>\n<div class=\"item-details\">\n<h3 class=\"entry-title td-module-title\"><a href=\"https:\/\/orasul-timisoara.ro\/local-39989\/\" rel=\"bookmark\" title=\"Lucr\u0103ri la Uzina de Tratare a Apei nr. 3 din Lugoj. Furnizarea apei poate fi afectat\u0103\">Lucr\u0103ri la Uzina de Tratare a Apei nr. 3 din Lugoj. Furnizarea apei poate fi afectat\u0103<\/a><\/h3>\n<\/div>\n<\/div>\n<\/div>\n<div class=\"td-related-span4\">\n<div class=\"td_module_related_posts td-animation-stack td_mod_related_posts\">\n<div class=\"td-module-image\">\n<div class=\"td-module-thumb\"><a href=\"https:\/\/orasul-timisoara.ro\/local-39978\/\" rel=\"bookmark\" class=\"td-image-wrap \" title=\"Lucr\u0103ri Aquatim: presiune sc\u0103zut\u0103 la ap\u0103 \u00een Bethausen, Cladova \u0219i alte localit\u0103\u021bi\"><img loading=\"lazy\" decoding=\"async\" class=\"entry-thumb\" src=\"https:\/\/orasul-timisoara.ro\/wp-content\/uploads\/2026\/07\/femeie-bea-apa-2-436x300.jpg\" alt title=\"Lucr\u0103ri Aquatim: presiune sc\u0103zut\u0103 la ap\u0103 \u00een Bethausen, Cladova \u0219i alte localit\u0103\u021bi\" width=\"218\" height=\"150\"><\/a><\/div>\n<\/div>\n<div class=\"item-details\">\n<h3 class=\"entry-title td-module-title\"><a href=\"https:\/\/orasul-timisoara.ro\/local-39978\/\" rel=\"bookmark\" title=\"Lucr\u0103ri Aquatim: presiune sc\u0103zut\u0103 la ap\u0103 \u00een Bethausen, Cladova \u0219i alte localit\u0103\u021bi\">Lucr\u0103ri Aquatim: presiune sc\u0103zut\u0103 la ap\u0103 \u00een Bethausen, Cladova \u0219i alte localit\u0103\u021bi<\/a><\/h3>\n<\/div>\n<\/div>\n<\/div>\n<div class=\"td-related-span4\">\n<div class=\"td_module_related_posts td-animation-stack td_mod_related_posts\">\n<div class=\"td-module-image\">\n<div class=\"td-module-thumb\"><a href=\"https:\/\/orasul-timisoara.ro\/local-39961\/\" rel=\"bookmark\" class=\"td-image-wrap \" title=\"Aquatim face apel la economie de ap\u0103 \u00een jude\u021bul Timi\u0219, pe fondul caniculei\"><img loading=\"lazy\" decoding=\"async\" class=\"entry-thumb\" src=\"https:\/\/orasul-timisoara.ro\/wp-content\/uploads\/2026\/07\/udare0graduba-436x300.jpg\" alt title=\"Aquatim face apel la economie de ap\u0103 \u00een jude\u021bul Timi\u0219, pe fondul caniculei\" width=\"218\" height=\"150\"><\/a><\/div>\n<\/div>\n<div class=\"item-details\">\n<h3 class=\"entry-title td-module-title\"><a href=\"https:\/\/orasul-timisoara.ro\/local-39961\/\" rel=\"bookmark\" title=\"Aquatim face apel la economie de ap\u0103 \u00een jude\u021bul Timi\u0219, pe fondul caniculei\">Aquatim face apel la economie de ap\u0103 \u00een jude\u021bul Timi\u0219, pe fondul caniculei<\/a><\/h3>\n<\/div>\n<\/div>\n<\/div>\n<\/div>\n<\/div>\n<\/div>\n<div class=\"comments\" id=\"comments\">\n<div id=\"respond\" class=\"comment-respond\">\n<h3 id=\"reply-title\" class=\"comment-reply-title\">L\u0102SA\u021aI UN MESAJ<\/h3>\n<div class=\"comment-form-input-wrap td-form-comment\">\n<div class=\"td-warning-comment\">V\u0103 rug\u0103m s\u0103 introduce\u021bi comentariul dvs.!<\/div>\n<\/div>\n<div class=\"comment-form-input-wrap td-form-author\">\n<div class=\"td-warning-author\">Introduce\u021bi aici numele dvs.<\/div>\n<\/div>\n<div class=\"comment-form-input-wrap td-form-email\">\n<div class=\"td-warning-email-error\">A\u021bi introdus o adres\u0103 de e-mail incorect\u0103!<\/div>\n<div class=\"td-warning-email\">V\u0103 rug\u0103m s\u0103 introduce\u021bi adresa dvs. de e-mail aici<\/div>\n<\/div>\n<\/div>\n<p class=\"akismet_comment_form_privacy_notice\">Acest site folose\u0219te Akismet pentru a reduce spamul. <a href=\"https:\/\/akismet.com\/privacy\/\" target=\"_blank\" rel=\"nofollow noopener\">Afl\u0103 cum sunt procesate datele comentariilor tale<\/a>.<\/p>\n<\/div>\n<\/div>\n<\/div>\n<div class=\"td-pb-span4 td-main-sidebar\" role=\"complementary\">\n<div class=\"td-ss-main-sidebar\">\n<aside id=\"block-4\" class=\"td_block_template_8 widget block-4 widget_block widget_media_image\">\n<figure class=\"wp-block-image size-full\"><img loading=\"lazy\" decoding=\"async\" width=\"336\" height=\"280\" src=\"https:\/\/orasul-timisoara.ro\/wp-content\/uploads\/2024\/11\/ReTIM-Abonamentul-Verde-Google-Ads-336x280px.gif\" alt class=\"wp-image-29257\"><\/figure>\n<\/aside>\n<div class=\"td_block_wrap td_block_social_counter td_block_widget tdi_6 td-social-style5 td-social-boxed td-pb-border-top td_block_template_8\">\n<div class=\"td-block-title-wrap\">\n<h4 class=\"td-block-title\"><span>Urm\u0103re\u0219te-ne pe Social Media<\/span><\/h4>\n<\/div>\n<div class=\"td-social-list\">\n<div class=\"td_social_type td-pb-margin-side td_social_facebook\">\n<div class=\"td-social-box\"><span class=\"td_social_info td_social_info_counter\">344,595<\/span><span class=\"td_social_info td_social_info_name\">Fani<\/span><span class=\"td_social_button\"><a href=\"https:\/\/www.facebook.com\/247timisoara\" target=\"_blank\" rel=\"nofollow\">\u00cemi place<\/a><\/span><\/div>\n<\/div>\n<div class=\"td_social_type td-pb-margin-side td_social_instagram\">\n<div class=\"td-social-box\"><span class=\"td_social_info td_social_info_counter\">4,416<\/span><span class=\"td_social_info td_social_info_name\">Cititori<\/span><span class=\"td_social_button\"><a href=\"https:\/\/instagram.com\/orasultimisoararo\/\" target=\"_blank\" rel=\"nofollow\">Conecta\u021bi-v\u0103<\/a><\/span><\/div>\n<\/div>\n<div class=\"td_social_type td-pb-margin-side td_social_rss\">\n<div class=\"td-social-box\"><span class=\"td_social_info td_social_info_counter\">12,506<\/span><span class=\"td_social_info td_social_info_name\">Cititori<\/span><span class=\"td_social_button\"><a href=\"https:\/\/orasul-timisoara.ro\/feed\/\" target=\"_blank\" rel=\"nofollow\">Conecta\u021bi-v\u0103<\/a><\/span><\/div>\n<\/div>\n<div class=\"td_social_type td-pb-margin-side td_social_tiktok\">\n<div class=\"td-social-box\"><span class=\"td_social_info td_social_info_counter\">1,500<\/span><span class=\"td_social_info td_social_info_name\">Cititori<\/span><span class=\"td_social_button\"><a href=\"https:\/\/www.tiktok.com\/@orasultimisoara\" target=\"_blank\" rel=\"nofollow\">Conecta\u021bi-v\u0103<\/a><\/span><\/div>\n<\/div>\n<div class=\"td_social_type td-pb-margin-side td_social_twitter\">\n<div class=\"td-social-box\"><span class=\"td_social_info td_social_info_counter\">1,595<\/span><span class=\"td_social_info td_social_info_name\">Cititori<\/span><span class=\"td_social_button\"><a href=\"https:\/\/twitter.com\/orasultm\" target=\"_blank\" rel=\"nofollow\">Conecta\u021bi-v\u0103<\/a><\/span><\/div>\n<\/div>\n<div class=\"td_social_type td-pb-margin-side td_social_youtube\">\n<div class=\"td-social-box\"><span class=\"td_social_info td_social_info_counter\">3,506<\/span><span class=\"td_social_info td_social_info_name\">Abona\u021bi<\/span><span class=\"td_social_button\"><a href=\"https:\/\/www.youtube.com\/channel\/UCQNsQvs2XCSIm1Z-AHRturw?sub_confirmation=1\" target=\"_blank\" rel=\"nofollow\">Abona\u021bi-v\u0103<\/a><\/span><\/div>\n<\/div>\n<\/div>\n<\/div>\n<aside id=\"text-7\" class=\"td_block_template_8 widget text-7 widget_text\">\n<h4 class=\"td-block-title\"><span>C\u0103ut\u0103ri populare pe OTM<\/span><\/h4>\n<div class=\"textwidget\"><a href=\"https:\/\/orasul-timisoara.ro\/?s=timisoara\"><span>Timisoara<\/span><\/a><a href=\"https:\/\/orasul-timisoara.ro\/?s=calin+dobra\"><span>Calin Dobra<\/span><\/a><a href=\"https:\/\/orasul-timisoara.ro\/?s=primaria+timisoara\"><span>Primaria Timisoara<\/span><\/a><a href=\"https:\/\/orasul-timisoara.ro\/?s=dominic+fritz\"><span>Dominic Fritz<\/span><\/a><a href=\"https:\/\/orasul-timisoara.ro\/?s=nicolae+robu\"><span>Nicolae Robu<\/span><\/a><a href=\"https:\/\/orasul-timisoara.ro\/?s=consiliul+local+timisoara\">Consiliul Local Timisoara<\/a><a href=\"https:\/\/orasul-timisoara.ro\/?s=consiliul+judetean+timis\"><span>Consiliul Judetean Timis<\/span><\/a><a href=\"https:\/\/orasul-timisoara.ro\/?s=cjt\"><span>CJT<\/span><\/a><a href=\"https:\/\/orasul-timisoara.ro\/?s=Alfred+Simonis\"><span>Alfred Simonis<\/span><\/a><a href=\"https:\/\/orasul-timisoara.ro\/?s=PNL\"><span>PNL<\/span><\/a><a href=\"https:\/\/orasul-timisoara.ro\/?s=coronavirus\"><span>coronavirus<\/span><\/a><a href=\"https:\/\/orasul-timisoara.ro\/?s=teatru+timisoara\">teatru Timisoara<\/a><a href=\"https:\/\/orasul-timisoara.ro\/?s=restaurante\"><span>restaurante Timisoara<\/span><\/a><a href=\"https:\/\/orasul-timisoara.ro\/?s=diskoteka\"><span>Diskoteka<\/span><\/a><a href=\"https:\/\/orasul-timisoara.ro\/?s=iulius+town\"><span>Iulius Town<\/span><\/a><a href=\"https:\/\/orasul-timisoara.ro\/?s=iulius+mall\"><span>Iulius Mall<\/span><\/a><a href=\"https:\/\/orasul-timisoara.ro\/?s=stpt\"><span>STPT<\/span><\/a><a href=\"https:\/\/orasul-timisoara.ro\/?s=alin+nica\"><span>Alin Nica<\/span><\/a><a href=\"https:\/\/orasul-timisoara.ro\/?s=psd\"><span>PSD<\/span><\/a><a href=\"https:\/\/orasul-timisoara.ro\/?s=aeroport\"><span>Aeroportul International Timisoara<\/span><\/a><a href=\"https:\/\/orasul-timisoara.ro\/?s=babes\"><span>Spitalul Victor Babes Timisoara<\/span><\/a><a href=\"https:\/\/orasul-timisoara.ro\/?s=poli\"><span>Poli Timi\u0219oara<\/span><\/a><a href=\"https:\/\/orasul-timisoara.ro\/?s=carantina\"><span>carantina<\/span><\/a><a href=\"https:\/\/orasul-timisoara.ro\/?s=aquatim\"><span>Aquatim<\/span><\/a><a href=\"https:\/\/orasul-timisoara.ro\/local-category\/stiri-timisoara\/\"><span>Stiri Timisoara<\/span><\/a><a href=\"https:\/\/orasul-timisoara.ro\/local-category\/investitii-in-timisoara\/\"><span>Investi\u021bii in Timi\u0219oara<\/span><\/a><a href=\"https:\/\/orasul-timisoara.ro\/local-9463\/\"><span>shaorma<\/span><\/a><a href=\"https:\/\/orasul-timisoara.ro\/?s=trafic\"><span>trafic rutier<\/span><\/a><a href=\"https:\/\/orasul-timisoara.ro\/?s=politia\"><span>politia locala timisoara<\/span><\/a><a href=\"https:\/\/orasul-timisoara.ro\/?s=roxana\"><span>Roxana Iliescu<\/span><\/a><a href=\"https:\/\/orasul-timisoara.ro\/?s=colterm\"><span>Colterm<\/span><\/a><a href=\"https:\/\/orasul-timisoara.ro\/?s=latcau\"><span>Ruben La\u021bc\u0103u<\/span><\/a><a href=\"https:\/\/orasul-timisoara.ro\/?s=timis\"><span>\u0218tiri din Timi\u0219<\/span><\/a><a href=\"https:\/\/orasul-timisoara.ro\/?s=spital\"><span>Spitale din Timi\u0219oara<\/span><\/a><a href=\"https:\/\/orasul-timisoara.ro\/?s=tabara\"><span>Cosmin Tab\u0103r\u0103<\/span><\/a><\/div>\n<\/aside>\n<aside id=\"rss-2\" class=\"td_block_template_8 widget rss-2 widget_rss\">\n<h4 class=\"td-block-title\"><span><a class=\"rsswidget rss-widget-feed\" href=\"https:\/\/fashionfridays.ro\/feed\"><img decoding=\"async\" class=\"rss-widget-icon\" width=\"14\" height=\"14\" src=\"https:\/\/orasul-timisoara.ro\/wp-includes\/images\/rss.png\" alt=\"RSS\" loading=\"lazy\"><\/a><a class=\"rsswidget rss-widget-title\" href=\"https:\/\/fashionfridays.ro\/\">Fashion Fridays<\/a><\/span><\/h4>\n<ul>\n<li><a class=\"rsswidget\" href=\"https:\/\/fashionfridays.ro\/romania-devine-a-29-a-piata-vogue-o-noua-era-pentru-industria-locala-de-moda\/\">Rom\u00e2nia devine a 29-a pia\u021b\u0103 Vogue: o nou\u0103 er\u0103 pentru industria local\u0103 de mod\u0103<\/a>\n<div class=\"rssSummary\">Revista Vogue \u00ee\u0219i extinde prezen\u021ba global\u0103 \u0219i va fi lansat\u0103 oficial \u00een Rom\u00e2nia \u00een prim\u0103vara anului 2027, marc\u00e2nd intrarea pe cea de-a 29-a pia\u021b\u0103 interna\u021bional\u0103. Proiectul este realizat \u00een parteneriat cu AEMME Publishing, o companie media recent \u00eenfiin\u021bat\u0103, care va publica edi\u021bia local\u0103 sub licen\u021b\u0103. Noua edi\u021bie, Vogue Rom\u00e2nia, \u00ee\u0219i propune s\u0103 combine autoritatea global\u0103 [\u2026]<\/div>\n<\/li>\n<\/ul>\n<\/aside>\n<aside id=\"rss-4\" class=\"td_block_template_8 widget rss-4 widget_rss\">\n<h4 class=\"td-block-title\"><span><a class=\"rsswidget rss-widget-feed\" href=\"https:\/\/emasini.ro\/feed\"><img decoding=\"async\" class=\"rss-widget-icon\" width=\"14\" height=\"14\" src=\"https:\/\/orasul-timisoara.ro\/wp-includes\/images\/rss.png\" alt=\"RSS\" loading=\"lazy\"><\/a><a class=\"rsswidget rss-widget-title\" href=\"https:\/\/emasini.ro\/\">eMasini<\/a><\/span><\/h4>\n<ul>\n<li><a class=\"rsswidget\" href=\"https:\/\/emasini.ro\/bmw-testeaza-noul-i4-convertible-primul-cabrio-electric-accesibil-al-marcii\/\">BMW testeaz\u0103 noul i4 Convertible, primul cabrio electric accesibil al m\u0103rcii<\/a>\n<div class=\"rssSummary\">BMW accelereaz\u0103 dezvoltarea noii genera\u021bii de modele electrice bazate pe platforma Neue Klasse, iar unul dintre cele mai interesante proiecte aflate \u00een teste este viitorul BMW i4 Convertible. Prototipul camuflat a fost surprins pe \u0219osele, confirm\u00e2nd c\u0103 produc\u0103torul german preg\u0103te\u0219te o decapotabil\u0103 electric\u0103 destinat\u0103 unui segment \u00een care oferta este, \u00een prezent, extrem de limitat\u0103. [\u2026]<\/div>\n<\/li>\n<\/ul>\n<\/aside>\n<\/div>\n<\/div>\n<\/div>\n<\/div>\n<\/article>\n<div class=\"td-post-content tagdiv-type\">\n<p class=\"wp-block-paragraph\">Aquatim anun\u021b\u0103 desf\u0103\u0219urarea unor lucr\u0103ri de \u00eentre\u021binere la re\u021beaua de distribu\u021bie a apei potabile din localitatea M\u0103guri, \u00een perioada 4 \u2013 7 august 2026. Pe durata interven\u021biilor, consumatorii pot resim\u021bi presiune sc\u0103zut\u0103 la ap\u0103 sau chiar \u00eentreruperi temporare ale furniz\u0103rii, \u00een anumite intervale orare.<\/p>\n<p class=\"wp-block-paragraph\">Potrivit operatorului regional de ap\u0103 \u0219i canalizare, lucr\u0103rile vor avea loc zilnic \u00eentre orele 08:00 \u0219i 15:00 \u0219i constau \u00een sp\u0103larea re\u021belei de distribu\u021bie, o opera\u021biune inclus\u0103 \u00een programul de mentenan\u021b\u0103 preventiv\u0103 al Aquatim.<\/p>\n<h2 class=\"wp-block-heading\">Lucr\u0103ri programate \u00eentre 4 \u0219i 7 august<\/h2>\n<p class=\"wp-block-paragraph\">\u00cen intervalul 4 \u2013 7 august 2026, echipele Aquatim vor efectua sp\u0103l\u0103ri ale re\u021belei de ap\u0103 din localitatea M\u0103guri pentru \u00eembun\u0103t\u0103\u021birea calit\u0103\u021bii apei distribuite c\u0103tre consumatori.<\/p>\n<p class=\"wp-block-paragraph\">Pe parcursul lucr\u0103rilor, locuitorii pot observa o presiune redus\u0103 la robinete sau chiar \u00eentreruperi temporare ale aliment\u0103rii cu ap\u0103 pentru perioade scurte de timp.<\/p>\n<h2 class=\"wp-block-heading\">Sp\u0103larea conductelor face parte din programul de mentenan\u021b\u0103<\/h2>\n<p class=\"wp-block-paragraph\">Reprezentan\u021bii Aquatim precizeaz\u0103 c\u0103 aceste interven\u021bii sunt efectuate periodic \u0219i au rolul de a men\u021bine re\u021beaua de distribu\u021bie \u00een condi\u021bii optime de func\u021bionare.<\/p>\n<p class=\"wp-block-paragraph\">Prin sp\u0103larea conductelor sunt eliminate depunerile care se pot acumula \u00een timp, contribuind astfel la asigurarea unei calit\u0103\u021bi corespunz\u0103toare a apei potabile livrate consumatorilor.<\/p>\n<h2 class=\"wp-block-heading\">Apa poate fi temporar tulbure dup\u0103 finalizarea lucr\u0103rilor<\/h2>\n<p class=\"wp-block-paragraph\">Dup\u0103 reluarea aliment\u0103rii cu ap\u0103 \u00een regim normal, este posibil ca la robinete s\u0103 curg\u0103 ap\u0103 tulbure pentru o perioad\u0103 scurt\u0103 de timp.<\/p>\n<p class=\"wp-block-paragraph\">Aquatim recomand\u0103 consumatorilor s\u0103 nu utilizeze apa \u00een scopuri menajere p\u00e2n\u0103 c\u00e2nd aceasta se limpeze\u0219te complet, fenomenul fiind unul temporar \u0219i specific unor astfel de lucr\u0103ri de \u00eentre\u021binere.<\/p>\n<h2 class=\"wp-block-heading\">Recomand\u0103ri pentru locuitorii din M\u0103guri<\/h2>\n<p class=\"wp-block-paragraph\">Pentru a reduce disconfortul creat de interven\u021bii, locuitorii sunt sf\u0103tui\u021bi s\u0103 \u00ee\u0219i asigure din timp o rezerv\u0103 de ap\u0103 pentru consum \u0219i uz casnic, \u00een special \u00een intervalul orar 08:00 \u2013 15:00, c\u00e2nd lucr\u0103rile sunt programate.<\/p>\n<p class=\"wp-block-paragraph\">Aquatim transmite c\u0103 aceste opera\u021biuni fac parte din activit\u0103\u021bile de mentenan\u021b\u0103 preventiv\u0103 desf\u0103\u0219urate periodic \u0219i au ca obiectiv men\u021binerea calit\u0103\u021bii apei potabile \u0219i func\u021bionarea \u00een condi\u021bii optime a re\u021belei de distribu\u021bie.<\/p>\n<\/div>\n<p>[analyse_source url=&#8221;https:\/\/orasul-timisoara.ro\/local-39983\/&#8221;]<\/p>\n","protected":false},"excerpt":{"rendered":"<p>[analyse_image type=&#8221;featured&#8221; src=&#8221;https:\/\/orasul-timisoara.ro\/wp-content\/uploads\/2026\/07\/femeie-bea-apa-4-1.jpg&#8221;] Investitii in TimisoaraAquatim anun\u021b\u0103 lucr\u0103ri la re\u021beaua de ap\u0103 din M\u0103guri \u00eentre 4 \u0219i&#8230; Investitii in Timisoara \u0218tiri Locale Aquatim anun\u021b\u0103 lucr\u0103ri la re\u021beaua de ap\u0103 din M\u0103guri \u00eentre 4 \u0219i 7 august De c\u0103tre redactia &#8211; 03\/08\/2026 Facebook Twitter WhatsApp Linkedin ReddIt Email Imprimare Aquatim anun\u021b\u0103 desf\u0103\u0219urarea unor lucr\u0103ri de \u00eentre\u021binere [&hellip;]<\/p>\n","protected":false},"author":1,"featured_media":0,"comment_status":"open","ping_status":"","sticky":false,"template":"","format":"standard","meta":{"footnotes":""},"categories":[89],"tags":[226,189],"class_list":["post-2075642","post","type-post","status-publish","format-standard","hentry","category-romania","tag-crawlmanager","tag-orasul-timisoara-ro"],"_links":{"self":[{"href":"https:\/\/analyse.optim.biz\/index.php?rest_route=\/wp\/v2\/posts\/2075642","targetHints":{"allow":["GET"]}}],"collection":[{"href":"https:\/\/analyse.optim.biz\/index.php?rest_route=\/wp\/v2\/posts"}],"about":[{"href":"https:\/\/analyse.optim.biz\/index.php?rest_route=\/wp\/v2\/types\/post"}],"author":[{"embeddable":true,"href":"https:\/\/analyse.optim.biz\/index.php?rest_route=\/wp\/v2\/users\/1"}],"replies":[{"embeddable":true,"href":"https:\/\/analyse.optim.biz\/index.php?rest_route=%2Fwp%2Fv2%2Fcomments&post=2075642"}],"version-history":[{"count":0,"href":"https:\/\/analyse.optim.biz\/index.php?rest_route=\/wp\/v2\/posts\/2075642\/revisions"}],"wp:attachment":[{"href":"https:\/\/analyse.optim.biz\/index.php?rest_route=%2Fwp%2Fv2%2Fmedia&parent=2075642"}],"wp:term":[{"taxonomy":"category","embeddable":true,"href":"https:\/\/analyse.optim.biz\/index.php?rest_route=%2Fwp%2Fv2%2Fcategories&post=2075642"},{"taxonomy":"post_tag","embeddable":true,"href":"https:\/\/analyse.optim.biz\/index.php?rest_route=%2Fwp%2Fv2%2Ftags&post=2075642"}],"curies":[{"name":"wp","href":"https:\/\/api.w.org\/{rel}","templated":true}]}}