{"id":2075631,"date":"2026-08-03T13:59:41","date_gmt":"2026-08-03T10:59:41","guid":{"rendered":"https:\/\/analyse.optim.biz\/?p=2075631"},"modified":"2026-08-03T13:59:41","modified_gmt":"2026-08-03T10:59:41","slug":"amenzi-de-peste-107-000-de-lei-pentru-soferii-care-au-blocat-statiile-de-incarcare-din-timisoara","status":"publish","type":"post","link":"https:\/\/analyse.optim.biz\/?p=2075631","title":{"rendered":"Amenzi de peste 107.000 de lei pentru \u0219oferii care au blocat sta\u021biile de \u00eenc\u0103rcare din Timi\u0219oara"},"content":{"rendered":"<p>[analyse_image type=&#8221;featured&#8221; src=&#8221;https:\/\/orasul-timisoara.ro\/wp-content\/uploads\/2026\/08\/BLOCAT-STATII-ALIMENTARE.jpg&#8221;]<\/p>\n<article id=\"post-39968\" class=\"td-post-template-7 post-39968 post type-post status-publish format-standard has-post-thumbnail category-administratie category-featured category-stiri-timisoara tag-amenzi tag-conducatori-auto-2 tag-infrastructura-electrica tag-masini-electrice-2 tag-mobilitate-electrica tag-oug-195-2002-2 tag-parcare-ilegala tag-politia-locala-timisoara-2 tag-sanctiuni-2 tag-statii-de-incarcare-2 tag-timisoara-2 tag-trafic-rutier td-container-wrap\">\n<div class=\"td-full-screen-header-image-wrap\">\n<div class=\"td-container td-post-header\">\n<div class=\"td-crumb-container\">\n<div class=\"entry-crumbs\"><span><a title=\"Vede\u021bi toate articolele \u00een Administra\u021bie local\u0103\" class=\"entry-crumb\" href=\"https:\/\/orasul-timisoara.ro\/local-category\/administratie\/\">Administra\u021bie local\u0103<\/a><\/span><span class=\"td-bred-no-url-last\">Amenzi de peste 107.000 de lei pentru \u0219oferii care au blocat sta\u021biile&#8230;<\/span><\/div>\n<\/div>\n<div class=\"td-post-header-holder\">\n<div class=\"td-parallax-header\">\n<header class=\"td-post-title\">\n<ul class=\"td-category\">\n<li class=\"entry-category\"><a href=\"https:\/\/orasul-timisoara.ro\/local-category\/administratie\/\">Administra\u021bie local\u0103<\/a><\/li>\n<li class=\"entry-category\"><a href=\"https:\/\/orasul-timisoara.ro\/local-category\/stiri-timisoara\/\">\u0218tiri Locale<\/a><\/li>\n<\/ul>\n<h1 class=\"entry-title\">Amenzi de peste 107.000 de lei pentru \u0219oferii care au blocat sta\u021biile de \u00eenc\u0103rcare din Timi\u0219oara<\/h1>\n<div class=\"td-module-meta-info\">\n<div class=\"td-post-author-name\">\n<div class=\"td-author-by\">De c\u0103tre<\/div>\n<p><a href=\"https:\/\/orasul-timisoara.ro\/author\/timisoara\/\">redactia<\/a><\/p>\n<div class=\"td-author-line\"> &#8211; <\/div>\n<\/div>\n<p><span class=\"td-post-date\"><time class=\"entry-date updated td-module-date\" datetime=\"2026-08-03T16:59:41+03:00\">03\/08\/2026<\/time><\/span><\/div>\n<\/header>\n<\/div>\n<\/div>\n<\/div>\n<div id=\"td-full-screen-header-image\" class=\"td-image-gradient-style7\"><img decoding=\"async\" class=\"td-backstretch\" src=\"https:\/\/orasul-timisoara.ro\/wp-content\/uploads\/2026\/08\/BLOCAT-STATII-ALIMENTARE.jpg\"><\/div>\n<\/div>\n<div class=\"td-container\">\n<div class=\"td-pb-row\">\n<div class=\"td-pb-span8 td-main-content\" role=\"main\">\n<div class=\"td-ss-main-content\">\n<div class=\"td-post-sharing-top\">\n<div class=\"td-post-sharing-classic\"><iframe title=\"topFacebookLike\" frameborder src=\"https:\/\/www.facebook.com\/plugins\/like.php?href=https:\/\/orasul-timisoara.ro\/local-39968\/&amp;layout=button_count&amp;show_faces=false&amp;width=105&amp;action=like&amp;colorscheme=light&amp;height=21\"><\/iframe><\/div>\n<div id=\"td_social_sharing_article_top\" class=\"td-post-sharing td-ps-bg td-ps-notext td-post-sharing-style1 \">\n<div class=\"td-post-sharing-visible\"><a class=\"td-social-sharing-button td-social-sharing-button-js td-social-network td-social-facebook\" href=\"https:\/\/www.facebook.com\/sharer.php?u=https%3A%2F%2Forasul-timisoara.ro%2Flocal-39968%2F\" title=\"Facebook\"><\/p>\n<div class=\"td-social-but-text\">Facebook<\/div>\n<p><\/a><a class=\"td-social-sharing-button td-social-sharing-button-js td-social-network td-social-twitter\" href=\"https:\/\/twitter.com\/intent\/tweet?text=Amenzi+de+peste+107.000+de+lei+pentru+%C8%99oferii+care+au+blocat+sta%C8%9Biile+de+%C3%AEnc%C4%83rcare+din+Timi%C8%99oara&amp;url=https%3A%2F%2Forasul-timisoara.ro%2Flocal-39968%2F&amp;via=orasultm\" title=\"Twitter\"><\/p>\n<div class=\"td-social-but-text\">Twitter<\/div>\n<p><\/a><a class=\"td-social-sharing-button td-social-sharing-button-js td-social-network td-social-whatsapp\" href=\"https:\/\/api.whatsapp.com\/send?text=Amenzi+de+peste+107.000+de+lei+pentru+%C8%99oferii+care+au+blocat+sta%C8%9Biile+de+%C3%AEnc%C4%83rcare+din+Timi%C8%99oara%20%0A%0A%20https:\/\/orasul-timisoara.ro\/local-39968\/\" title=\"WhatsApp\"><\/p>\n<div class=\"td-social-but-text\">WhatsApp<\/div>\n<p><\/a><a class=\"td-social-sharing-button td-social-sharing-button-js td-social-network td-social-linkedin\" href=\"https:\/\/www.linkedin.com\/shareArticle?mini=true&amp;url=https:\/\/orasul-timisoara.ro\/local-39968\/&amp;title=Amenzi+de+peste+107.000+de+lei+pentru+%C8%99oferii+care+au+blocat+sta%C8%9Biile+de+%C3%AEnc%C4%83rcare+din+Timi%C8%99oara\" title=\"Linkedin\"><\/p>\n<div class=\"td-social-but-text\">Linkedin<\/div>\n<p><\/a><a class=\"td-social-sharing-button td-social-sharing-button-js td-social-network td-social-reddit\" href=\"https:\/\/reddit.com\/submit?url=https:\/\/orasul-timisoara.ro\/local-39968\/&amp;title=Amenzi+de+peste+107.000+de+lei+pentru+%C8%99oferii+care+au+blocat+sta%C8%9Biile+de+%C3%AEnc%C4%83rcare+din+Timi%C8%99oara\" title=\"ReddIt\"><\/p>\n<div class=\"td-social-but-text\">ReddIt<\/div>\n<p><\/a><a class=\"td-social-sharing-button td-social-sharing-button-js td-social-network td-social-mail\" href=\"mailto:?subject=Amenzi%20de%20peste%20107.000%20de%20lei%20pentru%20%C8%99oferii%20care%20au%20blocat%20sta%C8%9Biile%20de%20%C3%AEnc%C4%83rcare%20din%20Timi%C8%99oara&amp;body=https:\/\/orasul-timisoara.ro\/local-39968\/\" title=\"Email\"><\/p>\n<div class=\"td-social-but-text\">Email<\/div>\n<p><\/a><a class=\"td-social-sharing-button td-social-sharing-button-js td-social-network td-social-print\" href=\"https:\/\/orasul-timisoara.ro\/local-39968\/\" title=\"Imprimare\"><\/p>\n<div class=\"td-social-but-text\">Imprimare<\/div>\n<p><\/a><\/div>\n<\/div>\n<\/div>\n<div class=\"td-post-content tagdiv-type\">\n<p class=\"wp-block-paragraph\">Tot mai mul\u021bi \u0219oferi de autovehicule electrice reclam\u0103 ocuparea abuziv\u0103 a locurilor destinate \u00eenc\u0103rc\u0103rii vehiculelor \u00een Timi\u0219oara, iar num\u0103rul sesiz\u0103rilor a crescut \u00een prima jum\u0103tate a acestui an. Poli\u021bia Local\u0103 Timi\u0219oara anun\u021b\u0103 c\u0103 a aplicat amenzi \u00een valoare total\u0103 de 107.260 de lei conduc\u0103torilor auto care au oprit sau au sta\u021bionat ilegal \u00een aceste spa\u021bii special amenajate.<\/p>\n<p class=\"wp-block-paragraph\">Potrivit autorit\u0103\u021bilor, \u00een primele \u0219ase luni ale anului au fost \u00eenregistrate 104 sesiz\u0103ri telefonice din partea cet\u0103\u021benilor care au constatat c\u0103 locurile rezervate \u00eenc\u0103rc\u0103rii autovehiculelor electrice erau ocupate de ma\u0219ini care nu utilizau sta\u021biile de \u00eenc\u0103rcare. \u00cen urma verific\u0103rilor \u0219i a controalelor desf\u0103\u0219urate \u00een teren, poli\u021bi\u0219tii locali au sanc\u021bionat 248 de conduc\u0103tori auto.<\/p>\n<h2 class=\"wp-block-heading\">Peste 100 de sesiz\u0103ri privind ocuparea abuziv\u0103 a sta\u021biilor de \u00eenc\u0103rcare<\/h2>\n<p class=\"wp-block-paragraph\">Sesiz\u0103rile au vizat mai multe zone din municipiu unde sunt amplasate sta\u021bii de \u00eenc\u0103rcare pentru autovehicule electrice. Printre loca\u021biile indicate de cet\u0103\u021beni se num\u0103r\u0103 Parcul Botanic, Pia\u021ba Timi\u0219oara 700, strada Academician Alexandru Borza, Nicolae Titulescu, Plautius Andronescu, Republicii, Martin Luther, Calea Aradului, bulevardul Regele Mihai I, Take Ionescu \u0219i Mihai Viteazul.<\/p>\n<figure class=\"wp-block-gallery has-nested-images columns-default is-cropped wp-block-gallery-1 is-layout-flex wp-block-gallery-is-layout-flex\">\n<figure class=\"wp-block-image size-large\"><img loading=\"lazy\" decoding=\"async\" width=\"1875\" height=\"2500\" data-id=\"39969\" src=\"https:\/\/orasul-timisoara.ro\/wp-content\/uploads\/2026\/08\/statie04-1875x2500.jpg\" alt class=\"wp-image-39969\"><\/figure>\n<figure class=\"wp-block-image size-large\"><img loading=\"lazy\" decoding=\"async\" width=\"1875\" height=\"2500\" data-id=\"39971\" src=\"https:\/\/orasul-timisoara.ro\/wp-content\/uploads\/2026\/08\/statie01-1875x2500.jpg\" alt class=\"wp-image-39971\"><\/figure>\n<figure class=\"wp-block-image size-large\"><img loading=\"lazy\" decoding=\"async\" width=\"1920\" height=\"1440\" data-id=\"39972\" src=\"https:\/\/orasul-timisoara.ro\/wp-content\/uploads\/2026\/08\/statie02.jpg\" alt class=\"wp-image-39972\"><\/figure>\n<figure class=\"wp-block-image size-large\"><img decoding=\"async\" loading=\"lazy\" width=\"1875\" height=\"2500\" data-id=\"39970\" src=\"https:\/\/orasul-timisoara.ro\/wp-content\/uploads\/2026\/08\/statie03-1875x2500.jpg\" alt class=\"wp-image-39970\"><\/figure>\n<\/figure>\n<p class=\"wp-block-paragraph\">Reprezentan\u021bii Poli\u021biei Locale precizeaz\u0103 c\u0103 verific\u0103rile au fost efectuate at\u00e2t \u00een urma reclama\u021biilor primite, c\u00e2t \u0219i \u00een cadrul ac\u021biunilor de patrulare desf\u0103\u0219urate zilnic \u00een ora\u0219.<\/p>\n<h2 class=\"wp-block-heading\">248 de \u0219oferi au fost sanc\u021biona\u021bi \u00een prima jum\u0103tate a anului<\/h2>\n<p class=\"wp-block-paragraph\">\u00cen urma controalelor, 248 de conduc\u0103tori auto au fost amenda\u021bi pentru ocuparea locurilor destinate exclusiv \u00eenc\u0103rc\u0103rii autovehiculelor electrice f\u0103r\u0103 a utiliza sta\u021biile existente.<\/p>\n<p class=\"wp-block-paragraph\">Valoarea total\u0103 a sanc\u021biunilor aplicate \u00een acest an a ajuns la 107.260 de lei, ceea ce reflect\u0103 amploarea fenomenului \u0219i num\u0103rul ridicat al abaterilor constatate de poli\u021bi\u0219tii locali.<\/p>\n<h2 class=\"wp-block-heading\">Ce amenzi risc\u0103 \u0219oferii care parcheaz\u0103 pe locurile destinate \u00eenc\u0103rc\u0103rii electrice<\/h2>\n<p class=\"wp-block-paragraph\">Autorit\u0103\u021bile reamintesc c\u0103 toate sta\u021biile de \u00eenc\u0103rcare sunt semnalizate prin indicatoare rutiere specifice, iar ocuparea acestor locuri f\u0103r\u0103 utilizarea sta\u021biei reprezint\u0103 contraven\u021bie.<\/p>\n<p class=\"wp-block-paragraph\">Conform prevederilor OUG nr. 195\/2002 privind circula\u021bia pe drumurile publice, \u0219oferii care opresc sau sta\u021bioneaz\u0103 ilegal pe aceste locuri risc\u0103 amenzi cuprinse \u00eentre 432,5 lei \u0219i 1.081,25 lei. \u00cen plus, sanc\u021biunea este \u00eenso\u021bit\u0103 de dou\u0103 sau trei puncte de penalizare, iar \u00een anumite situa\u021bii autovehiculul poate fi ridicat.<\/p>\n<h2 class=\"wp-block-heading\">Poli\u021bia Local\u0103 face apel la respectarea locurilor special amenajate<\/h2>\n<p class=\"wp-block-paragraph\">Poli\u021bia Local\u0103 Timi\u0219oara le solicit\u0103 conduc\u0103torilor auto s\u0103 nu blocheze sta\u021biile de \u00eenc\u0103rcare destinate vehiculelor electrice, pentru a permite utilizarea acestora de c\u0103tre cei care au nevoie de ele \u0219i pentru a evita aplicarea sanc\u021biunilor.<\/p>\n<p class=\"wp-block-paragraph\">Institu\u021bia subliniaz\u0103 c\u0103 aceste locuri beneficiaz\u0103 de un regim special, la fel ca spa\u021biile rezervate taximetrelor, zonele pentru \u00eembarcarea \u0219i debarcarea turi\u0219tilor sau locurile destinate persoanelor cu dizabilit\u0103\u021bi. Toate aceste zone sunt marcate corespunz\u0103tor, iar indicatoarele rutiere trebuie respectate de to\u021bi participan\u021bii la trafic.<\/p>\n<h2 class=\"wp-block-heading\">Cre\u0219terea num\u0103rului de ma\u0219ini electrice impune respectarea regulilor<\/h2>\n<p class=\"wp-block-paragraph\">Pe m\u0103sur\u0103 ce num\u0103rul autovehiculelor electrice aflate \u00een circula\u021bie cre\u0219te, infrastructura de \u00eenc\u0103rcare devine tot mai important\u0103 pentru mobilitatea urban\u0103. Blocarea locurilor dedicate afecteaz\u0103 direct \u0219oferii care depind de aceste sta\u021bii pentru alimentarea vehiculelor \u0219i poate crea dificult\u0103\u021bi \u00een utilizarea re\u021belei publice de \u00eenc\u0103rcare.<\/p>\n<p class=\"wp-block-paragraph\">Autorit\u0103\u021bile locale anun\u021b\u0103 c\u0103 vor continua verific\u0103rile \u0219i vor interveni at\u00e2t \u00een urma sesiz\u0103rilor primite de la cet\u0103\u021beni, c\u00e2t \u0219i prin controalele desf\u0103\u0219urate \u00een teren, pentru a descuraja ocuparea ilegal\u0103 a locurilor destinate \u00eenc\u0103rc\u0103rii autovehiculelor electrice.<\/p>\n<\/div>\n<footer>\n<div class=\"td-post-source-tags\">\n<ul class=\"td-tags td-post-small-box clearfix\">\n<li><span>ETICHETE<\/span><\/li>\n<li><a href=\"https:\/\/orasul-timisoara.ro\/local-tag\/amenzi\/\">amenzi<\/a><\/li>\n<li><a href=\"https:\/\/orasul-timisoara.ro\/local-tag\/conducatori-auto-2\/\">conduc\u0103tori auto<\/a><\/li>\n<li><a href=\"https:\/\/orasul-timisoara.ro\/local-tag\/infrastructura-electrica\/\">infrastructur\u0103 electric\u0103<\/a><\/li>\n<li><a href=\"https:\/\/orasul-timisoara.ro\/local-tag\/masini-electrice-2\/\">ma\u0219ini electrice<\/a><\/li>\n<li><a href=\"https:\/\/orasul-timisoara.ro\/local-tag\/mobilitate-electrica\/\">mobilitate electric\u0103<\/a><\/li>\n<li><a href=\"https:\/\/orasul-timisoara.ro\/local-tag\/oug-195-2002-2\/\">OUG 195\/2002<\/a><\/li>\n<li><a href=\"https:\/\/orasul-timisoara.ro\/local-tag\/parcare-ilegala\/\">parcare ilegal\u0103<\/a><\/li>\n<li><a href=\"https:\/\/orasul-timisoara.ro\/local-tag\/politia-locala-timisoara-2\/\">Poli\u021bia Local\u0103 Timi\u0219oara<\/a><\/li>\n<li><a href=\"https:\/\/orasul-timisoara.ro\/local-tag\/sanctiuni-2\/\">sanc\u021biuni<\/a><\/li>\n<li><a href=\"https:\/\/orasul-timisoara.ro\/local-tag\/statii-de-incarcare-2\/\">sta\u021bii de \u00eenc\u0103rcare<\/a><\/li>\n<li><a href=\"https:\/\/orasul-timisoara.ro\/local-tag\/timisoara-2\/\">timi\u0219oara<\/a><\/li>\n<li><a href=\"https:\/\/orasul-timisoara.ro\/local-tag\/trafic-rutier\/\">trafic rutier<\/a><\/li>\n<\/ul>\n<\/div>\n<div class=\"td-post-sharing-bottom\">\n<div class=\"td-post-sharing-classic\"><iframe title=\"bottomFacebookLike\" frameborder src=\"https:\/\/www.facebook.com\/plugins\/like.php?href=https:\/\/orasul-timisoara.ro\/local-39968\/&amp;layout=button_count&amp;show_faces=false&amp;width=105&amp;action=like&amp;colorscheme=light&amp;height=21\"><\/iframe><\/div>\n<div id=\"td_social_sharing_article_bottom\" class=\"td-post-sharing td-ps-bg td-ps-notext td-post-sharing-style1 \">\n<div class=\"td-post-sharing-visible\"><a class=\"td-social-sharing-button td-social-sharing-button-js td-social-network td-social-facebook\" href=\"https:\/\/www.facebook.com\/sharer.php?u=https%3A%2F%2Forasul-timisoara.ro%2Flocal-39968%2F\" title=\"Facebook\"><\/p>\n<div class=\"td-social-but-text\">Facebook<\/div>\n<p><\/a><a class=\"td-social-sharing-button td-social-sharing-button-js td-social-network td-social-twitter\" href=\"https:\/\/twitter.com\/intent\/tweet?text=Amenzi+de+peste+107.000+de+lei+pentru+%C8%99oferii+care+au+blocat+sta%C8%9Biile+de+%C3%AEnc%C4%83rcare+din+Timi%C8%99oara&amp;url=https%3A%2F%2Forasul-timisoara.ro%2Flocal-39968%2F&amp;via=orasultm\" title=\"Twitter\"><\/p>\n<div class=\"td-social-but-text\">Twitter<\/div>\n<p><\/a><a class=\"td-social-sharing-button td-social-sharing-button-js td-social-network td-social-whatsapp\" href=\"https:\/\/api.whatsapp.com\/send?text=Amenzi+de+peste+107.000+de+lei+pentru+%C8%99oferii+care+au+blocat+sta%C8%9Biile+de+%C3%AEnc%C4%83rcare+din+Timi%C8%99oara%20%0A%0A%20https:\/\/orasul-timisoara.ro\/local-39968\/\" title=\"WhatsApp\"><\/p>\n<div class=\"td-social-but-text\">WhatsApp<\/div>\n<p><\/a><a class=\"td-social-sharing-button td-social-sharing-button-js td-social-network td-social-linkedin\" href=\"https:\/\/www.linkedin.com\/shareArticle?mini=true&amp;url=https:\/\/orasul-timisoara.ro\/local-39968\/&amp;title=Amenzi+de+peste+107.000+de+lei+pentru+%C8%99oferii+care+au+blocat+sta%C8%9Biile+de+%C3%AEnc%C4%83rcare+din+Timi%C8%99oara\" title=\"Linkedin\"><\/p>\n<div class=\"td-social-but-text\">Linkedin<\/div>\n<p><\/a><a class=\"td-social-sharing-button td-social-sharing-button-js td-social-network td-social-reddit\" href=\"https:\/\/reddit.com\/submit?url=https:\/\/orasul-timisoara.ro\/local-39968\/&amp;title=Amenzi+de+peste+107.000+de+lei+pentru+%C8%99oferii+care+au+blocat+sta%C8%9Biile+de+%C3%AEnc%C4%83rcare+din+Timi%C8%99oara\" title=\"ReddIt\"><\/p>\n<div class=\"td-social-but-text\">ReddIt<\/div>\n<p><\/a><a class=\"td-social-sharing-button td-social-sharing-button-js td-social-network td-social-mail\" href=\"mailto:?subject=Amenzi%20de%20peste%20107.000%20de%20lei%20pentru%20%C8%99oferii%20care%20au%20blocat%20sta%C8%9Biile%20de%20%C3%AEnc%C4%83rcare%20din%20Timi%C8%99oara&amp;body=https:\/\/orasul-timisoara.ro\/local-39968\/\" title=\"Email\"><\/p>\n<div class=\"td-social-but-text\">Email<\/div>\n<p><\/a><a class=\"td-social-sharing-button td-social-sharing-button-js td-social-network td-social-print\" href=\"https:\/\/orasul-timisoara.ro\/local-39968\/\" title=\"Imprimare\"><\/p>\n<div class=\"td-social-but-text\">Imprimare<\/div>\n<p><\/a><\/div>\n<\/div>\n<\/div>\n<div class=\"td-block-row td-post-next-prev\">\n<div class=\"td-block-span6 td-post-prev-post\">\n<div class=\"td-post-next-prev-content\"><span>Articolul precedent<\/span><a href=\"https:\/\/orasul-timisoara.ro\/local-39965\/\">Ilie Bolojan anun\u021b\u0103 m\u0103suri pentru reducerea consumului de energie \u0219i preg\u0103te\u0219te un mecanism de limitare pentru marii consumatori<\/a><\/div>\n<\/div>\n<div class=\"td-block-span6 td-post-next-post\">\n<div class=\"td-post-next-prev-content\"><span>Articolul urm\u0103tor<\/span><a href=\"https:\/\/orasul-timisoara.ro\/local-39975\/\">Dominic Fritz, de Ziua Timi\u0219oarei: \u201eNu a\u0219 vrea s\u0103 locuiesc niciunde altundeva \u00een lume\u201d<\/a><\/div>\n<\/div>\n<\/div>\n<div class=\"td-author-name vcard author\"><span class=\"fn\"><a href=\"https:\/\/orasul-timisoara.ro\/author\/timisoara\/\">redactia<\/a><\/span><\/div>\n<p><span class=\"td-page-meta\"><\/span><span class=\"td-page-meta\"><span class=\"td-page-meta\"><\/span><\/span><span class=\"td-page-meta\"><\/span><\/footer>\n<div class=\"td_block_wrap td_block_related_posts tdi_3 td_with_ajax_pagination td-pb-border-top td_block_template_8\" data-td-block-uid=\"tdi_3\">\n<h4 class=\"td-related-title td-block-title\"><a id=\"tdi_4\" class=\"td-related-left td-cur-simple-item\" data-td_filter_value data-td_block_id=\"tdi_3\" href=\"https:\/\/orasul-timisoara.ro\/local-39968\/\">ARTICOLE SIMILARE<\/a><a id=\"tdi_5\" class=\"td-related-right\" data-td_filter_value=\"td_related_more_from_author\" data-td_block_id=\"tdi_3\" href=\"https:\/\/orasul-timisoara.ro\/local-39968\/\">DE LA ACELA\u0218I AUTOR<\/a><\/h4>\n<div id=\"tdi_3\" class=\"td_block_inner\">\n<div class=\"td-related-row\">\n<div class=\"td-related-span4\">\n<div class=\"td_module_related_posts td-animation-stack td_mod_related_posts\">\n<div class=\"td-module-image\">\n<div class=\"td-module-thumb\"><a href=\"https:\/\/orasul-timisoara.ro\/local-39916\/\" rel=\"bookmark\" class=\"td-image-wrap \" title=\"Poli\u021bia Local\u0103 Timi\u0219oara a aplicat amenzi de 75.000 de lei dup\u0103 incendierea unor de\u0219euri\"><img loading=\"lazy\" decoding=\"async\" class=\"entry-thumb\" src=\"https:\/\/orasul-timisoara.ro\/wp-content\/uploads\/2026\/07\/colaj-foc-436x300.jpg\" alt title=\"Poli\u021bia Local\u0103 Timi\u0219oara a aplicat amenzi de 75.000 de lei dup\u0103 incendierea unor de\u0219euri\" width=\"218\" height=\"150\"><\/a><\/div>\n<\/div>\n<div class=\"item-details\">\n<h3 class=\"entry-title td-module-title\"><a href=\"https:\/\/orasul-timisoara.ro\/local-39916\/\" rel=\"bookmark\" title=\"Poli\u021bia Local\u0103 Timi\u0219oara a aplicat amenzi de 75.000 de lei dup\u0103 incendierea unor de\u0219euri\">Poli\u021bia Local\u0103 Timi\u0219oara a aplicat amenzi de 75.000 de lei dup\u0103 incendierea unor de\u0219euri<\/a><\/h3>\n<\/div>\n<\/div>\n<\/div>\n<div class=\"td-related-span4\">\n<div class=\"td_module_related_posts td-animation-stack td_mod_related_posts\">\n<div class=\"td-module-image\">\n<div class=\"td-module-thumb\"><a href=\"https:\/\/orasul-timisoara.ro\/local-39726\/\" rel=\"bookmark\" class=\"td-image-wrap \" title=\"Ac\u021biune de amploare a poli\u021biei \u00een Timi\u0219oara: amenzi, permise re\u021binute \u0219i un urm\u0103rit interna\u021bional depistat (foto)\"><img loading=\"lazy\" decoding=\"async\" class=\"entry-thumb\" src=\"https:\/\/orasul-timisoara.ro\/wp-content\/uploads\/2026\/07\/WhatsApp-Image-2026-07-18-at-13.29.39-436x300.jpg\" alt title=\"Ac\u021biune de amploare a poli\u021biei \u00een Timi\u0219oara: amenzi, permise re\u021binute \u0219i un urm\u0103rit interna\u021bional depistat (foto)\" width=\"218\" height=\"150\"><\/a><\/div>\n<\/div>\n<div class=\"item-details\">\n<h3 class=\"entry-title td-module-title\"><a href=\"https:\/\/orasul-timisoara.ro\/local-39726\/\" rel=\"bookmark\" title=\"Ac\u021biune de amploare a poli\u021biei \u00een Timi\u0219oara: amenzi, permise re\u021binute \u0219i un urm\u0103rit interna\u021bional depistat (foto)\">Ac\u021biune de amploare a poli\u021biei \u00een Timi\u0219oara: amenzi, permise re\u021binute \u0219i un urm\u0103rit interna\u021bional depistat (foto)<\/a><\/h3>\n<\/div>\n<\/div>\n<\/div>\n<div class=\"td-related-span4\">\n<div class=\"td_module_related_posts td-animation-stack td_mod_related_posts\">\n<div class=\"td-module-image\">\n<div class=\"td-module-thumb\"><a href=\"https:\/\/orasul-timisoara.ro\/local-39710\/\" rel=\"bookmark\" class=\"td-image-wrap \" title=\"Poli\u021bia Local\u0103 Timi\u0219oara a amendat 158 de asocia\u021bii de proprietari pentru nereguli\"><img loading=\"lazy\" decoding=\"async\" class=\"entry-thumb\" src=\"https:\/\/orasul-timisoara.ro\/wp-content\/uploads\/2026\/07\/Cartier01-436x300.jpg\" alt title=\"Poli\u021bia Local\u0103 Timi\u0219oara a amendat 158 de asocia\u021bii de proprietari pentru nereguli\" width=\"218\" height=\"150\"><\/a><\/div>\n<\/div>\n<div class=\"item-details\">\n<h3 class=\"entry-title td-module-title\"><a href=\"https:\/\/orasul-timisoara.ro\/local-39710\/\" rel=\"bookmark\" title=\"Poli\u021bia Local\u0103 Timi\u0219oara a amendat 158 de asocia\u021bii de proprietari pentru nereguli\">Poli\u021bia Local\u0103 Timi\u0219oara a amendat 158 de asocia\u021bii de proprietari pentru nereguli<\/a><\/h3>\n<\/div>\n<\/div>\n<\/div>\n<\/div>\n<\/div>\n<\/div>\n<div class=\"comments\" id=\"comments\">\n<div id=\"respond\" class=\"comment-respond\">\n<h3 id=\"reply-title\" class=\"comment-reply-title\">L\u0102SA\u021aI UN MESAJ<\/h3>\n<div class=\"comment-form-input-wrap td-form-comment\">\n<div class=\"td-warning-comment\">V\u0103 rug\u0103m s\u0103 introduce\u021bi comentariul dvs.!<\/div>\n<\/div>\n<div class=\"comment-form-input-wrap td-form-author\">\n<div class=\"td-warning-author\">Introduce\u021bi aici numele dvs.<\/div>\n<\/div>\n<div class=\"comment-form-input-wrap td-form-email\">\n<div class=\"td-warning-email-error\">A\u021bi introdus o adres\u0103 de e-mail incorect\u0103!<\/div>\n<div class=\"td-warning-email\">V\u0103 rug\u0103m s\u0103 introduce\u021bi adresa dvs. de e-mail aici<\/div>\n<\/div>\n<\/div>\n<p class=\"akismet_comment_form_privacy_notice\">Acest site folose\u0219te Akismet pentru a reduce spamul. <a href=\"https:\/\/akismet.com\/privacy\/\" target=\"_blank\" rel=\"nofollow noopener\">Afl\u0103 cum sunt procesate datele comentariilor tale<\/a>.<\/p>\n<\/div>\n<\/div>\n<\/div>\n<div class=\"td-pb-span4 td-main-sidebar\" role=\"complementary\">\n<div class=\"td-ss-main-sidebar\">\n<aside id=\"block-4\" class=\"td_block_template_8 widget block-4 widget_block widget_media_image\">\n<figure class=\"wp-block-image size-full\"><img decoding=\"async\" loading=\"lazy\" width=\"336\" height=\"280\" src=\"https:\/\/orasul-timisoara.ro\/wp-content\/uploads\/2024\/11\/ReTIM-Abonamentul-Verde-Google-Ads-336x280px.gif\" alt class=\"wp-image-29257\"><\/figure>\n<\/aside>\n<div class=\"td_block_wrap td_block_social_counter td_block_widget tdi_6 td-social-style5 td-social-boxed td-pb-border-top td_block_template_8\">\n<div class=\"td-block-title-wrap\">\n<h4 class=\"td-block-title\"><span>Urm\u0103re\u0219te-ne pe Social Media<\/span><\/h4>\n<\/div>\n<div class=\"td-social-list\">\n<div class=\"td_social_type td-pb-margin-side td_social_facebook\">\n<div class=\"td-social-box\"><span class=\"td_social_info td_social_info_counter\">344,595<\/span><span class=\"td_social_info td_social_info_name\">Fani<\/span><span class=\"td_social_button\"><a href=\"https:\/\/www.facebook.com\/247timisoara\" target=\"_blank\" rel=\"nofollow\">\u00cemi place<\/a><\/span><\/div>\n<\/div>\n<div class=\"td_social_type td-pb-margin-side td_social_instagram\">\n<div class=\"td-social-box\"><span class=\"td_social_info td_social_info_counter\">4,416<\/span><span class=\"td_social_info td_social_info_name\">Cititori<\/span><span class=\"td_social_button\"><a href=\"https:\/\/instagram.com\/orasultimisoararo\/\" target=\"_blank\" rel=\"nofollow\">Conecta\u021bi-v\u0103<\/a><\/span><\/div>\n<\/div>\n<div class=\"td_social_type td-pb-margin-side td_social_rss\">\n<div class=\"td-social-box\"><span class=\"td_social_info td_social_info_counter\">12,506<\/span><span class=\"td_social_info td_social_info_name\">Cititori<\/span><span class=\"td_social_button\"><a href=\"https:\/\/orasul-timisoara.ro\/feed\/\" target=\"_blank\" rel=\"nofollow\">Conecta\u021bi-v\u0103<\/a><\/span><\/div>\n<\/div>\n<div class=\"td_social_type td-pb-margin-side td_social_tiktok\">\n<div class=\"td-social-box\"><span class=\"td_social_info td_social_info_counter\">1,500<\/span><span class=\"td_social_info td_social_info_name\">Cititori<\/span><span class=\"td_social_button\"><a href=\"https:\/\/www.tiktok.com\/@orasultimisoara\" target=\"_blank\" rel=\"nofollow\">Conecta\u021bi-v\u0103<\/a><\/span><\/div>\n<\/div>\n<div class=\"td_social_type td-pb-margin-side td_social_twitter\">\n<div class=\"td-social-box\"><span class=\"td_social_info td_social_info_counter\">1,595<\/span><span class=\"td_social_info td_social_info_name\">Cititori<\/span><span class=\"td_social_button\"><a href=\"https:\/\/twitter.com\/orasultm\" target=\"_blank\" rel=\"nofollow\">Conecta\u021bi-v\u0103<\/a><\/span><\/div>\n<\/div>\n<div class=\"td_social_type td-pb-margin-side td_social_youtube\">\n<div class=\"td-social-box\"><span class=\"td_social_info td_social_info_counter\">3,506<\/span><span class=\"td_social_info td_social_info_name\">Abona\u021bi<\/span><span class=\"td_social_button\"><a href=\"https:\/\/www.youtube.com\/channel\/UCQNsQvs2XCSIm1Z-AHRturw?sub_confirmation=1\" target=\"_blank\" rel=\"nofollow\">Abona\u021bi-v\u0103<\/a><\/span><\/div>\n<\/div>\n<\/div>\n<\/div>\n<aside id=\"text-7\" class=\"td_block_template_8 widget text-7 widget_text\">\n<h4 class=\"td-block-title\"><span>C\u0103ut\u0103ri populare pe OTM<\/span><\/h4>\n<div class=\"textwidget\"><a href=\"https:\/\/orasul-timisoara.ro\/?s=timisoara\"><span>Timisoara<\/span><\/a><a href=\"https:\/\/orasul-timisoara.ro\/?s=calin+dobra\"><span>Calin Dobra<\/span><\/a><a href=\"https:\/\/orasul-timisoara.ro\/?s=primaria+timisoara\"><span>Primaria Timisoara<\/span><\/a><a href=\"https:\/\/orasul-timisoara.ro\/?s=dominic+fritz\"><span>Dominic Fritz<\/span><\/a><a href=\"https:\/\/orasul-timisoara.ro\/?s=nicolae+robu\"><span>Nicolae Robu<\/span><\/a><a href=\"https:\/\/orasul-timisoara.ro\/?s=consiliul+local+timisoara\">Consiliul Local Timisoara<\/a><a href=\"https:\/\/orasul-timisoara.ro\/?s=consiliul+judetean+timis\"><span>Consiliul Judetean Timis<\/span><\/a><a href=\"https:\/\/orasul-timisoara.ro\/?s=cjt\"><span>CJT<\/span><\/a><a href=\"https:\/\/orasul-timisoara.ro\/?s=Alfred+Simonis\"><span>Alfred Simonis<\/span><\/a><a href=\"https:\/\/orasul-timisoara.ro\/?s=PNL\"><span>PNL<\/span><\/a><a href=\"https:\/\/orasul-timisoara.ro\/?s=coronavirus\"><span>coronavirus<\/span><\/a><a href=\"https:\/\/orasul-timisoara.ro\/?s=teatru+timisoara\">teatru Timisoara<\/a><a href=\"https:\/\/orasul-timisoara.ro\/?s=restaurante\"><span>restaurante Timisoara<\/span><\/a><a href=\"https:\/\/orasul-timisoara.ro\/?s=diskoteka\"><span>Diskoteka<\/span><\/a><a href=\"https:\/\/orasul-timisoara.ro\/?s=iulius+town\"><span>Iulius Town<\/span><\/a><a href=\"https:\/\/orasul-timisoara.ro\/?s=iulius+mall\"><span>Iulius Mall<\/span><\/a><a href=\"https:\/\/orasul-timisoara.ro\/?s=stpt\"><span>STPT<\/span><\/a><a href=\"https:\/\/orasul-timisoara.ro\/?s=alin+nica\"><span>Alin Nica<\/span><\/a><a href=\"https:\/\/orasul-timisoara.ro\/?s=psd\"><span>PSD<\/span><\/a><a href=\"https:\/\/orasul-timisoara.ro\/?s=aeroport\"><span>Aeroportul International Timisoara<\/span><\/a><a href=\"https:\/\/orasul-timisoara.ro\/?s=babes\"><span>Spitalul Victor Babes Timisoara<\/span><\/a><a href=\"https:\/\/orasul-timisoara.ro\/?s=poli\"><span>Poli Timi\u0219oara<\/span><\/a><a href=\"https:\/\/orasul-timisoara.ro\/?s=carantina\"><span>carantina<\/span><\/a><a href=\"https:\/\/orasul-timisoara.ro\/?s=aquatim\"><span>Aquatim<\/span><\/a><a href=\"https:\/\/orasul-timisoara.ro\/local-category\/stiri-timisoara\/\"><span>Stiri Timisoara<\/span><\/a><a href=\"https:\/\/orasul-timisoara.ro\/local-category\/investitii-in-timisoara\/\"><span>Investi\u021bii in Timi\u0219oara<\/span><\/a><a href=\"https:\/\/orasul-timisoara.ro\/local-9463\/\"><span>shaorma<\/span><\/a><a href=\"https:\/\/orasul-timisoara.ro\/?s=trafic\"><span>trafic rutier<\/span><\/a><a href=\"https:\/\/orasul-timisoara.ro\/?s=politia\"><span>politia locala timisoara<\/span><\/a><a href=\"https:\/\/orasul-timisoara.ro\/?s=roxana\"><span>Roxana Iliescu<\/span><\/a><a href=\"https:\/\/orasul-timisoara.ro\/?s=colterm\"><span>Colterm<\/span><\/a><a href=\"https:\/\/orasul-timisoara.ro\/?s=latcau\"><span>Ruben La\u021bc\u0103u<\/span><\/a><a href=\"https:\/\/orasul-timisoara.ro\/?s=timis\"><span>\u0218tiri din Timi\u0219<\/span><\/a><a href=\"https:\/\/orasul-timisoara.ro\/?s=spital\"><span>Spitale din Timi\u0219oara<\/span><\/a><a href=\"https:\/\/orasul-timisoara.ro\/?s=tabara\"><span>Cosmin Tab\u0103r\u0103<\/span><\/a><\/div>\n<\/aside>\n<aside id=\"rss-2\" class=\"td_block_template_8 widget rss-2 widget_rss\">\n<h4 class=\"td-block-title\"><span><a class=\"rsswidget rss-widget-feed\" href=\"https:\/\/fashionfridays.ro\/feed\"><img decoding=\"async\" class=\"rss-widget-icon\" width=\"14\" height=\"14\" src=\"https:\/\/orasul-timisoara.ro\/wp-includes\/images\/rss.png\" alt=\"RSS\" loading=\"lazy\"><\/a><a class=\"rsswidget rss-widget-title\" href=\"https:\/\/fashionfridays.ro\/\">Fashion Fridays<\/a><\/span><\/h4>\n<ul>\n<li><a class=\"rsswidget\" href=\"https:\/\/fashionfridays.ro\/romania-devine-a-29-a-piata-vogue-o-noua-era-pentru-industria-locala-de-moda\/\">Rom\u00e2nia devine a 29-a pia\u021b\u0103 Vogue: o nou\u0103 er\u0103 pentru industria local\u0103 de mod\u0103<\/a>\n<div class=\"rssSummary\">Revista Vogue \u00ee\u0219i extinde prezen\u021ba global\u0103 \u0219i va fi lansat\u0103 oficial \u00een Rom\u00e2nia \u00een prim\u0103vara anului 2027, marc\u00e2nd intrarea pe cea de-a 29-a pia\u021b\u0103 interna\u021bional\u0103. Proiectul este realizat \u00een parteneriat cu AEMME Publishing, o companie media recent \u00eenfiin\u021bat\u0103, care va publica edi\u021bia local\u0103 sub licen\u021b\u0103. Noua edi\u021bie, Vogue Rom\u00e2nia, \u00ee\u0219i propune s\u0103 combine autoritatea global\u0103 [\u2026]<\/div>\n<\/li>\n<\/ul>\n<\/aside>\n<aside id=\"rss-4\" class=\"td_block_template_8 widget rss-4 widget_rss\">\n<h4 class=\"td-block-title\"><span><a class=\"rsswidget rss-widget-feed\" href=\"https:\/\/emasini.ro\/feed\"><img decoding=\"async\" class=\"rss-widget-icon\" width=\"14\" height=\"14\" src=\"https:\/\/orasul-timisoara.ro\/wp-includes\/images\/rss.png\" alt=\"RSS\" loading=\"lazy\"><\/a><a class=\"rsswidget rss-widget-title\" href=\"https:\/\/emasini.ro\/\">eMasini<\/a><\/span><\/h4>\n<ul>\n<li><a class=\"rsswidget\" href=\"https:\/\/emasini.ro\/bmw-testeaza-noul-i4-convertible-primul-cabrio-electric-accesibil-al-marcii\/\">BMW testeaz\u0103 noul i4 Convertible, primul cabrio electric accesibil al m\u0103rcii<\/a>\n<div class=\"rssSummary\">BMW accelereaz\u0103 dezvoltarea noii genera\u021bii de modele electrice bazate pe platforma Neue Klasse, iar unul dintre cele mai interesante proiecte aflate \u00een teste este viitorul BMW i4 Convertible. Prototipul camuflat a fost surprins pe \u0219osele, confirm\u00e2nd c\u0103 produc\u0103torul german preg\u0103te\u0219te o decapotabil\u0103 electric\u0103 destinat\u0103 unui segment \u00een care oferta este, \u00een prezent, extrem de limitat\u0103. [\u2026]<\/div>\n<\/li>\n<\/ul>\n<\/aside>\n<\/div>\n<\/div>\n<\/div>\n<\/div>\n<\/article>\n<div class=\"td-post-content tagdiv-type\">\n<p class=\"wp-block-paragraph\">Tot mai mul\u021bi \u0219oferi de autovehicule electrice reclam\u0103 ocuparea abuziv\u0103 a locurilor destinate \u00eenc\u0103rc\u0103rii vehiculelor \u00een Timi\u0219oara, iar num\u0103rul sesiz\u0103rilor a crescut \u00een prima jum\u0103tate a acestui an. Poli\u021bia Local\u0103 Timi\u0219oara anun\u021b\u0103 c\u0103 a aplicat amenzi \u00een valoare total\u0103 de 107.260 de lei conduc\u0103torilor auto care au oprit sau au sta\u021bionat ilegal \u00een aceste spa\u021bii special amenajate.<\/p>\n<p class=\"wp-block-paragraph\">Potrivit autorit\u0103\u021bilor, \u00een primele \u0219ase luni ale anului au fost \u00eenregistrate 104 sesiz\u0103ri telefonice din partea cet\u0103\u021benilor care au constatat c\u0103 locurile rezervate \u00eenc\u0103rc\u0103rii autovehiculelor electrice erau ocupate de ma\u0219ini care nu utilizau sta\u021biile de \u00eenc\u0103rcare. \u00cen urma verific\u0103rilor \u0219i a controalelor desf\u0103\u0219urate \u00een teren, poli\u021bi\u0219tii locali au sanc\u021bionat 248 de conduc\u0103tori auto.<\/p>\n<h2 class=\"wp-block-heading\">Peste 100 de sesiz\u0103ri privind ocuparea abuziv\u0103 a sta\u021biilor de \u00eenc\u0103rcare<\/h2>\n<p class=\"wp-block-paragraph\">Sesiz\u0103rile au vizat mai multe zone din municipiu unde sunt amplasate sta\u021bii de \u00eenc\u0103rcare pentru autovehicule electrice. Printre loca\u021biile indicate de cet\u0103\u021beni se num\u0103r\u0103 Parcul Botanic, Pia\u021ba Timi\u0219oara 700, strada Academician Alexandru Borza, Nicolae Titulescu, Plautius Andronescu, Republicii, Martin Luther, Calea Aradului, bulevardul Regele Mihai I, Take Ionescu \u0219i Mihai Viteazul.<\/p>\n<figure class=\"wp-block-gallery has-nested-images columns-default is-cropped wp-block-gallery-1 is-layout-flex wp-block-gallery-is-layout-flex\">\n<figure class=\"wp-block-image size-large\"><img loading=\"lazy\" decoding=\"async\" width=\"1875\" height=\"2500\" data-id=\"39969\" src=\"https:\/\/orasul-timisoara.ro\/wp-content\/uploads\/2026\/08\/statie04-1875x2500.jpg\" alt class=\"wp-image-39969\"><\/figure>\n<figure class=\"wp-block-image size-large\"><img loading=\"lazy\" decoding=\"async\" width=\"1875\" height=\"2500\" data-id=\"39971\" src=\"https:\/\/orasul-timisoara.ro\/wp-content\/uploads\/2026\/08\/statie01-1875x2500.jpg\" alt class=\"wp-image-39971\"><\/figure>\n<figure class=\"wp-block-image size-large\"><img loading=\"lazy\" decoding=\"async\" width=\"1920\" height=\"1440\" data-id=\"39972\" src=\"https:\/\/orasul-timisoara.ro\/wp-content\/uploads\/2026\/08\/statie02.jpg\" alt class=\"wp-image-39972\"><\/figure>\n<figure class=\"wp-block-image size-large\"><img decoding=\"async\" loading=\"lazy\" width=\"1875\" height=\"2500\" data-id=\"39970\" src=\"https:\/\/orasul-timisoara.ro\/wp-content\/uploads\/2026\/08\/statie03-1875x2500.jpg\" alt class=\"wp-image-39970\"><\/figure>\n<\/figure>\n<p class=\"wp-block-paragraph\">Reprezentan\u021bii Poli\u021biei Locale precizeaz\u0103 c\u0103 verific\u0103rile au fost efectuate at\u00e2t \u00een urma reclama\u021biilor primite, c\u00e2t \u0219i \u00een cadrul ac\u021biunilor de patrulare desf\u0103\u0219urate zilnic \u00een ora\u0219.<\/p>\n<h2 class=\"wp-block-heading\">248 de \u0219oferi au fost sanc\u021biona\u021bi \u00een prima jum\u0103tate a anului<\/h2>\n<p class=\"wp-block-paragraph\">\u00cen urma controalelor, 248 de conduc\u0103tori auto au fost amenda\u021bi pentru ocuparea locurilor destinate exclusiv \u00eenc\u0103rc\u0103rii autovehiculelor electrice f\u0103r\u0103 a utiliza sta\u021biile existente.<\/p>\n<p class=\"wp-block-paragraph\">Valoarea total\u0103 a sanc\u021biunilor aplicate \u00een acest an a ajuns la 107.260 de lei, ceea ce reflect\u0103 amploarea fenomenului \u0219i num\u0103rul ridicat al abaterilor constatate de poli\u021bi\u0219tii locali.<\/p>\n<h2 class=\"wp-block-heading\">Ce amenzi risc\u0103 \u0219oferii care parcheaz\u0103 pe locurile destinate \u00eenc\u0103rc\u0103rii electrice<\/h2>\n<p class=\"wp-block-paragraph\">Autorit\u0103\u021bile reamintesc c\u0103 toate sta\u021biile de \u00eenc\u0103rcare sunt semnalizate prin indicatoare rutiere specifice, iar ocuparea acestor locuri f\u0103r\u0103 utilizarea sta\u021biei reprezint\u0103 contraven\u021bie.<\/p>\n<p class=\"wp-block-paragraph\">Conform prevederilor OUG nr. 195\/2002 privind circula\u021bia pe drumurile publice, \u0219oferii care opresc sau sta\u021bioneaz\u0103 ilegal pe aceste locuri risc\u0103 amenzi cuprinse \u00eentre 432,5 lei \u0219i 1.081,25 lei. \u00cen plus, sanc\u021biunea este \u00eenso\u021bit\u0103 de dou\u0103 sau trei puncte de penalizare, iar \u00een anumite situa\u021bii autovehiculul poate fi ridicat.<\/p>\n<h2 class=\"wp-block-heading\">Poli\u021bia Local\u0103 face apel la respectarea locurilor special amenajate<\/h2>\n<p class=\"wp-block-paragraph\">Poli\u021bia Local\u0103 Timi\u0219oara le solicit\u0103 conduc\u0103torilor auto s\u0103 nu blocheze sta\u021biile de \u00eenc\u0103rcare destinate vehiculelor electrice, pentru a permite utilizarea acestora de c\u0103tre cei care au nevoie de ele \u0219i pentru a evita aplicarea sanc\u021biunilor.<\/p>\n<p class=\"wp-block-paragraph\">Institu\u021bia subliniaz\u0103 c\u0103 aceste locuri beneficiaz\u0103 de un regim special, la fel ca spa\u021biile rezervate taximetrelor, zonele pentru \u00eembarcarea \u0219i debarcarea turi\u0219tilor sau locurile destinate persoanelor cu dizabilit\u0103\u021bi. Toate aceste zone sunt marcate corespunz\u0103tor, iar indicatoarele rutiere trebuie respectate de to\u021bi participan\u021bii la trafic.<\/p>\n<h2 class=\"wp-block-heading\">Cre\u0219terea num\u0103rului de ma\u0219ini electrice impune respectarea regulilor<\/h2>\n<p class=\"wp-block-paragraph\">Pe m\u0103sur\u0103 ce num\u0103rul autovehiculelor electrice aflate \u00een circula\u021bie cre\u0219te, infrastructura de \u00eenc\u0103rcare devine tot mai important\u0103 pentru mobilitatea urban\u0103. Blocarea locurilor dedicate afecteaz\u0103 direct \u0219oferii care depind de aceste sta\u021bii pentru alimentarea vehiculelor \u0219i poate crea dificult\u0103\u021bi \u00een utilizarea re\u021belei publice de \u00eenc\u0103rcare.<\/p>\n<p class=\"wp-block-paragraph\">Autorit\u0103\u021bile locale anun\u021b\u0103 c\u0103 vor continua verific\u0103rile \u0219i vor interveni at\u00e2t \u00een urma sesiz\u0103rilor primite de la cet\u0103\u021beni, c\u00e2t \u0219i prin controalele desf\u0103\u0219urate \u00een teren, pentru a descuraja ocuparea ilegal\u0103 a locurilor destinate \u00eenc\u0103rc\u0103rii autovehiculelor electrice.<\/p>\n<\/div>\n<p>[analyse_source url=&#8221;https:\/\/orasul-timisoara.ro\/local-39968\/&#8221;]<\/p>\n","protected":false},"excerpt":{"rendered":"<p>[analyse_image type=&#8221;featured&#8221; src=&#8221;https:\/\/orasul-timisoara.ro\/wp-content\/uploads\/2026\/08\/BLOCAT-STATII-ALIMENTARE.jpg&#8221;] Administra\u021bie local\u0103Amenzi de peste 107.000 de lei pentru \u0219oferii care au blocat sta\u021biile&#8230; Administra\u021bie local\u0103 \u0218tiri Locale Amenzi de peste 107.000 de lei pentru \u0219oferii care au blocat sta\u021biile de \u00eenc\u0103rcare din Timi\u0219oara De c\u0103tre redactia &#8211; 03\/08\/2026 Facebook Twitter WhatsApp Linkedin ReddIt Email Imprimare Tot mai mul\u021bi \u0219oferi de autovehicule electrice [&hellip;]<\/p>\n","protected":false},"author":1,"featured_media":0,"comment_status":"open","ping_status":"","sticky":false,"template":"","format":"standard","meta":{"footnotes":""},"categories":[89],"tags":[226,189],"class_list":["post-2075631","post","type-post","status-publish","format-standard","hentry","category-romania","tag-crawlmanager","tag-orasul-timisoara-ro"],"_links":{"self":[{"href":"https:\/\/analyse.optim.biz\/index.php?rest_route=\/wp\/v2\/posts\/2075631","targetHints":{"allow":["GET"]}}],"collection":[{"href":"https:\/\/analyse.optim.biz\/index.php?rest_route=\/wp\/v2\/posts"}],"about":[{"href":"https:\/\/analyse.optim.biz\/index.php?rest_route=\/wp\/v2\/types\/post"}],"author":[{"embeddable":true,"href":"https:\/\/analyse.optim.biz\/index.php?rest_route=\/wp\/v2\/users\/1"}],"replies":[{"embeddable":true,"href":"https:\/\/analyse.optim.biz\/index.php?rest_route=%2Fwp%2Fv2%2Fcomments&post=2075631"}],"version-history":[{"count":0,"href":"https:\/\/analyse.optim.biz\/index.php?rest_route=\/wp\/v2\/posts\/2075631\/revisions"}],"wp:attachment":[{"href":"https:\/\/analyse.optim.biz\/index.php?rest_route=%2Fwp%2Fv2%2Fmedia&parent=2075631"}],"wp:term":[{"taxonomy":"category","embeddable":true,"href":"https:\/\/analyse.optim.biz\/index.php?rest_route=%2Fwp%2Fv2%2Fcategories&post=2075631"},{"taxonomy":"post_tag","embeddable":true,"href":"https:\/\/analyse.optim.biz\/index.php?rest_route=%2Fwp%2Fv2%2Ftags&post=2075631"}],"curies":[{"name":"wp","href":"https:\/\/api.w.org\/{rel}","templated":true}]}}