{"id":2075627,"date":"2026-08-03T15:22:45","date_gmt":"2026-08-03T12:22:45","guid":{"rendered":"https:\/\/analyse.optim.biz\/?p=2075627"},"modified":"2026-08-03T15:22:45","modified_gmt":"2026-08-03T12:22:45","slug":"cod-rosu-de-canicula-in-timis-temperaturi-de-pana-la-41-de-grade-si-nopti-tropicale","status":"publish","type":"post","link":"https:\/\/analyse.optim.biz\/?p=2075627","title":{"rendered":"Cod ro\u0219u de canicul\u0103 \u00een Timi\u0219. Temperaturi de p\u00e2n\u0103 la 41 de grade \u0219i nop\u021bi tropicale"},"content":{"rendered":"<p>[analyse_image type=&#8221;featured&#8221; src=&#8221;https:\/\/orasul-timisoara.ro\/wp-content\/uploads\/2019\/06\/vremea-termometru-temperatura-40-grade-soare.jpeg&#8221;]<\/p>\n<article id=\"post-39995\" class=\"td-post-template-7 post-39995 post type-post status-publish format-standard has-post-thumbnail category-featured category-stiri-timisoara tag-anm tag-arad tag-canicula-2 tag-cod-rosu-2 tag-disconfort-termic tag-itu tag-judetul-timis-2 tag-nopti-tropicale tag-prognoza-meteo tag-temperaturi-extreme tag-timis-2 tag-val-de-caldura-2 td-container-wrap\">\n<div class=\"td-full-screen-header-image-wrap\">\n<div class=\"td-container td-post-header\">\n<div class=\"td-crumb-container\">\n<div class=\"entry-crumbs\"><span><a title=\"Vede\u021bi toate articolele \u00een \u0218tiri Locale\" class=\"entry-crumb\" href=\"https:\/\/orasul-timisoara.ro\/local-category\/stiri-timisoara\/\">\u0218tiri Locale<\/a><\/span><span class=\"td-bred-no-url-last\">Cod ro\u0219u de canicul\u0103 \u00een Timi\u0219. Temperaturi de p\u00e2n\u0103 la 41 de&#8230;<\/span><\/div>\n<\/div>\n<div class=\"td-post-header-holder\">\n<div class=\"td-parallax-header\">\n<header class=\"td-post-title\">\n<ul class=\"td-category\">\n<li class=\"entry-category\"><a href=\"https:\/\/orasul-timisoara.ro\/local-category\/stiri-timisoara\/\">\u0218tiri Locale<\/a><\/li>\n<\/ul>\n<h1 class=\"entry-title\">Cod ro\u0219u de canicul\u0103 \u00een Timi\u0219. Temperaturi de p\u00e2n\u0103 la 41 de grade \u0219i nop\u021bi tropicale<\/h1>\n<div class=\"td-module-meta-info\">\n<div class=\"td-post-author-name\">\n<div class=\"td-author-by\">De c\u0103tre<\/div>\n<p><a href=\"https:\/\/orasul-timisoara.ro\/author\/timisoara\/\">redactia<\/a><\/p>\n<div class=\"td-author-line\"> &#8211; <\/div>\n<\/div>\n<p><span class=\"td-post-date\"><time class=\"entry-date updated td-module-date\" datetime=\"2026-08-03T18:22:45+03:00\">03\/08\/2026<\/time><\/span><\/div>\n<\/header>\n<\/div>\n<\/div>\n<\/div>\n<div id=\"td-full-screen-header-image\" class=\"td-image-gradient-style7\"><img decoding=\"async\" class=\"td-backstretch\" src=\"https:\/\/orasul-timisoara.ro\/wp-content\/uploads\/2019\/06\/vremea-termometru-temperatura-40-grade-soare.jpeg\"><\/div>\n<\/div>\n<div class=\"td-container\">\n<div class=\"td-pb-row\">\n<div class=\"td-pb-span8 td-main-content\" role=\"main\">\n<div class=\"td-ss-main-content\">\n<div class=\"td-post-sharing-top\">\n<div class=\"td-post-sharing-classic\"><iframe title=\"topFacebookLike\" frameborder src=\"https:\/\/www.facebook.com\/plugins\/like.php?href=https:\/\/orasul-timisoara.ro\/local-39995\/&amp;layout=button_count&amp;show_faces=false&amp;width=105&amp;action=like&amp;colorscheme=light&amp;height=21\"><\/iframe><\/div>\n<div id=\"td_social_sharing_article_top\" class=\"td-post-sharing td-ps-bg td-ps-notext td-post-sharing-style1 \">\n<div class=\"td-post-sharing-visible\"><a class=\"td-social-sharing-button td-social-sharing-button-js td-social-network td-social-facebook\" href=\"https:\/\/www.facebook.com\/sharer.php?u=https%3A%2F%2Forasul-timisoara.ro%2Flocal-39995%2F\" title=\"Facebook\"><\/p>\n<div class=\"td-social-but-text\">Facebook<\/div>\n<p><\/a><a class=\"td-social-sharing-button td-social-sharing-button-js td-social-network td-social-twitter\" href=\"https:\/\/twitter.com\/intent\/tweet?text=Cod+ro%C8%99u+de+canicul%C4%83+%C3%AEn+Timi%C8%99.+Temperaturi+de+p%C3%A2n%C4%83+la+41+de+grade+%C8%99i+nop%C8%9Bi+tropicale&amp;url=https%3A%2F%2Forasul-timisoara.ro%2Flocal-39995%2F&amp;via=orasultm\" title=\"Twitter\"><\/p>\n<div class=\"td-social-but-text\">Twitter<\/div>\n<p><\/a><a class=\"td-social-sharing-button td-social-sharing-button-js td-social-network td-social-whatsapp\" href=\"https:\/\/api.whatsapp.com\/send?text=Cod+ro%C8%99u+de+canicul%C4%83+%C3%AEn+Timi%C8%99.+Temperaturi+de+p%C3%A2n%C4%83+la+41+de+grade+%C8%99i+nop%C8%9Bi+tropicale%20%0A%0A%20https:\/\/orasul-timisoara.ro\/local-39995\/\" title=\"WhatsApp\"><\/p>\n<div class=\"td-social-but-text\">WhatsApp<\/div>\n<p><\/a><a class=\"td-social-sharing-button td-social-sharing-button-js td-social-network td-social-linkedin\" href=\"https:\/\/www.linkedin.com\/shareArticle?mini=true&amp;url=https:\/\/orasul-timisoara.ro\/local-39995\/&amp;title=Cod+ro%C8%99u+de+canicul%C4%83+%C3%AEn+Timi%C8%99.+Temperaturi+de+p%C3%A2n%C4%83+la+41+de+grade+%C8%99i+nop%C8%9Bi+tropicale\" title=\"Linkedin\"><\/p>\n<div class=\"td-social-but-text\">Linkedin<\/div>\n<p><\/a><a class=\"td-social-sharing-button td-social-sharing-button-js td-social-network td-social-reddit\" href=\"https:\/\/reddit.com\/submit?url=https:\/\/orasul-timisoara.ro\/local-39995\/&amp;title=Cod+ro%C8%99u+de+canicul%C4%83+%C3%AEn+Timi%C8%99.+Temperaturi+de+p%C3%A2n%C4%83+la+41+de+grade+%C8%99i+nop%C8%9Bi+tropicale\" title=\"ReddIt\"><\/p>\n<div class=\"td-social-but-text\">ReddIt<\/div>\n<p><\/a><a class=\"td-social-sharing-button td-social-sharing-button-js td-social-network td-social-mail\" href=\"mailto:?subject=Cod%20ro%C8%99u%20de%20canicul%C4%83%20%C3%AEn%20Timi%C8%99.%20Temperaturi%20de%20p%C3%A2n%C4%83%20la%2041%20de%20grade%20%C8%99i%20nop%C8%9Bi%20tropicale&amp;body=https:\/\/orasul-timisoara.ro\/local-39995\/\" title=\"Email\"><\/p>\n<div class=\"td-social-but-text\">Email<\/div>\n<p><\/a><a class=\"td-social-sharing-button td-social-sharing-button-js td-social-network td-social-print\" href=\"https:\/\/orasul-timisoara.ro\/local-39995\/\" title=\"Imprimare\"><\/p>\n<div class=\"td-social-but-text\">Imprimare<\/div>\n<p><\/a><\/div>\n<\/div>\n<\/div>\n<div class=\"td-post-content tagdiv-type\">\n<p class=\"wp-block-paragraph\">Jude\u021bul Timi\u0219 intr\u0103 sub inciden\u021ba unui Cod ro\u0219u de canicul\u0103 \u00een intervalul 4 august, ora 10:00 \u2013 5 august, ora 10:00, potrivit prognozei meteorologilor. Sunt a\u0219teptate temperaturi extreme, care pot ajunge p\u00e2n\u0103 la 41 de grade Celsius, iar disconfortul termic va fi deosebit de accentuat pe parcursul \u00eentregii zile.<\/p>\n<p class=\"wp-block-paragraph\">Meteorologii avertizeaz\u0103 c\u0103 indicele temperatur\u0103-umezeal\u0103 (ITU) va dep\u0103\u0219i pragul critic de 80 de unit\u0103\u021bi, ceea ce va amplifica senza\u021bia de c\u0103ldur\u0103 \u0219i va cre\u0219te riscul apari\u021biei problemelor de s\u0103n\u0103tate cauzate de temperaturile foarte ridicate.<\/p>\n<h2 class=\"wp-block-heading\">Temperaturi de p\u00e2n\u0103 la 41 de grade \u00een jude\u021bul Timi\u0219<\/h2>\n<p class=\"wp-block-paragraph\">Pe durata avertiz\u0103rii, temperaturile maxime vor ajunge la 39\u201341 de grade Celsius \u00een jude\u021bul Timi\u0219, valori specifice unui val de c\u0103ldur\u0103 extrem\u0103.<\/p>\n<p class=\"wp-block-paragraph\">Autorit\u0103\u021bile recomand\u0103 popula\u021biei s\u0103 evite deplas\u0103rile \u0219i activit\u0103\u021bile fizice \u00een aer liber \u00een orele de v\u00e2rf, s\u0103 consume suficiente lichide \u0219i s\u0103 limiteze expunerea prelungit\u0103 la soare.<\/p>\n<h2 class=\"wp-block-heading\">Disconfort termic accentuat \u0219i indice ITU peste pragul critic<\/h2>\n<p class=\"wp-block-paragraph\">Pe l\u00e2ng\u0103 temperaturile foarte ridicate, disconfortul termic va fi deosebit de accentuat. Indicele temperatur\u0103-umezeal\u0103 va dep\u0103\u0219i pragul critic de 80 de unit\u0103\u021bi, ceea ce poate crea condi\u021bii dificile mai ales pentru copii, v\u00e2rstnici \u0219i persoanele care sufer\u0103 de afec\u021biuni cronice.<\/p>\n<p class=\"wp-block-paragraph\">Speciali\u0219tii recomand\u0103 evitarea expunerii directe la soare \u00een intervalul pr\u00e2nzului \u0219i folosirea spa\u021biilor r\u0103coroase ori de c\u00e2te ori este posibil.<\/p>\n<h2 class=\"wp-block-heading\">Nop\u021bi tropicale \u0219i temperaturi care r\u0103m\u00e2n foarte ridicate<\/h2>\n<p class=\"wp-block-paragraph\">Valul de c\u0103ldur\u0103 nu se va resim\u021bi doar \u00een timpul zilei. Meteorologii anun\u021b\u0103 \u0219i nop\u021bi tropicale, cu temperaturi minime cuprinse \u00eentre 24 \u0219i 26 de grade Celsius.<\/p>\n<p class=\"wp-block-paragraph\">Valorile ridicate din timpul nop\u021bii vor \u00eengreuna r\u0103cirea locuin\u021belor \u0219i vor men\u021bine un nivel ridicat al disconfortului termic.<\/p>\n<h2 class=\"wp-block-heading\">Meteorologii avertizeaz\u0103 asupra persisten\u021bei valului de c\u0103ldur\u0103<\/h2>\n<p class=\"wp-block-paragraph\">Codul ro\u0219u emis pentru jude\u021bul Timi\u0219 este valabil \u00een intervalul 4 august, ora 10:00 \u2013 5 august, ora 10:00, perioad\u0103 \u00een care sunt prognozate unele dintre cele mai ridicate temperaturi ale acestei veri.<\/p>\n<p class=\"wp-block-paragraph\">Autorit\u0103\u021bile recomand\u0103 popula\u021biei s\u0103 urm\u0103reasc\u0103 avertiz\u0103rile oficiale, s\u0103 evite expunerea inutil\u0103 la temperaturile extreme \u0219i s\u0103 acorde o aten\u021bie deosebit\u0103 persoanelor vulnerabile.<\/p>\n<p class=\"wp-block-paragraph\"><strong>Not\u0103:<\/strong> \u00cenainte ca avertizarea s\u0103 fie extins\u0103 \u00een Timi\u0219, Codul ro\u0219u de canicul\u0103 a fost valabil pentru jude\u021bele Satu Mare, Bihor \u0219i Arad, unde meteorologii au prognozat temperaturi de p\u00e2n\u0103 la 40 de grade Celsius \u0219i nop\u021bi tropicale.<\/p>\n<\/div>\n<footer>\n<div class=\"td-post-source-tags\">\n<ul class=\"td-tags td-post-small-box clearfix\">\n<li><span>ETICHETE<\/span><\/li>\n<li><a href=\"https:\/\/orasul-timisoara.ro\/local-tag\/anm\/\">anm<\/a><\/li>\n<li><a href=\"https:\/\/orasul-timisoara.ro\/local-tag\/arad\/\">arad<\/a><\/li>\n<li><a href=\"https:\/\/orasul-timisoara.ro\/local-tag\/canicula-2\/\">canicul\u0103<\/a><\/li>\n<li><a href=\"https:\/\/orasul-timisoara.ro\/local-tag\/cod-rosu-2\/\">cod ro\u0219u<\/a><\/li>\n<li><a href=\"https:\/\/orasul-timisoara.ro\/local-tag\/disconfort-termic\/\">disconfort termic<\/a><\/li>\n<li><a href=\"https:\/\/orasul-timisoara.ro\/local-tag\/itu\/\">ITU<\/a><\/li>\n<li><a href=\"https:\/\/orasul-timisoara.ro\/local-tag\/judetul-timis-2\/\">jude\u021bul Timi\u0219<\/a><\/li>\n<li><a href=\"https:\/\/orasul-timisoara.ro\/local-tag\/nopti-tropicale\/\">nop\u021bi tropicale<\/a><\/li>\n<li><a href=\"https:\/\/orasul-timisoara.ro\/local-tag\/prognoza-meteo\/\">prognoza meteo<\/a><\/li>\n<li><a href=\"https:\/\/orasul-timisoara.ro\/local-tag\/temperaturi-extreme\/\">temperaturi extreme<\/a><\/li>\n<li><a href=\"https:\/\/orasul-timisoara.ro\/local-tag\/timis-2\/\">timi\u0219<\/a><\/li>\n<li><a href=\"https:\/\/orasul-timisoara.ro\/local-tag\/val-de-caldura-2\/\">val de c\u0103ldur\u0103<\/a><\/li>\n<\/ul>\n<\/div>\n<div class=\"td-post-sharing-bottom\">\n<div class=\"td-post-sharing-classic\"><iframe title=\"bottomFacebookLike\" frameborder src=\"https:\/\/www.facebook.com\/plugins\/like.php?href=https:\/\/orasul-timisoara.ro\/local-39995\/&amp;layout=button_count&amp;show_faces=false&amp;width=105&amp;action=like&amp;colorscheme=light&amp;height=21\"><\/iframe><\/div>\n<div id=\"td_social_sharing_article_bottom\" class=\"td-post-sharing td-ps-bg td-ps-notext td-post-sharing-style1 \">\n<div class=\"td-post-sharing-visible\"><a class=\"td-social-sharing-button td-social-sharing-button-js td-social-network td-social-facebook\" href=\"https:\/\/www.facebook.com\/sharer.php?u=https%3A%2F%2Forasul-timisoara.ro%2Flocal-39995%2F\" title=\"Facebook\"><\/p>\n<div class=\"td-social-but-text\">Facebook<\/div>\n<p><\/a><a class=\"td-social-sharing-button td-social-sharing-button-js td-social-network td-social-twitter\" href=\"https:\/\/twitter.com\/intent\/tweet?text=Cod+ro%C8%99u+de+canicul%C4%83+%C3%AEn+Timi%C8%99.+Temperaturi+de+p%C3%A2n%C4%83+la+41+de+grade+%C8%99i+nop%C8%9Bi+tropicale&amp;url=https%3A%2F%2Forasul-timisoara.ro%2Flocal-39995%2F&amp;via=orasultm\" title=\"Twitter\"><\/p>\n<div class=\"td-social-but-text\">Twitter<\/div>\n<p><\/a><a class=\"td-social-sharing-button td-social-sharing-button-js td-social-network td-social-whatsapp\" href=\"https:\/\/api.whatsapp.com\/send?text=Cod+ro%C8%99u+de+canicul%C4%83+%C3%AEn+Timi%C8%99.+Temperaturi+de+p%C3%A2n%C4%83+la+41+de+grade+%C8%99i+nop%C8%9Bi+tropicale%20%0A%0A%20https:\/\/orasul-timisoara.ro\/local-39995\/\" title=\"WhatsApp\"><\/p>\n<div class=\"td-social-but-text\">WhatsApp<\/div>\n<p><\/a><a class=\"td-social-sharing-button td-social-sharing-button-js td-social-network td-social-linkedin\" href=\"https:\/\/www.linkedin.com\/shareArticle?mini=true&amp;url=https:\/\/orasul-timisoara.ro\/local-39995\/&amp;title=Cod+ro%C8%99u+de+canicul%C4%83+%C3%AEn+Timi%C8%99.+Temperaturi+de+p%C3%A2n%C4%83+la+41+de+grade+%C8%99i+nop%C8%9Bi+tropicale\" title=\"Linkedin\"><\/p>\n<div class=\"td-social-but-text\">Linkedin<\/div>\n<p><\/a><a class=\"td-social-sharing-button td-social-sharing-button-js td-social-network td-social-reddit\" href=\"https:\/\/reddit.com\/submit?url=https:\/\/orasul-timisoara.ro\/local-39995\/&amp;title=Cod+ro%C8%99u+de+canicul%C4%83+%C3%AEn+Timi%C8%99.+Temperaturi+de+p%C3%A2n%C4%83+la+41+de+grade+%C8%99i+nop%C8%9Bi+tropicale\" title=\"ReddIt\"><\/p>\n<div class=\"td-social-but-text\">ReddIt<\/div>\n<p><\/a><a class=\"td-social-sharing-button td-social-sharing-button-js td-social-network td-social-mail\" href=\"mailto:?subject=Cod%20ro%C8%99u%20de%20canicul%C4%83%20%C3%AEn%20Timi%C8%99.%20Temperaturi%20de%20p%C3%A2n%C4%83%20la%2041%20de%20grade%20%C8%99i%20nop%C8%9Bi%20tropicale&amp;body=https:\/\/orasul-timisoara.ro\/local-39995\/\" title=\"Email\"><\/p>\n<div class=\"td-social-but-text\">Email<\/div>\n<p><\/a><a class=\"td-social-sharing-button td-social-sharing-button-js td-social-network td-social-print\" href=\"https:\/\/orasul-timisoara.ro\/local-39995\/\" title=\"Imprimare\"><\/p>\n<div class=\"td-social-but-text\">Imprimare<\/div>\n<p><\/a><\/div>\n<\/div>\n<\/div>\n<div class=\"td-block-row td-post-next-prev\">\n<div class=\"td-block-span6 td-post-prev-post\">\n<div class=\"td-post-next-prev-content\"><span>Articolul precedent<\/span><a href=\"https:\/\/orasul-timisoara.ro\/local-39992\/\">DRDP Timi\u0219oara modernizeaz\u0103 semnalizarea rutier\u0103 de pe autostrada A1<\/a><\/div>\n<\/div>\n<div class=\"td-block-span6 td-post-next-post\">\n<div class=\"td-post-next-prev-content\"><span>Articolul urm\u0103tor<\/span><a href=\"https:\/\/orasul-timisoara.ro\/local-39997\/\">O nou\u0103 expozi\u021bie la Muzeul Apei Timi\u0219oara, semnat\u0103 de Costin Br\u0103teanu<\/a><\/div>\n<\/div>\n<\/div>\n<div class=\"td-author-name vcard author\"><span class=\"fn\"><a href=\"https:\/\/orasul-timisoara.ro\/author\/timisoara\/\">redactia<\/a><\/span><\/div>\n<p><span class=\"td-page-meta\"><\/span><span class=\"td-page-meta\"><span class=\"td-page-meta\"><\/span><\/span><span class=\"td-page-meta\"><\/span><\/footer>\n<div class=\"td_block_wrap td_block_related_posts tdi_3 td_with_ajax_pagination td-pb-border-top td_block_template_8\" data-td-block-uid=\"tdi_3\">\n<h4 class=\"td-related-title td-block-title\"><a id=\"tdi_4\" class=\"td-related-left td-cur-simple-item\" data-td_filter_value data-td_block_id=\"tdi_3\" href=\"https:\/\/orasul-timisoara.ro\/local-39995\/\">ARTICOLE SIMILARE<\/a><a id=\"tdi_5\" class=\"td-related-right\" data-td_filter_value=\"td_related_more_from_author\" data-td_block_id=\"tdi_3\" href=\"https:\/\/orasul-timisoara.ro\/local-39995\/\">DE LA ACELA\u0218I AUTOR<\/a><\/h4>\n<div id=\"tdi_3\" class=\"td_block_inner\">\n<div class=\"td-related-row\">\n<div class=\"td-related-span4\">\n<div class=\"td_module_related_posts td-animation-stack td_mod_related_posts\">\n<div class=\"td-module-image\">\n<div class=\"td-module-thumb\"><a href=\"https:\/\/orasul-timisoara.ro\/local-39992\/\" rel=\"bookmark\" class=\"td-image-wrap \" title=\"DRDP Timi\u0219oara modernizeaz\u0103 semnalizarea rutier\u0103 de pe autostrada A1\"><img loading=\"lazy\" decoding=\"async\" class=\"entry-thumb\" src=\"https:\/\/orasul-timisoara.ro\/wp-content\/uploads\/2026\/08\/763098262_1583662216547515_8266244392991676577_n-436x300.jpg\" alt title=\"DRDP Timi\u0219oara modernizeaz\u0103 semnalizarea rutier\u0103 de pe autostrada A1\" width=\"218\" height=\"150\"><\/a><\/div>\n<\/div>\n<div class=\"item-details\">\n<h3 class=\"entry-title td-module-title\"><a href=\"https:\/\/orasul-timisoara.ro\/local-39992\/\" rel=\"bookmark\" title=\"DRDP Timi\u0219oara modernizeaz\u0103 semnalizarea rutier\u0103 de pe autostrada A1\">DRDP Timi\u0219oara modernizeaz\u0103 semnalizarea rutier\u0103 de pe autostrada A1<\/a><\/h3>\n<\/div>\n<\/div>\n<\/div>\n<div class=\"td-related-span4\">\n<div class=\"td_module_related_posts td-animation-stack td_mod_related_posts\">\n<div class=\"td-module-image\">\n<div class=\"td-module-thumb\"><a href=\"https:\/\/orasul-timisoara.ro\/local-39980\/\" rel=\"bookmark\" class=\"td-image-wrap \" title=\"Medicii avertizeaz\u0103: Canicula poate agrava bolile respiratorii la copii\"><img loading=\"lazy\" decoding=\"async\" class=\"entry-thumb\" src=\"https:\/\/orasul-timisoara.ro\/wp-content\/uploads\/2026\/08\/mama-fiica-pahar-apa-canicula-436x300.jpg\" alt title=\"Medicii avertizeaz\u0103: Canicula poate agrava bolile respiratorii la copii\" width=\"218\" height=\"150\"><\/a><\/div>\n<\/div>\n<div class=\"item-details\">\n<h3 class=\"entry-title td-module-title\"><a href=\"https:\/\/orasul-timisoara.ro\/local-39980\/\" rel=\"bookmark\" title=\"Medicii avertizeaz\u0103: Canicula poate agrava bolile respiratorii la copii\">Medicii avertizeaz\u0103: Canicula poate agrava bolile respiratorii la copii<\/a><\/h3>\n<\/div>\n<\/div>\n<\/div>\n<div class=\"td-related-span4\">\n<div class=\"td_module_related_posts td-animation-stack td_mod_related_posts\">\n<div class=\"td-module-image\">\n<div class=\"td-module-thumb\"><a href=\"https:\/\/orasul-timisoara.ro\/local-39961\/\" rel=\"bookmark\" class=\"td-image-wrap \" title=\"Aquatim face apel la economie de ap\u0103 \u00een jude\u021bul Timi\u0219, pe fondul caniculei\"><img loading=\"lazy\" decoding=\"async\" class=\"entry-thumb\" src=\"https:\/\/orasul-timisoara.ro\/wp-content\/uploads\/2026\/07\/udare0graduba-436x300.jpg\" alt title=\"Aquatim face apel la economie de ap\u0103 \u00een jude\u021bul Timi\u0219, pe fondul caniculei\" width=\"218\" height=\"150\"><\/a><\/div>\n<\/div>\n<div class=\"item-details\">\n<h3 class=\"entry-title td-module-title\"><a href=\"https:\/\/orasul-timisoara.ro\/local-39961\/\" rel=\"bookmark\" title=\"Aquatim face apel la economie de ap\u0103 \u00een jude\u021bul Timi\u0219, pe fondul caniculei\">Aquatim face apel la economie de ap\u0103 \u00een jude\u021bul Timi\u0219, pe fondul caniculei<\/a><\/h3>\n<\/div>\n<\/div>\n<\/div>\n<\/div>\n<\/div>\n<\/div>\n<div class=\"comments\" id=\"comments\">\n<div id=\"respond\" class=\"comment-respond\">\n<h3 id=\"reply-title\" class=\"comment-reply-title\">L\u0102SA\u021aI UN MESAJ<\/h3>\n<div class=\"comment-form-input-wrap td-form-comment\">\n<div class=\"td-warning-comment\">V\u0103 rug\u0103m s\u0103 introduce\u021bi comentariul dvs.!<\/div>\n<\/div>\n<div class=\"comment-form-input-wrap td-form-author\">\n<div class=\"td-warning-author\">Introduce\u021bi aici numele dvs.<\/div>\n<\/div>\n<div class=\"comment-form-input-wrap td-form-email\">\n<div class=\"td-warning-email-error\">A\u021bi introdus o adres\u0103 de e-mail incorect\u0103!<\/div>\n<div class=\"td-warning-email\">V\u0103 rug\u0103m s\u0103 introduce\u021bi adresa dvs. de e-mail aici<\/div>\n<\/div>\n<\/div>\n<p class=\"akismet_comment_form_privacy_notice\">Acest site folose\u0219te Akismet pentru a reduce spamul. <a href=\"https:\/\/akismet.com\/privacy\/\" target=\"_blank\" rel=\"nofollow noopener\">Afl\u0103 cum sunt procesate datele comentariilor tale<\/a>.<\/p>\n<\/div>\n<\/div>\n<\/div>\n<div class=\"td-pb-span4 td-main-sidebar\" role=\"complementary\">\n<div class=\"td-ss-main-sidebar\">\n<aside id=\"block-4\" class=\"td_block_template_8 widget block-4 widget_block widget_media_image\">\n<figure class=\"wp-block-image size-full\"><img loading=\"lazy\" decoding=\"async\" width=\"336\" height=\"280\" src=\"https:\/\/orasul-timisoara.ro\/wp-content\/uploads\/2024\/11\/ReTIM-Abonamentul-Verde-Google-Ads-336x280px.gif\" alt class=\"wp-image-29257\"><\/figure>\n<\/aside>\n<div class=\"td_block_wrap td_block_social_counter td_block_widget tdi_6 td-social-style5 td-social-boxed td-pb-border-top td_block_template_8\">\n<div class=\"td-block-title-wrap\">\n<h4 class=\"td-block-title\"><span>Urm\u0103re\u0219te-ne pe Social Media<\/span><\/h4>\n<\/div>\n<div class=\"td-social-list\">\n<div class=\"td_social_type td-pb-margin-side td_social_facebook\">\n<div class=\"td-social-box\"><span class=\"td_social_info td_social_info_counter\">344,595<\/span><span class=\"td_social_info td_social_info_name\">Fani<\/span><span class=\"td_social_button\"><a href=\"https:\/\/www.facebook.com\/247timisoara\" target=\"_blank\" rel=\"nofollow\">\u00cemi place<\/a><\/span><\/div>\n<\/div>\n<div class=\"td_social_type td-pb-margin-side td_social_instagram\">\n<div class=\"td-social-box\"><span class=\"td_social_info td_social_info_counter\">4,416<\/span><span class=\"td_social_info td_social_info_name\">Cititori<\/span><span class=\"td_social_button\"><a href=\"https:\/\/instagram.com\/orasultimisoararo\/\" target=\"_blank\" rel=\"nofollow\">Conecta\u021bi-v\u0103<\/a><\/span><\/div>\n<\/div>\n<div class=\"td_social_type td-pb-margin-side td_social_rss\">\n<div class=\"td-social-box\"><span class=\"td_social_info td_social_info_counter\">12,506<\/span><span class=\"td_social_info td_social_info_name\">Cititori<\/span><span class=\"td_social_button\"><a href=\"https:\/\/orasul-timisoara.ro\/feed\/\" target=\"_blank\" rel=\"nofollow\">Conecta\u021bi-v\u0103<\/a><\/span><\/div>\n<\/div>\n<div class=\"td_social_type td-pb-margin-side td_social_tiktok\">\n<div class=\"td-social-box\"><span class=\"td_social_info td_social_info_counter\">1,500<\/span><span class=\"td_social_info td_social_info_name\">Cititori<\/span><span class=\"td_social_button\"><a href=\"https:\/\/www.tiktok.com\/@orasultimisoara\" target=\"_blank\" rel=\"nofollow\">Conecta\u021bi-v\u0103<\/a><\/span><\/div>\n<\/div>\n<div class=\"td_social_type td-pb-margin-side td_social_twitter\">\n<div class=\"td-social-box\"><span class=\"td_social_info td_social_info_counter\">1,595<\/span><span class=\"td_social_info td_social_info_name\">Cititori<\/span><span class=\"td_social_button\"><a href=\"https:\/\/twitter.com\/orasultm\" target=\"_blank\" rel=\"nofollow\">Conecta\u021bi-v\u0103<\/a><\/span><\/div>\n<\/div>\n<div class=\"td_social_type td-pb-margin-side td_social_youtube\">\n<div class=\"td-social-box\"><span class=\"td_social_info td_social_info_counter\">3,506<\/span><span class=\"td_social_info td_social_info_name\">Abona\u021bi<\/span><span class=\"td_social_button\"><a href=\"https:\/\/www.youtube.com\/channel\/UCQNsQvs2XCSIm1Z-AHRturw?sub_confirmation=1\" target=\"_blank\" rel=\"nofollow\">Abona\u021bi-v\u0103<\/a><\/span><\/div>\n<\/div>\n<\/div>\n<\/div>\n<aside id=\"text-7\" class=\"td_block_template_8 widget text-7 widget_text\">\n<h4 class=\"td-block-title\"><span>C\u0103ut\u0103ri populare pe OTM<\/span><\/h4>\n<div class=\"textwidget\"><a href=\"https:\/\/orasul-timisoara.ro\/?s=timisoara\"><span>Timisoara<\/span><\/a><a href=\"https:\/\/orasul-timisoara.ro\/?s=calin+dobra\"><span>Calin Dobra<\/span><\/a><a href=\"https:\/\/orasul-timisoara.ro\/?s=primaria+timisoara\"><span>Primaria Timisoara<\/span><\/a><a href=\"https:\/\/orasul-timisoara.ro\/?s=dominic+fritz\"><span>Dominic Fritz<\/span><\/a><a href=\"https:\/\/orasul-timisoara.ro\/?s=nicolae+robu\"><span>Nicolae Robu<\/span><\/a><a href=\"https:\/\/orasul-timisoara.ro\/?s=consiliul+local+timisoara\">Consiliul Local Timisoara<\/a><a href=\"https:\/\/orasul-timisoara.ro\/?s=consiliul+judetean+timis\"><span>Consiliul Judetean Timis<\/span><\/a><a href=\"https:\/\/orasul-timisoara.ro\/?s=cjt\"><span>CJT<\/span><\/a><a href=\"https:\/\/orasul-timisoara.ro\/?s=Alfred+Simonis\"><span>Alfred Simonis<\/span><\/a><a href=\"https:\/\/orasul-timisoara.ro\/?s=PNL\"><span>PNL<\/span><\/a><a href=\"https:\/\/orasul-timisoara.ro\/?s=coronavirus\"><span>coronavirus<\/span><\/a><a href=\"https:\/\/orasul-timisoara.ro\/?s=teatru+timisoara\">teatru Timisoara<\/a><a href=\"https:\/\/orasul-timisoara.ro\/?s=restaurante\"><span>restaurante Timisoara<\/span><\/a><a href=\"https:\/\/orasul-timisoara.ro\/?s=diskoteka\"><span>Diskoteka<\/span><\/a><a href=\"https:\/\/orasul-timisoara.ro\/?s=iulius+town\"><span>Iulius Town<\/span><\/a><a href=\"https:\/\/orasul-timisoara.ro\/?s=iulius+mall\"><span>Iulius Mall<\/span><\/a><a href=\"https:\/\/orasul-timisoara.ro\/?s=stpt\"><span>STPT<\/span><\/a><a href=\"https:\/\/orasul-timisoara.ro\/?s=alin+nica\"><span>Alin Nica<\/span><\/a><a href=\"https:\/\/orasul-timisoara.ro\/?s=psd\"><span>PSD<\/span><\/a><a href=\"https:\/\/orasul-timisoara.ro\/?s=aeroport\"><span>Aeroportul International Timisoara<\/span><\/a><a href=\"https:\/\/orasul-timisoara.ro\/?s=babes\"><span>Spitalul Victor Babes Timisoara<\/span><\/a><a href=\"https:\/\/orasul-timisoara.ro\/?s=poli\"><span>Poli Timi\u0219oara<\/span><\/a><a href=\"https:\/\/orasul-timisoara.ro\/?s=carantina\"><span>carantina<\/span><\/a><a href=\"https:\/\/orasul-timisoara.ro\/?s=aquatim\"><span>Aquatim<\/span><\/a><a href=\"https:\/\/orasul-timisoara.ro\/local-category\/stiri-timisoara\/\"><span>Stiri Timisoara<\/span><\/a><a href=\"https:\/\/orasul-timisoara.ro\/local-category\/investitii-in-timisoara\/\"><span>Investi\u021bii in Timi\u0219oara<\/span><\/a><a href=\"https:\/\/orasul-timisoara.ro\/local-9463\/\"><span>shaorma<\/span><\/a><a href=\"https:\/\/orasul-timisoara.ro\/?s=trafic\"><span>trafic rutier<\/span><\/a><a href=\"https:\/\/orasul-timisoara.ro\/?s=politia\"><span>politia locala timisoara<\/span><\/a><a href=\"https:\/\/orasul-timisoara.ro\/?s=roxana\"><span>Roxana Iliescu<\/span><\/a><a href=\"https:\/\/orasul-timisoara.ro\/?s=colterm\"><span>Colterm<\/span><\/a><a href=\"https:\/\/orasul-timisoara.ro\/?s=latcau\"><span>Ruben La\u021bc\u0103u<\/span><\/a><a href=\"https:\/\/orasul-timisoara.ro\/?s=timis\"><span>\u0218tiri din Timi\u0219<\/span><\/a><a href=\"https:\/\/orasul-timisoara.ro\/?s=spital\"><span>Spitale din Timi\u0219oara<\/span><\/a><a href=\"https:\/\/orasul-timisoara.ro\/?s=tabara\"><span>Cosmin Tab\u0103r\u0103<\/span><\/a><\/div>\n<\/aside>\n<aside id=\"rss-2\" class=\"td_block_template_8 widget rss-2 widget_rss\">\n<h4 class=\"td-block-title\"><span><a class=\"rsswidget rss-widget-feed\" href=\"https:\/\/fashionfridays.ro\/feed\"><img decoding=\"async\" class=\"rss-widget-icon\" width=\"14\" height=\"14\" src=\"https:\/\/orasul-timisoara.ro\/wp-includes\/images\/rss.png\" alt=\"RSS\" loading=\"lazy\"><\/a><a class=\"rsswidget rss-widget-title\" href=\"https:\/\/fashionfridays.ro\/\">Fashion Fridays<\/a><\/span><\/h4>\n<ul>\n<li><a class=\"rsswidget\" href=\"https:\/\/fashionfridays.ro\/romania-devine-a-29-a-piata-vogue-o-noua-era-pentru-industria-locala-de-moda\/\">Rom\u00e2nia devine a 29-a pia\u021b\u0103 Vogue: o nou\u0103 er\u0103 pentru industria local\u0103 de mod\u0103<\/a>\n<div class=\"rssSummary\">Revista Vogue \u00ee\u0219i extinde prezen\u021ba global\u0103 \u0219i va fi lansat\u0103 oficial \u00een Rom\u00e2nia \u00een prim\u0103vara anului 2027, marc\u00e2nd intrarea pe cea de-a 29-a pia\u021b\u0103 interna\u021bional\u0103. Proiectul este realizat \u00een parteneriat cu AEMME Publishing, o companie media recent \u00eenfiin\u021bat\u0103, care va publica edi\u021bia local\u0103 sub licen\u021b\u0103. Noua edi\u021bie, Vogue Rom\u00e2nia, \u00ee\u0219i propune s\u0103 combine autoritatea global\u0103 [\u2026]<\/div>\n<\/li>\n<\/ul>\n<\/aside>\n<aside id=\"rss-4\" class=\"td_block_template_8 widget rss-4 widget_rss\">\n<h4 class=\"td-block-title\"><span><a class=\"rsswidget rss-widget-feed\" href=\"https:\/\/emasini.ro\/feed\"><img decoding=\"async\" class=\"rss-widget-icon\" width=\"14\" height=\"14\" src=\"https:\/\/orasul-timisoara.ro\/wp-includes\/images\/rss.png\" alt=\"RSS\" loading=\"lazy\"><\/a><a class=\"rsswidget rss-widget-title\" href=\"https:\/\/emasini.ro\/\">eMasini<\/a><\/span><\/h4>\n<ul>\n<li><a class=\"rsswidget\" href=\"https:\/\/emasini.ro\/bmw-testeaza-noul-i4-convertible-primul-cabrio-electric-accesibil-al-marcii\/\">BMW testeaz\u0103 noul i4 Convertible, primul cabrio electric accesibil al m\u0103rcii<\/a>\n<div class=\"rssSummary\">BMW accelereaz\u0103 dezvoltarea noii genera\u021bii de modele electrice bazate pe platforma Neue Klasse, iar unul dintre cele mai interesante proiecte aflate \u00een teste este viitorul BMW i4 Convertible. Prototipul camuflat a fost surprins pe \u0219osele, confirm\u00e2nd c\u0103 produc\u0103torul german preg\u0103te\u0219te o decapotabil\u0103 electric\u0103 destinat\u0103 unui segment \u00een care oferta este, \u00een prezent, extrem de limitat\u0103. [\u2026]<\/div>\n<\/li>\n<\/ul>\n<\/aside>\n<\/div>\n<\/div>\n<\/div>\n<\/div>\n<\/article>\n<div class=\"td-post-content tagdiv-type\">\n<p class=\"wp-block-paragraph\">Jude\u021bul Timi\u0219 intr\u0103 sub inciden\u021ba unui Cod ro\u0219u de canicul\u0103 \u00een intervalul 4 august, ora 10:00 \u2013 5 august, ora 10:00, potrivit prognozei meteorologilor. Sunt a\u0219teptate temperaturi extreme, care pot ajunge p\u00e2n\u0103 la 41 de grade Celsius, iar disconfortul termic va fi deosebit de accentuat pe parcursul \u00eentregii zile.<\/p>\n<p class=\"wp-block-paragraph\">Meteorologii avertizeaz\u0103 c\u0103 indicele temperatur\u0103-umezeal\u0103 (ITU) va dep\u0103\u0219i pragul critic de 80 de unit\u0103\u021bi, ceea ce va amplifica senza\u021bia de c\u0103ldur\u0103 \u0219i va cre\u0219te riscul apari\u021biei problemelor de s\u0103n\u0103tate cauzate de temperaturile foarte ridicate.<\/p>\n<h2 class=\"wp-block-heading\">Temperaturi de p\u00e2n\u0103 la 41 de grade \u00een jude\u021bul Timi\u0219<\/h2>\n<p class=\"wp-block-paragraph\">Pe durata avertiz\u0103rii, temperaturile maxime vor ajunge la 39\u201341 de grade Celsius \u00een jude\u021bul Timi\u0219, valori specifice unui val de c\u0103ldur\u0103 extrem\u0103.<\/p>\n<p class=\"wp-block-paragraph\">Autorit\u0103\u021bile recomand\u0103 popula\u021biei s\u0103 evite deplas\u0103rile \u0219i activit\u0103\u021bile fizice \u00een aer liber \u00een orele de v\u00e2rf, s\u0103 consume suficiente lichide \u0219i s\u0103 limiteze expunerea prelungit\u0103 la soare.<\/p>\n<h2 class=\"wp-block-heading\">Disconfort termic accentuat \u0219i indice ITU peste pragul critic<\/h2>\n<p class=\"wp-block-paragraph\">Pe l\u00e2ng\u0103 temperaturile foarte ridicate, disconfortul termic va fi deosebit de accentuat. Indicele temperatur\u0103-umezeal\u0103 va dep\u0103\u0219i pragul critic de 80 de unit\u0103\u021bi, ceea ce poate crea condi\u021bii dificile mai ales pentru copii, v\u00e2rstnici \u0219i persoanele care sufer\u0103 de afec\u021biuni cronice.<\/p>\n<p class=\"wp-block-paragraph\">Speciali\u0219tii recomand\u0103 evitarea expunerii directe la soare \u00een intervalul pr\u00e2nzului \u0219i folosirea spa\u021biilor r\u0103coroase ori de c\u00e2te ori este posibil.<\/p>\n<h2 class=\"wp-block-heading\">Nop\u021bi tropicale \u0219i temperaturi care r\u0103m\u00e2n foarte ridicate<\/h2>\n<p class=\"wp-block-paragraph\">Valul de c\u0103ldur\u0103 nu se va resim\u021bi doar \u00een timpul zilei. Meteorologii anun\u021b\u0103 \u0219i nop\u021bi tropicale, cu temperaturi minime cuprinse \u00eentre 24 \u0219i 26 de grade Celsius.<\/p>\n<p class=\"wp-block-paragraph\">Valorile ridicate din timpul nop\u021bii vor \u00eengreuna r\u0103cirea locuin\u021belor \u0219i vor men\u021bine un nivel ridicat al disconfortului termic.<\/p>\n<h2 class=\"wp-block-heading\">Meteorologii avertizeaz\u0103 asupra persisten\u021bei valului de c\u0103ldur\u0103<\/h2>\n<p class=\"wp-block-paragraph\">Codul ro\u0219u emis pentru jude\u021bul Timi\u0219 este valabil \u00een intervalul 4 august, ora 10:00 \u2013 5 august, ora 10:00, perioad\u0103 \u00een care sunt prognozate unele dintre cele mai ridicate temperaturi ale acestei veri.<\/p>\n<p class=\"wp-block-paragraph\">Autorit\u0103\u021bile recomand\u0103 popula\u021biei s\u0103 urm\u0103reasc\u0103 avertiz\u0103rile oficiale, s\u0103 evite expunerea inutil\u0103 la temperaturile extreme \u0219i s\u0103 acorde o aten\u021bie deosebit\u0103 persoanelor vulnerabile.<\/p>\n<p class=\"wp-block-paragraph\"><strong>Not\u0103:<\/strong> \u00cenainte ca avertizarea s\u0103 fie extins\u0103 \u00een Timi\u0219, Codul ro\u0219u de canicul\u0103 a fost valabil pentru jude\u021bele Satu Mare, Bihor \u0219i Arad, unde meteorologii au prognozat temperaturi de p\u00e2n\u0103 la 40 de grade Celsius \u0219i nop\u021bi tropicale.<\/p>\n<\/div>\n<p>[analyse_source url=&#8221;https:\/\/orasul-timisoara.ro\/local-39995\/&#8221;]<\/p>\n","protected":false},"excerpt":{"rendered":"<p>[analyse_image type=&#8221;featured&#8221; src=&#8221;https:\/\/orasul-timisoara.ro\/wp-content\/uploads\/2019\/06\/vremea-termometru-temperatura-40-grade-soare.jpeg&#8221;] \u0218tiri LocaleCod ro\u0219u de canicul\u0103 \u00een Timi\u0219. Temperaturi de p\u00e2n\u0103 la 41 de&#8230; \u0218tiri Locale Cod ro\u0219u de canicul\u0103 \u00een Timi\u0219. Temperaturi de p\u00e2n\u0103 la 41 de grade \u0219i nop\u021bi tropicale De c\u0103tre redactia &#8211; 03\/08\/2026 Facebook Twitter WhatsApp Linkedin ReddIt Email Imprimare Jude\u021bul Timi\u0219 intr\u0103 sub inciden\u021ba unui Cod ro\u0219u de [&hellip;]<\/p>\n","protected":false},"author":1,"featured_media":0,"comment_status":"open","ping_status":"","sticky":false,"template":"","format":"standard","meta":{"footnotes":""},"categories":[89],"tags":[226,189],"class_list":["post-2075627","post","type-post","status-publish","format-standard","hentry","category-romania","tag-crawlmanager","tag-orasul-timisoara-ro"],"_links":{"self":[{"href":"https:\/\/analyse.optim.biz\/index.php?rest_route=\/wp\/v2\/posts\/2075627","targetHints":{"allow":["GET"]}}],"collection":[{"href":"https:\/\/analyse.optim.biz\/index.php?rest_route=\/wp\/v2\/posts"}],"about":[{"href":"https:\/\/analyse.optim.biz\/index.php?rest_route=\/wp\/v2\/types\/post"}],"author":[{"embeddable":true,"href":"https:\/\/analyse.optim.biz\/index.php?rest_route=\/wp\/v2\/users\/1"}],"replies":[{"embeddable":true,"href":"https:\/\/analyse.optim.biz\/index.php?rest_route=%2Fwp%2Fv2%2Fcomments&post=2075627"}],"version-history":[{"count":0,"href":"https:\/\/analyse.optim.biz\/index.php?rest_route=\/wp\/v2\/posts\/2075627\/revisions"}],"wp:attachment":[{"href":"https:\/\/analyse.optim.biz\/index.php?rest_route=%2Fwp%2Fv2%2Fmedia&parent=2075627"}],"wp:term":[{"taxonomy":"category","embeddable":true,"href":"https:\/\/analyse.optim.biz\/index.php?rest_route=%2Fwp%2Fv2%2Fcategories&post=2075627"},{"taxonomy":"post_tag","embeddable":true,"href":"https:\/\/analyse.optim.biz\/index.php?rest_route=%2Fwp%2Fv2%2Ftags&post=2075627"}],"curies":[{"name":"wp","href":"https:\/\/api.w.org\/{rel}","templated":true}]}}