{"id":2075578,"date":"2026-08-03T09:55:00","date_gmt":"2026-08-03T06:55:00","guid":{"rendered":"https:\/\/analyse.optim.biz\/?p=2075578"},"modified":"2026-08-03T09:55:00","modified_gmt":"2026-08-03T06:55:00","slug":"cursa-nebuna-pe-strazile-din-campulung-un-tanar-de-23-de-ani-a-fugit-de-politie-cu-un-bmw-dar-s-a-oprit-intr-un-gard-de-pe-strada-sirenei","status":"publish","type":"post","link":"https:\/\/analyse.optim.biz\/?p=2075578","title":{"rendered":"Curs\u0103 nebun\u0103 pe str\u0103zile din C\u00e2mpulung! Un t\u00e2n\u0103r de 23 de ani a fugit de poli\u021bie cu un BMW, dar s-a oprit \u00eentr-un gard de pe strada Sirenei"},"content":{"rendered":"<p>[analyse_image type=&#8221;featured&#8221; src=&#8221;https:\/\/blogger.googleusercontent.com\/img\/b\/R29vZ2xl\/AVvXsEi14aULB0a_X2QOgsHCQRsHa7Of2AlZSnh-l56sEKK93C7xyRpzFbhyphenhyphenCdHlLqlD_wJmwgxnGLsyF9duDOM80hTWmY5j9OAjT_3Zoz6l4CFboETtWkvbmxnZS9XXTCAsIuvffZiV20cZ1zYJqbPnCR_4U0i7NEmmeYWVb3PqXz6bQV9pF9pI74vczbmoTcY\/w1600\/bmw-urmarire-politie.jpg&#8221;]<\/p>\n<div class=\"post-body entry-content\" id=\"post-body\">\n<div class=\"separator\"><a href=\"https:\/\/blogger.googleusercontent.com\/img\/b\/R29vZ2xl\/AVvXsEi14aULB0a_X2QOgsHCQRsHa7Of2AlZSnh-l56sEKK93C7xyRpzFbhyphenhyphenCdHlLqlD_wJmwgxnGLsyF9duDOM80hTWmY5j9OAjT_3Zoz6l4CFboETtWkvbmxnZS9XXTCAsIuvffZiV20cZ1zYJqbPnCR_4U0i7NEmmeYWVb3PqXz6bQV9pF9pI74vczbmoTcY\/s1200\/bmw-urmarire-politie.jpg\"><img decoding=\"async\" alt=\"Curs\u0103 nebun\u0103 pe str\u0103zile din C\u00e2mpulung! Un t\u00e2n\u0103r de 23 de ani a fugit de poli\u021bie cu un BMW, dar s-a oprit \u00eentr-un gard de pe strada Sirenei\" border=\"0\" height=\"335\" loading=\"lazy\" src=\"https:\/\/blogger.googleusercontent.com\/img\/b\/R29vZ2xl\/AVvXsEi14aULB0a_X2QOgsHCQRsHa7Of2AlZSnh-l56sEKK93C7xyRpzFbhyphenhyphenCdHlLqlD_wJmwgxnGLsyF9duDOM80hTWmY5j9OAjT_3Zoz6l4CFboETtWkvbmxnZS9XXTCAsIuvffZiV20cZ1zYJqbPnCR_4U0i7NEmmeYWVb3PqXz6bQV9pF9pI74vczbmoTcY\/w640-h335-rw\/bmw-urmarire-politie.jpg\" title=\"Curs\u0103 nebun\u0103 pe str\u0103zile din C\u00e2mpulung! Un t\u00e2n\u0103r de 23 de ani a fugit de poli\u021bie cu un BMW, dar s-a oprit \u00eentr-un gard de pe strada Sirenei\" width=\"640\"><\/a><\/div>\n<p><strong>Str\u0103zile din municipiul C\u00e2mpulung Moldovenesc s-au transformat, s\u00e2mb\u0103t\u0103 sear\u0103, \u00een scena unei urm\u0103riri ca \u00een filme. Un t\u00e2n\u0103r de 23 de ani, aflat la volanul unui autoturism BMW \u0219i cu o alcoolemie uria\u0219\u0103, a \u00eencercat s\u0103 scape de filtrele poli\u021biei, declan\u0219\u00e2nd o curs\u0103 nebun\u0103 soldat\u0103 cu ma\u0219ini avariate \u0219i garduri distruse. Fuga s-a \u00eencheiat brusc, iar acum se afl\u0103 \u00een spatele gratiilor.<\/strong><\/p>\n<p>Incidentul a debutat la data de 1 august 2026, \u00een jurul orei 21:30. Un echipaj din cadrul Biroului de Ordine Public\u0103 al Poli\u021biei C\u00e2mpulung Moldovenesc, care ac\u021biona pe strada Molidului, a efectuat semnalul regulamentar de oprire, folosind semnalele acustice \u0219i luminoase, unui autoturism marca BMW care circula din sens opus.<\/p>\n<h2>A mimat c\u0103 opre\u0219te, apoi a c\u0103lcat accelera\u021bia la maximum<\/h2>\n<p>Ini\u021bial, conduc\u0103torul auto a \u00eencetinit, l\u0103s\u00e2nd impresia c\u0103 se conformeaz\u0103 solicit\u0103rii. \u00cens\u0103, exact \u00een momentul \u00een care a ajuns \u00een dreptul poli\u021bi\u0219tilor, acesta a accelerat brusc, demar\u00e2nd \u00een tromb\u0103. Echipajul a pornit imediat \u00een urm\u0103rirea fugarului, anun\u021b\u00e2nd concomitent incidentul \u00een dispecerat.<\/p>\n<p>Mobilizarea autorit\u0103\u021bilor a fost exemplar\u0103. S-a dispus de urgen\u021b\u0103 direc\u021bionarea unui echipaj de poli\u021bie rutier\u0103 \u00eentr-o intersec\u021bie aflat\u0103 pe traseul de fug\u0103 al autoturismului, agen\u021bii preg\u0103tind un dispozitiv de tip \u201espike\u201d pentru oprirea for\u021bat\u0103 a BMW-ului. Totodat\u0103, toate celelalte echipaje aflate \u00een serviciu au fost redirec\u021bionate spre zona respectiv\u0103.<\/p>\n<p>\u00cen disperarea de a sc\u0103pa, pe parcursul urm\u0103ririi, \u0219oferul a acro\u0219at dou\u0103 autoturisme parcate pe marginea drumului, rup\u00e2ndu-le oglinzile laterale.<\/p>\n<h3>Final de curs\u0103: direct \u00eentr-un gard pe strada Sirenei<\/h3>\n<p>Ritmul nebunesc \u0219i viteza excesiv\u0103 l-au tr\u0103dat \u00een cele din urm\u0103 pe fugar. Conduc\u0103torul auto a pierdut controlul asupra direc\u021biei de deplasare, a p\u0103r\u0103sit partea carosabil\u0103, a intrat pe acostament \u0219i s-a izbit frontal de un gard, distrug\u00e2nd mai multe panouri, pe strada Sirenei.<\/p>\n<p>Echipajul de poli\u021bie rutier\u0103 ajuns imediat la fa\u021ba locului a procedat la extragerea \u0219oferului din ma\u0219ina avariat\u0103. Din fericire, acesta nu a suferit leziuni corporale \u00een urma impactului violent. Individul a fost legitimat, fiind identificat \u00een persoana lui Andrei \u021a., \u00een v\u00e2rst\u0103 de 23 de ani, domiciliat \u00een localitatea Izvoarele Sucevei.<\/p>\n<h2>Alcoolemie record \u0219i re\u021binere pentru 24 de ore<\/h2>\n<p>Motivul fugii a devenit clar \u00een momentul test\u0103rii cu etilometrul: aparatul a indicat o valoare uria\u0219\u0103 de <strong>1,16 mg\/l alcool pur \u00een aerul expirat<\/strong>. T\u00e2n\u0103rul a fost testat \u0219i cu aparatul Drugtest, rezultatul fiind negativ \u00een privin\u021ba substan\u021belor interzise. Ulterior, acesta a fost condus la Spitalul Municipal C\u00e2mpulung Moldovenesc, unde i-au fost recoltate probe biologice de s\u00e2nge.<\/p>\n<p>\u00cen urma controlului corporal \u0219i al interiorului ma\u0219inii, nu au fost identificate alte bunuri interzise. Poli\u021bi\u0219tii au \u00eentocmit un dosar penal pentru s\u0103v\u00e2r\u0219irea infrac\u021biunii de \u201econducerea unui vehicul sub influen\u021ba alcoolului sau a altor substan\u021be\u201d.<\/p>\n<p>Av\u00e2nd \u00een vedere gravitatea faptelor \u0219i probatoriul administrat, organele de cercetare penal\u0103 au dispus re\u021binerea suspectului pentru o perioad\u0103 de 24 de ore. T\u00e2n\u0103rul a fost deja introdus \u00een Centrul de Re\u021binere \u0219i Arestare Preventiv\u0103 al IPJ Suceava, urm\u00e2nd s\u0103 r\u0103spund\u0103 \u00een fa\u021ba legii pentru cursa sa incon\u0219tient\u0103.<\/p>\n<\/div>\n<div class=\"post-body entry-content\" id=\"post-body\">\n<div class=\"separator\"><a href=\"https:\/\/blogger.googleusercontent.com\/img\/b\/R29vZ2xl\/AVvXsEi14aULB0a_X2QOgsHCQRsHa7Of2AlZSnh-l56sEKK93C7xyRpzFbhyphenhyphenCdHlLqlD_wJmwgxnGLsyF9duDOM80hTWmY5j9OAjT_3Zoz6l4CFboETtWkvbmxnZS9XXTCAsIuvffZiV20cZ1zYJqbPnCR_4U0i7NEmmeYWVb3PqXz6bQV9pF9pI74vczbmoTcY\/s1200\/bmw-urmarire-politie.jpg\"><img decoding=\"async\" alt=\"Curs\u0103 nebun\u0103 pe str\u0103zile din C\u00e2mpulung! Un t\u00e2n\u0103r de 23 de ani a fugit de poli\u021bie cu un BMW, dar s-a oprit \u00eentr-un gard de pe strada Sirenei\" border=\"0\" height=\"335\" loading=\"lazy\" src=\"https:\/\/blogger.googleusercontent.com\/img\/b\/R29vZ2xl\/AVvXsEi14aULB0a_X2QOgsHCQRsHa7Of2AlZSnh-l56sEKK93C7xyRpzFbhyphenhyphenCdHlLqlD_wJmwgxnGLsyF9duDOM80hTWmY5j9OAjT_3Zoz6l4CFboETtWkvbmxnZS9XXTCAsIuvffZiV20cZ1zYJqbPnCR_4U0i7NEmmeYWVb3PqXz6bQV9pF9pI74vczbmoTcY\/w640-h335-rw\/bmw-urmarire-politie.jpg\" title=\"Curs\u0103 nebun\u0103 pe str\u0103zile din C\u00e2mpulung! Un t\u00e2n\u0103r de 23 de ani a fugit de poli\u021bie cu un BMW, dar s-a oprit \u00eentr-un gard de pe strada Sirenei\" width=\"640\"><\/a><\/div>\n<p><strong>Str\u0103zile din municipiul C\u00e2mpulung Moldovenesc s-au transformat, s\u00e2mb\u0103t\u0103 sear\u0103, \u00een scena unei urm\u0103riri ca \u00een filme. Un t\u00e2n\u0103r de 23 de ani, aflat la volanul unui autoturism BMW \u0219i cu o alcoolemie uria\u0219\u0103, a \u00eencercat s\u0103 scape de filtrele poli\u021biei, declan\u0219\u00e2nd o curs\u0103 nebun\u0103 soldat\u0103 cu ma\u0219ini avariate \u0219i garduri distruse. Fuga s-a \u00eencheiat brusc, iar acum se afl\u0103 \u00een spatele gratiilor.<\/strong><\/p>\n<p>Incidentul a debutat la data de 1 august 2026, \u00een jurul orei 21:30. Un echipaj din cadrul Biroului de Ordine Public\u0103 al Poli\u021biei C\u00e2mpulung Moldovenesc, care ac\u021biona pe strada Molidului, a efectuat semnalul regulamentar de oprire, folosind semnalele acustice \u0219i luminoase, unui autoturism marca BMW care circula din sens opus.<\/p>\n<h2>A mimat c\u0103 opre\u0219te, apoi a c\u0103lcat accelera\u021bia la maximum<\/h2>\n<p>Ini\u021bial, conduc\u0103torul auto a \u00eencetinit, l\u0103s\u00e2nd impresia c\u0103 se conformeaz\u0103 solicit\u0103rii. \u00cens\u0103, exact \u00een momentul \u00een care a ajuns \u00een dreptul poli\u021bi\u0219tilor, acesta a accelerat brusc, demar\u00e2nd \u00een tromb\u0103. Echipajul a pornit imediat \u00een urm\u0103rirea fugarului, anun\u021b\u00e2nd concomitent incidentul \u00een dispecerat.<\/p>\n<p>Mobilizarea autorit\u0103\u021bilor a fost exemplar\u0103. S-a dispus de urgen\u021b\u0103 direc\u021bionarea unui echipaj de poli\u021bie rutier\u0103 \u00eentr-o intersec\u021bie aflat\u0103 pe traseul de fug\u0103 al autoturismului, agen\u021bii preg\u0103tind un dispozitiv de tip \u201espike\u201d pentru oprirea for\u021bat\u0103 a BMW-ului. Totodat\u0103, toate celelalte echipaje aflate \u00een serviciu au fost redirec\u021bionate spre zona respectiv\u0103.<\/p>\n<p>\u00cen disperarea de a sc\u0103pa, pe parcursul urm\u0103ririi, \u0219oferul a acro\u0219at dou\u0103 autoturisme parcate pe marginea drumului, rup\u00e2ndu-le oglinzile laterale.<\/p>\n<h3>Final de curs\u0103: direct \u00eentr-un gard pe strada Sirenei<\/h3>\n<p>Ritmul nebunesc \u0219i viteza excesiv\u0103 l-au tr\u0103dat \u00een cele din urm\u0103 pe fugar. Conduc\u0103torul auto a pierdut controlul asupra direc\u021biei de deplasare, a p\u0103r\u0103sit partea carosabil\u0103, a intrat pe acostament \u0219i s-a izbit frontal de un gard, distrug\u00e2nd mai multe panouri, pe strada Sirenei.<\/p>\n<p>Echipajul de poli\u021bie rutier\u0103 ajuns imediat la fa\u021ba locului a procedat la extragerea \u0219oferului din ma\u0219ina avariat\u0103. Din fericire, acesta nu a suferit leziuni corporale \u00een urma impactului violent. Individul a fost legitimat, fiind identificat \u00een persoana lui Andrei \u021a., \u00een v\u00e2rst\u0103 de 23 de ani, domiciliat \u00een localitatea Izvoarele Sucevei.<\/p>\n<h2>Alcoolemie record \u0219i re\u021binere pentru 24 de ore<\/h2>\n<p>Motivul fugii a devenit clar \u00een momentul test\u0103rii cu etilometrul: aparatul a indicat o valoare uria\u0219\u0103 de <strong>1,16 mg\/l alcool pur \u00een aerul expirat<\/strong>. T\u00e2n\u0103rul a fost testat \u0219i cu aparatul Drugtest, rezultatul fiind negativ \u00een privin\u021ba substan\u021belor interzise. Ulterior, acesta a fost condus la Spitalul Municipal C\u00e2mpulung Moldovenesc, unde i-au fost recoltate probe biologice de s\u00e2nge.<\/p>\n<p>\u00cen urma controlului corporal \u0219i al interiorului ma\u0219inii, nu au fost identificate alte bunuri interzise. Poli\u021bi\u0219tii au \u00eentocmit un dosar penal pentru s\u0103v\u00e2r\u0219irea infrac\u021biunii de \u201econducerea unui vehicul sub influen\u021ba alcoolului sau a altor substan\u021be\u201d.<\/p>\n<p>Av\u00e2nd \u00een vedere gravitatea faptelor \u0219i probatoriul administrat, organele de cercetare penal\u0103 au dispus re\u021binerea suspectului pentru o perioad\u0103 de 24 de ore. T\u00e2n\u0103rul a fost deja introdus \u00een Centrul de Re\u021binere \u0219i Arestare Preventiv\u0103 al IPJ Suceava, urm\u00e2nd s\u0103 r\u0103spund\u0103 \u00een fa\u021ba legii pentru cursa sa incon\u0219tient\u0103.<\/p>\n<\/div>\n<p>[analyse_source url=&#8221;https:\/\/www.stirisuceava.net\/2026\/08\/cursa-nebuna-pe-strazile-din-campulung.html&#8221;]<\/p>\n","protected":false},"excerpt":{"rendered":"<p>[analyse_image type=&#8221;featured&#8221; src=&#8221;https:\/\/blogger.googleusercontent.com\/img\/b\/R29vZ2xl\/AVvXsEi14aULB0a_X2QOgsHCQRsHa7Of2AlZSnh-l56sEKK93C7xyRpzFbhyphenhyphenCdHlLqlD_wJmwgxnGLsyF9duDOM80hTWmY5j9OAjT_3Zoz6l4CFboETtWkvbmxnZS9XXTCAsIuvffZiV20cZ1zYJqbPnCR_4U0i7NEmmeYWVb3PqXz6bQV9pF9pI74vczbmoTcY\/w1600\/bmw-urmarire-politie.jpg&#8221;] Str\u0103zile din municipiul C\u00e2mpulung Moldovenesc s-au transformat, s\u00e2mb\u0103t\u0103 sear\u0103, \u00een scena unei urm\u0103riri ca \u00een filme. Un t\u00e2n\u0103r de 23 de ani, aflat la volanul unui autoturism BMW \u0219i cu o alcoolemie uria\u0219\u0103, a \u00eencercat s\u0103 scape de filtrele poli\u021biei, declan\u0219\u00e2nd o curs\u0103 nebun\u0103 soldat\u0103 cu ma\u0219ini avariate \u0219i garduri distruse. Fuga [&hellip;]<\/p>\n","protected":false},"author":1,"featured_media":0,"comment_status":"open","ping_status":"","sticky":false,"template":"","format":"standard","meta":{"footnotes":""},"categories":[89],"tags":[226,172],"class_list":["post-2075578","post","type-post","status-publish","format-standard","hentry","category-romania","tag-crawlmanager","tag-stirisuceava-net"],"_links":{"self":[{"href":"https:\/\/analyse.optim.biz\/index.php?rest_route=\/wp\/v2\/posts\/2075578","targetHints":{"allow":["GET"]}}],"collection":[{"href":"https:\/\/analyse.optim.biz\/index.php?rest_route=\/wp\/v2\/posts"}],"about":[{"href":"https:\/\/analyse.optim.biz\/index.php?rest_route=\/wp\/v2\/types\/post"}],"author":[{"embeddable":true,"href":"https:\/\/analyse.optim.biz\/index.php?rest_route=\/wp\/v2\/users\/1"}],"replies":[{"embeddable":true,"href":"https:\/\/analyse.optim.biz\/index.php?rest_route=%2Fwp%2Fv2%2Fcomments&post=2075578"}],"version-history":[{"count":0,"href":"https:\/\/analyse.optim.biz\/index.php?rest_route=\/wp\/v2\/posts\/2075578\/revisions"}],"wp:attachment":[{"href":"https:\/\/analyse.optim.biz\/index.php?rest_route=%2Fwp%2Fv2%2Fmedia&parent=2075578"}],"wp:term":[{"taxonomy":"category","embeddable":true,"href":"https:\/\/analyse.optim.biz\/index.php?rest_route=%2Fwp%2Fv2%2Fcategories&post=2075578"},{"taxonomy":"post_tag","embeddable":true,"href":"https:\/\/analyse.optim.biz\/index.php?rest_route=%2Fwp%2Fv2%2Ftags&post=2075578"}],"curies":[{"name":"wp","href":"https:\/\/api.w.org\/{rel}","templated":true}]}}