{"id":2075548,"date":"2026-08-03T19:23:20","date_gmt":"2026-08-03T16:23:20","guid":{"rendered":"https:\/\/analyse.optim.biz\/?p=2075548"},"modified":"2026-08-03T19:23:20","modified_gmt":"2026-08-03T16:23:20","slug":"cand-incepe-scoala-in-2026-structura-noului-an-scolar-vacantele-si-zilele-libere","status":"publish","type":"post","link":"https:\/\/analyse.optim.biz\/?p=2075548","title":{"rendered":"C\u00e2nd \u00eencepe \u0219coala \u00een 2026: Structura noului an \u0219colar, vacan\u021bele \u0219i zilele libere"},"content":{"rendered":"<p>[analyse_image type=&#8221;featured&#8221; src=&#8221;https:\/\/r3media.ro\/wp-content\/uploads\/2021\/08\/elevi-scoala-sondaj-e1630354784691.jpghttps:\/\/r3media.ro\/wp-content\/uploads\/2021\/08\/elevi-scoala-sondaj-e1630354784691.jpg&#8221;]<\/p>\n<article id=\"template-id-109\" class=\"post-109 tdb_templates type-tdb_templates status-publish post\">\n<div id=\"tdi_2\" class=\"tdc-zone\">\n<div class=\"tdc_zone tdi_3  wpb_row td-pb-row\">\n<div id=\"tdi_4\" class=\"tdc-row\">\n<div class=\"vc_row tdi_5  wpb_row td-pb-row\">\n<div class=\"vc_column tdi_7  wpb_column vc_column_container tdc-column td-pb-span8\">\n<div class=\"wpb_wrapper\">\n<div class=\"td_block_wrap tdb_breadcrumbs tdi_8 td-pb-border-top td_block_template_1 tdb-breadcrumbs \" data-td-block-uid=\"tdi_8\">\n<div class=\"tdb-block-inner td-fix-index\"><span><a title=\"Vede\u021bi toate articolele \u00een EDUCA\u021aIE\" class=\"tdb-entry-crumb\" href=\"https:\/\/r3media.ro\/category\/educatie\/\">EDUCA\u021aIE<\/a><\/span><span class=\"tdb-bred-no-url-last\">C\u00e2nd \u00eencepe \u0219coala \u00een 2026: Structura noului an \u0219colar, vacan\u021bele \u0219i zilele&#8230;<\/span><\/div>\n<\/div>\n<div class=\"td_block_wrap tdb_single_categories tdi_9 td-pb-border-top td_block_template_1 \" data-td-block-uid=\"tdi_9\">\n<div class=\"tdb-category td-fix-index\"><a class=\"tdb-entry-category\" href=\"https:\/\/r3media.ro\/category\/educatie\/\">EDUCA\u021aIE<\/a><a class=\"tdb-entry-category\" href=\"https:\/\/r3media.ro\/category\/featured\/\">FEATURED<\/a><a class=\"tdb-entry-category\" href=\"https:\/\/r3media.ro\/category\/stiri\/\">\u0218TIRI<\/a><\/div>\n<\/div>\n<div class=\"td_block_wrap tdb_title tdi_10 tdb-single-title td-pb-border-top td_block_template_1\" data-td-block-uid=\"tdi_10\">\n<div class=\"tdb-block-inner td-fix-index\">\n<h1 class=\"tdb-title-text\">C\u00e2nd \u00eencepe \u0219coala \u00een 2026: Structura noului an \u0219colar, vacan\u021bele \u0219i zilele libere<\/h1>\n<\/div>\n<\/div>\n<div class=\"vc_row_inner tdi_12  vc_row vc_inner wpb_row td-pb-row\">\n<div class=\"vc_column_inner tdi_14  wpb_column vc_column_container tdc-inner-column td-pb-span12\">\n<div class=\"vc_column-inner\">\n<div class=\"wpb_wrapper\">\n<div class=\"td_block_wrap tdb_single_author tdi_15 td-pb-border-top td_block_template_1 tdb-post-meta\" data-td-block-uid=\"tdi_15\">\n<div class=\"tdb-block-inner td-fix-index\">\n<div class=\"tdb-author-name-wrap\"><a class=\"tdb-author-name\" href=\"https:\/\/r3media.ro\/author\/oana\/\">Oana Ivan<\/a><\/div>\n<\/div>\n<\/div>\n<div class=\"td_block_wrap tdb_single_date tdi_16 td-pb-border-top td_block_template_1 tdb-post-meta\" data-td-block-uid=\"tdi_16\">\n<div class=\"tdb-block-inner td-fix-index\"><time class=\"entry-date updated td-module-date\" datetime=\"2026-08-03T22:23:20+03:00\">03\/08\/2026<\/time><\/div>\n<\/div>\n<\/div>\n<\/div>\n<\/div>\n<\/div>\n<div class=\"td_block_wrap tdb_single_content tdi_18 td-pb-border-top td_block_template_1 td-post-content tagdiv-type\" data-td-block-uid=\"tdi_18\">\n<div class=\"tdb-block-inner td-fix-index\">\n<p><strong>\u00cen anul \u0219colar 2026-2027, cursurile vor \u00eencepe pe 7 septembrie 2026 \u0219i se vor \u00eencheia pe 18 iunie 2027. Anul \u0219colar are o durat\u0103 de 36 de s\u0103pt\u0103m\u00e2ni de cursuri, potrivit Ministerului Educa\u021biei.<\/strong><\/p>\n<p>Pentru clasele a XII-a zi, a XIII-a seral \u015fi frecven\u0163\u0103 redus\u0103, anul \u015fcolar are o durat\u0103 de 34 de s\u0103pt\u0103m\u00e2ni de cursuri. Acesta se \u00eencheie la data de 4 iunie 2027. Pentru clasa a VIII-a, anul \u015fcolar are o durat\u0103 de 35 de s\u0103pt\u0103m\u00e2ni de cursuri \u0219i se \u00eencheie la data de 11 iunie 2027<\/p>\n<p>Programele na\u021bionale \u201e\u0218coala altfel\u201d \u0219i \u201eS\u0103pt\u0103m\u00e2na verde\u201d se vor desf\u0103\u015fura \u00een perioada 7 septembrie 2026 \u2013 23 aprilie 2027. S\u0103pt\u0103m\u00e2na de vacan\u021b\u0103 la decizia inspectoratelor \u0219colare jude\u021bene\/al municipiului Bucure\u0219ti va fi planificat\u0103 \u00een perioada 15 februarie \u2013 7 martie 2027. Decizia privind s\u0103pt\u0103m\u00e2na de vacan\u021b\u0103 se ia \u00een urma consult\u0103rilor cu elevii, cu p\u0103rin\u021bii acestora \u0219i cu cadrele didactice, realizate la nivelul unit\u0103\u021bilor de \u00eenv\u0103\u021b\u0103m\u00e2nt.<\/p>\n<p>Pentru predictibilitate, p\u00e2n\u0103 la data de 1 aprilie 2026, fiecare unitate de \u00eenv\u0103\u021b\u0103m\u00e2nt va comunica elevilor \u0219i p\u0103rin\u021bilor structura detaliat\u0103 a anului \u0219colar viitor, cu includerea deciziilor pentru elementele flexibile ale acesteia.<\/p>\n<h2><strong>C\u00e2nd \u00eencepe \u0219coala \u00een 2026: Calendarul modulelor de \u00eenv\u0103\u021bare<\/strong><\/h2>\n<p>\u00a0<\/p>\n<p>Anul \u0219colar 2026 \u2013 2027 va fi \u00eemp\u0103r\u021bit \u00een 5 module de \u00eenv\u0103\u021bare. Potrivit <a href=\"https:\/\/www.digi24.ro\/stiri\/actualitate\/educatie\/cand-incepe-scoala-in-septembrie-cum-este-organizat-anul-de-invatamant-2026-2027-3887929\" target=\"_blank\" rel=\"noopener\">Digi24<\/a>, tructura oficial\u0103 este urm\u0103toarea:<\/p>\n<ul>\n<li>Modulul I: luni, 7 septembrie 2026 \u2013 vineri, 23 octombrie 2026;<\/li>\n<li>Modulul II: luni, 2 noiembrie 2026 \u2013 mar\u021bi, 22 decembrie 2026;<\/li>\n<li>Modulul III: luni, 11 ianuarie 2027- vineri,12 februarie 2027, respectiv vineri, 19 februarie 2027, sau vineri, 26 februarie 2027, \u00een func\u021bie de vacan\u021ba stabilit\u0103 \u00een Bucure\u0219ti \u0219i celelalte jude\u021be ale \u021b\u0103rii;<\/li>\n<li>Modulul IV: luni, 22 februarie 2027, respectiv luni, 1 martie 2027 sau luni, 8 martie 2027, la decizia inspectoratelor \u0219colare jude\u021bene \u0219i a municipiului Bucure\u0219ti, dup\u0103 caz, p\u00e2n\u0103 vineri, 23 aprilie 2027;<\/li>\n<li>Modulul V: miercuri, 5 mai \u2013 vineri, 18 iunie 2027.<\/li>\n<\/ul>\n<h2><strong>Vacan\u021be pentru elevi \u00een anul \u0219colar 2026 \u2013 2027<\/strong><\/h2>\n<p>\u00a0<\/p>\n<p>Prima vacan\u021b\u0103 este programat\u0103 la sf\u00e2r\u0219itul lunii octombrie. Aceasta \u00eencepe s\u00e2mb\u0103t\u0103, 24 octombrie, \u0219i se \u00eencheie duminic\u0103, 1 noiembrie 2026. Cursurile sunt reluate luni, 2 noiembrie.<\/p>\n<p>Vacan\u021ba de iarn\u0103 \u00eencepe miercuri, 23 decembrie 2026, \u0219i se \u00eencheie duminic\u0103, 10 ianuarie 2027. Activitatea didactic\u0103 se va relua luni, 11 ianuarie 2027. Perioada include Cr\u0103ciunul \u0219i Revelionul \u0219i reprezint\u0103 cea mai lung\u0103 \u00eentrerupere de la cursuri din prima parte a anului \u0219colar.<\/p>\n<p>Vacan\u021ba de schi se stabile\u0219te \u00een fiecare jude\u021b. Spre deosebire de celelalte perioade de pauz\u0103, vacan\u021ba de schi nu are aceea\u0219i dat\u0103 \u00een \u00eentreaga \u021bar\u0103. Inspectoratele \u0219colare pot opta pentru una dintre urm\u0103toarele variante: 15 \u2013 21 februarie 2027; 22 \u2013 28 februarie 2027; 1 \u2013 7 martie 2027. Decizia este luat\u0103 dup\u0103 consultarea profesorilor, p\u0103rin\u021bilor \u0219i reprezentan\u021bilor elevilor.<\/p>\n<p>Vacan\u021ba de Pa\u0219ti este programat\u0103 \u00een perioada 24 aprilie \u2013 4 mai 2027. Copiii se \u00eentorc la \u0219coal\u0103 miercuri, 5 mai, odat\u0103 cu debutul ultimului modul al anului. Calendarul a fost stabilit astfel \u00eenc\u00e2t s\u0103 includ\u0103 Pa\u0219tele Ortodox, s\u0103rb\u0103torit \u00een 2 mai 2027. Perioada liber\u0103 are 11 zile calendaristice.<\/p>\n<p>Vacan\u021ba de var\u0103 \u00eencepe s\u00e2mb\u0103t\u0103, 19 iunie 2027, c\u00e2nd se \u00eencheie anul \u0219colar.<\/p>\n<p>Totodat\u0103, elevii vor avea liber \u0219i \u00een zilele de s\u0103rb\u0103toare legal\u0103 care coincid cu perioada de studiu. Acestea sunt:<\/p>\n<ul>\n<li>30 noiembrie \u2013 Sf\u00e2ntul Andrei;<\/li>\n<li>1 decembrie \u2013 Ziua Na\u021bional\u0103 a Rom\u00e2niei;<\/li>\n<li>5 octombrie \u2013 Ziua Interna\u021bional\u0103 a Educa\u021biei;<\/li>\n<li>1 iunie \u2013 Ziua Copilului. Totodat\u0103,<\/li>\n<li>5 iunie \u2013 Ziua \u00cenv\u0103\u021b\u0103torului este zi nelucr\u0103toare pentru personalul din \u00eenv\u0103\u021b\u0103m\u00e2nt.<\/li>\n<\/ul>\n<p>\u00a0<\/p>\n<div class=\"crp_related     crp-masonry\">\n<h2>\u00ceN CONTEXT<\/h2>\n<ul>\n<li><a href=\"https:\/\/r3media.ro\/fara-tine-in-google-r3media-dispare-iata-ce-poti-face-in-10-secunde\/\" class=\"crp_link post-119031\"><span class=\"crp_title\">F\u0103r\u0103 tine \u00een Google, R3media dispare. Iat\u0103 ce po\u021bi face \u00een 10 secunde<\/span><\/a><\/li>\n<li><a href=\"https:\/\/r3media.ro\/elevii-liceu-focsani-pacalit-profesori-inteligenta-artificiala-cadre-didactice-scoala-maimuta\/\" class=\"crp_link post-113794\"><span class=\"crp_title\">Elevii de la un liceu din Foc\u0219ani \u0219i-au p\u0103c\u0103lit profesorii cu inteligen\u021ba artificial\u0103.\u2026<\/span><\/a><\/li>\n<li><a href=\"https:\/\/r3media.ro\/suedia-guvernul-vrea-interzicere-totala-telefoane-mobile-scoli-concentrare-elevi-proces-de-invatare\/\" class=\"crp_link post-114938\"><span class=\"crp_title\">Suedia | Guvernul vrea s\u0103 interzic\u0103 total telefoanele mobile \u00een \u0219coli, pentru a se asigura\u2026<\/span><\/a><\/li>\n<li><a href=\"https:\/\/r3media.ro\/elevii-clasa-a-xii-a-evaluarea-competentelor-interviu-video\/\" class=\"crp_link post-117964\"><span class=\"crp_title\">VIDEO | Elevi de clasa a XII-a care au mers la evaluarea competen\u021belor: \u201eDoamn\u0103, eu nici nu\u2026<\/span><\/a><\/li>\n<\/ul>\n<\/div>\n<\/div>\n<\/div>\n<div class=\"td_block_wrap tdb_single_tags tdi_19 td-pb-border-top td_block_template_1\" data-td-block-uid=\"tdi_19\">\n<div class=\"tdb-block-inner td-fix-index\">\n<ul class=\"tdb-tags\">\n<li><span>SUBIECTE FIERBIN\u021aI<\/span><\/li>\n<li><a href=\"https:\/\/r3media.ro\/tag\/elevi\/\">elevi<\/a><\/li>\n<li><a href=\"https:\/\/r3media.ro\/tag\/inceput-de-an-scolar\/\">inceput de an scolar<\/a><\/li>\n<\/ul>\n<\/div>\n<\/div>\n<div class=\"td_block_wrap td_block_9 tdi_20 td_with_ajax_pagination td-pb-border-top td_block_template_1 td-column-2 td_block_padding td_block_bot_line\" data-td-block-uid=\"tdi_20\">\n<div class=\"td-block-title-wrap\">\n<h4 class=\"block-title td-block-title\"><span class=\"td-pulldown-size\">CITE\u0218TE MAI MULT<\/span><\/h4>\n<\/div>\n<div id=\"tdi_20\" class=\"td_block_inner\">\n<div class=\"td-block-row\">\n<div class=\"td-block-span6\">\n<div class=\"td_module_8 td_module_wrap\">\n<div class=\"item-details\">\n<h3 class=\"entry-title td-module-title\"><a href=\"https:\/\/r3media.ro\/hyundai-recheama-service-masini-electrice-inster-risc-incendiu\/\" rel=\"bookmark\" title=\"Hyundai recheam\u0103 \u00een service zeci de mii de ma\u0219ini electrice din cauza riscului de incendiu\">Hyundai recheam\u0103 \u00een service zeci de mii de ma\u0219ini electrice din cauza riscului de&#8230;<\/a><\/h3>\n<div class=\"td-module-meta-info\"><a href=\"https:\/\/r3media.ro\/category\/actualitate\/\" class=\"td-post-category\">ACTUALITATE<\/a><span class=\"td-post-author-name\"><a href=\"https:\/\/r3media.ro\/author\/oana\/\">Oana Ivan<\/a><span>&#8211;<\/span><\/span><span class=\"td-post-date\"><time class=\"entry-date updated td-module-date\" datetime=\"2026-08-02T08:34:05+03:00\">02\/08\/2026<\/time><\/span><\/div>\n<\/div>\n<\/div>\n<\/div>\n<div class=\"td-block-span6\">\n<div class=\"td_module_8 td_module_wrap\">\n<div class=\"item-details\">\n<h3 class=\"entry-title td-module-title\"><a href=\"https:\/\/r3media.ro\/dragostea-care-transcende-epoci-descult-in-parc-1967\/\" rel=\"bookmark\" title=\"Dragostea care transcende epoci \u2014 Descul\u021b \u00een parc (1967)\">Dragostea care transcende epoci \u2014 Descul\u021b \u00een parc (1967)<\/a><\/h3>\n<div class=\"td-module-meta-info\"><a href=\"https:\/\/r3media.ro\/category\/opinii\/\" class=\"td-post-category\">OPINII<\/a><span class=\"td-post-author-name\"><a href=\"https:\/\/r3media.ro\/author\/costi_balasoiu\/\">Constantin B\u0103l\u0103\u0219oiu<\/a><span>&#8211;<\/span><\/span><span class=\"td-post-date\"><time class=\"entry-date updated td-module-date\" datetime=\"2026-08-01T13:45:14+03:00\">01\/08\/2026<\/time><\/span><\/div>\n<\/div>\n<\/div>\n<\/div>\n<\/div>\n<div class=\"td-block-row\">\n<div class=\"td-block-span6\">\n<div class=\"td_module_8 td_module_wrap\">\n<div class=\"item-details\">\n<h3 class=\"entry-title td-module-title\"><a href=\"https:\/\/r3media.ro\/masina-electrica-foc-turcia-incarcat-vehicul-explozie-pompieri-stingere-incendiu-video\/\" rel=\"bookmark\" title=\"VIDEO | O ma\u0219in\u0103 electric\u0103 a luat foc \u00een timp ce se afla la \u00eenc\u0103rcat. Vehiculul a explodat chiar c\u00e2nd pompierii \u00eencercau s\u0103 sting\u0103 incendiul folosind o p\u0103tur\u0103 ignifug\u0103\">VIDEO | O ma\u0219in\u0103 electric\u0103 a luat foc \u00een timp ce se afla la&#8230;<\/a><\/h3>\n<div class=\"td-module-meta-info\"><a href=\"https:\/\/r3media.ro\/category\/actualitate\/\" class=\"td-post-category\">ACTUALITATE<\/a><span class=\"td-post-author-name\"><a href=\"https:\/\/r3media.ro\/author\/oana\/\">Oana Ivan<\/a><span>&#8211;<\/span><\/span><span class=\"td-post-date\"><time class=\"entry-date updated td-module-date\" datetime=\"2026-07-31T13:33:48+03:00\">31\/07\/2026<\/time><\/span><\/div>\n<\/div>\n<\/div>\n<\/div>\n<div class=\"td-block-span6\">\n<div class=\"td_module_8 td_module_wrap\">\n<div class=\"item-details\">\n<h3 class=\"entry-title td-module-title\"><a href=\"https:\/\/r3media.ro\/spania-asediu-migranti-exclava-ceuta-africa-madrid-trupe-securitate-video\/\" rel=\"bookmark\" title=\"VIDEO | Spania se afl\u0103 sub asediu: Mii de migran\u021bi au luat cu asalt exclava Ceuta din Africa. Madridul a trimis trupe pentru a consolida securitatea\">VIDEO | Spania se afl\u0103 sub asediu: Mii de migran\u021bi au luat cu asalt&#8230;<\/a><\/h3>\n<div class=\"td-module-meta-info\"><a href=\"https:\/\/r3media.ro\/category\/actualitate\/\" class=\"td-post-category\">ACTUALITATE<\/a><span class=\"td-post-author-name\"><a href=\"https:\/\/r3media.ro\/author\/oana\/\">Oana Ivan<\/a><span>&#8211;<\/span><\/span><span class=\"td-post-date\"><time class=\"entry-date updated td-module-date\" datetime=\"2026-07-31T12:39:57+03:00\">31\/07\/2026<\/time><\/span><\/div>\n<\/div>\n<\/div>\n<\/div>\n<\/div>\n<div class=\"td-block-row\">\n<div class=\"td-block-span6\">\n<div class=\"td_module_8 td_module_wrap\">\n<div class=\"item-details\">\n<h3 class=\"entry-title td-module-title\"><a href=\"https:\/\/r3media.ro\/expert-ucraina-faliment-agricultura-romaneasca-tehnologii-ue\/\" rel=\"bookmark\" title=\"Un expert explic\u0103 felul \u00een care concuren\u021ba din Ucraina bag\u0103 \u00een faliment agricultura rom\u00e2neasc\u0103: Folosesc tehnologii interzise \u00een UE\">Un expert explic\u0103 felul \u00een care concuren\u021ba din Ucraina bag\u0103 \u00een faliment agricultura rom\u00e2neasc\u0103:&#8230;<\/a><\/h3>\n<div class=\"td-module-meta-info\"><a href=\"https:\/\/r3media.ro\/category\/actualitate\/\" class=\"td-post-category\">ACTUALITATE<\/a><span class=\"td-post-author-name\"><a href=\"https:\/\/r3media.ro\/author\/radu_ursan\/\">Radu Ursan<\/a><span>&#8211;<\/span><\/span><span class=\"td-post-date\"><time class=\"entry-date updated td-module-date\" datetime=\"2026-07-30T09:51:48+03:00\">30\/07\/2026<\/time><\/span><\/div>\n<\/div>\n<\/div>\n<\/div>\n<div class=\"td-block-span6\">\n<div class=\"td_module_8 td_module_wrap\">\n<div class=\"item-details\">\n<h3 class=\"entry-title td-module-title\"><a href=\"https:\/\/r3media.ro\/cornel-nistorescu-drone-razboi-ucraina\/\" rel=\"bookmark\" title=\"Cornel Nistorescu, dup\u0103 incidentele cu drone: Adie a aer de r\u0103zboi. De mirare c\u0103 dronele ucrainene nu au st\u00e2rnit at\u00e2ta t\u0103r\u0103boi\">Cornel Nistorescu, dup\u0103 incidentele cu drone: Adie a aer de r\u0103zboi. De mirare c\u0103&#8230;<\/a><\/h3>\n<div class=\"td-module-meta-info\"><a href=\"https:\/\/r3media.ro\/category\/actualitate\/\" class=\"td-post-category\">ACTUALITATE<\/a><span class=\"td-post-author-name\"><a href=\"https:\/\/r3media.ro\/author\/radu_ursan\/\">Radu Ursan<\/a><span>&#8211;<\/span><\/span><span class=\"td-post-date\"><time class=\"entry-date updated td-module-date\" datetime=\"2026-07-28T10:21:51+03:00\">28\/07\/2026<\/time><\/span><\/div>\n<\/div>\n<\/div>\n<\/div>\n<\/div>\n<div class=\"td-block-row\">\n<div class=\"td-block-span6\">\n<div class=\"td_module_8 td_module_wrap\">\n<div class=\"item-details\">\n<h3 class=\"entry-title td-module-title\"><a href=\"https:\/\/r3media.ro\/bnr-recomanda-romani-rezerve-de-cash-atacuri-cibernetice-numerar-relevant-criza\/\" rel=\"bookmark\" title=\"BNR le recomand\u0103 rom\u00e2nilor s\u0103 p\u0103streze rezerve de cash: Numerarul se poate dovedi relevant \u00een criz\u0103\">BNR le recomand\u0103 rom\u00e2nilor s\u0103 p\u0103streze rezerve de cash: Numerarul se poate dovedi relevant&#8230;<\/a><\/h3>\n<div class=\"td-module-meta-info\"><a href=\"https:\/\/r3media.ro\/category\/actualitate\/\" class=\"td-post-category\">ACTUALITATE<\/a><span class=\"td-post-author-name\"><a href=\"https:\/\/r3media.ro\/author\/oana\/\">Oana Ivan<\/a><span>&#8211;<\/span><\/span><span class=\"td-post-date\"><time class=\"entry-date updated td-module-date\" datetime=\"2026-07-27T13:11:47+03:00\">27\/07\/2026<\/time><\/span><\/div>\n<\/div>\n<\/div>\n<\/div>\n<div class=\"td-block-span6\">\n<div class=\"td_module_8 td_module_wrap\">\n<div class=\"item-details\">\n<h3 class=\"entry-title td-module-title\"><a href=\"https:\/\/r3media.ro\/statul-roman-a-semnat-actul-propriei-disparitii\/\" rel=\"bookmark\" title=\"Statul rom\u00e2n a semnat actul propriei dispari\u021bii?\">Statul rom\u00e2n a semnat actul propriei dispari\u021bii?<\/a><\/h3>\n<div class=\"td-module-meta-info\"><a href=\"https:\/\/r3media.ro\/category\/opinii\/\" class=\"td-post-category\">OPINII<\/a><span class=\"td-post-author-name\"><a href=\"https:\/\/r3media.ro\/author\/gabipopa\/\">Gabriel Popa<\/a><span>&#8211;<\/span><\/span><span class=\"td-post-date\"><time class=\"entry-date updated td-module-date\" datetime=\"2026-07-27T15:07:05+03:00\">27\/07\/2026<\/time><\/span><\/div>\n<\/div>\n<\/div>\n<\/div>\n<\/div>\n<div class=\"td-block-row\">\n<div class=\"td-block-span6\">\n<div class=\"td_module_8 td_module_wrap\">\n<div class=\"item-details\">\n<h3 class=\"entry-title td-module-title\"><a href=\"https:\/\/r3media.ro\/prima-oara-istorie-presedintia-document-primplan-patriotism-european\/\" rel=\"bookmark\" title=\"Pentru prima oar\u0103 \u00een istorie, Pre\u0219edin\u021bia Rom\u00e2niei emite un document care pune pe primul plan o alt\u0103 entitate dec\u00e2t \u021bara noastr\u0103: patriotismul european\">Pentru prima oar\u0103 \u00een istorie, Pre\u0219edin\u021bia Rom\u00e2niei emite un document care pune pe primul&#8230;<\/a><\/h3>\n<div class=\"td-module-meta-info\"><a href=\"https:\/\/r3media.ro\/category\/actualitate\/\" class=\"td-post-category\">ACTUALITATE<\/a><span class=\"td-post-author-name\"><a href=\"https:\/\/r3media.ro\/author\/teodor_stan\/\">Teodor Stan<\/a><span>&#8211;<\/span><\/span><span class=\"td-post-date\"><time class=\"entry-date updated td-module-date\" datetime=\"2026-07-26T11:44:31+03:00\">26\/07\/2026<\/time><\/span><\/div>\n<\/div>\n<\/div>\n<\/div>\n<div class=\"td-block-span6\">\n<div class=\"td_module_8 td_module_wrap\">\n<div class=\"item-details\">\n<h3 class=\"entry-title td-module-title\"><a href=\"https:\/\/r3media.ro\/film-nou-stapanul-inelelor-corect-politic-regizor-andy-serkis-diversitate-tolkien-mitologie-nordica\/\" rel=\"bookmark\" title=\"Noul film \u201eSt\u0103p\u00e2nul Inelelor\u201d nu va fi corect politic. Regizorul Andy Serkis: J.R.R. Tolkien a fost influen\u021bat de mitologia nordic\u0103. Nu vrem o distribu\u021bie de dragul de a bifa c\u0103su\u021be\">Noul film \u201eSt\u0103p\u00e2nul Inelelor\u201d nu va fi corect politic. Regizorul Andy Serkis: J.R.R. Tolkien&#8230;<\/a><\/h3>\n<div class=\"td-module-meta-info\"><a href=\"https:\/\/r3media.ro\/category\/actualitate\/\" class=\"td-post-category\">ACTUALITATE<\/a><span class=\"td-post-author-name\"><a href=\"https:\/\/r3media.ro\/author\/oana\/\">Oana Ivan<\/a><span>&#8211;<\/span><\/span><span class=\"td-post-date\"><time class=\"entry-date updated td-module-date\" datetime=\"2026-07-26T15:49:31+03:00\">26\/07\/2026<\/time><\/span><\/div>\n<\/div>\n<\/div>\n<\/div>\n<\/div>\n<div class=\"td-block-row\">\n<div class=\"td-block-span6\">\n<div class=\"td_module_8 td_module_wrap\">\n<div class=\"item-details\">\n<h3 class=\"entry-title td-module-title\"><a href=\"https:\/\/r3media.ro\/dictatura-forma-suprema-a-democratiei\/\" rel=\"bookmark\" title=\"Dictatura \u2013 forma suprem\u0103 a democra\u021biei\">Dictatura \u2013 forma suprem\u0103 a democra\u021biei<\/a><\/h3>\n<div class=\"td-module-meta-info\"><a href=\"https:\/\/r3media.ro\/category\/opinii\/\" class=\"td-post-category\">OPINII<\/a><span class=\"td-post-author-name\"><a href=\"https:\/\/r3media.ro\/author\/tru\/\">TRU (Traian Ungureanu)<\/a><span>&#8211;<\/span><\/span><span class=\"td-post-date\"><time class=\"entry-date updated td-module-date\" datetime=\"2026-07-25T16:43:11+03:00\">25\/07\/2026<\/time><\/span><\/div>\n<\/div>\n<\/div>\n<\/div>\n<div class=\"td-block-span6\">\n<div class=\"td_module_8 td_module_wrap\">\n<div class=\"item-details\">\n<h3 class=\"entry-title td-module-title\"><a href=\"https:\/\/r3media.ro\/marea-britanie-apa-inteligenta-artificiala-romania-centru-ai-restrictii-consum-apa\/\" rel=\"bookmark\" title=\"Marea Britanie nu mai are suficient\u0103 ap\u0103 pentru Inteligen\u021ba Artificial\u0103, dar Rom\u00e2nia vrea s\u0103 g\u0103zduiasc\u0103 un centru AI care consum\u0103 c\u00e2t sute de mii de oameni \u0219i impune restric\u021bii la consumul de ap\u0103 al popula\u021biei\">Marea Britanie nu mai are suficient\u0103 ap\u0103 pentru Inteligen\u021ba Artificial\u0103, dar Rom\u00e2nia vrea s\u0103&#8230;<\/a><\/h3>\n<div class=\"td-module-meta-info\"><a href=\"https:\/\/r3media.ro\/category\/actualitate\/\" class=\"td-post-category\">ACTUALITATE<\/a><span class=\"td-post-author-name\"><a href=\"https:\/\/r3media.ro\/author\/radu_ursan\/\">Radu Ursan<\/a><span>&#8211;<\/span><\/span><span class=\"td-post-date\"><time class=\"entry-date updated td-module-date\" datetime=\"2026-07-23T11:44:13+03:00\">23\/07\/2026<\/time><\/span><\/div>\n<\/div>\n<\/div>\n<\/div>\n<\/div>\n<\/div>\n<div class=\"td-load-more-wrap td-load-more-infinite-wrap\" id=\"infinite-lm-tdi_20\"><a href=\"https:\/\/r3media.ro\/cand-incepe-scoala-in-2026-structura-an-nou-scolar\/\" class=\"td_ajax_load_more td_ajax_load_more_js\" aria-label=\"\u00cenc\u0103rca\u021bi mai multe\" id=\"next-page-tdi_20\" data-td_block_id=\"tdi_20\">\u00cenc\u0103rca\u021bi mai multe<\/a><\/div>\n<\/div>\n<div class=\"td_block_wrap tdb_single_comments tdi_21 tdb-comm-layout2 td-pb-border-top td_block_template_1\" data-td-block-uid=\"tdi_21\">\n<div class=\"tdb-block-inner td-fix-index\">\n<div class=\"comments\" id=\"comments\">\n<div id=\"respond\" class=\"comment-respond\">\n<h3 id=\"reply-title\" class=\"comment-reply-title\">AI CEVA DE SPUS? <small><a rel=\"nofollow\" id=\"cancel-comment-reply-link\" href=\"https:\/\/r3media.ro\/cand-incepe-scoala-in-2026-structura-an-nou-scolar\/#respond\">Renun\u021ba\u021bi la r\u0103spuns<\/a><\/small><\/h3>\n<div class=\"comment-form-input-wrap td-form-comment\">\n<div class=\"td-warning-comment\">V\u0103 rug\u0103m s\u0103 introduce\u021bi comentariul dvs.!<\/div>\n<\/div>\n<div class=\"comment-form-input-wrap td-form-author\">\n<div class=\"td-warning-author\">Introduce\u021bi aici numele dvs.<\/div>\n<\/div>\n<div class=\"comment-form-input-wrap td-form-email\">\n<div class=\"td-warning-email-error\">A\u021bi introdus o adres\u0103 de e-mail incorect\u0103!<\/div>\n<div class=\"td-warning-email\">V\u0103 rug\u0103m s\u0103 introduce\u021bi adresa dvs. de e-mail aici<\/div>\n<\/div>\n<\/div>\n<\/div>\n<\/div>\n<\/div>\n<\/div>\n<\/div>\n<div class=\"vc_column tdi_23  wpb_column vc_column_container tdc-column td-pb-span4 td-is-sticky\">\n<div class=\"wpb_wrapper\" data-sticky-enabled-on=\"W3RydWUsdHJ1ZSx0cnVlLHRydWVd\" data-sticky-offset=\"20\" data-sticky-is-width-auto=\"W2ZhbHNlLGZhbHNlLGZhbHNlLGZhbHNlXQ==\">\n<div class=\"wpb_wrapper td_block_wrap vc_widget_sidebar tdi_25 \">\n<div class=\"td_block_wrap td_block_7 td_block_widget tdi_26 td-pb-border-top td_block_template_1 td-column-1 td_block_padding\" data-td-block-uid=\"tdi_26\">\n<div class=\"td-block-title-wrap\">\n<h4 class=\"block-title td-block-title\"><span class=\"td-pulldown-size\">Articole RELA\u021aIONATE<\/span><\/h4>\n<\/div>\n<div id=\"tdi_26\" class=\"td_block_inner\">\n<div class=\"td-block-span12\">\n<div class=\"td_module_6 td_module_wrap td-animation-stack\">\n<div class=\"td-module-thumb\"><a href=\"https:\/\/r3media.ro\/ministr-securitate-energetica-marea-britanie-subventii-net-zero-umfla-facturi-cetateni-energie\/\" rel=\"bookmark\" class=\"td-image-wrap \" title=\"Ministrul Securit\u0103\u021bii Energetice din Marea Britanie neag\u0103 faptul c\u0103 subven\u021biile Net Zero umfl\u0103 facturile cet\u0103\u021benilor la energie\"><img loading=\"lazy\" decoding=\"async\" class=\"entry-thumb\" src=\"https:\/\/r3media.ro\/wp-content\/uploads\/2026\/08\/stalpi-de-inalta-tensiune-100x70.jpg\" alt title=\"Ministrul Securit\u0103\u021bii Energetice din Marea Britanie neag\u0103 faptul c\u0103 subven\u021biile Net Zero umfl\u0103 facturile cet\u0103\u021benilor la energie\" width=\"100\" height=\"70\"><\/a><\/div>\n<div class=\"item-details\">\n<h3 class=\"entry-title td-module-title\"><a href=\"https:\/\/r3media.ro\/ministr-securitate-energetica-marea-britanie-subventii-net-zero-umfla-facturi-cetateni-energie\/\" rel=\"bookmark\" title=\"Ministrul Securit\u0103\u021bii Energetice din Marea Britanie neag\u0103 faptul c\u0103 subven\u021biile Net Zero umfl\u0103 facturile cet\u0103\u021benilor la energie\">Ministrul Securit\u0103\u021bii Energetice din Marea Britanie neag\u0103 faptul c\u0103 subven\u021biile Net&#8230;<\/a><\/h3>\n<div class=\"td-module-meta-info\"><span class=\"td-post-date\"><time class=\"entry-date updated td-module-date\" datetime=\"2026-08-03T17:19:39+03:00\">03\/08\/2026<\/time><\/span><\/div>\n<\/div>\n<\/div>\n<\/div>\n<div class=\"td-block-span12\">\n<div class=\"td_module_6 td_module_wrap td-animation-stack\">\n<div class=\"td-module-thumb\"><a href=\"https:\/\/r3media.ro\/tara-europa-norvegia-masini-electrice-inmatriculate-cota-ridicata\/\" rel=\"bookmark\" class=\"td-image-wrap \" title=\"\u021aara din Europa unde aproape toate ma\u0219inile \u00eenmatriculate sune electrice. Cota a ajuns la 97,6% \u00een iulie\"><img loading=\"lazy\" decoding=\"async\" class=\"entry-thumb\" src=\"https:\/\/r3media.ro\/wp-content\/uploads\/2026\/08\/masini-electrice-pe-strada-in-norvegia-100x70.jpg\" alt title=\"\u021aara din Europa unde aproape toate ma\u0219inile \u00eenmatriculate sune electrice. Cota a ajuns la 97,6% \u00een iulie\" width=\"100\" height=\"70\"><\/a><\/div>\n<div class=\"item-details\">\n<h3 class=\"entry-title td-module-title\"><a href=\"https:\/\/r3media.ro\/tara-europa-norvegia-masini-electrice-inmatriculate-cota-ridicata\/\" rel=\"bookmark\" title=\"\u021aara din Europa unde aproape toate ma\u0219inile \u00eenmatriculate sune electrice. Cota a ajuns la 97,6% \u00een iulie\">\u021aara din Europa unde aproape toate ma\u0219inile \u00eenmatriculate sune electrice. Cota&#8230;<\/a><\/h3>\n<div class=\"td-module-meta-info\"><span class=\"td-post-date\"><time class=\"entry-date updated td-module-date\" datetime=\"2026-08-03T17:01:21+03:00\">03\/08\/2026<\/time><\/span><\/div>\n<\/div>\n<\/div>\n<\/div>\n<div class=\"td-block-span12\">\n<div class=\"td_module_6 td_module_wrap td-animation-stack\">\n<div class=\"td-module-thumb\"><a href=\"https:\/\/r3media.ro\/dacia-ford-suspendare-productie-19-august-criza-energetica\/\" rel=\"bookmark\" class=\"td-image-wrap \" title=\"Dacia \u0219i Ford au suspendat produc\u021bia p\u00e2n\u0103 pe 19 august din cauza crizei energetice\"><img loading=\"lazy\" decoding=\"async\" class=\"entry-thumb\" src=\"https:\/\/r3media.ro\/wp-content\/uploads\/2024\/09\/piata-europeana-de-masini-in-criza-100x70.png\" alt title=\"Dacia \u0219i Ford au suspendat produc\u021bia p\u00e2n\u0103 pe 19 august din cauza crizei energetice\" width=\"100\" height=\"70\"><\/a><\/div>\n<div class=\"item-details\">\n<h3 class=\"entry-title td-module-title\"><a href=\"https:\/\/r3media.ro\/dacia-ford-suspendare-productie-19-august-criza-energetica\/\" rel=\"bookmark\" title=\"Dacia \u0219i Ford au suspendat produc\u021bia p\u00e2n\u0103 pe 19 august din cauza crizei energetice\">Dacia \u0219i Ford au suspendat produc\u021bia p\u00e2n\u0103 pe 19 august din&#8230;<\/a><\/h3>\n<div class=\"td-module-meta-info\"><span class=\"td-post-date\"><time class=\"entry-date updated td-module-date\" datetime=\"2026-08-03T16:41:53+03:00\">03\/08\/2026<\/time><\/span><\/div>\n<\/div>\n<\/div>\n<\/div>\n<div class=\"td-block-span12\">\n<div class=\"td_module_6 td_module_wrap td-animation-stack\">\n<div class=\"td-module-thumb\"><a href=\"https:\/\/r3media.ro\/cehia-capacitati-carbune-romania-criza-energetica\/\" rel=\"bookmark\" class=\"td-image-wrap \" title=\"Cehia a \u00eenchis doar o treime din capacit\u0103\u021bile pe c\u0103rbune, \u00een ultimii 14 ani \u0219i nu trece prin criz\u0103 energetic\u0103. Rom\u00e2nia a oprit APROAPE 70%\"><img loading=\"lazy\" decoding=\"async\" class=\"entry-thumb\" src=\"https:\/\/r3media.ro\/wp-content\/uploads\/2024\/11\/termocentrala-paroseni-696x418-1-100x70.jpg\" alt title=\"Cehia a \u00eenchis doar o treime din capacit\u0103\u021bile pe c\u0103rbune, \u00een ultimii 14 ani \u0219i nu trece prin criz\u0103 energetic\u0103. Rom\u00e2nia a oprit APROAPE 70%\" width=\"100\" height=\"70\"><\/a><\/div>\n<div class=\"item-details\">\n<h3 class=\"entry-title td-module-title\"><a href=\"https:\/\/r3media.ro\/cehia-capacitati-carbune-romania-criza-energetica\/\" rel=\"bookmark\" title=\"Cehia a \u00eenchis doar o treime din capacit\u0103\u021bile pe c\u0103rbune, \u00een ultimii 14 ani \u0219i nu trece prin criz\u0103 energetic\u0103. Rom\u00e2nia a oprit APROAPE 70%\">Cehia a \u00eenchis doar o treime din capacit\u0103\u021bile pe c\u0103rbune, \u00een&#8230;<\/a><\/h3>\n<div class=\"td-module-meta-info\"><span class=\"td-post-date\"><time class=\"entry-date updated td-module-date\" datetime=\"2026-08-03T15:42:38+03:00\">03\/08\/2026<\/time><\/span><\/div>\n<\/div>\n<\/div>\n<\/div>\n<div class=\"td-block-span12\">\n<div class=\"td_module_6 td_module_wrap td-animation-stack\">\n<div class=\"td-module-thumb\"><a href=\"https:\/\/r3media.ro\/sursa-crizei-energetice-radu-miruta-romania-capacitati-carbune-seceta\/\" rel=\"bookmark\" class=\"td-image-wrap \" title=\"Sursa crizei energetice. Ministrul Radu Miru\u021b\u0103: Rom\u00e2nia a \u00eenchis capacit\u0103\u021bi de produc\u021bie pe carbune f\u0103r\u0103 s\u0103 pun\u0103 nimic \u00een loc. Nu te po\u021bi ascunde \u00een spatele secetei\"><img loading=\"lazy\" decoding=\"async\" class=\"entry-thumb\" src=\"https:\/\/r3media.ro\/wp-content\/uploads\/2026\/08\/criza-energetica-romania-sursa-100x70.jpg\" alt title=\"Sursa crizei energetice. Ministrul Radu Miru\u021b\u0103: Rom\u00e2nia a \u00eenchis capacit\u0103\u021bi de produc\u021bie pe carbune f\u0103r\u0103 s\u0103 pun\u0103 nimic \u00een loc. Nu te po\u021bi ascunde \u00een spatele secetei\" width=\"100\" height=\"70\"><\/a><\/div>\n<div class=\"item-details\">\n<h3 class=\"entry-title td-module-title\"><a href=\"https:\/\/r3media.ro\/sursa-crizei-energetice-radu-miruta-romania-capacitati-carbune-seceta\/\" rel=\"bookmark\" title=\"Sursa crizei energetice. Ministrul Radu Miru\u021b\u0103: Rom\u00e2nia a \u00eenchis capacit\u0103\u021bi de produc\u021bie pe carbune f\u0103r\u0103 s\u0103 pun\u0103 nimic \u00een loc. Nu te po\u021bi ascunde \u00een spatele secetei\">Sursa crizei energetice. Ministrul Radu Miru\u021b\u0103: Rom\u00e2nia a \u00eenchis capacit\u0103\u021bi de&#8230;<\/a><\/h3>\n<div class=\"td-module-meta-info\"><span class=\"td-post-date\"><time class=\"entry-date updated td-module-date\" datetime=\"2026-08-03T11:00:21+03:00\">03\/08\/2026<\/time><\/span><\/div>\n<\/div>\n<\/div>\n<\/div>\n<div class=\"td-block-span12\">\n<div class=\"td_module_6 td_module_wrap td-animation-stack\">\n<div class=\"td-module-thumb\"><a href=\"https:\/\/r3media.ro\/donald-trump-negocieri-cu-iran\/\" rel=\"bookmark\" class=\"td-image-wrap \" title=\"Donald Trump anun\u021b\u0103 reluarea negocierilor cu Iranul dup\u0103 ce a anulat un atac major\"><img loading=\"lazy\" decoding=\"async\" class=\"entry-thumb\" src=\"https:\/\/r3media.ro\/wp-content\/uploads\/2021\/08\/UGR4YYGIQNEBLBQNEO6JW3GH74-scaled-100x70.jpg\" alt title=\"Donald Trump anun\u021b\u0103 reluarea negocierilor cu Iranul dup\u0103 ce a anulat un atac major\" width=\"100\" height=\"70\"><\/a><\/div>\n<div class=\"item-details\">\n<h3 class=\"entry-title td-module-title\"><a href=\"https:\/\/r3media.ro\/donald-trump-negocieri-cu-iran\/\" rel=\"bookmark\" title=\"Donald Trump anun\u021b\u0103 reluarea negocierilor cu Iranul dup\u0103 ce a anulat un atac major\">Donald Trump anun\u021b\u0103 reluarea negocierilor cu Iranul dup\u0103 ce a anulat&#8230;<\/a><\/h3>\n<div class=\"td-module-meta-info\"><span class=\"td-post-date\"><time class=\"entry-date updated td-module-date\" datetime=\"2026-08-03T10:28:57+03:00\">03\/08\/2026<\/time><\/span><\/div>\n<\/div>\n<\/div>\n<\/div>\n<div class=\"td-block-span12\">\n<div class=\"td_module_6 td_module_wrap td-animation-stack\">\n<div class=\"td-module-thumb\"><a href=\"https:\/\/r3media.ro\/virusul-bourbon-o-boala-rara-si-fara-tratament-a-fost-confirmat-in-statele-unite\/\" rel=\"bookmark\" class=\"td-image-wrap \" title=\"Virusul Bourbon, o boal\u0103 rar\u0103 \u0219i f\u0103r\u0103 tratament, a fost confirmat \u00een Statele Unite\"><img loading=\"lazy\" decoding=\"async\" class=\"entry-thumb\" src=\"https:\/\/r3media.ro\/wp-content\/uploads\/2026\/08\/virusul-bourbon-Amblyomma-americanum--100x70.jpg\" alt title=\"Virusul Bourbon, o boal\u0103 rar\u0103 \u0219i f\u0103r\u0103 tratament, a fost confirmat \u00een Statele Unite\" width=\"100\" height=\"70\"><\/a><\/div>\n<div class=\"item-details\">\n<h3 class=\"entry-title td-module-title\"><a href=\"https:\/\/r3media.ro\/virusul-bourbon-o-boala-rara-si-fara-tratament-a-fost-confirmat-in-statele-unite\/\" rel=\"bookmark\" title=\"Virusul Bourbon, o boal\u0103 rar\u0103 \u0219i f\u0103r\u0103 tratament, a fost confirmat \u00een Statele Unite\">Virusul Bourbon, o boal\u0103 rar\u0103 \u0219i f\u0103r\u0103 tratament, a fost confirmat&#8230;<\/a><\/h3>\n<div class=\"td-module-meta-info\"><span class=\"td-post-date\"><time class=\"entry-date updated td-module-date\" datetime=\"2026-08-03T09:49:53+03:00\">03\/08\/2026<\/time><\/span><\/div>\n<\/div>\n<\/div>\n<\/div>\n<\/div>\n<\/div>\n<aside class=\"td_block_template_1 widget widget_recent_comments\">\n<h4 class=\"block-title\"><span>INTR\u0102 \u00ceN DISCU\u021aIE!<\/span><\/h4>\n<ul id=\"recentcomments\">\n<li class=\"recentcomments\"><span class=\"comment-author-link\">Redac\u021bia<\/span> la <a href=\"https:\/\/r3media.ro\/statul-roman-a-semnat-actul-propriei-disparitii\/#comment-40345\">Statul rom\u00e2n a semnat actul propriei dispari\u021bii?<\/a><\/li>\n<li class=\"recentcomments\"><span class=\"comment-author-link\">Cet\u0103\u021bean<\/span> la <a href=\"https:\/\/r3media.ro\/sursa-crizei-energetice-radu-miruta-romania-capacitati-carbune-seceta\/#comment-40344\">Sursa crizei energetice. Ministrul Radu Miru\u021b\u0103: Rom\u00e2nia a \u00eenchis capacit\u0103\u021bi de produc\u021bie pe carbune f\u0103r\u0103 s\u0103 pun\u0103 nimic \u00een loc. Nu te po\u021bi ascunde \u00een spatele secetei<\/a><\/li>\n<li class=\"recentcomments\"><span class=\"comment-author-link\"><a href=\"https:\/\/r3media.ro\/statul-roman-a-semnat-actul-propriei-disparitii\/\" class=\"url\" rel=\"ugc\">Stalin<\/a><\/span> la <a href=\"https:\/\/r3media.ro\/statul-roman-a-semnat-actul-propriei-disparitii\/#comment-40343\">Statul rom\u00e2n a semnat actul propriei dispari\u021bii?<\/a><\/li>\n<li class=\"recentcomments\"><span class=\"comment-author-link\">B<\/span> la <a href=\"https:\/\/r3media.ro\/dragostea-care-transcende-epoci-descult-in-parc-1967\/#comment-40342\">Dragostea care transcende epoci \u2014 Descul\u021b \u00een parc (1967)<\/a><\/li>\n<li class=\"recentcomments\"><span class=\"comment-author-link\">Nicu<\/span> la <a href=\"https:\/\/r3media.ro\/puterea-mitologica-instalata-a-romaniei\/#comment-40341\">Puterea mitologic\u0103 instalat\u0103 a Rom\u00e2niei<\/a><\/li>\n<li class=\"recentcomments\"><span class=\"comment-author-link\">Eu pot, dar voi ?<\/span> la <a href=\"https:\/\/r3media.ro\/europarlamentarul-gheorghe-piperea-psd-pnl-usr-udmr-sunt-de-fapt-pro-ucraineni-noi-preferam-sa-fim-pro-romani\/#comment-40340\">Europarlamentarul Gheorghe Piperea: PSD-PNL-USR-UDMR sunt de fapt, pro-ucraineni. Noi prefer\u0103m s\u0103 fim pro-rom\u00e2ni<\/a><\/li>\n<li class=\"recentcomments\"><span class=\"comment-author-link\">Eu pot, dar voi ?<\/span> la <a href=\"https:\/\/r3media.ro\/steinhardt-caragiale-si-sufletul-romanesc\/#comment-40339\">Steinhardt, Caragiale \u015fi sufletul rom\u00e2nesc<\/a><\/li>\n<\/ul>\n<\/aside>\n<aside class=\"td_block_template_1 widget widget_search\">\n<h4 class=\"block-title\"><span>CAUT\u0102 \u0218I VEI G\u0102SI<\/span><\/h4>\n<\/aside>\n<\/div>\n<\/div>\n<\/div>\n<\/div>\n<\/div>\n<\/div>\n<\/div>\n<p><span class=\"td-page-meta\"><\/span><span class=\"td-page-meta\"><span class=\"td-page-meta\"><\/span><\/span><span class=\"td-page-meta\"><\/span><\/article>\n<\/p>\n<div class=\"td_block_wrap tdb_single_content tdi_18 td-pb-border-top td_block_template_1 td-post-content tagdiv-type\" data-td-block-uid=\"tdi_18\">\n<div class=\"tdb-block-inner td-fix-index\">\n<p><strong>\u00cen anul \u0219colar 2026-2027, cursurile vor \u00eencepe pe 7 septembrie 2026 \u0219i se vor \u00eencheia pe 18 iunie 2027. Anul \u0219colar are o durat\u0103 de 36 de s\u0103pt\u0103m\u00e2ni de cursuri, potrivit Ministerului Educa\u021biei.<\/strong><\/p>\n<p>Pentru clasele a XII-a zi, a XIII-a seral \u015fi frecven\u0163\u0103 redus\u0103, anul \u015fcolar are o durat\u0103 de 34 de s\u0103pt\u0103m\u00e2ni de cursuri. Acesta se \u00eencheie la data de 4 iunie 2027. Pentru clasa a VIII-a, anul \u015fcolar are o durat\u0103 de 35 de s\u0103pt\u0103m\u00e2ni de cursuri \u0219i se \u00eencheie la data de 11 iunie 2027<\/p>\n<p>Programele na\u021bionale \u201e\u0218coala altfel\u201d \u0219i \u201eS\u0103pt\u0103m\u00e2na verde\u201d se vor desf\u0103\u015fura \u00een perioada 7 septembrie 2026 \u2013 23 aprilie 2027. S\u0103pt\u0103m\u00e2na de vacan\u021b\u0103 la decizia inspectoratelor \u0219colare jude\u021bene\/al municipiului Bucure\u0219ti va fi planificat\u0103 \u00een perioada 15 februarie \u2013 7 martie 2027. Decizia privind s\u0103pt\u0103m\u00e2na de vacan\u021b\u0103 se ia \u00een urma consult\u0103rilor cu elevii, cu p\u0103rin\u021bii acestora \u0219i cu cadrele didactice, realizate la nivelul unit\u0103\u021bilor de \u00eenv\u0103\u021b\u0103m\u00e2nt.<\/p>\n<p>Pentru predictibilitate, p\u00e2n\u0103 la data de 1 aprilie 2026, fiecare unitate de \u00eenv\u0103\u021b\u0103m\u00e2nt va comunica elevilor \u0219i p\u0103rin\u021bilor structura detaliat\u0103 a anului \u0219colar viitor, cu includerea deciziilor pentru elementele flexibile ale acesteia.<\/p>\n<h2><strong>C\u00e2nd \u00eencepe \u0219coala \u00een 2026: Calendarul modulelor de \u00eenv\u0103\u021bare<\/strong><\/h2>\n<p>\u00a0<\/p>\n<p>Anul \u0219colar 2026 \u2013 2027 va fi \u00eemp\u0103r\u021bit \u00een 5 module de \u00eenv\u0103\u021bare. Potrivit <a href=\"https:\/\/www.digi24.ro\/stiri\/actualitate\/educatie\/cand-incepe-scoala-in-septembrie-cum-este-organizat-anul-de-invatamant-2026-2027-3887929\" target=\"_blank\" rel=\"noopener\">Digi24<\/a>, tructura oficial\u0103 este urm\u0103toarea:<\/p>\n<ul>\n<li>Modulul I: luni, 7 septembrie 2026 \u2013 vineri, 23 octombrie 2026;<\/li>\n<li>Modulul II: luni, 2 noiembrie 2026 \u2013 mar\u021bi, 22 decembrie 2026;<\/li>\n<li>Modulul III: luni, 11 ianuarie 2027- vineri,12 februarie 2027, respectiv vineri, 19 februarie 2027, sau vineri, 26 februarie 2027, \u00een func\u021bie de vacan\u021ba stabilit\u0103 \u00een Bucure\u0219ti \u0219i celelalte jude\u021be ale \u021b\u0103rii;<\/li>\n<li>Modulul IV: luni, 22 februarie 2027, respectiv luni, 1 martie 2027 sau luni, 8 martie 2027, la decizia inspectoratelor \u0219colare jude\u021bene \u0219i a municipiului Bucure\u0219ti, dup\u0103 caz, p\u00e2n\u0103 vineri, 23 aprilie 2027;<\/li>\n<li>Modulul V: miercuri, 5 mai \u2013 vineri, 18 iunie 2027.<\/li>\n<\/ul>\n<h2><strong>Vacan\u021be pentru elevi \u00een anul \u0219colar 2026 \u2013 2027<\/strong><\/h2>\n<p>\u00a0<\/p>\n<p>Prima vacan\u021b\u0103 este programat\u0103 la sf\u00e2r\u0219itul lunii octombrie. Aceasta \u00eencepe s\u00e2mb\u0103t\u0103, 24 octombrie, \u0219i se \u00eencheie duminic\u0103, 1 noiembrie 2026. Cursurile sunt reluate luni, 2 noiembrie.<\/p>\n<p>Vacan\u021ba de iarn\u0103 \u00eencepe miercuri, 23 decembrie 2026, \u0219i se \u00eencheie duminic\u0103, 10 ianuarie 2027. Activitatea didactic\u0103 se va relua luni, 11 ianuarie 2027. Perioada include Cr\u0103ciunul \u0219i Revelionul \u0219i reprezint\u0103 cea mai lung\u0103 \u00eentrerupere de la cursuri din prima parte a anului \u0219colar.<\/p>\n<p>Vacan\u021ba de schi se stabile\u0219te \u00een fiecare jude\u021b. Spre deosebire de celelalte perioade de pauz\u0103, vacan\u021ba de schi nu are aceea\u0219i dat\u0103 \u00een \u00eentreaga \u021bar\u0103. Inspectoratele \u0219colare pot opta pentru una dintre urm\u0103toarele variante: 15 \u2013 21 februarie 2027; 22 \u2013 28 februarie 2027; 1 \u2013 7 martie 2027. Decizia este luat\u0103 dup\u0103 consultarea profesorilor, p\u0103rin\u021bilor \u0219i reprezentan\u021bilor elevilor.<\/p>\n<p>Vacan\u021ba de Pa\u0219ti este programat\u0103 \u00een perioada 24 aprilie \u2013 4 mai 2027. Copiii se \u00eentorc la \u0219coal\u0103 miercuri, 5 mai, odat\u0103 cu debutul ultimului modul al anului. Calendarul a fost stabilit astfel \u00eenc\u00e2t s\u0103 includ\u0103 Pa\u0219tele Ortodox, s\u0103rb\u0103torit \u00een 2 mai 2027. Perioada liber\u0103 are 11 zile calendaristice.<\/p>\n<p>Vacan\u021ba de var\u0103 \u00eencepe s\u00e2mb\u0103t\u0103, 19 iunie 2027, c\u00e2nd se \u00eencheie anul \u0219colar.<\/p>\n<p>Totodat\u0103, elevii vor avea liber \u0219i \u00een zilele de s\u0103rb\u0103toare legal\u0103 care coincid cu perioada de studiu. Acestea sunt:<\/p>\n<ul>\n<li>30 noiembrie \u2013 Sf\u00e2ntul Andrei;<\/li>\n<li>1 decembrie \u2013 Ziua Na\u021bional\u0103 a Rom\u00e2niei;<\/li>\n<li>5 octombrie \u2013 Ziua Interna\u021bional\u0103 a Educa\u021biei;<\/li>\n<li>1 iunie \u2013 Ziua Copilului. Totodat\u0103,<\/li>\n<li>5 iunie \u2013 Ziua \u00cenv\u0103\u021b\u0103torului este zi nelucr\u0103toare pentru personalul din \u00eenv\u0103\u021b\u0103m\u00e2nt.<\/li>\n<\/ul>\n<p>\u00a0<\/p>\n<div class=\"crp_related     crp-masonry\">\n<h2>\u00ceN CONTEXT<\/h2>\n<ul>\n<li><a href=\"https:\/\/r3media.ro\/fara-tine-in-google-r3media-dispare-iata-ce-poti-face-in-10-secunde\/\" class=\"crp_link post-119031\"><span class=\"crp_title\">F\u0103r\u0103 tine \u00een Google, R3media dispare. Iat\u0103 ce po\u021bi face \u00een 10 secunde<\/span><\/a><\/li>\n<li><a href=\"https:\/\/r3media.ro\/elevii-liceu-focsani-pacalit-profesori-inteligenta-artificiala-cadre-didactice-scoala-maimuta\/\" class=\"crp_link post-113794\"><span class=\"crp_title\">Elevii de la un liceu din Foc\u0219ani \u0219i-au p\u0103c\u0103lit profesorii cu inteligen\u021ba artificial\u0103.\u2026<\/span><\/a><\/li>\n<li><a href=\"https:\/\/r3media.ro\/suedia-guvernul-vrea-interzicere-totala-telefoane-mobile-scoli-concentrare-elevi-proces-de-invatare\/\" class=\"crp_link post-114938\"><span class=\"crp_title\">Suedia | Guvernul vrea s\u0103 interzic\u0103 total telefoanele mobile \u00een \u0219coli, pentru a se asigura\u2026<\/span><\/a><\/li>\n<li><a href=\"https:\/\/r3media.ro\/elevii-clasa-a-xii-a-evaluarea-competentelor-interviu-video\/\" class=\"crp_link post-117964\"><span class=\"crp_title\">VIDEO | Elevi de clasa a XII-a care au mers la evaluarea competen\u021belor: \u201eDoamn\u0103, eu nici nu\u2026<\/span><\/a><\/li>\n<\/ul>\n<\/div>\n<\/div>\n<\/div>\n<p>[analyse_source url=&#8221;https:\/\/r3media.ro\/cand-incepe-scoala-in-2026-structura-an-nou-scolar\/&#8221;]<\/p>\n","protected":false},"excerpt":{"rendered":"<p>[analyse_image type=&#8221;featured&#8221; src=&#8221;https:\/\/r3media.ro\/wp-content\/uploads\/2021\/08\/elevi-scoala-sondaj-e1630354784691.jpghttps:\/\/r3media.ro\/wp-content\/uploads\/2021\/08\/elevi-scoala-sondaj-e1630354784691.jpg&#8221;] EDUCA\u021aIEC\u00e2nd \u00eencepe \u0219coala \u00een 2026: Structura noului an \u0219colar, vacan\u021bele \u0219i zilele&#8230; EDUCA\u021aIEFEATURED\u0218TIRI C\u00e2nd \u00eencepe \u0219coala \u00een 2026: Structura noului an \u0219colar, vacan\u021bele \u0219i zilele libere Oana Ivan 03\/08\/2026 \u00cen anul \u0219colar 2026-2027, cursurile vor \u00eencepe pe 7 septembrie 2026 \u0219i se vor \u00eencheia pe 18 iunie 2027. Anul \u0219colar are o [&hellip;]<\/p>\n","protected":false},"author":1,"featured_media":0,"comment_status":"open","ping_status":"","sticky":false,"template":"","format":"standard","meta":{"footnotes":""},"categories":[89],"tags":[226,93],"class_list":["post-2075548","post","type-post","status-publish","format-standard","hentry","category-romania","tag-crawlmanager","tag-r3media-ro"],"_links":{"self":[{"href":"https:\/\/analyse.optim.biz\/index.php?rest_route=\/wp\/v2\/posts\/2075548","targetHints":{"allow":["GET"]}}],"collection":[{"href":"https:\/\/analyse.optim.biz\/index.php?rest_route=\/wp\/v2\/posts"}],"about":[{"href":"https:\/\/analyse.optim.biz\/index.php?rest_route=\/wp\/v2\/types\/post"}],"author":[{"embeddable":true,"href":"https:\/\/analyse.optim.biz\/index.php?rest_route=\/wp\/v2\/users\/1"}],"replies":[{"embeddable":true,"href":"https:\/\/analyse.optim.biz\/index.php?rest_route=%2Fwp%2Fv2%2Fcomments&post=2075548"}],"version-history":[{"count":0,"href":"https:\/\/analyse.optim.biz\/index.php?rest_route=\/wp\/v2\/posts\/2075548\/revisions"}],"wp:attachment":[{"href":"https:\/\/analyse.optim.biz\/index.php?rest_route=%2Fwp%2Fv2%2Fmedia&parent=2075548"}],"wp:term":[{"taxonomy":"category","embeddable":true,"href":"https:\/\/analyse.optim.biz\/index.php?rest_route=%2Fwp%2Fv2%2Fcategories&post=2075548"},{"taxonomy":"post_tag","embeddable":true,"href":"https:\/\/analyse.optim.biz\/index.php?rest_route=%2Fwp%2Fv2%2Ftags&post=2075548"}],"curies":[{"name":"wp","href":"https:\/\/api.w.org\/{rel}","templated":true}]}}