{"id":2075533,"date":"2026-08-03T16:08:00","date_gmt":"2026-08-03T13:08:00","guid":{"rendered":"https:\/\/analyse.optim.biz\/?p=2075533"},"modified":"2026-08-03T16:08:00","modified_gmt":"2026-08-03T13:08:00","slug":"opa-buzau-greek-fest-festival-greco-roman-la-sarata-monteoru","status":"publish","type":"post","link":"https:\/\/analyse.optim.biz\/?p=2075533","title":{"rendered":"\u201eOpa! Buz\u0103u Greek Fest\u201d. Festival greco-rom\u00e2n la S\u0103rata Monteoru"},"content":{"rendered":"<p>[analyse_image type=&#8221;featured&#8221; src=&#8221;https:\/\/www.campusbuzau.ro\/wp-content\/uploads\/2026\/08\/vlcsnap-2026-08-03-12h40m37s615.jpghttps:\/\/www.campusbuzau.ro\/wp-content\/uploads\/2026\/08\/vlcsnap-2026-08-03-12h40m37s615.jpg&#8221;]<\/p>\n<div class=\"entry-content\">\n<p><strong><em>Prima edi\u021bie a festivalului de var\u0103 \u201eOpa! Buz\u0103u Greek Fest\u201d sus\u021binut de arti\u021bi greci \u0219i rom\u00e2ni \u00een sta\u021biunea S\u0103rata Monteoru \u0219i \u00een Buz\u0103u, a avut loc \u00eentre 31 iulie \u0219i 1 august 2026. Invitatul special al acestei prime edi\u021bii a fost artistul Ionu\u021b Galani, care a sus\u021binut un recital extraordinar cu melodii \u0219i dansuri grece\u0219i de tavern\u0103 \u0219i, desigur, cu zeci de farfurii sparte. Preparatele culinare grece\u0219ti \u0219i mediteraniene au fost g\u0103tite sub supravegherea direct\u0103 a lui Chef Kostas, binecunoscut \u00een Rom\u00e2nia.<\/em><\/strong><\/p>\n<p>\u00centre 31 iulie \u0219i 1 august, la Monteoru \u0219i Buz\u0103u s-a desf\u0103\u0219urat prima edi\u021bie a evenimentului \u201eOpa! Buz\u0103u Greek Fest\u201d, organizat de Consiliul Jude\u021bean Buz\u0103u, Centrul Jude\u021bean de Cultur\u0103 \u0219i Art\u0103 \u0219i Greek Dance Romania.<\/p>\n<p>Programul celor 3 zile de s\u0103rb\u0103toare a inclus spectacole de dansuri tradi\u021bionale rom\u00e2ne\u0219ti \u0219i grece\u0219ti, de dansuri de tavern\u0103 \u0219i recitaluri de muzic\u0103 greceasc\u0103 interpretate live dar \u0219i de tradi\u021bia farfuriilor sparte precum \u0219i degust\u0103ri de preparate specifice buc\u0103t\u0103riei mediteraneene.<\/p>\n<p>Vedeta de necontestat a acestei prime edi\u021bii a festivalului a fost Ionu\u021b Galani care a sus\u021binut un bogat recital \u0219i i-a cucerit pe to\u021bi cei prezen\u021bi cu vechi melodii grece\u0219ti de dragoste \u0219i de petrecere.<\/p>\n<p>Recitalul s\u0103u a fost \u00eenso\u021bit \u00een \u00eentregime de dansatori \u0219i pentru ca atmosfera s\u0103 fie aidoma celor din tavernele grece\u0219ti au fost sparte zeci de farfurii, exact ca \u00een \u021bara cea mai \u00eendr\u0103git\u0103 de rom\u00e2ni \u0219i preferat\u0103 pentru desf\u0103\u0219urarea concediilor.<\/p>\n<p>Componenta culinar\u0103 a evenimentului a fost sus\u021binut\u0103 de Chef Kostas, un veteran cu peste 30 de ani vechime de experien\u021b\u0103 \u00een domeniul gastrnomiei grece\u0219ti \u0219i mediteraneene.<\/p>\n<p>Al\u0103turi de arti\u0219tii greci Greeck 4U \u0219i Meet the Greeks \u0219i de trupele de dansatori, pe scena de le Monteoru au mai urcat \u0219i arti\u0219tii populari buzoieni, care au pus \u00een valoare tradi\u021biile locale rom\u00e2ne\u0219ti.<\/p>\n<p>Cel mai probabil, o a doua edi\u021bie a festivalului va avea loc \u00een vara urm\u0103toare, \u00een acela\u0219i format \u0219i cu aceea\u0219i orghanizatori.<\/p>\n<figure class=\"wp-block-embed is-type-video is-provider-youtube wp-block-embed-youtube wp-embed-aspect-16-9 wp-has-aspect-ratio\">\n<div class=\"wp-block-embed__wrapper\">\n<iframe loading=\"lazy\" title=\"\u00ceN WEEKEND A AVUT LOC PRIMA EDI\u021aIE A \"OPA! BUZ\u0102U GREEK FEST\"\" width=\"500\" height=\"281\" src=\"https:\/\/www.youtube.com\/embed\/mmqbRXI268s?feature=oembed\" frameborder allow=\"accelerometer; autoplay; clipboard-write; encrypted-media; gyroscope; picture-in-picture; web-share\" referrerpolicy=\"strict-origin-when-cross-origin\" allowfullscreen><\/iframe>\n<\/div>\n<\/figure>\n<\/div>\n<p>[analyse_source url=&#8221;https:\/\/www.campusbuzau.ro\/opa-buzau-greek-fest-festival-greco-roman-la-sarata-monteoru\/&#8221;]<\/p>\n","protected":false},"excerpt":{"rendered":"<p>[analyse_image type=&#8221;featured&#8221; src=&#8221;https:\/\/www.campusbuzau.ro\/wp-content\/uploads\/2026\/08\/vlcsnap-2026-08-03-12h40m37s615.jpghttps:\/\/www.campusbuzau.ro\/wp-content\/uploads\/2026\/08\/vlcsnap-2026-08-03-12h40m37s615.jpg&#8221;] Prima edi\u021bie a festivalului de var\u0103 \u201eOpa! Buz\u0103u Greek Fest\u201d sus\u021binut de arti\u021bi greci \u0219i rom\u00e2ni \u00een sta\u021biunea S\u0103rata Monteoru \u0219i \u00een Buz\u0103u, a avut loc \u00eentre 31 iulie \u0219i 1 august 2026. Invitatul special al acestei prime edi\u021bii a fost artistul Ionu\u021b Galani, care a sus\u021binut un recital extraordinar cu melodii [&hellip;]<\/p>\n","protected":false},"author":1,"featured_media":0,"comment_status":"open","ping_status":"","sticky":false,"template":"","format":"standard","meta":{"footnotes":""},"categories":[2],"tags":[118,226],"class_list":["post-2075533","post","type-post","status-publish","format-standard","hentry","category-politics","tag-campusbuzau-ro","tag-crawlmanager"],"_links":{"self":[{"href":"https:\/\/analyse.optim.biz\/index.php?rest_route=\/wp\/v2\/posts\/2075533","targetHints":{"allow":["GET"]}}],"collection":[{"href":"https:\/\/analyse.optim.biz\/index.php?rest_route=\/wp\/v2\/posts"}],"about":[{"href":"https:\/\/analyse.optim.biz\/index.php?rest_route=\/wp\/v2\/types\/post"}],"author":[{"embeddable":true,"href":"https:\/\/analyse.optim.biz\/index.php?rest_route=\/wp\/v2\/users\/1"}],"replies":[{"embeddable":true,"href":"https:\/\/analyse.optim.biz\/index.php?rest_route=%2Fwp%2Fv2%2Fcomments&post=2075533"}],"version-history":[{"count":0,"href":"https:\/\/analyse.optim.biz\/index.php?rest_route=\/wp\/v2\/posts\/2075533\/revisions"}],"wp:attachment":[{"href":"https:\/\/analyse.optim.biz\/index.php?rest_route=%2Fwp%2Fv2%2Fmedia&parent=2075533"}],"wp:term":[{"taxonomy":"category","embeddable":true,"href":"https:\/\/analyse.optim.biz\/index.php?rest_route=%2Fwp%2Fv2%2Fcategories&post=2075533"},{"taxonomy":"post_tag","embeddable":true,"href":"https:\/\/analyse.optim.biz\/index.php?rest_route=%2Fwp%2Fv2%2Ftags&post=2075533"}],"curies":[{"name":"wp","href":"https:\/\/api.w.org\/{rel}","templated":true}]}}