{"id":2075390,"date":"2026-08-02T17:50:00","date_gmt":"2026-08-02T14:50:00","guid":{"rendered":"https:\/\/analyse.optim.biz\/?p=2075390"},"modified":"2026-08-02T17:50:00","modified_gmt":"2026-08-02T14:50:00","slug":"teroare-la-parterul-unui-bloc-din-radauti-individ-periculos-ajuns-dupa-gratii-dupa-ce-si-a-atacat-vecinii-cu-o-arma-alba-din-cauza-galagiei-facuta-de-copii","status":"publish","type":"post","link":"https:\/\/analyse.optim.biz\/?p=2075390","title":{"rendered":"Teroare la parterul unui bloc din R\u0103d\u0103u\u021bi! Individ periculos ajuns dup\u0103 gratii dup\u0103 ce \u0219i-a atacat vecinii cu o arma alb\u0103, din cauza g\u0103l\u0103giei f\u0103cut\u0103 de copii"},"content":{"rendered":"<p>[analyse_image type=&#8221;featured&#8221; src=&#8221;https:\/\/blogger.googleusercontent.com\/img\/b\/R29vZ2xl\/AVvXsEhvn9b7WBDlX-OjoqkXTf-39SN4EkLIx6CfDlq3F2Hnp1wCrfG6003f24x7n9RaWNextzaDFIQ5NB4tIpq6h4xXh1GcV7miDliVDCtpJuTAjtJa_ZeRq_UAXpKlTl_r3K3yniLzCKoRCsnExacUVAPp8iYFA4rVJjuib_yTPPPBPylGlx54ubNyCcMI6AU\/w1600\/politie-jandarmerie-scandal-bloc.jpg&#8221;]<\/p>\n<div class=\"post-body entry-content\" id=\"post-body\">\n<div class=\"separator\"><a href=\"https:\/\/blogger.googleusercontent.com\/img\/b\/R29vZ2xl\/AVvXsEhvn9b7WBDlX-OjoqkXTf-39SN4EkLIx6CfDlq3F2Hnp1wCrfG6003f24x7n9RaWNextzaDFIQ5NB4tIpq6h4xXh1GcV7miDliVDCtpJuTAjtJa_ZeRq_UAXpKlTl_r3K3yniLzCKoRCsnExacUVAPp8iYFA4rVJjuib_yTPPPBPylGlx54ubNyCcMI6AU\/s1200\/politie-jandarmerie-scandal-bloc.jpg\"><img decoding=\"async\" alt=\"Teroare la parterul unui bloc din R\u0103d\u0103u\u021bi! Individ periculos ajuns dup\u0103 gratii dup\u0103 ce \u0219i-a atacat vecinii cu o arma alb\u0103, din cauza g\u0103l\u0103giei f\u0103cut\u0103 de copii\" border=\"0\" height=\"335\" loading=\"lazy\" src=\"https:\/\/blogger.googleusercontent.com\/img\/b\/R29vZ2xl\/AVvXsEhvn9b7WBDlX-OjoqkXTf-39SN4EkLIx6CfDlq3F2Hnp1wCrfG6003f24x7n9RaWNextzaDFIQ5NB4tIpq6h4xXh1GcV7miDliVDCtpJuTAjtJa_ZeRq_UAXpKlTl_r3K3yniLzCKoRCsnExacUVAPp8iYFA4rVJjuib_yTPPPBPylGlx54ubNyCcMI6AU\/w640-h335-rw\/politie-jandarmerie-scandal-bloc.jpg\" title=\"Teroare la parterul unui bloc din R\u0103d\u0103u\u021bi! Individ periculos ajuns dup\u0103 gratii dup\u0103 ce \u0219i-a atacat vecinii cu o arma alb\u0103, din cauza g\u0103l\u0103giei f\u0103cut\u0103 de copii\" width=\"640\"><\/a><\/div>\n<p><strong>Un banal conflict de vecin\u0103tate a fost la un pas s\u0103 se transforme \u00eentr-o tragedie s\u00e2ngeroas\u0103 \u00een municipiul R\u0103d\u0103u\u021bi. Un b\u0103rbat de 25 de ani a fost re\u021binut \u0219i trimis \u00een arestul poli\u021biei, dup\u0103 ce \u0219i-a pierdut cump\u0103tul \u0219i a aruncat cu un cu\u021bit spre o familie, chiar \u00een fa\u021ba blocului \u00een care ace\u0219tia locuiesc. Motivul halucinant al scandalului a fost legat de zgomotul pe care copiii victimelor l-ar fi f\u0103cut \u00een trecut.<\/strong><\/p>\n<p>Incidentul grav a fost raportat joi, 30 iulie 2026, la ora 16:41, printr-un apel disperat la 112. Iosif L., un b\u0103rbat \u00een v\u00e2rst\u0103 de 33 de ani, a solicitat interven\u021bia urgent\u0103 a Poli\u021biei Municipiului R\u0103d\u0103u\u021bi, reclam\u00e2nd c\u0103 via\u021ba \u00eei este amenin\u021bat\u0103. Un echipaj s-a deplasat imediat la fa\u021ba locului pentru a calma situa\u021bia.<\/p>\n<h2>Scandal iscat de la g\u0103l\u0103gia copiilor \u0219i o arm\u0103 alb\u0103 scoas\u0103 la vedere<\/h2>\n<p>Din declara\u021biile oferite de victim\u0103, totul a \u00eenceput \u00een jurul orelor 16:30, c\u00e2nd acesta se \u00eentorcea acas\u0103. \u00cen fa\u021ba blocului, s-a intersectat cu un individ cunoscut \u00een zon\u0103 sub apelativul \u201eNicu\u201d, despre care \u0219tia c\u0103 are o rela\u021bie de concubinaj cu o vecin\u0103. Situa\u021bia a escaladat rapid \u00een momentul \u00een care \u201eNicu\u201d a scos la vedere un cu\u021bit cu un singur t\u0103i\u0219 \u0219i m\u00e2ner galben.<\/p>\n<p>\u00cen timp ce Iosif se \u00eendrepta spre u\u0219a de acces \u00een imobil, agresorul a \u00eenceput s\u0103 \u00eei adreseze injurii \u0219i cuvinte jignitoare. Motivul invocat de atacator a fost acela c\u0103 ar fi aflat de la mama concubinei sale c\u0103 Iosif a avut ne\u00een\u021belegeri cu vecinii din cauza copiilor s\u0103i minori, care ar fi deranjat lini\u0219tea locatarilor.<\/p>\n<h3>Cu\u021bitul aruncat a rico\u0219at \u00een structura balconului<\/h3>\n<p>V\u0103z\u00e2nd c\u0103 b\u0103rbatul este pus pe scandal \u0219i nu se calmeaz\u0103, victima a intrat rapid \u00een imobil, \u00eens\u0103 agresorul s-a \u00eendreptat amenin\u021b\u0103tor spre el, pozi\u021bion\u00e2ndu-se \u00een dreptul balconului apartamentului situat la parter. De aici, a continuat tirul de \u00eenjur\u0103turi \u0219i amenin\u021b\u0103ri.<\/p>\n<p>\u00cen \u00eencercarea de a aplana conflictul, Iosif L. \u0219i so\u021bia sa au ie\u0219it pe balcon pentru a-i cere individului s\u0103 p\u0103r\u0103seasc\u0103 zona. Reac\u021bia acestuia a fost \u00eens\u0103 una de o violen\u021b\u0103 extrem\u0103: a aruncat cu\u021bitul direct \u00eenspre cei doi so\u021bi. Din fericire, arma alb\u0103 a rico\u0219at \u00eentr-un st\u00e2lp de fier al balconului, cr\u0103p\u00e2nd doar o parte din placa de plexiglas.<\/p>\n<h2>Agresorul a ajuns direct \u00een arestul IPJ Suceava<\/h2>\n<p>De\u0219i so\u021bii au sc\u0103pat nev\u0103t\u0103ma\u021bi \u0219i nu prezentau leziuni, \u0219ocul suferit a fost unul major. Ace\u0219tia au refuzat emiterea unui ordin de protec\u021bie provizoriu extins conform Legii nr. 26\/2024, \u00eens\u0103 au depus imediat o pl\u00e2ngere penal\u0103 \u00eempotriva atacatorului.<\/p>\n<p>Datorit\u0103 bunei cunoa\u0219teri a zonei de competen\u021b\u0103, poli\u021bi\u0219tii l-au identificat rapid pe autor \u00een persoana lui Nicolai Ovidiu B., \u00een v\u00e2rst\u0103 de 25 de ani, din municipiul R\u0103d\u0103u\u021bi. Pe numele acestuia a fost \u00eentocmit un dosar de cercetare penal\u0103 pentru s\u0103v\u00e2r\u0219irea infrac\u021biunii de \u201eamenin\u021barea\u201d.<\/p>\n<p>\u00cen urma administr\u0103rii materialului probator, vineri, 31 iulie 2026, organele de cercetare penal\u0103 din cadrul Biroului de Ordine Public\u0103 R\u0103d\u0103u\u021bi au dispus continuarea urm\u0103ririi penale. \u00cencep\u00e2nd cu ora 15:05, suspectul a fost re\u021binut pentru 24 de ore, fiind preluat de o escort\u0103 \u0219i \u00eencarcerat \u00een Centrul de Re\u021binere \u0219i Arestare Preventiv\u0103 (C.R.A.P.) al IPJ Suceava.<\/p>\n<\/div>\n<div class=\"post-body entry-content\" id=\"post-body\">\n<div class=\"separator\"><a href=\"https:\/\/blogger.googleusercontent.com\/img\/b\/R29vZ2xl\/AVvXsEhvn9b7WBDlX-OjoqkXTf-39SN4EkLIx6CfDlq3F2Hnp1wCrfG6003f24x7n9RaWNextzaDFIQ5NB4tIpq6h4xXh1GcV7miDliVDCtpJuTAjtJa_ZeRq_UAXpKlTl_r3K3yniLzCKoRCsnExacUVAPp8iYFA4rVJjuib_yTPPPBPylGlx54ubNyCcMI6AU\/s1200\/politie-jandarmerie-scandal-bloc.jpg\"><img decoding=\"async\" alt=\"Teroare la parterul unui bloc din R\u0103d\u0103u\u021bi! Individ periculos ajuns dup\u0103 gratii dup\u0103 ce \u0219i-a atacat vecinii cu o arma alb\u0103, din cauza g\u0103l\u0103giei f\u0103cut\u0103 de copii\" border=\"0\" height=\"335\" loading=\"lazy\" src=\"https:\/\/blogger.googleusercontent.com\/img\/b\/R29vZ2xl\/AVvXsEhvn9b7WBDlX-OjoqkXTf-39SN4EkLIx6CfDlq3F2Hnp1wCrfG6003f24x7n9RaWNextzaDFIQ5NB4tIpq6h4xXh1GcV7miDliVDCtpJuTAjtJa_ZeRq_UAXpKlTl_r3K3yniLzCKoRCsnExacUVAPp8iYFA4rVJjuib_yTPPPBPylGlx54ubNyCcMI6AU\/w640-h335-rw\/politie-jandarmerie-scandal-bloc.jpg\" title=\"Teroare la parterul unui bloc din R\u0103d\u0103u\u021bi! Individ periculos ajuns dup\u0103 gratii dup\u0103 ce \u0219i-a atacat vecinii cu o arma alb\u0103, din cauza g\u0103l\u0103giei f\u0103cut\u0103 de copii\" width=\"640\"><\/a><\/div>\n<p><strong>Un banal conflict de vecin\u0103tate a fost la un pas s\u0103 se transforme \u00eentr-o tragedie s\u00e2ngeroas\u0103 \u00een municipiul R\u0103d\u0103u\u021bi. Un b\u0103rbat de 25 de ani a fost re\u021binut \u0219i trimis \u00een arestul poli\u021biei, dup\u0103 ce \u0219i-a pierdut cump\u0103tul \u0219i a aruncat cu un cu\u021bit spre o familie, chiar \u00een fa\u021ba blocului \u00een care ace\u0219tia locuiesc. Motivul halucinant al scandalului a fost legat de zgomotul pe care copiii victimelor l-ar fi f\u0103cut \u00een trecut.<\/strong><\/p>\n<p>Incidentul grav a fost raportat joi, 30 iulie 2026, la ora 16:41, printr-un apel disperat la 112. Iosif L., un b\u0103rbat \u00een v\u00e2rst\u0103 de 33 de ani, a solicitat interven\u021bia urgent\u0103 a Poli\u021biei Municipiului R\u0103d\u0103u\u021bi, reclam\u00e2nd c\u0103 via\u021ba \u00eei este amenin\u021bat\u0103. Un echipaj s-a deplasat imediat la fa\u021ba locului pentru a calma situa\u021bia.<\/p>\n<h2>Scandal iscat de la g\u0103l\u0103gia copiilor \u0219i o arm\u0103 alb\u0103 scoas\u0103 la vedere<\/h2>\n<p>Din declara\u021biile oferite de victim\u0103, totul a \u00eenceput \u00een jurul orelor 16:30, c\u00e2nd acesta se \u00eentorcea acas\u0103. \u00cen fa\u021ba blocului, s-a intersectat cu un individ cunoscut \u00een zon\u0103 sub apelativul \u201eNicu\u201d, despre care \u0219tia c\u0103 are o rela\u021bie de concubinaj cu o vecin\u0103. Situa\u021bia a escaladat rapid \u00een momentul \u00een care \u201eNicu\u201d a scos la vedere un cu\u021bit cu un singur t\u0103i\u0219 \u0219i m\u00e2ner galben.<\/p>\n<p>\u00cen timp ce Iosif se \u00eendrepta spre u\u0219a de acces \u00een imobil, agresorul a \u00eenceput s\u0103 \u00eei adreseze injurii \u0219i cuvinte jignitoare. Motivul invocat de atacator a fost acela c\u0103 ar fi aflat de la mama concubinei sale c\u0103 Iosif a avut ne\u00een\u021belegeri cu vecinii din cauza copiilor s\u0103i minori, care ar fi deranjat lini\u0219tea locatarilor.<\/p>\n<h3>Cu\u021bitul aruncat a rico\u0219at \u00een structura balconului<\/h3>\n<p>V\u0103z\u00e2nd c\u0103 b\u0103rbatul este pus pe scandal \u0219i nu se calmeaz\u0103, victima a intrat rapid \u00een imobil, \u00eens\u0103 agresorul s-a \u00eendreptat amenin\u021b\u0103tor spre el, pozi\u021bion\u00e2ndu-se \u00een dreptul balconului apartamentului situat la parter. De aici, a continuat tirul de \u00eenjur\u0103turi \u0219i amenin\u021b\u0103ri.<\/p>\n<p>\u00cen \u00eencercarea de a aplana conflictul, Iosif L. \u0219i so\u021bia sa au ie\u0219it pe balcon pentru a-i cere individului s\u0103 p\u0103r\u0103seasc\u0103 zona. Reac\u021bia acestuia a fost \u00eens\u0103 una de o violen\u021b\u0103 extrem\u0103: a aruncat cu\u021bitul direct \u00eenspre cei doi so\u021bi. Din fericire, arma alb\u0103 a rico\u0219at \u00eentr-un st\u00e2lp de fier al balconului, cr\u0103p\u00e2nd doar o parte din placa de plexiglas.<\/p>\n<h2>Agresorul a ajuns direct \u00een arestul IPJ Suceava<\/h2>\n<p>De\u0219i so\u021bii au sc\u0103pat nev\u0103t\u0103ma\u021bi \u0219i nu prezentau leziuni, \u0219ocul suferit a fost unul major. Ace\u0219tia au refuzat emiterea unui ordin de protec\u021bie provizoriu extins conform Legii nr. 26\/2024, \u00eens\u0103 au depus imediat o pl\u00e2ngere penal\u0103 \u00eempotriva atacatorului.<\/p>\n<p>Datorit\u0103 bunei cunoa\u0219teri a zonei de competen\u021b\u0103, poli\u021bi\u0219tii l-au identificat rapid pe autor \u00een persoana lui Nicolai Ovidiu B., \u00een v\u00e2rst\u0103 de 25 de ani, din municipiul R\u0103d\u0103u\u021bi. Pe numele acestuia a fost \u00eentocmit un dosar de cercetare penal\u0103 pentru s\u0103v\u00e2r\u0219irea infrac\u021biunii de \u201eamenin\u021barea\u201d.<\/p>\n<p>\u00cen urma administr\u0103rii materialului probator, vineri, 31 iulie 2026, organele de cercetare penal\u0103 din cadrul Biroului de Ordine Public\u0103 R\u0103d\u0103u\u021bi au dispus continuarea urm\u0103ririi penale. \u00cencep\u00e2nd cu ora 15:05, suspectul a fost re\u021binut pentru 24 de ore, fiind preluat de o escort\u0103 \u0219i \u00eencarcerat \u00een Centrul de Re\u021binere \u0219i Arestare Preventiv\u0103 (C.R.A.P.) al IPJ Suceava.<\/p>\n<\/div>\n<p>[analyse_source url=&#8221;https:\/\/www.stirisuceava.net\/2026\/08\/teroare-la-parterul-unui-bloc-din.html&#8221;]<\/p>\n","protected":false},"excerpt":{"rendered":"<p>[analyse_image type=&#8221;featured&#8221; src=&#8221;https:\/\/blogger.googleusercontent.com\/img\/b\/R29vZ2xl\/AVvXsEhvn9b7WBDlX-OjoqkXTf-39SN4EkLIx6CfDlq3F2Hnp1wCrfG6003f24x7n9RaWNextzaDFIQ5NB4tIpq6h4xXh1GcV7miDliVDCtpJuTAjtJa_ZeRq_UAXpKlTl_r3K3yniLzCKoRCsnExacUVAPp8iYFA4rVJjuib_yTPPPBPylGlx54ubNyCcMI6AU\/w1600\/politie-jandarmerie-scandal-bloc.jpg&#8221;] Un banal conflict de vecin\u0103tate a fost la un pas s\u0103 se transforme \u00eentr-o tragedie s\u00e2ngeroas\u0103 \u00een municipiul R\u0103d\u0103u\u021bi. Un b\u0103rbat de 25 de ani a fost re\u021binut \u0219i trimis \u00een arestul poli\u021biei, dup\u0103 ce \u0219i-a pierdut cump\u0103tul \u0219i a aruncat cu un cu\u021bit spre o familie, chiar \u00een fa\u021ba blocului \u00een [&hellip;]<\/p>\n","protected":false},"author":1,"featured_media":0,"comment_status":"open","ping_status":"","sticky":false,"template":"","format":"standard","meta":{"footnotes":""},"categories":[89],"tags":[226,172],"class_list":["post-2075390","post","type-post","status-publish","format-standard","hentry","category-romania","tag-crawlmanager","tag-stirisuceava-net"],"_links":{"self":[{"href":"https:\/\/analyse.optim.biz\/index.php?rest_route=\/wp\/v2\/posts\/2075390","targetHints":{"allow":["GET"]}}],"collection":[{"href":"https:\/\/analyse.optim.biz\/index.php?rest_route=\/wp\/v2\/posts"}],"about":[{"href":"https:\/\/analyse.optim.biz\/index.php?rest_route=\/wp\/v2\/types\/post"}],"author":[{"embeddable":true,"href":"https:\/\/analyse.optim.biz\/index.php?rest_route=\/wp\/v2\/users\/1"}],"replies":[{"embeddable":true,"href":"https:\/\/analyse.optim.biz\/index.php?rest_route=%2Fwp%2Fv2%2Fcomments&post=2075390"}],"version-history":[{"count":0,"href":"https:\/\/analyse.optim.biz\/index.php?rest_route=\/wp\/v2\/posts\/2075390\/revisions"}],"wp:attachment":[{"href":"https:\/\/analyse.optim.biz\/index.php?rest_route=%2Fwp%2Fv2%2Fmedia&parent=2075390"}],"wp:term":[{"taxonomy":"category","embeddable":true,"href":"https:\/\/analyse.optim.biz\/index.php?rest_route=%2Fwp%2Fv2%2Fcategories&post=2075390"},{"taxonomy":"post_tag","embeddable":true,"href":"https:\/\/analyse.optim.biz\/index.php?rest_route=%2Fwp%2Fv2%2Ftags&post=2075390"}],"curies":[{"name":"wp","href":"https:\/\/api.w.org\/{rel}","templated":true}]}}