{"id":207532,"date":"2014-04-15T23:59:24","date_gmt":"2014-04-15T20:59:24","guid":{"rendered":"https:\/\/analyse.optim.biz\/?p=207532"},"modified":"2014-04-15T23:59:24","modified_gmt":"2014-04-15T20:59:24","slug":"gabriela-vranceanu-firea-s-a-urmarit-epuizarea-mea-sa-nu-ma-mai-concentrez-pe-finalizarea-raportului-comisiei-nana","status":"publish","type":"post","link":"https:\/\/analyse.optim.biz\/?p=207532","title":{"rendered":"Gabriela Vr\u00e2nceanu Firea: S-a urm\u0103rit epuizarea mea, s\u0103 nu m\u0103 mai concentrez pe finalizarea raportului comisiei Nana"},"content":{"rendered":"<div class=\"entry data-app-meta data-app-meta-article\" data-embed-base-url-canonical=\"https:\/\/www.digi24.ro\/embed\/stiri\/actualitate\/politica\/gabriela-vranceanu-firea-s-a-urmarit-epuizarea-mea-sa-nu-ma-mai-concentrez-pe-finalizarea-raportului-comisiei-nana-230108\">\n<p data-index=\"1\">Fosta jurnalist<span>\u0103 a \u021binut s\u0103 precizeze c\u0103 nu \u0219i-a comunicat propriile g\u00e2nduri, ci doar a vrut s\u0103-i aduc\u0103 la cuno\u0219tin\u021b\u0103 anumite pasaje din concluziile raportului.<\/span><\/p>\n<p data-index=\"2\">\u201e<span>Nu am afirmat c\u0103, \u00een urma anchetei comisiei speciale Nana, va fi anulat contractul de v\u00e2nzare-cump\u0103rare sau c\u0103 vor fi anulate titlurile de propietate. Am vorbit despre indicii care ar putea conduce la o \u00eemprejurare \u00een care instan\u021ba ar putea s\u0103 decid\u0103 anularea absolut\u0103 \u00een cazul celor 60 de hectare care au titluri de proprietate false, deoarece proprietarii care au fost \u00eempropriet\u0103ri\u021bi aveau documente false \u0219i, pe de alt\u0103 parte, anularea relativ\u0103, prin prisma faptului c\u0103 firma Berfige, care a v\u00e2ndut terenul doamnei Ioana B\u0103sescu, era \u00een inactivitate de 13 luni la data v\u00e2nz\u0103rii\u201d, a precizat senatoarea la <strong>Digi24<\/strong>.<\/span><\/p>\n<p data-index=\"3\">C\u00e2t prive\u0219te pl\u00e2ngerea f\u0103cut\u0103 \u00een 2008 de c\u0103tre Narcisa Iorca, membr\u0103 a CNA, Vr\u00e2nceanu Firea a declarat c\u0103 a fost la \u00cenalta Curte, dar c\u0103 s-a dispus ne\u00eenceperea urm\u0103ririi penale \u0219i c\u0103 i s-a dat atunci doar o amend\u0103 administrativ\u0103, care nu p\u0103teaz\u0103 cazierul.\u00a0<\/p>\n<p data-index=\"4\">Gabriela Firea\u00a0va face m<span>\u00e2ine o pl\u00e2ngere penal\u0103 \u00eempotriva pre\u015fedintelui Traian B\u0103sescu. Senatorul PSD \u00eel acuz\u0103 pe \u015feful statului de \u015fantaj \u015fi amenin\u0163are. Pl\u00e2ngerea penal\u0103 a fost semnat\u0103 \u015fi de premierul Victor Ponta, care a f\u0103cut un apel la parlamentarii puterii s\u0103 sus\u0163in\u0103 demersul.<\/span><\/p>\n<\/div>\n<p> Source URL: https:\/\/www.digi24.ro\/stiri\/actualitate\/politica\/gabriela-vranceanu-firea-s-a-urmarit-epuizarea-mea-sa-nu-ma-mai-concentrez-pe-finalizarea-raportului-comisiei-nana-230108<\/p>\n","protected":false},"excerpt":{"rendered":"<p>Fosta jurnalist\u0103 a \u021binut s\u0103 precizeze c\u0103 nu \u0219i-a comunicat propriile g\u00e2nduri, ci doar a vrut s\u0103-i aduc\u0103 la cuno\u0219tin\u021b\u0103 anumite pasaje din concluziile raportului. \u201eNu am afirmat c\u0103, \u00een urma anchetei comisiei speciale Nana, va fi anulat contractul de v\u00e2nzare-cump\u0103rare sau c\u0103 vor fi anulate titlurile de propietate. Am vorbit despre indicii care ar [&hellip;]<\/p>\n","protected":false},"author":1,"featured_media":207533,"comment_status":"open","ping_status":"","sticky":false,"template":"","format":"standard","meta":{"footnotes":""},"categories":[2],"tags":[11],"class_list":["post-207532","post","type-post","status-publish","format-standard","has-post-thumbnail","hentry","category-politics","tag-digi24"],"_links":{"self":[{"href":"https:\/\/analyse.optim.biz\/index.php?rest_route=\/wp\/v2\/posts\/207532","targetHints":{"allow":["GET"]}}],"collection":[{"href":"https:\/\/analyse.optim.biz\/index.php?rest_route=\/wp\/v2\/posts"}],"about":[{"href":"https:\/\/analyse.optim.biz\/index.php?rest_route=\/wp\/v2\/types\/post"}],"author":[{"embeddable":true,"href":"https:\/\/analyse.optim.biz\/index.php?rest_route=\/wp\/v2\/users\/1"}],"replies":[{"embeddable":true,"href":"https:\/\/analyse.optim.biz\/index.php?rest_route=%2Fwp%2Fv2%2Fcomments&post=207532"}],"version-history":[{"count":0,"href":"https:\/\/analyse.optim.biz\/index.php?rest_route=\/wp\/v2\/posts\/207532\/revisions"}],"wp:featuredmedia":[{"embeddable":true,"href":"https:\/\/analyse.optim.biz\/index.php?rest_route=\/wp\/v2\/media\/207533"}],"wp:attachment":[{"href":"https:\/\/analyse.optim.biz\/index.php?rest_route=%2Fwp%2Fv2%2Fmedia&parent=207532"}],"wp:term":[{"taxonomy":"category","embeddable":true,"href":"https:\/\/analyse.optim.biz\/index.php?rest_route=%2Fwp%2Fv2%2Fcategories&post=207532"},{"taxonomy":"post_tag","embeddable":true,"href":"https:\/\/analyse.optim.biz\/index.php?rest_route=%2Fwp%2Fv2%2Ftags&post=207532"}],"curies":[{"name":"wp","href":"https:\/\/api.w.org\/{rel}","templated":true}]}}