{"id":207520,"date":"2014-04-16T00:29:09","date_gmt":"2014-04-15T21:29:09","guid":{"rendered":"https:\/\/analyse.optim.biz\/?p=207520"},"modified":"2014-04-16T00:29:09","modified_gmt":"2014-04-15T21:29:09","slug":"editie-speciala-traian-basescu-principalele-declaratii-la-digi24","status":"publish","type":"post","link":"https:\/\/analyse.optim.biz\/?p=207520","title":{"rendered":"EDI\u021aIE SPECIAL\u0102. Traian B\u0103sescu, principalele declara\u021bii la Digi24"},"content":{"rendered":"<div class=\"entry data-app-meta data-app-meta-article\" data-embed-base-url-canonical=\"https:\/\/www.digi24.ro\/embed\/stiri\/actualitate\/politica\/editie-speciala-traian-basescu-principalele-declaratii-la-digi24-230115\">\n<p data-index=\"1\"><img decoding=\"async\" src=\"https:\/\/analyse.optim.biz\/wp-content\/uploads\/2024\/09\/jmhhc2g9njbmyji5nwm1ywvlyty2ndu1zmrimtmxnty2nmy3zgq-thumb_.jpg\" data-skip-htmlfix=\"1\" title=\"jmhhc2g9njbmyji5nwm1ywvlyty2ndu1zmrimtmxnty2nmy3zgq-thumb_\"><\/p>\n<p data-index=\"2\">Traian B\u0103sescu a explicat c\u0103 decizia premierului de a se muta cu biroul la Ministerul Ap\u0103r\u0103rii Na\u0163ionale este un semnal extrem de prost pentru societate \u015fi pentru partenerii europeni. \u015eeful statului a glumit pe seama acestei schimb\u0103ri \u015fi a spus c\u0103 \u201epoate astfel vine \u015fi premierul mai des pe la Cotroceni\u201d.<\/p>\n<p data-index=\"3\">\u201e<strong>Dac\u0103 se ducea la Ministerul Culturii, spuneam c\u0103 e avid s\u0103 citeasc\u0103, dac\u0103 se ducea la Justi\u021bie, \u00eei spuneam c\u0103 influen\u021beaz\u0103 justi\u021bia, la Ministerul Mediului nu era bai. Multe institu\u021bii ar putea fi mult mai aproape de MapN, spre exemplu Cotroceniul. \u0218i sunt convins c\u0103 premierul m\u0103 va vizita mai u\u0219or \u0219i mai des, c\u00e2nd vrea o cafea, vine, o bea&#8230;<\/strong>\u201d, a spus Traian B\u0103sescu.<\/p>\n<p data-index=\"4\">Pre\u0219edintele \u00eel acuz\u0103 pe premier c\u0103 nu face altceva dec\u00e2t s\u0103 induc\u0103 opiniei publice \u015fi institu\u0163iilor europene o concep\u0163ie eronat\u0103, aceea c\u0103 ar fi ascultat de institu\u0163iile statului.<\/p>\n<p data-index=\"5\">\u201e<span><strong>Are o c\u0103dere nervoas\u0103. Face \u0219i o \u00eenscenare extrem de ur\u00e2t\u0103 la adresa institu\u021biilor statului. Care e mesajul pe care \u00eel d\u0103 \u00een societate? Sunt ascultat acolo. Exact acela\u0219i tip de mesaj mincinos pe care l-a dat cu STS. Nu exist\u0103 \u00een Europa premier care s\u0103 se fi mutat la MapN\u201d<\/strong>, a declarat pre\u0219edintele la Digi24.<\/span><\/p>\n<p data-index=\"6\">Suspiciunile lui Victor Ponta sunt nefondate, spune \u015feful statului, pentru c\u0103 <strong><a href=\"https:\/\/www.digi24.ro\/Stiri\/Digi24\/Actualitate\/Politica\/Cabinetele+primelor+patru+persoane+in+stat+verificate+ascultare\" target=\"_blank\" data-skip-linkfix=\"1\" rel=\"noopener\">birourile pre\u015fedintelui, al premierului \u015fi ale celor doi pre\u015fedin\u0163i de Camere sunt verificate \u00een fiecare diminea\u0163\u0103 pentru a nu ap\u0103rea echipamente de ascultare.<\/a><\/strong><\/p>\n<p data-index=\"7\">\u00a0\u201e<strong>Mesajul pe care \u00eel d\u0103 Victor Ponta cu mutarea biroului la MApN este: M\u0103 ascult\u0103 institu\u0163iile statului. Nimeni nu a spus c\u0103 dialogul lui Duicu era \u00eenregistrat cu microfoane \u00een cabinetul premierului, ci a fost o redare a unei convorbiri pe care a avut-o Duicu din cabinetul sau din secretariatul premierului. Duicu, ca fiind parte a unei re\u0163ele de tip mafiot \u00een Mehedin\u0163i, a fost pus sub urm\u0103rire la cererea procurorului. De ce s\u0103 faci jocul \u0103sta mincinos \u015fi s\u0103 spui: sunt ascultat \u00een cabinet. Cabinetul pre\u015fedintelui, primului ministru, pre\u015fedintelui Senatului, pre\u015fedintei Camerei Deputa\u0163ilor, \u00een fiecare diminea\u0163\u0103, sunt verificate s\u0103 nu apar\u0103 cumva sisteme de ascultare \u015fi nu pentru c\u0103 ar fi cineva din institu\u0163iile statului care ar putea pune astfel de echipamente, dar poate intra un salariat din institu\u0163ie, Palatul Victoria, Parlamentul sunt mari, sunt zeci de oameni. Poate s\u0103 lase cineva un sistem de ascultare<\/strong>&#8220;, a explicat Traian B\u0103sescu.<\/p>\n<h5>\u201eTata-socru\u201d Ilie S\u00e2rbu, un samsar de terenuri<\/h5>\n<p data-index=\"8\">Pre\u015fedintele Traian B\u0103sescu a declarat la <strong>Digi24<\/strong> c\u0103 socrul premierului a fost <strong><a href=\"https:\/\/www.digi24.ro\/Stiri\/Digi24\/Actualitate\/Politica\/VIDEO+Presedintele+Traian+Basescu+soseste+la+Digi24\" target=\"_blank\" data-skip-linkfix=\"1\" rel=\"noopener\">\u201eun soi samsar de terenuri\u201d<\/a><\/strong> \u00een jude\u0163ul Timi\u015f, un fapt pe care comisia Nana l-ar putea ancheta. \u0218eful statului a spus, \u00een leg\u0103tur\u0103 cu achizi\u0163ionarea terenului de la Nana, c\u0103 lui i-a ie\u015fit \u201epe nas\u201d aceast\u0103 poveste, dar ar repeta-o oric\u00e2nd.<\/p>\n<p data-index=\"9\">\u201e<strong>Un soi de samsar de terenuri a fost Ilie S\u00e2rbu pe toat\u0103 perioada c\u00e2nd s-au constituit marile suprafe\u0163e consolidate (&#8230;). Nu \u015ftiu dac\u0103 a f\u0103cut ceva ilegal sau nu, dar broker de aranjamente, \u00een mod categoric, a fost<\/strong>&#8220;, a afirmat Traian B\u0103sescu. \u201e<strong>C-au fost legale sau ilegale, poate aceast\u0103 comisie &#8211; c\u0103 asta am exprimat ca speran\u0163\u0103, comisia Nana, care vizeaz\u0103 afacerea dintre dou\u0103 persoane private \u015fi nu-i treaba Parlamentului s\u0103 fac\u0103 astfel de anchete, ci a Parchetului &#8211; se poate ocupa \u015fi de terenurile de la Fundulea, pentru c\u0103 acolo iar\u0103\u015fi suntem \u00een fa\u0163a unei sta\u0163iuni de cercet\u0103ri care pur \u015fi simplu l\u0103sat\u0103 f\u0103r\u0103 2.000 de hectare de terenuri \u015fi sunt foarte curios cine a fost prefectul care a f\u0103cut treaba asta, care sunt persoanele din comisia de aplicare a legii fondului funciar \u015fi cine a avut noroc s\u0103 ia terenuri de la Fundulea<\/strong>&#8220;, a mai spus Traian B\u0103sescu.<\/p>\n<p data-index=\"10\">\u00cen leg\u0103tur\u0103 cu achizi\u0163ionarea terenului de la Nana: \u201e<strong>Am crezut c\u0103 va fi un lucru bun, mai ales c\u0103 nu erau bani la saco\u015f\u0103, cea mai mare parte a banilor erau \u00eemprumuta\u0163i. Am crezut c\u0103 poate fi utilizat ca un semnal pentru rom\u00e2ni: cei care pute\u0163i lua credite sau ave\u0163i bani, sunt destui care au bani lichizi, era ca o invita\u0163ie: pute\u0163i cum\u0103ra p\u0103m\u00e2nt. Ei, mi-a ie\u015fit pe nas povestea asta<\/strong>&#8220;, a ar\u0103tat B\u0103sescu. <strong>\u201eSincer, a\u015f repeta povestea. Atunci nu am anticipat jocul politic care se va face. Acum \u015ftiindu-l \u015fi acum a\u015f spune c\u0103 merit\u0103 s\u0103-\u0163i asumi a\u015fa ceva, chiar o mizerie de genul acesta, dac\u0103 ai posibilitatea s\u0103 cumperi c\u00e2teva hectare de p\u0103m\u00e2nt s\u0103 produci&#8221;, a mai spus \u0219eful statului. \u201eEu acum sunt mai hot\u0103r\u00e2t ca oric\u00e2nd s\u0103 \u0163in terenul<\/strong>&#8220;, a ad\u0103ugat B\u0103sescu.<\/p>\n<p data-index=\"11\">Pre\u015fedintele Traian B\u0103sescu a declarat, mar\u0163i, c\u0103 va sesiza organele statului privind retoced\u0103rile de terenuri de la <strong>Sta\u0163iunea de Cercetare Fundulea<\/strong>.<\/p>\n<p data-index=\"12\">\u201e<strong>Dac\u0103 tot se afl\u0103 aceast\u0103 comisie (parlamentar\u0103 de anchet\u0103 &#8211; n.r.) \u00een func\u0163iune, s\u0103 vad\u0103 ce-i cu cele 2.000 de hectare de la Fundulea, c\u0103 ini\u0163ial spuneau c\u0103 terenul e de la Fundulea, de\u015fi nu era nicio leg\u0103tur\u0103 \u015fi cred c\u0103 prefec\u0163ii \u015fi primarii care au f\u0103cut opera\u0163iunea de spoliere a Sta\u0163iunii de Cercet\u0103ri Fundulea, de 2.000 de hectare de teren, trebuie s\u0103 r\u0103spund\u0103 \u00een fa\u0163a legii<\/strong>&#8220;, a spus B\u0103sescu.<\/p>\n<p data-index=\"13\">Pre\u015fedintele a ad\u0103ugat c\u0103 este \u201eghinionist\u0103 treaba&#8221;\u201d, pentru c\u0103 primarii, prefec\u0163ii erau \u201etot de la PSD \u015fi PC, la vremea aceea\u201d.<\/p>\n<p data-index=\"14\">\u201e<strong>Dac\u0103 nu se vor ocupa ei de aceast\u0103 restituire, m\u0103 voi ocupa eu \u015fi voi sesiza organele statului, pentru c\u0103 s-a mers prea departe cu minciuna \u015fi falsul. O hait\u0103 de parlamentari, \u00een frunte cu un premier care nu are nimic comun cu responsabilitatea func\u0163iei, pun sub semnul \u00eentreb\u0103rii \u015fi fac un spectacol mediatic pe m\u0103sura neputin\u0163ei lor \u015fi a incapacit\u0103\u0163ii lor de a guverna \u0163ara, dintr-o afacere privat\u0103&#8221;<\/strong>, a mai afirmat el.<\/p>\n<p data-index=\"15\">\u015eeful statului a mai spus c\u0103 \u201e<strong>ar fi de asemenea foarte interesant s\u0103 \u015ftim ce s-a \u00eent\u00e2mplat \u00een Timi\u015f, tata-socru, c\u00e2t a fost de implicat \u00een marile retroced\u0103ri de prin jude\u0163ul Timi\u015f, \u00een v\u00e2nz\u0103rile de terenuri. Eu cred c\u0103 este interesant, pentru c\u0103 tata-socru nu este persoan\u0103 privat\u0103, e parlamentar<\/strong>&#8220;, a men\u0163ionat B\u0103sescu.<\/p>\n<h5>Nu mai vrea \u00een fruntea unui partid politic<\/h5>\n<p data-index=\"16\">Traian B\u0103sescu nu mai vrea s\u0103 revin\u0103 \u00een fruntea unui partid politic, dar nu ar exclude func\u0163ia de premier. C\u00e2t despre viitorul pre\u015fedinte al \u0163\u0103rii, \u015feful statului \u00eei scoate din calcul pe Crin Antonescu, Victor Ponta sau Mircea Geoan\u0103. <strong><a href=\"https:\/\/www.digi24.ro\/Stiri\/Digi24\/Actualitate\/Politica\/Traian+Basescu+Emil+Boc+cel+mai+pregatit+sa+candideze+din+partea\" target=\"_blank\" data-skip-linkfix=\"1\" rel=\"noopener\">Singurul candidat bun pentru prima func\u0163ie \u00een stat este Emil Boc<\/a><\/strong>, a transmis Traian B\u0103sescu.<\/p>\n<p data-index=\"17\">Traian B\u0103sescu \u00eei desfin\u0163eaz\u0103 pe cei care vor s\u0103 intre \u00een competi\u0163ia electoral\u0103 pentru a-i prelua func\u0163ia.<\/p>\n<p data-index=\"18\">\u201e<strong>Uita\u0163i-v\u0103 la Crin! C\u00e2t de credibil e omul asta, parc\u0103 era o maimu\u0163\u0103 pe pupitrul de Pre\u0219edin\u021bie, am \u0219i schimbat pupitrele dupa ce s-a terminat referendumul, era pupitrul compromis. Crin Antonescu trebuie s\u0103 nu uite c\u0103 a participat la o lovitur\u0103 de stat<\/strong>\u201d, a spus Traian B\u0103sescu la Digi24.<\/p>\n<p data-index=\"19\">Despre <strong>Mircea Geoan\u0103<\/strong>, pre\u015fedintele spune c\u0103 este \u00een continuare omul mogulilor, dar cariera sa diplomatic\u0103 \u00eei d\u0103 credibilitate \u00een plan extern. \u201eDac\u0103 ar mai exista un V\u00eentu, Geoan\u0103 \u0219i acum se duce cu o zi \u00eenainte s\u0103 fac\u0103 jacuzzi acolo, dar comparat cu Ponta m\u0103car are rela\u0163ia extern\u0103. Geoan\u0103, s\u0103 \u015fti\u0163i c\u0103 nu s-a schimbat, tot mintea aia o are &#8230;\u201d<\/p>\n<p data-index=\"20\">Pe de alt\u0103 parte, pre\u0219edintele<strong><a href=\"https:\/\/www.digi24.ro\/Stiri\/Digi24\/Actualitate\/Politica\/Basescu+despre+presedinte+milionar+apolitic+model+Slovacia\" target=\"_blank\" data-skip-linkfix=\"1\" rel=\"noopener\"> respinge ideea unui scenariu de tip Slovacia<\/a><\/strong> &#8211; unde alegerile au fost c\u00e2\u0219tigate de un milionar apolitic &#8211; pentru pre\u0219edin\u021bia Rom\u00e2niei.<\/p>\n<p data-index=\"21\">\u201eCel mai preg\u0103tit s\u0103 fie pre\u015fedinte, \u00een mod categoric, este <strong>Emil Boc<\/strong>\u201d, consider\u0103 Traian B\u0103sescu.<\/p>\n<p data-index=\"22\">\u015eeful statului sus\u0163ine c\u0103 va r\u0103m\u00e2ne activ \u00een politic\u0103 \u015fi dup\u0103 expirarea mandatului. \u201eNu v\u0103 g\u00e2ndi\u021bi c\u0103 m\u0103 voi mai pro\u0163\u0103pi \u00een v\u00e2rful unui partid . Voi da toat\u0103 expreien\u0163a mea PMP-ului\u201d.<\/p>\n<p data-index=\"23\">\u00centrebat dac\u0103 se vede prim-ministru, a evitat un r\u0103spuns: \u201eS\u0103 treaca alegerile, \u00een primul r\u00e2nd s\u0103 g\u0103sim pre\u0219edintele care m-ar numi pe mine prim-ministru\u201d. <\/p>\n<p data-index=\"24\">\u015eansa ar putea veni de la partidele de dreapta. \u201eSocotind procentele partidelor de dreapta, dac\u0103 s-ar uni, ar bate USD-ul \u015fi ar da pre\u015fedinte Rom\u00e2niei \u00een alegerile preziden\u0163iale din noiembrie\u201d, a spus Traian B\u0103sescu.<\/p>\n<p data-index=\"25\">Cel de-al doilea mandat al lui Traian B\u0103sescu \u00een fruntea \u0163\u0103rii expir\u0103 pe 21 decembrie.<\/p>\n<h5>Pactul de coabitare se p\u0103streaz\u0103, altfel ar da un semnal prost \u00een capitale<\/h5>\n<p data-index=\"26\">Pre\u015fedintele Traian B\u0103sescu a afirmat, mar\u0163i, c\u0103 premierul este cel care coboar\u0103 nivelul de exprimare public\u0103 \u015fi este \u201ecel care jigne\u015fte primul&#8221;\u201d dar c\u0103, pentru limbajul public, nu va fi rupt pactul de coabitare.<\/p>\n<p data-index=\"27\">\u201eCel care provoac\u0103 \u015fi jigne\u015fte primul este \u00eentotdeauna Victor Ponta. Nu am ce s\u0103 fac, pentru c\u0103 el, cobor\u00e2nd nivelul de exprimare public\u0103 aici, aici trebuie s\u0103 vin \u015fi eu \u00een replicile pe care le am. (&#8230;) P\u0103i mincinos e, profund corupt este. Este punctul meu de vedere&#8221;, a ar\u0103tat B\u0103sescu.<\/p>\n<p data-index=\"28\">El a r\u0103spuns, \u00een emisiunea de la Digi 24, \u015fi \u00eentreb\u0103rilor legate de acordul de colaborare pre\u015fedinte-premier.<\/p>\n<p data-index=\"29\"><strong>\u201ePentru limbajul public nu o s\u0103 rupem acordul. Deocamdat\u0103 cea mai presant\u0103 problem\u0103 este pozi\u0163ia premierului legat\u0103 de lupta \u00eempotriva corup\u0163iei \u00een care, pe de o parte, sus\u0163ine c\u0103 este solidar cu to\u0163i infractorii sau cu cei predispu\u015fi la a fi condamna\u0163i&#8221;<\/strong>, a sus\u0163inut Traian B\u0103sescu.<\/p>\n<p data-index=\"30\">El a mai spus c\u0103 cel mai tare este deranjat de \u201eatacurile la Justi\u0163ie&#8221; ale lui Victor Ponta, dar c\u0103 denun\u0163area sau nedenun\u0163area pactului de coabitare \u201enici nu d\u0103 locuri de munc\u0103, nici nu reduce deficitul fondului de pensii&#8221;, \u00een schimb ruperea lui \u201ear fi extrem de prost privit\u0103 \u00een toate capitalele\u201d.<\/p>\n<h5>Ciolo\u0219, sus\u021binut pentru un nou mandat<\/h5>\n<p data-index=\"31\">Pre\u015fedintele a mai declarat, mar\u0163i sear\u0103, la Digi24, c\u0103 actualul comisar european din partea Rom\u00e2niei, <strong><a href=\"https:\/\/www.digi24.ro\/Stiri\/Digi24\/Actualitate\/Politica\/Basescu+Ciolos+nou+mandat+comisar+european\" target=\"_blank\" data-skip-linkfix=\"1\" rel=\"noopener\">Dacian Ciolo\u015f, care de\u0163ine portofoliul Agriculturii, trebuie sus\u0163inut pentru un nou mandat,<\/a><\/strong> men\u0163ion\u00e2nd c\u0103 aceea\u015fi pozi\u0163ie \u015fi-ar fi exprimat-o \u015fi premierul Victor Ponta.<\/p>\n<p data-index=\"32\">\u201eEu cred c\u0103 ar fi o mare gre\u015feal\u0103 ca Rom\u00e2nia s\u0103 nu-\u015fi men\u0163in\u0103 propunerea pentru Ciolo\u015f, eu \u015ftiu c\u00e2t de greu este portofoliul, cel mai r\u00e2vnit din toate portofoliile pe care le are Comisia. Este portofoliul cu cei mai mul\u0163i bani \u015fi este comisarul care poate face bine foarte multor \u0163\u0103ri prin modul cum redistribuie resursele financiare, pentru subven\u0163ii, pl\u0103\u0163i directe, pentru diverse programe prioritare. Cred c\u0103 Rom\u00e2nia ar face o mare gre\u015feal\u0103 s\u0103 mearg\u0103 cu alt\u0103 propunere, pentru c\u0103 a fost o b\u0103t\u0103lie cumplit\u0103 ob\u0163inerea acestui portofoliu&#8221;, a declarat B\u0103sescu.<\/p>\n<p data-index=\"33\">El a fost \u00eentrebat dac\u0103 exist\u0103 acordul Guvernului \u00een acest subiect. \u201e<strong>Punctul de vedere al premierului Ponta este, cel pu\u0163in ceea ce mi-a spus mie, s\u0103 mergem pe Ciolo\u015f, pentru c\u0103 dac\u0103 mi\u015fc\u0103m comisarul&#8230;\u015eti\u0163i c\u0103 unul dintre argumentele mele \u00een momentul \u00een care am ob\u0163inut portofoliul Agriculturii pentru Rom\u00e2nia a fost: m\u0103i fra\u0163ilor, am avut Multilingvismul \u015fi c\u00e2nd am spus c\u0103 vrem Agricultura, vreo dou\u0103 zile a fost, da, dar v-o d\u0103m f\u0103r\u0103 pl\u0103\u0163i directe, v-o d\u0103m numai cu Pescuitul, cu dezvoltarea rural\u0103, dar f\u0103r\u0103 pl\u0103\u0163ile directe. A fost o negociere extrem de complicat\u0103<\/strong>&#8220;, a mai spus pre\u015fedintele.<\/p>\n<h5>Schimbarea lui Radu Ghe\u021bea, o gre\u0219eal\u0103<\/h5>\n<p data-index=\"34\">Pre\u015fedintele Traian B\u0103sescu a mai declarat, mar\u0163i, c\u0103 s-a gre\u015fit cu schimbarea lui <strong>Radu Ghe\u0163ea<\/strong> de la conducerea CEC, ar\u0103t\u00e2nd c\u0103 acesta se bucura de o anumit\u0103 statur\u0103 \u00een r\u00e2ndul bancherilor \u015fi c\u0103 politizarea merge p\u00e2n\u0103 la ultima consecin\u0163\u0103.<\/p>\n<p data-index=\"35\">\u201eAu gre\u015fit c\u0103 l-au schimbat pe Radu Ghe\u0163ea, era \u015fi pre\u015fedintele Asocia\u0163iei B\u0103ncilor, dar politizarea trebuie s\u0103 mearg\u0103 p\u00e2n\u0103 la ultima consecin\u0163\u0103. Au pus politic la Eximbank, au mers \u015fi la CEC&#8221;, a afirmat B\u0103sescu, la Digi 24.<\/p>\n<p data-index=\"36\">El a spus c\u0103 Radu Ghe\u0163ea se bucura de o anumit\u0103 statur\u0103 \u00een r\u00e2ndul bancherilor. \u201eChiar dac\u0103 CEC Bank-ul nu era cea mai mare banc\u0103 care opereaz\u0103 \u00een Rom\u00e2nia, d\u0103dea totu\u015fi pre\u015fedintele Asocia\u0163iei B\u0103ncilor, ca singur\u0103 banc\u0103 de stat&#8221;, a mai spus B\u0103sescu.<\/p>\n<h5>Criza din Ucraina &#8211; ce inten\u021bii are Putin<\/h5>\n<p data-index=\"37\">Traian B\u0103sescu a vorbit la Digi24 \u015fi despre<strong><a href=\"https:\/\/www.digi24.ro\/Stiri\/Digi24\/Extern\/Europa\/Gazul+arma+economica+a+Rusiei+Basescu+In+tarile+europene+ar+pute\" target=\"_blank\" data-skip-linkfix=\"1\" rel=\"noopener\">criza din Ucraina<\/a>.<\/strong> \u015eeful statului spune c\u0103 ar fi o eroare din partea liderului rus Vladimir Putin s\u0103 invadeze \u0163ara vecin\u0103. Pre\u015fedintele este \u00eens\u0103 optimist c\u0103, dac\u0103 Ucraina nu va fi invadat\u0103, \u015fi-ar putea reveni foarte repede.<\/p>\n<p data-index=\"38\">Pe de alt\u0103 parte, pre\u0219edintele nu \u0219i-a ascuns<strong><a href=\"https:\/\/www.digi24.ro\/Stiri\/Digi24\/Extern\/Europa\/Traian+Basescu+Imi+este+teama+pentru+Republica+Moldova+daca+Puti\" target=\"_blank\" data-skip-linkfix=\"1\" rel=\"noopener\"> \u00eengrijorarea fa\u021b\u0103 de Transnistria<\/a> \u0219<\/strong>i a recunoscut c\u0103 aceast\u0103 regiune ar putea fi pierdut\u0103 de Republica Moldova. Pe de alt\u0103 parte, apropierea R. Moldova de Uniunea European\u0103 poate fi \u00eencurajat\u0103 \u00een primul r\u00e2nd economic. Vizele, libertatea de mi\u0219care nu mai reprezint\u0103 pentru moldoveni o miz\u0103 la fel de mare cum a fost pentru rom\u00e2ni \u00een 2003, \u00een parte din cauza politicii Bucure\u0219tiului de acordare a cet\u0103\u021beniei. Miza pentru Republica Moldova trebuie s\u0103 fie una \u00een primul r\u00e2nd economic\u0103, pia\u021ba european\u0103 fiind o alternativ\u0103 la pia\u021ba rus\u0103, a ar\u0103tat pre\u0219edintele.<\/p>\n<p data-index=\"39\">Traian B\u0103sescu a p\u0103rut c\u0103 vrea s\u0103 pun\u0103 un bemol \u00een agita\u021bia ap\u0103rut\u0103 s\u0103pt\u0103m\u00e2na trecut\u0103 \u00een leg\u0103tur\u0103 cu demersurile Ministerului rom\u00e2n de Externe de a cere suplimentarea trupelor Alian\u021bei \u00een estul Europei. \u00cen Rom\u00e2nia va fi o \u201econcentrare rezonabil\u0103\u201d de trupe NATO, a spus pre\u0219edintele care <strong><a href=\"https:\/\/www.digi24.ro\/Stiri\/Digi24\/Extern\/Europa\/Traian+Basescu+Romania+concentrare+rezonabila+trupe+nato\" target=\"_blank\" data-skip-linkfix=\"1\" rel=\"noopener\">g\u0103se\u0219te suficient num\u0103rul militarilor americani afla\u021bi \u00een prezent pe teritoriul Rom\u00e2niei<\/a>.<\/strong><\/p>\n<\/div>\n<p> Source URL: https:\/\/www.digi24.ro\/stiri\/actualitate\/politica\/editie-speciala-traian-basescu-principalele-declaratii-la-digi24-230115<\/p>\n","protected":false},"excerpt":{"rendered":"<p>Traian B\u0103sescu a explicat c\u0103 decizia premierului de a se muta cu biroul la Ministerul Ap\u0103r\u0103rii Na\u0163ionale este un semnal extrem de prost pentru societate \u015fi pentru partenerii europeni. \u015eeful statului a glumit pe seama acestei schimb\u0103ri \u015fi a spus c\u0103 \u201epoate astfel vine \u015fi premierul mai des pe la Cotroceni\u201d. \u201eDac\u0103 se ducea la [&hellip;]<\/p>\n","protected":false},"author":1,"featured_media":207521,"comment_status":"open","ping_status":"","sticky":false,"template":"","format":"standard","meta":{"footnotes":""},"categories":[2],"tags":[11],"class_list":["post-207520","post","type-post","status-publish","format-standard","has-post-thumbnail","hentry","category-politics","tag-digi24"],"_links":{"self":[{"href":"https:\/\/analyse.optim.biz\/index.php?rest_route=\/wp\/v2\/posts\/207520","targetHints":{"allow":["GET"]}}],"collection":[{"href":"https:\/\/analyse.optim.biz\/index.php?rest_route=\/wp\/v2\/posts"}],"about":[{"href":"https:\/\/analyse.optim.biz\/index.php?rest_route=\/wp\/v2\/types\/post"}],"author":[{"embeddable":true,"href":"https:\/\/analyse.optim.biz\/index.php?rest_route=\/wp\/v2\/users\/1"}],"replies":[{"embeddable":true,"href":"https:\/\/analyse.optim.biz\/index.php?rest_route=%2Fwp%2Fv2%2Fcomments&post=207520"}],"version-history":[{"count":0,"href":"https:\/\/analyse.optim.biz\/index.php?rest_route=\/wp\/v2\/posts\/207520\/revisions"}],"wp:featuredmedia":[{"embeddable":true,"href":"https:\/\/analyse.optim.biz\/index.php?rest_route=\/wp\/v2\/media\/207521"}],"wp:attachment":[{"href":"https:\/\/analyse.optim.biz\/index.php?rest_route=%2Fwp%2Fv2%2Fmedia&parent=207520"}],"wp:term":[{"taxonomy":"category","embeddable":true,"href":"https:\/\/analyse.optim.biz\/index.php?rest_route=%2Fwp%2Fv2%2Fcategories&post=207520"},{"taxonomy":"post_tag","embeddable":true,"href":"https:\/\/analyse.optim.biz\/index.php?rest_route=%2Fwp%2Fv2%2Ftags&post=207520"}],"curies":[{"name":"wp","href":"https:\/\/api.w.org\/{rel}","templated":true}]}}