{"id":2075092,"date":"2026-08-03T14:46:17","date_gmt":"2026-08-03T11:46:17","guid":{"rendered":"https:\/\/analyse.optim.biz\/?p=2075092"},"modified":"2026-08-03T14:46:17","modified_gmt":"2026-08-03T11:46:17","slug":"mai-multe-locuri-pe-stadionul-electrica-cj-timis-a-cumparat-trei-tribune-mobile","status":"publish","type":"post","link":"https:\/\/analyse.optim.biz\/?p=2075092","title":{"rendered":"Mai multe locuri pe stadionul Electrica! CJ Timi\u015f a cump\u0103rat trei tribune mobile"},"content":{"rendered":"<p>[analyse_image type=&#8221;featured&#8221; src=&#8221;http:\/\/www.banatulmeu.ro\/wp-content\/uploads\/2026\/08\/stadion-electrica.png&#8221;]<\/p>\n<div class=\"post-content-bd\">\n<p>Vor fi mai multe locuri pentru suporterii alb-viole\u0163i pe stadionul Electrica din Timi\u015foara. Alfred Simonis, pre\u015fedintele Consiliului Jude\u0163ean Timi\u015f, anun\u0163\u0103 c\u0103 au fost cump\u0103rate trei tribune mobile, care au o capacitate total\u0103 de 600 de locuri.<\/p>\n<p><em>\u201cPromovarea Politehnicii Timi\u0219oara \u00een Liga II-a a creat o emula\u021bie \u0219i mai mare \u00een jurul echipei. Campania de transferuri, rezultatele bune din meciurile de preg\u0103tire \u0219i tot ceea ce se \u00eent\u00e2mpl\u0103 \u00een ultima perioad\u0103 \u00eei aduce pe timi\u0219oreni mai aproape de Poli. Abonamentele pentru tot sezonul s-au v\u00e2ndut \u00een c\u00e2teva minute, biletele la primul meci cu Chindia T\u00e2rgovi\u0219te, la fel. Pentru c\u0103 cererile sunt foarte mari, am decis s\u0103 venim \u00een sprijinul suporterilor. Astfel, s-au achizi\u021bionat trei tribune mobile, aceste structuri modulare sporind capacitatea b\u0103tr\u00e2nei arene Electrica cu 600 de locuri<\/em>\u201c, a afirmat Alfred Simonis.<\/p>\n<p>\u015eeful CJ Timi\u015f spune c\u0103 achizi\u0163ia celor trei tribune mobile a fost solu\u0163ia cea mai la \u00eendem\u00e2n\u0103.<\/p>\n<p>\u201c<em>\u0218tiu c\u0103 nu este solu\u021bia ideal\u0103, dar a fost cea mai la \u00eendem\u00e2n\u0103 variant\u0103 \u00eentr-un timp at\u00e2t de scurt. Asta p\u00e2n\u0103 c\u00e2nd stadionul mic al Timi\u0219oarei va fi gata. Iar mai apoi ne mut\u0103m acas\u0103, pe Dan P\u0103ltini\u0219anu<\/em>\u201c, a precizat Alfred Simonis.<\/p>\n<\/div>\n<p>[analyse_source url=&#8221;https:\/\/www.banatulmeu.ro\/mai-multe-locuri-pe-stadionul-electrica-cj-timis-a-cumparat-trei-tribune-mobile\/&#8221;]<\/p>\n","protected":false},"excerpt":{"rendered":"<p>[analyse_image type=&#8221;featured&#8221; src=&#8221;http:\/\/www.banatulmeu.ro\/wp-content\/uploads\/2026\/08\/stadion-electrica.png&#8221;] Vor fi mai multe locuri pentru suporterii alb-viole\u0163i pe stadionul Electrica din Timi\u015foara. Alfred Simonis, pre\u015fedintele Consiliului Jude\u0163ean Timi\u015f, anun\u0163\u0103 c\u0103 au fost cump\u0103rate trei tribune mobile, care au o capacitate total\u0103 de 600 de locuri. \u201cPromovarea Politehnicii Timi\u0219oara \u00een Liga II-a a creat o emula\u021bie \u0219i mai mare \u00een jurul echipei. [&hellip;]<\/p>\n","protected":false},"author":1,"featured_media":0,"comment_status":"open","ping_status":"","sticky":false,"template":"","format":"standard","meta":{"footnotes":""},"categories":[89],"tags":[204,226],"class_list":["post-2075092","post","type-post","status-publish","format-standard","hentry","category-romania","tag-banatulmeu-ro","tag-crawlmanager"],"_links":{"self":[{"href":"https:\/\/analyse.optim.biz\/index.php?rest_route=\/wp\/v2\/posts\/2075092","targetHints":{"allow":["GET"]}}],"collection":[{"href":"https:\/\/analyse.optim.biz\/index.php?rest_route=\/wp\/v2\/posts"}],"about":[{"href":"https:\/\/analyse.optim.biz\/index.php?rest_route=\/wp\/v2\/types\/post"}],"author":[{"embeddable":true,"href":"https:\/\/analyse.optim.biz\/index.php?rest_route=\/wp\/v2\/users\/1"}],"replies":[{"embeddable":true,"href":"https:\/\/analyse.optim.biz\/index.php?rest_route=%2Fwp%2Fv2%2Fcomments&post=2075092"}],"version-history":[{"count":0,"href":"https:\/\/analyse.optim.biz\/index.php?rest_route=\/wp\/v2\/posts\/2075092\/revisions"}],"wp:attachment":[{"href":"https:\/\/analyse.optim.biz\/index.php?rest_route=%2Fwp%2Fv2%2Fmedia&parent=2075092"}],"wp:term":[{"taxonomy":"category","embeddable":true,"href":"https:\/\/analyse.optim.biz\/index.php?rest_route=%2Fwp%2Fv2%2Fcategories&post=2075092"},{"taxonomy":"post_tag","embeddable":true,"href":"https:\/\/analyse.optim.biz\/index.php?rest_route=%2Fwp%2Fv2%2Ftags&post=2075092"}],"curies":[{"name":"wp","href":"https:\/\/api.w.org\/{rel}","templated":true}]}}