{"id":2075087,"date":"2026-08-03T14:07:07","date_gmt":"2026-08-03T11:07:07","guid":{"rendered":"https:\/\/analyse.optim.biz\/?p=2075087"},"modified":"2026-08-03T14:07:07","modified_gmt":"2026-08-03T11:07:07","slug":"dominic-fritz-de-ziua-timisoarei-nu-as-vrea-sa-locuiesc-niciunde-altundeva-in-lume","status":"publish","type":"post","link":"https:\/\/analyse.optim.biz\/?p=2075087","title":{"rendered":"Dominic Fritz, de Ziua Timi\u0219oarei: \u201eNu a\u0219 vrea s\u0103 locuiesc niciunde altundeva \u00een lume\u201d"},"content":{"rendered":"<p>[analyse_image type=&#8221;featured&#8221; src=&#8221;https:\/\/orasul-timisoara.ro\/wp-content\/uploads\/2026\/08\/dominic-fritz-piata-victoriei.jpg&#8221;]<\/p>\n<article id=\"post-39975\" class=\"td-post-template-7 post-39975 post type-post status-publish format-standard has-post-thumbnail category-featured category-stiri-timisoara category-stiri-nationale-si-internationale tag-banat tag-casa-de-cultura-a-municipiului-timisoara tag-centrul-de-proiecte-timisoara tag-comunitate tag-cultura-2 tag-dominic-fritz tag-evenimente-timisoara-2 tag-judetul-timis-2 tag-primaria-timisoara-2 tag-timisoara-2 tag-zilele-timisoarei-2 tag-ziua-timisoarei-2 td-container-wrap\">\n<div class=\"td-full-screen-header-image-wrap\">\n<div class=\"td-container td-post-header\">\n<div class=\"td-crumb-container\">\n<div class=\"entry-crumbs\"><span><a title=\"Vede\u021bi toate articolele \u00een \u0218tiri Locale\" class=\"entry-crumb\" href=\"https:\/\/orasul-timisoara.ro\/local-category\/stiri-timisoara\/\">\u0218tiri Locale<\/a><\/span><span class=\"td-bred-no-url-last\">Dominic Fritz, de Ziua Timi\u0219oarei: \u201eNu a\u0219 vrea s\u0103 locuiesc niciunde altundeva&#8230;<\/span><\/div>\n<\/div>\n<div class=\"td-post-header-holder\">\n<div class=\"td-parallax-header\">\n<header class=\"td-post-title\">\n<ul class=\"td-category\">\n<li class=\"entry-category\"><a href=\"https:\/\/orasul-timisoara.ro\/local-category\/stiri-timisoara\/\">\u0218tiri Locale<\/a><\/li>\n<li class=\"entry-category\"><a href=\"https:\/\/orasul-timisoara.ro\/local-category\/stiri-nationale-si-internationale\/\">\u0218tiri na\u021bionale \u0219i interna\u021bionale<\/a><\/li>\n<\/ul>\n<h1 class=\"entry-title\">Dominic Fritz, de Ziua Timi\u0219oarei: \u201eNu a\u0219 vrea s\u0103 locuiesc niciunde altundeva \u00een lume\u201d<\/h1>\n<div class=\"td-module-meta-info\">\n<div class=\"td-post-author-name\">\n<div class=\"td-author-by\">De c\u0103tre<\/div>\n<p><a href=\"https:\/\/orasul-timisoara.ro\/author\/timisoara\/\">redactia<\/a><\/p>\n<div class=\"td-author-line\"> &#8211; <\/div>\n<\/div>\n<p><span class=\"td-post-date\"><time class=\"entry-date updated td-module-date\" datetime=\"2026-08-03T17:07:07+03:00\">03\/08\/2026<\/time><\/span><\/div>\n<\/header>\n<\/div>\n<\/div>\n<\/div>\n<div id=\"td-full-screen-header-image\" class=\"td-image-gradient-style7\"><img decoding=\"async\" class=\"td-backstretch\" src=\"https:\/\/orasul-timisoara.ro\/wp-content\/uploads\/2026\/08\/dominic-fritz-piata-victoriei.jpg\"><\/div>\n<\/div>\n<div class=\"td-container\">\n<div class=\"td-pb-row\">\n<div class=\"td-pb-span8 td-main-content\" role=\"main\">\n<div class=\"td-ss-main-content\">\n<div class=\"td-post-sharing-top\">\n<div class=\"td-post-sharing-classic\"><iframe title=\"topFacebookLike\" frameborder src=\"https:\/\/www.facebook.com\/plugins\/like.php?href=https:\/\/orasul-timisoara.ro\/local-39975\/&amp;layout=button_count&amp;show_faces=false&amp;width=105&amp;action=like&amp;colorscheme=light&amp;height=21\"><\/iframe><\/div>\n<div id=\"td_social_sharing_article_top\" class=\"td-post-sharing td-ps-bg td-ps-notext td-post-sharing-style1 \">\n<div class=\"td-post-sharing-visible\"><a class=\"td-social-sharing-button td-social-sharing-button-js td-social-network td-social-facebook\" href=\"https:\/\/www.facebook.com\/sharer.php?u=https%3A%2F%2Forasul-timisoara.ro%2Flocal-39975%2F\" title=\"Facebook\"><\/p>\n<div class=\"td-social-but-text\">Facebook<\/div>\n<p><\/a><a class=\"td-social-sharing-button td-social-sharing-button-js td-social-network td-social-twitter\" href=\"https:\/\/twitter.com\/intent\/tweet?text=Dominic+Fritz%2C+de+Ziua+Timi%C8%99oarei%3A+%E2%80%9ENu+a%C8%99+vrea+s%C4%83+locuiesc+niciunde+altundeva+%C3%AEn+lume%E2%80%9D&amp;url=https%3A%2F%2Forasul-timisoara.ro%2Flocal-39975%2F&amp;via=orasultm\" title=\"Twitter\"><\/p>\n<div class=\"td-social-but-text\">Twitter<\/div>\n<p><\/a><a class=\"td-social-sharing-button td-social-sharing-button-js td-social-network td-social-whatsapp\" href=\"https:\/\/api.whatsapp.com\/send?text=Dominic+Fritz%2C+de+Ziua+Timi%C8%99oarei%3A+%E2%80%9ENu+a%C8%99+vrea+s%C4%83+locuiesc+niciunde+altundeva+%C3%AEn+lume%E2%80%9D%20%0A%0A%20https:\/\/orasul-timisoara.ro\/local-39975\/\" title=\"WhatsApp\"><\/p>\n<div class=\"td-social-but-text\">WhatsApp<\/div>\n<p><\/a><a class=\"td-social-sharing-button td-social-sharing-button-js td-social-network td-social-linkedin\" href=\"https:\/\/www.linkedin.com\/shareArticle?mini=true&amp;url=https:\/\/orasul-timisoara.ro\/local-39975\/&amp;title=Dominic+Fritz%2C+de+Ziua+Timi%C8%99oarei%3A+%E2%80%9ENu+a%C8%99+vrea+s%C4%83+locuiesc+niciunde+altundeva+%C3%AEn+lume%E2%80%9D\" title=\"Linkedin\"><\/p>\n<div class=\"td-social-but-text\">Linkedin<\/div>\n<p><\/a><a class=\"td-social-sharing-button td-social-sharing-button-js td-social-network td-social-reddit\" href=\"https:\/\/reddit.com\/submit?url=https:\/\/orasul-timisoara.ro\/local-39975\/&amp;title=Dominic+Fritz%2C+de+Ziua+Timi%C8%99oarei%3A+%E2%80%9ENu+a%C8%99+vrea+s%C4%83+locuiesc+niciunde+altundeva+%C3%AEn+lume%E2%80%9D\" title=\"ReddIt\"><\/p>\n<div class=\"td-social-but-text\">ReddIt<\/div>\n<p><\/a><a class=\"td-social-sharing-button td-social-sharing-button-js td-social-network td-social-mail\" href=\"mailto:?subject=Dominic%20Fritz,%20de%20Ziua%20Timi%C8%99oarei:%20%E2%80%9ENu%20a%C8%99%20vrea%20s%C4%83%20locuiesc%20niciunde%20altundeva%20%C3%AEn%20lume%E2%80%9D&amp;body=https:\/\/orasul-timisoara.ro\/local-39975\/\" title=\"Email\"><\/p>\n<div class=\"td-social-but-text\">Email<\/div>\n<p><\/a><a class=\"td-social-sharing-button td-social-sharing-button-js td-social-network td-social-print\" href=\"https:\/\/orasul-timisoara.ro\/local-39975\/\" title=\"Imprimare\"><\/p>\n<div class=\"td-social-but-text\">Imprimare<\/div>\n<p><\/a><\/div>\n<\/div>\n<\/div>\n<div class=\"td-post-content tagdiv-type\">\n<p class=\"wp-block-paragraph\">Primarul Timi\u0219oarei, Dominic Fritz, a transmis un mesaj de mul\u021bumire \u0219i recuno\u0219tin\u021b\u0103 cu ocazia Zilei Timi\u0219oarei, la finalul edi\u021biei din acest an a evenimentului dedicat ora\u0219ului. Edilul a eviden\u021biat atmosfera creat\u0103 pe parcursul manifest\u0103rilor \u0219i implicarea celor care au contribuit la organizarea acestora, subliniind c\u0103 s\u0103rb\u0103toarea s-a desf\u0103\u0219urat f\u0103r\u0103 incidente \u0219i cu o participare numeroas\u0103.<\/p>\n<p class=\"wp-block-paragraph\">Mesajul a fost publicat pe pagina sa de Facebook \u00een 3 august, dup\u0103 \u00eencheierea ultimului spectacol din cadrul Zilelor Timi\u0219oarei. Dominic Fritz a povestit c\u0103, \u00een ultimele momente ale evenimentului, o scurt\u0103 ploaie de var\u0103 i-a accentuat sentimentul de recuno\u0219tin\u021b\u0103 pentru modul \u00een care s-au desf\u0103\u0219urat zilele dedicate ora\u0219ului.<\/p>\n<h2 class=\"wp-block-heading\">Peste 100.000 de participan\u021bi la Zilele Timi\u0219oarei<\/h2>\n<p class=\"wp-block-paragraph\">Potrivit primarului, peste 100.000 de timi\u0219oreni \u0219i vizitatori din \u00eentreaga \u021bar\u0103 au participat la evenimentele organizate cu prilejul Zilelor Timi\u0219oarei. Acesta a remarcat faptul c\u0103 manifest\u0103rile s-au desf\u0103\u0219urat f\u0103r\u0103 incidente sau scandaluri, \u00eentr-o atmosfer\u0103 caracterizat\u0103 de bucurie, respect \u0219i spirit de comunitate.<\/p>\n<p class=\"wp-block-paragraph\">\u201ePeste o sut\u0103 de mii de timi\u0219oreni \u0219i vizitatori din toat\u0103 \u021bara, celebr\u00e2nd spiritul Timi\u0219oarei. F\u0103r\u0103 incidente sau scandaluri. Doar bucurie, comunitate, respect\u201d, a transmis Dominic Fritz.<\/p>\n<h2 class=\"wp-block-heading\">Mul\u021bumiri pentru cei care au f\u0103cut posibil evenimentul<\/h2>\n<p class=\"wp-block-paragraph\">\u00cen mesajul s\u0103u, edilul a adresat mul\u021bumiri tuturor celor implica\u021bi \u00een organizarea \u0219i desf\u0103\u0219urarea evenimentelor dedicate Zilei Timi\u0219oarei. Printre cei men\u021biona\u021bi se num\u0103r\u0103 echipele Centrului de Proiecte Timi\u0219oara \u0219i ale Casei de Cultur\u0103 a Municipiului Timi\u0219oara, angaja\u021bii care au asigurat cur\u0103\u021benia \u0219i \u00eentre\u021binerea spa\u021biilor verzi, arti\u0219tii, operatorii culturali \u0219i sportivi, reprezentan\u021bii industriei locale de ospitalitate, voluntarii \u0219i personalul din structurile de ordine \u0219i siguran\u021b\u0103 public\u0103.<\/p>\n<p class=\"wp-block-paragraph\">Primarul a subliniat c\u0103 munca acestor oameni contribuie decisiv la succesul unor astfel de evenimente, chiar dac\u0103, de multe ori, activitatea lor r\u0103m\u00e2ne mai pu\u021bin vizibil\u0103 pentru public.<\/p>\n<h2 class=\"wp-block-heading\">Un mesaj \u0219i pentru timi\u0219oreni \u0219i vizitatori<\/h2>\n<p class=\"wp-block-paragraph\">Dominic Fritz le-a mul\u021bumit \u0219i tuturor celor care au participat la evenimente, apreciind c\u0103 atmosfera unui ora\u0219 este construit\u0103 prin gesturile \u0219i comportamentul fiec\u0103rei persoane.<\/p>\n<p class=\"wp-block-paragraph\">Edilul a eviden\u021biat importan\u021ba lucrurilor simple, precum un z\u00e2mbet oferit unui necunoscut, aplauzele adresate arti\u0219tilor sau entuziasmul participan\u021bilor, consider\u00e2nd c\u0103 acestea definesc spiritul comunit\u0103\u021bii \u0219i contribuie la imaginea Timi\u0219oarei.<\/p>\n<h2 class=\"wp-block-heading\">\u201eNu a\u0219 vrea s\u0103 locuiesc niciunde altundeva \u00een lume\u201d<\/h2>\n<p class=\"wp-block-paragraph\">\u00cen mesajul s\u0103u, primarul a vorbit \u0219i despre sentimentul de apartenen\u021b\u0103 pe care \u00eel are fa\u021b\u0103 de ora\u0219, afirm\u00e2nd c\u0103 apreciaz\u0103 atmosfera creat\u0103 \u00een aceste zile \u0219i consider\u0103 c\u0103 astfel de momente sunt cu at\u00e2t mai valoroase \u00een contextul actual.<\/p>\n<p class=\"wp-block-paragraph\">\u201ePoate toate aceste lucruri ar trebui s\u0103 fie normale. Totu\u0219i le consider un dar \u00een vremurile astea nebune. Nu a\u0219 vrea s\u0103 locuiesc niciunde altundeva \u00een lume\u201d, a scris Dominic Fritz.<\/p>\n<h2 class=\"wp-block-heading\">La mul\u021bi ani, Timi\u0219oara!<\/h2>\n<p class=\"wp-block-paragraph\">La finalul mesajului, primarul \u0219i-a \u00eencheiat g\u00e2ndurile cu o declara\u021bie adresat\u0103 ora\u0219ului pe care \u00eel conduce: \u201eLa mul\u021bi ani, Timi\u0219oara, iubirea mea!\u201d.<\/p>\n<p class=\"wp-block-paragraph\">Mesajul a fost publicat \u00een ziua de 3 august, dat\u0103 la care este s\u0103rb\u0103torit\u0103 Ziua Timi\u0219oarei, marc\u00e2nd \u00eencheierea edi\u021biei din acest an a Zilelor Timi\u0219oarei \u0219i mul\u021bumind tuturor celor care au contribuit la atmosfera de s\u0103rb\u0103toare din ora\u0219.<\/p>\n<\/div>\n<footer>\n<div class=\"td-post-source-tags\">\n<ul class=\"td-tags td-post-small-box clearfix\">\n<li><span>ETICHETE<\/span><\/li>\n<li><a href=\"https:\/\/orasul-timisoara.ro\/local-tag\/banat\/\">banat<\/a><\/li>\n<li><a href=\"https:\/\/orasul-timisoara.ro\/local-tag\/casa-de-cultura-a-municipiului-timisoara\/\">Casa de Cultur\u0103 a Municipiului Timi\u0219oara<\/a><\/li>\n<li><a href=\"https:\/\/orasul-timisoara.ro\/local-tag\/centrul-de-proiecte-timisoara\/\">Centrul de Proiecte Timi\u0219oara<\/a><\/li>\n<li><a href=\"https:\/\/orasul-timisoara.ro\/local-tag\/comunitate\/\">comunitate<\/a><\/li>\n<li><a href=\"https:\/\/orasul-timisoara.ro\/local-tag\/cultura-2\/\">Cultur\u0103<\/a><\/li>\n<li><a href=\"https:\/\/orasul-timisoara.ro\/local-tag\/dominic-fritz\/\">dominic fritz<\/a><\/li>\n<li><a href=\"https:\/\/orasul-timisoara.ro\/local-tag\/evenimente-timisoara-2\/\">evenimente Timi\u0219oara<\/a><\/li>\n<li><a href=\"https:\/\/orasul-timisoara.ro\/local-tag\/judetul-timis-2\/\">jude\u021bul Timi\u0219<\/a><\/li>\n<li><a href=\"https:\/\/orasul-timisoara.ro\/local-tag\/primaria-timisoara-2\/\">Prim\u0103ria Timi\u0219oara<\/a><\/li>\n<li><a href=\"https:\/\/orasul-timisoara.ro\/local-tag\/timisoara-2\/\">timi\u0219oara<\/a><\/li>\n<li><a href=\"https:\/\/orasul-timisoara.ro\/local-tag\/zilele-timisoarei-2\/\">Zilele Timi\u0219oarei<\/a><\/li>\n<li><a href=\"https:\/\/orasul-timisoara.ro\/local-tag\/ziua-timisoarei-2\/\">Ziua Timi\u0219oarei<\/a><\/li>\n<\/ul>\n<\/div>\n<div class=\"td-post-sharing-bottom\">\n<div class=\"td-post-sharing-classic\"><iframe title=\"bottomFacebookLike\" frameborder src=\"https:\/\/www.facebook.com\/plugins\/like.php?href=https:\/\/orasul-timisoara.ro\/local-39975\/&amp;layout=button_count&amp;show_faces=false&amp;width=105&amp;action=like&amp;colorscheme=light&amp;height=21\"><\/iframe><\/div>\n<div id=\"td_social_sharing_article_bottom\" class=\"td-post-sharing td-ps-bg td-ps-notext td-post-sharing-style1 \">\n<div class=\"td-post-sharing-visible\"><a class=\"td-social-sharing-button td-social-sharing-button-js td-social-network td-social-facebook\" href=\"https:\/\/www.facebook.com\/sharer.php?u=https%3A%2F%2Forasul-timisoara.ro%2Flocal-39975%2F\" title=\"Facebook\"><\/p>\n<div class=\"td-social-but-text\">Facebook<\/div>\n<p><\/a><a class=\"td-social-sharing-button td-social-sharing-button-js td-social-network td-social-twitter\" href=\"https:\/\/twitter.com\/intent\/tweet?text=Dominic+Fritz%2C+de+Ziua+Timi%C8%99oarei%3A+%E2%80%9ENu+a%C8%99+vrea+s%C4%83+locuiesc+niciunde+altundeva+%C3%AEn+lume%E2%80%9D&amp;url=https%3A%2F%2Forasul-timisoara.ro%2Flocal-39975%2F&amp;via=orasultm\" title=\"Twitter\"><\/p>\n<div class=\"td-social-but-text\">Twitter<\/div>\n<p><\/a><a class=\"td-social-sharing-button td-social-sharing-button-js td-social-network td-social-whatsapp\" href=\"https:\/\/api.whatsapp.com\/send?text=Dominic+Fritz%2C+de+Ziua+Timi%C8%99oarei%3A+%E2%80%9ENu+a%C8%99+vrea+s%C4%83+locuiesc+niciunde+altundeva+%C3%AEn+lume%E2%80%9D%20%0A%0A%20https:\/\/orasul-timisoara.ro\/local-39975\/\" title=\"WhatsApp\"><\/p>\n<div class=\"td-social-but-text\">WhatsApp<\/div>\n<p><\/a><a class=\"td-social-sharing-button td-social-sharing-button-js td-social-network td-social-linkedin\" href=\"https:\/\/www.linkedin.com\/shareArticle?mini=true&amp;url=https:\/\/orasul-timisoara.ro\/local-39975\/&amp;title=Dominic+Fritz%2C+de+Ziua+Timi%C8%99oarei%3A+%E2%80%9ENu+a%C8%99+vrea+s%C4%83+locuiesc+niciunde+altundeva+%C3%AEn+lume%E2%80%9D\" title=\"Linkedin\"><\/p>\n<div class=\"td-social-but-text\">Linkedin<\/div>\n<p><\/a><a class=\"td-social-sharing-button td-social-sharing-button-js td-social-network td-social-reddit\" href=\"https:\/\/reddit.com\/submit?url=https:\/\/orasul-timisoara.ro\/local-39975\/&amp;title=Dominic+Fritz%2C+de+Ziua+Timi%C8%99oarei%3A+%E2%80%9ENu+a%C8%99+vrea+s%C4%83+locuiesc+niciunde+altundeva+%C3%AEn+lume%E2%80%9D\" title=\"ReddIt\"><\/p>\n<div class=\"td-social-but-text\">ReddIt<\/div>\n<p><\/a><a class=\"td-social-sharing-button td-social-sharing-button-js td-social-network td-social-mail\" href=\"mailto:?subject=Dominic%20Fritz,%20de%20Ziua%20Timi%C8%99oarei:%20%E2%80%9ENu%20a%C8%99%20vrea%20s%C4%83%20locuiesc%20niciunde%20altundeva%20%C3%AEn%20lume%E2%80%9D&amp;body=https:\/\/orasul-timisoara.ro\/local-39975\/\" title=\"Email\"><\/p>\n<div class=\"td-social-but-text\">Email<\/div>\n<p><\/a><a class=\"td-social-sharing-button td-social-sharing-button-js td-social-network td-social-print\" href=\"https:\/\/orasul-timisoara.ro\/local-39975\/\" title=\"Imprimare\"><\/p>\n<div class=\"td-social-but-text\">Imprimare<\/div>\n<p><\/a><\/div>\n<\/div>\n<\/div>\n<div class=\"td-block-row td-post-next-prev\">\n<div class=\"td-block-span6 td-post-prev-post\">\n<div class=\"td-post-next-prev-content\"><span>Articolul precedent<\/span><a href=\"https:\/\/orasul-timisoara.ro\/local-39968\/\">Amenzi de peste 107.000 de lei pentru \u0219oferii care au blocat sta\u021biile de \u00eenc\u0103rcare din Timi\u0219oara<\/a><\/div>\n<\/div>\n<div class=\"td-block-span6 td-post-next-post\">\n<div class=\"td-post-next-prev-content\"><span>Articolul urm\u0103tor<\/span><a href=\"https:\/\/orasul-timisoara.ro\/local-39978\/\">Lucr\u0103ri Aquatim: presiune sc\u0103zut\u0103 la ap\u0103 \u00een Bethausen, Cladova \u0219i alte localit\u0103\u021bi<\/a><\/div>\n<\/div>\n<\/div>\n<div class=\"td-author-name vcard author\"><span class=\"fn\"><a href=\"https:\/\/orasul-timisoara.ro\/author\/timisoara\/\">redactia<\/a><\/span><\/div>\n<p><span class=\"td-page-meta\"><\/span><span class=\"td-page-meta\"><span class=\"td-page-meta\"><\/span><\/span><span class=\"td-page-meta\"><\/span><\/footer>\n<div class=\"td_block_wrap td_block_related_posts tdi_3 td_with_ajax_pagination td-pb-border-top td_block_template_8\" data-td-block-uid=\"tdi_3\">\n<h4 class=\"td-related-title td-block-title\"><a id=\"tdi_4\" class=\"td-related-left td-cur-simple-item\" data-td_filter_value data-td_block_id=\"tdi_3\" href=\"https:\/\/orasul-timisoara.ro\/local-39975\/\">ARTICOLE SIMILARE<\/a><a id=\"tdi_5\" class=\"td-related-right\" data-td_filter_value=\"td_related_more_from_author\" data-td_block_id=\"tdi_3\" href=\"https:\/\/orasul-timisoara.ro\/local-39975\/\">DE LA ACELA\u0218I AUTOR<\/a><\/h4>\n<div id=\"tdi_3\" class=\"td_block_inner\">\n<div class=\"td-related-row\">\n<div class=\"td-related-span4\">\n<div class=\"td_module_related_posts td-animation-stack td_mod_related_posts\">\n<div class=\"td-module-image\">\n<div class=\"td-module-thumb\"><a href=\"https:\/\/orasul-timisoara.ro\/local-39954\/\" rel=\"bookmark\" class=\"td-image-wrap \" title=\"Peste 300 de cer\u0219etori \u0219i oameni ai str\u0103zii, depista\u021bi \u00een Timi\u0219oara \u00een 2026\"><img loading=\"lazy\" decoding=\"async\" class=\"entry-thumb\" src=\"https:\/\/orasul-timisoara.ro\/wp-content\/uploads\/2026\/07\/cersetori-436x300.jpg\" alt title=\"Peste 300 de cer\u0219etori \u0219i oameni ai str\u0103zii, depista\u021bi \u00een Timi\u0219oara \u00een 2026\" width=\"218\" height=\"150\"><\/a><\/div>\n<\/div>\n<div class=\"item-details\">\n<h3 class=\"entry-title td-module-title\"><a href=\"https:\/\/orasul-timisoara.ro\/local-39954\/\" rel=\"bookmark\" title=\"Peste 300 de cer\u0219etori \u0219i oameni ai str\u0103zii, depista\u021bi \u00een Timi\u0219oara \u00een 2026\">Peste 300 de cer\u0219etori \u0219i oameni ai str\u0103zii, depista\u021bi \u00een Timi\u0219oara \u00een 2026<\/a><\/h3>\n<\/div>\n<\/div>\n<\/div>\n<div class=\"td-related-span4\">\n<div class=\"td_module_related_posts td-animation-stack td_mod_related_posts\">\n<div class=\"td-module-image\">\n<div class=\"td-module-thumb\"><a href=\"https:\/\/orasul-timisoara.ro\/local-39936\/\" rel=\"bookmark\" class=\"td-image-wrap \" title=\"Canicula revine \u00een for\u021b\u0103: temperaturi de p\u00e2n\u0103 la 40\u00b0C \u0219i nop\u021bi tropicale \u00een Rom\u00e2nia\"><img loading=\"lazy\" decoding=\"async\" class=\"entry-thumb\" src=\"https:\/\/orasul-timisoara.ro\/wp-content\/uploads\/2026\/07\/temperatura-canicula-termometru-01-436x300.jpg\" alt title=\"Canicula revine \u00een for\u021b\u0103: temperaturi de p\u00e2n\u0103 la 40\u00b0C \u0219i nop\u021bi tropicale \u00een Rom\u00e2nia\" width=\"218\" height=\"150\"><\/a><\/div>\n<\/div>\n<div class=\"item-details\">\n<h3 class=\"entry-title td-module-title\"><a href=\"https:\/\/orasul-timisoara.ro\/local-39936\/\" rel=\"bookmark\" title=\"Canicula revine \u00een for\u021b\u0103: temperaturi de p\u00e2n\u0103 la 40\u00b0C \u0219i nop\u021bi tropicale \u00een Rom\u00e2nia\">Canicula revine \u00een for\u021b\u0103: temperaturi de p\u00e2n\u0103 la 40\u00b0C \u0219i nop\u021bi tropicale \u00een Rom\u00e2nia<\/a><\/h3>\n<\/div>\n<\/div>\n<\/div>\n<div class=\"td-related-span4\">\n<div class=\"td_module_related_posts td-animation-stack td_mod_related_posts\">\n<div class=\"td-module-image\">\n<div class=\"td-module-thumb\"><a href=\"https:\/\/orasul-timisoara.ro\/local-39894\/\" rel=\"bookmark\" class=\"td-image-wrap \" title=\"Bega \u0219i sculpturile din Alpinet, redescoperite printr-un nou proiect cultural\"><img loading=\"lazy\" decoding=\"async\" class=\"entry-thumb\" src=\"https:\/\/orasul-timisoara.ro\/wp-content\/uploads\/2026\/07\/Ecluze5-436x300.jpg\" alt title=\"Bega \u0219i sculpturile din Alpinet, redescoperite printr-un nou proiect cultural\" width=\"218\" height=\"150\"><\/a><\/div>\n<\/div>\n<div class=\"item-details\">\n<h3 class=\"entry-title td-module-title\"><a href=\"https:\/\/orasul-timisoara.ro\/local-39894\/\" rel=\"bookmark\" title=\"Bega \u0219i sculpturile din Alpinet, redescoperite printr-un nou proiect cultural\">Bega \u0219i sculpturile din Alpinet, redescoperite printr-un nou proiect cultural<\/a><\/h3>\n<\/div>\n<\/div>\n<\/div>\n<\/div>\n<\/div>\n<\/div>\n<div class=\"comments\" id=\"comments\">\n<div id=\"respond\" class=\"comment-respond\">\n<h3 id=\"reply-title\" class=\"comment-reply-title\">L\u0102SA\u021aI UN MESAJ<\/h3>\n<div class=\"comment-form-input-wrap td-form-comment\">\n<div class=\"td-warning-comment\">V\u0103 rug\u0103m s\u0103 introduce\u021bi comentariul dvs.!<\/div>\n<\/div>\n<div class=\"comment-form-input-wrap td-form-author\">\n<div class=\"td-warning-author\">Introduce\u021bi aici numele dvs.<\/div>\n<\/div>\n<div class=\"comment-form-input-wrap td-form-email\">\n<div class=\"td-warning-email-error\">A\u021bi introdus o adres\u0103 de e-mail incorect\u0103!<\/div>\n<div class=\"td-warning-email\">V\u0103 rug\u0103m s\u0103 introduce\u021bi adresa dvs. de e-mail aici<\/div>\n<\/div>\n<\/div>\n<p class=\"akismet_comment_form_privacy_notice\">Acest site folose\u0219te Akismet pentru a reduce spamul. <a href=\"https:\/\/akismet.com\/privacy\/\" target=\"_blank\" rel=\"nofollow noopener\">Afl\u0103 cum sunt procesate datele comentariilor tale<\/a>.<\/p>\n<\/div>\n<\/div>\n<\/div>\n<div class=\"td-pb-span4 td-main-sidebar\" role=\"complementary\">\n<div class=\"td-ss-main-sidebar\">\n<aside id=\"block-4\" class=\"td_block_template_8 widget block-4 widget_block widget_media_image\">\n<figure class=\"wp-block-image size-full\"><img loading=\"lazy\" decoding=\"async\" width=\"336\" height=\"280\" src=\"https:\/\/orasul-timisoara.ro\/wp-content\/uploads\/2024\/11\/ReTIM-Abonamentul-Verde-Google-Ads-336x280px.gif\" alt class=\"wp-image-29257\"><\/figure>\n<\/aside>\n<div class=\"td_block_wrap td_block_social_counter td_block_widget tdi_6 td-social-style5 td-social-boxed td-pb-border-top td_block_template_8\">\n<div class=\"td-block-title-wrap\">\n<h4 class=\"td-block-title\"><span>Urm\u0103re\u0219te-ne pe Social Media<\/span><\/h4>\n<\/div>\n<div class=\"td-social-list\">\n<div class=\"td_social_type td-pb-margin-side td_social_facebook\">\n<div class=\"td-social-box\"><span class=\"td_social_info td_social_info_counter\">344,595<\/span><span class=\"td_social_info td_social_info_name\">Fani<\/span><span class=\"td_social_button\"><a href=\"https:\/\/www.facebook.com\/247timisoara\" target=\"_blank\" rel=\"nofollow\">\u00cemi place<\/a><\/span><\/div>\n<\/div>\n<div class=\"td_social_type td-pb-margin-side td_social_instagram\">\n<div class=\"td-social-box\"><span class=\"td_social_info td_social_info_counter\">4,416<\/span><span class=\"td_social_info td_social_info_name\">Cititori<\/span><span class=\"td_social_button\"><a href=\"https:\/\/instagram.com\/orasultimisoararo\/\" target=\"_blank\" rel=\"nofollow\">Conecta\u021bi-v\u0103<\/a><\/span><\/div>\n<\/div>\n<div class=\"td_social_type td-pb-margin-side td_social_rss\">\n<div class=\"td-social-box\"><span class=\"td_social_info td_social_info_counter\">12,506<\/span><span class=\"td_social_info td_social_info_name\">Cititori<\/span><span class=\"td_social_button\"><a href=\"https:\/\/orasul-timisoara.ro\/feed\/\" target=\"_blank\" rel=\"nofollow\">Conecta\u021bi-v\u0103<\/a><\/span><\/div>\n<\/div>\n<div class=\"td_social_type td-pb-margin-side td_social_tiktok\">\n<div class=\"td-social-box\"><span class=\"td_social_info td_social_info_counter\">1,500<\/span><span class=\"td_social_info td_social_info_name\">Cititori<\/span><span class=\"td_social_button\"><a href=\"https:\/\/www.tiktok.com\/@orasultimisoara\" target=\"_blank\" rel=\"nofollow\">Conecta\u021bi-v\u0103<\/a><\/span><\/div>\n<\/div>\n<div class=\"td_social_type td-pb-margin-side td_social_twitter\">\n<div class=\"td-social-box\"><span class=\"td_social_info td_social_info_counter\">1,595<\/span><span class=\"td_social_info td_social_info_name\">Cititori<\/span><span class=\"td_social_button\"><a href=\"https:\/\/twitter.com\/orasultm\" target=\"_blank\" rel=\"nofollow\">Conecta\u021bi-v\u0103<\/a><\/span><\/div>\n<\/div>\n<div class=\"td_social_type td-pb-margin-side td_social_youtube\">\n<div class=\"td-social-box\"><span class=\"td_social_info td_social_info_counter\">3,506<\/span><span class=\"td_social_info td_social_info_name\">Abona\u021bi<\/span><span class=\"td_social_button\"><a href=\"https:\/\/www.youtube.com\/channel\/UCQNsQvs2XCSIm1Z-AHRturw?sub_confirmation=1\" target=\"_blank\" rel=\"nofollow\">Abona\u021bi-v\u0103<\/a><\/span><\/div>\n<\/div>\n<\/div>\n<\/div>\n<aside id=\"text-7\" class=\"td_block_template_8 widget text-7 widget_text\">\n<h4 class=\"td-block-title\"><span>C\u0103ut\u0103ri populare pe OTM<\/span><\/h4>\n<div class=\"textwidget\"><a href=\"https:\/\/orasul-timisoara.ro\/?s=timisoara\"><span>Timisoara<\/span><\/a><a href=\"https:\/\/orasul-timisoara.ro\/?s=calin+dobra\"><span>Calin Dobra<\/span><\/a><a href=\"https:\/\/orasul-timisoara.ro\/?s=primaria+timisoara\"><span>Primaria Timisoara<\/span><\/a><a href=\"https:\/\/orasul-timisoara.ro\/?s=dominic+fritz\"><span>Dominic Fritz<\/span><\/a><a href=\"https:\/\/orasul-timisoara.ro\/?s=nicolae+robu\"><span>Nicolae Robu<\/span><\/a><a href=\"https:\/\/orasul-timisoara.ro\/?s=consiliul+local+timisoara\">Consiliul Local Timisoara<\/a><a href=\"https:\/\/orasul-timisoara.ro\/?s=consiliul+judetean+timis\"><span>Consiliul Judetean Timis<\/span><\/a><a href=\"https:\/\/orasul-timisoara.ro\/?s=cjt\"><span>CJT<\/span><\/a><a href=\"https:\/\/orasul-timisoara.ro\/?s=Alfred+Simonis\"><span>Alfred Simonis<\/span><\/a><a href=\"https:\/\/orasul-timisoara.ro\/?s=PNL\"><span>PNL<\/span><\/a><a href=\"https:\/\/orasul-timisoara.ro\/?s=coronavirus\"><span>coronavirus<\/span><\/a><a href=\"https:\/\/orasul-timisoara.ro\/?s=teatru+timisoara\">teatru Timisoara<\/a><a href=\"https:\/\/orasul-timisoara.ro\/?s=restaurante\"><span>restaurante Timisoara<\/span><\/a><a href=\"https:\/\/orasul-timisoara.ro\/?s=diskoteka\"><span>Diskoteka<\/span><\/a><a href=\"https:\/\/orasul-timisoara.ro\/?s=iulius+town\"><span>Iulius Town<\/span><\/a><a href=\"https:\/\/orasul-timisoara.ro\/?s=iulius+mall\"><span>Iulius Mall<\/span><\/a><a href=\"https:\/\/orasul-timisoara.ro\/?s=stpt\"><span>STPT<\/span><\/a><a href=\"https:\/\/orasul-timisoara.ro\/?s=alin+nica\"><span>Alin Nica<\/span><\/a><a href=\"https:\/\/orasul-timisoara.ro\/?s=psd\"><span>PSD<\/span><\/a><a href=\"https:\/\/orasul-timisoara.ro\/?s=aeroport\"><span>Aeroportul International Timisoara<\/span><\/a><a href=\"https:\/\/orasul-timisoara.ro\/?s=babes\"><span>Spitalul Victor Babes Timisoara<\/span><\/a><a href=\"https:\/\/orasul-timisoara.ro\/?s=poli\"><span>Poli Timi\u0219oara<\/span><\/a><a href=\"https:\/\/orasul-timisoara.ro\/?s=carantina\"><span>carantina<\/span><\/a><a href=\"https:\/\/orasul-timisoara.ro\/?s=aquatim\"><span>Aquatim<\/span><\/a><a href=\"https:\/\/orasul-timisoara.ro\/local-category\/stiri-timisoara\/\"><span>Stiri Timisoara<\/span><\/a><a href=\"https:\/\/orasul-timisoara.ro\/local-category\/investitii-in-timisoara\/\"><span>Investi\u021bii in Timi\u0219oara<\/span><\/a><a href=\"https:\/\/orasul-timisoara.ro\/local-9463\/\"><span>shaorma<\/span><\/a><a href=\"https:\/\/orasul-timisoara.ro\/?s=trafic\"><span>trafic rutier<\/span><\/a><a href=\"https:\/\/orasul-timisoara.ro\/?s=politia\"><span>politia locala timisoara<\/span><\/a><a href=\"https:\/\/orasul-timisoara.ro\/?s=roxana\"><span>Roxana Iliescu<\/span><\/a><a href=\"https:\/\/orasul-timisoara.ro\/?s=colterm\"><span>Colterm<\/span><\/a><a href=\"https:\/\/orasul-timisoara.ro\/?s=latcau\"><span>Ruben La\u021bc\u0103u<\/span><\/a><a href=\"https:\/\/orasul-timisoara.ro\/?s=timis\"><span>\u0218tiri din Timi\u0219<\/span><\/a><a href=\"https:\/\/orasul-timisoara.ro\/?s=spital\"><span>Spitale din Timi\u0219oara<\/span><\/a><a href=\"https:\/\/orasul-timisoara.ro\/?s=tabara\"><span>Cosmin Tab\u0103r\u0103<\/span><\/a><\/div>\n<\/aside>\n<aside id=\"rss-2\" class=\"td_block_template_8 widget rss-2 widget_rss\">\n<h4 class=\"td-block-title\"><span><a class=\"rsswidget rss-widget-feed\" href=\"https:\/\/fashionfridays.ro\/feed\"><img decoding=\"async\" class=\"rss-widget-icon\" width=\"14\" height=\"14\" src=\"https:\/\/orasul-timisoara.ro\/wp-includes\/images\/rss.png\" alt=\"RSS\" loading=\"lazy\"><\/a><a class=\"rsswidget rss-widget-title\" href=\"https:\/\/fashionfridays.ro\/\">Fashion Fridays<\/a><\/span><\/h4>\n<ul>\n<li><a class=\"rsswidget\" href=\"https:\/\/fashionfridays.ro\/romania-devine-a-29-a-piata-vogue-o-noua-era-pentru-industria-locala-de-moda\/\">Rom\u00e2nia devine a 29-a pia\u021b\u0103 Vogue: o nou\u0103 er\u0103 pentru industria local\u0103 de mod\u0103<\/a>\n<div class=\"rssSummary\">Revista Vogue \u00ee\u0219i extinde prezen\u021ba global\u0103 \u0219i va fi lansat\u0103 oficial \u00een Rom\u00e2nia \u00een prim\u0103vara anului 2027, marc\u00e2nd intrarea pe cea de-a 29-a pia\u021b\u0103 interna\u021bional\u0103. Proiectul este realizat \u00een parteneriat cu AEMME Publishing, o companie media recent \u00eenfiin\u021bat\u0103, care va publica edi\u021bia local\u0103 sub licen\u021b\u0103. Noua edi\u021bie, Vogue Rom\u00e2nia, \u00ee\u0219i propune s\u0103 combine autoritatea global\u0103 [\u2026]<\/div>\n<\/li>\n<\/ul>\n<\/aside>\n<aside id=\"rss-4\" class=\"td_block_template_8 widget rss-4 widget_rss\">\n<h4 class=\"td-block-title\"><span><a class=\"rsswidget rss-widget-feed\" href=\"https:\/\/emasini.ro\/feed\"><img decoding=\"async\" class=\"rss-widget-icon\" width=\"14\" height=\"14\" src=\"https:\/\/orasul-timisoara.ro\/wp-includes\/images\/rss.png\" alt=\"RSS\" loading=\"lazy\"><\/a><a class=\"rsswidget rss-widget-title\" href=\"https:\/\/emasini.ro\/\">eMasini<\/a><\/span><\/h4>\n<ul>\n<li><a class=\"rsswidget\" href=\"https:\/\/emasini.ro\/bmw-testeaza-noul-i4-convertible-primul-cabrio-electric-accesibil-al-marcii\/\">BMW testeaz\u0103 noul i4 Convertible, primul cabrio electric accesibil al m\u0103rcii<\/a>\n<div class=\"rssSummary\">BMW accelereaz\u0103 dezvoltarea noii genera\u021bii de modele electrice bazate pe platforma Neue Klasse, iar unul dintre cele mai interesante proiecte aflate \u00een teste este viitorul BMW i4 Convertible. Prototipul camuflat a fost surprins pe \u0219osele, confirm\u00e2nd c\u0103 produc\u0103torul german preg\u0103te\u0219te o decapotabil\u0103 electric\u0103 destinat\u0103 unui segment \u00een care oferta este, \u00een prezent, extrem de limitat\u0103. [\u2026]<\/div>\n<\/li>\n<\/ul>\n<\/aside>\n<\/div>\n<\/div>\n<\/div>\n<\/div>\n<\/article>\n<div class=\"td-post-content tagdiv-type\">\n<p class=\"wp-block-paragraph\">Primarul Timi\u0219oarei, Dominic Fritz, a transmis un mesaj de mul\u021bumire \u0219i recuno\u0219tin\u021b\u0103 cu ocazia Zilei Timi\u0219oarei, la finalul edi\u021biei din acest an a evenimentului dedicat ora\u0219ului. Edilul a eviden\u021biat atmosfera creat\u0103 pe parcursul manifest\u0103rilor \u0219i implicarea celor care au contribuit la organizarea acestora, subliniind c\u0103 s\u0103rb\u0103toarea s-a desf\u0103\u0219urat f\u0103r\u0103 incidente \u0219i cu o participare numeroas\u0103.<\/p>\n<p class=\"wp-block-paragraph\">Mesajul a fost publicat pe pagina sa de Facebook \u00een 3 august, dup\u0103 \u00eencheierea ultimului spectacol din cadrul Zilelor Timi\u0219oarei. Dominic Fritz a povestit c\u0103, \u00een ultimele momente ale evenimentului, o scurt\u0103 ploaie de var\u0103 i-a accentuat sentimentul de recuno\u0219tin\u021b\u0103 pentru modul \u00een care s-au desf\u0103\u0219urat zilele dedicate ora\u0219ului.<\/p>\n<h2 class=\"wp-block-heading\">Peste 100.000 de participan\u021bi la Zilele Timi\u0219oarei<\/h2>\n<p class=\"wp-block-paragraph\">Potrivit primarului, peste 100.000 de timi\u0219oreni \u0219i vizitatori din \u00eentreaga \u021bar\u0103 au participat la evenimentele organizate cu prilejul Zilelor Timi\u0219oarei. Acesta a remarcat faptul c\u0103 manifest\u0103rile s-au desf\u0103\u0219urat f\u0103r\u0103 incidente sau scandaluri, \u00eentr-o atmosfer\u0103 caracterizat\u0103 de bucurie, respect \u0219i spirit de comunitate.<\/p>\n<p class=\"wp-block-paragraph\">\u201ePeste o sut\u0103 de mii de timi\u0219oreni \u0219i vizitatori din toat\u0103 \u021bara, celebr\u00e2nd spiritul Timi\u0219oarei. F\u0103r\u0103 incidente sau scandaluri. Doar bucurie, comunitate, respect\u201d, a transmis Dominic Fritz.<\/p>\n<h2 class=\"wp-block-heading\">Mul\u021bumiri pentru cei care au f\u0103cut posibil evenimentul<\/h2>\n<p class=\"wp-block-paragraph\">\u00cen mesajul s\u0103u, edilul a adresat mul\u021bumiri tuturor celor implica\u021bi \u00een organizarea \u0219i desf\u0103\u0219urarea evenimentelor dedicate Zilei Timi\u0219oarei. Printre cei men\u021biona\u021bi se num\u0103r\u0103 echipele Centrului de Proiecte Timi\u0219oara \u0219i ale Casei de Cultur\u0103 a Municipiului Timi\u0219oara, angaja\u021bii care au asigurat cur\u0103\u021benia \u0219i \u00eentre\u021binerea spa\u021biilor verzi, arti\u0219tii, operatorii culturali \u0219i sportivi, reprezentan\u021bii industriei locale de ospitalitate, voluntarii \u0219i personalul din structurile de ordine \u0219i siguran\u021b\u0103 public\u0103.<\/p>\n<p class=\"wp-block-paragraph\">Primarul a subliniat c\u0103 munca acestor oameni contribuie decisiv la succesul unor astfel de evenimente, chiar dac\u0103, de multe ori, activitatea lor r\u0103m\u00e2ne mai pu\u021bin vizibil\u0103 pentru public.<\/p>\n<h2 class=\"wp-block-heading\">Un mesaj \u0219i pentru timi\u0219oreni \u0219i vizitatori<\/h2>\n<p class=\"wp-block-paragraph\">Dominic Fritz le-a mul\u021bumit \u0219i tuturor celor care au participat la evenimente, apreciind c\u0103 atmosfera unui ora\u0219 este construit\u0103 prin gesturile \u0219i comportamentul fiec\u0103rei persoane.<\/p>\n<p class=\"wp-block-paragraph\">Edilul a eviden\u021biat importan\u021ba lucrurilor simple, precum un z\u00e2mbet oferit unui necunoscut, aplauzele adresate arti\u0219tilor sau entuziasmul participan\u021bilor, consider\u00e2nd c\u0103 acestea definesc spiritul comunit\u0103\u021bii \u0219i contribuie la imaginea Timi\u0219oarei.<\/p>\n<h2 class=\"wp-block-heading\">\u201eNu a\u0219 vrea s\u0103 locuiesc niciunde altundeva \u00een lume\u201d<\/h2>\n<p class=\"wp-block-paragraph\">\u00cen mesajul s\u0103u, primarul a vorbit \u0219i despre sentimentul de apartenen\u021b\u0103 pe care \u00eel are fa\u021b\u0103 de ora\u0219, afirm\u00e2nd c\u0103 apreciaz\u0103 atmosfera creat\u0103 \u00een aceste zile \u0219i consider\u0103 c\u0103 astfel de momente sunt cu at\u00e2t mai valoroase \u00een contextul actual.<\/p>\n<p class=\"wp-block-paragraph\">\u201ePoate toate aceste lucruri ar trebui s\u0103 fie normale. Totu\u0219i le consider un dar \u00een vremurile astea nebune. Nu a\u0219 vrea s\u0103 locuiesc niciunde altundeva \u00een lume\u201d, a scris Dominic Fritz.<\/p>\n<h2 class=\"wp-block-heading\">La mul\u021bi ani, Timi\u0219oara!<\/h2>\n<p class=\"wp-block-paragraph\">La finalul mesajului, primarul \u0219i-a \u00eencheiat g\u00e2ndurile cu o declara\u021bie adresat\u0103 ora\u0219ului pe care \u00eel conduce: \u201eLa mul\u021bi ani, Timi\u0219oara, iubirea mea!\u201d.<\/p>\n<p class=\"wp-block-paragraph\">Mesajul a fost publicat \u00een ziua de 3 august, dat\u0103 la care este s\u0103rb\u0103torit\u0103 Ziua Timi\u0219oarei, marc\u00e2nd \u00eencheierea edi\u021biei din acest an a Zilelor Timi\u0219oarei \u0219i mul\u021bumind tuturor celor care au contribuit la atmosfera de s\u0103rb\u0103toare din ora\u0219.<\/p>\n<\/div>\n<p>[analyse_source url=&#8221;https:\/\/orasul-timisoara.ro\/local-39975\/&#8221;]<\/p>\n","protected":false},"excerpt":{"rendered":"<p>[analyse_image type=&#8221;featured&#8221; src=&#8221;https:\/\/orasul-timisoara.ro\/wp-content\/uploads\/2026\/08\/dominic-fritz-piata-victoriei.jpg&#8221;] \u0218tiri LocaleDominic Fritz, de Ziua Timi\u0219oarei: \u201eNu a\u0219 vrea s\u0103 locuiesc niciunde altundeva&#8230; \u0218tiri Locale \u0218tiri na\u021bionale \u0219i interna\u021bionale Dominic Fritz, de Ziua Timi\u0219oarei: \u201eNu a\u0219 vrea s\u0103 locuiesc niciunde altundeva \u00een lume\u201d De c\u0103tre redactia &#8211; 03\/08\/2026 Facebook Twitter WhatsApp Linkedin ReddIt Email Imprimare Primarul Timi\u0219oarei, Dominic Fritz, a transmis un [&hellip;]<\/p>\n","protected":false},"author":1,"featured_media":0,"comment_status":"open","ping_status":"","sticky":false,"template":"","format":"standard","meta":{"footnotes":""},"categories":[89],"tags":[226,189],"class_list":["post-2075087","post","type-post","status-publish","format-standard","hentry","category-romania","tag-crawlmanager","tag-orasul-timisoara-ro"],"_links":{"self":[{"href":"https:\/\/analyse.optim.biz\/index.php?rest_route=\/wp\/v2\/posts\/2075087","targetHints":{"allow":["GET"]}}],"collection":[{"href":"https:\/\/analyse.optim.biz\/index.php?rest_route=\/wp\/v2\/posts"}],"about":[{"href":"https:\/\/analyse.optim.biz\/index.php?rest_route=\/wp\/v2\/types\/post"}],"author":[{"embeddable":true,"href":"https:\/\/analyse.optim.biz\/index.php?rest_route=\/wp\/v2\/users\/1"}],"replies":[{"embeddable":true,"href":"https:\/\/analyse.optim.biz\/index.php?rest_route=%2Fwp%2Fv2%2Fcomments&post=2075087"}],"version-history":[{"count":0,"href":"https:\/\/analyse.optim.biz\/index.php?rest_route=\/wp\/v2\/posts\/2075087\/revisions"}],"wp:attachment":[{"href":"https:\/\/analyse.optim.biz\/index.php?rest_route=%2Fwp%2Fv2%2Fmedia&parent=2075087"}],"wp:term":[{"taxonomy":"category","embeddable":true,"href":"https:\/\/analyse.optim.biz\/index.php?rest_route=%2Fwp%2Fv2%2Fcategories&post=2075087"},{"taxonomy":"post_tag","embeddable":true,"href":"https:\/\/analyse.optim.biz\/index.php?rest_route=%2Fwp%2Fv2%2Ftags&post=2075087"}],"curies":[{"name":"wp","href":"https:\/\/api.w.org\/{rel}","templated":true}]}}