{"id":2075085,"date":"2026-08-03T13:08:13","date_gmt":"2026-08-03T10:08:13","guid":{"rendered":"https:\/\/analyse.optim.biz\/?p=2075085"},"modified":"2026-08-03T13:08:13","modified_gmt":"2026-08-03T10:08:13","slug":"ilie-bolojan-anunta-masuri-pentru-reducerea-consumului-de-energie-si-pregateste-un-mecanism-de-limitare","status":"publish","type":"post","link":"https:\/\/analyse.optim.biz\/?p=2075085","title":{"rendered":"Ilie Bolojan anun\u021b\u0103 m\u0103suri pentru reducerea consumului de energie \u0219i preg\u0103te\u0219te un mecanism de limitare"},"content":{"rendered":"<p>[analyse_image type=&#8221;featured&#8221; src=&#8221;https:\/\/orasul-timisoara.ro\/wp-content\/uploads\/2025\/07\/ilie-bolojan-iulie-2025.jpg&#8221;]<\/p>\n<article id=\"post-39965\" class=\"td-post-template-7 post-39965 post type-post status-publish format-standard has-post-thumbnail category-featured category-stiri-nationale-si-internationale tag-cernavoda tag-consum-energie tag-criza-energetica-2 tag-dacia tag-dunarea tag-energie-electrica-2 tag-ford tag-guvernul-romaniei-2 tag-ilie-bolojan tag-import-energie tag-palatul-victoria tag-portile-de-fier tag-seceta-2 td-container-wrap\">\n<div class=\"td-full-screen-header-image-wrap\">\n<div class=\"td-container td-post-header\">\n<div class=\"td-crumb-container\">\n<div class=\"entry-crumbs\"><span><a title=\"Vede\u021bi toate articolele \u00een \u0218tiri na\u021bionale \u0219i interna\u021bionale\" class=\"entry-crumb\" href=\"https:\/\/orasul-timisoara.ro\/local-category\/stiri-nationale-si-internationale\/\">\u0218tiri na\u021bionale \u0219i interna\u021bionale<\/a><\/span><span class=\"td-bred-no-url-last\">Ilie Bolojan anun\u021b\u0103 m\u0103suri pentru reducerea consumului de energie \u0219i preg\u0103te\u0219te un&#8230;<\/span><\/div>\n<\/div>\n<div class=\"td-post-header-holder\">\n<div class=\"td-parallax-header\">\n<header class=\"td-post-title\">\n<ul class=\"td-category\">\n<li class=\"entry-category\"><a href=\"https:\/\/orasul-timisoara.ro\/local-category\/stiri-nationale-si-internationale\/\">\u0218tiri na\u021bionale \u0219i interna\u021bionale<\/a><\/li>\n<\/ul>\n<h1 class=\"entry-title\">Ilie Bolojan anun\u021b\u0103 m\u0103suri pentru reducerea consumului de energie \u0219i preg\u0103te\u0219te un mecanism de limitare pentru marii consumatori<\/h1>\n<div class=\"td-module-meta-info\">\n<div class=\"td-post-author-name\">\n<div class=\"td-author-by\">De c\u0103tre<\/div>\n<p><a href=\"https:\/\/orasul-timisoara.ro\/author\/timisoara\/\">redactia<\/a><\/p>\n<div class=\"td-author-line\"> &#8211; <\/div>\n<\/div>\n<p><span class=\"td-post-date\"><time class=\"entry-date updated td-module-date\" datetime=\"2026-08-03T16:08:13+03:00\">03\/08\/2026<\/time><\/span><\/div>\n<\/header>\n<\/div>\n<\/div>\n<\/div>\n<div id=\"td-full-screen-header-image\" class=\"td-image-gradient-style7\"><img decoding=\"async\" class=\"td-backstretch\" src=\"https:\/\/orasul-timisoara.ro\/wp-content\/uploads\/2025\/07\/ilie-bolojan-iulie-2025.jpg\"><\/div>\n<\/div>\n<div class=\"td-container\">\n<div class=\"td-pb-row\">\n<div class=\"td-pb-span8 td-main-content\" role=\"main\">\n<div class=\"td-ss-main-content\">\n<div class=\"td-post-sharing-top\">\n<div class=\"td-post-sharing-classic\"><iframe title=\"topFacebookLike\" frameborder src=\"https:\/\/www.facebook.com\/plugins\/like.php?href=https:\/\/orasul-timisoara.ro\/local-39965\/&amp;layout=button_count&amp;show_faces=false&amp;width=105&amp;action=like&amp;colorscheme=light&amp;height=21\"><\/iframe><\/div>\n<div id=\"td_social_sharing_article_top\" class=\"td-post-sharing td-ps-bg td-ps-notext td-post-sharing-style1 \">\n<div class=\"td-post-sharing-visible\"><a class=\"td-social-sharing-button td-social-sharing-button-js td-social-network td-social-facebook\" href=\"https:\/\/www.facebook.com\/sharer.php?u=https%3A%2F%2Forasul-timisoara.ro%2Flocal-39965%2F\" title=\"Facebook\"><\/p>\n<div class=\"td-social-but-text\">Facebook<\/div>\n<p><\/a><a class=\"td-social-sharing-button td-social-sharing-button-js td-social-network td-social-twitter\" href=\"https:\/\/twitter.com\/intent\/tweet?text=Ilie+Bolojan+anun%C8%9B%C4%83+m%C4%83suri+pentru+reducerea+consumului+de+energie+%C8%99i+preg%C4%83te%C8%99te+un+mecanism+de+limitare+pentru+marii+consumatori&amp;url=https%3A%2F%2Forasul-timisoara.ro%2Flocal-39965%2F&amp;via=orasultm\" title=\"Twitter\"><\/p>\n<div class=\"td-social-but-text\">Twitter<\/div>\n<p><\/a><a class=\"td-social-sharing-button td-social-sharing-button-js td-social-network td-social-whatsapp\" href=\"https:\/\/api.whatsapp.com\/send?text=Ilie+Bolojan+anun%C8%9B%C4%83+m%C4%83suri+pentru+reducerea+consumului+de+energie+%C8%99i+preg%C4%83te%C8%99te+un+mecanism+de+limitare+pentru+marii+consumatori%20%0A%0A%20https:\/\/orasul-timisoara.ro\/local-39965\/\" title=\"WhatsApp\"><\/p>\n<div class=\"td-social-but-text\">WhatsApp<\/div>\n<p><\/a><a class=\"td-social-sharing-button td-social-sharing-button-js td-social-network td-social-linkedin\" href=\"https:\/\/www.linkedin.com\/shareArticle?mini=true&amp;url=https:\/\/orasul-timisoara.ro\/local-39965\/&amp;title=Ilie+Bolojan+anun%C8%9B%C4%83+m%C4%83suri+pentru+reducerea+consumului+de+energie+%C8%99i+preg%C4%83te%C8%99te+un+mecanism+de+limitare+pentru+marii+consumatori\" title=\"Linkedin\"><\/p>\n<div class=\"td-social-but-text\">Linkedin<\/div>\n<p><\/a><a class=\"td-social-sharing-button td-social-sharing-button-js td-social-network td-social-reddit\" href=\"https:\/\/reddit.com\/submit?url=https:\/\/orasul-timisoara.ro\/local-39965\/&amp;title=Ilie+Bolojan+anun%C8%9B%C4%83+m%C4%83suri+pentru+reducerea+consumului+de+energie+%C8%99i+preg%C4%83te%C8%99te+un+mecanism+de+limitare+pentru+marii+consumatori\" title=\"ReddIt\"><\/p>\n<div class=\"td-social-but-text\">ReddIt<\/div>\n<p><\/a><a class=\"td-social-sharing-button td-social-sharing-button-js td-social-network td-social-mail\" href=\"mailto:?subject=Ilie%20Bolojan%20anun%C8%9B%C4%83%20m%C4%83suri%20pentru%20reducerea%20consumului%20de%20energie%20%C8%99i%20preg%C4%83te%C8%99te%20un%20mecanism%20de%20limitare%20pentru%20marii%20consumatori&amp;body=https:\/\/orasul-timisoara.ro\/local-39965\/\" title=\"Email\"><\/p>\n<div class=\"td-social-but-text\">Email<\/div>\n<p><\/a><a class=\"td-social-sharing-button td-social-sharing-button-js td-social-network td-social-print\" href=\"https:\/\/orasul-timisoara.ro\/local-39965\/\" title=\"Imprimare\"><\/p>\n<div class=\"td-social-but-text\">Imprimare<\/div>\n<p><\/a><\/div>\n<\/div>\n<\/div>\n<div class=\"td-post-content tagdiv-type\">\n<p class=\"wp-block-paragraph\">Premierul Ilie Bolojan a anun\u021bat un set de m\u0103suri pentru gestionarea crizei energetice regionale, dup\u0103 o \u00eent\u00e2lnire desf\u0103\u0219urat\u0103 la Palatul Victoria cu reprezentan\u021bii marilor consumatori industriali \u0219i ai patronatelor din domeniul energiei. Guvernul preg\u0103te\u0219te o hot\u0103r\u00e2re care va permite limitarea temporar\u0103 a consumului de energie al marilor companii, \u00een situa\u021bia \u00een care produc\u021bia \u0219i importurile nu vor putea acoperi necesarul de consum.<\/p>\n<p class=\"wp-block-paragraph\">\u0218eful Executivului a precizat c\u0103 m\u0103sura este una de rezerv\u0103 \u0219i va fi aplicat\u0103 doar dac\u0103 situa\u021bia energetic\u0103 o va impune. \u00cen paralel, autorit\u0103\u021bile mizeaz\u0103 pe reducerea voluntar\u0103 a consumului \u00een intervalul de v\u00e2rf din fiecare sear\u0103, at\u00e2t din partea companiilor, c\u00e2t \u0219i a institu\u021biilor publice \u0219i a popula\u021biei.<\/p>\n<h2 class=\"wp-block-heading\">Criza energetic\u0103 este amplificat\u0103 de seceta sever\u0103 din regiune<\/h2>\n<p class=\"wp-block-paragraph\">Potrivit premierului, Rom\u00e2nia \u0219i statele din regiune se confrunt\u0103 cu o situa\u021bie excep\u021bional\u0103, determinat\u0103 \u00een principal de nivelul extrem de sc\u0103zut al Dun\u0103rii. Debitele fluviului au ajuns la aproximativ 1.450 de metri cubi pe secund\u0103, cu tendin\u021b\u0103 de sc\u0103dere, cele mai mici valori din ultimele patru decenii.<\/p>\n<p class=\"wp-block-paragraph\">Reducerea debitului afecteaz\u0103 direct produc\u021bia de energie hidro, iar impactul este semnificativ. La hidrocentrala Por\u021bile de Fier, capacitatea de produc\u021bie s-a diminuat cu aproximativ 2.000 MW, ceea ce pune o presiune suplimentar\u0103 asupra sistemului energetic na\u021bional \u0219i regional.<\/p>\n<h2 class=\"wp-block-heading\">Produc\u021bia redus\u0103 din centralele nucleare \u0219i hidro creeaz\u0103 un deficit regional<\/h2>\n<p class=\"wp-block-paragraph\">Pe l\u00e2ng\u0103 problemele generate de secet\u0103, sistemul energetic este influen\u021bat \u0219i de disponibilitatea redus\u0103 a unor capacit\u0103\u021bi nucleare. Ilie Bolojan a ar\u0103tat c\u0103 Ungaria func\u021bioneaz\u0103 \u00een prezent doar cu un grup nuclear par\u021bial din cele patru existente, \u00een timp ce Rom\u00e2nia a fost nevoit\u0103 s\u0103 opreasc\u0103 unul dintre reactoarele de la Centrala Nuclear\u0103 Cernavod\u0103.<\/p>\n<p class=\"wp-block-paragraph\">\u00cen aceste condi\u021bii, deficitul de produc\u021bie din regiune dep\u0103\u0219e\u0219te 4.000 MW. \u00cen intervalul orar 19:00\u201323:00, c\u00e2nd consumul este cel mai ridicat, Rom\u00e2nia \u00eenregistreaz\u0103 un deficit important, acoperit prin importuri de energie electric\u0103.<\/p>\n<p class=\"wp-block-paragraph\">Consumul na\u021bional dep\u0103\u0219e\u0219te \u00een aceast\u0103 perioad\u0103 7.000 MW, iar importurile ajung zilnic \u00eentre 2.000 \u0219i 2.500 MW. Situa\u021bia este similar\u0103 \u0219i \u00een alte state din regiune, Ungaria import\u00e2nd aproximativ 4.000 MW \u00een orele de sear\u0103.<\/p>\n<h2 class=\"wp-block-heading\">Guvernul pune \u00een func\u021biune toate resursele disponibile<\/h2>\n<p class=\"wp-block-paragraph\">Pentru reducerea presiunii asupra sistemului energetic, Executivul a decis utilizarea tuturor capacit\u0103\u021bilor disponibile de produc\u021bie. Centralele pe gaz func\u021bioneaz\u0103 la capacitate maxim\u0103, iar produc\u021bia din parcurile fotovoltaice este exploatat\u0103 la maximum \u00een timpul zilei.<\/p>\n<p class=\"wp-block-paragraph\">\u00cen paralel, autorit\u0103\u021bile au accelerat procesul de autorizare a proiectelor de stocare a energiei. Potrivit premierului, \u00een ultimele 20 de zile au fost autorizate instala\u021bii de stocare cu o capacitate de peste 400 MW, m\u0103sur\u0103 care ar urma s\u0103 contribuie la echilibrarea sistemului \u00een perioadele de consum ridicat.<\/p>\n<h2 class=\"wp-block-heading\">M\u0103suri pentru men\u021binerea \u00een func\u021biune a reactorului 2 de la Cernavod\u0103<\/h2>\n<p class=\"wp-block-paragraph\">Guvernul urm\u0103re\u0219te \u0219i men\u021binerea \u00een exploatare a Unit\u0103\u021bii 2 de la Centrala Nuclear\u0103 Cernavod\u0103. Func\u021bionarea acesteia depinde \u00eens\u0103 de posibilitatea pompelor de r\u0103cire de a prelua suficient\u0103 ap\u0103 din Dun\u0103re.<\/p>\n<p class=\"wp-block-paragraph\">\u00cen acest context, autorit\u0103\u021bile au intervenit pentru eliminarea unui obstacol natural din albia fluviului, care \u00eempiedica direc\u021bionarea unui volum suficient de ap\u0103 c\u0103tre bra\u021bul Dun\u0103rea Veche. Totodat\u0103, \u00een cursul acestei s\u0103pt\u0103m\u00e2ni urmeaz\u0103 s\u0103 fie scufundate mai multe barje pentru dirijarea debitului \u00een zona necesar\u0103 r\u0103cirii instala\u021biilor.<\/p>\n<p class=\"wp-block-paragraph\">Premierul a declarat c\u0103 exist\u0103 posibilitatea ca reactorul s\u0103 poat\u0103 continua s\u0103 func\u021bioneze \u0219i \u00een urm\u0103toarele zile, \u00een func\u021bie de evolu\u021bia nivelului apei.<\/p>\n<h2 class=\"wp-block-heading\">Reducerea voluntar\u0103 a consumului, prima m\u0103sur\u0103 agreat\u0103 cu marile companii<\/h2>\n<p class=\"wp-block-paragraph\">\u00cen urma discu\u021biilor cu reprezentan\u021bii industriei, Guvernul \u0219i marii consumatori au convenit asupra unui plan de reducere voluntar\u0103 a consumului de energie \u00een intervalele cu cea mai mare presiune asupra re\u021belei.<\/p>\n<p class=\"wp-block-paragraph\">Fiecare companie va adapta m\u0103surile \u00een func\u021bie de specificul activit\u0103\u021bii \u0219i al proceselor tehnologice. Unele firme au decis deja s\u0103 programeze lucr\u0103ri de mentenan\u021b\u0103 \u00een aceast\u0103 perioad\u0103 pentru a reduce consumul de energie.<\/p>\n<p class=\"wp-block-paragraph\">Premierul a dat ca exemplu produc\u0103torii auto Dacia \u0219i Ford, care au \u00eentrerupt temporar activitatea de produc\u021bie p\u00e2n\u0103 \u00een data de 19 august, m\u0103sur\u0103 ce contribuie la o economie estimat\u0103 la aproximativ 200 MW.<\/p>\n<h2 class=\"wp-block-heading\">Apel c\u0103tre popula\u021bie \u0219i institu\u021biile publice pentru economisirea energiei<\/h2>\n<p class=\"wp-block-paragraph\">Ilie Bolojan a adresat un apel c\u0103tre cet\u0103\u021beni, autorit\u0103\u021bile locale \u0219i institu\u021biile publice s\u0103 contribuie voluntar la reducerea consumului \u00een orele de sear\u0103.<\/p>\n<p class=\"wp-block-paragraph\">Printre recomand\u0103rile formulate se num\u0103r\u0103 diminuarea iluminatului arhitectural \u0219i limitarea activit\u0103\u021bilor care presupun un consum ridicat de energie \u00een cl\u0103dirile publice \u00een intervalul de v\u00e2rf.<\/p>\n<p class=\"wp-block-paragraph\">Premierul a precizat c\u0103 primele efecte ale apelurilor lansate \u00een ultimele zile au \u00eenceput deja s\u0103 fie vizibile, consumul \u00eenregistrat \u00een cursul dimine\u021bii fiind cu aproximativ 200 MW mai redus comparativ cu alte zile.<\/p>\n<p class=\"wp-block-paragraph\">Acesta a subliniat c\u0103 economiile realizate individual de fiecare companie, institu\u021bie sau gospod\u0103rie pot avea un impact semnificativ atunci c\u00e2nd sunt cumulate la nivel na\u021bional.<\/p>\n<h2 class=\"wp-block-heading\">Guvernul preg\u0103te\u0219te un mecanism de limitare temporar\u0103 a consumului<\/h2>\n<p class=\"wp-block-paragraph\">Pe l\u00e2ng\u0103 m\u0103surile voluntare, Executivul preg\u0103te\u0219te adoptarea unei hot\u0103r\u00e2ri de Guvern care va permite limitarea controlat\u0103 a consumului pentru marii consumatori industriali, dac\u0103 situa\u021bia energetic\u0103 se va deteriora.<\/p>\n<p class=\"wp-block-paragraph\">Conform explica\u021biilor oferite de premier, companiile vizate vor primi o notificare cu 24 de ore \u00eenainte de aplicarea m\u0103surii. Nivelul consumului permis va fi stabilit \u00een func\u021bie de tehnologia utilizat\u0103 \u0219i de caracteristicile fiec\u0103rei activit\u0103\u021bi industriale.<\/p>\n<p class=\"wp-block-paragraph\">Ilie Bolojan a insistat c\u0103 aceast\u0103 solu\u021bie reprezint\u0103 exclusiv un mecanism de rezerv\u0103, destinat gestion\u0103rii coordonate a unei eventuale situa\u021bii \u00een care produc\u021bia intern\u0103 \u0219i importurile nu vor mai putea acoperi integral necesarul de energie electric\u0103.<\/p>\n<h2 class=\"wp-block-heading\">Presiunea asupra sistemului energetic r\u0103m\u00e2ne ridicat\u0103<\/h2>\n<p class=\"wp-block-paragraph\">Autorit\u0103\u021bile apreciaz\u0103 c\u0103 urm\u0103toarele zile vor fi decisive pentru evolu\u021bia sistemului energetic, \u00een condi\u021biile \u00een care seceta continu\u0103 s\u0103 afecteze produc\u021bia hidro, iar capacit\u0103\u021bile disponibile \u00een \u00eentreaga regiune sunt limitate.<\/p>\n<p class=\"wp-block-paragraph\">Guvernul mizeaz\u0103, \u00een aceast\u0103 etap\u0103, pe combinarea m\u0103surilor tehnice cu reducerea voluntar\u0103 a consumului, urm\u00e2nd ca mecanismul de limitare pentru marii consumatori s\u0103 fie activat doar dac\u0103 situa\u021bia o va impune. Obiectivul declarat este men\u021binerea echilibrului sistemului energetic \u0219i evitarea unor perturb\u0103ri majore \u00een alimentarea cu energie electric\u0103.<\/p>\n<\/div>\n<footer>\n<div class=\"td-post-source-tags\">\n<ul class=\"td-tags td-post-small-box clearfix\">\n<li><span>ETICHETE<\/span><\/li>\n<li><a href=\"https:\/\/orasul-timisoara.ro\/local-tag\/cernavoda\/\">Cernavod\u0103<\/a><\/li>\n<li><a href=\"https:\/\/orasul-timisoara.ro\/local-tag\/consum-energie\/\">consum energie<\/a><\/li>\n<li><a href=\"https:\/\/orasul-timisoara.ro\/local-tag\/criza-energetica-2\/\">criz\u0103 energetic\u0103<\/a><\/li>\n<li><a href=\"https:\/\/orasul-timisoara.ro\/local-tag\/dacia\/\">dacia<\/a><\/li>\n<li><a href=\"https:\/\/orasul-timisoara.ro\/local-tag\/dunarea\/\">Dun\u0103rea<\/a><\/li>\n<li><a href=\"https:\/\/orasul-timisoara.ro\/local-tag\/energie-electrica-2\/\">energie electric\u0103<\/a><\/li>\n<li><a href=\"https:\/\/orasul-timisoara.ro\/local-tag\/ford\/\">Ford<\/a><\/li>\n<li><a href=\"https:\/\/orasul-timisoara.ro\/local-tag\/guvernul-romaniei-2\/\">Guvernul Rom\u00e2niei<\/a><\/li>\n<li><a href=\"https:\/\/orasul-timisoara.ro\/local-tag\/ilie-bolojan\/\">ilie bolojan<\/a><\/li>\n<li><a href=\"https:\/\/orasul-timisoara.ro\/local-tag\/import-energie\/\">import energie<\/a><\/li>\n<li><a href=\"https:\/\/orasul-timisoara.ro\/local-tag\/palatul-victoria\/\">Palatul Victoria<\/a><\/li>\n<li><a href=\"https:\/\/orasul-timisoara.ro\/local-tag\/portile-de-fier\/\">Por\u021bile de Fier<\/a><\/li>\n<li><a href=\"https:\/\/orasul-timisoara.ro\/local-tag\/seceta-2\/\">secet\u0103<\/a><\/li>\n<\/ul>\n<\/div>\n<div class=\"td-post-sharing-bottom\">\n<div class=\"td-post-sharing-classic\"><iframe title=\"bottomFacebookLike\" frameborder src=\"https:\/\/www.facebook.com\/plugins\/like.php?href=https:\/\/orasul-timisoara.ro\/local-39965\/&amp;layout=button_count&amp;show_faces=false&amp;width=105&amp;action=like&amp;colorscheme=light&amp;height=21\"><\/iframe><\/div>\n<div id=\"td_social_sharing_article_bottom\" class=\"td-post-sharing td-ps-bg td-ps-notext td-post-sharing-style1 \">\n<div class=\"td-post-sharing-visible\"><a class=\"td-social-sharing-button td-social-sharing-button-js td-social-network td-social-facebook\" href=\"https:\/\/www.facebook.com\/sharer.php?u=https%3A%2F%2Forasul-timisoara.ro%2Flocal-39965%2F\" title=\"Facebook\"><\/p>\n<div class=\"td-social-but-text\">Facebook<\/div>\n<p><\/a><a class=\"td-social-sharing-button td-social-sharing-button-js td-social-network td-social-twitter\" href=\"https:\/\/twitter.com\/intent\/tweet?text=Ilie+Bolojan+anun%C8%9B%C4%83+m%C4%83suri+pentru+reducerea+consumului+de+energie+%C8%99i+preg%C4%83te%C8%99te+un+mecanism+de+limitare+pentru+marii+consumatori&amp;url=https%3A%2F%2Forasul-timisoara.ro%2Flocal-39965%2F&amp;via=orasultm\" title=\"Twitter\"><\/p>\n<div class=\"td-social-but-text\">Twitter<\/div>\n<p><\/a><a class=\"td-social-sharing-button td-social-sharing-button-js td-social-network td-social-whatsapp\" href=\"https:\/\/api.whatsapp.com\/send?text=Ilie+Bolojan+anun%C8%9B%C4%83+m%C4%83suri+pentru+reducerea+consumului+de+energie+%C8%99i+preg%C4%83te%C8%99te+un+mecanism+de+limitare+pentru+marii+consumatori%20%0A%0A%20https:\/\/orasul-timisoara.ro\/local-39965\/\" title=\"WhatsApp\"><\/p>\n<div class=\"td-social-but-text\">WhatsApp<\/div>\n<p><\/a><a class=\"td-social-sharing-button td-social-sharing-button-js td-social-network td-social-linkedin\" href=\"https:\/\/www.linkedin.com\/shareArticle?mini=true&amp;url=https:\/\/orasul-timisoara.ro\/local-39965\/&amp;title=Ilie+Bolojan+anun%C8%9B%C4%83+m%C4%83suri+pentru+reducerea+consumului+de+energie+%C8%99i+preg%C4%83te%C8%99te+un+mecanism+de+limitare+pentru+marii+consumatori\" title=\"Linkedin\"><\/p>\n<div class=\"td-social-but-text\">Linkedin<\/div>\n<p><\/a><a class=\"td-social-sharing-button td-social-sharing-button-js td-social-network td-social-reddit\" href=\"https:\/\/reddit.com\/submit?url=https:\/\/orasul-timisoara.ro\/local-39965\/&amp;title=Ilie+Bolojan+anun%C8%9B%C4%83+m%C4%83suri+pentru+reducerea+consumului+de+energie+%C8%99i+preg%C4%83te%C8%99te+un+mecanism+de+limitare+pentru+marii+consumatori\" title=\"ReddIt\"><\/p>\n<div class=\"td-social-but-text\">ReddIt<\/div>\n<p><\/a><a class=\"td-social-sharing-button td-social-sharing-button-js td-social-network td-social-mail\" href=\"mailto:?subject=Ilie%20Bolojan%20anun%C8%9B%C4%83%20m%C4%83suri%20pentru%20reducerea%20consumului%20de%20energie%20%C8%99i%20preg%C4%83te%C8%99te%20un%20mecanism%20de%20limitare%20pentru%20marii%20consumatori&amp;body=https:\/\/orasul-timisoara.ro\/local-39965\/\" title=\"Email\"><\/p>\n<div class=\"td-social-but-text\">Email<\/div>\n<p><\/a><a class=\"td-social-sharing-button td-social-sharing-button-js td-social-network td-social-print\" href=\"https:\/\/orasul-timisoara.ro\/local-39965\/\" title=\"Imprimare\"><\/p>\n<div class=\"td-social-but-text\">Imprimare<\/div>\n<p><\/a><\/div>\n<\/div>\n<\/div>\n<div class=\"td-block-row td-post-next-prev\">\n<div class=\"td-block-span6 td-post-prev-post\">\n<div class=\"td-post-next-prev-content\"><span>Articolul precedent<\/span><a href=\"https:\/\/orasul-timisoara.ro\/local-39961\/\">Aquatim face apel la economie de ap\u0103 \u00een jude\u021bul Timi\u0219, pe fondul caniculei<\/a><\/div>\n<\/div>\n<div class=\"td-block-span6 td-post-next-post\">\n<div class=\"td-post-next-prev-content\"><span>Articolul urm\u0103tor<\/span><a href=\"https:\/\/orasul-timisoara.ro\/local-39968\/\">Amenzi de peste 107.000 de lei pentru \u0219oferii care au blocat sta\u021biile de \u00eenc\u0103rcare din Timi\u0219oara<\/a><\/div>\n<\/div>\n<\/div>\n<div class=\"td-author-name vcard author\"><span class=\"fn\"><a href=\"https:\/\/orasul-timisoara.ro\/author\/timisoara\/\">redactia<\/a><\/span><\/div>\n<p><span class=\"td-page-meta\"><\/span><span class=\"td-page-meta\"><span class=\"td-page-meta\"><\/span><\/span><span class=\"td-page-meta\"><\/span><\/footer>\n<div class=\"td_block_wrap td_block_related_posts tdi_3 td_with_ajax_pagination td-pb-border-top td_block_template_8\" data-td-block-uid=\"tdi_3\">\n<h4 class=\"td-related-title td-block-title\"><a id=\"tdi_4\" class=\"td-related-left td-cur-simple-item\" data-td_filter_value data-td_block_id=\"tdi_3\" href=\"https:\/\/orasul-timisoara.ro\/local-39965\/\">ARTICOLE SIMILARE<\/a><a id=\"tdi_5\" class=\"td-related-right\" data-td_filter_value=\"td_related_more_from_author\" data-td_block_id=\"tdi_3\" href=\"https:\/\/orasul-timisoara.ro\/local-39965\/\">DE LA ACELA\u0218I AUTOR<\/a><\/h4>\n<div id=\"tdi_3\" class=\"td_block_inner\">\n<div class=\"td-related-row\">\n<div class=\"td-related-span4\">\n<div class=\"td_module_related_posts td-animation-stack td_mod_related_posts\">\n<div class=\"td-module-image\">\n<div class=\"td-module-thumb\"><a href=\"https:\/\/orasul-timisoara.ro\/local-39498\/\" rel=\"bookmark\" class=\"td-image-wrap \" title=\"\u201eDanube Revisited\u201d, o nou\u0103 expozi\u021bie de art\u0103 contemporan\u0103 la Muzeul Apei din Timi\u0219oara\"><img loading=\"lazy\" decoding=\"async\" class=\"entry-thumb\" src=\"https:\/\/orasul-timisoara.ro\/wp-content\/uploads\/2026\/07\/Danube-Revisited_01-436x300.jpg\" alt title=\"\u201eDanube Revisited\u201d, o nou\u0103 expozi\u021bie de art\u0103 contemporan\u0103 la Muzeul Apei din Timi\u0219oara\" width=\"218\" height=\"150\"><\/a><\/div>\n<\/div>\n<div class=\"item-details\">\n<h3 class=\"entry-title td-module-title\"><a href=\"https:\/\/orasul-timisoara.ro\/local-39498\/\" rel=\"bookmark\" title=\"\u201eDanube Revisited\u201d, o nou\u0103 expozi\u021bie de art\u0103 contemporan\u0103 la Muzeul Apei din Timi\u0219oara\">\u201eDanube Revisited\u201d, o nou\u0103 expozi\u021bie de art\u0103 contemporan\u0103 la Muzeul Apei din Timi\u0219oara<\/a><\/h3>\n<\/div>\n<\/div>\n<\/div>\n<div class=\"td-related-span4\">\n<div class=\"td_module_related_posts td-animation-stack td_mod_related_posts\">\n<div class=\"td-module-image\">\n<div class=\"td-module-thumb\"><a href=\"https:\/\/orasul-timisoara.ro\/local-39103\/\" rel=\"bookmark\" class=\"td-image-wrap \" title=\"Cre\u0219tere economic\u0103 de doar 0,9% \u00een zona euro. FMI vede riscuri majore pentru Europa\"><img loading=\"lazy\" decoding=\"async\" class=\"entry-thumb\" src=\"https:\/\/orasul-timisoara.ro\/wp-content\/uploads\/2026\/06\/analiza-financiara-436x300.jpg\" alt title=\"Cre\u0219tere economic\u0103 de doar 0,9% \u00een zona euro. FMI vede riscuri majore pentru Europa\" width=\"218\" height=\"150\"><\/a><\/div>\n<\/div>\n<div class=\"item-details\">\n<h3 class=\"entry-title td-module-title\"><a href=\"https:\/\/orasul-timisoara.ro\/local-39103\/\" rel=\"bookmark\" title=\"Cre\u0219tere economic\u0103 de doar 0,9% \u00een zona euro. FMI vede riscuri majore pentru Europa\">Cre\u0219tere economic\u0103 de doar 0,9% \u00een zona euro. FMI vede riscuri majore pentru Europa<\/a><\/h3>\n<\/div>\n<\/div>\n<\/div>\n<div class=\"td-related-span4\">\n<div class=\"td_module_related_posts td-animation-stack td_mod_related_posts\">\n<div class=\"td-module-image\">\n<div class=\"td-module-thumb\"><a href=\"https:\/\/orasul-timisoara.ro\/local-34500\/\" rel=\"bookmark\" class=\"td-image-wrap \" title=\"Timi\u0219oara finalizeaz\u0103 modernizarea iluminatului pe 64 de str\u0103zi: 2.800 de corpuri LED instalate\"><img loading=\"lazy\" decoding=\"async\" class=\"entry-thumb\" src=\"https:\/\/orasul-timisoara.ro\/wp-content\/uploads\/2025\/05\/iluminat-public-1-436x300.jpg\" alt title=\"Timi\u0219oara finalizeaz\u0103 modernizarea iluminatului pe 64 de str\u0103zi: 2.800 de corpuri LED instalate\" width=\"218\" height=\"150\"><\/a><\/div>\n<\/div>\n<div class=\"item-details\">\n<h3 class=\"entry-title td-module-title\"><a href=\"https:\/\/orasul-timisoara.ro\/local-34500\/\" rel=\"bookmark\" title=\"Timi\u0219oara finalizeaz\u0103 modernizarea iluminatului pe 64 de str\u0103zi: 2.800 de corpuri LED instalate\">Timi\u0219oara finalizeaz\u0103 modernizarea iluminatului pe 64 de str\u0103zi: 2.800 de corpuri LED instalate<\/a><\/h3>\n<\/div>\n<\/div>\n<\/div>\n<\/div>\n<\/div>\n<\/div>\n<div class=\"comments\" id=\"comments\">\n<div id=\"respond\" class=\"comment-respond\">\n<h3 id=\"reply-title\" class=\"comment-reply-title\">L\u0102SA\u021aI UN MESAJ<\/h3>\n<div class=\"comment-form-input-wrap td-form-comment\">\n<div class=\"td-warning-comment\">V\u0103 rug\u0103m s\u0103 introduce\u021bi comentariul dvs.!<\/div>\n<\/div>\n<div class=\"comment-form-input-wrap td-form-author\">\n<div class=\"td-warning-author\">Introduce\u021bi aici numele dvs.<\/div>\n<\/div>\n<div class=\"comment-form-input-wrap td-form-email\">\n<div class=\"td-warning-email-error\">A\u021bi introdus o adres\u0103 de e-mail incorect\u0103!<\/div>\n<div class=\"td-warning-email\">V\u0103 rug\u0103m s\u0103 introduce\u021bi adresa dvs. de e-mail aici<\/div>\n<\/div>\n<\/div>\n<p class=\"akismet_comment_form_privacy_notice\">Acest site folose\u0219te Akismet pentru a reduce spamul. <a href=\"https:\/\/akismet.com\/privacy\/\" target=\"_blank\" rel=\"nofollow noopener\">Afl\u0103 cum sunt procesate datele comentariilor tale<\/a>.<\/p>\n<\/div>\n<\/div>\n<\/div>\n<div class=\"td-pb-span4 td-main-sidebar\" role=\"complementary\">\n<div class=\"td-ss-main-sidebar\">\n<aside id=\"block-4\" class=\"td_block_template_8 widget block-4 widget_block widget_media_image\">\n<figure class=\"wp-block-image size-full\"><img loading=\"lazy\" decoding=\"async\" width=\"336\" height=\"280\" src=\"https:\/\/orasul-timisoara.ro\/wp-content\/uploads\/2024\/11\/ReTIM-Abonamentul-Verde-Google-Ads-336x280px.gif\" alt class=\"wp-image-29257\"><\/figure>\n<\/aside>\n<div class=\"td_block_wrap td_block_social_counter td_block_widget tdi_6 td-social-style5 td-social-boxed td-pb-border-top td_block_template_8\">\n<div class=\"td-block-title-wrap\">\n<h4 class=\"td-block-title\"><span>Urm\u0103re\u0219te-ne pe Social Media<\/span><\/h4>\n<\/div>\n<div class=\"td-social-list\">\n<div class=\"td_social_type td-pb-margin-side td_social_facebook\">\n<div class=\"td-social-box\"><span class=\"td_social_info td_social_info_counter\">344,595<\/span><span class=\"td_social_info td_social_info_name\">Fani<\/span><span class=\"td_social_button\"><a href=\"https:\/\/www.facebook.com\/247timisoara\" target=\"_blank\" rel=\"nofollow\">\u00cemi place<\/a><\/span><\/div>\n<\/div>\n<div class=\"td_social_type td-pb-margin-side td_social_instagram\">\n<div class=\"td-social-box\"><span class=\"td_social_info td_social_info_counter\">4,416<\/span><span class=\"td_social_info td_social_info_name\">Cititori<\/span><span class=\"td_social_button\"><a href=\"https:\/\/instagram.com\/orasultimisoararo\/\" target=\"_blank\" rel=\"nofollow\">Conecta\u021bi-v\u0103<\/a><\/span><\/div>\n<\/div>\n<div class=\"td_social_type td-pb-margin-side td_social_rss\">\n<div class=\"td-social-box\"><span class=\"td_social_info td_social_info_counter\">12,506<\/span><span class=\"td_social_info td_social_info_name\">Cititori<\/span><span class=\"td_social_button\"><a href=\"https:\/\/orasul-timisoara.ro\/feed\/\" target=\"_blank\" rel=\"nofollow\">Conecta\u021bi-v\u0103<\/a><\/span><\/div>\n<\/div>\n<div class=\"td_social_type td-pb-margin-side td_social_tiktok\">\n<div class=\"td-social-box\"><span class=\"td_social_info td_social_info_counter\">1,500<\/span><span class=\"td_social_info td_social_info_name\">Cititori<\/span><span class=\"td_social_button\"><a href=\"https:\/\/www.tiktok.com\/@orasultimisoara\" target=\"_blank\" rel=\"nofollow\">Conecta\u021bi-v\u0103<\/a><\/span><\/div>\n<\/div>\n<div class=\"td_social_type td-pb-margin-side td_social_twitter\">\n<div class=\"td-social-box\"><span class=\"td_social_info td_social_info_counter\">1,595<\/span><span class=\"td_social_info td_social_info_name\">Cititori<\/span><span class=\"td_social_button\"><a href=\"https:\/\/twitter.com\/orasultm\" target=\"_blank\" rel=\"nofollow\">Conecta\u021bi-v\u0103<\/a><\/span><\/div>\n<\/div>\n<div class=\"td_social_type td-pb-margin-side td_social_youtube\">\n<div class=\"td-social-box\"><span class=\"td_social_info td_social_info_counter\">3,506<\/span><span class=\"td_social_info td_social_info_name\">Abona\u021bi<\/span><span class=\"td_social_button\"><a href=\"https:\/\/www.youtube.com\/channel\/UCQNsQvs2XCSIm1Z-AHRturw?sub_confirmation=1\" target=\"_blank\" rel=\"nofollow\">Abona\u021bi-v\u0103<\/a><\/span><\/div>\n<\/div>\n<\/div>\n<\/div>\n<aside id=\"text-7\" class=\"td_block_template_8 widget text-7 widget_text\">\n<h4 class=\"td-block-title\"><span>C\u0103ut\u0103ri populare pe OTM<\/span><\/h4>\n<div class=\"textwidget\"><a href=\"https:\/\/orasul-timisoara.ro\/?s=timisoara\"><span>Timisoara<\/span><\/a><a href=\"https:\/\/orasul-timisoara.ro\/?s=calin+dobra\"><span>Calin Dobra<\/span><\/a><a href=\"https:\/\/orasul-timisoara.ro\/?s=primaria+timisoara\"><span>Primaria Timisoara<\/span><\/a><a href=\"https:\/\/orasul-timisoara.ro\/?s=dominic+fritz\"><span>Dominic Fritz<\/span><\/a><a href=\"https:\/\/orasul-timisoara.ro\/?s=nicolae+robu\"><span>Nicolae Robu<\/span><\/a><a href=\"https:\/\/orasul-timisoara.ro\/?s=consiliul+local+timisoara\">Consiliul Local Timisoara<\/a><a href=\"https:\/\/orasul-timisoara.ro\/?s=consiliul+judetean+timis\"><span>Consiliul Judetean Timis<\/span><\/a><a href=\"https:\/\/orasul-timisoara.ro\/?s=cjt\"><span>CJT<\/span><\/a><a href=\"https:\/\/orasul-timisoara.ro\/?s=Alfred+Simonis\"><span>Alfred Simonis<\/span><\/a><a href=\"https:\/\/orasul-timisoara.ro\/?s=PNL\"><span>PNL<\/span><\/a><a href=\"https:\/\/orasul-timisoara.ro\/?s=coronavirus\"><span>coronavirus<\/span><\/a><a href=\"https:\/\/orasul-timisoara.ro\/?s=teatru+timisoara\">teatru Timisoara<\/a><a href=\"https:\/\/orasul-timisoara.ro\/?s=restaurante\"><span>restaurante Timisoara<\/span><\/a><a href=\"https:\/\/orasul-timisoara.ro\/?s=diskoteka\"><span>Diskoteka<\/span><\/a><a href=\"https:\/\/orasul-timisoara.ro\/?s=iulius+town\"><span>Iulius Town<\/span><\/a><a href=\"https:\/\/orasul-timisoara.ro\/?s=iulius+mall\"><span>Iulius Mall<\/span><\/a><a href=\"https:\/\/orasul-timisoara.ro\/?s=stpt\"><span>STPT<\/span><\/a><a href=\"https:\/\/orasul-timisoara.ro\/?s=alin+nica\"><span>Alin Nica<\/span><\/a><a href=\"https:\/\/orasul-timisoara.ro\/?s=psd\"><span>PSD<\/span><\/a><a href=\"https:\/\/orasul-timisoara.ro\/?s=aeroport\"><span>Aeroportul International Timisoara<\/span><\/a><a href=\"https:\/\/orasul-timisoara.ro\/?s=babes\"><span>Spitalul Victor Babes Timisoara<\/span><\/a><a href=\"https:\/\/orasul-timisoara.ro\/?s=poli\"><span>Poli Timi\u0219oara<\/span><\/a><a href=\"https:\/\/orasul-timisoara.ro\/?s=carantina\"><span>carantina<\/span><\/a><a href=\"https:\/\/orasul-timisoara.ro\/?s=aquatim\"><span>Aquatim<\/span><\/a><a href=\"https:\/\/orasul-timisoara.ro\/local-category\/stiri-timisoara\/\"><span>Stiri Timisoara<\/span><\/a><a href=\"https:\/\/orasul-timisoara.ro\/local-category\/investitii-in-timisoara\/\"><span>Investi\u021bii in Timi\u0219oara<\/span><\/a><a href=\"https:\/\/orasul-timisoara.ro\/local-9463\/\"><span>shaorma<\/span><\/a><a href=\"https:\/\/orasul-timisoara.ro\/?s=trafic\"><span>trafic rutier<\/span><\/a><a href=\"https:\/\/orasul-timisoara.ro\/?s=politia\"><span>politia locala timisoara<\/span><\/a><a href=\"https:\/\/orasul-timisoara.ro\/?s=roxana\"><span>Roxana Iliescu<\/span><\/a><a href=\"https:\/\/orasul-timisoara.ro\/?s=colterm\"><span>Colterm<\/span><\/a><a href=\"https:\/\/orasul-timisoara.ro\/?s=latcau\"><span>Ruben La\u021bc\u0103u<\/span><\/a><a href=\"https:\/\/orasul-timisoara.ro\/?s=timis\"><span>\u0218tiri din Timi\u0219<\/span><\/a><a href=\"https:\/\/orasul-timisoara.ro\/?s=spital\"><span>Spitale din Timi\u0219oara<\/span><\/a><a href=\"https:\/\/orasul-timisoara.ro\/?s=tabara\"><span>Cosmin Tab\u0103r\u0103<\/span><\/a><\/div>\n<\/aside>\n<aside id=\"rss-2\" class=\"td_block_template_8 widget rss-2 widget_rss\">\n<h4 class=\"td-block-title\"><span><a class=\"rsswidget rss-widget-feed\" href=\"https:\/\/fashionfridays.ro\/feed\"><img decoding=\"async\" class=\"rss-widget-icon\" width=\"14\" height=\"14\" src=\"https:\/\/orasul-timisoara.ro\/wp-includes\/images\/rss.png\" alt=\"RSS\" loading=\"lazy\"><\/a><a class=\"rsswidget rss-widget-title\" href=\"https:\/\/fashionfridays.ro\/\">Fashion Fridays<\/a><\/span><\/h4>\n<ul>\n<li><a class=\"rsswidget\" href=\"https:\/\/fashionfridays.ro\/romania-devine-a-29-a-piata-vogue-o-noua-era-pentru-industria-locala-de-moda\/\">Rom\u00e2nia devine a 29-a pia\u021b\u0103 Vogue: o nou\u0103 er\u0103 pentru industria local\u0103 de mod\u0103<\/a>\n<div class=\"rssSummary\">Revista Vogue \u00ee\u0219i extinde prezen\u021ba global\u0103 \u0219i va fi lansat\u0103 oficial \u00een Rom\u00e2nia \u00een prim\u0103vara anului 2027, marc\u00e2nd intrarea pe cea de-a 29-a pia\u021b\u0103 interna\u021bional\u0103. Proiectul este realizat \u00een parteneriat cu AEMME Publishing, o companie media recent \u00eenfiin\u021bat\u0103, care va publica edi\u021bia local\u0103 sub licen\u021b\u0103. Noua edi\u021bie, Vogue Rom\u00e2nia, \u00ee\u0219i propune s\u0103 combine autoritatea global\u0103 [\u2026]<\/div>\n<\/li>\n<\/ul>\n<\/aside>\n<aside id=\"rss-4\" class=\"td_block_template_8 widget rss-4 widget_rss\">\n<h4 class=\"td-block-title\"><span><a class=\"rsswidget rss-widget-feed\" href=\"https:\/\/emasini.ro\/feed\"><img decoding=\"async\" class=\"rss-widget-icon\" width=\"14\" height=\"14\" src=\"https:\/\/orasul-timisoara.ro\/wp-includes\/images\/rss.png\" alt=\"RSS\" loading=\"lazy\"><\/a><a class=\"rsswidget rss-widget-title\" href=\"https:\/\/emasini.ro\/\">eMasini<\/a><\/span><\/h4>\n<ul>\n<li><a class=\"rsswidget\" href=\"https:\/\/emasini.ro\/bmw-testeaza-noul-i4-convertible-primul-cabrio-electric-accesibil-al-marcii\/\">BMW testeaz\u0103 noul i4 Convertible, primul cabrio electric accesibil al m\u0103rcii<\/a>\n<div class=\"rssSummary\">BMW accelereaz\u0103 dezvoltarea noii genera\u021bii de modele electrice bazate pe platforma Neue Klasse, iar unul dintre cele mai interesante proiecte aflate \u00een teste este viitorul BMW i4 Convertible. Prototipul camuflat a fost surprins pe \u0219osele, confirm\u00e2nd c\u0103 produc\u0103torul german preg\u0103te\u0219te o decapotabil\u0103 electric\u0103 destinat\u0103 unui segment \u00een care oferta este, \u00een prezent, extrem de limitat\u0103. [\u2026]<\/div>\n<\/li>\n<\/ul>\n<\/aside>\n<\/div>\n<\/div>\n<\/div>\n<\/div>\n<\/article>\n<div class=\"td-post-content tagdiv-type\">\n<p class=\"wp-block-paragraph\">Premierul Ilie Bolojan a anun\u021bat un set de m\u0103suri pentru gestionarea crizei energetice regionale, dup\u0103 o \u00eent\u00e2lnire desf\u0103\u0219urat\u0103 la Palatul Victoria cu reprezentan\u021bii marilor consumatori industriali \u0219i ai patronatelor din domeniul energiei. Guvernul preg\u0103te\u0219te o hot\u0103r\u00e2re care va permite limitarea temporar\u0103 a consumului de energie al marilor companii, \u00een situa\u021bia \u00een care produc\u021bia \u0219i importurile nu vor putea acoperi necesarul de consum.<\/p>\n<p class=\"wp-block-paragraph\">\u0218eful Executivului a precizat c\u0103 m\u0103sura este una de rezerv\u0103 \u0219i va fi aplicat\u0103 doar dac\u0103 situa\u021bia energetic\u0103 o va impune. \u00cen paralel, autorit\u0103\u021bile mizeaz\u0103 pe reducerea voluntar\u0103 a consumului \u00een intervalul de v\u00e2rf din fiecare sear\u0103, at\u00e2t din partea companiilor, c\u00e2t \u0219i a institu\u021biilor publice \u0219i a popula\u021biei.<\/p>\n<h2 class=\"wp-block-heading\">Criza energetic\u0103 este amplificat\u0103 de seceta sever\u0103 din regiune<\/h2>\n<p class=\"wp-block-paragraph\">Potrivit premierului, Rom\u00e2nia \u0219i statele din regiune se confrunt\u0103 cu o situa\u021bie excep\u021bional\u0103, determinat\u0103 \u00een principal de nivelul extrem de sc\u0103zut al Dun\u0103rii. Debitele fluviului au ajuns la aproximativ 1.450 de metri cubi pe secund\u0103, cu tendin\u021b\u0103 de sc\u0103dere, cele mai mici valori din ultimele patru decenii.<\/p>\n<p class=\"wp-block-paragraph\">Reducerea debitului afecteaz\u0103 direct produc\u021bia de energie hidro, iar impactul este semnificativ. La hidrocentrala Por\u021bile de Fier, capacitatea de produc\u021bie s-a diminuat cu aproximativ 2.000 MW, ceea ce pune o presiune suplimentar\u0103 asupra sistemului energetic na\u021bional \u0219i regional.<\/p>\n<h2 class=\"wp-block-heading\">Produc\u021bia redus\u0103 din centralele nucleare \u0219i hidro creeaz\u0103 un deficit regional<\/h2>\n<p class=\"wp-block-paragraph\">Pe l\u00e2ng\u0103 problemele generate de secet\u0103, sistemul energetic este influen\u021bat \u0219i de disponibilitatea redus\u0103 a unor capacit\u0103\u021bi nucleare. Ilie Bolojan a ar\u0103tat c\u0103 Ungaria func\u021bioneaz\u0103 \u00een prezent doar cu un grup nuclear par\u021bial din cele patru existente, \u00een timp ce Rom\u00e2nia a fost nevoit\u0103 s\u0103 opreasc\u0103 unul dintre reactoarele de la Centrala Nuclear\u0103 Cernavod\u0103.<\/p>\n<p class=\"wp-block-paragraph\">\u00cen aceste condi\u021bii, deficitul de produc\u021bie din regiune dep\u0103\u0219e\u0219te 4.000 MW. \u00cen intervalul orar 19:00\u201323:00, c\u00e2nd consumul este cel mai ridicat, Rom\u00e2nia \u00eenregistreaz\u0103 un deficit important, acoperit prin importuri de energie electric\u0103.<\/p>\n<p class=\"wp-block-paragraph\">Consumul na\u021bional dep\u0103\u0219e\u0219te \u00een aceast\u0103 perioad\u0103 7.000 MW, iar importurile ajung zilnic \u00eentre 2.000 \u0219i 2.500 MW. Situa\u021bia este similar\u0103 \u0219i \u00een alte state din regiune, Ungaria import\u00e2nd aproximativ 4.000 MW \u00een orele de sear\u0103.<\/p>\n<h2 class=\"wp-block-heading\">Guvernul pune \u00een func\u021biune toate resursele disponibile<\/h2>\n<p class=\"wp-block-paragraph\">Pentru reducerea presiunii asupra sistemului energetic, Executivul a decis utilizarea tuturor capacit\u0103\u021bilor disponibile de produc\u021bie. Centralele pe gaz func\u021bioneaz\u0103 la capacitate maxim\u0103, iar produc\u021bia din parcurile fotovoltaice este exploatat\u0103 la maximum \u00een timpul zilei.<\/p>\n<p class=\"wp-block-paragraph\">\u00cen paralel, autorit\u0103\u021bile au accelerat procesul de autorizare a proiectelor de stocare a energiei. Potrivit premierului, \u00een ultimele 20 de zile au fost autorizate instala\u021bii de stocare cu o capacitate de peste 400 MW, m\u0103sur\u0103 care ar urma s\u0103 contribuie la echilibrarea sistemului \u00een perioadele de consum ridicat.<\/p>\n<h2 class=\"wp-block-heading\">M\u0103suri pentru men\u021binerea \u00een func\u021biune a reactorului 2 de la Cernavod\u0103<\/h2>\n<p class=\"wp-block-paragraph\">Guvernul urm\u0103re\u0219te \u0219i men\u021binerea \u00een exploatare a Unit\u0103\u021bii 2 de la Centrala Nuclear\u0103 Cernavod\u0103. Func\u021bionarea acesteia depinde \u00eens\u0103 de posibilitatea pompelor de r\u0103cire de a prelua suficient\u0103 ap\u0103 din Dun\u0103re.<\/p>\n<p class=\"wp-block-paragraph\">\u00cen acest context, autorit\u0103\u021bile au intervenit pentru eliminarea unui obstacol natural din albia fluviului, care \u00eempiedica direc\u021bionarea unui volum suficient de ap\u0103 c\u0103tre bra\u021bul Dun\u0103rea Veche. Totodat\u0103, \u00een cursul acestei s\u0103pt\u0103m\u00e2ni urmeaz\u0103 s\u0103 fie scufundate mai multe barje pentru dirijarea debitului \u00een zona necesar\u0103 r\u0103cirii instala\u021biilor.<\/p>\n<p class=\"wp-block-paragraph\">Premierul a declarat c\u0103 exist\u0103 posibilitatea ca reactorul s\u0103 poat\u0103 continua s\u0103 func\u021bioneze \u0219i \u00een urm\u0103toarele zile, \u00een func\u021bie de evolu\u021bia nivelului apei.<\/p>\n<h2 class=\"wp-block-heading\">Reducerea voluntar\u0103 a consumului, prima m\u0103sur\u0103 agreat\u0103 cu marile companii<\/h2>\n<p class=\"wp-block-paragraph\">\u00cen urma discu\u021biilor cu reprezentan\u021bii industriei, Guvernul \u0219i marii consumatori au convenit asupra unui plan de reducere voluntar\u0103 a consumului de energie \u00een intervalele cu cea mai mare presiune asupra re\u021belei.<\/p>\n<p class=\"wp-block-paragraph\">Fiecare companie va adapta m\u0103surile \u00een func\u021bie de specificul activit\u0103\u021bii \u0219i al proceselor tehnologice. Unele firme au decis deja s\u0103 programeze lucr\u0103ri de mentenan\u021b\u0103 \u00een aceast\u0103 perioad\u0103 pentru a reduce consumul de energie.<\/p>\n<p class=\"wp-block-paragraph\">Premierul a dat ca exemplu produc\u0103torii auto Dacia \u0219i Ford, care au \u00eentrerupt temporar activitatea de produc\u021bie p\u00e2n\u0103 \u00een data de 19 august, m\u0103sur\u0103 ce contribuie la o economie estimat\u0103 la aproximativ 200 MW.<\/p>\n<h2 class=\"wp-block-heading\">Apel c\u0103tre popula\u021bie \u0219i institu\u021biile publice pentru economisirea energiei<\/h2>\n<p class=\"wp-block-paragraph\">Ilie Bolojan a adresat un apel c\u0103tre cet\u0103\u021beni, autorit\u0103\u021bile locale \u0219i institu\u021biile publice s\u0103 contribuie voluntar la reducerea consumului \u00een orele de sear\u0103.<\/p>\n<p class=\"wp-block-paragraph\">Printre recomand\u0103rile formulate se num\u0103r\u0103 diminuarea iluminatului arhitectural \u0219i limitarea activit\u0103\u021bilor care presupun un consum ridicat de energie \u00een cl\u0103dirile publice \u00een intervalul de v\u00e2rf.<\/p>\n<p class=\"wp-block-paragraph\">Premierul a precizat c\u0103 primele efecte ale apelurilor lansate \u00een ultimele zile au \u00eenceput deja s\u0103 fie vizibile, consumul \u00eenregistrat \u00een cursul dimine\u021bii fiind cu aproximativ 200 MW mai redus comparativ cu alte zile.<\/p>\n<p class=\"wp-block-paragraph\">Acesta a subliniat c\u0103 economiile realizate individual de fiecare companie, institu\u021bie sau gospod\u0103rie pot avea un impact semnificativ atunci c\u00e2nd sunt cumulate la nivel na\u021bional.<\/p>\n<h2 class=\"wp-block-heading\">Guvernul preg\u0103te\u0219te un mecanism de limitare temporar\u0103 a consumului<\/h2>\n<p class=\"wp-block-paragraph\">Pe l\u00e2ng\u0103 m\u0103surile voluntare, Executivul preg\u0103te\u0219te adoptarea unei hot\u0103r\u00e2ri de Guvern care va permite limitarea controlat\u0103 a consumului pentru marii consumatori industriali, dac\u0103 situa\u021bia energetic\u0103 se va deteriora.<\/p>\n<p class=\"wp-block-paragraph\">Conform explica\u021biilor oferite de premier, companiile vizate vor primi o notificare cu 24 de ore \u00eenainte de aplicarea m\u0103surii. Nivelul consumului permis va fi stabilit \u00een func\u021bie de tehnologia utilizat\u0103 \u0219i de caracteristicile fiec\u0103rei activit\u0103\u021bi industriale.<\/p>\n<p class=\"wp-block-paragraph\">Ilie Bolojan a insistat c\u0103 aceast\u0103 solu\u021bie reprezint\u0103 exclusiv un mecanism de rezerv\u0103, destinat gestion\u0103rii coordonate a unei eventuale situa\u021bii \u00een care produc\u021bia intern\u0103 \u0219i importurile nu vor mai putea acoperi integral necesarul de energie electric\u0103.<\/p>\n<h2 class=\"wp-block-heading\">Presiunea asupra sistemului energetic r\u0103m\u00e2ne ridicat\u0103<\/h2>\n<p class=\"wp-block-paragraph\">Autorit\u0103\u021bile apreciaz\u0103 c\u0103 urm\u0103toarele zile vor fi decisive pentru evolu\u021bia sistemului energetic, \u00een condi\u021biile \u00een care seceta continu\u0103 s\u0103 afecteze produc\u021bia hidro, iar capacit\u0103\u021bile disponibile \u00een \u00eentreaga regiune sunt limitate.<\/p>\n<p class=\"wp-block-paragraph\">Guvernul mizeaz\u0103, \u00een aceast\u0103 etap\u0103, pe combinarea m\u0103surilor tehnice cu reducerea voluntar\u0103 a consumului, urm\u00e2nd ca mecanismul de limitare pentru marii consumatori s\u0103 fie activat doar dac\u0103 situa\u021bia o va impune. Obiectivul declarat este men\u021binerea echilibrului sistemului energetic \u0219i evitarea unor perturb\u0103ri majore \u00een alimentarea cu energie electric\u0103.<\/p>\n<\/div>\n<p>[analyse_source url=&#8221;https:\/\/orasul-timisoara.ro\/local-39965\/&#8221;]<\/p>\n","protected":false},"excerpt":{"rendered":"<p>[analyse_image type=&#8221;featured&#8221; src=&#8221;https:\/\/orasul-timisoara.ro\/wp-content\/uploads\/2025\/07\/ilie-bolojan-iulie-2025.jpg&#8221;] \u0218tiri na\u021bionale \u0219i interna\u021bionaleIlie Bolojan anun\u021b\u0103 m\u0103suri pentru reducerea consumului de energie \u0219i preg\u0103te\u0219te un&#8230; \u0218tiri na\u021bionale \u0219i interna\u021bionale Ilie Bolojan anun\u021b\u0103 m\u0103suri pentru reducerea consumului de energie \u0219i preg\u0103te\u0219te un mecanism de limitare pentru marii consumatori De c\u0103tre redactia &#8211; 03\/08\/2026 Facebook Twitter WhatsApp Linkedin ReddIt Email Imprimare Premierul Ilie Bolojan [&hellip;]<\/p>\n","protected":false},"author":1,"featured_media":0,"comment_status":"open","ping_status":"","sticky":false,"template":"","format":"standard","meta":{"footnotes":""},"categories":[89],"tags":[226,189],"class_list":["post-2075085","post","type-post","status-publish","format-standard","hentry","category-romania","tag-crawlmanager","tag-orasul-timisoara-ro"],"_links":{"self":[{"href":"https:\/\/analyse.optim.biz\/index.php?rest_route=\/wp\/v2\/posts\/2075085","targetHints":{"allow":["GET"]}}],"collection":[{"href":"https:\/\/analyse.optim.biz\/index.php?rest_route=\/wp\/v2\/posts"}],"about":[{"href":"https:\/\/analyse.optim.biz\/index.php?rest_route=\/wp\/v2\/types\/post"}],"author":[{"embeddable":true,"href":"https:\/\/analyse.optim.biz\/index.php?rest_route=\/wp\/v2\/users\/1"}],"replies":[{"embeddable":true,"href":"https:\/\/analyse.optim.biz\/index.php?rest_route=%2Fwp%2Fv2%2Fcomments&post=2075085"}],"version-history":[{"count":0,"href":"https:\/\/analyse.optim.biz\/index.php?rest_route=\/wp\/v2\/posts\/2075085\/revisions"}],"wp:attachment":[{"href":"https:\/\/analyse.optim.biz\/index.php?rest_route=%2Fwp%2Fv2%2Fmedia&parent=2075085"}],"wp:term":[{"taxonomy":"category","embeddable":true,"href":"https:\/\/analyse.optim.biz\/index.php?rest_route=%2Fwp%2Fv2%2Fcategories&post=2075085"},{"taxonomy":"post_tag","embeddable":true,"href":"https:\/\/analyse.optim.biz\/index.php?rest_route=%2Fwp%2Fv2%2Ftags&post=2075085"}],"curies":[{"name":"wp","href":"https:\/\/api.w.org\/{rel}","templated":true}]}}