{"id":2075081,"date":"2026-08-03T14:18:14","date_gmt":"2026-08-03T11:18:14","guid":{"rendered":"https:\/\/analyse.optim.biz\/?p=2075081"},"modified":"2026-08-03T14:18:14","modified_gmt":"2026-08-03T11:18:14","slug":"medicii-avertizeaza-canicula-poate-agrava-bolile-respiratorii-la-copii","status":"publish","type":"post","link":"https:\/\/analyse.optim.biz\/?p=2075081","title":{"rendered":"Medicii avertizeaz\u0103: Canicula poate agrava bolile respiratorii la copii"},"content":{"rendered":"<p>[analyse_image type=&#8221;featured&#8221; src=&#8221;https:\/\/orasul-timisoara.ro\/wp-content\/uploads\/2026\/08\/mama-fiica-pahar-apa-canicula.jpg&#8221;]<\/p>\n<article id=\"post-39980\" class=\"td-post-template-7 post-39980 post type-post status-publish format-standard has-post-thumbnail category-featured category-sanatate category-stiri-timisoara category-stiri-nationale-si-internationale tag-aer-conditionat tag-afectiuni-pulmonare tag-astm-bronsic tag-boli-respiratorii tag-canicula-2 tag-copii tag-fibroza-chistica-2 tag-hidratare tag-ioana-ciuca tag-pneumologie-pediatrica-2 tag-sanatatea-copiilor tag-temperaturi-ridicate tag-val-de-caldura-2 td-container-wrap\">\n<div class=\"td-full-screen-header-image-wrap\">\n<div class=\"td-container td-post-header\">\n<div class=\"td-crumb-container\">\n<div class=\"entry-crumbs\"><span><a title=\"Vede\u021bi toate articolele \u00een S\u0103n\u0103tate\" class=\"entry-crumb\" href=\"https:\/\/orasul-timisoara.ro\/local-category\/sanatate\/\">S\u0103n\u0103tate<\/a><\/span><span class=\"td-bred-no-url-last\">Medicii avertizeaz\u0103: Canicula poate agrava bolile respiratorii la copii<\/span><\/div>\n<\/div>\n<div class=\"td-post-header-holder\">\n<div class=\"td-parallax-header\">\n<header class=\"td-post-title\">\n<ul class=\"td-category\">\n<li class=\"entry-category\"><a href=\"https:\/\/orasul-timisoara.ro\/local-category\/sanatate\/\">S\u0103n\u0103tate<\/a><\/li>\n<li class=\"entry-category\"><a href=\"https:\/\/orasul-timisoara.ro\/local-category\/stiri-timisoara\/\">\u0218tiri Locale<\/a><\/li>\n<li class=\"entry-category\"><a href=\"https:\/\/orasul-timisoara.ro\/local-category\/stiri-nationale-si-internationale\/\">\u0218tiri na\u021bionale \u0219i interna\u021bionale<\/a><\/li>\n<\/ul>\n<h1 class=\"entry-title\">Medicii avertizeaz\u0103: Canicula poate agrava bolile respiratorii la copii<\/h1>\n<div class=\"td-module-meta-info\">\n<div class=\"td-post-author-name\">\n<div class=\"td-author-by\">De c\u0103tre<\/div>\n<p><a href=\"https:\/\/orasul-timisoara.ro\/author\/timisoara\/\">redactia<\/a><\/p>\n<div class=\"td-author-line\"> &#8211; <\/div>\n<\/div>\n<p><span class=\"td-post-date\"><time class=\"entry-date updated td-module-date\" datetime=\"2026-08-03T17:18:14+03:00\">03\/08\/2026<\/time><\/span><\/div>\n<\/header>\n<\/div>\n<\/div>\n<\/div>\n<div id=\"td-full-screen-header-image\" class=\"td-image-gradient-style7\"><img decoding=\"async\" class=\"td-backstretch\" src=\"https:\/\/orasul-timisoara.ro\/wp-content\/uploads\/2026\/08\/mama-fiica-pahar-apa-canicula.jpg\"><\/div>\n<\/div>\n<div class=\"td-container\">\n<div class=\"td-pb-row\">\n<div class=\"td-pb-span8 td-main-content\" role=\"main\">\n<div class=\"td-ss-main-content\">\n<div class=\"td-post-sharing-top\">\n<div class=\"td-post-sharing-classic\"><iframe title=\"topFacebookLike\" frameborder src=\"https:\/\/www.facebook.com\/plugins\/like.php?href=https:\/\/orasul-timisoara.ro\/local-39980\/&amp;layout=button_count&amp;show_faces=false&amp;width=105&amp;action=like&amp;colorscheme=light&amp;height=21\"><\/iframe><\/div>\n<div id=\"td_social_sharing_article_top\" class=\"td-post-sharing td-ps-bg td-ps-notext td-post-sharing-style1 \">\n<div class=\"td-post-sharing-visible\"><a class=\"td-social-sharing-button td-social-sharing-button-js td-social-network td-social-facebook\" href=\"https:\/\/www.facebook.com\/sharer.php?u=https%3A%2F%2Forasul-timisoara.ro%2Flocal-39980%2F\" title=\"Facebook\"><\/p>\n<div class=\"td-social-but-text\">Facebook<\/div>\n<p><\/a><a class=\"td-social-sharing-button td-social-sharing-button-js td-social-network td-social-twitter\" href=\"https:\/\/twitter.com\/intent\/tweet?text=Medicii+avertizeaz%C4%83%3A+Canicula+poate+agrava+bolile+respiratorii+la+copii&amp;url=https%3A%2F%2Forasul-timisoara.ro%2Flocal-39980%2F&amp;via=orasultm\" title=\"Twitter\"><\/p>\n<div class=\"td-social-but-text\">Twitter<\/div>\n<p><\/a><a class=\"td-social-sharing-button td-social-sharing-button-js td-social-network td-social-whatsapp\" href=\"https:\/\/api.whatsapp.com\/send?text=Medicii+avertizeaz%C4%83%3A+Canicula+poate+agrava+bolile+respiratorii+la+copii%20%0A%0A%20https:\/\/orasul-timisoara.ro\/local-39980\/\" title=\"WhatsApp\"><\/p>\n<div class=\"td-social-but-text\">WhatsApp<\/div>\n<p><\/a><a class=\"td-social-sharing-button td-social-sharing-button-js td-social-network td-social-linkedin\" href=\"https:\/\/www.linkedin.com\/shareArticle?mini=true&amp;url=https:\/\/orasul-timisoara.ro\/local-39980\/&amp;title=Medicii+avertizeaz%C4%83%3A+Canicula+poate+agrava+bolile+respiratorii+la+copii\" title=\"Linkedin\"><\/p>\n<div class=\"td-social-but-text\">Linkedin<\/div>\n<p><\/a><a class=\"td-social-sharing-button td-social-sharing-button-js td-social-network td-social-reddit\" href=\"https:\/\/reddit.com\/submit?url=https:\/\/orasul-timisoara.ro\/local-39980\/&amp;title=Medicii+avertizeaz%C4%83%3A+Canicula+poate+agrava+bolile+respiratorii+la+copii\" title=\"ReddIt\"><\/p>\n<div class=\"td-social-but-text\">ReddIt<\/div>\n<p><\/a><a class=\"td-social-sharing-button td-social-sharing-button-js td-social-network td-social-mail\" href=\"mailto:?subject=Medicii%20avertizeaz%C4%83:%20Canicula%20poate%20agrava%20bolile%20respiratorii%20la%20copii&amp;body=https:\/\/orasul-timisoara.ro\/local-39980\/\" title=\"Email\"><\/p>\n<div class=\"td-social-but-text\">Email<\/div>\n<p><\/a><a class=\"td-social-sharing-button td-social-sharing-button-js td-social-network td-social-print\" href=\"https:\/\/orasul-timisoara.ro\/local-39980\/\" title=\"Imprimare\"><\/p>\n<div class=\"td-social-but-text\">Imprimare<\/div>\n<p><\/a><\/div>\n<\/div>\n<\/div>\n<div class=\"td-post-content tagdiv-type\">\n<p class=\"wp-block-paragraph\">Temperaturile extrem de ridicate din aceast\u0103 perioad\u0103 pot avea efecte serioase asupra copiilor care sufer\u0103 de afec\u021biuni respiratorii cronice, avertizeaz\u0103 medicii. Astmul bron\u0219ic, fibroza chistic\u0103 \u0219i alte boli pulmonare pot fi agravate de canicul\u0103, \u00een special din cauza deshidrat\u0103rii, a aerului fierbinte \u0219i a cre\u0219terii nivelului de poluare \u0219i alergeni din atmosfer\u0103.<\/p>\n<p class=\"wp-block-paragraph\">Speciali\u0219tii atrag aten\u021bia c\u0103 organismul copiilor se adapteaz\u0103 mai greu la temperaturile ridicate, iar riscul de supra\u00eenc\u0103lzire \u0219i deshidratare este mai mare dec\u00e2t \u00een cazul adul\u021bilor. Din acest motiv, p\u0103rin\u021bii sunt sf\u0103tui\u021bi s\u0103 acorde o aten\u021bie sporit\u0103 hidrat\u0103rii, respect\u0103rii tratamentului \u0219i evit\u0103rii expunerii la c\u0103ldur\u0103 \u00een intervalele cu temperaturi extreme.<\/p>\n<h2 class=\"wp-block-heading\">Deshidratarea poate agrava afec\u021biunile respiratorii<\/h2>\n<p class=\"wp-block-paragraph\">Medicii explic\u0103 faptul c\u0103 temperaturile ridicate favorizeaz\u0103 deshidratarea, ceea ce determin\u0103 \u00eengro\u0219area secre\u021biilor din c\u0103ile respiratorii \u0219i \u00eengreuneaz\u0103 eliminarea acestora.<\/p>\n<p class=\"wp-block-paragraph\">Pentru copiii diagnostica\u021bi cu boli pulmonare cronice, aceast\u0103 situa\u021bie poate duce la accentuarea simptomelor \u0219i la apari\u021bia unor complica\u021bii. \u00cen cazul copiilor care sufer\u0103 de fibroz\u0103 chistic\u0103, riscul este \u0219i mai mare, deoarece ace\u0219tia pierd cantit\u0103\u021bi importante de sare prin transpira\u021bie, fiind necesar\u0103 suplimentarea aportului de lichide \u0219i s\u0103ruri minerale.<\/p>\n<h2 class=\"wp-block-heading\">Aerul fierbinte \u0219i poluarea pot declan\u0219a simptome respiratorii<\/h2>\n<p class=\"wp-block-paragraph\">Prof. dr. Ioana Ciuc\u0103, medic primar pneumolog pediatru \u0219i coordonator al Compartimentului de Pneumologie Pediatric\u0103, explic\u0103 faptul c\u0103 aerul fierbinte \u0219i uscat poate irita c\u0103ile respiratorii \u0219i poate favoriza apari\u021bia simptomelor specifice bolilor pulmonare.<\/p>\n<p class=\"wp-block-paragraph\">\u201eAerul fierbinte \u0219i uscat poate irita c\u0103ile respiratorii \u0219i poate favoriza apari\u021bia tusei, a senza\u021biei de lips\u0103 de aer sau a respira\u021biei \u0219uier\u0103toare. \u00cen acela\u0219i timp, \u00een perioadele caniculare cre\u0219te nivelul poluan\u021bilor din atmosfer\u0103, iar concentra\u021bia unor alergeni poate fi mai mare. To\u021bi ace\u0219ti factori pot declan\u0219a sau agrava simptomele respiratorii\u201d, explic\u0103 specialistul.<\/p>\n<h2 class=\"wp-block-heading\">Activit\u0103\u021bile \u00een aer liber trebuie limitate \u00een orele de v\u00e2rf<\/h2>\n<p class=\"wp-block-paragraph\">Speciali\u0219tii recomand\u0103 ca micii pacien\u021bi cu afec\u021biuni pulmonare cronice s\u0103 evite activit\u0103\u021bile fizice intense \u00een aer liber \u00eentre orele 11:00 \u0219i 18:00, atunci c\u00e2nd temperaturile \u0219i nivelul polu\u0103rii ating cele mai ridicate valori.<\/p>\n<p class=\"wp-block-paragraph\">Petrecerea timpului \u00een spa\u021bii r\u0103coroase, hidratarea corespunz\u0103toare \u0219i utilizarea responsabil\u0103 a sistemelor de climatizare pot contribui la reducerea riscului de agravare a simptomelor respiratorii.<\/p>\n<h2 class=\"wp-block-heading\">P\u0103rin\u021bii trebuie s\u0103 urm\u0103reasc\u0103 semnele de agravare<\/h2>\n<p class=\"wp-block-paragraph\">Medicii le recomand\u0103 p\u0103rin\u021bilor s\u0103 monitorizeze cu aten\u021bie starea copiilor \u0219i s\u0103 solicite ajutor medical dac\u0103 apar simptome precum tuse persistent\u0103, respira\u021bie \u0219uier\u0103toare, dificult\u0103\u021bi de respira\u021bie sau oboseal\u0103 neobi\u0219nuit\u0103.<\/p>\n<p class=\"wp-block-paragraph\">\u201eCanicula poate deveni un factor declan\u0219ator al simptomelor respiratorii la copiii cu afec\u021biuni pulmonare cronice. De aceea, este important ca p\u0103rin\u021bii s\u0103 respecte tratamentul recomandat, s\u0103 evite expunerea copiilor la c\u0103ldura excesiv\u0103 \u0219i s\u0103 urm\u0103reasc\u0103 atent apari\u021bia unor semne precum tusea persistent\u0103, respira\u021bia \u0219uier\u0103toare, dificult\u0103\u021bile de respira\u021bie sau oboseala neobi\u0219nuit\u0103. Dac\u0103 simptomele nu se amelioreaz\u0103 dup\u0103 administrarea medica\u021biei de \u00absalvare\u00bb sau se agraveaz\u0103, copilul trebuie evaluat c\u00e2t mai repede de c\u0103tre un medic\u201d, subliniaz\u0103 prof. dr. Ioana Ciuc\u0103.<\/p>\n<h2 class=\"wp-block-heading\">Aten\u021bie la utilizarea aerului condi\u021bionat<\/h2>\n<p class=\"wp-block-paragraph\">O alt\u0103 recomandare important\u0103 vizeaz\u0103 folosirea corect\u0103 a aerului condi\u021bionat. Copiii cu boli respiratorii cronice sunt mai sensibili la schimb\u0103rile bru\u0219te de temperatur\u0103, iar trecerea repetat\u0103 dintr-un spa\u021biu r\u0103corit \u00eentr-un mediu cu temperaturi foarte ridicate poate irita c\u0103ile respiratorii.<\/p>\n<p class=\"wp-block-paragraph\">Medicii recomand\u0103 evitarea diferen\u021belor mari de temperatur\u0103 \u0219i reglarea aerului condi\u021bionat astfel \u00eenc\u00e2t mediul interior s\u0103 fie confortabil, f\u0103r\u0103 a crea un contrast puternic cu temperatura de afar\u0103.<\/p>\n<h2 class=\"wp-block-heading\">Tratamentul nu trebuie \u00eentrerupt \u00een perioadele caniculare<\/h2>\n<p class=\"wp-block-paragraph\">Speciali\u0219tii atrag aten\u021bia c\u0103 tratamentul prescris pentru copiii cu afec\u021biuni respiratorii cronice trebuie respectat cu stricte\u021be, chiar dac\u0103 simptomele par s\u0103 se amelioreze.<\/p>\n<p class=\"wp-block-paragraph\">P\u0103rin\u021bii sunt sf\u0103tui\u021bi s\u0103 aib\u0103 \u00eentotdeauna la \u00eendem\u00e2n\u0103 medica\u021bia recomandat\u0103 de medic \u0219i s\u0103 urmeze planul terapeutic stabilit, pentru a reduce riscul unor episoade severe \u00een perioadele cu temperaturi extreme. Respectarea tratamentului, hidratarea corespunz\u0103toare \u0219i evitarea expunerii prelungite la canicul\u0103 reprezint\u0103 cele mai importante m\u0103suri pentru protejarea s\u0103n\u0103t\u0103\u021bii copiilor cu boli respiratorii.<\/p>\n<\/div>\n<footer>\n<div class=\"td-post-source-tags\">\n<ul class=\"td-tags td-post-small-box clearfix\">\n<li><span>ETICHETE<\/span><\/li>\n<li><a href=\"https:\/\/orasul-timisoara.ro\/local-tag\/aer-conditionat\/\">aer condi\u021bionat<\/a><\/li>\n<li><a href=\"https:\/\/orasul-timisoara.ro\/local-tag\/afectiuni-pulmonare\/\">afec\u021biuni pulmonare<\/a><\/li>\n<li><a href=\"https:\/\/orasul-timisoara.ro\/local-tag\/astm-bronsic\/\">astm bron\u0219ic<\/a><\/li>\n<li><a href=\"https:\/\/orasul-timisoara.ro\/local-tag\/boli-respiratorii\/\">boli respiratorii<\/a><\/li>\n<li><a href=\"https:\/\/orasul-timisoara.ro\/local-tag\/canicula-2\/\">canicul\u0103<\/a><\/li>\n<li><a href=\"https:\/\/orasul-timisoara.ro\/local-tag\/copii\/\">copii<\/a><\/li>\n<li><a href=\"https:\/\/orasul-timisoara.ro\/local-tag\/fibroza-chistica-2\/\">fibroz\u0103 chistic\u0103<\/a><\/li>\n<li><a href=\"https:\/\/orasul-timisoara.ro\/local-tag\/hidratare\/\">hidratare<\/a><\/li>\n<li><a href=\"https:\/\/orasul-timisoara.ro\/local-tag\/ioana-ciuca\/\">Ioana Ciuc\u0103<\/a><\/li>\n<li><a href=\"https:\/\/orasul-timisoara.ro\/local-tag\/pneumologie-pediatrica-2\/\">pneumologie pediatric\u0103<\/a><\/li>\n<li><a href=\"https:\/\/orasul-timisoara.ro\/local-tag\/sanatatea-copiilor\/\">s\u0103n\u0103tatea copiilor<\/a><\/li>\n<li><a href=\"https:\/\/orasul-timisoara.ro\/local-tag\/temperaturi-ridicate\/\">temperaturi ridicate<\/a><\/li>\n<li><a href=\"https:\/\/orasul-timisoara.ro\/local-tag\/val-de-caldura-2\/\">val de c\u0103ldur\u0103<\/a><\/li>\n<\/ul>\n<\/div>\n<div class=\"td-post-sharing-bottom\">\n<div class=\"td-post-sharing-classic\"><iframe title=\"bottomFacebookLike\" frameborder src=\"https:\/\/www.facebook.com\/plugins\/like.php?href=https:\/\/orasul-timisoara.ro\/local-39980\/&amp;layout=button_count&amp;show_faces=false&amp;width=105&amp;action=like&amp;colorscheme=light&amp;height=21\"><\/iframe><\/div>\n<div id=\"td_social_sharing_article_bottom\" class=\"td-post-sharing td-ps-bg td-ps-notext td-post-sharing-style1 \">\n<div class=\"td-post-sharing-visible\"><a class=\"td-social-sharing-button td-social-sharing-button-js td-social-network td-social-facebook\" href=\"https:\/\/www.facebook.com\/sharer.php?u=https%3A%2F%2Forasul-timisoara.ro%2Flocal-39980%2F\" title=\"Facebook\"><\/p>\n<div class=\"td-social-but-text\">Facebook<\/div>\n<p><\/a><a class=\"td-social-sharing-button td-social-sharing-button-js td-social-network td-social-twitter\" href=\"https:\/\/twitter.com\/intent\/tweet?text=Medicii+avertizeaz%C4%83%3A+Canicula+poate+agrava+bolile+respiratorii+la+copii&amp;url=https%3A%2F%2Forasul-timisoara.ro%2Flocal-39980%2F&amp;via=orasultm\" title=\"Twitter\"><\/p>\n<div class=\"td-social-but-text\">Twitter<\/div>\n<p><\/a><a class=\"td-social-sharing-button td-social-sharing-button-js td-social-network td-social-whatsapp\" href=\"https:\/\/api.whatsapp.com\/send?text=Medicii+avertizeaz%C4%83%3A+Canicula+poate+agrava+bolile+respiratorii+la+copii%20%0A%0A%20https:\/\/orasul-timisoara.ro\/local-39980\/\" title=\"WhatsApp\"><\/p>\n<div class=\"td-social-but-text\">WhatsApp<\/div>\n<p><\/a><a class=\"td-social-sharing-button td-social-sharing-button-js td-social-network td-social-linkedin\" href=\"https:\/\/www.linkedin.com\/shareArticle?mini=true&amp;url=https:\/\/orasul-timisoara.ro\/local-39980\/&amp;title=Medicii+avertizeaz%C4%83%3A+Canicula+poate+agrava+bolile+respiratorii+la+copii\" title=\"Linkedin\"><\/p>\n<div class=\"td-social-but-text\">Linkedin<\/div>\n<p><\/a><a class=\"td-social-sharing-button td-social-sharing-button-js td-social-network td-social-reddit\" href=\"https:\/\/reddit.com\/submit?url=https:\/\/orasul-timisoara.ro\/local-39980\/&amp;title=Medicii+avertizeaz%C4%83%3A+Canicula+poate+agrava+bolile+respiratorii+la+copii\" title=\"ReddIt\"><\/p>\n<div class=\"td-social-but-text\">ReddIt<\/div>\n<p><\/a><a class=\"td-social-sharing-button td-social-sharing-button-js td-social-network td-social-mail\" href=\"mailto:?subject=Medicii%20avertizeaz%C4%83:%20Canicula%20poate%20agrava%20bolile%20respiratorii%20la%20copii&amp;body=https:\/\/orasul-timisoara.ro\/local-39980\/\" title=\"Email\"><\/p>\n<div class=\"td-social-but-text\">Email<\/div>\n<p><\/a><a class=\"td-social-sharing-button td-social-sharing-button-js td-social-network td-social-print\" href=\"https:\/\/orasul-timisoara.ro\/local-39980\/\" title=\"Imprimare\"><\/p>\n<div class=\"td-social-but-text\">Imprimare<\/div>\n<p><\/a><\/div>\n<\/div>\n<\/div>\n<div class=\"td-block-row td-post-next-prev\">\n<div class=\"td-block-span6 td-post-prev-post\">\n<div class=\"td-post-next-prev-content\"><span>Articolul precedent<\/span><a href=\"https:\/\/orasul-timisoara.ro\/local-39978\/\">Lucr\u0103ri Aquatim: presiune sc\u0103zut\u0103 la ap\u0103 \u00een Bethausen, Cladova \u0219i alte localit\u0103\u021bi<\/a><\/div>\n<\/div>\n<div class=\"td-block-span6 td-post-next-post\">\n<div class=\"td-post-next-prev-content\"><span>Articolul urm\u0103tor<\/span><a href=\"https:\/\/orasul-timisoara.ro\/local-39983\/\">Aquatim anun\u021b\u0103 lucr\u0103ri la re\u021beaua de ap\u0103 din M\u0103guri \u00eentre 4 \u0219i 7 august<\/a><\/div>\n<\/div>\n<\/div>\n<div class=\"td-author-name vcard author\"><span class=\"fn\"><a href=\"https:\/\/orasul-timisoara.ro\/author\/timisoara\/\">redactia<\/a><\/span><\/div>\n<p><span class=\"td-page-meta\"><\/span><span class=\"td-page-meta\"><span class=\"td-page-meta\"><\/span><\/span><span class=\"td-page-meta\"><\/span><\/footer>\n<div class=\"td_block_wrap td_block_related_posts tdi_3 td_with_ajax_pagination td-pb-border-top td_block_template_8\" data-td-block-uid=\"tdi_3\">\n<h4 class=\"td-related-title td-block-title\"><a id=\"tdi_4\" class=\"td-related-left td-cur-simple-item\" data-td_filter_value data-td_block_id=\"tdi_3\" href=\"https:\/\/orasul-timisoara.ro\/local-39980\/\">ARTICOLE SIMILARE<\/a><a id=\"tdi_5\" class=\"td-related-right\" data-td_filter_value=\"td_related_more_from_author\" data-td_block_id=\"tdi_3\" href=\"https:\/\/orasul-timisoara.ro\/local-39980\/\">DE LA ACELA\u0218I AUTOR<\/a><\/h4>\n<div id=\"tdi_3\" class=\"td_block_inner\">\n<div class=\"td-related-row\">\n<div class=\"td-related-span4\">\n<div class=\"td_module_related_posts td-animation-stack td_mod_related_posts\">\n<div class=\"td-module-image\">\n<div class=\"td-module-thumb\"><a href=\"https:\/\/orasul-timisoara.ro\/local-39995\/\" rel=\"bookmark\" class=\"td-image-wrap \" title=\"Cod ro\u0219u de canicul\u0103 \u00een Timi\u0219. Temperaturi de p\u00e2n\u0103 la 41 de grade \u0219i nop\u021bi tropicale\"><img loading=\"lazy\" decoding=\"async\" class=\"entry-thumb\" src=\"https:\/\/orasul-timisoara.ro\/wp-content\/uploads\/2019\/06\/vremea-termometru-temperatura-40-grade-soare.jpeg\" alt title=\"Cod ro\u0219u de canicul\u0103 \u00een Timi\u0219. Temperaturi de p\u00e2n\u0103 la 41 de grade \u0219i nop\u021bi tropicale\" width=\"218\" height=\"150\"><\/a><\/div>\n<\/div>\n<div class=\"item-details\">\n<h3 class=\"entry-title td-module-title\"><a href=\"https:\/\/orasul-timisoara.ro\/local-39995\/\" rel=\"bookmark\" title=\"Cod ro\u0219u de canicul\u0103 \u00een Timi\u0219. Temperaturi de p\u00e2n\u0103 la 41 de grade \u0219i nop\u021bi tropicale\">Cod ro\u0219u de canicul\u0103 \u00een Timi\u0219. Temperaturi de p\u00e2n\u0103 la 41 de grade \u0219i nop\u021bi tropicale<\/a><\/h3>\n<\/div>\n<\/div>\n<\/div>\n<div class=\"td-related-span4\">\n<div class=\"td_module_related_posts td-animation-stack td_mod_related_posts\">\n<div class=\"td-module-image\">\n<div class=\"td-module-thumb\"><a href=\"https:\/\/orasul-timisoara.ro\/local-39961\/\" rel=\"bookmark\" class=\"td-image-wrap \" title=\"Aquatim face apel la economie de ap\u0103 \u00een jude\u021bul Timi\u0219, pe fondul caniculei\"><img loading=\"lazy\" decoding=\"async\" class=\"entry-thumb\" src=\"https:\/\/orasul-timisoara.ro\/wp-content\/uploads\/2026\/07\/udare0graduba-436x300.jpg\" alt title=\"Aquatim face apel la economie de ap\u0103 \u00een jude\u021bul Timi\u0219, pe fondul caniculei\" width=\"218\" height=\"150\"><\/a><\/div>\n<\/div>\n<div class=\"item-details\">\n<h3 class=\"entry-title td-module-title\"><a href=\"https:\/\/orasul-timisoara.ro\/local-39961\/\" rel=\"bookmark\" title=\"Aquatim face apel la economie de ap\u0103 \u00een jude\u021bul Timi\u0219, pe fondul caniculei\">Aquatim face apel la economie de ap\u0103 \u00een jude\u021bul Timi\u0219, pe fondul caniculei<\/a><\/h3>\n<\/div>\n<\/div>\n<\/div>\n<div class=\"td-related-span4\">\n<div class=\"td_module_related_posts td-animation-stack td_mod_related_posts\">\n<div class=\"td-module-image\">\n<div class=\"td-module-thumb\"><a href=\"https:\/\/orasul-timisoara.ro\/local-39951\/\" rel=\"bookmark\" class=\"td-image-wrap \" title=\"Restric\u021bii de circula\u021bie pentru automarfarele de peste 7,5 tone \u00een Ungaria\"><img loading=\"lazy\" decoding=\"async\" class=\"entry-thumb\" src=\"https:\/\/orasul-timisoara.ro\/wp-content\/uploads\/2026\/07\/tir-stationare-dreapta-436x300.jpg\" alt title=\"Restric\u021bii de circula\u021bie pentru automarfarele de peste 7,5 tone \u00een Ungaria\" width=\"218\" height=\"150\"><\/a><\/div>\n<\/div>\n<div class=\"item-details\">\n<h3 class=\"entry-title td-module-title\"><a href=\"https:\/\/orasul-timisoara.ro\/local-39951\/\" rel=\"bookmark\" title=\"Restric\u021bii de circula\u021bie pentru automarfarele de peste 7,5 tone \u00een Ungaria\">Restric\u021bii de circula\u021bie pentru automarfarele de peste 7,5 tone \u00een Ungaria<\/a><\/h3>\n<\/div>\n<\/div>\n<\/div>\n<\/div>\n<\/div>\n<\/div>\n<div class=\"comments\" id=\"comments\">\n<div id=\"respond\" class=\"comment-respond\">\n<h3 id=\"reply-title\" class=\"comment-reply-title\">L\u0102SA\u021aI UN MESAJ<\/h3>\n<div class=\"comment-form-input-wrap td-form-comment\">\n<div class=\"td-warning-comment\">V\u0103 rug\u0103m s\u0103 introduce\u021bi comentariul dvs.!<\/div>\n<\/div>\n<div class=\"comment-form-input-wrap td-form-author\">\n<div class=\"td-warning-author\">Introduce\u021bi aici numele dvs.<\/div>\n<\/div>\n<div class=\"comment-form-input-wrap td-form-email\">\n<div class=\"td-warning-email-error\">A\u021bi introdus o adres\u0103 de e-mail incorect\u0103!<\/div>\n<div class=\"td-warning-email\">V\u0103 rug\u0103m s\u0103 introduce\u021bi adresa dvs. de e-mail aici<\/div>\n<\/div>\n<\/div>\n<p class=\"akismet_comment_form_privacy_notice\">Acest site folose\u0219te Akismet pentru a reduce spamul. <a href=\"https:\/\/akismet.com\/privacy\/\" target=\"_blank\" rel=\"nofollow noopener\">Afl\u0103 cum sunt procesate datele comentariilor tale<\/a>.<\/p>\n<\/div>\n<\/div>\n<\/div>\n<div class=\"td-pb-span4 td-main-sidebar\" role=\"complementary\">\n<div class=\"td-ss-main-sidebar\">\n<aside id=\"block-4\" class=\"td_block_template_8 widget block-4 widget_block widget_media_image\">\n<figure class=\"wp-block-image size-full\"><img loading=\"lazy\" decoding=\"async\" width=\"336\" height=\"280\" src=\"https:\/\/orasul-timisoara.ro\/wp-content\/uploads\/2024\/11\/ReTIM-Abonamentul-Verde-Google-Ads-336x280px.gif\" alt class=\"wp-image-29257\"><\/figure>\n<\/aside>\n<div class=\"td_block_wrap td_block_social_counter td_block_widget tdi_6 td-social-style5 td-social-boxed td-pb-border-top td_block_template_8\">\n<div class=\"td-block-title-wrap\">\n<h4 class=\"td-block-title\"><span>Urm\u0103re\u0219te-ne pe Social Media<\/span><\/h4>\n<\/div>\n<div class=\"td-social-list\">\n<div class=\"td_social_type td-pb-margin-side td_social_facebook\">\n<div class=\"td-social-box\"><span class=\"td_social_info td_social_info_counter\">344,595<\/span><span class=\"td_social_info td_social_info_name\">Fani<\/span><span class=\"td_social_button\"><a href=\"https:\/\/www.facebook.com\/247timisoara\" target=\"_blank\" rel=\"nofollow\">\u00cemi place<\/a><\/span><\/div>\n<\/div>\n<div class=\"td_social_type td-pb-margin-side td_social_instagram\">\n<div class=\"td-social-box\"><span class=\"td_social_info td_social_info_counter\">4,416<\/span><span class=\"td_social_info td_social_info_name\">Cititori<\/span><span class=\"td_social_button\"><a href=\"https:\/\/instagram.com\/orasultimisoararo\/\" target=\"_blank\" rel=\"nofollow\">Conecta\u021bi-v\u0103<\/a><\/span><\/div>\n<\/div>\n<div class=\"td_social_type td-pb-margin-side td_social_rss\">\n<div class=\"td-social-box\"><span class=\"td_social_info td_social_info_counter\">12,506<\/span><span class=\"td_social_info td_social_info_name\">Cititori<\/span><span class=\"td_social_button\"><a href=\"https:\/\/orasul-timisoara.ro\/feed\/\" target=\"_blank\" rel=\"nofollow\">Conecta\u021bi-v\u0103<\/a><\/span><\/div>\n<\/div>\n<div class=\"td_social_type td-pb-margin-side td_social_tiktok\">\n<div class=\"td-social-box\"><span class=\"td_social_info td_social_info_counter\">1,500<\/span><span class=\"td_social_info td_social_info_name\">Cititori<\/span><span class=\"td_social_button\"><a href=\"https:\/\/www.tiktok.com\/@orasultimisoara\" target=\"_blank\" rel=\"nofollow\">Conecta\u021bi-v\u0103<\/a><\/span><\/div>\n<\/div>\n<div class=\"td_social_type td-pb-margin-side td_social_twitter\">\n<div class=\"td-social-box\"><span class=\"td_social_info td_social_info_counter\">1,595<\/span><span class=\"td_social_info td_social_info_name\">Cititori<\/span><span class=\"td_social_button\"><a href=\"https:\/\/twitter.com\/orasultm\" target=\"_blank\" rel=\"nofollow\">Conecta\u021bi-v\u0103<\/a><\/span><\/div>\n<\/div>\n<div class=\"td_social_type td-pb-margin-side td_social_youtube\">\n<div class=\"td-social-box\"><span class=\"td_social_info td_social_info_counter\">3,506<\/span><span class=\"td_social_info td_social_info_name\">Abona\u021bi<\/span><span class=\"td_social_button\"><a href=\"https:\/\/www.youtube.com\/channel\/UCQNsQvs2XCSIm1Z-AHRturw?sub_confirmation=1\" target=\"_blank\" rel=\"nofollow\">Abona\u021bi-v\u0103<\/a><\/span><\/div>\n<\/div>\n<\/div>\n<\/div>\n<aside id=\"text-7\" class=\"td_block_template_8 widget text-7 widget_text\">\n<h4 class=\"td-block-title\"><span>C\u0103ut\u0103ri populare pe OTM<\/span><\/h4>\n<div class=\"textwidget\"><a href=\"https:\/\/orasul-timisoara.ro\/?s=timisoara\"><span>Timisoara<\/span><\/a><a href=\"https:\/\/orasul-timisoara.ro\/?s=calin+dobra\"><span>Calin Dobra<\/span><\/a><a href=\"https:\/\/orasul-timisoara.ro\/?s=primaria+timisoara\"><span>Primaria Timisoara<\/span><\/a><a href=\"https:\/\/orasul-timisoara.ro\/?s=dominic+fritz\"><span>Dominic Fritz<\/span><\/a><a href=\"https:\/\/orasul-timisoara.ro\/?s=nicolae+robu\"><span>Nicolae Robu<\/span><\/a><a href=\"https:\/\/orasul-timisoara.ro\/?s=consiliul+local+timisoara\">Consiliul Local Timisoara<\/a><a href=\"https:\/\/orasul-timisoara.ro\/?s=consiliul+judetean+timis\"><span>Consiliul Judetean Timis<\/span><\/a><a href=\"https:\/\/orasul-timisoara.ro\/?s=cjt\"><span>CJT<\/span><\/a><a href=\"https:\/\/orasul-timisoara.ro\/?s=Alfred+Simonis\"><span>Alfred Simonis<\/span><\/a><a href=\"https:\/\/orasul-timisoara.ro\/?s=PNL\"><span>PNL<\/span><\/a><a href=\"https:\/\/orasul-timisoara.ro\/?s=coronavirus\"><span>coronavirus<\/span><\/a><a href=\"https:\/\/orasul-timisoara.ro\/?s=teatru+timisoara\">teatru Timisoara<\/a><a href=\"https:\/\/orasul-timisoara.ro\/?s=restaurante\"><span>restaurante Timisoara<\/span><\/a><a href=\"https:\/\/orasul-timisoara.ro\/?s=diskoteka\"><span>Diskoteka<\/span><\/a><a href=\"https:\/\/orasul-timisoara.ro\/?s=iulius+town\"><span>Iulius Town<\/span><\/a><a href=\"https:\/\/orasul-timisoara.ro\/?s=iulius+mall\"><span>Iulius Mall<\/span><\/a><a href=\"https:\/\/orasul-timisoara.ro\/?s=stpt\"><span>STPT<\/span><\/a><a href=\"https:\/\/orasul-timisoara.ro\/?s=alin+nica\"><span>Alin Nica<\/span><\/a><a href=\"https:\/\/orasul-timisoara.ro\/?s=psd\"><span>PSD<\/span><\/a><a href=\"https:\/\/orasul-timisoara.ro\/?s=aeroport\"><span>Aeroportul International Timisoara<\/span><\/a><a href=\"https:\/\/orasul-timisoara.ro\/?s=babes\"><span>Spitalul Victor Babes Timisoara<\/span><\/a><a href=\"https:\/\/orasul-timisoara.ro\/?s=poli\"><span>Poli Timi\u0219oara<\/span><\/a><a href=\"https:\/\/orasul-timisoara.ro\/?s=carantina\"><span>carantina<\/span><\/a><a href=\"https:\/\/orasul-timisoara.ro\/?s=aquatim\"><span>Aquatim<\/span><\/a><a href=\"https:\/\/orasul-timisoara.ro\/local-category\/stiri-timisoara\/\"><span>Stiri Timisoara<\/span><\/a><a href=\"https:\/\/orasul-timisoara.ro\/local-category\/investitii-in-timisoara\/\"><span>Investi\u021bii in Timi\u0219oara<\/span><\/a><a href=\"https:\/\/orasul-timisoara.ro\/local-9463\/\"><span>shaorma<\/span><\/a><a href=\"https:\/\/orasul-timisoara.ro\/?s=trafic\"><span>trafic rutier<\/span><\/a><a href=\"https:\/\/orasul-timisoara.ro\/?s=politia\"><span>politia locala timisoara<\/span><\/a><a href=\"https:\/\/orasul-timisoara.ro\/?s=roxana\"><span>Roxana Iliescu<\/span><\/a><a href=\"https:\/\/orasul-timisoara.ro\/?s=colterm\"><span>Colterm<\/span><\/a><a href=\"https:\/\/orasul-timisoara.ro\/?s=latcau\"><span>Ruben La\u021bc\u0103u<\/span><\/a><a href=\"https:\/\/orasul-timisoara.ro\/?s=timis\"><span>\u0218tiri din Timi\u0219<\/span><\/a><a href=\"https:\/\/orasul-timisoara.ro\/?s=spital\"><span>Spitale din Timi\u0219oara<\/span><\/a><a href=\"https:\/\/orasul-timisoara.ro\/?s=tabara\"><span>Cosmin Tab\u0103r\u0103<\/span><\/a><\/div>\n<\/aside>\n<aside id=\"rss-2\" class=\"td_block_template_8 widget rss-2 widget_rss\">\n<h4 class=\"td-block-title\"><span><a class=\"rsswidget rss-widget-feed\" href=\"https:\/\/fashionfridays.ro\/feed\"><img decoding=\"async\" class=\"rss-widget-icon\" width=\"14\" height=\"14\" src=\"https:\/\/orasul-timisoara.ro\/wp-includes\/images\/rss.png\" alt=\"RSS\" loading=\"lazy\"><\/a><a class=\"rsswidget rss-widget-title\" href=\"https:\/\/fashionfridays.ro\/\">Fashion Fridays<\/a><\/span><\/h4>\n<ul>\n<li><a class=\"rsswidget\" href=\"https:\/\/fashionfridays.ro\/romania-devine-a-29-a-piata-vogue-o-noua-era-pentru-industria-locala-de-moda\/\">Rom\u00e2nia devine a 29-a pia\u021b\u0103 Vogue: o nou\u0103 er\u0103 pentru industria local\u0103 de mod\u0103<\/a>\n<div class=\"rssSummary\">Revista Vogue \u00ee\u0219i extinde prezen\u021ba global\u0103 \u0219i va fi lansat\u0103 oficial \u00een Rom\u00e2nia \u00een prim\u0103vara anului 2027, marc\u00e2nd intrarea pe cea de-a 29-a pia\u021b\u0103 interna\u021bional\u0103. Proiectul este realizat \u00een parteneriat cu AEMME Publishing, o companie media recent \u00eenfiin\u021bat\u0103, care va publica edi\u021bia local\u0103 sub licen\u021b\u0103. Noua edi\u021bie, Vogue Rom\u00e2nia, \u00ee\u0219i propune s\u0103 combine autoritatea global\u0103 [\u2026]<\/div>\n<\/li>\n<\/ul>\n<\/aside>\n<aside id=\"rss-4\" class=\"td_block_template_8 widget rss-4 widget_rss\">\n<h4 class=\"td-block-title\"><span><a class=\"rsswidget rss-widget-feed\" href=\"https:\/\/emasini.ro\/feed\"><img decoding=\"async\" class=\"rss-widget-icon\" width=\"14\" height=\"14\" src=\"https:\/\/orasul-timisoara.ro\/wp-includes\/images\/rss.png\" alt=\"RSS\" loading=\"lazy\"><\/a><a class=\"rsswidget rss-widget-title\" href=\"https:\/\/emasini.ro\/\">eMasini<\/a><\/span><\/h4>\n<ul>\n<li><a class=\"rsswidget\" href=\"https:\/\/emasini.ro\/bmw-testeaza-noul-i4-convertible-primul-cabrio-electric-accesibil-al-marcii\/\">BMW testeaz\u0103 noul i4 Convertible, primul cabrio electric accesibil al m\u0103rcii<\/a>\n<div class=\"rssSummary\">BMW accelereaz\u0103 dezvoltarea noii genera\u021bii de modele electrice bazate pe platforma Neue Klasse, iar unul dintre cele mai interesante proiecte aflate \u00een teste este viitorul BMW i4 Convertible. Prototipul camuflat a fost surprins pe \u0219osele, confirm\u00e2nd c\u0103 produc\u0103torul german preg\u0103te\u0219te o decapotabil\u0103 electric\u0103 destinat\u0103 unui segment \u00een care oferta este, \u00een prezent, extrem de limitat\u0103. [\u2026]<\/div>\n<\/li>\n<\/ul>\n<\/aside>\n<\/div>\n<\/div>\n<\/div>\n<\/div>\n<\/article>\n<div class=\"td-post-content tagdiv-type\">\n<p class=\"wp-block-paragraph\">Temperaturile extrem de ridicate din aceast\u0103 perioad\u0103 pot avea efecte serioase asupra copiilor care sufer\u0103 de afec\u021biuni respiratorii cronice, avertizeaz\u0103 medicii. Astmul bron\u0219ic, fibroza chistic\u0103 \u0219i alte boli pulmonare pot fi agravate de canicul\u0103, \u00een special din cauza deshidrat\u0103rii, a aerului fierbinte \u0219i a cre\u0219terii nivelului de poluare \u0219i alergeni din atmosfer\u0103.<\/p>\n<p class=\"wp-block-paragraph\">Speciali\u0219tii atrag aten\u021bia c\u0103 organismul copiilor se adapteaz\u0103 mai greu la temperaturile ridicate, iar riscul de supra\u00eenc\u0103lzire \u0219i deshidratare este mai mare dec\u00e2t \u00een cazul adul\u021bilor. Din acest motiv, p\u0103rin\u021bii sunt sf\u0103tui\u021bi s\u0103 acorde o aten\u021bie sporit\u0103 hidrat\u0103rii, respect\u0103rii tratamentului \u0219i evit\u0103rii expunerii la c\u0103ldur\u0103 \u00een intervalele cu temperaturi extreme.<\/p>\n<h2 class=\"wp-block-heading\">Deshidratarea poate agrava afec\u021biunile respiratorii<\/h2>\n<p class=\"wp-block-paragraph\">Medicii explic\u0103 faptul c\u0103 temperaturile ridicate favorizeaz\u0103 deshidratarea, ceea ce determin\u0103 \u00eengro\u0219area secre\u021biilor din c\u0103ile respiratorii \u0219i \u00eengreuneaz\u0103 eliminarea acestora.<\/p>\n<p class=\"wp-block-paragraph\">Pentru copiii diagnostica\u021bi cu boli pulmonare cronice, aceast\u0103 situa\u021bie poate duce la accentuarea simptomelor \u0219i la apari\u021bia unor complica\u021bii. \u00cen cazul copiilor care sufer\u0103 de fibroz\u0103 chistic\u0103, riscul este \u0219i mai mare, deoarece ace\u0219tia pierd cantit\u0103\u021bi importante de sare prin transpira\u021bie, fiind necesar\u0103 suplimentarea aportului de lichide \u0219i s\u0103ruri minerale.<\/p>\n<h2 class=\"wp-block-heading\">Aerul fierbinte \u0219i poluarea pot declan\u0219a simptome respiratorii<\/h2>\n<p class=\"wp-block-paragraph\">Prof. dr. Ioana Ciuc\u0103, medic primar pneumolog pediatru \u0219i coordonator al Compartimentului de Pneumologie Pediatric\u0103, explic\u0103 faptul c\u0103 aerul fierbinte \u0219i uscat poate irita c\u0103ile respiratorii \u0219i poate favoriza apari\u021bia simptomelor specifice bolilor pulmonare.<\/p>\n<p class=\"wp-block-paragraph\">\u201eAerul fierbinte \u0219i uscat poate irita c\u0103ile respiratorii \u0219i poate favoriza apari\u021bia tusei, a senza\u021biei de lips\u0103 de aer sau a respira\u021biei \u0219uier\u0103toare. \u00cen acela\u0219i timp, \u00een perioadele caniculare cre\u0219te nivelul poluan\u021bilor din atmosfer\u0103, iar concentra\u021bia unor alergeni poate fi mai mare. To\u021bi ace\u0219ti factori pot declan\u0219a sau agrava simptomele respiratorii\u201d, explic\u0103 specialistul.<\/p>\n<h2 class=\"wp-block-heading\">Activit\u0103\u021bile \u00een aer liber trebuie limitate \u00een orele de v\u00e2rf<\/h2>\n<p class=\"wp-block-paragraph\">Speciali\u0219tii recomand\u0103 ca micii pacien\u021bi cu afec\u021biuni pulmonare cronice s\u0103 evite activit\u0103\u021bile fizice intense \u00een aer liber \u00eentre orele 11:00 \u0219i 18:00, atunci c\u00e2nd temperaturile \u0219i nivelul polu\u0103rii ating cele mai ridicate valori.<\/p>\n<p class=\"wp-block-paragraph\">Petrecerea timpului \u00een spa\u021bii r\u0103coroase, hidratarea corespunz\u0103toare \u0219i utilizarea responsabil\u0103 a sistemelor de climatizare pot contribui la reducerea riscului de agravare a simptomelor respiratorii.<\/p>\n<h2 class=\"wp-block-heading\">P\u0103rin\u021bii trebuie s\u0103 urm\u0103reasc\u0103 semnele de agravare<\/h2>\n<p class=\"wp-block-paragraph\">Medicii le recomand\u0103 p\u0103rin\u021bilor s\u0103 monitorizeze cu aten\u021bie starea copiilor \u0219i s\u0103 solicite ajutor medical dac\u0103 apar simptome precum tuse persistent\u0103, respira\u021bie \u0219uier\u0103toare, dificult\u0103\u021bi de respira\u021bie sau oboseal\u0103 neobi\u0219nuit\u0103.<\/p>\n<p class=\"wp-block-paragraph\">\u201eCanicula poate deveni un factor declan\u0219ator al simptomelor respiratorii la copiii cu afec\u021biuni pulmonare cronice. De aceea, este important ca p\u0103rin\u021bii s\u0103 respecte tratamentul recomandat, s\u0103 evite expunerea copiilor la c\u0103ldura excesiv\u0103 \u0219i s\u0103 urm\u0103reasc\u0103 atent apari\u021bia unor semne precum tusea persistent\u0103, respira\u021bia \u0219uier\u0103toare, dificult\u0103\u021bile de respira\u021bie sau oboseala neobi\u0219nuit\u0103. Dac\u0103 simptomele nu se amelioreaz\u0103 dup\u0103 administrarea medica\u021biei de \u00absalvare\u00bb sau se agraveaz\u0103, copilul trebuie evaluat c\u00e2t mai repede de c\u0103tre un medic\u201d, subliniaz\u0103 prof. dr. Ioana Ciuc\u0103.<\/p>\n<h2 class=\"wp-block-heading\">Aten\u021bie la utilizarea aerului condi\u021bionat<\/h2>\n<p class=\"wp-block-paragraph\">O alt\u0103 recomandare important\u0103 vizeaz\u0103 folosirea corect\u0103 a aerului condi\u021bionat. Copiii cu boli respiratorii cronice sunt mai sensibili la schimb\u0103rile bru\u0219te de temperatur\u0103, iar trecerea repetat\u0103 dintr-un spa\u021biu r\u0103corit \u00eentr-un mediu cu temperaturi foarte ridicate poate irita c\u0103ile respiratorii.<\/p>\n<p class=\"wp-block-paragraph\">Medicii recomand\u0103 evitarea diferen\u021belor mari de temperatur\u0103 \u0219i reglarea aerului condi\u021bionat astfel \u00eenc\u00e2t mediul interior s\u0103 fie confortabil, f\u0103r\u0103 a crea un contrast puternic cu temperatura de afar\u0103.<\/p>\n<h2 class=\"wp-block-heading\">Tratamentul nu trebuie \u00eentrerupt \u00een perioadele caniculare<\/h2>\n<p class=\"wp-block-paragraph\">Speciali\u0219tii atrag aten\u021bia c\u0103 tratamentul prescris pentru copiii cu afec\u021biuni respiratorii cronice trebuie respectat cu stricte\u021be, chiar dac\u0103 simptomele par s\u0103 se amelioreze.<\/p>\n<p class=\"wp-block-paragraph\">P\u0103rin\u021bii sunt sf\u0103tui\u021bi s\u0103 aib\u0103 \u00eentotdeauna la \u00eendem\u00e2n\u0103 medica\u021bia recomandat\u0103 de medic \u0219i s\u0103 urmeze planul terapeutic stabilit, pentru a reduce riscul unor episoade severe \u00een perioadele cu temperaturi extreme. Respectarea tratamentului, hidratarea corespunz\u0103toare \u0219i evitarea expunerii prelungite la canicul\u0103 reprezint\u0103 cele mai importante m\u0103suri pentru protejarea s\u0103n\u0103t\u0103\u021bii copiilor cu boli respiratorii.<\/p>\n<\/div>\n<p>[analyse_source url=&#8221;https:\/\/orasul-timisoara.ro\/local-39980\/&#8221;]<\/p>\n","protected":false},"excerpt":{"rendered":"<p>[analyse_image type=&#8221;featured&#8221; src=&#8221;https:\/\/orasul-timisoara.ro\/wp-content\/uploads\/2026\/08\/mama-fiica-pahar-apa-canicula.jpg&#8221;] S\u0103n\u0103tateMedicii avertizeaz\u0103: Canicula poate agrava bolile respiratorii la copii S\u0103n\u0103tate \u0218tiri Locale \u0218tiri na\u021bionale \u0219i interna\u021bionale Medicii avertizeaz\u0103: Canicula poate agrava bolile respiratorii la copii De c\u0103tre redactia &#8211; 03\/08\/2026 Facebook Twitter WhatsApp Linkedin ReddIt Email Imprimare Temperaturile extrem de ridicate din aceast\u0103 perioad\u0103 pot avea efecte serioase asupra copiilor care sufer\u0103 [&hellip;]<\/p>\n","protected":false},"author":1,"featured_media":0,"comment_status":"open","ping_status":"","sticky":false,"template":"","format":"standard","meta":{"footnotes":""},"categories":[89],"tags":[226,189],"class_list":["post-2075081","post","type-post","status-publish","format-standard","hentry","category-romania","tag-crawlmanager","tag-orasul-timisoara-ro"],"_links":{"self":[{"href":"https:\/\/analyse.optim.biz\/index.php?rest_route=\/wp\/v2\/posts\/2075081","targetHints":{"allow":["GET"]}}],"collection":[{"href":"https:\/\/analyse.optim.biz\/index.php?rest_route=\/wp\/v2\/posts"}],"about":[{"href":"https:\/\/analyse.optim.biz\/index.php?rest_route=\/wp\/v2\/types\/post"}],"author":[{"embeddable":true,"href":"https:\/\/analyse.optim.biz\/index.php?rest_route=\/wp\/v2\/users\/1"}],"replies":[{"embeddable":true,"href":"https:\/\/analyse.optim.biz\/index.php?rest_route=%2Fwp%2Fv2%2Fcomments&post=2075081"}],"version-history":[{"count":0,"href":"https:\/\/analyse.optim.biz\/index.php?rest_route=\/wp\/v2\/posts\/2075081\/revisions"}],"wp:attachment":[{"href":"https:\/\/analyse.optim.biz\/index.php?rest_route=%2Fwp%2Fv2%2Fmedia&parent=2075081"}],"wp:term":[{"taxonomy":"category","embeddable":true,"href":"https:\/\/analyse.optim.biz\/index.php?rest_route=%2Fwp%2Fv2%2Fcategories&post=2075081"},{"taxonomy":"post_tag","embeddable":true,"href":"https:\/\/analyse.optim.biz\/index.php?rest_route=%2Fwp%2Fv2%2Ftags&post=2075081"}],"curies":[{"name":"wp","href":"https:\/\/api.w.org\/{rel}","templated":true}]}}