{"id":2075064,"date":"2026-08-03T13:41:53","date_gmt":"2026-08-03T10:41:53","guid":{"rendered":"https:\/\/analyse.optim.biz\/?p=2075064"},"modified":"2026-08-03T13:41:53","modified_gmt":"2026-08-03T10:41:53","slug":"dacia-si-ford-au-suspendat-productia-pana-pe-19-august-din-cauza-crizei-energetice","status":"publish","type":"post","link":"https:\/\/analyse.optim.biz\/?p=2075064","title":{"rendered":"Dacia \u0219i Ford au suspendat produc\u021bia p\u00e2n\u0103 pe 19 august din cauza crizei energetice"},"content":{"rendered":"<p>[analyse_image type=&#8221;featured&#8221; src=&#8221;https:\/\/r3media.ro\/wp-content\/uploads\/2024\/09\/piata-europeana-de-masini-in-criza-e1727169207536.pnghttps:\/\/r3media.ro\/wp-content\/uploads\/2024\/09\/piata-europeana-de-masini-in-criza-e1727169207536.png&#8221;]<\/p>\n<article id=\"template-id-109\" class=\"post-109 tdb_templates type-tdb_templates status-publish post\">\n<div id=\"tdi_2\" class=\"tdc-zone\">\n<div class=\"tdc_zone tdi_3  wpb_row td-pb-row\">\n<div id=\"tdi_4\" class=\"tdc-row\">\n<div class=\"vc_row tdi_5  wpb_row td-pb-row\">\n<div class=\"vc_column tdi_7  wpb_column vc_column_container tdc-column td-pb-span8\">\n<div class=\"wpb_wrapper\">\n<div class=\"td_block_wrap tdb_breadcrumbs tdi_8 td-pb-border-top td_block_template_1 tdb-breadcrumbs \" data-td-block-uid=\"tdi_8\">\n<div class=\"tdb-block-inner td-fix-index\"><span><a title=\"Vede\u021bi toate articolele \u00een ENERGIE\" class=\"tdb-entry-crumb\" href=\"https:\/\/r3media.ro\/category\/energie\/\">ENERGIE<\/a><\/span><span class=\"tdb-bred-no-url-last\">Dacia \u0219i Ford au suspendat produc\u021bia p\u00e2n\u0103 pe 19 august din cauza&#8230;<\/span><\/div>\n<\/div>\n<div class=\"td_block_wrap tdb_single_categories tdi_9 td-pb-border-top td_block_template_1 \" data-td-block-uid=\"tdi_9\">\n<div class=\"tdb-category td-fix-index\"><a class=\"tdb-entry-category\" href=\"https:\/\/r3media.ro\/category\/energie\/\">ENERGIE<\/a><a class=\"tdb-entry-category\" href=\"https:\/\/r3media.ro\/category\/featured\/\">FEATURED<\/a><a class=\"tdb-entry-category\" href=\"https:\/\/r3media.ro\/category\/stiri\/\">\u0218TIRI<\/a><\/div>\n<\/div>\n<div class=\"td_block_wrap tdb_title tdi_10 tdb-single-title td-pb-border-top td_block_template_1\" data-td-block-uid=\"tdi_10\">\n<div class=\"tdb-block-inner td-fix-index\">\n<h1 class=\"tdb-title-text\">Dacia \u0219i Ford au suspendat produc\u021bia p\u00e2n\u0103 pe 19 august din cauza crizei energetice<\/h1>\n<\/div>\n<\/div>\n<div class=\"vc_row_inner tdi_12  vc_row vc_inner wpb_row td-pb-row\">\n<div class=\"vc_column_inner tdi_14  wpb_column vc_column_container tdc-inner-column td-pb-span12\">\n<div class=\"vc_column-inner\">\n<div class=\"wpb_wrapper\">\n<div class=\"td_block_wrap tdb_single_author tdi_15 td-pb-border-top td_block_template_1 tdb-post-meta\" data-td-block-uid=\"tdi_15\">\n<div class=\"tdb-block-inner td-fix-index\">\n<div class=\"tdb-author-name-wrap\"><a class=\"tdb-author-name\" href=\"https:\/\/r3media.ro\/author\/oana\/\">Oana Ivan<\/a><\/div>\n<\/div>\n<\/div>\n<div class=\"td_block_wrap tdb_single_date tdi_16 td-pb-border-top td_block_template_1 tdb-post-meta\" data-td-block-uid=\"tdi_16\">\n<div class=\"tdb-block-inner td-fix-index\"><time class=\"entry-date updated td-module-date\" datetime=\"2026-08-03T16:41:53+03:00\">03\/08\/2026<\/time><\/div>\n<\/div>\n<\/div>\n<\/div>\n<\/div>\n<\/div>\n<div class=\"td_block_wrap tdb_single_featured_image tdi_17 tdb-content-horiz-left td-pb-border-top td_block_template_1\" data-td-block-uid=\"tdi_17\">\n<div class=\"tdb-block-inner td-fix-index\">\n<figure><figcaption class=\"tdb-caption-text\">Surs\u0103 &#8211; Freepik<\/figcaption><\/figure>\n<\/div>\n<\/div>\n<div class=\"td_block_wrap tdb_single_content tdi_18 td-pb-border-top td_block_template_1 td-post-content tagdiv-type\" data-td-block-uid=\"tdi_18\">\n<div class=\"tdb-block-inner td-fix-index\">\n<p><strong>Produc\u0103torii din industria auto <a href=\"https:\/\/r3media.ro\/tag\/dacia\/\" target=\"_blank\" rel=\"noopener\">Dacia<\/a> \u0219i <a href=\"https:\/\/r3media.ro\/tag\/ford\/\" target=\"_blank\" rel=\"noopener\">Ford<\/a> au suspendat temporar produc\u021bia p\u00e2n\u0103 pe 19 august. Decizia a fost luat\u0103 \u00een urma apelului la responsabilitate al Guvernului \u021bin\u00e2nd cont de criza energetic\u0103. Ilie Bolojan a precizat c\u0103 m\u0103sura luat\u0103 de cele dou\u0103 companii a dus deja la o reducere de 200 MW a consumului na\u021bional de energie electric\u0103 \u00een diminea\u021ba zilei de luni.<\/strong><\/p>\n<p>Primul-ministru a ad\u0103ugat c\u0103 \u0219i alte companii \u00ee\u0219i vor reduce voluntar consumul la energie \u00een urm\u0103toarea perioad\u0103.<\/p>\n<p>\u201e\u00cen discu\u021biile pe care le-am avut ast\u0103zi cu principalii consumatori, am convenit c\u0103 fiecare dintre d\u00e2n\u0219ii va lua m\u0103suri pentru reducerea voluntar\u0103 a consumului \u00een orele de sear\u0103, func\u021bie de profilul pe care \u00eel au \u0219i de tehnologia pe care o opereaz\u0103. Pentru c\u0103 unii pot s\u0103 opreasc\u0103 exact \u00eentr-un anumit interval orar \u0219i pot reporni u\u0219or f\u0103r\u0103 s\u0103 li se afecteze procesul de produc\u021bie. Alte companii nu-\u0219i permit acest lucru. Trebuie s\u0103 asigure un consum minim pentru ca instala\u021biile s\u0103 poat\u0103 func\u021biona \u00een condi\u021bii normale.<\/p>\n<p>Una dintre m\u0103surile puse \u00een practic\u0103 \u00een aceste zile este intrarea \u00een mentenan\u021b\u0103 \u0219i repara\u021bii.<\/p>\n<p>Dou\u0103 companii importante, mari consumatori de energie, Dacia \u0219i Ford, sunt de ast\u0103zi cu produc\u021bia oprit\u0103 p\u00e2n\u0103 pe data de 19 (august \u2013 n.r.), ceea ce \u00eenseamn\u0103 o economie de aproximativ 200 MW. Aceast\u0103 decizie o vor lua \u0219i alte companii, astfel \u00eenc\u00e2t s\u0103 avem o reducere voluntar\u0103 a consumului de energie la orele de sear\u0103\u2033, a spus <a href=\"https:\/\/r3media.ro\/tag\/ilie-bolojan\/\" target=\"_blank\" rel=\"noopener\">Ilie Bolojan<\/a>.<\/p>\n<h2><strong>Rom\u00e2nia import\u0103 energie din Ucraina<\/strong><\/h2>\n<p>Din cauza \u00eenchiderii capacit\u0103ilor de produc\u021bie pe c\u0103rbune \u0219i crizei energetice acutale, <strong><a href=\"https:\/\/r3media.ro\/romania-importa-energie-ucraina-ilie-bolojan-stare-de-alerta\/\" target=\"_blank\" rel=\"noopener\">Rom\u00e2nia import\u0103 energie din Ucraina<\/a><\/strong>. Situa\u021bia nu se prefigureaz\u0103 a fi bun\u0103 nici \u00een viitor, deoarece debitul Dun\u0103rii continu\u0103 s\u0103 scad\u0103.<\/p>\n<p>\u201eA\u0219a cum Rom\u00e2nia, \u00een situa\u021bia \u00een care Ucraina a avut probleme de alimentare cu energie electric\u0103 \u00een ultimii ani, a alocat atunci c\u00e2nd a fost nevoie cote de energie \u00een regim comercial, \u0219i Ucraina, tot \u00een regim comercial, \u00een condi\u021bii de pia\u021b\u0103, aloc\u0103 aceste cote de energie \u0219i, atunci c\u00e2nd au capacitate \u00een rezerv\u0103, a\u0219a cum se \u00eent\u00e2mpl\u0103 \u00een aceast\u0103 perioad\u0103, au fost de acord s\u0103 exporte practic energie electric\u0103 \u00een Rom\u00e2nia \u00een a\u0219a fel \u00eenc\u00e2t s\u0103 ne echilibreze sistemul energetic na\u021bional.<\/p>\n<p>Sunt proceduri standard care se aplic\u0103. Transelectrica le-a aplicat de mai multe ori. Acum e o formul\u0103 de reciprocitate. Exist\u0103 un surplus de energie o perioad\u0103 de timp \u00een Ucraina care poate fi exportat\u2033, a declarat premierul.<\/p>\n<p>Bolojan a precizat c\u0103 a discutat cu oficiali ucraineni pentru a sus\u021bine Rom\u00e2nia cu produc\u021bie de energie.<\/p>\n<h2><strong>Dacia, cel mai valoros brand rom\u00e2nesc<\/strong><\/h2>\n<p>\u00a0<\/p>\n<p>\u201eDacia\u201d r\u0103m\u00e2ne <strong><a href=\"https:\/\/r3media.ro\/dacia-ramane-brand-romanesc-banca-transilvania\/\" target=\"_blank\" rel=\"noopener\">cel mai valoros brand rom\u00e2nesc<\/a><\/strong>, \u00een timp ce Banca Transilvania este cea mai puternic\u0103 marc\u0103 autohton\u0103, se arat\u0103 \u00eentr-un top realizat de Brand Finance \u0219i publicat de Profit.ro. Marca de automobile \u00eenfiin\u021bat\u0103 \u00een 1966 are o valoare de 1,2 de miliarde de euro.<\/p>\n<p>Totodat\u0103, Banca Transilvania a urcat pe locul al doilea \u00een topul celor mai valoroase branduri. Valoarea de brand se ridic\u0103 la 876 de milioane de euro.<\/p>\n<p>Brandul Dacia este un simbol al industriei rom\u00e2ne\u0219ti \u0219i are misiunea de a oferi ma\u0219ini accesibile \u0219i robuste. De la legendarul model Dacia 1300, care a mobilizat genera\u021bii \u00eentregi de rom\u00e2ni, brandul s-a definit de-a lungul deceniilor prin simplitate, utilitate \u0219i o leg\u0103tur\u0103 str\u00e2ns\u0103 cu identitatea na\u021bional\u0103.<\/p>\n<p>Dup\u0103 preluarea de c\u0103tre Renault \u0219i lansarea Logan \u00een 2004, Dacia s-a transformat \u00eentr-un succes global uria\u0219. Ast\u0103zi, prin modele emblematice precum Duster sau Spring, Dacia este lider european pe segmentul achizi\u021biilor inteligente. Automobilul din Rom\u00e2nia combin\u0103 pragmatismul cu un design modern \u0219i aventuros.<\/p>\n<div class=\"crp_related     crp-masonry\">\n<h2>\u00ceN CONTEXT<\/h2>\n<ul>\n<li><a href=\"https:\/\/r3media.ro\/propunere-bruxelles-industria-auto-romania-dacia-ford-otosan\/\" class=\"crp_link post-116333\"><span class=\"crp_title\">Propunere de la Bruxelles cu poten\u021bial impact masiv pentru industria auto din Rom\u00e2nia: Dacia\u2026<\/span><\/a><\/li>\n<li><a href=\"https:\/\/r3media.ro\/dacia-urmeaza-da-afara-900-angajati-cerere-scazuta-autovehicule-reducere-productie-mioveni\/\" class=\"crp_link post-114219\"><span class=\"crp_title\">Dacia urmeaz\u0103 s\u0103 dea afar\u0103 900 de angaja\u021bi, din cauza cererii sc\u0103zute de autovehicule \u0219i\u2026<\/span><\/a><\/li>\n<li><a href=\"https:\/\/r3media.ro\/industria-auto-europeana-software-romania\/\" class=\"crp_link post-119884\"><span class=\"crp_title\">Industria auto european\u0103 \u00ee\u0219i pune software-ul \u00een comun. Impactul asupra Rom\u00e2niei<\/span><\/a><\/li>\n<li><a href=\"https:\/\/r3media.ro\/dacia-ramane-brand-romanesc-banca-transilvania\/\" class=\"crp_link post-116721\"><span class=\"crp_title\">Dacia r\u0103m\u00e2ne cel mai valoros brand rom\u00e2nesc. Banca Transilvania, cea mai puternic\u0103 marc\u0103<\/span><\/a><\/li>\n<li><a href=\"https:\/\/r3media.ro\/cehia-capacitati-carbune-romania-criza-energetica\/\" class=\"crp_link post-120782\"><span class=\"crp_title\">Cehia a \u00eenchis doar o treime din capacit\u0103\u021bile pe c\u0103rbune, \u00een ultimii 14 ani \u0219i nu trece prin\u2026<\/span><\/a><\/li>\n<li><a href=\"https:\/\/r3media.ro\/sursa-crizei-energetice-radu-miruta-romania-capacitati-carbune-seceta\/\" class=\"crp_link post-120768\"><span class=\"crp_title\">Sursa crizei energetice. Ministrul Radu Miru\u021b\u0103: Rom\u00e2nia a \u00eenchis capacit\u0103\u021bi de produc\u021bie pe\u2026<\/span><\/a><\/li>\n<li><a href=\"https:\/\/r3media.ro\/romania-importa-energie-ucraina-ilie-bolojan-stare-de-alerta\/\" class=\"crp_link post-120674\"><span class=\"crp_title\">Rom\u00e2nia a ajuns s\u0103 importe energie de la Ucraina, stat aflat \u00een r\u0103zboi. Ilie Bolojan a\u2026<\/span><\/a><\/li>\n<li><a href=\"https:\/\/r3media.ro\/masuri-disperate-tari-asia-benzina-cartela-interzisa-folosire-liftului-aer-conditionat-masini-comun-purtare-haine-subtiri\/\" class=\"crp_link post-115534\"><span class=\"crp_title\">M\u0103suri disperate \u00een \u021b\u0103rile din Asia: benzin\u0103 pe cartel\u0103, interzis\u0103 folosirea liftului \u0219i\u2026<\/span><\/a><\/li>\n<\/ul>\n<\/div>\n<\/div>\n<\/div>\n<div class=\"td_block_wrap tdb_single_tags tdi_19 td-pb-border-top td_block_template_1\" data-td-block-uid=\"tdi_19\">\n<div class=\"tdb-block-inner td-fix-index\">\n<ul class=\"tdb-tags\">\n<li><span>SUBIECTE FIERBIN\u021aI<\/span><\/li>\n<li><a href=\"https:\/\/r3media.ro\/tag\/criza-energetica\/\">criza energetica<\/a><\/li>\n<li><a href=\"https:\/\/r3media.ro\/tag\/dacia\/\">dacia<\/a><\/li>\n<li><a href=\"https:\/\/r3media.ro\/tag\/ford\/\">ford<\/a><\/li>\n<\/ul>\n<\/div>\n<\/div>\n<div class=\"td_block_wrap td_block_9 tdi_20 td_with_ajax_pagination td-pb-border-top td_block_template_1 td-column-2 td_block_padding td_block_bot_line\" data-td-block-uid=\"tdi_20\">\n<div class=\"td-block-title-wrap\">\n<h4 class=\"block-title td-block-title\"><span class=\"td-pulldown-size\">CITE\u0218TE MAI MULT<\/span><\/h4>\n<\/div>\n<div id=\"tdi_20\" class=\"td_block_inner\">\n<div class=\"td-block-row\">\n<div class=\"td-block-span6\">\n<div class=\"td_module_8 td_module_wrap\">\n<div class=\"item-details\">\n<h3 class=\"entry-title td-module-title\"><a href=\"https:\/\/r3media.ro\/hyundai-recheama-service-masini-electrice-inster-risc-incendiu\/\" rel=\"bookmark\" title=\"Hyundai recheam\u0103 \u00een service zeci de mii de ma\u0219ini electrice din cauza riscului de incendiu\">Hyundai recheam\u0103 \u00een service zeci de mii de ma\u0219ini electrice din cauza riscului de&#8230;<\/a><\/h3>\n<div class=\"td-module-meta-info\"><a href=\"https:\/\/r3media.ro\/category\/actualitate\/\" class=\"td-post-category\">ACTUALITATE<\/a><span class=\"td-post-author-name\"><a href=\"https:\/\/r3media.ro\/author\/oana\/\">Oana Ivan<\/a><span>&#8211;<\/span><\/span><span class=\"td-post-date\"><time class=\"entry-date updated td-module-date\" datetime=\"2026-08-02T08:34:05+03:00\">02\/08\/2026<\/time><\/span><\/div>\n<\/div>\n<\/div>\n<\/div>\n<div class=\"td-block-span6\">\n<div class=\"td_module_8 td_module_wrap\">\n<div class=\"item-details\">\n<h3 class=\"entry-title td-module-title\"><a href=\"https:\/\/r3media.ro\/dragostea-care-transcende-epoci-descult-in-parc-1967\/\" rel=\"bookmark\" title=\"Dragostea care transcende epoci \u2014 Descul\u021b \u00een parc (1967)\">Dragostea care transcende epoci \u2014 Descul\u021b \u00een parc (1967)<\/a><\/h3>\n<div class=\"td-module-meta-info\"><a href=\"https:\/\/r3media.ro\/category\/opinii\/\" class=\"td-post-category\">OPINII<\/a><span class=\"td-post-author-name\"><a href=\"https:\/\/r3media.ro\/author\/costi_balasoiu\/\">Constantin B\u0103l\u0103\u0219oiu<\/a><span>&#8211;<\/span><\/span><span class=\"td-post-date\"><time class=\"entry-date updated td-module-date\" datetime=\"2026-08-01T13:45:14+03:00\">01\/08\/2026<\/time><\/span><\/div>\n<\/div>\n<\/div>\n<\/div>\n<\/div>\n<div class=\"td-block-row\">\n<div class=\"td-block-span6\">\n<div class=\"td_module_8 td_module_wrap\">\n<div class=\"item-details\">\n<h3 class=\"entry-title td-module-title\"><a href=\"https:\/\/r3media.ro\/masina-electrica-foc-turcia-incarcat-vehicul-explozie-pompieri-stingere-incendiu-video\/\" rel=\"bookmark\" title=\"VIDEO | O ma\u0219in\u0103 electric\u0103 a luat foc \u00een timp ce se afla la \u00eenc\u0103rcat. Vehiculul a explodat chiar c\u00e2nd pompierii \u00eencercau s\u0103 sting\u0103 incendiul folosind o p\u0103tur\u0103 ignifug\u0103\">VIDEO | O ma\u0219in\u0103 electric\u0103 a luat foc \u00een timp ce se afla la&#8230;<\/a><\/h3>\n<div class=\"td-module-meta-info\"><a href=\"https:\/\/r3media.ro\/category\/actualitate\/\" class=\"td-post-category\">ACTUALITATE<\/a><span class=\"td-post-author-name\"><a href=\"https:\/\/r3media.ro\/author\/oana\/\">Oana Ivan<\/a><span>&#8211;<\/span><\/span><span class=\"td-post-date\"><time class=\"entry-date updated td-module-date\" datetime=\"2026-07-31T13:33:48+03:00\">31\/07\/2026<\/time><\/span><\/div>\n<\/div>\n<\/div>\n<\/div>\n<div class=\"td-block-span6\">\n<div class=\"td_module_8 td_module_wrap\">\n<div class=\"item-details\">\n<h3 class=\"entry-title td-module-title\"><a href=\"https:\/\/r3media.ro\/spania-asediu-migranti-exclava-ceuta-africa-madrid-trupe-securitate-video\/\" rel=\"bookmark\" title=\"VIDEO | Spania se afl\u0103 sub asediu: Mii de migran\u021bi au luat cu asalt exclava Ceuta din Africa. Madridul a trimis trupe pentru a consolida securitatea\">VIDEO | Spania se afl\u0103 sub asediu: Mii de migran\u021bi au luat cu asalt&#8230;<\/a><\/h3>\n<div class=\"td-module-meta-info\"><a href=\"https:\/\/r3media.ro\/category\/actualitate\/\" class=\"td-post-category\">ACTUALITATE<\/a><span class=\"td-post-author-name\"><a href=\"https:\/\/r3media.ro\/author\/oana\/\">Oana Ivan<\/a><span>&#8211;<\/span><\/span><span class=\"td-post-date\"><time class=\"entry-date updated td-module-date\" datetime=\"2026-07-31T12:39:57+03:00\">31\/07\/2026<\/time><\/span><\/div>\n<\/div>\n<\/div>\n<\/div>\n<\/div>\n<div class=\"td-block-row\">\n<div class=\"td-block-span6\">\n<div class=\"td_module_8 td_module_wrap\">\n<div class=\"item-details\">\n<h3 class=\"entry-title td-module-title\"><a href=\"https:\/\/r3media.ro\/expert-ucraina-faliment-agricultura-romaneasca-tehnologii-ue\/\" rel=\"bookmark\" title=\"Un expert explic\u0103 felul \u00een care concuren\u021ba din Ucraina bag\u0103 \u00een faliment agricultura rom\u00e2neasc\u0103: Folosesc tehnologii interzise \u00een UE\">Un expert explic\u0103 felul \u00een care concuren\u021ba din Ucraina bag\u0103 \u00een faliment agricultura rom\u00e2neasc\u0103:&#8230;<\/a><\/h3>\n<div class=\"td-module-meta-info\"><a href=\"https:\/\/r3media.ro\/category\/actualitate\/\" class=\"td-post-category\">ACTUALITATE<\/a><span class=\"td-post-author-name\"><a href=\"https:\/\/r3media.ro\/author\/radu_ursan\/\">Radu Ursan<\/a><span>&#8211;<\/span><\/span><span class=\"td-post-date\"><time class=\"entry-date updated td-module-date\" datetime=\"2026-07-30T09:51:48+03:00\">30\/07\/2026<\/time><\/span><\/div>\n<\/div>\n<\/div>\n<\/div>\n<div class=\"td-block-span6\">\n<div class=\"td_module_8 td_module_wrap\">\n<div class=\"item-details\">\n<h3 class=\"entry-title td-module-title\"><a href=\"https:\/\/r3media.ro\/cornel-nistorescu-drone-razboi-ucraina\/\" rel=\"bookmark\" title=\"Cornel Nistorescu, dup\u0103 incidentele cu drone: Adie a aer de r\u0103zboi. De mirare c\u0103 dronele ucrainene nu au st\u00e2rnit at\u00e2ta t\u0103r\u0103boi\">Cornel Nistorescu, dup\u0103 incidentele cu drone: Adie a aer de r\u0103zboi. De mirare c\u0103&#8230;<\/a><\/h3>\n<div class=\"td-module-meta-info\"><a href=\"https:\/\/r3media.ro\/category\/actualitate\/\" class=\"td-post-category\">ACTUALITATE<\/a><span class=\"td-post-author-name\"><a href=\"https:\/\/r3media.ro\/author\/radu_ursan\/\">Radu Ursan<\/a><span>&#8211;<\/span><\/span><span class=\"td-post-date\"><time class=\"entry-date updated td-module-date\" datetime=\"2026-07-28T10:21:51+03:00\">28\/07\/2026<\/time><\/span><\/div>\n<\/div>\n<\/div>\n<\/div>\n<\/div>\n<div class=\"td-block-row\">\n<div class=\"td-block-span6\">\n<div class=\"td_module_8 td_module_wrap\">\n<div class=\"item-details\">\n<h3 class=\"entry-title td-module-title\"><a href=\"https:\/\/r3media.ro\/bnr-recomanda-romani-rezerve-de-cash-atacuri-cibernetice-numerar-relevant-criza\/\" rel=\"bookmark\" title=\"BNR le recomand\u0103 rom\u00e2nilor s\u0103 p\u0103streze rezerve de cash: Numerarul se poate dovedi relevant \u00een criz\u0103\">BNR le recomand\u0103 rom\u00e2nilor s\u0103 p\u0103streze rezerve de cash: Numerarul se poate dovedi relevant&#8230;<\/a><\/h3>\n<div class=\"td-module-meta-info\"><a href=\"https:\/\/r3media.ro\/category\/actualitate\/\" class=\"td-post-category\">ACTUALITATE<\/a><span class=\"td-post-author-name\"><a href=\"https:\/\/r3media.ro\/author\/oana\/\">Oana Ivan<\/a><span>&#8211;<\/span><\/span><span class=\"td-post-date\"><time class=\"entry-date updated td-module-date\" datetime=\"2026-07-27T13:11:47+03:00\">27\/07\/2026<\/time><\/span><\/div>\n<\/div>\n<\/div>\n<\/div>\n<div class=\"td-block-span6\">\n<div class=\"td_module_8 td_module_wrap\">\n<div class=\"item-details\">\n<h3 class=\"entry-title td-module-title\"><a href=\"https:\/\/r3media.ro\/statul-roman-a-semnat-actul-propriei-disparitii\/\" rel=\"bookmark\" title=\"Statul rom\u00e2n a semnat actul propriei dispari\u021bii?\">Statul rom\u00e2n a semnat actul propriei dispari\u021bii?<\/a><\/h3>\n<div class=\"td-module-meta-info\"><a href=\"https:\/\/r3media.ro\/category\/opinii\/\" class=\"td-post-category\">OPINII<\/a><span class=\"td-post-author-name\"><a href=\"https:\/\/r3media.ro\/author\/gabipopa\/\">Gabriel Popa<\/a><span>&#8211;<\/span><\/span><span class=\"td-post-date\"><time class=\"entry-date updated td-module-date\" datetime=\"2026-07-27T15:07:05+03:00\">27\/07\/2026<\/time><\/span><\/div>\n<\/div>\n<\/div>\n<\/div>\n<\/div>\n<div class=\"td-block-row\">\n<div class=\"td-block-span6\">\n<div class=\"td_module_8 td_module_wrap\">\n<div class=\"item-details\">\n<h3 class=\"entry-title td-module-title\"><a href=\"https:\/\/r3media.ro\/prima-oara-istorie-presedintia-document-primplan-patriotism-european\/\" rel=\"bookmark\" title=\"Pentru prima oar\u0103 \u00een istorie, Pre\u0219edin\u021bia Rom\u00e2niei emite un document care pune pe primul plan o alt\u0103 entitate dec\u00e2t \u021bara noastr\u0103: patriotismul european\">Pentru prima oar\u0103 \u00een istorie, Pre\u0219edin\u021bia Rom\u00e2niei emite un document care pune pe primul&#8230;<\/a><\/h3>\n<div class=\"td-module-meta-info\"><a href=\"https:\/\/r3media.ro\/category\/actualitate\/\" class=\"td-post-category\">ACTUALITATE<\/a><span class=\"td-post-author-name\"><a href=\"https:\/\/r3media.ro\/author\/teodor_stan\/\">Teodor Stan<\/a><span>&#8211;<\/span><\/span><span class=\"td-post-date\"><time class=\"entry-date updated td-module-date\" datetime=\"2026-07-26T11:44:31+03:00\">26\/07\/2026<\/time><\/span><\/div>\n<\/div>\n<\/div>\n<\/div>\n<div class=\"td-block-span6\">\n<div class=\"td_module_8 td_module_wrap\">\n<div class=\"item-details\">\n<h3 class=\"entry-title td-module-title\"><a href=\"https:\/\/r3media.ro\/film-nou-stapanul-inelelor-corect-politic-regizor-andy-serkis-diversitate-tolkien-mitologie-nordica\/\" rel=\"bookmark\" title=\"Noul film \u201eSt\u0103p\u00e2nul Inelelor\u201d nu va fi corect politic. Regizorul Andy Serkis: J.R.R. Tolkien a fost influen\u021bat de mitologia nordic\u0103. Nu vrem o distribu\u021bie de dragul de a bifa c\u0103su\u021be\">Noul film \u201eSt\u0103p\u00e2nul Inelelor\u201d nu va fi corect politic. Regizorul Andy Serkis: J.R.R. Tolkien&#8230;<\/a><\/h3>\n<div class=\"td-module-meta-info\"><a href=\"https:\/\/r3media.ro\/category\/actualitate\/\" class=\"td-post-category\">ACTUALITATE<\/a><span class=\"td-post-author-name\"><a href=\"https:\/\/r3media.ro\/author\/oana\/\">Oana Ivan<\/a><span>&#8211;<\/span><\/span><span class=\"td-post-date\"><time class=\"entry-date updated td-module-date\" datetime=\"2026-07-26T15:49:31+03:00\">26\/07\/2026<\/time><\/span><\/div>\n<\/div>\n<\/div>\n<\/div>\n<\/div>\n<div class=\"td-block-row\">\n<div class=\"td-block-span6\">\n<div class=\"td_module_8 td_module_wrap\">\n<div class=\"item-details\">\n<h3 class=\"entry-title td-module-title\"><a href=\"https:\/\/r3media.ro\/dictatura-forma-suprema-a-democratiei\/\" rel=\"bookmark\" title=\"Dictatura \u2013 forma suprem\u0103 a democra\u021biei\">Dictatura \u2013 forma suprem\u0103 a democra\u021biei<\/a><\/h3>\n<div class=\"td-module-meta-info\"><a href=\"https:\/\/r3media.ro\/category\/opinii\/\" class=\"td-post-category\">OPINII<\/a><span class=\"td-post-author-name\"><a href=\"https:\/\/r3media.ro\/author\/tru\/\">TRU (Traian Ungureanu)<\/a><span>&#8211;<\/span><\/span><span class=\"td-post-date\"><time class=\"entry-date updated td-module-date\" datetime=\"2026-07-25T16:43:11+03:00\">25\/07\/2026<\/time><\/span><\/div>\n<\/div>\n<\/div>\n<\/div>\n<div class=\"td-block-span6\">\n<div class=\"td_module_8 td_module_wrap\">\n<div class=\"item-details\">\n<h3 class=\"entry-title td-module-title\"><a href=\"https:\/\/r3media.ro\/marea-britanie-apa-inteligenta-artificiala-romania-centru-ai-restrictii-consum-apa\/\" rel=\"bookmark\" title=\"Marea Britanie nu mai are suficient\u0103 ap\u0103 pentru Inteligen\u021ba Artificial\u0103, dar Rom\u00e2nia vrea s\u0103 g\u0103zduiasc\u0103 un centru AI care consum\u0103 c\u00e2t sute de mii de oameni \u0219i impune restric\u021bii la consumul de ap\u0103 al popula\u021biei\">Marea Britanie nu mai are suficient\u0103 ap\u0103 pentru Inteligen\u021ba Artificial\u0103, dar Rom\u00e2nia vrea s\u0103&#8230;<\/a><\/h3>\n<div class=\"td-module-meta-info\"><a href=\"https:\/\/r3media.ro\/category\/actualitate\/\" class=\"td-post-category\">ACTUALITATE<\/a><span class=\"td-post-author-name\"><a href=\"https:\/\/r3media.ro\/author\/radu_ursan\/\">Radu Ursan<\/a><span>&#8211;<\/span><\/span><span class=\"td-post-date\"><time class=\"entry-date updated td-module-date\" datetime=\"2026-07-23T11:44:13+03:00\">23\/07\/2026<\/time><\/span><\/div>\n<\/div>\n<\/div>\n<\/div>\n<\/div>\n<\/div>\n<div class=\"td-load-more-wrap td-load-more-infinite-wrap\" id=\"infinite-lm-tdi_20\"><a href=\"https:\/\/r3media.ro\/dacia-ford-suspendare-productie-19-august-criza-energetica\/\" class=\"td_ajax_load_more td_ajax_load_more_js\" aria-label=\"\u00cenc\u0103rca\u021bi mai multe\" id=\"next-page-tdi_20\" data-td_block_id=\"tdi_20\">\u00cenc\u0103rca\u021bi mai multe<\/a><\/div>\n<\/div>\n<div class=\"td_block_wrap tdb_single_comments tdi_21 tdb-comm-layout2 td-pb-border-top td_block_template_1\" data-td-block-uid=\"tdi_21\">\n<div class=\"tdb-block-inner td-fix-index\">\n<div class=\"comments\" id=\"comments\">\n<div id=\"respond\" class=\"comment-respond\">\n<h3 id=\"reply-title\" class=\"comment-reply-title\">AI CEVA DE SPUS? <small><a rel=\"nofollow\" id=\"cancel-comment-reply-link\" href=\"https:\/\/r3media.ro\/dacia-ford-suspendare-productie-19-august-criza-energetica\/#respond\">Renun\u021ba\u021bi la r\u0103spuns<\/a><\/small><\/h3>\n<div class=\"comment-form-input-wrap td-form-comment\">\n<div class=\"td-warning-comment\">V\u0103 rug\u0103m s\u0103 introduce\u021bi comentariul dvs.!<\/div>\n<\/div>\n<div class=\"comment-form-input-wrap td-form-author\">\n<div class=\"td-warning-author\">Introduce\u021bi aici numele dvs.<\/div>\n<\/div>\n<div class=\"comment-form-input-wrap td-form-email\">\n<div class=\"td-warning-email-error\">A\u021bi introdus o adres\u0103 de e-mail incorect\u0103!<\/div>\n<div class=\"td-warning-email\">V\u0103 rug\u0103m s\u0103 introduce\u021bi adresa dvs. de e-mail aici<\/div>\n<\/div>\n<\/div>\n<\/div>\n<\/div>\n<\/div>\n<\/div>\n<\/div>\n<div class=\"vc_column tdi_23  wpb_column vc_column_container tdc-column td-pb-span4 td-is-sticky\">\n<div class=\"wpb_wrapper\" data-sticky-enabled-on=\"W3RydWUsdHJ1ZSx0cnVlLHRydWVd\" data-sticky-offset=\"20\" data-sticky-is-width-auto=\"W2ZhbHNlLGZhbHNlLGZhbHNlLGZhbHNlXQ==\">\n<div class=\"wpb_wrapper td_block_wrap vc_widget_sidebar tdi_25 \">\n<div class=\"td_block_wrap td_block_7 td_block_widget tdi_26 td-pb-border-top td_block_template_1 td-column-1 td_block_padding\" data-td-block-uid=\"tdi_26\">\n<div class=\"td-block-title-wrap\">\n<h4 class=\"block-title td-block-title\"><span class=\"td-pulldown-size\">Articole RELA\u021aIONATE<\/span><\/h4>\n<\/div>\n<div id=\"tdi_26\" class=\"td_block_inner\">\n<div class=\"td-block-span12\">\n<div class=\"td_module_6 td_module_wrap td-animation-stack\">\n<div class=\"td-module-thumb\"><a href=\"https:\/\/r3media.ro\/ministr-securitate-energetica-marea-britanie-subventii-net-zero-umfla-facturi-cetateni-energie\/\" rel=\"bookmark\" class=\"td-image-wrap \" title=\"Ministrul Securit\u0103\u021bii Energetice din Marea Britanie neag\u0103 faptul c\u0103 subven\u021biile Net Zero umfl\u0103 facturile cet\u0103\u021benilor la energie\"><img loading=\"lazy\" decoding=\"async\" class=\"entry-thumb\" src=\"https:\/\/r3media.ro\/wp-content\/uploads\/2026\/08\/stalpi-de-inalta-tensiune-100x70.jpg\" alt title=\"Ministrul Securit\u0103\u021bii Energetice din Marea Britanie neag\u0103 faptul c\u0103 subven\u021biile Net Zero umfl\u0103 facturile cet\u0103\u021benilor la energie\" width=\"100\" height=\"70\"><\/a><\/div>\n<div class=\"item-details\">\n<h3 class=\"entry-title td-module-title\"><a href=\"https:\/\/r3media.ro\/ministr-securitate-energetica-marea-britanie-subventii-net-zero-umfla-facturi-cetateni-energie\/\" rel=\"bookmark\" title=\"Ministrul Securit\u0103\u021bii Energetice din Marea Britanie neag\u0103 faptul c\u0103 subven\u021biile Net Zero umfl\u0103 facturile cet\u0103\u021benilor la energie\">Ministrul Securit\u0103\u021bii Energetice din Marea Britanie neag\u0103 faptul c\u0103 subven\u021biile Net&#8230;<\/a><\/h3>\n<div class=\"td-module-meta-info\"><span class=\"td-post-date\"><time class=\"entry-date updated td-module-date\" datetime=\"2026-08-03T17:19:39+03:00\">03\/08\/2026<\/time><\/span><\/div>\n<\/div>\n<\/div>\n<\/div>\n<div class=\"td-block-span12\">\n<div class=\"td_module_6 td_module_wrap td-animation-stack\">\n<div class=\"td-module-thumb\"><a href=\"https:\/\/r3media.ro\/tara-europa-norvegia-masini-electrice-inmatriculate-cota-ridicata\/\" rel=\"bookmark\" class=\"td-image-wrap \" title=\"\u021aara din Europa unde aproape toate ma\u0219inile \u00eenmatriculate sune electrice. Cota a ajuns la 97,6% \u00een iulie\"><img loading=\"lazy\" decoding=\"async\" class=\"entry-thumb\" src=\"https:\/\/r3media.ro\/wp-content\/uploads\/2026\/08\/masini-electrice-pe-strada-in-norvegia-100x70.jpg\" alt title=\"\u021aara din Europa unde aproape toate ma\u0219inile \u00eenmatriculate sune electrice. Cota a ajuns la 97,6% \u00een iulie\" width=\"100\" height=\"70\"><\/a><\/div>\n<div class=\"item-details\">\n<h3 class=\"entry-title td-module-title\"><a href=\"https:\/\/r3media.ro\/tara-europa-norvegia-masini-electrice-inmatriculate-cota-ridicata\/\" rel=\"bookmark\" title=\"\u021aara din Europa unde aproape toate ma\u0219inile \u00eenmatriculate sune electrice. Cota a ajuns la 97,6% \u00een iulie\">\u021aara din Europa unde aproape toate ma\u0219inile \u00eenmatriculate sune electrice. Cota&#8230;<\/a><\/h3>\n<div class=\"td-module-meta-info\"><span class=\"td-post-date\"><time class=\"entry-date updated td-module-date\" datetime=\"2026-08-03T17:01:21+03:00\">03\/08\/2026<\/time><\/span><\/div>\n<\/div>\n<\/div>\n<\/div>\n<div class=\"td-block-span12\">\n<div class=\"td_module_6 td_module_wrap td-animation-stack\">\n<div class=\"td-module-thumb\"><a href=\"https:\/\/r3media.ro\/cehia-capacitati-carbune-romania-criza-energetica\/\" rel=\"bookmark\" class=\"td-image-wrap \" title=\"Cehia a \u00eenchis doar o treime din capacit\u0103\u021bile pe c\u0103rbune, \u00een ultimii 14 ani \u0219i nu trece prin criz\u0103 energetic\u0103. Rom\u00e2nia a oprit APROAPE 70%\"><img loading=\"lazy\" decoding=\"async\" class=\"entry-thumb\" src=\"https:\/\/r3media.ro\/wp-content\/uploads\/2024\/11\/termocentrala-paroseni-696x418-1-100x70.jpg\" alt title=\"Cehia a \u00eenchis doar o treime din capacit\u0103\u021bile pe c\u0103rbune, \u00een ultimii 14 ani \u0219i nu trece prin criz\u0103 energetic\u0103. Rom\u00e2nia a oprit APROAPE 70%\" width=\"100\" height=\"70\"><\/a><\/div>\n<div class=\"item-details\">\n<h3 class=\"entry-title td-module-title\"><a href=\"https:\/\/r3media.ro\/cehia-capacitati-carbune-romania-criza-energetica\/\" rel=\"bookmark\" title=\"Cehia a \u00eenchis doar o treime din capacit\u0103\u021bile pe c\u0103rbune, \u00een ultimii 14 ani \u0219i nu trece prin criz\u0103 energetic\u0103. Rom\u00e2nia a oprit APROAPE 70%\">Cehia a \u00eenchis doar o treime din capacit\u0103\u021bile pe c\u0103rbune, \u00een&#8230;<\/a><\/h3>\n<div class=\"td-module-meta-info\"><span class=\"td-post-date\"><time class=\"entry-date updated td-module-date\" datetime=\"2026-08-03T15:42:38+03:00\">03\/08\/2026<\/time><\/span><\/div>\n<\/div>\n<\/div>\n<\/div>\n<div class=\"td-block-span12\">\n<div class=\"td_module_6 td_module_wrap td-animation-stack\">\n<div class=\"td-module-thumb\"><a href=\"https:\/\/r3media.ro\/sursa-crizei-energetice-radu-miruta-romania-capacitati-carbune-seceta\/\" rel=\"bookmark\" class=\"td-image-wrap \" title=\"Sursa crizei energetice. Ministrul Radu Miru\u021b\u0103: Rom\u00e2nia a \u00eenchis capacit\u0103\u021bi de produc\u021bie pe carbune f\u0103r\u0103 s\u0103 pun\u0103 nimic \u00een loc. Nu te po\u021bi ascunde \u00een spatele secetei\"><img loading=\"lazy\" decoding=\"async\" class=\"entry-thumb\" src=\"https:\/\/r3media.ro\/wp-content\/uploads\/2026\/08\/criza-energetica-romania-sursa-100x70.jpg\" alt title=\"Sursa crizei energetice. Ministrul Radu Miru\u021b\u0103: Rom\u00e2nia a \u00eenchis capacit\u0103\u021bi de produc\u021bie pe carbune f\u0103r\u0103 s\u0103 pun\u0103 nimic \u00een loc. Nu te po\u021bi ascunde \u00een spatele secetei\" width=\"100\" height=\"70\"><\/a><\/div>\n<div class=\"item-details\">\n<h3 class=\"entry-title td-module-title\"><a href=\"https:\/\/r3media.ro\/sursa-crizei-energetice-radu-miruta-romania-capacitati-carbune-seceta\/\" rel=\"bookmark\" title=\"Sursa crizei energetice. Ministrul Radu Miru\u021b\u0103: Rom\u00e2nia a \u00eenchis capacit\u0103\u021bi de produc\u021bie pe carbune f\u0103r\u0103 s\u0103 pun\u0103 nimic \u00een loc. Nu te po\u021bi ascunde \u00een spatele secetei\">Sursa crizei energetice. Ministrul Radu Miru\u021b\u0103: Rom\u00e2nia a \u00eenchis capacit\u0103\u021bi de&#8230;<\/a><\/h3>\n<div class=\"td-module-meta-info\"><span class=\"td-post-date\"><time class=\"entry-date updated td-module-date\" datetime=\"2026-08-03T11:00:21+03:00\">03\/08\/2026<\/time><\/span><\/div>\n<\/div>\n<\/div>\n<\/div>\n<div class=\"td-block-span12\">\n<div class=\"td_module_6 td_module_wrap td-animation-stack\">\n<div class=\"td-module-thumb\"><a href=\"https:\/\/r3media.ro\/donald-trump-negocieri-cu-iran\/\" rel=\"bookmark\" class=\"td-image-wrap \" title=\"Donald Trump anun\u021b\u0103 reluarea negocierilor cu Iranul dup\u0103 ce a anulat un atac major\"><img loading=\"lazy\" decoding=\"async\" class=\"entry-thumb\" src=\"https:\/\/r3media.ro\/wp-content\/uploads\/2021\/08\/UGR4YYGIQNEBLBQNEO6JW3GH74-scaled-100x70.jpg\" alt title=\"Donald Trump anun\u021b\u0103 reluarea negocierilor cu Iranul dup\u0103 ce a anulat un atac major\" width=\"100\" height=\"70\"><\/a><\/div>\n<div class=\"item-details\">\n<h3 class=\"entry-title td-module-title\"><a href=\"https:\/\/r3media.ro\/donald-trump-negocieri-cu-iran\/\" rel=\"bookmark\" title=\"Donald Trump anun\u021b\u0103 reluarea negocierilor cu Iranul dup\u0103 ce a anulat un atac major\">Donald Trump anun\u021b\u0103 reluarea negocierilor cu Iranul dup\u0103 ce a anulat&#8230;<\/a><\/h3>\n<div class=\"td-module-meta-info\"><span class=\"td-post-date\"><time class=\"entry-date updated td-module-date\" datetime=\"2026-08-03T10:28:57+03:00\">03\/08\/2026<\/time><\/span><\/div>\n<\/div>\n<\/div>\n<\/div>\n<div class=\"td-block-span12\">\n<div class=\"td_module_6 td_module_wrap td-animation-stack\">\n<div class=\"td-module-thumb\"><a href=\"https:\/\/r3media.ro\/virusul-bourbon-o-boala-rara-si-fara-tratament-a-fost-confirmat-in-statele-unite\/\" rel=\"bookmark\" class=\"td-image-wrap \" title=\"Virusul Bourbon, o boal\u0103 rar\u0103 \u0219i f\u0103r\u0103 tratament, a fost confirmat \u00een Statele Unite\"><img loading=\"lazy\" decoding=\"async\" class=\"entry-thumb\" src=\"https:\/\/r3media.ro\/wp-content\/uploads\/2026\/08\/virusul-bourbon-Amblyomma-americanum--100x70.jpg\" alt title=\"Virusul Bourbon, o boal\u0103 rar\u0103 \u0219i f\u0103r\u0103 tratament, a fost confirmat \u00een Statele Unite\" width=\"100\" height=\"70\"><\/a><\/div>\n<div class=\"item-details\">\n<h3 class=\"entry-title td-module-title\"><a href=\"https:\/\/r3media.ro\/virusul-bourbon-o-boala-rara-si-fara-tratament-a-fost-confirmat-in-statele-unite\/\" rel=\"bookmark\" title=\"Virusul Bourbon, o boal\u0103 rar\u0103 \u0219i f\u0103r\u0103 tratament, a fost confirmat \u00een Statele Unite\">Virusul Bourbon, o boal\u0103 rar\u0103 \u0219i f\u0103r\u0103 tratament, a fost confirmat&#8230;<\/a><\/h3>\n<div class=\"td-module-meta-info\"><span class=\"td-post-date\"><time class=\"entry-date updated td-module-date\" datetime=\"2026-08-03T09:49:53+03:00\">03\/08\/2026<\/time><\/span><\/div>\n<\/div>\n<\/div>\n<\/div>\n<div class=\"td-block-span12\">\n<div class=\"td_module_6 td_module_wrap td-animation-stack\">\n<div class=\"td-module-thumb\"><a href=\"https:\/\/r3media.ro\/3-august-1601-batalia-de-la-guruslau-mihai-viteazul\/\" rel=\"bookmark\" class=\"td-image-wrap \" title=\"3 august 1601, B\u0103t\u0103lia de la Gurusl\u0103u. Ultima victorie a lui Mihai Viteazul\"><img loading=\"lazy\" decoding=\"async\" class=\"entry-thumb\" src=\"https:\/\/r3media.ro\/wp-content\/uploads\/2021\/08\/maxresdefault-1-100x70.jpg\" alt title=\"3 august 1601, B\u0103t\u0103lia de la Gurusl\u0103u. Ultima victorie a lui Mihai Viteazul\" width=\"100\" height=\"70\"><\/a><\/div>\n<div class=\"item-details\">\n<h3 class=\"entry-title td-module-title\"><a href=\"https:\/\/r3media.ro\/3-august-1601-batalia-de-la-guruslau-mihai-viteazul\/\" rel=\"bookmark\" title=\"3 august 1601, B\u0103t\u0103lia de la Gurusl\u0103u. Ultima victorie a lui Mihai Viteazul\">3 august 1601, B\u0103t\u0103lia de la Gurusl\u0103u. Ultima victorie a lui&#8230;<\/a><\/h3>\n<div class=\"td-module-meta-info\"><span class=\"td-post-date\"><time class=\"entry-date updated td-module-date\" datetime=\"2026-08-02T22:44:33+03:00\">02\/08\/2026<\/time><\/span><\/div>\n<\/div>\n<\/div>\n<\/div>\n<\/div>\n<\/div>\n<aside class=\"td_block_template_1 widget widget_recent_comments\">\n<h4 class=\"block-title\"><span>INTR\u0102 \u00ceN DISCU\u021aIE!<\/span><\/h4>\n<ul id=\"recentcomments\">\n<li class=\"recentcomments\"><span class=\"comment-author-link\">Redac\u021bia<\/span> la <a href=\"https:\/\/r3media.ro\/statul-roman-a-semnat-actul-propriei-disparitii\/#comment-40345\">Statul rom\u00e2n a semnat actul propriei dispari\u021bii?<\/a><\/li>\n<li class=\"recentcomments\"><span class=\"comment-author-link\">Cet\u0103\u021bean<\/span> la <a href=\"https:\/\/r3media.ro\/sursa-crizei-energetice-radu-miruta-romania-capacitati-carbune-seceta\/#comment-40344\">Sursa crizei energetice. Ministrul Radu Miru\u021b\u0103: Rom\u00e2nia a \u00eenchis capacit\u0103\u021bi de produc\u021bie pe carbune f\u0103r\u0103 s\u0103 pun\u0103 nimic \u00een loc. Nu te po\u021bi ascunde \u00een spatele secetei<\/a><\/li>\n<li class=\"recentcomments\"><span class=\"comment-author-link\"><a href=\"https:\/\/r3media.ro\/statul-roman-a-semnat-actul-propriei-disparitii\/\" class=\"url\" rel=\"ugc\">Stalin<\/a><\/span> la <a href=\"https:\/\/r3media.ro\/statul-roman-a-semnat-actul-propriei-disparitii\/#comment-40343\">Statul rom\u00e2n a semnat actul propriei dispari\u021bii?<\/a><\/li>\n<li class=\"recentcomments\"><span class=\"comment-author-link\">B<\/span> la <a href=\"https:\/\/r3media.ro\/dragostea-care-transcende-epoci-descult-in-parc-1967\/#comment-40342\">Dragostea care transcende epoci \u2014 Descul\u021b \u00een parc (1967)<\/a><\/li>\n<li class=\"recentcomments\"><span class=\"comment-author-link\">Nicu<\/span> la <a href=\"https:\/\/r3media.ro\/puterea-mitologica-instalata-a-romaniei\/#comment-40341\">Puterea mitologic\u0103 instalat\u0103 a Rom\u00e2niei<\/a><\/li>\n<li class=\"recentcomments\"><span class=\"comment-author-link\">Eu pot, dar voi ?<\/span> la <a href=\"https:\/\/r3media.ro\/europarlamentarul-gheorghe-piperea-psd-pnl-usr-udmr-sunt-de-fapt-pro-ucraineni-noi-preferam-sa-fim-pro-romani\/#comment-40340\">Europarlamentarul Gheorghe Piperea: PSD-PNL-USR-UDMR sunt de fapt, pro-ucraineni. Noi prefer\u0103m s\u0103 fim pro-rom\u00e2ni<\/a><\/li>\n<li class=\"recentcomments\"><span class=\"comment-author-link\">Eu pot, dar voi ?<\/span> la <a href=\"https:\/\/r3media.ro\/steinhardt-caragiale-si-sufletul-romanesc\/#comment-40339\">Steinhardt, Caragiale \u015fi sufletul rom\u00e2nesc<\/a><\/li>\n<\/ul>\n<\/aside>\n<aside class=\"td_block_template_1 widget widget_search\">\n<h4 class=\"block-title\"><span>CAUT\u0102 \u0218I VEI G\u0102SI<\/span><\/h4>\n<\/aside>\n<\/div>\n<\/div>\n<\/div>\n<\/div>\n<\/div>\n<\/div>\n<\/div>\n<p><span class=\"td-page-meta\"><\/span><span class=\"td-page-meta\"><span class=\"td-page-meta\"><\/span><\/span><span class=\"td-page-meta\"><\/span><\/article>\n<\/p>\n<div class=\"td_block_wrap tdb_single_content tdi_18 td-pb-border-top td_block_template_1 td-post-content tagdiv-type\" data-td-block-uid=\"tdi_18\">\n<div class=\"tdb-block-inner td-fix-index\">\n<p><strong>Produc\u0103torii din industria auto <a href=\"https:\/\/r3media.ro\/tag\/dacia\/\" target=\"_blank\" rel=\"noopener\">Dacia<\/a> \u0219i <a href=\"https:\/\/r3media.ro\/tag\/ford\/\" target=\"_blank\" rel=\"noopener\">Ford<\/a> au suspendat temporar produc\u021bia p\u00e2n\u0103 pe 19 august. Decizia a fost luat\u0103 \u00een urma apelului la responsabilitate al Guvernului \u021bin\u00e2nd cont de criza energetic\u0103. Ilie Bolojan a precizat c\u0103 m\u0103sura luat\u0103 de cele dou\u0103 companii a dus deja la o reducere de 200 MW a consumului na\u021bional de energie electric\u0103 \u00een diminea\u021ba zilei de luni.<\/strong><\/p>\n<p>Primul-ministru a ad\u0103ugat c\u0103 \u0219i alte companii \u00ee\u0219i vor reduce voluntar consumul la energie \u00een urm\u0103toarea perioad\u0103.<\/p>\n<p>\u201e\u00cen discu\u021biile pe care le-am avut ast\u0103zi cu principalii consumatori, am convenit c\u0103 fiecare dintre d\u00e2n\u0219ii va lua m\u0103suri pentru reducerea voluntar\u0103 a consumului \u00een orele de sear\u0103, func\u021bie de profilul pe care \u00eel au \u0219i de tehnologia pe care o opereaz\u0103. Pentru c\u0103 unii pot s\u0103 opreasc\u0103 exact \u00eentr-un anumit interval orar \u0219i pot reporni u\u0219or f\u0103r\u0103 s\u0103 li se afecteze procesul de produc\u021bie. Alte companii nu-\u0219i permit acest lucru. Trebuie s\u0103 asigure un consum minim pentru ca instala\u021biile s\u0103 poat\u0103 func\u021biona \u00een condi\u021bii normale.<\/p>\n<p>Una dintre m\u0103surile puse \u00een practic\u0103 \u00een aceste zile este intrarea \u00een mentenan\u021b\u0103 \u0219i repara\u021bii.<\/p>\n<p>Dou\u0103 companii importante, mari consumatori de energie, Dacia \u0219i Ford, sunt de ast\u0103zi cu produc\u021bia oprit\u0103 p\u00e2n\u0103 pe data de 19 (august \u2013 n.r.), ceea ce \u00eenseamn\u0103 o economie de aproximativ 200 MW. Aceast\u0103 decizie o vor lua \u0219i alte companii, astfel \u00eenc\u00e2t s\u0103 avem o reducere voluntar\u0103 a consumului de energie la orele de sear\u0103\u2033, a spus <a href=\"https:\/\/r3media.ro\/tag\/ilie-bolojan\/\" target=\"_blank\" rel=\"noopener\">Ilie Bolojan<\/a>.<\/p>\n<h2><strong>Rom\u00e2nia import\u0103 energie din Ucraina<\/strong><\/h2>\n<p>Din cauza \u00eenchiderii capacit\u0103ilor de produc\u021bie pe c\u0103rbune \u0219i crizei energetice acutale, <strong><a href=\"https:\/\/r3media.ro\/romania-importa-energie-ucraina-ilie-bolojan-stare-de-alerta\/\" target=\"_blank\" rel=\"noopener\">Rom\u00e2nia import\u0103 energie din Ucraina<\/a><\/strong>. Situa\u021bia nu se prefigureaz\u0103 a fi bun\u0103 nici \u00een viitor, deoarece debitul Dun\u0103rii continu\u0103 s\u0103 scad\u0103.<\/p>\n<p>\u201eA\u0219a cum Rom\u00e2nia, \u00een situa\u021bia \u00een care Ucraina a avut probleme de alimentare cu energie electric\u0103 \u00een ultimii ani, a alocat atunci c\u00e2nd a fost nevoie cote de energie \u00een regim comercial, \u0219i Ucraina, tot \u00een regim comercial, \u00een condi\u021bii de pia\u021b\u0103, aloc\u0103 aceste cote de energie \u0219i, atunci c\u00e2nd au capacitate \u00een rezerv\u0103, a\u0219a cum se \u00eent\u00e2mpl\u0103 \u00een aceast\u0103 perioad\u0103, au fost de acord s\u0103 exporte practic energie electric\u0103 \u00een Rom\u00e2nia \u00een a\u0219a fel \u00eenc\u00e2t s\u0103 ne echilibreze sistemul energetic na\u021bional.<\/p>\n<p>Sunt proceduri standard care se aplic\u0103. Transelectrica le-a aplicat de mai multe ori. Acum e o formul\u0103 de reciprocitate. Exist\u0103 un surplus de energie o perioad\u0103 de timp \u00een Ucraina care poate fi exportat\u2033, a declarat premierul.<\/p>\n<p>Bolojan a precizat c\u0103 a discutat cu oficiali ucraineni pentru a sus\u021bine Rom\u00e2nia cu produc\u021bie de energie.<\/p>\n<h2><strong>Dacia, cel mai valoros brand rom\u00e2nesc<\/strong><\/h2>\n<p>\u00a0<\/p>\n<p>\u201eDacia\u201d r\u0103m\u00e2ne <strong><a href=\"https:\/\/r3media.ro\/dacia-ramane-brand-romanesc-banca-transilvania\/\" target=\"_blank\" rel=\"noopener\">cel mai valoros brand rom\u00e2nesc<\/a><\/strong>, \u00een timp ce Banca Transilvania este cea mai puternic\u0103 marc\u0103 autohton\u0103, se arat\u0103 \u00eentr-un top realizat de Brand Finance \u0219i publicat de Profit.ro. Marca de automobile \u00eenfiin\u021bat\u0103 \u00een 1966 are o valoare de 1,2 de miliarde de euro.<\/p>\n<p>Totodat\u0103, Banca Transilvania a urcat pe locul al doilea \u00een topul celor mai valoroase branduri. Valoarea de brand se ridic\u0103 la 876 de milioane de euro.<\/p>\n<p>Brandul Dacia este un simbol al industriei rom\u00e2ne\u0219ti \u0219i are misiunea de a oferi ma\u0219ini accesibile \u0219i robuste. De la legendarul model Dacia 1300, care a mobilizat genera\u021bii \u00eentregi de rom\u00e2ni, brandul s-a definit de-a lungul deceniilor prin simplitate, utilitate \u0219i o leg\u0103tur\u0103 str\u00e2ns\u0103 cu identitatea na\u021bional\u0103.<\/p>\n<p>Dup\u0103 preluarea de c\u0103tre Renault \u0219i lansarea Logan \u00een 2004, Dacia s-a transformat \u00eentr-un succes global uria\u0219. Ast\u0103zi, prin modele emblematice precum Duster sau Spring, Dacia este lider european pe segmentul achizi\u021biilor inteligente. Automobilul din Rom\u00e2nia combin\u0103 pragmatismul cu un design modern \u0219i aventuros.<\/p>\n<div class=\"crp_related     crp-masonry\">\n<h2>\u00ceN CONTEXT<\/h2>\n<ul>\n<li><a href=\"https:\/\/r3media.ro\/propunere-bruxelles-industria-auto-romania-dacia-ford-otosan\/\" class=\"crp_link post-116333\"><span class=\"crp_title\">Propunere de la Bruxelles cu poten\u021bial impact masiv pentru industria auto din Rom\u00e2nia: Dacia\u2026<\/span><\/a><\/li>\n<li><a href=\"https:\/\/r3media.ro\/dacia-urmeaza-da-afara-900-angajati-cerere-scazuta-autovehicule-reducere-productie-mioveni\/\" class=\"crp_link post-114219\"><span class=\"crp_title\">Dacia urmeaz\u0103 s\u0103 dea afar\u0103 900 de angaja\u021bi, din cauza cererii sc\u0103zute de autovehicule \u0219i\u2026<\/span><\/a><\/li>\n<li><a href=\"https:\/\/r3media.ro\/industria-auto-europeana-software-romania\/\" class=\"crp_link post-119884\"><span class=\"crp_title\">Industria auto european\u0103 \u00ee\u0219i pune software-ul \u00een comun. Impactul asupra Rom\u00e2niei<\/span><\/a><\/li>\n<li><a href=\"https:\/\/r3media.ro\/dacia-ramane-brand-romanesc-banca-transilvania\/\" class=\"crp_link post-116721\"><span class=\"crp_title\">Dacia r\u0103m\u00e2ne cel mai valoros brand rom\u00e2nesc. Banca Transilvania, cea mai puternic\u0103 marc\u0103<\/span><\/a><\/li>\n<li><a href=\"https:\/\/r3media.ro\/cehia-capacitati-carbune-romania-criza-energetica\/\" class=\"crp_link post-120782\"><span class=\"crp_title\">Cehia a \u00eenchis doar o treime din capacit\u0103\u021bile pe c\u0103rbune, \u00een ultimii 14 ani \u0219i nu trece prin\u2026<\/span><\/a><\/li>\n<li><a href=\"https:\/\/r3media.ro\/sursa-crizei-energetice-radu-miruta-romania-capacitati-carbune-seceta\/\" class=\"crp_link post-120768\"><span class=\"crp_title\">Sursa crizei energetice. Ministrul Radu Miru\u021b\u0103: Rom\u00e2nia a \u00eenchis capacit\u0103\u021bi de produc\u021bie pe\u2026<\/span><\/a><\/li>\n<li><a href=\"https:\/\/r3media.ro\/romania-importa-energie-ucraina-ilie-bolojan-stare-de-alerta\/\" class=\"crp_link post-120674\"><span class=\"crp_title\">Rom\u00e2nia a ajuns s\u0103 importe energie de la Ucraina, stat aflat \u00een r\u0103zboi. Ilie Bolojan a\u2026<\/span><\/a><\/li>\n<li><a href=\"https:\/\/r3media.ro\/masuri-disperate-tari-asia-benzina-cartela-interzisa-folosire-liftului-aer-conditionat-masini-comun-purtare-haine-subtiri\/\" class=\"crp_link post-115534\"><span class=\"crp_title\">M\u0103suri disperate \u00een \u021b\u0103rile din Asia: benzin\u0103 pe cartel\u0103, interzis\u0103 folosirea liftului \u0219i\u2026<\/span><\/a><\/li>\n<\/ul>\n<\/div>\n<\/div>\n<\/div>\n<p>[analyse_source url=&#8221;https:\/\/r3media.ro\/dacia-ford-suspendare-productie-19-august-criza-energetica\/&#8221;]<\/p>\n","protected":false},"excerpt":{"rendered":"<p>[analyse_image type=&#8221;featured&#8221; src=&#8221;https:\/\/r3media.ro\/wp-content\/uploads\/2024\/09\/piata-europeana-de-masini-in-criza-e1727169207536.pnghttps:\/\/r3media.ro\/wp-content\/uploads\/2024\/09\/piata-europeana-de-masini-in-criza-e1727169207536.png&#8221;] ENERGIEDacia \u0219i Ford au suspendat produc\u021bia p\u00e2n\u0103 pe 19 august din cauza&#8230; ENERGIEFEATURED\u0218TIRI Dacia \u0219i Ford au suspendat produc\u021bia p\u00e2n\u0103 pe 19 august din cauza crizei energetice Oana Ivan 03\/08\/2026 Surs\u0103 &#8211; Freepik Produc\u0103torii din industria auto Dacia \u0219i Ford au suspendat temporar produc\u021bia p\u00e2n\u0103 pe 19 august. Decizia a fost luat\u0103 [&hellip;]<\/p>\n","protected":false},"author":1,"featured_media":0,"comment_status":"open","ping_status":"","sticky":false,"template":"","format":"standard","meta":{"footnotes":""},"categories":[89],"tags":[226,93],"class_list":["post-2075064","post","type-post","status-publish","format-standard","hentry","category-romania","tag-crawlmanager","tag-r3media-ro"],"_links":{"self":[{"href":"https:\/\/analyse.optim.biz\/index.php?rest_route=\/wp\/v2\/posts\/2075064","targetHints":{"allow":["GET"]}}],"collection":[{"href":"https:\/\/analyse.optim.biz\/index.php?rest_route=\/wp\/v2\/posts"}],"about":[{"href":"https:\/\/analyse.optim.biz\/index.php?rest_route=\/wp\/v2\/types\/post"}],"author":[{"embeddable":true,"href":"https:\/\/analyse.optim.biz\/index.php?rest_route=\/wp\/v2\/users\/1"}],"replies":[{"embeddable":true,"href":"https:\/\/analyse.optim.biz\/index.php?rest_route=%2Fwp%2Fv2%2Fcomments&post=2075064"}],"version-history":[{"count":0,"href":"https:\/\/analyse.optim.biz\/index.php?rest_route=\/wp\/v2\/posts\/2075064\/revisions"}],"wp:attachment":[{"href":"https:\/\/analyse.optim.biz\/index.php?rest_route=%2Fwp%2Fv2%2Fmedia&parent=2075064"}],"wp:term":[{"taxonomy":"category","embeddable":true,"href":"https:\/\/analyse.optim.biz\/index.php?rest_route=%2Fwp%2Fv2%2Fcategories&post=2075064"},{"taxonomy":"post_tag","embeddable":true,"href":"https:\/\/analyse.optim.biz\/index.php?rest_route=%2Fwp%2Fv2%2Ftags&post=2075064"}],"curies":[{"name":"wp","href":"https:\/\/api.w.org\/{rel}","templated":true}]}}