{"id":2075063,"date":"2026-08-03T12:42:38","date_gmt":"2026-08-03T09:42:38","guid":{"rendered":"https:\/\/analyse.optim.biz\/?p=2075063"},"modified":"2026-08-03T12:42:38","modified_gmt":"2026-08-03T09:42:38","slug":"cehia-a-inchis-doar-o-treime-din-capacitatile-pe-carbune-in-ultimii-14-ani-si-nu-trece-prin-criza-energetica-romania-a-oprit-aproape-70","status":"publish","type":"post","link":"https:\/\/analyse.optim.biz\/?p=2075063","title":{"rendered":"Cehia a \u00eenchis doar o treime din capacit\u0103\u021bile pe c\u0103rbune, \u00een ultimii 14 ani \u0219i nu trece prin criz\u0103 energetic\u0103. Rom\u00e2nia a oprit APROAPE 70%"},"content":{"rendered":"<p>[analyse_image type=&#8221;featured&#8221; src=&#8221;https:\/\/r3media.ro\/wp-content\/uploads\/2024\/11\/termocentrala-paroseni-696&#215;418-1-e1732207695926.jpghttps:\/\/r3media.ro\/wp-content\/uploads\/2024\/11\/termocentrala-paroseni-696&#215;418-1-e1732207695926.jpg&#8221;]<\/p>\n<article id=\"template-id-109\" class=\"post-109 tdb_templates type-tdb_templates status-publish post\">\n<div id=\"tdi_2\" class=\"tdc-zone\">\n<div class=\"tdc_zone tdi_3  wpb_row td-pb-row\">\n<div id=\"tdi_4\" class=\"tdc-row\">\n<div class=\"vc_row tdi_5  wpb_row td-pb-row\">\n<div class=\"vc_column tdi_7  wpb_column vc_column_container tdc-column td-pb-span8\">\n<div class=\"wpb_wrapper\">\n<div class=\"td_block_wrap tdb_breadcrumbs tdi_8 td-pb-border-top td_block_template_1 tdb-breadcrumbs \" data-td-block-uid=\"tdi_8\">\n<div class=\"tdb-block-inner td-fix-index\"><span><a title=\"Vede\u021bi toate articolele \u00een ECONOMIE\" class=\"tdb-entry-crumb\" href=\"https:\/\/r3media.ro\/category\/economie\/\">ECONOMIE<\/a><\/span><span class=\"tdb-bred-no-url-last\">Cehia a \u00eenchis doar o treime din capacit\u0103\u021bile pe c\u0103rbune, \u00een ultimii&#8230;<\/span><\/div>\n<\/div>\n<div class=\"td_block_wrap tdb_single_categories tdi_9 td-pb-border-top td_block_template_1 \" data-td-block-uid=\"tdi_9\">\n<div class=\"tdb-category td-fix-index\"><a class=\"tdb-entry-category\" href=\"https:\/\/r3media.ro\/category\/economie\/\">ECONOMIE<\/a><a class=\"tdb-entry-category\" href=\"https:\/\/r3media.ro\/category\/energie\/\">ENERGIE<\/a><a class=\"tdb-entry-category\" href=\"https:\/\/r3media.ro\/category\/featured\/\">FEATURED<\/a><a class=\"tdb-entry-category\" href=\"https:\/\/r3media.ro\/category\/stiri\/\">\u0218TIRI<\/a><\/div>\n<\/div>\n<div class=\"td_block_wrap tdb_title tdi_10 tdb-single-title td-pb-border-top td_block_template_1\" data-td-block-uid=\"tdi_10\">\n<div class=\"tdb-block-inner td-fix-index\">\n<h1 class=\"tdb-title-text\">Cehia a \u00eenchis doar o treime din capacit\u0103\u021bile pe c\u0103rbune, \u00een ultimii 14 ani \u0219i nu trece prin criz\u0103 energetic\u0103. Rom\u00e2nia a oprit APROAPE 70%<\/h1>\n<\/div>\n<\/div>\n<div class=\"vc_row_inner tdi_12  vc_row vc_inner wpb_row td-pb-row\">\n<div class=\"vc_column_inner tdi_14  wpb_column vc_column_container tdc-inner-column td-pb-span12\">\n<div class=\"vc_column-inner\">\n<div class=\"wpb_wrapper\">\n<div class=\"td_block_wrap tdb_single_author tdi_15 td-pb-border-top td_block_template_1 tdb-post-meta\" data-td-block-uid=\"tdi_15\">\n<div class=\"tdb-block-inner td-fix-index\">\n<div class=\"tdb-author-name-wrap\"><a class=\"tdb-author-name\" href=\"https:\/\/r3media.ro\/author\/radu_ursan\/\">Radu Ursan<\/a><\/div>\n<\/div>\n<\/div>\n<div class=\"td_block_wrap tdb_single_date tdi_16 td-pb-border-top td_block_template_1 tdb-post-meta\" data-td-block-uid=\"tdi_16\">\n<div class=\"tdb-block-inner td-fix-index\"><time class=\"entry-date updated td-module-date\" datetime=\"2026-08-03T15:42:38+03:00\">03\/08\/2026<\/time><\/div>\n<\/div>\n<\/div>\n<\/div>\n<\/div>\n<\/div>\n<div class=\"td_block_wrap tdb_single_featured_image tdi_17 tdb-content-horiz-left td-pb-border-top td_block_template_1\" data-td-block-uid=\"tdi_17\">\n<div class=\"tdb-block-inner td-fix-index\">\n<figure><figcaption class=\"tdb-caption-text\">Sursa foto: Cotidianul.ro<\/figcaption><\/figure>\n<\/div>\n<\/div>\n<div class=\"td_block_wrap tdb_single_content tdi_18 td-pb-border-top td_block_template_1 td-post-content tagdiv-type\" data-td-block-uid=\"tdi_18\">\n<div class=\"tdb-block-inner td-fix-index\">\n<p><strong>Cehia a \u00eenchis doar o treime din capacit\u0103\u021bile pe c\u0103rbune, \u00een ultimii 14 ani, \u00een timp ce Rom\u00e2nia a oprit aproape 70%. Consecin\u021ba: la Praga nu este criz\u0103 energetic\u0103 la nivel na\u021bional, a\u0219a cum este la Bucure\u0219ti.<\/strong><\/p>\n<p>O analiz\u0103 realizat\u0103 pe ultimii 14 ani arat\u0103 c\u0103 Rom\u00e2nia \u0219i-a \u00eenchis, \u00een mod agresiv, capacit\u0103\u021bile de producere a energiei pe baz\u0103 de c\u0103rbune.<\/p>\n<p>Astfel, potrivit <a href=\"https:\/\/euracoal.eu\/library\/archive\/czech-republic-7\/\" target=\"_blank\" rel=\"noopener\">Eurocoal<\/a>, \u00een 2012, capacitatea instalat\u0103 pe c\u0103rbune a Cehiei era de aproximativ 10 GW.<\/p>\n<p>Pentru context: \u00een 2018, 49,5% din produc\u021bia brut\u0103 de electricitate provenea din centrale pe c\u0103rbune cu o capacitate total\u0103 de circa 10,0 GW, nivel care se men\u021binuse relativ stabil din 2012.<\/p>\n<p>Cehia a \u00eenchis aproximativ 3 GW din cei aproximativ 10 GW de la nivelul lui 2012 \u2014 adic\u0103 i-a mai r\u0103mas circa 68% din capacitatea pe c\u0103rbune de atunci, o reducere de aproximativ o treime.<\/p>\n<p>La nivelul anului 2025, c\u0103rbunele reprezenta aproape 34% din mixul de electricitate al Cehiei.<\/p>\n<h2><strong>Rom\u00e2nia, pierdere uria\u0219\u0103 \u00een doar 14 ani<\/strong><\/h2>\n<p>Compara\u021bia cu Rom\u00e2nia este net defavorabil\u0103 \u021b\u0103rii noastre.<\/p>\n<p>\u00cen 2012, centralele active pe c\u0103rbune din Rom\u00e2nia aveau o capacitate total\u0103 de circa 5,3 GW.<\/p>\n<p>\u00cen prezent (ianuarie 2026), conform datelor operatorului na\u021bional, func\u021bioneaz\u0103 11 unit\u0103\u021bi pe c\u0103rbune, cu o capacitate net\u0103 instalat\u0103 de 1.835 MW.<\/p>\n<p>Cu alte cuvinte, Rom\u00e2nia a redus 68% din capacit\u0103\u021bile sale pe c\u0103rbune. \u00cen pu\u021bin peste un deceniu.<\/p>\n<p>Ast\u0103zi, potrivit <a href=\"https:\/\/lowcarbonpower.org\/region\/Romania\" target=\"_blank\" rel=\"noopener\">presei de specialitate<\/a>, c\u0103rbunele reprezint\u0103 doar 11% din mixul de electricitate al Rom\u00e2niei.<\/p>\n<p>Putea fi \u0219i mai r\u0103u, pentru c\u0103 politicienii rom\u00e2ni s-au angajat s\u0103 \u00eenchid\u0103 \u0219i mai mult. F\u0103r\u0103 s\u0103 fie obliga\u021bi de cineva.<\/p>\n<h2><strong>Cernavod\u0103, cu investi\u021bii din trecut. Nimic din prezent<\/strong><\/h2>\n<p>\u00cen timp ce Republica Ceh\u0103 a investit \u00een energia nuclear\u0103, p\u0103str\u00e2ndu-\u0219i \u0219i c\u0103rbunele, Bucure\u0219tiul \u0219i-a t\u0103iat singur energia pe baz\u0103 de c\u0103rbune, f\u0103r\u0103 a pune altceva \u00een loc.<\/p>\n<p>Ultima extindere a capacit\u0103\u021bii centralei de la Cernavod\u0103 s-a petrecut acum 19 ani, \u00een 2007, anul intr\u0103rii Rom\u00e2niei \u00een UE.<\/p>\n<p>Atunci a fost pus\u0103 \u00een func\u021biune Unitatea 2.<\/p>\n<p>De la intrarea \u021b\u0103rii \u00een Uniunea European\u0103, nu s-a mai f\u0103cut nimic la Cernavod\u0103.<\/p>\n<p>Construc\u021bia reactoarelor 3 \u0219i 4 a fost \u00eenceput\u0103 \u00een anii 80, dar a fost abandonat\u0103 dup\u0103 1989.<\/p>\n<p>Recent, Ministrul interimar al Ap\u0103r\u0103rii, Radu Miru\u021b\u0103, <a href=\"https:\/\/r3media.ro\/sursa-crizei-energetice-radu-miruta-romania-capacitati-carbune-seceta\/\" target=\"_blank\" rel=\"noopener\">a spus<\/a> c\u0103 sursa crizei energetice o reprezint\u0103 \u00eenchiderea capacit\u0103\u021bilor de produc\u021bie pe c\u0103rbune, f\u0103r\u0103 a fi pus ceva \u00een loc.<\/p>\n<p>Premierul interimar, Ilie Bolojan, <a href=\"https:\/\/r3media.ro\/romania-importa-energie-ucraina-ilie-bolojan-stare-de-alerta\/\" target=\"_blank\" rel=\"noopener\">declarase<\/a> c\u0103 problemele energetice provin de la secet\u0103.<\/p>\n<div class=\"crp_related     crp-masonry\">\n<h2>\u00ceN CONTEXT<\/h2>\n<ul>\n<li><a href=\"https:\/\/r3media.ro\/sursa-crizei-energetice-radu-miruta-romania-capacitati-carbune-seceta\/\" class=\"crp_link post-120768\"><span class=\"crp_title\">Sursa crizei energetice. Ministrul Radu Miru\u021b\u0103: Rom\u00e2nia a \u00eenchis capacit\u0103\u021bi de produc\u021bie pe\u2026<\/span><\/a><\/li>\n<li><a href=\"https:\/\/r3media.ro\/cristian-sipos-aur-preturi-energie-specula-importuri-ong-uri\/\" class=\"crp_link post-119226\"><span class=\"crp_title\">Cristian \u0218ipo\u0219 (AUR): Pre\u021burile la energie cresc \u201edin cauza speculei, a importurilor \u0219i a\u2026<\/span><\/a><\/li>\n<li><a href=\"https:\/\/r3media.ro\/citeste-aici-ca-sa-afli-de-ce-platesti-atat-de-mult-la-pompa\/\" class=\"crp_link post-115681\"><span class=\"crp_title\">Cite\u0219te aici ca s\u0103 afli de ce pl\u0103te\u0219ti at\u00e2t de mult la pomp\u0103<\/span><\/a><\/li>\n<li><a href=\"https:\/\/r3media.ro\/tavalug-trumpism-curpinde-europa-andrej-babis-castigat-alegeri-cehia-ano-actiunea-cetatenilor-nemultumiti\/\" class=\"crp_link post-113463\"><span class=\"crp_title\">T\u0103v\u0103lugul trumpismului cuprinde Europa: Andrej Babi\u0219 a c\u00e2\u0219tigat alegerile din Cehia cu\u2026<\/span><\/a><\/li>\n<li><a href=\"https:\/\/r3media.ro\/criza-energetica-bolojan-romani-reducere-consum\/\" class=\"crp_link post-120638\"><span class=\"crp_title\">Criza energiei, confirmat\u0103 de la Guvern: Ilie Bolojan \u00eendeamn\u0103 rom\u00e2nii s\u0103 reduc\u0103 consumul de energie<\/span><\/a><\/li>\n<li><a href=\"https:\/\/r3media.ro\/ni-se-spune-ca-epoca-energiei-ieftine-pentru-romani-s-a-incheiat-dar-se-ocoleste-cu-grija-motivul-de-ce\/\" class=\"crp_link post-113596\"><span class=\"crp_title\">Ni se spune c\u0103 \u201eEpoca energiei ieftine pentru rom\u00e2ni s-a \u00eencheiat!\u201d dar se ocole\u0219te cu grij\u0103\u2026<\/span><\/a><\/li>\n<li><a href=\"https:\/\/r3media.ro\/cehia-interzice-telefoanele-in-scoli\/\" class=\"crp_link post-120186\"><span class=\"crp_title\">Cehia se preg\u0103te\u0219te s\u0103 interzic\u0103 telefoanele mobile \u00een \u0219coli<\/span><\/a><\/li>\n<li><a href=\"https:\/\/r3media.ro\/babis-aliatii-cehia-promit-refuz-pact-migratie-politici-verzi-ue-responsabil-alegatori-bruxelles-uniunea-europeana-conduce\/\" class=\"crp_link post-113776\"><span class=\"crp_title\">Babi\u0219 \u0219i alia\u021bii s\u0103i din Cehia promit s\u0103 resping\u0103 pactul privind migra\u021bia \u0219i politicile\u2026<\/span><\/a><\/li>\n<\/ul>\n<\/div>\n<\/div>\n<\/div>\n<div class=\"td_block_wrap tdb_single_tags tdi_19 td-pb-border-top td_block_template_1\" data-td-block-uid=\"tdi_19\">\n<div class=\"tdb-block-inner td-fix-index\">\n<ul class=\"tdb-tags\">\n<li><span>SUBIECTE FIERBIN\u021aI<\/span><\/li>\n<li><a href=\"https:\/\/r3media.ro\/tag\/cehia\/\">cehia<\/a><\/li>\n<li><a href=\"https:\/\/r3media.ro\/tag\/criza-energetica\/\">criza energetica<\/a><\/li>\n<li><a href=\"https:\/\/r3media.ro\/tag\/energie-romania\/\">energie romania<\/a><\/li>\n<li><a href=\"https:\/\/r3media.ro\/tag\/piata-de-energie-romania\/\">piata de energie romania<\/a><\/li>\n<\/ul>\n<\/div>\n<\/div>\n<div class=\"td_block_wrap td_block_9 tdi_20 td_with_ajax_pagination td-pb-border-top td_block_template_1 td-column-2 td_block_padding td_block_bot_line\" data-td-block-uid=\"tdi_20\">\n<div class=\"td-block-title-wrap\">\n<h4 class=\"block-title td-block-title\"><span class=\"td-pulldown-size\">CITE\u0218TE MAI MULT<\/span><\/h4>\n<\/div>\n<div id=\"tdi_20\" class=\"td_block_inner\">\n<div class=\"td-block-row\">\n<div class=\"td-block-span6\">\n<div class=\"td_module_8 td_module_wrap\">\n<div class=\"item-details\">\n<h3 class=\"entry-title td-module-title\"><a href=\"https:\/\/r3media.ro\/hyundai-recheama-service-masini-electrice-inster-risc-incendiu\/\" rel=\"bookmark\" title=\"Hyundai recheam\u0103 \u00een service zeci de mii de ma\u0219ini electrice din cauza riscului de incendiu\">Hyundai recheam\u0103 \u00een service zeci de mii de ma\u0219ini electrice din cauza riscului de&#8230;<\/a><\/h3>\n<div class=\"td-module-meta-info\"><a href=\"https:\/\/r3media.ro\/category\/actualitate\/\" class=\"td-post-category\">ACTUALITATE<\/a><span class=\"td-post-author-name\"><a href=\"https:\/\/r3media.ro\/author\/oana\/\">Oana Ivan<\/a><span>&#8211;<\/span><\/span><span class=\"td-post-date\"><time class=\"entry-date updated td-module-date\" datetime=\"2026-08-02T08:34:05+03:00\">02\/08\/2026<\/time><\/span><\/div>\n<\/div>\n<\/div>\n<\/div>\n<div class=\"td-block-span6\">\n<div class=\"td_module_8 td_module_wrap\">\n<div class=\"item-details\">\n<h3 class=\"entry-title td-module-title\"><a href=\"https:\/\/r3media.ro\/dragostea-care-transcende-epoci-descult-in-parc-1967\/\" rel=\"bookmark\" title=\"Dragostea care transcende epoci \u2014 Descul\u021b \u00een parc (1967)\">Dragostea care transcende epoci \u2014 Descul\u021b \u00een parc (1967)<\/a><\/h3>\n<div class=\"td-module-meta-info\"><a href=\"https:\/\/r3media.ro\/category\/opinii\/\" class=\"td-post-category\">OPINII<\/a><span class=\"td-post-author-name\"><a href=\"https:\/\/r3media.ro\/author\/costi_balasoiu\/\">Constantin B\u0103l\u0103\u0219oiu<\/a><span>&#8211;<\/span><\/span><span class=\"td-post-date\"><time class=\"entry-date updated td-module-date\" datetime=\"2026-08-01T13:45:14+03:00\">01\/08\/2026<\/time><\/span><\/div>\n<\/div>\n<\/div>\n<\/div>\n<\/div>\n<div class=\"td-block-row\">\n<div class=\"td-block-span6\">\n<div class=\"td_module_8 td_module_wrap\">\n<div class=\"item-details\">\n<h3 class=\"entry-title td-module-title\"><a href=\"https:\/\/r3media.ro\/masina-electrica-foc-turcia-incarcat-vehicul-explozie-pompieri-stingere-incendiu-video\/\" rel=\"bookmark\" title=\"VIDEO | O ma\u0219in\u0103 electric\u0103 a luat foc \u00een timp ce se afla la \u00eenc\u0103rcat. Vehiculul a explodat chiar c\u00e2nd pompierii \u00eencercau s\u0103 sting\u0103 incendiul folosind o p\u0103tur\u0103 ignifug\u0103\">VIDEO | O ma\u0219in\u0103 electric\u0103 a luat foc \u00een timp ce se afla la&#8230;<\/a><\/h3>\n<div class=\"td-module-meta-info\"><a href=\"https:\/\/r3media.ro\/category\/actualitate\/\" class=\"td-post-category\">ACTUALITATE<\/a><span class=\"td-post-author-name\"><a href=\"https:\/\/r3media.ro\/author\/oana\/\">Oana Ivan<\/a><span>&#8211;<\/span><\/span><span class=\"td-post-date\"><time class=\"entry-date updated td-module-date\" datetime=\"2026-07-31T13:33:48+03:00\">31\/07\/2026<\/time><\/span><\/div>\n<\/div>\n<\/div>\n<\/div>\n<div class=\"td-block-span6\">\n<div class=\"td_module_8 td_module_wrap\">\n<div class=\"item-details\">\n<h3 class=\"entry-title td-module-title\"><a href=\"https:\/\/r3media.ro\/spania-asediu-migranti-exclava-ceuta-africa-madrid-trupe-securitate-video\/\" rel=\"bookmark\" title=\"VIDEO | Spania se afl\u0103 sub asediu: Mii de migran\u021bi au luat cu asalt exclava Ceuta din Africa. Madridul a trimis trupe pentru a consolida securitatea\">VIDEO | Spania se afl\u0103 sub asediu: Mii de migran\u021bi au luat cu asalt&#8230;<\/a><\/h3>\n<div class=\"td-module-meta-info\"><a href=\"https:\/\/r3media.ro\/category\/actualitate\/\" class=\"td-post-category\">ACTUALITATE<\/a><span class=\"td-post-author-name\"><a href=\"https:\/\/r3media.ro\/author\/oana\/\">Oana Ivan<\/a><span>&#8211;<\/span><\/span><span class=\"td-post-date\"><time class=\"entry-date updated td-module-date\" datetime=\"2026-07-31T12:39:57+03:00\">31\/07\/2026<\/time><\/span><\/div>\n<\/div>\n<\/div>\n<\/div>\n<\/div>\n<div class=\"td-block-row\">\n<div class=\"td-block-span6\">\n<div class=\"td_module_8 td_module_wrap\">\n<div class=\"item-details\">\n<h3 class=\"entry-title td-module-title\"><a href=\"https:\/\/r3media.ro\/expert-ucraina-faliment-agricultura-romaneasca-tehnologii-ue\/\" rel=\"bookmark\" title=\"Un expert explic\u0103 felul \u00een care concuren\u021ba din Ucraina bag\u0103 \u00een faliment agricultura rom\u00e2neasc\u0103: Folosesc tehnologii interzise \u00een UE\">Un expert explic\u0103 felul \u00een care concuren\u021ba din Ucraina bag\u0103 \u00een faliment agricultura rom\u00e2neasc\u0103:&#8230;<\/a><\/h3>\n<div class=\"td-module-meta-info\"><a href=\"https:\/\/r3media.ro\/category\/actualitate\/\" class=\"td-post-category\">ACTUALITATE<\/a><span class=\"td-post-author-name\"><a href=\"https:\/\/r3media.ro\/author\/radu_ursan\/\">Radu Ursan<\/a><span>&#8211;<\/span><\/span><span class=\"td-post-date\"><time class=\"entry-date updated td-module-date\" datetime=\"2026-07-30T09:51:48+03:00\">30\/07\/2026<\/time><\/span><\/div>\n<\/div>\n<\/div>\n<\/div>\n<div class=\"td-block-span6\">\n<div class=\"td_module_8 td_module_wrap\">\n<div class=\"item-details\">\n<h3 class=\"entry-title td-module-title\"><a href=\"https:\/\/r3media.ro\/cornel-nistorescu-drone-razboi-ucraina\/\" rel=\"bookmark\" title=\"Cornel Nistorescu, dup\u0103 incidentele cu drone: Adie a aer de r\u0103zboi. De mirare c\u0103 dronele ucrainene nu au st\u00e2rnit at\u00e2ta t\u0103r\u0103boi\">Cornel Nistorescu, dup\u0103 incidentele cu drone: Adie a aer de r\u0103zboi. De mirare c\u0103&#8230;<\/a><\/h3>\n<div class=\"td-module-meta-info\"><a href=\"https:\/\/r3media.ro\/category\/actualitate\/\" class=\"td-post-category\">ACTUALITATE<\/a><span class=\"td-post-author-name\"><a href=\"https:\/\/r3media.ro\/author\/radu_ursan\/\">Radu Ursan<\/a><span>&#8211;<\/span><\/span><span class=\"td-post-date\"><time class=\"entry-date updated td-module-date\" datetime=\"2026-07-28T10:21:51+03:00\">28\/07\/2026<\/time><\/span><\/div>\n<\/div>\n<\/div>\n<\/div>\n<\/div>\n<div class=\"td-block-row\">\n<div class=\"td-block-span6\">\n<div class=\"td_module_8 td_module_wrap\">\n<div class=\"item-details\">\n<h3 class=\"entry-title td-module-title\"><a href=\"https:\/\/r3media.ro\/bnr-recomanda-romani-rezerve-de-cash-atacuri-cibernetice-numerar-relevant-criza\/\" rel=\"bookmark\" title=\"BNR le recomand\u0103 rom\u00e2nilor s\u0103 p\u0103streze rezerve de cash: Numerarul se poate dovedi relevant \u00een criz\u0103\">BNR le recomand\u0103 rom\u00e2nilor s\u0103 p\u0103streze rezerve de cash: Numerarul se poate dovedi relevant&#8230;<\/a><\/h3>\n<div class=\"td-module-meta-info\"><a href=\"https:\/\/r3media.ro\/category\/actualitate\/\" class=\"td-post-category\">ACTUALITATE<\/a><span class=\"td-post-author-name\"><a href=\"https:\/\/r3media.ro\/author\/oana\/\">Oana Ivan<\/a><span>&#8211;<\/span><\/span><span class=\"td-post-date\"><time class=\"entry-date updated td-module-date\" datetime=\"2026-07-27T13:11:47+03:00\">27\/07\/2026<\/time><\/span><\/div>\n<\/div>\n<\/div>\n<\/div>\n<div class=\"td-block-span6\">\n<div class=\"td_module_8 td_module_wrap\">\n<div class=\"item-details\">\n<h3 class=\"entry-title td-module-title\"><a href=\"https:\/\/r3media.ro\/statul-roman-a-semnat-actul-propriei-disparitii\/\" rel=\"bookmark\" title=\"Statul rom\u00e2n a semnat actul propriei dispari\u021bii?\">Statul rom\u00e2n a semnat actul propriei dispari\u021bii?<\/a><\/h3>\n<div class=\"td-module-meta-info\"><a href=\"https:\/\/r3media.ro\/category\/opinii\/\" class=\"td-post-category\">OPINII<\/a><span class=\"td-post-author-name\"><a href=\"https:\/\/r3media.ro\/author\/gabipopa\/\">Gabriel Popa<\/a><span>&#8211;<\/span><\/span><span class=\"td-post-date\"><time class=\"entry-date updated td-module-date\" datetime=\"2026-07-27T15:07:05+03:00\">27\/07\/2026<\/time><\/span><\/div>\n<\/div>\n<\/div>\n<\/div>\n<\/div>\n<div class=\"td-block-row\">\n<div class=\"td-block-span6\">\n<div class=\"td_module_8 td_module_wrap\">\n<div class=\"item-details\">\n<h3 class=\"entry-title td-module-title\"><a href=\"https:\/\/r3media.ro\/prima-oara-istorie-presedintia-document-primplan-patriotism-european\/\" rel=\"bookmark\" title=\"Pentru prima oar\u0103 \u00een istorie, Pre\u0219edin\u021bia Rom\u00e2niei emite un document care pune pe primul plan o alt\u0103 entitate dec\u00e2t \u021bara noastr\u0103: patriotismul european\">Pentru prima oar\u0103 \u00een istorie, Pre\u0219edin\u021bia Rom\u00e2niei emite un document care pune pe primul&#8230;<\/a><\/h3>\n<div class=\"td-module-meta-info\"><a href=\"https:\/\/r3media.ro\/category\/actualitate\/\" class=\"td-post-category\">ACTUALITATE<\/a><span class=\"td-post-author-name\"><a href=\"https:\/\/r3media.ro\/author\/teodor_stan\/\">Teodor Stan<\/a><span>&#8211;<\/span><\/span><span class=\"td-post-date\"><time class=\"entry-date updated td-module-date\" datetime=\"2026-07-26T11:44:31+03:00\">26\/07\/2026<\/time><\/span><\/div>\n<\/div>\n<\/div>\n<\/div>\n<div class=\"td-block-span6\">\n<div class=\"td_module_8 td_module_wrap\">\n<div class=\"item-details\">\n<h3 class=\"entry-title td-module-title\"><a href=\"https:\/\/r3media.ro\/film-nou-stapanul-inelelor-corect-politic-regizor-andy-serkis-diversitate-tolkien-mitologie-nordica\/\" rel=\"bookmark\" title=\"Noul film \u201eSt\u0103p\u00e2nul Inelelor\u201d nu va fi corect politic. Regizorul Andy Serkis: J.R.R. Tolkien a fost influen\u021bat de mitologia nordic\u0103. Nu vrem o distribu\u021bie de dragul de a bifa c\u0103su\u021be\">Noul film \u201eSt\u0103p\u00e2nul Inelelor\u201d nu va fi corect politic. Regizorul Andy Serkis: J.R.R. Tolkien&#8230;<\/a><\/h3>\n<div class=\"td-module-meta-info\"><a href=\"https:\/\/r3media.ro\/category\/actualitate\/\" class=\"td-post-category\">ACTUALITATE<\/a><span class=\"td-post-author-name\"><a href=\"https:\/\/r3media.ro\/author\/oana\/\">Oana Ivan<\/a><span>&#8211;<\/span><\/span><span class=\"td-post-date\"><time class=\"entry-date updated td-module-date\" datetime=\"2026-07-26T15:49:31+03:00\">26\/07\/2026<\/time><\/span><\/div>\n<\/div>\n<\/div>\n<\/div>\n<\/div>\n<div class=\"td-block-row\">\n<div class=\"td-block-span6\">\n<div class=\"td_module_8 td_module_wrap\">\n<div class=\"item-details\">\n<h3 class=\"entry-title td-module-title\"><a href=\"https:\/\/r3media.ro\/dictatura-forma-suprema-a-democratiei\/\" rel=\"bookmark\" title=\"Dictatura \u2013 forma suprem\u0103 a democra\u021biei\">Dictatura \u2013 forma suprem\u0103 a democra\u021biei<\/a><\/h3>\n<div class=\"td-module-meta-info\"><a href=\"https:\/\/r3media.ro\/category\/opinii\/\" class=\"td-post-category\">OPINII<\/a><span class=\"td-post-author-name\"><a href=\"https:\/\/r3media.ro\/author\/tru\/\">TRU (Traian Ungureanu)<\/a><span>&#8211;<\/span><\/span><span class=\"td-post-date\"><time class=\"entry-date updated td-module-date\" datetime=\"2026-07-25T16:43:11+03:00\">25\/07\/2026<\/time><\/span><\/div>\n<\/div>\n<\/div>\n<\/div>\n<div class=\"td-block-span6\">\n<div class=\"td_module_8 td_module_wrap\">\n<div class=\"item-details\">\n<h3 class=\"entry-title td-module-title\"><a href=\"https:\/\/r3media.ro\/marea-britanie-apa-inteligenta-artificiala-romania-centru-ai-restrictii-consum-apa\/\" rel=\"bookmark\" title=\"Marea Britanie nu mai are suficient\u0103 ap\u0103 pentru Inteligen\u021ba Artificial\u0103, dar Rom\u00e2nia vrea s\u0103 g\u0103zduiasc\u0103 un centru AI care consum\u0103 c\u00e2t sute de mii de oameni \u0219i impune restric\u021bii la consumul de ap\u0103 al popula\u021biei\">Marea Britanie nu mai are suficient\u0103 ap\u0103 pentru Inteligen\u021ba Artificial\u0103, dar Rom\u00e2nia vrea s\u0103&#8230;<\/a><\/h3>\n<div class=\"td-module-meta-info\"><a href=\"https:\/\/r3media.ro\/category\/actualitate\/\" class=\"td-post-category\">ACTUALITATE<\/a><span class=\"td-post-author-name\"><a href=\"https:\/\/r3media.ro\/author\/radu_ursan\/\">Radu Ursan<\/a><span>&#8211;<\/span><\/span><span class=\"td-post-date\"><time class=\"entry-date updated td-module-date\" datetime=\"2026-07-23T11:44:13+03:00\">23\/07\/2026<\/time><\/span><\/div>\n<\/div>\n<\/div>\n<\/div>\n<\/div>\n<\/div>\n<div class=\"td-load-more-wrap td-load-more-infinite-wrap\" id=\"infinite-lm-tdi_20\"><a href=\"https:\/\/r3media.ro\/cehia-capacitati-carbune-romania-criza-energetica\/\" class=\"td_ajax_load_more td_ajax_load_more_js\" aria-label=\"\u00cenc\u0103rca\u021bi mai multe\" id=\"next-page-tdi_20\" data-td_block_id=\"tdi_20\">\u00cenc\u0103rca\u021bi mai multe<\/a><\/div>\n<\/div>\n<div class=\"td_block_wrap tdb_single_comments tdi_21 tdb-comm-layout2 td-pb-border-top td_block_template_1\" data-td-block-uid=\"tdi_21\">\n<div class=\"tdb-block-inner td-fix-index\">\n<div class=\"comments\" id=\"comments\">\n<div id=\"respond\" class=\"comment-respond\">\n<h3 id=\"reply-title\" class=\"comment-reply-title\">AI CEVA DE SPUS? <small><a rel=\"nofollow\" id=\"cancel-comment-reply-link\" href=\"https:\/\/r3media.ro\/cehia-capacitati-carbune-romania-criza-energetica\/#respond\">Renun\u021ba\u021bi la r\u0103spuns<\/a><\/small><\/h3>\n<div class=\"comment-form-input-wrap td-form-comment\">\n<div class=\"td-warning-comment\">V\u0103 rug\u0103m s\u0103 introduce\u021bi comentariul dvs.!<\/div>\n<\/div>\n<div class=\"comment-form-input-wrap td-form-author\">\n<div class=\"td-warning-author\">Introduce\u021bi aici numele dvs.<\/div>\n<\/div>\n<div class=\"comment-form-input-wrap td-form-email\">\n<div class=\"td-warning-email-error\">A\u021bi introdus o adres\u0103 de e-mail incorect\u0103!<\/div>\n<div class=\"td-warning-email\">V\u0103 rug\u0103m s\u0103 introduce\u021bi adresa dvs. de e-mail aici<\/div>\n<\/div>\n<\/div>\n<\/div>\n<\/div>\n<\/div>\n<\/div>\n<\/div>\n<div class=\"vc_column tdi_23  wpb_column vc_column_container tdc-column td-pb-span4 td-is-sticky\">\n<div class=\"wpb_wrapper\" data-sticky-enabled-on=\"W3RydWUsdHJ1ZSx0cnVlLHRydWVd\" data-sticky-offset=\"20\" data-sticky-is-width-auto=\"W2ZhbHNlLGZhbHNlLGZhbHNlLGZhbHNlXQ==\">\n<div class=\"wpb_wrapper td_block_wrap vc_widget_sidebar tdi_25 \">\n<div class=\"td_block_wrap td_block_7 td_block_widget tdi_26 td-pb-border-top td_block_template_1 td-column-1 td_block_padding\" data-td-block-uid=\"tdi_26\">\n<div class=\"td-block-title-wrap\">\n<h4 class=\"block-title td-block-title\"><span class=\"td-pulldown-size\">Articole RELA\u021aIONATE<\/span><\/h4>\n<\/div>\n<div id=\"tdi_26\" class=\"td_block_inner\">\n<div class=\"td-block-span12\">\n<div class=\"td_module_6 td_module_wrap td-animation-stack\">\n<div class=\"td-module-thumb\"><a href=\"https:\/\/r3media.ro\/ministr-securitate-energetica-marea-britanie-subventii-net-zero-umfla-facturi-cetateni-energie\/\" rel=\"bookmark\" class=\"td-image-wrap \" title=\"Ministrul Securit\u0103\u021bii Energetice din Marea Britanie neag\u0103 faptul c\u0103 subven\u021biile Net Zero umfl\u0103 facturile cet\u0103\u021benilor la energie\"><img loading=\"lazy\" decoding=\"async\" class=\"entry-thumb\" src=\"https:\/\/r3media.ro\/wp-content\/uploads\/2026\/08\/stalpi-de-inalta-tensiune-100x70.jpg\" alt title=\"Ministrul Securit\u0103\u021bii Energetice din Marea Britanie neag\u0103 faptul c\u0103 subven\u021biile Net Zero umfl\u0103 facturile cet\u0103\u021benilor la energie\" width=\"100\" height=\"70\"><\/a><\/div>\n<div class=\"item-details\">\n<h3 class=\"entry-title td-module-title\"><a href=\"https:\/\/r3media.ro\/ministr-securitate-energetica-marea-britanie-subventii-net-zero-umfla-facturi-cetateni-energie\/\" rel=\"bookmark\" title=\"Ministrul Securit\u0103\u021bii Energetice din Marea Britanie neag\u0103 faptul c\u0103 subven\u021biile Net Zero umfl\u0103 facturile cet\u0103\u021benilor la energie\">Ministrul Securit\u0103\u021bii Energetice din Marea Britanie neag\u0103 faptul c\u0103 subven\u021biile Net&#8230;<\/a><\/h3>\n<div class=\"td-module-meta-info\"><span class=\"td-post-date\"><time class=\"entry-date updated td-module-date\" datetime=\"2026-08-03T17:19:39+03:00\">03\/08\/2026<\/time><\/span><\/div>\n<\/div>\n<\/div>\n<\/div>\n<div class=\"td-block-span12\">\n<div class=\"td_module_6 td_module_wrap td-animation-stack\">\n<div class=\"td-module-thumb\"><a href=\"https:\/\/r3media.ro\/tara-europa-norvegia-masini-electrice-inmatriculate-cota-ridicata\/\" rel=\"bookmark\" class=\"td-image-wrap \" title=\"\u021aara din Europa unde aproape toate ma\u0219inile \u00eenmatriculate sune electrice. Cota a ajuns la 97,6% \u00een iulie\"><img loading=\"lazy\" decoding=\"async\" class=\"entry-thumb\" src=\"https:\/\/r3media.ro\/wp-content\/uploads\/2026\/08\/masini-electrice-pe-strada-in-norvegia-100x70.jpg\" alt title=\"\u021aara din Europa unde aproape toate ma\u0219inile \u00eenmatriculate sune electrice. Cota a ajuns la 97,6% \u00een iulie\" width=\"100\" height=\"70\"><\/a><\/div>\n<div class=\"item-details\">\n<h3 class=\"entry-title td-module-title\"><a href=\"https:\/\/r3media.ro\/tara-europa-norvegia-masini-electrice-inmatriculate-cota-ridicata\/\" rel=\"bookmark\" title=\"\u021aara din Europa unde aproape toate ma\u0219inile \u00eenmatriculate sune electrice. Cota a ajuns la 97,6% \u00een iulie\">\u021aara din Europa unde aproape toate ma\u0219inile \u00eenmatriculate sune electrice. Cota&#8230;<\/a><\/h3>\n<div class=\"td-module-meta-info\"><span class=\"td-post-date\"><time class=\"entry-date updated td-module-date\" datetime=\"2026-08-03T17:01:21+03:00\">03\/08\/2026<\/time><\/span><\/div>\n<\/div>\n<\/div>\n<\/div>\n<div class=\"td-block-span12\">\n<div class=\"td_module_6 td_module_wrap td-animation-stack\">\n<div class=\"td-module-thumb\"><a href=\"https:\/\/r3media.ro\/dacia-ford-suspendare-productie-19-august-criza-energetica\/\" rel=\"bookmark\" class=\"td-image-wrap \" title=\"Dacia \u0219i Ford au suspendat produc\u021bia p\u00e2n\u0103 pe 19 august din cauza crizei energetice\"><img loading=\"lazy\" decoding=\"async\" class=\"entry-thumb\" src=\"https:\/\/r3media.ro\/wp-content\/uploads\/2024\/09\/piata-europeana-de-masini-in-criza-100x70.png\" alt title=\"Dacia \u0219i Ford au suspendat produc\u021bia p\u00e2n\u0103 pe 19 august din cauza crizei energetice\" width=\"100\" height=\"70\"><\/a><\/div>\n<div class=\"item-details\">\n<h3 class=\"entry-title td-module-title\"><a href=\"https:\/\/r3media.ro\/dacia-ford-suspendare-productie-19-august-criza-energetica\/\" rel=\"bookmark\" title=\"Dacia \u0219i Ford au suspendat produc\u021bia p\u00e2n\u0103 pe 19 august din cauza crizei energetice\">Dacia \u0219i Ford au suspendat produc\u021bia p\u00e2n\u0103 pe 19 august din&#8230;<\/a><\/h3>\n<div class=\"td-module-meta-info\"><span class=\"td-post-date\"><time class=\"entry-date updated td-module-date\" datetime=\"2026-08-03T16:41:53+03:00\">03\/08\/2026<\/time><\/span><\/div>\n<\/div>\n<\/div>\n<\/div>\n<div class=\"td-block-span12\">\n<div class=\"td_module_6 td_module_wrap td-animation-stack\">\n<div class=\"td-module-thumb\"><a href=\"https:\/\/r3media.ro\/sursa-crizei-energetice-radu-miruta-romania-capacitati-carbune-seceta\/\" rel=\"bookmark\" class=\"td-image-wrap \" title=\"Sursa crizei energetice. Ministrul Radu Miru\u021b\u0103: Rom\u00e2nia a \u00eenchis capacit\u0103\u021bi de produc\u021bie pe carbune f\u0103r\u0103 s\u0103 pun\u0103 nimic \u00een loc. Nu te po\u021bi ascunde \u00een spatele secetei\"><img loading=\"lazy\" decoding=\"async\" class=\"entry-thumb\" src=\"https:\/\/r3media.ro\/wp-content\/uploads\/2026\/08\/criza-energetica-romania-sursa-100x70.jpg\" alt title=\"Sursa crizei energetice. Ministrul Radu Miru\u021b\u0103: Rom\u00e2nia a \u00eenchis capacit\u0103\u021bi de produc\u021bie pe carbune f\u0103r\u0103 s\u0103 pun\u0103 nimic \u00een loc. Nu te po\u021bi ascunde \u00een spatele secetei\" width=\"100\" height=\"70\"><\/a><\/div>\n<div class=\"item-details\">\n<h3 class=\"entry-title td-module-title\"><a href=\"https:\/\/r3media.ro\/sursa-crizei-energetice-radu-miruta-romania-capacitati-carbune-seceta\/\" rel=\"bookmark\" title=\"Sursa crizei energetice. Ministrul Radu Miru\u021b\u0103: Rom\u00e2nia a \u00eenchis capacit\u0103\u021bi de produc\u021bie pe carbune f\u0103r\u0103 s\u0103 pun\u0103 nimic \u00een loc. Nu te po\u021bi ascunde \u00een spatele secetei\">Sursa crizei energetice. Ministrul Radu Miru\u021b\u0103: Rom\u00e2nia a \u00eenchis capacit\u0103\u021bi de&#8230;<\/a><\/h3>\n<div class=\"td-module-meta-info\"><span class=\"td-post-date\"><time class=\"entry-date updated td-module-date\" datetime=\"2026-08-03T11:00:21+03:00\">03\/08\/2026<\/time><\/span><\/div>\n<\/div>\n<\/div>\n<\/div>\n<div class=\"td-block-span12\">\n<div class=\"td_module_6 td_module_wrap td-animation-stack\">\n<div class=\"td-module-thumb\"><a href=\"https:\/\/r3media.ro\/donald-trump-negocieri-cu-iran\/\" rel=\"bookmark\" class=\"td-image-wrap \" title=\"Donald Trump anun\u021b\u0103 reluarea negocierilor cu Iranul dup\u0103 ce a anulat un atac major\"><img loading=\"lazy\" decoding=\"async\" class=\"entry-thumb\" src=\"https:\/\/r3media.ro\/wp-content\/uploads\/2021\/08\/UGR4YYGIQNEBLBQNEO6JW3GH74-scaled-100x70.jpg\" alt title=\"Donald Trump anun\u021b\u0103 reluarea negocierilor cu Iranul dup\u0103 ce a anulat un atac major\" width=\"100\" height=\"70\"><\/a><\/div>\n<div class=\"item-details\">\n<h3 class=\"entry-title td-module-title\"><a href=\"https:\/\/r3media.ro\/donald-trump-negocieri-cu-iran\/\" rel=\"bookmark\" title=\"Donald Trump anun\u021b\u0103 reluarea negocierilor cu Iranul dup\u0103 ce a anulat un atac major\">Donald Trump anun\u021b\u0103 reluarea negocierilor cu Iranul dup\u0103 ce a anulat&#8230;<\/a><\/h3>\n<div class=\"td-module-meta-info\"><span class=\"td-post-date\"><time class=\"entry-date updated td-module-date\" datetime=\"2026-08-03T10:28:57+03:00\">03\/08\/2026<\/time><\/span><\/div>\n<\/div>\n<\/div>\n<\/div>\n<div class=\"td-block-span12\">\n<div class=\"td_module_6 td_module_wrap td-animation-stack\">\n<div class=\"td-module-thumb\"><a href=\"https:\/\/r3media.ro\/virusul-bourbon-o-boala-rara-si-fara-tratament-a-fost-confirmat-in-statele-unite\/\" rel=\"bookmark\" class=\"td-image-wrap \" title=\"Virusul Bourbon, o boal\u0103 rar\u0103 \u0219i f\u0103r\u0103 tratament, a fost confirmat \u00een Statele Unite\"><img loading=\"lazy\" decoding=\"async\" class=\"entry-thumb\" src=\"https:\/\/r3media.ro\/wp-content\/uploads\/2026\/08\/virusul-bourbon-Amblyomma-americanum--100x70.jpg\" alt title=\"Virusul Bourbon, o boal\u0103 rar\u0103 \u0219i f\u0103r\u0103 tratament, a fost confirmat \u00een Statele Unite\" width=\"100\" height=\"70\"><\/a><\/div>\n<div class=\"item-details\">\n<h3 class=\"entry-title td-module-title\"><a href=\"https:\/\/r3media.ro\/virusul-bourbon-o-boala-rara-si-fara-tratament-a-fost-confirmat-in-statele-unite\/\" rel=\"bookmark\" title=\"Virusul Bourbon, o boal\u0103 rar\u0103 \u0219i f\u0103r\u0103 tratament, a fost confirmat \u00een Statele Unite\">Virusul Bourbon, o boal\u0103 rar\u0103 \u0219i f\u0103r\u0103 tratament, a fost confirmat&#8230;<\/a><\/h3>\n<div class=\"td-module-meta-info\"><span class=\"td-post-date\"><time class=\"entry-date updated td-module-date\" datetime=\"2026-08-03T09:49:53+03:00\">03\/08\/2026<\/time><\/span><\/div>\n<\/div>\n<\/div>\n<\/div>\n<div class=\"td-block-span12\">\n<div class=\"td_module_6 td_module_wrap td-animation-stack\">\n<div class=\"td-module-thumb\"><a href=\"https:\/\/r3media.ro\/3-august-1601-batalia-de-la-guruslau-mihai-viteazul\/\" rel=\"bookmark\" class=\"td-image-wrap \" title=\"3 august 1601, B\u0103t\u0103lia de la Gurusl\u0103u. Ultima victorie a lui Mihai Viteazul\"><img loading=\"lazy\" decoding=\"async\" class=\"entry-thumb\" src=\"https:\/\/r3media.ro\/wp-content\/uploads\/2021\/08\/maxresdefault-1-100x70.jpg\" alt title=\"3 august 1601, B\u0103t\u0103lia de la Gurusl\u0103u. Ultima victorie a lui Mihai Viteazul\" width=\"100\" height=\"70\"><\/a><\/div>\n<div class=\"item-details\">\n<h3 class=\"entry-title td-module-title\"><a href=\"https:\/\/r3media.ro\/3-august-1601-batalia-de-la-guruslau-mihai-viteazul\/\" rel=\"bookmark\" title=\"3 august 1601, B\u0103t\u0103lia de la Gurusl\u0103u. Ultima victorie a lui Mihai Viteazul\">3 august 1601, B\u0103t\u0103lia de la Gurusl\u0103u. Ultima victorie a lui&#8230;<\/a><\/h3>\n<div class=\"td-module-meta-info\"><span class=\"td-post-date\"><time class=\"entry-date updated td-module-date\" datetime=\"2026-08-02T22:44:33+03:00\">02\/08\/2026<\/time><\/span><\/div>\n<\/div>\n<\/div>\n<\/div>\n<\/div>\n<\/div>\n<aside class=\"td_block_template_1 widget widget_recent_comments\">\n<h4 class=\"block-title\"><span>INTR\u0102 \u00ceN DISCU\u021aIE!<\/span><\/h4>\n<ul id=\"recentcomments\">\n<li class=\"recentcomments\"><span class=\"comment-author-link\">Redac\u021bia<\/span> la <a href=\"https:\/\/r3media.ro\/statul-roman-a-semnat-actul-propriei-disparitii\/#comment-40345\">Statul rom\u00e2n a semnat actul propriei dispari\u021bii?<\/a><\/li>\n<li class=\"recentcomments\"><span class=\"comment-author-link\">Cet\u0103\u021bean<\/span> la <a href=\"https:\/\/r3media.ro\/sursa-crizei-energetice-radu-miruta-romania-capacitati-carbune-seceta\/#comment-40344\">Sursa crizei energetice. Ministrul Radu Miru\u021b\u0103: Rom\u00e2nia a \u00eenchis capacit\u0103\u021bi de produc\u021bie pe carbune f\u0103r\u0103 s\u0103 pun\u0103 nimic \u00een loc. Nu te po\u021bi ascunde \u00een spatele secetei<\/a><\/li>\n<li class=\"recentcomments\"><span class=\"comment-author-link\"><a href=\"https:\/\/r3media.ro\/statul-roman-a-semnat-actul-propriei-disparitii\/\" class=\"url\" rel=\"ugc\">Stalin<\/a><\/span> la <a href=\"https:\/\/r3media.ro\/statul-roman-a-semnat-actul-propriei-disparitii\/#comment-40343\">Statul rom\u00e2n a semnat actul propriei dispari\u021bii?<\/a><\/li>\n<li class=\"recentcomments\"><span class=\"comment-author-link\">B<\/span> la <a href=\"https:\/\/r3media.ro\/dragostea-care-transcende-epoci-descult-in-parc-1967\/#comment-40342\">Dragostea care transcende epoci \u2014 Descul\u021b \u00een parc (1967)<\/a><\/li>\n<li class=\"recentcomments\"><span class=\"comment-author-link\">Nicu<\/span> la <a href=\"https:\/\/r3media.ro\/puterea-mitologica-instalata-a-romaniei\/#comment-40341\">Puterea mitologic\u0103 instalat\u0103 a Rom\u00e2niei<\/a><\/li>\n<li class=\"recentcomments\"><span class=\"comment-author-link\">Eu pot, dar voi ?<\/span> la <a href=\"https:\/\/r3media.ro\/europarlamentarul-gheorghe-piperea-psd-pnl-usr-udmr-sunt-de-fapt-pro-ucraineni-noi-preferam-sa-fim-pro-romani\/#comment-40340\">Europarlamentarul Gheorghe Piperea: PSD-PNL-USR-UDMR sunt de fapt, pro-ucraineni. Noi prefer\u0103m s\u0103 fim pro-rom\u00e2ni<\/a><\/li>\n<li class=\"recentcomments\"><span class=\"comment-author-link\">Eu pot, dar voi ?<\/span> la <a href=\"https:\/\/r3media.ro\/steinhardt-caragiale-si-sufletul-romanesc\/#comment-40339\">Steinhardt, Caragiale \u015fi sufletul rom\u00e2nesc<\/a><\/li>\n<\/ul>\n<\/aside>\n<aside class=\"td_block_template_1 widget widget_search\">\n<h4 class=\"block-title\"><span>CAUT\u0102 \u0218I VEI G\u0102SI<\/span><\/h4>\n<\/aside>\n<\/div>\n<\/div>\n<\/div>\n<\/div>\n<\/div>\n<\/div>\n<\/div>\n<p><span class=\"td-page-meta\"><\/span><span class=\"td-page-meta\"><span class=\"td-page-meta\"><\/span><\/span><span class=\"td-page-meta\"><\/span><\/article>\n<\/p>\n<div class=\"td_block_wrap tdb_single_content tdi_18 td-pb-border-top td_block_template_1 td-post-content tagdiv-type\" data-td-block-uid=\"tdi_18\">\n<div class=\"tdb-block-inner td-fix-index\">\n<p><strong>Cehia a \u00eenchis doar o treime din capacit\u0103\u021bile pe c\u0103rbune, \u00een ultimii 14 ani, \u00een timp ce Rom\u00e2nia a oprit aproape 70%. Consecin\u021ba: la Praga nu este criz\u0103 energetic\u0103 la nivel na\u021bional, a\u0219a cum este la Bucure\u0219ti.<\/strong><\/p>\n<p>O analiz\u0103 realizat\u0103 pe ultimii 14 ani arat\u0103 c\u0103 Rom\u00e2nia \u0219i-a \u00eenchis, \u00een mod agresiv, capacit\u0103\u021bile de producere a energiei pe baz\u0103 de c\u0103rbune.<\/p>\n<p>Astfel, potrivit <a href=\"https:\/\/euracoal.eu\/library\/archive\/czech-republic-7\/\" target=\"_blank\" rel=\"noopener\">Eurocoal<\/a>, \u00een 2012, capacitatea instalat\u0103 pe c\u0103rbune a Cehiei era de aproximativ 10 GW.<\/p>\n<p>Pentru context: \u00een 2018, 49,5% din produc\u021bia brut\u0103 de electricitate provenea din centrale pe c\u0103rbune cu o capacitate total\u0103 de circa 10,0 GW, nivel care se men\u021binuse relativ stabil din 2012.<\/p>\n<p>Cehia a \u00eenchis aproximativ 3 GW din cei aproximativ 10 GW de la nivelul lui 2012 \u2014 adic\u0103 i-a mai r\u0103mas circa 68% din capacitatea pe c\u0103rbune de atunci, o reducere de aproximativ o treime.<\/p>\n<p>La nivelul anului 2025, c\u0103rbunele reprezenta aproape 34% din mixul de electricitate al Cehiei.<\/p>\n<h2><strong>Rom\u00e2nia, pierdere uria\u0219\u0103 \u00een doar 14 ani<\/strong><\/h2>\n<p>Compara\u021bia cu Rom\u00e2nia este net defavorabil\u0103 \u021b\u0103rii noastre.<\/p>\n<p>\u00cen 2012, centralele active pe c\u0103rbune din Rom\u00e2nia aveau o capacitate total\u0103 de circa 5,3 GW.<\/p>\n<p>\u00cen prezent (ianuarie 2026), conform datelor operatorului na\u021bional, func\u021bioneaz\u0103 11 unit\u0103\u021bi pe c\u0103rbune, cu o capacitate net\u0103 instalat\u0103 de 1.835 MW.<\/p>\n<p>Cu alte cuvinte, Rom\u00e2nia a redus 68% din capacit\u0103\u021bile sale pe c\u0103rbune. \u00cen pu\u021bin peste un deceniu.<\/p>\n<p>Ast\u0103zi, potrivit <a href=\"https:\/\/lowcarbonpower.org\/region\/Romania\" target=\"_blank\" rel=\"noopener\">presei de specialitate<\/a>, c\u0103rbunele reprezint\u0103 doar 11% din mixul de electricitate al Rom\u00e2niei.<\/p>\n<p>Putea fi \u0219i mai r\u0103u, pentru c\u0103 politicienii rom\u00e2ni s-au angajat s\u0103 \u00eenchid\u0103 \u0219i mai mult. F\u0103r\u0103 s\u0103 fie obliga\u021bi de cineva.<\/p>\n<h2><strong>Cernavod\u0103, cu investi\u021bii din trecut. Nimic din prezent<\/strong><\/h2>\n<p>\u00cen timp ce Republica Ceh\u0103 a investit \u00een energia nuclear\u0103, p\u0103str\u00e2ndu-\u0219i \u0219i c\u0103rbunele, Bucure\u0219tiul \u0219i-a t\u0103iat singur energia pe baz\u0103 de c\u0103rbune, f\u0103r\u0103 a pune altceva \u00een loc.<\/p>\n<p>Ultima extindere a capacit\u0103\u021bii centralei de la Cernavod\u0103 s-a petrecut acum 19 ani, \u00een 2007, anul intr\u0103rii Rom\u00e2niei \u00een UE.<\/p>\n<p>Atunci a fost pus\u0103 \u00een func\u021biune Unitatea 2.<\/p>\n<p>De la intrarea \u021b\u0103rii \u00een Uniunea European\u0103, nu s-a mai f\u0103cut nimic la Cernavod\u0103.<\/p>\n<p>Construc\u021bia reactoarelor 3 \u0219i 4 a fost \u00eenceput\u0103 \u00een anii 80, dar a fost abandonat\u0103 dup\u0103 1989.<\/p>\n<p>Recent, Ministrul interimar al Ap\u0103r\u0103rii, Radu Miru\u021b\u0103, <a href=\"https:\/\/r3media.ro\/sursa-crizei-energetice-radu-miruta-romania-capacitati-carbune-seceta\/\" target=\"_blank\" rel=\"noopener\">a spus<\/a> c\u0103 sursa crizei energetice o reprezint\u0103 \u00eenchiderea capacit\u0103\u021bilor de produc\u021bie pe c\u0103rbune, f\u0103r\u0103 a fi pus ceva \u00een loc.<\/p>\n<p>Premierul interimar, Ilie Bolojan, <a href=\"https:\/\/r3media.ro\/romania-importa-energie-ucraina-ilie-bolojan-stare-de-alerta\/\" target=\"_blank\" rel=\"noopener\">declarase<\/a> c\u0103 problemele energetice provin de la secet\u0103.<\/p>\n<div class=\"crp_related     crp-masonry\">\n<h2>\u00ceN CONTEXT<\/h2>\n<ul>\n<li><a href=\"https:\/\/r3media.ro\/sursa-crizei-energetice-radu-miruta-romania-capacitati-carbune-seceta\/\" class=\"crp_link post-120768\"><span class=\"crp_title\">Sursa crizei energetice. Ministrul Radu Miru\u021b\u0103: Rom\u00e2nia a \u00eenchis capacit\u0103\u021bi de produc\u021bie pe\u2026<\/span><\/a><\/li>\n<li><a href=\"https:\/\/r3media.ro\/cristian-sipos-aur-preturi-energie-specula-importuri-ong-uri\/\" class=\"crp_link post-119226\"><span class=\"crp_title\">Cristian \u0218ipo\u0219 (AUR): Pre\u021burile la energie cresc \u201edin cauza speculei, a importurilor \u0219i a\u2026<\/span><\/a><\/li>\n<li><a href=\"https:\/\/r3media.ro\/citeste-aici-ca-sa-afli-de-ce-platesti-atat-de-mult-la-pompa\/\" class=\"crp_link post-115681\"><span class=\"crp_title\">Cite\u0219te aici ca s\u0103 afli de ce pl\u0103te\u0219ti at\u00e2t de mult la pomp\u0103<\/span><\/a><\/li>\n<li><a href=\"https:\/\/r3media.ro\/tavalug-trumpism-curpinde-europa-andrej-babis-castigat-alegeri-cehia-ano-actiunea-cetatenilor-nemultumiti\/\" class=\"crp_link post-113463\"><span class=\"crp_title\">T\u0103v\u0103lugul trumpismului cuprinde Europa: Andrej Babi\u0219 a c\u00e2\u0219tigat alegerile din Cehia cu\u2026<\/span><\/a><\/li>\n<li><a href=\"https:\/\/r3media.ro\/criza-energetica-bolojan-romani-reducere-consum\/\" class=\"crp_link post-120638\"><span class=\"crp_title\">Criza energiei, confirmat\u0103 de la Guvern: Ilie Bolojan \u00eendeamn\u0103 rom\u00e2nii s\u0103 reduc\u0103 consumul de energie<\/span><\/a><\/li>\n<li><a href=\"https:\/\/r3media.ro\/ni-se-spune-ca-epoca-energiei-ieftine-pentru-romani-s-a-incheiat-dar-se-ocoleste-cu-grija-motivul-de-ce\/\" class=\"crp_link post-113596\"><span class=\"crp_title\">Ni se spune c\u0103 \u201eEpoca energiei ieftine pentru rom\u00e2ni s-a \u00eencheiat!\u201d dar se ocole\u0219te cu grij\u0103\u2026<\/span><\/a><\/li>\n<li><a href=\"https:\/\/r3media.ro\/cehia-interzice-telefoanele-in-scoli\/\" class=\"crp_link post-120186\"><span class=\"crp_title\">Cehia se preg\u0103te\u0219te s\u0103 interzic\u0103 telefoanele mobile \u00een \u0219coli<\/span><\/a><\/li>\n<li><a href=\"https:\/\/r3media.ro\/babis-aliatii-cehia-promit-refuz-pact-migratie-politici-verzi-ue-responsabil-alegatori-bruxelles-uniunea-europeana-conduce\/\" class=\"crp_link post-113776\"><span class=\"crp_title\">Babi\u0219 \u0219i alia\u021bii s\u0103i din Cehia promit s\u0103 resping\u0103 pactul privind migra\u021bia \u0219i politicile\u2026<\/span><\/a><\/li>\n<\/ul>\n<\/div>\n<\/div>\n<\/div>\n<p>[analyse_source url=&#8221;https:\/\/r3media.ro\/cehia-capacitati-carbune-romania-criza-energetica\/&#8221;]<\/p>\n","protected":false},"excerpt":{"rendered":"<p>[analyse_image type=&#8221;featured&#8221; src=&#8221;https:\/\/r3media.ro\/wp-content\/uploads\/2024\/11\/termocentrala-paroseni-696&#215;418-1-e1732207695926.jpghttps:\/\/r3media.ro\/wp-content\/uploads\/2024\/11\/termocentrala-paroseni-696&#215;418-1-e1732207695926.jpg&#8221;] ECONOMIECehia a \u00eenchis doar o treime din capacit\u0103\u021bile pe c\u0103rbune, \u00een ultimii&#8230; ECONOMIEENERGIEFEATURED\u0218TIRI Cehia a \u00eenchis doar o treime din capacit\u0103\u021bile pe c\u0103rbune, \u00een ultimii 14 ani \u0219i nu trece prin criz\u0103 energetic\u0103. Rom\u00e2nia a oprit APROAPE 70% Radu Ursan 03\/08\/2026 Sursa foto: Cotidianul.ro Cehia a \u00eenchis doar o treime din capacit\u0103\u021bile [&hellip;]<\/p>\n","protected":false},"author":1,"featured_media":0,"comment_status":"open","ping_status":"","sticky":false,"template":"","format":"standard","meta":{"footnotes":""},"categories":[89],"tags":[226,93],"class_list":["post-2075063","post","type-post","status-publish","format-standard","hentry","category-romania","tag-crawlmanager","tag-r3media-ro"],"_links":{"self":[{"href":"https:\/\/analyse.optim.biz\/index.php?rest_route=\/wp\/v2\/posts\/2075063","targetHints":{"allow":["GET"]}}],"collection":[{"href":"https:\/\/analyse.optim.biz\/index.php?rest_route=\/wp\/v2\/posts"}],"about":[{"href":"https:\/\/analyse.optim.biz\/index.php?rest_route=\/wp\/v2\/types\/post"}],"author":[{"embeddable":true,"href":"https:\/\/analyse.optim.biz\/index.php?rest_route=\/wp\/v2\/users\/1"}],"replies":[{"embeddable":true,"href":"https:\/\/analyse.optim.biz\/index.php?rest_route=%2Fwp%2Fv2%2Fcomments&post=2075063"}],"version-history":[{"count":0,"href":"https:\/\/analyse.optim.biz\/index.php?rest_route=\/wp\/v2\/posts\/2075063\/revisions"}],"wp:attachment":[{"href":"https:\/\/analyse.optim.biz\/index.php?rest_route=%2Fwp%2Fv2%2Fmedia&parent=2075063"}],"wp:term":[{"taxonomy":"category","embeddable":true,"href":"https:\/\/analyse.optim.biz\/index.php?rest_route=%2Fwp%2Fv2%2Fcategories&post=2075063"},{"taxonomy":"post_tag","embeddable":true,"href":"https:\/\/analyse.optim.biz\/index.php?rest_route=%2Fwp%2Fv2%2Ftags&post=2075063"}],"curies":[{"name":"wp","href":"https:\/\/api.w.org\/{rel}","templated":true}]}}