{"id":2075062,"date":"2026-08-03T14:01:21","date_gmt":"2026-08-03T11:01:21","guid":{"rendered":"https:\/\/analyse.optim.biz\/?p=2075062"},"modified":"2026-08-03T14:01:21","modified_gmt":"2026-08-03T11:01:21","slug":"tara-din-europa-unde-aproape-toate-masinile-inmatriculate-sune-electrice-cota-a-ajuns-la-976-in-iulie","status":"publish","type":"post","link":"https:\/\/analyse.optim.biz\/?p=2075062","title":{"rendered":"\u021aara din Europa unde aproape toate ma\u0219inile \u00eenmatriculate sune electrice. Cota a ajuns la 97,6% \u00een iulie"},"content":{"rendered":"<p>[analyse_image type=&#8221;featured&#8221; src=&#8221;https:\/\/r3media.ro\/wp-content\/uploads\/2026\/08\/masini-electrice-pe-strada-in-norvegia-scaled-e1785765020477.jpghttps:\/\/r3media.ro\/wp-content\/uploads\/2026\/08\/masini-electrice-pe-strada-in-norvegia-scaled-e1785765020477.jpg&#8221;]<\/p>\n<article id=\"template-id-109\" class=\"post-109 tdb_templates type-tdb_templates status-publish post\">\n<div id=\"tdi_2\" class=\"tdc-zone\">\n<div class=\"tdc_zone tdi_3  wpb_row td-pb-row\">\n<div id=\"tdi_4\" class=\"tdc-row\">\n<div class=\"vc_row tdi_5  wpb_row td-pb-row\">\n<div class=\"vc_column tdi_7  wpb_column vc_column_container tdc-column td-pb-span8\">\n<div class=\"wpb_wrapper\">\n<div class=\"td_block_wrap tdb_breadcrumbs tdi_8 td-pb-border-top td_block_template_1 tdb-breadcrumbs \" data-td-block-uid=\"tdi_8\">\n<div class=\"tdb-block-inner td-fix-index\"><span><a title=\"Vede\u021bi toate articolele \u00een FEATURED\" class=\"tdb-entry-crumb\" href=\"https:\/\/r3media.ro\/category\/featured\/\">FEATURED<\/a><\/span><span class=\"tdb-bred-no-url-last\">\u021aara din Europa unde aproape toate ma\u0219inile \u00eenmatriculate sune electrice. Cota a&#8230;<\/span><\/div>\n<\/div>\n<div class=\"td_block_wrap tdb_single_categories tdi_9 td-pb-border-top td_block_template_1 \" data-td-block-uid=\"tdi_9\">\n<div class=\"tdb-category td-fix-index\"><a class=\"tdb-entry-category\" href=\"https:\/\/r3media.ro\/category\/featured\/\">FEATURED<\/a><a class=\"tdb-entry-category\" href=\"https:\/\/r3media.ro\/category\/stiri\/\">\u0218TIRI<\/a><\/div>\n<\/div>\n<div class=\"td_block_wrap tdb_title tdi_10 tdb-single-title td-pb-border-top td_block_template_1\" data-td-block-uid=\"tdi_10\">\n<div class=\"tdb-block-inner td-fix-index\">\n<h1 class=\"tdb-title-text\">\u021aara din Europa unde aproape toate ma\u0219inile \u00eenmatriculate sune electrice. Cota a ajuns la 97,6% \u00een iulie<\/h1>\n<\/div>\n<\/div>\n<div class=\"vc_row_inner tdi_12  vc_row vc_inner wpb_row td-pb-row\">\n<div class=\"vc_column_inner tdi_14  wpb_column vc_column_container tdc-inner-column td-pb-span12\">\n<div class=\"vc_column-inner\">\n<div class=\"wpb_wrapper\">\n<div class=\"td_block_wrap tdb_single_author tdi_15 td-pb-border-top td_block_template_1 tdb-post-meta\" data-td-block-uid=\"tdi_15\">\n<div class=\"tdb-block-inner td-fix-index\">\n<div class=\"tdb-author-name-wrap\"><a class=\"tdb-author-name\" href=\"https:\/\/r3media.ro\/author\/oana\/\">Oana Ivan<\/a><\/div>\n<\/div>\n<\/div>\n<div class=\"td_block_wrap tdb_single_date tdi_16 td-pb-border-top td_block_template_1 tdb-post-meta\" data-td-block-uid=\"tdi_16\">\n<div class=\"tdb-block-inner td-fix-index\"><time class=\"entry-date updated td-module-date\" datetime=\"2026-08-03T17:01:21+03:00\">03\/08\/2026<\/time><\/div>\n<\/div>\n<\/div>\n<\/div>\n<\/div>\n<\/div>\n<div class=\"td_block_wrap tdb_single_featured_image tdi_17 tdb-content-horiz-left td-pb-border-top td_block_template_1\" data-td-block-uid=\"tdi_17\">\n<div class=\"tdb-block-inner td-fix-index\">\n<figure><figcaption class=\"tdb-caption-text\">Surs\u0103 &#8211; Unsplash<\/figcaption><\/figure>\n<\/div>\n<\/div>\n<div class=\"td_block_wrap tdb_single_content tdi_18 td-pb-border-top td_block_template_1 td-post-content tagdiv-type\" data-td-block-uid=\"tdi_18\">\n<div class=\"tdb-block-inner td-fix-index\">\n<p><strong>Cota de <a href=\"https:\/\/r3media.ro\/tag\/masini-electrice\/\" target=\"_blank\" rel=\"noopener\">ma\u0219ini electrice<\/a> cu baterii din Norvegia a crescut la 97,6% \u00een iulie. Toyota conduce clasamentul lunar al m\u0103rcilor, \u00een timp ce Xpeng a urcat pe locul trei datorit\u0103 cererii puternice de modele, potrivit <a href=\"https:\/\/www.electrive.com\/2026\/08\/03\/norways-ev-share-rises-to-97-6-in-july\/\" target=\"_blank\" rel=\"noopener\">Electrive<\/a>.<\/strong><\/p>\n<p>9.609 autoturisme noi au fost \u00eenmatriculate \u00een Norvegia, \u00een iulie. Num\u0103rul a fost \u00een cre\u0219tere cu 0,5% fa\u021b\u0103 de aceea\u0219i lun\u0103 a anului trecut. Vehiculele electrice cu baterii au reprezentat 9.379 de \u00eenmatricul\u0103ri, ridic\u00e2nd cota lunar\u0103 de vehicule electrice la 97,6%, potrivit Consiliului Norvegian pentru Informa\u021bii Rutiere (OFV). Anun\u021bul vine \u00een urma cotei record de vehicule electrice din iunie, de 96,9%.<\/p>\n<p>Datele confirm\u0103 faptul c\u0103 pia\u021ba norvegian\u0103 de ma\u0219ini noi r\u0103m\u00e2ne aproape \u00een \u00eentregime electric\u0103. Ostfold a \u00eenregistrat cea mai mare cot\u0103 de vehicule electrice din \u021bar\u0103, cu 672 din 675 de autoturisme nou \u00eenmatriculate alimentate de baterii.<\/p>\n<p>De la \u00eenceputul anului, \u00een <a href=\"https:\/\/r3media.ro\/tag\/norvegia\/\" target=\"_blank\" rel=\"noopener\"><strong>Norvegia<\/strong><\/a> au fost \u00eenmatriculate 83.012 autoturisme noi. Cifra a fost \u00een sc\u0103dere cu 2,4% fa\u021b\u0103 de anul precedent. \u00cen ciuda contrac\u021biei generale a pie\u021bei, \u00eenmatricul\u0103rile de vehicule electrice cu baterii au crescut cu 1,3%, ajung\u00e2nd la 81.040 de unit\u0103\u021bi.<\/p>\n<h2><strong>Majoritatea ma\u0219inilor \u00eenmatriculate \u00een Norvegia sunt electrice<\/strong><\/h2>\n<p>\u00a0<\/p>\n<p><a href=\"https:\/\/r3media.ro\/tag\/toyota\/\" target=\"_blank\" rel=\"noopener\"><strong>Toyota<\/strong><\/a> a fost marca cea mai bine v\u00e2ndut\u0103 \u00een iulie, cu 1.260 de \u00eenmatricul\u0103ri. Aceasta include 532 de Toyota bZ4X, care a fost modelul cel mai bine v\u00e2ndut \u00een Norvegia \u00een iulie, \u0219i 437 de unit\u0103\u021bi Toyota Urban Cruiser, care a ocupat locul trei \u00een clasament. Locul al doilea a revenit modelului Volkswagen ID.4, cu 485 de unit\u0103\u021bi.<\/p>\n<p>Volkswagen a ocupat, de asemenea, locul al doilea \u00een ceea ce prive\u0219te m\u0103rcile cele mai bine v\u00e2ndute. Xpeng s-a clasat pe locul trei, cu 843 de vehicule v\u00e2ndute. Produc\u0103torul auto chinez a avut o cre\u0219tere de 161% fa\u021b\u0103 de aceea\u0219i perioad\u0103 a anului trecut.<\/p>\n<p>\u201eCifrele din iulie arat\u0103 c\u00e2t de repede se poate schimba peisajul concuren\u021bial, chiar \u0219i atunci c\u00e2nd volumul total de \u00eenmatricul\u0103ri abia se mi\u0219c\u0103. Toyota a trecut de pe locul zece pe primul loc \u00eentr-un an, iar Xpeng de pe locul treisprezece pe locul trei. Tesla este \u00een continuare cel mai mare de p\u00e2n\u0103 acum \u00een acest an\u201d, a declarat Geir Inge Stokke, CEO al OFV.<\/p>\n<h2><strong>Ma\u0219inile electrice c\u00e2\u0219tig\u0103 teren \u0219i pe pia\u021ba second-hand<\/strong><\/h2>\n<p>\u00a0<\/p>\n<p>De\u0219i a \u00eenmatriculat doar 24 de vehicule noi \u00een iulie, Tesla a men\u021binut un avans confortabil \u00een clasamentul m\u0103rcilor de la \u00eenceputul anului. Au fost \u00eenmatriculate 14.413 de ma\u0219ini, o cre\u0219tere de 3,9% fa\u021b\u0103 de aceea\u0219i perioad\u0103 a anului trecut. Toyota s-a clasat pe locul al doilea cu 9.972 de unit\u0103\u021bi, urmat\u0103 de Volkswagen cu 8.149.<\/p>\n<p>Dup\u0103 cum subliniaz\u0103 OFV, vehiculele electrice au continuat, de asemenea, s\u0103 c\u00e2\u0219tige teren pe pia\u021ba ma\u0219inilor second-hand. Transferurile de proprietate asupra autoturismelor electrice cu baterie c\u0103tre cump\u0103r\u0103tori priva\u021bi au crescut cu 8% \u00een iulie, \u00een timp ce ma\u0219inile diesel \u0219i pe benzin\u0103 au sc\u0103zut cu 5,7%, respectiv 6,7%. De la \u00eenceputul anului, transferurile de ma\u0219ini electrice au crescut cu 43,2%, ajung\u00e2nd la 103.892.<\/p>\n<p>Tendin\u021ba de electrificare a continuat \u0219i pe pia\u021ba vehiculelor comerciale. Furgonetele electrice au reprezentat 61,4% din noile \u00eenmatricul\u0103ri de furgonete \u00een iulie. Totodat\u0103, ponderea camioanelor electrice cu baterie a ajuns la 23% \u00een cifrele de la \u00eenceputul anului, dup\u0103 ce \u00eenmatricul\u0103rile au crescut cu aproape 70% fa\u021b\u0103 de primele \u0219apte luni ale anului 2025. \u00cen ciuda cre\u0219terii, ma\u0219inile electrice reprezint\u0103 \u00eenc\u0103 doar 10,6% din flota de furgonete a Norvegiei \u0219i 4,8% din flota de camioane.<\/p>\n<h2><strong>De ce cump\u0103r\u0103 norvegienii ma\u0219ini electrice?<\/strong><\/h2>\n<p>\u00a0<\/p>\n<p>Norvegienii cump\u0103r\u0103 ma\u0219ini electrice \u00een primul r\u00e2nd din motive economice, nu doar din grij\u0103 pentru mediu. Statul a f\u0103cut ma\u0219inile pe benzin\u0103 \u0219i diesel extrem de scumpe prin taxe uria\u0219e. De partea cealalt\u0103, vehiculele electrice au fost scutite de TVA, taxe de drum sau de parcare. Astfel, o ma\u0219in\u0103 electric\u0103 a ajuns s\u0103 fie mult mai ieftin\u0103 la cump\u0103rare \u0219i la \u00eentre\u021binere dec\u00e2t una clasic\u0103.<\/p>\n<p>La acest avantaj financiar se adaug\u0103 infrastructura excelent\u0103. Norvegia are o re\u021bea uria\u0219\u0103 de sta\u021bii de \u00eenc\u0103rcare rapid\u0103 \u0219i \u00ee\u0219i produce electricitatea ieftin, din surse hidroelectrice. Av\u00e2nd un nivel de trai ridicat \u0219i sprijin din partea statului, pentru un norvegian e alegerea cea mai convenabil\u0103.<\/p>\n<div class=\"crp_related     crp-masonry\">\n<h2>\u00ceN CONTEXT<\/h2>\n<ul>\n<li><a href=\"https:\/\/r3media.ro\/europa-vanzari-masini-electrice-china-america-de-nord\/\" class=\"crp_link post-116212\"><span class=\"crp_title\">Europa, singurul continent unde v\u00e2nz\u0103rile de ma\u0219ini electrice au crescut. China \u0219i America\u2026<\/span><\/a><\/li>\n<li><a href=\"https:\/\/r3media.ro\/propunere-bruxelles-industria-auto-romania-dacia-ford-otosan\/\" class=\"crp_link post-116333\"><span class=\"crp_title\">Propunere de la Bruxelles cu poten\u021bial impact masiv pentru industria auto din Rom\u00e2nia: Dacia\u2026<\/span><\/a><\/li>\n<li><a href=\"https:\/\/r3media.ro\/hyundai-recheama-service-masini-electrice-inster-risc-incendiu\/\" class=\"crp_link post-120703\"><span class=\"crp_title\">Hyundai recheam\u0103 \u00een service zeci de mii de ma\u0219ini electrice din cauza riscului de incendiu<\/span><\/a><\/li>\n<li><a href=\"https:\/\/r3media.ro\/piata-masini-electrice-prabusire-statele-unite-ale-americii-vanzari-scazut-80-credit-fiscal-federal-vehicule-prietenoase-mediu-eliminat-donald-trump\/\" class=\"crp_link post-114057\"><span class=\"crp_title\">Pia\u021ba ma\u0219inilor electrice s-a pr\u0103bu\u0219it \u00een Statele Unite ale Americii: V\u00e2nz\u0103rile au sc\u0103zut cu\u2026<\/span><\/a><\/li>\n<li><a href=\"https:\/\/r3media.ro\/lovitura-romani-masini-electrice-guvernul-bolojan-scade-valoare-ecotichetului-programul-rabla\/\" class=\"crp_link post-112582\"><span class=\"crp_title\">Lovitur\u0103 dup\u0103 lovitur\u0103 pentru rom\u00e2nii care vor ma\u0219ini electrice: Guvernul Bolojan scade\u2026<\/span><\/a><\/li>\n<li><a href=\"https:\/\/r3media.ro\/lovitura-usturatoare-masini-electrice-guvernul-bolojan-gand-rau-plata-impozite-echitate-sociala\/\" class=\"crp_link post-112532\"><span class=\"crp_title\">Lovitur\u0103 ustur\u0103toare pentru rom\u00e2nii care au ma\u0219ini electrice: Guvernul Bolojan le-a pus g\u00e2nd\u2026<\/span><\/a><\/li>\n<li><a href=\"https:\/\/r3media.ro\/britanicii-trezire-realitate-scepticism-criza-climatica-crescut-dornici-renuntare-masini-benzina-motorina-vehicule-electrice\/\" class=\"crp_link post-113139\"><span class=\"crp_title\">Britanicii se trezesc la realitate: Scepticismul cu privire la criza climatic\u0103 a crescut cu\u2026<\/span><\/a><\/li>\n<li><a href=\"https:\/\/r3media.ro\/pret-rovinieta-2026-tarife-poluare\/\" class=\"crp_link post-116377\"><span class=\"crp_title\">Ministerul Transporturilor revolu\u021bioneaz\u0103 pre\u021bul Rovinietei (din nou) \u00een 2026: Tarife noi,\u2026<\/span><\/a><\/li>\n<\/ul>\n<\/div>\n<\/div>\n<\/div>\n<div class=\"td_block_wrap tdb_single_tags tdi_19 td-pb-border-top td_block_template_1\" data-td-block-uid=\"tdi_19\">\n<div class=\"tdb-block-inner td-fix-index\">\n<ul class=\"tdb-tags\">\n<li><span>SUBIECTE FIERBIN\u021aI<\/span><\/li>\n<li><a href=\"https:\/\/r3media.ro\/tag\/masini-electrice\/\">masini electrice<\/a><\/li>\n<li><a href=\"https:\/\/r3media.ro\/tag\/norvegia\/\">norvegia<\/a><\/li>\n<\/ul>\n<\/div>\n<\/div>\n<div class=\"td_block_wrap td_block_9 tdi_20 td_with_ajax_pagination td-pb-border-top td_block_template_1 td-column-2 td_block_padding td_block_bot_line\" data-td-block-uid=\"tdi_20\">\n<div class=\"td-block-title-wrap\">\n<h4 class=\"block-title td-block-title\"><span class=\"td-pulldown-size\">CITE\u0218TE MAI MULT<\/span><\/h4>\n<\/div>\n<div id=\"tdi_20\" class=\"td_block_inner\">\n<div class=\"td-block-row\">\n<div class=\"td-block-span6\">\n<div class=\"td_module_8 td_module_wrap\">\n<div class=\"item-details\">\n<h3 class=\"entry-title td-module-title\"><a href=\"https:\/\/r3media.ro\/hyundai-recheama-service-masini-electrice-inster-risc-incendiu\/\" rel=\"bookmark\" title=\"Hyundai recheam\u0103 \u00een service zeci de mii de ma\u0219ini electrice din cauza riscului de incendiu\">Hyundai recheam\u0103 \u00een service zeci de mii de ma\u0219ini electrice din cauza riscului de&#8230;<\/a><\/h3>\n<div class=\"td-module-meta-info\"><a href=\"https:\/\/r3media.ro\/category\/actualitate\/\" class=\"td-post-category\">ACTUALITATE<\/a><span class=\"td-post-author-name\"><a href=\"https:\/\/r3media.ro\/author\/oana\/\">Oana Ivan<\/a><span>&#8211;<\/span><\/span><span class=\"td-post-date\"><time class=\"entry-date updated td-module-date\" datetime=\"2026-08-02T08:34:05+03:00\">02\/08\/2026<\/time><\/span><\/div>\n<\/div>\n<\/div>\n<\/div>\n<div class=\"td-block-span6\">\n<div class=\"td_module_8 td_module_wrap\">\n<div class=\"item-details\">\n<h3 class=\"entry-title td-module-title\"><a href=\"https:\/\/r3media.ro\/dragostea-care-transcende-epoci-descult-in-parc-1967\/\" rel=\"bookmark\" title=\"Dragostea care transcende epoci \u2014 Descul\u021b \u00een parc (1967)\">Dragostea care transcende epoci \u2014 Descul\u021b \u00een parc (1967)<\/a><\/h3>\n<div class=\"td-module-meta-info\"><a href=\"https:\/\/r3media.ro\/category\/opinii\/\" class=\"td-post-category\">OPINII<\/a><span class=\"td-post-author-name\"><a href=\"https:\/\/r3media.ro\/author\/costi_balasoiu\/\">Constantin B\u0103l\u0103\u0219oiu<\/a><span>&#8211;<\/span><\/span><span class=\"td-post-date\"><time class=\"entry-date updated td-module-date\" datetime=\"2026-08-01T13:45:14+03:00\">01\/08\/2026<\/time><\/span><\/div>\n<\/div>\n<\/div>\n<\/div>\n<\/div>\n<div class=\"td-block-row\">\n<div class=\"td-block-span6\">\n<div class=\"td_module_8 td_module_wrap\">\n<div class=\"item-details\">\n<h3 class=\"entry-title td-module-title\"><a href=\"https:\/\/r3media.ro\/masina-electrica-foc-turcia-incarcat-vehicul-explozie-pompieri-stingere-incendiu-video\/\" rel=\"bookmark\" title=\"VIDEO | O ma\u0219in\u0103 electric\u0103 a luat foc \u00een timp ce se afla la \u00eenc\u0103rcat. Vehiculul a explodat chiar c\u00e2nd pompierii \u00eencercau s\u0103 sting\u0103 incendiul folosind o p\u0103tur\u0103 ignifug\u0103\">VIDEO | O ma\u0219in\u0103 electric\u0103 a luat foc \u00een timp ce se afla la&#8230;<\/a><\/h3>\n<div class=\"td-module-meta-info\"><a href=\"https:\/\/r3media.ro\/category\/actualitate\/\" class=\"td-post-category\">ACTUALITATE<\/a><span class=\"td-post-author-name\"><a href=\"https:\/\/r3media.ro\/author\/oana\/\">Oana Ivan<\/a><span>&#8211;<\/span><\/span><span class=\"td-post-date\"><time class=\"entry-date updated td-module-date\" datetime=\"2026-07-31T13:33:48+03:00\">31\/07\/2026<\/time><\/span><\/div>\n<\/div>\n<\/div>\n<\/div>\n<div class=\"td-block-span6\">\n<div class=\"td_module_8 td_module_wrap\">\n<div class=\"item-details\">\n<h3 class=\"entry-title td-module-title\"><a href=\"https:\/\/r3media.ro\/spania-asediu-migranti-exclava-ceuta-africa-madrid-trupe-securitate-video\/\" rel=\"bookmark\" title=\"VIDEO | Spania se afl\u0103 sub asediu: Mii de migran\u021bi au luat cu asalt exclava Ceuta din Africa. Madridul a trimis trupe pentru a consolida securitatea\">VIDEO | Spania se afl\u0103 sub asediu: Mii de migran\u021bi au luat cu asalt&#8230;<\/a><\/h3>\n<div class=\"td-module-meta-info\"><a href=\"https:\/\/r3media.ro\/category\/actualitate\/\" class=\"td-post-category\">ACTUALITATE<\/a><span class=\"td-post-author-name\"><a href=\"https:\/\/r3media.ro\/author\/oana\/\">Oana Ivan<\/a><span>&#8211;<\/span><\/span><span class=\"td-post-date\"><time class=\"entry-date updated td-module-date\" datetime=\"2026-07-31T12:39:57+03:00\">31\/07\/2026<\/time><\/span><\/div>\n<\/div>\n<\/div>\n<\/div>\n<\/div>\n<div class=\"td-block-row\">\n<div class=\"td-block-span6\">\n<div class=\"td_module_8 td_module_wrap\">\n<div class=\"item-details\">\n<h3 class=\"entry-title td-module-title\"><a href=\"https:\/\/r3media.ro\/expert-ucraina-faliment-agricultura-romaneasca-tehnologii-ue\/\" rel=\"bookmark\" title=\"Un expert explic\u0103 felul \u00een care concuren\u021ba din Ucraina bag\u0103 \u00een faliment agricultura rom\u00e2neasc\u0103: Folosesc tehnologii interzise \u00een UE\">Un expert explic\u0103 felul \u00een care concuren\u021ba din Ucraina bag\u0103 \u00een faliment agricultura rom\u00e2neasc\u0103:&#8230;<\/a><\/h3>\n<div class=\"td-module-meta-info\"><a href=\"https:\/\/r3media.ro\/category\/actualitate\/\" class=\"td-post-category\">ACTUALITATE<\/a><span class=\"td-post-author-name\"><a href=\"https:\/\/r3media.ro\/author\/radu_ursan\/\">Radu Ursan<\/a><span>&#8211;<\/span><\/span><span class=\"td-post-date\"><time class=\"entry-date updated td-module-date\" datetime=\"2026-07-30T09:51:48+03:00\">30\/07\/2026<\/time><\/span><\/div>\n<\/div>\n<\/div>\n<\/div>\n<div class=\"td-block-span6\">\n<div class=\"td_module_8 td_module_wrap\">\n<div class=\"item-details\">\n<h3 class=\"entry-title td-module-title\"><a href=\"https:\/\/r3media.ro\/cornel-nistorescu-drone-razboi-ucraina\/\" rel=\"bookmark\" title=\"Cornel Nistorescu, dup\u0103 incidentele cu drone: Adie a aer de r\u0103zboi. De mirare c\u0103 dronele ucrainene nu au st\u00e2rnit at\u00e2ta t\u0103r\u0103boi\">Cornel Nistorescu, dup\u0103 incidentele cu drone: Adie a aer de r\u0103zboi. De mirare c\u0103&#8230;<\/a><\/h3>\n<div class=\"td-module-meta-info\"><a href=\"https:\/\/r3media.ro\/category\/actualitate\/\" class=\"td-post-category\">ACTUALITATE<\/a><span class=\"td-post-author-name\"><a href=\"https:\/\/r3media.ro\/author\/radu_ursan\/\">Radu Ursan<\/a><span>&#8211;<\/span><\/span><span class=\"td-post-date\"><time class=\"entry-date updated td-module-date\" datetime=\"2026-07-28T10:21:51+03:00\">28\/07\/2026<\/time><\/span><\/div>\n<\/div>\n<\/div>\n<\/div>\n<\/div>\n<div class=\"td-block-row\">\n<div class=\"td-block-span6\">\n<div class=\"td_module_8 td_module_wrap\">\n<div class=\"item-details\">\n<h3 class=\"entry-title td-module-title\"><a href=\"https:\/\/r3media.ro\/bnr-recomanda-romani-rezerve-de-cash-atacuri-cibernetice-numerar-relevant-criza\/\" rel=\"bookmark\" title=\"BNR le recomand\u0103 rom\u00e2nilor s\u0103 p\u0103streze rezerve de cash: Numerarul se poate dovedi relevant \u00een criz\u0103\">BNR le recomand\u0103 rom\u00e2nilor s\u0103 p\u0103streze rezerve de cash: Numerarul se poate dovedi relevant&#8230;<\/a><\/h3>\n<div class=\"td-module-meta-info\"><a href=\"https:\/\/r3media.ro\/category\/actualitate\/\" class=\"td-post-category\">ACTUALITATE<\/a><span class=\"td-post-author-name\"><a href=\"https:\/\/r3media.ro\/author\/oana\/\">Oana Ivan<\/a><span>&#8211;<\/span><\/span><span class=\"td-post-date\"><time class=\"entry-date updated td-module-date\" datetime=\"2026-07-27T13:11:47+03:00\">27\/07\/2026<\/time><\/span><\/div>\n<\/div>\n<\/div>\n<\/div>\n<div class=\"td-block-span6\">\n<div class=\"td_module_8 td_module_wrap\">\n<div class=\"item-details\">\n<h3 class=\"entry-title td-module-title\"><a href=\"https:\/\/r3media.ro\/statul-roman-a-semnat-actul-propriei-disparitii\/\" rel=\"bookmark\" title=\"Statul rom\u00e2n a semnat actul propriei dispari\u021bii?\">Statul rom\u00e2n a semnat actul propriei dispari\u021bii?<\/a><\/h3>\n<div class=\"td-module-meta-info\"><a href=\"https:\/\/r3media.ro\/category\/opinii\/\" class=\"td-post-category\">OPINII<\/a><span class=\"td-post-author-name\"><a href=\"https:\/\/r3media.ro\/author\/gabipopa\/\">Gabriel Popa<\/a><span>&#8211;<\/span><\/span><span class=\"td-post-date\"><time class=\"entry-date updated td-module-date\" datetime=\"2026-07-27T15:07:05+03:00\">27\/07\/2026<\/time><\/span><\/div>\n<\/div>\n<\/div>\n<\/div>\n<\/div>\n<div class=\"td-block-row\">\n<div class=\"td-block-span6\">\n<div class=\"td_module_8 td_module_wrap\">\n<div class=\"item-details\">\n<h3 class=\"entry-title td-module-title\"><a href=\"https:\/\/r3media.ro\/prima-oara-istorie-presedintia-document-primplan-patriotism-european\/\" rel=\"bookmark\" title=\"Pentru prima oar\u0103 \u00een istorie, Pre\u0219edin\u021bia Rom\u00e2niei emite un document care pune pe primul plan o alt\u0103 entitate dec\u00e2t \u021bara noastr\u0103: patriotismul european\">Pentru prima oar\u0103 \u00een istorie, Pre\u0219edin\u021bia Rom\u00e2niei emite un document care pune pe primul&#8230;<\/a><\/h3>\n<div class=\"td-module-meta-info\"><a href=\"https:\/\/r3media.ro\/category\/actualitate\/\" class=\"td-post-category\">ACTUALITATE<\/a><span class=\"td-post-author-name\"><a href=\"https:\/\/r3media.ro\/author\/teodor_stan\/\">Teodor Stan<\/a><span>&#8211;<\/span><\/span><span class=\"td-post-date\"><time class=\"entry-date updated td-module-date\" datetime=\"2026-07-26T11:44:31+03:00\">26\/07\/2026<\/time><\/span><\/div>\n<\/div>\n<\/div>\n<\/div>\n<div class=\"td-block-span6\">\n<div class=\"td_module_8 td_module_wrap\">\n<div class=\"item-details\">\n<h3 class=\"entry-title td-module-title\"><a href=\"https:\/\/r3media.ro\/film-nou-stapanul-inelelor-corect-politic-regizor-andy-serkis-diversitate-tolkien-mitologie-nordica\/\" rel=\"bookmark\" title=\"Noul film \u201eSt\u0103p\u00e2nul Inelelor\u201d nu va fi corect politic. Regizorul Andy Serkis: J.R.R. Tolkien a fost influen\u021bat de mitologia nordic\u0103. Nu vrem o distribu\u021bie de dragul de a bifa c\u0103su\u021be\">Noul film \u201eSt\u0103p\u00e2nul Inelelor\u201d nu va fi corect politic. Regizorul Andy Serkis: J.R.R. Tolkien&#8230;<\/a><\/h3>\n<div class=\"td-module-meta-info\"><a href=\"https:\/\/r3media.ro\/category\/actualitate\/\" class=\"td-post-category\">ACTUALITATE<\/a><span class=\"td-post-author-name\"><a href=\"https:\/\/r3media.ro\/author\/oana\/\">Oana Ivan<\/a><span>&#8211;<\/span><\/span><span class=\"td-post-date\"><time class=\"entry-date updated td-module-date\" datetime=\"2026-07-26T15:49:31+03:00\">26\/07\/2026<\/time><\/span><\/div>\n<\/div>\n<\/div>\n<\/div>\n<\/div>\n<div class=\"td-block-row\">\n<div class=\"td-block-span6\">\n<div class=\"td_module_8 td_module_wrap\">\n<div class=\"item-details\">\n<h3 class=\"entry-title td-module-title\"><a href=\"https:\/\/r3media.ro\/dictatura-forma-suprema-a-democratiei\/\" rel=\"bookmark\" title=\"Dictatura \u2013 forma suprem\u0103 a democra\u021biei\">Dictatura \u2013 forma suprem\u0103 a democra\u021biei<\/a><\/h3>\n<div class=\"td-module-meta-info\"><a href=\"https:\/\/r3media.ro\/category\/opinii\/\" class=\"td-post-category\">OPINII<\/a><span class=\"td-post-author-name\"><a href=\"https:\/\/r3media.ro\/author\/tru\/\">TRU (Traian Ungureanu)<\/a><span>&#8211;<\/span><\/span><span class=\"td-post-date\"><time class=\"entry-date updated td-module-date\" datetime=\"2026-07-25T16:43:11+03:00\">25\/07\/2026<\/time><\/span><\/div>\n<\/div>\n<\/div>\n<\/div>\n<div class=\"td-block-span6\">\n<div class=\"td_module_8 td_module_wrap\">\n<div class=\"item-details\">\n<h3 class=\"entry-title td-module-title\"><a href=\"https:\/\/r3media.ro\/marea-britanie-apa-inteligenta-artificiala-romania-centru-ai-restrictii-consum-apa\/\" rel=\"bookmark\" title=\"Marea Britanie nu mai are suficient\u0103 ap\u0103 pentru Inteligen\u021ba Artificial\u0103, dar Rom\u00e2nia vrea s\u0103 g\u0103zduiasc\u0103 un centru AI care consum\u0103 c\u00e2t sute de mii de oameni \u0219i impune restric\u021bii la consumul de ap\u0103 al popula\u021biei\">Marea Britanie nu mai are suficient\u0103 ap\u0103 pentru Inteligen\u021ba Artificial\u0103, dar Rom\u00e2nia vrea s\u0103&#8230;<\/a><\/h3>\n<div class=\"td-module-meta-info\"><a href=\"https:\/\/r3media.ro\/category\/actualitate\/\" class=\"td-post-category\">ACTUALITATE<\/a><span class=\"td-post-author-name\"><a href=\"https:\/\/r3media.ro\/author\/radu_ursan\/\">Radu Ursan<\/a><span>&#8211;<\/span><\/span><span class=\"td-post-date\"><time class=\"entry-date updated td-module-date\" datetime=\"2026-07-23T11:44:13+03:00\">23\/07\/2026<\/time><\/span><\/div>\n<\/div>\n<\/div>\n<\/div>\n<\/div>\n<\/div>\n<div class=\"td-load-more-wrap td-load-more-infinite-wrap\" id=\"infinite-lm-tdi_20\"><a href=\"https:\/\/r3media.ro\/tara-europa-norvegia-masini-electrice-inmatriculate-cota-ridicata\/\" class=\"td_ajax_load_more td_ajax_load_more_js\" aria-label=\"\u00cenc\u0103rca\u021bi mai multe\" id=\"next-page-tdi_20\" data-td_block_id=\"tdi_20\">\u00cenc\u0103rca\u021bi mai multe<\/a><\/div>\n<\/div>\n<div class=\"td_block_wrap tdb_single_comments tdi_21 tdb-comm-layout2 td-pb-border-top td_block_template_1\" data-td-block-uid=\"tdi_21\">\n<div class=\"tdb-block-inner td-fix-index\">\n<div class=\"comments\" id=\"comments\">\n<div id=\"respond\" class=\"comment-respond\">\n<h3 id=\"reply-title\" class=\"comment-reply-title\">AI CEVA DE SPUS? <small><a rel=\"nofollow\" id=\"cancel-comment-reply-link\" href=\"https:\/\/r3media.ro\/tara-europa-norvegia-masini-electrice-inmatriculate-cota-ridicata\/#respond\">Renun\u021ba\u021bi la r\u0103spuns<\/a><\/small><\/h3>\n<div class=\"comment-form-input-wrap td-form-comment\">\n<div class=\"td-warning-comment\">V\u0103 rug\u0103m s\u0103 introduce\u021bi comentariul dvs.!<\/div>\n<\/div>\n<div class=\"comment-form-input-wrap td-form-author\">\n<div class=\"td-warning-author\">Introduce\u021bi aici numele dvs.<\/div>\n<\/div>\n<div class=\"comment-form-input-wrap td-form-email\">\n<div class=\"td-warning-email-error\">A\u021bi introdus o adres\u0103 de e-mail incorect\u0103!<\/div>\n<div class=\"td-warning-email\">V\u0103 rug\u0103m s\u0103 introduce\u021bi adresa dvs. de e-mail aici<\/div>\n<\/div>\n<\/div>\n<\/div>\n<\/div>\n<\/div>\n<\/div>\n<\/div>\n<div class=\"vc_column tdi_23  wpb_column vc_column_container tdc-column td-pb-span4 td-is-sticky\">\n<div class=\"wpb_wrapper\" data-sticky-enabled-on=\"W3RydWUsdHJ1ZSx0cnVlLHRydWVd\" data-sticky-offset=\"20\" data-sticky-is-width-auto=\"W2ZhbHNlLGZhbHNlLGZhbHNlLGZhbHNlXQ==\">\n<div class=\"wpb_wrapper td_block_wrap vc_widget_sidebar tdi_25 \">\n<div class=\"td_block_wrap td_block_7 td_block_widget tdi_26 td-pb-border-top td_block_template_1 td-column-1 td_block_padding\" data-td-block-uid=\"tdi_26\">\n<div class=\"td-block-title-wrap\">\n<h4 class=\"block-title td-block-title\"><span class=\"td-pulldown-size\">Articole RELA\u021aIONATE<\/span><\/h4>\n<\/div>\n<div id=\"tdi_26\" class=\"td_block_inner\">\n<div class=\"td-block-span12\">\n<div class=\"td_module_6 td_module_wrap td-animation-stack\">\n<div class=\"td-module-thumb\"><a href=\"https:\/\/r3media.ro\/ministr-securitate-energetica-marea-britanie-subventii-net-zero-umfla-facturi-cetateni-energie\/\" rel=\"bookmark\" class=\"td-image-wrap \" title=\"Ministrul Securit\u0103\u021bii Energetice din Marea Britanie neag\u0103 faptul c\u0103 subven\u021biile Net Zero umfl\u0103 facturile cet\u0103\u021benilor la energie\"><img loading=\"lazy\" decoding=\"async\" class=\"entry-thumb\" src=\"https:\/\/r3media.ro\/wp-content\/uploads\/2026\/08\/stalpi-de-inalta-tensiune-100x70.jpg\" alt title=\"Ministrul Securit\u0103\u021bii Energetice din Marea Britanie neag\u0103 faptul c\u0103 subven\u021biile Net Zero umfl\u0103 facturile cet\u0103\u021benilor la energie\" width=\"100\" height=\"70\"><\/a><\/div>\n<div class=\"item-details\">\n<h3 class=\"entry-title td-module-title\"><a href=\"https:\/\/r3media.ro\/ministr-securitate-energetica-marea-britanie-subventii-net-zero-umfla-facturi-cetateni-energie\/\" rel=\"bookmark\" title=\"Ministrul Securit\u0103\u021bii Energetice din Marea Britanie neag\u0103 faptul c\u0103 subven\u021biile Net Zero umfl\u0103 facturile cet\u0103\u021benilor la energie\">Ministrul Securit\u0103\u021bii Energetice din Marea Britanie neag\u0103 faptul c\u0103 subven\u021biile Net&#8230;<\/a><\/h3>\n<div class=\"td-module-meta-info\"><span class=\"td-post-date\"><time class=\"entry-date updated td-module-date\" datetime=\"2026-08-03T17:19:39+03:00\">03\/08\/2026<\/time><\/span><\/div>\n<\/div>\n<\/div>\n<\/div>\n<div class=\"td-block-span12\">\n<div class=\"td_module_6 td_module_wrap td-animation-stack\">\n<div class=\"td-module-thumb\"><a href=\"https:\/\/r3media.ro\/dacia-ford-suspendare-productie-19-august-criza-energetica\/\" rel=\"bookmark\" class=\"td-image-wrap \" title=\"Dacia \u0219i Ford au suspendat produc\u021bia p\u00e2n\u0103 pe 19 august din cauza crizei energetice\"><img loading=\"lazy\" decoding=\"async\" class=\"entry-thumb\" src=\"https:\/\/r3media.ro\/wp-content\/uploads\/2024\/09\/piata-europeana-de-masini-in-criza-100x70.png\" alt title=\"Dacia \u0219i Ford au suspendat produc\u021bia p\u00e2n\u0103 pe 19 august din cauza crizei energetice\" width=\"100\" height=\"70\"><\/a><\/div>\n<div class=\"item-details\">\n<h3 class=\"entry-title td-module-title\"><a href=\"https:\/\/r3media.ro\/dacia-ford-suspendare-productie-19-august-criza-energetica\/\" rel=\"bookmark\" title=\"Dacia \u0219i Ford au suspendat produc\u021bia p\u00e2n\u0103 pe 19 august din cauza crizei energetice\">Dacia \u0219i Ford au suspendat produc\u021bia p\u00e2n\u0103 pe 19 august din&#8230;<\/a><\/h3>\n<div class=\"td-module-meta-info\"><span class=\"td-post-date\"><time class=\"entry-date updated td-module-date\" datetime=\"2026-08-03T16:41:53+03:00\">03\/08\/2026<\/time><\/span><\/div>\n<\/div>\n<\/div>\n<\/div>\n<div class=\"td-block-span12\">\n<div class=\"td_module_6 td_module_wrap td-animation-stack\">\n<div class=\"td-module-thumb\"><a href=\"https:\/\/r3media.ro\/cehia-capacitati-carbune-romania-criza-energetica\/\" rel=\"bookmark\" class=\"td-image-wrap \" title=\"Cehia a \u00eenchis doar o treime din capacit\u0103\u021bile pe c\u0103rbune, \u00een ultimii 14 ani \u0219i nu trece prin criz\u0103 energetic\u0103. Rom\u00e2nia a oprit APROAPE 70%\"><img loading=\"lazy\" decoding=\"async\" class=\"entry-thumb\" src=\"https:\/\/r3media.ro\/wp-content\/uploads\/2024\/11\/termocentrala-paroseni-696x418-1-100x70.jpg\" alt title=\"Cehia a \u00eenchis doar o treime din capacit\u0103\u021bile pe c\u0103rbune, \u00een ultimii 14 ani \u0219i nu trece prin criz\u0103 energetic\u0103. Rom\u00e2nia a oprit APROAPE 70%\" width=\"100\" height=\"70\"><\/a><\/div>\n<div class=\"item-details\">\n<h3 class=\"entry-title td-module-title\"><a href=\"https:\/\/r3media.ro\/cehia-capacitati-carbune-romania-criza-energetica\/\" rel=\"bookmark\" title=\"Cehia a \u00eenchis doar o treime din capacit\u0103\u021bile pe c\u0103rbune, \u00een ultimii 14 ani \u0219i nu trece prin criz\u0103 energetic\u0103. Rom\u00e2nia a oprit APROAPE 70%\">Cehia a \u00eenchis doar o treime din capacit\u0103\u021bile pe c\u0103rbune, \u00een&#8230;<\/a><\/h3>\n<div class=\"td-module-meta-info\"><span class=\"td-post-date\"><time class=\"entry-date updated td-module-date\" datetime=\"2026-08-03T15:42:38+03:00\">03\/08\/2026<\/time><\/span><\/div>\n<\/div>\n<\/div>\n<\/div>\n<div class=\"td-block-span12\">\n<div class=\"td_module_6 td_module_wrap td-animation-stack\">\n<div class=\"td-module-thumb\"><a href=\"https:\/\/r3media.ro\/sursa-crizei-energetice-radu-miruta-romania-capacitati-carbune-seceta\/\" rel=\"bookmark\" class=\"td-image-wrap \" title=\"Sursa crizei energetice. Ministrul Radu Miru\u021b\u0103: Rom\u00e2nia a \u00eenchis capacit\u0103\u021bi de produc\u021bie pe carbune f\u0103r\u0103 s\u0103 pun\u0103 nimic \u00een loc. Nu te po\u021bi ascunde \u00een spatele secetei\"><img loading=\"lazy\" decoding=\"async\" class=\"entry-thumb\" src=\"https:\/\/r3media.ro\/wp-content\/uploads\/2026\/08\/criza-energetica-romania-sursa-100x70.jpg\" alt title=\"Sursa crizei energetice. Ministrul Radu Miru\u021b\u0103: Rom\u00e2nia a \u00eenchis capacit\u0103\u021bi de produc\u021bie pe carbune f\u0103r\u0103 s\u0103 pun\u0103 nimic \u00een loc. Nu te po\u021bi ascunde \u00een spatele secetei\" width=\"100\" height=\"70\"><\/a><\/div>\n<div class=\"item-details\">\n<h3 class=\"entry-title td-module-title\"><a href=\"https:\/\/r3media.ro\/sursa-crizei-energetice-radu-miruta-romania-capacitati-carbune-seceta\/\" rel=\"bookmark\" title=\"Sursa crizei energetice. Ministrul Radu Miru\u021b\u0103: Rom\u00e2nia a \u00eenchis capacit\u0103\u021bi de produc\u021bie pe carbune f\u0103r\u0103 s\u0103 pun\u0103 nimic \u00een loc. Nu te po\u021bi ascunde \u00een spatele secetei\">Sursa crizei energetice. Ministrul Radu Miru\u021b\u0103: Rom\u00e2nia a \u00eenchis capacit\u0103\u021bi de&#8230;<\/a><\/h3>\n<div class=\"td-module-meta-info\"><span class=\"td-post-date\"><time class=\"entry-date updated td-module-date\" datetime=\"2026-08-03T11:00:21+03:00\">03\/08\/2026<\/time><\/span><\/div>\n<\/div>\n<\/div>\n<\/div>\n<div class=\"td-block-span12\">\n<div class=\"td_module_6 td_module_wrap td-animation-stack\">\n<div class=\"td-module-thumb\"><a href=\"https:\/\/r3media.ro\/donald-trump-negocieri-cu-iran\/\" rel=\"bookmark\" class=\"td-image-wrap \" title=\"Donald Trump anun\u021b\u0103 reluarea negocierilor cu Iranul dup\u0103 ce a anulat un atac major\"><img loading=\"lazy\" decoding=\"async\" class=\"entry-thumb\" src=\"https:\/\/r3media.ro\/wp-content\/uploads\/2021\/08\/UGR4YYGIQNEBLBQNEO6JW3GH74-scaled-100x70.jpg\" alt title=\"Donald Trump anun\u021b\u0103 reluarea negocierilor cu Iranul dup\u0103 ce a anulat un atac major\" width=\"100\" height=\"70\"><\/a><\/div>\n<div class=\"item-details\">\n<h3 class=\"entry-title td-module-title\"><a href=\"https:\/\/r3media.ro\/donald-trump-negocieri-cu-iran\/\" rel=\"bookmark\" title=\"Donald Trump anun\u021b\u0103 reluarea negocierilor cu Iranul dup\u0103 ce a anulat un atac major\">Donald Trump anun\u021b\u0103 reluarea negocierilor cu Iranul dup\u0103 ce a anulat&#8230;<\/a><\/h3>\n<div class=\"td-module-meta-info\"><span class=\"td-post-date\"><time class=\"entry-date updated td-module-date\" datetime=\"2026-08-03T10:28:57+03:00\">03\/08\/2026<\/time><\/span><\/div>\n<\/div>\n<\/div>\n<\/div>\n<div class=\"td-block-span12\">\n<div class=\"td_module_6 td_module_wrap td-animation-stack\">\n<div class=\"td-module-thumb\"><a href=\"https:\/\/r3media.ro\/virusul-bourbon-o-boala-rara-si-fara-tratament-a-fost-confirmat-in-statele-unite\/\" rel=\"bookmark\" class=\"td-image-wrap \" title=\"Virusul Bourbon, o boal\u0103 rar\u0103 \u0219i f\u0103r\u0103 tratament, a fost confirmat \u00een Statele Unite\"><img loading=\"lazy\" decoding=\"async\" class=\"entry-thumb\" src=\"https:\/\/r3media.ro\/wp-content\/uploads\/2026\/08\/virusul-bourbon-Amblyomma-americanum--100x70.jpg\" alt title=\"Virusul Bourbon, o boal\u0103 rar\u0103 \u0219i f\u0103r\u0103 tratament, a fost confirmat \u00een Statele Unite\" width=\"100\" height=\"70\"><\/a><\/div>\n<div class=\"item-details\">\n<h3 class=\"entry-title td-module-title\"><a href=\"https:\/\/r3media.ro\/virusul-bourbon-o-boala-rara-si-fara-tratament-a-fost-confirmat-in-statele-unite\/\" rel=\"bookmark\" title=\"Virusul Bourbon, o boal\u0103 rar\u0103 \u0219i f\u0103r\u0103 tratament, a fost confirmat \u00een Statele Unite\">Virusul Bourbon, o boal\u0103 rar\u0103 \u0219i f\u0103r\u0103 tratament, a fost confirmat&#8230;<\/a><\/h3>\n<div class=\"td-module-meta-info\"><span class=\"td-post-date\"><time class=\"entry-date updated td-module-date\" datetime=\"2026-08-03T09:49:53+03:00\">03\/08\/2026<\/time><\/span><\/div>\n<\/div>\n<\/div>\n<\/div>\n<div class=\"td-block-span12\">\n<div class=\"td_module_6 td_module_wrap td-animation-stack\">\n<div class=\"td-module-thumb\"><a href=\"https:\/\/r3media.ro\/3-august-1601-batalia-de-la-guruslau-mihai-viteazul\/\" rel=\"bookmark\" class=\"td-image-wrap \" title=\"3 august 1601, B\u0103t\u0103lia de la Gurusl\u0103u. Ultima victorie a lui Mihai Viteazul\"><img loading=\"lazy\" decoding=\"async\" class=\"entry-thumb\" src=\"https:\/\/r3media.ro\/wp-content\/uploads\/2021\/08\/maxresdefault-1-100x70.jpg\" alt title=\"3 august 1601, B\u0103t\u0103lia de la Gurusl\u0103u. Ultima victorie a lui Mihai Viteazul\" width=\"100\" height=\"70\"><\/a><\/div>\n<div class=\"item-details\">\n<h3 class=\"entry-title td-module-title\"><a href=\"https:\/\/r3media.ro\/3-august-1601-batalia-de-la-guruslau-mihai-viteazul\/\" rel=\"bookmark\" title=\"3 august 1601, B\u0103t\u0103lia de la Gurusl\u0103u. Ultima victorie a lui Mihai Viteazul\">3 august 1601, B\u0103t\u0103lia de la Gurusl\u0103u. Ultima victorie a lui&#8230;<\/a><\/h3>\n<div class=\"td-module-meta-info\"><span class=\"td-post-date\"><time class=\"entry-date updated td-module-date\" datetime=\"2026-08-02T22:44:33+03:00\">02\/08\/2026<\/time><\/span><\/div>\n<\/div>\n<\/div>\n<\/div>\n<\/div>\n<\/div>\n<aside class=\"td_block_template_1 widget widget_recent_comments\">\n<h4 class=\"block-title\"><span>INTR\u0102 \u00ceN DISCU\u021aIE!<\/span><\/h4>\n<ul id=\"recentcomments\">\n<li class=\"recentcomments\"><span class=\"comment-author-link\">Redac\u021bia<\/span> la <a href=\"https:\/\/r3media.ro\/statul-roman-a-semnat-actul-propriei-disparitii\/#comment-40345\">Statul rom\u00e2n a semnat actul propriei dispari\u021bii?<\/a><\/li>\n<li class=\"recentcomments\"><span class=\"comment-author-link\">Cet\u0103\u021bean<\/span> la <a href=\"https:\/\/r3media.ro\/sursa-crizei-energetice-radu-miruta-romania-capacitati-carbune-seceta\/#comment-40344\">Sursa crizei energetice. Ministrul Radu Miru\u021b\u0103: Rom\u00e2nia a \u00eenchis capacit\u0103\u021bi de produc\u021bie pe carbune f\u0103r\u0103 s\u0103 pun\u0103 nimic \u00een loc. Nu te po\u021bi ascunde \u00een spatele secetei<\/a><\/li>\n<li class=\"recentcomments\"><span class=\"comment-author-link\"><a href=\"https:\/\/r3media.ro\/statul-roman-a-semnat-actul-propriei-disparitii\/\" class=\"url\" rel=\"ugc\">Stalin<\/a><\/span> la <a href=\"https:\/\/r3media.ro\/statul-roman-a-semnat-actul-propriei-disparitii\/#comment-40343\">Statul rom\u00e2n a semnat actul propriei dispari\u021bii?<\/a><\/li>\n<li class=\"recentcomments\"><span class=\"comment-author-link\">B<\/span> la <a href=\"https:\/\/r3media.ro\/dragostea-care-transcende-epoci-descult-in-parc-1967\/#comment-40342\">Dragostea care transcende epoci \u2014 Descul\u021b \u00een parc (1967)<\/a><\/li>\n<li class=\"recentcomments\"><span class=\"comment-author-link\">Nicu<\/span> la <a href=\"https:\/\/r3media.ro\/puterea-mitologica-instalata-a-romaniei\/#comment-40341\">Puterea mitologic\u0103 instalat\u0103 a Rom\u00e2niei<\/a><\/li>\n<li class=\"recentcomments\"><span class=\"comment-author-link\">Eu pot, dar voi ?<\/span> la <a href=\"https:\/\/r3media.ro\/europarlamentarul-gheorghe-piperea-psd-pnl-usr-udmr-sunt-de-fapt-pro-ucraineni-noi-preferam-sa-fim-pro-romani\/#comment-40340\">Europarlamentarul Gheorghe Piperea: PSD-PNL-USR-UDMR sunt de fapt, pro-ucraineni. Noi prefer\u0103m s\u0103 fim pro-rom\u00e2ni<\/a><\/li>\n<li class=\"recentcomments\"><span class=\"comment-author-link\">Eu pot, dar voi ?<\/span> la <a href=\"https:\/\/r3media.ro\/steinhardt-caragiale-si-sufletul-romanesc\/#comment-40339\">Steinhardt, Caragiale \u015fi sufletul rom\u00e2nesc<\/a><\/li>\n<\/ul>\n<\/aside>\n<aside class=\"td_block_template_1 widget widget_search\">\n<h4 class=\"block-title\"><span>CAUT\u0102 \u0218I VEI G\u0102SI<\/span><\/h4>\n<\/aside>\n<\/div>\n<\/div>\n<\/div>\n<\/div>\n<\/div>\n<\/div>\n<\/div>\n<p><span class=\"td-page-meta\"><\/span><span class=\"td-page-meta\"><span class=\"td-page-meta\"><\/span><\/span><span class=\"td-page-meta\"><\/span><\/article>\n<\/p>\n<div class=\"td_block_wrap tdb_single_content tdi_18 td-pb-border-top td_block_template_1 td-post-content tagdiv-type\" data-td-block-uid=\"tdi_18\">\n<div class=\"tdb-block-inner td-fix-index\">\n<p><strong>Cota de <a href=\"https:\/\/r3media.ro\/tag\/masini-electrice\/\" target=\"_blank\" rel=\"noopener\">ma\u0219ini electrice<\/a> cu baterii din Norvegia a crescut la 97,6% \u00een iulie. Toyota conduce clasamentul lunar al m\u0103rcilor, \u00een timp ce Xpeng a urcat pe locul trei datorit\u0103 cererii puternice de modele, potrivit <a href=\"https:\/\/www.electrive.com\/2026\/08\/03\/norways-ev-share-rises-to-97-6-in-july\/\" target=\"_blank\" rel=\"noopener\">Electrive<\/a>.<\/strong><\/p>\n<p>9.609 autoturisme noi au fost \u00eenmatriculate \u00een Norvegia, \u00een iulie. Num\u0103rul a fost \u00een cre\u0219tere cu 0,5% fa\u021b\u0103 de aceea\u0219i lun\u0103 a anului trecut. Vehiculele electrice cu baterii au reprezentat 9.379 de \u00eenmatricul\u0103ri, ridic\u00e2nd cota lunar\u0103 de vehicule electrice la 97,6%, potrivit Consiliului Norvegian pentru Informa\u021bii Rutiere (OFV). Anun\u021bul vine \u00een urma cotei record de vehicule electrice din iunie, de 96,9%.<\/p>\n<p>Datele confirm\u0103 faptul c\u0103 pia\u021ba norvegian\u0103 de ma\u0219ini noi r\u0103m\u00e2ne aproape \u00een \u00eentregime electric\u0103. Ostfold a \u00eenregistrat cea mai mare cot\u0103 de vehicule electrice din \u021bar\u0103, cu 672 din 675 de autoturisme nou \u00eenmatriculate alimentate de baterii.<\/p>\n<p>De la \u00eenceputul anului, \u00een <a href=\"https:\/\/r3media.ro\/tag\/norvegia\/\" target=\"_blank\" rel=\"noopener\"><strong>Norvegia<\/strong><\/a> au fost \u00eenmatriculate 83.012 autoturisme noi. Cifra a fost \u00een sc\u0103dere cu 2,4% fa\u021b\u0103 de anul precedent. \u00cen ciuda contrac\u021biei generale a pie\u021bei, \u00eenmatricul\u0103rile de vehicule electrice cu baterii au crescut cu 1,3%, ajung\u00e2nd la 81.040 de unit\u0103\u021bi.<\/p>\n<h2><strong>Majoritatea ma\u0219inilor \u00eenmatriculate \u00een Norvegia sunt electrice<\/strong><\/h2>\n<p>\u00a0<\/p>\n<p><a href=\"https:\/\/r3media.ro\/tag\/toyota\/\" target=\"_blank\" rel=\"noopener\"><strong>Toyota<\/strong><\/a> a fost marca cea mai bine v\u00e2ndut\u0103 \u00een iulie, cu 1.260 de \u00eenmatricul\u0103ri. Aceasta include 532 de Toyota bZ4X, care a fost modelul cel mai bine v\u00e2ndut \u00een Norvegia \u00een iulie, \u0219i 437 de unit\u0103\u021bi Toyota Urban Cruiser, care a ocupat locul trei \u00een clasament. Locul al doilea a revenit modelului Volkswagen ID.4, cu 485 de unit\u0103\u021bi.<\/p>\n<p>Volkswagen a ocupat, de asemenea, locul al doilea \u00een ceea ce prive\u0219te m\u0103rcile cele mai bine v\u00e2ndute. Xpeng s-a clasat pe locul trei, cu 843 de vehicule v\u00e2ndute. Produc\u0103torul auto chinez a avut o cre\u0219tere de 161% fa\u021b\u0103 de aceea\u0219i perioad\u0103 a anului trecut.<\/p>\n<p>\u201eCifrele din iulie arat\u0103 c\u00e2t de repede se poate schimba peisajul concuren\u021bial, chiar \u0219i atunci c\u00e2nd volumul total de \u00eenmatricul\u0103ri abia se mi\u0219c\u0103. Toyota a trecut de pe locul zece pe primul loc \u00eentr-un an, iar Xpeng de pe locul treisprezece pe locul trei. Tesla este \u00een continuare cel mai mare de p\u00e2n\u0103 acum \u00een acest an\u201d, a declarat Geir Inge Stokke, CEO al OFV.<\/p>\n<h2><strong>Ma\u0219inile electrice c\u00e2\u0219tig\u0103 teren \u0219i pe pia\u021ba second-hand<\/strong><\/h2>\n<p>\u00a0<\/p>\n<p>De\u0219i a \u00eenmatriculat doar 24 de vehicule noi \u00een iulie, Tesla a men\u021binut un avans confortabil \u00een clasamentul m\u0103rcilor de la \u00eenceputul anului. Au fost \u00eenmatriculate 14.413 de ma\u0219ini, o cre\u0219tere de 3,9% fa\u021b\u0103 de aceea\u0219i perioad\u0103 a anului trecut. Toyota s-a clasat pe locul al doilea cu 9.972 de unit\u0103\u021bi, urmat\u0103 de Volkswagen cu 8.149.<\/p>\n<p>Dup\u0103 cum subliniaz\u0103 OFV, vehiculele electrice au continuat, de asemenea, s\u0103 c\u00e2\u0219tige teren pe pia\u021ba ma\u0219inilor second-hand. Transferurile de proprietate asupra autoturismelor electrice cu baterie c\u0103tre cump\u0103r\u0103tori priva\u021bi au crescut cu 8% \u00een iulie, \u00een timp ce ma\u0219inile diesel \u0219i pe benzin\u0103 au sc\u0103zut cu 5,7%, respectiv 6,7%. De la \u00eenceputul anului, transferurile de ma\u0219ini electrice au crescut cu 43,2%, ajung\u00e2nd la 103.892.<\/p>\n<p>Tendin\u021ba de electrificare a continuat \u0219i pe pia\u021ba vehiculelor comerciale. Furgonetele electrice au reprezentat 61,4% din noile \u00eenmatricul\u0103ri de furgonete \u00een iulie. Totodat\u0103, ponderea camioanelor electrice cu baterie a ajuns la 23% \u00een cifrele de la \u00eenceputul anului, dup\u0103 ce \u00eenmatricul\u0103rile au crescut cu aproape 70% fa\u021b\u0103 de primele \u0219apte luni ale anului 2025. \u00cen ciuda cre\u0219terii, ma\u0219inile electrice reprezint\u0103 \u00eenc\u0103 doar 10,6% din flota de furgonete a Norvegiei \u0219i 4,8% din flota de camioane.<\/p>\n<h2><strong>De ce cump\u0103r\u0103 norvegienii ma\u0219ini electrice?<\/strong><\/h2>\n<p>\u00a0<\/p>\n<p>Norvegienii cump\u0103r\u0103 ma\u0219ini electrice \u00een primul r\u00e2nd din motive economice, nu doar din grij\u0103 pentru mediu. Statul a f\u0103cut ma\u0219inile pe benzin\u0103 \u0219i diesel extrem de scumpe prin taxe uria\u0219e. De partea cealalt\u0103, vehiculele electrice au fost scutite de TVA, taxe de drum sau de parcare. Astfel, o ma\u0219in\u0103 electric\u0103 a ajuns s\u0103 fie mult mai ieftin\u0103 la cump\u0103rare \u0219i la \u00eentre\u021binere dec\u00e2t una clasic\u0103.<\/p>\n<p>La acest avantaj financiar se adaug\u0103 infrastructura excelent\u0103. Norvegia are o re\u021bea uria\u0219\u0103 de sta\u021bii de \u00eenc\u0103rcare rapid\u0103 \u0219i \u00ee\u0219i produce electricitatea ieftin, din surse hidroelectrice. Av\u00e2nd un nivel de trai ridicat \u0219i sprijin din partea statului, pentru un norvegian e alegerea cea mai convenabil\u0103.<\/p>\n<div class=\"crp_related     crp-masonry\">\n<h2>\u00ceN CONTEXT<\/h2>\n<ul>\n<li><a href=\"https:\/\/r3media.ro\/europa-vanzari-masini-electrice-china-america-de-nord\/\" class=\"crp_link post-116212\"><span class=\"crp_title\">Europa, singurul continent unde v\u00e2nz\u0103rile de ma\u0219ini electrice au crescut. China \u0219i America\u2026<\/span><\/a><\/li>\n<li><a href=\"https:\/\/r3media.ro\/propunere-bruxelles-industria-auto-romania-dacia-ford-otosan\/\" class=\"crp_link post-116333\"><span class=\"crp_title\">Propunere de la Bruxelles cu poten\u021bial impact masiv pentru industria auto din Rom\u00e2nia: Dacia\u2026<\/span><\/a><\/li>\n<li><a href=\"https:\/\/r3media.ro\/hyundai-recheama-service-masini-electrice-inster-risc-incendiu\/\" class=\"crp_link post-120703\"><span class=\"crp_title\">Hyundai recheam\u0103 \u00een service zeci de mii de ma\u0219ini electrice din cauza riscului de incendiu<\/span><\/a><\/li>\n<li><a href=\"https:\/\/r3media.ro\/piata-masini-electrice-prabusire-statele-unite-ale-americii-vanzari-scazut-80-credit-fiscal-federal-vehicule-prietenoase-mediu-eliminat-donald-trump\/\" class=\"crp_link post-114057\"><span class=\"crp_title\">Pia\u021ba ma\u0219inilor electrice s-a pr\u0103bu\u0219it \u00een Statele Unite ale Americii: V\u00e2nz\u0103rile au sc\u0103zut cu\u2026<\/span><\/a><\/li>\n<li><a href=\"https:\/\/r3media.ro\/lovitura-romani-masini-electrice-guvernul-bolojan-scade-valoare-ecotichetului-programul-rabla\/\" class=\"crp_link post-112582\"><span class=\"crp_title\">Lovitur\u0103 dup\u0103 lovitur\u0103 pentru rom\u00e2nii care vor ma\u0219ini electrice: Guvernul Bolojan scade\u2026<\/span><\/a><\/li>\n<li><a href=\"https:\/\/r3media.ro\/lovitura-usturatoare-masini-electrice-guvernul-bolojan-gand-rau-plata-impozite-echitate-sociala\/\" class=\"crp_link post-112532\"><span class=\"crp_title\">Lovitur\u0103 ustur\u0103toare pentru rom\u00e2nii care au ma\u0219ini electrice: Guvernul Bolojan le-a pus g\u00e2nd\u2026<\/span><\/a><\/li>\n<li><a href=\"https:\/\/r3media.ro\/britanicii-trezire-realitate-scepticism-criza-climatica-crescut-dornici-renuntare-masini-benzina-motorina-vehicule-electrice\/\" class=\"crp_link post-113139\"><span class=\"crp_title\">Britanicii se trezesc la realitate: Scepticismul cu privire la criza climatic\u0103 a crescut cu\u2026<\/span><\/a><\/li>\n<li><a href=\"https:\/\/r3media.ro\/pret-rovinieta-2026-tarife-poluare\/\" class=\"crp_link post-116377\"><span class=\"crp_title\">Ministerul Transporturilor revolu\u021bioneaz\u0103 pre\u021bul Rovinietei (din nou) \u00een 2026: Tarife noi,\u2026<\/span><\/a><\/li>\n<\/ul>\n<\/div>\n<\/div>\n<\/div>\n<p>[analyse_source url=&#8221;https:\/\/r3media.ro\/tara-europa-norvegia-masini-electrice-inmatriculate-cota-ridicata\/&#8221;]<\/p>\n","protected":false},"excerpt":{"rendered":"<p>[analyse_image type=&#8221;featured&#8221; src=&#8221;https:\/\/r3media.ro\/wp-content\/uploads\/2026\/08\/masini-electrice-pe-strada-in-norvegia-scaled-e1785765020477.jpghttps:\/\/r3media.ro\/wp-content\/uploads\/2026\/08\/masini-electrice-pe-strada-in-norvegia-scaled-e1785765020477.jpg&#8221;] FEATURED\u021aara din Europa unde aproape toate ma\u0219inile \u00eenmatriculate sune electrice. Cota a&#8230; FEATURED\u0218TIRI \u021aara din Europa unde aproape toate ma\u0219inile \u00eenmatriculate sune electrice. Cota a ajuns la 97,6% \u00een iulie Oana Ivan 03\/08\/2026 Surs\u0103 &#8211; Unsplash Cota de ma\u0219ini electrice cu baterii din Norvegia a crescut la 97,6% \u00een iulie. Toyota conduce [&hellip;]<\/p>\n","protected":false},"author":1,"featured_media":0,"comment_status":"open","ping_status":"","sticky":false,"template":"","format":"standard","meta":{"footnotes":""},"categories":[89],"tags":[226,93],"class_list":["post-2075062","post","type-post","status-publish","format-standard","hentry","category-romania","tag-crawlmanager","tag-r3media-ro"],"_links":{"self":[{"href":"https:\/\/analyse.optim.biz\/index.php?rest_route=\/wp\/v2\/posts\/2075062","targetHints":{"allow":["GET"]}}],"collection":[{"href":"https:\/\/analyse.optim.biz\/index.php?rest_route=\/wp\/v2\/posts"}],"about":[{"href":"https:\/\/analyse.optim.biz\/index.php?rest_route=\/wp\/v2\/types\/post"}],"author":[{"embeddable":true,"href":"https:\/\/analyse.optim.biz\/index.php?rest_route=\/wp\/v2\/users\/1"}],"replies":[{"embeddable":true,"href":"https:\/\/analyse.optim.biz\/index.php?rest_route=%2Fwp%2Fv2%2Fcomments&post=2075062"}],"version-history":[{"count":0,"href":"https:\/\/analyse.optim.biz\/index.php?rest_route=\/wp\/v2\/posts\/2075062\/revisions"}],"wp:attachment":[{"href":"https:\/\/analyse.optim.biz\/index.php?rest_route=%2Fwp%2Fv2%2Fmedia&parent=2075062"}],"wp:term":[{"taxonomy":"category","embeddable":true,"href":"https:\/\/analyse.optim.biz\/index.php?rest_route=%2Fwp%2Fv2%2Fcategories&post=2075062"},{"taxonomy":"post_tag","embeddable":true,"href":"https:\/\/analyse.optim.biz\/index.php?rest_route=%2Fwp%2Fv2%2Ftags&post=2075062"}],"curies":[{"name":"wp","href":"https:\/\/api.w.org\/{rel}","templated":true}]}}