{"id":207497,"date":"2014-04-16T11:35:14","date_gmt":"2014-04-16T08:35:14","guid":{"rendered":"https:\/\/analyse.optim.biz\/?p=207497"},"modified":"2014-04-16T11:35:14","modified_gmt":"2014-04-16T08:35:14","slug":"ilie-sarbu-contraatac-la-basescu-are-statut-de-inculpat-ar-trebui-sa-mearga-la-medic-tremura-dimineata","status":"publish","type":"post","link":"https:\/\/analyse.optim.biz\/?p=207497","title":{"rendered":"Ilie S\u00e2rbu, contraatac la B\u0103sescu: Are statut de inculpat. Ar trebui s\u0103 mearg\u0103 la medic &#8211; tremur\u0103 diminea\u0163a"},"content":{"rendered":"<div class=\"entry data-app-meta data-app-meta-article\" data-embed-base-url-canonical=\"https:\/\/www.digi24.ro\/embed\/stiri\/actualitate\/politica\/ilie-sarbu-contraatac-la-basescu-are-statut-de-inculpat-ar-trebui-sa-mearga-la-medic-tremura-dimineata-230276\">\n<p data-index=\"1\"><span><strong>Ilie S\u00e2rbu, despre care Traian B\u0103sescu spunea c\u0103 <a href=\"https:\/\/www.digi24.ro\/Stiri\/Digi24\/Actualitate\/Politica\/VIDEO+Traian+Basescu+principalele+declaratii+la+Digi24\" target=\"_blank\" data-skip-linkfix=\"1\" rel=\"noopener\">ar trebui s\u0103 fie anchetat \u00een dosarul retroced\u0103rilor de terenuri din Timi\u015f<\/a>, lanseaz\u0103 un contraatac virulent la adresa pre\u015fedintelui. El spune c\u0103 Traian B\u0103sescu \u201e<em>a f\u0103cut eforturi extraordinare<\/em>\u201d s\u0103 demonstreze fapte penale pe seama sa \u00een ultimii 14 ani. \u015eeful statului, spune fostul ministru al Agriculturii, ar avea \u201e<em>statut de inculpat<\/em>\u201d \u00een dosarul v\u00e2nz\u0103rii flotei, dar \u015fi probleme de s\u0103n\u0103tate pe fondul consumului de alcool.<\/strong><\/span><\/p>\n<p data-index=\"2\"><img decoding=\"async\" src=\"https:\/\/analyse.optim.biz\/wp-content\/uploads\/2024\/09\/mczoyxnoptayzmmzndlmzju0ngyyzgnhnwjkndyxogjiogewywiy-thumb_.jpg\" data-skip-htmlfix=\"1\" title=\"mczoyxnoptayzmmzndlmzju0ngyyzgnhnwjkndyxogjiogewywiy-thumb_\"><\/p>\n<p data-index=\"3\"><span><strong><a href=\"https:\/\/www.facebook.com\/seanatoriliesarbu\" data-skip-linkfix=\"1\">Surs\u0103 foto: Facebook.com\/seanatoriliesarbu<\/a><\/strong><\/span><\/p>\n<p data-index=\"4\">Senatorul social-democrat s-a folosit de prilej pentru a dezaproba \u015fi <a href=\"https:\/\/www.digi24.ro\/Stiri\/Digi24\/Actualitate\/Politica\/Presedintele+Traian+Basescu+face+declaratii+la+ora+18+00\" target=\"_blank\" data-skip-linkfix=\"1\" rel=\"noopener\"><strong>atacul la adresa colegei Gabriela Vr\u00e2nceanu Firea<\/strong><\/a>, ar\u0103t\u00e2nd c\u0103 pre\u015fedintele reclam\u0103 \u201e<em><strong>o problem\u0103 personal\u0103, de familie<\/strong><\/em>\u201d \u2013 ancheta asupra achizi\u0163iei terenului de la Nana de c\u0103tre Ioana B\u0103sescu \u2013 \u201ede la tribuna Administra\u0163iei Preziden\u0163iale\u201d, \u201e<em><strong>jignind<\/strong><\/em>\u201d \u015fi \u201e<em><strong>amenin\u0163\u00e2nd<\/strong><\/em>\u201d. \u201e<em><strong>Dac\u0103 a\u015f vorbi c\u0103 e interlop, i-a\u015f jigni pe interlopi.<\/strong><\/em><em> E mult sub nivelul lor de a aborda problemele \u00een leg\u0103tur\u0103 cu un parlamentar, care e \u015fi femeie pe deasupra, \u015fi membrul unei comisii speciale<\/em>\u201d, a spus S\u00e2rbu \u00een fa\u0163a jurnali\u015ftilor, pe holul Parlamentului Rom\u00e2niei.<\/p>\n<p data-index=\"5\">Senatorul a analizat \u015fi declara\u0163ia care l-a vizat pe ginerele s\u0103u, premierul Victor Ponta, despre care \u015feful statului a spus mar\u0163i c\u0103 \u201e<a href=\"https:\/\/www.digi24.ro\/Stiri\/Digi24\/Actualitate\/Politica\/Traian+Basescu+Victor+Viorel+Ponta+a+cedat+nervos+si+s-a+mutat+i\" target=\"_blank\" data-skip-linkfix=\"1\" rel=\"noopener\"><em><strong>a cedat nervos \u015fi s-a mutat \u00een bunc\u0103r<\/strong><\/em><\/a>\u201d. \u201e<em><strong>P\u0103i d\u00e2nsul c\u00e2nd tremur\u0103 diminea\u0163a, c\u00e2nd intr\u0103 \u00een birou, de abia \u00eel \u0163in consilierii \u015fi \u00eel reanim\u0103 cu diverse t\u0103rii&#8230; el n-ar trebui s\u0103 mearg\u0103 la medic? (&#8230;) dac\u0103 tot vorbim de cei care au c\u0103deri. Unii dau \u00een alcool, unii s-ar putea&#8230; s\u0103 nu fie o c\u0103dere, s\u0103 fie o strategie<\/strong><\/em>\u201d, a spus S\u00e2rbu.<\/p>\n<p data-index=\"6\">El acuz\u0103 de asemenea ingerin\u0163a pre\u015fedintelui \u00een justi\u0163ie, unde autorit\u0103\u0163ile ar r\u0103spunde <span>\u201e<\/span><em><strong>anumitor comenzi<\/strong><\/em><span>\u201d<\/span>.<\/p>\n<p data-index=\"7\">Pre\u015fedintele Traian B\u0103sescu l-a numit recent pe Ilie S\u00e2rbu, socrul premierului, \u201e<em><strong>un soi de samsar de terenuri<\/strong><\/em>\u201d. \u201e<em><strong>A fost implicat \u00een comas\u0103rile de teren, a fost broker de aranjamente \u00een Timi\u015f<\/strong><\/em>\u201d, <a href=\"https:\/\/www.digi24.ro\/Stiri\/Digi24\/Actualitate\/Politica\/VIDEO+Presedintele+Traian+Basescu+soseste+la+Digi24\" target=\"_blank\" data-skip-linkfix=\"1\" rel=\"noopener\"><strong>a spus \u015feful statului, preciz\u00e2nd c\u0103 nu \u015ftie dac\u0103 Ilie S\u00e2rbu a f\u0103cut ceva ilegal<\/strong><\/a>.<\/p>\n<p data-index=\"8\"><span><strong>Iat\u0103 toate declara\u0163iile senatorului PSD pe aceast\u0103 tem\u0103:<\/strong><\/span><\/p>\n<p data-index=\"9\">&#8211; D\u00e2nsul a f\u0103cut eforturi extraordinare s\u0103 demonstreze lucrul \u0103sta \u00een 14 ani de zile, de c\u00e2nd am plecat eu din func\u0163ia de pre\u015fedinte al Consiliului Jude\u0163ean Timi\u015f. Am fost ministrul Agriculturii dou\u0103 mandate, respectiv cinci ani de zile. Dup\u0103 ce am plecat din minister, la fel, a fost o avalan\u015f\u0103 de verific\u0103ri, de cercet\u0103ri, deplas\u0103ri ale domnului (procuror Lucian) Papici \u00een teritoriu, s\u0103 vad\u0103, n-a reie\u015fit nimic. Cum nu poate s\u0103 reias\u0103&#8230; Dac\u0103 nu e nimic&#8230; nu e foc, nu poat\u0103 s\u0103 ias\u0103 fum.<\/p>\n<p data-index=\"10\">&#8211; V\u0103 imagina\u0163i dumneavoastr\u0103 c\u0103 a stat domnul B\u0103sescu 14 ani s\u0103 a\u015ftepte <a href=\"https:\/\/www.digi24.ro\/Stiri\/Digi24\/Actualitate\/Politica\/VIDEO+Traian+Basescu+principalele+declaratii+la+Digi24\" target=\"_blank\" data-skip-linkfix=\"1\" rel=\"noopener\"><strong>ca s\u0103-mi demonstreze mie c\u0103 am f\u0103cut afaceri cu teren<\/strong><\/a>? A, c\u0103 vin din cea mai bun\u0103 firm\u0103 de agricultur\u0103 din Timi\u015f? De fapt am venit \u00een 2000, dup\u0103 aceea am plecat&#8230; Am lucrat zece ani acolo. Sunt m\u00e2ndru c\u0103 am lucrat \u00een aceast\u0103 firm\u0103, e printre firmele frunta\u015fe \u015fi acum \u00een Timi\u015f. \u0102sta e alt aspect.<\/p>\n<p data-index=\"11\">&#8211; Domnul B\u0103sescu nu vine din flot\u0103? Eu n-am v\u00e2ndut firma, c\u0103 era privat\u0103, era german\u0103. <a href=\"http:\/\/stiri.tvr.ro\/raymond-luca-info-plus-unu-dosarul-flota-dinu-patriciu-ma-rugat-sa-am-grija-de-basescu_15909.html\" target=\"_blank\" data-skip-linkfix=\"1\" rel=\"noopener\"><strong>D\u00e2nsul a v\u00e2ndut flota. \u015ei nu-\u015fi repro\u015feaz\u0103 nimic&#8230; V\u0103d c\u0103 nu are insomnii din cauza asta.<\/strong><\/a> Nu are nici bun sim\u0163, s\u0103 nu mai ias\u0103 \u00een fa\u0163a oamenilor s\u0103 vorbeasc\u0103 de corup\u0163ie, el, care e inculpat&#8230; El are statut de inculpat, de\u015fi a ajuns pre\u015fedinte, pe naivitatea oamenilor care au crezut c\u0103 vine B\u0103sescu s\u0103 fac\u0103 dreptate. Un inculpat, un compromis, un corupt.<\/p>\n<p data-index=\"12\">&#8211; \u015ei mai are \u015fi alte defecte, nu le-a\u015f aminti aici. Unul pot s\u0103-l spun, fiindc\u0103 s-a referit la premier c\u0103 a avut o c\u0103dere nervoas\u0103, sau ce-a spus? <strong>P\u0103i d\u00e2nsul c\u00e2nd tremur\u0103 diminea\u0163a, c\u00e2nd intr\u0103 \u00een birou, de abia \u00eel \u0163in consilierii \u015fi \u00eel reanim\u0103 cu diverse t\u0103rii&#8230; el n-ar trebui s\u0103 mearg\u0103 la medic? Cred c\u0103 \u015fi el ar trebui s\u0103 mearg\u0103 la medic, mi se pare firesc, dac\u0103 tot vorbim de cei care au c\u0103deri. Unii dau \u00een alcool, unii s-ar putea&#8230; s\u0103 nu fie o c\u0103dere, s\u0103 fie o strategie.<\/strong><\/p>\n<p data-index=\"13\">&#8211; Dar d\u00e2nsul s-a obi\u015fnuit ani de zile, din toate defectele pe care le are, s\u0103 le transforme \u00een arme de atac. Nu mai \u0163ine, nu mai merge. Lumea s-a prins \u015fi lucrul \u0103sta l-a v\u0103zut \u00een cele 7,4 milioane de voturi care au fost \u00eempotriva lui, de fapt. Am v\u0103zut atunci c\u0103 nu mai gust\u0103 rom\u00e2nul nici tipul de scandal al lui B\u0103sescu, nici modul de abordare al problemelor, nici stilul suburban.<\/p>\n<p data-index=\"14\">&#8211; <strong>Dac\u0103 a\u015f vorbi c\u0103 e interlop, i-a\u015f jigni pe interlopi.<\/strong> E mult sub nivelul lor de <a href=\"https:\/\/www.digi24.ro\/Stiri\/Digi24\/Actualitate\/Politica\/Presedintele+Traian+Basescu+face+declaratii+la+ora+18+00\" target=\"_blank\" data-skip-linkfix=\"1\" rel=\"noopener\"><strong>a aborda problemele \u00een leg\u0103tur\u0103 cu un parlamentar, care e \u015fi femeie pe deasupra<\/strong><\/a>, \u015fi membrul unei comisii speciale.<\/p>\n<p data-index=\"15\">&#8211; Dac\u0103 ne pot explica ambasadele \u0163\u0103rilor din UE sau chiar a SUA c\u0103 acest lucru se poate \u00eent\u00e2mpla \u00een una din \u0163\u0103rile lor, atunci noi cu to\u0163ii vom \u00een\u0163elege. Adic\u0103, <strong>po\u0163i tu, pre\u015fedinte, <a href=\"https:\/\/www.digi24.ro\/Stiri\/Digi24\/Actualitate\/Politica\/Presedintele+Traian+Basescu+face+declaratii+la+ora+18+00\" target=\"_blank\" data-skip-linkfix=\"1\" rel=\"noopener\">s\u0103 transformi o problem\u0103 personal\u0103 de familie, o duci la tribuna Administra\u0163iei Preziden\u0163iale<\/a> \u015fi dup\u0103 aia faci caz din asta, tu, pre\u015fedinte? \u015ei jigne\u015fti un membru al comisiei, dar <a href=\"https:\/\/www.digi24.ro\/Stiri\/Digi24\/Actualitate\/Politica\/Victor+Ponta+Vom+face+plangere+penala+impotriva+lui+Traian+Bases\" target=\"_blank\" data-skip-linkfix=\"1\" rel=\"noopener\">nu numai c\u0103-l jigne\u015fti, \u00eel amenin\u0163i direct, \u015fi pe o televiziune<\/a>.<\/strong> \u00cen ce \u0163ar\u0103 din lumea asta se mai poate \u00eent\u00e2mpla? Poate nici \u00een \u0163\u0103rile africane, la ora actual\u0103.<\/p>\n<p data-index=\"16\">&#8211; \u015ei atunci el vine s\u0103 ne dea lec\u0163ii. Cui s\u0103 mai dea lec\u0163ii? Naivilor. \u015ei azi mai sunt oameni care \u00eenc\u0103 cred c\u0103 el revolu\u0163ioneaz\u0103&#8230; ce? \u00cen zece ani de zile, da\u0163i-mi un exemplu, ce a revolu\u0163ionat? Acuma a luat scutul \u0103sta, c\u0103 justi\u0163ia&#8230; c\u0103 e ap\u0103r\u0103torul justi\u0163iei, dar nu vedem lucrul \u0103sta. Chiar <strong>justi\u0163ia adev\u0103rat\u0103 infirm\u0103 foarte multe din deciziile celor care, p\u00e2n\u0103 la urm\u0103, r\u0103spund la anumite comenzi<\/strong>, dar parc\u0103 a\u015fa, coinciden\u0163ele nu ne las\u0103 s\u0103 accept\u0103m orice ni se d\u0103 pe pia\u0163\u0103.<\/p>\n<\/div>\n<p> Source URL: https:\/\/www.digi24.ro\/stiri\/actualitate\/politica\/ilie-sarbu-contraatac-la-basescu-are-statut-de-inculpat-ar-trebui-sa-mearga-la-medic-tremura-dimineata-230276<\/p>\n","protected":false},"excerpt":{"rendered":"<p>Ilie S\u00e2rbu, despre care Traian B\u0103sescu spunea c\u0103 ar trebui s\u0103 fie anchetat \u00een dosarul retroced\u0103rilor de terenuri din Timi\u015f, lanseaz\u0103 un contraatac virulent la adresa pre\u015fedintelui. El spune c\u0103 Traian B\u0103sescu \u201ea f\u0103cut eforturi extraordinare\u201d s\u0103 demonstreze fapte penale pe seama sa \u00een ultimii 14 ani. \u015eeful statului, spune fostul ministru al Agriculturii, ar [&hellip;]<\/p>\n","protected":false},"author":1,"featured_media":207498,"comment_status":"open","ping_status":"","sticky":false,"template":"","format":"standard","meta":{"footnotes":""},"categories":[2],"tags":[11],"class_list":["post-207497","post","type-post","status-publish","format-standard","has-post-thumbnail","hentry","category-politics","tag-digi24"],"_links":{"self":[{"href":"https:\/\/analyse.optim.biz\/index.php?rest_route=\/wp\/v2\/posts\/207497","targetHints":{"allow":["GET"]}}],"collection":[{"href":"https:\/\/analyse.optim.biz\/index.php?rest_route=\/wp\/v2\/posts"}],"about":[{"href":"https:\/\/analyse.optim.biz\/index.php?rest_route=\/wp\/v2\/types\/post"}],"author":[{"embeddable":true,"href":"https:\/\/analyse.optim.biz\/index.php?rest_route=\/wp\/v2\/users\/1"}],"replies":[{"embeddable":true,"href":"https:\/\/analyse.optim.biz\/index.php?rest_route=%2Fwp%2Fv2%2Fcomments&post=207497"}],"version-history":[{"count":0,"href":"https:\/\/analyse.optim.biz\/index.php?rest_route=\/wp\/v2\/posts\/207497\/revisions"}],"wp:featuredmedia":[{"embeddable":true,"href":"https:\/\/analyse.optim.biz\/index.php?rest_route=\/wp\/v2\/media\/207498"}],"wp:attachment":[{"href":"https:\/\/analyse.optim.biz\/index.php?rest_route=%2Fwp%2Fv2%2Fmedia&parent=207497"}],"wp:term":[{"taxonomy":"category","embeddable":true,"href":"https:\/\/analyse.optim.biz\/index.php?rest_route=%2Fwp%2Fv2%2Fcategories&post=207497"},{"taxonomy":"post_tag","embeddable":true,"href":"https:\/\/analyse.optim.biz\/index.php?rest_route=%2Fwp%2Fv2%2Ftags&post=207497"}],"curies":[{"name":"wp","href":"https:\/\/api.w.org\/{rel}","templated":true}]}}