{"id":2074892,"date":"2026-08-03T11:41:58","date_gmt":"2026-08-03T08:41:58","guid":{"rendered":"https:\/\/analyse.optim.biz\/?p=2074892"},"modified":"2026-08-03T11:41:58","modified_gmt":"2026-08-03T08:41:58","slug":"dominic-fritz-mesaj-de-ziua-timisoarei-un-oras-nu-se-cladeste-unii-impotriva-altora-se-construieste-impreuna","status":"publish","type":"post","link":"https:\/\/analyse.optim.biz\/?p=2074892","title":{"rendered":"Dominic Fritz, mesaj de Ziua Timi\u0219oarei: \u201eUn ora\u0219 nu se cl\u0103de\u0219te unii \u00eempotriva altora. Se construie\u0219te \u00eempreun\u0103\u201d"},"content":{"rendered":"<p>[analyse_image type=&#8221;featured&#8221; src=&#8221;http:\/\/www.banatulmeu.ro\/wp-content\/uploads\/2026\/08\/fritz-e1785756244459.jpg&#8221;]<\/p>\n<div class=\"post-content-bd\">\n<p>Primarul Timi\u0219oarei, Dominic Fritz, a transmis luni, cu prilejul Zilei Timi\u0219oarei, un mesaj \u00een care a vorbit despre istoria ora\u0219ului, diversitatea comunit\u0103\u021bii \u0219i importan\u021ba solidarit\u0103\u021bii \u00eentr-o perioad\u0103 marcat\u0103 de polarizare \u0219i conflicte.<\/p>\n<p>\u00cen debutul discursului, primarul Timi\u0219oarei a subliniat c\u0103 adev\u0103rata s\u0103rb\u0103toare este comunitatea format\u0103 din timi\u0219oreni \u0219i din oamenii care aleg s\u0103 viziteze ora\u0219ul.<\/p>\n<p><a class=\"pop-img-bd\" href=\"http:\/\/www.banatulmeu.ro\/wp-content\/uploads\/2026\/08\/ziua-timisoarei-unirii-e1785756317565.jpg\"><img loading=\"lazy\" decoding=\"async\" class=\"size-medium wp-image-188846 alignleft\" src=\"http:\/\/www.banatulmeu.ro\/wp-content\/uploads\/2026\/08\/ziua-timisoarei-unirii-300x200.jpg\" alt width=\"300\" height=\"200\"><\/a><\/p>\n<p><img loading=\"lazy\" decoding=\"async\" class=\"size-medium wp-image-188846 alignleft\" src=\"http:\/\/www.banatulmeu.ro\/wp-content\/uploads\/2026\/08\/ziua-timisoarei-unirii-300x200.jpg\" alt width=\"300\" height=\"200\">\u201e<em>Dragi timi\u0219oreni, dragi vizitatori ai ora\u0219ului, onorat\u0103 audien\u021b\u0103! \u00cen ultimele zile am v\u0103zut zeci de mii de oameni \u00een pie\u021be, \u00een parcuri, pe malul Beg\u0103i, la concerte, la expozi\u021bii, \u00een cartiere. Copii, bunici, familii, oameni veni\u021bi din toate cartierele Timi\u0219oarei \u0219i oameni veni\u021bi din toate col\u021burile Rom\u00e2niei, dar \u0219i din str\u0103in\u0103tate. \u0218i cred c\u0103 acesta este cel mai frumos lucru pe care \u00eel s\u0103rb\u0103torim ast\u0103zi nu doar un ora\u0219, ci o comunitate. Pe oamenii care aleg s\u0103 fie \u00eempreun\u0103<\/em>\u201d, a afirmat primarul Dominic Fritz.<\/p>\n<p>Edilul a amintit c\u0103 Timi\u0219oara a fost construit\u0103 de comunit\u0103\u021bi diferite \u0219i c\u0103 tocmai aceast\u0103 diversitate a reprezentat una dintre cele mai mari resurse ale ora\u0219ului. \u00cen acela\u0219i timp, el a f\u0103cut un apel la dialog \u0219i colaborare, \u00een contextul actual marcat de polarizare \u0219i conflicte.<\/p>\n<p>\u201e<em>Acum 107 ani, c\u00e2nd Timi\u0219oara devenea o parte a Rom\u00e2niei, nu era un ora\u0219 al unei singure comunit\u0103\u021bi. Era un ora\u0219 al rom\u00e2nilor, germanilor, s\u00e2rbilor, bulgarilor, maghiarilor, evreilor, romilor \u0219i a multor altora. \u0218i tocmai aceast\u0103 diversitate a acestor comunit\u0103\u021bi a fost for\u021ba lui. Liderii acelor vremuri, cei care au construit viitorul Timi\u0219oarei, au \u00een\u021beles ceva esen\u021bial: c\u0103 un ora\u0219 nu se cl\u0103de\u0219te unii \u00eempotriva altora. Se construie\u0219te \u00eempreun\u0103. Ast\u0103zi tr\u0103im vremuri \u00een care conflictul, ura, dezbinarea au ajuns nu doar platforme politice, ci uneori chiar, dac\u0103 ne uit\u0103m la modelul de business ale unor re\u021bele sociale, chiar ra\u021biune economic\u0103<\/em>\u201d, a spus Fritz.<\/p>\n<p>\u00cen continuarea mesajului, primarul a f\u0103cut referire la momentele definitorii din istoria ora\u0219ului \u2013 1919 \u0219i Revolu\u021bia din 1989 \u2013 afirm\u00e2nd c\u0103 \u0219i \u00een prezent Timi\u0219oara are nevoie de curajul de a r\u0103m\u00e2ne un ora\u0219 deschis, european \u0219i solidar.<\/p>\n<p>\u201e<em>\u0218i \u00een 1919, Timi\u0219oara a avut curajul s\u0103 \u00ee\u0219i asume un nou destin. \u00cen 1989, din nou a avut curajul s\u0103 spun\u0103 primul \u00abnu\u00bb unei dictaturi. Iar ast\u0103zi avem nevoie de un alt fel de curaj. Curajul de a r\u0103m\u00e2ne un ora\u0219 deschis pentru ceilal\u021bi, pentru viitor. Un ora\u0219 european, un ora\u0219 \u00een care oamenii sunt judeca\u021bi dup\u0103 ceea ce fac, nu dup\u0103 limba pe care o vorbesc, dup\u0103 numele pe care \u00eel poart\u0103 sau locul din care vin. Timi\u0219oara nu a devenit prosper \u0219i modern pentru c\u0103 a fost ferit\u0103 de \u00eencerc\u0103ri. Nu a fost niciodat\u0103 o cale u\u0219oar\u0103. A devenit ora\u0219ul pe care \u00eel iubim, pentru c\u0103 de fiecare dat\u0103 c\u00e2nd istoria a pus-o la \u00eencercare, timi\u0219orenii au f\u0103cut o alegere. Au ales curajul \u00een locul fricii \u0219i comunitatea \u00een locul dezbin\u0103rii. \u0218i \u00een acest spirit celebr\u0103m \u0219i \u00een aceste zile Ziua Timi\u0219oarei.<\/em><\/p>\n<p><em>La mul\u021bi ani, dragi timi\u0219oreni!<\/em><br \/><em>La mul\u021bi ani, Timi\u0219oara!<\/em>\u201d, a transmis primarul Dominic Fritz.<\/p>\n<\/div>\n<p>[analyse_source url=&#8221;https:\/\/www.banatulmeu.ro\/dominic-fritz-mesaj-de-ziua-timisoarei-un-oras-nu-se-cladeste-unii-impotriva-altora-se-construieste-impreuna\/&#8221;]<\/p>\n","protected":false},"excerpt":{"rendered":"<p>[analyse_image type=&#8221;featured&#8221; src=&#8221;http:\/\/www.banatulmeu.ro\/wp-content\/uploads\/2026\/08\/fritz-e1785756244459.jpg&#8221;] Primarul Timi\u0219oarei, Dominic Fritz, a transmis luni, cu prilejul Zilei Timi\u0219oarei, un mesaj \u00een care a vorbit despre istoria ora\u0219ului, diversitatea comunit\u0103\u021bii \u0219i importan\u021ba solidarit\u0103\u021bii \u00eentr-o perioad\u0103 marcat\u0103 de polarizare \u0219i conflicte. \u00cen debutul discursului, primarul Timi\u0219oarei a subliniat c\u0103 adev\u0103rata s\u0103rb\u0103toare este comunitatea format\u0103 din timi\u0219oreni \u0219i din oamenii care aleg [&hellip;]<\/p>\n","protected":false},"author":1,"featured_media":0,"comment_status":"open","ping_status":"","sticky":false,"template":"","format":"standard","meta":{"footnotes":""},"categories":[89],"tags":[204,226],"class_list":["post-2074892","post","type-post","status-publish","format-standard","hentry","category-romania","tag-banatulmeu-ro","tag-crawlmanager"],"_links":{"self":[{"href":"https:\/\/analyse.optim.biz\/index.php?rest_route=\/wp\/v2\/posts\/2074892","targetHints":{"allow":["GET"]}}],"collection":[{"href":"https:\/\/analyse.optim.biz\/index.php?rest_route=\/wp\/v2\/posts"}],"about":[{"href":"https:\/\/analyse.optim.biz\/index.php?rest_route=\/wp\/v2\/types\/post"}],"author":[{"embeddable":true,"href":"https:\/\/analyse.optim.biz\/index.php?rest_route=\/wp\/v2\/users\/1"}],"replies":[{"embeddable":true,"href":"https:\/\/analyse.optim.biz\/index.php?rest_route=%2Fwp%2Fv2%2Fcomments&post=2074892"}],"version-history":[{"count":0,"href":"https:\/\/analyse.optim.biz\/index.php?rest_route=\/wp\/v2\/posts\/2074892\/revisions"}],"wp:attachment":[{"href":"https:\/\/analyse.optim.biz\/index.php?rest_route=%2Fwp%2Fv2%2Fmedia&parent=2074892"}],"wp:term":[{"taxonomy":"category","embeddable":true,"href":"https:\/\/analyse.optim.biz\/index.php?rest_route=%2Fwp%2Fv2%2Fcategories&post=2074892"},{"taxonomy":"post_tag","embeddable":true,"href":"https:\/\/analyse.optim.biz\/index.php?rest_route=%2Fwp%2Fv2%2Ftags&post=2074892"}],"curies":[{"name":"wp","href":"https:\/\/api.w.org\/{rel}","templated":true}]}}