{"id":207469,"date":"2014-04-17T15:37:16","date_gmt":"2014-04-17T12:37:16","guid":{"rendered":"https:\/\/analyse.optim.biz\/?p=207469"},"modified":"2014-04-17T15:37:16","modified_gmt":"2014-04-17T12:37:16","slug":"traian-basescu-reactie-la-declaratiile-lui-vladimir-putin-punerea-in-discutie-a-frontierelor-recunoscute-international-este-inadmisibila","status":"publish","type":"post","link":"https:\/\/analyse.optim.biz\/?p=207469","title":{"rendered":"Traian B\u0103sescu, reac\u0163ie la declara\u0163iile lui Vladimir Putin: &#8220;Punerea \u00een discu\u0163ie a frontierelor recunoscute interna\u0163ional este inadmisibil\u0103&#8221;"},"content":{"rendered":"<div class=\"entry data-app-meta data-app-meta-article\" data-embed-base-url-canonical=\"https:\/\/www.digi24.ro\/embed\/stiri\/actualitate\/politica\/traian-basescu-reactie-la-declaratiile-lui-vladimir-putin-punerea-in-discutie-a-frontierelor-recunoscute-international-este-inadmisibila-230979\">\n<p data-index=\"1\">\u00a0<img decoding=\"async\" src=\"https:\/\/analyse.optim.biz\/wp-content\/uploads\/2024\/09\/ad0wmte1y2izyzdmzjm3zjeynzbmmjnlywrmmdq3mdyzoa-thumb_.jpg\" data-skip-htmlfix=\"1\" title=\"ad0wmte1y2izyzdmzjm3zjeynzbmmjnlywrmmdq3mdyzoa-thumb_\"><\/p>\n<p data-index=\"2\">\u201e<span>\u00cen ultima perioad\u0103 au ap\u0103rut o serie de lu\u0103ri de pozi\u021bie care \u00eencalc\u0103 principiile dreptului interna\u021bional \u0219i fundamentele sistemului de securitate \u00een Europa. Punerea \u00een discu\u021bie a frontierelor recunoscute interna\u021bional este inadmisibil\u0103 \u0219i afecteaz\u0103 direct pacea \u0219i stabilitatea la nivel regional. Mi\u0219c\u0103rile revizioniste generate artificial din exterior reprezint\u0103 amenin\u021b\u0103ri directe la adresa suveranit\u0103\u021bii \u0219i integrit\u0103\u021bii teritoriale a statelor \u0219i nu pot fi solu\u021bii pentru ap\u0103rarea drepturilor persoanelor apar\u021bin\u00e2nd minorit\u0103\u021bilor na\u021bionale. <\/span><\/p>\n<p data-index=\"3\">Repunerea \u00een discu\u021bie a organiz\u0103rii statale \u0219i impunerea de modele federale \u0219i autonomiste prin angajarea persoanelor apar\u021bin\u00e2nd minorit\u0103\u021bilor na\u021bionale \u00een ac\u021biuni subversive la adresa statului ai c\u0103rui cet\u0103\u021beni sunt constituie un amestec direct \u00een treburile interne ale statelor suverane.<\/p>\n<p data-index=\"4\">Rom\u00e2nia este gata s\u0103 sprijine g\u0103sirea unor solu\u021bii adecvate la solicitarea Republicii Moldova pentru a asigura libera circula\u021bie a persoanelor, m\u0103rfurilor \u0219i serviciilor \u00een condi\u021biile legii \u0219i ale normelor europene, pentru cet\u0103\u021benii \u0219i companiile din regiunea separatist\u0103 nistrean\u0103. <\/p>\n<p data-index=\"5\">Rom\u00e2nia sus\u021bine consecvent principiile dreptului interna\u021bional \u0219i consider\u0103 c\u0103 valorile democratice \u0219i standardele europene de protejare a drepturilor minorit\u0103\u021bilor na\u021bionale ofer\u0103 cadrul adecvat solu\u021bion\u0103rii preocup\u0103rilor de securitate din regiune&#8221;, potrivit unui<strong><a href=\"http:\/\/www.presidency.ro\/?_RID=det&amp;tb=date&amp;id=14967&amp;_PRID=\" target=\"_blank\" data-skip-linkfix=\"1\" rel=\"noopener\"> comunicat transmis de Pre\u015fedin\u0163ie<\/a>.<\/strong><\/p>\n<p data-index=\"6\">\u00cen acest context, Traian B\u0103sescu solicit\u0103 Federa\u021biei Ruse \u201es\u0103 revin\u0103 \u00een cadrul angajamentelor asumate \u00een institu\u021biile interna\u021bionale \u0219i s\u0103 contribuie la stabilizarea situa\u021biei din regiune\u201d.\u00a0<\/p>\n<p data-index=\"7\">Pre\u015fedintele <a href=\"https:\/\/www.digi24.ro\/Stiri\/Digi24\/Extern\/Europa\/Rusia+nu+a+stabilit+un+termen+pentru+a+analiza+cererea+de+recuno\" target=\"_blank\" data-skip-linkfix=\"1\" rel=\"noopener\"><strong>Vladimir Putin<\/strong><\/a> confirm\u0103 c\u0103 a fost informat de cererea Transnistriei, care vrea s\u0103-i fie recunoscut\u0103 independen\u0163a, pentru ca ulterior s\u0103 fie alipit\u0103 Rusiei. Liderul de la Kremlin a precizat c\u0103 nu a fost stabilit un termen pentru analizarea acestei solicit\u0103ri, dar a declarat c\u0103 orice comunitate trebuie s\u0103 aib\u0103 dreptul de a-\u015fi stabili viitorul.<\/p>\n<\/div>\n<p> Source URL: https:\/\/www.digi24.ro\/stiri\/actualitate\/politica\/traian-basescu-reactie-la-declaratiile-lui-vladimir-putin-punerea-in-discutie-a-frontierelor-recunoscute-international-este-inadmisibila-230979<\/p>\n","protected":false},"excerpt":{"rendered":"<p>\u00a0 \u201e\u00cen ultima perioad\u0103 au ap\u0103rut o serie de lu\u0103ri de pozi\u021bie care \u00eencalc\u0103 principiile dreptului interna\u021bional \u0219i fundamentele sistemului de securitate \u00een Europa. Punerea \u00een discu\u021bie a frontierelor recunoscute interna\u021bional este inadmisibil\u0103 \u0219i afecteaz\u0103 direct pacea \u0219i stabilitatea la nivel regional. Mi\u0219c\u0103rile revizioniste generate artificial din exterior reprezint\u0103 amenin\u021b\u0103ri directe la adresa suveranit\u0103\u021bii \u0219i [&hellip;]<\/p>\n","protected":false},"author":1,"featured_media":207470,"comment_status":"open","ping_status":"","sticky":false,"template":"","format":"standard","meta":{"footnotes":""},"categories":[2],"tags":[11],"class_list":["post-207469","post","type-post","status-publish","format-standard","has-post-thumbnail","hentry","category-politics","tag-digi24"],"_links":{"self":[{"href":"https:\/\/analyse.optim.biz\/index.php?rest_route=\/wp\/v2\/posts\/207469","targetHints":{"allow":["GET"]}}],"collection":[{"href":"https:\/\/analyse.optim.biz\/index.php?rest_route=\/wp\/v2\/posts"}],"about":[{"href":"https:\/\/analyse.optim.biz\/index.php?rest_route=\/wp\/v2\/types\/post"}],"author":[{"embeddable":true,"href":"https:\/\/analyse.optim.biz\/index.php?rest_route=\/wp\/v2\/users\/1"}],"replies":[{"embeddable":true,"href":"https:\/\/analyse.optim.biz\/index.php?rest_route=%2Fwp%2Fv2%2Fcomments&post=207469"}],"version-history":[{"count":0,"href":"https:\/\/analyse.optim.biz\/index.php?rest_route=\/wp\/v2\/posts\/207469\/revisions"}],"wp:featuredmedia":[{"embeddable":true,"href":"https:\/\/analyse.optim.biz\/index.php?rest_route=\/wp\/v2\/media\/207470"}],"wp:attachment":[{"href":"https:\/\/analyse.optim.biz\/index.php?rest_route=%2Fwp%2Fv2%2Fmedia&parent=207469"}],"wp:term":[{"taxonomy":"category","embeddable":true,"href":"https:\/\/analyse.optim.biz\/index.php?rest_route=%2Fwp%2Fv2%2Fcategories&post=207469"},{"taxonomy":"post_tag","embeddable":true,"href":"https:\/\/analyse.optim.biz\/index.php?rest_route=%2Fwp%2Fv2%2Ftags&post=207469"}],"curies":[{"name":"wp","href":"https:\/\/api.w.org\/{rel}","templated":true}]}}