{"id":2074664,"date":"2026-07-31T13:44:43","date_gmt":"2026-07-31T10:44:43","guid":{"rendered":"https:\/\/analyse.optim.biz\/?p=2074664"},"modified":"2026-07-31T13:44:43","modified_gmt":"2026-07-31T10:44:43","slug":"amendamentul-fritz-in-centrul-unei-plangeri-penale-depuse-de-usr-pentru-presupus-fals-intelectual-in","status":"publish","type":"post","link":"https:\/\/analyse.optim.biz\/?p=2074664","title":{"rendered":"\u201eAmendamentul Fritz\u201d, \u00een centrul unei pl\u00e2ngeri penale depuse de USR pentru presupus fals intelectual \u00een"},"content":{"rendered":"<p>[analyse_image type=&#8221;featured&#8221; src=&#8221;https:\/\/orasul-timisoara.ro\/wp-content\/uploads\/2026\/07\/parlament-documente.jpg&#8221;]<\/p>\n<article id=\"post-39940\" class=\"td-post-template-7 post-39940 post type-post status-publish format-standard has-post-thumbnail category-featured category-politic category-stiri-nationale-si-internationale tag-amendamentul-fritz tag-ani tag-camera-deputatilor-2 tag-comisia-juridica tag-diana-stoica tag-dominic-fritz tag-fals-intelectual tag-parchet tag-parlament tag-usr td-container-wrap\">\n<div class=\"td-full-screen-header-image-wrap\">\n<div class=\"td-container td-post-header\">\n<div class=\"td-crumb-container\">\n<div class=\"entry-crumbs\"><span><a title=\"Vede\u021bi toate articolele \u00een Politic\" class=\"entry-crumb\" href=\"https:\/\/orasul-timisoara.ro\/local-category\/politic\/\">Politic<\/a><\/span><span class=\"td-bred-no-url-last\">\u201eAmendamentul Fritz\u201d, \u00een centrul unei pl\u00e2ngeri penale depuse de USR pentru presupus&#8230;<\/span><\/div>\n<\/div>\n<div class=\"td-post-header-holder\">\n<div class=\"td-parallax-header\">\n<header class=\"td-post-title\">\n<ul class=\"td-category\">\n<li class=\"entry-category\"><a href=\"https:\/\/orasul-timisoara.ro\/local-category\/politic\/\">Politic<\/a><\/li>\n<li class=\"entry-category\"><a href=\"https:\/\/orasul-timisoara.ro\/local-category\/stiri-nationale-si-internationale\/\">\u0218tiri na\u021bionale \u0219i interna\u021bionale<\/a><\/li>\n<\/ul>\n<h1 class=\"entry-title\">\u201eAmendamentul Fritz\u201d, \u00een centrul unei pl\u00e2ngeri penale depuse de USR pentru presupus fals intelectual \u00een Parlament<\/h1>\n<div class=\"td-module-meta-info\">\n<div class=\"td-post-author-name\">\n<div class=\"td-author-by\">De c\u0103tre<\/div>\n<p><a href=\"https:\/\/orasul-timisoara.ro\/author\/timisoara\/\">redactia<\/a><\/p>\n<div class=\"td-author-line\"> &#8211; <\/div>\n<\/div>\n<p><span class=\"td-post-date\"><time class=\"entry-date updated td-module-date\" datetime=\"2026-07-31T16:44:43+03:00\">31\/07\/2026<\/time><\/span><\/div>\n<\/header>\n<\/div>\n<\/div>\n<\/div>\n<div id=\"td-full-screen-header-image\" class=\"td-image-gradient-style7\"><img decoding=\"async\" class=\"td-backstretch\" src=\"https:\/\/orasul-timisoara.ro\/wp-content\/uploads\/2026\/07\/parlament-documente.jpg\"><\/div>\n<\/div>\n<div class=\"td-container\">\n<div class=\"td-pb-row\">\n<div class=\"td-pb-span8 td-main-content\" role=\"main\">\n<div class=\"td-ss-main-content\">\n<div class=\"td-post-sharing-top\">\n<div class=\"td-post-sharing-classic\"><iframe title=\"topFacebookLike\" frameborder src=\"https:\/\/www.facebook.com\/plugins\/like.php?href=https:\/\/orasul-timisoara.ro\/local-39940\/&amp;layout=button_count&amp;show_faces=false&amp;width=105&amp;action=like&amp;colorscheme=light&amp;height=21\"><\/iframe><\/div>\n<div id=\"td_social_sharing_article_top\" class=\"td-post-sharing td-ps-bg td-ps-notext td-post-sharing-style1 \">\n<div class=\"td-post-sharing-visible\"><a class=\"td-social-sharing-button td-social-sharing-button-js td-social-network td-social-facebook\" href=\"https:\/\/www.facebook.com\/sharer.php?u=https%3A%2F%2Forasul-timisoara.ro%2Flocal-39940%2F\" title=\"Facebook\"><\/p>\n<div class=\"td-social-but-text\">Facebook<\/div>\n<p><\/a><a class=\"td-social-sharing-button td-social-sharing-button-js td-social-network td-social-twitter\" href=\"https:\/\/twitter.com\/intent\/tweet?text=%E2%80%9EAmendamentul+Fritz%E2%80%9D%2C+%C3%AEn+centrul+unei+pl%C3%A2ngeri+penale+depuse+de+USR+pentru+presupus+fals+intelectual+%C3%AEn+Parlament&amp;url=https%3A%2F%2Forasul-timisoara.ro%2Flocal-39940%2F&amp;via=orasultm\" title=\"Twitter\"><\/p>\n<div class=\"td-social-but-text\">Twitter<\/div>\n<p><\/a><a class=\"td-social-sharing-button td-social-sharing-button-js td-social-network td-social-whatsapp\" href=\"https:\/\/api.whatsapp.com\/send?text=%E2%80%9EAmendamentul+Fritz%E2%80%9D%2C+%C3%AEn+centrul+unei+pl%C3%A2ngeri+penale+depuse+de+USR+pentru+presupus+fals+intelectual+%C3%AEn+Parlament%20%0A%0A%20https:\/\/orasul-timisoara.ro\/local-39940\/\" title=\"WhatsApp\"><\/p>\n<div class=\"td-social-but-text\">WhatsApp<\/div>\n<p><\/a><a class=\"td-social-sharing-button td-social-sharing-button-js td-social-network td-social-linkedin\" href=\"https:\/\/www.linkedin.com\/shareArticle?mini=true&amp;url=https:\/\/orasul-timisoara.ro\/local-39940\/&amp;title=%E2%80%9EAmendamentul+Fritz%E2%80%9D%2C+%C3%AEn+centrul+unei+pl%C3%A2ngeri+penale+depuse+de+USR+pentru+presupus+fals+intelectual+%C3%AEn+Parlament\" title=\"Linkedin\"><\/p>\n<div class=\"td-social-but-text\">Linkedin<\/div>\n<p><\/a><a class=\"td-social-sharing-button td-social-sharing-button-js td-social-network td-social-reddit\" href=\"https:\/\/reddit.com\/submit?url=https:\/\/orasul-timisoara.ro\/local-39940\/&amp;title=%E2%80%9EAmendamentul+Fritz%E2%80%9D%2C+%C3%AEn+centrul+unei+pl%C3%A2ngeri+penale+depuse+de+USR+pentru+presupus+fals+intelectual+%C3%AEn+Parlament\" title=\"ReddIt\"><\/p>\n<div class=\"td-social-but-text\">ReddIt<\/div>\n<p><\/a><a class=\"td-social-sharing-button td-social-sharing-button-js td-social-network td-social-mail\" href=\"mailto:?subject=%E2%80%9EAmendamentul%20Fritz%E2%80%9D,%20%C3%AEn%20centrul%20unei%20pl%C3%A2ngeri%20penale%20depuse%20de%20USR%20pentru%20presupus%20fals%20intelectual%20%C3%AEn%20Parlament&amp;body=https:\/\/orasul-timisoara.ro\/local-39940\/\" title=\"Email\"><\/p>\n<div class=\"td-social-but-text\">Email<\/div>\n<p><\/a><a class=\"td-social-sharing-button td-social-sharing-button-js td-social-network td-social-print\" href=\"https:\/\/orasul-timisoara.ro\/local-39940\/\" title=\"Imprimare\"><\/p>\n<div class=\"td-social-but-text\">Imprimare<\/div>\n<p><\/a><\/div>\n<\/div>\n<\/div>\n<div class=\"td-post-content tagdiv-type\">\n<p class=\"wp-block-paragraph\">Lidera deputa\u021bilor USR, <strong>Diana Stoica<\/strong>, a anun\u021bat depunerea unui denun\u021b penal la <strong>Parchetul de pe l\u00e2ng\u0103 \u00cenalta Curte de Casa\u021bie \u0219i Justi\u021bie<\/strong>, acuz\u00e2nd existen\u021ba unui posibil caz de <strong>fals intelectual<\/strong> \u00een leg\u0103tur\u0103 cu un amendament introdus \u00een raportul Comisiei juridice a Camerei Deputa\u021bilor.<\/p>\n<p class=\"wp-block-paragraph\">Potrivit USR, textul legislativ, denumit \u00een spa\u021biul public <strong>\u201eamendamentul Fritz\u201d<\/strong>, ar fi ap\u0103rut \u00een raportul oficial f\u0103r\u0103 s\u0103 fi fost depus, dezb\u0103tut sau votat \u00een cadrul comisiei.<\/p>\n<h2 class=\"wp-block-heading\">USR sus\u021bine c\u0103 amendamentul nu a fost discutat \u00een Comisia juridic\u0103<\/h2>\n<p class=\"wp-block-paragraph\">Conform comunicatului transmis de USR, amendamentul figureaz\u0103 la pozi\u021bia 193 din raportul Comisiei juridice privind proiectul de lege referitor la integritate (Pl-x nr. 521\/2026), fiind trecut la categoria \u201eamendamente admise\u201d, cu men\u021biunea c\u0103 autorul este Comisia juridic\u0103.<\/p>\n<p class=\"wp-block-paragraph\">Forma\u021biunea sus\u021bine \u00eens\u0103 c\u0103 textul nu s-a reg\u0103sit \u00een documentele de lucru puse la dispozi\u021bia membrilor comisiei \u00een \u0219edin\u021bele din 27 \u0219i 28 iulie, nu a fost discutat \u0219i nici supus votului.<\/p>\n<p class=\"wp-block-paragraph\">\u00cen opinia USR, un amendament poate fi atribuit Comisiei juridice doar dup\u0103 adoptarea acestuia prin vot \u00eentr-o \u0219edin\u021b\u0103 legal constituit\u0103.<\/p>\n<h2 class=\"wp-block-heading\">Diana Stoica: \u201eNu cred \u00een articole care se scriu singure\u201d<\/h2>\n<p class=\"wp-block-paragraph\">Lidera deputa\u021bilor USR afirm\u0103 c\u0103 introducerea unui alineat \u00eentreg \u00eentr-un document oficial nu poate fi calificat\u0103 drept o simpl\u0103 eroare material\u0103.<\/p>\n<p class=\"wp-block-paragraph\">\u201eUn articol a fost introdus pe sub m\u00e2n\u0103, \u00eentr-un document oficial al Camerei Deputa\u021bilor, semnat \u00een numele unei comisii care nu l-a v\u0103zut niciodat\u0103 \u0219i \u00een mod cert nu l-a votat. Am depus pl\u00e2ngere penal\u0103 ca s\u0103 afl\u0103m cine l-a pus acolo. Nu cred \u00een articole care se scriu singure\u201d, a declarat Diana Stoica.<\/p>\n<p class=\"wp-block-paragraph\">Aceasta sus\u021bine c\u0103 amendamentul nu este semnat, nu are autor identificat \u0219i nu exist\u0103 \u00een niciun document anterior public\u0103rii raportului.<\/p>\n<h2 class=\"wp-block-heading\">Ce solicit\u0103 denun\u021bul penal<\/h2>\n<p class=\"wp-block-paragraph\">Prin sesizarea adresat\u0103 Parchetului General, USR solicit\u0103 \u00eenceperea urm\u0103ririi penale <strong>in rem<\/strong> \u0219i conservarea tuturor documentelor care ar putea avea relevan\u021b\u0103 pentru anchet\u0103.<\/p>\n<p class=\"wp-block-paragraph\">Printre probele solicitate se num\u0103r\u0103:<\/p>\n<ul class=\"wp-block-list\">\n<li>raportul oficial \u0219i versiunile anterioare ale acestuia;<\/li>\n<li>registrul amendamentelor;<\/li>\n<li>documentele transmise membrilor Comisiei juridice;<\/li>\n<li>procesele-verbale ale \u0219edin\u021belor;<\/li>\n<li>stenogramele \u0219i \u00eenregistr\u0103rile audio-video;<\/li>\n<li>listele de prezen\u021b\u0103 \u0219i eviden\u021bele voturilor din \u0219edin\u021bele desf\u0103\u0219urate \u00een 27, 28 \u0219i 29 iulie.<\/li>\n<\/ul>\n<h2 class=\"wp-block-heading\">Amendamentul \u00eel vizeaz\u0103 pe Dominic Fritz, sus\u021bine USR<\/h2>\n<p class=\"wp-block-paragraph\">Potrivit USR, amendamentul ar putea avea efecte directe asupra mandatului primarului Timi\u0219oarei, <strong>Dominic Fritz<\/strong>, \u00een contextul unei decizii a Agen\u021biei Na\u021bionale de Integritate privind existen\u021ba unui conflict de interese administrativ.<\/p>\n<p class=\"wp-block-paragraph\">Forma\u021biunea consider\u0103 c\u0103 prevederea este neconstitu\u021bional\u0103, argument\u00e2nd c\u0103 produce efecte asupra unor situa\u021bii juridice din trecut \u0219i introduce sanc\u021biuni cu aplicare retroactiv\u0103.<\/p>\n<h2 class=\"wp-block-heading\">USR \u0219i PNL au redepus proiectul f\u0103r\u0103 amendamentul contestat<\/h2>\n<p class=\"wp-block-paragraph\">\u00cen paralel cu demersul penal, USR a anun\u021bat c\u0103, \u00eempreun\u0103 cu parlamentari ai PNL, a redepus proiectul de lege privind Agen\u021bia Na\u021bional\u0103 de Integritate f\u0103r\u0103 amendamentul contestat.<\/p>\n<p class=\"wp-block-paragraph\">Reprezentan\u021bii forma\u021biunii sus\u021bin c\u0103 legisla\u021bia privind integritatea trebuie adoptat\u0103 f\u0103r\u0103 prevederi care, \u00een opinia lor, ar putea afecta principiile constitu\u021bionale sau ar putea fi interpretate ca av\u00e2nd un caracter politic.<\/p>\n<p class=\"wp-block-paragraph\">P\u00e2n\u0103 \u00een prezent, nu exist\u0103 un punct de vedere oficial al reprezentan\u021bilor Comisiei juridice sau al altor institu\u021bii vizate \u00een leg\u0103tur\u0103 cu acuza\u021biile formulate de USR.<\/p>\n<\/div>\n<footer>\n<div class=\"td-post-source-tags\">\n<ul class=\"td-tags td-post-small-box clearfix\">\n<li><span>ETICHETE<\/span><\/li>\n<li><a href=\"https:\/\/orasul-timisoara.ro\/local-tag\/amendamentul-fritz\/\">amendamentul Fritz<\/a><\/li>\n<li><a href=\"https:\/\/orasul-timisoara.ro\/local-tag\/ani\/\">ani<\/a><\/li>\n<li><a href=\"https:\/\/orasul-timisoara.ro\/local-tag\/camera-deputatilor-2\/\">Camera Deputa\u021bilor<\/a><\/li>\n<li><a href=\"https:\/\/orasul-timisoara.ro\/local-tag\/comisia-juridica\/\">Comisia juridic\u0103<\/a><\/li>\n<li><a href=\"https:\/\/orasul-timisoara.ro\/local-tag\/diana-stoica\/\">Diana Stoica<\/a><\/li>\n<li><a href=\"https:\/\/orasul-timisoara.ro\/local-tag\/dominic-fritz\/\">dominic fritz<\/a><\/li>\n<li><a href=\"https:\/\/orasul-timisoara.ro\/local-tag\/fals-intelectual\/\">fals intelectual<\/a><\/li>\n<li><a href=\"https:\/\/orasul-timisoara.ro\/local-tag\/parchet\/\">Parchet<\/a><\/li>\n<li><a href=\"https:\/\/orasul-timisoara.ro\/local-tag\/parlament\/\">parlament<\/a><\/li>\n<li><a href=\"https:\/\/orasul-timisoara.ro\/local-tag\/usr\/\">usr<\/a><\/li>\n<\/ul>\n<\/div>\n<div class=\"td-post-sharing-bottom\">\n<div class=\"td-post-sharing-classic\"><iframe title=\"bottomFacebookLike\" frameborder src=\"https:\/\/www.facebook.com\/plugins\/like.php?href=https:\/\/orasul-timisoara.ro\/local-39940\/&amp;layout=button_count&amp;show_faces=false&amp;width=105&amp;action=like&amp;colorscheme=light&amp;height=21\"><\/iframe><\/div>\n<div id=\"td_social_sharing_article_bottom\" class=\"td-post-sharing td-ps-bg td-ps-notext td-post-sharing-style1 \">\n<div class=\"td-post-sharing-visible\"><a class=\"td-social-sharing-button td-social-sharing-button-js td-social-network td-social-facebook\" href=\"https:\/\/www.facebook.com\/sharer.php?u=https%3A%2F%2Forasul-timisoara.ro%2Flocal-39940%2F\" title=\"Facebook\"><\/p>\n<div class=\"td-social-but-text\">Facebook<\/div>\n<p><\/a><a class=\"td-social-sharing-button td-social-sharing-button-js td-social-network td-social-twitter\" href=\"https:\/\/twitter.com\/intent\/tweet?text=%E2%80%9EAmendamentul+Fritz%E2%80%9D%2C+%C3%AEn+centrul+unei+pl%C3%A2ngeri+penale+depuse+de+USR+pentru+presupus+fals+intelectual+%C3%AEn+Parlament&amp;url=https%3A%2F%2Forasul-timisoara.ro%2Flocal-39940%2F&amp;via=orasultm\" title=\"Twitter\"><\/p>\n<div class=\"td-social-but-text\">Twitter<\/div>\n<p><\/a><a class=\"td-social-sharing-button td-social-sharing-button-js td-social-network td-social-whatsapp\" href=\"https:\/\/api.whatsapp.com\/send?text=%E2%80%9EAmendamentul+Fritz%E2%80%9D%2C+%C3%AEn+centrul+unei+pl%C3%A2ngeri+penale+depuse+de+USR+pentru+presupus+fals+intelectual+%C3%AEn+Parlament%20%0A%0A%20https:\/\/orasul-timisoara.ro\/local-39940\/\" title=\"WhatsApp\"><\/p>\n<div class=\"td-social-but-text\">WhatsApp<\/div>\n<p><\/a><a class=\"td-social-sharing-button td-social-sharing-button-js td-social-network td-social-linkedin\" href=\"https:\/\/www.linkedin.com\/shareArticle?mini=true&amp;url=https:\/\/orasul-timisoara.ro\/local-39940\/&amp;title=%E2%80%9EAmendamentul+Fritz%E2%80%9D%2C+%C3%AEn+centrul+unei+pl%C3%A2ngeri+penale+depuse+de+USR+pentru+presupus+fals+intelectual+%C3%AEn+Parlament\" title=\"Linkedin\"><\/p>\n<div class=\"td-social-but-text\">Linkedin<\/div>\n<p><\/a><a class=\"td-social-sharing-button td-social-sharing-button-js td-social-network td-social-reddit\" href=\"https:\/\/reddit.com\/submit?url=https:\/\/orasul-timisoara.ro\/local-39940\/&amp;title=%E2%80%9EAmendamentul+Fritz%E2%80%9D%2C+%C3%AEn+centrul+unei+pl%C3%A2ngeri+penale+depuse+de+USR+pentru+presupus+fals+intelectual+%C3%AEn+Parlament\" title=\"ReddIt\"><\/p>\n<div class=\"td-social-but-text\">ReddIt<\/div>\n<p><\/a><a class=\"td-social-sharing-button td-social-sharing-button-js td-social-network td-social-mail\" href=\"mailto:?subject=%E2%80%9EAmendamentul%20Fritz%E2%80%9D,%20%C3%AEn%20centrul%20unei%20pl%C3%A2ngeri%20penale%20depuse%20de%20USR%20pentru%20presupus%20fals%20intelectual%20%C3%AEn%20Parlament&amp;body=https:\/\/orasul-timisoara.ro\/local-39940\/\" title=\"Email\"><\/p>\n<div class=\"td-social-but-text\">Email<\/div>\n<p><\/a><a class=\"td-social-sharing-button td-social-sharing-button-js td-social-network td-social-print\" href=\"https:\/\/orasul-timisoara.ro\/local-39940\/\" title=\"Imprimare\"><\/p>\n<div class=\"td-social-but-text\">Imprimare<\/div>\n<p><\/a><\/div>\n<\/div>\n<\/div>\n<div class=\"td-block-row td-post-next-prev\">\n<div class=\"td-block-span6 td-post-prev-post\">\n<div class=\"td-post-next-prev-content\"><span>Articolul precedent<\/span><a href=\"https:\/\/orasul-timisoara.ro\/local-39936\/\">Canicula revine \u00een for\u021b\u0103: temperaturi de p\u00e2n\u0103 la 40\u00b0C \u0219i nop\u021bi tropicale \u00een Rom\u00e2nia<\/a><\/div>\n<\/div>\n<div class=\"td-block-span6 td-post-next-post\">\n<div class=\"td-post-next-prev-content\"><span>Articolul urm\u0103tor<\/span><a href=\"https:\/\/orasul-timisoara.ro\/local-39943\/\">Opt proiecte importante pe masa Consiliului Local Timi\u0219oara \u00een \u0219edin\u021ba extraordinar\u0103 din 4 august<\/a><\/div>\n<\/div>\n<\/div>\n<div class=\"td-author-name vcard author\"><span class=\"fn\"><a href=\"https:\/\/orasul-timisoara.ro\/author\/timisoara\/\">redactia<\/a><\/span><\/div>\n<p><span class=\"td-page-meta\"><\/span><span class=\"td-page-meta\"><span class=\"td-page-meta\"><\/span><\/span><span class=\"td-page-meta\"><\/span><\/footer>\n<div class=\"td_block_wrap td_block_related_posts tdi_3 td_with_ajax_pagination td-pb-border-top td_block_template_8\" data-td-block-uid=\"tdi_3\">\n<h4 class=\"td-related-title td-block-title\"><a id=\"tdi_4\" class=\"td-related-left td-cur-simple-item\" data-td_filter_value data-td_block_id=\"tdi_3\" href=\"https:\/\/orasul-timisoara.ro\/local-39940\/\">ARTICOLE SIMILARE<\/a><a id=\"tdi_5\" class=\"td-related-right\" data-td_filter_value=\"td_related_more_from_author\" data-td_block_id=\"tdi_3\" href=\"https:\/\/orasul-timisoara.ro\/local-39940\/\">DE LA ACELA\u0218I AUTOR<\/a><\/h4>\n<div id=\"tdi_3\" class=\"td_block_inner\">\n<div class=\"td-related-row\">\n<div class=\"td-related-span4\">\n<div class=\"td_module_related_posts td-animation-stack td_mod_related_posts\">\n<div class=\"td-module-image\">\n<div class=\"td-module-thumb\"><a href=\"https:\/\/orasul-timisoara.ro\/local-39934\/\" rel=\"bookmark\" class=\"td-image-wrap \" title=\"Legea pentru ieftinirea motorinei a trecut de Parlament. Ce se schimb\u0103 la pomp\u0103\"><img loading=\"lazy\" decoding=\"async\" class=\"entry-thumb\" src=\"https:\/\/orasul-timisoara.ro\/wp-content\/uploads\/2026\/03\/statie-carburanti-pompa-436x300.jpg\" alt title=\"Legea pentru ieftinirea motorinei a trecut de Parlament. Ce se schimb\u0103 la pomp\u0103\" width=\"218\" height=\"150\"><\/a><\/div>\n<\/div>\n<div class=\"item-details\">\n<h3 class=\"entry-title td-module-title\"><a href=\"https:\/\/orasul-timisoara.ro\/local-39934\/\" rel=\"bookmark\" title=\"Legea pentru ieftinirea motorinei a trecut de Parlament. Ce se schimb\u0103 la pomp\u0103\">Legea pentru ieftinirea motorinei a trecut de Parlament. Ce se schimb\u0103 la pomp\u0103<\/a><\/h3>\n<\/div>\n<\/div>\n<\/div>\n<div class=\"td-related-span4\">\n<div class=\"td_module_related_posts td-animation-stack td_mod_related_posts\">\n<div class=\"td-module-image\">\n<div class=\"td-module-thumb\"><a href=\"https:\/\/orasul-timisoara.ro\/local-39236\/\" rel=\"bookmark\" class=\"td-image-wrap \" title=\"Dominic Fritz pierde definitiv procesul cu ANI. Ce spun judec\u0103torii despre mandatul de primar\"><img loading=\"lazy\" decoding=\"async\" class=\"entry-thumb\" src=\"https:\/\/orasul-timisoara.ro\/wp-content\/uploads\/2026\/04\/dominic-fritz-007-436x300.jpg\" alt title=\"Dominic Fritz pierde definitiv procesul cu ANI. Ce spun judec\u0103torii despre mandatul de primar\" width=\"218\" height=\"150\"><\/a><\/div>\n<\/div>\n<div class=\"item-details\">\n<h3 class=\"entry-title td-module-title\"><a href=\"https:\/\/orasul-timisoara.ro\/local-39236\/\" rel=\"bookmark\" title=\"Dominic Fritz pierde definitiv procesul cu ANI. Ce spun judec\u0103torii despre mandatul de primar\">Dominic Fritz pierde definitiv procesul cu ANI. Ce spun judec\u0103torii despre mandatul de primar<\/a><\/h3>\n<\/div>\n<\/div>\n<\/div>\n<div class=\"td-related-span4\">\n<div class=\"td_module_related_posts td-animation-stack td_mod_related_posts\">\n<div class=\"td-module-image\">\n<div class=\"td-module-thumb\"><a href=\"https:\/\/orasul-timisoara.ro\/local-36829\/\" rel=\"bookmark\" class=\"td-image-wrap \" title=\"Curtea de Apel Timi\u0219oara respinge contesta\u021bia lui Dominic Fritz \u00een dosarul ANI. Primarul. \u00een pericol de a-\u0219i pierde mandatul, anun\u021b\u0103 recurs\"><img loading=\"lazy\" decoding=\"async\" class=\"entry-thumb\" src=\"https:\/\/orasul-timisoara.ro\/wp-content\/uploads\/2026\/02\/dominic-fritz-05-1-436x300.jpg\" alt title=\"Curtea de Apel Timi\u0219oara respinge contesta\u021bia lui Dominic Fritz \u00een dosarul ANI. Primarul. \u00een pericol de a-\u0219i pierde mandatul, anun\u021b\u0103 recurs\" width=\"218\" height=\"150\"><\/a><\/div>\n<\/div>\n<div class=\"item-details\">\n<h3 class=\"entry-title td-module-title\"><a href=\"https:\/\/orasul-timisoara.ro\/local-36829\/\" rel=\"bookmark\" title=\"Curtea de Apel Timi\u0219oara respinge contesta\u021bia lui Dominic Fritz \u00een dosarul ANI. Primarul. \u00een pericol de a-\u0219i pierde mandatul, anun\u021b\u0103 recurs\">Curtea de Apel Timi\u0219oara respinge contesta\u021bia lui Dominic Fritz \u00een dosarul ANI. Primarul. \u00een pericol de a-\u0219i pierde mandatul, anun\u021b\u0103 recurs<\/a><\/h3>\n<\/div>\n<\/div>\n<\/div>\n<\/div>\n<\/div>\n<\/div>\n<div class=\"comments\" id=\"comments\">\n<div id=\"respond\" class=\"comment-respond\">\n<h3 id=\"reply-title\" class=\"comment-reply-title\">L\u0102SA\u021aI UN MESAJ<\/h3>\n<div class=\"comment-form-input-wrap td-form-comment\">\n<div class=\"td-warning-comment\">V\u0103 rug\u0103m s\u0103 introduce\u021bi comentariul dvs.!<\/div>\n<\/div>\n<div class=\"comment-form-input-wrap td-form-author\">\n<div class=\"td-warning-author\">Introduce\u021bi aici numele dvs.<\/div>\n<\/div>\n<div class=\"comment-form-input-wrap td-form-email\">\n<div class=\"td-warning-email-error\">A\u021bi introdus o adres\u0103 de e-mail incorect\u0103!<\/div>\n<div class=\"td-warning-email\">V\u0103 rug\u0103m s\u0103 introduce\u021bi adresa dvs. de e-mail aici<\/div>\n<\/div>\n<\/div>\n<p class=\"akismet_comment_form_privacy_notice\">Acest site folose\u0219te Akismet pentru a reduce spamul. <a href=\"https:\/\/akismet.com\/privacy\/\" target=\"_blank\" rel=\"nofollow noopener\">Afl\u0103 cum sunt procesate datele comentariilor tale<\/a>.<\/p>\n<\/div>\n<\/div>\n<\/div>\n<div class=\"td-pb-span4 td-main-sidebar\" role=\"complementary\">\n<div class=\"td-ss-main-sidebar\">\n<aside id=\"block-4\" class=\"td_block_template_8 widget block-4 widget_block widget_media_image\">\n<figure class=\"wp-block-image size-full\"><img loading=\"lazy\" decoding=\"async\" width=\"336\" height=\"280\" src=\"https:\/\/orasul-timisoara.ro\/wp-content\/uploads\/2024\/11\/ReTIM-Abonamentul-Verde-Google-Ads-336x280px.gif\" alt class=\"wp-image-29257\"><\/figure>\n<\/aside>\n<div class=\"td_block_wrap td_block_social_counter td_block_widget tdi_6 td-social-style5 td-social-boxed td-pb-border-top td_block_template_8\">\n<div class=\"td-block-title-wrap\">\n<h4 class=\"td-block-title\"><span>Urm\u0103re\u0219te-ne pe Social Media<\/span><\/h4>\n<\/div>\n<div class=\"td-social-list\">\n<div class=\"td_social_type td-pb-margin-side td_social_facebook\">\n<div class=\"td-social-box\"><span class=\"td_social_info td_social_info_counter\">344,595<\/span><span class=\"td_social_info td_social_info_name\">Fani<\/span><span class=\"td_social_button\"><a href=\"https:\/\/www.facebook.com\/247timisoara\" target=\"_blank\" rel=\"nofollow\">\u00cemi place<\/a><\/span><\/div>\n<\/div>\n<div class=\"td_social_type td-pb-margin-side td_social_instagram\">\n<div class=\"td-social-box\"><span class=\"td_social_info td_social_info_counter\">4,416<\/span><span class=\"td_social_info td_social_info_name\">Cititori<\/span><span class=\"td_social_button\"><a href=\"https:\/\/instagram.com\/orasultimisoararo\/\" target=\"_blank\" rel=\"nofollow\">Conecta\u021bi-v\u0103<\/a><\/span><\/div>\n<\/div>\n<div class=\"td_social_type td-pb-margin-side td_social_rss\">\n<div class=\"td-social-box\"><span class=\"td_social_info td_social_info_counter\">12,506<\/span><span class=\"td_social_info td_social_info_name\">Cititori<\/span><span class=\"td_social_button\"><a href=\"https:\/\/orasul-timisoara.ro\/feed\/\" target=\"_blank\" rel=\"nofollow\">Conecta\u021bi-v\u0103<\/a><\/span><\/div>\n<\/div>\n<div class=\"td_social_type td-pb-margin-side td_social_tiktok\">\n<div class=\"td-social-box\"><span class=\"td_social_info td_social_info_counter\">1,500<\/span><span class=\"td_social_info td_social_info_name\">Cititori<\/span><span class=\"td_social_button\"><a href=\"https:\/\/www.tiktok.com\/@orasultimisoara\" target=\"_blank\" rel=\"nofollow\">Conecta\u021bi-v\u0103<\/a><\/span><\/div>\n<\/div>\n<div class=\"td_social_type td-pb-margin-side td_social_twitter\">\n<div class=\"td-social-box\"><span class=\"td_social_info td_social_info_counter\">1,595<\/span><span class=\"td_social_info td_social_info_name\">Cititori<\/span><span class=\"td_social_button\"><a href=\"https:\/\/twitter.com\/orasultm\" target=\"_blank\" rel=\"nofollow\">Conecta\u021bi-v\u0103<\/a><\/span><\/div>\n<\/div>\n<div class=\"td_social_type td-pb-margin-side td_social_youtube\">\n<div class=\"td-social-box\"><span class=\"td_social_info td_social_info_counter\">3,506<\/span><span class=\"td_social_info td_social_info_name\">Abona\u021bi<\/span><span class=\"td_social_button\"><a href=\"https:\/\/www.youtube.com\/channel\/UCQNsQvs2XCSIm1Z-AHRturw?sub_confirmation=1\" target=\"_blank\" rel=\"nofollow\">Abona\u021bi-v\u0103<\/a><\/span><\/div>\n<\/div>\n<\/div>\n<\/div>\n<aside id=\"text-7\" class=\"td_block_template_8 widget text-7 widget_text\">\n<h4 class=\"td-block-title\"><span>C\u0103ut\u0103ri populare pe OTM<\/span><\/h4>\n<div class=\"textwidget\"><a href=\"https:\/\/orasul-timisoara.ro\/?s=timisoara\"><span>Timisoara<\/span><\/a><a href=\"https:\/\/orasul-timisoara.ro\/?s=calin+dobra\"><span>Calin Dobra<\/span><\/a><a href=\"https:\/\/orasul-timisoara.ro\/?s=primaria+timisoara\"><span>Primaria Timisoara<\/span><\/a><a href=\"https:\/\/orasul-timisoara.ro\/?s=dominic+fritz\"><span>Dominic Fritz<\/span><\/a><a href=\"https:\/\/orasul-timisoara.ro\/?s=nicolae+robu\"><span>Nicolae Robu<\/span><\/a><a href=\"https:\/\/orasul-timisoara.ro\/?s=consiliul+local+timisoara\">Consiliul Local Timisoara<\/a><a href=\"https:\/\/orasul-timisoara.ro\/?s=consiliul+judetean+timis\"><span>Consiliul Judetean Timis<\/span><\/a><a href=\"https:\/\/orasul-timisoara.ro\/?s=cjt\"><span>CJT<\/span><\/a><a href=\"https:\/\/orasul-timisoara.ro\/?s=Alfred+Simonis\"><span>Alfred Simonis<\/span><\/a><a href=\"https:\/\/orasul-timisoara.ro\/?s=PNL\"><span>PNL<\/span><\/a><a href=\"https:\/\/orasul-timisoara.ro\/?s=coronavirus\"><span>coronavirus<\/span><\/a><a href=\"https:\/\/orasul-timisoara.ro\/?s=teatru+timisoara\">teatru Timisoara<\/a><a href=\"https:\/\/orasul-timisoara.ro\/?s=restaurante\"><span>restaurante Timisoara<\/span><\/a><a href=\"https:\/\/orasul-timisoara.ro\/?s=diskoteka\"><span>Diskoteka<\/span><\/a><a href=\"https:\/\/orasul-timisoara.ro\/?s=iulius+town\"><span>Iulius Town<\/span><\/a><a href=\"https:\/\/orasul-timisoara.ro\/?s=iulius+mall\"><span>Iulius Mall<\/span><\/a><a href=\"https:\/\/orasul-timisoara.ro\/?s=stpt\"><span>STPT<\/span><\/a><a href=\"https:\/\/orasul-timisoara.ro\/?s=alin+nica\"><span>Alin Nica<\/span><\/a><a href=\"https:\/\/orasul-timisoara.ro\/?s=psd\"><span>PSD<\/span><\/a><a href=\"https:\/\/orasul-timisoara.ro\/?s=aeroport\"><span>Aeroportul International Timisoara<\/span><\/a><a href=\"https:\/\/orasul-timisoara.ro\/?s=babes\"><span>Spitalul Victor Babes Timisoara<\/span><\/a><a href=\"https:\/\/orasul-timisoara.ro\/?s=poli\"><span>Poli Timi\u0219oara<\/span><\/a><a href=\"https:\/\/orasul-timisoara.ro\/?s=carantina\"><span>carantina<\/span><\/a><a href=\"https:\/\/orasul-timisoara.ro\/?s=aquatim\"><span>Aquatim<\/span><\/a><a href=\"https:\/\/orasul-timisoara.ro\/local-category\/stiri-timisoara\/\"><span>Stiri Timisoara<\/span><\/a><a href=\"https:\/\/orasul-timisoara.ro\/local-category\/investitii-in-timisoara\/\"><span>Investi\u021bii in Timi\u0219oara<\/span><\/a><a href=\"https:\/\/orasul-timisoara.ro\/local-9463\/\"><span>shaorma<\/span><\/a><a href=\"https:\/\/orasul-timisoara.ro\/?s=trafic\"><span>trafic rutier<\/span><\/a><a href=\"https:\/\/orasul-timisoara.ro\/?s=politia\"><span>politia locala timisoara<\/span><\/a><a href=\"https:\/\/orasul-timisoara.ro\/?s=roxana\"><span>Roxana Iliescu<\/span><\/a><a href=\"https:\/\/orasul-timisoara.ro\/?s=colterm\"><span>Colterm<\/span><\/a><a href=\"https:\/\/orasul-timisoara.ro\/?s=latcau\"><span>Ruben La\u021bc\u0103u<\/span><\/a><a href=\"https:\/\/orasul-timisoara.ro\/?s=timis\"><span>\u0218tiri din Timi\u0219<\/span><\/a><a href=\"https:\/\/orasul-timisoara.ro\/?s=spital\"><span>Spitale din Timi\u0219oara<\/span><\/a><a href=\"https:\/\/orasul-timisoara.ro\/?s=tabara\"><span>Cosmin Tab\u0103r\u0103<\/span><\/a><\/div>\n<\/aside>\n<aside id=\"rss-2\" class=\"td_block_template_8 widget rss-2 widget_rss\">\n<h4 class=\"td-block-title\"><span><a class=\"rsswidget rss-widget-feed\" href=\"https:\/\/fashionfridays.ro\/feed\"><img decoding=\"async\" class=\"rss-widget-icon\" width=\"14\" height=\"14\" src=\"https:\/\/orasul-timisoara.ro\/wp-includes\/images\/rss.png\" alt=\"RSS\" loading=\"lazy\"><\/a><a class=\"rsswidget rss-widget-title\" href=\"https:\/\/fashionfridays.ro\/\">Fashion Fridays<\/a><\/span><\/h4>\n<ul>\n<li><a class=\"rsswidget\" href=\"https:\/\/fashionfridays.ro\/romania-devine-a-29-a-piata-vogue-o-noua-era-pentru-industria-locala-de-moda\/\">Rom\u00e2nia devine a 29-a pia\u021b\u0103 Vogue: o nou\u0103 er\u0103 pentru industria local\u0103 de mod\u0103<\/a>\n<div class=\"rssSummary\">Revista Vogue \u00ee\u0219i extinde prezen\u021ba global\u0103 \u0219i va fi lansat\u0103 oficial \u00een Rom\u00e2nia \u00een prim\u0103vara anului 2027, marc\u00e2nd intrarea pe cea de-a 29-a pia\u021b\u0103 interna\u021bional\u0103. Proiectul este realizat \u00een parteneriat cu AEMME Publishing, o companie media recent \u00eenfiin\u021bat\u0103, care va publica edi\u021bia local\u0103 sub licen\u021b\u0103. Noua edi\u021bie, Vogue Rom\u00e2nia, \u00ee\u0219i propune s\u0103 combine autoritatea global\u0103 [\u2026]<\/div>\n<\/li>\n<\/ul>\n<\/aside>\n<aside id=\"rss-4\" class=\"td_block_template_8 widget rss-4 widget_rss\">\n<h4 class=\"td-block-title\"><span><a class=\"rsswidget rss-widget-feed\" href=\"https:\/\/emasini.ro\/feed\"><img decoding=\"async\" class=\"rss-widget-icon\" width=\"14\" height=\"14\" src=\"https:\/\/orasul-timisoara.ro\/wp-includes\/images\/rss.png\" alt=\"RSS\" loading=\"lazy\"><\/a><a class=\"rsswidget rss-widget-title\" href=\"https:\/\/emasini.ro\/\">eMasini<\/a><\/span><\/h4>\n<ul>\n<li><a class=\"rsswidget\" href=\"https:\/\/emasini.ro\/bmw-testeaza-noul-i4-convertible-primul-cabrio-electric-accesibil-al-marcii\/\">BMW testeaz\u0103 noul i4 Convertible, primul cabrio electric accesibil al m\u0103rcii<\/a>\n<div class=\"rssSummary\">BMW accelereaz\u0103 dezvoltarea noii genera\u021bii de modele electrice bazate pe platforma Neue Klasse, iar unul dintre cele mai interesante proiecte aflate \u00een teste este viitorul BMW i4 Convertible. Prototipul camuflat a fost surprins pe \u0219osele, confirm\u00e2nd c\u0103 produc\u0103torul german preg\u0103te\u0219te o decapotabil\u0103 electric\u0103 destinat\u0103 unui segment \u00een care oferta este, \u00een prezent, extrem de limitat\u0103. [\u2026]<\/div>\n<\/li>\n<\/ul>\n<\/aside>\n<\/div>\n<\/div>\n<\/div>\n<\/div>\n<\/article>\n<div class=\"td-post-content tagdiv-type\">\n<p class=\"wp-block-paragraph\">Lidera deputa\u021bilor USR, <strong>Diana Stoica<\/strong>, a anun\u021bat depunerea unui denun\u021b penal la <strong>Parchetul de pe l\u00e2ng\u0103 \u00cenalta Curte de Casa\u021bie \u0219i Justi\u021bie<\/strong>, acuz\u00e2nd existen\u021ba unui posibil caz de <strong>fals intelectual<\/strong> \u00een leg\u0103tur\u0103 cu un amendament introdus \u00een raportul Comisiei juridice a Camerei Deputa\u021bilor.<\/p>\n<p class=\"wp-block-paragraph\">Potrivit USR, textul legislativ, denumit \u00een spa\u021biul public <strong>\u201eamendamentul Fritz\u201d<\/strong>, ar fi ap\u0103rut \u00een raportul oficial f\u0103r\u0103 s\u0103 fi fost depus, dezb\u0103tut sau votat \u00een cadrul comisiei.<\/p>\n<h2 class=\"wp-block-heading\">USR sus\u021bine c\u0103 amendamentul nu a fost discutat \u00een Comisia juridic\u0103<\/h2>\n<p class=\"wp-block-paragraph\">Conform comunicatului transmis de USR, amendamentul figureaz\u0103 la pozi\u021bia 193 din raportul Comisiei juridice privind proiectul de lege referitor la integritate (Pl-x nr. 521\/2026), fiind trecut la categoria \u201eamendamente admise\u201d, cu men\u021biunea c\u0103 autorul este Comisia juridic\u0103.<\/p>\n<p class=\"wp-block-paragraph\">Forma\u021biunea sus\u021bine \u00eens\u0103 c\u0103 textul nu s-a reg\u0103sit \u00een documentele de lucru puse la dispozi\u021bia membrilor comisiei \u00een \u0219edin\u021bele din 27 \u0219i 28 iulie, nu a fost discutat \u0219i nici supus votului.<\/p>\n<p class=\"wp-block-paragraph\">\u00cen opinia USR, un amendament poate fi atribuit Comisiei juridice doar dup\u0103 adoptarea acestuia prin vot \u00eentr-o \u0219edin\u021b\u0103 legal constituit\u0103.<\/p>\n<h2 class=\"wp-block-heading\">Diana Stoica: \u201eNu cred \u00een articole care se scriu singure\u201d<\/h2>\n<p class=\"wp-block-paragraph\">Lidera deputa\u021bilor USR afirm\u0103 c\u0103 introducerea unui alineat \u00eentreg \u00eentr-un document oficial nu poate fi calificat\u0103 drept o simpl\u0103 eroare material\u0103.<\/p>\n<p class=\"wp-block-paragraph\">\u201eUn articol a fost introdus pe sub m\u00e2n\u0103, \u00eentr-un document oficial al Camerei Deputa\u021bilor, semnat \u00een numele unei comisii care nu l-a v\u0103zut niciodat\u0103 \u0219i \u00een mod cert nu l-a votat. Am depus pl\u00e2ngere penal\u0103 ca s\u0103 afl\u0103m cine l-a pus acolo. Nu cred \u00een articole care se scriu singure\u201d, a declarat Diana Stoica.<\/p>\n<p class=\"wp-block-paragraph\">Aceasta sus\u021bine c\u0103 amendamentul nu este semnat, nu are autor identificat \u0219i nu exist\u0103 \u00een niciun document anterior public\u0103rii raportului.<\/p>\n<h2 class=\"wp-block-heading\">Ce solicit\u0103 denun\u021bul penal<\/h2>\n<p class=\"wp-block-paragraph\">Prin sesizarea adresat\u0103 Parchetului General, USR solicit\u0103 \u00eenceperea urm\u0103ririi penale <strong>in rem<\/strong> \u0219i conservarea tuturor documentelor care ar putea avea relevan\u021b\u0103 pentru anchet\u0103.<\/p>\n<p class=\"wp-block-paragraph\">Printre probele solicitate se num\u0103r\u0103:<\/p>\n<ul class=\"wp-block-list\">\n<li>raportul oficial \u0219i versiunile anterioare ale acestuia;<\/li>\n<li>registrul amendamentelor;<\/li>\n<li>documentele transmise membrilor Comisiei juridice;<\/li>\n<li>procesele-verbale ale \u0219edin\u021belor;<\/li>\n<li>stenogramele \u0219i \u00eenregistr\u0103rile audio-video;<\/li>\n<li>listele de prezen\u021b\u0103 \u0219i eviden\u021bele voturilor din \u0219edin\u021bele desf\u0103\u0219urate \u00een 27, 28 \u0219i 29 iulie.<\/li>\n<\/ul>\n<h2 class=\"wp-block-heading\">Amendamentul \u00eel vizeaz\u0103 pe Dominic Fritz, sus\u021bine USR<\/h2>\n<p class=\"wp-block-paragraph\">Potrivit USR, amendamentul ar putea avea efecte directe asupra mandatului primarului Timi\u0219oarei, <strong>Dominic Fritz<\/strong>, \u00een contextul unei decizii a Agen\u021biei Na\u021bionale de Integritate privind existen\u021ba unui conflict de interese administrativ.<\/p>\n<p class=\"wp-block-paragraph\">Forma\u021biunea consider\u0103 c\u0103 prevederea este neconstitu\u021bional\u0103, argument\u00e2nd c\u0103 produce efecte asupra unor situa\u021bii juridice din trecut \u0219i introduce sanc\u021biuni cu aplicare retroactiv\u0103.<\/p>\n<h2 class=\"wp-block-heading\">USR \u0219i PNL au redepus proiectul f\u0103r\u0103 amendamentul contestat<\/h2>\n<p class=\"wp-block-paragraph\">\u00cen paralel cu demersul penal, USR a anun\u021bat c\u0103, \u00eempreun\u0103 cu parlamentari ai PNL, a redepus proiectul de lege privind Agen\u021bia Na\u021bional\u0103 de Integritate f\u0103r\u0103 amendamentul contestat.<\/p>\n<p class=\"wp-block-paragraph\">Reprezentan\u021bii forma\u021biunii sus\u021bin c\u0103 legisla\u021bia privind integritatea trebuie adoptat\u0103 f\u0103r\u0103 prevederi care, \u00een opinia lor, ar putea afecta principiile constitu\u021bionale sau ar putea fi interpretate ca av\u00e2nd un caracter politic.<\/p>\n<p class=\"wp-block-paragraph\">P\u00e2n\u0103 \u00een prezent, nu exist\u0103 un punct de vedere oficial al reprezentan\u021bilor Comisiei juridice sau al altor institu\u021bii vizate \u00een leg\u0103tur\u0103 cu acuza\u021biile formulate de USR.<\/p>\n<\/div>\n<p>[analyse_source url=&#8221;https:\/\/orasul-timisoara.ro\/local-39940\/&#8221;]<\/p>\n","protected":false},"excerpt":{"rendered":"<p>[analyse_image type=&#8221;featured&#8221; src=&#8221;https:\/\/orasul-timisoara.ro\/wp-content\/uploads\/2026\/07\/parlament-documente.jpg&#8221;] Politic\u201eAmendamentul Fritz\u201d, \u00een centrul unei pl\u00e2ngeri penale depuse de USR pentru presupus&#8230; Politic \u0218tiri na\u021bionale \u0219i interna\u021bionale \u201eAmendamentul Fritz\u201d, \u00een centrul unei pl\u00e2ngeri penale depuse de USR pentru presupus fals intelectual \u00een Parlament De c\u0103tre redactia &#8211; 31\/07\/2026 Facebook Twitter WhatsApp Linkedin ReddIt Email Imprimare Lidera deputa\u021bilor USR, Diana Stoica, a anun\u021bat [&hellip;]<\/p>\n","protected":false},"author":1,"featured_media":0,"comment_status":"open","ping_status":"","sticky":false,"template":"","format":"standard","meta":{"footnotes":""},"categories":[89],"tags":[226,189],"class_list":["post-2074664","post","type-post","status-publish","format-standard","hentry","category-romania","tag-crawlmanager","tag-orasul-timisoara-ro"],"_links":{"self":[{"href":"https:\/\/analyse.optim.biz\/index.php?rest_route=\/wp\/v2\/posts\/2074664","targetHints":{"allow":["GET"]}}],"collection":[{"href":"https:\/\/analyse.optim.biz\/index.php?rest_route=\/wp\/v2\/posts"}],"about":[{"href":"https:\/\/analyse.optim.biz\/index.php?rest_route=\/wp\/v2\/types\/post"}],"author":[{"embeddable":true,"href":"https:\/\/analyse.optim.biz\/index.php?rest_route=\/wp\/v2\/users\/1"}],"replies":[{"embeddable":true,"href":"https:\/\/analyse.optim.biz\/index.php?rest_route=%2Fwp%2Fv2%2Fcomments&post=2074664"}],"version-history":[{"count":0,"href":"https:\/\/analyse.optim.biz\/index.php?rest_route=\/wp\/v2\/posts\/2074664\/revisions"}],"wp:attachment":[{"href":"https:\/\/analyse.optim.biz\/index.php?rest_route=%2Fwp%2Fv2%2Fmedia&parent=2074664"}],"wp:term":[{"taxonomy":"category","embeddable":true,"href":"https:\/\/analyse.optim.biz\/index.php?rest_route=%2Fwp%2Fv2%2Fcategories&post=2074664"},{"taxonomy":"post_tag","embeddable":true,"href":"https:\/\/analyse.optim.biz\/index.php?rest_route=%2Fwp%2Fv2%2Ftags&post=2074664"}],"curies":[{"name":"wp","href":"https:\/\/api.w.org\/{rel}","templated":true}]}}