{"id":2074645,"date":"2026-08-03T08:00:21","date_gmt":"2026-08-03T05:00:21","guid":{"rendered":"https:\/\/analyse.optim.biz\/?p=2074645"},"modified":"2026-08-03T08:00:21","modified_gmt":"2026-08-03T05:00:21","slug":"sursa-crizei-energetice-ministrul-radu-miruta-romania-a-inchis-capacitati-de-productie-pe-carbune-fara-sa-puna-nimic-in-loc-nu-te-poti-ascunde-in-spatele-secetei","status":"publish","type":"post","link":"https:\/\/analyse.optim.biz\/?p=2074645","title":{"rendered":"Sursa crizei energetice. Ministrul Radu Miru\u021b\u0103: Rom\u00e2nia a \u00eenchis capacit\u0103\u021bi de produc\u021bie pe carbune f\u0103r\u0103 s\u0103 pun\u0103 nimic \u00een loc. Nu te po\u021bi ascunde \u00een spatele secetei"},"content":{"rendered":"<p>[analyse_image type=&#8221;featured&#8221; src=&#8221;https:\/\/r3media.ro\/wp-content\/uploads\/2026\/08\/criza-energetica-romania-sursa-scaled-e1785744013236.jpghttps:\/\/r3media.ro\/wp-content\/uploads\/2026\/08\/criza-energetica-romania-sursa-scaled-e1785744013236.jpg&#8221;]<\/p>\n<article id=\"template-id-109\" class=\"post-109 tdb_templates type-tdb_templates status-publish post\">\n<div id=\"tdi_2\" class=\"tdc-zone\">\n<div class=\"tdc_zone tdi_3  wpb_row td-pb-row\">\n<div id=\"tdi_4\" class=\"tdc-row\">\n<div class=\"vc_row tdi_5  wpb_row td-pb-row\">\n<div class=\"vc_column tdi_7  wpb_column vc_column_container tdc-column td-pb-span8\">\n<div class=\"wpb_wrapper\">\n<div class=\"td_block_wrap tdb_breadcrumbs tdi_8 td-pb-border-top td_block_template_1 tdb-breadcrumbs \" data-td-block-uid=\"tdi_8\">\n<div class=\"tdb-block-inner td-fix-index\"><span><a title=\"Vede\u021bi toate articolele \u00een FEATURED\" class=\"tdb-entry-crumb\" href=\"https:\/\/r3media.ro\/category\/featured\/\">FEATURED<\/a><\/span><span class=\"tdb-bred-no-url-last\">Sursa crizei energetice. Ministrul Radu Miru\u021b\u0103: Rom\u00e2nia a \u00eenchis capacit\u0103\u021bi de produc\u021bie&#8230;<\/span><\/div>\n<\/div>\n<div class=\"td_block_wrap tdb_single_categories tdi_9 td-pb-border-top td_block_template_1 \" data-td-block-uid=\"tdi_9\">\n<div class=\"tdb-category td-fix-index\"><a class=\"tdb-entry-category\" href=\"https:\/\/r3media.ro\/category\/featured\/\">FEATURED<\/a><a class=\"tdb-entry-category\" href=\"https:\/\/r3media.ro\/category\/stiri\/\">\u0218TIRI<\/a><\/div>\n<\/div>\n<div class=\"td_block_wrap tdb_title tdi_10 tdb-single-title td-pb-border-top td_block_template_1\" data-td-block-uid=\"tdi_10\">\n<div class=\"tdb-block-inner td-fix-index\">\n<h1 class=\"tdb-title-text\">Sursa crizei energetice. Ministrul Radu Miru\u021b\u0103: Rom\u00e2nia a \u00eenchis capacit\u0103\u021bi de produc\u021bie pe carbune f\u0103r\u0103 s\u0103 pun\u0103 nimic \u00een loc. Nu te po\u021bi ascunde \u00een spatele secetei<\/h1>\n<\/div>\n<\/div>\n<div class=\"vc_row_inner tdi_12  vc_row vc_inner wpb_row td-pb-row\">\n<div class=\"vc_column_inner tdi_14  wpb_column vc_column_container tdc-inner-column td-pb-span12\">\n<div class=\"vc_column-inner\">\n<div class=\"wpb_wrapper\">\n<div class=\"td_block_wrap tdb_single_author tdi_15 td-pb-border-top td_block_template_1 tdb-post-meta\" data-td-block-uid=\"tdi_15\">\n<div class=\"tdb-block-inner td-fix-index\">\n<div class=\"tdb-author-name-wrap\"><a class=\"tdb-author-name\" href=\"https:\/\/r3media.ro\/author\/radu_ursan\/\">Radu Ursan<\/a><\/div>\n<\/div>\n<\/div>\n<div class=\"td_block_wrap tdb_single_date tdi_16 td-pb-border-top td_block_template_1 tdb-post-meta\" data-td-block-uid=\"tdi_16\">\n<div class=\"tdb-block-inner td-fix-index\"><time class=\"entry-date updated td-module-date\" datetime=\"2026-08-03T11:00:21+03:00\">03\/08\/2026<\/time><\/div>\n<\/div>\n<\/div>\n<\/div>\n<\/div>\n<\/div>\n<div class=\"td_block_wrap tdb_single_featured_image tdi_17 tdb-content-horiz-left td-pb-border-top td_block_template_1\" data-td-block-uid=\"tdi_17\">\n<div class=\"tdb-block-inner td-fix-index\">\n<figure><figcaption class=\"tdb-caption-text\">Sursa foto: rawpixel.com &#8211; Magnific.com<\/figcaption><\/figure>\n<\/div>\n<\/div>\n<div class=\"td_block_wrap tdb_single_content tdi_18 td-pb-border-top td_block_template_1 td-post-content tagdiv-type\" data-td-block-uid=\"tdi_18\">\n<div class=\"tdb-block-inner td-fix-index\">\n<p><strong>Ministrul Ap\u0103r\u0103rii (interimar), Radu Miru\u021b\u0103, a recunoscut c\u0103 sursa crizei energetice este faptul c\u0103 \u201eRom\u00e2nia a \u00eenchis capacit\u0103\u021bi de produc\u021bie f\u0103r\u0103 s\u0103 pun\u0103 nimic \u00een loc\u201d.<\/strong><\/p>\n<p>Radu Miru\u021b\u0103 (USR) a declarat c\u0103 aceast\u0103 criz\u0103 energetic\u0103 a ap\u0103rut ca urmare a \u00eenchiderii capacit\u0103\u021bilor de produc\u021bie pe c\u0103rbune, f\u0103r\u0103 a fi pus nimic \u00een loc.<\/p>\n<p>\u201eEste o situa\u021bie complicat\u0103, dar care nu a ap\u0103rut din senin. Este consecin\u021ba unei gestion\u0103ri proaste a echilibrului dintre produc\u021bia \u0219i consumul de energie electric\u0103. Rom\u00e2nia a \u00eenchis, ani la r\u00e2nd, capacit\u0103\u021bi de produc\u021bie f\u0103r\u0103 s\u0103 pun\u0103 altceva \u00een loc.<\/p>\n<p>Nimeni, nici Comisia European\u0103 \u0219i nici PNRR, nu a obligat Rom\u00e2nia s\u0103 \u00eenchid\u0103 centrale pe c\u0103rbune \u00eenainte de a avea surse alternative func\u021bionale\u201d, a declarat Radu Miru\u021b\u0103, potrivit <a href=\"https:\/\/www.euronews.ro\/articole\/radu-miruta-spune-ca-criza-energetica-nu-este-doar-efectul-secetei-romania-a-inch\" target=\"_blank\" rel=\"noopener\">Euronews.<\/a><\/p>\n<p>Radu Miru\u021b\u0103 consider\u0103 c\u0103 PSD este vinovat pentru aceast\u0103 criz\u0103.<\/p>\n<p>\u201eNu te po\u021bi ascunde \u00een spatele secetei atunci c\u00e2nd ani de zile \u021bi-ai b\u0103tut joc de sistemul energetic na\u021bional. Rom\u00e2nia a \u00eenchis \u00eentr-un ritm nebunesc capacit\u0103\u021bi de produc\u021bie \u0219i, \u00een locul lor, a prezentat doar promisiuni \u0219i proiecte care nu s-au materializat\u201d, a mai afirmat Miru\u021b\u0103.<\/p>\n<h2><strong>Cine au fost mini\u0219trii energiei din 2019 \u00eencoace?<\/strong><\/h2>\n<p>PNL a condus Energia din 2019 \u0219i p\u00e2n\u0103 \u00een iunie 2025, de-atunci fiind la PSD.<\/p>\n<p>Virgil-Daniel Popescu (PNL) \u2014 a coordonat domeniul energetic din noiembrie 2019 p\u00e2n\u0103 \u00een iunie 2023, \u00een dou\u0103 mandate consecutive.<\/p>\n<p>Ini\u021bial a fost ministru al Economiei, Energiei \u0219i Mediului de Afaceri (\u00een guvernele Orban \u0219i C\u00ee\u021bu), portofoliul energiei fiind atunci combinat cu economia. Ministerul Energiei separat a fost \u00eenfiin\u021bat \u00een noiembrie 2021, odat\u0103 cu Guvernul Ciuc\u0103, iar Virgil Popescu a r\u0103mas la conducerea lui.<\/p>\n<p>A de\u021binut portofoliul \u00een dou\u0103 mandate consecutive.<\/p>\n<p>Sebastian-Ioan Burduja (PNL) \u2014 ministru al Energiei \u00een perioada 5 iunie 2023 \u2013 23 iunie 2025, \u00een Guvernul Ciolacu. A preluat mandatul de la Virgil Popescu.<\/p>\n<p>Bogdan-Gruia Ivan (PSD) \u2014 ministru al Energiei din 23 iunie 2025 p\u00e2n\u0103 \u00een prezent, \u00een Guvernul Bolojan.<\/p>\n<p>Este primul ministru al Energiei din partea PSD dup\u0103 2016; anterior fusese ministru al Cercet\u0103rii \u0219i apoi al Economiei.<\/p>\n<h2><strong>Criza energetic\u0103<\/strong><\/h2>\n<p>Reamintim c\u0103 premierul interimar Ilie Bolojan a declarat<a href=\"https:\/\/r3media.ro\/romania-importa-energie-ucraina-ilie-bolojan-stare-de-alerta\/\" target=\"_blank\" rel=\"noopener\"> stare de alert\u0103 la nivel na\u021bional<\/a> \u00een domeniul energetic.<\/p>\n<p>Acesta a dat vina pe secet\u0103 \u0219i pe reducerea cotelor Dun\u0103rii, care au dus la \u00eenchiderea temporar\u0103 a unor capacit\u0103\u021bi de la Centrala de la Cernavod\u0103.<\/p>\n<p>Bolojan a f\u0103cut apel la ra\u021bionalizarea energiei de c\u0103tre popula\u021bie \u0219i companii.<\/p>\n<p>Municipiul <a href=\"https:\/\/r3media.ro\/iasi-stinge-lumina-oras-iluminat-public-noaptea-economie-curent-electric\/\" target=\"_blank\" rel=\"noopener\">Ia\u0219i a oprit iluminatul public<\/a> \u00een timpul nop\u021bii pentru a face economie.<\/p>\n<div class=\"crp_related     crp-masonry\">\n<h2>\u00ceN CONTEXT<\/h2>\n<ul>\n<li><a href=\"https:\/\/r3media.ro\/de-ce-sunt-facturile-mari-la-energie-pe-intelesul-tuturor-pregatiti-va-sa-ramaneti-fara-casa-si-masina\/\" class=\"crp_link post-37666\"><span class=\"crp_title\">De ce sunt facturile mari la energie, pe \u00een\u021belesul tuturor. Preg\u0103ti\u021bi-v\u0103 s\u0103 r\u0103m\u00e2ne\u021bi f\u0103r\u0103\u2026<\/span><\/a><\/li>\n<li><a href=\"https:\/\/r3media.ro\/germania-un-parc-de-eoliene-este-demontat-pentru-a-permite-extinderea-unei-mine-de-carbune-in-acelasi-timp-romania-si-a-asumat-decarbonizarea\/\" class=\"crp_link post-57903\"><span class=\"crp_title\">Germania | Un parc de eoliene este demontat, pentru a permite EXTINDEREA unei mine de\u2026<\/span><\/a><\/li>\n<li><a href=\"https:\/\/r3media.ro\/pah-explica-de-ce-romania-importa-energie-statul-nu-porneste-capacitatile-pe-hidro-carbune-si-nuclear-nici-la-80-lasa-privatii-care-controleaza-fotovoltaicele-si-eolienele-sa-faca-jocurile-in-piata\/\" class=\"crp_link post-98625\"><span class=\"crp_title\">PAH explic\u0103 de ce Rom\u00e2nia import\u0103 energie: Statul nu porne\u0219te capacit\u0103\u021bile pe hidro, c\u0103rbune\u2026<\/span><\/a><\/li>\n<li><a href=\"https:\/\/r3media.ro\/fara-tine-in-google-r3media-dispare-iata-ce-poti-face-in-10-secunde\/\" class=\"crp_link post-119031\"><span class=\"crp_title\">F\u0103r\u0103 tine \u00een Google, R3media dispare. Iat\u0103 ce po\u021bi face \u00een 10 secunde<\/span><\/a><\/li>\n<li><a href=\"https:\/\/r3media.ro\/video-george-simion-spune-ca-guvernul-si-a-asumat-ca-inchide-minele-si-termocentralele-desi-nu-era-obligat-este-un-atac-la-siguranta-nationala-daca-nu-vom-avea-energie-nu-vom-mai-putea-reindustr\/\" class=\"crp_link post-58851\"><span class=\"crp_title\">VIDEO | George Simion spune c\u0103 Guvernul \u0219i-a asumat c\u0103 \u00eenchide minele \u0219i termocentralele,\u2026<\/span><\/a><\/li>\n<li><a href=\"https:\/\/r3media.ro\/directorul-romarm-critica-ministrul-apararii-radu-miruta\/\" class=\"crp_link post-117008\"><span class=\"crp_title\">Directorul Romarm \u00eel critic\u0103 pe Ministrul Ap\u0103r\u0103rii, Radu Miru\u021b\u0103: S\u0103 evite derapajele \u0219i\u2026<\/span><\/a><\/li>\n<li><a href=\"https:\/\/r3media.ro\/ministrul-apararii-usr-radu-miruta-scutul-deveselu-conceput-rusia-valentin-stan-tampit-romania-pericol-miscare-americana\/\" class=\"crp_link post-115741\"><span class=\"crp_title\">VIDEO | Ministrul Ap\u0103r\u0103rii, Radu Miru\u021b\u0103, spune c\u0103 scutul de la Deveselu a fost proiectat\u2026<\/span><\/a><\/li>\n<li><a href=\"https:\/\/r3media.ro\/ni-se-spune-ca-epoca-energiei-ieftine-pentru-romani-s-a-incheiat-dar-se-ocoleste-cu-grija-motivul-de-ce\/\" class=\"crp_link post-113596\"><span class=\"crp_title\">Ni se spune c\u0103 \u201eEpoca energiei ieftine pentru rom\u00e2ni s-a \u00eencheiat!\u201d dar se ocole\u0219te cu grij\u0103\u2026<\/span><\/a><\/li>\n<\/ul>\n<\/div>\n<\/div>\n<\/div>\n<div class=\"td_block_wrap tdb_single_tags tdi_19 td-pb-border-top td_block_template_1\" data-td-block-uid=\"tdi_19\">\n<div class=\"tdb-block-inner td-fix-index\">\n<ul class=\"tdb-tags\">\n<li><span>SUBIECTE FIERBIN\u021aI<\/span><\/li>\n<li><a href=\"https:\/\/r3media.ro\/tag\/criza-energetica\/\">criza energetica<\/a><\/li>\n<li><a href=\"https:\/\/r3media.ro\/tag\/energie-romania\/\">energie romania<\/a><\/li>\n<li><a href=\"https:\/\/r3media.ro\/tag\/guvernul-bolojan\/\">guvernul bolojan<\/a><\/li>\n<li><a href=\"https:\/\/r3media.ro\/tag\/radu-miruta\/\">radu miruta<\/a><\/li>\n<\/ul>\n<\/div>\n<\/div>\n<div class=\"td_block_wrap td_block_9 tdi_20 td_with_ajax_pagination td-pb-border-top td_block_template_1 td-column-2 td_block_padding td_block_bot_line\" data-td-block-uid=\"tdi_20\">\n<div class=\"td-block-title-wrap\">\n<h4 class=\"block-title td-block-title\"><span class=\"td-pulldown-size\">CITE\u0218TE MAI MULT<\/span><\/h4>\n<\/div>\n<div id=\"tdi_20\" class=\"td_block_inner\">\n<div class=\"td-block-row\">\n<div class=\"td-block-span6\">\n<div class=\"td_module_8 td_module_wrap\">\n<div class=\"item-details\">\n<h3 class=\"entry-title td-module-title\"><a href=\"https:\/\/r3media.ro\/dragostea-care-transcende-epoci-descult-in-parc-1967\/\" rel=\"bookmark\" title=\"Dragostea care transcende epoci \u2014 Descul\u021b \u00een parc (1967)\">Dragostea care transcende epoci \u2014 Descul\u021b \u00een parc (1967)<\/a><\/h3>\n<div class=\"td-module-meta-info\"><a href=\"https:\/\/r3media.ro\/category\/opinii\/\" class=\"td-post-category\">OPINII<\/a><span class=\"td-post-author-name\"><a href=\"https:\/\/r3media.ro\/author\/costi_balasoiu\/\">Constantin B\u0103l\u0103\u0219oiu<\/a><span>&#8211;<\/span><\/span><span class=\"td-post-date\"><time class=\"entry-date updated td-module-date\" datetime=\"2026-08-01T13:45:14+03:00\">01\/08\/2026<\/time><\/span><\/div>\n<\/div>\n<\/div>\n<\/div>\n<div class=\"td-block-span6\">\n<div class=\"td_module_8 td_module_wrap\">\n<div class=\"item-details\">\n<h3 class=\"entry-title td-module-title\"><a href=\"https:\/\/r3media.ro\/masina-electrica-foc-turcia-incarcat-vehicul-explozie-pompieri-stingere-incendiu-video\/\" rel=\"bookmark\" title=\"VIDEO | O ma\u0219in\u0103 electric\u0103 a luat foc \u00een timp ce se afla la \u00eenc\u0103rcat. Vehiculul a explodat chiar c\u00e2nd pompierii \u00eencercau s\u0103 sting\u0103 incendiul folosind o p\u0103tur\u0103 ignifug\u0103\">VIDEO | O ma\u0219in\u0103 electric\u0103 a luat foc \u00een timp ce se afla la&#8230;<\/a><\/h3>\n<div class=\"td-module-meta-info\"><a href=\"https:\/\/r3media.ro\/category\/actualitate\/\" class=\"td-post-category\">ACTUALITATE<\/a><span class=\"td-post-author-name\"><a href=\"https:\/\/r3media.ro\/author\/oana\/\">Oana Ivan<\/a><span>&#8211;<\/span><\/span><span class=\"td-post-date\"><time class=\"entry-date updated td-module-date\" datetime=\"2026-07-31T13:33:48+03:00\">31\/07\/2026<\/time><\/span><\/div>\n<\/div>\n<\/div>\n<\/div>\n<\/div>\n<div class=\"td-block-row\">\n<div class=\"td-block-span6\">\n<div class=\"td_module_8 td_module_wrap\">\n<div class=\"item-details\">\n<h3 class=\"entry-title td-module-title\"><a href=\"https:\/\/r3media.ro\/spania-asediu-migranti-exclava-ceuta-africa-madrid-trupe-securitate-video\/\" rel=\"bookmark\" title=\"VIDEO | Spania se afl\u0103 sub asediu: Mii de migran\u021bi au luat cu asalt exclava Ceuta din Africa. Madridul a trimis trupe pentru a consolida securitatea\">VIDEO | Spania se afl\u0103 sub asediu: Mii de migran\u021bi au luat cu asalt&#8230;<\/a><\/h3>\n<div class=\"td-module-meta-info\"><a href=\"https:\/\/r3media.ro\/category\/actualitate\/\" class=\"td-post-category\">ACTUALITATE<\/a><span class=\"td-post-author-name\"><a href=\"https:\/\/r3media.ro\/author\/oana\/\">Oana Ivan<\/a><span>&#8211;<\/span><\/span><span class=\"td-post-date\"><time class=\"entry-date updated td-module-date\" datetime=\"2026-07-31T12:39:57+03:00\">31\/07\/2026<\/time><\/span><\/div>\n<\/div>\n<\/div>\n<\/div>\n<div class=\"td-block-span6\">\n<div class=\"td_module_8 td_module_wrap\">\n<div class=\"item-details\">\n<h3 class=\"entry-title td-module-title\"><a href=\"https:\/\/r3media.ro\/hyundai-recheama-service-masini-electrice-inster-risc-incendiu\/\" rel=\"bookmark\" title=\"Hyundai recheam\u0103 \u00een service zeci de mii de ma\u0219ini electrice din cauza riscului de incendiu\">Hyundai recheam\u0103 \u00een service zeci de mii de ma\u0219ini electrice din cauza riscului de&#8230;<\/a><\/h3>\n<div class=\"td-module-meta-info\"><a href=\"https:\/\/r3media.ro\/category\/featured\/\" class=\"td-post-category\">FEATURED<\/a><span class=\"td-post-author-name\"><a href=\"https:\/\/r3media.ro\/author\/oana\/\">Oana Ivan<\/a><span>&#8211;<\/span><\/span><span class=\"td-post-date\"><time class=\"entry-date updated td-module-date\" datetime=\"2026-08-02T08:34:05+03:00\">02\/08\/2026<\/time><\/span><\/div>\n<\/div>\n<\/div>\n<\/div>\n<\/div>\n<div class=\"td-block-row\">\n<div class=\"td-block-span6\">\n<div class=\"td_module_8 td_module_wrap\">\n<div class=\"item-details\">\n<h3 class=\"entry-title td-module-title\"><a href=\"https:\/\/r3media.ro\/expert-ucraina-faliment-agricultura-romaneasca-tehnologii-ue\/\" rel=\"bookmark\" title=\"Un expert explic\u0103 felul \u00een care concuren\u021ba din Ucraina bag\u0103 \u00een faliment agricultura rom\u00e2neasc\u0103: Folosesc tehnologii interzise \u00een UE\">Un expert explic\u0103 felul \u00een care concuren\u021ba din Ucraina bag\u0103 \u00een faliment agricultura rom\u00e2neasc\u0103:&#8230;<\/a><\/h3>\n<div class=\"td-module-meta-info\"><a href=\"https:\/\/r3media.ro\/category\/actualitate\/\" class=\"td-post-category\">ACTUALITATE<\/a><span class=\"td-post-author-name\"><a href=\"https:\/\/r3media.ro\/author\/radu_ursan\/\">Radu Ursan<\/a><span>&#8211;<\/span><\/span><span class=\"td-post-date\"><time class=\"entry-date updated td-module-date\" datetime=\"2026-07-30T09:51:48+03:00\">30\/07\/2026<\/time><\/span><\/div>\n<\/div>\n<\/div>\n<\/div>\n<div class=\"td-block-span6\">\n<div class=\"td_module_8 td_module_wrap\">\n<div class=\"item-details\">\n<h3 class=\"entry-title td-module-title\"><a href=\"https:\/\/r3media.ro\/cornel-nistorescu-drone-razboi-ucraina\/\" rel=\"bookmark\" title=\"Cornel Nistorescu, dup\u0103 incidentele cu drone: Adie a aer de r\u0103zboi. De mirare c\u0103 dronele ucrainene nu au st\u00e2rnit at\u00e2ta t\u0103r\u0103boi\">Cornel Nistorescu, dup\u0103 incidentele cu drone: Adie a aer de r\u0103zboi. De mirare c\u0103&#8230;<\/a><\/h3>\n<div class=\"td-module-meta-info\"><a href=\"https:\/\/r3media.ro\/category\/actualitate\/\" class=\"td-post-category\">ACTUALITATE<\/a><span class=\"td-post-author-name\"><a href=\"https:\/\/r3media.ro\/author\/radu_ursan\/\">Radu Ursan<\/a><span>&#8211;<\/span><\/span><span class=\"td-post-date\"><time class=\"entry-date updated td-module-date\" datetime=\"2026-07-28T10:21:51+03:00\">28\/07\/2026<\/time><\/span><\/div>\n<\/div>\n<\/div>\n<\/div>\n<\/div>\n<div class=\"td-block-row\">\n<div class=\"td-block-span6\">\n<div class=\"td_module_8 td_module_wrap\">\n<div class=\"item-details\">\n<h3 class=\"entry-title td-module-title\"><a href=\"https:\/\/r3media.ro\/bnr-recomanda-romani-rezerve-de-cash-atacuri-cibernetice-numerar-relevant-criza\/\" rel=\"bookmark\" title=\"BNR le recomand\u0103 rom\u00e2nilor s\u0103 p\u0103streze rezerve de cash: Numerarul se poate dovedi relevant \u00een criz\u0103\">BNR le recomand\u0103 rom\u00e2nilor s\u0103 p\u0103streze rezerve de cash: Numerarul se poate dovedi relevant&#8230;<\/a><\/h3>\n<div class=\"td-module-meta-info\"><a href=\"https:\/\/r3media.ro\/category\/actualitate\/\" class=\"td-post-category\">ACTUALITATE<\/a><span class=\"td-post-author-name\"><a href=\"https:\/\/r3media.ro\/author\/oana\/\">Oana Ivan<\/a><span>&#8211;<\/span><\/span><span class=\"td-post-date\"><time class=\"entry-date updated td-module-date\" datetime=\"2026-07-27T13:11:47+03:00\">27\/07\/2026<\/time><\/span><\/div>\n<\/div>\n<\/div>\n<\/div>\n<div class=\"td-block-span6\">\n<div class=\"td_module_8 td_module_wrap\">\n<div class=\"item-details\">\n<h3 class=\"entry-title td-module-title\"><a href=\"https:\/\/r3media.ro\/statul-roman-a-semnat-actul-propriei-disparitii\/\" rel=\"bookmark\" title=\"Statul rom\u00e2n a semnat actul propriei dispari\u021bii?\">Statul rom\u00e2n a semnat actul propriei dispari\u021bii?<\/a><\/h3>\n<div class=\"td-module-meta-info\"><a href=\"https:\/\/r3media.ro\/category\/opinii\/\" class=\"td-post-category\">OPINII<\/a><span class=\"td-post-author-name\"><a href=\"https:\/\/r3media.ro\/author\/gabipopa\/\">Gabriel Popa<\/a><span>&#8211;<\/span><\/span><span class=\"td-post-date\"><time class=\"entry-date updated td-module-date\" datetime=\"2026-07-27T15:07:05+03:00\">27\/07\/2026<\/time><\/span><\/div>\n<\/div>\n<\/div>\n<\/div>\n<\/div>\n<div class=\"td-block-row\">\n<div class=\"td-block-span6\">\n<div class=\"td_module_8 td_module_wrap\">\n<div class=\"item-details\">\n<h3 class=\"entry-title td-module-title\"><a href=\"https:\/\/r3media.ro\/prima-oara-istorie-presedintia-document-primplan-patriotism-european\/\" rel=\"bookmark\" title=\"Pentru prima oar\u0103 \u00een istorie, Pre\u0219edin\u021bia Rom\u00e2niei emite un document care pune pe primul plan o alt\u0103 entitate dec\u00e2t \u021bara noastr\u0103: patriotismul european\">Pentru prima oar\u0103 \u00een istorie, Pre\u0219edin\u021bia Rom\u00e2niei emite un document care pune pe primul&#8230;<\/a><\/h3>\n<div class=\"td-module-meta-info\"><a href=\"https:\/\/r3media.ro\/category\/actualitate\/\" class=\"td-post-category\">ACTUALITATE<\/a><span class=\"td-post-author-name\"><a href=\"https:\/\/r3media.ro\/author\/teodor_stan\/\">Teodor Stan<\/a><span>&#8211;<\/span><\/span><span class=\"td-post-date\"><time class=\"entry-date updated td-module-date\" datetime=\"2026-07-26T11:44:31+03:00\">26\/07\/2026<\/time><\/span><\/div>\n<\/div>\n<\/div>\n<\/div>\n<div class=\"td-block-span6\">\n<div class=\"td_module_8 td_module_wrap\">\n<div class=\"item-details\">\n<h3 class=\"entry-title td-module-title\"><a href=\"https:\/\/r3media.ro\/film-nou-stapanul-inelelor-corect-politic-regizor-andy-serkis-diversitate-tolkien-mitologie-nordica\/\" rel=\"bookmark\" title=\"Noul film \u201eSt\u0103p\u00e2nul Inelelor\u201d nu va fi corect politic. Regizorul Andy Serkis: J.R.R. Tolkien a fost influen\u021bat de mitologia nordic\u0103. Nu vrem o distribu\u021bie de dragul de a bifa c\u0103su\u021be\">Noul film \u201eSt\u0103p\u00e2nul Inelelor\u201d nu va fi corect politic. Regizorul Andy Serkis: J.R.R. Tolkien&#8230;<\/a><\/h3>\n<div class=\"td-module-meta-info\"><a href=\"https:\/\/r3media.ro\/category\/actualitate\/\" class=\"td-post-category\">ACTUALITATE<\/a><span class=\"td-post-author-name\"><a href=\"https:\/\/r3media.ro\/author\/oana\/\">Oana Ivan<\/a><span>&#8211;<\/span><\/span><span class=\"td-post-date\"><time class=\"entry-date updated td-module-date\" datetime=\"2026-07-26T15:49:31+03:00\">26\/07\/2026<\/time><\/span><\/div>\n<\/div>\n<\/div>\n<\/div>\n<\/div>\n<div class=\"td-block-row\">\n<div class=\"td-block-span6\">\n<div class=\"td_module_8 td_module_wrap\">\n<div class=\"item-details\">\n<h3 class=\"entry-title td-module-title\"><a href=\"https:\/\/r3media.ro\/dictatura-forma-suprema-a-democratiei\/\" rel=\"bookmark\" title=\"Dictatura \u2013 forma suprem\u0103 a democra\u021biei\">Dictatura \u2013 forma suprem\u0103 a democra\u021biei<\/a><\/h3>\n<div class=\"td-module-meta-info\"><a href=\"https:\/\/r3media.ro\/category\/opinii\/\" class=\"td-post-category\">OPINII<\/a><span class=\"td-post-author-name\"><a href=\"https:\/\/r3media.ro\/author\/tru\/\">TRU (Traian Ungureanu)<\/a><span>&#8211;<\/span><\/span><span class=\"td-post-date\"><time class=\"entry-date updated td-module-date\" datetime=\"2026-07-25T16:43:11+03:00\">25\/07\/2026<\/time><\/span><\/div>\n<\/div>\n<\/div>\n<\/div>\n<div class=\"td-block-span6\">\n<div class=\"td_module_8 td_module_wrap\">\n<div class=\"item-details\">\n<h3 class=\"entry-title td-module-title\"><a href=\"https:\/\/r3media.ro\/marea-britanie-apa-inteligenta-artificiala-romania-centru-ai-restrictii-consum-apa\/\" rel=\"bookmark\" title=\"Marea Britanie nu mai are suficient\u0103 ap\u0103 pentru Inteligen\u021ba Artificial\u0103, dar Rom\u00e2nia vrea s\u0103 g\u0103zduiasc\u0103 un centru AI care consum\u0103 c\u00e2t sute de mii de oameni \u0219i impune restric\u021bii la consumul de ap\u0103 al popula\u021biei\">Marea Britanie nu mai are suficient\u0103 ap\u0103 pentru Inteligen\u021ba Artificial\u0103, dar Rom\u00e2nia vrea s\u0103&#8230;<\/a><\/h3>\n<div class=\"td-module-meta-info\"><a href=\"https:\/\/r3media.ro\/category\/actualitate\/\" class=\"td-post-category\">ACTUALITATE<\/a><span class=\"td-post-author-name\"><a href=\"https:\/\/r3media.ro\/author\/radu_ursan\/\">Radu Ursan<\/a><span>&#8211;<\/span><\/span><span class=\"td-post-date\"><time class=\"entry-date updated td-module-date\" datetime=\"2026-07-23T11:44:13+03:00\">23\/07\/2026<\/time><\/span><\/div>\n<\/div>\n<\/div>\n<\/div>\n<\/div>\n<\/div>\n<div class=\"td-load-more-wrap td-load-more-infinite-wrap\" id=\"infinite-lm-tdi_20\"><a href=\"https:\/\/r3media.ro\/sursa-crizei-energetice-radu-miruta-romania-capacitati-carbune-seceta\/\" class=\"td_ajax_load_more td_ajax_load_more_js\" aria-label=\"\u00cenc\u0103rca\u021bi mai multe\" id=\"next-page-tdi_20\" data-td_block_id=\"tdi_20\">\u00cenc\u0103rca\u021bi mai multe<\/a><\/div>\n<\/div>\n<div class=\"td_block_wrap tdb_single_comments tdi_21 tdb-comm-layout2 td-pb-border-top td_block_template_1\" data-td-block-uid=\"tdi_21\">\n<div class=\"tdb-block-inner td-fix-index\">\n<div class=\"comments\" id=\"comments\">\n<div id=\"respond\" class=\"comment-respond\">\n<h3 id=\"reply-title\" class=\"comment-reply-title\">AI CEVA DE SPUS? <small><a rel=\"nofollow\" id=\"cancel-comment-reply-link\" href=\"https:\/\/r3media.ro\/sursa-crizei-energetice-radu-miruta-romania-capacitati-carbune-seceta\/#respond\">Renun\u021ba\u021bi la r\u0103spuns<\/a><\/small><\/h3>\n<div class=\"comment-form-input-wrap td-form-comment\">\n<div class=\"td-warning-comment\">V\u0103 rug\u0103m s\u0103 introduce\u021bi comentariul dvs.!<\/div>\n<\/div>\n<div class=\"comment-form-input-wrap td-form-author\">\n<div class=\"td-warning-author\">Introduce\u021bi aici numele dvs.<\/div>\n<\/div>\n<div class=\"comment-form-input-wrap td-form-email\">\n<div class=\"td-warning-email-error\">A\u021bi introdus o adres\u0103 de e-mail incorect\u0103!<\/div>\n<div class=\"td-warning-email\">V\u0103 rug\u0103m s\u0103 introduce\u021bi adresa dvs. de e-mail aici<\/div>\n<\/div>\n<\/div>\n<\/div>\n<\/div>\n<\/div>\n<\/div>\n<\/div>\n<div class=\"vc_column tdi_23  wpb_column vc_column_container tdc-column td-pb-span4 td-is-sticky\">\n<div class=\"wpb_wrapper\" data-sticky-enabled-on=\"W3RydWUsdHJ1ZSx0cnVlLHRydWVd\" data-sticky-offset=\"20\" data-sticky-is-width-auto=\"W2ZhbHNlLGZhbHNlLGZhbHNlLGZhbHNlXQ==\">\n<div class=\"wpb_wrapper td_block_wrap vc_widget_sidebar tdi_25 \">\n<div class=\"td_block_wrap td_block_7 td_block_widget tdi_26 td-pb-border-top td_block_template_1 td-column-1 td_block_padding\" data-td-block-uid=\"tdi_26\">\n<div class=\"td-block-title-wrap\">\n<h4 class=\"block-title td-block-title\"><span class=\"td-pulldown-size\">Articole RELA\u021aIONATE<\/span><\/h4>\n<\/div>\n<div id=\"tdi_26\" class=\"td_block_inner\">\n<div class=\"td-block-span12\">\n<div class=\"td_module_6 td_module_wrap td-animation-stack\">\n<div class=\"td-module-thumb\"><a href=\"https:\/\/r3media.ro\/donald-trump-negocieri-cu-iran\/\" rel=\"bookmark\" class=\"td-image-wrap \" title=\"Donald Trump anun\u021b\u0103 reluarea negocierilor cu Iranul dup\u0103 ce a anulat un atac major\"><img loading=\"lazy\" decoding=\"async\" class=\"entry-thumb\" src=\"https:\/\/r3media.ro\/wp-content\/uploads\/2021\/08\/UGR4YYGIQNEBLBQNEO6JW3GH74-scaled-100x70.jpg\" alt title=\"Donald Trump anun\u021b\u0103 reluarea negocierilor cu Iranul dup\u0103 ce a anulat un atac major\" width=\"100\" height=\"70\"><\/a><\/div>\n<div class=\"item-details\">\n<h3 class=\"entry-title td-module-title\"><a href=\"https:\/\/r3media.ro\/donald-trump-negocieri-cu-iran\/\" rel=\"bookmark\" title=\"Donald Trump anun\u021b\u0103 reluarea negocierilor cu Iranul dup\u0103 ce a anulat un atac major\">Donald Trump anun\u021b\u0103 reluarea negocierilor cu Iranul dup\u0103 ce a anulat&#8230;<\/a><\/h3>\n<div class=\"td-module-meta-info\"><span class=\"td-post-date\"><time class=\"entry-date updated td-module-date\" datetime=\"2026-08-03T10:28:57+03:00\">03\/08\/2026<\/time><\/span><\/div>\n<\/div>\n<\/div>\n<\/div>\n<div class=\"td-block-span12\">\n<div class=\"td_module_6 td_module_wrap td-animation-stack\">\n<div class=\"td-module-thumb\"><a href=\"https:\/\/r3media.ro\/virusul-bourbon-o-boala-rara-si-fara-tratament-a-fost-confirmat-in-statele-unite\/\" rel=\"bookmark\" class=\"td-image-wrap \" title=\"Virusul Bourbon, o boal\u0103 rar\u0103 \u0219i f\u0103r\u0103 tratament, a fost confirmat \u00een Statele Unite\"><img loading=\"lazy\" decoding=\"async\" class=\"entry-thumb\" src=\"https:\/\/r3media.ro\/wp-content\/uploads\/2026\/08\/virusul-bourbon-Amblyomma-americanum--100x70.jpg\" alt title=\"Virusul Bourbon, o boal\u0103 rar\u0103 \u0219i f\u0103r\u0103 tratament, a fost confirmat \u00een Statele Unite\" width=\"100\" height=\"70\"><\/a><\/div>\n<div class=\"item-details\">\n<h3 class=\"entry-title td-module-title\"><a href=\"https:\/\/r3media.ro\/virusul-bourbon-o-boala-rara-si-fara-tratament-a-fost-confirmat-in-statele-unite\/\" rel=\"bookmark\" title=\"Virusul Bourbon, o boal\u0103 rar\u0103 \u0219i f\u0103r\u0103 tratament, a fost confirmat \u00een Statele Unite\">Virusul Bourbon, o boal\u0103 rar\u0103 \u0219i f\u0103r\u0103 tratament, a fost confirmat&#8230;<\/a><\/h3>\n<div class=\"td-module-meta-info\"><span class=\"td-post-date\"><time class=\"entry-date updated td-module-date\" datetime=\"2026-08-03T09:49:53+03:00\">03\/08\/2026<\/time><\/span><\/div>\n<\/div>\n<\/div>\n<\/div>\n<div class=\"td-block-span12\">\n<div class=\"td_module_6 td_module_wrap td-animation-stack\">\n<div class=\"td-module-thumb\"><a href=\"https:\/\/r3media.ro\/3-august-1601-batalia-de-la-guruslau-mihai-viteazul\/\" rel=\"bookmark\" class=\"td-image-wrap \" title=\"3 august 1601, B\u0103t\u0103lia de la Gurusl\u0103u. Ultima victorie a lui Mihai Viteazul\"><img loading=\"lazy\" decoding=\"async\" class=\"entry-thumb\" src=\"https:\/\/r3media.ro\/wp-content\/uploads\/2021\/08\/maxresdefault-1-100x70.jpg\" alt title=\"3 august 1601, B\u0103t\u0103lia de la Gurusl\u0103u. Ultima victorie a lui Mihai Viteazul\" width=\"100\" height=\"70\"><\/a><\/div>\n<div class=\"item-details\">\n<h3 class=\"entry-title td-module-title\"><a href=\"https:\/\/r3media.ro\/3-august-1601-batalia-de-la-guruslau-mihai-viteazul\/\" rel=\"bookmark\" title=\"3 august 1601, B\u0103t\u0103lia de la Gurusl\u0103u. Ultima victorie a lui Mihai Viteazul\">3 august 1601, B\u0103t\u0103lia de la Gurusl\u0103u. Ultima victorie a lui&#8230;<\/a><\/h3>\n<div class=\"td-module-meta-info\"><span class=\"td-post-date\"><time class=\"entry-date updated td-module-date\" datetime=\"2026-08-02T22:44:33+03:00\">02\/08\/2026<\/time><\/span><\/div>\n<\/div>\n<\/div>\n<\/div>\n<div class=\"td-block-span12\">\n<div class=\"td_module_6 td_module_wrap td-animation-stack\">\n<div class=\"td-module-thumb\"><a href=\"https:\/\/r3media.ro\/3-august-iraclie-basarabia-sfintii-isaachie-dalmat-si-faust\/\" rel=\"bookmark\" class=\"td-image-wrap \" title=\"Calendarul zilei 3 august: Sf.Iraclie din Basarabia. Sfin\u021bii Isaachie, Dalmat \u0219i Faust\"><img loading=\"lazy\" decoding=\"async\" class=\"entry-thumb\" src=\"https:\/\/r3media.ro\/wp-content\/uploads\/2025\/08\/icoana-Sf.Iraclie-din-Basarabia-1019x1536-1-100x70.webp\" alt title=\"Calendarul zilei 3 august: Sf.Iraclie din Basarabia. Sfin\u021bii Isaachie, Dalmat \u0219i Faust\" width=\"100\" height=\"70\"><\/a><\/div>\n<div class=\"item-details\">\n<h3 class=\"entry-title td-module-title\"><a href=\"https:\/\/r3media.ro\/3-august-iraclie-basarabia-sfintii-isaachie-dalmat-si-faust\/\" rel=\"bookmark\" title=\"Calendarul zilei 3 august: Sf.Iraclie din Basarabia. Sfin\u021bii Isaachie, Dalmat \u0219i Faust\">Calendarul zilei 3 august: Sf.Iraclie din Basarabia. Sfin\u021bii Isaachie, Dalmat \u0219i&#8230;<\/a><\/h3>\n<div class=\"td-module-meta-info\"><span class=\"td-post-date\"><time class=\"entry-date updated td-module-date\" datetime=\"2026-08-02T22:22:27+03:00\">02\/08\/2026<\/time><\/span><\/div>\n<\/div>\n<\/div>\n<\/div>\n<div class=\"td-block-span12\">\n<div class=\"td_module_6 td_module_wrap td-animation-stack\">\n<div class=\"td-module-thumb\"><a href=\"https:\/\/r3media.ro\/puterea-mitologica-instalata-a-romaniei\/\" rel=\"bookmark\" class=\"td-image-wrap \" title=\"Puterea mitologic\u0103 instalat\u0103 a Rom\u00e2niei\"><img loading=\"lazy\" decoding=\"async\" class=\"entry-thumb\" src=\"https:\/\/r3media.ro\/wp-content\/uploads\/2025\/02\/pnrr-100x70.jpg\" alt title=\"Puterea mitologic\u0103 instalat\u0103 a Rom\u00e2niei\" width=\"100\" height=\"70\"><\/a><\/div>\n<div class=\"item-details\">\n<h3 class=\"entry-title td-module-title\"><a href=\"https:\/\/r3media.ro\/puterea-mitologica-instalata-a-romaniei\/\" rel=\"bookmark\" title=\"Puterea mitologic\u0103 instalat\u0103 a Rom\u00e2niei\">Puterea mitologic\u0103 instalat\u0103 a Rom\u00e2niei<\/a><\/h3>\n<div class=\"td-module-meta-info\"><span class=\"td-post-date\"><time class=\"entry-date updated td-module-date\" datetime=\"2026-08-02T22:08:04+03:00\">02\/08\/2026<\/time><\/span><\/div>\n<\/div>\n<\/div>\n<\/div>\n<div class=\"td-block-span12\">\n<div class=\"td_module_6 td_module_wrap td-animation-stack\">\n<div class=\"td-module-thumb\"><a href=\"https:\/\/r3media.ro\/reducere-10-supermarket-stat-new-york-discount-clienti-case-self-service\/\" rel=\"bookmark\" class=\"td-image-wrap \" title=\"Reducere de 10% la supermarket: Statul New York ar putea oferi un discount clien\u021bilor care aleg casele self-service\"><img loading=\"lazy\" decoding=\"async\" class=\"entry-thumb\" src=\"https:\/\/r3media.ro\/wp-content\/uploads\/2026\/08\/supermarket-100x70.jpg\" alt title=\"Reducere de 10% la supermarket: Statul New York ar putea oferi un discount clien\u021bilor care aleg casele self-service\" width=\"100\" height=\"70\"><\/a><\/div>\n<div class=\"item-details\">\n<h3 class=\"entry-title td-module-title\"><a href=\"https:\/\/r3media.ro\/reducere-10-supermarket-stat-new-york-discount-clienti-case-self-service\/\" rel=\"bookmark\" title=\"Reducere de 10% la supermarket: Statul New York ar putea oferi un discount clien\u021bilor care aleg casele self-service\">Reducere de 10% la supermarket: Statul New York ar putea oferi&#8230;<\/a><\/h3>\n<div class=\"td-module-meta-info\"><span class=\"td-post-date\"><time class=\"entry-date updated td-module-date\" datetime=\"2026-08-02T15:32:06+03:00\">02\/08\/2026<\/time><\/span><\/div>\n<\/div>\n<\/div>\n<\/div>\n<div class=\"td-block-span12\">\n<div class=\"td_module_6 td_module_wrap td-animation-stack\">\n<div class=\"td-module-thumb\"><a href=\"https:\/\/r3media.ro\/hyundai-recheama-service-masini-electrice-inster-risc-incendiu\/\" rel=\"bookmark\" class=\"td-image-wrap \" title=\"Hyundai recheam\u0103 \u00een service zeci de mii de ma\u0219ini electrice din cauza riscului de incendiu\"><img loading=\"lazy\" decoding=\"async\" class=\"entry-thumb\" src=\"https:\/\/r3media.ro\/wp-content\/uploads\/2026\/08\/masina-hyundai-100x70.jpg\" alt title=\"Hyundai recheam\u0103 \u00een service zeci de mii de ma\u0219ini electrice din cauza riscului de incendiu\" width=\"100\" height=\"70\"><\/a><\/div>\n<div class=\"item-details\">\n<h3 class=\"entry-title td-module-title\"><a href=\"https:\/\/r3media.ro\/hyundai-recheama-service-masini-electrice-inster-risc-incendiu\/\" rel=\"bookmark\" title=\"Hyundai recheam\u0103 \u00een service zeci de mii de ma\u0219ini electrice din cauza riscului de incendiu\">Hyundai recheam\u0103 \u00een service zeci de mii de ma\u0219ini electrice din&#8230;<\/a><\/h3>\n<div class=\"td-module-meta-info\"><span class=\"td-post-date\"><time class=\"entry-date updated td-module-date\" datetime=\"2026-08-02T08:34:05+03:00\">02\/08\/2026<\/time><\/span><\/div>\n<\/div>\n<\/div>\n<\/div>\n<\/div>\n<\/div>\n<aside class=\"td_block_template_1 widget widget_recent_comments\">\n<h4 class=\"block-title\"><span>INTR\u0102 \u00ceN DISCU\u021aIE!<\/span><\/h4>\n<ul id=\"recentcomments\">\n<li class=\"recentcomments\"><span class=\"comment-author-link\">Nicu<\/span> la <a href=\"https:\/\/r3media.ro\/puterea-mitologica-instalata-a-romaniei\/#comment-40341\">Puterea mitologic\u0103 instalat\u0103 a Rom\u00e2niei<\/a><\/li>\n<li class=\"recentcomments\"><span class=\"comment-author-link\">Eu pot, dar voi ?<\/span> la <a href=\"https:\/\/r3media.ro\/europarlamentarul-gheorghe-piperea-psd-pnl-usr-udmr-sunt-de-fapt-pro-ucraineni-noi-preferam-sa-fim-pro-romani\/#comment-40340\">Europarlamentarul Gheorghe Piperea: PSD-PNL-USR-UDMR sunt de fapt, pro-ucraineni. Noi prefer\u0103m s\u0103 fim pro-rom\u00e2ni<\/a><\/li>\n<li class=\"recentcomments\"><span class=\"comment-author-link\">Eu pot, dar voi ?<\/span> la <a href=\"https:\/\/r3media.ro\/steinhardt-caragiale-si-sufletul-romanesc\/#comment-40339\">Steinhardt, Caragiale \u015fi sufletul rom\u00e2nesc<\/a><\/li>\n<li class=\"recentcomments\"><span class=\"comment-author-link\">E.T.<\/span> la <a href=\"https:\/\/r3media.ro\/statul-roman-a-semnat-actul-propriei-disparitii\/#comment-40338\">Statul rom\u00e2n a semnat actul propriei dispari\u021bii?<\/a><\/li>\n<li class=\"recentcomments\"><span class=\"comment-author-link\">E.T.<\/span> la <a href=\"https:\/\/r3media.ro\/dragostea-care-transcende-epoci-descult-in-parc-1967\/#comment-40337\">Dragostea care transcende epoci \u2014 Descul\u021b \u00een parc (1967)<\/a><\/li>\n<li class=\"recentcomments\"><span class=\"comment-author-link\">E.T.<\/span> la <a href=\"https:\/\/r3media.ro\/spania-asediu-migranti-exclava-ceuta-africa-madrid-trupe-securitate-video\/#comment-40336\">VIDEO | Spania se afl\u0103 sub asediu: Mii de migran\u021bi au luat cu asalt exclava Ceuta din Africa. Madridul a trimis trupe pentru a consolida securitatea<\/a><\/li>\n<li class=\"recentcomments\"><span class=\"comment-author-link\">Nicu<\/span> la <a href=\"https:\/\/r3media.ro\/antifa-instiga-violenta-manifestatie-pasnica-remigratie-olanda\/#comment-40335\">Antifa \u0219i grupurile anarhiste instig\u0103 la violen\u021b\u0103 la o manifesta\u021bie pa\u0219nic\u0103 pentru remigra\u021bie organizat\u0103 \u00een Olanda<\/a><\/li>\n<\/ul>\n<\/aside>\n<aside class=\"td_block_template_1 widget widget_search\">\n<h4 class=\"block-title\"><span>CAUT\u0102 \u0218I VEI G\u0102SI<\/span><\/h4>\n<\/aside>\n<\/div>\n<\/div>\n<\/div>\n<\/div>\n<\/div>\n<\/div>\n<\/div>\n<p><span class=\"td-page-meta\"><\/span><span class=\"td-page-meta\"><span class=\"td-page-meta\"><\/span><\/span><span class=\"td-page-meta\"><\/span><\/article>\n<\/p>\n<div class=\"td_block_wrap tdb_single_content tdi_18 td-pb-border-top td_block_template_1 td-post-content tagdiv-type\" data-td-block-uid=\"tdi_18\">\n<div class=\"tdb-block-inner td-fix-index\">\n<p><strong>Ministrul Ap\u0103r\u0103rii (interimar), Radu Miru\u021b\u0103, a recunoscut c\u0103 sursa crizei energetice este faptul c\u0103 \u201eRom\u00e2nia a \u00eenchis capacit\u0103\u021bi de produc\u021bie f\u0103r\u0103 s\u0103 pun\u0103 nimic \u00een loc\u201d.<\/strong><\/p>\n<p>Radu Miru\u021b\u0103 (USR) a declarat c\u0103 aceast\u0103 criz\u0103 energetic\u0103 a ap\u0103rut ca urmare a \u00eenchiderii capacit\u0103\u021bilor de produc\u021bie pe c\u0103rbune, f\u0103r\u0103 a fi pus nimic \u00een loc.<\/p>\n<p>\u201eEste o situa\u021bie complicat\u0103, dar care nu a ap\u0103rut din senin. Este consecin\u021ba unei gestion\u0103ri proaste a echilibrului dintre produc\u021bia \u0219i consumul de energie electric\u0103. Rom\u00e2nia a \u00eenchis, ani la r\u00e2nd, capacit\u0103\u021bi de produc\u021bie f\u0103r\u0103 s\u0103 pun\u0103 altceva \u00een loc.<\/p>\n<p>Nimeni, nici Comisia European\u0103 \u0219i nici PNRR, nu a obligat Rom\u00e2nia s\u0103 \u00eenchid\u0103 centrale pe c\u0103rbune \u00eenainte de a avea surse alternative func\u021bionale\u201d, a declarat Radu Miru\u021b\u0103, potrivit <a href=\"https:\/\/www.euronews.ro\/articole\/radu-miruta-spune-ca-criza-energetica-nu-este-doar-efectul-secetei-romania-a-inch\" target=\"_blank\" rel=\"noopener\">Euronews.<\/a><\/p>\n<p>Radu Miru\u021b\u0103 consider\u0103 c\u0103 PSD este vinovat pentru aceast\u0103 criz\u0103.<\/p>\n<p>\u201eNu te po\u021bi ascunde \u00een spatele secetei atunci c\u00e2nd ani de zile \u021bi-ai b\u0103tut joc de sistemul energetic na\u021bional. Rom\u00e2nia a \u00eenchis \u00eentr-un ritm nebunesc capacit\u0103\u021bi de produc\u021bie \u0219i, \u00een locul lor, a prezentat doar promisiuni \u0219i proiecte care nu s-au materializat\u201d, a mai afirmat Miru\u021b\u0103.<\/p>\n<h2><strong>Cine au fost mini\u0219trii energiei din 2019 \u00eencoace?<\/strong><\/h2>\n<p>PNL a condus Energia din 2019 \u0219i p\u00e2n\u0103 \u00een iunie 2025, de-atunci fiind la PSD.<\/p>\n<p>Virgil-Daniel Popescu (PNL) \u2014 a coordonat domeniul energetic din noiembrie 2019 p\u00e2n\u0103 \u00een iunie 2023, \u00een dou\u0103 mandate consecutive.<\/p>\n<p>Ini\u021bial a fost ministru al Economiei, Energiei \u0219i Mediului de Afaceri (\u00een guvernele Orban \u0219i C\u00ee\u021bu), portofoliul energiei fiind atunci combinat cu economia. Ministerul Energiei separat a fost \u00eenfiin\u021bat \u00een noiembrie 2021, odat\u0103 cu Guvernul Ciuc\u0103, iar Virgil Popescu a r\u0103mas la conducerea lui.<\/p>\n<p>A de\u021binut portofoliul \u00een dou\u0103 mandate consecutive.<\/p>\n<p>Sebastian-Ioan Burduja (PNL) \u2014 ministru al Energiei \u00een perioada 5 iunie 2023 \u2013 23 iunie 2025, \u00een Guvernul Ciolacu. A preluat mandatul de la Virgil Popescu.<\/p>\n<p>Bogdan-Gruia Ivan (PSD) \u2014 ministru al Energiei din 23 iunie 2025 p\u00e2n\u0103 \u00een prezent, \u00een Guvernul Bolojan.<\/p>\n<p>Este primul ministru al Energiei din partea PSD dup\u0103 2016; anterior fusese ministru al Cercet\u0103rii \u0219i apoi al Economiei.<\/p>\n<h2><strong>Criza energetic\u0103<\/strong><\/h2>\n<p>Reamintim c\u0103 premierul interimar Ilie Bolojan a declarat<a href=\"https:\/\/r3media.ro\/romania-importa-energie-ucraina-ilie-bolojan-stare-de-alerta\/\" target=\"_blank\" rel=\"noopener\"> stare de alert\u0103 la nivel na\u021bional<\/a> \u00een domeniul energetic.<\/p>\n<p>Acesta a dat vina pe secet\u0103 \u0219i pe reducerea cotelor Dun\u0103rii, care au dus la \u00eenchiderea temporar\u0103 a unor capacit\u0103\u021bi de la Centrala de la Cernavod\u0103.<\/p>\n<p>Bolojan a f\u0103cut apel la ra\u021bionalizarea energiei de c\u0103tre popula\u021bie \u0219i companii.<\/p>\n<p>Municipiul <a href=\"https:\/\/r3media.ro\/iasi-stinge-lumina-oras-iluminat-public-noaptea-economie-curent-electric\/\" target=\"_blank\" rel=\"noopener\">Ia\u0219i a oprit iluminatul public<\/a> \u00een timpul nop\u021bii pentru a face economie.<\/p>\n<div class=\"crp_related     crp-masonry\">\n<h2>\u00ceN CONTEXT<\/h2>\n<ul>\n<li><a href=\"https:\/\/r3media.ro\/de-ce-sunt-facturile-mari-la-energie-pe-intelesul-tuturor-pregatiti-va-sa-ramaneti-fara-casa-si-masina\/\" class=\"crp_link post-37666\"><span class=\"crp_title\">De ce sunt facturile mari la energie, pe \u00een\u021belesul tuturor. Preg\u0103ti\u021bi-v\u0103 s\u0103 r\u0103m\u00e2ne\u021bi f\u0103r\u0103\u2026<\/span><\/a><\/li>\n<li><a href=\"https:\/\/r3media.ro\/germania-un-parc-de-eoliene-este-demontat-pentru-a-permite-extinderea-unei-mine-de-carbune-in-acelasi-timp-romania-si-a-asumat-decarbonizarea\/\" class=\"crp_link post-57903\"><span class=\"crp_title\">Germania | Un parc de eoliene este demontat, pentru a permite EXTINDEREA unei mine de\u2026<\/span><\/a><\/li>\n<li><a href=\"https:\/\/r3media.ro\/pah-explica-de-ce-romania-importa-energie-statul-nu-porneste-capacitatile-pe-hidro-carbune-si-nuclear-nici-la-80-lasa-privatii-care-controleaza-fotovoltaicele-si-eolienele-sa-faca-jocurile-in-piata\/\" class=\"crp_link post-98625\"><span class=\"crp_title\">PAH explic\u0103 de ce Rom\u00e2nia import\u0103 energie: Statul nu porne\u0219te capacit\u0103\u021bile pe hidro, c\u0103rbune\u2026<\/span><\/a><\/li>\n<li><a href=\"https:\/\/r3media.ro\/fara-tine-in-google-r3media-dispare-iata-ce-poti-face-in-10-secunde\/\" class=\"crp_link post-119031\"><span class=\"crp_title\">F\u0103r\u0103 tine \u00een Google, R3media dispare. Iat\u0103 ce po\u021bi face \u00een 10 secunde<\/span><\/a><\/li>\n<li><a href=\"https:\/\/r3media.ro\/video-george-simion-spune-ca-guvernul-si-a-asumat-ca-inchide-minele-si-termocentralele-desi-nu-era-obligat-este-un-atac-la-siguranta-nationala-daca-nu-vom-avea-energie-nu-vom-mai-putea-reindustr\/\" class=\"crp_link post-58851\"><span class=\"crp_title\">VIDEO | George Simion spune c\u0103 Guvernul \u0219i-a asumat c\u0103 \u00eenchide minele \u0219i termocentralele,\u2026<\/span><\/a><\/li>\n<li><a href=\"https:\/\/r3media.ro\/directorul-romarm-critica-ministrul-apararii-radu-miruta\/\" class=\"crp_link post-117008\"><span class=\"crp_title\">Directorul Romarm \u00eel critic\u0103 pe Ministrul Ap\u0103r\u0103rii, Radu Miru\u021b\u0103: S\u0103 evite derapajele \u0219i\u2026<\/span><\/a><\/li>\n<li><a href=\"https:\/\/r3media.ro\/ministrul-apararii-usr-radu-miruta-scutul-deveselu-conceput-rusia-valentin-stan-tampit-romania-pericol-miscare-americana\/\" class=\"crp_link post-115741\"><span class=\"crp_title\">VIDEO | Ministrul Ap\u0103r\u0103rii, Radu Miru\u021b\u0103, spune c\u0103 scutul de la Deveselu a fost proiectat\u2026<\/span><\/a><\/li>\n<li><a href=\"https:\/\/r3media.ro\/ni-se-spune-ca-epoca-energiei-ieftine-pentru-romani-s-a-incheiat-dar-se-ocoleste-cu-grija-motivul-de-ce\/\" class=\"crp_link post-113596\"><span class=\"crp_title\">Ni se spune c\u0103 \u201eEpoca energiei ieftine pentru rom\u00e2ni s-a \u00eencheiat!\u201d dar se ocole\u0219te cu grij\u0103\u2026<\/span><\/a><\/li>\n<\/ul>\n<\/div>\n<\/div>\n<\/div>\n<p>[analyse_source url=&#8221;https:\/\/r3media.ro\/sursa-crizei-energetice-radu-miruta-romania-capacitati-carbune-seceta\/&#8221;]<\/p>\n","protected":false},"excerpt":{"rendered":"<p>[analyse_image type=&#8221;featured&#8221; src=&#8221;https:\/\/r3media.ro\/wp-content\/uploads\/2026\/08\/criza-energetica-romania-sursa-scaled-e1785744013236.jpghttps:\/\/r3media.ro\/wp-content\/uploads\/2026\/08\/criza-energetica-romania-sursa-scaled-e1785744013236.jpg&#8221;] FEATUREDSursa crizei energetice. Ministrul Radu Miru\u021b\u0103: Rom\u00e2nia a \u00eenchis capacit\u0103\u021bi de produc\u021bie&#8230; FEATURED\u0218TIRI Sursa crizei energetice. Ministrul Radu Miru\u021b\u0103: Rom\u00e2nia a \u00eenchis capacit\u0103\u021bi de produc\u021bie pe carbune f\u0103r\u0103 s\u0103 pun\u0103 nimic \u00een loc. Nu te po\u021bi ascunde \u00een spatele secetei Radu Ursan 03\/08\/2026 Sursa foto: rawpixel.com &#8211; Magnific.com Ministrul Ap\u0103r\u0103rii (interimar), Radu [&hellip;]<\/p>\n","protected":false},"author":1,"featured_media":0,"comment_status":"open","ping_status":"","sticky":false,"template":"","format":"standard","meta":{"footnotes":""},"categories":[89],"tags":[226,93],"class_list":["post-2074645","post","type-post","status-publish","format-standard","hentry","category-romania","tag-crawlmanager","tag-r3media-ro"],"_links":{"self":[{"href":"https:\/\/analyse.optim.biz\/index.php?rest_route=\/wp\/v2\/posts\/2074645","targetHints":{"allow":["GET"]}}],"collection":[{"href":"https:\/\/analyse.optim.biz\/index.php?rest_route=\/wp\/v2\/posts"}],"about":[{"href":"https:\/\/analyse.optim.biz\/index.php?rest_route=\/wp\/v2\/types\/post"}],"author":[{"embeddable":true,"href":"https:\/\/analyse.optim.biz\/index.php?rest_route=\/wp\/v2\/users\/1"}],"replies":[{"embeddable":true,"href":"https:\/\/analyse.optim.biz\/index.php?rest_route=%2Fwp%2Fv2%2Fcomments&post=2074645"}],"version-history":[{"count":0,"href":"https:\/\/analyse.optim.biz\/index.php?rest_route=\/wp\/v2\/posts\/2074645\/revisions"}],"wp:attachment":[{"href":"https:\/\/analyse.optim.biz\/index.php?rest_route=%2Fwp%2Fv2%2Fmedia&parent=2074645"}],"wp:term":[{"taxonomy":"category","embeddable":true,"href":"https:\/\/analyse.optim.biz\/index.php?rest_route=%2Fwp%2Fv2%2Fcategories&post=2074645"},{"taxonomy":"post_tag","embeddable":true,"href":"https:\/\/analyse.optim.biz\/index.php?rest_route=%2Fwp%2Fv2%2Ftags&post=2074645"}],"curies":[{"name":"wp","href":"https:\/\/api.w.org\/{rel}","templated":true}]}}