{"id":2074643,"date":"2026-08-03T07:28:57","date_gmt":"2026-08-03T04:28:57","guid":{"rendered":"https:\/\/analyse.optim.biz\/?p=2074643"},"modified":"2026-08-03T07:28:57","modified_gmt":"2026-08-03T04:28:57","slug":"donald-trump-anunta-reluarea-negocierilor-cu-iranul-dupa-ce-a-anulat-un-atac-major","status":"publish","type":"post","link":"https:\/\/analyse.optim.biz\/?p=2074643","title":{"rendered":"Donald Trump anun\u021b\u0103 reluarea negocierilor cu Iranul dup\u0103 ce a anulat un atac major"},"content":{"rendered":"<p>[analyse_image type=&#8221;featured&#8221; src=&#8221;https:\/\/r3media.ro\/wp-content\/uploads\/2021\/08\/UGR4YYGIQNEBLBQNEO6JW3GH74-scaled-e1729617577450.jpghttps:\/\/r3media.ro\/wp-content\/uploads\/2021\/08\/UGR4YYGIQNEBLBQNEO6JW3GH74-scaled-e1729617577450.jpg&#8221;]<\/p>\n<article id=\"template-id-109\" class=\"post-109 tdb_templates type-tdb_templates status-publish post\">\n<div id=\"tdi_2\" class=\"tdc-zone\">\n<div class=\"tdc_zone tdi_3  wpb_row td-pb-row\">\n<div id=\"tdi_4\" class=\"tdc-row\">\n<div class=\"vc_row tdi_5  wpb_row td-pb-row\">\n<div class=\"vc_column tdi_7  wpb_column vc_column_container tdc-column td-pb-span8\">\n<div class=\"wpb_wrapper\">\n<div class=\"td_block_wrap tdb_breadcrumbs tdi_8 td-pb-border-top td_block_template_1 tdb-breadcrumbs \" data-td-block-uid=\"tdi_8\">\n<div class=\"tdb-block-inner td-fix-index\"><span><a title=\"Vede\u021bi toate articolele \u00een PRIM PLAN\" class=\"tdb-entry-crumb\" href=\"https:\/\/r3media.ro\/category\/stiri-prim-plan\/\">PRIM PLAN<\/a><\/span><span class=\"tdb-bred-no-url-last\">Donald Trump anun\u021b\u0103 reluarea negocierilor cu Iranul dup\u0103 ce a anulat un&#8230;<\/span><\/div>\n<\/div>\n<div class=\"td_block_wrap tdb_single_categories tdi_9 td-pb-border-top td_block_template_1 \" data-td-block-uid=\"tdi_9\">\n<div class=\"tdb-category td-fix-index\"><a class=\"tdb-entry-category\" href=\"https:\/\/r3media.ro\/category\/stiri-prim-plan\/\">PRIM PLAN<\/a><a class=\"tdb-entry-category\" href=\"https:\/\/r3media.ro\/category\/stiri\/\">\u0218TIRI<\/a><\/div>\n<\/div>\n<div class=\"td_block_wrap tdb_title tdi_10 tdb-single-title td-pb-border-top td_block_template_1\" data-td-block-uid=\"tdi_10\">\n<div class=\"tdb-block-inner td-fix-index\">\n<h1 class=\"tdb-title-text\">Donald Trump anun\u021b\u0103 reluarea negocierilor cu Iranul dup\u0103 ce a anulat un atac major<\/h1>\n<\/div>\n<\/div>\n<div class=\"vc_row_inner tdi_12  vc_row vc_inner wpb_row td-pb-row\">\n<div class=\"vc_column_inner tdi_14  wpb_column vc_column_container tdc-inner-column td-pb-span12\">\n<div class=\"vc_column-inner\">\n<div class=\"wpb_wrapper\">\n<div class=\"td_block_wrap tdb_single_author tdi_15 td-pb-border-top td_block_template_1 tdb-post-meta\" data-td-block-uid=\"tdi_15\">\n<div class=\"tdb-block-inner td-fix-index\">\n<div class=\"tdb-author-name-wrap\"><a class=\"tdb-author-name\" href=\"https:\/\/r3media.ro\/author\/redactia\/\">Redac\u021bia<\/a><\/div>\n<\/div>\n<\/div>\n<div class=\"td_block_wrap tdb_single_date tdi_16 td-pb-border-top td_block_template_1 tdb-post-meta\" data-td-block-uid=\"tdi_16\">\n<div class=\"tdb-block-inner td-fix-index\"><time class=\"entry-date updated td-module-date\" datetime=\"2026-08-03T10:28:57+03:00\">03\/08\/2026<\/time><\/div>\n<\/div>\n<\/div>\n<\/div>\n<\/div>\n<\/div>\n<div class=\"td_block_wrap tdb_single_featured_image tdi_17 tdb-content-horiz-left td-pb-border-top td_block_template_1\" data-td-block-uid=\"tdi_17\">\n<div class=\"tdb-block-inner td-fix-index\">\n<figure><figcaption class=\"tdb-caption-text\">Sursa foto: AP Photo\/ Patrick Semansky<\/figcaption><\/figure>\n<\/div>\n<\/div>\n<div class=\"td_block_wrap tdb_single_content tdi_18 td-pb-border-top td_block_template_1 td-post-content tagdiv-type\" data-td-block-uid=\"tdi_18\">\n<div class=\"tdb-block-inner td-fix-index\">\n<p><strong>Pre\u0219edintele american Donald Trump a anun\u021bat noi negocieri cu Iran, la doar c\u00e2teva zile dup\u0103 ce a renun\u021bat, \u00een ultimul moment, la un atac militar de amploare \u00eempotriva Teheranului, scrie<a href=\"https:\/\/www.news.ro\/externe\/trump-anunta-noi-negocieri-cu-iranul-incepand-de-luni-1922405103292026080522574781\" target=\"_blank\" rel=\"noopener\"> News.ro.<\/a><\/strong><\/p>\n<p>Convorbirile marcheaz\u0103 cea mai recent\u0103 \u00eentors\u0103tur\u0103 dintr-un conflict care dureaz\u0103 de mai bine de cinci luni.<\/p>\n<h2><strong>Ce a anun\u021bat Trump<\/strong><\/h2>\n<p>Vorbind cu reporterii la bordul avionului Air Force One duminic\u0103 seara, \u00een drum spre Washington, Trump a declarat c\u0103 negocierile cu Iranul pentru \u00eencheierea r\u0103zboiului vor fi reluate luni dup\u0103-amiaz\u0103.<\/p>\n<p>Este vorba despre primele discu\u021bii recunoscute public de la \u00eenceputul lunii trecute, c\u00e2nd tratativele anterioare s-au destr\u0103mat \u0219i au precedat revenirea la conflictul deschis.<\/p>\n<p>Repet\u00e2nd o afirma\u021bie pe care a f\u0103cut-o de mai multe ori pe parcursul r\u0103zboiului, pre\u0219edintele a sus\u021binut c\u0103 Iranul vrea \u201es\u0103 fac\u0103 o \u00een\u021belegere\u201d, ad\u0103ug\u00e2nd \u00eens\u0103 o not\u0103 de pruden\u021b\u0103: \u201eVom vedea dac\u0103 e adev\u0103rat\u201d, a spus el, potrivit relat\u0103rilor.<\/p>\n<p>Trump a afirmat anterior c\u0103 un acord este \u201eiminent\u201d \u0219i c\u0103 discu\u021biile urmau s\u0103 \u00eenceap\u0103 luni, potrivit <a href=\"https:\/\/abcnews.com\/International\/live-updates\/iran-live-updates-tehran-progress-made-strait-hormuz\/?id=135110405\" target=\"_blank\" rel=\"noopener\">ABC News<\/a>.<\/p>\n<h2><strong>Atacul anulat \u00een ultimul moment<\/strong><\/h2>\n<p>Anun\u021bul vine imediat dup\u0103 ce Trump a renun\u021bat, \u00een weekend, la ceea ce el descrisese drept un atac masiv \u00eempotriva Iranului.<\/p>\n<p>Pre\u0219edintele a declarat c\u0103 a f\u0103cut acest lucru la cererea unor alia\u021bi \u0219i a Teheranului, care ar fi acceptat \u201eparametrii unei \u00een\u021belegeri\u201d.<\/p>\n<p>El a identificat Arabia Saudit\u0103, Emiratele Arabe Unite \u0219i Qatarul drept \u021b\u0103rile care i-au cerut s\u0103 am\u00e2ne opera\u021biunea, spun\u00e2nd c\u0103 acestea cred c\u0103 \u201eun acord este iminent\u201d.<\/p>\n<p>Potrivit lui Trump, decizia a fost luat\u0103 dup\u0103 o convorbire telefonic\u0103 cu prin\u021bul mo\u0219tenitor saudit Mohammed bin Salman, care l-ar fi avertizat c\u0103 urm\u0103rile unui astfel de atac ar fi imprevizibile.<\/p>\n<h2><strong>Ce ar urma s\u0103 con\u021bin\u0103 propunerea<\/strong><\/h2>\n<p>Cea mai recent\u0103 propunere prevede revenirea celor dou\u0103 p\u0103r\u021bi la masa negocierilor pentru a rezolva chestiunile spinoase care deraiaser\u0103 eforturile diplomatice. Potrivit unui oficial regional implicat \u00een mediere, citat de Associated Press, propunerea include redeschiderea str\u00e2mtorii Ormuz \u0219i oprirea atacurilor \u00een regiune, inclusiv cele ale mili\u021biilor sus\u021binute de Iran \u00een Irak \u00eempotriva statelor din Golf \u0219i a Iordaniei.<\/p>\n<p>\u00cen schimb, Statele Unite ar urma s\u0103 pun\u0103 cap\u0103t blocadei navale asupra Iranului \u0219i s\u0103 permit\u0103 Teheranului s\u0103-\u0219i exporte petrolul.<\/p>\n<p>Trump a precizat c\u0103 discu\u021biile vor viza mai \u00eent\u00e2i str\u00e2mtoarea Ormuz \u0219i abia apoi vor conduce c\u0103tre chestiunea nuclear\u0103.<\/p>\n<p>Miza asupra str\u00e2mtorii este clar\u0103: Statele Unite urm\u0103resc restabilirea libert\u0103\u021bii de naviga\u021bie, \u00een timp ce Iranul \u00eencearc\u0103 s\u0103 p\u0103streze o form\u0103 de control asupra vaselor comerciale care o traverseaz\u0103.<\/p>\n<h2><strong>Pruden\u021ba Teheranului<\/strong><\/h2>\n<p>De\u0219i Trump s-a ar\u0103tat optimist, oficialii iranieni au temperat a\u0219tept\u0103rile. Iranul a negat c\u0103 ar exista deja un acord \u00eencheiat.<\/p>\n<p>Ministrul iranian de externe, Abbas Araghchi, a declarat c\u0103 negocierile cu Omanul privind str\u00e2mtoarea Ormuz se afl\u0103 \u201e\u00een etapele finale\u201d \u0219i sunt \u201epe cale de a fi finalizate\u201d, potrivit presei de stat iraniene.<\/p>\n<p>Aceast\u0103 re\u021binere reflect\u0103 un tipar mai vechi al negocierilor.<\/p>\n<p>\u00cenc\u0103 din prim\u0103var\u0103, oficialii iranieni respinseser\u0103 afirma\u021biile lui Trump privind un acord apropiat, un purt\u0103tor de cuv\u00e2nt al ministerului de externe recunosc\u00e2nd progrese, dar contest\u00e2nd ideea c\u0103 semnarea unui acord ar fi iminent\u0103.<\/p>\n<p>At\u00e2t partea american\u0103, c\u00e2t \u0219i cea iranian\u0103 sugeraser\u0103 atunci c\u0103 un eventual acord nu ar aborda \u00een detaliu chestiunile nucleare, acestea urm\u00e2nd a fi tratate \u00een negocieri ulterioare.<\/p>\n<p>Institutul pentru Studiul R\u0103zboiului, un organism nepartizan din Washington, apreciaz\u0103 c\u0103 negociatorii iranieni ar putea fi dispu\u0219i la \u201ecompromisuri limitate\u201d \u00een privin\u021ba controlului asupra str\u00e2mtorii, de\u0219i natura exact\u0103 a acestor concesii r\u0103m\u00e2ne neclar\u0103.<\/p>\n<h2><strong>Contextul: un r\u0103zboi de cinci luni<\/strong><\/h2>\n<p>Escaladarea a \u00eenceput la sf\u00e2r\u0219itul lunii februarie, c\u00e2nd Statele Unite \u0219i Israelul au atacat Iranul cu scopul de a distruge capacit\u0103\u021bile nucleare r\u0103mase ale acestuia, declan\u0219\u00e2nd \u00een schimb un r\u0103zboi care dureaz\u0103 de aproximativ cinci luni.<\/p>\n<p>Pe parcursul conflictului, Teheranul a revendicat controlul militar asupra strategicei str\u00e2mtori Ormuz.<\/p>\n<p>Un armisti\u021biu convenit \u00een aprilie a creat condi\u021biile pentru semnarea, la mijlocul lunii iunie, a unui <a href=\"https:\/\/r3media.ro\/sua-iran-memorandum-pace-stramtoare-ormuz\/\" target=\"_blank\" rel=\"noopener\">memorandum<\/a> de \u00een\u021belegere menit s\u0103 pun\u0103 bazele \u00eencheierii r\u0103zboiului.<\/p>\n<p>\u00cens\u0103, \u00een cursul negocierilor pentru punerea \u00een aplicare a memorandumului, dezacordurile legate de ruta energetic\u0103 vital\u0103 au dus la reluarea luptelor luna trecut\u0103.<\/p>\n<p>Dorin\u021ba lui Trump de a limita programul nuclear iranian este de lung\u0103 durat\u0103: \u00een primul s\u0103u mandat, \u00een 2018, el a retras unilateral Statele Unite dintr-un acord multina\u021bional din era Obama, impun\u00e2nd sanc\u021biuni Teheranului pentru a-l aduce la masa negocierilor.<\/p>\n<h2><strong>Ce urmeaz\u0103<\/strong><\/h2>\n<p>Negocierile programate pentru luni vor ar\u0103ta dac\u0103 optimismul afi\u0219at de Trump \u0219i de alia\u021bii din Golf se traduce \u00een progrese concrete sau dac\u0103, la fel ca \u00een lunile precedente, tratativele se vor \u00eempotmoli din nou \u00een chestiunea str\u00e2mtorii Ormuz.<\/p>\n<p>Pre\u0219edintele american a l\u0103sat de \u00een\u021beles c\u0103 op\u021biunea militar\u0103 r\u0103m\u00e2ne pe mas\u0103, spun\u00e2nd c\u0103 Statele Unite sunt \u201egata de ac\u021biune\u201d oric\u00e2nd dore\u0219te s\u0103 reia loviturile.<\/p>\n<div class=\"crp_related     crp-masonry\">\n<h2>\u00ceN CONTEXT<\/h2>\n<ul>\n<li><a href=\"https:\/\/r3media.ro\/sua-iran-memorandum-pace-stramtoare-ormuz\/\" class=\"crp_link post-118525\"><span class=\"crp_title\">SUA \u0219i Iran au publicat textul memorandumului de pace: redeschiderea Str\u00e2mtorii Ormuz<\/span><\/a><\/li>\n<li><a href=\"https:\/\/r3media.ro\/trump-in-istoria-europei\/\" class=\"crp_link post-115803\"><span class=\"crp_title\">Trump \u00een istoria Europei \u00a0\u00a0<\/span><\/a><\/li>\n<li><a href=\"https:\/\/r3media.ro\/avem-dovezile-trump-e-nebun\/\" class=\"crp_link post-115486\"><span class=\"crp_title\">Avem dovezile: Trump e nebun!<\/span><\/a><\/li>\n<li><a href=\"https:\/\/r3media.ro\/in-numele-legii-sfirsitul\/\" class=\"crp_link post-115376\"><span class=\"crp_title\">\u00cen numele legii, sf\u00eer\u0219itul!<\/span><\/a><\/li>\n<li><a href=\"https:\/\/r3media.ro\/iran-sua-armistitiu-presedinte-donald-trump-epoca-de-aur-orientul-mijlociu\/\" class=\"crp_link post-115812\"><span class=\"crp_title\">Iran \u0219i SUA au \u00eencheiat un armisti\u021biu: Donald Trump spune c\u0103 ar putea \u00eencepe \u201eEpoca de Aur a\u2026<\/span><\/a><\/li>\n<li><a href=\"https:\/\/r3media.ro\/iranul-respinge-orice-negociere-cu-statele-unite\/\" class=\"crp_link post-120536\"><span class=\"crp_title\">Iranul respinge orice negociere cu Statele Unite<\/span><\/a><\/li>\n<li><a href=\"https:\/\/r3media.ro\/stefan-popescu-trump-iran-america-nu-poate\/\" class=\"crp_link post-116799\"><span class=\"crp_title\">\u0218tefan Popescu, despre anun\u021bul lui Trump \u0219i compromisul cu Iranul: Mesajul e simplu, America\u2026<\/span><\/a><\/li>\n<li><a href=\"https:\/\/r3media.ro\/acordul-cu-iranul-aproape-incheiat-donald-trump\/\" class=\"crp_link post-116785\"><span class=\"crp_title\">Acordul cu Iranul este aproape de a fi \u00eencheiat, afirm\u0103 Donald Trump<\/span><\/a><\/li>\n<\/ul>\n<\/div>\n<\/div>\n<\/div>\n<div class=\"td_block_wrap tdb_single_tags tdi_19 td-pb-border-top td_block_template_1\" data-td-block-uid=\"tdi_19\">\n<div class=\"tdb-block-inner td-fix-index\">\n<ul class=\"tdb-tags\">\n<li><span>SUBIECTE FIERBIN\u021aI<\/span><\/li>\n<li><a href=\"https:\/\/r3media.ro\/tag\/donald-trump\/\">donald trump<\/a><\/li>\n<li><a href=\"https:\/\/r3media.ro\/tag\/razboi-iran\/\">razboi iran<\/a><\/li>\n<\/ul>\n<\/div>\n<\/div>\n<div class=\"td_block_wrap td_block_9 tdi_20 td_with_ajax_pagination td-pb-border-top td_block_template_1 td-column-2 td_block_padding td_block_bot_line\" data-td-block-uid=\"tdi_20\">\n<div class=\"td-block-title-wrap\">\n<h4 class=\"block-title td-block-title\"><span class=\"td-pulldown-size\">CITE\u0218TE MAI MULT<\/span><\/h4>\n<\/div>\n<div id=\"tdi_20\" class=\"td_block_inner\">\n<div class=\"td-block-row\">\n<div class=\"td-block-span6\">\n<div class=\"td_module_8 td_module_wrap\">\n<div class=\"item-details\">\n<h3 class=\"entry-title td-module-title\"><a href=\"https:\/\/r3media.ro\/dragostea-care-transcende-epoci-descult-in-parc-1967\/\" rel=\"bookmark\" title=\"Dragostea care transcende epoci \u2014 Descul\u021b \u00een parc (1967)\">Dragostea care transcende epoci \u2014 Descul\u021b \u00een parc (1967)<\/a><\/h3>\n<div class=\"td-module-meta-info\"><a href=\"https:\/\/r3media.ro\/category\/opinii\/\" class=\"td-post-category\">OPINII<\/a><span class=\"td-post-author-name\"><a href=\"https:\/\/r3media.ro\/author\/costi_balasoiu\/\">Constantin B\u0103l\u0103\u0219oiu<\/a><span>&#8211;<\/span><\/span><span class=\"td-post-date\"><time class=\"entry-date updated td-module-date\" datetime=\"2026-08-01T13:45:14+03:00\">01\/08\/2026<\/time><\/span><\/div>\n<\/div>\n<\/div>\n<\/div>\n<div class=\"td-block-span6\">\n<div class=\"td_module_8 td_module_wrap\">\n<div class=\"item-details\">\n<h3 class=\"entry-title td-module-title\"><a href=\"https:\/\/r3media.ro\/masina-electrica-foc-turcia-incarcat-vehicul-explozie-pompieri-stingere-incendiu-video\/\" rel=\"bookmark\" title=\"VIDEO | O ma\u0219in\u0103 electric\u0103 a luat foc \u00een timp ce se afla la \u00eenc\u0103rcat. Vehiculul a explodat chiar c\u00e2nd pompierii \u00eencercau s\u0103 sting\u0103 incendiul folosind o p\u0103tur\u0103 ignifug\u0103\">VIDEO | O ma\u0219in\u0103 electric\u0103 a luat foc \u00een timp ce se afla la&#8230;<\/a><\/h3>\n<div class=\"td-module-meta-info\"><a href=\"https:\/\/r3media.ro\/category\/actualitate\/\" class=\"td-post-category\">ACTUALITATE<\/a><span class=\"td-post-author-name\"><a href=\"https:\/\/r3media.ro\/author\/oana\/\">Oana Ivan<\/a><span>&#8211;<\/span><\/span><span class=\"td-post-date\"><time class=\"entry-date updated td-module-date\" datetime=\"2026-07-31T13:33:48+03:00\">31\/07\/2026<\/time><\/span><\/div>\n<\/div>\n<\/div>\n<\/div>\n<\/div>\n<div class=\"td-block-row\">\n<div class=\"td-block-span6\">\n<div class=\"td_module_8 td_module_wrap\">\n<div class=\"item-details\">\n<h3 class=\"entry-title td-module-title\"><a href=\"https:\/\/r3media.ro\/spania-asediu-migranti-exclava-ceuta-africa-madrid-trupe-securitate-video\/\" rel=\"bookmark\" title=\"VIDEO | Spania se afl\u0103 sub asediu: Mii de migran\u021bi au luat cu asalt exclava Ceuta din Africa. Madridul a trimis trupe pentru a consolida securitatea\">VIDEO | Spania se afl\u0103 sub asediu: Mii de migran\u021bi au luat cu asalt&#8230;<\/a><\/h3>\n<div class=\"td-module-meta-info\"><a href=\"https:\/\/r3media.ro\/category\/actualitate\/\" class=\"td-post-category\">ACTUALITATE<\/a><span class=\"td-post-author-name\"><a href=\"https:\/\/r3media.ro\/author\/oana\/\">Oana Ivan<\/a><span>&#8211;<\/span><\/span><span class=\"td-post-date\"><time class=\"entry-date updated td-module-date\" datetime=\"2026-07-31T12:39:57+03:00\">31\/07\/2026<\/time><\/span><\/div>\n<\/div>\n<\/div>\n<\/div>\n<div class=\"td-block-span6\">\n<div class=\"td_module_8 td_module_wrap\">\n<div class=\"item-details\">\n<h3 class=\"entry-title td-module-title\"><a href=\"https:\/\/r3media.ro\/hyundai-recheama-service-masini-electrice-inster-risc-incendiu\/\" rel=\"bookmark\" title=\"Hyundai recheam\u0103 \u00een service zeci de mii de ma\u0219ini electrice din cauza riscului de incendiu\">Hyundai recheam\u0103 \u00een service zeci de mii de ma\u0219ini electrice din cauza riscului de&#8230;<\/a><\/h3>\n<div class=\"td-module-meta-info\"><a href=\"https:\/\/r3media.ro\/category\/featured\/\" class=\"td-post-category\">FEATURED<\/a><span class=\"td-post-author-name\"><a href=\"https:\/\/r3media.ro\/author\/oana\/\">Oana Ivan<\/a><span>&#8211;<\/span><\/span><span class=\"td-post-date\"><time class=\"entry-date updated td-module-date\" datetime=\"2026-08-02T08:34:05+03:00\">02\/08\/2026<\/time><\/span><\/div>\n<\/div>\n<\/div>\n<\/div>\n<\/div>\n<div class=\"td-block-row\">\n<div class=\"td-block-span6\">\n<div class=\"td_module_8 td_module_wrap\">\n<div class=\"item-details\">\n<h3 class=\"entry-title td-module-title\"><a href=\"https:\/\/r3media.ro\/expert-ucraina-faliment-agricultura-romaneasca-tehnologii-ue\/\" rel=\"bookmark\" title=\"Un expert explic\u0103 felul \u00een care concuren\u021ba din Ucraina bag\u0103 \u00een faliment agricultura rom\u00e2neasc\u0103: Folosesc tehnologii interzise \u00een UE\">Un expert explic\u0103 felul \u00een care concuren\u021ba din Ucraina bag\u0103 \u00een faliment agricultura rom\u00e2neasc\u0103:&#8230;<\/a><\/h3>\n<div class=\"td-module-meta-info\"><a href=\"https:\/\/r3media.ro\/category\/actualitate\/\" class=\"td-post-category\">ACTUALITATE<\/a><span class=\"td-post-author-name\"><a href=\"https:\/\/r3media.ro\/author\/radu_ursan\/\">Radu Ursan<\/a><span>&#8211;<\/span><\/span><span class=\"td-post-date\"><time class=\"entry-date updated td-module-date\" datetime=\"2026-07-30T09:51:48+03:00\">30\/07\/2026<\/time><\/span><\/div>\n<\/div>\n<\/div>\n<\/div>\n<div class=\"td-block-span6\">\n<div class=\"td_module_8 td_module_wrap\">\n<div class=\"item-details\">\n<h3 class=\"entry-title td-module-title\"><a href=\"https:\/\/r3media.ro\/cornel-nistorescu-drone-razboi-ucraina\/\" rel=\"bookmark\" title=\"Cornel Nistorescu, dup\u0103 incidentele cu drone: Adie a aer de r\u0103zboi. De mirare c\u0103 dronele ucrainene nu au st\u00e2rnit at\u00e2ta t\u0103r\u0103boi\">Cornel Nistorescu, dup\u0103 incidentele cu drone: Adie a aer de r\u0103zboi. De mirare c\u0103&#8230;<\/a><\/h3>\n<div class=\"td-module-meta-info\"><a href=\"https:\/\/r3media.ro\/category\/actualitate\/\" class=\"td-post-category\">ACTUALITATE<\/a><span class=\"td-post-author-name\"><a href=\"https:\/\/r3media.ro\/author\/radu_ursan\/\">Radu Ursan<\/a><span>&#8211;<\/span><\/span><span class=\"td-post-date\"><time class=\"entry-date updated td-module-date\" datetime=\"2026-07-28T10:21:51+03:00\">28\/07\/2026<\/time><\/span><\/div>\n<\/div>\n<\/div>\n<\/div>\n<\/div>\n<div class=\"td-block-row\">\n<div class=\"td-block-span6\">\n<div class=\"td_module_8 td_module_wrap\">\n<div class=\"item-details\">\n<h3 class=\"entry-title td-module-title\"><a href=\"https:\/\/r3media.ro\/bnr-recomanda-romani-rezerve-de-cash-atacuri-cibernetice-numerar-relevant-criza\/\" rel=\"bookmark\" title=\"BNR le recomand\u0103 rom\u00e2nilor s\u0103 p\u0103streze rezerve de cash: Numerarul se poate dovedi relevant \u00een criz\u0103\">BNR le recomand\u0103 rom\u00e2nilor s\u0103 p\u0103streze rezerve de cash: Numerarul se poate dovedi relevant&#8230;<\/a><\/h3>\n<div class=\"td-module-meta-info\"><a href=\"https:\/\/r3media.ro\/category\/actualitate\/\" class=\"td-post-category\">ACTUALITATE<\/a><span class=\"td-post-author-name\"><a href=\"https:\/\/r3media.ro\/author\/oana\/\">Oana Ivan<\/a><span>&#8211;<\/span><\/span><span class=\"td-post-date\"><time class=\"entry-date updated td-module-date\" datetime=\"2026-07-27T13:11:47+03:00\">27\/07\/2026<\/time><\/span><\/div>\n<\/div>\n<\/div>\n<\/div>\n<div class=\"td-block-span6\">\n<div class=\"td_module_8 td_module_wrap\">\n<div class=\"item-details\">\n<h3 class=\"entry-title td-module-title\"><a href=\"https:\/\/r3media.ro\/statul-roman-a-semnat-actul-propriei-disparitii\/\" rel=\"bookmark\" title=\"Statul rom\u00e2n a semnat actul propriei dispari\u021bii?\">Statul rom\u00e2n a semnat actul propriei dispari\u021bii?<\/a><\/h3>\n<div class=\"td-module-meta-info\"><a href=\"https:\/\/r3media.ro\/category\/opinii\/\" class=\"td-post-category\">OPINII<\/a><span class=\"td-post-author-name\"><a href=\"https:\/\/r3media.ro\/author\/gabipopa\/\">Gabriel Popa<\/a><span>&#8211;<\/span><\/span><span class=\"td-post-date\"><time class=\"entry-date updated td-module-date\" datetime=\"2026-07-27T15:07:05+03:00\">27\/07\/2026<\/time><\/span><\/div>\n<\/div>\n<\/div>\n<\/div>\n<\/div>\n<div class=\"td-block-row\">\n<div class=\"td-block-span6\">\n<div class=\"td_module_8 td_module_wrap\">\n<div class=\"item-details\">\n<h3 class=\"entry-title td-module-title\"><a href=\"https:\/\/r3media.ro\/prima-oara-istorie-presedintia-document-primplan-patriotism-european\/\" rel=\"bookmark\" title=\"Pentru prima oar\u0103 \u00een istorie, Pre\u0219edin\u021bia Rom\u00e2niei emite un document care pune pe primul plan o alt\u0103 entitate dec\u00e2t \u021bara noastr\u0103: patriotismul european\">Pentru prima oar\u0103 \u00een istorie, Pre\u0219edin\u021bia Rom\u00e2niei emite un document care pune pe primul&#8230;<\/a><\/h3>\n<div class=\"td-module-meta-info\"><a href=\"https:\/\/r3media.ro\/category\/actualitate\/\" class=\"td-post-category\">ACTUALITATE<\/a><span class=\"td-post-author-name\"><a href=\"https:\/\/r3media.ro\/author\/teodor_stan\/\">Teodor Stan<\/a><span>&#8211;<\/span><\/span><span class=\"td-post-date\"><time class=\"entry-date updated td-module-date\" datetime=\"2026-07-26T11:44:31+03:00\">26\/07\/2026<\/time><\/span><\/div>\n<\/div>\n<\/div>\n<\/div>\n<div class=\"td-block-span6\">\n<div class=\"td_module_8 td_module_wrap\">\n<div class=\"item-details\">\n<h3 class=\"entry-title td-module-title\"><a href=\"https:\/\/r3media.ro\/film-nou-stapanul-inelelor-corect-politic-regizor-andy-serkis-diversitate-tolkien-mitologie-nordica\/\" rel=\"bookmark\" title=\"Noul film \u201eSt\u0103p\u00e2nul Inelelor\u201d nu va fi corect politic. Regizorul Andy Serkis: J.R.R. Tolkien a fost influen\u021bat de mitologia nordic\u0103. Nu vrem o distribu\u021bie de dragul de a bifa c\u0103su\u021be\">Noul film \u201eSt\u0103p\u00e2nul Inelelor\u201d nu va fi corect politic. Regizorul Andy Serkis: J.R.R. Tolkien&#8230;<\/a><\/h3>\n<div class=\"td-module-meta-info\"><a href=\"https:\/\/r3media.ro\/category\/actualitate\/\" class=\"td-post-category\">ACTUALITATE<\/a><span class=\"td-post-author-name\"><a href=\"https:\/\/r3media.ro\/author\/oana\/\">Oana Ivan<\/a><span>&#8211;<\/span><\/span><span class=\"td-post-date\"><time class=\"entry-date updated td-module-date\" datetime=\"2026-07-26T15:49:31+03:00\">26\/07\/2026<\/time><\/span><\/div>\n<\/div>\n<\/div>\n<\/div>\n<\/div>\n<div class=\"td-block-row\">\n<div class=\"td-block-span6\">\n<div class=\"td_module_8 td_module_wrap\">\n<div class=\"item-details\">\n<h3 class=\"entry-title td-module-title\"><a href=\"https:\/\/r3media.ro\/dictatura-forma-suprema-a-democratiei\/\" rel=\"bookmark\" title=\"Dictatura \u2013 forma suprem\u0103 a democra\u021biei\">Dictatura \u2013 forma suprem\u0103 a democra\u021biei<\/a><\/h3>\n<div class=\"td-module-meta-info\"><a href=\"https:\/\/r3media.ro\/category\/opinii\/\" class=\"td-post-category\">OPINII<\/a><span class=\"td-post-author-name\"><a href=\"https:\/\/r3media.ro\/author\/tru\/\">TRU (Traian Ungureanu)<\/a><span>&#8211;<\/span><\/span><span class=\"td-post-date\"><time class=\"entry-date updated td-module-date\" datetime=\"2026-07-25T16:43:11+03:00\">25\/07\/2026<\/time><\/span><\/div>\n<\/div>\n<\/div>\n<\/div>\n<div class=\"td-block-span6\">\n<div class=\"td_module_8 td_module_wrap\">\n<div class=\"item-details\">\n<h3 class=\"entry-title td-module-title\"><a href=\"https:\/\/r3media.ro\/marea-britanie-apa-inteligenta-artificiala-romania-centru-ai-restrictii-consum-apa\/\" rel=\"bookmark\" title=\"Marea Britanie nu mai are suficient\u0103 ap\u0103 pentru Inteligen\u021ba Artificial\u0103, dar Rom\u00e2nia vrea s\u0103 g\u0103zduiasc\u0103 un centru AI care consum\u0103 c\u00e2t sute de mii de oameni \u0219i impune restric\u021bii la consumul de ap\u0103 al popula\u021biei\">Marea Britanie nu mai are suficient\u0103 ap\u0103 pentru Inteligen\u021ba Artificial\u0103, dar Rom\u00e2nia vrea s\u0103&#8230;<\/a><\/h3>\n<div class=\"td-module-meta-info\"><a href=\"https:\/\/r3media.ro\/category\/actualitate\/\" class=\"td-post-category\">ACTUALITATE<\/a><span class=\"td-post-author-name\"><a href=\"https:\/\/r3media.ro\/author\/radu_ursan\/\">Radu Ursan<\/a><span>&#8211;<\/span><\/span><span class=\"td-post-date\"><time class=\"entry-date updated td-module-date\" datetime=\"2026-07-23T11:44:13+03:00\">23\/07\/2026<\/time><\/span><\/div>\n<\/div>\n<\/div>\n<\/div>\n<\/div>\n<\/div>\n<div class=\"td-load-more-wrap td-load-more-infinite-wrap\" id=\"infinite-lm-tdi_20\"><a href=\"https:\/\/r3media.ro\/donald-trump-negocieri-cu-iran\/\" class=\"td_ajax_load_more td_ajax_load_more_js\" aria-label=\"\u00cenc\u0103rca\u021bi mai multe\" id=\"next-page-tdi_20\" data-td_block_id=\"tdi_20\">\u00cenc\u0103rca\u021bi mai multe<\/a><\/div>\n<\/div>\n<div class=\"td_block_wrap tdb_single_comments tdi_21 tdb-comm-layout2 td-pb-border-top td_block_template_1\" data-td-block-uid=\"tdi_21\">\n<div class=\"tdb-block-inner td-fix-index\">\n<div class=\"comments\" id=\"comments\">\n<div id=\"respond\" class=\"comment-respond\">\n<h3 id=\"reply-title\" class=\"comment-reply-title\">AI CEVA DE SPUS? <small><a rel=\"nofollow\" id=\"cancel-comment-reply-link\" href=\"https:\/\/r3media.ro\/donald-trump-negocieri-cu-iran\/#respond\">Renun\u021ba\u021bi la r\u0103spuns<\/a><\/small><\/h3>\n<div class=\"comment-form-input-wrap td-form-comment\">\n<div class=\"td-warning-comment\">V\u0103 rug\u0103m s\u0103 introduce\u021bi comentariul dvs.!<\/div>\n<\/div>\n<div class=\"comment-form-input-wrap td-form-author\">\n<div class=\"td-warning-author\">Introduce\u021bi aici numele dvs.<\/div>\n<\/div>\n<div class=\"comment-form-input-wrap td-form-email\">\n<div class=\"td-warning-email-error\">A\u021bi introdus o adres\u0103 de e-mail incorect\u0103!<\/div>\n<div class=\"td-warning-email\">V\u0103 rug\u0103m s\u0103 introduce\u021bi adresa dvs. de e-mail aici<\/div>\n<\/div>\n<\/div>\n<\/div>\n<\/div>\n<\/div>\n<\/div>\n<\/div>\n<div class=\"vc_column tdi_23  wpb_column vc_column_container tdc-column td-pb-span4 td-is-sticky\">\n<div class=\"wpb_wrapper\" data-sticky-enabled-on=\"W3RydWUsdHJ1ZSx0cnVlLHRydWVd\" data-sticky-offset=\"20\" data-sticky-is-width-auto=\"W2ZhbHNlLGZhbHNlLGZhbHNlLGZhbHNlXQ==\">\n<div class=\"wpb_wrapper td_block_wrap vc_widget_sidebar tdi_25 \">\n<div class=\"td_block_wrap td_block_7 td_block_widget tdi_26 td-pb-border-top td_block_template_1 td-column-1 td_block_padding\" data-td-block-uid=\"tdi_26\">\n<div class=\"td-block-title-wrap\">\n<h4 class=\"block-title td-block-title\"><span class=\"td-pulldown-size\">Articole RELA\u021aIONATE<\/span><\/h4>\n<\/div>\n<div id=\"tdi_26\" class=\"td_block_inner\">\n<div class=\"td-block-span12\">\n<div class=\"td_module_6 td_module_wrap td-animation-stack\">\n<div class=\"td-module-thumb\"><a href=\"https:\/\/r3media.ro\/sursa-crizei-energetice-radu-miruta-romania-capacitati-carbune-seceta\/\" rel=\"bookmark\" class=\"td-image-wrap \" title=\"Sursa crizei energetice. Ministrul Radu Miru\u021b\u0103: Rom\u00e2nia a \u00eenchis capacit\u0103\u021bi de produc\u021bie pe carbune f\u0103r\u0103 s\u0103 pun\u0103 nimic \u00een loc. Nu te po\u021bi ascunde \u00een spatele secetei\"><img loading=\"lazy\" decoding=\"async\" class=\"entry-thumb\" src=\"https:\/\/r3media.ro\/wp-content\/uploads\/2026\/08\/criza-energetica-romania-sursa-100x70.jpg\" alt title=\"Sursa crizei energetice. Ministrul Radu Miru\u021b\u0103: Rom\u00e2nia a \u00eenchis capacit\u0103\u021bi de produc\u021bie pe carbune f\u0103r\u0103 s\u0103 pun\u0103 nimic \u00een loc. Nu te po\u021bi ascunde \u00een spatele secetei\" width=\"100\" height=\"70\"><\/a><\/div>\n<div class=\"item-details\">\n<h3 class=\"entry-title td-module-title\"><a href=\"https:\/\/r3media.ro\/sursa-crizei-energetice-radu-miruta-romania-capacitati-carbune-seceta\/\" rel=\"bookmark\" title=\"Sursa crizei energetice. Ministrul Radu Miru\u021b\u0103: Rom\u00e2nia a \u00eenchis capacit\u0103\u021bi de produc\u021bie pe carbune f\u0103r\u0103 s\u0103 pun\u0103 nimic \u00een loc. Nu te po\u021bi ascunde \u00een spatele secetei\">Sursa crizei energetice. Ministrul Radu Miru\u021b\u0103: Rom\u00e2nia a \u00eenchis capacit\u0103\u021bi de&#8230;<\/a><\/h3>\n<div class=\"td-module-meta-info\"><span class=\"td-post-date\"><time class=\"entry-date updated td-module-date\" datetime=\"2026-08-03T11:00:21+03:00\">03\/08\/2026<\/time><\/span><\/div>\n<\/div>\n<\/div>\n<\/div>\n<div class=\"td-block-span12\">\n<div class=\"td_module_6 td_module_wrap td-animation-stack\">\n<div class=\"td-module-thumb\"><a href=\"https:\/\/r3media.ro\/virusul-bourbon-o-boala-rara-si-fara-tratament-a-fost-confirmat-in-statele-unite\/\" rel=\"bookmark\" class=\"td-image-wrap \" title=\"Virusul Bourbon, o boal\u0103 rar\u0103 \u0219i f\u0103r\u0103 tratament, a fost confirmat \u00een Statele Unite\"><img loading=\"lazy\" decoding=\"async\" class=\"entry-thumb\" src=\"https:\/\/r3media.ro\/wp-content\/uploads\/2026\/08\/virusul-bourbon-Amblyomma-americanum--100x70.jpg\" alt title=\"Virusul Bourbon, o boal\u0103 rar\u0103 \u0219i f\u0103r\u0103 tratament, a fost confirmat \u00een Statele Unite\" width=\"100\" height=\"70\"><\/a><\/div>\n<div class=\"item-details\">\n<h3 class=\"entry-title td-module-title\"><a href=\"https:\/\/r3media.ro\/virusul-bourbon-o-boala-rara-si-fara-tratament-a-fost-confirmat-in-statele-unite\/\" rel=\"bookmark\" title=\"Virusul Bourbon, o boal\u0103 rar\u0103 \u0219i f\u0103r\u0103 tratament, a fost confirmat \u00een Statele Unite\">Virusul Bourbon, o boal\u0103 rar\u0103 \u0219i f\u0103r\u0103 tratament, a fost confirmat&#8230;<\/a><\/h3>\n<div class=\"td-module-meta-info\"><span class=\"td-post-date\"><time class=\"entry-date updated td-module-date\" datetime=\"2026-08-03T09:49:53+03:00\">03\/08\/2026<\/time><\/span><\/div>\n<\/div>\n<\/div>\n<\/div>\n<div class=\"td-block-span12\">\n<div class=\"td_module_6 td_module_wrap td-animation-stack\">\n<div class=\"td-module-thumb\"><a href=\"https:\/\/r3media.ro\/3-august-1601-batalia-de-la-guruslau-mihai-viteazul\/\" rel=\"bookmark\" class=\"td-image-wrap \" title=\"3 august 1601, B\u0103t\u0103lia de la Gurusl\u0103u. Ultima victorie a lui Mihai Viteazul\"><img loading=\"lazy\" decoding=\"async\" class=\"entry-thumb\" src=\"https:\/\/r3media.ro\/wp-content\/uploads\/2021\/08\/maxresdefault-1-100x70.jpg\" alt title=\"3 august 1601, B\u0103t\u0103lia de la Gurusl\u0103u. Ultima victorie a lui Mihai Viteazul\" width=\"100\" height=\"70\"><\/a><\/div>\n<div class=\"item-details\">\n<h3 class=\"entry-title td-module-title\"><a href=\"https:\/\/r3media.ro\/3-august-1601-batalia-de-la-guruslau-mihai-viteazul\/\" rel=\"bookmark\" title=\"3 august 1601, B\u0103t\u0103lia de la Gurusl\u0103u. Ultima victorie a lui Mihai Viteazul\">3 august 1601, B\u0103t\u0103lia de la Gurusl\u0103u. Ultima victorie a lui&#8230;<\/a><\/h3>\n<div class=\"td-module-meta-info\"><span class=\"td-post-date\"><time class=\"entry-date updated td-module-date\" datetime=\"2026-08-02T22:44:33+03:00\">02\/08\/2026<\/time><\/span><\/div>\n<\/div>\n<\/div>\n<\/div>\n<div class=\"td-block-span12\">\n<div class=\"td_module_6 td_module_wrap td-animation-stack\">\n<div class=\"td-module-thumb\"><a href=\"https:\/\/r3media.ro\/3-august-iraclie-basarabia-sfintii-isaachie-dalmat-si-faust\/\" rel=\"bookmark\" class=\"td-image-wrap \" title=\"Calendarul zilei 3 august: Sf.Iraclie din Basarabia. Sfin\u021bii Isaachie, Dalmat \u0219i Faust\"><img loading=\"lazy\" decoding=\"async\" class=\"entry-thumb\" src=\"https:\/\/r3media.ro\/wp-content\/uploads\/2025\/08\/icoana-Sf.Iraclie-din-Basarabia-1019x1536-1-100x70.webp\" alt title=\"Calendarul zilei 3 august: Sf.Iraclie din Basarabia. Sfin\u021bii Isaachie, Dalmat \u0219i Faust\" width=\"100\" height=\"70\"><\/a><\/div>\n<div class=\"item-details\">\n<h3 class=\"entry-title td-module-title\"><a href=\"https:\/\/r3media.ro\/3-august-iraclie-basarabia-sfintii-isaachie-dalmat-si-faust\/\" rel=\"bookmark\" title=\"Calendarul zilei 3 august: Sf.Iraclie din Basarabia. Sfin\u021bii Isaachie, Dalmat \u0219i Faust\">Calendarul zilei 3 august: Sf.Iraclie din Basarabia. Sfin\u021bii Isaachie, Dalmat \u0219i&#8230;<\/a><\/h3>\n<div class=\"td-module-meta-info\"><span class=\"td-post-date\"><time class=\"entry-date updated td-module-date\" datetime=\"2026-08-02T22:22:27+03:00\">02\/08\/2026<\/time><\/span><\/div>\n<\/div>\n<\/div>\n<\/div>\n<div class=\"td-block-span12\">\n<div class=\"td_module_6 td_module_wrap td-animation-stack\">\n<div class=\"td-module-thumb\"><a href=\"https:\/\/r3media.ro\/puterea-mitologica-instalata-a-romaniei\/\" rel=\"bookmark\" class=\"td-image-wrap \" title=\"Puterea mitologic\u0103 instalat\u0103 a Rom\u00e2niei\"><img loading=\"lazy\" decoding=\"async\" class=\"entry-thumb\" src=\"https:\/\/r3media.ro\/wp-content\/uploads\/2025\/02\/pnrr-100x70.jpg\" alt title=\"Puterea mitologic\u0103 instalat\u0103 a Rom\u00e2niei\" width=\"100\" height=\"70\"><\/a><\/div>\n<div class=\"item-details\">\n<h3 class=\"entry-title td-module-title\"><a href=\"https:\/\/r3media.ro\/puterea-mitologica-instalata-a-romaniei\/\" rel=\"bookmark\" title=\"Puterea mitologic\u0103 instalat\u0103 a Rom\u00e2niei\">Puterea mitologic\u0103 instalat\u0103 a Rom\u00e2niei<\/a><\/h3>\n<div class=\"td-module-meta-info\"><span class=\"td-post-date\"><time class=\"entry-date updated td-module-date\" datetime=\"2026-08-02T22:08:04+03:00\">02\/08\/2026<\/time><\/span><\/div>\n<\/div>\n<\/div>\n<\/div>\n<div class=\"td-block-span12\">\n<div class=\"td_module_6 td_module_wrap td-animation-stack\">\n<div class=\"td-module-thumb\"><a href=\"https:\/\/r3media.ro\/reducere-10-supermarket-stat-new-york-discount-clienti-case-self-service\/\" rel=\"bookmark\" class=\"td-image-wrap \" title=\"Reducere de 10% la supermarket: Statul New York ar putea oferi un discount clien\u021bilor care aleg casele self-service\"><img loading=\"lazy\" decoding=\"async\" class=\"entry-thumb\" src=\"https:\/\/r3media.ro\/wp-content\/uploads\/2026\/08\/supermarket-100x70.jpg\" alt title=\"Reducere de 10% la supermarket: Statul New York ar putea oferi un discount clien\u021bilor care aleg casele self-service\" width=\"100\" height=\"70\"><\/a><\/div>\n<div class=\"item-details\">\n<h3 class=\"entry-title td-module-title\"><a href=\"https:\/\/r3media.ro\/reducere-10-supermarket-stat-new-york-discount-clienti-case-self-service\/\" rel=\"bookmark\" title=\"Reducere de 10% la supermarket: Statul New York ar putea oferi un discount clien\u021bilor care aleg casele self-service\">Reducere de 10% la supermarket: Statul New York ar putea oferi&#8230;<\/a><\/h3>\n<div class=\"td-module-meta-info\"><span class=\"td-post-date\"><time class=\"entry-date updated td-module-date\" datetime=\"2026-08-02T15:32:06+03:00\">02\/08\/2026<\/time><\/span><\/div>\n<\/div>\n<\/div>\n<\/div>\n<div class=\"td-block-span12\">\n<div class=\"td_module_6 td_module_wrap td-animation-stack\">\n<div class=\"td-module-thumb\"><a href=\"https:\/\/r3media.ro\/hyundai-recheama-service-masini-electrice-inster-risc-incendiu\/\" rel=\"bookmark\" class=\"td-image-wrap \" title=\"Hyundai recheam\u0103 \u00een service zeci de mii de ma\u0219ini electrice din cauza riscului de incendiu\"><img loading=\"lazy\" decoding=\"async\" class=\"entry-thumb\" src=\"https:\/\/r3media.ro\/wp-content\/uploads\/2026\/08\/masina-hyundai-100x70.jpg\" alt title=\"Hyundai recheam\u0103 \u00een service zeci de mii de ma\u0219ini electrice din cauza riscului de incendiu\" width=\"100\" height=\"70\"><\/a><\/div>\n<div class=\"item-details\">\n<h3 class=\"entry-title td-module-title\"><a href=\"https:\/\/r3media.ro\/hyundai-recheama-service-masini-electrice-inster-risc-incendiu\/\" rel=\"bookmark\" title=\"Hyundai recheam\u0103 \u00een service zeci de mii de ma\u0219ini electrice din cauza riscului de incendiu\">Hyundai recheam\u0103 \u00een service zeci de mii de ma\u0219ini electrice din&#8230;<\/a><\/h3>\n<div class=\"td-module-meta-info\"><span class=\"td-post-date\"><time class=\"entry-date updated td-module-date\" datetime=\"2026-08-02T08:34:05+03:00\">02\/08\/2026<\/time><\/span><\/div>\n<\/div>\n<\/div>\n<\/div>\n<\/div>\n<\/div>\n<aside class=\"td_block_template_1 widget widget_recent_comments\">\n<h4 class=\"block-title\"><span>INTR\u0102 \u00ceN DISCU\u021aIE!<\/span><\/h4>\n<ul id=\"recentcomments\">\n<li class=\"recentcomments\"><span class=\"comment-author-link\">Nicu<\/span> la <a href=\"https:\/\/r3media.ro\/puterea-mitologica-instalata-a-romaniei\/#comment-40341\">Puterea mitologic\u0103 instalat\u0103 a Rom\u00e2niei<\/a><\/li>\n<li class=\"recentcomments\"><span class=\"comment-author-link\">Eu pot, dar voi ?<\/span> la <a href=\"https:\/\/r3media.ro\/europarlamentarul-gheorghe-piperea-psd-pnl-usr-udmr-sunt-de-fapt-pro-ucraineni-noi-preferam-sa-fim-pro-romani\/#comment-40340\">Europarlamentarul Gheorghe Piperea: PSD-PNL-USR-UDMR sunt de fapt, pro-ucraineni. Noi prefer\u0103m s\u0103 fim pro-rom\u00e2ni<\/a><\/li>\n<li class=\"recentcomments\"><span class=\"comment-author-link\">Eu pot, dar voi ?<\/span> la <a href=\"https:\/\/r3media.ro\/steinhardt-caragiale-si-sufletul-romanesc\/#comment-40339\">Steinhardt, Caragiale \u015fi sufletul rom\u00e2nesc<\/a><\/li>\n<li class=\"recentcomments\"><span class=\"comment-author-link\">E.T.<\/span> la <a href=\"https:\/\/r3media.ro\/statul-roman-a-semnat-actul-propriei-disparitii\/#comment-40338\">Statul rom\u00e2n a semnat actul propriei dispari\u021bii?<\/a><\/li>\n<li class=\"recentcomments\"><span class=\"comment-author-link\">E.T.<\/span> la <a href=\"https:\/\/r3media.ro\/dragostea-care-transcende-epoci-descult-in-parc-1967\/#comment-40337\">Dragostea care transcende epoci \u2014 Descul\u021b \u00een parc (1967)<\/a><\/li>\n<li class=\"recentcomments\"><span class=\"comment-author-link\">E.T.<\/span> la <a href=\"https:\/\/r3media.ro\/spania-asediu-migranti-exclava-ceuta-africa-madrid-trupe-securitate-video\/#comment-40336\">VIDEO | Spania se afl\u0103 sub asediu: Mii de migran\u021bi au luat cu asalt exclava Ceuta din Africa. Madridul a trimis trupe pentru a consolida securitatea<\/a><\/li>\n<li class=\"recentcomments\"><span class=\"comment-author-link\">Nicu<\/span> la <a href=\"https:\/\/r3media.ro\/antifa-instiga-violenta-manifestatie-pasnica-remigratie-olanda\/#comment-40335\">Antifa \u0219i grupurile anarhiste instig\u0103 la violen\u021b\u0103 la o manifesta\u021bie pa\u0219nic\u0103 pentru remigra\u021bie organizat\u0103 \u00een Olanda<\/a><\/li>\n<\/ul>\n<\/aside>\n<aside class=\"td_block_template_1 widget widget_search\">\n<h4 class=\"block-title\"><span>CAUT\u0102 \u0218I VEI G\u0102SI<\/span><\/h4>\n<\/aside>\n<\/div>\n<\/div>\n<\/div>\n<\/div>\n<\/div>\n<\/div>\n<\/div>\n<p><span class=\"td-page-meta\"><\/span><span class=\"td-page-meta\"><span class=\"td-page-meta\"><\/span><\/span><span class=\"td-page-meta\"><\/span><\/article>\n<\/p>\n<div class=\"td_block_wrap tdb_single_content tdi_18 td-pb-border-top td_block_template_1 td-post-content tagdiv-type\" data-td-block-uid=\"tdi_18\">\n<div class=\"tdb-block-inner td-fix-index\">\n<p><strong>Pre\u0219edintele american Donald Trump a anun\u021bat noi negocieri cu Iran, la doar c\u00e2teva zile dup\u0103 ce a renun\u021bat, \u00een ultimul moment, la un atac militar de amploare \u00eempotriva Teheranului, scrie<a href=\"https:\/\/www.news.ro\/externe\/trump-anunta-noi-negocieri-cu-iranul-incepand-de-luni-1922405103292026080522574781\" target=\"_blank\" rel=\"noopener\"> News.ro.<\/a><\/strong><\/p>\n<p>Convorbirile marcheaz\u0103 cea mai recent\u0103 \u00eentors\u0103tur\u0103 dintr-un conflict care dureaz\u0103 de mai bine de cinci luni.<\/p>\n<h2><strong>Ce a anun\u021bat Trump<\/strong><\/h2>\n<p>Vorbind cu reporterii la bordul avionului Air Force One duminic\u0103 seara, \u00een drum spre Washington, Trump a declarat c\u0103 negocierile cu Iranul pentru \u00eencheierea r\u0103zboiului vor fi reluate luni dup\u0103-amiaz\u0103.<\/p>\n<p>Este vorba despre primele discu\u021bii recunoscute public de la \u00eenceputul lunii trecute, c\u00e2nd tratativele anterioare s-au destr\u0103mat \u0219i au precedat revenirea la conflictul deschis.<\/p>\n<p>Repet\u00e2nd o afirma\u021bie pe care a f\u0103cut-o de mai multe ori pe parcursul r\u0103zboiului, pre\u0219edintele a sus\u021binut c\u0103 Iranul vrea \u201es\u0103 fac\u0103 o \u00een\u021belegere\u201d, ad\u0103ug\u00e2nd \u00eens\u0103 o not\u0103 de pruden\u021b\u0103: \u201eVom vedea dac\u0103 e adev\u0103rat\u201d, a spus el, potrivit relat\u0103rilor.<\/p>\n<p>Trump a afirmat anterior c\u0103 un acord este \u201eiminent\u201d \u0219i c\u0103 discu\u021biile urmau s\u0103 \u00eenceap\u0103 luni, potrivit <a href=\"https:\/\/abcnews.com\/International\/live-updates\/iran-live-updates-tehran-progress-made-strait-hormuz\/?id=135110405\" target=\"_blank\" rel=\"noopener\">ABC News<\/a>.<\/p>\n<h2><strong>Atacul anulat \u00een ultimul moment<\/strong><\/h2>\n<p>Anun\u021bul vine imediat dup\u0103 ce Trump a renun\u021bat, \u00een weekend, la ceea ce el descrisese drept un atac masiv \u00eempotriva Iranului.<\/p>\n<p>Pre\u0219edintele a declarat c\u0103 a f\u0103cut acest lucru la cererea unor alia\u021bi \u0219i a Teheranului, care ar fi acceptat \u201eparametrii unei \u00een\u021belegeri\u201d.<\/p>\n<p>El a identificat Arabia Saudit\u0103, Emiratele Arabe Unite \u0219i Qatarul drept \u021b\u0103rile care i-au cerut s\u0103 am\u00e2ne opera\u021biunea, spun\u00e2nd c\u0103 acestea cred c\u0103 \u201eun acord este iminent\u201d.<\/p>\n<p>Potrivit lui Trump, decizia a fost luat\u0103 dup\u0103 o convorbire telefonic\u0103 cu prin\u021bul mo\u0219tenitor saudit Mohammed bin Salman, care l-ar fi avertizat c\u0103 urm\u0103rile unui astfel de atac ar fi imprevizibile.<\/p>\n<h2><strong>Ce ar urma s\u0103 con\u021bin\u0103 propunerea<\/strong><\/h2>\n<p>Cea mai recent\u0103 propunere prevede revenirea celor dou\u0103 p\u0103r\u021bi la masa negocierilor pentru a rezolva chestiunile spinoase care deraiaser\u0103 eforturile diplomatice. Potrivit unui oficial regional implicat \u00een mediere, citat de Associated Press, propunerea include redeschiderea str\u00e2mtorii Ormuz \u0219i oprirea atacurilor \u00een regiune, inclusiv cele ale mili\u021biilor sus\u021binute de Iran \u00een Irak \u00eempotriva statelor din Golf \u0219i a Iordaniei.<\/p>\n<p>\u00cen schimb, Statele Unite ar urma s\u0103 pun\u0103 cap\u0103t blocadei navale asupra Iranului \u0219i s\u0103 permit\u0103 Teheranului s\u0103-\u0219i exporte petrolul.<\/p>\n<p>Trump a precizat c\u0103 discu\u021biile vor viza mai \u00eent\u00e2i str\u00e2mtoarea Ormuz \u0219i abia apoi vor conduce c\u0103tre chestiunea nuclear\u0103.<\/p>\n<p>Miza asupra str\u00e2mtorii este clar\u0103: Statele Unite urm\u0103resc restabilirea libert\u0103\u021bii de naviga\u021bie, \u00een timp ce Iranul \u00eencearc\u0103 s\u0103 p\u0103streze o form\u0103 de control asupra vaselor comerciale care o traverseaz\u0103.<\/p>\n<h2><strong>Pruden\u021ba Teheranului<\/strong><\/h2>\n<p>De\u0219i Trump s-a ar\u0103tat optimist, oficialii iranieni au temperat a\u0219tept\u0103rile. Iranul a negat c\u0103 ar exista deja un acord \u00eencheiat.<\/p>\n<p>Ministrul iranian de externe, Abbas Araghchi, a declarat c\u0103 negocierile cu Omanul privind str\u00e2mtoarea Ormuz se afl\u0103 \u201e\u00een etapele finale\u201d \u0219i sunt \u201epe cale de a fi finalizate\u201d, potrivit presei de stat iraniene.<\/p>\n<p>Aceast\u0103 re\u021binere reflect\u0103 un tipar mai vechi al negocierilor.<\/p>\n<p>\u00cenc\u0103 din prim\u0103var\u0103, oficialii iranieni respinseser\u0103 afirma\u021biile lui Trump privind un acord apropiat, un purt\u0103tor de cuv\u00e2nt al ministerului de externe recunosc\u00e2nd progrese, dar contest\u00e2nd ideea c\u0103 semnarea unui acord ar fi iminent\u0103.<\/p>\n<p>At\u00e2t partea american\u0103, c\u00e2t \u0219i cea iranian\u0103 sugeraser\u0103 atunci c\u0103 un eventual acord nu ar aborda \u00een detaliu chestiunile nucleare, acestea urm\u00e2nd a fi tratate \u00een negocieri ulterioare.<\/p>\n<p>Institutul pentru Studiul R\u0103zboiului, un organism nepartizan din Washington, apreciaz\u0103 c\u0103 negociatorii iranieni ar putea fi dispu\u0219i la \u201ecompromisuri limitate\u201d \u00een privin\u021ba controlului asupra str\u00e2mtorii, de\u0219i natura exact\u0103 a acestor concesii r\u0103m\u00e2ne neclar\u0103.<\/p>\n<h2><strong>Contextul: un r\u0103zboi de cinci luni<\/strong><\/h2>\n<p>Escaladarea a \u00eenceput la sf\u00e2r\u0219itul lunii februarie, c\u00e2nd Statele Unite \u0219i Israelul au atacat Iranul cu scopul de a distruge capacit\u0103\u021bile nucleare r\u0103mase ale acestuia, declan\u0219\u00e2nd \u00een schimb un r\u0103zboi care dureaz\u0103 de aproximativ cinci luni.<\/p>\n<p>Pe parcursul conflictului, Teheranul a revendicat controlul militar asupra strategicei str\u00e2mtori Ormuz.<\/p>\n<p>Un armisti\u021biu convenit \u00een aprilie a creat condi\u021biile pentru semnarea, la mijlocul lunii iunie, a unui <a href=\"https:\/\/r3media.ro\/sua-iran-memorandum-pace-stramtoare-ormuz\/\" target=\"_blank\" rel=\"noopener\">memorandum<\/a> de \u00een\u021belegere menit s\u0103 pun\u0103 bazele \u00eencheierii r\u0103zboiului.<\/p>\n<p>\u00cens\u0103, \u00een cursul negocierilor pentru punerea \u00een aplicare a memorandumului, dezacordurile legate de ruta energetic\u0103 vital\u0103 au dus la reluarea luptelor luna trecut\u0103.<\/p>\n<p>Dorin\u021ba lui Trump de a limita programul nuclear iranian este de lung\u0103 durat\u0103: \u00een primul s\u0103u mandat, \u00een 2018, el a retras unilateral Statele Unite dintr-un acord multina\u021bional din era Obama, impun\u00e2nd sanc\u021biuni Teheranului pentru a-l aduce la masa negocierilor.<\/p>\n<h2><strong>Ce urmeaz\u0103<\/strong><\/h2>\n<p>Negocierile programate pentru luni vor ar\u0103ta dac\u0103 optimismul afi\u0219at de Trump \u0219i de alia\u021bii din Golf se traduce \u00een progrese concrete sau dac\u0103, la fel ca \u00een lunile precedente, tratativele se vor \u00eempotmoli din nou \u00een chestiunea str\u00e2mtorii Ormuz.<\/p>\n<p>Pre\u0219edintele american a l\u0103sat de \u00een\u021beles c\u0103 op\u021biunea militar\u0103 r\u0103m\u00e2ne pe mas\u0103, spun\u00e2nd c\u0103 Statele Unite sunt \u201egata de ac\u021biune\u201d oric\u00e2nd dore\u0219te s\u0103 reia loviturile.<\/p>\n<div class=\"crp_related     crp-masonry\">\n<h2>\u00ceN CONTEXT<\/h2>\n<ul>\n<li><a href=\"https:\/\/r3media.ro\/sua-iran-memorandum-pace-stramtoare-ormuz\/\" class=\"crp_link post-118525\"><span class=\"crp_title\">SUA \u0219i Iran au publicat textul memorandumului de pace: redeschiderea Str\u00e2mtorii Ormuz<\/span><\/a><\/li>\n<li><a href=\"https:\/\/r3media.ro\/trump-in-istoria-europei\/\" class=\"crp_link post-115803\"><span class=\"crp_title\">Trump \u00een istoria Europei \u00a0\u00a0<\/span><\/a><\/li>\n<li><a href=\"https:\/\/r3media.ro\/avem-dovezile-trump-e-nebun\/\" class=\"crp_link post-115486\"><span class=\"crp_title\">Avem dovezile: Trump e nebun!<\/span><\/a><\/li>\n<li><a href=\"https:\/\/r3media.ro\/in-numele-legii-sfirsitul\/\" class=\"crp_link post-115376\"><span class=\"crp_title\">\u00cen numele legii, sf\u00eer\u0219itul!<\/span><\/a><\/li>\n<li><a href=\"https:\/\/r3media.ro\/iran-sua-armistitiu-presedinte-donald-trump-epoca-de-aur-orientul-mijlociu\/\" class=\"crp_link post-115812\"><span class=\"crp_title\">Iran \u0219i SUA au \u00eencheiat un armisti\u021biu: Donald Trump spune c\u0103 ar putea \u00eencepe \u201eEpoca de Aur a\u2026<\/span><\/a><\/li>\n<li><a href=\"https:\/\/r3media.ro\/iranul-respinge-orice-negociere-cu-statele-unite\/\" class=\"crp_link post-120536\"><span class=\"crp_title\">Iranul respinge orice negociere cu Statele Unite<\/span><\/a><\/li>\n<li><a href=\"https:\/\/r3media.ro\/stefan-popescu-trump-iran-america-nu-poate\/\" class=\"crp_link post-116799\"><span class=\"crp_title\">\u0218tefan Popescu, despre anun\u021bul lui Trump \u0219i compromisul cu Iranul: Mesajul e simplu, America\u2026<\/span><\/a><\/li>\n<li><a href=\"https:\/\/r3media.ro\/acordul-cu-iranul-aproape-incheiat-donald-trump\/\" class=\"crp_link post-116785\"><span class=\"crp_title\">Acordul cu Iranul este aproape de a fi \u00eencheiat, afirm\u0103 Donald Trump<\/span><\/a><\/li>\n<\/ul>\n<\/div>\n<\/div>\n<\/div>\n<p>[analyse_source url=&#8221;https:\/\/r3media.ro\/donald-trump-negocieri-cu-iran\/&#8221;]<\/p>\n","protected":false},"excerpt":{"rendered":"<p>[analyse_image type=&#8221;featured&#8221; src=&#8221;https:\/\/r3media.ro\/wp-content\/uploads\/2021\/08\/UGR4YYGIQNEBLBQNEO6JW3GH74-scaled-e1729617577450.jpghttps:\/\/r3media.ro\/wp-content\/uploads\/2021\/08\/UGR4YYGIQNEBLBQNEO6JW3GH74-scaled-e1729617577450.jpg&#8221;] PRIM PLANDonald Trump anun\u021b\u0103 reluarea negocierilor cu Iranul dup\u0103 ce a anulat un&#8230; PRIM PLAN\u0218TIRI Donald Trump anun\u021b\u0103 reluarea negocierilor cu Iranul dup\u0103 ce a anulat un atac major Redac\u021bia 03\/08\/2026 Sursa foto: AP Photo\/ Patrick Semansky Pre\u0219edintele american Donald Trump a anun\u021bat noi negocieri cu Iran, la doar c\u00e2teva zile dup\u0103 [&hellip;]<\/p>\n","protected":false},"author":1,"featured_media":0,"comment_status":"open","ping_status":"","sticky":false,"template":"","format":"standard","meta":{"footnotes":""},"categories":[89],"tags":[226,93],"class_list":["post-2074643","post","type-post","status-publish","format-standard","hentry","category-romania","tag-crawlmanager","tag-r3media-ro"],"_links":{"self":[{"href":"https:\/\/analyse.optim.biz\/index.php?rest_route=\/wp\/v2\/posts\/2074643","targetHints":{"allow":["GET"]}}],"collection":[{"href":"https:\/\/analyse.optim.biz\/index.php?rest_route=\/wp\/v2\/posts"}],"about":[{"href":"https:\/\/analyse.optim.biz\/index.php?rest_route=\/wp\/v2\/types\/post"}],"author":[{"embeddable":true,"href":"https:\/\/analyse.optim.biz\/index.php?rest_route=\/wp\/v2\/users\/1"}],"replies":[{"embeddable":true,"href":"https:\/\/analyse.optim.biz\/index.php?rest_route=%2Fwp%2Fv2%2Fcomments&post=2074643"}],"version-history":[{"count":0,"href":"https:\/\/analyse.optim.biz\/index.php?rest_route=\/wp\/v2\/posts\/2074643\/revisions"}],"wp:attachment":[{"href":"https:\/\/analyse.optim.biz\/index.php?rest_route=%2Fwp%2Fv2%2Fmedia&parent=2074643"}],"wp:term":[{"taxonomy":"category","embeddable":true,"href":"https:\/\/analyse.optim.biz\/index.php?rest_route=%2Fwp%2Fv2%2Fcategories&post=2074643"},{"taxonomy":"post_tag","embeddable":true,"href":"https:\/\/analyse.optim.biz\/index.php?rest_route=%2Fwp%2Fv2%2Ftags&post=2074643"}],"curies":[{"name":"wp","href":"https:\/\/api.w.org\/{rel}","templated":true}]}}