{"id":207458,"date":"2014-04-17T15:38:59","date_gmt":"2014-04-17T12:38:59","guid":{"rendered":"https:\/\/analyse.optim.biz\/?p=207458"},"modified":"2014-04-17T15:38:59","modified_gmt":"2014-04-17T12:38:59","slug":"the-telegraph-premierul-romaniei-si-a-mutat-biroul-la-mapn-pentru-ca-presedintia-il-spioneaza","status":"publish","type":"post","link":"https:\/\/analyse.optim.biz\/?p=207458","title":{"rendered":"The Telegraph: Premierul Rom\u00e2niei \u015fi-a mutat biroul la MAPN pentru c\u0103 &#8220;pre\u015fedin\u0163ia \u00eel spioneaz\u0103&#8221;"},"content":{"rendered":"<div class=\"entry data-app-meta data-app-meta-article\" data-embed-base-url-canonical=\"https:\/\/www.digi24.ro\/embed\/stiri\/actualitate\/politica\/the-telegraph-premierul-romaniei-si-a-mutat-biroul-la-mapn-pentru-ca-presedintia-il-spioneaza-230985\">\n<p data-index=\"1\">Potrivit jurnali\u015ftilor britanici, <strong><a href=\"https:\/\/www.digi24.ro\/Stiri\/Digi24\/Actualitate\/Politica\/Victor+Ponta+si-a+mutat+biroul+la+MApN+Vreau+ca+toata+activitate\" target=\"_blank\" data-skip-linkfix=\"1\" rel=\"noopener\">\u015feful Guvernului crede c\u0103 pre\u015fedintele \u0163\u0103rii \u00eei monitorizeaz\u0103 telefonul.<\/a><\/strong> Drept concluzie, ziari\u015ftii The Telegraph scriu c\u0103 \u015feful statului \u015fi premierul \u015fi-au f\u0103cut un obicei \u00een a se acuza reciproc de corup\u0163ie.<\/p>\n<p data-index=\"2\">Ei atrag aten\u0163ia c\u0103 acest lucru ar putea afecta \u015fi mai mult imaginea Romaniei, \u0163ar\u0103 considerat\u0103 deja una dintre cele mai corupte din Uniunea European\u0103.<\/p>\n<p data-index=\"3\">&#8220;M\u0103 a\u015ftept la \u00eenscen\u0103ri din partea lui B\u0103sescu \u015fi a oamenilor lui, dar vreau s\u0103 le \u00eempiedic planurile&#8221;, a spus premierul, citat de The Telegraph.\u00a0<\/p>\n<\/div>\n<p> Source URL: https:\/\/www.digi24.ro\/stiri\/actualitate\/politica\/the-telegraph-premierul-romaniei-si-a-mutat-biroul-la-mapn-pentru-ca-presedintia-il-spioneaza-230985<\/p>\n","protected":false},"excerpt":{"rendered":"<p>Potrivit jurnali\u015ftilor britanici, \u015feful Guvernului crede c\u0103 pre\u015fedintele \u0163\u0103rii \u00eei monitorizeaz\u0103 telefonul. Drept concluzie, ziari\u015ftii The Telegraph scriu c\u0103 \u015feful statului \u015fi premierul \u015fi-au f\u0103cut un obicei \u00een a se acuza reciproc de corup\u0163ie. Ei atrag aten\u0163ia c\u0103 acest lucru ar putea afecta \u015fi mai mult imaginea Romaniei, \u0163ar\u0103 considerat\u0103 deja una dintre cele mai [&hellip;]<\/p>\n","protected":false},"author":1,"featured_media":207459,"comment_status":"open","ping_status":"","sticky":false,"template":"","format":"standard","meta":{"footnotes":""},"categories":[2],"tags":[11],"class_list":["post-207458","post","type-post","status-publish","format-standard","has-post-thumbnail","hentry","category-politics","tag-digi24"],"_links":{"self":[{"href":"https:\/\/analyse.optim.biz\/index.php?rest_route=\/wp\/v2\/posts\/207458","targetHints":{"allow":["GET"]}}],"collection":[{"href":"https:\/\/analyse.optim.biz\/index.php?rest_route=\/wp\/v2\/posts"}],"about":[{"href":"https:\/\/analyse.optim.biz\/index.php?rest_route=\/wp\/v2\/types\/post"}],"author":[{"embeddable":true,"href":"https:\/\/analyse.optim.biz\/index.php?rest_route=\/wp\/v2\/users\/1"}],"replies":[{"embeddable":true,"href":"https:\/\/analyse.optim.biz\/index.php?rest_route=%2Fwp%2Fv2%2Fcomments&post=207458"}],"version-history":[{"count":0,"href":"https:\/\/analyse.optim.biz\/index.php?rest_route=\/wp\/v2\/posts\/207458\/revisions"}],"wp:featuredmedia":[{"embeddable":true,"href":"https:\/\/analyse.optim.biz\/index.php?rest_route=\/wp\/v2\/media\/207459"}],"wp:attachment":[{"href":"https:\/\/analyse.optim.biz\/index.php?rest_route=%2Fwp%2Fv2%2Fmedia&parent=207458"}],"wp:term":[{"taxonomy":"category","embeddable":true,"href":"https:\/\/analyse.optim.biz\/index.php?rest_route=%2Fwp%2Fv2%2Fcategories&post=207458"},{"taxonomy":"post_tag","embeddable":true,"href":"https:\/\/analyse.optim.biz\/index.php?rest_route=%2Fwp%2Fv2%2Ftags&post=207458"}],"curies":[{"name":"wp","href":"https:\/\/api.w.org\/{rel}","templated":true}]}}