{"id":2074328,"date":"2026-07-30T11:22:22","date_gmt":"2026-07-30T08:22:22","guid":{"rendered":"https:\/\/analyse.optim.biz\/?p=2074328"},"modified":"2026-07-30T11:22:22","modified_gmt":"2026-07-30T08:22:22","slug":"nemernic-trimis-in-arest-la-timisoara-barbatul-santaja-cu-filme-deocheate-o-copila-de-15-ani","status":"publish","type":"post","link":"https:\/\/analyse.optim.biz\/?p=2074328","title":{"rendered":"Nemernic trimis \u00een arest la Timi\u0219oara. B\u0103rbatul \u0219antaja cu filme deocheate o copil\u0103 de 15 ani"},"content":{"rendered":"<p>[analyse_image type=&#8221;featured&#8221; src=&#8221;https:\/\/www.opiniatimisoarei.ro\/wp-content\/uploads\/2014\/08\/arestat-700&#215;336.jpghttps:\/\/www.opiniatimisoarei.ro\/wp-content\/uploads\/2014\/08\/arestat.jpg&#8221;]<\/p>\n<div class=\"the_content\">\n<p><strong>TIMISOARA.<\/strong> Un b\u0103rbat a ajuns \u00een arest, dup\u0103 ce a \u0219antajat aproape o jum\u0103tate de an o t\u00e2n\u0103r\u0103 cu publicarea unor filme deocheate.<\/p>\n<p><strong><span>CITE\u0218TE \u0218I:<\/span><a href=\"https:\/\/www.opiniatimisoarei.ro\/atac-cu-furci-si-bate-in-apropiere-de-timisoara-5-tineri-au-ajuns-in-arest\/30\/07\/2026\">Atac cu furci \u0219i b\u00e2te \u00een apropiere de Timi\u0219oara. 5 tineri au ajuns \u00een arest<\/a><\/strong><\/p>\n<p>B\u0103rbatul are 45 de ani \u0219i este din \u0218imian, jude\u021bul Mehedin\u021bi, a intrat \u00een vorb\u0103 cu adolescenta \u00eenc\u0103 din luna martie a acestui an. I-a c\u00e2\u0219tigat \u00eencrederea tinerei, dup\u0103 care a determinat-o s\u0103 se filmeze \u00een ipostaze indecente \u0219i s\u0103 \u00eei trimit\u0103 clipurile.<\/p>\n<p>Din acel moment, individul a \u00eenceput s\u0103 o amenin\u021be c\u0103 va posta imaginile, dac\u0103 t\u00e2n\u0103ra nu \u00eei trimite altele.<\/p>\n<p>T\u00e2n\u0103ra \u0219i-a anun\u021bat p\u0103rin\u021bii, care au mers la poli\u021biei, iar oamenii legii au \u00eenceput cercet\u0103rile. Miercuri, agen\u021bii au descins la locuin\u021ba b\u0103rbatului \u0219i l-au ridicat.<\/p>\n<p>Nemernicul a fost adus la Timi\u0219oara \u0219i prezentat magistra\u021bilor, care au decis s\u0103 \u00eel trimit\u0103 \u00een arest pentru 30 de zile.<\/p>\n<p>\u201e<strong>In luna martie 2026, persoana, prin intermediul unei re\u021bele de socializare, ar fi contactat o victim\u0103 minor\u0103, de 15 ani, iar, sub pretextul unor discu\u021bii obi\u0219nuite, aceasta ar fi stabilit o rela\u021bie de comunicare cu victima.<\/strong><\/p>\n<p><strong>\u00cen mod progresiv, dialogurile ar fi c\u0103p\u0103tat un pronun\u021bat caracter sexual, context \u00een care, exercit\u00e2nd presiuni constante asupra victimei, persoana \u00een cauz\u0103 ar fi determinat-o s\u0103 realizeze, s\u0103 \u00eenregistreze \u0219i s\u0103 \u00eei transmit\u0103 imagini cu caracter sexual explicit.<\/strong><\/p>\n<p><strong>Ulterior, persoana \u00een cauz\u0103 ar fi recurs la amenin\u021b\u0103ri, cu divulgarea \u0219i postarea materialelor deja primite \u00een scopul ob\u021binerii de noi imagini, fotografii \u0219i videoclipuri.<\/strong><\/p>\n<p><strong>\u00cen urma perchezi\u021biei domiciliare, efectuate, de c\u0103tre poli\u021bi\u0219ti, ieri, 29 iulie 2026, la locuin\u021ba persoanei cercetate, \u00een comuna \u0218imian, jude\u021bul Mehedin\u021bi, au fost descoperite \u0219i ridicate dispozitive de stocarea a datelor.<\/strong><\/p>\n<p><strong>Tot ieri, 29 iulie 2026, procurorii Direc\u021biei de Investigare a Infrac\u021biunilor de Criminalitate Organizat\u0103 \u0219i Terorism \u2013 Serviciul Teritorial Timi\u0219oara au dispus re\u021binerea persoanei \u00een cauz\u0103.<\/strong><\/p>\n<p><strong>Ast\u0103zi, 30 iulie, judec\u0103torul de drepturi \u0219i libert\u0103\u021bi din cadrul Tribunalului Timi\u0219 a dispus arestarea preventiv\u0103 a acesteia<\/strong>\u201e, au transmis reprezentan\u021bii IPJ Timi\u0219.<\/p>\n<p>***<\/p>\n<p><strong><span class=\"dia_suggestion w0\">Mai<\/span>\u00a0<span class=\"dia_suggestion w1\">multe<\/span>\u00a0<span class=\"dia_suggestion w2\">g\u0103si\u021bi<\/span>\u00a0pe\u00a0<span class=\"dia_suggestion w4\">pagina noastr<span class=\"dia_suggestion w0\">\u0103<\/span><\/span>\u00a0de\u00a0<a href=\"https:\/\/www.facebook.com\/OpiniaTM\/?ref=page_internal\" target=\"_blank\" rel=\"noopener\">Facebook opiniatimisoarei.ro<\/a>!<\/strong><\/p>\n<p><strong><span class=\"dia_suggestion w0\">Dac\u0103<\/span>\u00a0<span class=\"dia_suggestion w1\">a\u021bi<\/span>\u00a0fost martorii unui eveniment\u00a0<span class=\"dia_suggestion w6\">sau<\/span>\u00a0<span class=\"dia_suggestion w7\">ai<\/span>\u00a0unei\u00a0<span class=\"dia_suggestion w9\">situa\u021bii<\/span>\u00a0<span class=\"dia_suggestion w10\">neobi\u0219nuite<\/span>\u00a0<span class=\"dia_suggestion w11\">care<\/span>\u00a0ar\u00a0<span class=\"dia_suggestion w13\">putea<\/span>\u00a0deveni subiect de\u00a0<span class=\"dia_suggestion w17\">\u0219tire<\/span>,\u00a0<span class=\"dia_suggestion w18\">contacta\u021bi<\/span>-ne\u00a0<span class=\"dia_suggestion w20\">la<\/span>\u00a0<a href=\"https:\/\/www.opiniatimisoarei.ro\/cdn-cgi\/l\/email-protection\" class=\"__cf_email__\" data-cfemail=\"b9cbdcddd8dacdd0dcf9d6c9d0d7d0d8cdd0d4d0cad6d8cbdcd097cbd6\">[email\u00a0protected]<\/a>,\u00a0 pe\u00a0<a href=\"https:\/\/www.facebook.com\/OpiniaTM\">FB<\/a>\u00a0sau pe contul nostru de\u00a0<a href=\"https:\/\/www.instagram.com\/opiniatimisoarei.ro\/\" target=\"_blank\" rel=\"noopener\">Instagram<\/a>!<\/strong><\/p>\n<p><strong><span>CITE\u0218TE \u0218I:<\/span>\u00a0<a href=\"https:\/\/www.opiniatimisoarei.ro\/afli-primul-tot-ceea-ce-se-intampla-cu-adevarat-important-in-timisoara-si-in-regiune-cu-aplicatia-de-stiri-opinia-timisoarei-3-tipuri-de-alerte-te-tin-mereu-conectat-la-evenimente-descarca-gratuit-a\/31\/10\/2022\">Afli primul tot ceea ce se intampla cu adevarat important in Timisoara si in regiune cu Aplicatia de stiri Opinia Timisoarei. 3 tipuri de alerte te tin mereu conectat la evenimente. Descarca gratuit Aplicatia OT aici!<\/a><\/strong><\/p>\n<\/div>\n<p>[analyse_source url=&#8221;https:\/\/www.opiniatimisoarei.ro\/nemernic-trimis-in-arest-la-timisoara-barbatul-santaja-cu-filme-deocheate-o-copila-de-15-ani\/30\/07\/2026&#8243;]<\/p>\n","protected":false},"excerpt":{"rendered":"<p>[analyse_image type=&#8221;featured&#8221; src=&#8221;https:\/\/www.opiniatimisoarei.ro\/wp-content\/uploads\/2014\/08\/arestat-700&#215;336.jpghttps:\/\/www.opiniatimisoarei.ro\/wp-content\/uploads\/2014\/08\/arestat.jpg&#8221;] TIMISOARA. Un b\u0103rbat a ajuns \u00een arest, dup\u0103 ce a \u0219antajat aproape o jum\u0103tate de an o t\u00e2n\u0103r\u0103 cu publicarea unor filme deocheate. CITE\u0218TE \u0218I:Atac cu furci \u0219i b\u00e2te \u00een apropiere de Timi\u0219oara. 5 tineri au ajuns \u00een arest B\u0103rbatul are 45 de ani \u0219i este din \u0218imian, jude\u021bul Mehedin\u021bi, a intrat [&hellip;]<\/p>\n","protected":false},"author":1,"featured_media":0,"comment_status":"open","ping_status":"","sticky":false,"template":"","format":"standard","meta":{"footnotes":""},"categories":[89],"tags":[226,190],"class_list":["post-2074328","post","type-post","status-publish","format-standard","hentry","category-romania","tag-crawlmanager","tag-opiniatimisoarei-ro"],"_links":{"self":[{"href":"https:\/\/analyse.optim.biz\/index.php?rest_route=\/wp\/v2\/posts\/2074328","targetHints":{"allow":["GET"]}}],"collection":[{"href":"https:\/\/analyse.optim.biz\/index.php?rest_route=\/wp\/v2\/posts"}],"about":[{"href":"https:\/\/analyse.optim.biz\/index.php?rest_route=\/wp\/v2\/types\/post"}],"author":[{"embeddable":true,"href":"https:\/\/analyse.optim.biz\/index.php?rest_route=\/wp\/v2\/users\/1"}],"replies":[{"embeddable":true,"href":"https:\/\/analyse.optim.biz\/index.php?rest_route=%2Fwp%2Fv2%2Fcomments&post=2074328"}],"version-history":[{"count":0,"href":"https:\/\/analyse.optim.biz\/index.php?rest_route=\/wp\/v2\/posts\/2074328\/revisions"}],"wp:attachment":[{"href":"https:\/\/analyse.optim.biz\/index.php?rest_route=%2Fwp%2Fv2%2Fmedia&parent=2074328"}],"wp:term":[{"taxonomy":"category","embeddable":true,"href":"https:\/\/analyse.optim.biz\/index.php?rest_route=%2Fwp%2Fv2%2Fcategories&post=2074328"},{"taxonomy":"post_tag","embeddable":true,"href":"https:\/\/analyse.optim.biz\/index.php?rest_route=%2Fwp%2Fv2%2Ftags&post=2074328"}],"curies":[{"name":"wp","href":"https:\/\/api.w.org\/{rel}","templated":true}]}}