{"id":2074326,"date":"2026-07-29T17:42:51","date_gmt":"2026-07-29T14:42:51","guid":{"rendered":"https:\/\/analyse.optim.biz\/?p=2074326"},"modified":"2026-07-29T17:42:51","modified_gmt":"2026-07-29T14:42:51","slug":"barbat-resuscitat-pe-malul-canalului-bega-la-timisoara-interventie-de-urgenta-a-pompierilor-foto","status":"publish","type":"post","link":"https:\/\/analyse.optim.biz\/?p=2074326","title":{"rendered":"B\u0103rbat resuscitat pe malul canalului Bega la Timi\u0219oara. Interven\u021bie de urgen\u021b\u0103 a pompierilor. FOTO"},"content":{"rendered":"<p>[analyse_image type=&#8221;featured&#8221; src=&#8221;https:\/\/www.opiniatimisoarei.ro\/wp-content\/uploads\/2026\/07\/inecat-Bega-728&#215;336.pnghttps:\/\/www.opiniatimisoarei.ro\/wp-content\/uploads\/2026\/07\/inecat-Bega.png&#8221;]<\/p>\n<div class=\"the_content\">\n<p><strong>TIMISOARA. <\/strong>S-a dat alarma miercuri dup\u0103-amiaz\u0103 la Timi\u0219oara, dup\u0103 ce un apel la 112 anun\u021ba c\u0103 o persoan\u0103 a c\u0103zut \u00een Bega.<\/p>\n<p><strong><span>CITE\u0218TE \u0218I:<\/span><a href=\"https:\/\/www.opiniatimisoarei.ro\/soferita-resuscitata-langa-calea-ferata-masina-i-a-fost-lovita-de-tren-aproape-de-timisoara-foto\/29\/07\/2026\">\u0218oferi\u021b\u0103 resuscitat\u0103 l\u00e2ng\u0103 calea ferat\u0103. Ma\u0219ina i-a fost lovit\u0103 de tren aproape de Timi\u0219oara. FOTO<\/a><\/strong><\/p>\n<p>Apelul a venit de pe Splaiul Nistrului, din zona Badea C\u00e2r\u021ban, iar la fa\u021ba locului au ajuns echipaje ale pompierilor cu b\u0103rci de interven\u021bie \u0219i scafandri.<\/p>\n<p>Cel c\u0103zut \u00een Bega este un b\u0103rbat, care a fost scos din ap\u0103 \u00een apropiere de Pasarela \u00cendr\u0103gosti\u021bilor, iar salvatorii au \u00eenceput manevrele de resuscitare.<\/p>\n<p><img loading=\"lazy\" decoding=\"async\" class=\"alignnone size-full wp-image-884138\" src=\"https:\/\/www.opiniatimisoarei.ro\/wp-content\/uploads\/2026\/07\/inecat-resuscitare-Bega.png\" alt=\"\" width=\"1080\" height=\"550\"><\/p>\n<p>\u201e<strong>La fa\u021ba locului s-au deplasat de urgen\u021b\u0103 10 pompieri cu o autospecial\u0103 de prim\u0103 interven\u021bie \u0219i comand\u0103, o autospecial\u0103 de descarcerare, 2 b\u0103rci, o autospecial\u0103 de scafandri \u0219i dou\u0103 echipaje SMURD.<\/strong><\/p>\n<p><strong>Din primele informa\u021bii, este vorba despre o victim\u0103 de sex masculin.<\/strong><br \/><strong>Victima a fost extras\u0103 din ap\u0103. Se efectueaz\u0103 manevre de resuscitare<\/strong>\u201e, au transmis reprezentan\u021bii ISU Timi\u0219.<\/p>\n<p><strong><span>UPDATE:<\/span><\/strong> Echipajul medical a reu\u0219it s\u0103-l stabilizeze pe b\u0103rbat \u0219i l-a transportat la spital.<\/p>\n<p>\u201e<strong>Victima a fost transportat\u0103 la spital de c\u0103tre autosanitara SMURD tip C cu medic, incon\u0219tient\u0103 dar cu semne vitale.<\/strong>\u201e, au transmis reprezemntan\u021bii ISU Timi\u0219.<\/p>\n<p>***<\/p>\n<p><strong><span class=\"dia_suggestion w0\">Mai<\/span>\u00a0<span class=\"dia_suggestion w1\">multe<\/span>\u00a0<span class=\"dia_suggestion w2\">g\u0103si\u021bi<\/span>\u00a0pe\u00a0<span class=\"dia_suggestion w4\">pagina noastr<span class=\"dia_suggestion w0\">\u0103<\/span><\/span>\u00a0de\u00a0<a href=\"https:\/\/www.facebook.com\/OpiniaTM\/?ref=page_internal\" target=\"_blank\" rel=\"noopener\">Facebook opiniatimisoarei.ro<\/a>!<\/strong><\/p>\n<p><strong><span class=\"dia_suggestion w0\">Dac\u0103<\/span>\u00a0<span class=\"dia_suggestion w1\">a\u021bi<\/span>\u00a0fost martorii unui eveniment\u00a0<span class=\"dia_suggestion w6\">sau<\/span>\u00a0<span class=\"dia_suggestion w7\">ai<\/span>\u00a0unei\u00a0<span class=\"dia_suggestion w9\">situa\u021bii<\/span>\u00a0<span class=\"dia_suggestion w10\">neobi\u0219nuite<\/span>\u00a0<span class=\"dia_suggestion w11\">care<\/span>\u00a0ar\u00a0<span class=\"dia_suggestion w13\">putea<\/span>\u00a0deveni subiect de\u00a0<span class=\"dia_suggestion w17\">\u0219tire<\/span>,\u00a0<span class=\"dia_suggestion w18\">contacta\u021bi<\/span>-ne\u00a0<span class=\"dia_suggestion w20\">la<\/span>\u00a0<a href=\"https:\/\/www.opiniatimisoarei.ro\/cdn-cgi\/l\/email-protection\" class=\"__cf_email__\" data-cfemail=\"4f3d2a2b2e2c3b262a0f203f2621262e3b2622263c202e3d2a26613d20\">[email\u00a0protected]<\/a>,\u00a0 pe\u00a0<a href=\"https:\/\/www.facebook.com\/OpiniaTM\">FB<\/a>\u00a0sau pe contul nostru de\u00a0<a href=\"https:\/\/www.instagram.com\/opiniatimisoarei.ro\/\" target=\"_blank\" rel=\"noopener\">Instagram<\/a>!<\/strong><\/p>\n<p><strong><span>CITE\u0218TE \u0218I:<\/span>\u00a0<a href=\"https:\/\/www.opiniatimisoarei.ro\/afli-primul-tot-ceea-ce-se-intampla-cu-adevarat-important-in-timisoara-si-in-regiune-cu-aplicatia-de-stiri-opinia-timisoarei-3-tipuri-de-alerte-te-tin-mereu-conectat-la-evenimente-descarca-gratuit-a\/31\/10\/2022\">Afli primul tot ceea ce se intampla cu adevarat important in Timisoara si in regiune cu Aplicatia de stiri Opinia Timisoarei. 3 tipuri de alerte te tin mereu conectat la evenimente. Descarca gratuit Aplicatia OT aici!<\/a><\/strong><\/p>\n<\/div>\n<p>[analyse_source url=&#8221;https:\/\/www.opiniatimisoarei.ro\/barbat-resuscitat-pe-malul-canalului-bega-la-timisoara-interventie-de-urgenta-a-pompierilor-foto\/29\/07\/2026&#8243;]<\/p>\n","protected":false},"excerpt":{"rendered":"<p>[analyse_image type=&#8221;featured&#8221; src=&#8221;https:\/\/www.opiniatimisoarei.ro\/wp-content\/uploads\/2026\/07\/inecat-Bega-728&#215;336.pnghttps:\/\/www.opiniatimisoarei.ro\/wp-content\/uploads\/2026\/07\/inecat-Bega.png&#8221;] TIMISOARA. S-a dat alarma miercuri dup\u0103-amiaz\u0103 la Timi\u0219oara, dup\u0103 ce un apel la 112 anun\u021ba c\u0103 o persoan\u0103 a c\u0103zut \u00een Bega. CITE\u0218TE \u0218I:\u0218oferi\u021b\u0103 resuscitat\u0103 l\u00e2ng\u0103 calea ferat\u0103. Ma\u0219ina i-a fost lovit\u0103 de tren aproape de Timi\u0219oara. FOTO Apelul a venit de pe Splaiul Nistrului, din zona Badea C\u00e2r\u021ban, iar la fa\u021ba [&hellip;]<\/p>\n","protected":false},"author":1,"featured_media":0,"comment_status":"open","ping_status":"","sticky":false,"template":"","format":"standard","meta":{"footnotes":""},"categories":[89],"tags":[226,190],"class_list":["post-2074326","post","type-post","status-publish","format-standard","hentry","category-romania","tag-crawlmanager","tag-opiniatimisoarei-ro"],"_links":{"self":[{"href":"https:\/\/analyse.optim.biz\/index.php?rest_route=\/wp\/v2\/posts\/2074326","targetHints":{"allow":["GET"]}}],"collection":[{"href":"https:\/\/analyse.optim.biz\/index.php?rest_route=\/wp\/v2\/posts"}],"about":[{"href":"https:\/\/analyse.optim.biz\/index.php?rest_route=\/wp\/v2\/types\/post"}],"author":[{"embeddable":true,"href":"https:\/\/analyse.optim.biz\/index.php?rest_route=\/wp\/v2\/users\/1"}],"replies":[{"embeddable":true,"href":"https:\/\/analyse.optim.biz\/index.php?rest_route=%2Fwp%2Fv2%2Fcomments&post=2074326"}],"version-history":[{"count":0,"href":"https:\/\/analyse.optim.biz\/index.php?rest_route=\/wp\/v2\/posts\/2074326\/revisions"}],"wp:attachment":[{"href":"https:\/\/analyse.optim.biz\/index.php?rest_route=%2Fwp%2Fv2%2Fmedia&parent=2074326"}],"wp:term":[{"taxonomy":"category","embeddable":true,"href":"https:\/\/analyse.optim.biz\/index.php?rest_route=%2Fwp%2Fv2%2Fcategories&post=2074326"},{"taxonomy":"post_tag","embeddable":true,"href":"https:\/\/analyse.optim.biz\/index.php?rest_route=%2Fwp%2Fv2%2Ftags&post=2074326"}],"curies":[{"name":"wp","href":"https:\/\/api.w.org\/{rel}","templated":true}]}}