{"id":2074325,"date":"2026-07-29T15:13:37","date_gmt":"2026-07-29T12:13:37","guid":{"rendered":"https:\/\/analyse.optim.biz\/?p=2074325"},"modified":"2026-07-29T15:13:37","modified_gmt":"2026-07-29T12:13:37","slug":"soferita-resuscitata-langa-calea-ferata-masina-i-a-fost-lovita-de-tren-aproape-de-timisoara-foto","status":"publish","type":"post","link":"https:\/\/analyse.optim.biz\/?p=2074325","title":{"rendered":"\u0218oferi\u021b\u0103 resuscitat\u0103 l\u00e2ng\u0103 calea ferat\u0103. Ma\u0219ina i-a fost lovit\u0103 de tren aproape de Timi\u0219oara. FOTO"},"content":{"rendered":"<p>[analyse_image type=&#8221;featured&#8221; src=&#8221;https:\/\/www.opiniatimisoarei.ro\/wp-content\/uploads\/2026\/07\/accident-tren-masina-urseni-728&#215;336.pnghttps:\/\/www.opiniatimisoarei.ro\/wp-content\/uploads\/2026\/07\/accident-tren-masina-urseni.png&#8221;]<\/p>\n<div class=\"the_content\">\n<p><strong>TIMI\u0218OARA.<\/strong> Accident miercuri dup\u0103-amiaz\u0103 l\u00e2ng\u0103 Timi\u0219oara, pe calea ferat\u0103. O \u0219oferi\u021b\u0103 a fost r\u0103nit\u0103 grav.<\/p>\n<p><strong><span>CITE\u0218TE \u0218I:<\/span><a href=\"https:\/\/www.opiniatimisoarei.ro\/camion-rasturnat-nu-departe-de-timisoara-soferul-a-fost-luat-cu-ambulanta\/29\/07\/2026\">Camion r\u0103sturnat nu departe de Timi\u0219oara. \u0218oferul a fost luat cu ambulan\u021ba<\/a><\/strong><\/p>\n<p>Accidentul a avut loc pe strada Morii din Urseni, la o trecere la nivel.<\/p>\n<p>Ma\u0219ina condus\u0103 de femeie a fost izbit\u0103 de trenul care circula de la Timi\u0219oara spre Mangalia, \u00een care se aflau 87 de oameni.<\/p>\n<p>Autoturismul a fost aruncat pe c\u00e2mpul din vecin\u0103tatea liniei.<\/p>\n<p><a href=\"https:\/\/www.opiniatimisoarei.ro\/wp-content\/uploads\/2026\/07\/accident-masina-tren-urseni-1.png\"><img loading=\"lazy\" decoding=\"async\" class=\"aligncenter size-full wp-image-884118\" src=\"https:\/\/www.opiniatimisoarei.ro\/wp-content\/uploads\/2026\/07\/accident-masina-tren-urseni-1.png\" alt=\"\" width=\"1080\" height=\"670\"><\/a><\/p>\n<p>La fa\u021ba locului au ajuns echipaje ale pompierilor, ambulan\u021bei \u0219i poli\u021biei.<\/p>\n<p>\u0218oferi\u021ba a fost scoas\u0103 din ma\u0219in\u0103 de echipajul de descarcerare, care a predat-o medicilor.<\/p>\n<p>\u201e<strong>La fa\u021ba locului s-au deplasat de urgen\u021b\u0103 o autospecial\u0103 de descarcerare, o autospecial\u0103 de stingere cu modul de descarcerare \u0219i un echipaj SMURD tip C cu medic. \u00cen accident a fost implicat trenul Interregio care circul\u0103 pe ruta Timi\u0219oara- Mangalia \u0219i un autoturism \u00een care se afla doar conduc\u0103torul auto (persoan\u0103 de sex feminin).<\/strong><br \/><strong>\u00cen urma impactului, victima de sex feminin a r\u0103mas \u00eencarcerat\u0103, fiind g\u0103sit\u0103 \u00een stare de incon\u0219tien\u021b\u0103 la sosirea echipajelor de interven\u021bie.<\/strong><br \/><strong>Victima a fost extras\u0103 \u0219i predat\u0103 echipajului medical care au \u00eenceput manevrele de resuscitare.<\/strong>\u201e, au transmis reprezentan\u021bii ISU Timi\u0219.<\/p>\n<div id=\"gallery-1\" class=\"gallery optm-gallery galleryid-884116\">\n<div class=\"optm-galcont\"><a href=\"https:\/\/www.opiniatimisoarei.ro\/wp-content\/uploads\/2026\/07\/accident-tren-masina-1.jpg\"><img decoding=\"async\" src=\"https:\/\/www.opiniatimisoarei.ro\/wp-content\/uploads\/2026\/07\/accident-tren-masina-1-138x300.jpg\"><\/a><a href=\"https:\/\/www.opiniatimisoarei.ro\/wp-content\/uploads\/2026\/07\/accident-tren-masina-2.jpg\"><img decoding=\"async\" src=\"https:\/\/www.opiniatimisoarei.ro\/wp-content\/uploads\/2026\/07\/accident-tren-masina-2-169x300.jpg\"><\/a><a href=\"https:\/\/www.opiniatimisoarei.ro\/wp-content\/uploads\/2026\/07\/accident-tren-masina-3.jpg\"><img decoding=\"async\" src=\"https:\/\/www.opiniatimisoarei.ro\/wp-content\/uploads\/2026\/07\/accident-tren-masina-3-169x300.jpg\"><\/a><a href=\"https:\/\/www.opiniatimisoarei.ro\/wp-content\/uploads\/2026\/07\/accident-tren-masina-urseni.png\"><img decoding=\"async\" src=\"https:\/\/www.opiniatimisoarei.ro\/wp-content\/uploads\/2026\/07\/accident-tren-masina-urseni-300x139.png\"><\/a><a href=\"https:\/\/www.opiniatimisoarei.ro\/wp-content\/uploads\/2026\/07\/accident-masina-tren-urseni-1.png\"><img decoding=\"async\" src=\"https:\/\/www.opiniatimisoarei.ro\/wp-content\/uploads\/2026\/07\/accident-masina-tren-urseni-1-300x186.png\"><\/a><\/div>\n<\/div>\n<p>\u0218oferi\u021ba a c\u0103rei ma\u0219in\u0103 a fost izbit\u0103 de tren are 36 de ani. Ea a fost dus\u0103 de urgent\u0103 la spital.<\/p>\n<p>\u201e<strong>O femeie, \u00een v\u00e2rst\u0103 de 36 de ani, a condus un autoturism dinspre localitatea Urseni c\u0103tre localitatea Mo\u0219ni\u021ba Nou\u0103, iar la un moment dat, la trecerea la nivel cu calea ferat\u0103, din localitatea Urseni, prev\u0103zut\u0103 f\u0103r\u0103 bariere, ar fi intrat \u00een coliziune cu un tren care se deplasa dinspre municipiul Timi\u0219oara. \u00cen urma impactului a rezultat o victim\u0103, respectiv femeia \u00een v\u00e2rst\u0103 de 36 de ani, care a fost transportat\u0103 la spital pentru acordarea de \u00eengrijiri medicale.<\/strong><\/p>\n<p><strong>\u00cen cauz\u0103 a fost \u00eentocmit un dosar penal sub aspectul s\u0103v\u00e2r\u0219irii infrac\u021biunii de v\u0103t\u0103mare corporal\u0103 din culp\u0103.<\/strong>\u201e, au transmis reprezentan\u021bii IPJ Timi\u0219.<\/p>\n<p><strong><span>UPDATE:<\/span><\/strong>\u0218oferi\u021ba a c\u0103rei ma\u0219in\u0103 a fost lovit\u0103 de tren la Urseni s-a stins miercuri sear\u0103 la spital.<\/p>\n<p>\u201e<strong>Din nefericire, femeia de 36 de ani a decedat. <\/strong><br \/><strong>\u00cen cauz\u0103 a fost \u00eentocmit un dosar penal sub aspectul s\u0103v\u00e2r\u0219irii infrac\u021biunii de ucidere din culp\u0103.<\/strong>\u201e, au transmis reprezentan\u021bii IPJ Timi\u0219.<\/p>\n<p>***<\/p>\n<p><strong><span class=\"dia_suggestion w0\">Mai<\/span>\u00a0<span class=\"dia_suggestion w1\">multe<\/span>\u00a0<span class=\"dia_suggestion w2\">g\u0103si\u021bi<\/span>\u00a0pe\u00a0<span class=\"dia_suggestion w4\">pagina noastr<span class=\"dia_suggestion w0\">\u0103<\/span><\/span>\u00a0de\u00a0<a href=\"https:\/\/www.facebook.com\/OpiniaTM\/?ref=page_internal\" target=\"_blank\" rel=\"noopener\">Facebook opiniatimisoarei.ro<\/a>!<\/strong><\/p>\n<p><strong><span class=\"dia_suggestion w0\">Dac\u0103<\/span>\u00a0<span class=\"dia_suggestion w1\">a\u021bi<\/span>\u00a0fost martorii unui eveniment\u00a0<span class=\"dia_suggestion w6\">sau<\/span>\u00a0<span class=\"dia_suggestion w7\">ai<\/span>\u00a0unei\u00a0<span class=\"dia_suggestion w9\">situa\u021bii<\/span>\u00a0<span class=\"dia_suggestion w10\">neobi\u0219nuite<\/span>\u00a0<span class=\"dia_suggestion w11\">care<\/span>\u00a0ar\u00a0<span class=\"dia_suggestion w13\">putea<\/span>\u00a0deveni subiect de\u00a0<span class=\"dia_suggestion w17\">\u0219tire<\/span>,\u00a0<span class=\"dia_suggestion w18\">contacta\u021bi<\/span>-ne\u00a0<span class=\"dia_suggestion w20\">la<\/span>\u00a0<a href=\"https:\/\/www.opiniatimisoarei.ro\/cdn-cgi\/l\/email-protection\" class=\"__cf_email__\" data-cfemail=\"196b7c7d787a6d707c597669707770786d7074706a76786b7c70376b76\">[email\u00a0protected]<\/a>,\u00a0 pe\u00a0<a href=\"https:\/\/www.facebook.com\/OpiniaTM\">FB<\/a>\u00a0sau pe contul nostru de\u00a0<a href=\"https:\/\/www.instagram.com\/opiniatimisoarei.ro\/\" target=\"_blank\" rel=\"noopener\">Instagram<\/a>!<\/strong><\/p>\n<p><strong><span>CITE\u0218TE \u0218I:<\/span>\u00a0<a href=\"https:\/\/www.opiniatimisoarei.ro\/afli-primul-tot-ceea-ce-se-intampla-cu-adevarat-important-in-timisoara-si-in-regiune-cu-aplicatia-de-stiri-opinia-timisoarei-3-tipuri-de-alerte-te-tin-mereu-conectat-la-evenimente-descarca-gratuit-a\/31\/10\/2022\">Afli primul tot ceea ce se intampla cu adevarat important in Timisoara si in regiune cu Aplicatia de stiri Opinia Timisoarei. 3 tipuri de alerte te tin mereu conectat la evenimente. Descarca gratuit Aplicatia OT aici!<\/a><\/strong><\/p>\n<\/div>\n<p>[analyse_source url=&#8221;https:\/\/www.opiniatimisoarei.ro\/soferita-resuscitata-langa-calea-ferata-masina-i-a-fost-lovita-de-tren-aproape-de-timisoara-foto\/29\/07\/2026&#8243;]<\/p>\n","protected":false},"excerpt":{"rendered":"<p>[analyse_image type=&#8221;featured&#8221; src=&#8221;https:\/\/www.opiniatimisoarei.ro\/wp-content\/uploads\/2026\/07\/accident-tren-masina-urseni-728&#215;336.pnghttps:\/\/www.opiniatimisoarei.ro\/wp-content\/uploads\/2026\/07\/accident-tren-masina-urseni.png&#8221;] TIMI\u0218OARA. Accident miercuri dup\u0103-amiaz\u0103 l\u00e2ng\u0103 Timi\u0219oara, pe calea ferat\u0103. O \u0219oferi\u021b\u0103 a fost r\u0103nit\u0103 grav. CITE\u0218TE \u0218I:Camion r\u0103sturnat nu departe de Timi\u0219oara. \u0218oferul a fost luat cu ambulan\u021ba Accidentul a avut loc pe strada Morii din Urseni, la o trecere la nivel. Ma\u0219ina condus\u0103 de femeie a fost izbit\u0103 de trenul care [&hellip;]<\/p>\n","protected":false},"author":1,"featured_media":0,"comment_status":"open","ping_status":"","sticky":false,"template":"","format":"standard","meta":{"footnotes":""},"categories":[89],"tags":[226,190],"class_list":["post-2074325","post","type-post","status-publish","format-standard","hentry","category-romania","tag-crawlmanager","tag-opiniatimisoarei-ro"],"_links":{"self":[{"href":"https:\/\/analyse.optim.biz\/index.php?rest_route=\/wp\/v2\/posts\/2074325","targetHints":{"allow":["GET"]}}],"collection":[{"href":"https:\/\/analyse.optim.biz\/index.php?rest_route=\/wp\/v2\/posts"}],"about":[{"href":"https:\/\/analyse.optim.biz\/index.php?rest_route=\/wp\/v2\/types\/post"}],"author":[{"embeddable":true,"href":"https:\/\/analyse.optim.biz\/index.php?rest_route=\/wp\/v2\/users\/1"}],"replies":[{"embeddable":true,"href":"https:\/\/analyse.optim.biz\/index.php?rest_route=%2Fwp%2Fv2%2Fcomments&post=2074325"}],"version-history":[{"count":0,"href":"https:\/\/analyse.optim.biz\/index.php?rest_route=\/wp\/v2\/posts\/2074325\/revisions"}],"wp:attachment":[{"href":"https:\/\/analyse.optim.biz\/index.php?rest_route=%2Fwp%2Fv2%2Fmedia&parent=2074325"}],"wp:term":[{"taxonomy":"category","embeddable":true,"href":"https:\/\/analyse.optim.biz\/index.php?rest_route=%2Fwp%2Fv2%2Fcategories&post=2074325"},{"taxonomy":"post_tag","embeddable":true,"href":"https:\/\/analyse.optim.biz\/index.php?rest_route=%2Fwp%2Fv2%2Ftags&post=2074325"}],"curies":[{"name":"wp","href":"https:\/\/api.w.org\/{rel}","templated":true}]}}