{"id":207423,"date":"2014-04-18T14:50:27","date_gmt":"2014-04-18T11:50:27","guid":{"rendered":"https:\/\/analyse.optim.biz\/?p=207423"},"modified":"2014-04-18T14:50:27","modified_gmt":"2014-04-18T11:50:27","slug":"adrian-duicu-suspendat-de-la-sefia-cj-mehedinti","status":"publish","type":"post","link":"https:\/\/analyse.optim.biz\/?p=207423","title":{"rendered":"Adrian Duicu, suspendat de la \u0219efia CJ Mehedin\u021bi"},"content":{"rendered":"<div class=\"entry data-app-meta data-app-meta-article\" data-embed-base-url-canonical=\"https:\/\/www.digi24.ro\/embed\/stiri\/actualitate\/politica\/adrian-duicu-suspendat-de-la-sefia-cj-mehedinti-231515\">\n<p data-index=\"1\">\u00a0<img decoding=\"async\" src=\"https:\/\/analyse.optim.biz\/wp-content\/uploads\/2024\/09\/dz04mdamagfzad1lngziyzq3nthlmjjhywe3zjvmywmyndqyn2q2ndiznq-thumb_.jpg\" data-skip-htmlfix=\"1\" title=\"dz04mdamagfzad1lngziyzq3nthlmjjhywe3zjvmywmyndqyn2q2ndiznq-thumb_\"><\/p>\n<p data-index=\"2\"><strong>Nicolae Draghiea<\/strong>, prefectul jude\u021bului Mehedin\u021bi, a declarat la Digi24 c\u0103 legea ar fi trebuit s\u0103 duc\u0103 la aceast\u0103 decizie.<\/p>\n<p data-index=\"3\">\u201e<span>A<\/span>v\u00e2nd \u00een vedere \u00eencheierea de \u0219edin\u021b\u0103 pronun\u021bat\u0103 de Curtea de Apel Bucure\u0219ti, legea ar fi trebuit s\u0103 ne duc\u0103 spre emiterea acestui ordin, cu numele 76. A trebuit s\u0103 fie realizat\u0103 o procedur\u0103 \u0219i \u00een continuare am \u00eenaintat ordinul respectiv CJ \u0219i domnului Duicu pentru luarea la cuno\u0219tin\u021b\u0103\u201d, a declarat Nicolae Draghiea, la <strong>Digi24<\/strong>.<\/p>\n<p data-index=\"4\">\u201e\u00cen continuare, consilierii jude\u021beni vor hot\u0103r\u00ee ce se \u00eent\u00e2mpl\u0103, pentru c\u0103 ei trebuie s\u0103 aleag\u0103 prin vot secret ca aceste atribu\u021biuni s\u0103 fie preluate de unul din cei doi vicepre\u0219edin\u021bi\u201d, a precizat prefectul.<\/p>\n<p data-index=\"5\">Procurorii DNA au \u00eenceput urm\u0103rirea penal\u0103 \u00een cazul lui Adrian Duicu pentru <strong>trafic de influen\u0163\u0103, cump\u0103rare de influen\u0163\u0103, instigare la dare de mit\u0103, permiterea accesului unor persoane neautorizate la informa\u0163ii nedestinate publicit\u0103\u0163ii, \u00een scopul ob\u0163inerii de foloase necuvenite, instigare la abuz \u00een serviciu \u015fi dou\u0103 infrac\u0163iuni de folosire a influen\u0163ei \u015fi autorit\u0103\u0163ii, de c\u0103tre o persoan\u0103 care de\u0163ine o func\u0163ie de conducere \u00eentr-un partid politic, \u00een scopul ob\u0163inerii pentru altul de foloase necuvenite<\/strong>.<\/p>\n<p data-index=\"6\">Procurorii DNA sus\u0163in c\u0103 <strong>Adrian Duicu<\/strong> \u015fi-ar fi traficat influen\u0163a \u00een cabinetul lui <strong>Victor Ponta<\/strong> \u0219i c\u0103 pre\u015fedintele CJ Mehedin\u0163i i-a transmis \u015fefului IPJ \u015etefan Ponea c\u0103 la Guvern se afl\u0103 \u015fi ministrul de Interne de la acea vreme, <strong>Radu Stroe<\/strong>, \u015fi c\u0103 premierul l-a chemat pe \u015feful IGPR, Petre Tob\u0103.\u00a0<\/p>\n<h5><a href=\"https:\/\/www.digi24.ro\/Stiri\/Digi24\/Actualitate\/Politica\/Victor+Ponta+si-a+mutat+biroul+la+MApN+Vreau+ca+toata+activitate\" data-skip-linkfix=\"1\"><span>Victor Ponta \u0219i-a mutat biroul la MApN:\u00a0Vreau ca toat\u0103 activitatea mea s\u0103 fie extrem de transparent\u0103<\/span><\/a><\/h5>\n<p data-index=\"7\">Victor Ponta\u00a0a declarat\u00a0c\u0103 nu s-a \u00eent\u00e2lnit niciodat\u0103 cu\u00a0Adrian Duicu\u00a0\u00een cabinetul s\u0103u de la\u00a0Palatul Victoria, iar tot ce s-a spus legat de acest subiect a fost o \u00eenscenare. Drept urmare, toate persoanele care vor veni la biroul premierului de la\u00a0Ministerul Ap\u0103r\u0103rii\u00a0vor fi \u00eenregistrate la sosire. Numai \u00een acest mod va fi ferit de orice \u00eenscenare, a spus premierul.<\/p>\n<\/div>\n<p> Source URL: https:\/\/www.digi24.ro\/stiri\/actualitate\/politica\/adrian-duicu-suspendat-de-la-sefia-cj-mehedinti-231515<\/p>\n","protected":false},"excerpt":{"rendered":"<p>\u00a0 Nicolae Draghiea, prefectul jude\u021bului Mehedin\u021bi, a declarat la Digi24 c\u0103 legea ar fi trebuit s\u0103 duc\u0103 la aceast\u0103 decizie. \u201eAv\u00e2nd \u00een vedere \u00eencheierea de \u0219edin\u021b\u0103 pronun\u021bat\u0103 de Curtea de Apel Bucure\u0219ti, legea ar fi trebuit s\u0103 ne duc\u0103 spre emiterea acestui ordin, cu numele 76. A trebuit s\u0103 fie realizat\u0103 o procedur\u0103 \u0219i \u00een [&hellip;]<\/p>\n","protected":false},"author":1,"featured_media":207424,"comment_status":"open","ping_status":"","sticky":false,"template":"","format":"standard","meta":{"footnotes":""},"categories":[2],"tags":[11],"class_list":["post-207423","post","type-post","status-publish","format-standard","has-post-thumbnail","hentry","category-politics","tag-digi24"],"_links":{"self":[{"href":"https:\/\/analyse.optim.biz\/index.php?rest_route=\/wp\/v2\/posts\/207423","targetHints":{"allow":["GET"]}}],"collection":[{"href":"https:\/\/analyse.optim.biz\/index.php?rest_route=\/wp\/v2\/posts"}],"about":[{"href":"https:\/\/analyse.optim.biz\/index.php?rest_route=\/wp\/v2\/types\/post"}],"author":[{"embeddable":true,"href":"https:\/\/analyse.optim.biz\/index.php?rest_route=\/wp\/v2\/users\/1"}],"replies":[{"embeddable":true,"href":"https:\/\/analyse.optim.biz\/index.php?rest_route=%2Fwp%2Fv2%2Fcomments&post=207423"}],"version-history":[{"count":0,"href":"https:\/\/analyse.optim.biz\/index.php?rest_route=\/wp\/v2\/posts\/207423\/revisions"}],"wp:featuredmedia":[{"embeddable":true,"href":"https:\/\/analyse.optim.biz\/index.php?rest_route=\/wp\/v2\/media\/207424"}],"wp:attachment":[{"href":"https:\/\/analyse.optim.biz\/index.php?rest_route=%2Fwp%2Fv2%2Fmedia&parent=207423"}],"wp:term":[{"taxonomy":"category","embeddable":true,"href":"https:\/\/analyse.optim.biz\/index.php?rest_route=%2Fwp%2Fv2%2Fcategories&post=207423"},{"taxonomy":"post_tag","embeddable":true,"href":"https:\/\/analyse.optim.biz\/index.php?rest_route=%2Fwp%2Fv2%2Ftags&post=207423"}],"curies":[{"name":"wp","href":"https:\/\/api.w.org\/{rel}","templated":true}]}}