{"id":2074223,"date":"2026-07-30T07:43:36","date_gmt":"2026-07-30T04:43:36","guid":{"rendered":"https:\/\/analyse.optim.biz\/?p=2074223"},"modified":"2026-07-30T07:43:36","modified_gmt":"2026-07-30T04:43:36","slug":"atac-cu-furci-si-bate-in-apropiere-de-timisoara-5-tineri-au-ajuns-in-arest","status":"publish","type":"post","link":"https:\/\/analyse.optim.biz\/?p=2074223","title":{"rendered":"Atac cu furci \u0219i b\u00e2te \u00een apropiere de Timi\u0219oara. 5 tineri au ajuns \u00een arest"},"content":{"rendered":"<p>[analyse_image type=&#8221;featured&#8221; src=&#8221;https:\/\/www.opiniatimisoarei.ro\/wp-content\/uploads\/2024\/10\/hot-hotie-scandal-politie-728&#215;336.jpghttps:\/\/www.opiniatimisoarei.ro\/wp-content\/uploads\/2024\/10\/hot-hotie-scandal-politie.jpg&#8221;]<\/p>\n<div class=\"the_content\">\n<p><strong>TIMISOARA.<\/strong> Atac s\u0103lbatic, cu furci \u0219i b\u00e2te, \u00eentr-o parcare l\u00e2ng\u0103 Timi\u0219oara.<\/p>\n<p><strong><span>CITE\u0218TE \u0218I:<\/span><a href=\"https:\/\/www.opiniatimisoarei.ro\/barbat-resuscitat-pe-malul-canalului-bega-la-timisoara-interventie-de-urgenta-a-pompierilor-foto\/29\/07\/2026\">B\u0103rbat resuscitat pe malul canalului Bega la Timi\u0219oara. Interven\u021bie de urgen\u021b\u0103 a pompierilor. FOTO<\/a><\/strong><\/p>\n<p>Totul s-a petrecut \u00een noaptea de luni spre mar\u021bi, \u00een apropiere de Giarmata.<\/p>\n<p>Cinci b\u0103rba\u021bi au ajuns cu o ma\u0219in\u0103 \u00eentr-o parcare ce nu era luminat\u0103. Patru dintre indivizi au cobor\u00e2t din autoturism. \u00cenarma\u021bi cu furci \u0219i b\u00e2te, au atacat trei oameni afla\u021bi \u00eentr-o alt\u0103 ma\u0219in\u0103.<\/p>\n<p>I-au lovit la cap \u0219i la picioare, dup\u0103 care s-au urcat \u00een autoturismul cu care venisera \u0219i s-au f\u0103cut nev\u0103zu\u021bi.<\/p>\n<p>Victimele au sunat la 112, iar la fa\u021ba locului au ajuns poli\u021bi\u0219tii, care au \u00eenceput cercet\u0103rile.<\/p>\n<p>\u00cen scurt timp, oamenii legii i-au prins \u0219i pe agresori, care au fost re\u021binu\u021bi \u0219i prezenta\u021bi magistra\u021bilor. Cei cinci vor r\u0103m\u00e2ne \u00een Arest pentru urm,\u0103toarele 30 de zile.<\/p>\n<p>\u201e\u00ce<strong>n fapt, s-a re\u021binut c\u0103 \u00een data de 28.07.2026, \u00een jurul orei 00:30, cinci persoane de sex masculin, dintre care una minor\u0103, av\u00e2nd asupra lor obiecte contondente, respectiv o furc\u0103 \u0219i b\u00e2te, s-au apropiat de autovehiculul sta\u021bionat \u00een parcarea neiluminat\u0103 din proximitatea sensului giratoriu din localitatea Giarmata, jud. Timi\u0219, ocazie cu care patru dintre cele cinci persoane au agresat fizic trei persoane de sex masculin, dintre care una minor\u0103, aflate \u00een interiorul vehiculului, prin aceea c\u0103 le-au lovit utiliz\u00e2nd obiectele mai sus-descrise, \u00een zona capului \u0219i a picioarelor, produc\u00e2ndu-le leziuni ce au necesitat \u00eentre una \u0219i opt zile de \u00eengrijiri medicale, tulbur\u00e2nd astfel ordinea \u0219i lini\u0219tea public\u0103, fiind ajuta\u021bi de cel de-al cincilea inculpat, care le-a asigurat primilor mijlocul de transport \u0219i obiectele contondente cu care persoanele v\u0103t\u0103mate au fost lovite<\/strong>\u201e, au transmis reprezentan\u021bii Parchetului de pe l\u00e2ng\u0103 Judec\u0103toria Timi\u0219oara.<\/p>\n<p>***<\/p>\n<p><strong><span class=\"dia_suggestion w0\">Mai<\/span>\u00a0<span class=\"dia_suggestion w1\">multe<\/span>\u00a0<span class=\"dia_suggestion w2\">g\u0103si\u021bi<\/span>\u00a0pe\u00a0<span class=\"dia_suggestion w4\">pagina noastr<span class=\"dia_suggestion w0\">\u0103<\/span><\/span>\u00a0de\u00a0<a href=\"https:\/\/www.facebook.com\/OpiniaTM\/?ref=page_internal\" target=\"_blank\" rel=\"noopener\">Facebook opiniatimisoarei.ro<\/a>!<\/strong><\/p>\n<p><strong><span class=\"dia_suggestion w0\">Dac\u0103<\/span>\u00a0<span class=\"dia_suggestion w1\">a\u021bi<\/span>\u00a0fost martorii unui eveniment\u00a0<span class=\"dia_suggestion w6\">sau<\/span>\u00a0<span class=\"dia_suggestion w7\">ai<\/span>\u00a0unei\u00a0<span class=\"dia_suggestion w9\">situa\u021bii<\/span>\u00a0<span class=\"dia_suggestion w10\">neobi\u0219nuite<\/span>\u00a0<span class=\"dia_suggestion w11\">care<\/span>\u00a0ar\u00a0<span class=\"dia_suggestion w13\">putea<\/span>\u00a0deveni subiect de\u00a0<span class=\"dia_suggestion w17\">\u0219tire<\/span>,\u00a0<span class=\"dia_suggestion w18\">contacta\u021bi<\/span>-ne\u00a0<span class=\"dia_suggestion w20\">la<\/span>\u00a0<a href=\"https:\/\/www.opiniatimisoarei.ro\/cdn-cgi\/l\/email-protection\" class=\"__cf_email__\" data-cfemail=\"8dffe8e9eceef9e4e8cde2fde4e3e4ecf9e4e0e4fee2ecffe8e4a3ffe2\">[email\u00a0protected]<\/a>,\u00a0 pe\u00a0<a href=\"https:\/\/www.facebook.com\/OpiniaTM\">FB<\/a>\u00a0sau pe contul nostru de\u00a0<a href=\"https:\/\/www.instagram.com\/opiniatimisoarei.ro\/\" target=\"_blank\" rel=\"noopener\">Instagram<\/a>!<\/strong><\/p>\n<p><strong><span>CITE\u0218TE \u0218I:<\/span>\u00a0<a href=\"https:\/\/www.opiniatimisoarei.ro\/afli-primul-tot-ceea-ce-se-intampla-cu-adevarat-important-in-timisoara-si-in-regiune-cu-aplicatia-de-stiri-opinia-timisoarei-3-tipuri-de-alerte-te-tin-mereu-conectat-la-evenimente-descarca-gratuit-a\/31\/10\/2022\">Afli primul tot ceea ce se intampla cu adevarat important in Timisoara si in regiune cu Aplicatia de stiri Opinia Timisoarei. 3 tipuri de alerte te tin mereu conectat la evenimente. Descarca gratuit Aplicatia OT aici!<\/a><\/strong><\/p>\n<\/div>\n<p>[analyse_source url=&#8221;https:\/\/www.opiniatimisoarei.ro\/atac-cu-furci-si-bate-in-apropiere-de-timisoara-5-tineri-au-ajuns-in-arest\/30\/07\/2026&#8243;]<\/p>\n","protected":false},"excerpt":{"rendered":"<p>[analyse_image type=&#8221;featured&#8221; src=&#8221;https:\/\/www.opiniatimisoarei.ro\/wp-content\/uploads\/2024\/10\/hot-hotie-scandal-politie-728&#215;336.jpghttps:\/\/www.opiniatimisoarei.ro\/wp-content\/uploads\/2024\/10\/hot-hotie-scandal-politie.jpg&#8221;] TIMISOARA. Atac s\u0103lbatic, cu furci \u0219i b\u00e2te, \u00eentr-o parcare l\u00e2ng\u0103 Timi\u0219oara. CITE\u0218TE \u0218I:B\u0103rbat resuscitat pe malul canalului Bega la Timi\u0219oara. Interven\u021bie de urgen\u021b\u0103 a pompierilor. FOTO Totul s-a petrecut \u00een noaptea de luni spre mar\u021bi, \u00een apropiere de Giarmata. Cinci b\u0103rba\u021bi au ajuns cu o ma\u0219in\u0103 \u00eentr-o parcare ce nu era luminat\u0103. [&hellip;]<\/p>\n","protected":false},"author":1,"featured_media":0,"comment_status":"open","ping_status":"","sticky":false,"template":"","format":"standard","meta":{"footnotes":""},"categories":[89],"tags":[226,190],"class_list":["post-2074223","post","type-post","status-publish","format-standard","hentry","category-romania","tag-crawlmanager","tag-opiniatimisoarei-ro"],"_links":{"self":[{"href":"https:\/\/analyse.optim.biz\/index.php?rest_route=\/wp\/v2\/posts\/2074223","targetHints":{"allow":["GET"]}}],"collection":[{"href":"https:\/\/analyse.optim.biz\/index.php?rest_route=\/wp\/v2\/posts"}],"about":[{"href":"https:\/\/analyse.optim.biz\/index.php?rest_route=\/wp\/v2\/types\/post"}],"author":[{"embeddable":true,"href":"https:\/\/analyse.optim.biz\/index.php?rest_route=\/wp\/v2\/users\/1"}],"replies":[{"embeddable":true,"href":"https:\/\/analyse.optim.biz\/index.php?rest_route=%2Fwp%2Fv2%2Fcomments&post=2074223"}],"version-history":[{"count":0,"href":"https:\/\/analyse.optim.biz\/index.php?rest_route=\/wp\/v2\/posts\/2074223\/revisions"}],"wp:attachment":[{"href":"https:\/\/analyse.optim.biz\/index.php?rest_route=%2Fwp%2Fv2%2Fmedia&parent=2074223"}],"wp:term":[{"taxonomy":"category","embeddable":true,"href":"https:\/\/analyse.optim.biz\/index.php?rest_route=%2Fwp%2Fv2%2Fcategories&post=2074223"},{"taxonomy":"post_tag","embeddable":true,"href":"https:\/\/analyse.optim.biz\/index.php?rest_route=%2Fwp%2Fv2%2Ftags&post=2074223"}],"curies":[{"name":"wp","href":"https:\/\/api.w.org\/{rel}","templated":true}]}}