{"id":2074210,"date":"2026-08-02T18:27:00","date_gmt":"2026-08-02T15:27:00","guid":{"rendered":"https:\/\/analyse.optim.biz\/?p=2074210"},"modified":"2026-08-02T18:27:00","modified_gmt":"2026-08-02T15:27:00","slug":"un-cioban-care-a-afumat-tisautii-cu-beldiile-de-fasole-amendat-de-pompierii-isu-suceava","status":"publish","type":"post","link":"https:\/\/analyse.optim.biz\/?p=2074210","title":{"rendered":"Un cioban care a afumat Ti\u0219\u0103u\u021bii cu beldiile de fasole, amendat de pompierii ISU Suceava"},"content":{"rendered":"<p>[analyse_image type=&#8221;featured&#8221; src=&#8221;https:\/\/blogger.googleusercontent.com\/img\/b\/R29vZ2xl\/AVvXsEilwez77ZYFNAa7rEglHkOYtohWoV6vmb9XENvpN7NpQESXlL7xrMNSqQvJIzauvqnn8fJ1Fvaj1qJDzE8z0tO6xytVrdIiYf-hn2jh06lmtc8mk-D_v1LCFXjlw2Y3rp5sJ0wbmqCEZMPBW7OqyhHdtBwFPXPzKunn_UenGx51hVBv5o1_SbzCyEEHZTI\/w1600\/incendiu-vegetatie.jpg&#8221;]<\/p>\n<div class=\"post-body entry-content\" id=\"post-body\">\n<div class=\"separator\"><a href=\"https:\/\/blogger.googleusercontent.com\/img\/b\/R29vZ2xl\/AVvXsEilwez77ZYFNAa7rEglHkOYtohWoV6vmb9XENvpN7NpQESXlL7xrMNSqQvJIzauvqnn8fJ1Fvaj1qJDzE8z0tO6xytVrdIiYf-hn2jh06lmtc8mk-D_v1LCFXjlw2Y3rp5sJ0wbmqCEZMPBW7OqyhHdtBwFPXPzKunn_UenGx51hVBv5o1_SbzCyEEHZTI\/s1200\/incendiu-vegetatie.jpg\"><img decoding=\"async\" alt=\"Un cioban care a afumat Ti\u0219\u0103u\u021bii cu beldiile de fasole, amendat de pompierii ISU Suceava\" border=\"0\" height=\"335\" loading=\"lazy\" src=\"https:\/\/blogger.googleusercontent.com\/img\/b\/R29vZ2xl\/AVvXsEilwez77ZYFNAa7rEglHkOYtohWoV6vmb9XENvpN7NpQESXlL7xrMNSqQvJIzauvqnn8fJ1Fvaj1qJDzE8z0tO6xytVrdIiYf-hn2jh06lmtc8mk-D_v1LCFXjlw2Y3rp5sJ0wbmqCEZMPBW7OqyhHdtBwFPXPzKunn_UenGx51hVBv5o1_SbzCyEEHZTI\/w640-h335-rw\/incendiu-vegetatie.jpg\" title=\"Un cioban care a afumat Ti\u0219\u0103u\u021bii cu beldiile de fasole, amendat de pompierii ISU Suceava\" width=\"640\"><\/a><\/div>\n<p><strong>O ac\u021biune banal\u0103 de cur\u0103\u021benie de var\u0103 s-a transformat \u00eentr-o alert\u0103 de urgen\u021b\u0103 vineri dup\u0103-amiaz\u0103, \u00een localitatea Ti\u0219\u0103u\u021bi, comuna Ipote\u0219ti. Mirosul puternic de fum \u0219i vizibilitatea fl\u0103c\u0103rilor \u00een lunca r\u00e2ului Suceava au provocat panic\u0103 printre localnici, determin\u00e2nd o interven\u021bie a pompierilor militari, care s-a soldat \u00een final cu sanc\u021biuni contraven\u021bionale.<\/strong><\/p>\n<p>Incidentul a fost raportat la Sistemul Na\u021bional Unic pentru Apeluri de Urgen\u021b\u0103 112 \u00een data de 31 iulie 2026, la ora 15:24. Sec\u021bia nr. 2 Poli\u021bie Rural\u0103 Ipote\u0219ti a fost sesizat\u0103 de c\u0103tre un localnic \u00eengrijorat, care a reclamat faptul c\u0103 o persoan\u0103 a dat foc la gunoaie \u00eentr-o zon\u0103 vulnerabil\u0103, chiar l\u00e2ng\u0103 albia r\u00e2ului Suceava.<\/p>\n<p>\u00cen urma cercet\u0103rilor efectuate de oamenii legii s-a stabilit cu exactitate firul evenimentelor. Protagonistul incidentului este Ion B., un b\u0103rbat din <a href=\"http:\/\/stirisuceava.net\/search\/label\/Ti%C8%99%C4%83u%C8%9Bi\">Ti\u0219\u0103u\u021bi<\/a> care de\u021bine \u00een arend\u0103 de la Prim\u0103ria Ipote\u0219ti o suprafa\u021b\u0103 de p\u0103\u0219une situat\u0103 \u00een lunca r\u00e2ului, unde are amenajat\u0103 \u0219i o st\u00e2n\u0103.<\/p>\n<p>\u00cen jurul orei 15:00, b\u0103rbatul s-a decis s\u0103 fac\u0103 cur\u0103\u021benie \u00een zona ad\u0103postului de animale. Pe parcursul activit\u0103\u021bii, a str\u00e2ns mai multe resturi vegetale, mai exact beldii de fasole, c\u0103rora a hot\u0103r\u00e2t s\u0103 le dea foc direct pe c\u00e2mp. Fumul dens degajat s-a \u00eendreptat rapid c\u0103tre zonele locuite. Apelantul, care de\u021bine o cas\u0103 la aproximativ 300 de metri distan\u021b\u0103 de st\u00e2n\u0103, a sim\u021bit mirosul \u00een\u021bep\u0103tor de fum \u0219i, tem\u00e2ndu-se de un incendiu de propor\u021bii, a sunat imediat la 112.<\/p>\n<h3>F\u0103r\u0103 dosar penal, dar cu sanc\u021biuni aspre de la ISU<\/h3>\n<p>La fa\u021ba locului s-a deplasat de urgen\u021b\u0103 un echipaj din cadrul Inspectoratului pentru Situa\u021bii de Urgen\u021b\u0103 (ISU) Suceava. Din fericire, interven\u021bia cu ap\u0103 a pompierilor nu a mai fost necesar\u0103, \u00eentruc\u00e2t focul fusese deja stins, neexist\u00e2nd niciun pericol de propagare a incendiului c\u0103tre propriet\u0103\u021bile \u00eenvecinate.<\/p>\n<p>De\u0219i poli\u021bi\u0219tii au concluzionat c\u0103 nu au fost constatate fapte de natur\u0103 penal\u0103, ac\u021biunea b\u0103rbatului nu va r\u0103m\u00e2ne nepedepsit\u0103. Lucr\u0103torii din cadrul ISU Suceava urmeaz\u0103 s\u0103 aplice m\u0103suri legale drastice \u00eempotriva acestuia, conform Hot\u0103r\u00e2rii Guvernului nr. 537\/2007 privind stabilirea \u0219i sanc\u021bionarea contraven\u021biilor la normele de prevenire \u0219i stingere a incendiilor. Autorit\u0103\u021bile reamintesc cet\u0103\u021benilor c\u0103 arderea resturilor vegetale \u00een spa\u021bii deschise este strict reglementat\u0103 \u0219i adesea interzis\u0103, tocmai pentru a preveni dezastrele de mediu \u0219i punerea \u00een pericol a comunit\u0103\u021bilor.<\/p>\n<\/div>\n<div class=\"post-body entry-content\" id=\"post-body\">\n<div class=\"separator\"><a href=\"https:\/\/blogger.googleusercontent.com\/img\/b\/R29vZ2xl\/AVvXsEilwez77ZYFNAa7rEglHkOYtohWoV6vmb9XENvpN7NpQESXlL7xrMNSqQvJIzauvqnn8fJ1Fvaj1qJDzE8z0tO6xytVrdIiYf-hn2jh06lmtc8mk-D_v1LCFXjlw2Y3rp5sJ0wbmqCEZMPBW7OqyhHdtBwFPXPzKunn_UenGx51hVBv5o1_SbzCyEEHZTI\/s1200\/incendiu-vegetatie.jpg\"><img decoding=\"async\" alt=\"Un cioban care a afumat Ti\u0219\u0103u\u021bii cu beldiile de fasole, amendat de pompierii ISU Suceava\" border=\"0\" height=\"335\" loading=\"lazy\" src=\"https:\/\/blogger.googleusercontent.com\/img\/b\/R29vZ2xl\/AVvXsEilwez77ZYFNAa7rEglHkOYtohWoV6vmb9XENvpN7NpQESXlL7xrMNSqQvJIzauvqnn8fJ1Fvaj1qJDzE8z0tO6xytVrdIiYf-hn2jh06lmtc8mk-D_v1LCFXjlw2Y3rp5sJ0wbmqCEZMPBW7OqyhHdtBwFPXPzKunn_UenGx51hVBv5o1_SbzCyEEHZTI\/w640-h335-rw\/incendiu-vegetatie.jpg\" title=\"Un cioban care a afumat Ti\u0219\u0103u\u021bii cu beldiile de fasole, amendat de pompierii ISU Suceava\" width=\"640\"><\/a><\/div>\n<p><strong>O ac\u021biune banal\u0103 de cur\u0103\u021benie de var\u0103 s-a transformat \u00eentr-o alert\u0103 de urgen\u021b\u0103 vineri dup\u0103-amiaz\u0103, \u00een localitatea Ti\u0219\u0103u\u021bi, comuna Ipote\u0219ti. Mirosul puternic de fum \u0219i vizibilitatea fl\u0103c\u0103rilor \u00een lunca r\u00e2ului Suceava au provocat panic\u0103 printre localnici, determin\u00e2nd o interven\u021bie a pompierilor militari, care s-a soldat \u00een final cu sanc\u021biuni contraven\u021bionale.<\/strong><\/p>\n<p>Incidentul a fost raportat la Sistemul Na\u021bional Unic pentru Apeluri de Urgen\u021b\u0103 112 \u00een data de 31 iulie 2026, la ora 15:24. Sec\u021bia nr. 2 Poli\u021bie Rural\u0103 Ipote\u0219ti a fost sesizat\u0103 de c\u0103tre un localnic \u00eengrijorat, care a reclamat faptul c\u0103 o persoan\u0103 a dat foc la gunoaie \u00eentr-o zon\u0103 vulnerabil\u0103, chiar l\u00e2ng\u0103 albia r\u00e2ului Suceava.<\/p>\n<p>\u00cen urma cercet\u0103rilor efectuate de oamenii legii s-a stabilit cu exactitate firul evenimentelor. Protagonistul incidentului este Ion B., un b\u0103rbat din <a href=\"http:\/\/stirisuceava.net\/search\/label\/Ti%C8%99%C4%83u%C8%9Bi\">Ti\u0219\u0103u\u021bi<\/a> care de\u021bine \u00een arend\u0103 de la Prim\u0103ria Ipote\u0219ti o suprafa\u021b\u0103 de p\u0103\u0219une situat\u0103 \u00een lunca r\u00e2ului, unde are amenajat\u0103 \u0219i o st\u00e2n\u0103.<\/p>\n<p>\u00cen jurul orei 15:00, b\u0103rbatul s-a decis s\u0103 fac\u0103 cur\u0103\u021benie \u00een zona ad\u0103postului de animale. Pe parcursul activit\u0103\u021bii, a str\u00e2ns mai multe resturi vegetale, mai exact beldii de fasole, c\u0103rora a hot\u0103r\u00e2t s\u0103 le dea foc direct pe c\u00e2mp. Fumul dens degajat s-a \u00eendreptat rapid c\u0103tre zonele locuite. Apelantul, care de\u021bine o cas\u0103 la aproximativ 300 de metri distan\u021b\u0103 de st\u00e2n\u0103, a sim\u021bit mirosul \u00een\u021bep\u0103tor de fum \u0219i, tem\u00e2ndu-se de un incendiu de propor\u021bii, a sunat imediat la 112.<\/p>\n<h3>F\u0103r\u0103 dosar penal, dar cu sanc\u021biuni aspre de la ISU<\/h3>\n<p>La fa\u021ba locului s-a deplasat de urgen\u021b\u0103 un echipaj din cadrul Inspectoratului pentru Situa\u021bii de Urgen\u021b\u0103 (ISU) Suceava. Din fericire, interven\u021bia cu ap\u0103 a pompierilor nu a mai fost necesar\u0103, \u00eentruc\u00e2t focul fusese deja stins, neexist\u00e2nd niciun pericol de propagare a incendiului c\u0103tre propriet\u0103\u021bile \u00eenvecinate.<\/p>\n<p>De\u0219i poli\u021bi\u0219tii au concluzionat c\u0103 nu au fost constatate fapte de natur\u0103 penal\u0103, ac\u021biunea b\u0103rbatului nu va r\u0103m\u00e2ne nepedepsit\u0103. Lucr\u0103torii din cadrul ISU Suceava urmeaz\u0103 s\u0103 aplice m\u0103suri legale drastice \u00eempotriva acestuia, conform Hot\u0103r\u00e2rii Guvernului nr. 537\/2007 privind stabilirea \u0219i sanc\u021bionarea contraven\u021biilor la normele de prevenire \u0219i stingere a incendiilor. Autorit\u0103\u021bile reamintesc cet\u0103\u021benilor c\u0103 arderea resturilor vegetale \u00een spa\u021bii deschise este strict reglementat\u0103 \u0219i adesea interzis\u0103, tocmai pentru a preveni dezastrele de mediu \u0219i punerea \u00een pericol a comunit\u0103\u021bilor.<\/p>\n<\/div>\n<p>[analyse_source url=&#8221;https:\/\/www.stirisuceava.net\/2026\/08\/un-cioban-care-afumat-tisautii-cu.html&#8221;]<\/p>\n","protected":false},"excerpt":{"rendered":"<p>[analyse_image type=&#8221;featured&#8221; src=&#8221;https:\/\/blogger.googleusercontent.com\/img\/b\/R29vZ2xl\/AVvXsEilwez77ZYFNAa7rEglHkOYtohWoV6vmb9XENvpN7NpQESXlL7xrMNSqQvJIzauvqnn8fJ1Fvaj1qJDzE8z0tO6xytVrdIiYf-hn2jh06lmtc8mk-D_v1LCFXjlw2Y3rp5sJ0wbmqCEZMPBW7OqyhHdtBwFPXPzKunn_UenGx51hVBv5o1_SbzCyEEHZTI\/w1600\/incendiu-vegetatie.jpg&#8221;] O ac\u021biune banal\u0103 de cur\u0103\u021benie de var\u0103 s-a transformat \u00eentr-o alert\u0103 de urgen\u021b\u0103 vineri dup\u0103-amiaz\u0103, \u00een localitatea Ti\u0219\u0103u\u021bi, comuna Ipote\u0219ti. Mirosul puternic de fum \u0219i vizibilitatea fl\u0103c\u0103rilor \u00een lunca r\u00e2ului Suceava au provocat panic\u0103 printre localnici, determin\u00e2nd o interven\u021bie a pompierilor militari, care s-a soldat \u00een final cu sanc\u021biuni contraven\u021bionale. Incidentul a [&hellip;]<\/p>\n","protected":false},"author":1,"featured_media":0,"comment_status":"open","ping_status":"","sticky":false,"template":"","format":"standard","meta":{"footnotes":""},"categories":[89],"tags":[226,172],"class_list":["post-2074210","post","type-post","status-publish","format-standard","hentry","category-romania","tag-crawlmanager","tag-stirisuceava-net"],"_links":{"self":[{"href":"https:\/\/analyse.optim.biz\/index.php?rest_route=\/wp\/v2\/posts\/2074210","targetHints":{"allow":["GET"]}}],"collection":[{"href":"https:\/\/analyse.optim.biz\/index.php?rest_route=\/wp\/v2\/posts"}],"about":[{"href":"https:\/\/analyse.optim.biz\/index.php?rest_route=\/wp\/v2\/types\/post"}],"author":[{"embeddable":true,"href":"https:\/\/analyse.optim.biz\/index.php?rest_route=\/wp\/v2\/users\/1"}],"replies":[{"embeddable":true,"href":"https:\/\/analyse.optim.biz\/index.php?rest_route=%2Fwp%2Fv2%2Fcomments&post=2074210"}],"version-history":[{"count":0,"href":"https:\/\/analyse.optim.biz\/index.php?rest_route=\/wp\/v2\/posts\/2074210\/revisions"}],"wp:attachment":[{"href":"https:\/\/analyse.optim.biz\/index.php?rest_route=%2Fwp%2Fv2%2Fmedia&parent=2074210"}],"wp:term":[{"taxonomy":"category","embeddable":true,"href":"https:\/\/analyse.optim.biz\/index.php?rest_route=%2Fwp%2Fv2%2Fcategories&post=2074210"},{"taxonomy":"post_tag","embeddable":true,"href":"https:\/\/analyse.optim.biz\/index.php?rest_route=%2Fwp%2Fv2%2Ftags&post=2074210"}],"curies":[{"name":"wp","href":"https:\/\/api.w.org\/{rel}","templated":true}]}}