{"id":2074192,"date":"2026-08-02T19:22:27","date_gmt":"2026-08-02T16:22:27","guid":{"rendered":"https:\/\/analyse.optim.biz\/?p=2074192"},"modified":"2026-08-02T19:22:27","modified_gmt":"2026-08-02T16:22:27","slug":"calendarul-zilei-3-august-sf-iraclie-din-basarabia-sfintii-isaachie-dalmat-si-faust","status":"publish","type":"post","link":"https:\/\/analyse.optim.biz\/?p=2074192","title":{"rendered":"Calendarul zilei 3 august: Sf.Iraclie din Basarabia. Sfin\u021bii Isaachie, Dalmat \u0219i Faust"},"content":{"rendered":"<p>[analyse_image type=&#8221;featured&#8221; src=&#8221;https:\/\/r3media.ro\/wp-content\/uploads\/2025\/08\/icoana-Sf.Iraclie-din-Basarabia-1019&#215;1536-1-e1785700806493.webphttps:\/\/r3media.ro\/wp-content\/uploads\/2025\/08\/icoana-Sf.Iraclie-din-Basarabia-1019&#215;1536-1-e1785700806493.webp&#8221;]<\/p>\n<article id=\"template-id-109\" class=\"post-109 tdb_templates type-tdb_templates status-publish post\">\n<div id=\"tdi_2\" class=\"tdc-zone\">\n<div class=\"tdc_zone tdi_3  wpb_row td-pb-row\">\n<div id=\"tdi_4\" class=\"tdc-row\">\n<div class=\"vc_row tdi_5  wpb_row td-pb-row\">\n<div class=\"vc_column tdi_7  wpb_column vc_column_container tdc-column td-pb-span8\">\n<div class=\"wpb_wrapper\">\n<div class=\"td_block_wrap tdb_breadcrumbs tdi_8 td-pb-border-top td_block_template_1 tdb-breadcrumbs \" data-td-block-uid=\"tdi_8\">\n<div class=\"tdb-block-inner td-fix-index\"><span><a title=\"Vede\u021bi toate articolele \u00een PRIM PLAN\" class=\"tdb-entry-crumb\" href=\"https:\/\/r3media.ro\/category\/stiri-prim-plan\/\">PRIM PLAN<\/a><\/span><span class=\"tdb-bred-no-url-last\">Calendarul zilei 3 august: Sf.Iraclie din Basarabia. Sfin\u021bii Isaachie, Dalmat \u0219i Faust<\/span><\/div>\n<\/div>\n<div class=\"td_block_wrap tdb_single_categories tdi_9 td-pb-border-top td_block_template_1 \" data-td-block-uid=\"tdi_9\">\n<div class=\"tdb-category td-fix-index\"><a class=\"tdb-entry-category\" href=\"https:\/\/r3media.ro\/category\/stiri-prim-plan\/\">PRIM PLAN<\/a><a class=\"tdb-entry-category\" href=\"https:\/\/r3media.ro\/category\/stiri\/\">\u0218TIRI<\/a><a class=\"tdb-entry-category\" href=\"https:\/\/r3media.ro\/category\/video-news\/\">VIDEO<\/a><\/div>\n<\/div>\n<div class=\"td_block_wrap tdb_title tdi_10 tdb-single-title td-pb-border-top td_block_template_1\" data-td-block-uid=\"tdi_10\">\n<div class=\"tdb-block-inner td-fix-index\">\n<h1 class=\"tdb-title-text\">Calendarul zilei 3 august: Sf.Iraclie din Basarabia. Sfin\u021bii Isaachie, Dalmat \u0219i Faust<\/h1>\n<\/div>\n<\/div>\n<div class=\"vc_row_inner tdi_12  vc_row vc_inner wpb_row td-pb-row\">\n<div class=\"vc_column_inner tdi_14  wpb_column vc_column_container tdc-inner-column td-pb-span12\">\n<div class=\"vc_column-inner\">\n<div class=\"wpb_wrapper\">\n<div class=\"td_block_wrap tdb_single_author tdi_15 td-pb-border-top td_block_template_1 tdb-post-meta\" data-td-block-uid=\"tdi_15\">\n<div class=\"tdb-block-inner td-fix-index\">\n<div class=\"tdb-author-name-wrap\"><a class=\"tdb-author-name\" href=\"https:\/\/r3media.ro\/author\/redactia\/\">Redac\u021bia<\/a><\/div>\n<\/div>\n<\/div>\n<div class=\"td_block_wrap tdb_single_date tdi_16 td-pb-border-top td_block_template_1 tdb-post-meta\" data-td-block-uid=\"tdi_16\">\n<div class=\"tdb-block-inner td-fix-index\"><time class=\"entry-date updated td-module-date\" datetime=\"2026-08-02T22:22:27+03:00\">02\/08\/2026<\/time><\/div>\n<\/div>\n<\/div>\n<\/div>\n<\/div>\n<\/div>\n<div class=\"td_block_wrap tdb_single_featured_image tdi_17 tdb-content-horiz-left td-pb-border-top td_block_template_1\" data-td-block-uid=\"tdi_17\">\n<div class=\"tdb-block-inner td-fix-index\">\n<div class=\"wpb_video_wrapper\">\n<\/div>\n<\/div>\n<\/div>\n<div class=\"td_block_wrap tdb_single_content tdi_18 td-pb-border-top td_block_template_1 td-post-content tagdiv-type\" data-td-block-uid=\"tdi_18\">\n<div class=\"tdb-block-inner td-fix-index\">\n<p><strong>Sf\u00e2ntul Cuvios Iraclie din Basarabia s-a n\u0103scut \u00een Pojor\u00e2ta, jude\u021bul C\u00e2mpulung Moldovenesc, la 11 mai 1893, primind la botez numele de Ioan. P\u0103rin\u021bii s\u0103i, Ignat \u0219i Elisabeta Flocea, \u021b\u0103rani gospodari, i-au oferit o educa\u021bie aleas\u0103, cresc\u00e2nd \u00een iubire \u0219i dragoste de Dumnezeu al\u0103turi de cei \u0219apte fra\u021bi ai s\u0103i mai mici.<\/strong><\/p>\n<p>\u00cenc\u0103 din copil\u0103rie simte chemarea spre via\u021ba monahal\u0103. Odat\u0103, a fugit de cas\u0103 la cea mai apropiat\u0103 m\u0103n\u0103stire cu inten\u021bia de a r\u0103m\u00e2ne acolo pentru totdeauna. Stare\u021bul, v\u0103z\u00e2ndu-i cur\u0103\u021bia \u0219i sinceritatea, i-a oferit m\u00e2ng\u00e2iere \u0219i l-a trimis la p\u0103rin\u021bi, \u00eens\u0103 g\u00e2ndul acesta nu l-a p\u0103r\u0103sit niciodat\u0103. Ioan a avut din pruncie o sete arz\u0103toare de cunoa\u0219tere \u0219i o minte luminat\u0103. Era atras de via\u021ba duhovniceasc\u0103 \u0219i \u00ee\u0219i dorea s\u0103 se des\u0103v\u00e2r\u0219easc\u0103.<\/p>\n<p>\u00cen vara anului 1914, \u00een timpul Primului R\u0103zboi Mondial, Ioan este luat \u00een armat\u0103 \u0219i trimis s\u0103 lupte pe front. Pe c\u00e2mpul de lupt\u0103 este r\u0103nit grav la m\u00e2n\u0103 st\u00e2ng\u0103, \u00eens\u0103 Dumnezeu \u00eel acoper\u0103 \u0219i scap\u0103 cu via\u021b\u0103 din ploaia de gloan\u021be care secera tot ce \u00eent\u00e2lnea \u00een cale. Ioan este operat \u0219i, prin mila lui Dumnezeu, m\u00e2na i-a fost t\u0103m\u0103duit\u0103 \u00een chip minunat.<\/p>\n<p>\u00centors \u00een tran\u0219ee, este r\u0103nit \u0219i la picior de o schij\u0103, dar scap\u0103 cu via\u021b\u0103, mul\u021bumind \u00eenc\u0103 o dat\u0103 lui Dumnezeu pentru ocrotire. Pe front g\u0103se\u0219te o icoan\u0103 a Sf\u00e2ntului Nicolae \u0219i o lum\u00e2nare arz\u00e2nd \u00een fa\u021ba ei, moment \u00een care \u00eei f\u0103g\u0103duie\u0219te lui Dumnezeu c\u0103, dac\u0103 va sc\u0103pa cu via\u021b\u0103 din r\u0103zboi, va \u00eembr\u0103\u021bi\u0219a via\u021ba monahal\u0103. Astfel, \u00een anul 1917, dup\u0103 ce revine acas\u0103 \u00een Bucovina, merge \u00een Basarabia \u0219i se \u00eenchinoviaz\u0103 la M\u0103n\u0103stirea <em>H\u00e2rbov\u0103\u021b<\/em> din raionul C\u0103l\u0103ra\u0219i.<\/p>\n<p>Dup\u0103 o perioad\u0103 de \u00eencercare, stare\u021bul s\u0103u, v\u0103z\u00e2nd r\u00e2vna lui pentru cele sfinte, \u00eel c\u0103lug\u0103re\u0219te \u00een anul 1920, \u0219i \u00eei pune numele Iraclie. \u00cen anul 1926 a fost hirotonit ierodiacon, iar doi ani mai t\u00e2rziu ieromonah, slujind cu mult\u0103 r\u00e2vn\u0103 \u0219i cuvenit\u0103 evlavie toat\u0103 via\u021ba sa.<\/p>\n<p>Calit\u0103\u021bile sale oratorice, preg\u0103tirea teologic\u0103 temeinic\u0103 \u0219i via\u021ba sa curat\u0103, au f\u0103cut ca \u00een anul 1935 s\u0103 fie desemnat s\u0103 conduc\u0103 procesiunile din parohii, merg\u00e2nd cu <em>Icoana Maicii Domnului f\u0103c\u0103toare de minuni de la H\u00e2rbov\u0103\u021b <\/em>pentru a face <em>plug\u0103ria spiritual\u0103 de toamn\u0103 \u0219i de prim\u0103var\u0103<\/em>. La aceste slujbe Sf\u00e2ntul Iraclie rostea cuv\u00e2nt\u0103ri spre folosul duhovnicesc al credincio\u0219ilor.<\/p>\n<p>Contemporanii s\u0103i \u00eel cinsteau, recunosc\u00e2nd \u00een el un mare orator, un duhovnic iscusit \u0219i un bun slujitor. Era milostiv \u0219i iubitor de str\u0103ini, fiind dedicat \u00eentru totul misiunii sale preo\u021be\u0219ti. Cuno\u0219tea bine Sfintele Scripturi \u0219i vorbea mai multe limbi str\u0103ine: rusa, g\u0103g\u0103uza, germana. Astfel, se \u00eendeletnicea cu traducerea textelor de suflet folositoare pe care le publica spre zidirea duhovniceasc\u0103 a celor mul\u021bi.<\/p>\n<p>Sf\u00e2ntul Iraclie a fost un bun pov\u0103\u021buitor al tinerilor care urmau \u0218coala de c\u00e2nt\u0103re\u021bi de la Chi\u0219in\u0103u, ce fusese transferat\u0103 la H\u00e2rbov\u0103\u021b, unde activa ca spiritual \u0219i subdirector.<\/p>\n<p>Pentru priceperea \u0219i statornicia sa, \u00een anul 1940 a fost desemnat vicar al eparhiei. Cu discern\u0103m\u00e2ntul s\u0103u, a men\u021binut echilibrul \u00een M\u0103n\u0103stirea H\u00e2rbov\u0103\u021b \u00eentr-o perioad\u0103 tulbure, de r\u0103zboi, p\u00e2n\u0103 la desfiin\u021barea ei de c\u0103tre sovietici.<\/p>\n<p>A fost transferat apoi ca preot slujitor la parohia Nisporeni. V\u0103z\u00e2nd persecu\u021bia preo\u021bilor \u0219i a monahilor din partea sovieticilor, din modestele posibilit\u0103\u021bi de la parohie trimitea ajutoare la c\u0103lug\u0103rii de la M\u0103n\u0103stirile Noul Neam\u021b \u0219i H\u00e2ncu. Le d\u0103dea bani \u0219i m\u00e2ncare, ar\u0103t\u00e2nd dragoste \u0219i mil\u0103 fa\u021b\u0103 de fra\u021bii afla\u021bi \u00een suferin\u021b\u0103.<\/p>\n<p>Av\u00e2nd ascultarea de exarh al m\u0103n\u0103stirilor din Arhiepiscopia Chi\u0219in\u0103ului \u00eentre anii 1941 \u0219i 1944, a modelat \u00een sufletele fra\u021bilor \u0219i ale monahilor virtu\u021bile cre\u0219tine \u0219i i-a \u00eendemnat <em>s\u0103 fie lumin\u0103 lumii \u0219i sare p\u0103m\u00e2ntului<\/em>, vorbindu-le despre vremelnicia vie\u021bii \u0219i bucuria comuniunii ve\u0219nice cu Hristos.<\/p>\n<p>\u00cen anul 1944, Basarabia este din nou ocupat\u0103 de trupele sovietice. Osta\u0219ii necredincio\u0219i au arestat, au torturat \u0219i au omor\u00e2t mul\u021bime de clerici \u0219i credincio\u0219i care au m\u0103rturisit credin\u021ba \u00een Iisus Hristos. Sf\u00e2ntul Iraclie a primit \u0219i el aceast\u0103 cruce grea a m\u0103rturisirii. La 3 septembrie 1945 a fost arestat de necredincio\u0219i. Este condamnat pe nedrept la 8 ani de temni\u021b\u0103 \u00een lag\u0103rele de munc\u0103 din Uniunea Sovietic\u0103.<\/p>\n<p>\u00cen \u00eenchisoare, ca \u0219i ceilal\u021bi clerici, a continuat s\u0103 ajute \u0219i s\u0103 \u00eencurajeze pe de\u021binu\u021bi, a spovedit \u0219i a \u021binut vie flac\u0103ra credin\u021bei, fiind un credincios slujitor al lui Hristos. Nu s-a lep\u0103dat de Mirele Bisericii \u0219i nici nu a cedat \u00een fa\u021ba chinuitorilor s\u0103i, r\u0103m\u00e2n\u00e2nd statornic \u00een credin\u021b\u0103 p\u00e2n\u0103 la sf\u00e2r\u0219itul vie\u021bii.<\/p>\n<p>\u00cen anul 1953 se \u00eentoarce \u00een Basarabia \u201etot at\u00e2t de smerit \u0219i harnic propov\u0103duitor al Cuv\u00e2ntului lui Dumnezeu\u201d. \u00cen perioada 1953-1959, Sf\u00e2ntul Iraclie vie\u021buie\u0219te \u00een M\u0103n\u0103stirea \u021aig\u0103ne\u0219ti, de l\u00e2ng\u0103 Chi\u0219in\u0103u. Dup\u0103 desfiin\u021barea ei \u00een 1959, a mers la M\u0103n\u0103stirea Noul Neam\u021b, unde a vie\u021buit p\u00e2n\u0103 la \u00eenchiderea ei din anul 1962. Ultimii ani i-a petrecut \u00een casa unui fiu duhovnicesc din satul Chi\u021bcani, aproape de M\u0103n\u0103stirea Noul Neam\u021b, \u00een smerenie \u0219i rug\u0103ciune, pov\u0103\u021buindu-\u0219i duhovnice\u0219te ucenicii care \u00eel cercetau.<\/p>\n<p>Str\u0103lucind \u00een virtute, \u00een dragoste \u0219i smerenie, s-a f\u0103cut vas primitor al darurilor dumnezeie\u0219ti \u0219i s-a ar\u0103tat \u00eendrum\u0103tor \u00een\u021belept al sufletelor pe calea m\u00e2ntuirii. Binepl\u0103c\u00e2nd lui Dumnezeu \u0219i oamenilor, prin vie\u021buirea sa cea sf\u00e2nt\u0103, \u0219i-a sf\u00e2r\u0219it via\u021ba aceasta la 16\/3 august 1964, \u00eenconjurat de ucenicii s\u0103i. A fost \u00eenmorm\u00e2ntat \u00een cimitirul satului sub atenta supraveghere a comuni\u0219tilor.<\/p>\n<p>Dup\u0103 anul 2000, prin lucrarea proniatoare a lui Dumnezeu \u0219i grija rudelor sale de la Pojor\u00e2ta, cu multe eforturi, s-a descoperit morm\u00e2ntul marelui cuvios. Cu acest prilej, sfintele sale moa\u0219te au fost luate \u0219i a\u0219ezate \u00een cimitirul M\u0103n\u0103stirii Noul Neam\u021b. Atunci, familia, av\u00e2nd mare evlavie c\u0103tre str\u0103mo\u0219ul lor cel duhovnicesc, a luat un fragment din sfintele moa\u0219te spre binecuv\u00e2ntare.<\/p>\n<p>\u00cen ziua pomenirii sale din anul 2022, din moa\u0219tele cuviosului a izvor\u00e2t mir. Familia Sf\u00e2ntului Iraclie, v\u0103z\u00e2nd aceast\u0103 minune, a sl\u0103vit pe Dumnezeu \u0219i a povestit \u00eent\u00e2mplarea minunat\u0103 Preasfin\u021bitului P\u0103rinte Veniamin, Episcopul Basarabiei de Sud. Afl\u00e2nd de aceasta \u0219i de via\u021ba sa sf\u00e2nt\u0103, binepl\u0103cut\u0103 \u00eenaintea lui Dumnezeu, \u00eempreun\u0103 cu familia \u0219i cu un sobor de preo\u021bi a mers la morm\u00e2ntul Sf\u00e2ntului \u0219i \u00een ziua de 22 noiembrie 2022 au aflat cinstitele sale moa\u0219te frumoase la vedere \u0219i binemirositoare.<\/p>\n<p>Cu ale lui sfinte rug\u0103ciuni, Doamne, Iisuse Hristoase, Dumnezeul nostru, miluie\u0219te-ne \u0219i ne m\u00e2ntuie\u0219te pe noi. Amin.<\/p>\n<h3>Tropar: Ceata monahilor \u0219i a credincio\u0219ilor din Basarabia ast\u0103zi te laud\u0103, Sfinte Iraclie, cinstind sl\u0103vita ta pomenire, c\u0103 i-ai luminat pe to\u021bi cu lumina Scripturilor, cu slujirea Tainelor, \u0219i cu graiul P\u0103rin\u021bilor; de aceea, te rug\u0103m, mijloce\u0219te pentru sufletele noastre.<\/h3>\n<h2 class=\"art-heading w-387\"><strong><br \/>\nSfantul Isachie este cinstit aparte pe 30 mai.<\/strong><\/h2>\n<p class=\"art-heading w-387\">Este sfantul care a luptat pentru inapoierea bisericilor ortodoxe luate de arieni. Inainte de a trece la cele vesnice, Sfantul Isachie l-a numit staret pe ucenicul sau, Dalmat. Acesta a fost ostas in armata imperiala a imparatului Teodosie cel Mare. Dalmat si-a parasit sotia si copiii si a vietuit in obstea Cuviosului Isachie, impreuna cu fiul sau, Faust. Dalmat s-a dat pe sine unei aspre postiri, incat ajungea sa nu manance nimic timp de 40 de zile. A fost unul din Parintii prezenti la al treilea Sinod Ecumenic, tinut in anul 431, la Efes, unde a luptat impotriva invataturii lui Nestorie care sustinea ca Fecioara Maria este nascatoare numai de om. Faust, fiul lui Dalmat, i-a fost sprijin in toate tatalui sau. A trecut la cele vesnice in obstea in care a intrat impreuna cu Dalmat.<\/p>\n<p>Viata cea placuta lui Dumnezeu a Cuviosului Isachie si ravna lui cea mare pentru buna credinta, prin care a mustrat pe raucredinciosul imparat Valent, proorocindu-i pieirea lui, precum si fericitul sfarsit al acestui cuvios, s-a scris din destul la 30 mai; cel ce voieste, sa citeasca acolo.<\/p>\n<p>Iar Cuviosul Dalmat, fiind in viata mireneasca, a fost mai intai ostas in imparatia lui Teodosie cel Mare si era foarte cinstit la imparatul. Apoi a defaimat pentru Dumnezeu toate cele lumesti si, lasandu-si femeia si copiii, a luat cu dansul numai pe un fiu al sau cu numele Faust si s-a dus la Cuviosul Isachie, care avea manastire in cetatea dinaintea Constantinopolului. El a fost tuns de dansul in randuiala monahiceasca impreuna cu fiul sau si traiau amandoi cu dumnezeiasca placere, bine nevoindu-se in pustnicestile osteneli. Iar dupa ce Cuviosul Isachie a ajuns la adanci batraneti, cand se apropia de sfarsit, a chemat pe frati si, invatandu-i pentru mantuire, le-a pus egumen in locul sau pe Cuviosul Dalmat, dupa al carui nume mai pe urma s-a numit si manastirea aceea \u201ea lui Dalmat\u201d.\u00a0Fericitul Dalmat a fost hirotonit preot de catre Atic, patriarhul Constantinopolului. El atata postire a aratat, incat petrecea fara hrana pana la patruzeci de zile, biruind astfel, prin post si rugaciune, puterea diavolului. El s-a nevoit inca si asupra diavolilor celor vazuti, adica asupra ereticilor nestorieni care huleau pe Preasfanta Fecioara Maria, Maica Domnului, si a fost mare ajutator Sfintilor Parinti la al treilea Sinod ecumenic, care s-a tinut in Efes, in timpul imparatului Teodosie cel Mic. Cuviosul era iubit de imparat si de sfintii parinti care l-au pus arhimandrit in Manastirea Dalmatului. Si placand el lui Dumnezeu desavarsit, s-a mutat la Dansul intru adanci batraneti. De asemenea si fiul lui, Cuviosul Faust, strabatand prin toata dumnezeiasca placere si prin toata nevointa monahiceasca si sfarsind bine alergarea pustniceasca, s-a mutat la vesnicele locasuri si s-a numarat cu cuviosii parinti in viata cea fara de moarte.<\/p>\n<div id=\"art-content\" class=\"art-content clearfix text-justify\">Tot in aceasta zi, facem pomenirea:<br \/>\n\u2013 Sfantului Cuvios si Marturisitor Ioan, egumenul Manastirii Patalaria;<br \/>\n\u2013 Sfintei Mironosite Salomeea.<\/div>\n<div class=\"crp_related     crp-masonry\">\n<h2>\u00ceN CONTEXT<\/h2>\n<ul>\n<li><a href=\"https:\/\/r3media.ro\/calendarul-zilei-4-ianuarie-soborul-sfintilor-70-de-apostoli\/\" class=\"crp_link post-34856\"><span class=\"crp_title\">Calendarul zilei 4 ianuarie: Soborul Sfin\u021bilor 70 de apostoli<\/span><\/a><\/li>\n<li><a href=\"https:\/\/r3media.ro\/calendarul-zilei-9-mai-sf-proroc-isaia-sf-mc-hristofor-aducerea-la-bari-a-moastelor-sf-ier-nicolae\/\" class=\"crp_link post-94576\"><span class=\"crp_title\">Calendarul zilei 9 mai: Sf. Proroc Isaia; Sf. Mc. Hristofor; Aducerea la Bari a moa\u0219telor\u2026<\/span><\/a><\/li>\n<li><a href=\"https:\/\/r3media.ro\/calendarul-zilei-22-iunie-sf-ierarh-grigorie-dascalul-mitropolitul-tarii-romanesti-sf-sfintit-mc-eusebiu-episcopul-samosatei\/\" class=\"crp_link post-48963\"><span class=\"crp_title\">Calendarul zilei 22 iunie: Sf. Ierarh Grigorie Dasc\u0103lul, Mitropolitul \u021a\u0103rii Rom\u00e2ne\u0219ti; Sf.\u2026<\/span><\/a><\/li>\n<li><a href=\"https:\/\/r3media.ro\/calendarul-zilei-30-mai-sfantul-cuvios-isaachie-marturisitorul\/\" class=\"crp_link post-73814\"><span class=\"crp_title\">Calendarul zilei 30 mai: Sf\u00e2ntul Cuvios Isaachie M\u0103rturisitorul<\/span><\/a><\/li>\n<li><a href=\"https:\/\/r3media.ro\/6-iulie-sf-cuv-dometie-cel-milostiv-de-la-ramet-si-mama-sa-sf-cuv-filotimia-sf-cuv-sisoe-cel-mare\/\" class=\"crp_link post-119451\"><span class=\"crp_title\">Calendarul zilei 6 iulie: Sf. Cuv. Dometie cel Milostiv de la R\u00e2me\u021b \u0219i mama sa, Sf. Cuv.\u2026<\/span><\/a><\/li>\n<li><a href=\"https:\/\/r3media.ro\/calendarul-zilei-18-decembrie-sf-cuvios-daniil-sihastrul-duhovnicul-sf-stefan-cel-mare\/\" class=\"crp_link post-86710\"><span class=\"crp_title\">Calendarul zilei 18 decembrie: Sf. Cuvios Daniil Sihastrul, duhovnicul Sf. \u0218tefan cel Mare<\/span><\/a><\/li>\n<li><a href=\"https:\/\/r3media.ro\/calendarul-zilei-8-august-sf-ierarh-emilian-marturisitorul\/\" class=\"crp_link post-51997\"><span class=\"crp_title\">Calendarul zilei 8 august: Sf\u00e2ntul Preot Mucenic Alexandru din Basarabia. Sf. ierarh Emilian\u2026<\/span><\/a><\/li>\n<li><a href=\"https:\/\/r3media.ro\/calendarul-zilei-7-ianuarie-sfantul-ioan-botezatorul-craciunul-pe-calendarul-vechi\/\" class=\"crp_link post-10400\"><span class=\"crp_title\">Calendarul zilei 7 ianuarie: Sf\u00e2ntul Ioan Botez\u0103torul. Cr\u0103ciunul pe calendarul vechi<\/span><\/a><\/li>\n<\/ul>\n<\/div>\n<\/div>\n<\/div>\n<div class=\"td_block_wrap tdb_single_tags tdi_19 td-pb-border-top td_block_template_1\" data-td-block-uid=\"tdi_19\">\n<div class=\"tdb-block-inner td-fix-index\">\n<ul class=\"tdb-tags\">\n<li><span>SUBIECTE FIERBIN\u021aI<\/span><\/li>\n<li><a href=\"https:\/\/r3media.ro\/tag\/calendar-ortodox\/\">calendar ortodox<\/a><\/li>\n<li><a href=\"https:\/\/r3media.ro\/tag\/calendarul-zilei\/\">calendarul zilei<\/a><\/li>\n<li><a href=\"https:\/\/r3media.ro\/tag\/calendarul-zilei-3-august\/\">calendarul zilei 3 august<\/a><\/li>\n<\/ul>\n<\/div>\n<\/div>\n<div class=\"td_block_wrap td_block_9 tdi_20 td_with_ajax_pagination td-pb-border-top td_block_template_1 td-column-2 td_block_padding td_block_bot_line\" data-td-block-uid=\"tdi_20\">\n<div class=\"td-block-title-wrap\">\n<h4 class=\"block-title td-block-title\"><span class=\"td-pulldown-size\">CITE\u0218TE MAI MULT<\/span><\/h4>\n<\/div>\n<div id=\"tdi_20\" class=\"td_block_inner\">\n<div class=\"td-block-row\">\n<div class=\"td-block-span6\">\n<div class=\"td_module_8 td_module_wrap\">\n<div class=\"item-details\">\n<h3 class=\"entry-title td-module-title\"><a href=\"https:\/\/r3media.ro\/spania-asediu-migranti-exclava-ceuta-africa-madrid-trupe-securitate-video\/\" rel=\"bookmark\" title=\"VIDEO | Spania se afl\u0103 sub asediu: Mii de migran\u021bi au luat cu asalt exclava Ceuta din Africa. Madridul a trimis trupe pentru a consolida securitatea\">VIDEO | Spania se afl\u0103 sub asediu: Mii de migran\u021bi au luat cu asalt&#8230;<\/a><\/h3>\n<div class=\"td-module-meta-info\"><a href=\"https:\/\/r3media.ro\/category\/actualitate\/\" class=\"td-post-category\">ACTUALITATE<\/a><span class=\"td-post-author-name\"><a href=\"https:\/\/r3media.ro\/author\/oana\/\">Oana Ivan<\/a><span>&#8211;<\/span><\/span><span class=\"td-post-date\"><time class=\"entry-date updated td-module-date\" datetime=\"2026-07-31T12:39:57+03:00\">31\/07\/2026<\/time><\/span><\/div>\n<\/div>\n<\/div>\n<\/div>\n<div class=\"td-block-span6\">\n<div class=\"td_module_8 td_module_wrap\">\n<div class=\"item-details\">\n<h3 class=\"entry-title td-module-title\"><a href=\"https:\/\/r3media.ro\/hyundai-recheama-service-masini-electrice-inster-risc-incendiu\/\" rel=\"bookmark\" title=\"Hyundai recheam\u0103 \u00een service zeci de mii de ma\u0219ini electrice din cauza riscului de incendiu\">Hyundai recheam\u0103 \u00een service zeci de mii de ma\u0219ini electrice din cauza riscului de&#8230;<\/a><\/h3>\n<div class=\"td-module-meta-info\"><a href=\"https:\/\/r3media.ro\/category\/featured\/\" class=\"td-post-category\">FEATURED<\/a><span class=\"td-post-author-name\"><a href=\"https:\/\/r3media.ro\/author\/oana\/\">Oana Ivan<\/a><span>&#8211;<\/span><\/span><span class=\"td-post-date\"><time class=\"entry-date updated td-module-date\" datetime=\"2026-08-02T08:34:05+03:00\">02\/08\/2026<\/time><\/span><\/div>\n<\/div>\n<\/div>\n<\/div>\n<\/div>\n<div class=\"td-block-row\">\n<div class=\"td-block-span6\">\n<div class=\"td_module_8 td_module_wrap\">\n<div class=\"item-details\">\n<h3 class=\"entry-title td-module-title\"><a href=\"https:\/\/r3media.ro\/expert-ucraina-faliment-agricultura-romaneasca-tehnologii-ue\/\" rel=\"bookmark\" title=\"Un expert explic\u0103 felul \u00een care concuren\u021ba din Ucraina bag\u0103 \u00een faliment agricultura rom\u00e2neasc\u0103: Folosesc tehnologii interzise \u00een UE\">Un expert explic\u0103 felul \u00een care concuren\u021ba din Ucraina bag\u0103 \u00een faliment agricultura rom\u00e2neasc\u0103:&#8230;<\/a><\/h3>\n<div class=\"td-module-meta-info\"><a href=\"https:\/\/r3media.ro\/category\/actualitate\/\" class=\"td-post-category\">ACTUALITATE<\/a><span class=\"td-post-author-name\"><a href=\"https:\/\/r3media.ro\/author\/radu_ursan\/\">Radu Ursan<\/a><span>&#8211;<\/span><\/span><span class=\"td-post-date\"><time class=\"entry-date updated td-module-date\" datetime=\"2026-07-30T09:51:48+03:00\">30\/07\/2026<\/time><\/span><\/div>\n<\/div>\n<\/div>\n<\/div>\n<div class=\"td-block-span6\">\n<div class=\"td_module_8 td_module_wrap\">\n<div class=\"item-details\">\n<h3 class=\"entry-title td-module-title\"><a href=\"https:\/\/r3media.ro\/masina-electrica-foc-turcia-incarcat-vehicul-explozie-pompieri-stingere-incendiu-video\/\" rel=\"bookmark\" title=\"VIDEO | O ma\u0219in\u0103 electric\u0103 a luat foc \u00een timp ce se afla la \u00eenc\u0103rcat. Vehiculul a explodat chiar c\u00e2nd pompierii \u00eencercau s\u0103 sting\u0103 incendiul folosind o p\u0103tur\u0103 ignifug\u0103\">VIDEO | O ma\u0219in\u0103 electric\u0103 a luat foc \u00een timp ce se afla la&#8230;<\/a><\/h3>\n<div class=\"td-module-meta-info\"><a href=\"https:\/\/r3media.ro\/category\/stiri-prim-plan\/\" class=\"td-post-category\">PRIM PLAN<\/a><span class=\"td-post-author-name\"><a href=\"https:\/\/r3media.ro\/author\/oana\/\">Oana Ivan<\/a><span>&#8211;<\/span><\/span><span class=\"td-post-date\"><time class=\"entry-date updated td-module-date\" datetime=\"2026-07-31T13:33:48+03:00\">31\/07\/2026<\/time><\/span><\/div>\n<\/div>\n<\/div>\n<\/div>\n<\/div>\n<div class=\"td-block-row\">\n<div class=\"td-block-span6\">\n<div class=\"td_module_8 td_module_wrap\">\n<div class=\"item-details\">\n<h3 class=\"entry-title td-module-title\"><a href=\"https:\/\/r3media.ro\/dragostea-care-transcende-epoci-descult-in-parc-1967\/\" rel=\"bookmark\" title=\"Dragostea care transcende epoci \u2014 Descul\u021b \u00een parc (1967)\">Dragostea care transcende epoci \u2014 Descul\u021b \u00een parc (1967)<\/a><\/h3>\n<div class=\"td-module-meta-info\"><a href=\"https:\/\/r3media.ro\/category\/featured\/\" class=\"td-post-category\">FEATURED<\/a><span class=\"td-post-author-name\"><a href=\"https:\/\/r3media.ro\/author\/costi_balasoiu\/\">Constantin B\u0103l\u0103\u0219oiu<\/a><span>&#8211;<\/span><\/span><span class=\"td-post-date\"><time class=\"entry-date updated td-module-date\" datetime=\"2026-08-01T13:45:14+03:00\">01\/08\/2026<\/time><\/span><\/div>\n<\/div>\n<\/div>\n<\/div>\n<div class=\"td-block-span6\">\n<div class=\"td_module_8 td_module_wrap\">\n<div class=\"item-details\">\n<h3 class=\"entry-title td-module-title\"><a href=\"https:\/\/r3media.ro\/cornel-nistorescu-drone-razboi-ucraina\/\" rel=\"bookmark\" title=\"Cornel Nistorescu, dup\u0103 incidentele cu drone: Adie a aer de r\u0103zboi. De mirare c\u0103 dronele ucrainene nu au st\u00e2rnit at\u00e2ta t\u0103r\u0103boi\">Cornel Nistorescu, dup\u0103 incidentele cu drone: Adie a aer de r\u0103zboi. De mirare c\u0103&#8230;<\/a><\/h3>\n<div class=\"td-module-meta-info\"><a href=\"https:\/\/r3media.ro\/category\/actualitate\/\" class=\"td-post-category\">ACTUALITATE<\/a><span class=\"td-post-author-name\"><a href=\"https:\/\/r3media.ro\/author\/radu_ursan\/\">Radu Ursan<\/a><span>&#8211;<\/span><\/span><span class=\"td-post-date\"><time class=\"entry-date updated td-module-date\" datetime=\"2026-07-28T10:21:51+03:00\">28\/07\/2026<\/time><\/span><\/div>\n<\/div>\n<\/div>\n<\/div>\n<\/div>\n<div class=\"td-block-row\">\n<div class=\"td-block-span6\">\n<div class=\"td_module_8 td_module_wrap\">\n<div class=\"item-details\">\n<h3 class=\"entry-title td-module-title\"><a href=\"https:\/\/r3media.ro\/bnr-recomanda-romani-rezerve-de-cash-atacuri-cibernetice-numerar-relevant-criza\/\" rel=\"bookmark\" title=\"BNR le recomand\u0103 rom\u00e2nilor s\u0103 p\u0103streze rezerve de cash: Numerarul se poate dovedi relevant \u00een criz\u0103\">BNR le recomand\u0103 rom\u00e2nilor s\u0103 p\u0103streze rezerve de cash: Numerarul se poate dovedi relevant&#8230;<\/a><\/h3>\n<div class=\"td-module-meta-info\"><a href=\"https:\/\/r3media.ro\/category\/actualitate\/\" class=\"td-post-category\">ACTUALITATE<\/a><span class=\"td-post-author-name\"><a href=\"https:\/\/r3media.ro\/author\/oana\/\">Oana Ivan<\/a><span>&#8211;<\/span><\/span><span class=\"td-post-date\"><time class=\"entry-date updated td-module-date\" datetime=\"2026-07-27T13:11:47+03:00\">27\/07\/2026<\/time><\/span><\/div>\n<\/div>\n<\/div>\n<\/div>\n<div class=\"td-block-span6\">\n<div class=\"td_module_8 td_module_wrap\">\n<div class=\"item-details\">\n<h3 class=\"entry-title td-module-title\"><a href=\"https:\/\/r3media.ro\/statul-roman-a-semnat-actul-propriei-disparitii\/\" rel=\"bookmark\" title=\"Statul rom\u00e2n a semnat actul propriei dispari\u021bii?\">Statul rom\u00e2n a semnat actul propriei dispari\u021bii?<\/a><\/h3>\n<div class=\"td-module-meta-info\"><a href=\"https:\/\/r3media.ro\/category\/opinii\/\" class=\"td-post-category\">OPINII<\/a><span class=\"td-post-author-name\"><a href=\"https:\/\/r3media.ro\/author\/gabipopa\/\">Gabriel Popa<\/a><span>&#8211;<\/span><\/span><span class=\"td-post-date\"><time class=\"entry-date updated td-module-date\" datetime=\"2026-07-27T15:07:05+03:00\">27\/07\/2026<\/time><\/span><\/div>\n<\/div>\n<\/div>\n<\/div>\n<\/div>\n<div class=\"td-block-row\">\n<div class=\"td-block-span6\">\n<div class=\"td_module_8 td_module_wrap\">\n<div class=\"item-details\">\n<h3 class=\"entry-title td-module-title\"><a href=\"https:\/\/r3media.ro\/prima-oara-istorie-presedintia-document-primplan-patriotism-european\/\" rel=\"bookmark\" title=\"Pentru prima oar\u0103 \u00een istorie, Pre\u0219edin\u021bia Rom\u00e2niei emite un document care pune pe primul plan o alt\u0103 entitate dec\u00e2t \u021bara noastr\u0103: patriotismul european\">Pentru prima oar\u0103 \u00een istorie, Pre\u0219edin\u021bia Rom\u00e2niei emite un document care pune pe primul&#8230;<\/a><\/h3>\n<div class=\"td-module-meta-info\"><a href=\"https:\/\/r3media.ro\/category\/actualitate\/\" class=\"td-post-category\">ACTUALITATE<\/a><span class=\"td-post-author-name\"><a href=\"https:\/\/r3media.ro\/author\/teodor_stan\/\">Teodor Stan<\/a><span>&#8211;<\/span><\/span><span class=\"td-post-date\"><time class=\"entry-date updated td-module-date\" datetime=\"2026-07-26T11:44:31+03:00\">26\/07\/2026<\/time><\/span><\/div>\n<\/div>\n<\/div>\n<\/div>\n<div class=\"td-block-span6\">\n<div class=\"td_module_8 td_module_wrap\">\n<div class=\"item-details\">\n<h3 class=\"entry-title td-module-title\"><a href=\"https:\/\/r3media.ro\/film-nou-stapanul-inelelor-corect-politic-regizor-andy-serkis-diversitate-tolkien-mitologie-nordica\/\" rel=\"bookmark\" title=\"Noul film \u201eSt\u0103p\u00e2nul Inelelor\u201d nu va fi corect politic. Regizorul Andy Serkis: J.R.R. Tolkien a fost influen\u021bat de mitologia nordic\u0103. Nu vrem o distribu\u021bie de dragul de a bifa c\u0103su\u021be\">Noul film \u201eSt\u0103p\u00e2nul Inelelor\u201d nu va fi corect politic. Regizorul Andy Serkis: J.R.R. Tolkien&#8230;<\/a><\/h3>\n<div class=\"td-module-meta-info\"><a href=\"https:\/\/r3media.ro\/category\/actualitate\/\" class=\"td-post-category\">ACTUALITATE<\/a><span class=\"td-post-author-name\"><a href=\"https:\/\/r3media.ro\/author\/oana\/\">Oana Ivan<\/a><span>&#8211;<\/span><\/span><span class=\"td-post-date\"><time class=\"entry-date updated td-module-date\" datetime=\"2026-07-26T15:49:31+03:00\">26\/07\/2026<\/time><\/span><\/div>\n<\/div>\n<\/div>\n<\/div>\n<\/div>\n<div class=\"td-block-row\">\n<div class=\"td-block-span6\">\n<div class=\"td_module_8 td_module_wrap\">\n<div class=\"item-details\">\n<h3 class=\"entry-title td-module-title\"><a href=\"https:\/\/r3media.ro\/dictatura-forma-suprema-a-democratiei\/\" rel=\"bookmark\" title=\"Dictatura \u2013 forma suprem\u0103 a democra\u021biei\">Dictatura \u2013 forma suprem\u0103 a democra\u021biei<\/a><\/h3>\n<div class=\"td-module-meta-info\"><a href=\"https:\/\/r3media.ro\/category\/opinii\/\" class=\"td-post-category\">OPINII<\/a><span class=\"td-post-author-name\"><a href=\"https:\/\/r3media.ro\/author\/tru\/\">TRU (Traian Ungureanu)<\/a><span>&#8211;<\/span><\/span><span class=\"td-post-date\"><time class=\"entry-date updated td-module-date\" datetime=\"2026-07-25T16:43:11+03:00\">25\/07\/2026<\/time><\/span><\/div>\n<\/div>\n<\/div>\n<\/div>\n<div class=\"td-block-span6\">\n<div class=\"td_module_8 td_module_wrap\">\n<div class=\"item-details\">\n<h3 class=\"entry-title td-module-title\"><a href=\"https:\/\/r3media.ro\/marea-britanie-apa-inteligenta-artificiala-romania-centru-ai-restrictii-consum-apa\/\" rel=\"bookmark\" title=\"Marea Britanie nu mai are suficient\u0103 ap\u0103 pentru Inteligen\u021ba Artificial\u0103, dar Rom\u00e2nia vrea s\u0103 g\u0103zduiasc\u0103 un centru AI care consum\u0103 c\u00e2t sute de mii de oameni \u0219i impune restric\u021bii la consumul de ap\u0103 al popula\u021biei\">Marea Britanie nu mai are suficient\u0103 ap\u0103 pentru Inteligen\u021ba Artificial\u0103, dar Rom\u00e2nia vrea s\u0103&#8230;<\/a><\/h3>\n<div class=\"td-module-meta-info\"><a href=\"https:\/\/r3media.ro\/category\/actualitate\/\" class=\"td-post-category\">ACTUALITATE<\/a><span class=\"td-post-author-name\"><a href=\"https:\/\/r3media.ro\/author\/radu_ursan\/\">Radu Ursan<\/a><span>&#8211;<\/span><\/span><span class=\"td-post-date\"><time class=\"entry-date updated td-module-date\" datetime=\"2026-07-23T11:44:13+03:00\">23\/07\/2026<\/time><\/span><\/div>\n<\/div>\n<\/div>\n<\/div>\n<\/div>\n<\/div>\n<div class=\"td-load-more-wrap td-load-more-infinite-wrap\" id=\"infinite-lm-tdi_20\"><a href=\"https:\/\/r3media.ro\/3-august-iraclie-basarabia-sfintii-isaachie-dalmat-si-faust\/\" class=\"td_ajax_load_more td_ajax_load_more_js\" aria-label=\"\u00cenc\u0103rca\u021bi mai multe\" id=\"next-page-tdi_20\" data-td_block_id=\"tdi_20\">\u00cenc\u0103rca\u021bi mai multe<\/a><\/div>\n<\/div>\n<div class=\"td_block_wrap tdb_single_comments tdi_21 tdb-comm-layout2 td-pb-border-top td_block_template_1\" data-td-block-uid=\"tdi_21\">\n<div class=\"tdb-block-inner td-fix-index\">\n<div class=\"comments\" id=\"comments\">\n<div id=\"respond\" class=\"comment-respond\">\n<h3 id=\"reply-title\" class=\"comment-reply-title\">AI CEVA DE SPUS? <small><a rel=\"nofollow\" id=\"cancel-comment-reply-link\" href=\"https:\/\/r3media.ro\/3-august-iraclie-basarabia-sfintii-isaachie-dalmat-si-faust\/#respond\">Renun\u021ba\u021bi la r\u0103spuns<\/a><\/small><\/h3>\n<div class=\"comment-form-input-wrap td-form-comment\">\n<div class=\"td-warning-comment\">V\u0103 rug\u0103m s\u0103 introduce\u021bi comentariul dvs.!<\/div>\n<\/div>\n<div class=\"comment-form-input-wrap td-form-author\">\n<div class=\"td-warning-author\">Introduce\u021bi aici numele dvs.<\/div>\n<\/div>\n<div class=\"comment-form-input-wrap td-form-email\">\n<div class=\"td-warning-email-error\">A\u021bi introdus o adres\u0103 de e-mail incorect\u0103!<\/div>\n<div class=\"td-warning-email\">V\u0103 rug\u0103m s\u0103 introduce\u021bi adresa dvs. de e-mail aici<\/div>\n<\/div>\n<\/div>\n<\/div>\n<\/div>\n<\/div>\n<\/div>\n<\/div>\n<div class=\"vc_column tdi_23  wpb_column vc_column_container tdc-column td-pb-span4 td-is-sticky\">\n<div class=\"wpb_wrapper\" data-sticky-enabled-on=\"W3RydWUsdHJ1ZSx0cnVlLHRydWVd\" data-sticky-offset=\"20\" data-sticky-is-width-auto=\"W2ZhbHNlLGZhbHNlLGZhbHNlLGZhbHNlXQ==\">\n<div class=\"wpb_wrapper td_block_wrap vc_widget_sidebar tdi_25 \">\n<div class=\"td_block_wrap td_block_7 td_block_widget tdi_26 td-pb-border-top td_block_template_1 td-column-1 td_block_padding\" data-td-block-uid=\"tdi_26\">\n<div class=\"td-block-title-wrap\">\n<h4 class=\"block-title td-block-title\"><span class=\"td-pulldown-size\">Articole RELA\u021aIONATE<\/span><\/h4>\n<\/div>\n<div id=\"tdi_26\" class=\"td_block_inner\">\n<div class=\"td-block-span12\">\n<div class=\"td_module_6 td_module_wrap td-animation-stack\">\n<div class=\"td-module-thumb\"><a href=\"https:\/\/r3media.ro\/3-august-1601-batalia-de-la-guruslau-mihai-viteazul\/\" rel=\"bookmark\" class=\"td-image-wrap \" title=\"3 august 1601, B\u0103t\u0103lia de la Gurusl\u0103u. Ultima victorie a lui Mihai Viteazul\"><img loading=\"lazy\" decoding=\"async\" class=\"entry-thumb\" src=\"https:\/\/r3media.ro\/wp-content\/uploads\/2021\/08\/maxresdefault-1-100x70.jpg\" alt title=\"3 august 1601, B\u0103t\u0103lia de la Gurusl\u0103u. Ultima victorie a lui Mihai Viteazul\" width=\"100\" height=\"70\"><\/a><\/div>\n<div class=\"item-details\">\n<h3 class=\"entry-title td-module-title\"><a href=\"https:\/\/r3media.ro\/3-august-1601-batalia-de-la-guruslau-mihai-viteazul\/\" rel=\"bookmark\" title=\"3 august 1601, B\u0103t\u0103lia de la Gurusl\u0103u. Ultima victorie a lui Mihai Viteazul\">3 august 1601, B\u0103t\u0103lia de la Gurusl\u0103u. Ultima victorie a lui&#8230;<\/a><\/h3>\n<div class=\"td-module-meta-info\"><span class=\"td-post-date\"><time class=\"entry-date updated td-module-date\" datetime=\"2026-08-02T22:44:33+03:00\">02\/08\/2026<\/time><\/span><\/div>\n<\/div>\n<\/div>\n<\/div>\n<div class=\"td-block-span12\">\n<div class=\"td_module_6 td_module_wrap td-animation-stack\">\n<div class=\"td-module-thumb\"><a href=\"https:\/\/r3media.ro\/puterea-mitologica-instalata-a-romaniei\/\" rel=\"bookmark\" class=\"td-image-wrap \" title=\"Puterea mitologic\u0103 instalat\u0103 a Rom\u00e2niei\"><img loading=\"lazy\" decoding=\"async\" class=\"entry-thumb\" src=\"https:\/\/r3media.ro\/wp-content\/uploads\/2025\/02\/pnrr-100x70.jpg\" alt title=\"Puterea mitologic\u0103 instalat\u0103 a Rom\u00e2niei\" width=\"100\" height=\"70\"><\/a><\/div>\n<div class=\"item-details\">\n<h3 class=\"entry-title td-module-title\"><a href=\"https:\/\/r3media.ro\/puterea-mitologica-instalata-a-romaniei\/\" rel=\"bookmark\" title=\"Puterea mitologic\u0103 instalat\u0103 a Rom\u00e2niei\">Puterea mitologic\u0103 instalat\u0103 a Rom\u00e2niei<\/a><\/h3>\n<div class=\"td-module-meta-info\"><span class=\"td-post-date\"><time class=\"entry-date updated td-module-date\" datetime=\"2026-08-02T22:08:04+03:00\">02\/08\/2026<\/time><\/span><\/div>\n<\/div>\n<\/div>\n<\/div>\n<div class=\"td-block-span12\">\n<div class=\"td_module_6 td_module_wrap td-animation-stack\">\n<div class=\"td-module-thumb\"><a href=\"https:\/\/r3media.ro\/reducere-10-supermarket-stat-new-york-discount-clienti-case-self-service\/\" rel=\"bookmark\" class=\"td-image-wrap \" title=\"Reducere de 10% la supermarket: Statul New York ar putea oferi un discount clien\u021bilor care aleg casele self-service\"><img loading=\"lazy\" decoding=\"async\" class=\"entry-thumb\" src=\"https:\/\/r3media.ro\/wp-content\/uploads\/2026\/08\/supermarket-100x70.jpg\" alt title=\"Reducere de 10% la supermarket: Statul New York ar putea oferi un discount clien\u021bilor care aleg casele self-service\" width=\"100\" height=\"70\"><\/a><\/div>\n<div class=\"item-details\">\n<h3 class=\"entry-title td-module-title\"><a href=\"https:\/\/r3media.ro\/reducere-10-supermarket-stat-new-york-discount-clienti-case-self-service\/\" rel=\"bookmark\" title=\"Reducere de 10% la supermarket: Statul New York ar putea oferi un discount clien\u021bilor care aleg casele self-service\">Reducere de 10% la supermarket: Statul New York ar putea oferi&#8230;<\/a><\/h3>\n<div class=\"td-module-meta-info\"><span class=\"td-post-date\"><time class=\"entry-date updated td-module-date\" datetime=\"2026-08-02T15:32:06+03:00\">02\/08\/2026<\/time><\/span><\/div>\n<\/div>\n<\/div>\n<\/div>\n<div class=\"td-block-span12\">\n<div class=\"td_module_6 td_module_wrap td-animation-stack\">\n<div class=\"td-module-thumb\"><a href=\"https:\/\/r3media.ro\/hyundai-recheama-service-masini-electrice-inster-risc-incendiu\/\" rel=\"bookmark\" class=\"td-image-wrap \" title=\"Hyundai recheam\u0103 \u00een service zeci de mii de ma\u0219ini electrice din cauza riscului de incendiu\"><img loading=\"lazy\" decoding=\"async\" class=\"entry-thumb\" src=\"https:\/\/r3media.ro\/wp-content\/uploads\/2026\/08\/masina-hyundai-100x70.jpg\" alt title=\"Hyundai recheam\u0103 \u00een service zeci de mii de ma\u0219ini electrice din cauza riscului de incendiu\" width=\"100\" height=\"70\"><\/a><\/div>\n<div class=\"item-details\">\n<h3 class=\"entry-title td-module-title\"><a href=\"https:\/\/r3media.ro\/hyundai-recheama-service-masini-electrice-inster-risc-incendiu\/\" rel=\"bookmark\" title=\"Hyundai recheam\u0103 \u00een service zeci de mii de ma\u0219ini electrice din cauza riscului de incendiu\">Hyundai recheam\u0103 \u00een service zeci de mii de ma\u0219ini electrice din&#8230;<\/a><\/h3>\n<div class=\"td-module-meta-info\"><span class=\"td-post-date\"><time class=\"entry-date updated td-module-date\" datetime=\"2026-08-02T08:34:05+03:00\">02\/08\/2026<\/time><\/span><\/div>\n<\/div>\n<\/div>\n<\/div>\n<div class=\"td-block-span12\">\n<div class=\"td_module_6 td_module_wrap td-animation-stack\">\n<div class=\"td-module-thumb\"><a href=\"https:\/\/r3media.ro\/romania-importa-energie-ucraina-ilie-bolojan-stare-de-alerta\/\" rel=\"bookmark\" class=\"td-image-wrap \" title=\"Rom\u00e2nia a ajuns s\u0103 importe energie de la Ucraina, stat aflat \u00een r\u0103zboi. Ilie Bolojan a declarat stare de alert\u0103 la nivel na\u021bional\"><img loading=\"lazy\" decoding=\"async\" class=\"entry-thumb\" src=\"https:\/\/r3media.ro\/wp-content\/uploads\/2024\/11\/Ilie-Bolojan-100x70.avif\" alt title=\"Rom\u00e2nia a ajuns s\u0103 importe energie de la Ucraina, stat aflat \u00een r\u0103zboi. Ilie Bolojan a declarat stare de alert\u0103 la nivel na\u021bional\" width=\"100\" height=\"70\"><\/a><\/div>\n<div class=\"item-details\">\n<h3 class=\"entry-title td-module-title\"><a href=\"https:\/\/r3media.ro\/romania-importa-energie-ucraina-ilie-bolojan-stare-de-alerta\/\" rel=\"bookmark\" title=\"Rom\u00e2nia a ajuns s\u0103 importe energie de la Ucraina, stat aflat \u00een r\u0103zboi. Ilie Bolojan a declarat stare de alert\u0103 la nivel na\u021bional\">Rom\u00e2nia a ajuns s\u0103 importe energie de la Ucraina, stat aflat&#8230;<\/a><\/h3>\n<div class=\"td-module-meta-info\"><span class=\"td-post-date\"><time class=\"entry-date updated td-module-date\" datetime=\"2026-08-01T21:30:03+03:00\">01\/08\/2026<\/time><\/span><\/div>\n<\/div>\n<\/div>\n<\/div>\n<div class=\"td-block-span12\">\n<div class=\"td_module_6 td_module_wrap td-animation-stack\">\n<div class=\"td-module-thumb\"><a href=\"https:\/\/r3media.ro\/stapanul-inelelor-ecrane-fani-faurire-inel-unic-sauron\/\" rel=\"bookmark\" class=\"td-image-wrap \" title=\"St\u0103p\u00e2nul Inelelor se \u00eentoarce pe ecrane: Fanii pot vedea cum a fost f\u0103urit Inelul Unic de c\u0103tre Sauron\"><img loading=\"lazy\" decoding=\"async\" class=\"entry-thumb\" src=\"https:\/\/r3media.ro\/wp-content\/uploads\/2026\/08\/stapanul-inelelor-100x70.jpg\" alt title=\"St\u0103p\u00e2nul Inelelor se \u00eentoarce pe ecrane: Fanii pot vedea cum a fost f\u0103urit Inelul Unic de c\u0103tre Sauron\" width=\"100\" height=\"70\"><\/a><\/div>\n<div class=\"item-details\">\n<h3 class=\"entry-title td-module-title\"><a href=\"https:\/\/r3media.ro\/stapanul-inelelor-ecrane-fani-faurire-inel-unic-sauron\/\" rel=\"bookmark\" title=\"St\u0103p\u00e2nul Inelelor se \u00eentoarce pe ecrane: Fanii pot vedea cum a fost f\u0103urit Inelul Unic de c\u0103tre Sauron\">St\u0103p\u00e2nul Inelelor se \u00eentoarce pe ecrane: Fanii pot vedea cum a&#8230;<\/a><\/h3>\n<div class=\"td-module-meta-info\"><span class=\"td-post-date\"><time class=\"entry-date updated td-module-date\" datetime=\"2026-08-01T14:05:57+03:00\">01\/08\/2026<\/time><\/span><\/div>\n<\/div>\n<\/div>\n<\/div>\n<div class=\"td-block-span12\">\n<div class=\"td_module_6 td_module_wrap td-animation-stack\">\n<div class=\"td-module-thumb\"><a href=\"https:\/\/r3media.ro\/dragostea-care-transcende-epoci-descult-in-parc-1967\/\" rel=\"bookmark\" class=\"td-image-wrap \" title=\"Dragostea care transcende epoci \u2014 Descul\u021b \u00een parc (1967)\"><img loading=\"lazy\" decoding=\"async\" class=\"entry-thumb\" src=\"https:\/\/r3media.ro\/wp-content\/uploads\/2026\/08\/descult-in-parc-1967-100x70.webp\" alt title=\"Dragostea care transcende epoci \u2014 Descul\u021b \u00een parc (1967)\" width=\"100\" height=\"70\"><\/a><\/div>\n<div class=\"item-details\">\n<h3 class=\"entry-title td-module-title\"><a href=\"https:\/\/r3media.ro\/dragostea-care-transcende-epoci-descult-in-parc-1967\/\" rel=\"bookmark\" title=\"Dragostea care transcende epoci \u2014 Descul\u021b \u00een parc (1967)\">Dragostea care transcende epoci \u2014 Descul\u021b \u00een parc (1967)<\/a><\/h3>\n<div class=\"td-module-meta-info\"><span class=\"td-post-date\"><time class=\"entry-date updated td-module-date\" datetime=\"2026-08-01T13:45:14+03:00\">01\/08\/2026<\/time><\/span><\/div>\n<\/div>\n<\/div>\n<\/div>\n<\/div>\n<\/div>\n<aside class=\"td_block_template_1 widget widget_recent_comments\">\n<h4 class=\"block-title\"><span>INTR\u0102 \u00ceN DISCU\u021aIE!<\/span><\/h4>\n<ul id=\"recentcomments\">\n<li class=\"recentcomments\"><span class=\"comment-author-link\">Eu pot, dar voi ?<\/span> la <a href=\"https:\/\/r3media.ro\/europarlamentarul-gheorghe-piperea-psd-pnl-usr-udmr-sunt-de-fapt-pro-ucraineni-noi-preferam-sa-fim-pro-romani\/#comment-40340\">Europarlamentarul Gheorghe Piperea: PSD-PNL-USR-UDMR sunt de fapt, pro-ucraineni. Noi prefer\u0103m s\u0103 fim pro-rom\u00e2ni<\/a><\/li>\n<li class=\"recentcomments\"><span class=\"comment-author-link\">Eu pot, dar voi ?<\/span> la <a href=\"https:\/\/r3media.ro\/steinhardt-caragiale-si-sufletul-romanesc\/#comment-40339\">Steinhardt, Caragiale \u015fi sufletul rom\u00e2nesc<\/a><\/li>\n<li class=\"recentcomments\"><span class=\"comment-author-link\">E.T.<\/span> la <a href=\"https:\/\/r3media.ro\/statul-roman-a-semnat-actul-propriei-disparitii\/#comment-40338\">Statul rom\u00e2n a semnat actul propriei dispari\u021bii?<\/a><\/li>\n<li class=\"recentcomments\"><span class=\"comment-author-link\">E.T.<\/span> la <a href=\"https:\/\/r3media.ro\/dragostea-care-transcende-epoci-descult-in-parc-1967\/#comment-40337\">Dragostea care transcende epoci \u2014 Descul\u021b \u00een parc (1967)<\/a><\/li>\n<li class=\"recentcomments\"><span class=\"comment-author-link\">E.T.<\/span> la <a href=\"https:\/\/r3media.ro\/spania-asediu-migranti-exclava-ceuta-africa-madrid-trupe-securitate-video\/#comment-40336\">VIDEO | Spania se afl\u0103 sub asediu: Mii de migran\u021bi au luat cu asalt exclava Ceuta din Africa. Madridul a trimis trupe pentru a consolida securitatea<\/a><\/li>\n<li class=\"recentcomments\"><span class=\"comment-author-link\">Nicu<\/span> la <a href=\"https:\/\/r3media.ro\/antifa-instiga-violenta-manifestatie-pasnica-remigratie-olanda\/#comment-40335\">Antifa \u0219i grupurile anarhiste instig\u0103 la violen\u021b\u0103 la o manifesta\u021bie pa\u0219nic\u0103 pentru remigra\u021bie organizat\u0103 \u00een Olanda<\/a><\/li>\n<li class=\"recentcomments\"><span class=\"comment-author-link\">Nicu<\/span> la <a href=\"https:\/\/r3media.ro\/iasi-stinge-lumina-oras-iluminat-public-noaptea-economie-curent-electric\/#comment-40333\">Ia\u0219iul stinge lumina: Ora\u0219ul r\u0103m\u00e2ne f\u0103r\u0103 iluminat public \u00een timpul nop\u021bii pentru a face economie la curent electric<\/a><\/li>\n<\/ul>\n<\/aside>\n<aside class=\"td_block_template_1 widget widget_search\">\n<h4 class=\"block-title\"><span>CAUT\u0102 \u0218I VEI G\u0102SI<\/span><\/h4>\n<\/aside>\n<\/div>\n<\/div>\n<\/div>\n<\/div>\n<\/div>\n<\/div>\n<\/div>\n<p><span class=\"td-page-meta\"><\/span><span class=\"td-page-meta\"><span class=\"td-page-meta\"><\/span><\/span><span class=\"td-page-meta\"><\/span><\/article>\n<\/p>\n<div class=\"td_block_wrap tdb_single_content tdi_18 td-pb-border-top td_block_template_1 td-post-content tagdiv-type\" data-td-block-uid=\"tdi_18\">\n<div class=\"tdb-block-inner td-fix-index\">\n<p><strong>Sf\u00e2ntul Cuvios Iraclie din Basarabia s-a n\u0103scut \u00een Pojor\u00e2ta, jude\u021bul C\u00e2mpulung Moldovenesc, la 11 mai 1893, primind la botez numele de Ioan. P\u0103rin\u021bii s\u0103i, Ignat \u0219i Elisabeta Flocea, \u021b\u0103rani gospodari, i-au oferit o educa\u021bie aleas\u0103, cresc\u00e2nd \u00een iubire \u0219i dragoste de Dumnezeu al\u0103turi de cei \u0219apte fra\u021bi ai s\u0103i mai mici.<\/strong><\/p>\n<p>\u00cenc\u0103 din copil\u0103rie simte chemarea spre via\u021ba monahal\u0103. Odat\u0103, a fugit de cas\u0103 la cea mai apropiat\u0103 m\u0103n\u0103stire cu inten\u021bia de a r\u0103m\u00e2ne acolo pentru totdeauna. Stare\u021bul, v\u0103z\u00e2ndu-i cur\u0103\u021bia \u0219i sinceritatea, i-a oferit m\u00e2ng\u00e2iere \u0219i l-a trimis la p\u0103rin\u021bi, \u00eens\u0103 g\u00e2ndul acesta nu l-a p\u0103r\u0103sit niciodat\u0103. Ioan a avut din pruncie o sete arz\u0103toare de cunoa\u0219tere \u0219i o minte luminat\u0103. Era atras de via\u021ba duhovniceasc\u0103 \u0219i \u00ee\u0219i dorea s\u0103 se des\u0103v\u00e2r\u0219easc\u0103.<\/p>\n<p>\u00cen vara anului 1914, \u00een timpul Primului R\u0103zboi Mondial, Ioan este luat \u00een armat\u0103 \u0219i trimis s\u0103 lupte pe front. Pe c\u00e2mpul de lupt\u0103 este r\u0103nit grav la m\u00e2n\u0103 st\u00e2ng\u0103, \u00eens\u0103 Dumnezeu \u00eel acoper\u0103 \u0219i scap\u0103 cu via\u021b\u0103 din ploaia de gloan\u021be care secera tot ce \u00eent\u00e2lnea \u00een cale. Ioan este operat \u0219i, prin mila lui Dumnezeu, m\u00e2na i-a fost t\u0103m\u0103duit\u0103 \u00een chip minunat.<\/p>\n<p>\u00centors \u00een tran\u0219ee, este r\u0103nit \u0219i la picior de o schij\u0103, dar scap\u0103 cu via\u021b\u0103, mul\u021bumind \u00eenc\u0103 o dat\u0103 lui Dumnezeu pentru ocrotire. Pe front g\u0103se\u0219te o icoan\u0103 a Sf\u00e2ntului Nicolae \u0219i o lum\u00e2nare arz\u00e2nd \u00een fa\u021ba ei, moment \u00een care \u00eei f\u0103g\u0103duie\u0219te lui Dumnezeu c\u0103, dac\u0103 va sc\u0103pa cu via\u021b\u0103 din r\u0103zboi, va \u00eembr\u0103\u021bi\u0219a via\u021ba monahal\u0103. Astfel, \u00een anul 1917, dup\u0103 ce revine acas\u0103 \u00een Bucovina, merge \u00een Basarabia \u0219i se \u00eenchinoviaz\u0103 la M\u0103n\u0103stirea <em>H\u00e2rbov\u0103\u021b<\/em> din raionul C\u0103l\u0103ra\u0219i.<\/p>\n<p>Dup\u0103 o perioad\u0103 de \u00eencercare, stare\u021bul s\u0103u, v\u0103z\u00e2nd r\u00e2vna lui pentru cele sfinte, \u00eel c\u0103lug\u0103re\u0219te \u00een anul 1920, \u0219i \u00eei pune numele Iraclie. \u00cen anul 1926 a fost hirotonit ierodiacon, iar doi ani mai t\u00e2rziu ieromonah, slujind cu mult\u0103 r\u00e2vn\u0103 \u0219i cuvenit\u0103 evlavie toat\u0103 via\u021ba sa.<\/p>\n<p>Calit\u0103\u021bile sale oratorice, preg\u0103tirea teologic\u0103 temeinic\u0103 \u0219i via\u021ba sa curat\u0103, au f\u0103cut ca \u00een anul 1935 s\u0103 fie desemnat s\u0103 conduc\u0103 procesiunile din parohii, merg\u00e2nd cu <em>Icoana Maicii Domnului f\u0103c\u0103toare de minuni de la H\u00e2rbov\u0103\u021b <\/em>pentru a face <em>plug\u0103ria spiritual\u0103 de toamn\u0103 \u0219i de prim\u0103var\u0103<\/em>. La aceste slujbe Sf\u00e2ntul Iraclie rostea cuv\u00e2nt\u0103ri spre folosul duhovnicesc al credincio\u0219ilor.<\/p>\n<p>Contemporanii s\u0103i \u00eel cinsteau, recunosc\u00e2nd \u00een el un mare orator, un duhovnic iscusit \u0219i un bun slujitor. Era milostiv \u0219i iubitor de str\u0103ini, fiind dedicat \u00eentru totul misiunii sale preo\u021be\u0219ti. Cuno\u0219tea bine Sfintele Scripturi \u0219i vorbea mai multe limbi str\u0103ine: rusa, g\u0103g\u0103uza, germana. Astfel, se \u00eendeletnicea cu traducerea textelor de suflet folositoare pe care le publica spre zidirea duhovniceasc\u0103 a celor mul\u021bi.<\/p>\n<p>Sf\u00e2ntul Iraclie a fost un bun pov\u0103\u021buitor al tinerilor care urmau \u0218coala de c\u00e2nt\u0103re\u021bi de la Chi\u0219in\u0103u, ce fusese transferat\u0103 la H\u00e2rbov\u0103\u021b, unde activa ca spiritual \u0219i subdirector.<\/p>\n<p>Pentru priceperea \u0219i statornicia sa, \u00een anul 1940 a fost desemnat vicar al eparhiei. Cu discern\u0103m\u00e2ntul s\u0103u, a men\u021binut echilibrul \u00een M\u0103n\u0103stirea H\u00e2rbov\u0103\u021b \u00eentr-o perioad\u0103 tulbure, de r\u0103zboi, p\u00e2n\u0103 la desfiin\u021barea ei de c\u0103tre sovietici.<\/p>\n<p>A fost transferat apoi ca preot slujitor la parohia Nisporeni. V\u0103z\u00e2nd persecu\u021bia preo\u021bilor \u0219i a monahilor din partea sovieticilor, din modestele posibilit\u0103\u021bi de la parohie trimitea ajutoare la c\u0103lug\u0103rii de la M\u0103n\u0103stirile Noul Neam\u021b \u0219i H\u00e2ncu. Le d\u0103dea bani \u0219i m\u00e2ncare, ar\u0103t\u00e2nd dragoste \u0219i mil\u0103 fa\u021b\u0103 de fra\u021bii afla\u021bi \u00een suferin\u021b\u0103.<\/p>\n<p>Av\u00e2nd ascultarea de exarh al m\u0103n\u0103stirilor din Arhiepiscopia Chi\u0219in\u0103ului \u00eentre anii 1941 \u0219i 1944, a modelat \u00een sufletele fra\u021bilor \u0219i ale monahilor virtu\u021bile cre\u0219tine \u0219i i-a \u00eendemnat <em>s\u0103 fie lumin\u0103 lumii \u0219i sare p\u0103m\u00e2ntului<\/em>, vorbindu-le despre vremelnicia vie\u021bii \u0219i bucuria comuniunii ve\u0219nice cu Hristos.<\/p>\n<p>\u00cen anul 1944, Basarabia este din nou ocupat\u0103 de trupele sovietice. Osta\u0219ii necredincio\u0219i au arestat, au torturat \u0219i au omor\u00e2t mul\u021bime de clerici \u0219i credincio\u0219i care au m\u0103rturisit credin\u021ba \u00een Iisus Hristos. Sf\u00e2ntul Iraclie a primit \u0219i el aceast\u0103 cruce grea a m\u0103rturisirii. La 3 septembrie 1945 a fost arestat de necredincio\u0219i. Este condamnat pe nedrept la 8 ani de temni\u021b\u0103 \u00een lag\u0103rele de munc\u0103 din Uniunea Sovietic\u0103.<\/p>\n<p>\u00cen \u00eenchisoare, ca \u0219i ceilal\u021bi clerici, a continuat s\u0103 ajute \u0219i s\u0103 \u00eencurajeze pe de\u021binu\u021bi, a spovedit \u0219i a \u021binut vie flac\u0103ra credin\u021bei, fiind un credincios slujitor al lui Hristos. Nu s-a lep\u0103dat de Mirele Bisericii \u0219i nici nu a cedat \u00een fa\u021ba chinuitorilor s\u0103i, r\u0103m\u00e2n\u00e2nd statornic \u00een credin\u021b\u0103 p\u00e2n\u0103 la sf\u00e2r\u0219itul vie\u021bii.<\/p>\n<p>\u00cen anul 1953 se \u00eentoarce \u00een Basarabia \u201etot at\u00e2t de smerit \u0219i harnic propov\u0103duitor al Cuv\u00e2ntului lui Dumnezeu\u201d. \u00cen perioada 1953-1959, Sf\u00e2ntul Iraclie vie\u021buie\u0219te \u00een M\u0103n\u0103stirea \u021aig\u0103ne\u0219ti, de l\u00e2ng\u0103 Chi\u0219in\u0103u. Dup\u0103 desfiin\u021barea ei \u00een 1959, a mers la M\u0103n\u0103stirea Noul Neam\u021b, unde a vie\u021buit p\u00e2n\u0103 la \u00eenchiderea ei din anul 1962. Ultimii ani i-a petrecut \u00een casa unui fiu duhovnicesc din satul Chi\u021bcani, aproape de M\u0103n\u0103stirea Noul Neam\u021b, \u00een smerenie \u0219i rug\u0103ciune, pov\u0103\u021buindu-\u0219i duhovnice\u0219te ucenicii care \u00eel cercetau.<\/p>\n<p>Str\u0103lucind \u00een virtute, \u00een dragoste \u0219i smerenie, s-a f\u0103cut vas primitor al darurilor dumnezeie\u0219ti \u0219i s-a ar\u0103tat \u00eendrum\u0103tor \u00een\u021belept al sufletelor pe calea m\u00e2ntuirii. Binepl\u0103c\u00e2nd lui Dumnezeu \u0219i oamenilor, prin vie\u021buirea sa cea sf\u00e2nt\u0103, \u0219i-a sf\u00e2r\u0219it via\u021ba aceasta la 16\/3 august 1964, \u00eenconjurat de ucenicii s\u0103i. A fost \u00eenmorm\u00e2ntat \u00een cimitirul satului sub atenta supraveghere a comuni\u0219tilor.<\/p>\n<p>Dup\u0103 anul 2000, prin lucrarea proniatoare a lui Dumnezeu \u0219i grija rudelor sale de la Pojor\u00e2ta, cu multe eforturi, s-a descoperit morm\u00e2ntul marelui cuvios. Cu acest prilej, sfintele sale moa\u0219te au fost luate \u0219i a\u0219ezate \u00een cimitirul M\u0103n\u0103stirii Noul Neam\u021b. Atunci, familia, av\u00e2nd mare evlavie c\u0103tre str\u0103mo\u0219ul lor cel duhovnicesc, a luat un fragment din sfintele moa\u0219te spre binecuv\u00e2ntare.<\/p>\n<p>\u00cen ziua pomenirii sale din anul 2022, din moa\u0219tele cuviosului a izvor\u00e2t mir. Familia Sf\u00e2ntului Iraclie, v\u0103z\u00e2nd aceast\u0103 minune, a sl\u0103vit pe Dumnezeu \u0219i a povestit \u00eent\u00e2mplarea minunat\u0103 Preasfin\u021bitului P\u0103rinte Veniamin, Episcopul Basarabiei de Sud. Afl\u00e2nd de aceasta \u0219i de via\u021ba sa sf\u00e2nt\u0103, binepl\u0103cut\u0103 \u00eenaintea lui Dumnezeu, \u00eempreun\u0103 cu familia \u0219i cu un sobor de preo\u021bi a mers la morm\u00e2ntul Sf\u00e2ntului \u0219i \u00een ziua de 22 noiembrie 2022 au aflat cinstitele sale moa\u0219te frumoase la vedere \u0219i binemirositoare.<\/p>\n<p>Cu ale lui sfinte rug\u0103ciuni, Doamne, Iisuse Hristoase, Dumnezeul nostru, miluie\u0219te-ne \u0219i ne m\u00e2ntuie\u0219te pe noi. Amin.<\/p>\n<h3>Tropar: Ceata monahilor \u0219i a credincio\u0219ilor din Basarabia ast\u0103zi te laud\u0103, Sfinte Iraclie, cinstind sl\u0103vita ta pomenire, c\u0103 i-ai luminat pe to\u021bi cu lumina Scripturilor, cu slujirea Tainelor, \u0219i cu graiul P\u0103rin\u021bilor; de aceea, te rug\u0103m, mijloce\u0219te pentru sufletele noastre.<\/h3>\n<h2 class=\"art-heading w-387\"><strong><br \/>\nSfantul Isachie este cinstit aparte pe 30 mai.<\/strong><\/h2>\n<p class=\"art-heading w-387\">Este sfantul care a luptat pentru inapoierea bisericilor ortodoxe luate de arieni. Inainte de a trece la cele vesnice, Sfantul Isachie l-a numit staret pe ucenicul sau, Dalmat. Acesta a fost ostas in armata imperiala a imparatului Teodosie cel Mare. Dalmat si-a parasit sotia si copiii si a vietuit in obstea Cuviosului Isachie, impreuna cu fiul sau, Faust. Dalmat s-a dat pe sine unei aspre postiri, incat ajungea sa nu manance nimic timp de 40 de zile. A fost unul din Parintii prezenti la al treilea Sinod Ecumenic, tinut in anul 431, la Efes, unde a luptat impotriva invataturii lui Nestorie care sustinea ca Fecioara Maria este nascatoare numai de om. Faust, fiul lui Dalmat, i-a fost sprijin in toate tatalui sau. A trecut la cele vesnice in obstea in care a intrat impreuna cu Dalmat.<\/p>\n<p>Viata cea placuta lui Dumnezeu a Cuviosului Isachie si ravna lui cea mare pentru buna credinta, prin care a mustrat pe raucredinciosul imparat Valent, proorocindu-i pieirea lui, precum si fericitul sfarsit al acestui cuvios, s-a scris din destul la 30 mai; cel ce voieste, sa citeasca acolo.<\/p>\n<p>Iar Cuviosul Dalmat, fiind in viata mireneasca, a fost mai intai ostas in imparatia lui Teodosie cel Mare si era foarte cinstit la imparatul. Apoi a defaimat pentru Dumnezeu toate cele lumesti si, lasandu-si femeia si copiii, a luat cu dansul numai pe un fiu al sau cu numele Faust si s-a dus la Cuviosul Isachie, care avea manastire in cetatea dinaintea Constantinopolului. El a fost tuns de dansul in randuiala monahiceasca impreuna cu fiul sau si traiau amandoi cu dumnezeiasca placere, bine nevoindu-se in pustnicestile osteneli. Iar dupa ce Cuviosul Isachie a ajuns la adanci batraneti, cand se apropia de sfarsit, a chemat pe frati si, invatandu-i pentru mantuire, le-a pus egumen in locul sau pe Cuviosul Dalmat, dupa al carui nume mai pe urma s-a numit si manastirea aceea \u201ea lui Dalmat\u201d.\u00a0Fericitul Dalmat a fost hirotonit preot de catre Atic, patriarhul Constantinopolului. El atata postire a aratat, incat petrecea fara hrana pana la patruzeci de zile, biruind astfel, prin post si rugaciune, puterea diavolului. El s-a nevoit inca si asupra diavolilor celor vazuti, adica asupra ereticilor nestorieni care huleau pe Preasfanta Fecioara Maria, Maica Domnului, si a fost mare ajutator Sfintilor Parinti la al treilea Sinod ecumenic, care s-a tinut in Efes, in timpul imparatului Teodosie cel Mic. Cuviosul era iubit de imparat si de sfintii parinti care l-au pus arhimandrit in Manastirea Dalmatului. Si placand el lui Dumnezeu desavarsit, s-a mutat la Dansul intru adanci batraneti. De asemenea si fiul lui, Cuviosul Faust, strabatand prin toata dumnezeiasca placere si prin toata nevointa monahiceasca si sfarsind bine alergarea pustniceasca, s-a mutat la vesnicele locasuri si s-a numarat cu cuviosii parinti in viata cea fara de moarte.<\/p>\n<div id=\"art-content\" class=\"art-content clearfix text-justify\">Tot in aceasta zi, facem pomenirea:<br \/>\n\u2013 Sfantului Cuvios si Marturisitor Ioan, egumenul Manastirii Patalaria;<br \/>\n\u2013 Sfintei Mironosite Salomeea.<\/div>\n<div class=\"crp_related     crp-masonry\">\n<h2>\u00ceN CONTEXT<\/h2>\n<ul>\n<li><a href=\"https:\/\/r3media.ro\/calendarul-zilei-4-ianuarie-soborul-sfintilor-70-de-apostoli\/\" class=\"crp_link post-34856\"><span class=\"crp_title\">Calendarul zilei 4 ianuarie: Soborul Sfin\u021bilor 70 de apostoli<\/span><\/a><\/li>\n<li><a href=\"https:\/\/r3media.ro\/calendarul-zilei-9-mai-sf-proroc-isaia-sf-mc-hristofor-aducerea-la-bari-a-moastelor-sf-ier-nicolae\/\" class=\"crp_link post-94576\"><span class=\"crp_title\">Calendarul zilei 9 mai: Sf. Proroc Isaia; Sf. Mc. Hristofor; Aducerea la Bari a moa\u0219telor\u2026<\/span><\/a><\/li>\n<li><a href=\"https:\/\/r3media.ro\/calendarul-zilei-22-iunie-sf-ierarh-grigorie-dascalul-mitropolitul-tarii-romanesti-sf-sfintit-mc-eusebiu-episcopul-samosatei\/\" class=\"crp_link post-48963\"><span class=\"crp_title\">Calendarul zilei 22 iunie: Sf. Ierarh Grigorie Dasc\u0103lul, Mitropolitul \u021a\u0103rii Rom\u00e2ne\u0219ti; Sf.\u2026<\/span><\/a><\/li>\n<li><a href=\"https:\/\/r3media.ro\/calendarul-zilei-30-mai-sfantul-cuvios-isaachie-marturisitorul\/\" class=\"crp_link post-73814\"><span class=\"crp_title\">Calendarul zilei 30 mai: Sf\u00e2ntul Cuvios Isaachie M\u0103rturisitorul<\/span><\/a><\/li>\n<li><a href=\"https:\/\/r3media.ro\/6-iulie-sf-cuv-dometie-cel-milostiv-de-la-ramet-si-mama-sa-sf-cuv-filotimia-sf-cuv-sisoe-cel-mare\/\" class=\"crp_link post-119451\"><span class=\"crp_title\">Calendarul zilei 6 iulie: Sf. Cuv. Dometie cel Milostiv de la R\u00e2me\u021b \u0219i mama sa, Sf. Cuv.\u2026<\/span><\/a><\/li>\n<li><a href=\"https:\/\/r3media.ro\/calendarul-zilei-18-decembrie-sf-cuvios-daniil-sihastrul-duhovnicul-sf-stefan-cel-mare\/\" class=\"crp_link post-86710\"><span class=\"crp_title\">Calendarul zilei 18 decembrie: Sf. Cuvios Daniil Sihastrul, duhovnicul Sf. \u0218tefan cel Mare<\/span><\/a><\/li>\n<li><a href=\"https:\/\/r3media.ro\/calendarul-zilei-8-august-sf-ierarh-emilian-marturisitorul\/\" class=\"crp_link post-51997\"><span class=\"crp_title\">Calendarul zilei 8 august: Sf\u00e2ntul Preot Mucenic Alexandru din Basarabia. Sf. ierarh Emilian\u2026<\/span><\/a><\/li>\n<li><a href=\"https:\/\/r3media.ro\/calendarul-zilei-7-ianuarie-sfantul-ioan-botezatorul-craciunul-pe-calendarul-vechi\/\" class=\"crp_link post-10400\"><span class=\"crp_title\">Calendarul zilei 7 ianuarie: Sf\u00e2ntul Ioan Botez\u0103torul. Cr\u0103ciunul pe calendarul vechi<\/span><\/a><\/li>\n<\/ul>\n<\/div>\n<\/div>\n<\/div>\n<p>[analyse_source url=&#8221;https:\/\/r3media.ro\/3-august-iraclie-basarabia-sfintii-isaachie-dalmat-si-faust\/&#8221;]<\/p>\n","protected":false},"excerpt":{"rendered":"<p>[analyse_image type=&#8221;featured&#8221; src=&#8221;https:\/\/r3media.ro\/wp-content\/uploads\/2025\/08\/icoana-Sf.Iraclie-din-Basarabia-1019&#215;1536-1-e1785700806493.webphttps:\/\/r3media.ro\/wp-content\/uploads\/2025\/08\/icoana-Sf.Iraclie-din-Basarabia-1019&#215;1536-1-e1785700806493.webp&#8221;] PRIM PLANCalendarul zilei 3 august: Sf.Iraclie din Basarabia. Sfin\u021bii Isaachie, Dalmat \u0219i Faust PRIM PLAN\u0218TIRIVIDEO Calendarul zilei 3 august: Sf.Iraclie din Basarabia. Sfin\u021bii Isaachie, Dalmat \u0219i Faust Redac\u021bia 02\/08\/2026 Sf\u00e2ntul Cuvios Iraclie din Basarabia s-a n\u0103scut \u00een Pojor\u00e2ta, jude\u021bul C\u00e2mpulung Moldovenesc, la 11 mai 1893, primind la botez numele de Ioan. P\u0103rin\u021bii [&hellip;]<\/p>\n","protected":false},"author":1,"featured_media":0,"comment_status":"open","ping_status":"","sticky":false,"template":"","format":"standard","meta":{"footnotes":""},"categories":[89],"tags":[226,93],"class_list":["post-2074192","post","type-post","status-publish","format-standard","hentry","category-romania","tag-crawlmanager","tag-r3media-ro"],"_links":{"self":[{"href":"https:\/\/analyse.optim.biz\/index.php?rest_route=\/wp\/v2\/posts\/2074192","targetHints":{"allow":["GET"]}}],"collection":[{"href":"https:\/\/analyse.optim.biz\/index.php?rest_route=\/wp\/v2\/posts"}],"about":[{"href":"https:\/\/analyse.optim.biz\/index.php?rest_route=\/wp\/v2\/types\/post"}],"author":[{"embeddable":true,"href":"https:\/\/analyse.optim.biz\/index.php?rest_route=\/wp\/v2\/users\/1"}],"replies":[{"embeddable":true,"href":"https:\/\/analyse.optim.biz\/index.php?rest_route=%2Fwp%2Fv2%2Fcomments&post=2074192"}],"version-history":[{"count":0,"href":"https:\/\/analyse.optim.biz\/index.php?rest_route=\/wp\/v2\/posts\/2074192\/revisions"}],"wp:attachment":[{"href":"https:\/\/analyse.optim.biz\/index.php?rest_route=%2Fwp%2Fv2%2Fmedia&parent=2074192"}],"wp:term":[{"taxonomy":"category","embeddable":true,"href":"https:\/\/analyse.optim.biz\/index.php?rest_route=%2Fwp%2Fv2%2Fcategories&post=2074192"},{"taxonomy":"post_tag","embeddable":true,"href":"https:\/\/analyse.optim.biz\/index.php?rest_route=%2Fwp%2Fv2%2Ftags&post=2074192"}],"curies":[{"name":"wp","href":"https:\/\/api.w.org\/{rel}","templated":true}]}}