{"id":2074190,"date":"2026-08-02T16:27:49","date_gmt":"2026-08-02T13:27:49","guid":{"rendered":"https:\/\/analyse.optim.biz\/?p=2074190"},"modified":"2026-08-02T16:27:49","modified_gmt":"2026-08-02T13:27:49","slug":"despre-marietta-sadova-actrita-care-a-suferit-pentru-capitan-prima-femei-regizor-de-teatru-din-romania-si-exemplu-feminin-de-sacrificiu","status":"publish","type":"post","link":"https:\/\/analyse.optim.biz\/?p=2074190","title":{"rendered":"Despre Marietta Sadova \u2014 actri\u021ba care a suferit pentru C\u0103pitan! Prima femei-regizor de teatru din Rom\u00e2nia \u0219i exemplu feminin de sacrificiu"},"content":{"rendered":"<p>[analyse_image type=&#8221;featured&#8221; src=&#8221;https:\/\/www.incorectpolitic.com\/wp-content\/uploads\/2026\/07\/photo_2026-07-31_21-12-43.jpg&#8221;]<\/p>\n<div class=\"entry\">\n<p>Penele Arhanghelului<br \/><strong>Incorect Politic<\/strong><br \/>\nAugust 2, 2026<\/p>\n<p><a href=\"https:\/\/www.incorectpolitic.com\/?attachment_id=82166\" rel=\"attachment wp-att-82166\"><img loading=\"lazy\" decoding=\"async\" class=\"size-large wp-image-82166 aligncenter\" src=\"https:\/\/www.incorectpolitic.com\/wp-content\/uploads\/2026\/07\/photo_2026-07-31_21-12-43.jpg\" alt width=\"618\" height=\"478\"><\/a><em>Marietta Sadova \u0219i Haig Acterian<\/em><\/p>\n<h2><strong>Despre Marietta Sadova \u2014 actri\u021ba care a suferit pentru C\u0103pitan! Prima femei-regizor de teatru din Rom\u00e2nia \u0219i exemplu feminin de sacrificiu<\/strong><\/h2>\n<p>Mircea Eliade, evoc\u00e2nd prima sa \u00eent\u00e2lnire cu Marietta Sadova \u2014 renumita actri\u021b\u0103 a perioadei interbelice, prima femeie-regizor de teatru din Rom\u00e2nia \u0219i totodat\u0103 femeia care a inspirat cele mai romantice roluri scrise de Haig Acterian \u0219i Mihail Sebastian, doi frunta\u0219i ai genera\u021biei interbelice \u2014 ne las\u0103, de asemenea, un material bun pentru cei pasiona\u021bi de istorie \u0219i, totodat\u0103, pentru vis\u0103torii sensibili care tresar la alungirea unei flori dup\u0103 soare, sau la b\u0103taia r\u00e2ului \u00een piatra cursului de munte, o comoar\u0103 ca oricare alta:<\/p>\n<p><i>\u201cAm \u00eent\u00e2lnit-o \u00eentr-o sear\u0103 de decembrie. Era a\u0219a cum o v\u0103zusem pentru \u00eent\u00e2ia oar\u0103 pe scen\u0103. Avea o figur\u0103 \u201cstr\u0103in\u0103\u201d, p\u0103r\u00e2nd mai mult o scandinav\u0103 dec\u00e2t o ardeleanc\u0103 din Bistri\u021ba, de unde venise cu mul\u021bi ani \u00eenainte, ca s\u0103 se \u00eenscrie la Conservatorul de Art\u0103 Dramatic\u0103. De-abia dup\u0103 ce ne-am \u00eemprietenit, am \u00een\u021beles c\u00e2t\u0103 bun\u0103tate, inteligen\u021b\u0103, imagina\u021bie \u0219i energie z\u0103ceau \u00een femeia aceasta, care p\u0103rea firav\u0103, aproape clorotic\u0103, de care \u021bi-era team\u0103 c\u0103 ar putea c\u0103dea oric\u00e2nd greu bolnav\u0103, pe care te a\u0219teptai s-o vezi preocupat\u0103 exclusiv de s\u0103n\u0103tatea \u0219i problemele ei. Descopereai mai t\u00e2rziu c\u0103 Marietta tr\u0103ia exclusiv pentru al\u021bii, c\u0103, al\u0103turi de marea pasiune pentru teatru, via\u021ba ei se nutrea din bucuriile pe care el f\u0103cea celorlal\u021bi\u201d<\/i><b>[1]<\/b>.<\/p>\n<p>Aceast\u0103 femeie avea s\u0103 se \u00eendr\u0103gosteasc\u0103, de pe scena teatrului din Bucure\u0219ti, de dramaturgul \u0219i primul shakespearean rom\u00e2n \u2014 Haig Acterian. Marietta era c\u0103s\u0103torit\u0103 cu scriitorul Ion Marin Sadoveanu c\u00e2nd l-a cunoscut pe Haig, iar <i>\u201cla \u00eenceput<\/i> \u2013 scria Eliade, \u2013 <i>fuseser\u0103 nevoi\u021bi s\u0103 se ascund\u0103 de lume\u201d<\/i>; dar, <i>\u201cdup\u0103 ce Marietta se desp\u0103r\u021bise de Ion Marin Sadoveanu, leg\u0103tura lor devenise public\u0103 \u2013 \u0219i erau ferici\u021bi \u00eempreun\u0103, nu trebuiau s\u0103 mai mint\u0103 \u0219i nici nu se min\u021beau pe ei \u00een\u0219i\u0219i.\u201d<\/i><b>[2]<\/b> De\u0219i Petre Pandrea compar\u0103 povestea acesteia cu cea a Eleonorei Duse <b>[3]<\/b>, actri\u021ba genera\u021biei italiene\u0219ti antebelice, trebuie s\u0103 afirm\u0103m c\u0103 nu doar pe plan profesional \u0219i artistic s-ar asem\u0103na; ci \u0219i \u00eentr-un alt plan, \u00een care doar Erosul lucreaz\u0103. Marietta \u0219i Eleonora se contopesc \u00een flama iubirii; persoana care <i>\u201carde\u201d <\/i>\u00een iubire, apreciaz\u0103, deci, <i>\u201cfrumosul s\u0103l\u0103\u0219luit \u00een suflete, mai mult ca frumuse\u021bea ce \u021bine de trup\u201d<\/i><b>[4]<\/b>, cum spunea Socrate odat\u0103, cel mai \u00een\u021belept dintre oamenii \u2014 cum l-au numit zeii<b> [5]<\/b>; cum l-a iubit Duse pe poetul D\u2019Annunzio, a c\u0103rei drame a fost \u0219i a c\u0103rui via\u021ba i-a \u00eemplinit-o <b>[6]<\/b>, astfel a iubit \u0219i Marietta Sadova pe Haig Acterian. \u00cen lumea exterioar\u0103: Mircea Streinul \u2013 omul de litere, redactorul revistei <i>Iconar<\/i> unde au scris \u0219i nume precum Vasile Posteuc\u0103, Leon \u021aopa, Nae Ionescu, Mircea Eliade \u0219i Traian Br\u0103ileanu \u2013 a apreciat-o pe Marietta ca fiind <i>\u201cuna din cele mai inteligente femei \u00een teatru, pe care le avem la ora actual\u0103<\/i> [1938]<i>.\u201d<\/i><b> [7]<\/b>; felul \u00een care era \u00een exterior, tot ceea ce afi\u0219a, reflecta, \u00eentr-un anume sens, calitatea sufletului acesteia. Interiorul.<\/p>\n<p>Marietta, de\u0219i avea leg\u0103turi legionare \u00eenc\u0103 de la \u00eenfiin\u021barea asocia\u021bii Criterion \u2014 asocia\u021bie al c\u0103rei fondator a fost Mihail Polihroniade, \u0219eful celui mai renumit cuib din lumea legionar\u0103: <i>\u201cAXA\u201d<\/i> din Bucure\u0219ti <b>[8]<\/b>, din care au f\u0103cut parte, de asemenea, \u0219i al\u021bi membrii criterioni\u0219ti: Alexandru Christian Tell, Mircea Eliade \u0219i Haig Acterian, viitorul so\u021b al Mariettei \u2014 avea s\u0103-l cunoasc\u0103 personal pe Corneliu Codreanu abia \u00een 1936; \u00eent\u00e2mplarea este relatat\u0103 \u00een jurnalul lui Mihail Sebastian, bun prieten al Mariettei \u0219i al so\u021bului acesteia:<\/p>\n<blockquote>\n<p>\u200e \u200e \u200e \u200e<i>Mircea <\/i>[Eliade]<i> mi-a dat ast\u0103-sear\u0103 (am m\u00eencat la el) detalii amuzante despre ceaiul de ieri, de la Polihroniade. Era \u0219i Zelea Codreanu de fa\u021b\u0103, c\u0103ruia to\u021bi \u00eei spuneau \u201cC\u0103pitane\u201d. Marietta Sadova venise cu cartea lui Codreanu <\/i>[\u201cPentru Legionari\u201d, Vol I, Editura \u201cTotul Pentru \u021aar\u0103\u201d, Sibiu, 1936]<i> \u0219i i-a cerut un autograf. <\/i><\/p>\n<p><i>\u2014 Cum e numele d-tale? a \u00eentrebat el.<br \/>\n\u2014 Marietta Sadova \u2013 a r\u0103spuns ea sigur\u0103. \u0218i pentru c\u0103 el nu p\u0103rea edificat, a ad\u0103ugat:<br \/>\n\u2014\u2026de la Teatrul Na\u021bional.<br \/>\n\u2014 Doamn\u0103 sau domni\u0219oar\u0103? a cerut el mai departe explica\u021bii \u2014 \u00eentocmai cum facem noi la Ziua C\u0103r\u021bii.<\/i><\/p>\n<p><i>Cred c\u0103 a fost o mic\u0103 lovitur\u0103 pentru biata Mari\u021bica \u2013 cea ce totu\u0219i n-a \u00eempiedicat-o (spune tot Mircea) s\u0103-l priveasc\u0103 \u0219i s\u0103-l asculte tot timpul pe \u201cC\u0103pitan\u201d cu un z\u00eembet extatic. (. . .) <\/i><\/p>\n<p><i>Alt detaliu, la fel de mi\u0219c\u0103tor \u0219i de ridicul <\/i>(sic!)<i>: Haig i-a dus \u201cC\u0103pitanului\u201d \u00eentreaga lui oper\u0103 (versuri, eseuri) \u0219i i-a oferit-o cu dedica\u021bie.<\/i><\/p>\n<p><i>Dup\u0103 plecarea lui Codreanu, Marietta \u0219i Haig au declarat \u00eentr-un glas c\u0103 au tr\u0103it o zi formidabil\u0103. \u201cColosal\u0103\u201d \u2013 cred c\u0103 a fost termenul lor exact. <\/i><b>[9]<\/b><\/p>\n<\/blockquote>\n<p>\u200e \u200e \u200e \u200e \u200e \u200e \u00cencep\u00e2nd astfel s\u0103 adere la idealul legionar, Marietta se va schimba pe sine \u00eens\u0103\u0219i din punct de vedere interior, astfel cum prevedea doctrina legionar\u0103 \u00een scrierile C\u0103pitanului Codreanu \u0219i a celorlal\u021bi frunta\u0219i legionari. De\u0219i nu putem \u0219ti cu exactitate adev\u0103rul, iar cu at\u00e2t mai mult, nu ne putem bizui pe astfel de informa\u021bii date sub presiune \u0219i torturi (\u00een anumite cazuri) \u2013 vom \u00eencerca s\u0103 extragem ceea ce coincide adev\u0103rului din Declara\u021bia Mariettei \u00een Procesul Verbal de Interogatoriu din 5 noiembrie 1959, c\u00e2nd aceasta, precum alte personalit\u0103\u021bi din mediul intelectual \u0219i legionar, a fost judecat\u0103 \u00een procesul Noica-Pillat pentru c\u0103 ar fi adus din Fran\u021ba c\u0103r\u021bile lui Mircea Eliade \u0219i ale lui Emil Cioran, precum \u0219i c\u0103 ar fi dus \u00een occident scrisorile lui Petre \u021au\u021bea c\u0103tre ace\u0219tia \u0219i c\u0103tre al\u021bi intelectuali exila\u021bi.<\/p>\n<p><a href=\"https:\/\/www.incorectpolitic.com\/?attachment_id=82165\" rel=\"attachment wp-att-82165\"><img loading=\"lazy\" decoding=\"async\" class=\"size-full wp-image-82165 aligncenter lazyload\" src=\"https:\/\/www.incorectpolitic.com\/wp-content\/uploads\/2026\/07\/photo_2026-07-31_16-09-48.jpg\" alt width=\"348\" height=\"570\"><\/a><\/p>\n<p><img loading=\"lazy\" decoding=\"async\" class=\"size-full wp-image-82165 aligncenter\" src=\"https:\/\/www.incorectpolitic.com\/wp-content\/uploads\/2026\/07\/photo_2026-07-31_16-09-48.jpg\" alt width=\"348\" height=\"570\" data-eio=\"l\"><b><i>Marietta Sadova, fotografie de epoc\u0103.<\/i><\/b><\/p>\n<p>\u200e \u200e \u200e \u200e \u200e Conform jurnalului lui Mihail Sebastian, la 16 Decembrie 1936, Marietta \u0219i cu acesta s-ar fi certat pe motiv c\u0103 ea sus\u021binea c\u0103 \u00een filmul rom\u00e2nesc ar trebui s\u0103 se vorbeasc\u0103 doar rom\u00e2ne\u0219te; tot \u00een acea fil\u0103 de jurnal Sebastian noteaz\u0103 un lucru straniu, poate ne\u00een\u021beles \u00een totalitate de acesta: <i>\u201cNu \u0219tiu dac\u0103 a \u00een\u021beles <\/i>(sic!)<i> c\u0103 m\u0103 refeream la aventura ei de vinerea trecut\u0103, c\u00eend a recitat versuri la un festival gardist dat \u201csub patronajul spiritual al legionarilor lupt\u0103tori \u00een Spania contra marxismului\u201d \u0219i \u00een beneficiul Casei Verzi.\u201d<\/i><b>[10]<\/b><\/p>\n<p>Nu \u0219tim \u00een ce fel putem interpreta aceasta; ceea ce este cert este c\u0103 data de 16 Decembrie 1936, \u00een care Mihail noteaz\u0103 acestea, a fost \u00eentr-o zi de miercuri; \u201cvinerea trecut\u0103\u201d s-ar putea referi la data de 11 Decembrie; se \u0219tie c\u0103 pe data de 10 Decembrie legionarii s\u0103rb\u0103toreau <i>\u201cS\u0103rb\u0103toarea Studen\u021bimii Cre\u0219tine Rom\u00e2ne\u201d<\/i><b>[11]<\/b>; probabil c\u0103 astfel \u0219i Marietta ar fi \u021binut un discurs, leg\u00e2ndu-se \u2014 fiind \u0219i aceasta o posibilitate, din moment ce Mihail Sebastian men\u021bioneaz\u0103 lupt\u0103torii pleca\u021bi \u00een Spania, \u2014 de faptul c\u0103, cu doar dou\u0103 s\u0103pt\u0103m\u00e2ni \u00een urm\u0103, Ion Mo\u021ba \u0219i echipa legionar\u0103 sub \u00eendrumarea Generalului Cantacuzino plecase \u00een Spania s\u0103 lupte \u00eempotriva comunismului.<\/p>\n<p>\u200e \u200e \u200e \u200e \u021ain\u00e2nd cont \u0219i de alte detalii din memoriile lui Eliade, putem spune c\u0103 Marietta se \u00een\u021belegea cel mai bine cu Mary Polihroniade, so\u021bia lui Mihail Polihroniade, sco\u021bian\u0103 de origine, \u0219i cu Nina Eliade, so\u021bia lui Mircea Eliade, membr\u0103 a Cet\u0103\u021builor \u00eenc\u0103 din 1936-1937, de\u0219i nu putem cunoa\u0219te acest detaliu cu exactitate; acestea s-ar fi \u00eent\u00e2lnit s\u0103pt\u0103m\u00e2nal \u00een casa lui Haig Acterian, acum so\u021bul Mariettei. Aderarea tuturor acestora la Mi\u0219carea Legionar\u0103 poate fi eviden\u021biat\u0103 cel mai u\u0219or cu ajutorul memoriilor lui Mihail Sebastian, din nou; \u00een data de 7 Decembrie, 1937, diaristul noteaz\u0103:<\/p>\n<blockquote>\n<p>\u200e <i>Seara am fost la ei <\/i>[so\u021bii Eliade]<i> la mas\u0103 \u0219i am aflat c\u0103 \u00een realitate Mircea <\/i>[Eliade]<i> lipsise dou\u0103 zile din Bucure\u0219ti, \u00een campanie electoral\u0103, \u0219i abea asear\u0103 se \u00eentorsese acas\u0103. (. . .) Mi s-ar p\u0103rut mai trist dec\u00eet \u00eensu\u0219i faptul de a-l \u0219ti pe Mircea umbl\u00eend la \u021bar\u0103, \u00een echip\u0103 de propagand\u0103, din sat \u00een sat, cu Polihroniade. Mai f\u0103ceau parte din echip\u0103 Haig Acterian \u0219i Penciu. Au luat cuv\u00eentul pe r\u00eend. Se pare c\u0103 Haig vorbea cu gesturi mari, pu\u021bin teatral <\/i>(sic!)<i>. Nu \u0219tiu dac\u0103 \u0219i Mircea a \u021binut discursuri. Totul mi se pare grotesc, grotesc. Nu \u00een\u021beleg cum nu sunt sensibili la aceast\u0103 teribil\u0103 comedie. Marietta care a venit mai t\u00e2rziu, a intrat \u00een cas\u0103 c\u00eent\u00eend imnul gardist: \u0218tefan Vod\u0103. . . \u00cencep nici s\u0103 nu se mai jeneze de mine. <\/i><b>[12]<\/b><\/p>\n<\/blockquote>\n<\/div>\n<div class=\"entry\">\n<p>Penele Arhanghelului<br \/><strong>Incorect Politic<\/strong><br \/>\nAugust 2, 2026<\/p>\n<p><a href=\"https:\/\/www.incorectpolitic.com\/?attachment_id=82166\" rel=\"attachment wp-att-82166\"><img loading=\"lazy\" decoding=\"async\" class=\"size-large wp-image-82166 aligncenter\" src=\"https:\/\/www.incorectpolitic.com\/wp-content\/uploads\/2026\/07\/photo_2026-07-31_21-12-43.jpg\" alt width=\"618\" height=\"478\"><\/a><em>Marietta Sadova \u0219i Haig Acterian<\/em><\/p>\n<h2><strong>Despre Marietta Sadova \u2014 actri\u021ba care a suferit pentru C\u0103pitan! Prima femei-regizor de teatru din Rom\u00e2nia \u0219i exemplu feminin de sacrificiu<\/strong><\/h2>\n<p>Mircea Eliade, evoc\u00e2nd prima sa \u00eent\u00e2lnire cu Marietta Sadova \u2014 renumita actri\u021b\u0103 a perioadei interbelice, prima femeie-regizor de teatru din Rom\u00e2nia \u0219i totodat\u0103 femeia care a inspirat cele mai romantice roluri scrise de Haig Acterian \u0219i Mihail Sebastian, doi frunta\u0219i ai genera\u021biei interbelice \u2014 ne las\u0103, de asemenea, un material bun pentru cei pasiona\u021bi de istorie \u0219i, totodat\u0103, pentru vis\u0103torii sensibili care tresar la alungirea unei flori dup\u0103 soare, sau la b\u0103taia r\u00e2ului \u00een piatra cursului de munte, o comoar\u0103 ca oricare alta:<\/p>\n<p><i>\u201cAm \u00eent\u00e2lnit-o \u00eentr-o sear\u0103 de decembrie. Era a\u0219a cum o v\u0103zusem pentru \u00eent\u00e2ia oar\u0103 pe scen\u0103. Avea o figur\u0103 \u201cstr\u0103in\u0103\u201d, p\u0103r\u00e2nd mai mult o scandinav\u0103 dec\u00e2t o ardeleanc\u0103 din Bistri\u021ba, de unde venise cu mul\u021bi ani \u00eenainte, ca s\u0103 se \u00eenscrie la Conservatorul de Art\u0103 Dramatic\u0103. De-abia dup\u0103 ce ne-am \u00eemprietenit, am \u00een\u021beles c\u00e2t\u0103 bun\u0103tate, inteligen\u021b\u0103, imagina\u021bie \u0219i energie z\u0103ceau \u00een femeia aceasta, care p\u0103rea firav\u0103, aproape clorotic\u0103, de care \u021bi-era team\u0103 c\u0103 ar putea c\u0103dea oric\u00e2nd greu bolnav\u0103, pe care te a\u0219teptai s-o vezi preocupat\u0103 exclusiv de s\u0103n\u0103tatea \u0219i problemele ei. Descopereai mai t\u00e2rziu c\u0103 Marietta tr\u0103ia exclusiv pentru al\u021bii, c\u0103, al\u0103turi de marea pasiune pentru teatru, via\u021ba ei se nutrea din bucuriile pe care el f\u0103cea celorlal\u021bi\u201d<\/i><b>[1]<\/b>.<\/p>\n<p>Aceast\u0103 femeie avea s\u0103 se \u00eendr\u0103gosteasc\u0103, de pe scena teatrului din Bucure\u0219ti, de dramaturgul \u0219i primul shakespearean rom\u00e2n \u2014 Haig Acterian. Marietta era c\u0103s\u0103torit\u0103 cu scriitorul Ion Marin Sadoveanu c\u00e2nd l-a cunoscut pe Haig, iar <i>\u201cla \u00eenceput<\/i> \u2013 scria Eliade, \u2013 <i>fuseser\u0103 nevoi\u021bi s\u0103 se ascund\u0103 de lume\u201d<\/i>; dar, <i>\u201cdup\u0103 ce Marietta se desp\u0103r\u021bise de Ion Marin Sadoveanu, leg\u0103tura lor devenise public\u0103 \u2013 \u0219i erau ferici\u021bi \u00eempreun\u0103, nu trebuiau s\u0103 mai mint\u0103 \u0219i nici nu se min\u021beau pe ei \u00een\u0219i\u0219i.\u201d<\/i><b>[2]<\/b> De\u0219i Petre Pandrea compar\u0103 povestea acesteia cu cea a Eleonorei Duse <b>[3]<\/b>, actri\u021ba genera\u021biei italiene\u0219ti antebelice, trebuie s\u0103 afirm\u0103m c\u0103 nu doar pe plan profesional \u0219i artistic s-ar asem\u0103na; ci \u0219i \u00eentr-un alt plan, \u00een care doar Erosul lucreaz\u0103. Marietta \u0219i Eleonora se contopesc \u00een flama iubirii; persoana care <i>\u201carde\u201d <\/i>\u00een iubire, apreciaz\u0103, deci, <i>\u201cfrumosul s\u0103l\u0103\u0219luit \u00een suflete, mai mult ca frumuse\u021bea ce \u021bine de trup\u201d<\/i><b>[4]<\/b>, cum spunea Socrate odat\u0103, cel mai \u00een\u021belept dintre oamenii \u2014 cum l-au numit zeii<b> [5]<\/b>; cum l-a iubit Duse pe poetul D\u2019Annunzio, a c\u0103rei drame a fost \u0219i a c\u0103rui via\u021ba i-a \u00eemplinit-o <b>[6]<\/b>, astfel a iubit \u0219i Marietta Sadova pe Haig Acterian. \u00cen lumea exterioar\u0103: Mircea Streinul \u2013 omul de litere, redactorul revistei <i>Iconar<\/i> unde au scris \u0219i nume precum Vasile Posteuc\u0103, Leon \u021aopa, Nae Ionescu, Mircea Eliade \u0219i Traian Br\u0103ileanu \u2013 a apreciat-o pe Marietta ca fiind <i>\u201cuna din cele mai inteligente femei \u00een teatru, pe care le avem la ora actual\u0103<\/i> [1938]<i>.\u201d<\/i><b> [7]<\/b>; felul \u00een care era \u00een exterior, tot ceea ce afi\u0219a, reflecta, \u00eentr-un anume sens, calitatea sufletului acesteia. Interiorul.<\/p>\n<p>Marietta, de\u0219i avea leg\u0103turi legionare \u00eenc\u0103 de la \u00eenfiin\u021barea asocia\u021bii Criterion \u2014 asocia\u021bie al c\u0103rei fondator a fost Mihail Polihroniade, \u0219eful celui mai renumit cuib din lumea legionar\u0103: <i>\u201cAXA\u201d<\/i> din Bucure\u0219ti <b>[8]<\/b>, din care au f\u0103cut parte, de asemenea, \u0219i al\u021bi membrii criterioni\u0219ti: Alexandru Christian Tell, Mircea Eliade \u0219i Haig Acterian, viitorul so\u021b al Mariettei \u2014 avea s\u0103-l cunoasc\u0103 personal pe Corneliu Codreanu abia \u00een 1936; \u00eent\u00e2mplarea este relatat\u0103 \u00een jurnalul lui Mihail Sebastian, bun prieten al Mariettei \u0219i al so\u021bului acesteia:<\/p>\n<blockquote>\n<p>\u200e \u200e \u200e \u200e<i>Mircea <\/i>[Eliade]<i> mi-a dat ast\u0103-sear\u0103 (am m\u00eencat la el) detalii amuzante despre ceaiul de ieri, de la Polihroniade. Era \u0219i Zelea Codreanu de fa\u021b\u0103, c\u0103ruia to\u021bi \u00eei spuneau \u201cC\u0103pitane\u201d. Marietta Sadova venise cu cartea lui Codreanu <\/i>[\u201cPentru Legionari\u201d, Vol I, Editura \u201cTotul Pentru \u021aar\u0103\u201d, Sibiu, 1936]<i> \u0219i i-a cerut un autograf. <\/i><\/p>\n<p><i>\u2014 Cum e numele d-tale? a \u00eentrebat el.<br \/>\n\u2014 Marietta Sadova \u2013 a r\u0103spuns ea sigur\u0103. \u0218i pentru c\u0103 el nu p\u0103rea edificat, a ad\u0103ugat:<br \/>\n\u2014\u2026de la Teatrul Na\u021bional.<br \/>\n\u2014 Doamn\u0103 sau domni\u0219oar\u0103? a cerut el mai departe explica\u021bii \u2014 \u00eentocmai cum facem noi la Ziua C\u0103r\u021bii.<\/i><\/p>\n<p><i>Cred c\u0103 a fost o mic\u0103 lovitur\u0103 pentru biata Mari\u021bica \u2013 cea ce totu\u0219i n-a \u00eempiedicat-o (spune tot Mircea) s\u0103-l priveasc\u0103 \u0219i s\u0103-l asculte tot timpul pe \u201cC\u0103pitan\u201d cu un z\u00eembet extatic. (. . .) <\/i><\/p>\n<p><i>Alt detaliu, la fel de mi\u0219c\u0103tor \u0219i de ridicul <\/i>(sic!)<i>: Haig i-a dus \u201cC\u0103pitanului\u201d \u00eentreaga lui oper\u0103 (versuri, eseuri) \u0219i i-a oferit-o cu dedica\u021bie.<\/i><\/p>\n<p><i>Dup\u0103 plecarea lui Codreanu, Marietta \u0219i Haig au declarat \u00eentr-un glas c\u0103 au tr\u0103it o zi formidabil\u0103. \u201cColosal\u0103\u201d \u2013 cred c\u0103 a fost termenul lor exact. <\/i><b>[9]<\/b><\/p>\n<\/blockquote>\n<p>\u200e \u200e \u200e \u200e \u200e \u200e \u00cencep\u00e2nd astfel s\u0103 adere la idealul legionar, Marietta se va schimba pe sine \u00eens\u0103\u0219i din punct de vedere interior, astfel cum prevedea doctrina legionar\u0103 \u00een scrierile C\u0103pitanului Codreanu \u0219i a celorlal\u021bi frunta\u0219i legionari. De\u0219i nu putem \u0219ti cu exactitate adev\u0103rul, iar cu at\u00e2t mai mult, nu ne putem bizui pe astfel de informa\u021bii date sub presiune \u0219i torturi (\u00een anumite cazuri) \u2013 vom \u00eencerca s\u0103 extragem ceea ce coincide adev\u0103rului din Declara\u021bia Mariettei \u00een Procesul Verbal de Interogatoriu din 5 noiembrie 1959, c\u00e2nd aceasta, precum alte personalit\u0103\u021bi din mediul intelectual \u0219i legionar, a fost judecat\u0103 \u00een procesul Noica-Pillat pentru c\u0103 ar fi adus din Fran\u021ba c\u0103r\u021bile lui Mircea Eliade \u0219i ale lui Emil Cioran, precum \u0219i c\u0103 ar fi dus \u00een occident scrisorile lui Petre \u021au\u021bea c\u0103tre ace\u0219tia \u0219i c\u0103tre al\u021bi intelectuali exila\u021bi.<\/p>\n<p><a href=\"https:\/\/www.incorectpolitic.com\/?attachment_id=82165\" rel=\"attachment wp-att-82165\"><img loading=\"lazy\" decoding=\"async\" class=\"size-full wp-image-82165 aligncenter lazyload\" src=\"https:\/\/www.incorectpolitic.com\/wp-content\/uploads\/2026\/07\/photo_2026-07-31_16-09-48.jpg\" alt width=\"348\" height=\"570\"><\/a><\/p>\n<p><img loading=\"lazy\" decoding=\"async\" class=\"size-full wp-image-82165 aligncenter\" src=\"https:\/\/www.incorectpolitic.com\/wp-content\/uploads\/2026\/07\/photo_2026-07-31_16-09-48.jpg\" alt width=\"348\" height=\"570\" data-eio=\"l\"><b><i>Marietta Sadova, fotografie de epoc\u0103.<\/i><\/b><\/p>\n<p>\u200e \u200e \u200e \u200e \u200e Conform jurnalului lui Mihail Sebastian, la 16 Decembrie 1936, Marietta \u0219i cu acesta s-ar fi certat pe motiv c\u0103 ea sus\u021binea c\u0103 \u00een filmul rom\u00e2nesc ar trebui s\u0103 se vorbeasc\u0103 doar rom\u00e2ne\u0219te; tot \u00een acea fil\u0103 de jurnal Sebastian noteaz\u0103 un lucru straniu, poate ne\u00een\u021beles \u00een totalitate de acesta: <i>\u201cNu \u0219tiu dac\u0103 a \u00een\u021beles <\/i>(sic!)<i> c\u0103 m\u0103 refeream la aventura ei de vinerea trecut\u0103, c\u00eend a recitat versuri la un festival gardist dat \u201csub patronajul spiritual al legionarilor lupt\u0103tori \u00een Spania contra marxismului\u201d \u0219i \u00een beneficiul Casei Verzi.\u201d<\/i><b>[10]<\/b><\/p>\n<p>Nu \u0219tim \u00een ce fel putem interpreta aceasta; ceea ce este cert este c\u0103 data de 16 Decembrie 1936, \u00een care Mihail noteaz\u0103 acestea, a fost \u00eentr-o zi de miercuri; \u201cvinerea trecut\u0103\u201d s-ar putea referi la data de 11 Decembrie; se \u0219tie c\u0103 pe data de 10 Decembrie legionarii s\u0103rb\u0103toreau <i>\u201cS\u0103rb\u0103toarea Studen\u021bimii Cre\u0219tine Rom\u00e2ne\u201d<\/i><b>[11]<\/b>; probabil c\u0103 astfel \u0219i Marietta ar fi \u021binut un discurs, leg\u00e2ndu-se \u2014 fiind \u0219i aceasta o posibilitate, din moment ce Mihail Sebastian men\u021bioneaz\u0103 lupt\u0103torii pleca\u021bi \u00een Spania, \u2014 de faptul c\u0103, cu doar dou\u0103 s\u0103pt\u0103m\u00e2ni \u00een urm\u0103, Ion Mo\u021ba \u0219i echipa legionar\u0103 sub \u00eendrumarea Generalului Cantacuzino plecase \u00een Spania s\u0103 lupte \u00eempotriva comunismului.<\/p>\n<p>\u200e \u200e \u200e \u200e \u021ain\u00e2nd cont \u0219i de alte detalii din memoriile lui Eliade, putem spune c\u0103 Marietta se \u00een\u021belegea cel mai bine cu Mary Polihroniade, so\u021bia lui Mihail Polihroniade, sco\u021bian\u0103 de origine, \u0219i cu Nina Eliade, so\u021bia lui Mircea Eliade, membr\u0103 a Cet\u0103\u021builor \u00eenc\u0103 din 1936-1937, de\u0219i nu putem cunoa\u0219te acest detaliu cu exactitate; acestea s-ar fi \u00eent\u00e2lnit s\u0103pt\u0103m\u00e2nal \u00een casa lui Haig Acterian, acum so\u021bul Mariettei. Aderarea tuturor acestora la Mi\u0219carea Legionar\u0103 poate fi eviden\u021biat\u0103 cel mai u\u0219or cu ajutorul memoriilor lui Mihail Sebastian, din nou; \u00een data de 7 Decembrie, 1937, diaristul noteaz\u0103:<\/p>\n<blockquote>\n<p>\u200e <i>Seara am fost la ei <\/i>[so\u021bii Eliade]<i> la mas\u0103 \u0219i am aflat c\u0103 \u00een realitate Mircea <\/i>[Eliade]<i> lipsise dou\u0103 zile din Bucure\u0219ti, \u00een campanie electoral\u0103, \u0219i abea asear\u0103 se \u00eentorsese acas\u0103. (. . .) Mi s-ar p\u0103rut mai trist dec\u00eet \u00eensu\u0219i faptul de a-l \u0219ti pe Mircea umbl\u00eend la \u021bar\u0103, \u00een echip\u0103 de propagand\u0103, din sat \u00een sat, cu Polihroniade. Mai f\u0103ceau parte din echip\u0103 Haig Acterian \u0219i Penciu. Au luat cuv\u00eentul pe r\u00eend. Se pare c\u0103 Haig vorbea cu gesturi mari, pu\u021bin teatral <\/i>(sic!)<i>. Nu \u0219tiu dac\u0103 \u0219i Mircea a \u021binut discursuri. Totul mi se pare grotesc, grotesc. Nu \u00een\u021beleg cum nu sunt sensibili la aceast\u0103 teribil\u0103 comedie. Marietta care a venit mai t\u00e2rziu, a intrat \u00een cas\u0103 c\u00eent\u00eend imnul gardist: \u0218tefan Vod\u0103. . . \u00cencep nici s\u0103 nu se mai jeneze de mine. <\/i><b>[12]<\/b><\/p>\n<\/blockquote>\n<\/div>\n<article class=\"post-81436 post type-post status-publish entry includes-feat-image\">\n<div class=\"featured-image alignleft\"><a class=\"featured_post_link\" href=\"https:\/\/www.incorectpolitic.com\/curaj-adevar-si-libertate-senatorul-miron-manega-s-o-s-a-propus-abrogarea-legilor-delictului-de-opinie\/\" title=\"CURAJ, ADEV\u0102R \u0218I LIBERTATE! Senatorul Miron Manega (S.O.S.) a propus abrogarea legilor delictului de opinie!\"><img loading=\"lazy\" decoding=\"async\" width=\"150\" height=\"150\" src=\"https:\/\/www.incorectpolitic.com\/wp-content\/uploads\/2019\/04\/manega-150x150.png\" class=\"attachment-thumbnail size-thumbnail wp-post-image lazyload\" alt><img loading=\"lazy\" decoding=\"async\" width=\"150\" height=\"150\" src=\"https:\/\/www.incorectpolitic.com\/wp-content\/uploads\/2019\/04\/manega-150x150.png\" class=\"attachment-thumbnail size-thumbnail wp-post-image\" alt data-eio=\"l\"><\/a><\/div>\n<div class=\"entry-title\"><a class=\"featured_post_link\" href=\"https:\/\/www.incorectpolitic.com\/curaj-adevar-si-libertate-senatorul-miron-manega-s-o-s-a-propus-abrogarea-legilor-delictului-de-opinie\/\" title=\"CURAJ, ADEV\u0102R \u0218I LIBERTATE! Senatorul Miron Manega (S.O.S.) a propus abrogarea legilor delictului de opinie!\">CURAJ, ADEV\u0102R \u0218I LIBERTATE! Senatorul Miron Manega (S.O.S.) a propus abrogarea legilor delictului de opinie!<\/a><\/div>\n<\/article>\n<article class=\"post-80361 post type-post status-publish entry includes-feat-image\">\n<div class=\"featured-image alignleft\"><a class=\"featured_post_link\" href=\"https:\/\/www.incorectpolitic.com\/ultimul-fiu-al-daciei\/\" title=\"Ultimul Fiu al Daciei\"><img loading=\"lazy\" decoding=\"async\" width=\"100\" height=\"150\" src=\"https:\/\/www.incorectpolitic.com\/wp-content\/uploads\/2025\/10\/dac.jpeg\" class=\"attachment-thumbnail size-thumbnail wp-post-image lazyload\" alt><img loading=\"lazy\" decoding=\"async\" width=\"100\" height=\"150\" src=\"https:\/\/www.incorectpolitic.com\/wp-content\/uploads\/2025\/10\/dac.jpeg\" class=\"attachment-thumbnail size-thumbnail wp-post-image\" alt data-eio=\"l\"><\/a><\/div>\n<div class=\"entry-title\"><a class=\"featured_post_link\" href=\"https:\/\/www.incorectpolitic.com\/ultimul-fiu-al-daciei\/\" title=\"Ultimul Fiu al Daciei\">Ultimul Fiu al Daciei<\/a><\/div>\n<\/article>\n<article class=\"post-73927 post type-post status-publish entry includes-feat-image\">\n<div class=\"featured-image alignleft\"><a class=\"featured_post_link\" href=\"https:\/\/www.incorectpolitic.com\/cauzele-si-dinamica-antisemitismului\/\" title=\"Cauzele \u0219i Dinamica Antisemitismului\"><img loading=\"lazy\" decoding=\"async\" width=\"150\" height=\"150\" src=\"https:\/\/www.incorectpolitic.com\/wp-content\/uploads\/2018\/09\/bolshevik-jews-150x150.jpg\" class=\"attachment-thumbnail size-thumbnail wp-post-image lazyload\" alt><img loading=\"lazy\" decoding=\"async\" width=\"150\" height=\"150\" src=\"https:\/\/www.incorectpolitic.com\/wp-content\/uploads\/2018\/09\/bolshevik-jews-150x150.jpg\" class=\"attachment-thumbnail size-thumbnail wp-post-image\" alt data-eio=\"l\"><\/a><\/div>\n<div class=\"entry-title\"><a class=\"featured_post_link\" href=\"https:\/\/www.incorectpolitic.com\/cauzele-si-dinamica-antisemitismului\/\" title=\"Cauzele \u0219i Dinamica Antisemitismului\">Cauzele \u0219i Dinamica Antisemitismului<\/a><\/div>\n<\/article>\n<article class=\"post-72974 post type-post status-publish entry includes-feat-image\">\n<div class=\"featured-image alignleft\"><a class=\"featured_post_link\" href=\"https:\/\/www.incorectpolitic.com\/navalirea-jidanilor-de-vasile-alecsandri-piesa-interzisa\/\" title=\"N\u0103v\u0103lirea Jidanilor \u2013 de Vasile Alecsandri (Pies\u0103 interzis\u0103)\"><img loading=\"lazy\" decoding=\"async\" width=\"150\" height=\"150\" src=\"https:\/\/www.incorectpolitic.com\/wp-content\/uploads\/2024\/02\/jidani-navalire-2.png\" class=\"attachment-thumbnail size-thumbnail wp-post-image lazyload\" alt><img loading=\"lazy\" decoding=\"async\" width=\"150\" height=\"150\" src=\"https:\/\/www.incorectpolitic.com\/wp-content\/uploads\/2024\/02\/jidani-navalire-2.png\" class=\"attachment-thumbnail size-thumbnail wp-post-image\" alt data-eio=\"l\"><\/a><\/div>\n<div class=\"entry-title\"><a class=\"featured_post_link\" href=\"https:\/\/www.incorectpolitic.com\/navalirea-jidanilor-de-vasile-alecsandri-piesa-interzisa\/\" title=\"N\u0103v\u0103lirea Jidanilor \u2013 de Vasile Alecsandri (Pies\u0103 interzis\u0103)\">N\u0103v\u0103lirea Jidanilor \u2013 de Vasile Alecsandri (Pies\u0103 interzis\u0103)<\/a><\/div>\n<\/article>\n<article class=\"post-71879 post type-post status-publish entry includes-feat-image\">\n<div class=\"featured-image alignleft\"><a class=\"featured_post_link\" href=\"https:\/\/www.incorectpolitic.com\/europa-si-romania-in-anul-2050\/\" title=\"Europa \u0219i Rom\u00e2nia \u00een anul 2050\"><img loading=\"lazy\" decoding=\"async\" width=\"147\" height=\"150\" src=\"https:\/\/www.incorectpolitic.com\/wp-content\/uploads\/2024\/01\/Romania-2050-2.png\" class=\"attachment-thumbnail size-thumbnail wp-post-image lazyload\" alt><img loading=\"lazy\" decoding=\"async\" width=\"147\" height=\"150\" src=\"https:\/\/www.incorectpolitic.com\/wp-content\/uploads\/2024\/01\/Romania-2050-2.png\" class=\"attachment-thumbnail size-thumbnail wp-post-image\" alt data-eio=\"l\"><\/a><\/div>\n<div class=\"entry-title\"><a class=\"featured_post_link\" href=\"https:\/\/www.incorectpolitic.com\/europa-si-romania-in-anul-2050\/\" title=\"Europa \u0219i Rom\u00e2nia \u00een anul 2050\">Europa \u0219i Rom\u00e2nia \u00een anul 2050<\/a><\/div>\n<\/article>\n<article class=\"post-23854 post type-post status-publish entry includes-feat-image\">\n<div class=\"featured-image alignleft\"><a class=\"featured_post_link\" href=\"https:\/\/www.incorectpolitic.com\/vizita-papei-autonomie-alternativa\/\" title=\"Vizita Papei \u2013 Autonomie Alternativ\u0103\"><img loading=\"lazy\" decoding=\"async\" width=\"150\" height=\"150\" class=\"attachment-thumbnail size-thumbnail wp-post-image lazyload\" alt src=\"https:\/\/www.incorectpolitic.com\/wp-content\/uploads\/2019\/06\/uI2HFtR-150x150.jpg\"><img loading=\"lazy\" decoding=\"async\" width=\"150\" height=\"150\" src=\"https:\/\/www.incorectpolitic.com\/wp-content\/uploads\/2019\/06\/uI2HFtR-150x150.jpg\" class=\"attachment-thumbnail size-thumbnail wp-post-image\" alt data-eio=\"l\"><\/a><\/div>\n<div class=\"entry-title\"><a class=\"featured_post_link\" href=\"https:\/\/www.incorectpolitic.com\/vizita-papei-autonomie-alternativa\/\" title=\"Vizita Papei \u2013 Autonomie Alternativ\u0103\">Vizita Papei \u2013 Autonomie Alternativ\u0103<\/a><\/div>\n<\/article>\n<article class=\"post-72111 post type-post status-publish entry includes-feat-image\">\n<div class=\"featured-image alignleft\"><a class=\"featured_post_link\" href=\"https:\/\/www.incorectpolitic.com\/revelion-2023-2024-vine-anul-biruintei\/\" title=\"Revelion 2023 \u2013 2024 vine ANUL BIRUIN\u021aEI\"><img loading=\"lazy\" decoding=\"async\" width=\"150\" height=\"150\" src=\"https:\/\/www.incorectpolitic.com\/wp-content\/uploads\/2023\/12\/anul-biruintei.png\" class=\"attachment-thumbnail size-thumbnail wp-post-image lazyload\" alt><img loading=\"lazy\" decoding=\"async\" width=\"150\" height=\"150\" src=\"https:\/\/www.incorectpolitic.com\/wp-content\/uploads\/2023\/12\/anul-biruintei.png\" class=\"attachment-thumbnail size-thumbnail wp-post-image\" alt data-eio=\"l\"><\/a><\/div>\n<div class=\"entry-title\"><a class=\"featured_post_link\" href=\"https:\/\/www.incorectpolitic.com\/revelion-2023-2024-vine-anul-biruintei\/\" title=\"Revelion 2023 \u2013 2024 vine ANUL BIRUIN\u021aEI\">Revelion 2023 \u2013 2024 vine ANUL BIRUIN\u021aEI<\/a><\/div>\n<\/article>\n<article class=\"post-50139 post type-post status-publish entry includes-feat-image\">\n<div class=\"featured-image alignleft\"><a class=\"featured_post_link\" href=\"https:\/\/www.incorectpolitic.com\/analiza-strategiei-adoptata-de-guvern-pentru-combaterea-antisemitismului-xenofobiei-si-discursului-instigator-la-ura-2021-2023\/\" title=\"Analiza Strategiei Adoptat\u0103 de Guvern Pentru Combaterea \u201cantisemitismului, xenofobiei \u0219i discursului instigator la ur\u0103 2021-2023\u201d\"><img loading=\"lazy\" decoding=\"async\" width=\"150\" height=\"150\" src=\"https:\/\/www.incorectpolitic.com\/wp-content\/uploads\/2019\/08\/Jewish-censorship-e1421273251759-2-150x150.jpg\" class=\"attachment-thumbnail size-thumbnail wp-post-image lazyload\" alt><img loading=\"lazy\" decoding=\"async\" width=\"150\" height=\"150\" src=\"https:\/\/www.incorectpolitic.com\/wp-content\/uploads\/2019\/08\/Jewish-censorship-e1421273251759-2-150x150.jpg\" class=\"attachment-thumbnail size-thumbnail wp-post-image\" alt data-eio=\"l\"><\/a><\/div>\n<div class=\"entry-title\"><a class=\"featured_post_link\" href=\"https:\/\/www.incorectpolitic.com\/analiza-strategiei-adoptata-de-guvern-pentru-combaterea-antisemitismului-xenofobiei-si-discursului-instigator-la-ura-2021-2023\/\" title=\"Analiza Strategiei Adoptat\u0103 de Guvern Pentru Combaterea \u201cantisemitismului, xenofobiei \u0219i discursului instigator la ur\u0103 2021-2023\u201d\">Analiza Strategiei Adoptat\u0103 de Guvern Pentru Combaterea \u201cantisemitismului, xenofobiei \u0219i discursului instigator la ur\u0103 2021-2023\u201d<\/a><\/div>\n<\/article>\n<article class=\"post-70829 post type-post status-publish entry includes-feat-image\">\n<div class=\"featured-image alignleft\"><a class=\"featured_post_link\" href=\"https:\/\/www.incorectpolitic.com\/pozitia-unilaterala-a-pseudo-politicienilor-din-romania-si-a-bor-in-sustinerea-israelului-singurul-stat-terorist-din-lume-arata-ca-acestia-nu-au-o-fibra-cu-adevarat-nationala\/\" title=\"Pozi\u021bia unilateral\u0103 a pseudo politicienilor din Rom\u00e2nia \u0219i a BOR \u00een sus\u021binerea Israelului, singurul stat terorist din lume, arat\u0103 c\u0103 ace\u0219tia nu au o fibr\u0103 cu adev\u0103rat na\u021bional\u0103\"><img loading=\"lazy\" decoding=\"async\" width=\"150\" height=\"89\" src=\"https:\/\/www.incorectpolitic.com\/wp-content\/uploads\/2023\/08\/circumcision.png\" class=\"attachment-thumbnail size-thumbnail wp-post-image lazyload\" alt><img loading=\"lazy\" decoding=\"async\" width=\"150\" height=\"89\" src=\"https:\/\/www.incorectpolitic.com\/wp-content\/uploads\/2023\/08\/circumcision.png\" class=\"attachment-thumbnail size-thumbnail wp-post-image\" alt data-eio=\"l\"><\/a><\/div>\n<div class=\"entry-title\"><a class=\"featured_post_link\" href=\"https:\/\/www.incorectpolitic.com\/pozitia-unilaterala-a-pseudo-politicienilor-din-romania-si-a-bor-in-sustinerea-israelului-singurul-stat-terorist-din-lume-arata-ca-acestia-nu-au-o-fibra-cu-adevarat-nationala\/\" title=\"Pozi\u021bia unilateral\u0103 a pseudo politicienilor din Rom\u00e2nia \u0219i a BOR \u00een sus\u021binerea Israelului, singurul stat terorist din lume, arat\u0103 c\u0103 ace\u0219tia nu au o fibr\u0103 cu adev\u0103rat na\u021bional\u0103\">Pozi\u021bia unilateral\u0103 a pseudo politicienilor din Rom\u00e2nia \u0219i a BOR \u00een sus\u021binerea Israelului, singurul stat terorist din lume, arat\u0103 c\u0103 ace\u0219tia nu au o fibr\u0103 cu adev\u0103rat na\u021bional\u0103<\/a><\/div>\n<\/article>\n<article class=\"post-66937 post type-post status-publish entry includes-feat-image\">\n<div class=\"featured-image alignleft\"><a class=\"featured_post_link\" href=\"https:\/\/www.incorectpolitic.com\/agresiunea-impotriva-revizionistilor-istorici-si-efectele-linsajului-judiciar-de-la-nuremberg\/\" title=\"Agresiunea \u00eempotriva Revizioni\u0219tilor Istorici \u0219i efectele lin\u0219ajului judiciar de la Nurnberg\"><img loading=\"lazy\" decoding=\"async\" width=\"150\" height=\"100\" src=\"https:\/\/www.incorectpolitic.com\/wp-content\/uploads\/2023\/04\/image_2023-04-30_134634134.png\" class=\"attachment-thumbnail size-thumbnail wp-post-image lazyload\" alt><img loading=\"lazy\" decoding=\"async\" width=\"150\" height=\"100\" src=\"https:\/\/www.incorectpolitic.com\/wp-content\/uploads\/2023\/04\/image_2023-04-30_134634134.png\" class=\"attachment-thumbnail size-thumbnail wp-post-image\" alt data-eio=\"l\"><\/a><\/div>\n<div class=\"entry-title\"><a class=\"featured_post_link\" href=\"https:\/\/www.incorectpolitic.com\/agresiunea-impotriva-revizionistilor-istorici-si-efectele-linsajului-judiciar-de-la-nuremberg\/\" title=\"Agresiunea \u00eempotriva Revizioni\u0219tilor Istorici \u0219i efectele lin\u0219ajului judiciar de la Nurnberg\">Agresiunea \u00eempotriva Revizioni\u0219tilor Istorici \u0219i efectele lin\u0219ajului judiciar de la Nurnberg<\/a><\/div>\n<\/article>\n<article class=\"post-19111 post type-post status-publish entry includes-feat-image\">\n<div class=\"featured-image alignleft\"><a class=\"featured_post_link\" href=\"https:\/\/www.incorectpolitic.com\/despre-adevar\/\" title=\"Despre Adev\u0103r\"><img loading=\"lazy\" decoding=\"async\" width=\"150\" height=\"150\" src=\"https:\/\/www.incorectpolitic.com\/wp-content\/uploads\/2019\/02\/freedomfromchain-150x150.jpg\" class=\"attachment-thumbnail size-thumbnail wp-post-image lazyload\" alt><img loading=\"lazy\" decoding=\"async\" width=\"150\" height=\"150\" src=\"https:\/\/www.incorectpolitic.com\/wp-content\/uploads\/2019\/02\/freedomfromchain-150x150.jpg\" class=\"attachment-thumbnail size-thumbnail wp-post-image\" alt data-eio=\"l\"><\/a><\/div>\n<div class=\"entry-title\"><a class=\"featured_post_link\" href=\"https:\/\/www.incorectpolitic.com\/despre-adevar\/\" title=\"Despre Adev\u0103r\">Despre Adev\u0103r<\/a><\/div>\n<\/article>\n<article class=\"post-53767 post type-post status-publish entry includes-feat-image\">\n<div class=\"featured-image alignleft\"><a class=\"featured_post_link\" href=\"https:\/\/www.incorectpolitic.com\/dictionarul-coincidentelor-cine-sunt-iudeii-care-ne-au-influentat-tara-in-istoria-recenta\/\" title=\"DIC\u021aIONARUL COINCIDEN\u021aELOR  \u2013 Cine sunt iudeii care ne-au influen\u021bat \u021bara \u00een istoria recent\u0103\"><img loading=\"lazy\" decoding=\"async\" width=\"150\" height=\"150\" src=\"https:\/\/www.incorectpolitic.com\/wp-content\/uploads\/2021\/09\/coinc-150x150.png\" class=\"attachment-thumbnail size-thumbnail wp-post-image lazyload\" alt><img loading=\"lazy\" decoding=\"async\" width=\"150\" height=\"150\" src=\"https:\/\/www.incorectpolitic.com\/wp-content\/uploads\/2021\/09\/coinc-150x150.png\" class=\"attachment-thumbnail size-thumbnail wp-post-image\" alt data-eio=\"l\"><\/a><\/div>\n<div class=\"entry-title\"><a class=\"featured_post_link\" href=\"https:\/\/www.incorectpolitic.com\/dictionarul-coincidentelor-cine-sunt-iudeii-care-ne-au-influentat-tara-in-istoria-recenta\/\" title=\"DIC\u021aIONARUL COINCIDEN\u021aELOR  \u2013 Cine sunt iudeii care ne-au influen\u021bat \u021bara \u00een istoria recent\u0103\">DIC\u021aIONARUL COINCIDEN\u021aELOR  \u2013 Cine sunt iudeii care ne-au influen\u021bat \u021bara \u00een istoria recent\u0103<\/a><\/div>\n<\/article>\n<article class=\"post-51156 post type-post status-publish entry includes-feat-image\">\n<div class=\"featured-image alignleft\"><a class=\"featured_post_link\" href=\"https:\/\/www.incorectpolitic.com\/desertaciune-nu-aparare\/\" title=\"DE\u0218ERT\u0102CIUNE?! Nu, AP\u0102RARE!\"><img loading=\"lazy\" decoding=\"async\" width=\"150\" height=\"150\" class=\"attachment-thumbnail size-thumbnail wp-post-image lazyload\" alt src=\"https:\/\/www.incorectpolitic.com\/wp-content\/uploads\/2021\/06\/desertaciune-nu-aparare-150x150.jpg\"><img loading=\"lazy\" decoding=\"async\" width=\"150\" height=\"150\" src=\"https:\/\/www.incorectpolitic.com\/wp-content\/uploads\/2021\/06\/desertaciune-nu-aparare-150x150.jpg\" class=\"attachment-thumbnail size-thumbnail wp-post-image\" alt data-eio=\"l\"><\/a><\/div>\n<div class=\"entry-title\"><a class=\"featured_post_link\" href=\"https:\/\/www.incorectpolitic.com\/desertaciune-nu-aparare\/\" title=\"DE\u0218ERT\u0102CIUNE?! Nu, AP\u0102RARE!\">DE\u0218ERT\u0102CIUNE?! Nu, AP\u0102RARE!<\/a><\/div>\n<\/article>\n<article class=\"post-44728 post type-post status-publish entry includes-feat-image\">\n<div class=\"featured-image alignleft\"><a class=\"featured_post_link\" href=\"https:\/\/www.incorectpolitic.com\/resetarea-medicinei-sau-resetarea-omenirii-prin-nanotehnologie\/\" title=\"Resetarea Medicinei sau Resetarea Omenirii prin Nanotehnologie\"><img loading=\"lazy\" decoding=\"async\" width=\"150\" height=\"150\" src=\"https:\/\/www.incorectpolitic.com\/wp-content\/uploads\/2020\/12\/ed8a914d6d236c9d231903a8b2e79f63-150x150.gif\" class=\"attachment-thumbnail size-thumbnail wp-post-image lazyload\" alt><img loading=\"lazy\" decoding=\"async\" width=\"150\" height=\"150\" src=\"https:\/\/www.incorectpolitic.com\/wp-content\/uploads\/2020\/12\/ed8a914d6d236c9d231903a8b2e79f63-150x150.gif\" class=\"attachment-thumbnail size-thumbnail wp-post-image\" alt data-eio=\"l\"><\/a><\/div>\n<div class=\"entry-title\"><a class=\"featured_post_link\" href=\"https:\/\/www.incorectpolitic.com\/resetarea-medicinei-sau-resetarea-omenirii-prin-nanotehnologie\/\" title=\"Resetarea Medicinei sau Resetarea Omenirii prin Nanotehnologie\">Resetarea Medicinei sau Resetarea Omenirii prin Nanotehnologie<\/a><\/div>\n<\/article>\n<article class=\"post-43837 post type-post status-publish entry includes-feat-image\">\n<div class=\"featured-image alignleft\"><a class=\"featured_post_link\" href=\"https:\/\/www.incorectpolitic.com\/noul-legamant\/\" title=\"Noul Leg\u0103m\u00e2nt\"><img loading=\"lazy\" decoding=\"async\" width=\"150\" height=\"150\" src=\"https:\/\/www.incorectpolitic.com\/wp-content\/uploads\/2020\/12\/NL-150x150.jpg\" class=\"attachment-thumbnail size-thumbnail wp-post-image lazyload\" alt><img loading=\"lazy\" decoding=\"async\" width=\"150\" height=\"150\" src=\"https:\/\/www.incorectpolitic.com\/wp-content\/uploads\/2020\/12\/NL-150x150.jpg\" class=\"attachment-thumbnail size-thumbnail wp-post-image\" alt data-eio=\"l\"><\/a><\/div>\n<div class=\"entry-title\"><a class=\"featured_post_link\" href=\"https:\/\/www.incorectpolitic.com\/noul-legamant\/\" title=\"Noul Leg\u0103m\u00e2nt\">Noul Leg\u0103m\u00e2nt<\/a><\/div>\n<\/article>\n<article class=\"post-42525 post type-post status-publish entry includes-feat-image\">\n<div class=\"featured-image alignleft\"><a class=\"featured_post_link\" href=\"https:\/\/www.incorectpolitic.com\/vaccinarea-inseamna-crima-un-atentat-la-sanatatea-personala-la-integritatea-corporala-si-intimitatea-oricarui-om-liber-medicul-ce-vaccineaza-cu-forta-un-om-liber-merita-sa-fie-pedepsit-de-acesta\/\" title=\"Vaccinarea \u00eenseamn\u0103 crim\u0103, un atentat la s\u0103n\u0103tatea personal\u0103, la integritatea corporal\u0103 \u0219i intimitatea oric\u0103rui om liber. Medicul ce vaccineaz\u0103 cu for\u021ba un om liber merit\u0103 s\u0103 fie pedepsit de acesta\"><img loading=\"lazy\" decoding=\"async\" width=\"150\" height=\"150\" src=\"https:\/\/www.incorectpolitic.com\/wp-content\/uploads\/2020\/11\/syringe_0-150x150.jpg\" class=\"attachment-thumbnail size-thumbnail wp-post-image lazyload\" alt><img loading=\"lazy\" decoding=\"async\" width=\"150\" height=\"150\" src=\"https:\/\/www.incorectpolitic.com\/wp-content\/uploads\/2020\/11\/syringe_0-150x150.jpg\" class=\"attachment-thumbnail size-thumbnail wp-post-image\" alt data-eio=\"l\"><\/a><\/div>\n<div class=\"entry-title\"><a class=\"featured_post_link\" href=\"https:\/\/www.incorectpolitic.com\/vaccinarea-inseamna-crima-un-atentat-la-sanatatea-personala-la-integritatea-corporala-si-intimitatea-oricarui-om-liber-medicul-ce-vaccineaza-cu-forta-un-om-liber-merita-sa-fie-pedepsit-de-acesta\/\" title=\"Vaccinarea \u00eenseamn\u0103 crim\u0103, un atentat la s\u0103n\u0103tatea personal\u0103, la integritatea corporal\u0103 \u0219i intimitatea oric\u0103rui om liber. Medicul ce vaccineaz\u0103 cu for\u021ba un om liber merit\u0103 s\u0103 fie pedepsit de acesta\">Vaccinarea \u00eenseamn\u0103 crim\u0103, un atentat la s\u0103n\u0103tatea personal\u0103, la integritatea corporal\u0103 \u0219i intimitatea oric\u0103rui om liber. Medicul ce vaccineaz\u0103 cu for\u021ba un om liber merit\u0103 s\u0103 fie pedepsit de acesta<\/a><\/div>\n<\/article>\n<article class=\"post-38338 post type-post status-publish entry includes-feat-image\">\n<div class=\"featured-image alignleft\"><a class=\"featured_post_link\" href=\"https:\/\/www.incorectpolitic.com\/trebuie-sa-distrugem-suprematia-jidoveasca\/\" title=\"Trebuie s\u0103 distrugem superma\u021bia jidoveasc\u0103!\"><img loading=\"lazy\" decoding=\"async\" width=\"150\" height=\"150\" src=\"https:\/\/www.incorectpolitic.com\/wp-content\/uploads\/2018\/11\/GunoiOPS-150x150.png\" class=\"attachment-thumbnail size-thumbnail wp-post-image lazyload\" alt><img loading=\"lazy\" decoding=\"async\" width=\"150\" height=\"150\" src=\"https:\/\/www.incorectpolitic.com\/wp-content\/uploads\/2018\/11\/GunoiOPS-150x150.png\" class=\"attachment-thumbnail size-thumbnail wp-post-image\" alt data-eio=\"l\"><\/a><\/div>\n<div class=\"entry-title\"><a class=\"featured_post_link\" href=\"https:\/\/www.incorectpolitic.com\/trebuie-sa-distrugem-suprematia-jidoveasca\/\" title=\"Trebuie s\u0103 distrugem superma\u021bia jidoveasc\u0103!\">Trebuie s\u0103 distrugem superma\u021bia jidoveasc\u0103!<\/a><\/div>\n<\/article>\n<article class=\"post-30776 post type-post status-publish entry includes-feat-image\">\n<div class=\"featured-image alignleft\"><a class=\"featured_post_link\" href=\"https:\/\/www.incorectpolitic.com\/da-ti-doua-palme-si-ridica-te\/\" title=\"D\u0103-\u021bi Dou\u0103 Palme \u0219i Ridic\u0103-te\"><img loading=\"lazy\" decoding=\"async\" width=\"150\" height=\"150\" src=\"https:\/\/www.incorectpolitic.com\/wp-content\/uploads\/2019\/11\/1-mai-620x350-150x150.jpg\" class=\"attachment-thumbnail size-thumbnail wp-post-image lazyload\" alt><img loading=\"lazy\" decoding=\"async\" width=\"150\" height=\"150\" src=\"https:\/\/www.incorectpolitic.com\/wp-content\/uploads\/2019\/11\/1-mai-620x350-150x150.jpg\" class=\"attachment-thumbnail size-thumbnail wp-post-image\" alt data-eio=\"l\"><\/a><\/div>\n<div class=\"entry-title\"><a class=\"featured_post_link\" href=\"https:\/\/www.incorectpolitic.com\/da-ti-doua-palme-si-ridica-te\/\" title=\"D\u0103-\u021bi Dou\u0103 Palme \u0219i Ridic\u0103-te\">D\u0103-\u021bi Dou\u0103 Palme \u0219i Ridic\u0103-te<\/a><\/div>\n<\/article>\n<article class=\"post-27862 post type-post status-publish entry includes-feat-image\">\n<div class=\"featured-image alignleft\"><a class=\"featured_post_link\" href=\"https:\/\/www.incorectpolitic.com\/scrisoare-deschisa-catre-neamul-romanesc\/\" title=\"Scrisoare Deschis\u0103 C\u0103tre Neamul Rom\u00e2nesc\"><img loading=\"lazy\" decoding=\"async\" width=\"150\" height=\"150\" src=\"https:\/\/www.incorectpolitic.com\/wp-content\/uploads\/2019\/09\/videoblocks-male-hand-reload-a-revolver-magnum-gun-without-bullets-magnum-revolver-and-empty-bullet-magnum-lead-round-nose-45-auto-rim-revolver-rounds_ha1focujz_thumbnail-full01-150x150.jpg\" class=\"attachment-thumbnail size-thumbnail wp-post-image lazyload\" alt><img loading=\"lazy\" decoding=\"async\" width=\"150\" height=\"150\" src=\"https:\/\/www.incorectpolitic.com\/wp-content\/uploads\/2019\/09\/videoblocks-male-hand-reload-a-revolver-magnum-gun-without-bullets-magnum-revolver-and-empty-bullet-magnum-lead-round-nose-45-auto-rim-revolver-rounds_ha1focujz_thumbnail-full01-150x150.jpg\" class=\"attachment-thumbnail size-thumbnail wp-post-image\" alt data-eio=\"l\"><\/a><\/div>\n<div class=\"entry-title\"><a class=\"featured_post_link\" href=\"https:\/\/www.incorectpolitic.com\/scrisoare-deschisa-catre-neamul-romanesc\/\" title=\"Scrisoare Deschis\u0103 C\u0103tre Neamul Rom\u00e2nesc\">Scrisoare Deschis\u0103 C\u0103tre Neamul Rom\u00e2nesc<\/a><\/div>\n<\/article>\n<article class=\"post-26255 post type-post status-publish entry includes-feat-image\">\n<div class=\"featured-image alignleft\"><a class=\"featured_post_link\" href=\"https:\/\/www.incorectpolitic.com\/sociologia-eliberarii-si-curentele-laterale-de-sedimentare-revolutionara\/\" title=\"Sociologia Eliber\u0103rii \u0219i Curentele Laterale de Sedimentare Revolu\u021bionar\u0103\"><img loading=\"lazy\" decoding=\"async\" width=\"150\" height=\"150\" src=\"https:\/\/www.incorectpolitic.com\/wp-content\/uploads\/2020\/12\/nm3-150x150.png\" class=\"attachment-thumbnail size-thumbnail wp-post-image lazyload\" alt><img loading=\"lazy\" decoding=\"async\" width=\"150\" height=\"150\" src=\"https:\/\/www.incorectpolitic.com\/wp-content\/uploads\/2020\/12\/nm3-150x150.png\" class=\"attachment-thumbnail size-thumbnail wp-post-image\" alt data-eio=\"l\"><\/a><\/div>\n<div class=\"entry-title\"><a class=\"featured_post_link\" href=\"https:\/\/www.incorectpolitic.com\/sociologia-eliberarii-si-curentele-laterale-de-sedimentare-revolutionara\/\" title=\"Sociologia Eliber\u0103rii \u0219i Curentele Laterale de Sedimentare Revolu\u021bionar\u0103\">Sociologia Eliber\u0103rii \u0219i Curentele Laterale de Sedimentare Revolu\u021bionar\u0103<\/a><\/div>\n<\/article>\n<article class=\"post-21977 post type-post status-publish entry includes-feat-image\">\n<div class=\"featured-image alignleft\"><a class=\"featured_post_link\" href=\"https:\/\/www.incorectpolitic.com\/impotriva-fatalismului\/\" title=\"\u00cempotriva Fatalismului\"><img loading=\"lazy\" decoding=\"async\" width=\"150\" height=\"150\" src=\"https:\/\/www.incorectpolitic.com\/wp-content\/uploads\/2019\/04\/thumb-150x150.jpg\" class=\"attachment-thumbnail size-thumbnail wp-post-image lazyload\" alt><img loading=\"lazy\" decoding=\"async\" width=\"150\" height=\"150\" src=\"https:\/\/www.incorectpolitic.com\/wp-content\/uploads\/2019\/04\/thumb-150x150.jpg\" class=\"attachment-thumbnail size-thumbnail wp-post-image\" alt data-eio=\"l\"><\/a><\/div>\n<div class=\"entry-title\"><a class=\"featured_post_link\" href=\"https:\/\/www.incorectpolitic.com\/impotriva-fatalismului\/\" title=\"\u00cempotriva Fatalismului\">\u00cempotriva Fatalismului<\/a><\/div>\n<\/article>\n<article class=\"post-20844 post type-post status-publish entry includes-feat-image\">\n<div class=\"featured-image alignleft\"><a class=\"featured_post_link\" href=\"https:\/\/www.incorectpolitic.com\/inceputul-etapei-post-globaliste-mass-media-ultimul-obstacol\/\" title=\"\u00cenceputul Etapei Post-Globaliste \u2013  Mass Media Ultimul Obstacol\"><img loading=\"lazy\" decoding=\"async\" width=\"150\" height=\"150\" src=\"https:\/\/www.incorectpolitic.com\/wp-content\/uploads\/2019\/03\/https___cdn.cnn_.com_cnnnext_dam_assets_181202123002-yellow-vest-protest-150x150.jpg\" class=\"attachment-thumbnail size-thumbnail wp-post-image lazyload\" alt><img loading=\"lazy\" decoding=\"async\" width=\"150\" height=\"150\" src=\"https:\/\/www.incorectpolitic.com\/wp-content\/uploads\/2019\/03\/https___cdn.cnn_.com_cnnnext_dam_assets_181202123002-yellow-vest-protest-150x150.jpg\" class=\"attachment-thumbnail size-thumbnail wp-post-image\" alt data-eio=\"l\"><\/a><\/div>\n<div class=\"entry-title\"><a class=\"featured_post_link\" href=\"https:\/\/www.incorectpolitic.com\/inceputul-etapei-post-globaliste-mass-media-ultimul-obstacol\/\" title=\"\u00cenceputul Etapei Post-Globaliste \u2013  Mass Media Ultimul Obstacol\">\u00cenceputul Etapei Post-Globaliste \u2013  Mass Media Ultimul Obstacol<\/a><\/div>\n<\/article>\n<article class=\"post-19704 post type-post status-publish entry includes-feat-image\">\n<div class=\"featured-image alignleft\"><a class=\"featured_post_link\" href=\"https:\/\/www.incorectpolitic.com\/mlastina-mass-media-serial-complet\/\" title=\"Mla\u0219tina Mass Media  \u2013 Serial Complet\"><img loading=\"lazy\" decoding=\"async\" width=\"150\" height=\"150\" src=\"https:\/\/www.incorectpolitic.com\/wp-content\/uploads\/2018\/06\/colaj-modificat-1-768x278-150x150.jpg\" class=\"attachment-thumbnail size-thumbnail wp-post-image lazyload\" alt><img loading=\"lazy\" decoding=\"async\" width=\"150\" height=\"150\" src=\"https:\/\/www.incorectpolitic.com\/wp-content\/uploads\/2018\/06\/colaj-modificat-1-768x278-150x150.jpg\" class=\"attachment-thumbnail size-thumbnail wp-post-image\" alt data-eio=\"l\"><\/a><\/div>\n<div class=\"entry-title\"><a class=\"featured_post_link\" href=\"https:\/\/www.incorectpolitic.com\/mlastina-mass-media-serial-complet\/\" title=\"Mla\u0219tina Mass Media  \u2013 Serial Complet\">Mla\u0219tina Mass Media  \u2013 Serial Complet<\/a><\/div>\n<\/article>\n<article class=\"post-5104 post type-post status-publish entry includes-feat-image\">\n<div class=\"featured-image alignleft\"><a class=\"featured_post_link\" href=\"https:\/\/www.incorectpolitic.com\/momentul-1937\/\" title=\"Momentul 1937\"><img loading=\"lazy\" decoding=\"async\" width=\"150\" height=\"150\" src=\"https:\/\/www.incorectpolitic.com\/wp-content\/uploads\/2018\/03\/capitanul-codreanu2003a-150x150.jpg\" class=\"attachment-thumbnail size-thumbnail wp-post-image lazyload\" alt><img loading=\"lazy\" decoding=\"async\" width=\"150\" height=\"150\" src=\"https:\/\/www.incorectpolitic.com\/wp-content\/uploads\/2018\/03\/capitanul-codreanu2003a-150x150.jpg\" class=\"attachment-thumbnail size-thumbnail wp-post-image\" alt data-eio=\"l\"><\/a><\/div>\n<div class=\"entry-title\"><a class=\"featured_post_link\" href=\"https:\/\/www.incorectpolitic.com\/momentul-1937\/\" title=\"Momentul 1937\">Momentul 1937<\/a><\/div>\n<\/article>\n<article class=\"post-16914 post type-post status-publish entry includes-feat-image\">\n<div class=\"featured-image alignleft\"><a class=\"featured_post_link\" href=\"https:\/\/www.incorectpolitic.com\/portretul-romanului-iudeo-crestin\/\" title=\"Portretul Rom\u00e2nului Iudeo-Cre\u0219tin Iubitor de Infanticid\"><img loading=\"lazy\" decoding=\"async\" width=\"150\" height=\"150\" src=\"https:\/\/www.incorectpolitic.com\/wp-content\/uploads\/2019\/01\/venn-150x150.jpg\" class=\"attachment-thumbnail size-thumbnail wp-post-image lazyload\" alt><img loading=\"lazy\" decoding=\"async\" width=\"150\" height=\"150\" src=\"https:\/\/www.incorectpolitic.com\/wp-content\/uploads\/2019\/01\/venn-150x150.jpg\" class=\"attachment-thumbnail size-thumbnail wp-post-image\" alt data-eio=\"l\"><\/a><\/div>\n<div class=\"entry-title\"><a class=\"featured_post_link\" href=\"https:\/\/www.incorectpolitic.com\/portretul-romanului-iudeo-crestin\/\" title=\"Portretul Rom\u00e2nului Iudeo-Cre\u0219tin Iubitor de Infanticid\">Portretul Rom\u00e2nului Iudeo-Cre\u0219tin Iubitor de Infanticid<\/a><\/div>\n<\/article>\n<article class=\"post-13899 post type-post status-publish entry includes-feat-image\">\n<div class=\"featured-image alignleft\"><a class=\"featured_post_link\" href=\"https:\/\/www.incorectpolitic.com\/manifest-impotriva-national-sionismului\/\" title=\"Manifest \u00cempotriva Na\u021bional-Sionismului din Rom\u00e2nia\"><img loading=\"lazy\" decoding=\"async\" width=\"150\" height=\"150\" src=\"https:\/\/www.incorectpolitic.com\/wp-content\/uploads\/2018\/10\/z1-150x150.png\" class=\"attachment-thumbnail size-thumbnail wp-post-image lazyload\" alt><img loading=\"lazy\" decoding=\"async\" width=\"150\" height=\"150\" src=\"https:\/\/www.incorectpolitic.com\/wp-content\/uploads\/2018\/10\/z1-150x150.png\" class=\"attachment-thumbnail size-thumbnail wp-post-image\" alt data-eio=\"l\"><\/a><\/div>\n<div class=\"entry-title\"><a class=\"featured_post_link\" href=\"https:\/\/www.incorectpolitic.com\/manifest-impotriva-national-sionismului\/\" title=\"Manifest \u00cempotriva Na\u021bional-Sionismului din Rom\u00e2nia\">Manifest \u00cempotriva Na\u021bional-Sionismului din Rom\u00e2nia<\/a><\/div>\n<\/article>\n<article class=\"post-7498 post type-post status-publish entry includes-feat-image\">\n<div class=\"featured-image alignleft\"><a class=\"featured_post_link\" href=\"https:\/\/www.incorectpolitic.com\/istorie-zydokomuna-cea-mai-completa-lista-a-nomenclaturii-iudeo-bolsevice-din-romania\/\" title=\"Istorie: \u017bYDOKOMUNA, Cea Mai Complet\u0103 List\u0103 a Nomenclaturii Iudeo-Bol\u0219evice din Rom\u00e2nia\"><img loading=\"lazy\" decoding=\"async\" width=\"150\" height=\"150\" src=\"https:\/\/www.incorectpolitic.com\/wp-content\/uploads\/2018\/06\/holocaustul-rosu-150x150.jpg\" class=\"attachment-thumbnail size-thumbnail wp-post-image lazyload\" alt><img loading=\"lazy\" decoding=\"async\" width=\"150\" height=\"150\" src=\"https:\/\/www.incorectpolitic.com\/wp-content\/uploads\/2018\/06\/holocaustul-rosu-150x150.jpg\" class=\"attachment-thumbnail size-thumbnail wp-post-image\" alt data-eio=\"l\"><\/a><\/div>\n<div class=\"entry-title\"><a class=\"featured_post_link\" href=\"https:\/\/www.incorectpolitic.com\/istorie-zydokomuna-cea-mai-completa-lista-a-nomenclaturii-iudeo-bolsevice-din-romania\/\" title=\"Istorie: \u017bYDOKOMUNA, Cea Mai Complet\u0103 List\u0103 a Nomenclaturii Iudeo-Bol\u0219evice din Rom\u00e2nia\">Istorie: \u017bYDOKOMUNA, Cea Mai Complet\u0103 List\u0103 a Nomenclaturii Iudeo-Bol\u0219evice din Rom\u00e2nia<\/a><\/div>\n<\/article>\n<article class=\"post-6413 post type-post status-publish entry includes-feat-image\">\n<div class=\"featured-image alignleft\"><a class=\"featured_post_link\" href=\"https:\/\/www.incorectpolitic.com\/iudaismul-este-un-proiect-politic\/\" title=\"Iudaismul Este Un Proiect Politic\"><img loading=\"lazy\" decoding=\"async\" width=\"150\" height=\"150\" src=\"https:\/\/www.incorectpolitic.com\/wp-content\/uploads\/2018\/05\/israelzionismjudaism5-150x150.jpeg\" class=\"attachment-thumbnail size-thumbnail wp-post-image lazyload\" alt><img loading=\"lazy\" decoding=\"async\" width=\"150\" height=\"150\" src=\"https:\/\/www.incorectpolitic.com\/wp-content\/uploads\/2018\/05\/israelzionismjudaism5-150x150.jpeg\" class=\"attachment-thumbnail size-thumbnail wp-post-image\" alt data-eio=\"l\"><\/a><\/div>\n<div class=\"entry-title\"><a class=\"featured_post_link\" href=\"https:\/\/www.incorectpolitic.com\/iudaismul-este-un-proiect-politic\/\" title=\"Iudaismul Este Un Proiect Politic\">Iudaismul Este Un Proiect Politic<\/a><\/div>\n<\/article>\n<article class=\"post-5089 post type-post status-publish entry includes-feat-image\">\n<div class=\"featured-image alignleft\"><a class=\"featured_post_link\" href=\"https:\/\/www.incorectpolitic.com\/exploziv-si-excluziv-interviul-interzis-in-presa-romaneasca\/\" title=\"EXPLOZIV \u0218I EXCLUSIV: Interviul INTERZIS \u00een Presa Rom\u00e2neasc\u0103\"><img loading=\"lazy\" decoding=\"async\" width=\"150\" height=\"150\" src=\"https:\/\/www.incorectpolitic.com\/wp-content\/uploads\/2018\/03\/gscz6z-150x150.gif\" class=\"attachment-thumbnail size-thumbnail wp-post-image lazyload\" alt><img loading=\"lazy\" decoding=\"async\" width=\"150\" height=\"150\" src=\"https:\/\/www.incorectpolitic.com\/wp-content\/uploads\/2018\/03\/gscz6z-150x150.gif\" class=\"attachment-thumbnail size-thumbnail wp-post-image\" alt data-eio=\"l\"><\/a><\/div>\n<div class=\"entry-title\"><a class=\"featured_post_link\" href=\"https:\/\/www.incorectpolitic.com\/exploziv-si-excluziv-interviul-interzis-in-presa-romaneasca\/\" title=\"EXPLOZIV \u0218I EXCLUSIV: Interviul INTERZIS \u00een Presa Rom\u00e2neasc\u0103\">EXPLOZIV \u0218I EXCLUSIV: Interviul INTERZIS \u00een Presa Rom\u00e2neasc\u0103<\/a><\/div>\n<\/article>\n<article class=\"post-1109 post type-post status-publish entry includes-feat-image\">\n<div class=\"featured-image alignleft\"><a class=\"featured_post_link\" href=\"https:\/\/www.incorectpolitic.com\/ofensiva-spirituala-poloniei\/\" title=\"Ofensiva Spiritual\u0103 a Poloniei\"><img loading=\"lazy\" decoding=\"async\" width=\"150\" height=\"150\" src=\"https:\/\/www.incorectpolitic.com\/wp-content\/uploads\/2017\/10\/jesus-with-whip3-150x150.jpg\" class=\"attachment-thumbnail size-thumbnail wp-post-image lazyload\" alt><img loading=\"lazy\" decoding=\"async\" width=\"150\" height=\"150\" src=\"https:\/\/www.incorectpolitic.com\/wp-content\/uploads\/2017\/10\/jesus-with-whip3-150x150.jpg\" class=\"attachment-thumbnail size-thumbnail wp-post-image\" alt data-eio=\"l\"><\/a><\/div>\n<div class=\"entry-title\"><a class=\"featured_post_link\" href=\"https:\/\/www.incorectpolitic.com\/ofensiva-spirituala-poloniei\/\" title=\"Ofensiva Spiritual\u0103 a Poloniei\">Ofensiva Spiritual\u0103 a Poloniei<\/a><\/div>\n<\/article>\n<article class=\"post-5673 post type-post status-publish entry includes-feat-image\">\n<div class=\"featured-image alignleft\"><a class=\"featured_post_link\" href=\"https:\/\/www.incorectpolitic.com\/biciul-prigonirii-romanilor-este-in-mana-jidanilor\/\" title=\"Biciul Prigonirii Rom\u00e2nilor Este \u00een M\u00e2na Jidanilor!\"><img loading=\"lazy\" decoding=\"async\" width=\"150\" height=\"150\" src=\"https:\/\/www.incorectpolitic.com\/wp-content\/uploads\/2018\/04\/S.-Vexler-si-B.-Netanyahu-150x150.jpg\" class=\"attachment-thumbnail size-thumbnail wp-post-image lazyload\" alt><img loading=\"lazy\" decoding=\"async\" width=\"150\" height=\"150\" src=\"https:\/\/www.incorectpolitic.com\/wp-content\/uploads\/2018\/04\/S.-Vexler-si-B.-Netanyahu-150x150.jpg\" class=\"attachment-thumbnail size-thumbnail wp-post-image\" alt data-eio=\"l\"><\/a><\/div>\n<div class=\"entry-title\"><a class=\"featured_post_link\" href=\"https:\/\/www.incorectpolitic.com\/biciul-prigonirii-romanilor-este-in-mana-jidanilor\/\" title=\"Biciul Prigonirii Rom\u00e2nilor Este \u00een M\u00e2na Jidanilor!\">Biciul Prigonirii Rom\u00e2nilor Este \u00een M\u00e2na Jidanilor!<\/a><\/div>\n<\/article>\n<article class=\"post-80464 post type-post status-publish entry includes-feat-image\">\n<div class=\"featured-image alignleft\"><a class=\"featured_post_link\" href=\"https:\/\/www.incorectpolitic.com\/talmudismul-este-esenta-satanismului\/\" title=\"TALMUDISMUL ESTE ESEN\u021aA SATANISMULUI\"><img loading=\"lazy\" decoding=\"async\" width=\"150\" height=\"150\" src=\"https:\/\/www.incorectpolitic.com\/wp-content\/uploads\/2020\/02\/vasile-zarnescu-150x150.png\" class=\"attachment-thumbnail size-thumbnail wp-post-image lazyload\" alt><img loading=\"lazy\" decoding=\"async\" width=\"150\" height=\"150\" src=\"https:\/\/www.incorectpolitic.com\/wp-content\/uploads\/2020\/02\/vasile-zarnescu-150x150.png\" class=\"attachment-thumbnail size-thumbnail wp-post-image\" alt data-eio=\"l\"><\/a><\/div>\n<div class=\"entry-title\"><a class=\"featured_post_link\" href=\"https:\/\/www.incorectpolitic.com\/talmudismul-este-esenta-satanismului\/\" title=\"TALMUDISMUL ESTE ESEN\u021aA SATANISMULUI\">TALMUDISMUL ESTE ESEN\u021aA SATANISMULUI<\/a><\/div>\n<\/article>\n<article class=\"post-20005 post type-post status-publish entry includes-feat-image\">\n<div class=\"featured-image alignleft\"><a class=\"featured_post_link\" href=\"https:\/\/www.incorectpolitic.com\/viciul-matematic-elementar-v-m-e-2\/\" title=\"Viciul Matematic Elementar (V.M.E.)\"><img loading=\"lazy\" decoding=\"async\" width=\"150\" height=\"150\" src=\"https:\/\/www.incorectpolitic.com\/wp-content\/uploads\/2017\/12\/tell-lie-vision-150x150.jpg\" class=\"attachment-thumbnail size-thumbnail wp-post-image lazyload\" alt><img loading=\"lazy\" decoding=\"async\" width=\"150\" height=\"150\" src=\"https:\/\/www.incorectpolitic.com\/wp-content\/uploads\/2017\/12\/tell-lie-vision-150x150.jpg\" class=\"attachment-thumbnail size-thumbnail wp-post-image\" alt data-eio=\"l\"><\/a><\/div>\n<div class=\"entry-title\"><a class=\"featured_post_link\" href=\"https:\/\/www.incorectpolitic.com\/viciul-matematic-elementar-v-m-e-2\/\" title=\"Viciul Matematic Elementar (V.M.E.)\">Viciul Matematic Elementar (V.M.E.)<\/a><\/div>\n<\/article>\n<p>[analyse_source url=&#8221;https:\/\/www.incorectpolitic.com\/despre-marietta-sadova-actrita-care-a-suferit-pentru-capitan-prima-femei-regizor-de-teatru-din-romania-si-exemplu-feminin-de-sacrificiu\/&#8221;]<\/p>\n","protected":false},"excerpt":{"rendered":"<p>[analyse_image type=&#8221;featured&#8221; src=&#8221;https:\/\/www.incorectpolitic.com\/wp-content\/uploads\/2026\/07\/photo_2026-07-31_21-12-43.jpg&#8221;] Penele ArhangheluluiIncorect Politic August 2, 2026 Marietta Sadova \u0219i Haig Acterian Despre Marietta Sadova \u2014 actri\u021ba care a suferit pentru C\u0103pitan! Prima femei-regizor de teatru din Rom\u00e2nia \u0219i exemplu feminin de sacrificiu Mircea Eliade, evoc\u00e2nd prima sa \u00eent\u00e2lnire cu Marietta Sadova \u2014 renumita actri\u021b\u0103 a perioadei interbelice, prima femeie-regizor de teatru din [&hellip;]<\/p>\n","protected":false},"author":1,"featured_media":0,"comment_status":"open","ping_status":"","sticky":false,"template":"","format":"standard","meta":{"footnotes":""},"categories":[89],"tags":[226,95],"class_list":["post-2074190","post","type-post","status-publish","format-standard","hentry","category-romania","tag-crawlmanager","tag-incorectpolitic-com"],"_links":{"self":[{"href":"https:\/\/analyse.optim.biz\/index.php?rest_route=\/wp\/v2\/posts\/2074190","targetHints":{"allow":["GET"]}}],"collection":[{"href":"https:\/\/analyse.optim.biz\/index.php?rest_route=\/wp\/v2\/posts"}],"about":[{"href":"https:\/\/analyse.optim.biz\/index.php?rest_route=\/wp\/v2\/types\/post"}],"author":[{"embeddable":true,"href":"https:\/\/analyse.optim.biz\/index.php?rest_route=\/wp\/v2\/users\/1"}],"replies":[{"embeddable":true,"href":"https:\/\/analyse.optim.biz\/index.php?rest_route=%2Fwp%2Fv2%2Fcomments&post=2074190"}],"version-history":[{"count":0,"href":"https:\/\/analyse.optim.biz\/index.php?rest_route=\/wp\/v2\/posts\/2074190\/revisions"}],"wp:attachment":[{"href":"https:\/\/analyse.optim.biz\/index.php?rest_route=%2Fwp%2Fv2%2Fmedia&parent=2074190"}],"wp:term":[{"taxonomy":"category","embeddable":true,"href":"https:\/\/analyse.optim.biz\/index.php?rest_route=%2Fwp%2Fv2%2Fcategories&post=2074190"},{"taxonomy":"post_tag","embeddable":true,"href":"https:\/\/analyse.optim.biz\/index.php?rest_route=%2Fwp%2Fv2%2Ftags&post=2074190"}],"curies":[{"name":"wp","href":"https:\/\/api.w.org\/{rel}","templated":true}]}}