{"id":2074071,"date":"2026-08-02T18:10:00","date_gmt":"2026-08-02T15:10:00","guid":{"rendered":"https:\/\/analyse.optim.biz\/?p=2074071"},"modified":"2026-08-02T18:10:00","modified_gmt":"2026-08-02T15:10:00","slug":"individ-pericol-public-pe-strada-republicii-din-vatra-dornei-prins-la-volan-cu-masina-avariata-si-baut-bine-in-plina-zi","status":"publish","type":"post","link":"https:\/\/analyse.optim.biz\/?p=2074071","title":{"rendered":"Individ pericol public pe strada Republicii din Vatra Dornei. Prins la volan cu ma\u0219ina avariat\u0103 \u0219i b\u0103ut bine, \u00een plin\u0103 zi"},"content":{"rendered":"<p>[analyse_image type=&#8221;featured&#8221; src=&#8221;https:\/\/blogger.googleusercontent.com\/img\/b\/R29vZ2xl\/AVvXsEj_E3YPdryjqamtp0X2U_dGSBqnOs4cYS2JpNz2HWIG1z5QOsoqf4UDLobebY5Ie-VGgtFNRFnofFR5KbTm-ivXyQJ0YbZu224wu0m5LGRz83fWvzKl0d3krNEVQYyLC-y0rOyFKwZgPvAegeRk61ibZmdduupT0dosa6zwk6Sw7K6lstybHTtiWlyX9Uo\/w1600\/politie-politist.jpg&#8221;]<\/p>\n<div class=\"post-body entry-content\" id=\"post-body\">\n<div class=\"separator\"><a href=\"https:\/\/blogger.googleusercontent.com\/img\/b\/R29vZ2xl\/AVvXsEj_E3YPdryjqamtp0X2U_dGSBqnOs4cYS2JpNz2HWIG1z5QOsoqf4UDLobebY5Ie-VGgtFNRFnofFR5KbTm-ivXyQJ0YbZu224wu0m5LGRz83fWvzKl0d3krNEVQYyLC-y0rOyFKwZgPvAegeRk61ibZmdduupT0dosa6zwk6Sw7K6lstybHTtiWlyX9Uo\/s1200\/politie-politist.jpg\"><img decoding=\"async\" alt=\"Individ pericol public pe strada Republicii din Vatra Dornei. Prins la volan cu ma\u0219ina avariat\u0103 \u0219i b\u0103ut bine, \u00een plin\u0103 zi\" border=\"0\" height=\"335\" loading=\"lazy\" src=\"https:\/\/blogger.googleusercontent.com\/img\/b\/R29vZ2xl\/AVvXsEj_E3YPdryjqamtp0X2U_dGSBqnOs4cYS2JpNz2HWIG1z5QOsoqf4UDLobebY5Ie-VGgtFNRFnofFR5KbTm-ivXyQJ0YbZu224wu0m5LGRz83fWvzKl0d3krNEVQYyLC-y0rOyFKwZgPvAegeRk61ibZmdduupT0dosa6zwk6Sw7K6lstybHTtiWlyX9Uo\/w640-h335-rw\/politie-politist.jpg\" title=\"Individ pericol public pe strada Republicii din Vatra Dornei. Prins la volan cu ma\u0219ina avariat\u0103 \u0219i b\u0103ut bine, \u00een plin\u0103 zi\" width=\"640\"><\/a><\/div>\n<p><strong>Un nou caz \u0219ocant de incon\u0219tien\u021b\u0103 \u00een trafic trage un semnal de alarm\u0103 privind siguran\u021ba pe \u0219oselele din \u021bar\u0103. Un b\u0103rbat \u00een v\u00e2rst\u0103 de 59 de ani a fost depistat de autorit\u0103\u021bi la volanul unui autoturism puternic avariat, la doar c\u00e2teva minute dup\u0103 ce fusese implicat \u00eentr-un accident rutier. Rezultatul etilotestului a confirmat cele mai negre b\u0103nuieli ale poli\u021bi\u0219tilor: \u0219oferul se afla \u00eentr-o stare avansat\u0103 de ebrietate.<\/strong><\/p>\n<p>Incidentul a avut loc vineri, 31 iulie 2026, la ora 15:10. Un echipaj din cadrul Compartimentului Rutier al Poli\u021biei Municipiului Vatra Dornei, aflat \u00een misiune de supraveghere \u0219i control al traficului pe strada Republicii, a observat un autoturism marca Skoda care circula de\u0219i prezenta avarii vizibile pe partea dreapta fa\u021b\u0103.<\/p>\n<h2>Tr\u0103dat de avariile ma\u0219inii dup\u0103 o tamponare<\/h2>\n<p>Poli\u021bi\u0219tii au oprit imediat vehiculul suspect. La volan a fost identificat Nicolae N., un b\u0103rbat de 59 de ani. Confruntat de oamenii legii cu privire la starea autoturismului, conduc\u0103torul auto a recunoscut senin c\u0103, anterior, \u00een aceea\u0219i zi, la ora 14:52, fusese implicat \u00eentr-un accident rutier soldat, din fericire, doar cu pagube materiale.<\/p>\n<p>Detaliul care a agravat \u00eens\u0103 dramatic situa\u021bia a fost halena alcoolic\u0103 puternic\u0103 pe care \u0219oferul o emana \u00een timpul discu\u021biei cu agen\u021bii. Ace\u0219tia au procedat la testarea b\u0103rbatului cu aparatul etilometru, iar rezultatul afi\u0219at a justificat comportamentul eratic: o concentra\u021bie de <strong>0,99 mg\/l alcool pur \u00een aerul expirat<\/strong>.<\/p>\n<h3>Analize de s\u00e2nge \u0219i dosar penal pentru \u0219ofer<\/h3>\n<p>Av\u00e2nd \u00een vedere valoarea uria\u0219\u0103 indicat\u0103 de aparat, procedurile legale au fost aplicate cu stricte\u021be. B\u0103rbatul a fost escortat la unitatea medical\u0103 din localitate, unde personalul de specialitate i-a recoltat probe biologice de s\u00e2nge \u00een vederea stabilirii cu exactitate a alcoolemiei legale.<\/p>\n<p>Cazul a fost preluat de poli\u021bi\u0219tii rutieri, pe numele individului fiind \u00eentocmit un dosar penal sub aspectul s\u0103v\u00e2r\u0219irii infrac\u021biunii de \u201econducere sub influen\u021ba alcoolului\u201d. Acesta risc\u0103 acum o condamnare aspr\u0103, dar \u0219i anularea dreptului de a mai conduce autovehicule pe drumurile publice.<\/p>\n<\/div>\n<div class=\"post-body entry-content\" id=\"post-body\">\n<div class=\"separator\"><a href=\"https:\/\/blogger.googleusercontent.com\/img\/b\/R29vZ2xl\/AVvXsEj_E3YPdryjqamtp0X2U_dGSBqnOs4cYS2JpNz2HWIG1z5QOsoqf4UDLobebY5Ie-VGgtFNRFnofFR5KbTm-ivXyQJ0YbZu224wu0m5LGRz83fWvzKl0d3krNEVQYyLC-y0rOyFKwZgPvAegeRk61ibZmdduupT0dosa6zwk6Sw7K6lstybHTtiWlyX9Uo\/s1200\/politie-politist.jpg\"><img decoding=\"async\" alt=\"Individ pericol public pe strada Republicii din Vatra Dornei. Prins la volan cu ma\u0219ina avariat\u0103 \u0219i b\u0103ut bine, \u00een plin\u0103 zi\" border=\"0\" height=\"335\" loading=\"lazy\" src=\"https:\/\/blogger.googleusercontent.com\/img\/b\/R29vZ2xl\/AVvXsEj_E3YPdryjqamtp0X2U_dGSBqnOs4cYS2JpNz2HWIG1z5QOsoqf4UDLobebY5Ie-VGgtFNRFnofFR5KbTm-ivXyQJ0YbZu224wu0m5LGRz83fWvzKl0d3krNEVQYyLC-y0rOyFKwZgPvAegeRk61ibZmdduupT0dosa6zwk6Sw7K6lstybHTtiWlyX9Uo\/w640-h335-rw\/politie-politist.jpg\" title=\"Individ pericol public pe strada Republicii din Vatra Dornei. Prins la volan cu ma\u0219ina avariat\u0103 \u0219i b\u0103ut bine, \u00een plin\u0103 zi\" width=\"640\"><\/a><\/div>\n<p><strong>Un nou caz \u0219ocant de incon\u0219tien\u021b\u0103 \u00een trafic trage un semnal de alarm\u0103 privind siguran\u021ba pe \u0219oselele din \u021bar\u0103. Un b\u0103rbat \u00een v\u00e2rst\u0103 de 59 de ani a fost depistat de autorit\u0103\u021bi la volanul unui autoturism puternic avariat, la doar c\u00e2teva minute dup\u0103 ce fusese implicat \u00eentr-un accident rutier. Rezultatul etilotestului a confirmat cele mai negre b\u0103nuieli ale poli\u021bi\u0219tilor: \u0219oferul se afla \u00eentr-o stare avansat\u0103 de ebrietate.<\/strong><\/p>\n<p>Incidentul a avut loc vineri, 31 iulie 2026, la ora 15:10. Un echipaj din cadrul Compartimentului Rutier al Poli\u021biei Municipiului Vatra Dornei, aflat \u00een misiune de supraveghere \u0219i control al traficului pe strada Republicii, a observat un autoturism marca Skoda care circula de\u0219i prezenta avarii vizibile pe partea dreapta fa\u021b\u0103.<\/p>\n<h2>Tr\u0103dat de avariile ma\u0219inii dup\u0103 o tamponare<\/h2>\n<p>Poli\u021bi\u0219tii au oprit imediat vehiculul suspect. La volan a fost identificat Nicolae N., un b\u0103rbat de 59 de ani. Confruntat de oamenii legii cu privire la starea autoturismului, conduc\u0103torul auto a recunoscut senin c\u0103, anterior, \u00een aceea\u0219i zi, la ora 14:52, fusese implicat \u00eentr-un accident rutier soldat, din fericire, doar cu pagube materiale.<\/p>\n<p>Detaliul care a agravat \u00eens\u0103 dramatic situa\u021bia a fost halena alcoolic\u0103 puternic\u0103 pe care \u0219oferul o emana \u00een timpul discu\u021biei cu agen\u021bii. Ace\u0219tia au procedat la testarea b\u0103rbatului cu aparatul etilometru, iar rezultatul afi\u0219at a justificat comportamentul eratic: o concentra\u021bie de <strong>0,99 mg\/l alcool pur \u00een aerul expirat<\/strong>.<\/p>\n<h3>Analize de s\u00e2nge \u0219i dosar penal pentru \u0219ofer<\/h3>\n<p>Av\u00e2nd \u00een vedere valoarea uria\u0219\u0103 indicat\u0103 de aparat, procedurile legale au fost aplicate cu stricte\u021be. B\u0103rbatul a fost escortat la unitatea medical\u0103 din localitate, unde personalul de specialitate i-a recoltat probe biologice de s\u00e2nge \u00een vederea stabilirii cu exactitate a alcoolemiei legale.<\/p>\n<p>Cazul a fost preluat de poli\u021bi\u0219tii rutieri, pe numele individului fiind \u00eentocmit un dosar penal sub aspectul s\u0103v\u00e2r\u0219irii infrac\u021biunii de \u201econducere sub influen\u021ba alcoolului\u201d. Acesta risc\u0103 acum o condamnare aspr\u0103, dar \u0219i anularea dreptului de a mai conduce autovehicule pe drumurile publice.<\/p>\n<\/div>\n<p>[analyse_source url=&#8221;https:\/\/www.stirisuceava.net\/2026\/08\/individ-pericol-public-pe-strada.html&#8221;]<\/p>\n","protected":false},"excerpt":{"rendered":"<p>[analyse_image type=&#8221;featured&#8221; src=&#8221;https:\/\/blogger.googleusercontent.com\/img\/b\/R29vZ2xl\/AVvXsEj_E3YPdryjqamtp0X2U_dGSBqnOs4cYS2JpNz2HWIG1z5QOsoqf4UDLobebY5Ie-VGgtFNRFnofFR5KbTm-ivXyQJ0YbZu224wu0m5LGRz83fWvzKl0d3krNEVQYyLC-y0rOyFKwZgPvAegeRk61ibZmdduupT0dosa6zwk6Sw7K6lstybHTtiWlyX9Uo\/w1600\/politie-politist.jpg&#8221;] Un nou caz \u0219ocant de incon\u0219tien\u021b\u0103 \u00een trafic trage un semnal de alarm\u0103 privind siguran\u021ba pe \u0219oselele din \u021bar\u0103. Un b\u0103rbat \u00een v\u00e2rst\u0103 de 59 de ani a fost depistat de autorit\u0103\u021bi la volanul unui autoturism puternic avariat, la doar c\u00e2teva minute dup\u0103 ce fusese implicat \u00eentr-un accident rutier. Rezultatul etilotestului a [&hellip;]<\/p>\n","protected":false},"author":1,"featured_media":0,"comment_status":"open","ping_status":"","sticky":false,"template":"","format":"standard","meta":{"footnotes":""},"categories":[89],"tags":[226,172],"class_list":["post-2074071","post","type-post","status-publish","format-standard","hentry","category-romania","tag-crawlmanager","tag-stirisuceava-net"],"_links":{"self":[{"href":"https:\/\/analyse.optim.biz\/index.php?rest_route=\/wp\/v2\/posts\/2074071","targetHints":{"allow":["GET"]}}],"collection":[{"href":"https:\/\/analyse.optim.biz\/index.php?rest_route=\/wp\/v2\/posts"}],"about":[{"href":"https:\/\/analyse.optim.biz\/index.php?rest_route=\/wp\/v2\/types\/post"}],"author":[{"embeddable":true,"href":"https:\/\/analyse.optim.biz\/index.php?rest_route=\/wp\/v2\/users\/1"}],"replies":[{"embeddable":true,"href":"https:\/\/analyse.optim.biz\/index.php?rest_route=%2Fwp%2Fv2%2Fcomments&post=2074071"}],"version-history":[{"count":0,"href":"https:\/\/analyse.optim.biz\/index.php?rest_route=\/wp\/v2\/posts\/2074071\/revisions"}],"wp:attachment":[{"href":"https:\/\/analyse.optim.biz\/index.php?rest_route=%2Fwp%2Fv2%2Fmedia&parent=2074071"}],"wp:term":[{"taxonomy":"category","embeddable":true,"href":"https:\/\/analyse.optim.biz\/index.php?rest_route=%2Fwp%2Fv2%2Fcategories&post=2074071"},{"taxonomy":"post_tag","embeddable":true,"href":"https:\/\/analyse.optim.biz\/index.php?rest_route=%2Fwp%2Fv2%2Ftags&post=2074071"}],"curies":[{"name":"wp","href":"https:\/\/api.w.org\/{rel}","templated":true}]}}