{"id":2074070,"date":"2026-08-02T17:59:00","date_gmt":"2026-08-02T14:59:00","guid":{"rendered":"https:\/\/analyse.optim.biz\/?p=2074070"},"modified":"2026-08-02T17:59:00","modified_gmt":"2026-08-02T14:59:00","slug":"o-combina-agricola-a-luat-foc-pe-camp-la-ilisesti","status":"publish","type":"post","link":"https:\/\/analyse.optim.biz\/?p=2074070","title":{"rendered":"O combin\u0103 agricol\u0103 a luat foc pe c\u00e2mp, la Ili\u0219e\u0219ti"},"content":{"rendered":"<p>[analyse_image type=&#8221;featured&#8221; src=&#8221;https:\/\/blogger.googleusercontent.com\/img\/b\/R29vZ2xl\/AVvXsEgQjj88rKnKBos5n5690CRWeprzndtwhdZ3CV8T6ZARq-v7lvWiSMGszqESH-gJzOXFXpsGggx2djDG6i2Ym_feLNAK1Wl4StCwX_gM30GBvyfIYfIp02x8k7pa-xIxwpgxGGGYGKHjGgHhI1enZWkImUDT6IR4ewQPEZoNJtXm4fdXDbgurlnRNtmVQLk\/w1600\/incendiu-combina-balcauti-01.jpeg&#8221;]<\/p>\n<div class=\"post-body entry-content\" id=\"post-body\">\n<div class=\"separator\"><a href=\"https:\/\/blogger.googleusercontent.com\/img\/b\/R29vZ2xl\/AVvXsEgQjj88rKnKBos5n5690CRWeprzndtwhdZ3CV8T6ZARq-v7lvWiSMGszqESH-gJzOXFXpsGggx2djDG6i2Ym_feLNAK1Wl4StCwX_gM30GBvyfIYfIp02x8k7pa-xIxwpgxGGGYGKHjGgHhI1enZWkImUDT6IR4ewQPEZoNJtXm4fdXDbgurlnRNtmVQLk\/w640-h335\/incendiu-combina-balcauti-01.jpeg\"><img decoding=\"async\" alt=\"O combin\u0103 agricol\u0103 a luat foc pe c\u00e2mp, la Ili\u0219e\u0219ti\" border=\"0\" height=\"335\" loading=\"lazy\" src=\"https:\/\/blogger.googleusercontent.com\/img\/b\/R29vZ2xl\/AVvXsEgQjj88rKnKBos5n5690CRWeprzndtwhdZ3CV8T6ZARq-v7lvWiSMGszqESH-gJzOXFXpsGggx2djDG6i2Ym_feLNAK1Wl4StCwX_gM30GBvyfIYfIp02x8k7pa-xIxwpgxGGGYGKHjGgHhI1enZWkImUDT6IR4ewQPEZoNJtXm4fdXDbgurlnRNtmVQLk\/w640-h335-rw\/incendiu-combina-balcauti-01.jpeg\" title=\"O combin\u0103 agricol\u0103 a luat foc pe c\u00e2mp, la Ili\u0219e\u0219ti\" width=\"640\"><\/a><\/div>\n<p>Vineri, 31 iulie 2026, \u00een jurul orei 14.40, Sec\u021bia de Poli\u021bie Rural\u0103 \u0218cheia a fost sesizat\u0103 prin 112 de c\u0103tre Daniel R. din Ili\u0219e\u0219ti, cu privire la faptul c\u0103 utilajul s\u0103u agricol a luat foc pe c\u00e2mp.<\/p>\n<p> Cu ocazia deplas\u0103rii la fa\u021ba locului \u0219i a verific\u0103rilor efectuate s-a stabilit faptul c\u0103 \u00een jurul orei 14.00, \u00een timp ce apelantul efectua activit\u0103\u021bi agricole cu combina CLAAS \u00een extravilanul satului Ili\u0219e\u0219ti, la un moment dat a observat faptul c\u0103 din zona compartimentului motor iese fum.<\/p>\n<p>Astfel, acesta a folosit sting\u0103torul din dotarea utilajului pentru a stinge sursa de foc \u0219i pentru a evita propagarea incendiului, iar p\u00e2n\u0103 la sosirea echipajului ISU Suceava incendiul a fost lichidat.<\/p>\n<p> \u00cen urma constat\u0103rii celor \u00eent\u00e2mplate, reprezentan\u021bii ISU Suceava au stabilit faptul c\u0103 sursa probabil\u0103 a incendiului a fost \u201eefectul termic a sistemului de transmitere a mi\u0219c\u0103rii\u201d prin sc\u00e2nteie mecanic\u0103. \u00cen urma producerii evenimentului nu au rezultat pagube materiale.<\/p>\n<p> S-a \u00eentocmit un proces verbal de constatare \u00een care persoana v\u0103t\u0103mat\u0103 a declarat c\u0103 nu dore\u0219te s\u0103 formuleze pl\u00e2ngere prealabil\u0103 sub aspectul s\u0103v\u00e2r\u0219irii infrac\u021biunii de \u201edistrugerea din culp\u0103\u201d, fapt\u0103 prev\u0103zut\u0103 de art. 255, alin. (1) din Codul Penal.\n<\/p><\/div>\n<div class=\"post-body entry-content\" id=\"post-body\">\n<div class=\"separator\"><a href=\"https:\/\/blogger.googleusercontent.com\/img\/b\/R29vZ2xl\/AVvXsEgQjj88rKnKBos5n5690CRWeprzndtwhdZ3CV8T6ZARq-v7lvWiSMGszqESH-gJzOXFXpsGggx2djDG6i2Ym_feLNAK1Wl4StCwX_gM30GBvyfIYfIp02x8k7pa-xIxwpgxGGGYGKHjGgHhI1enZWkImUDT6IR4ewQPEZoNJtXm4fdXDbgurlnRNtmVQLk\/w640-h335\/incendiu-combina-balcauti-01.jpeg\"><img decoding=\"async\" alt=\"O combin\u0103 agricol\u0103 a luat foc pe c\u00e2mp, la Ili\u0219e\u0219ti\" border=\"0\" height=\"335\" loading=\"lazy\" src=\"https:\/\/blogger.googleusercontent.com\/img\/b\/R29vZ2xl\/AVvXsEgQjj88rKnKBos5n5690CRWeprzndtwhdZ3CV8T6ZARq-v7lvWiSMGszqESH-gJzOXFXpsGggx2djDG6i2Ym_feLNAK1Wl4StCwX_gM30GBvyfIYfIp02x8k7pa-xIxwpgxGGGYGKHjGgHhI1enZWkImUDT6IR4ewQPEZoNJtXm4fdXDbgurlnRNtmVQLk\/w640-h335-rw\/incendiu-combina-balcauti-01.jpeg\" title=\"O combin\u0103 agricol\u0103 a luat foc pe c\u00e2mp, la Ili\u0219e\u0219ti\" width=\"640\"><\/a><\/div>\n<p>Vineri, 31 iulie 2026, \u00een jurul orei 14.40, Sec\u021bia de Poli\u021bie Rural\u0103 \u0218cheia a fost sesizat\u0103 prin 112 de c\u0103tre Daniel R. din Ili\u0219e\u0219ti, cu privire la faptul c\u0103 utilajul s\u0103u agricol a luat foc pe c\u00e2mp.<\/p>\n<p> Cu ocazia deplas\u0103rii la fa\u021ba locului \u0219i a verific\u0103rilor efectuate s-a stabilit faptul c\u0103 \u00een jurul orei 14.00, \u00een timp ce apelantul efectua activit\u0103\u021bi agricole cu combina CLAAS \u00een extravilanul satului Ili\u0219e\u0219ti, la un moment dat a observat faptul c\u0103 din zona compartimentului motor iese fum.<\/p>\n<p>Astfel, acesta a folosit sting\u0103torul din dotarea utilajului pentru a stinge sursa de foc \u0219i pentru a evita propagarea incendiului, iar p\u00e2n\u0103 la sosirea echipajului ISU Suceava incendiul a fost lichidat.<\/p>\n<p> \u00cen urma constat\u0103rii celor \u00eent\u00e2mplate, reprezentan\u021bii ISU Suceava au stabilit faptul c\u0103 sursa probabil\u0103 a incendiului a fost \u201eefectul termic a sistemului de transmitere a mi\u0219c\u0103rii\u201d prin sc\u00e2nteie mecanic\u0103. \u00cen urma producerii evenimentului nu au rezultat pagube materiale.<\/p>\n<p> S-a \u00eentocmit un proces verbal de constatare \u00een care persoana v\u0103t\u0103mat\u0103 a declarat c\u0103 nu dore\u0219te s\u0103 formuleze pl\u00e2ngere prealabil\u0103 sub aspectul s\u0103v\u00e2r\u0219irii infrac\u021biunii de \u201edistrugerea din culp\u0103\u201d, fapt\u0103 prev\u0103zut\u0103 de art. 255, alin. (1) din Codul Penal.\n<\/p><\/div>\n<p>[analyse_source url=&#8221;https:\/\/www.stirisuceava.net\/2026\/08\/o-combina-agricola-luat-foc-pe-camp-la.html&#8221;]<\/p>\n","protected":false},"excerpt":{"rendered":"<p>[analyse_image type=&#8221;featured&#8221; src=&#8221;https:\/\/blogger.googleusercontent.com\/img\/b\/R29vZ2xl\/AVvXsEgQjj88rKnKBos5n5690CRWeprzndtwhdZ3CV8T6ZARq-v7lvWiSMGszqESH-gJzOXFXpsGggx2djDG6i2Ym_feLNAK1Wl4StCwX_gM30GBvyfIYfIp02x8k7pa-xIxwpgxGGGYGKHjGgHhI1enZWkImUDT6IR4ewQPEZoNJtXm4fdXDbgurlnRNtmVQLk\/w1600\/incendiu-combina-balcauti-01.jpeg&#8221;] Vineri, 31 iulie 2026, \u00een jurul orei 14.40, Sec\u021bia de Poli\u021bie Rural\u0103 \u0218cheia a fost sesizat\u0103 prin 112 de c\u0103tre Daniel R. din Ili\u0219e\u0219ti, cu privire la faptul c\u0103 utilajul s\u0103u agricol a luat foc pe c\u00e2mp. Cu ocazia deplas\u0103rii la fa\u021ba locului \u0219i a verific\u0103rilor efectuate s-a stabilit faptul c\u0103 \u00een [&hellip;]<\/p>\n","protected":false},"author":1,"featured_media":0,"comment_status":"open","ping_status":"","sticky":false,"template":"","format":"standard","meta":{"footnotes":""},"categories":[89],"tags":[226,172],"class_list":["post-2074070","post","type-post","status-publish","format-standard","hentry","category-romania","tag-crawlmanager","tag-stirisuceava-net"],"_links":{"self":[{"href":"https:\/\/analyse.optim.biz\/index.php?rest_route=\/wp\/v2\/posts\/2074070","targetHints":{"allow":["GET"]}}],"collection":[{"href":"https:\/\/analyse.optim.biz\/index.php?rest_route=\/wp\/v2\/posts"}],"about":[{"href":"https:\/\/analyse.optim.biz\/index.php?rest_route=\/wp\/v2\/types\/post"}],"author":[{"embeddable":true,"href":"https:\/\/analyse.optim.biz\/index.php?rest_route=\/wp\/v2\/users\/1"}],"replies":[{"embeddable":true,"href":"https:\/\/analyse.optim.biz\/index.php?rest_route=%2Fwp%2Fv2%2Fcomments&post=2074070"}],"version-history":[{"count":0,"href":"https:\/\/analyse.optim.biz\/index.php?rest_route=\/wp\/v2\/posts\/2074070\/revisions"}],"wp:attachment":[{"href":"https:\/\/analyse.optim.biz\/index.php?rest_route=%2Fwp%2Fv2%2Fmedia&parent=2074070"}],"wp:term":[{"taxonomy":"category","embeddable":true,"href":"https:\/\/analyse.optim.biz\/index.php?rest_route=%2Fwp%2Fv2%2Fcategories&post=2074070"},{"taxonomy":"post_tag","embeddable":true,"href":"https:\/\/analyse.optim.biz\/index.php?rest_route=%2Fwp%2Fv2%2Ftags&post=2074070"}],"curies":[{"name":"wp","href":"https:\/\/api.w.org\/{rel}","templated":true}]}}