{"id":2074060,"date":"2026-08-02T19:08:04","date_gmt":"2026-08-02T16:08:04","guid":{"rendered":"https:\/\/analyse.optim.biz\/?p=2074060"},"modified":"2026-08-02T19:08:04","modified_gmt":"2026-08-02T16:08:04","slug":"puterea-mitologica-instalata-a-romaniei","status":"publish","type":"post","link":"https:\/\/analyse.optim.biz\/?p=2074060","title":{"rendered":"Puterea mitologic\u0103 instalat\u0103 a Rom\u00e2niei"},"content":{"rendered":"<p>[analyse_image type=&#8221;featured&#8221; src=&#8221;https:\/\/r3media.ro\/wp-content\/uploads\/2025\/02\/pnrr.jpghttps:\/\/r3media.ro\/wp-content\/uploads\/2025\/02\/pnrr.jpg&#8221;]<\/p>\n<article id=\"template-id-109\" class=\"post-109 tdb_templates type-tdb_templates status-publish post\">\n<div id=\"tdi_2\" class=\"tdc-zone\">\n<div class=\"tdc_zone tdi_3  wpb_row td-pb-row\">\n<div id=\"tdi_4\" class=\"tdc-row\">\n<div class=\"vc_row tdi_5  wpb_row td-pb-row\">\n<div class=\"vc_column tdi_7  wpb_column vc_column_container tdc-column td-pb-span8\">\n<div class=\"wpb_wrapper\">\n<div class=\"td_block_wrap tdb_breadcrumbs tdi_8 td-pb-border-top td_block_template_1 tdb-breadcrumbs \" data-td-block-uid=\"tdi_8\">\n<div class=\"tdb-block-inner td-fix-index\"><span><a title=\"Vede\u021bi toate articolele \u00een FEATURED\" class=\"tdb-entry-crumb\" href=\"https:\/\/r3media.ro\/category\/featured\/\">FEATURED<\/a><\/span><span class=\"tdb-bred-no-url-last\">Puterea mitologic\u0103 instalat\u0103 a Rom\u00e2niei<\/span><\/div>\n<\/div>\n<div class=\"td_block_wrap tdb_single_categories tdi_9 td-pb-border-top td_block_template_1 \" data-td-block-uid=\"tdi_9\">\n<div class=\"tdb-category td-fix-index\"><a class=\"tdb-entry-category\" href=\"https:\/\/r3media.ro\/category\/featured\/\">FEATURED<\/a><a class=\"tdb-entry-category\" href=\"https:\/\/r3media.ro\/category\/opinii\/\">OPINII<\/a><a class=\"tdb-entry-category\" href=\"https:\/\/r3media.ro\/category\/stiri\/\">\u0218TIRI<\/a><\/div>\n<\/div>\n<div class=\"td_block_wrap tdb_title tdi_10 tdb-single-title td-pb-border-top td_block_template_1\" data-td-block-uid=\"tdi_10\">\n<div class=\"tdb-block-inner td-fix-index\">\n<h1 class=\"tdb-title-text\">Puterea mitologic\u0103 instalat\u0103 a Rom\u00e2niei<\/h1>\n<\/div>\n<\/div>\n<div class=\"vc_row_inner tdi_12  vc_row vc_inner wpb_row td-pb-row\">\n<div class=\"vc_column_inner tdi_14  wpb_column vc_column_container tdc-inner-column td-pb-span12\">\n<div class=\"vc_column-inner\">\n<div class=\"wpb_wrapper\">\n<div class=\"td_block_wrap tdb_single_author tdi_15 td-pb-border-top td_block_template_1 tdb-post-meta\" data-td-block-uid=\"tdi_15\">\n<div class=\"tdb-block-inner td-fix-index\">\n<div class=\"tdb-author-name-wrap\"><a class=\"tdb-author-name\" href=\"https:\/\/r3media.ro\/author\/tru\/\">TRU (Traian Ungureanu)<\/a><\/div>\n<\/div>\n<\/div>\n<div class=\"td_block_wrap tdb_single_date tdi_16 td-pb-border-top td_block_template_1 tdb-post-meta\" data-td-block-uid=\"tdi_16\">\n<div class=\"tdb-block-inner td-fix-index\"><time class=\"entry-date updated td-module-date\" datetime=\"2026-08-02T22:08:04+03:00\">02\/08\/2026<\/time><\/div>\n<\/div>\n<\/div>\n<\/div>\n<\/div>\n<\/div>\n<div class=\"td_block_wrap tdb_single_content tdi_18 td-pb-border-top td_block_template_1 td-post-content tagdiv-type\" data-td-block-uid=\"tdi_18\">\n<div class=\"tdb-block-inner td-fix-index\">\n<p><strong>Dintotdeauna, na\u021biunile aflate la str\u00eemtoare tr\u0103iesc pasionat \u0219i \u00eencolonat o dorin\u021b\u0103 de bine pe care propaganda se ca\u021b\u0103r\u0103 cu pl\u0103cere. E vorba de ceva ce s-ar putea numi \u201eputere mitologic\u0103 instalat\u0103\u201d. Bine strunit\u0103, aceast\u0103 halucina\u021bie colectiv\u0103 bate orice rival ra\u021bional \u0219i d\u0103 na\u021biei curajul s\u0103 se desprind\u0103 de propria judecat\u0103, pentru a se l\u0103sa \u00een bra\u021bele binef\u0103c\u0103torului.<\/strong><\/p>\n<p>Putere mitologic\u0103 instalat\u0103 \u00eenseamn\u0103, ast\u0103zi, PNRR \u0219i <a href=\"https:\/\/r3media.ro\/tag\/safe\/\" target=\"_blank\" rel=\"noopener\">SAFE<\/a> \u2013 cele dou\u0103 totemuri care acoper\u0103 orizontul \u0219i \u00eenlocuiesc orice idee, discu\u021bie, calcul \u0219i tr\u0103ire \u00een Rom\u00e2nia.<\/p>\n<p>Singurele observa\u021bii admise \u00een preajma acestor totemuri siameze s\u00eent strig\u0103tele obligatorii care \u00eengroa\u0219\u0103\u00a0 vacarmul mistic: s\u0103 nu rat\u0103m banii! viitorul e \u00een joc! nimeni n-are dreptul s\u0103 pun\u0103 \u00een pericol prosperitatea \u0219i progresul \u021b\u0103rii!<\/p>\n<p>Spre surpriza general\u0103, PNRR \u0219i SAFE au, totu\u0219i, un \u00een\u021beles \u0219i un con\u021binut perfect discutabile.<\/p>\n<p>Mai \u00eent\u00eei, cine le-a instalat? Numele instalatorului e UE. PNRR \u0219i SAFE s\u00eent dou\u0103 programe europene uria\u0219e, acceptate de guvernul Rom\u00e2niei. Da, e vorba de bani \u0219i anume de aproximativ 45 de miliarde de euro. Furnizorul e UE, beneficiarul e Rom\u00e2nia.<\/p>\n<p>Impresia general\u0103 spune c\u0103 s\u00eentem \u00een situa\u021bia rarisim\u0103 \u00een care cineva insist\u0103 cu tot dinadinsul s\u0103 ne dea bani.Tot ce avem de f\u0103cut e s\u0103 nu-i d\u0103m peste m\u00een\u0103. Asta \u00eenseamn\u0103 s\u0103 fim buni, drep\u021bi \u0219i corec\u021bi, politico\u0219i, genero\u0219i, \u00eencrez\u0103tori \u0219i civiliza\u021bi. Adic\u0103: \u0219i mai europeni.<\/p>\n<p>Cine merge mai departe \u0219i are impolite\u021bea s\u0103 cerceteze detaliile, va da peste adev\u0103rul real din spatele adev\u0103rului moral.<\/p>\n<p>Suma total\u0103 (45 de miliarde) se \u00eemparte \u00een bani \u201ed\u0103rui\u021bi\u201d \u0219i bani primi\u021bi \u00eemprumut. Bani pe care \u00eei primim: 15 miliarde. Banii pe care \u00eei lu\u0103m \u00eemprumut: 30 de miliarde.<\/p>\n<p>Jum\u0103tate din datorie (16 miliarde) urmeaz\u0103 s\u0103 fi pl\u0103tit\u0103 \u00een urm\u0103torii 45 de ani, cu \u00eencepere din 2035. \u00centr-un fel, nu mai e treaba noastr\u0103. Copiii \u0219i nepo\u021bii no\u0219tri vor \u0219tii s\u0103 se descurce.<\/p>\n<p>O vor face, pentru c\u0103 vor fi mai europeni dec\u00eet noi iar \u021bara \u00een care vor tr\u0103i ei va fi mult mai bun\u0103 \u0219i mai puternic\u0103 dec\u00eet Rom\u00e2nia anului 2026. O garanteaz\u0103 tocmai condi\u021biile cu care vin banii aloca\u021bi sau \u00eemprumuta\u021bi de UE.<\/p>\n<p>C\u0103ci muntele de bani din al c\u0103rui pisc se vede viitoarea noastr\u0103 izb\u0103vire, e accesibil numai cu anumite condi\u021bii.<\/p>\n<p>Ele s\u00eent minu\u021bios puse \u00een scris \u0219i dau o bibliotec\u0103 tehnic\u0103-labirint, de ne\u00een\u021beles pentru cea mai mare parte a celor ce vor avea de pl\u0103tit mai t\u00eerziu.<\/p>\n<p>C\u00eeteva lucruri ar trebui s\u0103 fie, \u00eens\u0103, clare.<\/p>\n<p>Banii adu\u0219i de PNRR (28 de miliarde, din care jum\u0103tate s\u00eent \u00eemprumuturi) au condi\u021bii care echivalaz\u0103 cu un nou program de guvernare, aplicat unei \u021b\u0103ri care \u00ee\u0219i p\u0103streaz\u0103 numele dar trebuie s\u0103 \u00ee\u0219i schimbe: economia, justi\u021bia, agricultura, mediul natural, organizarea administrativ\u0103, sistemul de educa\u021bie, sistemul de salarizare, sistemul energetic. \u0218i restul. Nimic mai mult.<\/p>\n<p>Printre altele, \u00een ace\u0219ti bani, Rom\u00e2nia urmeaz\u0103 s\u0103 devin\u0103 un exemplu de biodiversitate \u0219i o izb\u00eend\u0103 a surselor alternative de energie. Un bantustan virgin \u00een care ur\u0219ii \u00ee\u0219i vor freca labele de satisfac\u021bie iar v\u00eenatul lor uman de frig.<\/p>\n<p>\u00cenf\u0103\u021bi\u0219area Rom\u00e2niei post-PNRR e mobil\u0103 \u0219i \u021bine de interpret\u0103ri. Nu va fi deloc greu ca prevederile care ne garanteaz\u0103 biodiversitata s\u0103 ne asigure \u0219i alte binefaceri: blocarea dezvolt\u0103rii urbane \u0219i industriale, sigilarea perpetu\u0103 a minelor, abolirea proiectelor de hidrocentrale \u2013 toate binevenite \u00een condi\u021biile tragediei energetice de care ne apropiem rapid pe culoarele Ucraina, Iran \u0219i eolian.<\/p>\n<p>Un rezumat decent spune c\u0103 Rom\u00e2nia va deveni altceva \u0219i rom\u00e2nii altcineva. PNRR, planul croit de tribul euro-func\u021bionarilor, poate fi citit altfel, f\u0103r\u0103 s\u0103-\u0219i piard\u0103 ini\u021bialele: Planul Na\u021bional de Re-Dresare \u0219i Re-Educare a Rom\u00e2niei.<\/p>\n<p>S\u0103 nu uit\u0103m banii din SAFE. Aici, lucruile s\u00eent ceva mai clare. Cu un \u00eenmprumut de numai 16 miliarde, Rom\u00e2nia va da un \u0219irag de lovituri fericite.<\/p>\n<p>\u00cen primul r\u00eend, va participa la un r\u0103zboi care n-o prive\u0219te pentru c\u0103 nu l-a dorit, preg\u0103tit sau \u00eencurajat. Alt beneficiu e c\u0103 vom plasa \u00a0comenzile din care se vor \u00eengr\u0103\u0219a industriile de armament german\u0103 \u0219i francez\u0103.<\/p>\n<p>Nici ideea dup\u0103 care vom dezvolta o armat\u0103 \u00een care nu se vor \u00eenrola nici paznicii de parc\u0103ri nu e de lep\u0103dat. Alt c\u00ee\u0219tig e protec\u021bia pe care ne-o va asigura alian\u021ba cu o Europ\u0103 ren\u0103scut\u0103 care \u0219i-a suprimat grani\u021bele \u0219i e v\u00eenturat\u0103 de hoarde de migran\u021bi, \u00een drum spre cazare mas\u0103 \u0219i asisten\u021b\u0103 social\u0103.<\/p>\n<p>Dar beneficiul suprem e o datorie pe care o vor pl\u0103ti fraierii de dup\u0103 noi. Pietroiul pe care \u00eel vom ag\u0103\u021ba de g\u00eetul fiec\u0103rui\u00a0 buget, vreme de 45 de ani.<\/p>\n<p>A\u0219a cum se poate \u00een\u021belege un pic mai bine acum, puterea mitologic\u0103 instalat\u0103 a Rom\u00e2niei nu e un fleac. Ea\u00a0 transform\u0103 \u00een binecuv\u00eentare o afacere cu totul \u0219i cu totul special\u0103. \u00cen esen\u021b\u0103: v\u0103 d\u0103m banii cu care v\u0103 \u00eendatora\u021bi p\u00een\u0103 peste cap. Mai mult: v\u0103 d\u0103m dreptul, obliga\u021bia \u0219i onoarea de a ne pl\u0103ti pentru propria voastr\u0103 stagnare.<\/p>\n<p>Evident nimic nu e gratis pe lume. Tocmai din acest motiv trebuie s\u0103 pricepem ce s\u00eent PNRR \u0219i SAFE, nu ce ne-am dori s\u0103 fie.<\/p>\n<p>\u00centreb\u0103rile de baz\u0103 nu s\u00eent niciodat\u0103 inutile. Ne redres\u0103m dar dup\u0103 ce? ne facem rezilien\u021bi dar \u00eempotriva cui sau a ce? \u0218i cu ce pre\u021b?<\/p>\n<p>\u00cen afara numelui, nu e nimic nou \u00een PNRR \u0219i SAFE. Istoria\u00a0 e plin\u0103 de asemenea raporturi ba chiar tinde sa fie egal\u0103 cu suma lor.<\/p>\n<p>Procesul prin care trecem e modernizat \u0219i rebotezat dar lucreaz\u0103 de c\u00eend lumea: dezechilibrele de putere s\u00eent reformulate \u00een reglement\u0103ri care dau, \u00eensumat, sistemul real de aliniere, administrare \u0219i utilizare al unei \u021b\u0103ri.<\/p>\n<p>Tot din practica istoric\u0103 \u0219tim c\u0103 asta se nume\u0219te mecanism extractiv \u0219i presupune c\u00eeteva dot\u0103ri-anex\u0103.<\/p>\n<p>Dotarea principal\u0103 e totemul unificator \u2013 zisa putere mitologic\u0103 instalat\u0103.<\/p>\n<p>\u00cei urmeaz\u0103 masa care asigur\u0103 distribu\u021bia mitologiei: enoria\u0219ii voluntari \u0219i involuntari (oamenii educa\u021bi, naivii, demagogii).<\/p>\n<p>Plus o clasa (interna) de rentieri, exceptat\u0103 de la datorii morale \u0219i fiscale: politicienii, justi\u021bia \u0219i bra\u021bul media.<\/p>\n<p>Plus habitatul ur\u0219ilor \u0219i euro-salaria\u021bii mafiei civice.<\/p>\n<div class=\"crp_related     crp-masonry\">\n<h2>\u00ceN CONTEXT<\/h2>\n<ul>\n<li><a href=\"https:\/\/r3media.ro\/e-pace-in-eurolic\/\" class=\"crp_link post-118932\"><span class=\"crp_title\">E pace \u00een Eurol\u00eec<\/span><\/a><\/li>\n<li><a href=\"https:\/\/r3media.ro\/schimbare-climatica\/\" class=\"crp_link post-113122\"><span class=\"crp_title\">Schimbare climatic\u0103<\/span><\/a><\/li>\n<li><a href=\"https:\/\/r3media.ro\/mai-multa-europa-cu-mai-putini-europeni\/\" class=\"crp_link post-113532\"><span class=\"crp_title\">Mai mult\u0103 Europ\u0103 cu mai pu\u021bini europeni!<\/span><\/a><\/li>\n<li><a href=\"https:\/\/r3media.ro\/despre-democratie-in-democratia-din-romania\/\" class=\"crp_link post-119091\"><span class=\"crp_title\">Despre democra\u021bie \u00een democra\u021bia din Rom\u00e2nia<\/span><\/a><\/li>\n<li><a href=\"https:\/\/r3media.ro\/dan-sucu-tun-bani-romani-vandut-suprapret-mobilier-scoli-pnrr-spaima-oameni-calin-georgescu\/\" class=\"crp_link post-112561\"><span class=\"crp_title\">Dan \u0218ucu a dat un tun din banii rom\u00e2nilor: Omul de afaceri a primit un contract prin PNRR \u0219i\u2026<\/span><\/a><\/li>\n<li><a href=\"https:\/\/r3media.ro\/deznationala-frantei-a-invins-franta\/\" class=\"crp_link post-119982\"><span class=\"crp_title\">Dezna\u021bionala Fran\u021bei a \u00eenvins Fran\u021ba \u00a0\u00a0<\/span><\/a><\/li>\n<li><a href=\"https:\/\/r3media.ro\/dictatura-forma-suprema-a-democratiei\/\" class=\"crp_link post-120462\"><span class=\"crp_title\">Dictatura \u2013 forma suprem\u0103 a democra\u021biei<\/span><\/a><\/li>\n<li><a href=\"https:\/\/r3media.ro\/exceptia-romaneasca-legenda-traian-ungureanu\/\" class=\"crp_link post-117799\"><span class=\"crp_title\">Excep\u021bia rom\u00e2neasc\u0103 e o legend\u0103<\/span><\/a><\/li>\n<\/ul>\n<\/div>\n<\/div>\n<\/div>\n<div class=\"td_block_wrap tdb_single_tags tdi_19 td-pb-border-top td_block_template_1\" data-td-block-uid=\"tdi_19\">\n<div class=\"tdb-block-inner td-fix-index\">\n<ul class=\"tdb-tags\">\n<li><span>SUBIECTE FIERBIN\u021aI<\/span><\/li>\n<li><a href=\"https:\/\/r3media.ro\/tag\/planul-national-de-redresare-si-rezilienta-pnrr\/\">Planul Na\u0163ional de Redresare \u015fi Rezilien\u0163\u0103 (PNRR)<\/a><\/li>\n<li><a href=\"https:\/\/r3media.ro\/tag\/safe\/\">SAFE<\/a><\/li>\n<li><a href=\"https:\/\/r3media.ro\/tag\/traian-ungureanu-tru\/\">traian ungureanu (TRU)<\/a><\/li>\n<\/ul>\n<\/div>\n<\/div>\n<div class=\"td_block_wrap td_block_9 tdi_20 td_with_ajax_pagination td-pb-border-top td_block_template_1 td-column-2 td_block_padding td_block_bot_line\" data-td-block-uid=\"tdi_20\">\n<div class=\"td-block-title-wrap\">\n<h4 class=\"block-title td-block-title\"><span class=\"td-pulldown-size\">CITE\u0218TE MAI MULT<\/span><\/h4>\n<\/div>\n<div id=\"tdi_20\" class=\"td_block_inner\">\n<div class=\"td-block-row\">\n<div class=\"td-block-span6\">\n<div class=\"td_module_8 td_module_wrap\">\n<div class=\"item-details\">\n<h3 class=\"entry-title td-module-title\"><a href=\"https:\/\/r3media.ro\/hyundai-recheama-service-masini-electrice-inster-risc-incendiu\/\" rel=\"bookmark\" title=\"Hyundai recheam\u0103 \u00een service zeci de mii de ma\u0219ini electrice din cauza riscului de incendiu\">Hyundai recheam\u0103 \u00een service zeci de mii de ma\u0219ini electrice din cauza riscului de&#8230;<\/a><\/h3>\n<div class=\"td-module-meta-info\"><a href=\"https:\/\/r3media.ro\/category\/featured\/\" class=\"td-post-category\">FEATURED<\/a><span class=\"td-post-author-name\"><a href=\"https:\/\/r3media.ro\/author\/oana\/\">Oana Ivan<\/a><span>&#8211;<\/span><\/span><span class=\"td-post-date\"><time class=\"entry-date updated td-module-date\" datetime=\"2026-08-02T08:34:05+03:00\">02\/08\/2026<\/time><\/span><\/div>\n<\/div>\n<\/div>\n<\/div>\n<div class=\"td-block-span6\">\n<div class=\"td_module_8 td_module_wrap\">\n<div class=\"item-details\">\n<h3 class=\"entry-title td-module-title\"><a href=\"https:\/\/r3media.ro\/expert-ucraina-faliment-agricultura-romaneasca-tehnologii-ue\/\" rel=\"bookmark\" title=\"Un expert explic\u0103 felul \u00een care concuren\u021ba din Ucraina bag\u0103 \u00een faliment agricultura rom\u00e2neasc\u0103: Folosesc tehnologii interzise \u00een UE\">Un expert explic\u0103 felul \u00een care concuren\u021ba din Ucraina bag\u0103 \u00een faliment agricultura rom\u00e2neasc\u0103:&#8230;<\/a><\/h3>\n<div class=\"td-module-meta-info\"><a href=\"https:\/\/r3media.ro\/category\/actualitate\/\" class=\"td-post-category\">ACTUALITATE<\/a><span class=\"td-post-author-name\"><a href=\"https:\/\/r3media.ro\/author\/radu_ursan\/\">Radu Ursan<\/a><span>&#8211;<\/span><\/span><span class=\"td-post-date\"><time class=\"entry-date updated td-module-date\" datetime=\"2026-07-30T09:51:48+03:00\">30\/07\/2026<\/time><\/span><\/div>\n<\/div>\n<\/div>\n<\/div>\n<\/div>\n<div class=\"td-block-row\">\n<div class=\"td-block-span6\">\n<div class=\"td_module_8 td_module_wrap\">\n<div class=\"item-details\">\n<h3 class=\"entry-title td-module-title\"><a href=\"https:\/\/r3media.ro\/masina-electrica-foc-turcia-incarcat-vehicul-explozie-pompieri-stingere-incendiu-video\/\" rel=\"bookmark\" title=\"VIDEO | O ma\u0219in\u0103 electric\u0103 a luat foc \u00een timp ce se afla la \u00eenc\u0103rcat. Vehiculul a explodat chiar c\u00e2nd pompierii \u00eencercau s\u0103 sting\u0103 incendiul folosind o p\u0103tur\u0103 ignifug\u0103\">VIDEO | O ma\u0219in\u0103 electric\u0103 a luat foc \u00een timp ce se afla la&#8230;<\/a><\/h3>\n<div class=\"td-module-meta-info\"><a href=\"https:\/\/r3media.ro\/category\/stiri-prim-plan\/\" class=\"td-post-category\">PRIM PLAN<\/a><span class=\"td-post-author-name\"><a href=\"https:\/\/r3media.ro\/author\/oana\/\">Oana Ivan<\/a><span>&#8211;<\/span><\/span><span class=\"td-post-date\"><time class=\"entry-date updated td-module-date\" datetime=\"2026-07-31T13:33:48+03:00\">31\/07\/2026<\/time><\/span><\/div>\n<\/div>\n<\/div>\n<\/div>\n<div class=\"td-block-span6\">\n<div class=\"td_module_8 td_module_wrap\">\n<div class=\"item-details\">\n<h3 class=\"entry-title td-module-title\"><a href=\"https:\/\/r3media.ro\/spania-asediu-migranti-exclava-ceuta-africa-madrid-trupe-securitate-video\/\" rel=\"bookmark\" title=\"VIDEO | Spania se afl\u0103 sub asediu: Mii de migran\u021bi au luat cu asalt exclava Ceuta din Africa. Madridul a trimis trupe pentru a consolida securitatea\">VIDEO | Spania se afl\u0103 sub asediu: Mii de migran\u021bi au luat cu asalt&#8230;<\/a><\/h3>\n<div class=\"td-module-meta-info\"><a href=\"https:\/\/r3media.ro\/category\/stiri-prim-plan\/\" class=\"td-post-category\">PRIM PLAN<\/a><span class=\"td-post-author-name\"><a href=\"https:\/\/r3media.ro\/author\/oana\/\">Oana Ivan<\/a><span>&#8211;<\/span><\/span><span class=\"td-post-date\"><time class=\"entry-date updated td-module-date\" datetime=\"2026-07-31T12:39:57+03:00\">31\/07\/2026<\/time><\/span><\/div>\n<\/div>\n<\/div>\n<\/div>\n<\/div>\n<div class=\"td-block-row\">\n<div class=\"td-block-span6\">\n<div class=\"td_module_8 td_module_wrap\">\n<div class=\"item-details\">\n<h3 class=\"entry-title td-module-title\"><a href=\"https:\/\/r3media.ro\/dragostea-care-transcende-epoci-descult-in-parc-1967\/\" rel=\"bookmark\" title=\"Dragostea care transcende epoci \u2014 Descul\u021b \u00een parc (1967)\">Dragostea care transcende epoci \u2014 Descul\u021b \u00een parc (1967)<\/a><\/h3>\n<div class=\"td-module-meta-info\"><a href=\"https:\/\/r3media.ro\/category\/featured\/\" class=\"td-post-category\">FEATURED<\/a><span class=\"td-post-author-name\"><a href=\"https:\/\/r3media.ro\/author\/costi_balasoiu\/\">Constantin B\u0103l\u0103\u0219oiu<\/a><span>&#8211;<\/span><\/span><span class=\"td-post-date\"><time class=\"entry-date updated td-module-date\" datetime=\"2026-08-01T13:45:14+03:00\">01\/08\/2026<\/time><\/span><\/div>\n<\/div>\n<\/div>\n<\/div>\n<div class=\"td-block-span6\">\n<div class=\"td_module_8 td_module_wrap\">\n<div class=\"item-details\">\n<h3 class=\"entry-title td-module-title\"><a href=\"https:\/\/r3media.ro\/cornel-nistorescu-drone-razboi-ucraina\/\" rel=\"bookmark\" title=\"Cornel Nistorescu, dup\u0103 incidentele cu drone: Adie a aer de r\u0103zboi. De mirare c\u0103 dronele ucrainene nu au st\u00e2rnit at\u00e2ta t\u0103r\u0103boi\">Cornel Nistorescu, dup\u0103 incidentele cu drone: Adie a aer de r\u0103zboi. De mirare c\u0103&#8230;<\/a><\/h3>\n<div class=\"td-module-meta-info\"><a href=\"https:\/\/r3media.ro\/category\/actualitate\/\" class=\"td-post-category\">ACTUALITATE<\/a><span class=\"td-post-author-name\"><a href=\"https:\/\/r3media.ro\/author\/radu_ursan\/\">Radu Ursan<\/a><span>&#8211;<\/span><\/span><span class=\"td-post-date\"><time class=\"entry-date updated td-module-date\" datetime=\"2026-07-28T10:21:51+03:00\">28\/07\/2026<\/time><\/span><\/div>\n<\/div>\n<\/div>\n<\/div>\n<\/div>\n<div class=\"td-block-row\">\n<div class=\"td-block-span6\">\n<div class=\"td_module_8 td_module_wrap\">\n<div class=\"item-details\">\n<h3 class=\"entry-title td-module-title\"><a href=\"https:\/\/r3media.ro\/bnr-recomanda-romani-rezerve-de-cash-atacuri-cibernetice-numerar-relevant-criza\/\" rel=\"bookmark\" title=\"BNR le recomand\u0103 rom\u00e2nilor s\u0103 p\u0103streze rezerve de cash: Numerarul se poate dovedi relevant \u00een criz\u0103\">BNR le recomand\u0103 rom\u00e2nilor s\u0103 p\u0103streze rezerve de cash: Numerarul se poate dovedi relevant&#8230;<\/a><\/h3>\n<div class=\"td-module-meta-info\"><a href=\"https:\/\/r3media.ro\/category\/actualitate\/\" class=\"td-post-category\">ACTUALITATE<\/a><span class=\"td-post-author-name\"><a href=\"https:\/\/r3media.ro\/author\/oana\/\">Oana Ivan<\/a><span>&#8211;<\/span><\/span><span class=\"td-post-date\"><time class=\"entry-date updated td-module-date\" datetime=\"2026-07-27T13:11:47+03:00\">27\/07\/2026<\/time><\/span><\/div>\n<\/div>\n<\/div>\n<\/div>\n<div class=\"td-block-span6\">\n<div class=\"td_module_8 td_module_wrap\">\n<div class=\"item-details\">\n<h3 class=\"entry-title td-module-title\"><a href=\"https:\/\/r3media.ro\/statul-roman-a-semnat-actul-propriei-disparitii\/\" rel=\"bookmark\" title=\"Statul rom\u00e2n a semnat actul propriei dispari\u021bii?\">Statul rom\u00e2n a semnat actul propriei dispari\u021bii?<\/a><\/h3>\n<div class=\"td-module-meta-info\"><a href=\"https:\/\/r3media.ro\/category\/opinii\/\" class=\"td-post-category\">OPINII<\/a><span class=\"td-post-author-name\"><a href=\"https:\/\/r3media.ro\/author\/gabipopa\/\">Gabriel Popa<\/a><span>&#8211;<\/span><\/span><span class=\"td-post-date\"><time class=\"entry-date updated td-module-date\" datetime=\"2026-07-27T15:07:05+03:00\">27\/07\/2026<\/time><\/span><\/div>\n<\/div>\n<\/div>\n<\/div>\n<\/div>\n<div class=\"td-block-row\">\n<div class=\"td-block-span6\">\n<div class=\"td_module_8 td_module_wrap\">\n<div class=\"item-details\">\n<h3 class=\"entry-title td-module-title\"><a href=\"https:\/\/r3media.ro\/prima-oara-istorie-presedintia-document-primplan-patriotism-european\/\" rel=\"bookmark\" title=\"Pentru prima oar\u0103 \u00een istorie, Pre\u0219edin\u021bia Rom\u00e2niei emite un document care pune pe primul plan o alt\u0103 entitate dec\u00e2t \u021bara noastr\u0103: patriotismul european\">Pentru prima oar\u0103 \u00een istorie, Pre\u0219edin\u021bia Rom\u00e2niei emite un document care pune pe primul&#8230;<\/a><\/h3>\n<div class=\"td-module-meta-info\"><a href=\"https:\/\/r3media.ro\/category\/actualitate\/\" class=\"td-post-category\">ACTUALITATE<\/a><span class=\"td-post-author-name\"><a href=\"https:\/\/r3media.ro\/author\/teodor_stan\/\">Teodor Stan<\/a><span>&#8211;<\/span><\/span><span class=\"td-post-date\"><time class=\"entry-date updated td-module-date\" datetime=\"2026-07-26T11:44:31+03:00\">26\/07\/2026<\/time><\/span><\/div>\n<\/div>\n<\/div>\n<\/div>\n<div class=\"td-block-span6\">\n<div class=\"td_module_8 td_module_wrap\">\n<div class=\"item-details\">\n<h3 class=\"entry-title td-module-title\"><a href=\"https:\/\/r3media.ro\/film-nou-stapanul-inelelor-corect-politic-regizor-andy-serkis-diversitate-tolkien-mitologie-nordica\/\" rel=\"bookmark\" title=\"Noul film \u201eSt\u0103p\u00e2nul Inelelor\u201d nu va fi corect politic. Regizorul Andy Serkis: J.R.R. Tolkien a fost influen\u021bat de mitologia nordic\u0103. Nu vrem o distribu\u021bie de dragul de a bifa c\u0103su\u021be\">Noul film \u201eSt\u0103p\u00e2nul Inelelor\u201d nu va fi corect politic. Regizorul Andy Serkis: J.R.R. Tolkien&#8230;<\/a><\/h3>\n<div class=\"td-module-meta-info\"><a href=\"https:\/\/r3media.ro\/category\/actualitate\/\" class=\"td-post-category\">ACTUALITATE<\/a><span class=\"td-post-author-name\"><a href=\"https:\/\/r3media.ro\/author\/oana\/\">Oana Ivan<\/a><span>&#8211;<\/span><\/span><span class=\"td-post-date\"><time class=\"entry-date updated td-module-date\" datetime=\"2026-07-26T15:49:31+03:00\">26\/07\/2026<\/time><\/span><\/div>\n<\/div>\n<\/div>\n<\/div>\n<\/div>\n<div class=\"td-block-row\">\n<div class=\"td-block-span6\">\n<div class=\"td_module_8 td_module_wrap\">\n<div class=\"item-details\">\n<h3 class=\"entry-title td-module-title\"><a href=\"https:\/\/r3media.ro\/dictatura-forma-suprema-a-democratiei\/\" rel=\"bookmark\" title=\"Dictatura \u2013 forma suprem\u0103 a democra\u021biei\">Dictatura \u2013 forma suprem\u0103 a democra\u021biei<\/a><\/h3>\n<div class=\"td-module-meta-info\"><a href=\"https:\/\/r3media.ro\/category\/opinii\/\" class=\"td-post-category\">OPINII<\/a><span class=\"td-post-author-name\"><a href=\"https:\/\/r3media.ro\/author\/tru\/\">TRU (Traian Ungureanu)<\/a><span>&#8211;<\/span><\/span><span class=\"td-post-date\"><time class=\"entry-date updated td-module-date\" datetime=\"2026-07-25T16:43:11+03:00\">25\/07\/2026<\/time><\/span><\/div>\n<\/div>\n<\/div>\n<\/div>\n<div class=\"td-block-span6\">\n<div class=\"td_module_8 td_module_wrap\">\n<div class=\"item-details\">\n<h3 class=\"entry-title td-module-title\"><a href=\"https:\/\/r3media.ro\/marea-britanie-apa-inteligenta-artificiala-romania-centru-ai-restrictii-consum-apa\/\" rel=\"bookmark\" title=\"Marea Britanie nu mai are suficient\u0103 ap\u0103 pentru Inteligen\u021ba Artificial\u0103, dar Rom\u00e2nia vrea s\u0103 g\u0103zduiasc\u0103 un centru AI care consum\u0103 c\u00e2t sute de mii de oameni \u0219i impune restric\u021bii la consumul de ap\u0103 al popula\u021biei\">Marea Britanie nu mai are suficient\u0103 ap\u0103 pentru Inteligen\u021ba Artificial\u0103, dar Rom\u00e2nia vrea s\u0103&#8230;<\/a><\/h3>\n<div class=\"td-module-meta-info\"><a href=\"https:\/\/r3media.ro\/category\/actualitate\/\" class=\"td-post-category\">ACTUALITATE<\/a><span class=\"td-post-author-name\"><a href=\"https:\/\/r3media.ro\/author\/radu_ursan\/\">Radu Ursan<\/a><span>&#8211;<\/span><\/span><span class=\"td-post-date\"><time class=\"entry-date updated td-module-date\" datetime=\"2026-07-23T11:44:13+03:00\">23\/07\/2026<\/time><\/span><\/div>\n<\/div>\n<\/div>\n<\/div>\n<\/div>\n<\/div>\n<div class=\"td-load-more-wrap td-load-more-infinite-wrap\" id=\"infinite-lm-tdi_20\"><a href=\"https:\/\/r3media.ro\/puterea-mitologica-instalata-a-romaniei\/\" class=\"td_ajax_load_more td_ajax_load_more_js\" aria-label=\"\u00cenc\u0103rca\u021bi mai multe\" id=\"next-page-tdi_20\" data-td_block_id=\"tdi_20\">\u00cenc\u0103rca\u021bi mai multe<\/a><\/div>\n<\/div>\n<div class=\"td_block_wrap tdb_single_comments tdi_21 tdb-comm-layout2 td-pb-border-top td_block_template_1\" data-td-block-uid=\"tdi_21\">\n<div class=\"tdb-block-inner td-fix-index\">\n<div class=\"comments\" id=\"comments\">\n<div id=\"respond\" class=\"comment-respond\">\n<h3 id=\"reply-title\" class=\"comment-reply-title\">AI CEVA DE SPUS? <small><a rel=\"nofollow\" id=\"cancel-comment-reply-link\" href=\"https:\/\/r3media.ro\/puterea-mitologica-instalata-a-romaniei\/#respond\">Renun\u021ba\u021bi la r\u0103spuns<\/a><\/small><\/h3>\n<div class=\"comment-form-input-wrap td-form-comment\">\n<div class=\"td-warning-comment\">V\u0103 rug\u0103m s\u0103 introduce\u021bi comentariul dvs.!<\/div>\n<\/div>\n<div class=\"comment-form-input-wrap td-form-author\">\n<div class=\"td-warning-author\">Introduce\u021bi aici numele dvs.<\/div>\n<\/div>\n<div class=\"comment-form-input-wrap td-form-email\">\n<div class=\"td-warning-email-error\">A\u021bi introdus o adres\u0103 de e-mail incorect\u0103!<\/div>\n<div class=\"td-warning-email\">V\u0103 rug\u0103m s\u0103 introduce\u021bi adresa dvs. de e-mail aici<\/div>\n<\/div>\n<\/div>\n<\/div>\n<\/div>\n<\/div>\n<\/div>\n<\/div>\n<div class=\"vc_column tdi_23  wpb_column vc_column_container tdc-column td-pb-span4 td-is-sticky\">\n<div class=\"wpb_wrapper\" data-sticky-enabled-on=\"W3RydWUsdHJ1ZSx0cnVlLHRydWVd\" data-sticky-offset=\"20\" data-sticky-is-width-auto=\"W2ZhbHNlLGZhbHNlLGZhbHNlLGZhbHNlXQ==\">\n<div class=\"wpb_wrapper td_block_wrap vc_widget_sidebar tdi_25 \">\n<div class=\"td_block_wrap td_block_7 td_block_widget tdi_26 td-pb-border-top td_block_template_1 td-column-1 td_block_padding\" data-td-block-uid=\"tdi_26\">\n<div class=\"td-block-title-wrap\">\n<h4 class=\"block-title td-block-title\"><span class=\"td-pulldown-size\">Articole RELA\u021aIONATE<\/span><\/h4>\n<\/div>\n<div id=\"tdi_26\" class=\"td_block_inner\">\n<div class=\"td-block-span12\">\n<div class=\"td_module_6 td_module_wrap td-animation-stack\">\n<div class=\"td-module-thumb\"><a href=\"https:\/\/r3media.ro\/reducere-10-supermarket-stat-new-york-discount-clienti-case-self-service\/\" rel=\"bookmark\" class=\"td-image-wrap \" title=\"Reducere de 10% la supermarket: Statul New York ar putea oferi un discount clien\u021bilor care aleg casele self-service\"><img loading=\"lazy\" decoding=\"async\" class=\"entry-thumb\" src=\"https:\/\/r3media.ro\/wp-content\/uploads\/2026\/08\/supermarket-100x70.jpg\" alt title=\"Reducere de 10% la supermarket: Statul New York ar putea oferi un discount clien\u021bilor care aleg casele self-service\" width=\"100\" height=\"70\"><\/a><\/div>\n<div class=\"item-details\">\n<h3 class=\"entry-title td-module-title\"><a href=\"https:\/\/r3media.ro\/reducere-10-supermarket-stat-new-york-discount-clienti-case-self-service\/\" rel=\"bookmark\" title=\"Reducere de 10% la supermarket: Statul New York ar putea oferi un discount clien\u021bilor care aleg casele self-service\">Reducere de 10% la supermarket: Statul New York ar putea oferi&#8230;<\/a><\/h3>\n<div class=\"td-module-meta-info\"><span class=\"td-post-date\"><time class=\"entry-date updated td-module-date\" datetime=\"2026-08-02T15:32:06+03:00\">02\/08\/2026<\/time><\/span><\/div>\n<\/div>\n<\/div>\n<\/div>\n<div class=\"td-block-span12\">\n<div class=\"td_module_6 td_module_wrap td-animation-stack\">\n<div class=\"td-module-thumb\"><a href=\"https:\/\/r3media.ro\/hyundai-recheama-service-masini-electrice-inster-risc-incendiu\/\" rel=\"bookmark\" class=\"td-image-wrap \" title=\"Hyundai recheam\u0103 \u00een service zeci de mii de ma\u0219ini electrice din cauza riscului de incendiu\"><img loading=\"lazy\" decoding=\"async\" class=\"entry-thumb\" src=\"https:\/\/r3media.ro\/wp-content\/uploads\/2026\/08\/masina-hyundai-100x70.jpg\" alt title=\"Hyundai recheam\u0103 \u00een service zeci de mii de ma\u0219ini electrice din cauza riscului de incendiu\" width=\"100\" height=\"70\"><\/a><\/div>\n<div class=\"item-details\">\n<h3 class=\"entry-title td-module-title\"><a href=\"https:\/\/r3media.ro\/hyundai-recheama-service-masini-electrice-inster-risc-incendiu\/\" rel=\"bookmark\" title=\"Hyundai recheam\u0103 \u00een service zeci de mii de ma\u0219ini electrice din cauza riscului de incendiu\">Hyundai recheam\u0103 \u00een service zeci de mii de ma\u0219ini electrice din&#8230;<\/a><\/h3>\n<div class=\"td-module-meta-info\"><span class=\"td-post-date\"><time class=\"entry-date updated td-module-date\" datetime=\"2026-08-02T08:34:05+03:00\">02\/08\/2026<\/time><\/span><\/div>\n<\/div>\n<\/div>\n<\/div>\n<div class=\"td-block-span12\">\n<div class=\"td_module_6 td_module_wrap td-animation-stack\">\n<div class=\"td-module-thumb\"><a href=\"https:\/\/r3media.ro\/romania-importa-energie-ucraina-ilie-bolojan-stare-de-alerta\/\" rel=\"bookmark\" class=\"td-image-wrap \" title=\"Rom\u00e2nia a ajuns s\u0103 importe energie de la Ucraina, stat aflat \u00een r\u0103zboi. Ilie Bolojan a declarat stare de alert\u0103 la nivel na\u021bional\"><img loading=\"lazy\" decoding=\"async\" class=\"entry-thumb\" src=\"https:\/\/r3media.ro\/wp-content\/uploads\/2024\/11\/Ilie-Bolojan-100x70.avif\" alt title=\"Rom\u00e2nia a ajuns s\u0103 importe energie de la Ucraina, stat aflat \u00een r\u0103zboi. Ilie Bolojan a declarat stare de alert\u0103 la nivel na\u021bional\" width=\"100\" height=\"70\"><\/a><\/div>\n<div class=\"item-details\">\n<h3 class=\"entry-title td-module-title\"><a href=\"https:\/\/r3media.ro\/romania-importa-energie-ucraina-ilie-bolojan-stare-de-alerta\/\" rel=\"bookmark\" title=\"Rom\u00e2nia a ajuns s\u0103 importe energie de la Ucraina, stat aflat \u00een r\u0103zboi. Ilie Bolojan a declarat stare de alert\u0103 la nivel na\u021bional\">Rom\u00e2nia a ajuns s\u0103 importe energie de la Ucraina, stat aflat&#8230;<\/a><\/h3>\n<div class=\"td-module-meta-info\"><span class=\"td-post-date\"><time class=\"entry-date updated td-module-date\" datetime=\"2026-08-01T21:30:03+03:00\">01\/08\/2026<\/time><\/span><\/div>\n<\/div>\n<\/div>\n<\/div>\n<div class=\"td-block-span12\">\n<div class=\"td_module_6 td_module_wrap td-animation-stack\">\n<div class=\"td-module-thumb\"><a href=\"https:\/\/r3media.ro\/stapanul-inelelor-ecrane-fani-faurire-inel-unic-sauron\/\" rel=\"bookmark\" class=\"td-image-wrap \" title=\"St\u0103p\u00e2nul Inelelor se \u00eentoarce pe ecrane: Fanii pot vedea cum a fost f\u0103urit Inelul Unic de c\u0103tre Sauron\"><img loading=\"lazy\" decoding=\"async\" class=\"entry-thumb\" src=\"https:\/\/r3media.ro\/wp-content\/uploads\/2026\/08\/stapanul-inelelor-100x70.jpg\" alt title=\"St\u0103p\u00e2nul Inelelor se \u00eentoarce pe ecrane: Fanii pot vedea cum a fost f\u0103urit Inelul Unic de c\u0103tre Sauron\" width=\"100\" height=\"70\"><\/a><\/div>\n<div class=\"item-details\">\n<h3 class=\"entry-title td-module-title\"><a href=\"https:\/\/r3media.ro\/stapanul-inelelor-ecrane-fani-faurire-inel-unic-sauron\/\" rel=\"bookmark\" title=\"St\u0103p\u00e2nul Inelelor se \u00eentoarce pe ecrane: Fanii pot vedea cum a fost f\u0103urit Inelul Unic de c\u0103tre Sauron\">St\u0103p\u00e2nul Inelelor se \u00eentoarce pe ecrane: Fanii pot vedea cum a&#8230;<\/a><\/h3>\n<div class=\"td-module-meta-info\"><span class=\"td-post-date\"><time class=\"entry-date updated td-module-date\" datetime=\"2026-08-01T14:05:57+03:00\">01\/08\/2026<\/time><\/span><\/div>\n<\/div>\n<\/div>\n<\/div>\n<div class=\"td-block-span12\">\n<div class=\"td_module_6 td_module_wrap td-animation-stack\">\n<div class=\"td-module-thumb\"><a href=\"https:\/\/r3media.ro\/dragostea-care-transcende-epoci-descult-in-parc-1967\/\" rel=\"bookmark\" class=\"td-image-wrap \" title=\"Dragostea care transcende epoci \u2014 Descul\u021b \u00een parc (1967)\"><img loading=\"lazy\" decoding=\"async\" class=\"entry-thumb\" src=\"https:\/\/r3media.ro\/wp-content\/uploads\/2026\/08\/descult-in-parc-1967-100x70.webp\" alt title=\"Dragostea care transcende epoci \u2014 Descul\u021b \u00een parc (1967)\" width=\"100\" height=\"70\"><\/a><\/div>\n<div class=\"item-details\">\n<h3 class=\"entry-title td-module-title\"><a href=\"https:\/\/r3media.ro\/dragostea-care-transcende-epoci-descult-in-parc-1967\/\" rel=\"bookmark\" title=\"Dragostea care transcende epoci \u2014 Descul\u021b \u00een parc (1967)\">Dragostea care transcende epoci \u2014 Descul\u021b \u00een parc (1967)<\/a><\/h3>\n<div class=\"td-module-meta-info\"><span class=\"td-post-date\"><time class=\"entry-date updated td-module-date\" datetime=\"2026-08-01T13:45:14+03:00\">01\/08\/2026<\/time><\/span><\/div>\n<\/div>\n<\/div>\n<\/div>\n<div class=\"td-block-span12\">\n<div class=\"td_module_6 td_module_wrap td-animation-stack\">\n<div class=\"td-module-thumb\"><a href=\"https:\/\/r3media.ro\/spaniolii-critica-premier-pedro-sanchez-tara-iad-lumea-a-treia-migranti\/\" rel=\"bookmark\" class=\"td-image-wrap \" title=\"Spaniolii \u00eel critic\u0103 pe premierul Pedro Sanchez pentru c\u0103 a transformat \u021bara \u00eentr-un iad \u201ede lumea a treia\u201d inundat de migran\u021bi\"><img loading=\"lazy\" decoding=\"async\" class=\"entry-thumb\" src=\"https:\/\/r3media.ro\/wp-content\/uploads\/2023\/07\/pedro-sanchez-e1690449856110-100x70.jpg\" alt title=\"Spaniolii \u00eel critic\u0103 pe premierul Pedro Sanchez pentru c\u0103 a transformat \u021bara \u00eentr-un iad \u201ede lumea a treia\u201d inundat de migran\u021bi\" width=\"100\" height=\"70\"><\/a><\/div>\n<div class=\"item-details\">\n<h3 class=\"entry-title td-module-title\"><a href=\"https:\/\/r3media.ro\/spaniolii-critica-premier-pedro-sanchez-tara-iad-lumea-a-treia-migranti\/\" rel=\"bookmark\" title=\"Spaniolii \u00eel critic\u0103 pe premierul Pedro Sanchez pentru c\u0103 a transformat \u021bara \u00eentr-un iad \u201ede lumea a treia\u201d inundat de migran\u021bi\">Spaniolii \u00eel critic\u0103 pe premierul Pedro Sanchez pentru c\u0103 a transformat&#8230;<\/a><\/h3>\n<div class=\"td-module-meta-info\"><span class=\"td-post-date\"><time class=\"entry-date updated td-module-date\" datetime=\"2026-08-01T13:32:41+03:00\">01\/08\/2026<\/time><\/span><\/div>\n<\/div>\n<\/div>\n<\/div>\n<div class=\"td-block-span12\">\n<div class=\"td_module_6 td_module_wrap td-animation-stack\">\n<div class=\"td-module-thumb\"><a href=\"https:\/\/r3media.ro\/antifa-instiga-violenta-manifestatie-pasnica-remigratie-olanda\/\" rel=\"bookmark\" class=\"td-image-wrap \" title=\"Antifa \u0219i grupurile anarhiste instig\u0103 la violen\u021b\u0103 la o manifesta\u021bie pa\u0219nic\u0103 pentru remigra\u021bie organizat\u0103 \u00een Olanda\"><img loading=\"lazy\" decoding=\"async\" class=\"entry-thumb\" src=\"https:\/\/r3media.ro\/wp-content\/uploads\/2026\/08\/steaguri-antifa-protest-germania-100x70.jpg\" alt title=\"Antifa \u0219i grupurile anarhiste instig\u0103 la violen\u021b\u0103 la o manifesta\u021bie pa\u0219nic\u0103 pentru remigra\u021bie organizat\u0103 \u00een Olanda\" width=\"100\" height=\"70\"><\/a><\/div>\n<div class=\"item-details\">\n<h3 class=\"entry-title td-module-title\"><a href=\"https:\/\/r3media.ro\/antifa-instiga-violenta-manifestatie-pasnica-remigratie-olanda\/\" rel=\"bookmark\" title=\"Antifa \u0219i grupurile anarhiste instig\u0103 la violen\u021b\u0103 la o manifesta\u021bie pa\u0219nic\u0103 pentru remigra\u021bie organizat\u0103 \u00een Olanda\">Antifa \u0219i grupurile anarhiste instig\u0103 la violen\u021b\u0103 la o manifesta\u021bie pa\u0219nic\u0103&#8230;<\/a><\/h3>\n<div class=\"td-module-meta-info\"><span class=\"td-post-date\"><time class=\"entry-date updated td-module-date\" datetime=\"2026-08-01T12:42:01+03:00\">01\/08\/2026<\/time><\/span><\/div>\n<\/div>\n<\/div>\n<\/div>\n<\/div>\n<\/div>\n<aside class=\"td_block_template_1 widget widget_recent_comments\">\n<h4 class=\"block-title\"><span>INTR\u0102 \u00ceN DISCU\u021aIE!<\/span><\/h4>\n<ul id=\"recentcomments\">\n<li class=\"recentcomments\"><span class=\"comment-author-link\">Eu pot, dar voi ?<\/span> la <a href=\"https:\/\/r3media.ro\/europarlamentarul-gheorghe-piperea-psd-pnl-usr-udmr-sunt-de-fapt-pro-ucraineni-noi-preferam-sa-fim-pro-romani\/#comment-40340\">Europarlamentarul Gheorghe Piperea: PSD-PNL-USR-UDMR sunt de fapt, pro-ucraineni. Noi prefer\u0103m s\u0103 fim pro-rom\u00e2ni<\/a><\/li>\n<li class=\"recentcomments\"><span class=\"comment-author-link\">Eu pot, dar voi ?<\/span> la <a href=\"https:\/\/r3media.ro\/steinhardt-caragiale-si-sufletul-romanesc\/#comment-40339\">Steinhardt, Caragiale \u015fi sufletul rom\u00e2nesc<\/a><\/li>\n<li class=\"recentcomments\"><span class=\"comment-author-link\">E.T.<\/span> la <a href=\"https:\/\/r3media.ro\/statul-roman-a-semnat-actul-propriei-disparitii\/#comment-40338\">Statul rom\u00e2n a semnat actul propriei dispari\u021bii?<\/a><\/li>\n<li class=\"recentcomments\"><span class=\"comment-author-link\">E.T.<\/span> la <a href=\"https:\/\/r3media.ro\/dragostea-care-transcende-epoci-descult-in-parc-1967\/#comment-40337\">Dragostea care transcende epoci \u2014 Descul\u021b \u00een parc (1967)<\/a><\/li>\n<li class=\"recentcomments\"><span class=\"comment-author-link\">E.T.<\/span> la <a href=\"https:\/\/r3media.ro\/spania-asediu-migranti-exclava-ceuta-africa-madrid-trupe-securitate-video\/#comment-40336\">VIDEO | Spania se afl\u0103 sub asediu: Mii de migran\u021bi au luat cu asalt exclava Ceuta din Africa. Madridul a trimis trupe pentru a consolida securitatea<\/a><\/li>\n<li class=\"recentcomments\"><span class=\"comment-author-link\">Nicu<\/span> la <a href=\"https:\/\/r3media.ro\/antifa-instiga-violenta-manifestatie-pasnica-remigratie-olanda\/#comment-40335\">Antifa \u0219i grupurile anarhiste instig\u0103 la violen\u021b\u0103 la o manifesta\u021bie pa\u0219nic\u0103 pentru remigra\u021bie organizat\u0103 \u00een Olanda<\/a><\/li>\n<li class=\"recentcomments\"><span class=\"comment-author-link\">Nicu<\/span> la <a href=\"https:\/\/r3media.ro\/iasi-stinge-lumina-oras-iluminat-public-noaptea-economie-curent-electric\/#comment-40333\">Ia\u0219iul stinge lumina: Ora\u0219ul r\u0103m\u00e2ne f\u0103r\u0103 iluminat public \u00een timpul nop\u021bii pentru a face economie la curent electric<\/a><\/li>\n<\/ul>\n<\/aside>\n<aside class=\"td_block_template_1 widget widget_search\">\n<h4 class=\"block-title\"><span>CAUT\u0102 \u0218I VEI G\u0102SI<\/span><\/h4>\n<\/aside>\n<\/div>\n<\/div>\n<\/div>\n<\/div>\n<\/div>\n<\/div>\n<\/div>\n<p><span class=\"td-page-meta\"><\/span><span class=\"td-page-meta\"><span class=\"td-page-meta\"><\/span><\/span><span class=\"td-page-meta\"><\/span><\/article>\n<\/p>\n<div class=\"td_block_wrap tdb_single_content tdi_18 td-pb-border-top td_block_template_1 td-post-content tagdiv-type\" data-td-block-uid=\"tdi_18\">\n<div class=\"tdb-block-inner td-fix-index\">\n<p><strong>Dintotdeauna, na\u021biunile aflate la str\u00eemtoare tr\u0103iesc pasionat \u0219i \u00eencolonat o dorin\u021b\u0103 de bine pe care propaganda se ca\u021b\u0103r\u0103 cu pl\u0103cere. E vorba de ceva ce s-ar putea numi \u201eputere mitologic\u0103 instalat\u0103\u201d. Bine strunit\u0103, aceast\u0103 halucina\u021bie colectiv\u0103 bate orice rival ra\u021bional \u0219i d\u0103 na\u021biei curajul s\u0103 se desprind\u0103 de propria judecat\u0103, pentru a se l\u0103sa \u00een bra\u021bele binef\u0103c\u0103torului.<\/strong><\/p>\n<p>Putere mitologic\u0103 instalat\u0103 \u00eenseamn\u0103, ast\u0103zi, PNRR \u0219i <a href=\"https:\/\/r3media.ro\/tag\/safe\/\" target=\"_blank\" rel=\"noopener\">SAFE<\/a> \u2013 cele dou\u0103 totemuri care acoper\u0103 orizontul \u0219i \u00eenlocuiesc orice idee, discu\u021bie, calcul \u0219i tr\u0103ire \u00een Rom\u00e2nia.<\/p>\n<p>Singurele observa\u021bii admise \u00een preajma acestor totemuri siameze s\u00eent strig\u0103tele obligatorii care \u00eengroa\u0219\u0103\u00a0 vacarmul mistic: s\u0103 nu rat\u0103m banii! viitorul e \u00een joc! nimeni n-are dreptul s\u0103 pun\u0103 \u00een pericol prosperitatea \u0219i progresul \u021b\u0103rii!<\/p>\n<p>Spre surpriza general\u0103, PNRR \u0219i SAFE au, totu\u0219i, un \u00een\u021beles \u0219i un con\u021binut perfect discutabile.<\/p>\n<p>Mai \u00eent\u00eei, cine le-a instalat? Numele instalatorului e UE. PNRR \u0219i SAFE s\u00eent dou\u0103 programe europene uria\u0219e, acceptate de guvernul Rom\u00e2niei. Da, e vorba de bani \u0219i anume de aproximativ 45 de miliarde de euro. Furnizorul e UE, beneficiarul e Rom\u00e2nia.<\/p>\n<p>Impresia general\u0103 spune c\u0103 s\u00eentem \u00een situa\u021bia rarisim\u0103 \u00een care cineva insist\u0103 cu tot dinadinsul s\u0103 ne dea bani.Tot ce avem de f\u0103cut e s\u0103 nu-i d\u0103m peste m\u00een\u0103. Asta \u00eenseamn\u0103 s\u0103 fim buni, drep\u021bi \u0219i corec\u021bi, politico\u0219i, genero\u0219i, \u00eencrez\u0103tori \u0219i civiliza\u021bi. Adic\u0103: \u0219i mai europeni.<\/p>\n<p>Cine merge mai departe \u0219i are impolite\u021bea s\u0103 cerceteze detaliile, va da peste adev\u0103rul real din spatele adev\u0103rului moral.<\/p>\n<p>Suma total\u0103 (45 de miliarde) se \u00eemparte \u00een bani \u201ed\u0103rui\u021bi\u201d \u0219i bani primi\u021bi \u00eemprumut. Bani pe care \u00eei primim: 15 miliarde. Banii pe care \u00eei lu\u0103m \u00eemprumut: 30 de miliarde.<\/p>\n<p>Jum\u0103tate din datorie (16 miliarde) urmeaz\u0103 s\u0103 fi pl\u0103tit\u0103 \u00een urm\u0103torii 45 de ani, cu \u00eencepere din 2035. \u00centr-un fel, nu mai e treaba noastr\u0103. Copiii \u0219i nepo\u021bii no\u0219tri vor \u0219tii s\u0103 se descurce.<\/p>\n<p>O vor face, pentru c\u0103 vor fi mai europeni dec\u00eet noi iar \u021bara \u00een care vor tr\u0103i ei va fi mult mai bun\u0103 \u0219i mai puternic\u0103 dec\u00eet Rom\u00e2nia anului 2026. O garanteaz\u0103 tocmai condi\u021biile cu care vin banii aloca\u021bi sau \u00eemprumuta\u021bi de UE.<\/p>\n<p>C\u0103ci muntele de bani din al c\u0103rui pisc se vede viitoarea noastr\u0103 izb\u0103vire, e accesibil numai cu anumite condi\u021bii.<\/p>\n<p>Ele s\u00eent minu\u021bios puse \u00een scris \u0219i dau o bibliotec\u0103 tehnic\u0103-labirint, de ne\u00een\u021beles pentru cea mai mare parte a celor ce vor avea de pl\u0103tit mai t\u00eerziu.<\/p>\n<p>C\u00eeteva lucruri ar trebui s\u0103 fie, \u00eens\u0103, clare.<\/p>\n<p>Banii adu\u0219i de PNRR (28 de miliarde, din care jum\u0103tate s\u00eent \u00eemprumuturi) au condi\u021bii care echivalaz\u0103 cu un nou program de guvernare, aplicat unei \u021b\u0103ri care \u00ee\u0219i p\u0103streaz\u0103 numele dar trebuie s\u0103 \u00ee\u0219i schimbe: economia, justi\u021bia, agricultura, mediul natural, organizarea administrativ\u0103, sistemul de educa\u021bie, sistemul de salarizare, sistemul energetic. \u0218i restul. Nimic mai mult.<\/p>\n<p>Printre altele, \u00een ace\u0219ti bani, Rom\u00e2nia urmeaz\u0103 s\u0103 devin\u0103 un exemplu de biodiversitate \u0219i o izb\u00eend\u0103 a surselor alternative de energie. Un bantustan virgin \u00een care ur\u0219ii \u00ee\u0219i vor freca labele de satisfac\u021bie iar v\u00eenatul lor uman de frig.<\/p>\n<p>\u00cenf\u0103\u021bi\u0219area Rom\u00e2niei post-PNRR e mobil\u0103 \u0219i \u021bine de interpret\u0103ri. Nu va fi deloc greu ca prevederile care ne garanteaz\u0103 biodiversitata s\u0103 ne asigure \u0219i alte binefaceri: blocarea dezvolt\u0103rii urbane \u0219i industriale, sigilarea perpetu\u0103 a minelor, abolirea proiectelor de hidrocentrale \u2013 toate binevenite \u00een condi\u021biile tragediei energetice de care ne apropiem rapid pe culoarele Ucraina, Iran \u0219i eolian.<\/p>\n<p>Un rezumat decent spune c\u0103 Rom\u00e2nia va deveni altceva \u0219i rom\u00e2nii altcineva. PNRR, planul croit de tribul euro-func\u021bionarilor, poate fi citit altfel, f\u0103r\u0103 s\u0103-\u0219i piard\u0103 ini\u021bialele: Planul Na\u021bional de Re-Dresare \u0219i Re-Educare a Rom\u00e2niei.<\/p>\n<p>S\u0103 nu uit\u0103m banii din SAFE. Aici, lucruile s\u00eent ceva mai clare. Cu un \u00eenmprumut de numai 16 miliarde, Rom\u00e2nia va da un \u0219irag de lovituri fericite.<\/p>\n<p>\u00cen primul r\u00eend, va participa la un r\u0103zboi care n-o prive\u0219te pentru c\u0103 nu l-a dorit, preg\u0103tit sau \u00eencurajat. Alt beneficiu e c\u0103 vom plasa \u00a0comenzile din care se vor \u00eengr\u0103\u0219a industriile de armament german\u0103 \u0219i francez\u0103.<\/p>\n<p>Nici ideea dup\u0103 care vom dezvolta o armat\u0103 \u00een care nu se vor \u00eenrola nici paznicii de parc\u0103ri nu e de lep\u0103dat. Alt c\u00ee\u0219tig e protec\u021bia pe care ne-o va asigura alian\u021ba cu o Europ\u0103 ren\u0103scut\u0103 care \u0219i-a suprimat grani\u021bele \u0219i e v\u00eenturat\u0103 de hoarde de migran\u021bi, \u00een drum spre cazare mas\u0103 \u0219i asisten\u021b\u0103 social\u0103.<\/p>\n<p>Dar beneficiul suprem e o datorie pe care o vor pl\u0103ti fraierii de dup\u0103 noi. Pietroiul pe care \u00eel vom ag\u0103\u021ba de g\u00eetul fiec\u0103rui\u00a0 buget, vreme de 45 de ani.<\/p>\n<p>A\u0219a cum se poate \u00een\u021belege un pic mai bine acum, puterea mitologic\u0103 instalat\u0103 a Rom\u00e2niei nu e un fleac. Ea\u00a0 transform\u0103 \u00een binecuv\u00eentare o afacere cu totul \u0219i cu totul special\u0103. \u00cen esen\u021b\u0103: v\u0103 d\u0103m banii cu care v\u0103 \u00eendatora\u021bi p\u00een\u0103 peste cap. Mai mult: v\u0103 d\u0103m dreptul, obliga\u021bia \u0219i onoarea de a ne pl\u0103ti pentru propria voastr\u0103 stagnare.<\/p>\n<p>Evident nimic nu e gratis pe lume. Tocmai din acest motiv trebuie s\u0103 pricepem ce s\u00eent PNRR \u0219i SAFE, nu ce ne-am dori s\u0103 fie.<\/p>\n<p>\u00centreb\u0103rile de baz\u0103 nu s\u00eent niciodat\u0103 inutile. Ne redres\u0103m dar dup\u0103 ce? ne facem rezilien\u021bi dar \u00eempotriva cui sau a ce? \u0218i cu ce pre\u021b?<\/p>\n<p>\u00cen afara numelui, nu e nimic nou \u00een PNRR \u0219i SAFE. Istoria\u00a0 e plin\u0103 de asemenea raporturi ba chiar tinde sa fie egal\u0103 cu suma lor.<\/p>\n<p>Procesul prin care trecem e modernizat \u0219i rebotezat dar lucreaz\u0103 de c\u00eend lumea: dezechilibrele de putere s\u00eent reformulate \u00een reglement\u0103ri care dau, \u00eensumat, sistemul real de aliniere, administrare \u0219i utilizare al unei \u021b\u0103ri.<\/p>\n<p>Tot din practica istoric\u0103 \u0219tim c\u0103 asta se nume\u0219te mecanism extractiv \u0219i presupune c\u00eeteva dot\u0103ri-anex\u0103.<\/p>\n<p>Dotarea principal\u0103 e totemul unificator \u2013 zisa putere mitologic\u0103 instalat\u0103.<\/p>\n<p>\u00cei urmeaz\u0103 masa care asigur\u0103 distribu\u021bia mitologiei: enoria\u0219ii voluntari \u0219i involuntari (oamenii educa\u021bi, naivii, demagogii).<\/p>\n<p>Plus o clasa (interna) de rentieri, exceptat\u0103 de la datorii morale \u0219i fiscale: politicienii, justi\u021bia \u0219i bra\u021bul media.<\/p>\n<p>Plus habitatul ur\u0219ilor \u0219i euro-salaria\u021bii mafiei civice.<\/p>\n<div class=\"crp_related     crp-masonry\">\n<h2>\u00ceN CONTEXT<\/h2>\n<ul>\n<li><a href=\"https:\/\/r3media.ro\/e-pace-in-eurolic\/\" class=\"crp_link post-118932\"><span class=\"crp_title\">E pace \u00een Eurol\u00eec<\/span><\/a><\/li>\n<li><a href=\"https:\/\/r3media.ro\/schimbare-climatica\/\" class=\"crp_link post-113122\"><span class=\"crp_title\">Schimbare climatic\u0103<\/span><\/a><\/li>\n<li><a href=\"https:\/\/r3media.ro\/mai-multa-europa-cu-mai-putini-europeni\/\" class=\"crp_link post-113532\"><span class=\"crp_title\">Mai mult\u0103 Europ\u0103 cu mai pu\u021bini europeni!<\/span><\/a><\/li>\n<li><a href=\"https:\/\/r3media.ro\/despre-democratie-in-democratia-din-romania\/\" class=\"crp_link post-119091\"><span class=\"crp_title\">Despre democra\u021bie \u00een democra\u021bia din Rom\u00e2nia<\/span><\/a><\/li>\n<li><a href=\"https:\/\/r3media.ro\/dan-sucu-tun-bani-romani-vandut-suprapret-mobilier-scoli-pnrr-spaima-oameni-calin-georgescu\/\" class=\"crp_link post-112561\"><span class=\"crp_title\">Dan \u0218ucu a dat un tun din banii rom\u00e2nilor: Omul de afaceri a primit un contract prin PNRR \u0219i\u2026<\/span><\/a><\/li>\n<li><a href=\"https:\/\/r3media.ro\/deznationala-frantei-a-invins-franta\/\" class=\"crp_link post-119982\"><span class=\"crp_title\">Dezna\u021bionala Fran\u021bei a \u00eenvins Fran\u021ba \u00a0\u00a0<\/span><\/a><\/li>\n<li><a href=\"https:\/\/r3media.ro\/dictatura-forma-suprema-a-democratiei\/\" class=\"crp_link post-120462\"><span class=\"crp_title\">Dictatura \u2013 forma suprem\u0103 a democra\u021biei<\/span><\/a><\/li>\n<li><a href=\"https:\/\/r3media.ro\/exceptia-romaneasca-legenda-traian-ungureanu\/\" class=\"crp_link post-117799\"><span class=\"crp_title\">Excep\u021bia rom\u00e2neasc\u0103 e o legend\u0103<\/span><\/a><\/li>\n<\/ul>\n<\/div>\n<\/div>\n<\/div>\n<p>[analyse_source url=&#8221;https:\/\/r3media.ro\/puterea-mitologica-instalata-a-romaniei\/&#8221;]<\/p>\n","protected":false},"excerpt":{"rendered":"<p>[analyse_image type=&#8221;featured&#8221; src=&#8221;https:\/\/r3media.ro\/wp-content\/uploads\/2025\/02\/pnrr.jpghttps:\/\/r3media.ro\/wp-content\/uploads\/2025\/02\/pnrr.jpg&#8221;] FEATUREDPuterea mitologic\u0103 instalat\u0103 a Rom\u00e2niei FEATUREDOPINII\u0218TIRI Puterea mitologic\u0103 instalat\u0103 a Rom\u00e2niei TRU (Traian Ungureanu) 02\/08\/2026 Dintotdeauna, na\u021biunile aflate la str\u00eemtoare tr\u0103iesc pasionat \u0219i \u00eencolonat o dorin\u021b\u0103 de bine pe care propaganda se ca\u021b\u0103r\u0103 cu pl\u0103cere. E vorba de ceva ce s-ar putea numi \u201eputere mitologic\u0103 instalat\u0103\u201d. Bine strunit\u0103, aceast\u0103 halucina\u021bie colectiv\u0103 bate [&hellip;]<\/p>\n","protected":false},"author":1,"featured_media":0,"comment_status":"open","ping_status":"","sticky":false,"template":"","format":"standard","meta":{"footnotes":""},"categories":[89],"tags":[226,93],"class_list":["post-2074060","post","type-post","status-publish","format-standard","hentry","category-romania","tag-crawlmanager","tag-r3media-ro"],"_links":{"self":[{"href":"https:\/\/analyse.optim.biz\/index.php?rest_route=\/wp\/v2\/posts\/2074060","targetHints":{"allow":["GET"]}}],"collection":[{"href":"https:\/\/analyse.optim.biz\/index.php?rest_route=\/wp\/v2\/posts"}],"about":[{"href":"https:\/\/analyse.optim.biz\/index.php?rest_route=\/wp\/v2\/types\/post"}],"author":[{"embeddable":true,"href":"https:\/\/analyse.optim.biz\/index.php?rest_route=\/wp\/v2\/users\/1"}],"replies":[{"embeddable":true,"href":"https:\/\/analyse.optim.biz\/index.php?rest_route=%2Fwp%2Fv2%2Fcomments&post=2074060"}],"version-history":[{"count":0,"href":"https:\/\/analyse.optim.biz\/index.php?rest_route=\/wp\/v2\/posts\/2074060\/revisions"}],"wp:attachment":[{"href":"https:\/\/analyse.optim.biz\/index.php?rest_route=%2Fwp%2Fv2%2Fmedia&parent=2074060"}],"wp:term":[{"taxonomy":"category","embeddable":true,"href":"https:\/\/analyse.optim.biz\/index.php?rest_route=%2Fwp%2Fv2%2Fcategories&post=2074060"},{"taxonomy":"post_tag","embeddable":true,"href":"https:\/\/analyse.optim.biz\/index.php?rest_route=%2Fwp%2Fv2%2Ftags&post=2074060"}],"curies":[{"name":"wp","href":"https:\/\/api.w.org\/{rel}","templated":true}]}}