{"id":2073948,"date":"2026-07-28T00:00:00","date_gmt":"2026-07-27T21:00:00","guid":{"rendered":"https:\/\/analyse.optim.biz\/?p=2073948"},"modified":"2026-07-28T00:00:00","modified_gmt":"2026-07-27T21:00:00","slug":"echipa-de-fotbal-csm-adjud-incepe-sezonul-oficial-in-cupa-romaniei","status":"publish","type":"post","link":"https:\/\/analyse.optim.biz\/?p=2073948","title":{"rendered":"Echipa de fotbal CSM Adjud \u00eencepe sezonul oficial \u00een Cupa Rom\u00e2niei"},"content":{"rendered":"<p>[analyse_image type=&#8221;featured&#8221; src=&#8221;https:\/\/zdvi.cname.ro\/_\/echipa-de-fotbal-csm-adjud-incepe-sezonul-oficial-in-cupa-romaniei\/mediaPool\/u0DidUB.jpg&#8221;]<\/p>\n<div class=\"main-content detaliu-articol\"><a class=\"titlu-cat-list\" href=\"https:\/\/ziaruldevrancea.ro\/special\/sport\">Sport<\/a><\/p>\n<h1>Echipa de fotbal CSM Adjud \u00eencepe sezonul oficial \u00een Cupa Rom\u00e2niei <\/h1>\n<div class=\"date-articol clearfix\">\n<div class=\"distribuie-articol dropdown\">\n    Distribuie: \u00a0<br \/>\n    <em>|<\/em><\/div>\n<div class=\"autor-articol\"><a href=\"https:\/\/ziaruldevrancea.ro\/autor\/eduard-dascalu\/\"><img decoding=\"async\" class=\"img-circle\" src=\"https:\/\/zdvi.cname.ro\/50_50\/articleAuthor\/eduard-dascalu\/articleAuthor\/uMGQuqd.jpeg\" alt><\/a><\/p>\n<h5><a href=\"https:\/\/ziaruldevrancea.ro\/autor\/eduard-dascalu\/\">Eduard Dasc\u0103lu<\/a><\/h5>\n<div class=\"grup-spatiere\"><span class=\"cu-spatiere\">28 iul 2026<\/span><span class=\"cu-spatiere\">666 vizualiz\u0103ri<\/span><\/div>\n<\/div>\n<\/div>\n<div class=\"poza-mare\"><a href class=\"openGallery\"><img decoding=\"async\" class=\"img-responsive\" src=\"https:\/\/zdvi.cname.ro\/850_530\/echipa-de-fotbal-csm-adjud-incepe-sezonul-oficial-in-cupa-romaniei\/article\/mediaPool\/u0DidUB.jpg\" alt><\/a><\/div>\n<p><strong>\u00a0Echipa vr\u00e2ncean\u0103 joac\u0103 miercuri pentru calificarea \u00een Turul II.<\/strong><\/p>\n<p><strong>Forma\u021bia din Adjud debuteaz\u0103 \u00een sezonul competi\u021bional 2026-2027 \u00eentr-o deplasare la R\u00e2mnicu S\u0103rat, \u00eentr-un meci eliminatoriu din primul tur al Cupei Rom\u00e2niei.<\/strong><\/p>\n<hr>\n<p><strong>CSM Adjud \u00eencepe sezonul oficial \u00een Cupa Rom\u00e2niei. Echipa vr\u00e2ncean\u0103 joac\u0103 miercuri pentru calificarea \u00een Turul II<\/strong><\/p>\n<p>Fotbalul vr\u00e2ncean revine \u00een prim-plan odat\u0103 cu debutul oficial al sezonului competi\u021bional 2026-2027. CSM Adjud 1946 va disputa miercuri, 29 iulie, de la ora 17:30, primul meci oficial al noii stagiuni, urm\u00e2nd s\u0103 \u00eent\u00e2lneasc\u0103 \u00een deplasare forma\u021bia CSM R\u00e2mnicu S\u0103rat, \u00een Turul I al Cupei Rom\u00e2niei.<\/p>\n<p>Potrivit informa\u021biilor publicate mar\u021bi, 28 iulie 2026, pe site-ul oficial al clubului CSM Adjud 1946, partida se va disputa pe Stadionul Municipal \u201eOlimpia\u201d, iar miza este calificarea \u00een Turul al II-lea al competi\u021biei organizate de Federa\u021bia Rom\u00e2n\u0103 de Fotbal.<\/p>\n<p>Reprezentan\u021bii clubului vr\u00e2ncean arat\u0103 c\u0103 echipa a parcurs o perioad\u0103 intens\u0103 de preg\u0103tire \u0219i \u00ee\u0219i propune s\u0103 \u00eenceap\u0103 noul sezon cu un rezultat pozitiv.<\/p>\n<p>De\u0219i adversara, CSM R\u00e2mnicu S\u0103rat, a \u00eencheiat sezonul precedent pe locul al 11-lea \u00een Seria a II-a din Liga a III-a \u0219i a retrogradat din punct de vedere sportiv, oficialii adjudeni atrag aten\u021bia c\u0103 partida nu va fi una facil\u0103.<\/p>\n<p>\u00cen mesajul publicat \u00eenaintea jocului, clubul subliniaz\u0103 c\u0103 forma\u021bia buzoian\u0103 r\u0103m\u00e2ne un adversar capabil s\u0103 pun\u0103 probleme oric\u0103rei echipe, motiv pentru care meciul este abordat cu maxim\u0103 seriozitate.<\/p>\n<p>Pentru CSM Adjud, calificarea \u00een faza urm\u0103toare a Cupei Rom\u00e2niei ar reprezenta un \u00eenceput \u00eencurajator al noului sezon \u0219i un prim obiectiv atins \u00eenaintea startului campionatului.<\/p>\n<p>Suporterii echipei vr\u00e2ncene sunt a\u0219tepta\u021bi s\u0103 fie al\u0103turi de forma\u021bia lor, chiar \u0219i de la distan\u021b\u0103, \u00eentr-un duel care deschide oficial parcursul competi\u021bional al sezonului 2026-2027.<\/p>\n<hr>\n<p><strong>Datele meciului<\/strong><\/p>\n<ul>\n<li><strong>Competi\u021bia:<\/strong> Cupa Rom\u00e2niei \u2013 Turul I<\/li>\n<li><strong>Meci:<\/strong> CSM R\u00e2mnicu S\u0103rat \u2013 CSM Adjud 1946<\/li>\n<li><strong>Data:<\/strong> miercuri, 29 iulie 2026<\/li>\n<li><strong>Ora:<\/strong> 17:30<\/li>\n<li><strong>Stadion:<\/strong> Municipal \u201eOlimpia\u201d, R\u00e2mnicu S\u0103rat<\/li>\n<li><strong>Miza:<\/strong> calificarea \u00een Turul II al Cupei Rom\u00e2niei<\/li>\n<li><strong>Eduard Dasc\u0103lu<\/strong><\/li>\n<\/ul>\n<hr>\n<div class=\"bloc-widget widget-rosu\">\n<p>\u00cen lipsa unui acord scris din partea Ziarului de Vrancea, pute\u0163i prelua maxim 500 de caractere din acest articol dac\u0103 preciza\u0163i sursa \u015fi insera\u0163i vizibil link-ul articolului:\u00a0<span>#insertcurrentlinkhere<\/span><\/p>\n<\/div>\n<div class=\"extra-articol listing-anunturi\">\n<h6>Anun\u021buri <span class=\"text-primary\">ZdV<\/span> Premium<\/h6>\n<div class=\"row\">\n<div class=\"col-lg-4 col-md-6 bloc-egal\"><a class=\"card-anunt\" href=\"https:\/\/ziaruldevrancea.ro\/anunturi\/imobiliare\/vanzari-terenuri\/vand-teren-in-panciu\"><strong class=\"titlu\">V\u00e2nz\u0103ri terenuri<\/strong><span class=\"text-anunt\">Teren Panciu 1170 mp, cu num\u0103r cas\u0103, ap\u0103&#8230;<\/span><span class=\"data-anunt\">29.07.2026  <\/span><\/a><\/div>\n<div class=\"col-lg-4 col-md-6 bloc-egal\"><a class=\"card-anunt\" href=\"https:\/\/ziaruldevrancea.ro\/anunturi\/altele\/anulare-acte\/vand-scrumbii-afumate-capturi-dunare\"><strong class=\"titlu\">Vanzari diverse<\/strong><span class=\"text-anunt\">Pret : 117 lei \/ kg . \u00a0 Este&#8230;<\/span><span class=\"data-anunt\">29.07.2026 , Gala\u021bi , Gala\u021bi<\/span><\/a><\/div>\n<div class=\"col-lg-4 col-md-6 bloc-egal\"><a class=\"card-anunt\" href=\"https:\/\/ziaruldevrancea.ro\/anunturi\/imobiliare\/vanzari-case\/vand-casa-si-teren-in-panciu-anunt-72818\"><strong class=\"titlu\">V\u00e2nz\u0103ri case<\/strong><span class=\"text-anunt\">V\u00e2nd cas\u0103 cu 2 camere, buc\u0103t\u0103rie, baie,&#8230;<\/span><span class=\"data-anunt\">23.07.2026  <\/span><\/a><\/div>\n<\/div>\n<\/div>\n<div class=\"extra-articol alte-articole\">\n<div class=\"row\">\n<div class=\"col-lg-6 bloc-egal\">\n<div class=\"card articol-listing\">\n<h6>\u00cen categoria <a href=\"https:\/\/ziaruldevrancea.ro\/special\/sport\">Sport<\/a><\/h6>\n<div class=\"grup-articol-listing\">\n<div class=\"cont-pils\"><a href=\"https:\/\/ziaruldevrancea.ro\/special\/sport\/vrancea-la-un-pas-de-podiumul-european-la-sah-darius-cristian-pana-incheie-neinvins-campionatul-european-pe-echipe-u12\"><img decoding=\"async\" src=\"https:\/\/zdvi.cname.ro\/180_135\/special\/sport\/vrancea-la-un-pas-de-podiumul-european-la-sah-darius-cristian-pana-incheie-neinvins-campionatul-european-pe-echipe-u12\/mediaPool\/un6118b.jpg\" class=\"img-responsive img-180\" alt><\/a><\/div>\n<h2><a class=\"link-titlu\" href=\"https:\/\/ziaruldevrancea.ro\/special\/sport\/vrancea-la-un-pas-de-podiumul-european-la-sah-darius-cristian-pana-incheie-neinvins-campionatul-european-pe-echipe-u12\">Vrancea, la un pas de podiumul european la \u0219ah! Darius Cristian Pan\u0103 \u00eencheie ne\u00eenvins Campionatul European pe Echipe U12<\/a><\/h2>\n<div class=\"date-post\"><a href=\"https:\/\/ziaruldevrancea.ro\/autor\/eduard-dascalu\">Eduard Dasc\u0103lu<\/a>,  2 aug 2026  <\/div>\n<\/div>\n<div class=\"grup-articol-listing\">\n<div class=\"cont-pils\"><a href=\"https:\/\/ziaruldevrancea.ro\/special\/sport\/karate-de-performanta-in-vrancea-cinci-sportivi-de-la-cs-satori-focsani-remarcati-la-selectia-lotului-national-skdun\"><img decoding=\"async\" src=\"https:\/\/zdvi.cname.ro\/180_135\/special\/sport\/karate-de-performanta-in-vrancea-cinci-sportivi-de-la-cs-satori-focsani-remarcati-la-selectia-lotului-national-skdun\/mediaPool\/u30Rjno.jpg\" class=\"img-responsive img-180\" alt><\/a><\/div>\n<h2><a class=\"link-titlu\" href=\"https:\/\/ziaruldevrancea.ro\/special\/sport\/karate-de-performanta-in-vrancea-cinci-sportivi-de-la-cs-satori-focsani-remarcati-la-selectia-lotului-national-skdun\">Karate de performan\u021b\u0103 \u00een Vrancea: cinci sportivi de la CS Satori Foc\u0219ani, remarca\u021bi la selec\u021bia Lotului Na\u021bional SKDUN<\/a><\/h2>\n<div class=\"date-post\"><a href=\"https:\/\/ziaruldevrancea.ro\/autor\/eduard-dascalu\">Eduard Dasc\u0103lu<\/a>,  2 aug 2026  <\/div>\n<\/div>\n<div class=\"grup-articol-listing\">\n<div class=\"cont-pils\"><a href=\"https:\/\/ziaruldevrancea.ro\/special\/sport\/foto-vrancea-din-nou-pe-podiumul-aeromodelismului-romanesc\"><img decoding=\"async\" src=\"https:\/\/zdvi.cname.ro\/180_135\/special\/sport\/foto-vrancea-din-nou-pe-podiumul-aeromodelismului-romanesc\/mediaPool\/uOoxfgP.jpg\" class=\"img-responsive img-180\" alt><\/a><\/div>\n<h2><a class=\"link-titlu\" href=\"https:\/\/ziaruldevrancea.ro\/special\/sport\/foto-vrancea-din-nou-pe-podiumul-aeromodelismului-romanesc\">Foto | Vrancea, din nou pe podiumul aeromodelismului rom\u00e2nesc<\/a><\/h2>\n<div class=\"date-post\"><a href=\"https:\/\/ziaruldevrancea.ro\/autor\/eduard-dascalu\">Eduard Dasc\u0103lu<\/a>,  2 aug 2026  <\/div>\n<\/div>\n<\/div>\n<\/div>\n<div class=\"col-lg-6 bloc-egal\">\n<div class=\"card articol-listing\">\n<h6>De acela\u0219i <a href=\"https:\/\/ziaruldevrancea.ro\/autor\/eduard-dascalu\/\">autor<\/a><\/h6>\n<div class=\"grup-articol-listing\">\n<div class=\"cont-pils\"><a href=\"https:\/\/ziaruldevrancea.ro\/promo\/brand-voice\/bazinul-de-inot-din-focsani-isi-amana-redeschiderea-pana-pe-8-august\"><img decoding=\"async\" src=\"https:\/\/zdvi.cname.ro\/180_135\/promo\/brand-voice\/bazinul-de-inot-din-focsani-isi-amana-redeschiderea-pana-pe-8-august\/mediaPool\/uZJhRn5.jpg\" class=\"img-responsive img-180\" alt><\/a><\/div>\n<h2><a class=\"link-titlu\" href=\"https:\/\/ziaruldevrancea.ro\/promo\/brand-voice\/bazinul-de-inot-din-focsani-isi-amana-redeschiderea-pana-pe-8-august\">Bazinul de \u00cenot din Foc\u0219ani \u00ee\u0219i am\u00e2n\u0103 redeschiderea p\u00e2n\u0103 pe 8 august<\/a><\/h2>\n<div class=\"date-post\"><a href=\"https:\/\/ziaruldevrancea.ro\/autor\/eduard-dascalu\">Eduard Dasc\u0103lu<\/a>, 31 iul 2026  <\/div>\n<\/div>\n<div class=\"grup-articol-listing\">\n<div class=\"cont-pils\"><a href=\"https:\/\/ziaruldevrancea.ro\/promo\/brand-voice\/clubul-de-fitness-city-gym-din-focsani-intra-intr-o-retea-nationala\"><img decoding=\"async\" src=\"https:\/\/zdvi.cname.ro\/180_135\/promo\/brand-voice\/clubul-de-fitness-city-gym-din-focsani-intra-intr-o-retea-nationala\/mediaPool\/unOJ3Dk.jpg\" class=\"img-responsive img-180\" alt><\/a><\/div>\n<h2><a class=\"link-titlu\" href=\"https:\/\/ziaruldevrancea.ro\/promo\/brand-voice\/clubul-de-fitness-city-gym-din-focsani-intra-intr-o-retea-nationala\">Clubul de fitness City Gym din Foc\u0219ani intr\u0103 \u00eentr-o re\u021bea na\u021bional\u0103<\/a><\/h2>\n<div class=\"date-post\"><a href=\"https:\/\/ziaruldevrancea.ro\/autor\/eduard-dascalu\">Eduard Dasc\u0103lu<\/a>, 30 iul 2026  <\/div>\n<\/div>\n<div class=\"grup-articol-listing\">\n<div class=\"cont-pils\"><a href=\"https:\/\/ziaruldevrancea.ro\/special\/sport\/vrancea-urca-pe-podium-la-cupa-buzaului-2026.-aeromodelistii-centrului-cultural-vrancea-au-obtinut-mai-multe-clasari-pe-primele-locuri\"><img decoding=\"async\" src=\"https:\/\/zdvi.cname.ro\/180_135\/special\/sport\/vrancea-urca-pe-podium-la-cupa-buzaului-2026.-aeromodelistii-centrului-cultural-vrancea-au-obtinut-mai-multe-clasari-pe-primele-locuri\/mediaPool\/uTSRN1O.jpg\" class=\"img-responsive img-180\" alt><\/a><\/div>\n<h2><a class=\"link-titlu\" href=\"https:\/\/ziaruldevrancea.ro\/special\/sport\/vrancea-urca-pe-podium-la-cupa-buzaului-2026.-aeromodelistii-centrului-cultural-vrancea-au-obtinut-mai-multe-clasari-pe-primele-locuri\">Vrancea urc\u0103 pe podium la \u201eCupa Buz\u0103ului\u201d 2026. Aeromodeli\u0219tii Centrului Cultural Vrancea au ob\u021binut mai multe clas\u0103ri pe primele locuri<\/a><\/h2>\n<div class=\"date-post\"><a href=\"https:\/\/ziaruldevrancea.ro\/autor\/eduard-dascalu\">Eduard Dasc\u0103lu<\/a>, 30 iul 2026  <\/div>\n<\/div>\n<\/div>\n<\/div>\n<\/div>\n<\/div>\n<div class=\"extra-articol listing-anunturi\">\n<h6>Anun\u021buri <span class=\"text-primary\">ZdV<\/span> Premium<\/h6>\n<div class=\"row\">\n<div class=\"col-lg-4 col-md-6 bloc-egal\"><a class=\"card-anunt\" href=\"https:\/\/ziaruldevrancea.ro\/anunturi\/angajari\/cereri-angajari\/doresc-angajare-anunt-72815\"><strong class=\"titlu\">Cereri<\/strong><span class=\"text-anunt\">Doresc s\u0103 am grij\u0103 de un copil de gradini\u021b\u0103&#8230;<\/span><span class=\"data-anunt\">21.07.2026  <\/span><\/a><\/div>\n<div class=\"col-lg-4 col-md-6 bloc-egal\"><a class=\"card-anunt\" href=\"https:\/\/ziaruldevrancea.ro\/anunturi\/inchirieri\/locuinte-oferte\/primesc-in-gazda-anunt-72816\"><strong class=\"titlu\">Locuin\u021be oferte<\/strong><span class=\"text-anunt\">\u00a0Primesc \u00een gazd\u0103 la cas\u0103.<\/p>\n<p>Tel&#8230;.<\/span><span class=\"data-anunt\">21.07.2026  <\/span><\/a><\/div>\n<div class=\"col-lg-4 col-md-6 bloc-egal\"><a class=\"card-anunt\" href=\"https:\/\/ziaruldevrancea.ro\/anunturi\/inchirieri\/locuinte-oferte\/primesc-in-gazda-anunt-72817\"><strong class=\"titlu\">Locuin\u021be oferte<\/strong><span class=\"text-anunt\">Primesc \u00een gazd\u0103 la bloc o elev\u0103. <\/p>\n<p>Tel&#8230;.<\/span><span class=\"data-anunt\">21.07.2026  <\/span><\/a><\/div>\n<\/div>\n<\/div>\n<div class=\"bloc-widget widget-albastru\">\n    Ziarul de Vrancea \u00a0nu este responsabil juridic pentru con\u0163inutul textelor din comentariile de mai jos. Responsabilitatea pentru mesajele dumneavoastra v\u0103 revine \u00een exclusivitate.\n<\/div>\n<div class=\"comentarii-articol\" id=\"comentarii\">\n<h3>Comentarii: <span class=\"text-primary\">0<\/span><\/h3>\n<p><a href=\"https:\/\/ziaruldevrancea.ro\/special\/sport\/echipa-de-fotbal-csm-adjud-incepe-sezonul-oficial-in-cupa-romaniei\" class=\"btn btn-success btn-adauga-com\" data-toggle=\"modal\" data-parent=\"0\" data-target=\"#commentModal\">Adaug\u0103 comentariu<\/a><\/p>\n<div class=\"loadMask comments-mask\"><img decoding=\"async\" src=\"https:\/\/zdvs.cname.ro\/images\/loader_40.gif\"><\/div>\n<div class=\"comenteaza-jos\">Trebuie s\u0103 fii <a href=\"https:\/\/ziaruldevrancea.ro\/account\">autentificat<\/a> pentru a putea <a href=\"https:\/\/ziaruldevrancea.ro\/special\/sport\/echipa-de-fotbal-csm-adjud-incepe-sezonul-oficial-in-cupa-romaniei\" class data-toggle=\"modal\" data-parent=\"0\" data-target=\"#commentModal\">posta un comentariu<\/a>.<\/div>\n<\/div>\n<div class=\"modal fade\" id=\"commentModal\" role=\"dialog\" aria-labelledby=\"commentModalLabel\">\n<div class=\"modal-dialog modal-lg\" role=\"document\">\n<div class=\"modal-content\">\n<div class=\"modal-header\">\n<h3 class=\"modal-title\" id=\"commentModalLabel\">Comenteaz\u0103<\/h3>\n<\/div>\n<div class=\"modal-body\">\n<div class=\"tabel tabel-full\">\n<div class=\"celula\">\n              Trebuie s\u0103 fii <a href=\"https:\/\/ziaruldevrancea.ro\/account\">autentificat<\/a> pentru a putea posta un comentariu.\n            <\/div>\n<\/div>\n<\/div>\n<div class=\"modal-footer\">\n<div id=\"commentPending\" class=\"formPending pull-left\"><img decoding=\"async\" src=\"https:\/\/zdvs.cname.ro\/images\/loader_40.gif\"> In curs de procesare&#8230;<\/div>\n<p><a href=\"https:\/\/ziaruldevrancea.ro\/special\/sport\/echipa-de-fotbal-csm-adjud-incepe-sezonul-oficial-in-cupa-romaniei\" class=\"btn btn-default\" data-dismiss=\"modal\">Anuleaz\u0103<\/a><\/div>\n<\/div>\n<\/div>\n<\/div>\n<div class=\"modal fade\" id=\"commentReportModal\" role=\"dialog\" aria-labelledby=\"commentReportModalLabel\">\n<div class=\"modal-dialog modal-lg\" role=\"document\">\n<div class=\"modal-content\">\n<div class=\"modal-header\">\n<h3 class=\"modal-title\" id=\"commentReportModalLabel\">Raporteaza comentariu<\/h3>\n<\/div>\n<div class=\"modal-body\">\n<div class=\"tabel tabel-full\">\n<div class=\"celula\">\n              Trebuie s\u0103 fii <a href=\"https:\/\/ziaruldevrancea.ro\/account\">autentificat<\/a> pentru a putea raporta un comentariu.\n            <\/div>\n<\/div>\n<\/div>\n<div class=\"modal-footer\">\n<div id=\"commentReportPending\" class=\"formPending pull-left\"><img decoding=\"async\" src=\"https:\/\/zdvs.cname.ro\/images\/loader_40.gif\"> In curs de procesare&#8230;<\/div>\n<p><a href=\"https:\/\/ziaruldevrancea.ro\/special\/sport\/echipa-de-fotbal-csm-adjud-incepe-sezonul-oficial-in-cupa-romaniei\" class=\"btn btn-default\" data-dismiss=\"modal\">Anuleaz\u0103<\/a><\/div>\n<\/div>\n<\/div>\n<\/div>\n<div class=\"modal fade\" id=\"commentLikeModal\" role=\"dialog\" aria-labelledby=\"commentLikeModalLabel\">\n<div class=\"modal-dialog modal-lg\" role=\"document\">\n<div class=\"modal-content\">\n<div class=\"modal-header\">\n<h3 class=\"modal-title\" id=\"commentReportModalLabel\">Apreciaza comentariu<\/h3>\n<\/div>\n<div class=\"modal-body\">\n<div class=\"tabel tabel-full\">\n<div class=\"celula\">\n            Trebuie s\u0103 fii <a href=\"https:\/\/ziaruldevrancea.ro\/account\">autentificat<\/a> pentru a putea aprecia un comentariu.\n          <\/div>\n<\/div>\n<\/div>\n<div class=\"modal-footer\"><a href=\"https:\/\/ziaruldevrancea.ro\/special\/sport\/echipa-de-fotbal-csm-adjud-incepe-sezonul-oficial-in-cupa-romaniei\" class=\"btn btn-default\" data-dismiss=\"modal\">Anuleaz\u0103<\/a><\/div>\n<\/div>\n<\/div>\n<\/div>\n<div class=\"bloc-widget widget-rosu\"><span><small>Ziarul de Vrancea doreste ca acest site sa fie un spatiu al discutiilor civilizate, al comentariilor de bun simt. Din acest motiv, cei care posteaza comentarii la articole trebuie sa respecte urmatoarele reguli:<br \/>\n1. Sa se refere doar la articolul la care posteaza comentarii.<br \/>\n2. Sa foloseasca un limbaj civilizat, fara injurii, calomnii, comentarii antisemite, xenofobe sau rasiste.<br \/>\n3. Sunt interzise atacurile la adresa autorilor, daca acestea nu au legatura cu textul.<br \/>\n4. Username-ul sa nu fie nume de personalitati ale vietii publice sau parodieri ale acestora.<br \/>\nAutorul unui articol poate fi criticat pentru eventuale greseli, incoerenta, lipsa de documentare etc.<br \/>\nNerespectarea regulilor mentionate mai sus va duce la stergerea comentariilor, fara avertisment si fara explicatii.<br \/>\nAbaterile repetate vor avea drept consecinta interdictia accesului la aceasta facilitate a site-ului.<\/small><\/span><\/div>\n<\/div>\n<p>[analyse_source url=&#8221;https:\/\/ziaruldevrancea.ro\/special\/sport\/echipa-de-fotbal-csm-adjud-incepe-sezonul-oficial-in-cupa-romaniei&#8221;]<\/p>\n","protected":false},"excerpt":{"rendered":"<p>[analyse_image type=&#8221;featured&#8221; src=&#8221;https:\/\/zdvi.cname.ro\/_\/echipa-de-fotbal-csm-adjud-incepe-sezonul-oficial-in-cupa-romaniei\/mediaPool\/u0DidUB.jpg&#8221;] Sport Echipa de fotbal CSM Adjud \u00eencepe sezonul oficial \u00een Cupa Rom\u00e2niei Distribuie: \u00a0 | Eduard Dasc\u0103lu 28 iul 2026666 vizualiz\u0103ri \u00a0Echipa vr\u00e2ncean\u0103 joac\u0103 miercuri pentru calificarea \u00een Turul II. Forma\u021bia din Adjud debuteaz\u0103 \u00een sezonul competi\u021bional 2026-2027 \u00eentr-o deplasare la R\u00e2mnicu S\u0103rat, \u00eentr-un meci eliminatoriu din primul tur al Cupei Rom\u00e2niei. [&hellip;]<\/p>\n","protected":false},"author":1,"featured_media":0,"comment_status":"open","ping_status":"","sticky":false,"template":"","format":"standard","meta":{"footnotes":""},"categories":[89],"tags":[226,208],"class_list":["post-2073948","post","type-post","status-publish","format-standard","hentry","category-romania","tag-crawlmanager","tag-ziaruldevrancea-ro"],"_links":{"self":[{"href":"https:\/\/analyse.optim.biz\/index.php?rest_route=\/wp\/v2\/posts\/2073948","targetHints":{"allow":["GET"]}}],"collection":[{"href":"https:\/\/analyse.optim.biz\/index.php?rest_route=\/wp\/v2\/posts"}],"about":[{"href":"https:\/\/analyse.optim.biz\/index.php?rest_route=\/wp\/v2\/types\/post"}],"author":[{"embeddable":true,"href":"https:\/\/analyse.optim.biz\/index.php?rest_route=\/wp\/v2\/users\/1"}],"replies":[{"embeddable":true,"href":"https:\/\/analyse.optim.biz\/index.php?rest_route=%2Fwp%2Fv2%2Fcomments&post=2073948"}],"version-history":[{"count":0,"href":"https:\/\/analyse.optim.biz\/index.php?rest_route=\/wp\/v2\/posts\/2073948\/revisions"}],"wp:attachment":[{"href":"https:\/\/analyse.optim.biz\/index.php?rest_route=%2Fwp%2Fv2%2Fmedia&parent=2073948"}],"wp:term":[{"taxonomy":"category","embeddable":true,"href":"https:\/\/analyse.optim.biz\/index.php?rest_route=%2Fwp%2Fv2%2Fcategories&post=2073948"},{"taxonomy":"post_tag","embeddable":true,"href":"https:\/\/analyse.optim.biz\/index.php?rest_route=%2Fwp%2Fv2%2Ftags&post=2073948"}],"curies":[{"name":"wp","href":"https:\/\/api.w.org\/{rel}","templated":true}]}}