{"id":2073947,"date":"2026-07-25T00:00:00","date_gmt":"2026-07-24T21:00:00","guid":{"rendered":"https:\/\/analyse.optim.biz\/?p=2073947"},"modified":"2026-07-25T00:00:00","modified_gmt":"2026-07-24T21:00:00","slug":"vrancea-are-un-reprezentant-la-campionatul-european-de-sah-pe-echipe-u12-darius-cristian-pana-joaca-pentru-romania-la-pardubice","status":"publish","type":"post","link":"https:\/\/analyse.optim.biz\/?p=2073947","title":{"rendered":"Vrancea are un reprezentant la Campionatul European de \u0218ah pe Echipe U12. Darius Cristian Pan\u0103 joac\u0103 pentru Rom\u00e2nia la Pardubice"},"content":{"rendered":"<p>[analyse_image type=&#8221;featured&#8221; src=&#8221;https:\/\/zdvi.cname.ro\/_\/vrancea-are-un-reprezentant-la-campionatul-european-de-sah-pe-echipe-u12.-darius-cristian-pana-joaca-pentru-romania-la-pardubice\/mediaPool\/uKyCkAm.jpeg&#8221;]<\/p>\n<div class=\"main-content detaliu-articol\"><a class=\"titlu-cat-list\" href=\"https:\/\/ziaruldevrancea.ro\/special\/sport\">Sport<\/a><\/p>\n<h1>Vrancea are un reprezentant la Campionatul European de \u0218ah pe Echipe U12. Darius Cristian Pan\u0103 joac\u0103 pentru Rom\u00e2nia la Pardubice<\/h1>\n<div class=\"date-articol clearfix\">\n<div class=\"distribuie-articol dropdown\">\n    Distribuie: \u00a0<br \/>\n    <em>|<\/em><\/div>\n<div class=\"autor-articol\"><a href=\"https:\/\/ziaruldevrancea.ro\/autor\/eduard-dascalu\/\"><img decoding=\"async\" class=\"img-circle\" src=\"https:\/\/zdvi.cname.ro\/50_50\/articleAuthor\/eduard-dascalu\/articleAuthor\/uMGQuqd.jpeg\" alt><\/a><\/p>\n<h5><a href=\"https:\/\/ziaruldevrancea.ro\/autor\/eduard-dascalu\/\">Eduard Dasc\u0103lu<\/a><\/h5>\n<div class=\"grup-spatiere\"><span class=\"cu-spatiere\">25 iul 2026<\/span><span class=\"cu-spatiere\">923 vizualiz\u0103ri<\/span><\/div>\n<\/div>\n<\/div>\n<div class=\"poza-mare\">\n<div class=\"poza-mare galerie-detaliu\">\n<div id=\"carousel-poza-mare\" class=\"carousel slide carusel-poza\" data-ride=\"carousel\" data-interval=\"0\">\n<div class=\"carousel-inner\" role=\"listbox\">\n<div class=\"item imagine-carusel active\"><a href class=\"openGallery\"><img decoding=\"async\" class=\"img-responsive\" src=\"https:\/\/zdvi.cname.ro\/850_530\/vrancea-are-un-reprezentant-la-campionatul-european-de-sah-pe-echipe-u12.-darius-cristian-pana-joaca-pentru-romania-la-pardubice\/article\/mediaPool\/uKyCkAm.jpeg\" alt><\/a><\/div>\n<div class=\"item imagine-carusel \"><a href class=\"openGallery\"><img decoding=\"async\" class=\"img-responsive\" src=\"https:\/\/zdvi.cname.ro\/850_530\/vrancea-are-un-reprezentant-la-campionatul-european-de-sah-pe-echipe-u12.-darius-cristian-pana-joaca-pentru-romania-la-pardubice\/article\/mediaPool\/uopjrbu.jpeg\" alt><\/a><\/div>\n<div class=\"item imagine-carusel \"><a href class=\"openGallery\"><img decoding=\"async\" class=\"img-responsive\" src=\"https:\/\/zdvi.cname.ro\/850_530\/vrancea-are-un-reprezentant-la-campionatul-european-de-sah-pe-echipe-u12.-darius-cristian-pana-joaca-pentru-romania-la-pardubice\/article\/mediaPool\/uSA5lEr.jpeg\" alt><\/a><\/div>\n<div class=\"item imagine-carusel \"><a href class=\"openGallery\"><img decoding=\"async\" class=\"img-responsive\" src=\"https:\/\/zdvi.cname.ro\/850_530\/vrancea-are-un-reprezentant-la-campionatul-european-de-sah-pe-echipe-u12.-darius-cristian-pana-joaca-pentru-romania-la-pardubice\/article\/mediaPool\/uWagk7o.jpeg\" alt><\/a><\/div>\n<div class=\"item imagine-carusel \"><a href class=\"openGallery\"><img decoding=\"async\" class=\"img-responsive\" src=\"https:\/\/zdvi.cname.ro\/850_530\/vrancea-are-un-reprezentant-la-campionatul-european-de-sah-pe-echipe-u12.-darius-cristian-pana-joaca-pentru-romania-la-pardubice\/article\/mediaPool\/u6mCn3j.jpeg\" alt><\/a><\/div>\n<\/div>\n<\/div>\n<div id=\"carousel-poze-mici\" class=\"carousel slide carusel-mici\" data-ride=\"carousel\" data-interval=\"0\">\n<div class=\"carousel-inner\" role=\"listbox\">\n<div class=\"item active\">\n<ul class=\"navigare-carusel-imagini\">\n<li data-target=\"#carousel-poza-mare\" data-slide-to=\"0\"><img decoding=\"async\" class=\"img-responsive\" src=\"https:\/\/zdvi.cname.ro\/_90\/vrancea-are-un-reprezentant-la-campionatul-european-de-sah-pe-echipe-u12.-darius-cristian-pana-joaca-pentru-romania-la-pardubice\/article\/mediaPool\/uKyCkAm.jpeg\" alt><\/li>\n<li data-target=\"#carousel-poza-mare\" data-slide-to=\"1\"><img decoding=\"async\" class=\"img-responsive\" src=\"https:\/\/zdvi.cname.ro\/_90\/vrancea-are-un-reprezentant-la-campionatul-european-de-sah-pe-echipe-u12.-darius-cristian-pana-joaca-pentru-romania-la-pardubice\/article\/mediaPool\/uopjrbu.jpeg\" alt><\/li>\n<li data-target=\"#carousel-poza-mare\" data-slide-to=\"2\"><img decoding=\"async\" class=\"img-responsive\" src=\"https:\/\/zdvi.cname.ro\/_90\/vrancea-are-un-reprezentant-la-campionatul-european-de-sah-pe-echipe-u12.-darius-cristian-pana-joaca-pentru-romania-la-pardubice\/article\/mediaPool\/uSA5lEr.jpeg\" alt><\/li>\n<li data-target=\"#carousel-poza-mare\" data-slide-to=\"3\"><img decoding=\"async\" class=\"img-responsive\" src=\"https:\/\/zdvi.cname.ro\/_90\/vrancea-are-un-reprezentant-la-campionatul-european-de-sah-pe-echipe-u12.-darius-cristian-pana-joaca-pentru-romania-la-pardubice\/article\/mediaPool\/uWagk7o.jpeg\" alt><\/li>\n<li data-target=\"#carousel-poza-mare\" data-slide-to=\"4\"><img decoding=\"async\" class=\"img-responsive\" src=\"https:\/\/zdvi.cname.ro\/_90\/vrancea-are-un-reprezentant-la-campionatul-european-de-sah-pe-echipe-u12.-darius-cristian-pana-joaca-pentru-romania-la-pardubice\/article\/mediaPool\/u6mCn3j.jpeg\" alt><\/li>\n<\/ul>\n<\/div>\n<\/div>\n<\/div>\n<\/div>\n<\/div>\n<p><strong>T\u00e2n\u0103rul \u0219ahist foc\u0219\u0103nean \u00een v\u00e2rst\u0103 de 11 ani\u00a0selec\u021bionat de Federa\u021bia Rom\u00e2n\u0103 de \u0218ah \u00een echipa na\u021bional\u0103 a Rom\u00e2niei, particip\u0103 \u00eentre 25 iulie \u0219i 2 august la Campionatul European de \u0218ah pe Echipe U12, competi\u021bie care reune\u0219te un num\u0103r record de 65 de echipe din \u00eentreaga Europ\u0103.<\/strong><\/p>\n<p><strong>Vrancea are un reprezentant la Campionatul European de \u0218ah pe Echipe U12. Darius Cristian Pan\u0103 joac\u0103 pentru Rom\u00e2nia la Pardubice<\/strong><\/p>\n<p>Vrancea este reprezentat\u0103 \u00een aceste zile la una dintre cele mai importante competi\u021bii europene dedicate \u0219ahului juvenil. T\u00e2n\u0103rul \u0219ahist foc\u0219\u0103nean <strong>Darius Cristian Pan\u0103<\/strong>, \u00een v\u00e2rst\u0103 de 11 ani, face parte din echipa na\u021bional\u0103 a Rom\u00e2niei care particip\u0103 la <strong>Campionatul European de \u0218ah pe Echipe U12<\/strong>, desf\u0103\u0219urat \u00een perioada <strong>25 iulie \u2013 2 august 2026<\/strong>, la <strong>Pardubice, \u00een Cehia<\/strong>.<\/p>\n<p>Potrivit unei inform\u0103ri de pres\u0103 transmise redac\u021biei <strong>Ziarului de Vrancea<\/strong> vineri, 24 iulie 2026, la ora 19:09, sportivul legitimat \u00een prezent la <strong>CS Dinamo Bucure\u0219ti<\/strong>, dar format \u00een Vrancea, va evolua sub culorile Rom\u00e2niei \u00eentr-o competi\u021bie care aduce la start cele mai valoroase echipe de juniori ale continentului.<\/p>\n<p>Selec\u021bia lui Darius Cristian Pan\u0103 \u00een lotul na\u021bional al Federa\u021biei Rom\u00e2ne de \u0218ah confirm\u0103 evolu\u021bia constant\u0103 a t\u00e2n\u0103rului sportiv \u0219i rezultatele ob\u021binute \u00een ultimii ani. Potrivit informa\u021biilor transmise redac\u021biei, el este <strong>singurul \u0219ahist vr\u00e2ncean din ultimii ani selectat oficial de Federa\u021bia Rom\u00e2n\u0103 de \u0218ah pentru a reprezenta Rom\u00e2nia la campionate europene \u0219i mondiale<\/strong>, o performan\u021b\u0103 care eviden\u021biaz\u0103 nivelul la care a ajuns sportivul foc\u0219\u0103nean.<\/p>\n<p>\u00cen competi\u021bia rezervat\u0103 categoriei <strong>Open U12<\/strong>, Rom\u00e2nia va fi reprezentat\u0103 de echipa alc\u0103tuit\u0103 din <strong>Darius Cristian Pan\u0103<\/strong>, <strong>Larion Iustin<\/strong>, <strong>Ro\u0219ca Drago\u0219 Ioan<\/strong> \u0219i <strong>Cazacu Iustin Nicolas<\/strong>, care vor \u00eencerca s\u0103 ob\u021bin\u0103 un rezultat c\u00e2t mai bun \u00een compania celor mai puternice forma\u021bii europene.<\/p>\n<p><strong>Campionatul European reune\u0219te un num\u0103r record de participan\u021bi<\/strong><\/p>\n<p>Conform informa\u021biilor publicate de organizatori, <strong>Campionatul European de \u0218ah pe Echipe pentru Juniori 2026<\/strong> se desf\u0103\u0219oar\u0103 la complexul <strong>Enteria Arena<\/strong> din Pardubice \u0219i stabile\u0219te un nou record de participare.<\/p>\n<p>La edi\u021bia din acest an sunt \u00eenscrise <strong>65 de echipe<\/strong>, reprezent\u00e2nd federa\u021biile na\u021bionale din Europa, \u0219i <strong>218 juc\u0103tori<\/strong>, competi\u021bia fiind organizat\u0103 la categoriile <strong>U12<\/strong> \u0219i <strong>U18<\/strong>, at\u00e2t la Open, c\u00e2t \u0219i la feminin.<\/p>\n<p>Turneul se disput\u0103 \u00een <strong>\u0219apte runde<\/strong>, \u00een sistem elve\u021bian, fiecare partid\u0103 av\u00e2nd timpul de joc de <strong>90 de minute plus 30 de secunde increment pentru fiecare mutare<\/strong>.<\/p>\n<p>Programul oficial prevede \u0219edin\u021ba c\u0103pitanilor pe <strong>26 iulie<\/strong>, ceremonia de deschidere \u00een aceea\u0219i zi, la ora <strong>14:45<\/strong>, iar prima rund\u0103 \u00eencepe imediat dup\u0103 festivitate. Ultima rund\u0103 este programat\u0103 pentru <strong>1 august<\/strong>, ceremonia de \u00eenchidere av\u00e2nd loc \u00een seara aceleia\u0219i zile.<\/p>\n<p>\u00cen competi\u021bia <strong>Open U12<\/strong>, favoritele conform coeficien\u021bilor ELO sunt <strong>\u021a\u0103rile de Jos<\/strong>, <strong>Serbia<\/strong> \u0219i <strong>Ungaria<\/strong>, ceea ce anun\u021b\u0103 un turneu de nivel foarte ridicat.<\/p>\n<p><strong>Un parcurs care confirm\u0103 valoarea t\u00e2n\u0103rului \u0219ahist foc\u0219\u0103nean<\/strong><\/p>\n<p>Participarea la Campionatul European vine dup\u0103 un sezon remarcabil pentru Darius Cristian Pan\u0103.<\/p>\n<p>\u00cen luna aprilie, <strong>Ziarul de Vrancea<\/strong> relata despre medalia de bronz ob\u021binut\u0103 de sportiv la <strong>Campionatul Na\u021bional de \u0218ah Clasic U12<\/strong>, unde a reu\u0219it o revenire spectaculoas\u0103 dup\u0103 un \u00eenceput dificil de competi\u021bie \u0219i a fost singurul juc\u0103tor care l-a \u00eenvins pe viitorul campion na\u021bional.<\/p>\n<p>Ulterior, \u00een luna mai, Darius a reprezentat jude\u021bul Vrancea la prestigiosul <strong>Romania Grand Prix Bucure\u0219ti 2026<\/strong>, competi\u021bie organizat\u0103 la Palatul Parlamentului, unde a evoluat al\u0103turi de un alt t\u00e2n\u0103r \u0219ahist vr\u00e2ncean, <strong>Adelin \u0218tefan D\u0103sc\u0103lescu<\/strong>.<\/p>\n<p>Aceste rezultate au consolidat pozi\u021bia lui Darius Cristian Pan\u0103 printre cei mai promi\u021b\u0103tori \u0219ahi\u0219ti rom\u00e2ni ai genera\u021biei sale \u0219i au stat la baza selec\u021biei sale \u00een echipa na\u021bional\u0103 pentru Campionatul European.<\/p>\n<p><strong>Vrancea, prezent\u0103 pe scena european\u0103 a \u0219ahului juvenil<\/strong><\/p>\n<p>Participarea unui sportiv format \u00een Vrancea la o competi\u021bie continental\u0103 reprezint\u0103 o nou\u0103 confirmare c\u0103 jude\u021bul continu\u0103 s\u0103 dea tineri capabili s\u0103 concureze la nivel interna\u021bional.<\/p>\n<p>Pentru Darius Cristian Pan\u0103, Campionatul European de la Pardubice reprezint\u0103 at\u00e2t o provocare sportiv\u0103 important\u0103, c\u00e2t \u0219i o oportunitate de a acumula experien\u021b\u0103 \u00een confrunt\u0103rile cu cei mai valoro\u0219i \u0219ahi\u0219ti ai genera\u021biei sale din Europa.<\/p>\n<p>Primele partide oficiale vor \u00eencepe dup\u0103 ceremonia de deschidere din <strong>26 iulie<\/strong>, iar competi\u021bia se va \u00eencheia pe <strong>2 august<\/strong>, odat\u0103 cu plecarea delega\u021biilor participante.<\/p>\n<p><strong>Eduard Dasc\u0103lu\u00a0<\/strong><\/p>\n<hr>\n<div class=\"bloc-widget widget-rosu\">\n<p>\u00cen lipsa unui acord scris din partea Ziarului de Vrancea, pute\u0163i prelua maxim 500 de caractere din acest articol dac\u0103 preciza\u0163i sursa \u015fi insera\u0163i vizibil link-ul articolului:\u00a0<span>#insertcurrentlinkhere<\/span><\/p>\n<\/div>\n<div class=\"extra-articol listing-anunturi\">\n<h6>Anun\u021buri <span class=\"text-primary\">ZdV<\/span> Premium<\/h6>\n<div class=\"row\">\n<div class=\"col-lg-4 col-md-6 bloc-egal\"><a class=\"card-anunt\" href=\"https:\/\/ziaruldevrancea.ro\/anunturi\/imobiliare\/vanzari-terenuri\/vand-teren-in-panciu\"><strong class=\"titlu\">V\u00e2nz\u0103ri terenuri<\/strong><span class=\"text-anunt\">Teren Panciu 1170 mp, cu num\u0103r cas\u0103, ap\u0103&#8230;<\/span><span class=\"data-anunt\">29.07.2026  <\/span><\/a><\/div>\n<div class=\"col-lg-4 col-md-6 bloc-egal\"><a class=\"card-anunt\" href=\"https:\/\/ziaruldevrancea.ro\/anunturi\/altele\/anulare-acte\/vand-scrumbii-afumate-capturi-dunare\"><strong class=\"titlu\">Vanzari diverse<\/strong><span class=\"text-anunt\">Pret : 117 lei \/ kg . \u00a0 Este&#8230;<\/span><span class=\"data-anunt\">29.07.2026 , Gala\u021bi , Gala\u021bi<\/span><\/a><\/div>\n<div class=\"col-lg-4 col-md-6 bloc-egal\"><a class=\"card-anunt\" href=\"https:\/\/ziaruldevrancea.ro\/anunturi\/imobiliare\/vanzari-case\/vand-casa-si-teren-in-panciu-anunt-72818\"><strong class=\"titlu\">V\u00e2nz\u0103ri case<\/strong><span class=\"text-anunt\">V\u00e2nd cas\u0103 cu 2 camere, buc\u0103t\u0103rie, baie,&#8230;<\/span><span class=\"data-anunt\">23.07.2026  <\/span><\/a><\/div>\n<\/div>\n<\/div>\n<div class=\"extra-articol alte-articole\">\n<div class=\"row\">\n<div class=\"col-lg-6 bloc-egal\">\n<div class=\"card articol-listing\">\n<h6>\u00cen categoria <a href=\"https:\/\/ziaruldevrancea.ro\/special\/sport\">Sport<\/a><\/h6>\n<div class=\"grup-articol-listing\">\n<div class=\"cont-pils\"><a href=\"https:\/\/ziaruldevrancea.ro\/special\/sport\/vrancea-la-un-pas-de-podiumul-european-la-sah-darius-cristian-pana-incheie-neinvins-campionatul-european-pe-echipe-u12\"><img decoding=\"async\" src=\"https:\/\/zdvi.cname.ro\/180_135\/special\/sport\/vrancea-la-un-pas-de-podiumul-european-la-sah-darius-cristian-pana-incheie-neinvins-campionatul-european-pe-echipe-u12\/mediaPool\/un6118b.jpg\" class=\"img-responsive img-180\" alt><\/a><\/div>\n<h2><a class=\"link-titlu\" href=\"https:\/\/ziaruldevrancea.ro\/special\/sport\/vrancea-la-un-pas-de-podiumul-european-la-sah-darius-cristian-pana-incheie-neinvins-campionatul-european-pe-echipe-u12\">Vrancea, la un pas de podiumul european la \u0219ah! Darius Cristian Pan\u0103 \u00eencheie ne\u00eenvins Campionatul European pe Echipe U12<\/a><\/h2>\n<div class=\"date-post\"><a href=\"https:\/\/ziaruldevrancea.ro\/autor\/eduard-dascalu\">Eduard Dasc\u0103lu<\/a>,  2 aug 2026  <\/div>\n<\/div>\n<div class=\"grup-articol-listing\">\n<div class=\"cont-pils\"><a href=\"https:\/\/ziaruldevrancea.ro\/special\/sport\/karate-de-performanta-in-vrancea-cinci-sportivi-de-la-cs-satori-focsani-remarcati-la-selectia-lotului-national-skdun\"><img decoding=\"async\" src=\"https:\/\/zdvi.cname.ro\/180_135\/special\/sport\/karate-de-performanta-in-vrancea-cinci-sportivi-de-la-cs-satori-focsani-remarcati-la-selectia-lotului-national-skdun\/mediaPool\/u30Rjno.jpg\" class=\"img-responsive img-180\" alt><\/a><\/div>\n<h2><a class=\"link-titlu\" href=\"https:\/\/ziaruldevrancea.ro\/special\/sport\/karate-de-performanta-in-vrancea-cinci-sportivi-de-la-cs-satori-focsani-remarcati-la-selectia-lotului-national-skdun\">Karate de performan\u021b\u0103 \u00een Vrancea: cinci sportivi de la CS Satori Foc\u0219ani, remarca\u021bi la selec\u021bia Lotului Na\u021bional SKDUN<\/a><\/h2>\n<div class=\"date-post\"><a href=\"https:\/\/ziaruldevrancea.ro\/autor\/eduard-dascalu\">Eduard Dasc\u0103lu<\/a>,  2 aug 2026  <\/div>\n<\/div>\n<div class=\"grup-articol-listing\">\n<div class=\"cont-pils\"><a href=\"https:\/\/ziaruldevrancea.ro\/special\/sport\/foto-vrancea-din-nou-pe-podiumul-aeromodelismului-romanesc\"><img decoding=\"async\" src=\"https:\/\/zdvi.cname.ro\/180_135\/special\/sport\/foto-vrancea-din-nou-pe-podiumul-aeromodelismului-romanesc\/mediaPool\/uOoxfgP.jpg\" class=\"img-responsive img-180\" alt><\/a><\/div>\n<h2><a class=\"link-titlu\" href=\"https:\/\/ziaruldevrancea.ro\/special\/sport\/foto-vrancea-din-nou-pe-podiumul-aeromodelismului-romanesc\">Foto | Vrancea, din nou pe podiumul aeromodelismului rom\u00e2nesc<\/a><\/h2>\n<div class=\"date-post\"><a href=\"https:\/\/ziaruldevrancea.ro\/autor\/eduard-dascalu\">Eduard Dasc\u0103lu<\/a>,  2 aug 2026  <\/div>\n<\/div>\n<\/div>\n<\/div>\n<div class=\"col-lg-6 bloc-egal\">\n<div class=\"card articol-listing\">\n<h6>De acela\u0219i <a href=\"https:\/\/ziaruldevrancea.ro\/autor\/eduard-dascalu\/\">autor<\/a><\/h6>\n<div class=\"grup-articol-listing\">\n<div class=\"cont-pils\"><a href=\"https:\/\/ziaruldevrancea.ro\/promo\/brand-voice\/bazinul-de-inot-din-focsani-isi-amana-redeschiderea-pana-pe-8-august\"><img decoding=\"async\" src=\"https:\/\/zdvi.cname.ro\/180_135\/promo\/brand-voice\/bazinul-de-inot-din-focsani-isi-amana-redeschiderea-pana-pe-8-august\/mediaPool\/uZJhRn5.jpg\" class=\"img-responsive img-180\" alt><\/a><\/div>\n<h2><a class=\"link-titlu\" href=\"https:\/\/ziaruldevrancea.ro\/promo\/brand-voice\/bazinul-de-inot-din-focsani-isi-amana-redeschiderea-pana-pe-8-august\">Bazinul de \u00cenot din Foc\u0219ani \u00ee\u0219i am\u00e2n\u0103 redeschiderea p\u00e2n\u0103 pe 8 august<\/a><\/h2>\n<div class=\"date-post\"><a href=\"https:\/\/ziaruldevrancea.ro\/autor\/eduard-dascalu\">Eduard Dasc\u0103lu<\/a>, 31 iul 2026  <\/div>\n<\/div>\n<div class=\"grup-articol-listing\">\n<div class=\"cont-pils\"><a href=\"https:\/\/ziaruldevrancea.ro\/promo\/brand-voice\/clubul-de-fitness-city-gym-din-focsani-intra-intr-o-retea-nationala\"><img decoding=\"async\" src=\"https:\/\/zdvi.cname.ro\/180_135\/promo\/brand-voice\/clubul-de-fitness-city-gym-din-focsani-intra-intr-o-retea-nationala\/mediaPool\/unOJ3Dk.jpg\" class=\"img-responsive img-180\" alt><\/a><\/div>\n<h2><a class=\"link-titlu\" href=\"https:\/\/ziaruldevrancea.ro\/promo\/brand-voice\/clubul-de-fitness-city-gym-din-focsani-intra-intr-o-retea-nationala\">Clubul de fitness City Gym din Foc\u0219ani intr\u0103 \u00eentr-o re\u021bea na\u021bional\u0103<\/a><\/h2>\n<div class=\"date-post\"><a href=\"https:\/\/ziaruldevrancea.ro\/autor\/eduard-dascalu\">Eduard Dasc\u0103lu<\/a>, 30 iul 2026  <\/div>\n<\/div>\n<div class=\"grup-articol-listing\">\n<div class=\"cont-pils\"><a href=\"https:\/\/ziaruldevrancea.ro\/special\/sport\/vrancea-urca-pe-podium-la-cupa-buzaului-2026.-aeromodelistii-centrului-cultural-vrancea-au-obtinut-mai-multe-clasari-pe-primele-locuri\"><img decoding=\"async\" src=\"https:\/\/zdvi.cname.ro\/180_135\/special\/sport\/vrancea-urca-pe-podium-la-cupa-buzaului-2026.-aeromodelistii-centrului-cultural-vrancea-au-obtinut-mai-multe-clasari-pe-primele-locuri\/mediaPool\/uTSRN1O.jpg\" class=\"img-responsive img-180\" alt><\/a><\/div>\n<h2><a class=\"link-titlu\" href=\"https:\/\/ziaruldevrancea.ro\/special\/sport\/vrancea-urca-pe-podium-la-cupa-buzaului-2026.-aeromodelistii-centrului-cultural-vrancea-au-obtinut-mai-multe-clasari-pe-primele-locuri\">Vrancea urc\u0103 pe podium la \u201eCupa Buz\u0103ului\u201d 2026. Aeromodeli\u0219tii Centrului Cultural Vrancea au ob\u021binut mai multe clas\u0103ri pe primele locuri<\/a><\/h2>\n<div class=\"date-post\"><a href=\"https:\/\/ziaruldevrancea.ro\/autor\/eduard-dascalu\">Eduard Dasc\u0103lu<\/a>, 30 iul 2026  <\/div>\n<\/div>\n<\/div>\n<\/div>\n<\/div>\n<\/div>\n<div class=\"extra-articol listing-anunturi\">\n<h6>Anun\u021buri <span class=\"text-primary\">ZdV<\/span> Premium<\/h6>\n<div class=\"row\">\n<div class=\"col-lg-4 col-md-6 bloc-egal\"><a class=\"card-anunt\" href=\"https:\/\/ziaruldevrancea.ro\/anunturi\/angajari\/cereri-angajari\/doresc-angajare-anunt-72815\"><strong class=\"titlu\">Cereri<\/strong><span class=\"text-anunt\">Doresc s\u0103 am grij\u0103 de un copil de gradini\u021b\u0103&#8230;<\/span><span class=\"data-anunt\">21.07.2026  <\/span><\/a><\/div>\n<div class=\"col-lg-4 col-md-6 bloc-egal\"><a class=\"card-anunt\" href=\"https:\/\/ziaruldevrancea.ro\/anunturi\/inchirieri\/locuinte-oferte\/primesc-in-gazda-anunt-72816\"><strong class=\"titlu\">Locuin\u021be oferte<\/strong><span class=\"text-anunt\">\u00a0Primesc \u00een gazd\u0103 la cas\u0103.<\/p>\n<p>Tel&#8230;.<\/span><span class=\"data-anunt\">21.07.2026  <\/span><\/a><\/div>\n<div class=\"col-lg-4 col-md-6 bloc-egal\"><a class=\"card-anunt\" href=\"https:\/\/ziaruldevrancea.ro\/anunturi\/inchirieri\/locuinte-oferte\/primesc-in-gazda-anunt-72817\"><strong class=\"titlu\">Locuin\u021be oferte<\/strong><span class=\"text-anunt\">Primesc \u00een gazd\u0103 la bloc o elev\u0103. <\/p>\n<p>Tel&#8230;.<\/span><span class=\"data-anunt\">21.07.2026  <\/span><\/a><\/div>\n<\/div>\n<\/div>\n<div class=\"bloc-widget widget-albastru\">\n    Ziarul de Vrancea \u00a0nu este responsabil juridic pentru con\u0163inutul textelor din comentariile de mai jos. Responsabilitatea pentru mesajele dumneavoastra v\u0103 revine \u00een exclusivitate.\n<\/div>\n<div class=\"comentarii-articol\" id=\"comentarii\">\n<h3>Comentarii: <span class=\"text-primary\">0<\/span><\/h3>\n<p><a href=\"https:\/\/ziaruldevrancea.ro\/special\/sport\/vrancea-are-un-reprezentant-la-campionatul-european-de-sah-pe-echipe-u12.-darius-cristian-pana-joaca-pentru-romania-la-pardubice\" class=\"btn btn-success btn-adauga-com\" data-toggle=\"modal\" data-parent=\"0\" data-target=\"#commentModal\">Adaug\u0103 comentariu<\/a><\/p>\n<div class=\"loadMask comments-mask\"><img decoding=\"async\" src=\"https:\/\/zdvs.cname.ro\/images\/loader_40.gif\"><\/div>\n<div class=\"comenteaza-jos\">Trebuie s\u0103 fii <a href=\"https:\/\/ziaruldevrancea.ro\/account\">autentificat<\/a> pentru a putea <a href=\"https:\/\/ziaruldevrancea.ro\/special\/sport\/vrancea-are-un-reprezentant-la-campionatul-european-de-sah-pe-echipe-u12.-darius-cristian-pana-joaca-pentru-romania-la-pardubice\" class data-toggle=\"modal\" data-parent=\"0\" data-target=\"#commentModal\">posta un comentariu<\/a>.<\/div>\n<\/div>\n<div class=\"modal fade\" id=\"commentModal\" role=\"dialog\" aria-labelledby=\"commentModalLabel\">\n<div class=\"modal-dialog modal-lg\" role=\"document\">\n<div class=\"modal-content\">\n<div class=\"modal-header\">\n<h3 class=\"modal-title\" id=\"commentModalLabel\">Comenteaz\u0103<\/h3>\n<\/div>\n<div class=\"modal-body\">\n<div class=\"tabel tabel-full\">\n<div class=\"celula\">\n              Trebuie s\u0103 fii <a href=\"https:\/\/ziaruldevrancea.ro\/account\">autentificat<\/a> pentru a putea posta un comentariu.\n            <\/div>\n<\/div>\n<\/div>\n<div class=\"modal-footer\">\n<div id=\"commentPending\" class=\"formPending pull-left\"><img decoding=\"async\" src=\"https:\/\/zdvs.cname.ro\/images\/loader_40.gif\"> In curs de procesare&#8230;<\/div>\n<p><a href=\"https:\/\/ziaruldevrancea.ro\/special\/sport\/vrancea-are-un-reprezentant-la-campionatul-european-de-sah-pe-echipe-u12.-darius-cristian-pana-joaca-pentru-romania-la-pardubice\" class=\"btn btn-default\" data-dismiss=\"modal\">Anuleaz\u0103<\/a><\/div>\n<\/div>\n<\/div>\n<\/div>\n<div class=\"modal fade\" id=\"commentReportModal\" role=\"dialog\" aria-labelledby=\"commentReportModalLabel\">\n<div class=\"modal-dialog modal-lg\" role=\"document\">\n<div class=\"modal-content\">\n<div class=\"modal-header\">\n<h3 class=\"modal-title\" id=\"commentReportModalLabel\">Raporteaza comentariu<\/h3>\n<\/div>\n<div class=\"modal-body\">\n<div class=\"tabel tabel-full\">\n<div class=\"celula\">\n              Trebuie s\u0103 fii <a href=\"https:\/\/ziaruldevrancea.ro\/account\">autentificat<\/a> pentru a putea raporta un comentariu.\n            <\/div>\n<\/div>\n<\/div>\n<div class=\"modal-footer\">\n<div id=\"commentReportPending\" class=\"formPending pull-left\"><img decoding=\"async\" src=\"https:\/\/zdvs.cname.ro\/images\/loader_40.gif\"> In curs de procesare&#8230;<\/div>\n<p><a href=\"https:\/\/ziaruldevrancea.ro\/special\/sport\/vrancea-are-un-reprezentant-la-campionatul-european-de-sah-pe-echipe-u12.-darius-cristian-pana-joaca-pentru-romania-la-pardubice\" class=\"btn btn-default\" data-dismiss=\"modal\">Anuleaz\u0103<\/a><\/div>\n<\/div>\n<\/div>\n<\/div>\n<div class=\"modal fade\" id=\"commentLikeModal\" role=\"dialog\" aria-labelledby=\"commentLikeModalLabel\">\n<div class=\"modal-dialog modal-lg\" role=\"document\">\n<div class=\"modal-content\">\n<div class=\"modal-header\">\n<h3 class=\"modal-title\" id=\"commentReportModalLabel\">Apreciaza comentariu<\/h3>\n<\/div>\n<div class=\"modal-body\">\n<div class=\"tabel tabel-full\">\n<div class=\"celula\">\n            Trebuie s\u0103 fii <a href=\"https:\/\/ziaruldevrancea.ro\/account\">autentificat<\/a> pentru a putea aprecia un comentariu.\n          <\/div>\n<\/div>\n<\/div>\n<div class=\"modal-footer\"><a href=\"https:\/\/ziaruldevrancea.ro\/special\/sport\/vrancea-are-un-reprezentant-la-campionatul-european-de-sah-pe-echipe-u12.-darius-cristian-pana-joaca-pentru-romania-la-pardubice\" class=\"btn btn-default\" data-dismiss=\"modal\">Anuleaz\u0103<\/a><\/div>\n<\/div>\n<\/div>\n<\/div>\n<div class=\"bloc-widget widget-rosu\"><span><small>Ziarul de Vrancea doreste ca acest site sa fie un spatiu al discutiilor civilizate, al comentariilor de bun simt. Din acest motiv, cei care posteaza comentarii la articole trebuie sa respecte urmatoarele reguli:<br \/>\n1. Sa se refere doar la articolul la care posteaza comentarii.<br \/>\n2. Sa foloseasca un limbaj civilizat, fara injurii, calomnii, comentarii antisemite, xenofobe sau rasiste.<br \/>\n3. Sunt interzise atacurile la adresa autorilor, daca acestea nu au legatura cu textul.<br \/>\n4. Username-ul sa nu fie nume de personalitati ale vietii publice sau parodieri ale acestora.<br \/>\nAutorul unui articol poate fi criticat pentru eventuale greseli, incoerenta, lipsa de documentare etc.<br \/>\nNerespectarea regulilor mentionate mai sus va duce la stergerea comentariilor, fara avertisment si fara explicatii.<br \/>\nAbaterile repetate vor avea drept consecinta interdictia accesului la aceasta facilitate a site-ului.<\/small><\/span><\/div>\n<\/div>\n<p>[analyse_source url=&#8221;https:\/\/ziaruldevrancea.ro\/special\/sport\/vrancea-are-un-reprezentant-la-campionatul-european-de-sah-pe-echipe-u12.-darius-cristian-pana-joaca-pentru-romania-la-pardubice&#8221;]<\/p>\n","protected":false},"excerpt":{"rendered":"<p>[analyse_image type=&#8221;featured&#8221; src=&#8221;https:\/\/zdvi.cname.ro\/_\/vrancea-are-un-reprezentant-la-campionatul-european-de-sah-pe-echipe-u12.-darius-cristian-pana-joaca-pentru-romania-la-pardubice\/mediaPool\/uKyCkAm.jpeg&#8221;] Sport Vrancea are un reprezentant la Campionatul European de \u0218ah pe Echipe U12. Darius Cristian Pan\u0103 joac\u0103 pentru Rom\u00e2nia la Pardubice Distribuie: \u00a0 | Eduard Dasc\u0103lu 25 iul 2026923 vizualiz\u0103ri T\u00e2n\u0103rul \u0219ahist foc\u0219\u0103nean \u00een v\u00e2rst\u0103 de 11 ani\u00a0selec\u021bionat de Federa\u021bia Rom\u00e2n\u0103 de \u0218ah \u00een echipa na\u021bional\u0103 a Rom\u00e2niei, particip\u0103 \u00eentre 25 iulie [&hellip;]<\/p>\n","protected":false},"author":1,"featured_media":0,"comment_status":"open","ping_status":"","sticky":false,"template":"","format":"standard","meta":{"footnotes":""},"categories":[89],"tags":[226,208],"class_list":["post-2073947","post","type-post","status-publish","format-standard","hentry","category-romania","tag-crawlmanager","tag-ziaruldevrancea-ro"],"_links":{"self":[{"href":"https:\/\/analyse.optim.biz\/index.php?rest_route=\/wp\/v2\/posts\/2073947","targetHints":{"allow":["GET"]}}],"collection":[{"href":"https:\/\/analyse.optim.biz\/index.php?rest_route=\/wp\/v2\/posts"}],"about":[{"href":"https:\/\/analyse.optim.biz\/index.php?rest_route=\/wp\/v2\/types\/post"}],"author":[{"embeddable":true,"href":"https:\/\/analyse.optim.biz\/index.php?rest_route=\/wp\/v2\/users\/1"}],"replies":[{"embeddable":true,"href":"https:\/\/analyse.optim.biz\/index.php?rest_route=%2Fwp%2Fv2%2Fcomments&post=2073947"}],"version-history":[{"count":0,"href":"https:\/\/analyse.optim.biz\/index.php?rest_route=\/wp\/v2\/posts\/2073947\/revisions"}],"wp:attachment":[{"href":"https:\/\/analyse.optim.biz\/index.php?rest_route=%2Fwp%2Fv2%2Fmedia&parent=2073947"}],"wp:term":[{"taxonomy":"category","embeddable":true,"href":"https:\/\/analyse.optim.biz\/index.php?rest_route=%2Fwp%2Fv2%2Fcategories&post=2073947"},{"taxonomy":"post_tag","embeddable":true,"href":"https:\/\/analyse.optim.biz\/index.php?rest_route=%2Fwp%2Fv2%2Ftags&post=2073947"}],"curies":[{"name":"wp","href":"https:\/\/api.w.org\/{rel}","templated":true}]}}