{"id":2073946,"date":"2026-07-24T00:00:00","date_gmt":"2026-07-23T21:00:00","guid":{"rendered":"https:\/\/analyse.optim.biz\/?p=2073946"},"modified":"2026-07-24T00:00:00","modified_gmt":"2026-07-23T21:00:00","slug":"csm-adjud-continua-campania-de-transferuri-un-fundas-de-la-fc-botosani-si-un-portar-vrancean-intaresc-lotul","status":"publish","type":"post","link":"https:\/\/analyse.optim.biz\/?p=2073946","title":{"rendered":"CSM Adjud continu\u0103 campania de transferuri: un funda\u0219 de la FC Boto\u0219ani \u0219i un portar vr\u00e2ncean \u00eent\u0103resc lotul"},"content":{"rendered":"<p>[analyse_image type=&#8221;featured&#8221; src=&#8221;https:\/\/zdvi.cname.ro\/_\/csm-adjud-continua-campania-de-transferuri-un-fundas-de-la-fc-botosani-si-un-portar-vrancean-intaresc-lotul\/mediaPool\/uRpdDrd.jpg&#8221;]<\/p>\n<div class=\"main-content detaliu-articol\"><a class=\"titlu-cat-list\" href=\"https:\/\/ziaruldevrancea.ro\/special\/sport\">Sport<\/a><\/p>\n<h1>CSM Adjud continu\u0103 campania de transferuri: un funda\u0219 de la FC Boto\u0219ani \u0219i un portar vr\u00e2ncean \u00eent\u0103resc lotul<\/h1>\n<div class=\"date-articol clearfix\">\n<div class=\"distribuie-articol dropdown\">\n    Distribuie: \u00a0<br \/>\n    <em>|<\/em><\/div>\n<div class=\"autor-articol\"><a href=\"https:\/\/ziaruldevrancea.ro\/autor\/eduard-dascalu\/\"><img decoding=\"async\" class=\"img-circle\" src=\"https:\/\/zdvi.cname.ro\/50_50\/articleAuthor\/eduard-dascalu\/articleAuthor\/uMGQuqd.jpeg\" alt><\/a><\/p>\n<h5><a href=\"https:\/\/ziaruldevrancea.ro\/autor\/eduard-dascalu\/\">Eduard Dasc\u0103lu<\/a><\/h5>\n<div class=\"grup-spatiere\"><span class=\"cu-spatiere\">24 iul 2026<\/span><span class=\"cu-spatiere\">769 vizualiz\u0103ri<\/span><\/div>\n<\/div>\n<\/div>\n<div class=\"poza-mare\">\n<div class=\"poza-mare galerie-detaliu\">\n<div id=\"carousel-poza-mare\" class=\"carousel slide carusel-poza\" data-ride=\"carousel\" data-interval=\"0\">\n<div class=\"carousel-inner\" role=\"listbox\">\n<div class=\"item imagine-carusel active\"><a href class=\"openGallery\"><img decoding=\"async\" class=\"img-responsive\" src=\"https:\/\/zdvi.cname.ro\/850_530\/csm-adjud-continua-campania-de-transferuri-un-fundas-de-la-fc-botosani-si-un-portar-vrancean-intaresc-lotul\/article\/mediaPool\/uRpdDrd.jpg\" alt><\/a><\/div>\n<div class=\"item imagine-carusel \"><a href class=\"openGallery\"><img decoding=\"async\" class=\"img-responsive\" src=\"https:\/\/zdvi.cname.ro\/850_530\/csm-adjud-continua-campania-de-transferuri-un-fundas-de-la-fc-botosani-si-un-portar-vrancean-intaresc-lotul\/article\/mediaPool\/uZf7Sqr.jpg\" alt><\/a><\/div>\n<div class=\"item imagine-carusel \"><a href class=\"openGallery\"><img decoding=\"async\" class=\"img-responsive\" src=\"https:\/\/zdvi.cname.ro\/850_530\/csm-adjud-continua-campania-de-transferuri-un-fundas-de-la-fc-botosani-si-un-portar-vrancean-intaresc-lotul\/article\/mediaPool\/uK74923.jpg\" alt><\/a><\/div>\n<\/div>\n<\/div>\n<div id=\"carousel-poze-mici\" class=\"carousel slide carusel-mici\" data-ride=\"carousel\" data-interval=\"0\">\n<div class=\"carousel-inner\" role=\"listbox\">\n<div class=\"item active\">\n<ul class=\"navigare-carusel-imagini\">\n<li data-target=\"#carousel-poza-mare\" data-slide-to=\"0\"><img decoding=\"async\" class=\"img-responsive\" src=\"https:\/\/zdvi.cname.ro\/_90\/csm-adjud-continua-campania-de-transferuri-un-fundas-de-la-fc-botosani-si-un-portar-vrancean-intaresc-lotul\/article\/mediaPool\/uRpdDrd.jpg\" alt><\/li>\n<li data-target=\"#carousel-poza-mare\" data-slide-to=\"1\"><img decoding=\"async\" class=\"img-responsive\" src=\"https:\/\/zdvi.cname.ro\/_90\/csm-adjud-continua-campania-de-transferuri-un-fundas-de-la-fc-botosani-si-un-portar-vrancean-intaresc-lotul\/article\/mediaPool\/uZf7Sqr.jpg\" alt><\/li>\n<li data-target=\"#carousel-poza-mare\" data-slide-to=\"2\"><img decoding=\"async\" class=\"img-responsive\" src=\"https:\/\/zdvi.cname.ro\/_90\/csm-adjud-continua-campania-de-transferuri-un-fundas-de-la-fc-botosani-si-un-portar-vrancean-intaresc-lotul\/article\/mediaPool\/uK74923.jpg\" alt><\/li>\n<\/ul>\n<\/div>\n<\/div>\n<\/div>\n<\/div>\n<\/div>\n<p><strong>Mario Feraru, \u00eemprumutat de la FC Boto\u0219ani, \u0219i Nicolae Mazilu, portar format la Inizio Foc\u0219ani, sunt cele mai noi achizi\u021bii ale CSM Adjud \u00eenaintea noului sezon competi\u021bional.<\/strong><\/p>\n<p><strong>CSM Adjud continu\u0103 campania de transferuri: un funda\u0219 de la FC Boto\u0219ani \u0219i un portar vr\u00e2ncean \u00eent\u0103resc lotul<\/strong><\/p>\n<p>CSM Adjud continu\u0103 s\u0103 \u00ee\u0219i consolideze lotul \u00eenaintea startului noului sezon, iar \u00een decurs de dou\u0103 zile clubul a anun\u021bat \u00eenc\u0103 dou\u0103 transferuri. Este vorba despre funda\u0219ul <strong>Mario Feraru<\/strong>, venit sub form\u0103 de \u00eemprumut de la <strong>FC Boto\u0219ani<\/strong>, \u0219i despre t\u00e2n\u0103rul portar <strong>Nicolae Mazilu<\/strong>, un juc\u0103tor originar din Vrancea, format la academia <strong>Inizio Foc\u0219ani<\/strong> \u0219i transferat de la <strong>FC Bac\u0103u<\/strong>.<\/p>\n<p>Cele dou\u0103 mut\u0103ri au fost prezentate oficial prin post\u0103ri publicate pe pagina de Facebook a <strong>CSM Adjud 1946<\/strong>, \u00een zilele de 23 \u0219i 24 iulie 2026.<\/p>\n<p><strong>Mario Feraru, \u00eemprumut de la FC Boto\u0219ani<\/strong><\/p>\n<p>Vineri, 24 iulie, conducerea clubului a anun\u021bat sosirea funda\u0219ului <strong>Mario Feraru<\/strong>, n\u0103scut \u00een anul <strong>2008<\/strong>, care va evolua pentru CSM Adjud sub form\u0103 de \u00eemprumut de la <strong>FC Boto\u0219ani<\/strong>.<\/p>\n<p>Prin aducerea sa, forma\u021bia vr\u00e2ncean\u0103 \u00ee\u0219i propune s\u0103 ofere mai multe solu\u021bii pentru compartimentul defensiv, miz\u00e2nd pe un fotbalist t\u00e2n\u0103r, aflat \u00eentr-o etap\u0103 important\u0103 a dezvolt\u0103rii sale sportive.<\/p>\n<p>Clubul i-a transmis noului juc\u0103tor un mesaj de bun venit \u0219i succes \u00een tricoul alb-albastru.<\/p>\n<p><strong>Nicolae Mazilu revine \u00een fotbalul vr\u00e2ncean<\/strong><\/p>\n<p>Cu o zi \u00eenainte, CSM Adjud a oficializat \u0219i transferul portarului <strong>Nicolae Mazilu<\/strong>, n\u0103scut \u00een <strong>2009<\/strong>, care vine de la <strong>FC Bac\u0103u<\/strong>.<\/p>\n<p>Originar din jude\u021bul Vrancea, Nicolae Mazilu a fost format la academia <strong>Inizio Foc\u0219ani<\/strong>, una dintre \u0219colile de fotbal care au contribuit la preg\u0103tirea sa. Transferul reprezint\u0103 o revenire \u00een fotbalul vr\u00e2ncean \u0219i ofer\u0103 clubului o variant\u0103 t\u00e2n\u0103r\u0103 pentru postul de portar.<\/p>\n<p>\u00cen mesajul publicat pe pagina oficial\u0103, reprezentan\u021bii clubului i-au urat s\u0103n\u0103tate, putere de munc\u0103 \u0219i c\u00e2t mai multe evolu\u021bii reu\u0219ite.<\/p>\n<p><strong>Strategie bazat\u0103 pe juc\u0103tori tineri<\/strong><\/p>\n<p>Prin cele dou\u0103 mut\u0103ri, CSM Adjud confirm\u0103 direc\u021bia adoptat\u0103 \u00een aceast\u0103 perioad\u0103 de mercato, aceea de a integra \u00een lot juc\u0103tori tineri cu poten\u021bial de dezvoltare.<\/p>\n<p>Transferul lui Mario Feraru, de la un club din SuperLig\u0103, \u0219i revenirea \u00een jude\u021b a portarului vr\u00e2ncean Nicolae Mazilu completeaz\u0103 lotul forma\u021biei adjudene \u00eenaintea noului sezon \u0219i ofer\u0103 staff-ului tehnic solu\u021bii suplimentare \u00een compartimentul defensiv.<\/p>\n<p>R\u0103m\u00e2ne de v\u0103zut c\u00e2nd cei doi juc\u0103tori vor debuta oficial \u00een tricoul CSM Adjud, \u00eens\u0103 ambele transferuri se \u00eenscriu \u00een strategia clubului de a construi un lot competitiv \u0219i de a valorifica poten\u021bialul tinerilor fotbali\u0219ti.<\/p>\n<p><strong>Echipa de fotbal CSM Adjud transfer\u0103 un portar vr\u00e2ncean de perspectiv\u0103<\/strong><\/p>\n<p><strong>Nicolae Mazilu, fost juc\u0103tor al FC Bac\u0103u, revine acas\u0103.<\/strong><\/p>\n<p><strong>Originar din Vrancea \u0219i format la academia Inizio Foc\u0219ani, Nicolae Mazilu (17 ani) este noul portar al CSM Adjud. Clubul mizeaz\u0103 pe dezvoltarea unui t\u00e2n\u0103r talent crescut \u00een fotbalul vr\u00e2ncean.<\/strong><\/p>\n<hr>\n<p><strong>Echipa de fotbal CSM Adjud transfer\u0103 un portar vr\u00e2ncean de perspectiv\u0103: Nicolae Mazilu, fost juc\u0103tor al FC Bac\u0103u, revine acas\u0103<\/strong><\/p>\n<p>CSM Adjud continu\u0103 s\u0103 \u00ee\u0219i contureze lotul pentru noul sezon competi\u021bional \u0219i anun\u021b\u0103 transferul portarului <strong>Nicolae Mazilu<\/strong>, unul dintre tinerii juc\u0103tori de perspectiv\u0103 proveni\u021bi din fotbalul vr\u00e2ncean. N\u0103scut \u00een anul <strong>2009<\/strong>, goalkeeperul ajunge la forma\u021bia adjudean\u0103 de la <strong>FC Bac\u0103u<\/strong>, dup\u0103 ce primii pa\u0219i \u00een fotbal i-a f\u0103cut la academia <strong>Inizio Foc\u0219ani<\/strong>.<\/p>\n<p>Anun\u021bul a fost f\u0103cut de reprezentan\u021bii clubului printr-o postare publicat\u0103 joi, 23 iulie 2026, pe pagina oficial\u0103 de Facebook a <strong>CSM Adjud 1946<\/strong>.<\/p>\n<p>Potrivit clubului, transferul are ca obiectiv consolidarea compartimentului defensiv, iar oficialii consider\u0103 c\u0103 experien\u021ba acumulat\u0103 de Nicolae Mazilu \u00een perioada petrecut\u0103 la FC Bac\u0103u poate reprezenta un plus pentru echip\u0103.<\/p>\n<p>Un aspect remarcat de club este faptul c\u0103 noul portar este <strong>vr\u00e2ncean<\/strong>, fiind format la <strong>Inizio Foc\u0219ani<\/strong>, academie care a contribuit la dezvoltarea sa \u00een primii ani de activitate fotbalistic\u0103. Transferul reprezint\u0103 astfel \u0219i o revenire \u00een fotbalul jude\u021bean, unde va evolua \u00een tricoul alb-albastru al CSM Adjud.<\/p>\n<p>\u00cen mesajul transmis odat\u0103 cu prezentarea oficial\u0103, conducerea clubului i-a urat portarului s\u0103n\u0103tate, putere de munc\u0103 \u0219i c\u00e2t mai multe evolu\u021bii reu\u0219ite \u00een noua echip\u0103.<\/p>\n<p>Transferul lui Nicolae Mazilu confirm\u0103 orientarea CSM Adjud c\u0103tre promovarea \u0219i dezvoltarea tinerilor juc\u0103tori, \u00een special a celor proveni\u021bi din jude\u021bul Vrancea, strategie care poate contribui pe termen lung la consolidarea fotbalului local.<\/p>\n<p>R\u0103m\u00e2ne de v\u0103zut c\u00e2nd \u00ee\u0219i va face debutul oficial \u00een poarta forma\u021biei adjudene, \u00eens\u0103 venirea sa ofer\u0103 o nou\u0103 op\u021biune pentru postul de portar \u0219i completeaz\u0103 lotul \u00eenaintea debutului noului sezon.<\/p>\n<p><strong>Eduard Dasc\u0103lu\u00a0<\/strong><\/p>\n<hr>\n<div class=\"bloc-widget widget-rosu\">\n<p>\u00cen lipsa unui acord scris din partea Ziarului de Vrancea, pute\u0163i prelua maxim 500 de caractere din acest articol dac\u0103 preciza\u0163i sursa \u015fi insera\u0163i vizibil link-ul articolului:\u00a0<span>#insertcurrentlinkhere<\/span><\/p>\n<\/div>\n<div class=\"extra-articol listing-anunturi\">\n<h6>Anun\u021buri <span class=\"text-primary\">ZdV<\/span> Premium<\/h6>\n<div class=\"row\">\n<div class=\"col-lg-4 col-md-6 bloc-egal\"><a class=\"card-anunt\" href=\"https:\/\/ziaruldevrancea.ro\/anunturi\/imobiliare\/vanzari-terenuri\/vand-teren-in-panciu\"><strong class=\"titlu\">V\u00e2nz\u0103ri terenuri<\/strong><span class=\"text-anunt\">Teren Panciu 1170 mp, cu num\u0103r cas\u0103, ap\u0103&#8230;<\/span><span class=\"data-anunt\">29.07.2026  <\/span><\/a><\/div>\n<div class=\"col-lg-4 col-md-6 bloc-egal\"><a class=\"card-anunt\" href=\"https:\/\/ziaruldevrancea.ro\/anunturi\/altele\/anulare-acte\/vand-scrumbii-afumate-capturi-dunare\"><strong class=\"titlu\">Vanzari diverse<\/strong><span class=\"text-anunt\">Pret : 117 lei \/ kg . \u00a0 Este&#8230;<\/span><span class=\"data-anunt\">29.07.2026 , Gala\u021bi , Gala\u021bi<\/span><\/a><\/div>\n<div class=\"col-lg-4 col-md-6 bloc-egal\"><a class=\"card-anunt\" href=\"https:\/\/ziaruldevrancea.ro\/anunturi\/imobiliare\/vanzari-case\/vand-casa-si-teren-in-panciu-anunt-72818\"><strong class=\"titlu\">V\u00e2nz\u0103ri case<\/strong><span class=\"text-anunt\">V\u00e2nd cas\u0103 cu 2 camere, buc\u0103t\u0103rie, baie,&#8230;<\/span><span class=\"data-anunt\">23.07.2026  <\/span><\/a><\/div>\n<\/div>\n<\/div>\n<div class=\"extra-articol alte-articole\">\n<div class=\"row\">\n<div class=\"col-lg-6 bloc-egal\">\n<div class=\"card articol-listing\">\n<h6>\u00cen categoria <a href=\"https:\/\/ziaruldevrancea.ro\/special\/sport\">Sport<\/a><\/h6>\n<div class=\"grup-articol-listing\">\n<div class=\"cont-pils\"><a href=\"https:\/\/ziaruldevrancea.ro\/special\/sport\/vrancea-la-un-pas-de-podiumul-european-la-sah-darius-cristian-pana-incheie-neinvins-campionatul-european-pe-echipe-u12\"><img decoding=\"async\" src=\"https:\/\/zdvi.cname.ro\/180_135\/special\/sport\/vrancea-la-un-pas-de-podiumul-european-la-sah-darius-cristian-pana-incheie-neinvins-campionatul-european-pe-echipe-u12\/mediaPool\/un6118b.jpg\" class=\"img-responsive img-180\" alt><\/a><\/div>\n<h2><a class=\"link-titlu\" href=\"https:\/\/ziaruldevrancea.ro\/special\/sport\/vrancea-la-un-pas-de-podiumul-european-la-sah-darius-cristian-pana-incheie-neinvins-campionatul-european-pe-echipe-u12\">Vrancea, la un pas de podiumul european la \u0219ah! Darius Cristian Pan\u0103 \u00eencheie ne\u00eenvins Campionatul European pe Echipe U12<\/a><\/h2>\n<div class=\"date-post\"><a href=\"https:\/\/ziaruldevrancea.ro\/autor\/eduard-dascalu\">Eduard Dasc\u0103lu<\/a>,  2 aug 2026  <\/div>\n<\/div>\n<div class=\"grup-articol-listing\">\n<div class=\"cont-pils\"><a href=\"https:\/\/ziaruldevrancea.ro\/special\/sport\/karate-de-performanta-in-vrancea-cinci-sportivi-de-la-cs-satori-focsani-remarcati-la-selectia-lotului-national-skdun\"><img decoding=\"async\" src=\"https:\/\/zdvi.cname.ro\/180_135\/special\/sport\/karate-de-performanta-in-vrancea-cinci-sportivi-de-la-cs-satori-focsani-remarcati-la-selectia-lotului-national-skdun\/mediaPool\/u30Rjno.jpg\" class=\"img-responsive img-180\" alt><\/a><\/div>\n<h2><a class=\"link-titlu\" href=\"https:\/\/ziaruldevrancea.ro\/special\/sport\/karate-de-performanta-in-vrancea-cinci-sportivi-de-la-cs-satori-focsani-remarcati-la-selectia-lotului-national-skdun\">Karate de performan\u021b\u0103 \u00een Vrancea: cinci sportivi de la CS Satori Foc\u0219ani, remarca\u021bi la selec\u021bia Lotului Na\u021bional SKDUN<\/a><\/h2>\n<div class=\"date-post\"><a href=\"https:\/\/ziaruldevrancea.ro\/autor\/eduard-dascalu\">Eduard Dasc\u0103lu<\/a>,  2 aug 2026  <\/div>\n<\/div>\n<div class=\"grup-articol-listing\">\n<div class=\"cont-pils\"><a href=\"https:\/\/ziaruldevrancea.ro\/special\/sport\/foto-vrancea-din-nou-pe-podiumul-aeromodelismului-romanesc\"><img decoding=\"async\" src=\"https:\/\/zdvi.cname.ro\/180_135\/special\/sport\/foto-vrancea-din-nou-pe-podiumul-aeromodelismului-romanesc\/mediaPool\/uOoxfgP.jpg\" class=\"img-responsive img-180\" alt><\/a><\/div>\n<h2><a class=\"link-titlu\" href=\"https:\/\/ziaruldevrancea.ro\/special\/sport\/foto-vrancea-din-nou-pe-podiumul-aeromodelismului-romanesc\">Foto | Vrancea, din nou pe podiumul aeromodelismului rom\u00e2nesc<\/a><\/h2>\n<div class=\"date-post\"><a href=\"https:\/\/ziaruldevrancea.ro\/autor\/eduard-dascalu\">Eduard Dasc\u0103lu<\/a>,  2 aug 2026  <\/div>\n<\/div>\n<\/div>\n<\/div>\n<div class=\"col-lg-6 bloc-egal\">\n<div class=\"card articol-listing\">\n<h6>De acela\u0219i <a href=\"https:\/\/ziaruldevrancea.ro\/autor\/eduard-dascalu\/\">autor<\/a><\/h6>\n<div class=\"grup-articol-listing\">\n<div class=\"cont-pils\"><a href=\"https:\/\/ziaruldevrancea.ro\/promo\/brand-voice\/bazinul-de-inot-din-focsani-isi-amana-redeschiderea-pana-pe-8-august\"><img decoding=\"async\" src=\"https:\/\/zdvi.cname.ro\/180_135\/promo\/brand-voice\/bazinul-de-inot-din-focsani-isi-amana-redeschiderea-pana-pe-8-august\/mediaPool\/uZJhRn5.jpg\" class=\"img-responsive img-180\" alt><\/a><\/div>\n<h2><a class=\"link-titlu\" href=\"https:\/\/ziaruldevrancea.ro\/promo\/brand-voice\/bazinul-de-inot-din-focsani-isi-amana-redeschiderea-pana-pe-8-august\">Bazinul de \u00cenot din Foc\u0219ani \u00ee\u0219i am\u00e2n\u0103 redeschiderea p\u00e2n\u0103 pe 8 august<\/a><\/h2>\n<div class=\"date-post\"><a href=\"https:\/\/ziaruldevrancea.ro\/autor\/eduard-dascalu\">Eduard Dasc\u0103lu<\/a>, 31 iul 2026  <\/div>\n<\/div>\n<div class=\"grup-articol-listing\">\n<div class=\"cont-pils\"><a href=\"https:\/\/ziaruldevrancea.ro\/promo\/brand-voice\/clubul-de-fitness-city-gym-din-focsani-intra-intr-o-retea-nationala\"><img decoding=\"async\" src=\"https:\/\/zdvi.cname.ro\/180_135\/promo\/brand-voice\/clubul-de-fitness-city-gym-din-focsani-intra-intr-o-retea-nationala\/mediaPool\/unOJ3Dk.jpg\" class=\"img-responsive img-180\" alt><\/a><\/div>\n<h2><a class=\"link-titlu\" href=\"https:\/\/ziaruldevrancea.ro\/promo\/brand-voice\/clubul-de-fitness-city-gym-din-focsani-intra-intr-o-retea-nationala\">Clubul de fitness City Gym din Foc\u0219ani intr\u0103 \u00eentr-o re\u021bea na\u021bional\u0103<\/a><\/h2>\n<div class=\"date-post\"><a href=\"https:\/\/ziaruldevrancea.ro\/autor\/eduard-dascalu\">Eduard Dasc\u0103lu<\/a>, 30 iul 2026  <\/div>\n<\/div>\n<div class=\"grup-articol-listing\">\n<div class=\"cont-pils\"><a href=\"https:\/\/ziaruldevrancea.ro\/special\/sport\/vrancea-urca-pe-podium-la-cupa-buzaului-2026.-aeromodelistii-centrului-cultural-vrancea-au-obtinut-mai-multe-clasari-pe-primele-locuri\"><img decoding=\"async\" src=\"https:\/\/zdvi.cname.ro\/180_135\/special\/sport\/vrancea-urca-pe-podium-la-cupa-buzaului-2026.-aeromodelistii-centrului-cultural-vrancea-au-obtinut-mai-multe-clasari-pe-primele-locuri\/mediaPool\/uTSRN1O.jpg\" class=\"img-responsive img-180\" alt><\/a><\/div>\n<h2><a class=\"link-titlu\" href=\"https:\/\/ziaruldevrancea.ro\/special\/sport\/vrancea-urca-pe-podium-la-cupa-buzaului-2026.-aeromodelistii-centrului-cultural-vrancea-au-obtinut-mai-multe-clasari-pe-primele-locuri\">Vrancea urc\u0103 pe podium la \u201eCupa Buz\u0103ului\u201d 2026. Aeromodeli\u0219tii Centrului Cultural Vrancea au ob\u021binut mai multe clas\u0103ri pe primele locuri<\/a><\/h2>\n<div class=\"date-post\"><a href=\"https:\/\/ziaruldevrancea.ro\/autor\/eduard-dascalu\">Eduard Dasc\u0103lu<\/a>, 30 iul 2026  <\/div>\n<\/div>\n<\/div>\n<\/div>\n<\/div>\n<\/div>\n<div class=\"extra-articol listing-anunturi\">\n<h6>Anun\u021buri <span class=\"text-primary\">ZdV<\/span> Premium<\/h6>\n<div class=\"row\">\n<div class=\"col-lg-4 col-md-6 bloc-egal\"><a class=\"card-anunt\" href=\"https:\/\/ziaruldevrancea.ro\/anunturi\/angajari\/cereri-angajari\/doresc-angajare-anunt-72815\"><strong class=\"titlu\">Cereri<\/strong><span class=\"text-anunt\">Doresc s\u0103 am grij\u0103 de un copil de gradini\u021b\u0103&#8230;<\/span><span class=\"data-anunt\">21.07.2026  <\/span><\/a><\/div>\n<div class=\"col-lg-4 col-md-6 bloc-egal\"><a class=\"card-anunt\" href=\"https:\/\/ziaruldevrancea.ro\/anunturi\/inchirieri\/locuinte-oferte\/primesc-in-gazda-anunt-72816\"><strong class=\"titlu\">Locuin\u021be oferte<\/strong><span class=\"text-anunt\">\u00a0Primesc \u00een gazd\u0103 la cas\u0103.<\/p>\n<p>Tel&#8230;.<\/span><span class=\"data-anunt\">21.07.2026  <\/span><\/a><\/div>\n<div class=\"col-lg-4 col-md-6 bloc-egal\"><a class=\"card-anunt\" href=\"https:\/\/ziaruldevrancea.ro\/anunturi\/inchirieri\/locuinte-oferte\/primesc-in-gazda-anunt-72817\"><strong class=\"titlu\">Locuin\u021be oferte<\/strong><span class=\"text-anunt\">Primesc \u00een gazd\u0103 la bloc o elev\u0103. <\/p>\n<p>Tel&#8230;.<\/span><span class=\"data-anunt\">21.07.2026  <\/span><\/a><\/div>\n<\/div>\n<\/div>\n<div class=\"bloc-widget widget-albastru\">\n    Ziarul de Vrancea \u00a0nu este responsabil juridic pentru con\u0163inutul textelor din comentariile de mai jos. Responsabilitatea pentru mesajele dumneavoastra v\u0103 revine \u00een exclusivitate.\n<\/div>\n<div class=\"comentarii-articol\" id=\"comentarii\">\n<h3>Comentarii: <span class=\"text-primary\">0<\/span><\/h3>\n<p><a href=\"https:\/\/ziaruldevrancea.ro\/special\/sport\/csm-adjud-continua-campania-de-transferuri-un-fundas-de-la-fc-botosani-si-un-portar-vrancean-intaresc-lotul\" class=\"btn btn-success btn-adauga-com\" data-toggle=\"modal\" data-parent=\"0\" data-target=\"#commentModal\">Adaug\u0103 comentariu<\/a><\/p>\n<div class=\"loadMask comments-mask\"><img decoding=\"async\" src=\"https:\/\/zdvs.cname.ro\/images\/loader_40.gif\"><\/div>\n<div class=\"comenteaza-jos\">Trebuie s\u0103 fii <a href=\"https:\/\/ziaruldevrancea.ro\/account\">autentificat<\/a> pentru a putea <a href=\"https:\/\/ziaruldevrancea.ro\/special\/sport\/csm-adjud-continua-campania-de-transferuri-un-fundas-de-la-fc-botosani-si-un-portar-vrancean-intaresc-lotul\" class data-toggle=\"modal\" data-parent=\"0\" data-target=\"#commentModal\">posta un comentariu<\/a>.<\/div>\n<\/div>\n<div class=\"modal fade\" id=\"commentModal\" role=\"dialog\" aria-labelledby=\"commentModalLabel\">\n<div class=\"modal-dialog modal-lg\" role=\"document\">\n<div class=\"modal-content\">\n<div class=\"modal-header\">\n<h3 class=\"modal-title\" id=\"commentModalLabel\">Comenteaz\u0103<\/h3>\n<\/div>\n<div class=\"modal-body\">\n<div class=\"tabel tabel-full\">\n<div class=\"celula\">\n              Trebuie s\u0103 fii <a href=\"https:\/\/ziaruldevrancea.ro\/account\">autentificat<\/a> pentru a putea posta un comentariu.\n            <\/div>\n<\/div>\n<\/div>\n<div class=\"modal-footer\">\n<div id=\"commentPending\" class=\"formPending pull-left\"><img decoding=\"async\" src=\"https:\/\/zdvs.cname.ro\/images\/loader_40.gif\"> In curs de procesare&#8230;<\/div>\n<p><a href=\"https:\/\/ziaruldevrancea.ro\/special\/sport\/csm-adjud-continua-campania-de-transferuri-un-fundas-de-la-fc-botosani-si-un-portar-vrancean-intaresc-lotul\" class=\"btn btn-default\" data-dismiss=\"modal\">Anuleaz\u0103<\/a><\/div>\n<\/div>\n<\/div>\n<\/div>\n<div class=\"modal fade\" id=\"commentReportModal\" role=\"dialog\" aria-labelledby=\"commentReportModalLabel\">\n<div class=\"modal-dialog modal-lg\" role=\"document\">\n<div class=\"modal-content\">\n<div class=\"modal-header\">\n<h3 class=\"modal-title\" id=\"commentReportModalLabel\">Raporteaza comentariu<\/h3>\n<\/div>\n<div class=\"modal-body\">\n<div class=\"tabel tabel-full\">\n<div class=\"celula\">\n              Trebuie s\u0103 fii <a href=\"https:\/\/ziaruldevrancea.ro\/account\">autentificat<\/a> pentru a putea raporta un comentariu.\n            <\/div>\n<\/div>\n<\/div>\n<div class=\"modal-footer\">\n<div id=\"commentReportPending\" class=\"formPending pull-left\"><img decoding=\"async\" src=\"https:\/\/zdvs.cname.ro\/images\/loader_40.gif\"> In curs de procesare&#8230;<\/div>\n<p><a href=\"https:\/\/ziaruldevrancea.ro\/special\/sport\/csm-adjud-continua-campania-de-transferuri-un-fundas-de-la-fc-botosani-si-un-portar-vrancean-intaresc-lotul\" class=\"btn btn-default\" data-dismiss=\"modal\">Anuleaz\u0103<\/a><\/div>\n<\/div>\n<\/div>\n<\/div>\n<div class=\"modal fade\" id=\"commentLikeModal\" role=\"dialog\" aria-labelledby=\"commentLikeModalLabel\">\n<div class=\"modal-dialog modal-lg\" role=\"document\">\n<div class=\"modal-content\">\n<div class=\"modal-header\">\n<h3 class=\"modal-title\" id=\"commentReportModalLabel\">Apreciaza comentariu<\/h3>\n<\/div>\n<div class=\"modal-body\">\n<div class=\"tabel tabel-full\">\n<div class=\"celula\">\n            Trebuie s\u0103 fii <a href=\"https:\/\/ziaruldevrancea.ro\/account\">autentificat<\/a> pentru a putea aprecia un comentariu.\n          <\/div>\n<\/div>\n<\/div>\n<div class=\"modal-footer\"><a href=\"https:\/\/ziaruldevrancea.ro\/special\/sport\/csm-adjud-continua-campania-de-transferuri-un-fundas-de-la-fc-botosani-si-un-portar-vrancean-intaresc-lotul\" class=\"btn btn-default\" data-dismiss=\"modal\">Anuleaz\u0103<\/a><\/div>\n<\/div>\n<\/div>\n<\/div>\n<div class=\"bloc-widget widget-rosu\"><span><small>Ziarul de Vrancea doreste ca acest site sa fie un spatiu al discutiilor civilizate, al comentariilor de bun simt. Din acest motiv, cei care posteaza comentarii la articole trebuie sa respecte urmatoarele reguli:<br \/>\n1. Sa se refere doar la articolul la care posteaza comentarii.<br \/>\n2. Sa foloseasca un limbaj civilizat, fara injurii, calomnii, comentarii antisemite, xenofobe sau rasiste.<br \/>\n3. Sunt interzise atacurile la adresa autorilor, daca acestea nu au legatura cu textul.<br \/>\n4. Username-ul sa nu fie nume de personalitati ale vietii publice sau parodieri ale acestora.<br \/>\nAutorul unui articol poate fi criticat pentru eventuale greseli, incoerenta, lipsa de documentare etc.<br \/>\nNerespectarea regulilor mentionate mai sus va duce la stergerea comentariilor, fara avertisment si fara explicatii.<br \/>\nAbaterile repetate vor avea drept consecinta interdictia accesului la aceasta facilitate a site-ului.<\/small><\/span><\/div>\n<\/div>\n<p>[analyse_source url=&#8221;https:\/\/ziaruldevrancea.ro\/special\/sport\/csm-adjud-continua-campania-de-transferuri-un-fundas-de-la-fc-botosani-si-un-portar-vrancean-intaresc-lotul&#8221;]<\/p>\n","protected":false},"excerpt":{"rendered":"<p>[analyse_image type=&#8221;featured&#8221; src=&#8221;https:\/\/zdvi.cname.ro\/_\/csm-adjud-continua-campania-de-transferuri-un-fundas-de-la-fc-botosani-si-un-portar-vrancean-intaresc-lotul\/mediaPool\/uRpdDrd.jpg&#8221;] Sport CSM Adjud continu\u0103 campania de transferuri: un funda\u0219 de la FC Boto\u0219ani \u0219i un portar vr\u00e2ncean \u00eent\u0103resc lotul Distribuie: \u00a0 | Eduard Dasc\u0103lu 24 iul 2026769 vizualiz\u0103ri Mario Feraru, \u00eemprumutat de la FC Boto\u0219ani, \u0219i Nicolae Mazilu, portar format la Inizio Foc\u0219ani, sunt cele mai noi achizi\u021bii ale CSM Adjud \u00eenaintea [&hellip;]<\/p>\n","protected":false},"author":1,"featured_media":0,"comment_status":"open","ping_status":"","sticky":false,"template":"","format":"standard","meta":{"footnotes":""},"categories":[89],"tags":[226,208],"class_list":["post-2073946","post","type-post","status-publish","format-standard","hentry","category-romania","tag-crawlmanager","tag-ziaruldevrancea-ro"],"_links":{"self":[{"href":"https:\/\/analyse.optim.biz\/index.php?rest_route=\/wp\/v2\/posts\/2073946","targetHints":{"allow":["GET"]}}],"collection":[{"href":"https:\/\/analyse.optim.biz\/index.php?rest_route=\/wp\/v2\/posts"}],"about":[{"href":"https:\/\/analyse.optim.biz\/index.php?rest_route=\/wp\/v2\/types\/post"}],"author":[{"embeddable":true,"href":"https:\/\/analyse.optim.biz\/index.php?rest_route=\/wp\/v2\/users\/1"}],"replies":[{"embeddable":true,"href":"https:\/\/analyse.optim.biz\/index.php?rest_route=%2Fwp%2Fv2%2Fcomments&post=2073946"}],"version-history":[{"count":0,"href":"https:\/\/analyse.optim.biz\/index.php?rest_route=\/wp\/v2\/posts\/2073946\/revisions"}],"wp:attachment":[{"href":"https:\/\/analyse.optim.biz\/index.php?rest_route=%2Fwp%2Fv2%2Fmedia&parent=2073946"}],"wp:term":[{"taxonomy":"category","embeddable":true,"href":"https:\/\/analyse.optim.biz\/index.php?rest_route=%2Fwp%2Fv2%2Fcategories&post=2073946"},{"taxonomy":"post_tag","embeddable":true,"href":"https:\/\/analyse.optim.biz\/index.php?rest_route=%2Fwp%2Fv2%2Ftags&post=2073946"}],"curies":[{"name":"wp","href":"https:\/\/api.w.org\/{rel}","templated":true}]}}