{"id":2073942,"date":"2026-07-29T00:00:00","date_gmt":"2026-07-28T21:00:00","guid":{"rendered":"https:\/\/analyse.optim.biz\/?p=2073942"},"modified":"2026-07-29T00:00:00","modified_gmt":"2026-07-28T21:00:00","slug":"foto-vrancea-in-centrul-sahului-romanesc-56-de-participanti-la-cupa-ziua-imnului-national-organizata-la-focsani","status":"publish","type":"post","link":"https:\/\/analyse.optim.biz\/?p=2073942","title":{"rendered":"Foto | Vrancea, \u00een centrul \u0219ahului rom\u00e2nesc: 56 de participan\u021bi la \u201eCupa Ziua Imnului Na\u021bional\u201d organizat\u0103 la Foc\u0219ani"},"content":{"rendered":"<p>[analyse_image type=&#8221;featured&#8221; src=&#8221;https:\/\/zdvi.cname.ro\/_\/foto-vrancea-in-centrul-sahului-romanesc-56-de-participanti-la-cupa-ziua-imnului-national-organizata-la-focsani\/mediaPool\/uCXIXhp.jpeg&#8221;]<\/p>\n<div class=\"main-content detaliu-articol\"><a class=\"titlu-cat-list\" href=\"https:\/\/ziaruldevrancea.ro\/special\/sport\">Sport<\/a><\/p>\n<h1>Foto | Vrancea, \u00een centrul \u0219ahului rom\u00e2nesc: 56 de participan\u021bi la \u201eCupa Ziua Imnului Na\u021bional\u201d organizat\u0103 la Foc\u0219ani<\/h1>\n<div class=\"date-articol clearfix\">\n<div class=\"distribuie-articol dropdown\">\n    Distribuie: \u00a0<br \/>\n    <em>|<\/em><\/div>\n<div class=\"autor-articol\"><a href=\"https:\/\/ziaruldevrancea.ro\/autor\/anton-soare\/\"><img decoding=\"async\" class=\"img-circle\" src=\"https:\/\/zdvi.cname.ro\/50_50\/articleAuthor\/anton-soare\/articleAuthor\/uBnIbI0.jpg\" alt><\/a><\/p>\n<h5><a href=\"https:\/\/ziaruldevrancea.ro\/autor\/anton-soare\/\">Anton Soare<\/a><\/h5>\n<div class=\"grup-spatiere\"><span class=\"cu-spatiere\">29 iul 2026<\/span><span class=\"cu-spatiere\">600 vizualiz\u0103ri<\/span><\/div>\n<\/div>\n<\/div>\n<div class=\"poza-mare\">\n<div class=\"poza-mare galerie-detaliu\">\n<div id=\"carousel-poza-mare\" class=\"carousel slide carusel-poza\" data-ride=\"carousel\" data-interval=\"0\">\n<div class=\"carousel-inner\" role=\"listbox\">\n<div class=\"item imagine-carusel active\"><a href class=\"openGallery\"><img decoding=\"async\" class=\"img-responsive\" src=\"https:\/\/zdvi.cname.ro\/850_530\/foto-vrancea-in-centrul-sahului-romanesc-56-de-participanti-la-cupa-ziua-imnului-national-organizata-la-focsani\/article\/mediaPool\/uCXIXhp.jpeg\" alt><\/a><\/div>\n<div class=\"item imagine-carusel \"><a href class=\"openGallery\"><img decoding=\"async\" class=\"img-responsive\" src=\"https:\/\/zdvi.cname.ro\/850_530\/foto-vrancea-in-centrul-sahului-romanesc-56-de-participanti-la-cupa-ziua-imnului-national-organizata-la-focsani\/article\/mediaPool\/ucqqyS2.jpeg\" alt><\/a><\/div>\n<div class=\"item imagine-carusel \"><a href class=\"openGallery\"><img decoding=\"async\" class=\"img-responsive\" src=\"https:\/\/zdvi.cname.ro\/850_530\/foto-vrancea-in-centrul-sahului-romanesc-56-de-participanti-la-cupa-ziua-imnului-national-organizata-la-focsani\/article\/mediaPool\/usI8xqd.jpeg\" alt><\/a><\/div>\n<div class=\"item imagine-carusel \"><a href class=\"openGallery\"><img decoding=\"async\" class=\"img-responsive\" src=\"https:\/\/zdvi.cname.ro\/850_530\/foto-vrancea-in-centrul-sahului-romanesc-56-de-participanti-la-cupa-ziua-imnului-national-organizata-la-focsani\/article\/mediaPool\/uIZLBYn.jpeg\" alt><\/a><\/div>\n<div class=\"item imagine-carusel \"><a href class=\"openGallery\"><img decoding=\"async\" class=\"img-responsive\" src=\"https:\/\/zdvi.cname.ro\/850_530\/foto-vrancea-in-centrul-sahului-romanesc-56-de-participanti-la-cupa-ziua-imnului-national-organizata-la-focsani\/article\/mediaPool\/uiflHwy.jpeg\" alt><\/a><\/div>\n<div class=\"item imagine-carusel \"><a href class=\"openGallery\"><img decoding=\"async\" class=\"img-responsive\" src=\"https:\/\/zdvi.cname.ro\/850_530\/foto-vrancea-in-centrul-sahului-romanesc-56-de-participanti-la-cupa-ziua-imnului-national-organizata-la-focsani\/article\/mediaPool\/uk9uQ4I.jpeg\" alt><\/a><\/div>\n<div class=\"item imagine-carusel \"><a href class=\"openGallery\"><img decoding=\"async\" class=\"img-responsive\" src=\"https:\/\/zdvi.cname.ro\/850_530\/foto-vrancea-in-centrul-sahului-romanesc-56-de-participanti-la-cupa-ziua-imnului-national-organizata-la-focsani\/article\/mediaPool\/um9F2CT.jpeg\" alt><\/a><\/div>\n<div class=\"item imagine-carusel \"><a href class=\"openGallery\"><img decoding=\"async\" class=\"img-responsive\" src=\"https:\/\/zdvi.cname.ro\/850_530\/foto-vrancea-in-centrul-sahului-romanesc-56-de-participanti-la-cupa-ziua-imnului-national-organizata-la-focsani\/article\/mediaPool\/uuCPib4.jpeg\" alt><\/a><\/div>\n<div class=\"item imagine-carusel \"><a href class=\"openGallery\"><img decoding=\"async\" class=\"img-responsive\" src=\"https:\/\/zdvi.cname.ro\/850_530\/foto-vrancea-in-centrul-sahului-romanesc-56-de-participanti-la-cupa-ziua-imnului-national-organizata-la-focsani\/article\/mediaPool\/uuHRBJe.jpeg\" alt><\/a><\/div>\n<div class=\"item imagine-carusel \"><a href class=\"openGallery\"><img decoding=\"async\" class=\"img-responsive\" src=\"https:\/\/zdvi.cname.ro\/850_530\/foto-vrancea-in-centrul-sahului-romanesc-56-de-participanti-la-cupa-ziua-imnului-national-organizata-la-focsani\/article\/mediaPool\/uycbmQz.jpeg\" alt><\/a><\/div>\n<div class=\"item imagine-carusel \"><a href class=\"openGallery\"><img decoding=\"async\" class=\"img-responsive\" src=\"https:\/\/zdvi.cname.ro\/850_530\/foto-vrancea-in-centrul-sahului-romanesc-56-de-participanti-la-cupa-ziua-imnului-national-organizata-la-focsani\/article\/mediaPool\/uS4i0qx.jpeg\" alt><\/a><\/div>\n<\/div>\n<\/div>\n<div id=\"carousel-poze-mici\" class=\"carousel slide carusel-mici\" data-ride=\"carousel\" data-interval=\"0\">\n<div class=\"carousel-inner\" role=\"listbox\">\n<div class=\"item active\">\n<ul class=\"navigare-carusel-imagini\">\n<li data-target=\"#carousel-poza-mare\" data-slide-to=\"0\"><img decoding=\"async\" class=\"img-responsive\" src=\"https:\/\/zdvi.cname.ro\/_90\/foto-vrancea-in-centrul-sahului-romanesc-56-de-participanti-la-cupa-ziua-imnului-national-organizata-la-focsani\/article\/mediaPool\/uCXIXhp.jpeg\" alt><\/li>\n<li data-target=\"#carousel-poza-mare\" data-slide-to=\"1\"><img decoding=\"async\" class=\"img-responsive\" src=\"https:\/\/zdvi.cname.ro\/_90\/foto-vrancea-in-centrul-sahului-romanesc-56-de-participanti-la-cupa-ziua-imnului-national-organizata-la-focsani\/article\/mediaPool\/ucqqyS2.jpeg\" alt><\/li>\n<li data-target=\"#carousel-poza-mare\" data-slide-to=\"2\"><img decoding=\"async\" class=\"img-responsive\" src=\"https:\/\/zdvi.cname.ro\/_90\/foto-vrancea-in-centrul-sahului-romanesc-56-de-participanti-la-cupa-ziua-imnului-national-organizata-la-focsani\/article\/mediaPool\/usI8xqd.jpeg\" alt><\/li>\n<li data-target=\"#carousel-poza-mare\" data-slide-to=\"3\"><img decoding=\"async\" class=\"img-responsive\" src=\"https:\/\/zdvi.cname.ro\/_90\/foto-vrancea-in-centrul-sahului-romanesc-56-de-participanti-la-cupa-ziua-imnului-national-organizata-la-focsani\/article\/mediaPool\/uIZLBYn.jpeg\" alt><\/li>\n<li data-target=\"#carousel-poza-mare\" data-slide-to=\"4\"><img decoding=\"async\" class=\"img-responsive\" src=\"https:\/\/zdvi.cname.ro\/_90\/foto-vrancea-in-centrul-sahului-romanesc-56-de-participanti-la-cupa-ziua-imnului-national-organizata-la-focsani\/article\/mediaPool\/uiflHwy.jpeg\" alt><\/li>\n<\/ul>\n<\/div>\n<div class=\"item \">\n<ul class=\"navigare-carusel-imagini\">\n<li data-target=\"#carousel-poza-mare\" data-slide-to=\"5\"><img decoding=\"async\" class=\"img-responsive\" src=\"https:\/\/zdvi.cname.ro\/_90\/foto-vrancea-in-centrul-sahului-romanesc-56-de-participanti-la-cupa-ziua-imnului-national-organizata-la-focsani\/article\/mediaPool\/uk9uQ4I.jpeg\" alt><\/li>\n<li data-target=\"#carousel-poza-mare\" data-slide-to=\"6\"><img decoding=\"async\" class=\"img-responsive\" src=\"https:\/\/zdvi.cname.ro\/_90\/foto-vrancea-in-centrul-sahului-romanesc-56-de-participanti-la-cupa-ziua-imnului-national-organizata-la-focsani\/article\/mediaPool\/um9F2CT.jpeg\" alt><\/li>\n<li data-target=\"#carousel-poza-mare\" data-slide-to=\"7\"><img decoding=\"async\" class=\"img-responsive\" src=\"https:\/\/zdvi.cname.ro\/_90\/foto-vrancea-in-centrul-sahului-romanesc-56-de-participanti-la-cupa-ziua-imnului-national-organizata-la-focsani\/article\/mediaPool\/uuCPib4.jpeg\" alt><\/li>\n<li data-target=\"#carousel-poza-mare\" data-slide-to=\"8\"><img decoding=\"async\" class=\"img-responsive\" src=\"https:\/\/zdvi.cname.ro\/_90\/foto-vrancea-in-centrul-sahului-romanesc-56-de-participanti-la-cupa-ziua-imnului-national-organizata-la-focsani\/article\/mediaPool\/uuHRBJe.jpeg\" alt><\/li>\n<li data-target=\"#carousel-poza-mare\" data-slide-to=\"9\"><img decoding=\"async\" class=\"img-responsive\" src=\"https:\/\/zdvi.cname.ro\/_90\/foto-vrancea-in-centrul-sahului-romanesc-56-de-participanti-la-cupa-ziua-imnului-national-organizata-la-focsani\/article\/mediaPool\/uycbmQz.jpeg\" alt><\/li>\n<\/ul>\n<\/div>\n<div class=\"item \">\n<ul class=\"navigare-carusel-imagini\">\n<li data-target=\"#carousel-poza-mare\" data-slide-to=\"10\"><img decoding=\"async\" class=\"img-responsive\" src=\"https:\/\/zdvi.cname.ro\/_90\/foto-vrancea-in-centrul-sahului-romanesc-56-de-participanti-la-cupa-ziua-imnului-national-organizata-la-focsani\/article\/mediaPool\/uS4i0qx.jpeg\" alt><\/li>\n<\/ul>\n<\/div>\n<\/div>\n<p><a class=\"control left\" href=\"https:\/\/ziaruldevrancea.ro\/special\/sport\/foto-vrancea-in-centrul-sahului-romanesc-56-de-participanti-la-cupa-ziua-imnului-national-organizata-la-focsani#carousel-poze-mici\" role=\"button\" data-slide=\"prev\"><span class=\"sr-only\">Previous<\/span><\/a><a class=\"control right\" href=\"https:\/\/ziaruldevrancea.ro\/special\/sport\/foto-vrancea-in-centrul-sahului-romanesc-56-de-participanti-la-cupa-ziua-imnului-national-organizata-la-focsani#carousel-poze-mici\" role=\"button\" data-slide=\"next\"><span class=\"sr-only\">Next<\/span><\/a><\/div>\n<\/div>\n<\/div>\n<p><strong>\u0218ahi\u0219ti din Vrancea, Bac\u0103u, Bucure\u0219ti, Suceava \u0219i T\u00e2rgu Ocna au concurat la Smart School Soare, \u00eentr-o competi\u021bie de \u0219ah rapid dedicat\u0103 Zilei Imnului Na\u021bional. Juniorii vr\u00e2nceni au ob\u021binut rezultate remarcabile, iar organizarea a fost apreciat\u0103 pentru corectitudine \u0219i profesionalism.<\/strong><\/p>\n<p><strong>CUPA ZIUA IMNULUI NA\u021aIONAL LA \u0218AH<\/strong><\/p>\n<p>Nici nu s-au stins bine impresiile \u0219i comentariile de la anterioara competi\u021bie \u0219ahist\u0103, CUPA ZIUA DRAPELULUI NA\u021aIONAL, c\u0103 pe 26 iulie \u0219ahi\u0219tii au onorat o alt\u0103 s\u0103rb\u0103toare na\u021bional\u0103 sor\u0103, ZIUA IMNULUI NA\u021aIONAL, s\u0103rb\u0103torit\u0103 \u00een fiecare an pe 29 iulie. Cu acest prilej a fost organizat\u0103 la Smart School Soare competi\u021bia de \u0219ah rapid CUPA ZIUA IMNULUI NA\u021aIONAL, desf\u0103\u0219urat\u0103 pe dou\u0103 turnee. Turneul A, cel principal, a fost rezervat seniorilor legitima\u021bi \u0219i nelegitima\u021bi, juniorilor legitima\u021bi \u0219i nelegitima\u021bi U14, U16 \u0219i U18. Turneul B a adus la start juniori U8, U10, U12 \u0219i U14. Au participat 56 de \u0219ahi\u0219ti, dintre care 29 la Turneul A \u0219i 27 la Turneul B. Majoritatea participan\u021bilor la Turneul A sunt juc\u0103tori legitima\u021bi, majoritatea participan\u021bilor la Turneul B sunt nelegitima\u021bi. S-a jucat \u0219ah rapid, 7 runde, sistem elve\u021bian, cu timp de joc 12 minute + 3 secunde \/ mutare \/ juc\u0103tor.<\/p>\n<p><strong>TURNEUL A<\/strong><\/p>\n<p>Pe primele trei locuri \u00een clasamentul general s-au clasat \u00een ordine <strong>Alexandru-Nicu\u0219or V\u0103s\u00e2i<\/strong> de la ACS Academia de \u0218ah V\u0103s\u00e2i Bac\u0103u, <strong>Viorel Balla<\/strong> de la ACS de \u0218ah Paloda Adjud, <strong>Costic\u0103-Alexandru C\u0103lin<\/strong> de la C.S.M. Foc\u0219ani 2007.<\/p>\n<p>La seniori 19 \u2013 55 de ani primii trei au fost <strong>Cosmin Lechea<\/strong> de la Clubul Municipal de \u0218ah Speran\u021ba Foc\u0219ani, care \u00ee\u0219i face reintrarea mai mult dec\u00e2t onorabil dup\u0103 o lung\u0103 perioad\u0103 de absen\u021b\u0103, <strong>Dan\u2013Alexandru \u0218ulea<\/strong> de la C.S. \u0218ah Suceava \u0219i <strong>Aurelian Florea<\/strong> de la Chessback T\u00e2rgu Ocna.<\/p>\n<p>La veterani peste 55 de ani pe primele trei locuri s-au clasat <strong>Toader Gurguiatu<\/strong> de la Clubul Sportiv Olimp \u0218ah Foc\u0219ani, <strong>Sandu Gurguiatu<\/strong> \u0219i <strong>Negureanu Valentin<\/strong>, ambii de la Chessback T\u00e2rgu Ocna.<\/p>\n<p>La juniori U18 cei mai buni trei juc\u0103tori au fost <strong>Victor\u2013Iustin Buhosu<\/strong> de la ACS Regional de \u0218ah Nord\u2013Est Bac\u0103u, <strong>Ionel\u2013Drago\u0219 C\u0103lin<\/strong> \u0219i <strong>Ana\u2013Maria Apostu<\/strong>, ambii de la C.S.M. Foc\u0219ani 2007.<\/p>\n<p>La juniori U16 s-au desprins <strong>Ariana\u2013Teodora Timaru<\/strong>, de la ACS Academia de \u0218ah V\u0103s\u00e2i Bac\u0103u, <strong>Eduard\u2013\u0218tefan Buhosu<\/strong> de la ACS Regional de \u0218ah Nord\u2013Est Bac\u0103u \u0219i <strong>Eduard Apostu<\/strong> de la C.S.M. Foc\u0219ani 2007.<\/p>\n<p>La juniori U 14 primi au fost <strong>Ilie C\u00e2rnu<\/strong> de la ACS Academia de \u0218ah V\u0103s\u00e2i Bac\u0103u \u0219i <strong>Rare\u0219\u2013Dimitrie Severin <\/strong>de la ACS de \u0218ah Paloda Adjud.<\/p>\n<p>S-au mai remarcat de la Turneul A \u00een ordinea punctajului ob\u021binut Lauren\u021biu\u2013Valentin Z\u0103u\u0219il\u0103, Dobrin Bucur (cel mai bun dintre nelegitima\u021bi), Iulian Ba\u0219turea, Vasile Toader, Gheorghe Gadjinschi, Vasile Turcu, Gheorghe Nedelcu, Radu Tatar, Virgil Trifan etc.<\/p>\n<p><strong>TURNEUL B<\/strong><\/p>\n<p>\u00cen clasamentul general al turneului primii trei au fost b\u0103c\u0103uanii <strong>David\u2013\u0218tefan Bala\u0219<\/strong>, singurul din toat\u0103 competi\u021bia cu toate cele 7 partide c\u00e2\u0219tigate, <strong>Sebastian Micu,<\/strong> ambii de la ACS Regional de \u0218ah Nord\u2013Est Bac\u0103u \u0219i <strong>Mircea\u2013Ioan Chitic<\/strong> de la Hobby Club Bac\u0103u.<\/p>\n<p>La juniori U14 pe primul loc s-a clasat <strong>Matei\u2013Gabriel Vizitiu<\/strong> (cel mai bun dintre nelegitima\u021bi) de la \u0218coala Gimnazial\u0103 Ecaterina Teodoroiu M\u0103r\u0103\u0219e\u0219ti, urmat de <strong>Mihai\u2013Teodor Ciuc\u0103<\/strong> de la ACS M.M. Mihail Marin Bucure\u0219ti \u0219i <strong>Nicolas Chitic<\/strong> de la Hobby Club Bac\u0103u.<\/p>\n<p>La U12 primii trei au fost <strong>Radu\u2013\u0218tefan Bondrea<\/strong> de la Colegiul Na\u021bional Gheorghe Vr\u00e2nceanu Bac\u0103u, <strong>Gabriel\u2013Ioan Tudose<\/strong> de la \u0218coala Gimnazial\u0103 \u201eAlexandru Vlahu\u021b\u0103\u201c Foc\u0219ani \u0219i <strong>Theodor\u2013Andrei Cr\u0103ciun<\/strong> de la \u0218coala Gimnazial\u0103 \u201eDuiliu Zamfirescu\u201c Foc\u0219ani.<\/p>\n<p>La U10 pe primele trei locuri s-au clasat <strong>Filip\u2013Alexandru Cazacu<\/strong> de la ACS Oxigen Bucure\u0219ti, <strong>Giasmina Anghel<\/strong> \u0219i <strong>Efrem Chiriac<\/strong> ambii de la ACS de \u0218ah Paloda Adjud.<\/p>\n<p>La categoria de premiere cea mai mic\u0103, juniori U8, to\u021bi clasa\u021bii pe primele trei locuri au fost din Foc\u0219ani: <strong>Ianis Leu<\/strong> \u0219i <strong>Rare\u0219-Ioan Ivan<\/strong>, ambii de la \u0218coala Gimnazial\u0103 \u201e\u0218tefan cel Mare\u201c Foc\u0219ani, la egalitate de puncte, departaja\u021bi de criteriile de evaluare ale programului de arbitraj, urma\u021bi de mezinul competi\u021biei, <strong>Tudor Vasilache<\/strong> de la Gr\u0103dini\u021ba Nr. 18 Foc\u0219ani, \u0219eful promo\u021biei de \u0219ahi\u0219ti copii de gr\u0103dini\u021b\u0103 din acest an.<\/p>\n<p>La categoria de premiere fete pe primul loc s-a clasat <strong>Sofia M\u0103ciuc\u0103<\/strong> de la C.S.M. Foc\u0219ani 2007, urmat\u0103 de <strong>Nectaria Chiriac<\/strong> \u0219i <strong>Paula Matei<\/strong>, ambele de la ACS de \u0218ah Paloda Adjud.<\/p>\n<p>S-au mai remarcat de la Turneul B \u00een ordine Iustin\u2013Daniel Anghel, David\u2013\u0218tefan Haivei, Andrei Leu, Gabriel Toia, C\u0103lin\u2013Andrei Negru, Robert\u2013\u0218tefan David, David Poro\u0219nicu etc.<\/p>\n<p>De remarcat nivelul bun de joc al unor copii f\u0103r\u0103 experien\u021b\u0103 competi\u021bional\u0103, unii dintre ei la prima competi\u021bie de o astfel de anvergur\u0103 (Gabriel\u2013Ioan Tudose, Tudor Vasilache, Robert\u2013\u0218tefan David, David Poro\u0219nicu).<\/p>\n<p>To\u021bi participan\u021bii la competi\u021bie merit\u0103 felicit\u0103ri at\u00e2t pentru modul cum au jucat c\u00e2t \u0219i pentru felul \u00een care s-au comportat. Despre unii dintre juniori vom auzi nu peste mult timp lucruri foarte frumoase.<\/p>\n<p>Au fost oferite ca premii dou\u0103 cupe ocupan\u021bilor primului loc de la fiecare turneu, 36 de medalii, c\u00e2te 18 la fiecare turneu ocupan\u021bilor primelor trei locuri de la fiecare categorie de premiere \u0219i dou\u0103 extrase din culegerea PARTIDE ALESE c\u00e2\u0219tig\u0103torilor de la fiecare turneu.<\/p>\n<p>La aceast\u0103 competi\u021bie nu numai c\u0103 nu au fost nemul\u021bumiri sau contesta\u021bii dar \u0219i mai mul\u021bi p\u0103rin\u021bi din alte jude\u021be au apreciat impar\u021bialitatea \u0219i corectitudinea arbitrajului.<\/p>\n<p>Organizatorii competi\u021biei au fost directorul de turneu, Iulian Ba\u0219turea, pre\u0219edinte al Filialei Vrancea a Asocia\u021biei Na\u021bionale Cultul Eroilor \u201eRegina Maria\u201c, arbitrul \u0219ef, Mihai Str\u00eembu, arbitrul de sal\u0103, Anton Soare, prim vicepre\u0219edinte al Filialei Vrancea a Asocia\u021biei Na\u021bionale Cultul Eroilor \u201eRegina Maria\u201c, gazda competi\u021biei, Adrieana Soare, manager Smart School Soare, \u00een colaborare cu Viorel Balla, pre\u0219edinte al ACS de \u0218ah Paloda Adjud, \u0219i Dobrin Bucur, membru \u00een Consiliul Director al Filialei Vrancea a Asocia\u021biei Na\u021bionale Cultul Eroilor \u201eRegina Maria\u201c.<\/p>\n<p><strong>Anton SOARE<\/strong><\/p>\n<hr>\n<div class=\"bloc-widget widget-rosu\">\n<p>\u00cen lipsa unui acord scris din partea Ziarului de Vrancea, pute\u0163i prelua maxim 500 de caractere din acest articol dac\u0103 preciza\u0163i sursa \u015fi insera\u0163i vizibil link-ul articolului:\u00a0<span>#insertcurrentlinkhere<\/span><\/p>\n<\/div>\n<div class=\"extra-articol listing-anunturi\">\n<h6>Anun\u021buri <span class=\"text-primary\">ZdV<\/span> Premium<\/h6>\n<div class=\"row\">\n<div class=\"col-lg-4 col-md-6 bloc-egal\"><a class=\"card-anunt\" href=\"https:\/\/ziaruldevrancea.ro\/anunturi\/imobiliare\/vanzari-terenuri\/vand-teren-in-panciu\"><strong class=\"titlu\">V\u00e2nz\u0103ri terenuri<\/strong><span class=\"text-anunt\">Teren Panciu 1170 mp, cu num\u0103r cas\u0103, ap\u0103&#8230;<\/span><span class=\"data-anunt\">29.07.2026  <\/span><\/a><\/div>\n<div class=\"col-lg-4 col-md-6 bloc-egal\"><a class=\"card-anunt\" href=\"https:\/\/ziaruldevrancea.ro\/anunturi\/altele\/anulare-acte\/vand-scrumbii-afumate-capturi-dunare\"><strong class=\"titlu\">Vanzari diverse<\/strong><span class=\"text-anunt\">Pret : 117 lei \/ kg . \u00a0 Este&#8230;<\/span><span class=\"data-anunt\">29.07.2026 , Gala\u021bi , Gala\u021bi<\/span><\/a><\/div>\n<div class=\"col-lg-4 col-md-6 bloc-egal\"><a class=\"card-anunt\" href=\"https:\/\/ziaruldevrancea.ro\/anunturi\/imobiliare\/vanzari-case\/vand-casa-si-teren-in-panciu-anunt-72818\"><strong class=\"titlu\">V\u00e2nz\u0103ri case<\/strong><span class=\"text-anunt\">V\u00e2nd cas\u0103 cu 2 camere, buc\u0103t\u0103rie, baie,&#8230;<\/span><span class=\"data-anunt\">23.07.2026  <\/span><\/a><\/div>\n<\/div>\n<\/div>\n<div class=\"extra-articol alte-articole\">\n<div class=\"row\">\n<div class=\"col-lg-6 bloc-egal\">\n<div class=\"card articol-listing\">\n<h6>\u00cen categoria <a href=\"https:\/\/ziaruldevrancea.ro\/special\/sport\">Sport<\/a><\/h6>\n<div class=\"grup-articol-listing\">\n<div class=\"cont-pils\"><a href=\"https:\/\/ziaruldevrancea.ro\/special\/sport\/vrancea-la-un-pas-de-podiumul-european-la-sah-darius-cristian-pana-incheie-neinvins-campionatul-european-pe-echipe-u12\"><img decoding=\"async\" src=\"https:\/\/zdvi.cname.ro\/180_135\/special\/sport\/vrancea-la-un-pas-de-podiumul-european-la-sah-darius-cristian-pana-incheie-neinvins-campionatul-european-pe-echipe-u12\/mediaPool\/un6118b.jpg\" class=\"img-responsive img-180\" alt><\/a><\/div>\n<h2><a class=\"link-titlu\" href=\"https:\/\/ziaruldevrancea.ro\/special\/sport\/vrancea-la-un-pas-de-podiumul-european-la-sah-darius-cristian-pana-incheie-neinvins-campionatul-european-pe-echipe-u12\">Vrancea, la un pas de podiumul european la \u0219ah! Darius Cristian Pan\u0103 \u00eencheie ne\u00eenvins Campionatul European pe Echipe U12<\/a><\/h2>\n<div class=\"date-post\"><a href=\"https:\/\/ziaruldevrancea.ro\/autor\/eduard-dascalu\">Eduard Dasc\u0103lu<\/a>,  2 aug 2026  <\/div>\n<\/div>\n<div class=\"grup-articol-listing\">\n<div class=\"cont-pils\"><a href=\"https:\/\/ziaruldevrancea.ro\/special\/sport\/karate-de-performanta-in-vrancea-cinci-sportivi-de-la-cs-satori-focsani-remarcati-la-selectia-lotului-national-skdun\"><img decoding=\"async\" src=\"https:\/\/zdvi.cname.ro\/180_135\/special\/sport\/karate-de-performanta-in-vrancea-cinci-sportivi-de-la-cs-satori-focsani-remarcati-la-selectia-lotului-national-skdun\/mediaPool\/u30Rjno.jpg\" class=\"img-responsive img-180\" alt><\/a><\/div>\n<h2><a class=\"link-titlu\" href=\"https:\/\/ziaruldevrancea.ro\/special\/sport\/karate-de-performanta-in-vrancea-cinci-sportivi-de-la-cs-satori-focsani-remarcati-la-selectia-lotului-national-skdun\">Karate de performan\u021b\u0103 \u00een Vrancea: cinci sportivi de la CS Satori Foc\u0219ani, remarca\u021bi la selec\u021bia Lotului Na\u021bional SKDUN<\/a><\/h2>\n<div class=\"date-post\"><a href=\"https:\/\/ziaruldevrancea.ro\/autor\/eduard-dascalu\">Eduard Dasc\u0103lu<\/a>,  2 aug 2026  <\/div>\n<\/div>\n<div class=\"grup-articol-listing\">\n<div class=\"cont-pils\"><a href=\"https:\/\/ziaruldevrancea.ro\/special\/sport\/foto-vrancea-din-nou-pe-podiumul-aeromodelismului-romanesc\"><img decoding=\"async\" src=\"https:\/\/zdvi.cname.ro\/180_135\/special\/sport\/foto-vrancea-din-nou-pe-podiumul-aeromodelismului-romanesc\/mediaPool\/uOoxfgP.jpg\" class=\"img-responsive img-180\" alt><\/a><\/div>\n<h2><a class=\"link-titlu\" href=\"https:\/\/ziaruldevrancea.ro\/special\/sport\/foto-vrancea-din-nou-pe-podiumul-aeromodelismului-romanesc\">Foto | Vrancea, din nou pe podiumul aeromodelismului rom\u00e2nesc<\/a><\/h2>\n<div class=\"date-post\"><a href=\"https:\/\/ziaruldevrancea.ro\/autor\/eduard-dascalu\">Eduard Dasc\u0103lu<\/a>,  2 aug 2026  <\/div>\n<\/div>\n<\/div>\n<\/div>\n<div class=\"col-lg-6 bloc-egal\">\n<div class=\"card articol-listing\">\n<h6>De acela\u0219i <a href=\"https:\/\/ziaruldevrancea.ro\/autor\/anton-soare\/\">autor<\/a><\/h6>\n<div class=\"grup-articol-listing\">\n<div class=\"cont-pils\"><a href=\"https:\/\/ziaruldevrancea.ro\/special\/sport\/ziua-eroilor-omagiata-de-copiii-din-vrancea-lectii-de-patriotism-la-marasesti-si-un-amplu-concurs-de-sah-la-focsani\"><img decoding=\"async\" src=\"https:\/\/zdvi.cname.ro\/180_135\/special\/sport\/ziua-eroilor-omagiata-de-copiii-din-vrancea-lectii-de-patriotism-la-marasesti-si-un-amplu-concurs-de-sah-la-focsani\/mediaPool\/uIwKPDo.jpg\" class=\"img-responsive img-180\" alt><\/a><\/div>\n<h2><a class=\"link-titlu\" href=\"https:\/\/ziaruldevrancea.ro\/special\/sport\/ziua-eroilor-omagiata-de-copiii-din-vrancea-lectii-de-patriotism-la-marasesti-si-un-amplu-concurs-de-sah-la-focsani\">Ziua Eroilor, omagiat\u0103 de copiii din Vrancea: lec\u021bii de patriotism la M\u0103r\u0103\u0219e\u0219ti \u0219i un amplu concurs de \u0219ah la Foc\u0219ani<\/a><\/h2>\n<div class=\"date-post\"><a href=\"https:\/\/ziaruldevrancea.ro\/autor\/anton-soare\">Anton Soare<\/a>, 30 mai 2026  <\/div>\n<\/div>\n<div class=\"grup-articol-listing\">\n<div class=\"cont-pils\"><a href=\"https:\/\/ziaruldevrancea.ro\/special\/sport\/foto-sahul-vrancean-a-sarbatorit-ziua-independentei\"><img decoding=\"async\" src=\"https:\/\/zdvi.cname.ro\/180_135\/special\/sport\/foto-sahul-vrancean-a-sarbatorit-ziua-independentei\/mediaPool\/uNCBHgV.jpeg\" class=\"img-responsive img-180\" alt><\/a><\/div>\n<h2><a class=\"link-titlu\" href=\"https:\/\/ziaruldevrancea.ro\/special\/sport\/foto-sahul-vrancean-a-sarbatorit-ziua-independentei\">Foto | \u0218ahul vr\u00e2ncean a s\u0103rb\u0103torit Ziua Independen\u021bei<\/a><\/h2>\n<div class=\"date-post\"><a href=\"https:\/\/ziaruldevrancea.ro\/autor\/anton-soare\">Anton Soare<\/a>, 13 mai 2026  <\/div>\n<\/div>\n<div class=\"grup-articol-listing\">\n<div class=\"cont-pils\"><a href=\"https:\/\/ziaruldevrancea.ro\/special\/sport\/sahul-vrancean-dominat-de-lupii-tineri-la-cupa-primaverii-de-la-focsani\"><img decoding=\"async\" src=\"https:\/\/zdvi.cname.ro\/180_135\/special\/sport\/sahul-vrancean-dominat-de-lupii-tineri-la-cupa-primaverii-de-la-focsani\/mediaPool\/u09Y8Ry.jpg\" class=\"img-responsive img-180\" alt><\/a><\/div>\n<h2><a class=\"link-titlu\" href=\"https:\/\/ziaruldevrancea.ro\/special\/sport\/sahul-vrancean-dominat-de-lupii-tineri-la-cupa-primaverii-de-la-focsani\">\u0218ahul vr\u00e2ncean, dominat de \u201elupii tineri\u201d la Cupa Prim\u0103verii de la Foc\u0219ani<\/a><\/h2>\n<div class=\"date-post\"><a href=\"https:\/\/ziaruldevrancea.ro\/autor\/anton-soare\">Anton Soare<\/a>, 14 mar 2026  <\/div>\n<\/div>\n<\/div>\n<\/div>\n<\/div>\n<\/div>\n<div class=\"extra-articol listing-anunturi\">\n<h6>Anun\u021buri <span class=\"text-primary\">ZdV<\/span> Premium<\/h6>\n<div class=\"row\">\n<div class=\"col-lg-4 col-md-6 bloc-egal\"><a class=\"card-anunt\" href=\"https:\/\/ziaruldevrancea.ro\/anunturi\/angajari\/cereri-angajari\/doresc-angajare-anunt-72815\"><strong class=\"titlu\">Cereri<\/strong><span class=\"text-anunt\">Doresc s\u0103 am grij\u0103 de un copil de gradini\u021b\u0103&#8230;<\/span><span class=\"data-anunt\">21.07.2026  <\/span><\/a><\/div>\n<div class=\"col-lg-4 col-md-6 bloc-egal\"><a class=\"card-anunt\" href=\"https:\/\/ziaruldevrancea.ro\/anunturi\/inchirieri\/locuinte-oferte\/primesc-in-gazda-anunt-72816\"><strong class=\"titlu\">Locuin\u021be oferte<\/strong><span class=\"text-anunt\">\u00a0Primesc \u00een gazd\u0103 la cas\u0103.<\/p>\n<p>Tel&#8230;.<\/span><span class=\"data-anunt\">21.07.2026  <\/span><\/a><\/div>\n<div class=\"col-lg-4 col-md-6 bloc-egal\"><a class=\"card-anunt\" href=\"https:\/\/ziaruldevrancea.ro\/anunturi\/inchirieri\/locuinte-oferte\/primesc-in-gazda-anunt-72817\"><strong class=\"titlu\">Locuin\u021be oferte<\/strong><span class=\"text-anunt\">Primesc \u00een gazd\u0103 la bloc o elev\u0103. <\/p>\n<p>Tel&#8230;.<\/span><span class=\"data-anunt\">21.07.2026  <\/span><\/a><\/div>\n<\/div>\n<\/div>\n<div class=\"bloc-widget widget-albastru\">\n    Ziarul de Vrancea \u00a0nu este responsabil juridic pentru con\u0163inutul textelor din comentariile de mai jos. Responsabilitatea pentru mesajele dumneavoastra v\u0103 revine \u00een exclusivitate.\n<\/div>\n<div class=\"comentarii-articol\" id=\"comentarii\">\n<h3>Comentarii: <span class=\"text-primary\">0<\/span><\/h3>\n<p><a href=\"https:\/\/ziaruldevrancea.ro\/special\/sport\/foto-vrancea-in-centrul-sahului-romanesc-56-de-participanti-la-cupa-ziua-imnului-national-organizata-la-focsani\" class=\"btn btn-success btn-adauga-com\" data-toggle=\"modal\" data-parent=\"0\" data-target=\"#commentModal\">Adaug\u0103 comentariu<\/a><\/p>\n<div class=\"loadMask comments-mask\"><img decoding=\"async\" src=\"https:\/\/zdvs.cname.ro\/images\/loader_40.gif\"><\/div>\n<div class=\"comenteaza-jos\">Trebuie s\u0103 fii <a href=\"https:\/\/ziaruldevrancea.ro\/account\">autentificat<\/a> pentru a putea <a href=\"https:\/\/ziaruldevrancea.ro\/special\/sport\/foto-vrancea-in-centrul-sahului-romanesc-56-de-participanti-la-cupa-ziua-imnului-national-organizata-la-focsani\" class data-toggle=\"modal\" data-parent=\"0\" data-target=\"#commentModal\">posta un comentariu<\/a>.<\/div>\n<\/div>\n<div class=\"modal fade\" id=\"commentModal\" role=\"dialog\" aria-labelledby=\"commentModalLabel\">\n<div class=\"modal-dialog modal-lg\" role=\"document\">\n<div class=\"modal-content\">\n<div class=\"modal-header\">\n<h3 class=\"modal-title\" id=\"commentModalLabel\">Comenteaz\u0103<\/h3>\n<\/div>\n<div class=\"modal-body\">\n<div class=\"tabel tabel-full\">\n<div class=\"celula\">\n              Trebuie s\u0103 fii <a href=\"https:\/\/ziaruldevrancea.ro\/account\">autentificat<\/a> pentru a putea posta un comentariu.\n            <\/div>\n<\/div>\n<\/div>\n<div class=\"modal-footer\">\n<div id=\"commentPending\" class=\"formPending pull-left\"><img decoding=\"async\" src=\"https:\/\/zdvs.cname.ro\/images\/loader_40.gif\"> In curs de procesare&#8230;<\/div>\n<p><a href=\"https:\/\/ziaruldevrancea.ro\/special\/sport\/foto-vrancea-in-centrul-sahului-romanesc-56-de-participanti-la-cupa-ziua-imnului-national-organizata-la-focsani\" class=\"btn btn-default\" data-dismiss=\"modal\">Anuleaz\u0103<\/a><\/div>\n<\/div>\n<\/div>\n<\/div>\n<div class=\"modal fade\" id=\"commentReportModal\" role=\"dialog\" aria-labelledby=\"commentReportModalLabel\">\n<div class=\"modal-dialog modal-lg\" role=\"document\">\n<div class=\"modal-content\">\n<div class=\"modal-header\">\n<h3 class=\"modal-title\" id=\"commentReportModalLabel\">Raporteaza comentariu<\/h3>\n<\/div>\n<div class=\"modal-body\">\n<div class=\"tabel tabel-full\">\n<div class=\"celula\">\n              Trebuie s\u0103 fii <a href=\"https:\/\/ziaruldevrancea.ro\/account\">autentificat<\/a> pentru a putea raporta un comentariu.\n            <\/div>\n<\/div>\n<\/div>\n<div class=\"modal-footer\">\n<div id=\"commentReportPending\" class=\"formPending pull-left\"><img decoding=\"async\" src=\"https:\/\/zdvs.cname.ro\/images\/loader_40.gif\"> In curs de procesare&#8230;<\/div>\n<p><a href=\"https:\/\/ziaruldevrancea.ro\/special\/sport\/foto-vrancea-in-centrul-sahului-romanesc-56-de-participanti-la-cupa-ziua-imnului-national-organizata-la-focsani\" class=\"btn btn-default\" data-dismiss=\"modal\">Anuleaz\u0103<\/a><\/div>\n<\/div>\n<\/div>\n<\/div>\n<div class=\"modal fade\" id=\"commentLikeModal\" role=\"dialog\" aria-labelledby=\"commentLikeModalLabel\">\n<div class=\"modal-dialog modal-lg\" role=\"document\">\n<div class=\"modal-content\">\n<div class=\"modal-header\">\n<h3 class=\"modal-title\" id=\"commentReportModalLabel\">Apreciaza comentariu<\/h3>\n<\/div>\n<div class=\"modal-body\">\n<div class=\"tabel tabel-full\">\n<div class=\"celula\">\n            Trebuie s\u0103 fii <a href=\"https:\/\/ziaruldevrancea.ro\/account\">autentificat<\/a> pentru a putea aprecia un comentariu.\n          <\/div>\n<\/div>\n<\/div>\n<div class=\"modal-footer\"><a href=\"https:\/\/ziaruldevrancea.ro\/special\/sport\/foto-vrancea-in-centrul-sahului-romanesc-56-de-participanti-la-cupa-ziua-imnului-national-organizata-la-focsani\" class=\"btn btn-default\" data-dismiss=\"modal\">Anuleaz\u0103<\/a><\/div>\n<\/div>\n<\/div>\n<\/div>\n<div class=\"bloc-widget widget-rosu\"><span><small>Ziarul de Vrancea doreste ca acest site sa fie un spatiu al discutiilor civilizate, al comentariilor de bun simt. Din acest motiv, cei care posteaza comentarii la articole trebuie sa respecte urmatoarele reguli:<br \/>\n1. Sa se refere doar la articolul la care posteaza comentarii.<br \/>\n2. Sa foloseasca un limbaj civilizat, fara injurii, calomnii, comentarii antisemite, xenofobe sau rasiste.<br \/>\n3. Sunt interzise atacurile la adresa autorilor, daca acestea nu au legatura cu textul.<br \/>\n4. Username-ul sa nu fie nume de personalitati ale vietii publice sau parodieri ale acestora.<br \/>\nAutorul unui articol poate fi criticat pentru eventuale greseli, incoerenta, lipsa de documentare etc.<br \/>\nNerespectarea regulilor mentionate mai sus va duce la stergerea comentariilor, fara avertisment si fara explicatii.<br \/>\nAbaterile repetate vor avea drept consecinta interdictia accesului la aceasta facilitate a site-ului.<\/small><\/span><\/div>\n<\/div>\n<p>[analyse_source url=&#8221;https:\/\/ziaruldevrancea.ro\/special\/sport\/foto-vrancea-in-centrul-sahului-romanesc-56-de-participanti-la-cupa-ziua-imnului-national-organizata-la-focsani&#8221;]<\/p>\n","protected":false},"excerpt":{"rendered":"<p>[analyse_image type=&#8221;featured&#8221; src=&#8221;https:\/\/zdvi.cname.ro\/_\/foto-vrancea-in-centrul-sahului-romanesc-56-de-participanti-la-cupa-ziua-imnului-national-organizata-la-focsani\/mediaPool\/uCXIXhp.jpeg&#8221;] Sport Foto | Vrancea, \u00een centrul \u0219ahului rom\u00e2nesc: 56 de participan\u021bi la \u201eCupa Ziua Imnului Na\u021bional\u201d organizat\u0103 la Foc\u0219ani Distribuie: \u00a0 | Anton Soare 29 iul 2026600 vizualiz\u0103ri PreviousNext \u0218ahi\u0219ti din Vrancea, Bac\u0103u, Bucure\u0219ti, Suceava \u0219i T\u00e2rgu Ocna au concurat la Smart School Soare, \u00eentr-o competi\u021bie de \u0219ah rapid dedicat\u0103 Zilei Imnului [&hellip;]<\/p>\n","protected":false},"author":1,"featured_media":0,"comment_status":"open","ping_status":"","sticky":false,"template":"","format":"standard","meta":{"footnotes":""},"categories":[89],"tags":[226,208],"class_list":["post-2073942","post","type-post","status-publish","format-standard","hentry","category-romania","tag-crawlmanager","tag-ziaruldevrancea-ro"],"_links":{"self":[{"href":"https:\/\/analyse.optim.biz\/index.php?rest_route=\/wp\/v2\/posts\/2073942","targetHints":{"allow":["GET"]}}],"collection":[{"href":"https:\/\/analyse.optim.biz\/index.php?rest_route=\/wp\/v2\/posts"}],"about":[{"href":"https:\/\/analyse.optim.biz\/index.php?rest_route=\/wp\/v2\/types\/post"}],"author":[{"embeddable":true,"href":"https:\/\/analyse.optim.biz\/index.php?rest_route=\/wp\/v2\/users\/1"}],"replies":[{"embeddable":true,"href":"https:\/\/analyse.optim.biz\/index.php?rest_route=%2Fwp%2Fv2%2Fcomments&post=2073942"}],"version-history":[{"count":0,"href":"https:\/\/analyse.optim.biz\/index.php?rest_route=\/wp\/v2\/posts\/2073942\/revisions"}],"wp:attachment":[{"href":"https:\/\/analyse.optim.biz\/index.php?rest_route=%2Fwp%2Fv2%2Fmedia&parent=2073942"}],"wp:term":[{"taxonomy":"category","embeddable":true,"href":"https:\/\/analyse.optim.biz\/index.php?rest_route=%2Fwp%2Fv2%2Fcategories&post=2073942"},{"taxonomy":"post_tag","embeddable":true,"href":"https:\/\/analyse.optim.biz\/index.php?rest_route=%2Fwp%2Fv2%2Ftags&post=2073942"}],"curies":[{"name":"wp","href":"https:\/\/api.w.org\/{rel}","templated":true}]}}