{"id":2073935,"date":"2026-07-24T19:14:05","date_gmt":"2026-07-24T16:14:05","guid":{"rendered":"https:\/\/analyse.optim.biz\/?p=2073935"},"modified":"2026-07-24T19:14:05","modified_gmt":"2026-07-24T16:14:05","slug":"invatamantul-tulcean-in-doliu-dupa-disparitia-profesorului-ion-zaharia","status":"publish","type":"post","link":"https:\/\/analyse.optim.biz\/?p=2073935","title":{"rendered":"\u00cenv\u0103\u021b\u0103m\u00e2ntul tulcean, \u00een doliu dup\u0103 dispari\u021bia profesorului Ion Zaharia"},"content":{"rendered":"<p>[analyse_image type=&#8221;featured&#8221; src=&#8221;https:\/\/infotulcea.ro\/wp-content\/uploads\/2026\/07\/doliu.jpghttps:\/\/infotulcea.ro\/wp-content\/uploads\/2026\/07\/doliu.jpg&#8221;]<\/p>\n<div id=\"content\" class=\"site-content container\">\n<div id=\"main-content-row\" class=\"tie-row main-content-row\">\n<div class=\"main-content tie-col-md-8 tie-col-xs-12\" role=\"main\">\n<article id=\"the-post\" class=\"container-wrapper post-content tie-standard\">\n<header class=\"entry-header-outer\">\n<nav id=\"breadcrumb\"><a href=\"https:\/\/infotulcea.ro\/\"> Home<\/a><em class=\"delimiter\">\/<\/em><a href=\"https:\/\/infotulcea.ro\/categorie\/educatie\/\">Educa\u0163ie<\/a><em class=\"delimiter\">\/<\/em><span class=\"current\">\u00cenv\u0103\u021b\u0103m\u00e2ntul tulcean, \u00een doliu dup\u0103 dispari\u021bia profesorului Ion Zaharia<\/span><\/nav>\n<div class=\"entry-header\"><span class=\"post-cat-wrap\"><a class=\"post-cat tie-cat-48\" href=\"https:\/\/infotulcea.ro\/categorie\/educatie\/\">Educa\u0163ie<\/a><\/span><\/p>\n<h1 class=\"post-title entry-title\">\n\t\t\t\u00cenv\u0103\u021b\u0103m\u00e2ntul tulcean, \u00een doliu dup\u0103 dispari\u021bia profesorului Ion Zaharia\t\t<\/h1>\n<div class=\"single-post-meta post-meta clearfix\"><span class=\"author-meta single-author no-avatars\"><span class=\"meta-item meta-author-wrapper meta-author-9\"><span class=\"meta-author\"><a href=\"https:\/\/infotulcea.ro\/author\/redactia-2\/\" class=\"author-name tie-icon\" title=\"Redactia\">Redactia<\/a><\/span><\/span><\/span><span class=\"date meta-item tie-icon\">24 iulie 2026<\/span><\/p>\n<div class=\"tie-alignright\"><span class=\"meta-comment tie-icon meta-item fa-before\">0<\/span><span class=\"meta-views meta-item warm\"> 1.080 <\/span><span class=\"meta-reading-time meta-item\"> 1 minute read<\/span><\/div>\n<\/div>\n<\/div>\n<\/header>\n<div class=\"entry-content entry clearfix\">\n<p class=\"isSelectedEnd\">Corpul profesoral al \u0218colii Gimnaziale \u201eAlexandru Ciucurencu\u201d a transmis un mesaj emo\u021bionant prin care \u00ee\u0219i exprim\u0103 profunda durere provocat\u0103 de dispari\u021bia celui care a fost un mentor pentru numeroase genera\u021bii de elevi \u0219i cadre didactice.<\/p>\n<p class=\"isSelectedEnd\">\u201e<strong>Corpul profesoral al \u0218colii Gimnaziale \u00abAl. Ciucurencu\u00bb anun\u021b\u0103 cu ad\u00e2nc\u0103 durere stingerea din via\u021b\u0103 a domnului Ion Zaharia. Coini\u021biator de elit\u0103 al Concursului de Matematic\u0103 \u00abViceamiral Vasile Urseanu\u00bb, domnul Zaharia a cl\u0103dit o punte de excelen\u021b\u0103 pentru min\u021bile str\u0103lucite ale genera\u021biilor de elevi. \u00cei vom p\u0103stra o ve\u0219nic\u0103 recuno\u0219tin\u021b\u0103 pentru fiecare clip\u0103 pus\u0103 \u00een slujba cunoa\u0219terii. Suntem al\u0103turi de familia greu \u00eencercat\u0103 \u00een aceste momente de cumplit\u0103 suferin\u021b\u0103. Drum lin printre stele!<\/strong>\u201d, se arat\u0103 \u00een mesajul transmis de reprezentan\u021bii unit\u0103\u021bii de \u00eenv\u0103\u021b\u0103m\u00e2nt.<\/p>\n<p class=\"isSelectedEnd\">Profesorul Ion Zaharia a fost unul dintre ini\u021biatorii Concursului de Matematic\u0103 \u201eViceamiral Vasile Urseanu\u201d,<source sizes=\"(max-width: 459px) 100vw, 459px\" type=\"image\/webp\" data-srcset=\"https:\/\/infotulcea.ro\/wp-content\/uploads\/2026\/07\/doliu-500x333.jpg.webp 500w, https:\/\/infotulcea.ro\/wp-content\/uploads\/2026\/07\/doliu-1024x683.jpg.webp 1024w, https:\/\/infotulcea.ro\/wp-content\/uploads\/2026\/07\/doliu-768x512.jpg.webp 768w, https:\/\/infotulcea.ro\/wp-content\/uploads\/2026\/07\/doliu.jpg.webp 1080w\" \/><\/p>\n<p><img loading=\"lazy\" decoding=\"async\" class=\" wp-image-40204 alignright\" src=\"https:\/\/infotulcea.ro\/wp-content\/uploads\/2026\/07\/doliu-500x333.jpg\" alt width=\"459\" height=\"306\"> competi\u021bie care, de-a lungul anilor, a devenit un reper pentru elevii pasiona\u021bi de matematic\u0103 \u0219i un simbol al performan\u021bei \u0219colare. Prin implicarea sa, concursul a oferit tinerilor talenta\u021bi oportunitatea de a-\u0219i demonstra cuno\u0219tin\u021bele \u0219i de a-\u0219i dezvolta spiritul competitiv \u00eentr-un cadru educa\u021bional de \u00eenalt\u0103 \u021binut\u0103.<\/p>\n<p class=\"isSelectedEnd\">Colegii \u00eel descriu drept un dasc\u0103l dedicat, un om de o rar\u0103 modestie \u0219i un profesionist care a pus \u00eentotdeauna educa\u021bia \u0219i formarea elevilor pe primul loc. Mo\u0219tenirea sa va r\u0103m\u00e2ne vie prin genera\u021biile de copii pe care i-a \u00eendrumat \u0219i prin proiectele educa\u021bionale pe care le-a construit cu pasiune \u0219i responsabilitate.<\/p>\n<p class=\"isSelectedEnd\">Dispari\u021bia profesorului Ion Zaharia las\u0103 un gol profund \u00een comunitatea \u0219colar\u0103 din Tulcea, iar cei care l-au cunoscut \u00eei vor p\u0103stra vie amintirea \u0219i \u00eei vor cinsti contribu\u021bia remarcabil\u0103 la dezvoltarea \u00eenv\u0103\u021b\u0103m\u00e2ntului \u0219i la promovarea excelen\u021bei \u00een educa\u021bie.<\/p>\n<p>Dumnezeu s\u0103-l odihneasc\u0103 \u00een pace!<\/p>\n<\/div>\n<div id=\"post-extra-info\">\n<div class=\"theiaStickySidebar\">\n<div class=\"single-post-meta post-meta clearfix\"><span class=\"author-meta single-author no-avatars\"><span class=\"meta-item meta-author-wrapper meta-author-9\"><span class=\"meta-author\"><a href=\"https:\/\/infotulcea.ro\/author\/redactia-2\/\" class=\"author-name tie-icon\" title=\"Redactia\">Redactia<\/a><\/span><\/span><\/span><span class=\"date meta-item tie-icon\">24 iulie 2026<\/span><\/p>\n<div class=\"tie-alignright\"><span class=\"meta-comment tie-icon meta-item fa-before\">0<\/span><span class=\"meta-views meta-item warm\"> 1.080 <\/span><span class=\"meta-reading-time meta-item\"> 1 minute read<\/span><\/div>\n<\/div>\n<\/div>\n<\/div>\n<div id=\"share-buttons-bottom\" class=\"share-buttons share-buttons-bottom\">\n<div class=\"share-links  icons-only\">\n<div class=\"share-title\"><span> Share<\/span><\/div>\n<p><a href=\"https:\/\/www.facebook.com\/sharer.php?u=https:\/\/infotulcea.ro\/invatamantul-tulcean-in-doliu-dupa-disparitia-profesorului-ion-zaharia\/\" rel=\"external noopener nofollow\" title=\"Facebook\" target=\"_blank\" class=\"facebook-share-btn \" data-raw=\"https:\/\/www.facebook.com\/sharer.php?u={post_link}\"><span class=\"screen-reader-text\">Facebook<\/span><\/a><a href=\"https:\/\/twitter.com\/intent\/tweet?text=%C3%8Env%C4%83%C8%9B%C4%83m%C3%A2ntul%20tulcean%2C%20%C3%AEn%20doliu%20dup%C4%83%20dispari%C8%9Bia%20profesorului%20Ion%20Zaharia&amp;url=https:\/\/infotulcea.ro\/invatamantul-tulcean-in-doliu-dupa-disparitia-profesorului-ion-zaharia\/\" rel=\"external noopener nofollow\" title=\"X\" target=\"_blank\" class=\"twitter-share-btn \" data-raw=\"https:\/\/twitter.com\/intent\/tweet?text={post_title}&amp;url={post_link}\"><span class=\"screen-reader-text\">X<\/span><\/a><a href=\"https:\/\/api.whatsapp.com\/send?text=%C3%8Env%C4%83%C8%9B%C4%83m%C3%A2ntul%20tulcean%2C%20%C3%AEn%20doliu%20dup%C4%83%20dispari%C8%9Bia%20profesorului%20Ion%20Zaharia%20https:\/\/infotulcea.ro\/invatamantul-tulcean-in-doliu-dupa-disparitia-profesorului-ion-zaharia\/\" rel=\"external noopener nofollow\" title=\"WhatsApp\" target=\"_blank\" class=\"whatsapp-share-btn \" data-raw=\"https:\/\/api.whatsapp.com\/send?text={post_title}%20{post_link}\"><span class=\"screen-reader-text\">WhatsApp<\/span><\/a><a href=\"https:\/\/telegram.me\/share\/url?url=https:\/\/infotulcea.ro\/invatamantul-tulcean-in-doliu-dupa-disparitia-profesorului-ion-zaharia\/&amp;text=%C3%8Env%C4%83%C8%9B%C4%83m%C3%A2ntul%20tulcean%2C%20%C3%AEn%20doliu%20dup%C4%83%20dispari%C8%9Bia%20profesorului%20Ion%20Zaharia\" rel=\"external noopener nofollow\" title=\"Telegram\" target=\"_blank\" class=\"telegram-share-btn \" data-raw=\"https:\/\/telegram.me\/share\/url?url={post_link}&amp;text={post_title}\"><span class=\"screen-reader-text\">Telegram<\/span><\/a><a href=\"mailto:?subject=%C3%8Env%C4%83%C8%9B%C4%83m%C3%A2ntul%20tulcean%2C%20%C3%AEn%20doliu%20dup%C4%83%20dispari%C8%9Bia%20profesorului%20Ion%20Zaharia&amp;body=https:\/\/infotulcea.ro\/invatamantul-tulcean-in-doliu-dupa-disparitia-profesorului-ion-zaharia\/\" rel=\"external noopener nofollow\" title=\"Share via Email\" target=\"_blank\" class=\"email-share-btn \" data-raw=\"mailto:?subject={post_title}&amp;body={post_link}\"><span class=\"screen-reader-text\">Share via Email<\/span><\/a><a href=\"https:\/\/infotulcea.ro\/invatamantul-tulcean-in-doliu-dupa-disparitia-profesorului-ion-zaharia\/\" rel=\"external noopener nofollow\" title=\"Print\" target=\"_blank\" class=\"print-share-btn \" data-raw=\"#\"><span class=\"screen-reader-text\">Print<\/span><\/a><\/div>\n<\/div>\n<\/article>\n<div class=\"post-components\">\n<div id=\"related-posts\" class=\"container-wrapper has-extra-post\">\n<div class=\"mag-box-title the-global-title\">\n<h3>Related Articles<\/h3>\n<\/div>\n<div class=\"related-posts-list\">\n<div class=\"related-item tie-standard\"><a aria-label=\"Bilan\u0163 pe jude\u0163: 1185 de elevi au luat note mai mari de 5 la Evaluarea Na\u0163ional\u0103\" href=\"https:\/\/infotulcea.ro\/bilant-pe-judet-1185-de-elevi-au-luat-note-mai-mari-de-5-la-evaluarea-nationala\/\" class=\"post-thumb\"><source type=\"image\/webp\" data-srcset=\"https:\/\/infotulcea.ro\/wp-content\/uploads\/2020\/06\/anonimi-390x220.jpg.webp\" \/><img loading=\"lazy\" decoding=\"async\" width=\"390\" height=\"220\" src=\"https:\/\/infotulcea.ro\/wp-content\/uploads\/2020\/06\/anonimi-390x220.jpg\" class=\"attachment-jannah-image-large size-jannah-image-large wp-post-image\" alt><\/a><\/p>\n<h3 class=\"post-title\"><a href=\"https:\/\/infotulcea.ro\/bilant-pe-judet-1185-de-elevi-au-luat-note-mai-mari-de-5-la-evaluarea-nationala\/\">Bilan\u0163 pe jude\u0163: 1185 de elevi au luat note mai mari de 5 la Evaluarea Na\u0163ional\u0103<\/a><\/h3>\n<div class=\"post-meta clearfix\"><span class=\"date meta-item tie-icon\">22 iunie 2020<\/span><\/div>\n<\/div>\n<div class=\"related-item tie-standard\"><a aria-label=\"BAC 2020, Ziua 3: Biologia, preferat\u0103 de cei mai mul\u0163i absolven\u0163i\" href=\"https:\/\/infotulcea.ro\/bac-2020-ziua-3-biologia-preferata-de-cei-mai-multi-absolventi\/\" class=\"post-thumb\"><source type=\"image\/webp\" data-srcset=\"https:\/\/infotulcea.ro\/wp-content\/uploads\/2020\/06\/bac2020-1-390x220.jpg.webp\" \/><img loading=\"lazy\" decoding=\"async\" width=\"390\" height=\"220\" src=\"https:\/\/infotulcea.ro\/wp-content\/uploads\/2020\/06\/bac2020-1-390x220.jpg\" class=\"attachment-jannah-image-large size-jannah-image-large wp-post-image\" alt><\/a><\/p>\n<h3 class=\"post-title\"><a href=\"https:\/\/infotulcea.ro\/bac-2020-ziua-3-biologia-preferata-de-cei-mai-multi-absolventi\/\">BAC 2020, Ziua 3: Biologia, preferat\u0103 de cei mai mul\u0163i absolven\u0163i<\/a><\/h3>\n<div class=\"post-meta clearfix\"><span class=\"date meta-item tie-icon\">25 iunie 2020<\/span><\/div>\n<\/div>\n<div class=\"related-item tie-standard\"><a aria-label=\"\u00a0Lansarea proiectului \u201e\u00cembun\u0103t\u0103\u021birea accesului la educa\u021bie \u00een regiunile de frontier\u0103 \u2013 factor important al socializ\u0103rii \u0219i integr\u0103rii \u00een Uniunea European\u0103\u201d\" href=\"https:\/\/infotulcea.ro\/lansarea-proiectului-imbunatatirea-accesului-la-educatie-in-regiunile-de-frontiera-factor-important-al-socializarii-si-integrarii-in-uniunea-europeana\/\" class=\"post-thumb\"><source type=\"image\/webp\" data-srcset=\"https:\/\/infotulcea.ro\/wp-content\/uploads\/2025\/08\/IMG_5307-390x220.jpeg.webp\" \/><img loading=\"lazy\" decoding=\"async\" width=\"390\" height=\"220\" src=\"https:\/\/infotulcea.ro\/wp-content\/uploads\/2025\/08\/IMG_5307-390x220.jpeg\" class=\"attachment-jannah-image-large size-jannah-image-large wp-post-image\" alt><\/a><\/p>\n<h3 class=\"post-title\"><a href=\"https:\/\/infotulcea.ro\/lansarea-proiectului-imbunatatirea-accesului-la-educatie-in-regiunile-de-frontiera-factor-important-al-socializarii-si-integrarii-in-uniunea-europeana\/\">\u00a0Lansarea proiectului \u201e\u00cembun\u0103t\u0103\u021birea accesului la educa\u021bie \u00een regiunile de frontier\u0103 \u2013 factor important al socializ\u0103rii \u0219i integr\u0103rii \u00een Uniunea European\u0103\u201d<\/a><\/h3>\n<div class=\"post-meta clearfix\"><span class=\"date meta-item tie-icon\">13 august 2025<\/span><\/div>\n<\/div>\n<div class=\"related-item tie-standard\"><a aria-label=\"BACALAUREAT: Nicio medie de 10 la Tulcea!\" href=\"https:\/\/infotulcea.ro\/bacalaureat-nicio-medie-de-10-la-tulcea\/\" class=\"post-thumb\"><source type=\"image\/webp\" data-srcset=\"https:\/\/infotulcea.ro\/wp-content\/uploads\/2020\/08\/INSPECTORAT-SCOLAR-TULCEA-390x220.jpg.webp\" \/><img loading=\"lazy\" decoding=\"async\" width=\"390\" height=\"220\" src=\"https:\/\/infotulcea.ro\/wp-content\/uploads\/2020\/08\/INSPECTORAT-SCOLAR-TULCEA-390x220.jpg\" class=\"attachment-jannah-image-large size-jannah-image-large wp-post-image\" alt><\/a><\/p>\n<h3 class=\"post-title\"><a href=\"https:\/\/infotulcea.ro\/bacalaureat-nicio-medie-de-10-la-tulcea\/\">BACALAUREAT: Nicio medie de 10 la Tulcea!<\/a><\/h3>\n<div class=\"post-meta clearfix\"><span class=\"date meta-item tie-icon\">27 iunie 2022<\/span><\/div>\n<\/div>\n<\/div>\n<\/div>\n<div id=\"comments\" class=\"comments-area\">\n<div id=\"add-comment-block\" class=\"container-wrapper\">\n<div id=\"respond\" class=\"comment-respond\">\n<h3 id=\"reply-title\" class=\"comment-reply-title the-global-title\">Las\u0103 un r\u0103spuns <small><a rel=\"nofollow\" id=\"cancel-comment-reply-link\" href=\"https:\/\/infotulcea.ro\/invatamantul-tulcean-in-doliu-dupa-disparitia-profesorului-ion-zaharia\/#respond\">Anuleaz\u0103 r\u0103spunsul<\/a><\/small><\/h3>\n<p class=\"comment-notes\"><span id=\"email-notes\">Adresa ta de email nu va fi publicat\u0103.<\/span><span class=\"required-field-message\">C\u00e2mpurile obligatorii sunt marcate cu <span class=\"required\">*<\/span><\/span><\/p>\n<\/div>\n<\/div>\n<\/div>\n<\/div>\n<\/div>\n<div id=\"check-also-box\" class=\"container-wrapper check-also-right\">\n<div class=\"widget-title the-global-title\">\n<div class=\"the-subtitle\">Check Also<\/div>\n<p><a href=\"https:\/\/infotulcea.ro\/invatamantul-tulcean-in-doliu-dupa-disparitia-profesorului-ion-zaharia\/\" id=\"check-also-close\" class=\"remove\"><span class=\"screen-reader-text\">Close<\/span><\/a><\/div>\n<div class=\"widget posts-list-big-first has-first-big-post\">\n<ul class=\"posts-list-items\">\n<li class=\"widget-single-post-item widget-post-list tie-standard\">\n<div class=\"post-widget-thumbnail\"><a aria-label=\"Proiectul \u201dEroul din tine\u201d aduce la Agighiol un spectacol interactiv pentru copiii vulnerabili\" href=\"https:\/\/infotulcea.ro\/proiectul-eroul-din-tine-aduce-la-agighiol-un-spectacol-interactiv-pentru-copiii-vulnerabili\/\" class=\"post-thumb\"><span class=\"post-cat-wrap\"><span class=\"post-cat tie-cat-48\">Educa\u0163ie<\/span><\/span><source type=\"image\/webp\" data-srcset=\"https:\/\/infotulcea.ro\/wp-content\/uploads\/2026\/02\/WhatsApp-Image-2026-01-30-at-18.40.203-390x220.jpeg.webp\" \/><img loading=\"lazy\" decoding=\"async\" width=\"390\" height=\"220\" src=\"https:\/\/infotulcea.ro\/wp-content\/uploads\/2026\/02\/WhatsApp-Image-2026-01-30-at-18.40.203-390x220.jpeg\" class=\"attachment-jannah-image-large size-jannah-image-large wp-post-image\" alt><\/a><\/div>\n<div class=\"post-widget-body \"><a class=\"post-title the-subtitle\" href=\"https:\/\/infotulcea.ro\/proiectul-eroul-din-tine-aduce-la-agighiol-un-spectacol-interactiv-pentru-copiii-vulnerabili\/\">Proiectul \u201dEroul din tine\u201d aduce la Agighiol un spectacol interactiv pentru copiii vulnerabili<\/a><\/p>\n<div class=\"post-meta\"><span class=\"date meta-item tie-icon\">1 februarie 2026<\/span><\/div>\n<\/div>\n<\/li>\n<\/ul>\n<\/div>\n<\/div>\n<aside class=\"sidebar tie-col-md-4 tie-col-xs-12 normal-side is-sticky\" aria-label=\"Primary Sidebar\">\n<div class=\"theiaStickySidebar\">\n<div id=\"media_image-19\" class=\"container-wrapper widget widget_media_image\"><a href=\"https:\/\/infotulcea.ro\/delta-dunarii-mai-accesibila-navrom-delta-creste-numarul-curselor-regulate-de-la-1-mai-2025\/\"><source sizes=\"(max-width: 500px) 100vw, 500px\" type=\"image\/webp\" data-srcset=\"https:\/\/infotulcea.ro\/wp-content\/uploads\/2025\/04\/navrom-delta-500x271.jpg.webp 500w, https:\/\/infotulcea.ro\/wp-content\/uploads\/2025\/04\/navrom-delta-1024x555.jpg.webp 1024w, https:\/\/infotulcea.ro\/wp-content\/uploads\/2025\/04\/navrom-delta-768x416.jpg.webp 768w, https:\/\/infotulcea.ro\/wp-content\/uploads\/2025\/04\/navrom-delta.jpg.webp 1080w\" \/><img loading=\"lazy\" decoding=\"async\" width=\"500\" height=\"271\" src=\"https:\/\/infotulcea.ro\/wp-content\/uploads\/2025\/04\/navrom-delta-500x271.jpg\" class=\"image wp-image-34487  attachment-medium size-medium\" alt><\/a><\/div>\n<div id=\"media_image-17\" class=\"container-wrapper widget widget_media_image\"><a href=\"https:\/\/www.facebook.com\/share\/p\/1DGAD1tLWN\/?mibextid=wwXIfr\" target=\"_blank\"><source sizes=\"(max-width: 500px) 100vw, 500px\" type=\"image\/webp\" data-srcset=\"https:\/\/infotulcea.ro\/wp-content\/uploads\/2026\/01\/IMG_1563-500x500.jpeg.webp 500w, https:\/\/infotulcea.ro\/wp-content\/uploads\/2026\/01\/IMG_1563-1024x1024.jpeg.webp 1024w, https:\/\/infotulcea.ro\/wp-content\/uploads\/2026\/01\/IMG_1563-250x250.jpeg.webp 250w, https:\/\/infotulcea.ro\/wp-content\/uploads\/2026\/01\/IMG_1563-768x768.jpeg.webp 768w, https:\/\/infotulcea.ro\/wp-content\/uploads\/2026\/01\/IMG_1563.jpeg.webp 1080w\" \/><img loading=\"lazy\" decoding=\"async\" width=\"500\" height=\"500\" src=\"https:\/\/infotulcea.ro\/wp-content\/uploads\/2026\/01\/IMG_1563-500x500.jpeg\" class=\"image wp-image-37932  attachment-medium size-medium\" alt title=\"Centrale pe lemne\"><\/a><\/div>\n<div id=\"media_image-18\" class=\"container-wrapper widget widget_media_image\"><a href=\"https:\/\/www.licitatia.ro\/site\/index-guest\"><img loading=\"lazy\" decoding=\"async\" width=\"500\" height=\"262\" src=\"https:\/\/infotulcea.ro\/wp-content\/uploads\/2025\/09\/licitatia-500x262.png\" class=\"image wp-image-36670  attachment-medium size-medium lazyload\" alt><img loading=\"lazy\" decoding=\"async\" width=\"500\" height=\"262\" src=\"https:\/\/infotulcea.ro\/wp-content\/uploads\/2025\/09\/licitatia-500x262.png\" class=\"image wp-image-36670  attachment-medium size-medium\" alt><\/a><\/div>\n<div id=\"media_image-27\" class=\"container-wrapper widget widget_media_image\"><a href=\"https:\/\/www.centrale-lemne-liepsnele.ro\/\"><img loading=\"lazy\" decoding=\"async\" width=\"500\" height=\"500\" src=\"https:\/\/infotulcea.ro\/wp-content\/uploads\/2025\/09\/Centrale-pe-Lemne-Liepsnele-500x500.png\" class=\"image wp-image-36541  attachment-medium size-medium lazyload\" alt=\"Centrala pe lemne\"><img loading=\"lazy\" decoding=\"async\" width=\"500\" height=\"500\" src=\"https:\/\/infotulcea.ro\/wp-content\/uploads\/2025\/09\/Centrale-pe-Lemne-Liepsnele-500x500.png\" class=\"image wp-image-36541  attachment-medium size-medium\" alt=\"Centrala pe lemne\"><\/a><\/div>\n<div id=\"media_image-28\" class=\"container-wrapper widget widget_media_image\"><a href=\"https:\/\/infotulcea.ro\/angajeaza-te-ro-platforma-ta-online-de-angajari-si-forta-de-munca\/\"><source sizes=\"(max-width: 500px) 100vw, 500px\" type=\"image\/webp\" data-srcset=\"https:\/\/infotulcea.ro\/wp-content\/uploads\/2025\/04\/banner-angajazate-1-500x305.jpg.webp 500w, https:\/\/infotulcea.ro\/wp-content\/uploads\/2025\/04\/banner-angajazate-1-1024x625.jpg.webp 1024w, https:\/\/infotulcea.ro\/wp-content\/uploads\/2025\/04\/banner-angajazate-1-768x469.jpg.webp 768w, https:\/\/infotulcea.ro\/wp-content\/uploads\/2025\/04\/banner-angajazate-1.jpg.webp 1080w\" \/><img loading=\"lazy\" decoding=\"async\" width=\"500\" height=\"305\" src=\"https:\/\/infotulcea.ro\/wp-content\/uploads\/2025\/04\/banner-angajazate-1-500x305.jpg\" class=\"image wp-image-34317  attachment-medium size-medium\" alt><\/a><\/div>\n<\/div>\n<\/aside>\n<\/div>\n<\/div>\n<div class=\"entry-content entry clearfix\">\n<p class=\"isSelectedEnd\">Corpul profesoral al \u0218colii Gimnaziale \u201eAlexandru Ciucurencu\u201d a transmis un mesaj emo\u021bionant prin care \u00ee\u0219i exprim\u0103 profunda durere provocat\u0103 de dispari\u021bia celui care a fost un mentor pentru numeroase genera\u021bii de elevi \u0219i cadre didactice.<\/p>\n<p class=\"isSelectedEnd\">\u201e<strong>Corpul profesoral al \u0218colii Gimnaziale \u00abAl. Ciucurencu\u00bb anun\u021b\u0103 cu ad\u00e2nc\u0103 durere stingerea din via\u021b\u0103 a domnului Ion Zaharia. Coini\u021biator de elit\u0103 al Concursului de Matematic\u0103 \u00abViceamiral Vasile Urseanu\u00bb, domnul Zaharia a cl\u0103dit o punte de excelen\u021b\u0103 pentru min\u021bile str\u0103lucite ale genera\u021biilor de elevi. \u00cei vom p\u0103stra o ve\u0219nic\u0103 recuno\u0219tin\u021b\u0103 pentru fiecare clip\u0103 pus\u0103 \u00een slujba cunoa\u0219terii. Suntem al\u0103turi de familia greu \u00eencercat\u0103 \u00een aceste momente de cumplit\u0103 suferin\u021b\u0103. Drum lin printre stele!<\/strong>\u201d, se arat\u0103 \u00een mesajul transmis de reprezentan\u021bii unit\u0103\u021bii de \u00eenv\u0103\u021b\u0103m\u00e2nt.<\/p>\n<p class=\"isSelectedEnd\">Profesorul Ion Zaharia a fost unul dintre ini\u021biatorii Concursului de Matematic\u0103 \u201eViceamiral Vasile Urseanu\u201d,<source sizes=\"(max-width: 459px) 100vw, 459px\" type=\"image\/webp\" data-srcset=\"https:\/\/infotulcea.ro\/wp-content\/uploads\/2026\/07\/doliu-500x333.jpg.webp 500w, https:\/\/infotulcea.ro\/wp-content\/uploads\/2026\/07\/doliu-1024x683.jpg.webp 1024w, https:\/\/infotulcea.ro\/wp-content\/uploads\/2026\/07\/doliu-768x512.jpg.webp 768w, https:\/\/infotulcea.ro\/wp-content\/uploads\/2026\/07\/doliu.jpg.webp 1080w\" \/><\/p>\n<p><img loading=\"lazy\" decoding=\"async\" class=\" wp-image-40204 alignright\" src=\"https:\/\/infotulcea.ro\/wp-content\/uploads\/2026\/07\/doliu-500x333.jpg\" alt width=\"459\" height=\"306\"> competi\u021bie care, de-a lungul anilor, a devenit un reper pentru elevii pasiona\u021bi de matematic\u0103 \u0219i un simbol al performan\u021bei \u0219colare. Prin implicarea sa, concursul a oferit tinerilor talenta\u021bi oportunitatea de a-\u0219i demonstra cuno\u0219tin\u021bele \u0219i de a-\u0219i dezvolta spiritul competitiv \u00eentr-un cadru educa\u021bional de \u00eenalt\u0103 \u021binut\u0103.<\/p>\n<p class=\"isSelectedEnd\">Colegii \u00eel descriu drept un dasc\u0103l dedicat, un om de o rar\u0103 modestie \u0219i un profesionist care a pus \u00eentotdeauna educa\u021bia \u0219i formarea elevilor pe primul loc. Mo\u0219tenirea sa va r\u0103m\u00e2ne vie prin genera\u021biile de copii pe care i-a \u00eendrumat \u0219i prin proiectele educa\u021bionale pe care le-a construit cu pasiune \u0219i responsabilitate.<\/p>\n<p class=\"isSelectedEnd\">Dispari\u021bia profesorului Ion Zaharia las\u0103 un gol profund \u00een comunitatea \u0219colar\u0103 din Tulcea, iar cei care l-au cunoscut \u00eei vor p\u0103stra vie amintirea \u0219i \u00eei vor cinsti contribu\u021bia remarcabil\u0103 la dezvoltarea \u00eenv\u0103\u021b\u0103m\u00e2ntului \u0219i la promovarea excelen\u021bei \u00een educa\u021bie.<\/p>\n<p>Dumnezeu s\u0103-l odihneasc\u0103 \u00een pace!<\/p>\n<\/div>\n<div class=\"articleBody\" data-key=\"articleBody\">Corpul profesoral al \u0218colii Gimnaziale \u201eAlexandru Ciucurencu\u201d a transmis un mesaj emo\u021bionant prin care \u00ee\u0219i exprim\u0103 profunda durere provocat\u0103 de dispari\u021bia celui care a fost un mentor pentru numeroase genera\u021bii de elevi \u0219i cadre didactice.<br \/>\n\u201eCorpul profesoral al \u0218colii Gimnaziale \u00abAl. Ciucurencu\u00bb anun\u021b\u0103 cu ad\u00e2nc\u0103 durere stingerea din via\u021b\u0103 a domnului Ion Zaharia. Coini\u021biator de elit\u0103 al Concursului de Matematic\u0103 \u00abViceamiral Vasile Urseanu\u00bb, domnul Zaharia a cl\u0103dit o punte de excelen\u021b\u0103 pentru min\u021bile str\u0103lucite ale genera\u021biilor de elevi. \u00cei vom p\u0103stra o ve\u0219nic\u0103 recuno\u0219tin\u021b\u0103 pentru fiecare clip\u0103 pus\u0103 \u00een slujba cunoa\u0219terii. Suntem al\u0103turi de familia greu \u00eencercat\u0103 \u00een aceste momente de cumplit\u0103 suferin\u021b\u0103. Drum lin printre stele!\u201d, se arat\u0103 \u00een mesajul transmis de reprezentan\u021bii unit\u0103\u021bii de \u00eenv\u0103\u021b\u0103m\u00e2nt.<br \/>\nProfesorul Ion Zaharia a fost unul dintre ini\u021biatorii Concursului de Matematic\u0103 \u201eViceamiral Vasile Urseanu\u201d, competi\u021bie care, de-a lungul anilor, a devenit un reper pentru elevii pasiona\u021bi de matematic\u0103 \u0219i un simbol al performan\u021bei \u0219colare. Prin implicarea sa, concursul a oferit tinerilor talenta\u021bi oportunitatea de a-\u0219i demonstra cuno\u0219tin\u021bele \u0219i de a-\u0219i dezvolta spiritul competitiv \u00eentr-un cadru educa\u021bional de \u00eenalt\u0103 \u021binut\u0103.<br \/>\nColegii \u00eel descriu drept un dasc\u0103l dedicat, un om de o rar\u0103 modestie \u0219i un profesionist care a pus \u00eentotdeauna educa\u021bia \u0219i formarea elevilor pe primul loc. Mo\u0219tenirea sa va r\u0103m\u00e2ne vie prin genera\u021biile de copii pe care i-a \u00eendrumat \u0219i prin proiectele educa\u021bionale pe care le-a construit cu pasiune \u0219i responsabilitate.<br \/>\nDispari\u021bia profesorului Ion Zaharia las\u0103 un gol profund \u00een comunitatea \u0219colar\u0103 din Tulcea, iar cei care l-au cunoscut \u00eei vor p\u0103stra vie amintirea \u0219i \u00eei vor cinsti contribu\u021bia remarcabil\u0103 la dezvoltarea \u00eenv\u0103\u021b\u0103m\u00e2ntului \u0219i la promovarea excelen\u021bei \u00een educa\u021bie.<br \/>\nDumnezeu s\u0103-l odihneasc\u0103 \u00een pace!<\/div>\n<p>[analyse_source url=&#8221;https:\/\/infotulcea.ro\/invatamantul-tulcean-in-doliu-dupa-disparitia-profesorului-ion-zaharia\/&#8221;]<\/p>\n","protected":false},"excerpt":{"rendered":"<p>[analyse_image type=&#8221;featured&#8221; src=&#8221;https:\/\/infotulcea.ro\/wp-content\/uploads\/2026\/07\/doliu.jpghttps:\/\/infotulcea.ro\/wp-content\/uploads\/2026\/07\/doliu.jpg&#8221;] Home\/Educa\u0163ie\/\u00cenv\u0103\u021b\u0103m\u00e2ntul tulcean, \u00een doliu dup\u0103 dispari\u021bia profesorului Ion Zaharia Educa\u0163ie \u00cenv\u0103\u021b\u0103m\u00e2ntul tulcean, \u00een doliu dup\u0103 dispari\u021bia profesorului Ion Zaharia Redactia24 iulie 2026 0 1.080 1 minute read Corpul profesoral al \u0218colii Gimnaziale \u201eAlexandru Ciucurencu\u201d a transmis un mesaj emo\u021bionant prin care \u00ee\u0219i exprim\u0103 profunda durere provocat\u0103 de dispari\u021bia celui care a fost [&hellip;]<\/p>\n","protected":false},"author":1,"featured_media":0,"comment_status":"open","ping_status":"","sticky":false,"template":"","format":"standard","meta":{"footnotes":""},"categories":[89],"tags":[226,221],"class_list":["post-2073935","post","type-post","status-publish","format-standard","hentry","category-romania","tag-crawlmanager","tag-infotulcea-ro"],"_links":{"self":[{"href":"https:\/\/analyse.optim.biz\/index.php?rest_route=\/wp\/v2\/posts\/2073935","targetHints":{"allow":["GET"]}}],"collection":[{"href":"https:\/\/analyse.optim.biz\/index.php?rest_route=\/wp\/v2\/posts"}],"about":[{"href":"https:\/\/analyse.optim.biz\/index.php?rest_route=\/wp\/v2\/types\/post"}],"author":[{"embeddable":true,"href":"https:\/\/analyse.optim.biz\/index.php?rest_route=\/wp\/v2\/users\/1"}],"replies":[{"embeddable":true,"href":"https:\/\/analyse.optim.biz\/index.php?rest_route=%2Fwp%2Fv2%2Fcomments&post=2073935"}],"version-history":[{"count":0,"href":"https:\/\/analyse.optim.biz\/index.php?rest_route=\/wp\/v2\/posts\/2073935\/revisions"}],"wp:attachment":[{"href":"https:\/\/analyse.optim.biz\/index.php?rest_route=%2Fwp%2Fv2%2Fmedia&parent=2073935"}],"wp:term":[{"taxonomy":"category","embeddable":true,"href":"https:\/\/analyse.optim.biz\/index.php?rest_route=%2Fwp%2Fv2%2Fcategories&post=2073935"},{"taxonomy":"post_tag","embeddable":true,"href":"https:\/\/analyse.optim.biz\/index.php?rest_route=%2Fwp%2Fv2%2Ftags&post=2073935"}],"curies":[{"name":"wp","href":"https:\/\/api.w.org\/{rel}","templated":true}]}}