{"id":2073920,"date":"2026-07-31T10:24:27","date_gmt":"2026-07-31T07:24:27","guid":{"rendered":"https:\/\/analyse.optim.biz\/?p=2073920"},"modified":"2026-07-31T10:24:27","modified_gmt":"2026-07-31T07:24:27","slug":"specialisti-din-toata-tara-participa-la-gura-humorului-la-gastro-md-learning-days-colegiul-medicilor-suceava-este-reprezentat-de-presedinta-institutiei-dr-laura-coca-de-dr-monica-terteliu-si-de","status":"publish","type":"post","link":"https:\/\/analyse.optim.biz\/?p=2073920","title":{"rendered":"Speciali\u0219ti din toat\u0103 \u021bara particip\u0103, la Gura Humorului, la GastRO-MD Learning Days. Colegiul Medicilor Suceava este reprezentat de pre\u0219edinta institu\u021biei, dr. Laura Coca, de dr. Monica Terteliu \u0219i de echipa Sec\u021biei de Pediatrie a Spitalului Jude\u021bean"},"content":{"rendered":"<p>[analyse_image type=&#8221;featured&#8221; src=&#8221;https:\/\/www.radiotop.ro\/img\/media\/2026\/07\/coca-terteliu-gastro.jpg&#8221;]<\/p>\n<div class=\"entry-content no-share\">\n<div class=\"content-inner \">\n<div class=\"jeg_preview_slider gallery_1\" data-selector=\"gallery_1\">\n<div class=\"jeg_preview_holder\">\n<div class=\"jeg_preview_media\">\n<div class=\"jeg_preview_media_holder\">\n<h3>\u00a0<\/h3>\n<div class=\"jeg_preview_control\">\n<div class=\"left_control\">\n<div class=\"counter\"><span class=\"current\">1<\/span> of  1<\/div>\n<\/div>\n<div class=\"zoom\"><span class=\"reduce\">&#8211;<\/span><span class=\"increase\">+<\/span><\/div>\n<\/div>\n<\/div>\n<\/div>\n<div class=\"jeg_preview_bottom_slider\"><a data-id=\"0\" data-title data-image=\"https:\/\/www.radiotop.ro\/img\/media\/2026\/07\/coca-terteliu-gastro-1.jpg\" href=\"https:\/\/www.radiotop.ro\/img\/media\/2026\/07\/coca-terteliu-gastro-1.jpg\" class=\"jeg_preview_item active\"><\/p>\n<div class=\"jeg_preview_item_thumbnail\"><img loading=\"lazy\" decoding=\"async\" width=\"120\" height=\"86\" src=\"https:\/\/www.radiotop.ro\/img\/media\/2026\/07\/coca-terteliu-gastro-1-120x86.jpg\" class=\"attachment-jnews-120x86 size-jnews-120x86\" alt><\/div>\n<p><\/a><\/div>\n<\/div>\n<\/div>\n<p>Gura Humorului g\u0103zduie\u0219te, \u00een perioada 30 iulie \u2013 1 august, evenimentul GastRO-MD Learning Days, organizat sub egida Societ\u0103\u021bii Rom\u00e2ne de Pediatrie. Manifestarea reune\u0219te speciali\u0219ti din \u00eentreaga \u021bar\u0103, care dezbat cele mai noi teme din patologia gastrointestinal\u0103 pediatric\u0103, \u00eentr-o abordare multidisciplinar\u0103.<\/p>\n<p>Colegiul Medicilor Suceava este reprezentat de pre\u0219edinta institu\u021biei, dr. Laura Coca, de dr. Monica Terteliu \u0219i de echipa Sec\u021biei de Pediatrie a Spitalului Clinic Jude\u021bean de Urgen\u021b\u0103 Suceava.<\/p>\n<p>\u00cen deschiderea evenimentului, dr. Laura Coca a declarat c\u0103 este \u201do bucurie \u0219i o onoare\u201d faptul c\u0103 Societatea Rom\u00e2n\u0103 de Pediatrie a ales jude\u021bul Suceava pentru organizarea manifest\u0103rii, apreciind c\u0103 aceasta \u201dcontribuie la dezvoltarea profesional\u0103 continu\u0103 a medicilor \u0219i aduce un plus de valoare comunit\u0103\u021bii pediatrice locale\u201d.<\/p>\n<p>Pre\u0219edinta Colegiului Medicilor Suceava a felicitat organizatorii \u0219i le-a urat participan\u021bilor \u201dsesiuni valoroase, dialoguri constructive \u0219i c\u00eet mai multe idei care s\u0103 se transforme \u00een beneficii reale pentru s\u0103n\u0103tatea copiilor\u201d.<\/p>\n<\/div>\n<\/div>\n<div class=\"content-inner \">\n<div class=\"jeg_preview_slider gallery_1\" data-selector=\"gallery_1\">\n<div class=\"jeg_preview_holder\">\n<div class=\"jeg_preview_media\">\n<div class=\"jeg_preview_media_holder\">\n<h3>\u00a0<\/h3>\n<div class=\"jeg_preview_control\">\n<div class=\"left_control\">\n<div class=\"counter\"><span class=\"current\">1<\/span> of  1<\/div>\n<\/div>\n<div class=\"zoom\"><span class=\"reduce\">&#8211;<\/span><span class=\"increase\">+<\/span><\/div>\n<\/div>\n<\/div>\n<\/div>\n<div class=\"jeg_preview_bottom_slider\"><a data-id=\"0\" data-title data-image=\"https:\/\/www.radiotop.ro\/img\/media\/2026\/07\/coca-terteliu-gastro-1.jpg\" href=\"https:\/\/www.radiotop.ro\/img\/media\/2026\/07\/coca-terteliu-gastro-1.jpg\" class=\"jeg_preview_item active\"><\/p>\n<div class=\"jeg_preview_item_thumbnail\"><img loading=\"lazy\" decoding=\"async\" width=\"120\" height=\"86\" src=\"https:\/\/www.radiotop.ro\/img\/media\/2026\/07\/coca-terteliu-gastro-1-120x86.jpg\" class=\"attachment-jnews-120x86 size-jnews-120x86\" alt><\/div>\n<p><\/a><\/div>\n<\/div>\n<\/div>\n<p>Gura Humorului g\u0103zduie\u0219te, \u00een perioada 30 iulie \u2013 1 august, evenimentul GastRO-MD Learning Days, organizat sub egida Societ\u0103\u021bii Rom\u00e2ne de Pediatrie. Manifestarea reune\u0219te speciali\u0219ti din \u00eentreaga \u021bar\u0103, care dezbat cele mai noi teme din patologia gastrointestinal\u0103 pediatric\u0103, \u00eentr-o abordare multidisciplinar\u0103.<\/p>\n<p>Colegiul Medicilor Suceava este reprezentat de pre\u0219edinta institu\u021biei, dr. Laura Coca, de dr. Monica Terteliu \u0219i de echipa Sec\u021biei de Pediatrie a Spitalului Clinic Jude\u021bean de Urgen\u021b\u0103 Suceava.<\/p>\n<p>\u00cen deschiderea evenimentului, dr. Laura Coca a declarat c\u0103 este \u201do bucurie \u0219i o onoare\u201d faptul c\u0103 Societatea Rom\u00e2n\u0103 de Pediatrie a ales jude\u021bul Suceava pentru organizarea manifest\u0103rii, apreciind c\u0103 aceasta \u201dcontribuie la dezvoltarea profesional\u0103 continu\u0103 a medicilor \u0219i aduce un plus de valoare comunit\u0103\u021bii pediatrice locale\u201d.<\/p>\n<p>Pre\u0219edinta Colegiului Medicilor Suceava a felicitat organizatorii \u0219i le-a urat participan\u021bilor \u201dsesiuni valoroase, dialoguri constructive \u0219i c\u00eet mai multe idei care s\u0103 se transforme \u00een beneficii reale pentru s\u0103n\u0103tatea copiilor\u201d.<\/p>\n<\/div>\n<p>[analyse_source url=&#8221;https:\/\/www.radiotop.ro\/sanatate\/specialisti-din-toata-tara-participa-la-gura-humorului-la-gastro-md-learning-days-colegiul-medicilor-suceava-este-reprezentat-de-presedinta-institutiei-dr-laura-coca-de-dr-monica-terteliu-si-de.html&#8221;]<\/p>\n","protected":false},"excerpt":{"rendered":"<p>[analyse_image type=&#8221;featured&#8221; src=&#8221;https:\/\/www.radiotop.ro\/img\/media\/2026\/07\/coca-terteliu-gastro.jpg&#8221;] \u00a0 1 of 1 &#8211;+ Gura Humorului g\u0103zduie\u0219te, \u00een perioada 30 iulie \u2013 1 august, evenimentul GastRO-MD Learning Days, organizat sub egida Societ\u0103\u021bii Rom\u00e2ne de Pediatrie. Manifestarea reune\u0219te speciali\u0219ti din \u00eentreaga \u021bar\u0103, care dezbat cele mai noi teme din patologia gastrointestinal\u0103 pediatric\u0103, \u00eentr-o abordare multidisciplinar\u0103. Colegiul Medicilor Suceava este reprezentat de pre\u0219edinta [&hellip;]<\/p>\n","protected":false},"author":1,"featured_media":0,"comment_status":"open","ping_status":"","sticky":false,"template":"","format":"standard","meta":{"footnotes":""},"categories":[89],"tags":[226,163],"class_list":["post-2073920","post","type-post","status-publish","format-standard","hentry","category-romania","tag-crawlmanager","tag-radiotop-ro"],"_links":{"self":[{"href":"https:\/\/analyse.optim.biz\/index.php?rest_route=\/wp\/v2\/posts\/2073920","targetHints":{"allow":["GET"]}}],"collection":[{"href":"https:\/\/analyse.optim.biz\/index.php?rest_route=\/wp\/v2\/posts"}],"about":[{"href":"https:\/\/analyse.optim.biz\/index.php?rest_route=\/wp\/v2\/types\/post"}],"author":[{"embeddable":true,"href":"https:\/\/analyse.optim.biz\/index.php?rest_route=\/wp\/v2\/users\/1"}],"replies":[{"embeddable":true,"href":"https:\/\/analyse.optim.biz\/index.php?rest_route=%2Fwp%2Fv2%2Fcomments&post=2073920"}],"version-history":[{"count":0,"href":"https:\/\/analyse.optim.biz\/index.php?rest_route=\/wp\/v2\/posts\/2073920\/revisions"}],"wp:attachment":[{"href":"https:\/\/analyse.optim.biz\/index.php?rest_route=%2Fwp%2Fv2%2Fmedia&parent=2073920"}],"wp:term":[{"taxonomy":"category","embeddable":true,"href":"https:\/\/analyse.optim.biz\/index.php?rest_route=%2Fwp%2Fv2%2Fcategories&post=2073920"},{"taxonomy":"post_tag","embeddable":true,"href":"https:\/\/analyse.optim.biz\/index.php?rest_route=%2Fwp%2Fv2%2Ftags&post=2073920"}],"curies":[{"name":"wp","href":"https:\/\/api.w.org\/{rel}","templated":true}]}}