{"id":2073624,"date":"2026-08-02T12:32:06","date_gmt":"2026-08-02T09:32:06","guid":{"rendered":"https:\/\/analyse.optim.biz\/?p=2073624"},"modified":"2026-08-02T12:32:06","modified_gmt":"2026-08-02T09:32:06","slug":"reducere-de-10-la-supermarket-statul-new-york-ar-putea-oferi-un-discount-clientilor-care-aleg-casele-self-service","status":"publish","type":"post","link":"https:\/\/analyse.optim.biz\/?p=2073624","title":{"rendered":"Reducere de 10% la supermarket: Statul New York ar putea oferi un discount clien\u021bilor care aleg casele self-service"},"content":{"rendered":"<p>[analyse_image type=&#8221;featured&#8221; src=&#8221;https:\/\/r3media.ro\/wp-content\/uploads\/2026\/08\/supermarket-scaled-e1785672944833.jpghttps:\/\/r3media.ro\/wp-content\/uploads\/2026\/08\/supermarket-scaled-e1785672944833.jpg&#8221;]<\/p>\n<article id=\"template-id-109\" class=\"post-109 tdb_templates type-tdb_templates status-publish post\">\n<div id=\"tdi_2\" class=\"tdc-zone\">\n<div class=\"tdc_zone tdi_3  wpb_row td-pb-row\">\n<div id=\"tdi_4\" class=\"tdc-row\">\n<div class=\"vc_row tdi_5  wpb_row td-pb-row\">\n<div class=\"vc_column tdi_7  wpb_column vc_column_container tdc-column td-pb-span8\">\n<div class=\"wpb_wrapper\">\n<div class=\"td_block_wrap tdb_breadcrumbs tdi_8 td-pb-border-top td_block_template_1 tdb-breadcrumbs \" data-td-block-uid=\"tdi_8\">\n<div class=\"tdb-block-inner td-fix-index\"><span><a title=\"Vede\u021bi toate articolele \u00een FEATURED\" class=\"tdb-entry-crumb\" href=\"https:\/\/r3media.ro\/category\/featured\/\">FEATURED<\/a><\/span><span class=\"tdb-bred-no-url-last\">Reducere de 10% la supermarket: Statul New York ar putea oferi un&#8230;<\/span><\/div>\n<\/div>\n<div class=\"td_block_wrap tdb_single_categories tdi_9 td-pb-border-top td_block_template_1 \" data-td-block-uid=\"tdi_9\">\n<div class=\"tdb-category td-fix-index\"><a class=\"tdb-entry-category\" href=\"https:\/\/r3media.ro\/category\/featured\/\">FEATURED<\/a><a class=\"tdb-entry-category\" href=\"https:\/\/r3media.ro\/category\/stiri\/\">\u0218TIRI<\/a><\/div>\n<\/div>\n<div class=\"td_block_wrap tdb_title tdi_10 tdb-single-title td-pb-border-top td_block_template_1\" data-td-block-uid=\"tdi_10\">\n<div class=\"tdb-block-inner td-fix-index\">\n<h1 class=\"tdb-title-text\">Reducere de 10% la supermarket: Statul New York ar putea oferi un discount clien\u021bilor care aleg casele self-service<\/h1>\n<\/div>\n<\/div>\n<div class=\"vc_row_inner tdi_12  vc_row vc_inner wpb_row td-pb-row\">\n<div class=\"vc_column_inner tdi_14  wpb_column vc_column_container tdc-inner-column td-pb-span12\">\n<div class=\"vc_column-inner\">\n<div class=\"wpb_wrapper\">\n<div class=\"td_block_wrap tdb_single_author tdi_15 td-pb-border-top td_block_template_1 tdb-post-meta\" data-td-block-uid=\"tdi_15\">\n<div class=\"tdb-block-inner td-fix-index\">\n<div class=\"tdb-author-name-wrap\"><a class=\"tdb-author-name\" href=\"https:\/\/r3media.ro\/author\/oana\/\">Oana Ivan<\/a><\/div>\n<\/div>\n<\/div>\n<div class=\"td_block_wrap tdb_single_date tdi_16 td-pb-border-top td_block_template_1 tdb-post-meta\" data-td-block-uid=\"tdi_16\">\n<div class=\"tdb-block-inner td-fix-index\"><time class=\"entry-date updated td-module-date\" datetime=\"2026-08-02T15:32:06+03:00\">02\/08\/2026<\/time><\/div>\n<\/div>\n<\/div>\n<\/div>\n<\/div>\n<\/div>\n<div class=\"td_block_wrap tdb_single_featured_image tdi_17 tdb-content-horiz-left td-pb-border-top td_block_template_1\" data-td-block-uid=\"tdi_17\">\n<div class=\"tdb-block-inner td-fix-index\">\n<figure><figcaption class=\"tdb-caption-text\">Surs\u0103 &#8211; Unsplash<\/figcaption><\/figure>\n<\/div>\n<\/div>\n<div class=\"td_block_wrap tdb_single_content tdi_18 td-pb-border-top td_block_template_1 td-post-content tagdiv-type\" data-td-block-uid=\"tdi_18\">\n<div class=\"tdb-block-inner td-fix-index\">\n<p><strong>Nikki Lucas, parlamentar din New York, a propus o reducere de 10% pentru cump\u0103r\u0103torii care folosesc banda de case <a href=\"https:\/\/r3media.ro\/tag\/self-service\/\" target=\"_blank\" rel=\"noopener\">self-service<\/a>. Proiectul de lege, care a fost introdus \u00een mai, ar obliga supermarketurile sau al\u021bi comercina\u021bi cu am\u0103nuntul s\u0103 ofere reducerea, potrivit <a href=\"https:\/\/nypost.com\/2026\/07\/14\/lifestyle\/ny-state-bill-may-give-shoppers-a-10-deal-for-self-checkout\/\" target=\"_blank\" rel=\"noopener\">New York Post<\/a>.<\/strong><\/p>\n<p>Lucas a sus\u021binut c\u0103 banii economisi\u021bi ar trebui s\u0103 mearg\u0103 direct la cump\u0103r\u0103tor \u0219i nu la companie, deoarece clien\u021bii fac acum munca.<\/p>\n<p>\u201eCompaniile de retail se bazeaz\u0103 din ce \u00een ce mai mult pe sistemele de case self-service pentru a reduce costurile de personal \u0219i opera\u021bionale prin transferul responsabilit\u0103\u021bilor \u00eendeplinite \u00een mod tradi\u021bional de angaja\u021bi c\u0103tre consumatori\u201d, a scris Lucas \u00een proiectul de lege.<\/p>\n<p>\u201eDeoarece clien\u021bii realizeaz\u0103 efectiv o parte din munca de la cas\u0103 singuri, f\u0103r\u0103 compensa\u021bii, oferirea unei reduceri obligatorii ajut\u0103 la asigurarea echit\u0103\u021bii, recunoa\u0219te participarea consumatorilor la opera\u021biunile magazinului \u0219i permite publicului s\u0103 participe la economiile financiare create de tehnologia self-service\u201d, a ad\u0103ugat legislatorul.<\/p>\n<h2><strong>Statul New York ar putea oferi un discount clien\u021bilor care aleg casele self-service din supermarket<\/strong><\/h2>\n<p>\u00a0<\/p>\n<p>Proiectul de lege este \u00eenc\u0103 \u00een stadii incipiente, deoarece a fost introdus la sf\u00e2r\u0219itul sesiunii legislative. El necesit\u0103 un vot \u00een comisie, dup\u0103 care poate ajunge \u00een Adunare pentru a fi transmis Senatului pentru vot.<\/p>\n<p>Indiferent de situa\u021bie, casele de marcat automate r\u0103m\u00e2n o problem\u0103 controversat\u0103. Multe state au implementat legisla\u021bie care reglementeaz\u0103 modul \u00een care acestea pot fi utilizate. Cu toate acestea, acest proiect de lege este unic, deoarece este singura propunere care ar returna banii cump\u0103r\u0103torului.<\/p>\n<p>La \u00eenceputul acestui an a fost introdus un alt proiect de lege ce vizeaz\u0103 casele self-service. Dac\u0103 va fi adoptat, acesta ar obliga <strong><a href=\"https:\/\/r3media.ro\/tag\/supermarket\/\" target=\"_blank\" rel=\"noopener\">supermarketurile<\/a><\/strong> \u0219i farmaciile din New York s\u0103 impun\u0103 o limit\u0103 de 15 articole la casele automate. De asemenea, ar obliga comercian\u021bii cu am\u0103nuntul s\u0103 aib\u0103 cel pu\u021bin un angajat la trei benzi. Nerespectarea regulilor ar \u00eensemna amenzi zilnice de cel pu\u021bin 100 de dolari.<\/p>\n<p>\u201eAm v\u0103zut consecin\u021bele \u00eendep\u0103rt\u0103rii lucr\u0103torilor din aceste spa\u021bii:<\/p>\n<ul>\n<li>cre\u0219terea furturilor din comer\u021b<\/li>\n<li>mai pu\u021bin\u0103 supraveghere<\/li>\n<li>mai pu\u021bine protec\u021bii at\u00e2t pentru lucr\u0103tori, c\u00e2t \u0219i pentru clien\u021bi \u0219i<\/li>\n<li>o siguran\u021b\u0103 redus\u0103\u201d, a declarat consiliera Amanda Farias, membr\u0103 \u00een consiliul municipal New York.<\/li>\n<\/ul>\n<p>Rhode Island a devenit recent primul stat care a aplicat efectiv regulile pentru casele de marcat automate. Statul a adoptat o nou\u0103 lege \u00een iunie. \u00cencep\u00e2nd de anul viitor, toate magazinele alimentare trebuie s\u0103 aib\u0103 cel pu\u021bin o band\u0103 manual\u0103 cu personal pentru fiecare trei sta\u021bii de case de marcat automate deschise.<\/p>\n<p>\u00cen plus, angajatul nu poate avea alte sarcini \u00een timp ce ocup\u0103 banda respectiv\u0103. Dac\u0103 magazinele nu respect\u0103 aceast\u0103 regul\u0103, se aplic\u0103 o amend\u0103 zilnic\u0103 de p\u00e2n\u0103 la 1.000 de dolari.<\/p>\n<p>Totodat\u0103, Connecticut a introdus o legisla\u021bie care impune magazinelor alimentare s\u0103 fac\u0103 trei modific\u0103ri. Prima ar fi o sta\u021bie de cas\u0103 de marcat manual\u0103 pentru fiecare dou\u0103 sta\u021bii de case de marcat automate, cel pu\u021bin un angajat pentru fiecare dou\u0103 sta\u021bii de case de marcat automate, iar magazinele nu ar putea avea mai mult de opt sta\u021bii de case de marcat automate \u00een acela\u0219i timp. Spre deosebire de Rhode Island, proiectul de lege a fost anulat \u00een luna mai.<\/p>\n<h2><strong>Supermarketul Auchan a anun\u021bat c\u0103 va elimina casierii \u00een Rom\u00e2nia<\/strong><\/h2>\n<p>\u00a0<\/p>\n<p>Supermarketul Auchan a anun\u021bat \u00een 2023 c\u0103 <a href=\"https:\/\/r3media.ro\/auchan-renunta-la-angajatii-de-la-casierii-clientii-isi-vor-face-check-out-ul-singuri-culmea-auchan-afirma-ca-a-luat-aceasta-decizie-pentru-a-raspunde-exigentelor-clientilor\/\" target=\"_blank\" rel=\"noopener\"><strong>nu va mai avea case de marcat tradi\u021bionale<\/strong><\/a>. Clien\u021bii au fost informa\u021bi c\u0103 \u00ee\u0219i vor face singuri check-out, a anun\u021bat compania \u00eentr-un comunicat de pres\u0103.<\/p>\n<p>Fo\u0219tii casieri vor deveni \u201econsilieri\u201d, noul lor rol fiind acela de a acorda consultan\u021b\u0103 \u0219i suport clien\u021bilor.<\/p>\n<p>\u00cen acela\u0219i timp, unele supermarketuri din Occident au renun\u021bat la casele self-service \u0219i <a href=\"https:\/\/r3media.ro\/supermarketuri-occident-case-marcat-self-pay-casieri-clienti\/\" target=\"_blank\" rel=\"noopener\"><strong>au introdus din nou personal uman<\/strong><\/a>. De exemplu, Lan\u021bul de supermarketuri Booths a renun\u021bat la aproape toate casele self-service din magazinele sale. Decizia a fost luat\u0103 ca urmare a cererii clien\u021bilor.<\/p>\n<p>26 din cele 28 de magazine conduse de companie, care face comer\u021b \u00een nordul Angliei, au trecut la case cu personal.<\/p>\n<p>Dan Negru a afirmat de asemenea c\u0103 problema caselor-self service nu este legat\u0103 de automatizarea \u00een sine, ci de <strong><a href=\"https:\/\/r3media.ro\/dan-negru-revine-pe-tema-caselor-self-service-vreo-2-3000-de-lei-castiga-un-casier-la-supermarket-asta-e-subiectul-nu-robotii-noi-suntem-robotii-cu-capul-plecat-pentru-ca-ceea-ce-permiti-o-data-v\/\" target=\"_blank\" rel=\"noopener\">pierderea locurilor de munc\u0103<\/a><\/strong> \u2013 \u0219i-a\u0219a prost pl\u0103tite \u2013 ale celor care lucreaz\u0103 acum, acolo.<\/p>\n<div class=\"crp_related     crp-masonry\">\n<h2>\u00ceN CONTEXT<\/h2>\n<ul>\n<li><a href=\"https:\/\/r3media.ro\/exclusivitate-foto-supermarket-kaufland-vinde-mango-copt-copac-spania-tara-origine-peru\/\" class=\"crp_link post-113358\"><span class=\"crp_title\">EXCLUSIVITATE FOTO | Supermarketul Kaufland vinde \u201emango copt \u00een copac din Spania\u201c, dar \u021bara\u2026<\/span><\/a><\/li>\n<li><a href=\"https:\/\/r3media.ro\/fot-raed-arafat-populatie-infrunte-ciclonul-barbara-rezerve-apa-harna-oameni-supermarketuri-golit-rafturi\/\" class=\"crp_link post-113549\"><span class=\"crp_title\">FOTO | Raed Arafat a cerut popula\u021biei s\u0103 \u00eenfrunte ciclonul Barbara cu rezerve de ap\u0103 \u0219i\u2026<\/span><\/a><\/li>\n<li><a href=\"https:\/\/r3media.ro\/supermarketuri-europa-inundate-oua-ucrainene-contin-substante-interzise-uniunea-europeana\/\" class=\"crp_link post-112739\"><span class=\"crp_title\">Supermarketurile din Europa sunt inundate cu ou\u0103 ucrainene care con\u021bin substan\u021be interzise \u00een UE<\/span><\/a><\/li>\n<\/ul>\n<\/div>\n<\/div>\n<\/div>\n<div class=\"td_block_wrap tdb_single_tags tdi_19 td-pb-border-top td_block_template_1\" data-td-block-uid=\"tdi_19\">\n<div class=\"tdb-block-inner td-fix-index\">\n<ul class=\"tdb-tags\">\n<li><span>SUBIECTE FIERBIN\u021aI<\/span><\/li>\n<li><a href=\"https:\/\/r3media.ro\/tag\/new-york\/\">New York<\/a><\/li>\n<li><a href=\"https:\/\/r3media.ro\/tag\/self-pay\/\">self pay<\/a><\/li>\n<li><a href=\"https:\/\/r3media.ro\/tag\/self-service\/\">self service<\/a><\/li>\n<li><a href=\"https:\/\/r3media.ro\/tag\/supermarket\/\">supermarket<\/a><\/li>\n<\/ul>\n<\/div>\n<\/div>\n<div class=\"td_block_wrap td_block_9 tdi_20 td_with_ajax_pagination td-pb-border-top td_block_template_1 td-column-2 td_block_padding td_block_bot_line\" data-td-block-uid=\"tdi_20\">\n<div class=\"td-block-title-wrap\">\n<h4 class=\"block-title td-block-title\"><span class=\"td-pulldown-size\">CITE\u0218TE MAI MULT<\/span><\/h4>\n<\/div>\n<div id=\"tdi_20\" class=\"td_block_inner\">\n<div class=\"td-block-row\">\n<div class=\"td-block-span6\">\n<div class=\"td_module_8 td_module_wrap\">\n<div class=\"item-details\">\n<h3 class=\"entry-title td-module-title\"><a href=\"https:\/\/r3media.ro\/expert-ucraina-faliment-agricultura-romaneasca-tehnologii-ue\/\" rel=\"bookmark\" title=\"Un expert explic\u0103 felul \u00een care concuren\u021ba din Ucraina bag\u0103 \u00een faliment agricultura rom\u00e2neasc\u0103: Folosesc tehnologii interzise \u00een UE\">Un expert explic\u0103 felul \u00een care concuren\u021ba din Ucraina bag\u0103 \u00een faliment agricultura rom\u00e2neasc\u0103:&#8230;<\/a><\/h3>\n<div class=\"td-module-meta-info\"><a href=\"https:\/\/r3media.ro\/category\/actualitate\/\" class=\"td-post-category\">ACTUALITATE<\/a><span class=\"td-post-author-name\"><a href=\"https:\/\/r3media.ro\/author\/radu_ursan\/\">Radu Ursan<\/a><span>&#8211;<\/span><\/span><span class=\"td-post-date\"><time class=\"entry-date updated td-module-date\" datetime=\"2026-07-30T09:51:48+03:00\">30\/07\/2026<\/time><\/span><\/div>\n<\/div>\n<\/div>\n<\/div>\n<div class=\"td-block-span6\">\n<div class=\"td_module_8 td_module_wrap\">\n<div class=\"item-details\">\n<h3 class=\"entry-title td-module-title\"><a href=\"https:\/\/r3media.ro\/masina-electrica-foc-turcia-incarcat-vehicul-explozie-pompieri-stingere-incendiu-video\/\" rel=\"bookmark\" title=\"VIDEO | O ma\u0219in\u0103 electric\u0103 a luat foc \u00een timp ce se afla la \u00eenc\u0103rcat. Vehiculul a explodat chiar c\u00e2nd pompierii \u00eencercau s\u0103 sting\u0103 incendiul folosind o p\u0103tur\u0103 ignifug\u0103\">VIDEO | O ma\u0219in\u0103 electric\u0103 a luat foc \u00een timp ce se afla la&#8230;<\/a><\/h3>\n<div class=\"td-module-meta-info\"><a href=\"https:\/\/r3media.ro\/category\/stiri-prim-plan\/\" class=\"td-post-category\">PRIM PLAN<\/a><span class=\"td-post-author-name\"><a href=\"https:\/\/r3media.ro\/author\/oana\/\">Oana Ivan<\/a><span>&#8211;<\/span><\/span><span class=\"td-post-date\"><time class=\"entry-date updated td-module-date\" datetime=\"2026-07-31T13:33:48+03:00\">31\/07\/2026<\/time><\/span><\/div>\n<\/div>\n<\/div>\n<\/div>\n<\/div>\n<div class=\"td-block-row\">\n<div class=\"td-block-span6\">\n<div class=\"td_module_8 td_module_wrap\">\n<div class=\"item-details\">\n<h3 class=\"entry-title td-module-title\"><a href=\"https:\/\/r3media.ro\/spania-asediu-migranti-exclava-ceuta-africa-madrid-trupe-securitate-video\/\" rel=\"bookmark\" title=\"VIDEO | Spania se afl\u0103 sub asediu: Mii de migran\u021bi au luat cu asalt exclava Ceuta din Africa. Madridul a trimis trupe pentru a consolida securitatea\">VIDEO | Spania se afl\u0103 sub asediu: Mii de migran\u021bi au luat cu asalt&#8230;<\/a><\/h3>\n<div class=\"td-module-meta-info\"><a href=\"https:\/\/r3media.ro\/category\/stiri-prim-plan\/\" class=\"td-post-category\">PRIM PLAN<\/a><span class=\"td-post-author-name\"><a href=\"https:\/\/r3media.ro\/author\/oana\/\">Oana Ivan<\/a><span>&#8211;<\/span><\/span><span class=\"td-post-date\"><time class=\"entry-date updated td-module-date\" datetime=\"2026-07-31T12:39:57+03:00\">31\/07\/2026<\/time><\/span><\/div>\n<\/div>\n<\/div>\n<\/div>\n<div class=\"td-block-span6\">\n<div class=\"td_module_8 td_module_wrap\">\n<div class=\"item-details\">\n<h3 class=\"entry-title td-module-title\"><a href=\"https:\/\/r3media.ro\/dragostea-care-transcende-epoci-descult-in-parc-1967\/\" rel=\"bookmark\" title=\"Dragostea care transcende epoci \u2014 Descul\u021b \u00een parc (1967)\">Dragostea care transcende epoci \u2014 Descul\u021b \u00een parc (1967)<\/a><\/h3>\n<div class=\"td-module-meta-info\"><a href=\"https:\/\/r3media.ro\/category\/featured\/\" class=\"td-post-category\">FEATURED<\/a><span class=\"td-post-author-name\"><a href=\"https:\/\/r3media.ro\/author\/costi_balasoiu\/\">Constantin B\u0103l\u0103\u0219oiu<\/a><span>&#8211;<\/span><\/span><span class=\"td-post-date\"><time class=\"entry-date updated td-module-date\" datetime=\"2026-08-01T13:45:14+03:00\">01\/08\/2026<\/time><\/span><\/div>\n<\/div>\n<\/div>\n<\/div>\n<\/div>\n<div class=\"td-block-row\">\n<div class=\"td-block-span6\">\n<div class=\"td_module_8 td_module_wrap\">\n<div class=\"item-details\">\n<h3 class=\"entry-title td-module-title\"><a href=\"https:\/\/r3media.ro\/cornel-nistorescu-drone-razboi-ucraina\/\" rel=\"bookmark\" title=\"Cornel Nistorescu, dup\u0103 incidentele cu drone: Adie a aer de r\u0103zboi. De mirare c\u0103 dronele ucrainene nu au st\u00e2rnit at\u00e2ta t\u0103r\u0103boi\">Cornel Nistorescu, dup\u0103 incidentele cu drone: Adie a aer de r\u0103zboi. De mirare c\u0103&#8230;<\/a><\/h3>\n<div class=\"td-module-meta-info\"><a href=\"https:\/\/r3media.ro\/category\/actualitate\/\" class=\"td-post-category\">ACTUALITATE<\/a><span class=\"td-post-author-name\"><a href=\"https:\/\/r3media.ro\/author\/radu_ursan\/\">Radu Ursan<\/a><span>&#8211;<\/span><\/span><span class=\"td-post-date\"><time class=\"entry-date updated td-module-date\" datetime=\"2026-07-28T10:21:51+03:00\">28\/07\/2026<\/time><\/span><\/div>\n<\/div>\n<\/div>\n<\/div>\n<div class=\"td-block-span6\">\n<div class=\"td_module_8 td_module_wrap\">\n<div class=\"item-details\">\n<h3 class=\"entry-title td-module-title\"><a href=\"https:\/\/r3media.ro\/bnr-recomanda-romani-rezerve-de-cash-atacuri-cibernetice-numerar-relevant-criza\/\" rel=\"bookmark\" title=\"BNR le recomand\u0103 rom\u00e2nilor s\u0103 p\u0103streze rezerve de cash: Numerarul se poate dovedi relevant \u00een criz\u0103\">BNR le recomand\u0103 rom\u00e2nilor s\u0103 p\u0103streze rezerve de cash: Numerarul se poate dovedi relevant&#8230;<\/a><\/h3>\n<div class=\"td-module-meta-info\"><a href=\"https:\/\/r3media.ro\/category\/actualitate\/\" class=\"td-post-category\">ACTUALITATE<\/a><span class=\"td-post-author-name\"><a href=\"https:\/\/r3media.ro\/author\/oana\/\">Oana Ivan<\/a><span>&#8211;<\/span><\/span><span class=\"td-post-date\"><time class=\"entry-date updated td-module-date\" datetime=\"2026-07-27T13:11:47+03:00\">27\/07\/2026<\/time><\/span><\/div>\n<\/div>\n<\/div>\n<\/div>\n<\/div>\n<div class=\"td-block-row\">\n<div class=\"td-block-span6\">\n<div class=\"td_module_8 td_module_wrap\">\n<div class=\"item-details\">\n<h3 class=\"entry-title td-module-title\"><a href=\"https:\/\/r3media.ro\/statul-roman-a-semnat-actul-propriei-disparitii\/\" rel=\"bookmark\" title=\"Statul rom\u00e2n a semnat actul propriei dispari\u021bii?\">Statul rom\u00e2n a semnat actul propriei dispari\u021bii?<\/a><\/h3>\n<div class=\"td-module-meta-info\"><a href=\"https:\/\/r3media.ro\/category\/opinii\/\" class=\"td-post-category\">OPINII<\/a><span class=\"td-post-author-name\"><a href=\"https:\/\/r3media.ro\/author\/gabipopa\/\">Gabriel Popa<\/a><span>&#8211;<\/span><\/span><span class=\"td-post-date\"><time class=\"entry-date updated td-module-date\" datetime=\"2026-07-27T15:07:05+03:00\">27\/07\/2026<\/time><\/span><\/div>\n<\/div>\n<\/div>\n<\/div>\n<div class=\"td-block-span6\">\n<div class=\"td_module_8 td_module_wrap\">\n<div class=\"item-details\">\n<h3 class=\"entry-title td-module-title\"><a href=\"https:\/\/r3media.ro\/prima-oara-istorie-presedintia-document-primplan-patriotism-european\/\" rel=\"bookmark\" title=\"Pentru prima oar\u0103 \u00een istorie, Pre\u0219edin\u021bia Rom\u00e2niei emite un document care pune pe primul plan o alt\u0103 entitate dec\u00e2t \u021bara noastr\u0103: patriotismul european\">Pentru prima oar\u0103 \u00een istorie, Pre\u0219edin\u021bia Rom\u00e2niei emite un document care pune pe primul&#8230;<\/a><\/h3>\n<div class=\"td-module-meta-info\"><a href=\"https:\/\/r3media.ro\/category\/actualitate\/\" class=\"td-post-category\">ACTUALITATE<\/a><span class=\"td-post-author-name\"><a href=\"https:\/\/r3media.ro\/author\/teodor_stan\/\">Teodor Stan<\/a><span>&#8211;<\/span><\/span><span class=\"td-post-date\"><time class=\"entry-date updated td-module-date\" datetime=\"2026-07-26T11:44:31+03:00\">26\/07\/2026<\/time><\/span><\/div>\n<\/div>\n<\/div>\n<\/div>\n<\/div>\n<div class=\"td-block-row\">\n<div class=\"td-block-span6\">\n<div class=\"td_module_8 td_module_wrap\">\n<div class=\"item-details\">\n<h3 class=\"entry-title td-module-title\"><a href=\"https:\/\/r3media.ro\/film-nou-stapanul-inelelor-corect-politic-regizor-andy-serkis-diversitate-tolkien-mitologie-nordica\/\" rel=\"bookmark\" title=\"Noul film \u201eSt\u0103p\u00e2nul Inelelor\u201d nu va fi corect politic. Regizorul Andy Serkis: J.R.R. Tolkien a fost influen\u021bat de mitologia nordic\u0103. Nu vrem o distribu\u021bie de dragul de a bifa c\u0103su\u021be\">Noul film \u201eSt\u0103p\u00e2nul Inelelor\u201d nu va fi corect politic. Regizorul Andy Serkis: J.R.R. Tolkien&#8230;<\/a><\/h3>\n<div class=\"td-module-meta-info\"><a href=\"https:\/\/r3media.ro\/category\/actualitate\/\" class=\"td-post-category\">ACTUALITATE<\/a><span class=\"td-post-author-name\"><a href=\"https:\/\/r3media.ro\/author\/oana\/\">Oana Ivan<\/a><span>&#8211;<\/span><\/span><span class=\"td-post-date\"><time class=\"entry-date updated td-module-date\" datetime=\"2026-07-26T15:49:31+03:00\">26\/07\/2026<\/time><\/span><\/div>\n<\/div>\n<\/div>\n<\/div>\n<div class=\"td-block-span6\">\n<div class=\"td_module_8 td_module_wrap\">\n<div class=\"item-details\">\n<h3 class=\"entry-title td-module-title\"><a href=\"https:\/\/r3media.ro\/dictatura-forma-suprema-a-democratiei\/\" rel=\"bookmark\" title=\"Dictatura \u2013 forma suprem\u0103 a democra\u021biei\">Dictatura \u2013 forma suprem\u0103 a democra\u021biei<\/a><\/h3>\n<div class=\"td-module-meta-info\"><a href=\"https:\/\/r3media.ro\/category\/opinii\/\" class=\"td-post-category\">OPINII<\/a><span class=\"td-post-author-name\"><a href=\"https:\/\/r3media.ro\/author\/tru\/\">TRU (Traian Ungureanu)<\/a><span>&#8211;<\/span><\/span><span class=\"td-post-date\"><time class=\"entry-date updated td-module-date\" datetime=\"2026-07-25T16:43:11+03:00\">25\/07\/2026<\/time><\/span><\/div>\n<\/div>\n<\/div>\n<\/div>\n<\/div>\n<div class=\"td-block-row\">\n<div class=\"td-block-span6\">\n<div class=\"td_module_8 td_module_wrap\">\n<div class=\"item-details\">\n<h3 class=\"entry-title td-module-title\"><a href=\"https:\/\/r3media.ro\/marea-britanie-apa-inteligenta-artificiala-romania-centru-ai-restrictii-consum-apa\/\" rel=\"bookmark\" title=\"Marea Britanie nu mai are suficient\u0103 ap\u0103 pentru Inteligen\u021ba Artificial\u0103, dar Rom\u00e2nia vrea s\u0103 g\u0103zduiasc\u0103 un centru AI care consum\u0103 c\u00e2t sute de mii de oameni \u0219i impune restric\u021bii la consumul de ap\u0103 al popula\u021biei\">Marea Britanie nu mai are suficient\u0103 ap\u0103 pentru Inteligen\u021ba Artificial\u0103, dar Rom\u00e2nia vrea s\u0103&#8230;<\/a><\/h3>\n<div class=\"td-module-meta-info\"><a href=\"https:\/\/r3media.ro\/category\/actualitate\/\" class=\"td-post-category\">ACTUALITATE<\/a><span class=\"td-post-author-name\"><a href=\"https:\/\/r3media.ro\/author\/radu_ursan\/\">Radu Ursan<\/a><span>&#8211;<\/span><\/span><span class=\"td-post-date\"><time class=\"entry-date updated td-module-date\" datetime=\"2026-07-23T11:44:13+03:00\">23\/07\/2026<\/time><\/span><\/div>\n<\/div>\n<\/div>\n<\/div>\n<div class=\"td-block-span6\">\n<div class=\"td_module_8 td_module_wrap\">\n<div class=\"item-details\">\n<h3 class=\"entry-title td-module-title\"><a href=\"https:\/\/r3media.ro\/campion-olimpic-olaf-tufte-mort-subit-50-ani\/\" rel=\"bookmark\" title=\"Campionul olimpic Olaf Tufte a murit subit la 50 de ani\">Campionul olimpic Olaf Tufte a murit subit la 50 de ani<\/a><\/h3>\n<div class=\"td-module-meta-info\"><a href=\"https:\/\/r3media.ro\/category\/actualitate\/\" class=\"td-post-category\">ACTUALITATE<\/a><span class=\"td-post-author-name\"><a href=\"https:\/\/r3media.ro\/author\/oana\/\">Oana Ivan<\/a><span>&#8211;<\/span><\/span><span class=\"td-post-date\"><time class=\"entry-date updated td-module-date\" datetime=\"2026-07-22T12:11:02+03:00\">22\/07\/2026<\/time><\/span><\/div>\n<\/div>\n<\/div>\n<\/div>\n<\/div>\n<\/div>\n<div class=\"td-load-more-wrap td-load-more-infinite-wrap\" id=\"infinite-lm-tdi_20\"><a href=\"https:\/\/r3media.ro\/reducere-10-supermarket-stat-new-york-discount-clienti-case-self-service\/\" class=\"td_ajax_load_more td_ajax_load_more_js\" aria-label=\"\u00cenc\u0103rca\u021bi mai multe\" id=\"next-page-tdi_20\" data-td_block_id=\"tdi_20\">\u00cenc\u0103rca\u021bi mai multe<\/a><\/div>\n<\/div>\n<div class=\"td_block_wrap tdb_single_comments tdi_21 tdb-comm-layout2 td-pb-border-top td_block_template_1\" data-td-block-uid=\"tdi_21\">\n<div class=\"tdb-block-inner td-fix-index\">\n<div class=\"comments\" id=\"comments\">\n<div id=\"respond\" class=\"comment-respond\">\n<h3 id=\"reply-title\" class=\"comment-reply-title\">AI CEVA DE SPUS? <small><a rel=\"nofollow\" id=\"cancel-comment-reply-link\" href=\"https:\/\/r3media.ro\/reducere-10-supermarket-stat-new-york-discount-clienti-case-self-service\/#respond\">Renun\u021ba\u021bi la r\u0103spuns<\/a><\/small><\/h3>\n<div class=\"comment-form-input-wrap td-form-comment\">\n<div class=\"td-warning-comment\">V\u0103 rug\u0103m s\u0103 introduce\u021bi comentariul dvs.!<\/div>\n<\/div>\n<div class=\"comment-form-input-wrap td-form-author\">\n<div class=\"td-warning-author\">Introduce\u021bi aici numele dvs.<\/div>\n<\/div>\n<div class=\"comment-form-input-wrap td-form-email\">\n<div class=\"td-warning-email-error\">A\u021bi introdus o adres\u0103 de e-mail incorect\u0103!<\/div>\n<div class=\"td-warning-email\">V\u0103 rug\u0103m s\u0103 introduce\u021bi adresa dvs. de e-mail aici<\/div>\n<\/div>\n<\/div>\n<\/div>\n<\/div>\n<\/div>\n<\/div>\n<\/div>\n<div class=\"vc_column tdi_23  wpb_column vc_column_container tdc-column td-pb-span4 td-is-sticky\">\n<div class=\"wpb_wrapper\" data-sticky-enabled-on=\"W3RydWUsdHJ1ZSx0cnVlLHRydWVd\" data-sticky-offset=\"20\" data-sticky-is-width-auto=\"W2ZhbHNlLGZhbHNlLGZhbHNlLGZhbHNlXQ==\">\n<div class=\"wpb_wrapper td_block_wrap vc_widget_sidebar tdi_25 \">\n<div class=\"td_block_wrap td_block_7 td_block_widget tdi_26 td-pb-border-top td_block_template_1 td-column-1 td_block_padding\" data-td-block-uid=\"tdi_26\">\n<div class=\"td-block-title-wrap\">\n<h4 class=\"block-title td-block-title\"><span class=\"td-pulldown-size\">Articole RELA\u021aIONATE<\/span><\/h4>\n<\/div>\n<div id=\"tdi_26\" class=\"td_block_inner\">\n<div class=\"td-block-span12\">\n<div class=\"td_module_6 td_module_wrap td-animation-stack\">\n<div class=\"td-module-thumb\"><a href=\"https:\/\/r3media.ro\/hyundai-recheama-service-masini-electrice-inster-risc-incendiu\/\" rel=\"bookmark\" class=\"td-image-wrap \" title=\"Hyundai recheam\u0103 \u00een service zeci de mii de ma\u0219ini electrice din cauza riscului de incendiu\"><img loading=\"lazy\" decoding=\"async\" class=\"entry-thumb\" src=\"https:\/\/r3media.ro\/wp-content\/uploads\/2026\/08\/masina-hyundai-100x70.jpg\" alt title=\"Hyundai recheam\u0103 \u00een service zeci de mii de ma\u0219ini electrice din cauza riscului de incendiu\" width=\"100\" height=\"70\"><\/a><\/div>\n<div class=\"item-details\">\n<h3 class=\"entry-title td-module-title\"><a href=\"https:\/\/r3media.ro\/hyundai-recheama-service-masini-electrice-inster-risc-incendiu\/\" rel=\"bookmark\" title=\"Hyundai recheam\u0103 \u00een service zeci de mii de ma\u0219ini electrice din cauza riscului de incendiu\">Hyundai recheam\u0103 \u00een service zeci de mii de ma\u0219ini electrice din&#8230;<\/a><\/h3>\n<div class=\"td-module-meta-info\"><span class=\"td-post-date\"><time class=\"entry-date updated td-module-date\" datetime=\"2026-08-02T08:34:05+03:00\">02\/08\/2026<\/time><\/span><\/div>\n<\/div>\n<\/div>\n<\/div>\n<div class=\"td-block-span12\">\n<div class=\"td_module_6 td_module_wrap td-animation-stack\">\n<div class=\"td-module-thumb\"><a href=\"https:\/\/r3media.ro\/romania-importa-energie-ucraina-ilie-bolojan-stare-de-alerta\/\" rel=\"bookmark\" class=\"td-image-wrap \" title=\"Rom\u00e2nia a ajuns s\u0103 importe energie de la Ucraina, stat aflat \u00een r\u0103zboi. Ilie Bolojan a declarat stare de alert\u0103 la nivel na\u021bional\"><img loading=\"lazy\" decoding=\"async\" class=\"entry-thumb\" src=\"https:\/\/r3media.ro\/wp-content\/uploads\/2024\/11\/Ilie-Bolojan-100x70.avif\" alt title=\"Rom\u00e2nia a ajuns s\u0103 importe energie de la Ucraina, stat aflat \u00een r\u0103zboi. Ilie Bolojan a declarat stare de alert\u0103 la nivel na\u021bional\" width=\"100\" height=\"70\"><\/a><\/div>\n<div class=\"item-details\">\n<h3 class=\"entry-title td-module-title\"><a href=\"https:\/\/r3media.ro\/romania-importa-energie-ucraina-ilie-bolojan-stare-de-alerta\/\" rel=\"bookmark\" title=\"Rom\u00e2nia a ajuns s\u0103 importe energie de la Ucraina, stat aflat \u00een r\u0103zboi. Ilie Bolojan a declarat stare de alert\u0103 la nivel na\u021bional\">Rom\u00e2nia a ajuns s\u0103 importe energie de la Ucraina, stat aflat&#8230;<\/a><\/h3>\n<div class=\"td-module-meta-info\"><span class=\"td-post-date\"><time class=\"entry-date updated td-module-date\" datetime=\"2026-08-01T21:30:03+03:00\">01\/08\/2026<\/time><\/span><\/div>\n<\/div>\n<\/div>\n<\/div>\n<div class=\"td-block-span12\">\n<div class=\"td_module_6 td_module_wrap td-animation-stack\">\n<div class=\"td-module-thumb\"><a href=\"https:\/\/r3media.ro\/stapanul-inelelor-ecrane-fani-faurire-inel-unic-sauron\/\" rel=\"bookmark\" class=\"td-image-wrap \" title=\"St\u0103p\u00e2nul Inelelor se \u00eentoarce pe ecrane: Fanii pot vedea cum a fost f\u0103urit Inelul Unic de c\u0103tre Sauron\"><img loading=\"lazy\" decoding=\"async\" class=\"entry-thumb\" src=\"https:\/\/r3media.ro\/wp-content\/uploads\/2026\/08\/stapanul-inelelor-100x70.jpg\" alt title=\"St\u0103p\u00e2nul Inelelor se \u00eentoarce pe ecrane: Fanii pot vedea cum a fost f\u0103urit Inelul Unic de c\u0103tre Sauron\" width=\"100\" height=\"70\"><\/a><\/div>\n<div class=\"item-details\">\n<h3 class=\"entry-title td-module-title\"><a href=\"https:\/\/r3media.ro\/stapanul-inelelor-ecrane-fani-faurire-inel-unic-sauron\/\" rel=\"bookmark\" title=\"St\u0103p\u00e2nul Inelelor se \u00eentoarce pe ecrane: Fanii pot vedea cum a fost f\u0103urit Inelul Unic de c\u0103tre Sauron\">St\u0103p\u00e2nul Inelelor se \u00eentoarce pe ecrane: Fanii pot vedea cum a&#8230;<\/a><\/h3>\n<div class=\"td-module-meta-info\"><span class=\"td-post-date\"><time class=\"entry-date updated td-module-date\" datetime=\"2026-08-01T14:05:57+03:00\">01\/08\/2026<\/time><\/span><\/div>\n<\/div>\n<\/div>\n<\/div>\n<div class=\"td-block-span12\">\n<div class=\"td_module_6 td_module_wrap td-animation-stack\">\n<div class=\"td-module-thumb\"><a href=\"https:\/\/r3media.ro\/dragostea-care-transcende-epoci-descult-in-parc-1967\/\" rel=\"bookmark\" class=\"td-image-wrap \" title=\"Dragostea care transcende epoci \u2014 Descul\u021b \u00een parc (1967)\"><img loading=\"lazy\" decoding=\"async\" class=\"entry-thumb\" src=\"https:\/\/r3media.ro\/wp-content\/uploads\/2026\/08\/descult-in-parc-1967-100x70.webp\" alt title=\"Dragostea care transcende epoci \u2014 Descul\u021b \u00een parc (1967)\" width=\"100\" height=\"70\"><\/a><\/div>\n<div class=\"item-details\">\n<h3 class=\"entry-title td-module-title\"><a href=\"https:\/\/r3media.ro\/dragostea-care-transcende-epoci-descult-in-parc-1967\/\" rel=\"bookmark\" title=\"Dragostea care transcende epoci \u2014 Descul\u021b \u00een parc (1967)\">Dragostea care transcende epoci \u2014 Descul\u021b \u00een parc (1967)<\/a><\/h3>\n<div class=\"td-module-meta-info\"><span class=\"td-post-date\"><time class=\"entry-date updated td-module-date\" datetime=\"2026-08-01T13:45:14+03:00\">01\/08\/2026<\/time><\/span><\/div>\n<\/div>\n<\/div>\n<\/div>\n<div class=\"td-block-span12\">\n<div class=\"td_module_6 td_module_wrap td-animation-stack\">\n<div class=\"td-module-thumb\"><a href=\"https:\/\/r3media.ro\/spaniolii-critica-premier-pedro-sanchez-tara-iad-lumea-a-treia-migranti\/\" rel=\"bookmark\" class=\"td-image-wrap \" title=\"Spaniolii \u00eel critic\u0103 pe premierul Pedro Sanchez pentru c\u0103 a transformat \u021bara \u00eentr-un iad \u201ede lumea a treia\u201d inundat de migran\u021bi\"><img loading=\"lazy\" decoding=\"async\" class=\"entry-thumb\" src=\"https:\/\/r3media.ro\/wp-content\/uploads\/2023\/07\/pedro-sanchez-e1690449856110-100x70.jpg\" alt title=\"Spaniolii \u00eel critic\u0103 pe premierul Pedro Sanchez pentru c\u0103 a transformat \u021bara \u00eentr-un iad \u201ede lumea a treia\u201d inundat de migran\u021bi\" width=\"100\" height=\"70\"><\/a><\/div>\n<div class=\"item-details\">\n<h3 class=\"entry-title td-module-title\"><a href=\"https:\/\/r3media.ro\/spaniolii-critica-premier-pedro-sanchez-tara-iad-lumea-a-treia-migranti\/\" rel=\"bookmark\" title=\"Spaniolii \u00eel critic\u0103 pe premierul Pedro Sanchez pentru c\u0103 a transformat \u021bara \u00eentr-un iad \u201ede lumea a treia\u201d inundat de migran\u021bi\">Spaniolii \u00eel critic\u0103 pe premierul Pedro Sanchez pentru c\u0103 a transformat&#8230;<\/a><\/h3>\n<div class=\"td-module-meta-info\"><span class=\"td-post-date\"><time class=\"entry-date updated td-module-date\" datetime=\"2026-08-01T13:32:41+03:00\">01\/08\/2026<\/time><\/span><\/div>\n<\/div>\n<\/div>\n<\/div>\n<div class=\"td-block-span12\">\n<div class=\"td_module_6 td_module_wrap td-animation-stack\">\n<div class=\"td-module-thumb\"><a href=\"https:\/\/r3media.ro\/antifa-instiga-violenta-manifestatie-pasnica-remigratie-olanda\/\" rel=\"bookmark\" class=\"td-image-wrap \" title=\"Antifa \u0219i grupurile anarhiste instig\u0103 la violen\u021b\u0103 la o manifesta\u021bie pa\u0219nic\u0103 pentru remigra\u021bie organizat\u0103 \u00een Olanda\"><img loading=\"lazy\" decoding=\"async\" class=\"entry-thumb\" src=\"https:\/\/r3media.ro\/wp-content\/uploads\/2026\/08\/steaguri-antifa-protest-germania-100x70.jpg\" alt title=\"Antifa \u0219i grupurile anarhiste instig\u0103 la violen\u021b\u0103 la o manifesta\u021bie pa\u0219nic\u0103 pentru remigra\u021bie organizat\u0103 \u00een Olanda\" width=\"100\" height=\"70\"><\/a><\/div>\n<div class=\"item-details\">\n<h3 class=\"entry-title td-module-title\"><a href=\"https:\/\/r3media.ro\/antifa-instiga-violenta-manifestatie-pasnica-remigratie-olanda\/\" rel=\"bookmark\" title=\"Antifa \u0219i grupurile anarhiste instig\u0103 la violen\u021b\u0103 la o manifesta\u021bie pa\u0219nic\u0103 pentru remigra\u021bie organizat\u0103 \u00een Olanda\">Antifa \u0219i grupurile anarhiste instig\u0103 la violen\u021b\u0103 la o manifesta\u021bie pa\u0219nic\u0103&#8230;<\/a><\/h3>\n<div class=\"td-module-meta-info\"><span class=\"td-post-date\"><time class=\"entry-date updated td-module-date\" datetime=\"2026-08-01T12:42:01+03:00\">01\/08\/2026<\/time><\/span><\/div>\n<\/div>\n<\/div>\n<\/div>\n<div class=\"td-block-span12\">\n<div class=\"td_module_6 td_module_wrap td-animation-stack\">\n<div class=\"td-module-thumb\"><a href=\"https:\/\/r3media.ro\/iasi-stinge-lumina-oras-iluminat-public-noaptea-economie-curent-electric\/\" rel=\"bookmark\" class=\"td-image-wrap \" title=\"Ia\u0219iul stinge lumina: Ora\u0219ul r\u0103m\u00e2ne f\u0103r\u0103 iluminat public \u00een timpul nop\u021bii pentru a face economie la curent electric\"><img loading=\"lazy\" decoding=\"async\" class=\"entry-thumb\" src=\"https:\/\/r3media.ro\/wp-content\/uploads\/2026\/08\/iasi-100x70.jpg\" alt title=\"Ia\u0219iul stinge lumina: Ora\u0219ul r\u0103m\u00e2ne f\u0103r\u0103 iluminat public \u00een timpul nop\u021bii pentru a face economie la curent electric\" width=\"100\" height=\"70\"><\/a><\/div>\n<div class=\"item-details\">\n<h3 class=\"entry-title td-module-title\"><a href=\"https:\/\/r3media.ro\/iasi-stinge-lumina-oras-iluminat-public-noaptea-economie-curent-electric\/\" rel=\"bookmark\" title=\"Ia\u0219iul stinge lumina: Ora\u0219ul r\u0103m\u00e2ne f\u0103r\u0103 iluminat public \u00een timpul nop\u021bii pentru a face economie la curent electric\">Ia\u0219iul stinge lumina: Ora\u0219ul r\u0103m\u00e2ne f\u0103r\u0103 iluminat public \u00een timpul nop\u021bii&#8230;<\/a><\/h3>\n<div class=\"td-module-meta-info\"><span class=\"td-post-date\"><time class=\"entry-date updated td-module-date\" datetime=\"2026-08-01T12:08:46+03:00\">01\/08\/2026<\/time><\/span><\/div>\n<\/div>\n<\/div>\n<\/div>\n<\/div>\n<\/div>\n<aside class=\"td_block_template_1 widget widget_recent_comments\">\n<h4 class=\"block-title\"><span>INTR\u0102 \u00ceN DISCU\u021aIE!<\/span><\/h4>\n<ul id=\"recentcomments\">\n<li class=\"recentcomments\"><span class=\"comment-author-link\">E.T.<\/span> la <a href=\"https:\/\/r3media.ro\/statul-roman-a-semnat-actul-propriei-disparitii\/#comment-40338\">Statul rom\u00e2n a semnat actul propriei dispari\u021bii?<\/a><\/li>\n<li class=\"recentcomments\"><span class=\"comment-author-link\">E.T.<\/span> la <a href=\"https:\/\/r3media.ro\/dragostea-care-transcende-epoci-descult-in-parc-1967\/#comment-40337\">Dragostea care transcende epoci \u2014 Descul\u021b \u00een parc (1967)<\/a><\/li>\n<li class=\"recentcomments\"><span class=\"comment-author-link\">E.T.<\/span> la <a href=\"https:\/\/r3media.ro\/spania-asediu-migranti-exclava-ceuta-africa-madrid-trupe-securitate-video\/#comment-40336\">VIDEO | Spania se afl\u0103 sub asediu: Mii de migran\u021bi au luat cu asalt exclava Ceuta din Africa. Madridul a trimis trupe pentru a consolida securitatea<\/a><\/li>\n<li class=\"recentcomments\"><span class=\"comment-author-link\">Nicu<\/span> la <a href=\"https:\/\/r3media.ro\/antifa-instiga-violenta-manifestatie-pasnica-remigratie-olanda\/#comment-40335\">Antifa \u0219i grupurile anarhiste instig\u0103 la violen\u021b\u0103 la o manifesta\u021bie pa\u0219nic\u0103 pentru remigra\u021bie organizat\u0103 \u00een Olanda<\/a><\/li>\n<li class=\"recentcomments\"><span class=\"comment-author-link\">Nicu<\/span> la <a href=\"https:\/\/r3media.ro\/iasi-stinge-lumina-oras-iluminat-public-noaptea-economie-curent-electric\/#comment-40333\">Ia\u0219iul stinge lumina: Ora\u0219ul r\u0103m\u00e2ne f\u0103r\u0103 iluminat public \u00een timpul nop\u021bii pentru a face economie la curent electric<\/a><\/li>\n<li class=\"recentcomments\"><span class=\"comment-author-link\">danverab<\/span> la <a href=\"https:\/\/r3media.ro\/iasi-stinge-lumina-oras-iluminat-public-noaptea-economie-curent-electric\/#comment-40332\">Ia\u0219iul stinge lumina: Ora\u0219ul r\u0103m\u00e2ne f\u0103r\u0103 iluminat public \u00een timpul nop\u021bii pentru a face economie la curent electric<\/a><\/li>\n<li class=\"recentcomments\"><span class=\"comment-author-link\">Nicu<\/span> la <a href=\"https:\/\/r3media.ro\/spania-asediu-migranti-exclava-ceuta-africa-madrid-trupe-securitate-video\/#comment-40331\">VIDEO | Spania se afl\u0103 sub asediu: Mii de migran\u021bi au luat cu asalt exclava Ceuta din Africa. Madridul a trimis trupe pentru a consolida securitatea<\/a><\/li>\n<\/ul>\n<\/aside>\n<aside class=\"td_block_template_1 widget widget_search\">\n<h4 class=\"block-title\"><span>CAUT\u0102 \u0218I VEI G\u0102SI<\/span><\/h4>\n<\/aside>\n<\/div>\n<\/div>\n<\/div>\n<\/div>\n<\/div>\n<\/div>\n<\/div>\n<p><span class=\"td-page-meta\"><\/span><span class=\"td-page-meta\"><span class=\"td-page-meta\"><\/span><\/span><span class=\"td-page-meta\"><\/span><\/article>\n<\/p>\n<div class=\"td_block_wrap tdb_single_content tdi_18 td-pb-border-top td_block_template_1 td-post-content tagdiv-type\" data-td-block-uid=\"tdi_18\">\n<div class=\"tdb-block-inner td-fix-index\">\n<p><strong>Nikki Lucas, parlamentar din New York, a propus o reducere de 10% pentru cump\u0103r\u0103torii care folosesc banda de case <a href=\"https:\/\/r3media.ro\/tag\/self-service\/\" target=\"_blank\" rel=\"noopener\">self-service<\/a>. Proiectul de lege, care a fost introdus \u00een mai, ar obliga supermarketurile sau al\u021bi comercina\u021bi cu am\u0103nuntul s\u0103 ofere reducerea, potrivit <a href=\"https:\/\/nypost.com\/2026\/07\/14\/lifestyle\/ny-state-bill-may-give-shoppers-a-10-deal-for-self-checkout\/\" target=\"_blank\" rel=\"noopener\">New York Post<\/a>.<\/strong><\/p>\n<p>Lucas a sus\u021binut c\u0103 banii economisi\u021bi ar trebui s\u0103 mearg\u0103 direct la cump\u0103r\u0103tor \u0219i nu la companie, deoarece clien\u021bii fac acum munca.<\/p>\n<p>\u201eCompaniile de retail se bazeaz\u0103 din ce \u00een ce mai mult pe sistemele de case self-service pentru a reduce costurile de personal \u0219i opera\u021bionale prin transferul responsabilit\u0103\u021bilor \u00eendeplinite \u00een mod tradi\u021bional de angaja\u021bi c\u0103tre consumatori\u201d, a scris Lucas \u00een proiectul de lege.<\/p>\n<p>\u201eDeoarece clien\u021bii realizeaz\u0103 efectiv o parte din munca de la cas\u0103 singuri, f\u0103r\u0103 compensa\u021bii, oferirea unei reduceri obligatorii ajut\u0103 la asigurarea echit\u0103\u021bii, recunoa\u0219te participarea consumatorilor la opera\u021biunile magazinului \u0219i permite publicului s\u0103 participe la economiile financiare create de tehnologia self-service\u201d, a ad\u0103ugat legislatorul.<\/p>\n<h2><strong>Statul New York ar putea oferi un discount clien\u021bilor care aleg casele self-service din supermarket<\/strong><\/h2>\n<p>\u00a0<\/p>\n<p>Proiectul de lege este \u00eenc\u0103 \u00een stadii incipiente, deoarece a fost introdus la sf\u00e2r\u0219itul sesiunii legislative. El necesit\u0103 un vot \u00een comisie, dup\u0103 care poate ajunge \u00een Adunare pentru a fi transmis Senatului pentru vot.<\/p>\n<p>Indiferent de situa\u021bie, casele de marcat automate r\u0103m\u00e2n o problem\u0103 controversat\u0103. Multe state au implementat legisla\u021bie care reglementeaz\u0103 modul \u00een care acestea pot fi utilizate. Cu toate acestea, acest proiect de lege este unic, deoarece este singura propunere care ar returna banii cump\u0103r\u0103torului.<\/p>\n<p>La \u00eenceputul acestui an a fost introdus un alt proiect de lege ce vizeaz\u0103 casele self-service. Dac\u0103 va fi adoptat, acesta ar obliga <strong><a href=\"https:\/\/r3media.ro\/tag\/supermarket\/\" target=\"_blank\" rel=\"noopener\">supermarketurile<\/a><\/strong> \u0219i farmaciile din New York s\u0103 impun\u0103 o limit\u0103 de 15 articole la casele automate. De asemenea, ar obliga comercian\u021bii cu am\u0103nuntul s\u0103 aib\u0103 cel pu\u021bin un angajat la trei benzi. Nerespectarea regulilor ar \u00eensemna amenzi zilnice de cel pu\u021bin 100 de dolari.<\/p>\n<p>\u201eAm v\u0103zut consecin\u021bele \u00eendep\u0103rt\u0103rii lucr\u0103torilor din aceste spa\u021bii:<\/p>\n<ul>\n<li>cre\u0219terea furturilor din comer\u021b<\/li>\n<li>mai pu\u021bin\u0103 supraveghere<\/li>\n<li>mai pu\u021bine protec\u021bii at\u00e2t pentru lucr\u0103tori, c\u00e2t \u0219i pentru clien\u021bi \u0219i<\/li>\n<li>o siguran\u021b\u0103 redus\u0103\u201d, a declarat consiliera Amanda Farias, membr\u0103 \u00een consiliul municipal New York.<\/li>\n<\/ul>\n<p>Rhode Island a devenit recent primul stat care a aplicat efectiv regulile pentru casele de marcat automate. Statul a adoptat o nou\u0103 lege \u00een iunie. \u00cencep\u00e2nd de anul viitor, toate magazinele alimentare trebuie s\u0103 aib\u0103 cel pu\u021bin o band\u0103 manual\u0103 cu personal pentru fiecare trei sta\u021bii de case de marcat automate deschise.<\/p>\n<p>\u00cen plus, angajatul nu poate avea alte sarcini \u00een timp ce ocup\u0103 banda respectiv\u0103. Dac\u0103 magazinele nu respect\u0103 aceast\u0103 regul\u0103, se aplic\u0103 o amend\u0103 zilnic\u0103 de p\u00e2n\u0103 la 1.000 de dolari.<\/p>\n<p>Totodat\u0103, Connecticut a introdus o legisla\u021bie care impune magazinelor alimentare s\u0103 fac\u0103 trei modific\u0103ri. Prima ar fi o sta\u021bie de cas\u0103 de marcat manual\u0103 pentru fiecare dou\u0103 sta\u021bii de case de marcat automate, cel pu\u021bin un angajat pentru fiecare dou\u0103 sta\u021bii de case de marcat automate, iar magazinele nu ar putea avea mai mult de opt sta\u021bii de case de marcat automate \u00een acela\u0219i timp. Spre deosebire de Rhode Island, proiectul de lege a fost anulat \u00een luna mai.<\/p>\n<h2><strong>Supermarketul Auchan a anun\u021bat c\u0103 va elimina casierii \u00een Rom\u00e2nia<\/strong><\/h2>\n<p>\u00a0<\/p>\n<p>Supermarketul Auchan a anun\u021bat \u00een 2023 c\u0103 <a href=\"https:\/\/r3media.ro\/auchan-renunta-la-angajatii-de-la-casierii-clientii-isi-vor-face-check-out-ul-singuri-culmea-auchan-afirma-ca-a-luat-aceasta-decizie-pentru-a-raspunde-exigentelor-clientilor\/\" target=\"_blank\" rel=\"noopener\"><strong>nu va mai avea case de marcat tradi\u021bionale<\/strong><\/a>. Clien\u021bii au fost informa\u021bi c\u0103 \u00ee\u0219i vor face singuri check-out, a anun\u021bat compania \u00eentr-un comunicat de pres\u0103.<\/p>\n<p>Fo\u0219tii casieri vor deveni \u201econsilieri\u201d, noul lor rol fiind acela de a acorda consultan\u021b\u0103 \u0219i suport clien\u021bilor.<\/p>\n<p>\u00cen acela\u0219i timp, unele supermarketuri din Occident au renun\u021bat la casele self-service \u0219i <a href=\"https:\/\/r3media.ro\/supermarketuri-occident-case-marcat-self-pay-casieri-clienti\/\" target=\"_blank\" rel=\"noopener\"><strong>au introdus din nou personal uman<\/strong><\/a>. De exemplu, Lan\u021bul de supermarketuri Booths a renun\u021bat la aproape toate casele self-service din magazinele sale. Decizia a fost luat\u0103 ca urmare a cererii clien\u021bilor.<\/p>\n<p>26 din cele 28 de magazine conduse de companie, care face comer\u021b \u00een nordul Angliei, au trecut la case cu personal.<\/p>\n<p>Dan Negru a afirmat de asemenea c\u0103 problema caselor-self service nu este legat\u0103 de automatizarea \u00een sine, ci de <strong><a href=\"https:\/\/r3media.ro\/dan-negru-revine-pe-tema-caselor-self-service-vreo-2-3000-de-lei-castiga-un-casier-la-supermarket-asta-e-subiectul-nu-robotii-noi-suntem-robotii-cu-capul-plecat-pentru-ca-ceea-ce-permiti-o-data-v\/\" target=\"_blank\" rel=\"noopener\">pierderea locurilor de munc\u0103<\/a><\/strong> \u2013 \u0219i-a\u0219a prost pl\u0103tite \u2013 ale celor care lucreaz\u0103 acum, acolo.<\/p>\n<div class=\"crp_related     crp-masonry\">\n<h2>\u00ceN CONTEXT<\/h2>\n<ul>\n<li><a href=\"https:\/\/r3media.ro\/exclusivitate-foto-supermarket-kaufland-vinde-mango-copt-copac-spania-tara-origine-peru\/\" class=\"crp_link post-113358\"><span class=\"crp_title\">EXCLUSIVITATE FOTO | Supermarketul Kaufland vinde \u201emango copt \u00een copac din Spania\u201c, dar \u021bara\u2026<\/span><\/a><\/li>\n<li><a href=\"https:\/\/r3media.ro\/fot-raed-arafat-populatie-infrunte-ciclonul-barbara-rezerve-apa-harna-oameni-supermarketuri-golit-rafturi\/\" class=\"crp_link post-113549\"><span class=\"crp_title\">FOTO | Raed Arafat a cerut popula\u021biei s\u0103 \u00eenfrunte ciclonul Barbara cu rezerve de ap\u0103 \u0219i\u2026<\/span><\/a><\/li>\n<li><a href=\"https:\/\/r3media.ro\/supermarketuri-europa-inundate-oua-ucrainene-contin-substante-interzise-uniunea-europeana\/\" class=\"crp_link post-112739\"><span class=\"crp_title\">Supermarketurile din Europa sunt inundate cu ou\u0103 ucrainene care con\u021bin substan\u021be interzise \u00een UE<\/span><\/a><\/li>\n<\/ul>\n<\/div>\n<\/div>\n<\/div>\n<p>[analyse_source url=&#8221;https:\/\/r3media.ro\/reducere-10-supermarket-stat-new-york-discount-clienti-case-self-service\/&#8221;]<\/p>\n","protected":false},"excerpt":{"rendered":"<p>[analyse_image type=&#8221;featured&#8221; src=&#8221;https:\/\/r3media.ro\/wp-content\/uploads\/2026\/08\/supermarket-scaled-e1785672944833.jpghttps:\/\/r3media.ro\/wp-content\/uploads\/2026\/08\/supermarket-scaled-e1785672944833.jpg&#8221;] FEATUREDReducere de 10% la supermarket: Statul New York ar putea oferi un&#8230; FEATURED\u0218TIRI Reducere de 10% la supermarket: Statul New York ar putea oferi un discount clien\u021bilor care aleg casele self-service Oana Ivan 02\/08\/2026 Surs\u0103 &#8211; Unsplash Nikki Lucas, parlamentar din New York, a propus o reducere de 10% pentru cump\u0103r\u0103torii care [&hellip;]<\/p>\n","protected":false},"author":1,"featured_media":0,"comment_status":"open","ping_status":"","sticky":false,"template":"","format":"standard","meta":{"footnotes":""},"categories":[89],"tags":[226,93],"class_list":["post-2073624","post","type-post","status-publish","format-standard","hentry","category-romania","tag-crawlmanager","tag-r3media-ro"],"_links":{"self":[{"href":"https:\/\/analyse.optim.biz\/index.php?rest_route=\/wp\/v2\/posts\/2073624","targetHints":{"allow":["GET"]}}],"collection":[{"href":"https:\/\/analyse.optim.biz\/index.php?rest_route=\/wp\/v2\/posts"}],"about":[{"href":"https:\/\/analyse.optim.biz\/index.php?rest_route=\/wp\/v2\/types\/post"}],"author":[{"embeddable":true,"href":"https:\/\/analyse.optim.biz\/index.php?rest_route=\/wp\/v2\/users\/1"}],"replies":[{"embeddable":true,"href":"https:\/\/analyse.optim.biz\/index.php?rest_route=%2Fwp%2Fv2%2Fcomments&post=2073624"}],"version-history":[{"count":0,"href":"https:\/\/analyse.optim.biz\/index.php?rest_route=\/wp\/v2\/posts\/2073624\/revisions"}],"wp:attachment":[{"href":"https:\/\/analyse.optim.biz\/index.php?rest_route=%2Fwp%2Fv2%2Fmedia&parent=2073624"}],"wp:term":[{"taxonomy":"category","embeddable":true,"href":"https:\/\/analyse.optim.biz\/index.php?rest_route=%2Fwp%2Fv2%2Fcategories&post=2073624"},{"taxonomy":"post_tag","embeddable":true,"href":"https:\/\/analyse.optim.biz\/index.php?rest_route=%2Fwp%2Fv2%2Ftags&post=2073624"}],"curies":[{"name":"wp","href":"https:\/\/api.w.org\/{rel}","templated":true}]}}