{"id":2073479,"date":"2026-07-31T00:00:00","date_gmt":"2026-07-30T21:00:00","guid":{"rendered":"https:\/\/analyse.optim.biz\/?p=2073479"},"modified":"2026-07-31T00:00:00","modified_gmt":"2026-07-30T21:00:00","slug":"locuri-de-munca-pe-alese-pentru-vranceni-146-de-posturi-disponibile-in-judet-si-alte-139-oportunitati-de-angajare-prin-reteaua-eures-in-mai-multe-state-ale-uniunii-europene","status":"publish","type":"post","link":"https:\/\/analyse.optim.biz\/?p=2073479","title":{"rendered":"Locuri de munc\u0103 pe alese pentru vr\u00e2nceni: 146 de posturi disponibile \u00een jude\u021b \u0219i alte 139 oportunit\u0103\u021bi de angajare prin re\u021beaua EURES, \u00een mai multe state ale Uniunii Europene"},"content":{"rendered":"<p>[analyse_image type=&#8221;featured&#8221; src=&#8221;https:\/\/zdvi.cname.ro\/_\/locuri-de-munca-pe-alese-pentru-vranceni-146-de-posturi-disponibile-in-judet-si-alte-139-oportunitati-de-angajare-in-uniunea-europeana\/mediaPool\/ufaB2g3.jpg&#8221;]<\/p>\n<div class=\"main-content detaliu-articol\"><a class=\"titlu-cat-list\" href=\"https:\/\/ziaruldevrancea.ro\/special\/economic\">Economic<\/a><\/p>\n<h1>Locuri de munc\u0103 pe alese pentru vr\u00e2nceni: 146 de posturi disponibile \u00een jude\u021b \u0219i alte 139 oportunit\u0103\u021bi de angajare prin re\u021beaua EURES, \u00een mai multe state ale Uniunii Europene<\/h1>\n<div class=\"date-articol clearfix\">\n<div class=\"distribuie-articol dropdown\">\n    Distribuie: \u00a0<br \/>\n    <em>|<\/em><\/div>\n<div class=\"autor-articol\"><a href=\"https:\/\/ziaruldevrancea.ro\/autor\/camelia-marin\/\"><img decoding=\"async\" class=\"img-circle\" src=\"https:\/\/zdvi.cname.ro\/50_50\/articleAuthor\/camelia-marin\/articleAuthor\/u9DOVkc.jpg\" alt><\/a><\/p>\n<h5><a href=\"https:\/\/ziaruldevrancea.ro\/autor\/camelia-marin\/\">Camelia Marin<\/a><\/h5>\n<div class=\"grup-spatiere\"><span class=\"cu-spatiere\">31 iul 2026<\/span><span class=\"cu-spatiere\">554 vizualiz\u0103ri<\/span><\/div>\n<\/div>\n<\/div>\n<div class=\"poza-mare\"><a href class=\"openGallery\"><img decoding=\"async\" class=\"img-responsive\" src=\"https:\/\/zdvi.cname.ro\/850_530\/locuri-de-munca-pe-alese-pentru-vranceni-146-de-posturi-disponibile-in-judet-si-alte-139-oportunitati-de-angajare-in-uniunea-europeana\/article\/mediaPool\/ufaB2g3.jpg\" alt><\/a><\/div>\n<p><strong>AJOFM Vrancea anun\u021b\u0103 noi oferte de angajare at\u00e2t pe pia\u021ba local\u0103, c\u00e2t<br \/>\n \u0219i prin re\u021beaua EURES, oferind \u0219anse de munc\u0103 pentru persoane cu<br \/>\ndiferite niveluri de calificare.<\/strong><\/p>\n<p><strong>intermediul re\u021belei EURES.<br \/>\njude\u021b, la care se adaug\u0103 139 posturi vacante \u00een spa\u021biul comunitar, prin<br \/>\nde Munc\u0103 (AJOFM) Vrancea, sunt disponibile 146 de locuri de munc\u0103 \u00een<br \/>\nPotrivit datelor publicate de Agen\u021bia Jude\u021bean\u0103 pentru Ocuparea For\u021bei<br \/>\njude\u021bul Vrancea, c\u00e2t \u0219i \u00een mai multe state ale Uniunii Europene.<br \/>\n\u00eenceputul lunii iulie, o ofert\u0103 diversificat\u0103 de angajare at\u00e2t \u00een<br \/>\n<strong>Persoanele aflate \u00een c\u0103utarea unui loc de munc\u0103 au la dispozi\u021bie, la <\/strong><\/strong><\/p>\n<p>\u00a0<\/p>\n<p>Persoanele aflate \u00een c\u0103utarea unui loc de munc\u0103 au la dispozi\u021bie o nou\u0103 serie de oportunit\u0103\u021bi de angajare, at\u00e2t \u00een jude\u021bul Vrancea, c\u00e2t \u0219i \u00een mai multe state membre ale Uniunii Europene. Potrivit celor mai recente date publicate de Agen\u021bia Jude\u021bean\u0103 pentru Ocuparea For\u021bei de Munc\u0103 (AJOFM) Vrancea, angajatorii din jude\u021b pun la dispozi\u021bie peste 146 de posturi vacante, \u00een timp ce prin re\u021beaua EURES sunt disponibile 139 de locuri de munc\u0103 \u00een str\u0103in\u0103tate.<\/p>\n<p>Oferta se adreseaz\u0103 persoanelor cu diferite niveluri de preg\u0103tire profesional\u0103 \u0219i experien\u021b\u0103, de la muncitori necalifica\u021bi p\u00e2n\u0103 la speciali\u0219ti \u00een diverse domenii de activitate.<\/p>\n<p><strong>Oportunit\u0103\u021bi de angajare pentru vr\u00e2nceni<\/strong><\/p>\n<p>Conform informa\u021biilor transmise de AJOFM Vrancea, la \u00eenceputul acestei perioade sunt disponibile <strong>155 de locuri de munc\u0103 \u00een jude\u021b<\/strong>, \u00een timp ce <strong>205 posturi vacante<\/strong> sunt oferite \u00een state ale Uniunii Europene prin intermediul re\u021belei EURES.<\/p>\n<p><strong>Oferta local\u0103 include posturi \u00een domenii precum:<\/strong><\/p>\n<ul>\n<li>\n<p>industrie \u0219i produc\u021bie;<\/p>\n<\/li>\n<li>\n<p>construc\u021bii;<\/p>\n<\/li>\n<li>\n<p>comer\u021b;<\/p>\n<\/li>\n<li>\n<p>transport;<\/p>\n<\/li>\n<li>\n<p>servicii;<\/p>\n<\/li>\n<li>\n<p>alimenta\u021bie public\u0103;<\/p>\n<\/li>\n<li>\n<p>agricultur\u0103.<\/p>\n<\/li>\n<\/ul>\n<p>Angajatorii caut\u0103 at\u00e2t persoane calificate, c\u00e2t \u0219i candida\u021bi f\u0103r\u0103 experien\u021b\u0103, pentru anumite ocupa\u021bii fiind asigurat\u0103 instruirea la locul de munc\u0103.<\/p>\n<p><strong>Locuri de munc\u0103 \u00een Uniunea European\u0103<\/strong><\/p>\n<p>Pentru cei interesa\u021bi de un loc de munc\u0103 \u00een str\u0103in\u0103tate, re\u021beaua EURES pune la dispozi\u021bie <strong>205 posturi<\/strong> \u00een mai multe state membre ale Uniunii Europene.<\/p>\n<p><strong>Ofertele vizeaz\u0103 domenii diverse, precum:<\/strong><\/p>\n<ul>\n<li>\n<p>construc\u021bii;<\/p>\n<\/li>\n<li>\n<p>agricultur\u0103;<\/p>\n<\/li>\n<li>\n<p>industrie alimentar\u0103;<\/p>\n<\/li>\n<li>\n<p>turism \u0219i ospitalitate;<\/p>\n<\/li>\n<li>\n<p>produc\u021bie;<\/p>\n<\/li>\n<li>\n<p>servicii.<\/p>\n<\/li>\n<\/ul>\n<p>Persoanele interesate pot ob\u021bine informa\u021bii suplimentare privind condi\u021biile de angajare, salariile, perioada contractelor \u0219i documentele necesare direct de la AJOFM Vrancea sau prin intermediul consilierilor EURES.<\/p>\n<p><strong>AJOFM recomand\u0103 consultarea permanent\u0103 a ofertelor<\/strong><\/p>\n<p>Reprezentan\u021bii AJOFM Vrancea recomand\u0103 persoanelor aflate \u00een c\u0103utarea unui loc de munc\u0103 s\u0103 urm\u0103reasc\u0103 periodic actualizarea ofertelor, \u00eentruc\u00e2t acestea se modific\u0103 \u00een func\u021bie de solicit\u0103rile angajatorilor.<\/p>\n<p>De asemenea, institu\u021bia ofer\u0103 servicii gratuite de informare, consiliere profesional\u0103 \u0219i mediere a muncii pentru persoanele \u00eenregistrate \u00een eviden\u021bele sale.<\/p>\n<p>Vr\u00e2ncenii interesa\u021bi de ocuparea unui loc de munc\u0103 sunt \u00eencuraja\u021bi s\u0103 contacteze AJOFM Vrancea pentru informa\u021bii actualizate privind posturile disponibile \u0219i condi\u021biile de recrutare.<\/p>\n<p><img decoding=\"async\" alt src=\"https:\/\/zdvi.cname.ro\/_\/mediaPool-file\/mediaPool\/utVZs5y.jpg\"><\/p>\n<p><img decoding=\"async\" alt src=\"https:\/\/zdvi.cname.ro\/_\/mediaPool-file\/mediaPool\/uNxqWzw.jpg\"><\/p>\n<p><img decoding=\"async\" alt src=\"https:\/\/zdvi.cname.ro\/_\/mediaPool-file\/mediaPool\/uvArcki.jpg\"><\/p>\n<p>\u00a0<\/p>\n<p>\u00a0<\/p>\n<hr>\n<div class=\"bloc-widget widget-rosu\">\n<p>\u00cen lipsa unui acord scris din partea Ziarului de Vrancea, pute\u0163i prelua maxim 500 de caractere din acest articol dac\u0103 preciza\u0163i sursa \u015fi insera\u0163i vizibil link-ul articolului:\u00a0<span>#insertcurrentlinkhere<\/span><\/p>\n<\/div>\n<div class=\"extra-articol listing-anunturi\">\n<h6>Anun\u021buri <span class=\"text-primary\">ZdV<\/span> Premium<\/h6>\n<div class=\"row\">\n<div class=\"col-lg-4 col-md-6 bloc-egal\"><a class=\"card-anunt\" href=\"https:\/\/ziaruldevrancea.ro\/anunturi\/imobiliare\/vanzari-terenuri\/vand-teren-in-panciu\"><strong class=\"titlu\">V\u00e2nz\u0103ri terenuri<\/strong><span class=\"text-anunt\">Teren Panciu 1170 mp, cu num\u0103r cas\u0103, ap\u0103&#8230;<\/span><span class=\"data-anunt\">29.07.2026  <\/span><\/a><\/div>\n<div class=\"col-lg-4 col-md-6 bloc-egal\"><a class=\"card-anunt\" href=\"https:\/\/ziaruldevrancea.ro\/anunturi\/altele\/anulare-acte\/vand-scrumbii-afumate-capturi-dunare\"><strong class=\"titlu\">Vanzari diverse<\/strong><span class=\"text-anunt\">Pret : 117 lei \/ kg . \u00a0 Este&#8230;<\/span><span class=\"data-anunt\">29.07.2026 , Gala\u021bi , Gala\u021bi<\/span><\/a><\/div>\n<div class=\"col-lg-4 col-md-6 bloc-egal\"><a class=\"card-anunt\" href=\"https:\/\/ziaruldevrancea.ro\/anunturi\/imobiliare\/vanzari-case\/vand-casa-si-teren-in-panciu-anunt-72818\"><strong class=\"titlu\">V\u00e2nz\u0103ri case<\/strong><span class=\"text-anunt\">V\u00e2nd cas\u0103 cu 2 camere, buc\u0103t\u0103rie, baie,&#8230;<\/span><span class=\"data-anunt\">23.07.2026  <\/span><\/a><\/div>\n<\/div>\n<\/div>\n<div class=\"extra-articol alte-articole\">\n<div class=\"row\">\n<div class=\"col-lg-6 bloc-egal\">\n<div class=\"card articol-listing\">\n<h6>\u00cen categoria <a href=\"https:\/\/ziaruldevrancea.ro\/special\/economic\">Economic<\/a><\/h6>\n<div class=\"grup-articol-listing\">\n<div class=\"cont-pils\"><a href=\"https:\/\/ziaruldevrancea.ro\/special\/economic\/mozaic-Stiri-economice-peste-1.000-de-miliarde-de-dolari-s-au-evaporat-din-valoarea-companiilor-de-cipuri\"><img decoding=\"async\" src=\"https:\/\/zdvi.cname.ro\/180_135\/special\/economic\/mozaic-Stiri-economice-peste-1.000-de-miliarde-de-dolari-s-au-evaporat-din-valoarea-companiilor-de-cipuri\/mediaPool\/u7KvYcX.jpg\" class=\"img-responsive img-180\" alt><\/a><\/div>\n<h2><a class=\"link-titlu\" href=\"https:\/\/ziaruldevrancea.ro\/special\/economic\/mozaic-Stiri-economice-peste-1.000-de-miliarde-de-dolari-s-au-evaporat-din-valoarea-companiilor-de-cipuri\">MOZAIC \u0218TIRI ECONOMICE: Peste 1.000 de miliarde de dolari s-au evaporat din valoarea companiilor de cipuri<\/a><\/h2>\n<div class=\"date-post\"><a href=\"https:\/\/ziaruldevrancea.ro\/autor\/radu-tomescu\">Radu Tomescu<\/a>, 29 iul 2026  <\/div>\n<\/div>\n<div class=\"grup-articol-listing\">\n<div class=\"cont-pils\"><a href=\"https:\/\/ziaruldevrancea.ro\/special\/economic\/mozaic-Stiri-economice-termenul-de-achizitie-a-locuintelor-cu-tva-redus-a-fost-prelungit\"><img decoding=\"async\" src=\"https:\/\/zdvi.cname.ro\/180_135\/special\/economic\/mozaic-Stiri-economice-termenul-de-achizitie-a-locuintelor-cu-tva-redus-a-fost-prelungit\/mediaPool\/uFd4xKk.jpg\" class=\"img-responsive img-180\" alt><\/a><\/div>\n<h2><a class=\"link-titlu\" href=\"https:\/\/ziaruldevrancea.ro\/special\/economic\/mozaic-Stiri-economice-termenul-de-achizitie-a-locuintelor-cu-tva-redus-a-fost-prelungit\">MOZAIC \u0218TIRI ECONOMICE: Termenul de achizi\u021bie a locuin\u021belor cu TVA redus a fost prelungit <\/a><\/h2>\n<div class=\"date-post\"><a href=\"https:\/\/ziaruldevrancea.ro\/autor\/rodica-condurache\">Rodica Condurache<\/a>, 28 iul 2026  <\/div>\n<\/div>\n<div class=\"grup-articol-listing\">\n<div class=\"cont-pils\"><a href=\"https:\/\/ziaruldevrancea.ro\/special\/economic\/mozaic-Stiri-economice-romanii-si-au-asigurat-anul-trecut-calatoriile-pentru-85-de-miliarde-de-lei\"><img decoding=\"async\" src=\"https:\/\/zdvi.cname.ro\/180_135\/special\/economic\/mozaic-Stiri-economice-romanii-si-au-asigurat-anul-trecut-calatoriile-pentru-85-de-miliarde-de-lei\/mediaPool\/uLlyonA.jpg\" class=\"img-responsive img-180\" alt><\/a><\/div>\n<h2><a class=\"link-titlu\" href=\"https:\/\/ziaruldevrancea.ro\/special\/economic\/mozaic-Stiri-economice-romanii-si-au-asigurat-anul-trecut-calatoriile-pentru-85-de-miliarde-de-lei\">MOZAIC \u0218TIRI ECONOMICE: Rom\u00e2nii \u015fi-au asigurat, anul trecut, c\u0103l\u0103toriile pentru 85 de miliarde de lei<\/a><\/h2>\n<div class=\"date-post\"><a href=\"https:\/\/ziaruldevrancea.ro\/autor\/rodica-condurache\">Rodica Condurache<\/a>, 27 iul 2026  <\/div>\n<\/div>\n<\/div>\n<\/div>\n<div class=\"col-lg-6 bloc-egal\">\n<div class=\"card articol-listing\">\n<h6>De acela\u0219i <a href=\"https:\/\/ziaruldevrancea.ro\/autor\/camelia-marin\/\">autor<\/a><\/h6>\n<div class=\"grup-articol-listing\">\n<div class=\"cont-pils\"><a href=\"https:\/\/ziaruldevrancea.ro\/promo\/brand-voice\/ecografii-pediatrice-realizate-de-un-medic-cu-experienta-de-la-spitalul-marie-curie-disponibile-la-policlinica-tineretii-medical-hub-din-focsani\"><img decoding=\"async\" src=\"https:\/\/zdvi.cname.ro\/180_135\/promo\/brand-voice\/ecografii-pediatrice-realizate-de-un-medic-cu-experienta-de-la-spitalul-marie-curie-disponibile-la-policlinica-tineretii-medical-hub-din-focsani\/mediaPool\/ubT9BQM.PNG\" class=\"img-responsive img-180\" alt><\/a><\/div>\n<h2><a class=\"link-titlu\" href=\"https:\/\/ziaruldevrancea.ro\/promo\/brand-voice\/ecografii-pediatrice-realizate-de-un-medic-cu-experienta-de-la-spitalul-marie-curie-disponibile-la-policlinica-tineretii-medical-hub-din-focsani\">Ecografii pediatrice realizate de un medic cu experien\u021b\u0103 de la Spitalul \u201eMarie Curie\u201d, disponibile la Policlinica Tinere\u021bii Medical Hub din Foc\u0219ani<\/a><\/h2>\n<div class=\"date-post\"><a href=\"https:\/\/ziaruldevrancea.ro\/autor\/camelia-marin\">Camelia Marin<\/a>,  2 aug 2026  <\/div>\n<\/div>\n<div class=\"grup-articol-listing\">\n<div class=\"cont-pils\"><a href=\"https:\/\/ziaruldevrancea.ro\/promo\/brand-voice\/evaluarea-completa-a-inimii-disponibila-in-focsani.-policlinica-tineretii-medical-hub-pune-accent-pe-diagnosticul-cardiologic-corect\"><img decoding=\"async\" src=\"https:\/\/zdvi.cname.ro\/180_135\/promo\/brand-voice\/evaluarea-completa-a-inimii-disponibila-in-focsani.-policlinica-tineretii-medical-hub-pune-accent-pe-diagnosticul-cardiologic-corect\/mediaPool\/u62vDiE.PNG\" class=\"img-responsive img-180\" alt><\/a><\/div>\n<h2><a class=\"link-titlu\" href=\"https:\/\/ziaruldevrancea.ro\/promo\/brand-voice\/evaluarea-completa-a-inimii-disponibila-in-focsani.-policlinica-tineretii-medical-hub-pune-accent-pe-diagnosticul-cardiologic-corect\">Evaluarea complet\u0103 a inimii, disponibil\u0103 \u00een Foc\u0219ani. Policlinica Tinere\u021bii Medical Hub pune accent pe diagnosticul cardiologic corect<\/a><\/h2>\n<div class=\"date-post\"><a href=\"https:\/\/ziaruldevrancea.ro\/autor\/camelia-marin\">Camelia Marin<\/a>,  1 aug 2026  <\/div>\n<\/div>\n<div class=\"grup-articol-listing\">\n<div class=\"cont-pils\"><a href=\"https:\/\/ziaruldevrancea.ro\/promo\/evenimente-speciale\/premiera-in-vrancea-festivalul-florentin-delmar-se-muta-in-piata-unirii-din-focsani-pentru-editia-cu-numarul-51\"><img decoding=\"async\" src=\"https:\/\/zdvi.cname.ro\/180_135\/promo\/evenimente-speciale\/premiera-in-vrancea-festivalul-florentin-delmar-se-muta-in-piata-unirii-din-focsani-pentru-editia-cu-numarul-51\/mediaPool\/uoGexif.jpg\" class=\"img-responsive img-180\" alt><\/a><\/div>\n<h2><a class=\"link-titlu\" href=\"https:\/\/ziaruldevrancea.ro\/promo\/evenimente-speciale\/premiera-in-vrancea-festivalul-florentin-delmar-se-muta-in-piata-unirii-din-focsani-pentru-editia-cu-numarul-51\">Premier\u0103 \u00een Vrancea: Festivalul \u201eFlorentin Delmar\u201d se mut\u0103 \u00een Pia\u021ba Unirii din Foc\u0219ani pentru edi\u021bia cu num\u0103rul 51<\/a><\/h2>\n<div class=\"date-post\"><a href=\"https:\/\/ziaruldevrancea.ro\/autor\/camelia-marin\">Camelia Marin<\/a>, 31 iul 2026  <\/div>\n<\/div>\n<\/div>\n<\/div>\n<\/div>\n<\/div>\n<div class=\"extra-articol listing-anunturi\">\n<h6>Anun\u021buri <span class=\"text-primary\">ZdV<\/span> Premium<\/h6>\n<div class=\"row\">\n<div class=\"col-lg-4 col-md-6 bloc-egal\"><a class=\"card-anunt\" href=\"https:\/\/ziaruldevrancea.ro\/anunturi\/angajari\/cereri-angajari\/doresc-angajare-anunt-72815\"><strong class=\"titlu\">Cereri<\/strong><span class=\"text-anunt\">Doresc s\u0103 am grij\u0103 de un copil de gradini\u021b\u0103&#8230;<\/span><span class=\"data-anunt\">21.07.2026  <\/span><\/a><\/div>\n<div class=\"col-lg-4 col-md-6 bloc-egal\"><a class=\"card-anunt\" href=\"https:\/\/ziaruldevrancea.ro\/anunturi\/inchirieri\/locuinte-oferte\/primesc-in-gazda-anunt-72816\"><strong class=\"titlu\">Locuin\u021be oferte<\/strong><span class=\"text-anunt\">\u00a0Primesc \u00een gazd\u0103 la cas\u0103.<\/p>\n<p>Tel&#8230;.<\/span><span class=\"data-anunt\">21.07.2026  <\/span><\/a><\/div>\n<div class=\"col-lg-4 col-md-6 bloc-egal\"><a class=\"card-anunt\" href=\"https:\/\/ziaruldevrancea.ro\/anunturi\/inchirieri\/locuinte-oferte\/primesc-in-gazda-anunt-72817\"><strong class=\"titlu\">Locuin\u021be oferte<\/strong><span class=\"text-anunt\">Primesc \u00een gazd\u0103 la bloc o elev\u0103. <\/p>\n<p>Tel&#8230;.<\/span><span class=\"data-anunt\">21.07.2026  <\/span><\/a><\/div>\n<\/div>\n<\/div>\n<div class=\"bloc-widget widget-albastru\">\n    Ziarul de Vrancea \u00a0nu este responsabil juridic pentru con\u0163inutul textelor din comentariile de mai jos. Responsabilitatea pentru mesajele dumneavoastra v\u0103 revine \u00een exclusivitate.\n<\/div>\n<div class=\"comentarii-articol\" id=\"comentarii\">\n<h3>Comentarii: <span class=\"text-primary\">0<\/span><\/h3>\n<p><a href=\"https:\/\/ziaruldevrancea.ro\/special\/economic\/locuri-de-munca-pe-alese-pentru-vranceni-146-de-posturi-disponibile-in-judet-si-alte-139-oportunitati-de-angajare-in-uniunea-europeana\" class=\"btn btn-success btn-adauga-com\" data-toggle=\"modal\" data-parent=\"0\" data-target=\"#commentModal\">Adaug\u0103 comentariu<\/a><\/p>\n<div class=\"loadMask comments-mask\"><img decoding=\"async\" src=\"https:\/\/zdvs.cname.ro\/images\/loader_40.gif\"><\/div>\n<div class=\"comenteaza-jos\">Trebuie s\u0103 fii <a href=\"https:\/\/ziaruldevrancea.ro\/account\">autentificat<\/a> pentru a putea <a href=\"https:\/\/ziaruldevrancea.ro\/special\/economic\/locuri-de-munca-pe-alese-pentru-vranceni-146-de-posturi-disponibile-in-judet-si-alte-139-oportunitati-de-angajare-in-uniunea-europeana\" class data-toggle=\"modal\" data-parent=\"0\" data-target=\"#commentModal\">posta un comentariu<\/a>.<\/div>\n<\/div>\n<div class=\"modal fade\" id=\"commentModal\" role=\"dialog\" aria-labelledby=\"commentModalLabel\">\n<div class=\"modal-dialog modal-lg\" role=\"document\">\n<div class=\"modal-content\">\n<div class=\"modal-header\">\n<h3 class=\"modal-title\" id=\"commentModalLabel\">Comenteaz\u0103<\/h3>\n<\/div>\n<div class=\"modal-body\">\n<div class=\"tabel tabel-full\">\n<div class=\"celula\">\n              Trebuie s\u0103 fii <a href=\"https:\/\/ziaruldevrancea.ro\/account\">autentificat<\/a> pentru a putea posta un comentariu.\n            <\/div>\n<\/div>\n<\/div>\n<div class=\"modal-footer\">\n<div id=\"commentPending\" class=\"formPending pull-left\"><img decoding=\"async\" src=\"https:\/\/zdvs.cname.ro\/images\/loader_40.gif\"> In curs de procesare&#8230;<\/div>\n<p><a href=\"https:\/\/ziaruldevrancea.ro\/special\/economic\/locuri-de-munca-pe-alese-pentru-vranceni-146-de-posturi-disponibile-in-judet-si-alte-139-oportunitati-de-angajare-in-uniunea-europeana\" class=\"btn btn-default\" data-dismiss=\"modal\">Anuleaz\u0103<\/a><\/div>\n<\/div>\n<\/div>\n<\/div>\n<div class=\"modal fade\" id=\"commentReportModal\" role=\"dialog\" aria-labelledby=\"commentReportModalLabel\">\n<div class=\"modal-dialog modal-lg\" role=\"document\">\n<div class=\"modal-content\">\n<div class=\"modal-header\">\n<h3 class=\"modal-title\" id=\"commentReportModalLabel\">Raporteaza comentariu<\/h3>\n<\/div>\n<div class=\"modal-body\">\n<div class=\"tabel tabel-full\">\n<div class=\"celula\">\n              Trebuie s\u0103 fii <a href=\"https:\/\/ziaruldevrancea.ro\/account\">autentificat<\/a> pentru a putea raporta un comentariu.\n            <\/div>\n<\/div>\n<\/div>\n<div class=\"modal-footer\">\n<div id=\"commentReportPending\" class=\"formPending pull-left\"><img decoding=\"async\" src=\"https:\/\/zdvs.cname.ro\/images\/loader_40.gif\"> In curs de procesare&#8230;<\/div>\n<p><a href=\"https:\/\/ziaruldevrancea.ro\/special\/economic\/locuri-de-munca-pe-alese-pentru-vranceni-146-de-posturi-disponibile-in-judet-si-alte-139-oportunitati-de-angajare-in-uniunea-europeana\" class=\"btn btn-default\" data-dismiss=\"modal\">Anuleaz\u0103<\/a><\/div>\n<\/div>\n<\/div>\n<\/div>\n<div class=\"modal fade\" id=\"commentLikeModal\" role=\"dialog\" aria-labelledby=\"commentLikeModalLabel\">\n<div class=\"modal-dialog modal-lg\" role=\"document\">\n<div class=\"modal-content\">\n<div class=\"modal-header\">\n<h3 class=\"modal-title\" id=\"commentReportModalLabel\">Apreciaza comentariu<\/h3>\n<\/div>\n<div class=\"modal-body\">\n<div class=\"tabel tabel-full\">\n<div class=\"celula\">\n            Trebuie s\u0103 fii <a href=\"https:\/\/ziaruldevrancea.ro\/account\">autentificat<\/a> pentru a putea aprecia un comentariu.\n          <\/div>\n<\/div>\n<\/div>\n<div class=\"modal-footer\"><a href=\"https:\/\/ziaruldevrancea.ro\/special\/economic\/locuri-de-munca-pe-alese-pentru-vranceni-146-de-posturi-disponibile-in-judet-si-alte-139-oportunitati-de-angajare-in-uniunea-europeana\" class=\"btn btn-default\" data-dismiss=\"modal\">Anuleaz\u0103<\/a><\/div>\n<\/div>\n<\/div>\n<\/div>\n<div class=\"bloc-widget widget-rosu\"><span><small>Ziarul de Vrancea doreste ca acest site sa fie un spatiu al discutiilor civilizate, al comentariilor de bun simt. Din acest motiv, cei care posteaza comentarii la articole trebuie sa respecte urmatoarele reguli:<br \/>\n1. Sa se refere doar la articolul la care posteaza comentarii.<br \/>\n2. Sa foloseasca un limbaj civilizat, fara injurii, calomnii, comentarii antisemite, xenofobe sau rasiste.<br \/>\n3. Sunt interzise atacurile la adresa autorilor, daca acestea nu au legatura cu textul.<br \/>\n4. Username-ul sa nu fie nume de personalitati ale vietii publice sau parodieri ale acestora.<br \/>\nAutorul unui articol poate fi criticat pentru eventuale greseli, incoerenta, lipsa de documentare etc.<br \/>\nNerespectarea regulilor mentionate mai sus va duce la stergerea comentariilor, fara avertisment si fara explicatii.<br \/>\nAbaterile repetate vor avea drept consecinta interdictia accesului la aceasta facilitate a site-ului.<\/small><\/span><\/div>\n<\/div>\n<p>[analyse_source url=&#8221;https:\/\/ziaruldevrancea.ro\/special\/economic\/locuri-de-munca-pe-alese-pentru-vranceni-146-de-posturi-disponibile-in-judet-si-alte-139-oportunitati-de-angajare-in-uniunea-europeana&#8221;]<\/p>\n","protected":false},"excerpt":{"rendered":"<p>[analyse_image type=&#8221;featured&#8221; src=&#8221;https:\/\/zdvi.cname.ro\/_\/locuri-de-munca-pe-alese-pentru-vranceni-146-de-posturi-disponibile-in-judet-si-alte-139-oportunitati-de-angajare-in-uniunea-europeana\/mediaPool\/ufaB2g3.jpg&#8221;] Economic Locuri de munc\u0103 pe alese pentru vr\u00e2nceni: 146 de posturi disponibile \u00een jude\u021b \u0219i alte 139 oportunit\u0103\u021bi de angajare prin re\u021beaua EURES, \u00een mai multe state ale Uniunii Europene Distribuie: \u00a0 | Camelia Marin 31 iul 2026554 vizualiz\u0103ri AJOFM Vrancea anun\u021b\u0103 noi oferte de angajare at\u00e2t pe pia\u021ba local\u0103, c\u00e2t \u0219i [&hellip;]<\/p>\n","protected":false},"author":1,"featured_media":0,"comment_status":"open","ping_status":"","sticky":false,"template":"","format":"standard","meta":{"footnotes":""},"categories":[89],"tags":[226,208],"class_list":["post-2073479","post","type-post","status-publish","format-standard","hentry","category-romania","tag-crawlmanager","tag-ziaruldevrancea-ro"],"_links":{"self":[{"href":"https:\/\/analyse.optim.biz\/index.php?rest_route=\/wp\/v2\/posts\/2073479","targetHints":{"allow":["GET"]}}],"collection":[{"href":"https:\/\/analyse.optim.biz\/index.php?rest_route=\/wp\/v2\/posts"}],"about":[{"href":"https:\/\/analyse.optim.biz\/index.php?rest_route=\/wp\/v2\/types\/post"}],"author":[{"embeddable":true,"href":"https:\/\/analyse.optim.biz\/index.php?rest_route=\/wp\/v2\/users\/1"}],"replies":[{"embeddable":true,"href":"https:\/\/analyse.optim.biz\/index.php?rest_route=%2Fwp%2Fv2%2Fcomments&post=2073479"}],"version-history":[{"count":0,"href":"https:\/\/analyse.optim.biz\/index.php?rest_route=\/wp\/v2\/posts\/2073479\/revisions"}],"wp:attachment":[{"href":"https:\/\/analyse.optim.biz\/index.php?rest_route=%2Fwp%2Fv2%2Fmedia&parent=2073479"}],"wp:term":[{"taxonomy":"category","embeddable":true,"href":"https:\/\/analyse.optim.biz\/index.php?rest_route=%2Fwp%2Fv2%2Fcategories&post=2073479"},{"taxonomy":"post_tag","embeddable":true,"href":"https:\/\/analyse.optim.biz\/index.php?rest_route=%2Fwp%2Fv2%2Ftags&post=2073479"}],"curies":[{"name":"wp","href":"https:\/\/api.w.org\/{rel}","templated":true}]}}