{"id":2073471,"date":"2026-07-30T15:23:17","date_gmt":"2026-07-30T12:23:17","guid":{"rendered":"https:\/\/analyse.optim.biz\/?p=2073471"},"modified":"2026-07-30T15:23:17","modified_gmt":"2026-07-30T12:23:17","slug":"drum-mai-bun-intre-doua-localitati-din-timis-la-limita-cu-judetul-arad-lucrarile-au-fost-finalizate","status":"publish","type":"post","link":"https:\/\/analyse.optim.biz\/?p=2073471","title":{"rendered":"Drum mai bun \u00eentre dou\u0103 localit\u0103\u0163i din Timi\u015f, la limita cu jude\u0163ul Arad! Lucr\u0103rile au fost finalizate"},"content":{"rendered":"<p>[analyse_image type=&#8221;featured&#8221; src=&#8221;http:\/\/www.banatulmeu.ro\/wp-content\/uploads\/2026\/07\/drum-reparat.png&#8221;]<\/p>\n<div class=\"post-content-bd\">\n<p>\u00centre localit\u0103\u0163ile timi\u015fene S\u00e2npetru Mare \u015fi Igri\u015f drumul este mai bun.\u00a0Consiliul Jude\u021bean Timi\u0219 anun\u0163\u0103 c\u0103 a finalizat lucr\u0103rile de \u00eentre\u021binere pe DJ 682E, \u015fosea care leag\u0103 cele dou\u0103 localit\u0103\u0163i de limita jude\u021bului Arad, pe o lungime total\u0103 de 9,379 kilometri.<\/p>\n<p>\u201c<em>\u00cen cadrul ultimei etape a lucr\u0103rilor, pe sectorul care prezenta cele mai mari degrad\u0103ri a fost a\u0219ternut un nou covor asfaltic, astfel \u00eenc\u00e2t \u00eentregul traseu ofer\u0103 acum condi\u021bii mai bune \u0219i mai sigure de circula\u021bie. Lucr\u0103rile au fost realizate \u00een cadrul contractului de \u00eentre\u021binere curent\u0103 \u0219i periodic\u0103 a drumurilor jude\u021bene, derulat de Consiliul Jude\u021bean Timi\u0219\u201d<\/em>, a informat CJ Timi\u015f.<\/p>\n<p>Potrivit institu\u0163iei, prin aceste interven\u021bii, accesul c\u0103tre Igri\u0219, malul Mure\u0219ului \u0219i podul plutitor care face leg\u0103tura cu jude\u021bul Arad este mai sigur \u0219i mai confortabil.<\/p>\n<\/div>\n<p>[analyse_source url=&#8221;http:\/\/www.banatulmeu.ro\/drum-mai-bun-intre-doua-localitati-din-timis-la-limita-cu-judetul-arad-lucrarile-au-fost-finalizate\/&#8221;]<\/p>\n","protected":false},"excerpt":{"rendered":"<p>[analyse_image type=&#8221;featured&#8221; src=&#8221;http:\/\/www.banatulmeu.ro\/wp-content\/uploads\/2026\/07\/drum-reparat.png&#8221;] \u00centre localit\u0103\u0163ile timi\u015fene S\u00e2npetru Mare \u015fi Igri\u015f drumul este mai bun.\u00a0Consiliul Jude\u021bean Timi\u0219 anun\u0163\u0103 c\u0103 a finalizat lucr\u0103rile de \u00eentre\u021binere pe DJ 682E, \u015fosea care leag\u0103 cele dou\u0103 localit\u0103\u0163i de limita jude\u021bului Arad, pe o lungime total\u0103 de 9,379 kilometri. \u201c\u00cen cadrul ultimei etape a lucr\u0103rilor, pe sectorul care prezenta cele mai [&hellip;]<\/p>\n","protected":false},"author":1,"featured_media":0,"comment_status":"open","ping_status":"","sticky":false,"template":"","format":"standard","meta":{"footnotes":""},"categories":[89],"tags":[204,226],"class_list":["post-2073471","post","type-post","status-publish","format-standard","hentry","category-romania","tag-banatulmeu-ro","tag-crawlmanager"],"_links":{"self":[{"href":"https:\/\/analyse.optim.biz\/index.php?rest_route=\/wp\/v2\/posts\/2073471","targetHints":{"allow":["GET"]}}],"collection":[{"href":"https:\/\/analyse.optim.biz\/index.php?rest_route=\/wp\/v2\/posts"}],"about":[{"href":"https:\/\/analyse.optim.biz\/index.php?rest_route=\/wp\/v2\/types\/post"}],"author":[{"embeddable":true,"href":"https:\/\/analyse.optim.biz\/index.php?rest_route=\/wp\/v2\/users\/1"}],"replies":[{"embeddable":true,"href":"https:\/\/analyse.optim.biz\/index.php?rest_route=%2Fwp%2Fv2%2Fcomments&post=2073471"}],"version-history":[{"count":0,"href":"https:\/\/analyse.optim.biz\/index.php?rest_route=\/wp\/v2\/posts\/2073471\/revisions"}],"wp:attachment":[{"href":"https:\/\/analyse.optim.biz\/index.php?rest_route=%2Fwp%2Fv2%2Fmedia&parent=2073471"}],"wp:term":[{"taxonomy":"category","embeddable":true,"href":"https:\/\/analyse.optim.biz\/index.php?rest_route=%2Fwp%2Fv2%2Fcategories&post=2073471"},{"taxonomy":"post_tag","embeddable":true,"href":"https:\/\/analyse.optim.biz\/index.php?rest_route=%2Fwp%2Fv2%2Ftags&post=2073471"}],"curies":[{"name":"wp","href":"https:\/\/api.w.org\/{rel}","templated":true}]}}