{"id":2073446,"date":"2026-08-01T09:46:13","date_gmt":"2026-08-01T06:46:13","guid":{"rendered":"https:\/\/analyse.optim.biz\/?p=2073446"},"modified":"2026-08-01T09:46:13","modified_gmt":"2026-08-01T06:46:13","slug":"primii-prosti-ai-tarii-iasiul-stinge-lumina-orasul-ramane-fara-iluminat-public-in-timpul-noptii-pentru-a-face-economie-la-curent-electric","status":"publish","type":"post","link":"https:\/\/analyse.optim.biz\/?p=2073446","title":{"rendered":"Primii pro\u0219ti ai \u021b\u0103rii: Ia\u0219iul stinge lumina. Ora\u0219ul r\u0103m\u00e2ne f\u0103r\u0103 iluminat public \u00een timpul nop\u021bii pentru a face economie la curent electric"},"content":{"rendered":"<p>[analyse_image type=&#8221;featured&#8221; src=&#8221;https:\/\/ortodoxinfo.ro\/wp-content\/uploads\/2026\/08\/iasi-scaled-e1785574580288.jpghttps:\/\/ortodoxinfo.ro\/wp-content\/uploads\/2026\/08\/iasi-scaled-e1785574580288.jpg&#8221;]<\/p>\n<article id=\"post-254031\" class=\"post-254031 post type-post status-publish format-standard has-post-thumbnail category-asasinii-tarii\">\n<header class=\"single-header\">\n<aside class=\"breadcrumb-wrap breadcrumb-yoast s-breadcrumb\">\n<div class=\"breadcrumb-inner\"><span><span><a href=\"https:\/\/ortodoxinfo.ro\/\">Prima pagin\u0103<\/a><\/span> \u00bb <span><a href=\"https:\/\/ortodoxinfo.ro\/blog\/\">Blog<\/a><\/span> \u00bb <span class=\"breadcrumb_last\" aria-current=\"page\">Primii pro\u0219ti ai \u021b\u0103rii: Ia\u0219iul stinge lumina. Ora\u0219ul r\u0103m\u00e2ne f\u0103r\u0103 iluminat public \u00een timpul nop\u021bii pentru a face economie la curent electric<\/span><\/span><\/div>\n<\/aside>\n<h1 class=\"s-title fw-headline\">Primii pro\u0219ti ai \u021b\u0103rii: Ia\u0219iul stinge lumina. Ora\u0219ul r\u0103m\u00e2ne f\u0103r\u0103 iluminat public \u00een timpul nop\u021bii pentru a face economie la curent electric<\/h1>\n<div class=\"single-meta meta-s-default yes-0\">\n<div class=\"smeta-in\"><a class=\"meta-el meta-avatar\" href=\"https:\/\/ortodoxinfo.ro\/author\/redactor\/\"><img loading=\"lazy\" decoding=\"async\" alt=\"OrtodoxINFO\" src=\"https:\/\/secure.gravatar.com\/avatar\/21010332354a182ce4de6016685c5586f21c51866d0ec5bc8ef383240b3c3e02?s=120&amp;r=g\" class=\"avatar avatar-120 photo\" height=\"120\" width=\"120\"><\/a><\/p>\n<div class=\"smeta-sec\">\n<div class=\"p-meta\">\n<div class=\"meta-inner is-meta\"><span class=\"meta-el meta-date\"><time datetime=\"2026-08-01T12:46:13+03:00\">1 august 2026<\/time><\/span><span class=\"meta-el meta-category meta-bold\"><a class=\"meta-separate category-19885\" href=\"https:\/\/ortodoxinfo.ro\/category\/anti-sistem\/anti-romanism\/asasinii-tarii\/\">Asasinii \u021b\u0103rii<\/a><\/span><span class=\"meta-el meta-view\">15k vizualiz\u0103ri\t\t<\/span><span class=\"meta-el meta-comment mobile-last-meta tablet-last-meta\"><a href=\"https:\/\/ortodoxinfo.ro\/2026\/08\/01\/primii-prosti-ai-tarii-iasiul-stinge-lumina-orasul-ramane-fara-iluminat-public-in-timpul-noptii-pentru-a-face-economie-la-curent-electric\/#comments\">3 comentarii<\/a><\/span><\/div>\n<\/div>\n<\/div>\n<\/div>\n<div class=\"smeta-extra\">\n<div class=\"t-shared-sec tooltips-n has-read-meta is-color\">\n<div class=\"t-shared-header is-meta\"><span class=\"share-label\">Share<\/span><\/div>\n<\/div>\n<div class=\"single-right-meta single-time-read is-meta\"><span class=\"meta-el meta-read\">3 Min Read<\/span><\/div>\n<\/div>\n<\/div>\n<\/header>\n<div class=\"grid-container\">\n<div class=\"s-ct\">\n<div class=\"s-feat-outer\">\n<div class=\"s-feat\">\n<div class=\"featured-lightbox-trigger\" data-source=\"https:\/\/ortodoxinfo.ro\/wp-content\/uploads\/2026\/08\/iasi-scaled-e1785574580288.jpg\" data-caption data-attribution><img fetchpriority=\"high\" decoding=\"async\" width=\"600\" height=\"400\" src=\"https:\/\/ortodoxinfo.ro\/wp-content\/uploads\/2026\/08\/iasi-scaled-e1785574580288.jpg\" class=\"attachment-foxiz_crop_o1 size-foxiz_crop_o1 wp-post-image\" alt loading=\"eager\"><\/div>\n<\/div>\n<\/div>\n<div class=\"s-ct-wrap has-lsl\">\n<div class=\"s-ct-inner\">\n<div class=\"l-shared-sec-outer show-mobile\">\n<div class=\"l-shared-sec\">\n<div class=\"l-shared-header meta-text\"><span class=\"share-label\">SHARE<\/span><\/div>\n<\/div>\n<\/div>\n<div class=\"e-ct-outer\">\n<div class=\"entry-top\">\n<div id=\"custom_html-3\" class=\"widget_text widget entry-widget clearfix widget_custom_html\">\n<div class=\"textwidget custom-html-widget\">\n<div><small><br \/>\n    OrtodoxINFO este supus unui sabotaj sistematic din partea reprezentan\u021bilor Google Rom\u00e2nia, at\u00e2t la afi\u0219\u0103ri c\u00e2t \u0219i \u00een rezultatele de c\u0103utare.<br \/>\n        Astfel c\u0103 veniturile din publicitate au sc\u0103zut de p\u00e2n\u0103 la <strong>10 ori<\/strong>. Situa\u021bia este similar\u0103 \u0219i pe Facebook.<\/p>\n<p>        V\u0103 invit\u0103m s\u0103 accesa\u021bi direct site-ul \u0219i s\u0103 v\u0103 abona\u021bi la notific\u0103ri.<\/p>\n<p>    Dac\u0103 dori\u021bi s\u0103 ne sus\u021bine\u021bi \u00een aceast\u0103 perioad\u0103 dificil\u0103, orice <a href=\"https:\/\/ortodoxinfo.ro\/donatii\/\">dona\u021bie<\/a> este binevenit\u0103.<br \/>\n    Dumnezeu s\u0103 v\u0103 r\u0103spl\u0103teasc\u0103!<br \/>\n<\/small><\/div>\n<\/div>\n<\/div>\n<\/div>\n<div class=\"entry-content rbct clearfix is-highlight-shares\">\n<div class=\"ruby-table-contents rbtoc table-left table-fw-single-col\">\n<div class=\"toc-header\"><span class=\"h3\">Sumar<\/span><\/div>\n<div class=\"toc-content h5\"><a href=\"https:\/\/ortodoxinfo.ro\/2026\/08\/01\/primii-prosti-ai-tarii-iasiul-stinge-lumina-orasul-ramane-fara-iluminat-public-in-timpul-noptii-pentru-a-face-economie-la-curent-electric\/#iasiul-face-economie-la-curent-electric-unitatea-1-de-la-cernavoda-a-fost-oprita-din-cauza-debitului-scazut-al-dunarii\" class=\"table-link no-link anchor-link\" data-index=\"rb-heading-index-0\">Ia\u0219iul face economie la curent electric. Unitatea 1 de la Cernavod\u0103 a fost oprit\u0103 din cauza debitului sc\u0103zut al Dun\u0103rii<\/a><a href=\"https:\/\/ortodoxinfo.ro\/2026\/08\/01\/primii-prosti-ai-tarii-iasiul-stinge-lumina-orasul-ramane-fara-iluminat-public-in-timpul-noptii-pentru-a-face-economie-la-curent-electric\/#ilie-bolojan-a-decretat-stare-de-alerta-in-luna-august\" class=\"table-link no-link anchor-link\" data-index=\"rb-heading-index-1\">Ilie Bolojan a decretat stare de alert\u0103 \u00een luna august<\/a><\/div>\n<\/div>\n<p><strong>Ia\u0219iul opre\u0219te iluminatul public \u00een timpul nop\u021bii pentru a face economie la curent electric. Primarul Mihai Chirica a anun\u021bat c\u0103 m\u0103sura intr\u0103 \u00een vigoare \u00een noaptea de duminic\u0103 spre luni. Decizia a venit pe fondul crizei energetice \u0219i \u00eenchiderii temporare a Unit\u0103\u021bii 1 a Centralei Nucleare de la Cernavod\u0103, potrivit <a href=\"https:\/\/www.bzi.ro\/iasul-va-ramane-fara-iluminat-public-pe-timpul-noptii-mihai-chirica-de-duminica-spre-luni-vom-deconecta-iluminatul-5579601\" target=\"_blank\" rel=\"noopener\">bzi<\/a>.<\/strong><\/p>\n<p>Mihai Chirica a precizat c\u0103 a \u00eenceput deja programarea\u00a0manevrelor necesare pentru deconectarea sistemului de iluminat public.<\/p>\n<p>\u201eAm \u00eenceput de diminea\u021b\u0103 manevrele de programare a \u00eenchiderii iluminatului astfel ca \u00eencep\u00e2nd de duminic\u0103 ora 24 (duminic\u0103 spre luni ora 0.00) s\u0103 deconect\u0103m iluminatul public p\u00e2n\u0103 la repornirea centralei de la Cernavod\u0103!\u201d, a transmis Mihai Chirica, primarul municipiului Ia\u0219i.<\/p>\n<h2 id=\"iasiul-face-economie-la-curent-electric-unitatea-1-de-la-cernavoda-a-fost-oprita-din-cauza-debitului-scazut-al-dunarii\" class=\"rb-heading-index-0\"><strong>Ia\u0219iul face economie la curent electric. Unitatea 1 de la Cernavod\u0103 a fost oprit\u0103 din cauza debitului sc\u0103zut al Dun\u0103rii<\/strong><\/h2>\n<p>Unitatea 1 a CNE Cernavod\u0103 a fost oprit\u0103 controlat \u0219i deconectat\u0103 de la Sistemul Energetic Na\u021bional mar\u021bi diminea\u021ba, la ora 11:00, din cauza nivelului foarte sc\u0103zut, f\u0103r\u0103 precedent, al Dun\u0103rii, a anun\u021bat luni seara Nuclearelectrica.<\/p>\n<p>\u201eUnitatea 1 a CNE Cernavod\u0103 va fi oprit\u0103 controlat \u0219i deconectat\u0103 de la Sistemul Energetic Na\u021bional \u00een diminea\u021ba zilei de 28 iulie 2026. Unitatea 1 va fi oprit\u0103 controlat din cauza nivelului foarte sc\u0103zut, f\u0103r\u0103 precedent, al Dun\u0103rii, cauzat de seceta sever\u0103. Oprirea survine ca urmare a celor mai recente prognoze emise de INHGA\u201d, a transmis Nuclearelectrica.<\/p>\n<h2 id=\"ilie-bolojan-a-decretat-stare-de-alerta-in-luna-august\" class=\"rb-heading-index-1\"><strong>Ilie Bolojan a decretat stare de alert\u0103 \u00een luna august<\/strong><\/h2>\n<p>Ilie Bolojan a spus vineri c\u0103 Guvernul Rom\u00e2niei a decretat stare de alert\u0103 la nivel na\u021bional \u00een luna august. Hot\u0103r\u00e2rea s-a luat \u00een urma sc\u0103derii produc\u021biei de curent electric cauzat\u0103 de secet\u0103 \u0219i de debitul sc\u0103zut al Dun\u0103rii.<\/p>\n<p>\u201e\u00cen prezent, debitul Dun\u0103rii este de mai pu\u021bin de jum\u0103tate din valorile normale pentru aceast\u0103 perioad\u0103 a anului. \u00cen loc de aproximativ 4.000 de metri cubi pe secund\u0103, \u00eenregistr\u0103m un debit de circa 1.600 de metri cubi pe secund\u0103, cu posibilitatea ca acesta s\u0103 scad\u0103 \u00een zilele urm\u0103toare cu \u00eenc\u0103 aproximativ 100 de metri cubi pe secund\u0103.<\/p>\n<p>Pe fondul tendin\u021bei de sc\u0103dere a debitului Dun\u0103rii, exist\u0103 un risc ridicat s\u0103 fie oprit \u0219i cel de-al doilea reactor. Acest lucru ar \u00eensemna pierderea a aproximativ 20% din produc\u021bia na\u021bional\u0103 de <a href=\"https:\/\/r3media.ro\/tag\/energie-electrica\/\" target=\"_blank\" rel=\"noopener\"><strong>energie<\/strong><\/a>\u201d, a explicat Ilie Bolojan.<\/p>\n<\/div>\n<\/div>\n<\/div>\n<div class=\"e-shared-sec entry-sec\">\n<div class=\"e-shared-header h4\"><span>Distribuie<\/span><\/div>\n<div class=\"rbbsl tooltips-n effect-fadeout is-bg\"><a class=\"share-action share-trigger icon-facebook\" aria-label=\"Share on Facebook\" href=\"https:\/\/www.facebook.com\/sharer.php?u=https%3A%2F%2Fortodoxinfo.ro%2F2026%2F08%2F01%2Fprimii-prosti-ai-tarii-iasiul-stinge-lumina-orasul-ramane-fara-iluminat-public-in-timpul-noptii-pentru-a-face-economie-la-curent-electric%2F\" data-title=\"Facebook\" rel=\"nofollow\"><span>Facebook<\/span><\/a><a class=\"share-action share-trigger icon-twitter\" aria-label=\"Share on X\" href=\"https:\/\/twitter.com\/intent\/tweet?text=Primii+pro%C8%99ti+ai+%C8%9B%C4%83rii%3A+Ia%C8%99iul+stinge+lumina.+Ora%C8%99ul+r%C4%83m%C3%A2ne+f%C4%83r%C4%83+iluminat+public+%C3%AEn+timpul+nop%C8%9Bii+pentru+a+face+economie+la+curent+electric&amp;url=https%3A%2F%2Fortodoxinfo.ro%2F2026%2F08%2F01%2Fprimii-prosti-ai-tarii-iasiul-stinge-lumina-orasul-ramane-fara-iluminat-public-in-timpul-noptii-pentru-a-face-economie-la-curent-electric%2F&amp;via=ortodoxinforo\" data-title=\"X\" rel=\"nofollow\"><span>X<\/span><\/a><a class=\"share-action icon-whatsapp is-web\" aria-label=\"Share on Whatsapp\" href=\"https:\/\/web.whatsapp.com\/send?text=Primii+pro%C8%99ti+ai+%C8%9B%C4%83rii%3A+Ia%C8%99iul+stinge+lumina.+Ora%C8%99ul+r%C4%83m%C3%A2ne+f%C4%83r%C4%83+iluminat+public+%C3%AEn+timpul+nop%C8%9Bii+pentru+a+face+economie+la+curent+electric%20%E2%98%9E%20https%3A%2F%2Fortodoxinfo.ro%2F2026%2F08%2F01%2Fprimii-prosti-ai-tarii-iasiul-stinge-lumina-orasul-ramane-fara-iluminat-public-in-timpul-noptii-pentru-a-face-economie-la-curent-electric%2F\" target=\"_blank\" data-title=\"WhatsApp\" rel=\"nofollow\"><span>Whatsapp<\/span><\/a><a class=\"share-action icon-whatsapp is-mobile\" aria-label=\"Share on Whatsapp\" href=\"\/\/send?text=Primii+pro%C8%99ti+ai+%C8%9B%C4%83rii%3A+Ia%C8%99iul+stinge+lumina.+Ora%C8%99ul+r%C4%83m%C3%A2ne+f%C4%83r%C4%83+iluminat+public+%C3%AEn+timpul+nop%C8%9Bii+pentru+a+face+economie+la+curent+electric%20%E2%98%9E%20https%3A%2F%2Fortodoxinfo.ro%2F2026%2F08%2F01%2Fprimii-prosti-ai-tarii-iasiul-stinge-lumina-orasul-ramane-fara-iluminat-public-in-timpul-noptii-pentru-a-face-economie-la-curent-electric%2F\" target=\"_blank\" data-title=\"WhatsApp\" rel=\"nofollow\"><span>Whatsapp<\/span><\/a><a class=\"share-action share-trigger icon-telegram\" aria-label=\"Share on Telegram\" href=\"https:\/\/t.me\/share\/?url=https%3A%2F%2Fortodoxinfo.ro%2F2026%2F08%2F01%2Fprimii-prosti-ai-tarii-iasiul-stinge-lumina-orasul-ramane-fara-iluminat-public-in-timpul-noptii-pentru-a-face-economie-la-curent-electric%2F&amp;text=Primii+pro%C8%99ti+ai+%C8%9B%C4%83rii%3A+Ia%C8%99iul+stinge+lumina.+Ora%C8%99ul+r%C4%83m%C3%A2ne+f%C4%83r%C4%83+iluminat+public+%C3%AEn+timpul+nop%C8%9Bii+pentru+a+face+economie+la+curent+electric\" data-title=\"Telegram\" rel=\"nofollow\"><span>Telegram<\/span><\/a><a class=\"share-action icon-copy copy-trigger\" aria-label=\"Copy Link\" href=\"https:\/\/ortodoxinfo.ro\/2026\/08\/01\/primii-prosti-ai-tarii-iasiul-stinge-lumina-orasul-ramane-fara-iluminat-public-in-timpul-noptii-pentru-a-face-economie-la-curent-electric\/\" data-copied=\"Copied!\" data-link=\"https:\/\/ortodoxinfo.ro\/2026\/08\/01\/primii-prosti-ai-tarii-iasiul-stinge-lumina-orasul-ramane-fara-iluminat-public-in-timpul-noptii-pentru-a-face-economie-la-curent-electric\/\" rel=\"nofollow\" data-copy=\"Copy Link\"><span>Copy Link<\/span><\/a><a class=\"share-action icon-print\" aria-label=\"Print\" rel=\"nofollow\" data-title=\"Print\"><span>Print<\/span><\/a><\/div>\n<\/div>\n<\/div>\n<div id=\"tabs\" class=\"dntplgn_form_wrapper\"><span><\/p>\n<h2>\u0218tirile sunt sub cenzur\u0103! Sprijini\u021bi OrtodoxINFO!<\/h2>\n<p>Guvernul nu dore\u0219te aflarea adev\u0103rului despre lovitura de stat \u0219i \u00eengenuncherea Rom\u00e2niei. \u00cencerc\u0103m s\u0103 men\u021binem viu acest site \u0219i s\u0103 v\u0103 punem la dispozi\u021bie informa\u021bii care s\u0103 fac\u0103 lumin\u0103 \u00een cea mai mare provocare pe care o tr\u0103im. Jurnalismul independent al portalului OrtodoxINFO func\u021bioneaz\u0103 strict cu ajutorul cititorilor.<br \/>\nNe pute\u021bi sprijini printr-o <b><a href=\"https:\/\/ortodoxinfo.ro\/donatii\/\">dona\u021bie bancar\u0103<\/a> sau prin PayPal, complet\u00e2nd formularul de mai jos.<\/b><\/span><\/p>\n<ul>\n<li><a href=\"https:\/\/ortodoxinfo.ro\/2026\/08\/01\/primii-prosti-ai-tarii-iasiul-stinge-lumina-orasul-ramane-fara-iluminat-public-in-timpul-noptii-pentru-a-face-economie-la-curent-electric\/#tabs-1\">Dona\u021bie lunar\u0103<\/a><\/li>\n<li><a href=\"https:\/\/ortodoxinfo.ro\/2026\/08\/01\/primii-prosti-ai-tarii-iasiul-stinge-lumina-orasul-ramane-fara-iluminat-public-in-timpul-noptii-pentru-a-face-economie-la-curent-electric\/#tabs-2\">Doar acum<\/a><\/li>\n<\/ul>\n<div id=\"tabs-1\"><img loading=\"lazy\" decoding=\"async\" alt border=\"0\" src=\"https:\/\/www.paypalobjects.com\/en_US\/i\/scr\/pixel.gif\" width=\"1\" height=\"1\"><\/div>\n<div id=\"tabs-2\">\n<p>\t\t     \u20ac<\/p>\n<p>\t\t    <img loading=\"lazy\" decoding=\"async\" alt border=\"0\" src=\"https:\/\/www.paypalobjects.com\/en_US\/i\/scr\/pixel.gif\" width=\"1\" height=\"1\"><\/div>\n<p>Mul\u021bumim celor care ne-au ajutat p\u00e2n\u0103 acum!\n\t<\/p><\/div>\n<div class=\"comment-box-wrap entry-sec\">\n<div class=\"comment-box-header\"><span class=\"h3\">3 comentarii<\/span><\/div>\n<div class=\"comment-holder\">\n<div id=\"comments\" class=\"comments-area\">\n<div class=\"rb-section\">\n<ul class=\"comment-list entry\">\n<li id=\"comment-250768\" class=\"comment even thread-even depth-1 parent\">\n<article id=\"div-comment-250768\" class=\"comment-body\">\n<footer class=\"comment-meta\">\n<div class=\"comment-author vcard\"><img loading=\"lazy\" decoding=\"async\" alt src=\"https:\/\/secure.gravatar.com\/avatar\/132fd989bad4ee2d55aa9692aa73d0475d12ca598eaa976fcddf813d6586cb5e?s=100&amp;r=g\" class=\"avatar avatar-100 photo\" height=\"100\" width=\"100\"><b class=\"fn\">Magda<\/b><span class=\"says\">spune:<\/span><\/div>\n<div class=\"comment-metadata\"><a href=\"https:\/\/ortodoxinfo.ro\/2026\/08\/01\/primii-prosti-ai-tarii-iasiul-stinge-lumina-orasul-ramane-fara-iluminat-public-in-timpul-noptii-pentru-a-face-economie-la-curent-electric\/#comment-250768\"><time datetime=\"2026-08-01T13:52:34+03:00\">1 august 2026 la 13:52<\/time><\/a><\/div>\n<\/footer>\n<div class=\"comment-content\">\n<p>Cea mai mare sl\u0103biciune \u0219i cel mai mare defect al nostru este slugarnicia, obedien\u021ba \u0219i supunerea \u00een fa\u021ba unor du\u0219mani inferiori. Asta au f\u0103cut chiar \u0219i voievozii no\u0219tri, care au \u00eenchinat \u021bara la turci \u0219i au preferat s\u0103 pl\u0103teasc\u0103 tribut turcilor, ca s\u0103- i apere de al\u021bi pretenden\u021bi la tron \u0219i de vecinii cre\u0219tini, \u00een loc s\u0103 \u00ee\u0219i fac\u0103 o armat\u0103, cu tributul pl\u0103tit turcilor \u0219i s\u0103 se bat\u0103 cu oricine le ataca \u021bara \u0219i le amenin\u021ba  tronul. Adic\u0103, avem prostul obicei, s\u0103 ne facem singuri sclavi \u0219i cred c\u0103 o mare parte din puterea turcale\u021bilor a fost construit\u0103 cu aurul, pe care l-am pl\u0103tit sute de ani, cu vitele \u0219i cu oile noastre, care ajunseser\u0103 s\u0103 hr\u0103neasc\u0103 armata otomana. Acum facem acela\u0219i lucru cu UE, Ucraina etc. P\u00e2n\u0103 nu vom sc\u0103pa de aceste metehne, nu vom fi niciodat\u0103 liberi \u0219i suverani \u00een \u021bara noastr\u0103.<\/p>\n<\/div>\n<div class=\"reply\"><a rel=\"nofollow\" class=\"comment-reply-link\" href=\"https:\/\/ortodoxinfo.ro\/2026\/08\/01\/primii-prosti-ai-tarii-iasiul-stinge-lumina-orasul-ramane-fara-iluminat-public-in-timpul-noptii-pentru-a-face-economie-la-curent-electric\/#comment-250768\" data-commentid=\"250768\" data-postid=\"254031\" data-belowelement=\"div-comment-250768\" data-respondelement=\"respond\" data-replyto=\"R\u0103spunde-i lui Magda\" aria-label=\"R\u0103spunde-i lui Magda\">R\u0103spunde<\/a><\/div>\n<\/article>\n<ul class=\"children\">\n<li id=\"comment-250773\" class=\"comment odd alt depth-2\">\n<article id=\"div-comment-250773\" class=\"comment-body\">\n<footer class=\"comment-meta\">\n<div class=\"comment-author vcard\"><img loading=\"lazy\" decoding=\"async\" alt src=\"https:\/\/secure.gravatar.com\/avatar\/6805cedfbf56e633cf536988e3c677a1232ca81af526425e7612fb5f61e26a6b?s=100&amp;r=g\" class=\"avatar avatar-100 photo\" height=\"100\" width=\"100\"><b class=\"fn\">Mihai<\/b><span class=\"says\">spune:<\/span><\/div>\n<div class=\"comment-metadata\"><a href=\"https:\/\/ortodoxinfo.ro\/2026\/08\/01\/primii-prosti-ai-tarii-iasiul-stinge-lumina-orasul-ramane-fara-iluminat-public-in-timpul-noptii-pentru-a-face-economie-la-curent-electric\/#comment-250773\"><time datetime=\"2026-08-01T20:17:01+03:00\">1 august 2026 la 20:17<\/time><\/a><\/div>\n<\/footer>\n<div class=\"comment-content\">\n<p>Voievozii au luptat, problema a fost la boieri, ei primeau privilegii tocmai ca sa apere tara atunci cand erau chemati sa o faca de catre domnitorii tarii. Vezi Petru Rares. De asta ai nevoie de o clasa de mijloc puternica, tocmai sa nu saboteze societatea care ii sustine pe acesti nesatui. De unde crezi ca vin taxele peste cei saraci pentru a plati pentru bugetarii si neamurile lor iar multinationalele sunt scutite de taxe?<\/p>\n<\/div>\n<div class=\"reply\"><a rel=\"nofollow\" class=\"comment-reply-link\" href=\"https:\/\/ortodoxinfo.ro\/2026\/08\/01\/primii-prosti-ai-tarii-iasiul-stinge-lumina-orasul-ramane-fara-iluminat-public-in-timpul-noptii-pentru-a-face-economie-la-curent-electric\/#comment-250773\" data-commentid=\"250773\" data-postid=\"254031\" data-belowelement=\"div-comment-250773\" data-respondelement=\"respond\" data-replyto=\"R\u0103spunde-i lui Mihai\" aria-label=\"R\u0103spunde-i lui Mihai\">R\u0103spunde<\/a><\/div>\n<\/article>\n<\/li>\n<\/ul>\n<\/li>\n<li id=\"comment-250769\" class=\"comment even thread-odd thread-alt depth-1\">\n<article id=\"div-comment-250769\" class=\"comment-body\">\n<footer class=\"comment-meta\">\n<div class=\"comment-author vcard\"><img decoding=\"async\" alt src=\"https:\/\/secure.gravatar.com\/avatar\/af99a26cfedaef559486f3867eafe5c272c88454fab3768b5a52dfd3d497f448?s=100&amp;r=g\" class=\"avatar avatar-100 photo\" height=\"100\" width=\"100\" loading=\"lazy\"><b class=\"fn\">vlad tepes<\/b><span class=\"says\">spune:<\/span><\/div>\n<div class=\"comment-metadata\"><a href=\"https:\/\/ortodoxinfo.ro\/2026\/08\/01\/primii-prosti-ai-tarii-iasiul-stinge-lumina-orasul-ramane-fara-iluminat-public-in-timpul-noptii-pentru-a-face-economie-la-curent-electric\/#comment-250769\"><time datetime=\"2026-08-01T15:40:24+03:00\">1 august 2026 la 15:40<\/time><\/a><\/div>\n<\/footer>\n<div class=\"comment-content\">\n<p>Practic, carul cu pro\u0219ti nu s-a r\u0103sturnat la Caracal, ci la Ia\u0219i!<\/p>\n<\/div>\n<div class=\"reply\"><a rel=\"nofollow\" class=\"comment-reply-link\" href=\"https:\/\/ortodoxinfo.ro\/2026\/08\/01\/primii-prosti-ai-tarii-iasiul-stinge-lumina-orasul-ramane-fara-iluminat-public-in-timpul-noptii-pentru-a-face-economie-la-curent-electric\/#comment-250769\" data-commentid=\"250769\" data-postid=\"254031\" data-belowelement=\"div-comment-250769\" data-respondelement=\"respond\" data-replyto=\"R\u0103spunde-i lui vlad tepes\" aria-label=\"R\u0103spunde-i lui vlad tepes\">R\u0103spunde<\/a><\/div>\n<\/article>\n<\/li>\n<\/ul>\n<\/div>\n<div id=\"respond\" class=\"comment-respond\">\n<h3 id=\"reply-title\" class=\"comment-reply-title\">Las\u0103 un r\u0103spuns <small><a rel=\"nofollow\" id=\"cancel-comment-reply-link\" href=\"https:\/\/ortodoxinfo.ro\/2026\/08\/01\/primii-prosti-ai-tarii-iasiul-stinge-lumina-orasul-ramane-fara-iluminat-public-in-timpul-noptii-pentru-a-face-economie-la-curent-electric\/#respond\">Anuleaz\u0103 r\u0103spunsul<\/a><\/small><\/h3>\n<p class=\"comment-notes\"><span id=\"email-notes\">Adresa ta de email nu va fi publicat\u0103.<\/span><span class=\"required-field-message\">C\u00e2mpurile obligatorii sunt marcate cu <span class=\"required\">*<\/span><\/span><\/p>\n<\/div>\n<\/div>\n<\/div>\n<\/div>\n<\/div>\n<div class=\"sidebar-wrap single-sidebar\">\n<div class=\"sidebar-inner clearfix\">\n<div id=\"widget-post-2\" class=\"widget rb-section w-sidebar clearfix widget-post\">\n<div class=\"block-h widget-heading heading-layout-1\">\n<div class=\"heading-inner\">\n<h4 class=\"heading-title\"><span>Articole recente<\/span><\/h4>\n<\/div>\n<\/div>\n<div class=\"widget-p-listing\">\n<div class=\"p-wrap p-small p-list-small-2\" data-pid=\"254099\">\n<div class=\"feat-holder\">\n<div class=\"p-featured ratio-v1\"><a class=\"p-flink\" href=\"https:\/\/ortodoxinfo.ro\/2026\/08\/02\/cum-a-ajuns-globalismul-sa-devina-politica-oficiala-a-ue-fara-ca-nimeni-sa-voteze-pentru-ea\/\" title=\"Cum a ajuns \u201eglobalismul\u201d s\u0103 devin\u0103 politica oficial\u0103 a UE f\u0103r\u0103 ca nimeni s\u0103 voteze pentru ea\"><img decoding=\"async\" width=\"150\" height=\"150\" src=\"https:\/\/ortodoxinfo.ro\/wp-content\/uploads\/2026\/08\/cum-a-ajuns-globalismul-sa-devina-politica-oficiala-a-ue-fara-ca-nimeni-sa-voteze-pentru-ea-83963.pn-150x150.png\" class=\"featured-img wp-post-image\" alt loading=\"lazy\"><\/a><\/div>\n<\/div>\n<div class=\"p-content\">\n<h5 class=\"entry-title\"><a class=\"p-url\" href=\"https:\/\/ortodoxinfo.ro\/2026\/08\/02\/cum-a-ajuns-globalismul-sa-devina-politica-oficiala-a-ue-fara-ca-nimeni-sa-voteze-pentru-ea\/\" rel=\"bookmark\">Cum a ajuns \u201eglobalismul\u201d s\u0103 devin\u0103 politica oficial\u0103 a UE f\u0103r\u0103 ca nimeni s\u0103 voteze pentru ea<\/a><\/h5>\n<div class=\"p-meta\">\n<div class=\"meta-inner is-meta\"><span class=\"meta-el meta-date\"><time datetime=\"2026-08-02T00:24:00+03:00\">2 august 2026<\/time><\/span><span class=\"meta-el meta-category meta-bold\"><a class=\"meta-separate category-1538\" href=\"https:\/\/ortodoxinfo.ro\/category\/anti-sistem\/uniunea-europeana\/\">Uniunea european\u0103<\/a><\/span><span class=\"meta-el meta-view\">6.4k vizualiz\u0103ri\t\t<\/span><\/div>\n<\/div>\n<\/div>\n<\/div>\n<div class=\"p-wrap p-small p-list-small-2\" data-pid=\"254120\">\n<div class=\"feat-holder\">\n<div class=\"p-featured ratio-v1\"><a class=\"p-flink\" href=\"https:\/\/ortodoxinfo.ro\/2026\/08\/01\/caz-special-romania-retrogradata-de-fitch-la-junk-apoi-i-am-implorat-si-au-indulcit-verdictul\/\" title=\"Caz special \u2013 Rom\u00e2nia, retrogradat\u0103 de Fitch la \u201djunk\u201d. Apoi, i-am implorat \u0219i au \u00eendulcit verdictul\"><img decoding=\"async\" width=\"150\" height=\"150\" src=\"https:\/\/ortodoxinfo.ro\/wp-content\/uploads\/2026\/08\/ChatGPT-Image-Aug-1-2026-07_28_16-PM-150x150.png\" class=\"featured-img wp-post-image\" alt loading=\"lazy\"><\/a><\/div>\n<\/div>\n<div class=\"p-content\">\n<h5 class=\"entry-title\"><a class=\"p-url\" href=\"https:\/\/ortodoxinfo.ro\/2026\/08\/01\/caz-special-romania-retrogradata-de-fitch-la-junk-apoi-i-am-implorat-si-au-indulcit-verdictul\/\" rel=\"bookmark\">Caz special \u2013 Rom\u00e2nia, retrogradat\u0103 de Fitch la \u201djunk\u201d. Apoi, i-am implorat \u0219i au \u00eendulcit verdictul<\/a><\/h5>\n<div class=\"p-meta\">\n<div class=\"meta-inner is-meta\"><span class=\"meta-el meta-date\"><time datetime=\"2026-08-01T21:08:03+03:00\">1 august 2026<\/time><\/span><span class=\"meta-el meta-category meta-bold\"><a class=\"meta-separate category-19885\" href=\"https:\/\/ortodoxinfo.ro\/category\/anti-sistem\/anti-romanism\/asasinii-tarii\/\">Asasinii \u021b\u0103rii<\/a><\/span><span class=\"meta-el meta-view\">6.3k vizualiz\u0103ri\t\t<\/span><\/div>\n<\/div>\n<\/div>\n<\/div>\n<div class=\"p-wrap p-small p-list-small-2\" data-pid=\"253910\">\n<div class=\"feat-holder\">\n<div class=\"p-featured ratio-v1\"><a class=\"p-flink\" href=\"https:\/\/ortodoxinfo.ro\/2026\/08\/01\/sionistii-de-la-fitch-pasuiesc-slugile-lor-din-romania-ratingul-bbb-mentinut-dar-cu-avertisment\/\" title=\"Sioni\u0219tii de la Fitch p\u0103suiesc slugile lor din Rom\u00e2nia: Ratingul BBB- men\u021binut, dar cu avertisment\"><img decoding=\"async\" width=\"150\" height=\"150\" src=\"https:\/\/ortodoxinfo.ro\/wp-content\/uploads\/2026\/08\/fitch-nazare-bolojan-jpg-1280x720-150x150.jpeg\" class=\"featured-img wp-post-image\" alt loading=\"lazy\"><\/a><\/div>\n<\/div>\n<div class=\"p-content\">\n<h5 class=\"entry-title\"><a class=\"p-url\" href=\"https:\/\/ortodoxinfo.ro\/2026\/08\/01\/sionistii-de-la-fitch-pasuiesc-slugile-lor-din-romania-ratingul-bbb-mentinut-dar-cu-avertisment\/\" rel=\"bookmark\">Sioni\u0219tii de la Fitch p\u0103suiesc slugile lor din Rom\u00e2nia: Ratingul BBB- men\u021binut, dar cu avertisment<\/a><\/h5>\n<div class=\"p-meta\">\n<div class=\"meta-inner is-meta\"><span class=\"meta-el meta-date\"><time datetime=\"2026-08-01T08:38:09+03:00\">1 august 2026<\/time><\/span><span class=\"meta-el meta-category meta-bold\"><a class=\"meta-separate category-19885\" href=\"https:\/\/ortodoxinfo.ro\/category\/anti-sistem\/anti-romanism\/asasinii-tarii\/\">Asasinii \u021b\u0103rii<\/a><\/span><span class=\"meta-el meta-view\">9k vizualiz\u0103ri\t\t<\/span><\/div>\n<\/div>\n<\/div>\n<\/div>\n<div class=\"p-wrap p-small p-list-small-2\" data-pid=\"253829\">\n<div class=\"feat-holder\">\n<div class=\"p-featured ratio-v1\"><a class=\"p-flink\" href=\"https:\/\/ortodoxinfo.ro\/2026\/07\/31\/tarile-nordice-se-alatura-italiei-si-cer-suspendarea-spaniei-din-schengen-dupa-invazia-migrantilor-din-ceuta\/\" title=\"\u021a\u0103rile nordice se al\u0103tur\u0103 Italiei \u0219i cer suspendarea Spaniei din Schengen dup\u0103 invazia migran\u021bilor din Ceuta\"><img decoding=\"async\" width=\"150\" height=\"150\" src=\"https:\/\/ortodoxinfo.ro\/wp-content\/uploads\/2026\/07\/tarile-nordice-se-alatura-italiei-si-cer-suspendarea-spaniei-din-schengen-dupa-invazia-migrantilor-d-150x150.jpeg\" class=\"featured-img wp-post-image\" alt loading=\"lazy\"><\/a><\/div>\n<\/div>\n<div class=\"p-content\">\n<h5 class=\"entry-title\"><a class=\"p-url\" href=\"https:\/\/ortodoxinfo.ro\/2026\/07\/31\/tarile-nordice-se-alatura-italiei-si-cer-suspendarea-spaniei-din-schengen-dupa-invazia-migrantilor-din-ceuta\/\" rel=\"bookmark\">\u021a\u0103rile nordice se al\u0103tur\u0103 Italiei \u0219i cer suspendarea Spaniei din Schengen dup\u0103 invazia migran\u021bilor din Ceuta<\/a><\/h5>\n<div class=\"p-meta\">\n<div class=\"meta-inner is-meta\"><span class=\"meta-el meta-date\"><time datetime=\"2026-07-31T17:26:06+03:00\">31 iulie 2026<\/time><\/span><span class=\"meta-el meta-category meta-bold\"><a class=\"meta-separate category-1933\" href=\"https:\/\/ortodoxinfo.ro\/category\/anti-sistem\/globalizare\/refugiati\/\">Refugia\u021bi<\/a><\/span><span class=\"meta-el meta-view\">13.6k vizualiz\u0103ri\t\t<\/span><\/div>\n<\/div>\n<\/div>\n<\/div>\n<\/div>\n<\/div>\n<div id=\"custom_html-2\" class=\"widget_text widget rb-section w-sidebar clearfix widget_custom_html\">\n<div class=\"block-h widget-heading heading-layout-1\">\n<div class=\"heading-inner\">\n<h4 class=\"heading-title\"><span>DONA\u021aII \u00een cont bancar<\/span><\/h4>\n<\/div>\n<\/div>\n<div class=\"textwidget custom-html-widget\">\n<table class=\"donatii\">\n<tbody>\n<tr>\n<th colspan=\"2\"><strong><span>Asicia\u021bia SMI-B<\/span><\/strong><\/th>\n<\/tr>\n<tr>\n<th>Cont LEI<\/th>\n<td>RO67CECEB00030RON2081955<\/td>\n<\/tr>\n<tr>\n<th>Cont EURO<\/th>\n<td>RO33CECEB000C1EUR2081978<\/td>\n<\/tr>\n<tr>\n<th>Cod SWIFT<\/th>\n<td>CECEROBU<\/td>\n<\/tr>\n<tr>\n<th colspan=\"2\"><strong>CEC BANK SA<\/strong><\/th>\n<\/tr>\n<\/tbody>\n<\/table>\n<\/div>\n<\/div>\n<\/div>\n<\/div>\n<\/div>\n<\/article>\n<div class=\"entry-content rbct clearfix is-highlight-shares\">\n<div class=\"ruby-table-contents rbtoc table-left table-fw-single-col\">\n<div class=\"toc-header\"><span class=\"h3\">Sumar<\/span><\/div>\n<div class=\"toc-content h5\"><a href=\"https:\/\/ortodoxinfo.ro\/2026\/08\/01\/primii-prosti-ai-tarii-iasiul-stinge-lumina-orasul-ramane-fara-iluminat-public-in-timpul-noptii-pentru-a-face-economie-la-curent-electric\/#iasiul-face-economie-la-curent-electric-unitatea-1-de-la-cernavoda-a-fost-oprita-din-cauza-debitului-scazut-al-dunarii\" class=\"table-link no-link anchor-link\" data-index=\"rb-heading-index-0\">Ia\u0219iul face economie la curent electric. Unitatea 1 de la Cernavod\u0103 a fost oprit\u0103 din cauza debitului sc\u0103zut al Dun\u0103rii<\/a><a href=\"https:\/\/ortodoxinfo.ro\/2026\/08\/01\/primii-prosti-ai-tarii-iasiul-stinge-lumina-orasul-ramane-fara-iluminat-public-in-timpul-noptii-pentru-a-face-economie-la-curent-electric\/#ilie-bolojan-a-decretat-stare-de-alerta-in-luna-august\" class=\"table-link no-link anchor-link\" data-index=\"rb-heading-index-1\">Ilie Bolojan a decretat stare de alert\u0103 \u00een luna august<\/a><\/div>\n<\/div>\n<p><strong>Ia\u0219iul opre\u0219te iluminatul public \u00een timpul nop\u021bii pentru a face economie la curent electric. Primarul Mihai Chirica a anun\u021bat c\u0103 m\u0103sura intr\u0103 \u00een vigoare \u00een noaptea de duminic\u0103 spre luni. Decizia a venit pe fondul crizei energetice \u0219i \u00eenchiderii temporare a Unit\u0103\u021bii 1 a Centralei Nucleare de la Cernavod\u0103, potrivit <a href=\"https:\/\/www.bzi.ro\/iasul-va-ramane-fara-iluminat-public-pe-timpul-noptii-mihai-chirica-de-duminica-spre-luni-vom-deconecta-iluminatul-5579601\" target=\"_blank\" rel=\"noopener\">bzi<\/a>.<\/strong><\/p>\n<p>Mihai Chirica a precizat c\u0103 a \u00eenceput deja programarea\u00a0manevrelor necesare pentru deconectarea sistemului de iluminat public.<\/p>\n<p>\u201eAm \u00eenceput de diminea\u021b\u0103 manevrele de programare a \u00eenchiderii iluminatului astfel ca \u00eencep\u00e2nd de duminic\u0103 ora 24 (duminic\u0103 spre luni ora 0.00) s\u0103 deconect\u0103m iluminatul public p\u00e2n\u0103 la repornirea centralei de la Cernavod\u0103!\u201d, a transmis Mihai Chirica, primarul municipiului Ia\u0219i.<\/p>\n<h2 id=\"iasiul-face-economie-la-curent-electric-unitatea-1-de-la-cernavoda-a-fost-oprita-din-cauza-debitului-scazut-al-dunarii\" class=\"rb-heading-index-0\"><strong>Ia\u0219iul face economie la curent electric. Unitatea 1 de la Cernavod\u0103 a fost oprit\u0103 din cauza debitului sc\u0103zut al Dun\u0103rii<\/strong><\/h2>\n<p>Unitatea 1 a CNE Cernavod\u0103 a fost oprit\u0103 controlat \u0219i deconectat\u0103 de la Sistemul Energetic Na\u021bional mar\u021bi diminea\u021ba, la ora 11:00, din cauza nivelului foarte sc\u0103zut, f\u0103r\u0103 precedent, al Dun\u0103rii, a anun\u021bat luni seara Nuclearelectrica.<\/p>\n<p>\u201eUnitatea 1 a CNE Cernavod\u0103 va fi oprit\u0103 controlat \u0219i deconectat\u0103 de la Sistemul Energetic Na\u021bional \u00een diminea\u021ba zilei de 28 iulie 2026. Unitatea 1 va fi oprit\u0103 controlat din cauza nivelului foarte sc\u0103zut, f\u0103r\u0103 precedent, al Dun\u0103rii, cauzat de seceta sever\u0103. Oprirea survine ca urmare a celor mai recente prognoze emise de INHGA\u201d, a transmis Nuclearelectrica.<\/p>\n<h2 id=\"ilie-bolojan-a-decretat-stare-de-alerta-in-luna-august\" class=\"rb-heading-index-1\"><strong>Ilie Bolojan a decretat stare de alert\u0103 \u00een luna august<\/strong><\/h2>\n<p>Ilie Bolojan a spus vineri c\u0103 Guvernul Rom\u00e2niei a decretat stare de alert\u0103 la nivel na\u021bional \u00een luna august. Hot\u0103r\u00e2rea s-a luat \u00een urma sc\u0103derii produc\u021biei de curent electric cauzat\u0103 de secet\u0103 \u0219i de debitul sc\u0103zut al Dun\u0103rii.<\/p>\n<p>\u201e\u00cen prezent, debitul Dun\u0103rii este de mai pu\u021bin de jum\u0103tate din valorile normale pentru aceast\u0103 perioad\u0103 a anului. \u00cen loc de aproximativ 4.000 de metri cubi pe secund\u0103, \u00eenregistr\u0103m un debit de circa 1.600 de metri cubi pe secund\u0103, cu posibilitatea ca acesta s\u0103 scad\u0103 \u00een zilele urm\u0103toare cu \u00eenc\u0103 aproximativ 100 de metri cubi pe secund\u0103.<\/p>\n<p>Pe fondul tendin\u021bei de sc\u0103dere a debitului Dun\u0103rii, exist\u0103 un risc ridicat s\u0103 fie oprit \u0219i cel de-al doilea reactor. Acest lucru ar \u00eensemna pierderea a aproximativ 20% din produc\u021bia na\u021bional\u0103 de <a href=\"https:\/\/r3media.ro\/tag\/energie-electrica\/\" target=\"_blank\" rel=\"noopener\"><strong>energie<\/strong><\/a>\u201d, a explicat Ilie Bolojan.<\/p>\n<\/div>\n<p>[analyse_source url=&#8221;https:\/\/ortodoxinfo.ro\/2026\/08\/01\/primii-prosti-ai-tarii-iasiul-stinge-lumina-orasul-ramane-fara-iluminat-public-in-timpul-noptii-pentru-a-face-economie-la-curent-electric\/&#8221;]<\/p>\n","protected":false},"excerpt":{"rendered":"<p>[analyse_image type=&#8221;featured&#8221; src=&#8221;https:\/\/ortodoxinfo.ro\/wp-content\/uploads\/2026\/08\/iasi-scaled-e1785574580288.jpghttps:\/\/ortodoxinfo.ro\/wp-content\/uploads\/2026\/08\/iasi-scaled-e1785574580288.jpg&#8221;] Prima pagin\u0103 \u00bb Blog \u00bb Primii pro\u0219ti ai \u021b\u0103rii: Ia\u0219iul stinge lumina. Ora\u0219ul r\u0103m\u00e2ne f\u0103r\u0103 iluminat public \u00een timpul nop\u021bii pentru a face economie la curent electric Primii pro\u0219ti ai \u021b\u0103rii: Ia\u0219iul stinge lumina. Ora\u0219ul r\u0103m\u00e2ne f\u0103r\u0103 iluminat public \u00een timpul nop\u021bii pentru a face economie la curent electric 1 august 2026Asasinii [&hellip;]<\/p>\n","protected":false},"author":1,"featured_media":0,"comment_status":"open","ping_status":"","sticky":false,"template":"","format":"standard","meta":{"footnotes":""},"categories":[89],"tags":[226,94],"class_list":["post-2073446","post","type-post","status-publish","format-standard","hentry","category-romania","tag-crawlmanager","tag-ortodoxinfo-ro"],"_links":{"self":[{"href":"https:\/\/analyse.optim.biz\/index.php?rest_route=\/wp\/v2\/posts\/2073446","targetHints":{"allow":["GET"]}}],"collection":[{"href":"https:\/\/analyse.optim.biz\/index.php?rest_route=\/wp\/v2\/posts"}],"about":[{"href":"https:\/\/analyse.optim.biz\/index.php?rest_route=\/wp\/v2\/types\/post"}],"author":[{"embeddable":true,"href":"https:\/\/analyse.optim.biz\/index.php?rest_route=\/wp\/v2\/users\/1"}],"replies":[{"embeddable":true,"href":"https:\/\/analyse.optim.biz\/index.php?rest_route=%2Fwp%2Fv2%2Fcomments&post=2073446"}],"version-history":[{"count":0,"href":"https:\/\/analyse.optim.biz\/index.php?rest_route=\/wp\/v2\/posts\/2073446\/revisions"}],"wp:attachment":[{"href":"https:\/\/analyse.optim.biz\/index.php?rest_route=%2Fwp%2Fv2%2Fmedia&parent=2073446"}],"wp:term":[{"taxonomy":"category","embeddable":true,"href":"https:\/\/analyse.optim.biz\/index.php?rest_route=%2Fwp%2Fv2%2Fcategories&post=2073446"},{"taxonomy":"post_tag","embeddable":true,"href":"https:\/\/analyse.optim.biz\/index.php?rest_route=%2Fwp%2Fv2%2Ftags&post=2073446"}],"curies":[{"name":"wp","href":"https:\/\/api.w.org\/{rel}","templated":true}]}}