{"id":2073445,"date":"2026-08-01T05:38:09","date_gmt":"2026-08-01T02:38:09","guid":{"rendered":"https:\/\/analyse.optim.biz\/?p=2073445"},"modified":"2026-08-01T05:38:09","modified_gmt":"2026-08-01T02:38:09","slug":"sionistii-de-la-fitch-pasuiesc-slugile-lor-din-romania-ratingul-bbb-mentinut-dar-cu-avertisment","status":"publish","type":"post","link":"https:\/\/analyse.optim.biz\/?p=2073445","title":{"rendered":"Sioni\u0219tii de la Fitch p\u0103suiesc slugile lor din Rom\u00e2nia: Ratingul BBB- men\u021binut, dar cu avertisment"},"content":{"rendered":"<p>[analyse_image type=&#8221;featured&#8221; src=&#8221;https:\/\/ortodoxinfo.ro\/wp-content\/uploads\/2026\/08\/fitch-nazare-bolojan-jpg-1280&#215;720.jpeghttps:\/\/ortodoxinfo.ro\/wp-content\/uploads\/2026\/08\/fitch-nazare-bolojan-jpg-1280&#215;720.jpeg&#8221;]<\/p>\n<article id=\"post-253910\" class=\"post-253910 post type-post status-publish format-standard has-post-thumbnail category-asasinii-tarii\">\n<header class=\"single-header\">\n<aside class=\"breadcrumb-wrap breadcrumb-yoast s-breadcrumb\">\n<div class=\"breadcrumb-inner\"><span><span><a href=\"https:\/\/ortodoxinfo.ro\/\">Prima pagin\u0103<\/a><\/span> \u00bb <span><a href=\"https:\/\/ortodoxinfo.ro\/blog\/\">Blog<\/a><\/span> \u00bb <span class=\"breadcrumb_last\" aria-current=\"page\">Sioni\u0219tii de la Fitch p\u0103suiesc slugile lor din Rom\u00e2nia: Ratingul BBB- men\u021binut, dar cu avertisment<\/span><\/span><\/div>\n<\/aside>\n<h1 class=\"s-title fw-headline\">Sioni\u0219tii de la Fitch p\u0103suiesc slugile lor din Rom\u00e2nia: Ratingul BBB- men\u021binut, dar cu avertisment<\/h1>\n<div class=\"single-meta meta-s-default yes-0\">\n<div class=\"smeta-in\"><a class=\"meta-el meta-avatar\" href=\"https:\/\/ortodoxinfo.ro\/author\/redactor\/\"><img loading=\"lazy\" decoding=\"async\" alt=\"OrtodoxINFO\" src=\"https:\/\/secure.gravatar.com\/avatar\/21010332354a182ce4de6016685c5586f21c51866d0ec5bc8ef383240b3c3e02?s=120&amp;r=g\" class=\"avatar avatar-120 photo\" height=\"120\" width=\"120\"><\/a><\/p>\n<div class=\"smeta-sec\">\n<div class=\"p-meta\">\n<div class=\"meta-inner is-meta\"><span class=\"meta-el meta-date\"><time datetime=\"2026-08-01T08:38:09+03:00\">1 august 2026<\/time><\/span><span class=\"meta-el meta-category meta-bold\"><a class=\"meta-separate category-19885\" href=\"https:\/\/ortodoxinfo.ro\/category\/anti-sistem\/anti-romanism\/asasinii-tarii\/\">Asasinii \u021b\u0103rii<\/a><\/span><span class=\"meta-el meta-view\">9k vizualiz\u0103ri\t\t<\/span><span class=\"meta-el meta-comment mobile-last-meta tablet-last-meta\"><a href=\"https:\/\/ortodoxinfo.ro\/2026\/08\/01\/sionistii-de-la-fitch-pasuiesc-slugile-lor-din-romania-ratingul-bbb-mentinut-dar-cu-avertisment\/#comments\">2 comentarii<\/a><\/span><\/div>\n<\/div>\n<\/div>\n<\/div>\n<div class=\"smeta-extra\">\n<div class=\"t-shared-sec tooltips-n has-read-meta is-color\">\n<div class=\"t-shared-header is-meta\"><span class=\"share-label\">Share<\/span><\/div>\n<\/div>\n<div class=\"single-right-meta single-time-read is-meta\"><span class=\"meta-el meta-read\">5 Min Read<\/span><\/div>\n<\/div>\n<\/div>\n<\/header>\n<div class=\"grid-container\">\n<div class=\"s-ct\">\n<div class=\"s-feat-outer\">\n<div class=\"s-feat\">\n<div class=\"featured-lightbox-trigger\" data-source=\"https:\/\/ortodoxinfo.ro\/wp-content\/uploads\/2026\/08\/fitch-nazare-bolojan-jpg-1280x720.jpeg\" data-caption data-attribution><img fetchpriority=\"high\" decoding=\"async\" width=\"860\" height=\"484\" src=\"https:\/\/ortodoxinfo.ro\/wp-content\/uploads\/2026\/08\/fitch-nazare-bolojan-jpg-1280x720-860x484.jpeg\" class=\"attachment-foxiz_crop_o1 size-foxiz_crop_o1 wp-post-image\" alt loading=\"eager\"><\/div>\n<\/div>\n<\/div>\n<div class=\"s-ct-wrap has-lsl\">\n<div class=\"s-ct-inner\">\n<div class=\"l-shared-sec-outer show-mobile\">\n<div class=\"l-shared-sec\">\n<div class=\"l-shared-header meta-text\"><span class=\"share-label\">SHARE<\/span><\/div>\n<\/div>\n<\/div>\n<div class=\"e-ct-outer\">\n<div class=\"entry-top\">\n<div id=\"custom_html-3\" class=\"widget_text widget entry-widget clearfix widget_custom_html\">\n<div class=\"textwidget custom-html-widget\">\n<div><small><br \/>\n    OrtodoxINFO este supus unui sabotaj sistematic din partea reprezentan\u021bilor Google Rom\u00e2nia, at\u00e2t la afi\u0219\u0103ri c\u00e2t \u0219i \u00een rezultatele de c\u0103utare.<br \/>\n        Astfel c\u0103 veniturile din publicitate au sc\u0103zut de p\u00e2n\u0103 la <strong>10 ori<\/strong>. Situa\u021bia este similar\u0103 \u0219i pe Facebook.<\/p>\n<p>        V\u0103 invit\u0103m s\u0103 accesa\u021bi direct site-ul \u0219i s\u0103 v\u0103 abona\u021bi la notific\u0103ri.<\/p>\n<p>    Dac\u0103 dori\u021bi s\u0103 ne sus\u021bine\u021bi \u00een aceast\u0103 perioad\u0103 dificil\u0103, orice <a href=\"https:\/\/ortodoxinfo.ro\/donatii\/\">dona\u021bie<\/a> este binevenit\u0103.<br \/>\n    Dumnezeu s\u0103 v\u0103 r\u0103spl\u0103teasc\u0103!<br \/>\n<\/small><\/div>\n<\/div>\n<\/div>\n<\/div>\n<div class=\"entry-content rbct clearfix is-highlight-shares\">\n<p>Agen\u021biile de rating, \u00een frunte cu Fitch, au decis din nou s\u0103 \u021bin\u0103 Rom\u00e2nia artificial pe ultima treapt\u0103 a zonei \u201einvestment grade\u201d \u2013 BBB- cu perspectiv\u0103 negativ\u0103. Nu pentru c\u0103 economia ar fi s\u0103n\u0103toas\u0103, nu pentru c\u0103 deficitul ar fi sub control pe termen lung \u0219i nu pentru c\u0103 datoria public\u0103 ar fi stabilizat\u0103. Ci pentru c\u0103 le e fric\u0103 de suverani\u0219ti.<\/p>\n<p>Rom\u00e2nia e, de fapt, \u00een janc. Deficitul real, datoria care cre\u0219te necontrolat, dob\u00e2nzile de janc la care se \u00eemprumut\u0103 deja statul, consumul care se pr\u0103bu\u0219e\u0219te, reforma fiscal\u0103 pe spinarea popula\u021biei \u0219i instabilitatea politic\u0103 permanent\u0103 sunt realitatea. Dac\u0103 la putere ar fi fost un guvern suveranist, care s\u0103 pun\u0103 interesul na\u021bional \u00eenaintea dictatului de la Bruxelles \u0219i a intereselor fondurilor str\u0103ine, Fitch ar fi t\u0103iat f\u0103r\u0103 mil\u0103 ratingul \u0219i ar fi aruncat \u021bara oficial \u00een categoria junk. A\u0219a, \u00eens\u0103, agen\u021biile acoper\u0103 regimul actual, a\u0219a-zis pro-european, ca s\u0103 nu se pr\u0103bu\u0219easc\u0103 sistemul care le convine.<\/p>\n<p>Decizia de a men\u021bine BBB- nu este o victorie a Rom\u00e2niei. Este o am\u00e2nare calculat\u0103. Fitch \u0219tie perfect c\u0103 Rom\u00e2nia st\u0103 cu spatele la zid. O singur\u0103 treapt\u0103 \u00een jos \u0219i \u021bara devine \u201efallen angel\u201d. Au preferat s\u0103 nu apese pe tr\u0103gaci acum, pentru c\u0103 o retrogradare oficial\u0103 ar fi accelerat c\u0103derea guvern\u0103rii actuale \u0219i ar fi deschis calea for\u021belor suveraniste. R\u0103gazul nu este pentru poporul rom\u00e2n, ci pentru a men\u021bine la putere structurile care accept\u0103 f\u0103r\u0103 cr\u00e2cnire condi\u021biile UE, PNRR-ul \u0219i austeritatea pe termen lung.<\/p>\n<p>Cifrele din primul semestru, cu deficitul cobor\u00e2t temporar la 2% din PIB, sunt prezentate ca un succes al Ministerului Finan\u021belor. \u00cen realitate, este vorba de major\u0103ri de taxe, \u00eenghe\u021barea salariilor \u0219i a pensiilor, reducerea consumului \u0219i sacrificarea nivelului de via\u021b\u0103 al rom\u00e2nilor. Consumul privat \u2013 coloana vertebral\u0103 a economiei \u2013 a sc\u0103zut. Pe termen lung, datoria continu\u0103 s\u0103 urce spre 63% din PIB, iar \u021binta de deficit de 6,2% pentru 2026 r\u0103m\u00e2ne o iluzie. Fitch recunoa\u0219te c\u0103 Rom\u00e2nia a reu\u0219it doar o ajustare temporar\u0103, nu o stabilizare real\u0103. Dar prefer\u0103 s\u0103 nu trag\u0103 concluzia logic\u0103, pentru c\u0103 o concluzie logic\u0103 ar \u00eensemna s\u0103 declare oficial c\u0103 modelul actual a e\u0219uat.<\/p>\n<p>Criza politic\u0103 este prezentat\u0103 ca principalul risc. Guvernul Bolojan a c\u0103zut, \u00eencercarea cu Ve\u0219tea a e\u0219uat, iar \u021bara este administrat\u0103 interimar. Adev\u0103rul este c\u0103 aceast\u0103 criz\u0103 este simptomul unui sistem care nu mai reprezint\u0103 interesul na\u021bional. Fitch se teme nu de haosul politic \u00een sine, ci de posibilitatea ca din acest haos s\u0103 ias\u0103 o majoritate suveranist\u0103 care s\u0103 refuze austeritatea impus\u0103, s\u0103 renegocieze condi\u021biile PNRR \u0219i s\u0103 pun\u0103 suveranitatea fiscal\u0103 \u0219i economic\u0103 \u00eenaintea \u201ejaloanelor\u201d europene. De aceea agen\u021bia avertizeaz\u0103, dar nu love\u0219te decisiv: vrea s\u0103 men\u021bin\u0103 presiunea asupra actualei clase politice, f\u0103r\u0103 a-i da lovitura de gra\u021bie care ar deschide u\u0219a alternan\u021bei reale.<\/p>\n<p>Fondurile europene sunt invocate din nou ca plas\u0103 de siguran\u021b\u0103. Ele nu sunt \u00eens\u0103 un argument de for\u021b\u0103, ci de dependen\u021b\u0103. Rom\u00e2nia este \u021binut\u0103 pe linia de plutire cu bani condi\u021biona\u021bi, care vin la pachet cu reforme care sl\u0103besc controlul na\u021bional asupra economiei. Fitch subliniaz\u0103 c\u0103 aceste fonduri limiteaz\u0103 riscul de finan\u021bare extern\u0103, dar omite s\u0103 spun\u0103 c\u0103 aceea\u0219i dependen\u021b\u0103 face ca orice guvern care ar pune interesele rom\u00e2nilor pe primul loc s\u0103 fie pedepsit imediat prin t\u0103ierea robinetului. Exact de aceea ratingul este men\u021binut: pentru a proteja sistemul de dependen\u021b\u0103, nu pe Rom\u00e2nia.<\/p>\n<p>Men\u021binerea ratingului nu va ieftini substan\u021bial dob\u00e2nzile. Rom\u00e2nia se \u00eemprumut\u0103 \u00een continuare la costuri de janc, are nevoie de sute de miliarde de lei \u00een 2026 \u0219i r\u0103m\u00e2ne expus\u0103. Investitorii vor continua s\u0103 cear\u0103 prim\u0103 de risc ridicat\u0103. Singurul lucru pe care l-a f\u0103cut Fitch este s\u0103 am\u00e2ne verdictul oficial, ca s\u0103 nu for\u021beze o schimbare de putere.<\/p>\n<p>\u00cen concluzie, Fitch nu a salvat Rom\u00e2nia. A salvat, \u00eenc\u0103 o dat\u0103, regimul care accept\u0103 s\u0103 conduc\u0103 \u021bara dup\u0103 regulile altora. Dac\u0103 ar fi fost la putere for\u021be suveraniste, care s\u0103 spun\u0103 lucrurilor pe nume \u0219i s\u0103 refuze s\u0103 sacrifice poporul pe altarul deficitelor \u0219i al reformelor impuse, ratingul ar fi fost deja junk. A\u0219a, \u00eens\u0103, se prefer\u0103 men\u021binerea aparen\u021bei de stabilitate, pentru ca Rom\u00e2nia s\u0103 r\u0103m\u00e2n\u0103 captiv\u0103 \u00een acela\u0219i model care a adus-o aici. R\u0103gazul nu este nelimitat \u2013 \u0219i nici r\u0103bdarea rom\u00e2nilor.<\/p>\n<\/div>\n<\/div>\n<\/div>\n<div class=\"e-shared-sec entry-sec\">\n<div class=\"e-shared-header h4\"><span>Distribuie<\/span><\/div>\n<div class=\"rbbsl tooltips-n effect-fadeout is-bg\"><a class=\"share-action share-trigger icon-facebook\" aria-label=\"Share on Facebook\" href=\"https:\/\/www.facebook.com\/sharer.php?u=https%3A%2F%2Fortodoxinfo.ro%2F2026%2F08%2F01%2Fsionistii-de-la-fitch-pasuiesc-slugile-lor-din-romania-ratingul-bbb-mentinut-dar-cu-avertisment%2F\" data-title=\"Facebook\" rel=\"nofollow\"><span>Facebook<\/span><\/a><a class=\"share-action share-trigger icon-twitter\" aria-label=\"Share on X\" href=\"https:\/\/twitter.com\/intent\/tweet?text=Sioni%C8%99tii+de+la+Fitch+p%C4%83suiesc+slugile+lor+din+Rom%C3%A2nia%3A+Ratingul+BBB-+men%C8%9Binut%2C+dar+cu+avertisment&amp;url=https%3A%2F%2Fortodoxinfo.ro%2F2026%2F08%2F01%2Fsionistii-de-la-fitch-pasuiesc-slugile-lor-din-romania-ratingul-bbb-mentinut-dar-cu-avertisment%2F&amp;via=ortodoxinforo\" data-title=\"X\" rel=\"nofollow\"><span>X<\/span><\/a><a class=\"share-action icon-whatsapp is-web\" aria-label=\"Share on Whatsapp\" href=\"https:\/\/web.whatsapp.com\/send?text=Sioni%C8%99tii+de+la+Fitch+p%C4%83suiesc+slugile+lor+din+Rom%C3%A2nia%3A+Ratingul+BBB-+men%C8%9Binut%2C+dar+cu+avertisment%20%E2%98%9E%20https%3A%2F%2Fortodoxinfo.ro%2F2026%2F08%2F01%2Fsionistii-de-la-fitch-pasuiesc-slugile-lor-din-romania-ratingul-bbb-mentinut-dar-cu-avertisment%2F\" target=\"_blank\" data-title=\"WhatsApp\" rel=\"nofollow\"><span>Whatsapp<\/span><\/a><a class=\"share-action icon-whatsapp is-mobile\" aria-label=\"Share on Whatsapp\" href=\"\/\/send?text=Sioni%C8%99tii+de+la+Fitch+p%C4%83suiesc+slugile+lor+din+Rom%C3%A2nia%3A+Ratingul+BBB-+men%C8%9Binut%2C+dar+cu+avertisment%20%E2%98%9E%20https%3A%2F%2Fortodoxinfo.ro%2F2026%2F08%2F01%2Fsionistii-de-la-fitch-pasuiesc-slugile-lor-din-romania-ratingul-bbb-mentinut-dar-cu-avertisment%2F\" target=\"_blank\" data-title=\"WhatsApp\" rel=\"nofollow\"><span>Whatsapp<\/span><\/a><a class=\"share-action share-trigger icon-telegram\" aria-label=\"Share on Telegram\" href=\"https:\/\/t.me\/share\/?url=https%3A%2F%2Fortodoxinfo.ro%2F2026%2F08%2F01%2Fsionistii-de-la-fitch-pasuiesc-slugile-lor-din-romania-ratingul-bbb-mentinut-dar-cu-avertisment%2F&amp;text=Sioni%C8%99tii+de+la+Fitch+p%C4%83suiesc+slugile+lor+din+Rom%C3%A2nia%3A+Ratingul+BBB-+men%C8%9Binut%2C+dar+cu+avertisment\" data-title=\"Telegram\" rel=\"nofollow\"><span>Telegram<\/span><\/a><a class=\"share-action icon-copy copy-trigger\" aria-label=\"Copy Link\" href=\"https:\/\/ortodoxinfo.ro\/2026\/08\/01\/sionistii-de-la-fitch-pasuiesc-slugile-lor-din-romania-ratingul-bbb-mentinut-dar-cu-avertisment\/\" data-copied=\"Copied!\" data-link=\"https:\/\/ortodoxinfo.ro\/2026\/08\/01\/sionistii-de-la-fitch-pasuiesc-slugile-lor-din-romania-ratingul-bbb-mentinut-dar-cu-avertisment\/\" rel=\"nofollow\" data-copy=\"Copy Link\"><span>Copy Link<\/span><\/a><a class=\"share-action icon-print\" aria-label=\"Print\" rel=\"nofollow\" data-title=\"Print\"><span>Print<\/span><\/a><\/div>\n<\/div>\n<\/div>\n<div id=\"tabs\" class=\"dntplgn_form_wrapper\"><span><\/p>\n<h2>\u0218tirile sunt sub cenzur\u0103! Sprijini\u021bi OrtodoxINFO!<\/h2>\n<p>Guvernul nu dore\u0219te aflarea adev\u0103rului despre lovitura de stat \u0219i \u00eengenuncherea Rom\u00e2niei. \u00cencerc\u0103m s\u0103 men\u021binem viu acest site \u0219i s\u0103 v\u0103 punem la dispozi\u021bie informa\u021bii care s\u0103 fac\u0103 lumin\u0103 \u00een cea mai mare provocare pe care o tr\u0103im. Jurnalismul independent al portalului OrtodoxINFO func\u021bioneaz\u0103 strict cu ajutorul cititorilor.<br \/>\nNe pute\u021bi sprijini printr-o <b><a href=\"https:\/\/ortodoxinfo.ro\/donatii\/\">dona\u021bie bancar\u0103<\/a> sau prin PayPal, complet\u00e2nd formularul de mai jos.<\/b><\/span><\/p>\n<ul>\n<li><a href=\"https:\/\/ortodoxinfo.ro\/2026\/08\/01\/sionistii-de-la-fitch-pasuiesc-slugile-lor-din-romania-ratingul-bbb-mentinut-dar-cu-avertisment\/#tabs-1\">Dona\u021bie lunar\u0103<\/a><\/li>\n<li><a href=\"https:\/\/ortodoxinfo.ro\/2026\/08\/01\/sionistii-de-la-fitch-pasuiesc-slugile-lor-din-romania-ratingul-bbb-mentinut-dar-cu-avertisment\/#tabs-2\">Doar acum<\/a><\/li>\n<\/ul>\n<div id=\"tabs-1\"><img loading=\"lazy\" decoding=\"async\" alt border=\"0\" src=\"https:\/\/www.paypalobjects.com\/en_US\/i\/scr\/pixel.gif\" width=\"1\" height=\"1\"><\/div>\n<div id=\"tabs-2\">\n<p>\t\t     \u20ac<\/p>\n<p>\t\t    <img loading=\"lazy\" decoding=\"async\" alt border=\"0\" src=\"https:\/\/www.paypalobjects.com\/en_US\/i\/scr\/pixel.gif\" width=\"1\" height=\"1\"><\/div>\n<p>Mul\u021bumim celor care ne-au ajutat p\u00e2n\u0103 acum!\n\t<\/p><\/div>\n<div class=\"comment-box-wrap entry-sec\">\n<div class=\"comment-box-header\"><span class=\"h3\">2 comentarii<\/span><\/div>\n<div class=\"comment-holder\">\n<div id=\"comments\" class=\"comments-area\">\n<div class=\"rb-section\">\n<ul class=\"comment-list entry\">\n<li id=\"comment-250767\" class=\"comment even thread-even depth-1\">\n<article id=\"div-comment-250767\" class=\"comment-body\">\n<footer class=\"comment-meta\">\n<div class=\"comment-author vcard\"><img loading=\"lazy\" decoding=\"async\" alt src=\"https:\/\/secure.gravatar.com\/avatar\/132fd989bad4ee2d55aa9692aa73d0475d12ca598eaa976fcddf813d6586cb5e?s=100&amp;r=g\" class=\"avatar avatar-100 photo\" height=\"100\" width=\"100\"><b class=\"fn\">Magda<\/b><span class=\"says\">spune:<\/span><\/div>\n<div class=\"comment-metadata\"><a href=\"https:\/\/ortodoxinfo.ro\/2026\/08\/01\/sionistii-de-la-fitch-pasuiesc-slugile-lor-din-romania-ratingul-bbb-mentinut-dar-cu-avertisment\/#comment-250767\"><time datetime=\"2026-08-01T11:02:18+03:00\">1 august 2026 la 11:02<\/time><\/a><\/div>\n<\/footer>\n<div class=\"comment-content\">\n<p>Da, foarte bine explicat\u0103 situa\u021bia \u00een articol. \u0102sta e adevarul \u0219i \u0103sta e motivul, pentru care nu au declarat jank oficial. Ca s\u0103 men\u021bin\u0103 la putere structura bolnav\u0103, supus\u0103  Bruxelles- lui, corpora\u021biilor \u0219i FMI, care a devalizat, a \u00eendatorat \u0219i a distrus sistemul bancar rom\u00e2nesc, economia, industria \u0219i statul rom\u00e2n. A r\u0103m\u00e2ne \u00een aceste structuri, a fi condu\u0219i \u00een continuare de aceste for\u021be politice, \u00eenseamn\u0103 sclavie perpetua a rom\u00e2nilor, dezbinare, s\u0103r\u0103cie, exploatare \u0219i ruin\u0103 pentru rom\u00e2ni, bog\u0103\u021bie \u0219i prosperitate pentru politicienii din partidele sistemului \u0219i pentru st\u0103p\u00e2nii<br \/>\nlor : Bruxelles, FMI, corpora\u021bii.  Singura cale pentru a ne elibera este un pre\u0219edinte rom\u00e2n, un parlament rom\u00e2n, un guvern rom\u00e2n.<\/p>\n<\/div>\n<div class=\"reply\"><a rel=\"nofollow\" class=\"comment-reply-link\" href=\"https:\/\/ortodoxinfo.ro\/2026\/08\/01\/sionistii-de-la-fitch-pasuiesc-slugile-lor-din-romania-ratingul-bbb-mentinut-dar-cu-avertisment\/#comment-250767\" data-commentid=\"250767\" data-postid=\"253910\" data-belowelement=\"div-comment-250767\" data-respondelement=\"respond\" data-replyto=\"R\u0103spunde-i lui Magda\" aria-label=\"R\u0103spunde-i lui Magda\">R\u0103spunde<\/a><\/div>\n<\/article>\n<\/li>\n<li id=\"comment-250770\" class=\"comment odd alt thread-odd thread-alt depth-1\">\n<article id=\"div-comment-250770\" class=\"comment-body\">\n<footer class=\"comment-meta\">\n<div class=\"comment-author vcard\"><img loading=\"lazy\" decoding=\"async\" alt src=\"https:\/\/secure.gravatar.com\/avatar\/6ba5cf174b32db7fb082579ae8214a1659bf3b6b0188a69f66f0f133b2ad668a?s=100&amp;r=g\" class=\"avatar avatar-100 photo\" height=\"100\" width=\"100\"><b class=\"fn\">Pin<\/b><span class=\"says\">spune:<\/span><\/div>\n<div class=\"comment-metadata\"><a href=\"https:\/\/ortodoxinfo.ro\/2026\/08\/01\/sionistii-de-la-fitch-pasuiesc-slugile-lor-din-romania-ratingul-bbb-mentinut-dar-cu-avertisment\/#comment-250770\"><time datetime=\"2026-08-01T19:16:31+03:00\">1 august 2026 la 19:16<\/time><\/a><\/div>\n<\/footer>\n<div class=\"comment-content\">\n<p>*Singura cale pentru a ne elibera\u2026* este \u00centoarcerea neamului la Hristos M\u00e2ntuitorul ! Restul, sunt palavre goale.<br \/>\nSuntem sau nu suntem capabili de un gest unic \u00een Istorie ?! Putem ar\u0103ta c\u0103 am r\u0103mas cre\u0219tini adev\u0103ra\u021bi ?! Ne putem apropia la degetul mic de la picior al genera\u021biei lui Corneliu ?! Sau continu\u0103m s\u0103 ignor\u0103m jertfa lor\u2013chiar dac\u0103 mul\u021bi dintre ei au intrat de cur\u00e2nd \u00een Sinaxare ?!<br \/>\nSau e mai tare facebucii, tic\u0103toaca, vcacan\u021bele, micii \u0219i berea, sexul f\u0103r\u0103 frontiere, bani-s\u0103-ias\u0103 ul \u0219i altele; unde suntem campioni ?!<\/p>\n<\/div>\n<div class=\"reply\"><a rel=\"nofollow\" class=\"comment-reply-link\" href=\"https:\/\/ortodoxinfo.ro\/2026\/08\/01\/sionistii-de-la-fitch-pasuiesc-slugile-lor-din-romania-ratingul-bbb-mentinut-dar-cu-avertisment\/#comment-250770\" data-commentid=\"250770\" data-postid=\"253910\" data-belowelement=\"div-comment-250770\" data-respondelement=\"respond\" data-replyto=\"R\u0103spunde-i lui Pin\" aria-label=\"R\u0103spunde-i lui Pin\">R\u0103spunde<\/a><\/div>\n<\/article>\n<\/li>\n<\/ul>\n<\/div>\n<div id=\"respond\" class=\"comment-respond\">\n<h3 id=\"reply-title\" class=\"comment-reply-title\">Las\u0103 un r\u0103spuns <small><a rel=\"nofollow\" id=\"cancel-comment-reply-link\" href=\"https:\/\/ortodoxinfo.ro\/2026\/08\/01\/sionistii-de-la-fitch-pasuiesc-slugile-lor-din-romania-ratingul-bbb-mentinut-dar-cu-avertisment\/#respond\">Anuleaz\u0103 r\u0103spunsul<\/a><\/small><\/h3>\n<p class=\"comment-notes\"><span id=\"email-notes\">Adresa ta de email nu va fi publicat\u0103.<\/span><span class=\"required-field-message\">C\u00e2mpurile obligatorii sunt marcate cu <span class=\"required\">*<\/span><\/span><\/p>\n<\/div>\n<\/div>\n<\/div>\n<\/div>\n<\/div>\n<div class=\"sidebar-wrap single-sidebar\">\n<div class=\"sidebar-inner clearfix\">\n<div id=\"widget-post-2\" class=\"widget rb-section w-sidebar clearfix widget-post\">\n<div class=\"block-h widget-heading heading-layout-1\">\n<div class=\"heading-inner\">\n<h4 class=\"heading-title\"><span>Articole recente<\/span><\/h4>\n<\/div>\n<\/div>\n<div class=\"widget-p-listing\">\n<div class=\"p-wrap p-small p-list-small-2\" data-pid=\"254099\">\n<div class=\"feat-holder\">\n<div class=\"p-featured ratio-v1\"><a class=\"p-flink\" href=\"https:\/\/ortodoxinfo.ro\/2026\/08\/02\/cum-a-ajuns-globalismul-sa-devina-politica-oficiala-a-ue-fara-ca-nimeni-sa-voteze-pentru-ea\/\" title=\"Cum a ajuns \u201eglobalismul\u201d s\u0103 devin\u0103 politica oficial\u0103 a UE f\u0103r\u0103 ca nimeni s\u0103 voteze pentru ea\"><img decoding=\"async\" width=\"150\" height=\"150\" src=\"https:\/\/ortodoxinfo.ro\/wp-content\/uploads\/2026\/08\/cum-a-ajuns-globalismul-sa-devina-politica-oficiala-a-ue-fara-ca-nimeni-sa-voteze-pentru-ea-83963.pn-150x150.png\" class=\"featured-img wp-post-image\" alt loading=\"lazy\"><\/a><\/div>\n<\/div>\n<div class=\"p-content\">\n<h5 class=\"entry-title\"><a class=\"p-url\" href=\"https:\/\/ortodoxinfo.ro\/2026\/08\/02\/cum-a-ajuns-globalismul-sa-devina-politica-oficiala-a-ue-fara-ca-nimeni-sa-voteze-pentru-ea\/\" rel=\"bookmark\">Cum a ajuns \u201eglobalismul\u201d s\u0103 devin\u0103 politica oficial\u0103 a UE f\u0103r\u0103 ca nimeni s\u0103 voteze pentru ea<\/a><\/h5>\n<div class=\"p-meta\">\n<div class=\"meta-inner is-meta\"><span class=\"meta-el meta-date\"><time datetime=\"2026-08-02T00:24:00+03:00\">2 august 2026<\/time><\/span><span class=\"meta-el meta-category meta-bold\"><a class=\"meta-separate category-1538\" href=\"https:\/\/ortodoxinfo.ro\/category\/anti-sistem\/uniunea-europeana\/\">Uniunea european\u0103<\/a><\/span><span class=\"meta-el meta-view\">6.4k vizualiz\u0103ri\t\t<\/span><\/div>\n<\/div>\n<\/div>\n<\/div>\n<div class=\"p-wrap p-small p-list-small-2\" data-pid=\"254120\">\n<div class=\"feat-holder\">\n<div class=\"p-featured ratio-v1\"><a class=\"p-flink\" href=\"https:\/\/ortodoxinfo.ro\/2026\/08\/01\/caz-special-romania-retrogradata-de-fitch-la-junk-apoi-i-am-implorat-si-au-indulcit-verdictul\/\" title=\"Caz special \u2013 Rom\u00e2nia, retrogradat\u0103 de Fitch la \u201djunk\u201d. Apoi, i-am implorat \u0219i au \u00eendulcit verdictul\"><img decoding=\"async\" width=\"150\" height=\"150\" src=\"https:\/\/ortodoxinfo.ro\/wp-content\/uploads\/2026\/08\/ChatGPT-Image-Aug-1-2026-07_28_16-PM-150x150.png\" class=\"featured-img wp-post-image\" alt loading=\"lazy\"><\/a><\/div>\n<\/div>\n<div class=\"p-content\">\n<h5 class=\"entry-title\"><a class=\"p-url\" href=\"https:\/\/ortodoxinfo.ro\/2026\/08\/01\/caz-special-romania-retrogradata-de-fitch-la-junk-apoi-i-am-implorat-si-au-indulcit-verdictul\/\" rel=\"bookmark\">Caz special \u2013 Rom\u00e2nia, retrogradat\u0103 de Fitch la \u201djunk\u201d. Apoi, i-am implorat \u0219i au \u00eendulcit verdictul<\/a><\/h5>\n<div class=\"p-meta\">\n<div class=\"meta-inner is-meta\"><span class=\"meta-el meta-date\"><time datetime=\"2026-08-01T21:08:03+03:00\">1 august 2026<\/time><\/span><span class=\"meta-el meta-category meta-bold\"><a class=\"meta-separate category-19885\" href=\"https:\/\/ortodoxinfo.ro\/category\/anti-sistem\/anti-romanism\/asasinii-tarii\/\">Asasinii \u021b\u0103rii<\/a><\/span><span class=\"meta-el meta-view\">6.3k vizualiz\u0103ri\t\t<\/span><\/div>\n<\/div>\n<\/div>\n<\/div>\n<div class=\"p-wrap p-small p-list-small-2\" data-pid=\"254031\">\n<div class=\"feat-holder\">\n<div class=\"p-featured ratio-v1\"><a class=\"p-flink\" href=\"https:\/\/ortodoxinfo.ro\/2026\/08\/01\/primii-prosti-ai-tarii-iasiul-stinge-lumina-orasul-ramane-fara-iluminat-public-in-timpul-noptii-pentru-a-face-economie-la-curent-electric\/\" title=\"Primii pro\u0219ti ai \u021b\u0103rii: Ia\u0219iul stinge lumina. Ora\u0219ul r\u0103m\u00e2ne f\u0103r\u0103 iluminat public \u00een timpul nop\u021bii pentru a face economie la curent electric\"><img decoding=\"async\" width=\"150\" height=\"150\" src=\"https:\/\/ortodoxinfo.ro\/wp-content\/uploads\/2026\/08\/iasi-scaled-e1785574580288-150x150.jpg\" class=\"featured-img wp-post-image\" alt loading=\"lazy\"><\/a><\/div>\n<\/div>\n<div class=\"p-content\">\n<h5 class=\"entry-title\"><a class=\"p-url\" href=\"https:\/\/ortodoxinfo.ro\/2026\/08\/01\/primii-prosti-ai-tarii-iasiul-stinge-lumina-orasul-ramane-fara-iluminat-public-in-timpul-noptii-pentru-a-face-economie-la-curent-electric\/\" rel=\"bookmark\">Primii pro\u0219ti ai \u021b\u0103rii: Ia\u0219iul stinge lumina. Ora\u0219ul r\u0103m\u00e2ne f\u0103r\u0103 iluminat public \u00een timpul nop\u021bii pentru a face economie la curent electric<\/a><\/h5>\n<div class=\"p-meta\">\n<div class=\"meta-inner is-meta\"><span class=\"meta-el meta-date\"><time datetime=\"2026-08-01T12:46:13+03:00\">1 august 2026<\/time><\/span><span class=\"meta-el meta-category meta-bold\"><a class=\"meta-separate category-19885\" href=\"https:\/\/ortodoxinfo.ro\/category\/anti-sistem\/anti-romanism\/asasinii-tarii\/\">Asasinii \u021b\u0103rii<\/a><\/span><span class=\"meta-el meta-view\">15k vizualiz\u0103ri\t\t<\/span><\/div>\n<\/div>\n<\/div>\n<\/div>\n<div class=\"p-wrap p-small p-list-small-2\" data-pid=\"253829\">\n<div class=\"feat-holder\">\n<div class=\"p-featured ratio-v1\"><a class=\"p-flink\" href=\"https:\/\/ortodoxinfo.ro\/2026\/07\/31\/tarile-nordice-se-alatura-italiei-si-cer-suspendarea-spaniei-din-schengen-dupa-invazia-migrantilor-din-ceuta\/\" title=\"\u021a\u0103rile nordice se al\u0103tur\u0103 Italiei \u0219i cer suspendarea Spaniei din Schengen dup\u0103 invazia migran\u021bilor din Ceuta\"><img decoding=\"async\" width=\"150\" height=\"150\" src=\"https:\/\/ortodoxinfo.ro\/wp-content\/uploads\/2026\/07\/tarile-nordice-se-alatura-italiei-si-cer-suspendarea-spaniei-din-schengen-dupa-invazia-migrantilor-d-150x150.jpeg\" class=\"featured-img wp-post-image\" alt loading=\"lazy\"><\/a><\/div>\n<\/div>\n<div class=\"p-content\">\n<h5 class=\"entry-title\"><a class=\"p-url\" href=\"https:\/\/ortodoxinfo.ro\/2026\/07\/31\/tarile-nordice-se-alatura-italiei-si-cer-suspendarea-spaniei-din-schengen-dupa-invazia-migrantilor-din-ceuta\/\" rel=\"bookmark\">\u021a\u0103rile nordice se al\u0103tur\u0103 Italiei \u0219i cer suspendarea Spaniei din Schengen dup\u0103 invazia migran\u021bilor din Ceuta<\/a><\/h5>\n<div class=\"p-meta\">\n<div class=\"meta-inner is-meta\"><span class=\"meta-el meta-date\"><time datetime=\"2026-07-31T17:26:06+03:00\">31 iulie 2026<\/time><\/span><span class=\"meta-el meta-category meta-bold\"><a class=\"meta-separate category-1933\" href=\"https:\/\/ortodoxinfo.ro\/category\/anti-sistem\/globalizare\/refugiati\/\">Refugia\u021bi<\/a><\/span><span class=\"meta-el meta-view\">13.6k vizualiz\u0103ri\t\t<\/span><\/div>\n<\/div>\n<\/div>\n<\/div>\n<\/div>\n<\/div>\n<div id=\"custom_html-2\" class=\"widget_text widget rb-section w-sidebar clearfix widget_custom_html\">\n<div class=\"block-h widget-heading heading-layout-1\">\n<div class=\"heading-inner\">\n<h4 class=\"heading-title\"><span>DONA\u021aII \u00een cont bancar<\/span><\/h4>\n<\/div>\n<\/div>\n<div class=\"textwidget custom-html-widget\">\n<table class=\"donatii\">\n<tbody>\n<tr>\n<th colspan=\"2\"><strong><span>Asicia\u021bia SMI-B<\/span><\/strong><\/th>\n<\/tr>\n<tr>\n<th>Cont LEI<\/th>\n<td>RO67CECEB00030RON2081955<\/td>\n<\/tr>\n<tr>\n<th>Cont EURO<\/th>\n<td>RO33CECEB000C1EUR2081978<\/td>\n<\/tr>\n<tr>\n<th>Cod SWIFT<\/th>\n<td>CECEROBU<\/td>\n<\/tr>\n<tr>\n<th colspan=\"2\"><strong>CEC BANK SA<\/strong><\/th>\n<\/tr>\n<\/tbody>\n<\/table>\n<\/div>\n<\/div>\n<\/div>\n<\/div>\n<\/div>\n<\/article>\n<div class=\"entry-content rbct clearfix is-highlight-shares\">\n<p>Agen\u021biile de rating, \u00een frunte cu Fitch, au decis din nou s\u0103 \u021bin\u0103 Rom\u00e2nia artificial pe ultima treapt\u0103 a zonei \u201einvestment grade\u201d \u2013 BBB- cu perspectiv\u0103 negativ\u0103. Nu pentru c\u0103 economia ar fi s\u0103n\u0103toas\u0103, nu pentru c\u0103 deficitul ar fi sub control pe termen lung \u0219i nu pentru c\u0103 datoria public\u0103 ar fi stabilizat\u0103. Ci pentru c\u0103 le e fric\u0103 de suverani\u0219ti.<\/p>\n<p>Rom\u00e2nia e, de fapt, \u00een janc. Deficitul real, datoria care cre\u0219te necontrolat, dob\u00e2nzile de janc la care se \u00eemprumut\u0103 deja statul, consumul care se pr\u0103bu\u0219e\u0219te, reforma fiscal\u0103 pe spinarea popula\u021biei \u0219i instabilitatea politic\u0103 permanent\u0103 sunt realitatea. Dac\u0103 la putere ar fi fost un guvern suveranist, care s\u0103 pun\u0103 interesul na\u021bional \u00eenaintea dictatului de la Bruxelles \u0219i a intereselor fondurilor str\u0103ine, Fitch ar fi t\u0103iat f\u0103r\u0103 mil\u0103 ratingul \u0219i ar fi aruncat \u021bara oficial \u00een categoria junk. A\u0219a, \u00eens\u0103, agen\u021biile acoper\u0103 regimul actual, a\u0219a-zis pro-european, ca s\u0103 nu se pr\u0103bu\u0219easc\u0103 sistemul care le convine.<\/p>\n<p>Decizia de a men\u021bine BBB- nu este o victorie a Rom\u00e2niei. Este o am\u00e2nare calculat\u0103. Fitch \u0219tie perfect c\u0103 Rom\u00e2nia st\u0103 cu spatele la zid. O singur\u0103 treapt\u0103 \u00een jos \u0219i \u021bara devine \u201efallen angel\u201d. Au preferat s\u0103 nu apese pe tr\u0103gaci acum, pentru c\u0103 o retrogradare oficial\u0103 ar fi accelerat c\u0103derea guvern\u0103rii actuale \u0219i ar fi deschis calea for\u021belor suveraniste. R\u0103gazul nu este pentru poporul rom\u00e2n, ci pentru a men\u021bine la putere structurile care accept\u0103 f\u0103r\u0103 cr\u00e2cnire condi\u021biile UE, PNRR-ul \u0219i austeritatea pe termen lung.<\/p>\n<p>Cifrele din primul semestru, cu deficitul cobor\u00e2t temporar la 2% din PIB, sunt prezentate ca un succes al Ministerului Finan\u021belor. \u00cen realitate, este vorba de major\u0103ri de taxe, \u00eenghe\u021barea salariilor \u0219i a pensiilor, reducerea consumului \u0219i sacrificarea nivelului de via\u021b\u0103 al rom\u00e2nilor. Consumul privat \u2013 coloana vertebral\u0103 a economiei \u2013 a sc\u0103zut. Pe termen lung, datoria continu\u0103 s\u0103 urce spre 63% din PIB, iar \u021binta de deficit de 6,2% pentru 2026 r\u0103m\u00e2ne o iluzie. Fitch recunoa\u0219te c\u0103 Rom\u00e2nia a reu\u0219it doar o ajustare temporar\u0103, nu o stabilizare real\u0103. Dar prefer\u0103 s\u0103 nu trag\u0103 concluzia logic\u0103, pentru c\u0103 o concluzie logic\u0103 ar \u00eensemna s\u0103 declare oficial c\u0103 modelul actual a e\u0219uat.<\/p>\n<p>Criza politic\u0103 este prezentat\u0103 ca principalul risc. Guvernul Bolojan a c\u0103zut, \u00eencercarea cu Ve\u0219tea a e\u0219uat, iar \u021bara este administrat\u0103 interimar. Adev\u0103rul este c\u0103 aceast\u0103 criz\u0103 este simptomul unui sistem care nu mai reprezint\u0103 interesul na\u021bional. Fitch se teme nu de haosul politic \u00een sine, ci de posibilitatea ca din acest haos s\u0103 ias\u0103 o majoritate suveranist\u0103 care s\u0103 refuze austeritatea impus\u0103, s\u0103 renegocieze condi\u021biile PNRR \u0219i s\u0103 pun\u0103 suveranitatea fiscal\u0103 \u0219i economic\u0103 \u00eenaintea \u201ejaloanelor\u201d europene. De aceea agen\u021bia avertizeaz\u0103, dar nu love\u0219te decisiv: vrea s\u0103 men\u021bin\u0103 presiunea asupra actualei clase politice, f\u0103r\u0103 a-i da lovitura de gra\u021bie care ar deschide u\u0219a alternan\u021bei reale.<\/p>\n<p>Fondurile europene sunt invocate din nou ca plas\u0103 de siguran\u021b\u0103. Ele nu sunt \u00eens\u0103 un argument de for\u021b\u0103, ci de dependen\u021b\u0103. Rom\u00e2nia este \u021binut\u0103 pe linia de plutire cu bani condi\u021biona\u021bi, care vin la pachet cu reforme care sl\u0103besc controlul na\u021bional asupra economiei. Fitch subliniaz\u0103 c\u0103 aceste fonduri limiteaz\u0103 riscul de finan\u021bare extern\u0103, dar omite s\u0103 spun\u0103 c\u0103 aceea\u0219i dependen\u021b\u0103 face ca orice guvern care ar pune interesele rom\u00e2nilor pe primul loc s\u0103 fie pedepsit imediat prin t\u0103ierea robinetului. Exact de aceea ratingul este men\u021binut: pentru a proteja sistemul de dependen\u021b\u0103, nu pe Rom\u00e2nia.<\/p>\n<p>Men\u021binerea ratingului nu va ieftini substan\u021bial dob\u00e2nzile. Rom\u00e2nia se \u00eemprumut\u0103 \u00een continuare la costuri de janc, are nevoie de sute de miliarde de lei \u00een 2026 \u0219i r\u0103m\u00e2ne expus\u0103. Investitorii vor continua s\u0103 cear\u0103 prim\u0103 de risc ridicat\u0103. Singurul lucru pe care l-a f\u0103cut Fitch este s\u0103 am\u00e2ne verdictul oficial, ca s\u0103 nu for\u021beze o schimbare de putere.<\/p>\n<p>\u00cen concluzie, Fitch nu a salvat Rom\u00e2nia. A salvat, \u00eenc\u0103 o dat\u0103, regimul care accept\u0103 s\u0103 conduc\u0103 \u021bara dup\u0103 regulile altora. Dac\u0103 ar fi fost la putere for\u021be suveraniste, care s\u0103 spun\u0103 lucrurilor pe nume \u0219i s\u0103 refuze s\u0103 sacrifice poporul pe altarul deficitelor \u0219i al reformelor impuse, ratingul ar fi fost deja junk. A\u0219a, \u00eens\u0103, se prefer\u0103 men\u021binerea aparen\u021bei de stabilitate, pentru ca Rom\u00e2nia s\u0103 r\u0103m\u00e2n\u0103 captiv\u0103 \u00een acela\u0219i model care a adus-o aici. R\u0103gazul nu este nelimitat \u2013 \u0219i nici r\u0103bdarea rom\u00e2nilor.<\/p>\n<\/div>\n<p>[analyse_source url=&#8221;https:\/\/ortodoxinfo.ro\/2026\/08\/01\/sionistii-de-la-fitch-pasuiesc-slugile-lor-din-romania-ratingul-bbb-mentinut-dar-cu-avertisment\/&#8221;]<\/p>\n","protected":false},"excerpt":{"rendered":"<p>[analyse_image type=&#8221;featured&#8221; src=&#8221;https:\/\/ortodoxinfo.ro\/wp-content\/uploads\/2026\/08\/fitch-nazare-bolojan-jpg-1280&#215;720.jpeghttps:\/\/ortodoxinfo.ro\/wp-content\/uploads\/2026\/08\/fitch-nazare-bolojan-jpg-1280&#215;720.jpeg&#8221;] Prima pagin\u0103 \u00bb Blog \u00bb Sioni\u0219tii de la Fitch p\u0103suiesc slugile lor din Rom\u00e2nia: Ratingul BBB- men\u021binut, dar cu avertisment Sioni\u0219tii de la Fitch p\u0103suiesc slugile lor din Rom\u00e2nia: Ratingul BBB- men\u021binut, dar cu avertisment 1 august 2026Asasinii \u021b\u0103rii9k vizualiz\u0103ri 2 comentarii Share 5 Min Read SHARE OrtodoxINFO este supus unui sabotaj [&hellip;]<\/p>\n","protected":false},"author":1,"featured_media":0,"comment_status":"open","ping_status":"","sticky":false,"template":"","format":"standard","meta":{"footnotes":""},"categories":[89],"tags":[226,94],"class_list":["post-2073445","post","type-post","status-publish","format-standard","hentry","category-romania","tag-crawlmanager","tag-ortodoxinfo-ro"],"_links":{"self":[{"href":"https:\/\/analyse.optim.biz\/index.php?rest_route=\/wp\/v2\/posts\/2073445","targetHints":{"allow":["GET"]}}],"collection":[{"href":"https:\/\/analyse.optim.biz\/index.php?rest_route=\/wp\/v2\/posts"}],"about":[{"href":"https:\/\/analyse.optim.biz\/index.php?rest_route=\/wp\/v2\/types\/post"}],"author":[{"embeddable":true,"href":"https:\/\/analyse.optim.biz\/index.php?rest_route=\/wp\/v2\/users\/1"}],"replies":[{"embeddable":true,"href":"https:\/\/analyse.optim.biz\/index.php?rest_route=%2Fwp%2Fv2%2Fcomments&post=2073445"}],"version-history":[{"count":0,"href":"https:\/\/analyse.optim.biz\/index.php?rest_route=\/wp\/v2\/posts\/2073445\/revisions"}],"wp:attachment":[{"href":"https:\/\/analyse.optim.biz\/index.php?rest_route=%2Fwp%2Fv2%2Fmedia&parent=2073445"}],"wp:term":[{"taxonomy":"category","embeddable":true,"href":"https:\/\/analyse.optim.biz\/index.php?rest_route=%2Fwp%2Fv2%2Fcategories&post=2073445"},{"taxonomy":"post_tag","embeddable":true,"href":"https:\/\/analyse.optim.biz\/index.php?rest_route=%2Fwp%2Fv2%2Ftags&post=2073445"}],"curies":[{"name":"wp","href":"https:\/\/api.w.org\/{rel}","templated":true}]}}