{"id":207336,"date":"2014-04-21T13:07:48","date_gmt":"2014-04-21T10:07:48","guid":{"rendered":"https:\/\/analyse.optim.biz\/?p=207336"},"modified":"2014-04-21T13:07:48","modified_gmt":"2014-04-21T10:07:48","slug":"premierul-victor-ponta-a-primit-rapoarte-privind-inundatiile-in-dinamica-si-in-timp-real","status":"publish","type":"post","link":"https:\/\/analyse.optim.biz\/?p=207336","title":{"rendered":"Premierul Victor Ponta a primit rapoarte privind inunda\u0163iile \u201e\u00een dinamic\u0103 \u015fi \u00een timp real\u201d"},"content":{"rendered":"<div class=\"entry data-app-meta data-app-meta-article\" data-embed-base-url-canonical=\"https:\/\/www.digi24.ro\/embed\/stiri\/actualitate\/politica\/premierul-victor-ponta-a-primit-rapoarte-privind-inundatiile-in-dinamica-si-in-timp-real-232347\">\n<p data-index=\"1\"><span><strong>Ministrul Afacerilor Interne, Gabriel Oprea, a declarat luni c\u0103 situa\u0163iile de risc \u015fi efectele evenimentelor deosebite create de inunda\u0163iile din ultimele dou\u0103 zile au fost prezentate \u201e\u00een dinamic\u0103 \u015fi \u00een timp real\u201d premierului Victor Ponta. Acesta nu a avut deocamdat\u0103 nici o reac\u0163ie oficial\u0103 referitoare la inunda\u0163iile care afecteaz\u0103 puternic cel pu\u0163in trei jude\u0163e chiar \u00een zilele de Pa\u015fte.<\/strong><\/span><\/p>\n<p data-index=\"2\">\u201e<em>Toate situa\u0163iile de risc \u015fi efecte ale unor evenimente deosebite au fost monitorizate permanent de c\u0103tre centrele opera\u0163ionale ale ministerelor prin intermediul Centrului Opera\u0163ional de Comand\u0103 al Guvernului, <strong>acestea fiind prezentate \u00een dinamic\u0103 \u015fi \u00een timp real domnului Victor Ponta, primul-ministru<\/strong><\/em>\u201d, a declarat ministrul Gabriel Oprea, \u00een conferin\u0163a de pres\u0103 privind inunda\u0163iile din ultimele zile, sus\u0163inut\u0103 la sediul MAI.<\/p>\n<p data-index=\"3\">Primul-ministru Victor Ponta nu a avut nici o reac\u0163ie public\u0103 pe acest subiect, la nivel oficial sau pe re\u0163elele de socializare. Pe <a href=\"https:\/\/www.facebook.com\/victor.ponta\" target=\"_blank\" data-skip-linkfix=\"1\" rel=\"noopener\"><strong>pagina sa de Facebook<\/strong><\/a>, ultima postare se refer\u0103 la <strong><a href=\"https:\/\/www.facebook.com\/victor.ponta\/posts\/735871036452786\" target=\"_blank\" data-skip-linkfix=\"1\" rel=\"noopener\">victoriile ob\u0163inute de Simona Halep \u015fi Sorana C\u00eerstea la Fed Cup<\/a><\/strong>.<\/p>\n<p data-index=\"4\"><img decoding=\"async\" src=\"https:\/\/analyse.optim.biz\/wp-content\/uploads\/2024\/09\/pwrjnwzkzgjiodkzngy1yjq3n2u1zgrinwnhzgfimjzk-thumb_.jpg\" data-skip-htmlfix=\"1\" title=\"pwrjnwzkzgjiodkzngy1yjq3n2u1zgrinwnhzgfimjzk-thumb_\"><\/p>\n<\/div>\n<p> Source URL: https:\/\/www.digi24.ro\/stiri\/actualitate\/politica\/premierul-victor-ponta-a-primit-rapoarte-privind-inundatiile-in-dinamica-si-in-timp-real-232347<\/p>\n","protected":false},"excerpt":{"rendered":"<p>Ministrul Afacerilor Interne, Gabriel Oprea, a declarat luni c\u0103 situa\u0163iile de risc \u015fi efectele evenimentelor deosebite create de inunda\u0163iile din ultimele dou\u0103 zile au fost prezentate \u201e\u00een dinamic\u0103 \u015fi \u00een timp real\u201d premierului Victor Ponta. Acesta nu a avut deocamdat\u0103 nici o reac\u0163ie oficial\u0103 referitoare la inunda\u0163iile care afecteaz\u0103 puternic cel pu\u0163in trei jude\u0163e chiar [&hellip;]<\/p>\n","protected":false},"author":1,"featured_media":207337,"comment_status":"open","ping_status":"","sticky":false,"template":"","format":"standard","meta":{"footnotes":""},"categories":[2],"tags":[11],"class_list":["post-207336","post","type-post","status-publish","format-standard","has-post-thumbnail","hentry","category-politics","tag-digi24"],"_links":{"self":[{"href":"https:\/\/analyse.optim.biz\/index.php?rest_route=\/wp\/v2\/posts\/207336","targetHints":{"allow":["GET"]}}],"collection":[{"href":"https:\/\/analyse.optim.biz\/index.php?rest_route=\/wp\/v2\/posts"}],"about":[{"href":"https:\/\/analyse.optim.biz\/index.php?rest_route=\/wp\/v2\/types\/post"}],"author":[{"embeddable":true,"href":"https:\/\/analyse.optim.biz\/index.php?rest_route=\/wp\/v2\/users\/1"}],"replies":[{"embeddable":true,"href":"https:\/\/analyse.optim.biz\/index.php?rest_route=%2Fwp%2Fv2%2Fcomments&post=207336"}],"version-history":[{"count":0,"href":"https:\/\/analyse.optim.biz\/index.php?rest_route=\/wp\/v2\/posts\/207336\/revisions"}],"wp:featuredmedia":[{"embeddable":true,"href":"https:\/\/analyse.optim.biz\/index.php?rest_route=\/wp\/v2\/media\/207337"}],"wp:attachment":[{"href":"https:\/\/analyse.optim.biz\/index.php?rest_route=%2Fwp%2Fv2%2Fmedia&parent=207336"}],"wp:term":[{"taxonomy":"category","embeddable":true,"href":"https:\/\/analyse.optim.biz\/index.php?rest_route=%2Fwp%2Fv2%2Fcategories&post=207336"},{"taxonomy":"post_tag","embeddable":true,"href":"https:\/\/analyse.optim.biz\/index.php?rest_route=%2Fwp%2Fv2%2Ftags&post=207336"}],"curies":[{"name":"wp","href":"https:\/\/api.w.org\/{rel}","templated":true}]}}